	{"id":56080,"date":"2018-09-21T10:59:02","date_gmt":"2018-09-21T08:59:02","guid":{"rendered":"http:\/\/pre.italcamara-es.com\/senza-categoria\/la-ccis-organizza-aree-italia-in-5-fiere-del-settore-agroalimentare\/"},"modified":"2018-09-21T10:59:02","modified_gmt":"2018-09-21T08:59:02","slug":"la-ccis-organizza-aree-italia-in-5-fiere-del-settore-agroalimentare","status":"publish","type":"post","link":"https:\/\/italcamara-es.com\/it\/notizie\/la-ccis-organizza-aree-italia-in-5-fiere-del-settore-agroalimentare\/","title":{"rendered":"La CCIS organizza Aree Italia in 5 fiere del settore agroalimentare"},"content":{"rendered":"<p>Le imprese italiane del settore agroalimentare interessate al mercato spagnolo potranno beneficiare di una <strong>grande opportunit\u00e0 nel 2019<\/strong>. Infatti, la Camera di Commercio e Industria Italiana per la Spagna (<strong>CCIS<\/strong>) organizza spazi espositivi dedicati alle eccellenze italiane in <strong>cinque fiere spagnole<\/strong> di questo settore, offrendo alle imprese del Belpaese la possibilit\u00e0 di partecipare con stand personalizzati in zone preferenziali dei complessi fieristici. Le cinque fiere sono:<\/p>\n<p><span style=\"color: #003366;\"><strong>&#8211;\u00a0<a style=\"color: #003366;\" href=\"https:\/\/www.italcamara-es.com\/it\/2017\/08\/29\/hip-hospitality-innovation-planet-2\/\" target=\"_blank\" rel=\"noopener\">HIP \u2013 HOSPITALITY INNOVATION PLANET 2019 (MADRID)<\/a><\/strong><\/span><\/p>\n<p><span style=\"color: #003366;\"><strong>&#8211;\u00a0<a style=\"color: #003366;\" href=\"https:\/\/www.italcamara-es.com\/it\/2017\/08\/29\/forum-gastronomico-a-coruna-2\/\" target=\"_blank\" rel=\"noopener\">FORUM GASTRON\u00d3MICO A CORU\u00d1A 2019 (A CORU\u00d1A)<\/a><\/strong><\/span><\/p>\n<p><span style=\"color: #003366;\"><strong>&#8211;\u00a0<a style=\"color: #003366;\" href=\"https:\/\/www.italcamara-es.com\/it\/2017\/08\/29\/salon-de-gourmets\/\" target=\"_blank\" rel=\"noopener\">SAL\u00d3N DE GOURMETS 2019 (MADRID)<\/a><\/strong><\/span><\/p>\n<p><span style=\"color: #003366;\"><strong>&#8211;\u00a0<a style=\"color: #003366;\" href=\"https:\/\/www.italcamara-es.com\/it\/passioneitalia\/\" target=\"_blank\" rel=\"noopener\">PASSIONE ITALIA 2019 (MADRID)<\/a><\/strong><\/span><\/p>\n<p><span style=\"color: #003366;\"><strong>&#8211;\u00a0<a style=\"color: #003366;\" href=\"https:\/\/www.italcamara-es.com\/it\/2017\/08\/29\/gastronoma\/\" target=\"_blank\" rel=\"noopener\">GASTR\u00d3NOMA 2019 (VALENCIA)<\/a><\/strong><\/span><\/p>\n<p>&nbsp;<\/p>\n<p>Nell\u2019ambito delle manifestazioni, la<strong> CCIS si occupa<\/strong> della gestione integrale della contrattazione degli spazi, della gestione delle iscrizioni, dell\u2019assicurazione e contrattazione di servizi addizionali, del design e della preparazione degli stand, ecc.. Inoltre, offre assistenza nella fase previa, durante e nella fase successiva alla fiera, organizzando anche attivit\u00e0 collaterali di presentazione e promozione dei prodotti delle imprese italiana (showcooking, degustazioni, incontri B2B, conferenze stampa, ecc.).<\/p>\n<p>&nbsp;<\/p>\n<p>Per maggiori informazioni sulle fiere nelle quali la CCIS organizza Aree Italia, inviare un\u2019email a <span style=\"color: #003366;\"><a style=\"color: #003366;\" href=\"mailto:ferias@italcamara-es.com\" target=\"_blank\" rel=\"noopener\">ferias@italcamara-es.com<\/a><\/span>.<\/p>\n<p>&nbsp;<\/p>\n<p><img fetchpriority=\"high\" decoding=\"async\" class=\" size-full wp-image-18173 aligncenter\" src=\"https:\/\/www.italcamara-es.com\/wp-content\/uploads\/2018\/09\/FERIAS-900.jpg\" alt=\"FERIAS-900\" width=\"900\" height=\"486\" \/><\/p>\n","protected":false},"excerpt":{"rendered":"<p>Le imprese italiane del settore agroalimentare interessate al mercato spagnolo potranno beneficiare di una grande opportunit\u00e0 nel 2019. Infatti, la Camera di Commercio e Industria Italiana per la Spagna (CCIS) organizza spazi espositivi dedicati alle eccellenze italiane in cinque fiere spagnole di questo settore, offrendo alle imprese del Belpaese la possibilit\u00e0 di partecipare con stand [&hellip;]<\/p>\n","protected":false},"author":1,"featured_media":54638,"comment_status":"open","ping_status":"open","sticky":false,"template":"","format":"standard","meta":{"inline_featured_image":false,"ocean_post_layout":"","ocean_both_sidebars_style":"","ocean_both_sidebars_content_width":0,"ocean_both_sidebars_sidebars_width":0,"ocean_sidebar":"","ocean_second_sidebar":"","ocean_disable_margins":"enable","ocean_add_body_class":"","ocean_shortcode_before_top_bar":"","ocean_shortcode_after_top_bar":"","ocean_shortcode_before_header":"","ocean_shortcode_after_header":"","ocean_has_shortcode":"","ocean_shortcode_after_title":"","ocean_shortcode_before_footer_widgets":"","ocean_shortcode_after_footer_widgets":"","ocean_shortcode_before_footer_bottom":"","ocean_shortcode_after_footer_bottom":"","ocean_display_top_bar":"default","ocean_display_header":"default","ocean_header_style":"","ocean_center_header_left_menu":"","ocean_custom_header_template":"","ocean_custom_logo":0,"ocean_custom_retina_logo":0,"ocean_custom_logo_max_width":0,"ocean_custom_logo_tablet_max_width":0,"ocean_custom_logo_mobile_max_width":0,"ocean_custom_logo_max_height":0,"ocean_custom_logo_tablet_max_height":0,"ocean_custom_logo_mobile_max_height":0,"ocean_header_custom_menu":"","ocean_menu_typo_font_family":"","ocean_menu_typo_font_subset":"","ocean_menu_typo_font_size":0,"ocean_menu_typo_font_size_tablet":0,"ocean_menu_typo_font_size_mobile":0,"ocean_menu_typo_font_size_unit":"px","ocean_menu_typo_font_weight":"","ocean_menu_typo_font_weight_tablet":"","ocean_menu_typo_font_weight_mobile":"","ocean_menu_typo_transform":"","ocean_menu_typo_transform_tablet":"","ocean_menu_typo_transform_mobile":"","ocean_menu_typo_line_height":0,"ocean_menu_typo_line_height_tablet":0,"ocean_menu_typo_line_height_mobile":0,"ocean_menu_typo_line_height_unit":"","ocean_menu_typo_spacing":0,"ocean_menu_typo_spacing_tablet":0,"ocean_menu_typo_spacing_mobile":0,"ocean_menu_typo_spacing_unit":"","ocean_menu_link_color":"","ocean_menu_link_color_hover":"","ocean_menu_link_color_active":"","ocean_menu_link_background":"","ocean_menu_link_hover_background":"","ocean_menu_link_active_background":"","ocean_menu_social_links_bg":"","ocean_menu_social_hover_links_bg":"","ocean_menu_social_links_color":"","ocean_menu_social_hover_links_color":"","ocean_disable_title":"default","ocean_disable_heading":"default","ocean_post_title":"","ocean_post_subheading":"","ocean_post_title_style":"","ocean_post_title_background_color":"","ocean_post_title_background":0,"ocean_post_title_bg_image_position":"","ocean_post_title_bg_image_attachment":"","ocean_post_title_bg_image_repeat":"","ocean_post_title_bg_image_size":"","ocean_post_title_height":0,"ocean_post_title_bg_overlay":0.5,"ocean_post_title_bg_overlay_color":"","ocean_disable_breadcrumbs":"default","ocean_breadcrumbs_color":"","ocean_breadcrumbs_separator_color":"","ocean_breadcrumbs_links_color":"","ocean_breadcrumbs_links_hover_color":"","ocean_display_footer_widgets":"default","ocean_display_footer_bottom":"default","ocean_custom_footer_template":"","ocean_post_oembed":"","ocean_post_self_hosted_media":"","ocean_post_video_embed":"","ocean_link_format":"","ocean_link_format_target":"self","ocean_quote_format":"","ocean_quote_format_link":"post","ocean_gallery_link_images":"on","ocean_gallery_id":[],"footnotes":""},"categories":[133],"tags":[139],"class_list":["post-56080","post","type-post","status-publish","format-standard","has-post-thumbnail","hentry","category-notizie","tag-notizie-di-la-ccis","entry","has-media"],"yoast_head":"<!-- This site is optimized with the Yoast SEO plugin v27.5 - https:\/\/yoast.com\/product\/yoast-seo-wordpress\/ -->\n<title>La CCIS organizza Aree Italia in 5 fiere del settore agroalimentare - Italcamara<\/title>\n<meta name=\"robots\" content=\"index, follow, max-snippet:-1, max-image-preview:large, max-video-preview:-1\" \/>\n<link rel=\"canonical\" href=\"https:\/\/italcamara-es.com\/it\/notizie\/la-ccis-organizza-aree-italia-in-5-fiere-del-settore-agroalimentare\/\" \/>\n<meta property=\"og:locale\" content=\"it_IT\" \/>\n<meta property=\"og:type\" content=\"article\" \/>\n<meta property=\"og:title\" content=\"La CCIS organizza Aree Italia in 5 fiere del settore agroalimentare - Italcamara\" \/>\n<meta property=\"og:description\" content=\"Le imprese italiane del settore agroalimentare interessate al mercato spagnolo potranno beneficiare di una grande opportunit\u00e0 nel 2019. Infatti, la Camera di Commercio e Industria Italiana per la Spagna (CCIS) organizza spazi espositivi dedicati alle eccellenze italiane in cinque fiere spagnole di questo settore, offrendo alle imprese del Belpaese la possibilit\u00e0 di partecipare con stand [&hellip;]\" \/>\n<meta property=\"og:url\" content=\"https:\/\/italcamara-es.com\/it\/notizie\/la-ccis-organizza-aree-italia-in-5-fiere-del-settore-agroalimentare\/\" \/>\n<meta property=\"og:site_name\" content=\"Italcamara\" \/>\n<meta property=\"article:published_time\" content=\"2018-09-21T08:59:02+00:00\" \/>\n<meta property=\"og:image\" content=\"https:\/\/italcamara-es.com\/wp-content\/uploads\/2025\/03\/Gourmets250-1.jpg\" \/>\n\t<meta property=\"og:image:width\" content=\"250\" \/>\n\t<meta property=\"og:image:height\" content=\"143\" \/>\n\t<meta property=\"og:image:type\" content=\"image\/jpeg\" \/>\n<meta name=\"author\" content=\"administrador\" \/>\n<meta name=\"twitter:card\" content=\"summary_large_image\" \/>\n<meta name=\"twitter:label1\" content=\"Scritto da\" \/>\n\t<meta name=\"twitter:data1\" content=\"administrador\" \/>\n\t<meta name=\"twitter:label2\" content=\"Tempo di lettura stimato\" \/>\n\t<meta name=\"twitter:data2\" content=\"1 minuto\" \/>\n<script type=\"application\/ld+json\" class=\"yoast-schema-graph\">{\"@context\":\"https:\\\/\\\/schema.org\",\"@graph\":[{\"@type\":\"Article\",\"@id\":\"https:\\\/\\\/italcamara-es.com\\\/it\\\/notizie\\\/la-ccis-organizza-aree-italia-in-5-fiere-del-settore-agroalimentare\\\/#article\",\"isPartOf\":{\"@id\":\"https:\\\/\\\/italcamara-es.com\\\/it\\\/notizie\\\/la-ccis-organizza-aree-italia-in-5-fiere-del-settore-agroalimentare\\\/\"},\"author\":{\"name\":\"administrador\",\"@id\":\"https:\\\/\\\/italcamara-es.com\\\/#\\\/schema\\\/person\\\/bb3c56263e405bbd9a15171dcfee93bb\"},\"headline\":\"La CCIS organizza Aree Italia in 5 fiere del settore agroalimentare\",\"datePublished\":\"2018-09-21T08:59:02+00:00\",\"mainEntityOfPage\":{\"@id\":\"https:\\\/\\\/italcamara-es.com\\\/it\\\/notizie\\\/la-ccis-organizza-aree-italia-in-5-fiere-del-settore-agroalimentare\\\/\"},\"wordCount\":195,\"commentCount\":0,\"image\":{\"@id\":\"https:\\\/\\\/italcamara-es.com\\\/it\\\/notizie\\\/la-ccis-organizza-aree-italia-in-5-fiere-del-settore-agroalimentare\\\/#primaryimage\"},\"thumbnailUrl\":\"https:\\\/\\\/italcamara-es.com\\\/wp-content\\\/uploads\\\/2025\\\/03\\\/Gourmets250-1.jpg\",\"keywords\":[\"Notizie di la CCIS\"],\"articleSection\":[\"Notizie\"],\"inLanguage\":\"it-IT\",\"potentialAction\":[{\"@type\":\"CommentAction\",\"name\":\"Comment\",\"target\":[\"https:\\\/\\\/italcamara-es.com\\\/it\\\/notizie\\\/la-ccis-organizza-aree-italia-in-5-fiere-del-settore-agroalimentare\\\/#respond\"]}]},{\"@type\":\"WebPage\",\"@id\":\"https:\\\/\\\/italcamara-es.com\\\/it\\\/notizie\\\/la-ccis-organizza-aree-italia-in-5-fiere-del-settore-agroalimentare\\\/\",\"url\":\"https:\\\/\\\/italcamara-es.com\\\/it\\\/notizie\\\/la-ccis-organizza-aree-italia-in-5-fiere-del-settore-agroalimentare\\\/\",\"name\":\"La CCIS organizza Aree Italia in 5 fiere del settore agroalimentare - Italcamara\",\"isPartOf\":{\"@id\":\"https:\\\/\\\/italcamara-es.com\\\/#website\"},\"primaryImageOfPage\":{\"@id\":\"https:\\\/\\\/italcamara-es.com\\\/it\\\/notizie\\\/la-ccis-organizza-aree-italia-in-5-fiere-del-settore-agroalimentare\\\/#primaryimage\"},\"image\":{\"@id\":\"https:\\\/\\\/italcamara-es.com\\\/it\\\/notizie\\\/la-ccis-organizza-aree-italia-in-5-fiere-del-settore-agroalimentare\\\/#primaryimage\"},\"thumbnailUrl\":\"https:\\\/\\\/italcamara-es.com\\\/wp-content\\\/uploads\\\/2025\\\/03\\\/Gourmets250-1.jpg\",\"datePublished\":\"2018-09-21T08:59:02+00:00\",\"author\":{\"@id\":\"https:\\\/\\\/italcamara-es.com\\\/#\\\/schema\\\/person\\\/bb3c56263e405bbd9a15171dcfee93bb\"},\"breadcrumb\":{\"@id\":\"https:\\\/\\\/italcamara-es.com\\\/it\\\/notizie\\\/la-ccis-organizza-aree-italia-in-5-fiere-del-settore-agroalimentare\\\/#breadcrumb\"},\"inLanguage\":\"it-IT\",\"potentialAction\":[{\"@type\":\"ReadAction\",\"target\":[\"https:\\\/\\\/italcamara-es.com\\\/it\\\/notizie\\\/la-ccis-organizza-aree-italia-in-5-fiere-del-settore-agroalimentare\\\/\"]}]},{\"@type\":\"ImageObject\",\"inLanguage\":\"it-IT\",\"@id\":\"https:\\\/\\\/italcamara-es.com\\\/it\\\/notizie\\\/la-ccis-organizza-aree-italia-in-5-fiere-del-settore-agroalimentare\\\/#primaryimage\",\"url\":\"https:\\\/\\\/italcamara-es.com\\\/wp-content\\\/uploads\\\/2025\\\/03\\\/Gourmets250-1.jpg\",\"contentUrl\":\"https:\\\/\\\/italcamara-es.com\\\/wp-content\\\/uploads\\\/2025\\\/03\\\/Gourmets250-1.jpg\",\"width\":250,\"height\":143},{\"@type\":\"BreadcrumbList\",\"@id\":\"https:\\\/\\\/italcamara-es.com\\\/it\\\/notizie\\\/la-ccis-organizza-aree-italia-in-5-fiere-del-settore-agroalimentare\\\/#breadcrumb\",\"itemListElement\":[{\"@type\":\"ListItem\",\"position\":1,\"name\":\"Inicio\",\"item\":\"https:\\\/\\\/italcamara-es.com\\\/it\\\/homepage-ita\\\/\"},{\"@type\":\"ListItem\",\"position\":2,\"name\":\"La CCIS organizza Aree Italia in 5 fiere del settore agroalimentare\"}]},{\"@type\":\"WebSite\",\"@id\":\"https:\\\/\\\/italcamara-es.com\\\/#website\",\"url\":\"https:\\\/\\\/italcamara-es.com\\\/\",\"name\":\"Italcamara\",\"description\":\"\",\"potentialAction\":[{\"@type\":\"SearchAction\",\"target\":{\"@type\":\"EntryPoint\",\"urlTemplate\":\"https:\\\/\\\/italcamara-es.com\\\/?s={search_term_string}\"},\"query-input\":{\"@type\":\"PropertyValueSpecification\",\"valueRequired\":true,\"valueName\":\"search_term_string\"}}],\"inLanguage\":\"it-IT\"},{\"@type\":\"Person\",\"@id\":\"https:\\\/\\\/italcamara-es.com\\\/#\\\/schema\\\/person\\\/bb3c56263e405bbd9a15171dcfee93bb\",\"name\":\"administrador\",\"image\":{\"@type\":\"ImageObject\",\"inLanguage\":\"it-IT\",\"@id\":\"https:\\\/\\\/secure.gravatar.com\\\/avatar\\\/14b5e63db38320b12031bb28cf9f77e210aa71fb3a8a3602a3c9a05134fa75eb?s=96&d=mm&r=g\",\"url\":\"https:\\\/\\\/secure.gravatar.com\\\/avatar\\\/14b5e63db38320b12031bb28cf9f77e210aa71fb3a8a3602a3c9a05134fa75eb?s=96&d=mm&r=g\",\"contentUrl\":\"https:\\\/\\\/secure.gravatar.com\\\/avatar\\\/14b5e63db38320b12031bb28cf9f77e210aa71fb3a8a3602a3c9a05134fa75eb?s=96&d=mm&r=g\",\"caption\":\"administrador\"},\"sameAs\":[\"http:\\\/\\\/pre.italcamara-es.com\"],\"url\":\"https:\\\/\\\/italcamara-es.com\\\/it\\\/author\\\/administrador\\\/\"}]}<\/script>\n<!-- \/ Yoast SEO plugin. -->","yoast_head_json":{"title":"La CCIS organizza Aree Italia in 5 fiere del settore agroalimentare - Italcamara","robots":{"index":"index","follow":"follow","max-snippet":"max-snippet:-1","max-image-preview":"max-image-preview:large","max-video-preview":"max-video-preview:-1"},"canonical":"https:\/\/italcamara-es.com\/it\/notizie\/la-ccis-organizza-aree-italia-in-5-fiere-del-settore-agroalimentare\/","og_locale":"it_IT","og_type":"article","og_title":"La CCIS organizza Aree Italia in 5 fiere del settore agroalimentare - Italcamara","og_description":"Le imprese italiane del settore agroalimentare interessate al mercato spagnolo potranno beneficiare di una grande opportunit\u00e0 nel 2019. Infatti, la Camera di Commercio e Industria Italiana per la Spagna (CCIS) organizza spazi espositivi dedicati alle eccellenze italiane in cinque fiere spagnole di questo settore, offrendo alle imprese del Belpaese la possibilit\u00e0 di partecipare con stand [&hellip;]","og_url":"https:\/\/italcamara-es.com\/it\/notizie\/la-ccis-organizza-aree-italia-in-5-fiere-del-settore-agroalimentare\/","og_site_name":"Italcamara","article_published_time":"2018-09-21T08:59:02+00:00","og_image":[{"width":250,"height":143,"url":"https:\/\/italcamara-es.com\/wp-content\/uploads\/2025\/03\/Gourmets250-1.jpg","type":"image\/jpeg"}],"author":"administrador","twitter_card":"summary_large_image","twitter_misc":{"Scritto da":"administrador","Tempo di lettura stimato":"1 minuto"},"schema":{"@context":"https:\/\/schema.org","@graph":[{"@type":"Article","@id":"https:\/\/italcamara-es.com\/it\/notizie\/la-ccis-organizza-aree-italia-in-5-fiere-del-settore-agroalimentare\/#article","isPartOf":{"@id":"https:\/\/italcamara-es.com\/it\/notizie\/la-ccis-organizza-aree-italia-in-5-fiere-del-settore-agroalimentare\/"},"author":{"name":"administrador","@id":"https:\/\/italcamara-es.com\/#\/schema\/person\/bb3c56263e405bbd9a15171dcfee93bb"},"headline":"La CCIS organizza Aree Italia in 5 fiere del settore agroalimentare","datePublished":"2018-09-21T08:59:02+00:00","mainEntityOfPage":{"@id":"https:\/\/italcamara-es.com\/it\/notizie\/la-ccis-organizza-aree-italia-in-5-fiere-del-settore-agroalimentare\/"},"wordCount":195,"commentCount":0,"image":{"@id":"https:\/\/italcamara-es.com\/it\/notizie\/la-ccis-organizza-aree-italia-in-5-fiere-del-settore-agroalimentare\/#primaryimage"},"thumbnailUrl":"https:\/\/italcamara-es.com\/wp-content\/uploads\/2025\/03\/Gourmets250-1.jpg","keywords":["Notizie di la CCIS"],"articleSection":["Notizie"],"inLanguage":"it-IT","potentialAction":[{"@type":"CommentAction","name":"Comment","target":["https:\/\/italcamara-es.com\/it\/notizie\/la-ccis-organizza-aree-italia-in-5-fiere-del-settore-agroalimentare\/#respond"]}]},{"@type":"WebPage","@id":"https:\/\/italcamara-es.com\/it\/notizie\/la-ccis-organizza-aree-italia-in-5-fiere-del-settore-agroalimentare\/","url":"https:\/\/italcamara-es.com\/it\/notizie\/la-ccis-organizza-aree-italia-in-5-fiere-del-settore-agroalimentare\/","name":"La CCIS organizza Aree Italia in 5 fiere del settore agroalimentare - Italcamara","isPartOf":{"@id":"https:\/\/italcamara-es.com\/#website"},"primaryImageOfPage":{"@id":"https:\/\/italcamara-es.com\/it\/notizie\/la-ccis-organizza-aree-italia-in-5-fiere-del-settore-agroalimentare\/#primaryimage"},"image":{"@id":"https:\/\/italcamara-es.com\/it\/notizie\/la-ccis-organizza-aree-italia-in-5-fiere-del-settore-agroalimentare\/#primaryimage"},"thumbnailUrl":"https:\/\/italcamara-es.com\/wp-content\/uploads\/2025\/03\/Gourmets250-1.jpg","datePublished":"2018-09-21T08:59:02+00:00","author":{"@id":"https:\/\/italcamara-es.com\/#\/schema\/person\/bb3c56263e405bbd9a15171dcfee93bb"},"breadcrumb":{"@id":"https:\/\/italcamara-es.com\/it\/notizie\/la-ccis-organizza-aree-italia-in-5-fiere-del-settore-agroalimentare\/#breadcrumb"},"inLanguage":"it-IT","potentialAction":[{"@type":"ReadAction","target":["https:\/\/italcamara-es.com\/it\/notizie\/la-ccis-organizza-aree-italia-in-5-fiere-del-settore-agroalimentare\/"]}]},{"@type":"ImageObject","inLanguage":"it-IT","@id":"https:\/\/italcamara-es.com\/it\/notizie\/la-ccis-organizza-aree-italia-in-5-fiere-del-settore-agroalimentare\/#primaryimage","url":"https:\/\/italcamara-es.com\/wp-content\/uploads\/2025\/03\/Gourmets250-1.jpg","contentUrl":"https:\/\/italcamara-es.com\/wp-content\/uploads\/2025\/03\/Gourmets250-1.jpg","width":250,"height":143},{"@type":"BreadcrumbList","@id":"https:\/\/italcamara-es.com\/it\/notizie\/la-ccis-organizza-aree-italia-in-5-fiere-del-settore-agroalimentare\/#breadcrumb","itemListElement":[{"@type":"ListItem","position":1,"name":"Inicio","item":"https:\/\/italcamara-es.com\/it\/homepage-ita\/"},{"@type":"ListItem","position":2,"name":"La CCIS organizza Aree Italia in 5 fiere del settore agroalimentare"}]},{"@type":"WebSite","@id":"https:\/\/italcamara-es.com\/#website","url":"https:\/\/italcamara-es.com\/","name":"Italcamara","description":"","potentialAction":[{"@type":"SearchAction","target":{"@type":"EntryPoint","urlTemplate":"https:\/\/italcamara-es.com\/?s={search_term_string}"},"query-input":{"@type":"PropertyValueSpecification","valueRequired":true,"valueName":"search_term_string"}}],"inLanguage":"it-IT"},{"@type":"Person","@id":"https:\/\/italcamara-es.com\/#\/schema\/person\/bb3c56263e405bbd9a15171dcfee93bb","name":"administrador","image":{"@type":"ImageObject","inLanguage":"it-IT","@id":"https:\/\/secure.gravatar.com\/avatar\/14b5e63db38320b12031bb28cf9f77e210aa71fb3a8a3602a3c9a05134fa75eb?s=96&d=mm&r=g","url":"https:\/\/secure.gravatar.com\/avatar\/14b5e63db38320b12031bb28cf9f77e210aa71fb3a8a3602a3c9a05134fa75eb?s=96&d=mm&r=g","contentUrl":"https:\/\/secure.gravatar.com\/avatar\/14b5e63db38320b12031bb28cf9f77e210aa71fb3a8a3602a3c9a05134fa75eb?s=96&d=mm&r=g","caption":"administrador"},"sameAs":["http:\/\/pre.italcamara-es.com"],"url":"https:\/\/italcamara-es.com\/it\/author\/administrador\/"}]}},"rttpg_featured_image_url":{"full":["https:\/\/italcamara-es.com\/wp-content\/uploads\/2025\/03\/Gourmets250-1.jpg",250,143,false],"landscape":["https:\/\/italcamara-es.com\/wp-content\/uploads\/2025\/03\/Gourmets250-1.jpg",250,143,false],"portraits":["https:\/\/italcamara-es.com\/wp-content\/uploads\/2025\/03\/Gourmets250-1.jpg",250,143,false],"thumbnail":["https:\/\/italcamara-es.com\/wp-content\/uploads\/2025\/03\/Gourmets250-1-150x143.jpg",150,143,true],"medium":["https:\/\/italcamara-es.com\/wp-content\/uploads\/2025\/03\/Gourmets250-1.jpg",250,143,false],"large":["https:\/\/italcamara-es.com\/wp-content\/uploads\/2025\/03\/Gourmets250-1.jpg",250,143,false],"1536x1536":["https:\/\/italcamara-es.com\/wp-content\/uploads\/2025\/03\/Gourmets250-1.jpg",250,143,false],"2048x2048":["https:\/\/italcamara-es.com\/wp-content\/uploads\/2025\/03\/Gourmets250-1.jpg",250,143,false],"ocean-thumb-m":["https:\/\/italcamara-es.com\/wp-content\/uploads\/2025\/03\/Gourmets250-1.jpg",250,143,false],"ocean-thumb-ml":["https:\/\/italcamara-es.com\/wp-content\/uploads\/2025\/03\/Gourmets250-1.jpg",250,143,false],"ocean-thumb-l":["https:\/\/italcamara-es.com\/wp-content\/uploads\/2025\/03\/Gourmets250-1.jpg",250,143,false],"directorist_preview":["https:\/\/italcamara-es.com\/wp-content\/uploads\/2025\/03\/Gourmets250-1.jpg",250,143,false]},"rttpg_author":{"display_name":"administrador","author_link":"https:\/\/italcamara-es.com\/it\/author\/administrador\/"},"rttpg_comment":0,"rttpg_category":"<a href=\"https:\/\/italcamara-es.com\/it\/category\/notizie\/\" rel=\"category tag\">Notizie<\/a>","rttpg_excerpt":"Le imprese italiane del settore agroalimentare interessate al mercato spagnolo potranno beneficiare di una grande opportunit\u00e0 nel 2019. Infatti, la Camera di Commercio e Industria Italiana per la Spagna (CCIS) organizza spazi espositivi dedicati alle eccellenze italiane in cinque fiere spagnole di questo settore, offrendo alle imprese del Belpaese la possibilit\u00e0 di partecipare con stand&hellip;","_links":{"self":[{"href":"https:\/\/italcamara-es.com\/it\/wp-json\/wp\/v2\/posts\/56080","targetHints":{"allow":["GET"]}}],"collection":[{"href":"https:\/\/italcamara-es.com\/it\/wp-json\/wp\/v2\/posts"}],"about":[{"href":"https:\/\/italcamara-es.com\/it\/wp-json\/wp\/v2\/types\/post"}],"author":[{"embeddable":true,"href":"https:\/\/italcamara-es.com\/it\/wp-json\/wp\/v2\/users\/1"}],"replies":[{"embeddable":true,"href":"https:\/\/italcamara-es.com\/it\/wp-json\/wp\/v2\/comments?post=56080"}],"version-history":[{"count":0,"href":"https:\/\/italcamara-es.com\/it\/wp-json\/wp\/v2\/posts\/56080\/revisions"}],"wp:featuredmedia":[{"embeddable":true,"href":"https:\/\/italcamara-es.com\/it\/wp-json\/wp\/v2\/media\/54638"}],"wp:attachment":[{"href":"https:\/\/italcamara-es.com\/it\/wp-json\/wp\/v2\/media?parent=56080"}],"wp:term":[{"taxonomy":"category","embeddable":true,"href":"https:\/\/italcamara-es.com\/it\/wp-json\/wp\/v2\/categories?post=56080"},{"taxonomy":"post_tag","embeddable":true,"href":"https:\/\/italcamara-es.com\/it\/wp-json\/wp\/v2\/tags?post=56080"}],"curies":[{"name":"wp","href":"https:\/\/api.w.org\/{rel}","templated":true}]}}