	{"id":56083,"date":"2018-10-01T13:41:40","date_gmt":"2018-10-01T11:41:40","guid":{"rendered":"http:\/\/pre.italcamara-es.com\/senza-categoria\/al-desayuno-europeo-con-la-innovacion-si-parlera-di-brexit\/"},"modified":"2018-10-01T13:41:40","modified_gmt":"2018-10-01T11:41:40","slug":"al-desayuno-europeo-con-la-innovacion-si-parlera-di-brexit","status":"publish","type":"post","link":"https:\/\/italcamara-es.com\/it\/notizie\/al-desayuno-europeo-con-la-innovacion-si-parlera-di-brexit\/","title":{"rendered":"Al &#8220;Desayuno europeo con la innovaci\u00f3n&#8221; si parler\u00e0 di Brexit"},"content":{"rendered":"<p>Marted\u00ec 9 ottobre, presso la sede della Rappresentanza della Commissione Europea a Madrid (Paseo de la Castellana, 46), si terr\u00e0 il &#8220;Desayuno europeo\u00a0con la innovaci\u00f3n, el crecimiento y la tecnolog\u00eda&#8221;, organizzato dalle Camere di Commercio Europee in Spagna, di cui la CCIS \u00e8 membro fondatore, in collaborazione con la Commissione Europea, il Comune di Madrid, Madrid Network ed Enterprise Network. Si tratta di un appuntamento trimestrale, durante il quale si dibatte sui temi di attualit\u00e0 economica, imprenditoriale e tecnologica, grazie alla presenza di esperti di ogni tematica affrontata.<\/p>\n<p>&nbsp;<\/p>\n<p>Nel Desayuno di ottobre, intitolato \u201c<strong>Y despu\u00e9s del Brexit \u00bfQu\u00e9? \u2013 Efectos de adaptaci\u00f3n del modelo de negocio para las empresas en Espa\u00f1a<\/strong>\u201d, saranno messo sul tavolo il tema del Brexit, parando dei possibili scenari che ci aspettano.<\/p>\n<p>&nbsp;<\/p>\n<p>Il programma del <em>Desayuno<\/em> \u00e8 il seguente:<\/p>\n<p><strong><em>9:00h<\/em><\/strong> \u2013 <em>Ricezione dei presenti<\/em><\/p>\n<p><strong><em>9:30h<\/em><\/strong> \u2013 <em>Apertura<\/em><br \/>\n<em>Commissione Europea<\/em>: Juergen Foecking, direttore aggiunto della Rappresentazione<br \/>\n<em>C\u00e1maras de Comercio Europeas en Espa\u00f1a<\/em>: Carmen Sanz, presidente della Camera Ispano-Norvegese<br \/>\n<em>Madrid Investment Attraction<\/em>: Daniel Vinuesa, vicedirettore di Atracci\u00f3n de Inversi\u00f3n Extranjera del Comune di Madrid<br \/>\n<em>Madrid Network<\/em>: Gema Sanz, responsabile di Sviluppo di Affari<\/p>\n<p><em>I \u2013<\/em> <em>Intervento<\/em><br \/>\n<strong>9:40h<\/strong> \u2013 Impatto del Brexit per le imprese in Spagna. Come prepararsi \u2013 Antonio Hern\u00e1ndez Garc\u00eda. Socio responsabile de Strategia Energetica e Internazionale e Brexir in Spagna, KPMG<\/p>\n<p><em>II \u2013 Tavola rotonda<\/em><\/p>\n<p><strong>10:00h<\/strong> \u2013 La Brexit: dalla teoria alla pratica<\/p>\n<p>&#8211; William Murray \u2013 aggregato commerciale e di Politica Pubblica dell\u2019Ambasciata del Regno Unito<br \/>\n&#8211; Jochen M\u00fcller \u2013 consigliere commerciale e pol\u00edtico della Rappresentanza in Spagna della Commissione Europea<br \/>\n&#8211; Roc\u00edo Frutos \u2013 vicedirettrice generale di Politica Commerciale dell\u2019Unione Europea (Ministero dell\u2019Economia)<br \/>\n&#8211; Rappresentante di KPMG \u2013 Esperto in temi legali e fiscali<\/p>\n<p><em>Moderatore<\/em>: Antonio Hern\u00e1ndez Garc\u00eda \u2013 socio responsabile di Strategia Energetica e Internazionale e Brexit in Spagna, KPMG<\/p>\n<p><strong>10:55h <\/strong>\u2013 Giro di domande<\/p>\n<p><strong>11:00h <\/strong>\u2013 Caff\u00e9 networking.<\/p>\n<p>&nbsp;<\/p>\n<p>L\u2019evento \u00e8 exclusivamente rivolto ai soci di una delle Camere Europee in Spagna. Per confermare la presenza, i soci della CCIS dovranno inviare un\u2019email a <span style=\"color: #003366;\"><a style=\"color: #003366;\" href=\"mailto:begona.pardo@italcamara-es.com\" target=\"_blank\" rel=\"noopener\">begona.pardo@italcamara-es.com<\/a><\/span>, indicando il numero del proprio documento di identit\u00e0, NIE o passaporto.<\/p>\n","protected":false},"excerpt":{"rendered":"<p>Marted\u00ec 9 ottobre, presso la sede della Rappresentanza della Commissione Europea a Madrid (Paseo de la Castellana, 46), si terr\u00e0 il &#8220;Desayuno europeo\u00a0con la innovaci\u00f3n, el crecimiento y la tecnolog\u00eda&#8221;, organizzato dalle Camere di Commercio Europee in Spagna, di cui la CCIS \u00e8 membro fondatore, in collaborazione con la Commissione Europea, il Comune di Madrid, [&hellip;]<\/p>\n","protected":false},"author":1,"featured_media":54644,"comment_status":"open","ping_status":"open","sticky":false,"template":"","format":"standard","meta":{"inline_featured_image":false,"ocean_post_layout":"","ocean_both_sidebars_style":"","ocean_both_sidebars_content_width":0,"ocean_both_sidebars_sidebars_width":0,"ocean_sidebar":"","ocean_second_sidebar":"","ocean_disable_margins":"enable","ocean_add_body_class":"","ocean_shortcode_before_top_bar":"","ocean_shortcode_after_top_bar":"","ocean_shortcode_before_header":"","ocean_shortcode_after_header":"","ocean_has_shortcode":"","ocean_shortcode_after_title":"","ocean_shortcode_before_footer_widgets":"","ocean_shortcode_after_footer_widgets":"","ocean_shortcode_before_footer_bottom":"","ocean_shortcode_after_footer_bottom":"","ocean_display_top_bar":"default","ocean_display_header":"default","ocean_header_style":"","ocean_center_header_left_menu":"","ocean_custom_header_template":"","ocean_custom_logo":0,"ocean_custom_retina_logo":0,"ocean_custom_logo_max_width":0,"ocean_custom_logo_tablet_max_width":0,"ocean_custom_logo_mobile_max_width":0,"ocean_custom_logo_max_height":0,"ocean_custom_logo_tablet_max_height":0,"ocean_custom_logo_mobile_max_height":0,"ocean_header_custom_menu":"","ocean_menu_typo_font_family":"","ocean_menu_typo_font_subset":"","ocean_menu_typo_font_size":0,"ocean_menu_typo_font_size_tablet":0,"ocean_menu_typo_font_size_mobile":0,"ocean_menu_typo_font_size_unit":"px","ocean_menu_typo_font_weight":"","ocean_menu_typo_font_weight_tablet":"","ocean_menu_typo_font_weight_mobile":"","ocean_menu_typo_transform":"","ocean_menu_typo_transform_tablet":"","ocean_menu_typo_transform_mobile":"","ocean_menu_typo_line_height":0,"ocean_menu_typo_line_height_tablet":0,"ocean_menu_typo_line_height_mobile":0,"ocean_menu_typo_line_height_unit":"","ocean_menu_typo_spacing":0,"ocean_menu_typo_spacing_tablet":0,"ocean_menu_typo_spacing_mobile":0,"ocean_menu_typo_spacing_unit":"","ocean_menu_link_color":"","ocean_menu_link_color_hover":"","ocean_menu_link_color_active":"","ocean_menu_link_background":"","ocean_menu_link_hover_background":"","ocean_menu_link_active_background":"","ocean_menu_social_links_bg":"","ocean_menu_social_hover_links_bg":"","ocean_menu_social_links_color":"","ocean_menu_social_hover_links_color":"","ocean_disable_title":"default","ocean_disable_heading":"default","ocean_post_title":"","ocean_post_subheading":"","ocean_post_title_style":"","ocean_post_title_background_color":"","ocean_post_title_background":0,"ocean_post_title_bg_image_position":"","ocean_post_title_bg_image_attachment":"","ocean_post_title_bg_image_repeat":"","ocean_post_title_bg_image_size":"","ocean_post_title_height":0,"ocean_post_title_bg_overlay":0.5,"ocean_post_title_bg_overlay_color":"","ocean_disable_breadcrumbs":"default","ocean_breadcrumbs_color":"","ocean_breadcrumbs_separator_color":"","ocean_breadcrumbs_links_color":"","ocean_breadcrumbs_links_hover_color":"","ocean_display_footer_widgets":"default","ocean_display_footer_bottom":"default","ocean_custom_footer_template":"","ocean_post_oembed":"","ocean_post_self_hosted_media":"","ocean_post_video_embed":"","ocean_link_format":"","ocean_link_format_target":"self","ocean_quote_format":"","ocean_quote_format_link":"post","ocean_gallery_link_images":"on","ocean_gallery_id":[],"footnotes":""},"categories":[133],"tags":[139],"class_list":["post-56083","post","type-post","status-publish","format-standard","has-post-thumbnail","hentry","category-notizie","tag-notizie-di-la-ccis","entry","has-media"],"yoast_head":"<!-- This site is optimized with the Yoast SEO plugin v27.5 - https:\/\/yoast.com\/product\/yoast-seo-wordpress\/ -->\n<title>Al &quot;Desayuno europeo con la innovaci\u00f3n&quot; si parler\u00e0 di Brexit - Italcamara<\/title>\n<meta name=\"robots\" content=\"index, follow, max-snippet:-1, max-image-preview:large, max-video-preview:-1\" \/>\n<link rel=\"canonical\" href=\"https:\/\/italcamara-es.com\/it\/notizie\/al-desayuno-europeo-con-la-innovacion-si-parlera-di-brexit\/\" \/>\n<meta property=\"og:locale\" content=\"it_IT\" \/>\n<meta property=\"og:type\" content=\"article\" \/>\n<meta property=\"og:title\" content=\"Al &quot;Desayuno europeo con la innovaci\u00f3n&quot; si parler\u00e0 di Brexit - Italcamara\" \/>\n<meta property=\"og:description\" content=\"Marted\u00ec 9 ottobre, presso la sede della Rappresentanza della Commissione Europea a Madrid (Paseo de la Castellana, 46), si terr\u00e0 il &#8220;Desayuno europeo\u00a0con la innovaci\u00f3n, el crecimiento y la tecnolog\u00eda&#8221;, organizzato dalle Camere di Commercio Europee in Spagna, di cui la CCIS \u00e8 membro fondatore, in collaborazione con la Commissione Europea, il Comune di Madrid, [&hellip;]\" \/>\n<meta property=\"og:url\" content=\"https:\/\/italcamara-es.com\/it\/notizie\/al-desayuno-europeo-con-la-innovacion-si-parlera-di-brexit\/\" \/>\n<meta property=\"og:site_name\" content=\"Italcamara\" \/>\n<meta property=\"article:published_time\" content=\"2018-10-01T11:41:40+00:00\" \/>\n<meta property=\"og:image\" content=\"https:\/\/italcamara-es.com\/wp-content\/uploads\/2025\/03\/Desayuno250.jpg\" \/>\n\t<meta property=\"og:image:width\" content=\"250\" \/>\n\t<meta property=\"og:image:height\" content=\"141\" \/>\n\t<meta property=\"og:image:type\" content=\"image\/jpeg\" \/>\n<meta name=\"author\" content=\"administrador\" \/>\n<meta name=\"twitter:card\" content=\"summary_large_image\" \/>\n<meta name=\"twitter:label1\" content=\"Scritto da\" \/>\n\t<meta name=\"twitter:data1\" content=\"administrador\" \/>\n\t<meta name=\"twitter:label2\" content=\"Tempo di lettura stimato\" \/>\n\t<meta name=\"twitter:data2\" content=\"2 minuti\" \/>\n<script type=\"application\/ld+json\" class=\"yoast-schema-graph\">{\"@context\":\"https:\\\/\\\/schema.org\",\"@graph\":[{\"@type\":\"Article\",\"@id\":\"https:\\\/\\\/italcamara-es.com\\\/it\\\/notizie\\\/al-desayuno-europeo-con-la-innovacion-si-parlera-di-brexit\\\/#article\",\"isPartOf\":{\"@id\":\"https:\\\/\\\/italcamara-es.com\\\/it\\\/notizie\\\/al-desayuno-europeo-con-la-innovacion-si-parlera-di-brexit\\\/\"},\"author\":{\"name\":\"administrador\",\"@id\":\"https:\\\/\\\/italcamara-es.com\\\/#\\\/schema\\\/person\\\/bb3c56263e405bbd9a15171dcfee93bb\"},\"headline\":\"Al &#8220;Desayuno europeo con la innovaci\u00f3n&#8221; si parler\u00e0 di Brexit\",\"datePublished\":\"2018-10-01T11:41:40+00:00\",\"mainEntityOfPage\":{\"@id\":\"https:\\\/\\\/italcamara-es.com\\\/it\\\/notizie\\\/al-desayuno-europeo-con-la-innovacion-si-parlera-di-brexit\\\/\"},\"wordCount\":363,\"commentCount\":0,\"image\":{\"@id\":\"https:\\\/\\\/italcamara-es.com\\\/it\\\/notizie\\\/al-desayuno-europeo-con-la-innovacion-si-parlera-di-brexit\\\/#primaryimage\"},\"thumbnailUrl\":\"https:\\\/\\\/italcamara-es.com\\\/wp-content\\\/uploads\\\/2025\\\/03\\\/Desayuno250.jpg\",\"keywords\":[\"Notizie di la CCIS\"],\"articleSection\":[\"Notizie\"],\"inLanguage\":\"it-IT\",\"potentialAction\":[{\"@type\":\"CommentAction\",\"name\":\"Comment\",\"target\":[\"https:\\\/\\\/italcamara-es.com\\\/it\\\/notizie\\\/al-desayuno-europeo-con-la-innovacion-si-parlera-di-brexit\\\/#respond\"]}]},{\"@type\":\"WebPage\",\"@id\":\"https:\\\/\\\/italcamara-es.com\\\/it\\\/notizie\\\/al-desayuno-europeo-con-la-innovacion-si-parlera-di-brexit\\\/\",\"url\":\"https:\\\/\\\/italcamara-es.com\\\/it\\\/notizie\\\/al-desayuno-europeo-con-la-innovacion-si-parlera-di-brexit\\\/\",\"name\":\"Al \\\"Desayuno europeo con la innovaci\u00f3n\\\" si parler\u00e0 di Brexit - Italcamara\",\"isPartOf\":{\"@id\":\"https:\\\/\\\/italcamara-es.com\\\/#website\"},\"primaryImageOfPage\":{\"@id\":\"https:\\\/\\\/italcamara-es.com\\\/it\\\/notizie\\\/al-desayuno-europeo-con-la-innovacion-si-parlera-di-brexit\\\/#primaryimage\"},\"image\":{\"@id\":\"https:\\\/\\\/italcamara-es.com\\\/it\\\/notizie\\\/al-desayuno-europeo-con-la-innovacion-si-parlera-di-brexit\\\/#primaryimage\"},\"thumbnailUrl\":\"https:\\\/\\\/italcamara-es.com\\\/wp-content\\\/uploads\\\/2025\\\/03\\\/Desayuno250.jpg\",\"datePublished\":\"2018-10-01T11:41:40+00:00\",\"author\":{\"@id\":\"https:\\\/\\\/italcamara-es.com\\\/#\\\/schema\\\/person\\\/bb3c56263e405bbd9a15171dcfee93bb\"},\"breadcrumb\":{\"@id\":\"https:\\\/\\\/italcamara-es.com\\\/it\\\/notizie\\\/al-desayuno-europeo-con-la-innovacion-si-parlera-di-brexit\\\/#breadcrumb\"},\"inLanguage\":\"it-IT\",\"potentialAction\":[{\"@type\":\"ReadAction\",\"target\":[\"https:\\\/\\\/italcamara-es.com\\\/it\\\/notizie\\\/al-desayuno-europeo-con-la-innovacion-si-parlera-di-brexit\\\/\"]}]},{\"@type\":\"ImageObject\",\"inLanguage\":\"it-IT\",\"@id\":\"https:\\\/\\\/italcamara-es.com\\\/it\\\/notizie\\\/al-desayuno-europeo-con-la-innovacion-si-parlera-di-brexit\\\/#primaryimage\",\"url\":\"https:\\\/\\\/italcamara-es.com\\\/wp-content\\\/uploads\\\/2025\\\/03\\\/Desayuno250.jpg\",\"contentUrl\":\"https:\\\/\\\/italcamara-es.com\\\/wp-content\\\/uploads\\\/2025\\\/03\\\/Desayuno250.jpg\",\"width\":250,\"height\":141},{\"@type\":\"BreadcrumbList\",\"@id\":\"https:\\\/\\\/italcamara-es.com\\\/it\\\/notizie\\\/al-desayuno-europeo-con-la-innovacion-si-parlera-di-brexit\\\/#breadcrumb\",\"itemListElement\":[{\"@type\":\"ListItem\",\"position\":1,\"name\":\"Inicio\",\"item\":\"https:\\\/\\\/italcamara-es.com\\\/\"},{\"@type\":\"ListItem\",\"position\":2,\"name\":\"Al \u00abDesayuno europeo con la innovaci\u00f3n\u00bb si parler\u00e0 di Brexit\"}]},{\"@type\":\"WebSite\",\"@id\":\"https:\\\/\\\/italcamara-es.com\\\/#website\",\"url\":\"https:\\\/\\\/italcamara-es.com\\\/\",\"name\":\"Italcamara\",\"description\":\"\",\"potentialAction\":[{\"@type\":\"SearchAction\",\"target\":{\"@type\":\"EntryPoint\",\"urlTemplate\":\"https:\\\/\\\/italcamara-es.com\\\/?s={search_term_string}\"},\"query-input\":{\"@type\":\"PropertyValueSpecification\",\"valueRequired\":true,\"valueName\":\"search_term_string\"}}],\"inLanguage\":\"it-IT\"},{\"@type\":\"Person\",\"@id\":\"https:\\\/\\\/italcamara-es.com\\\/#\\\/schema\\\/person\\\/bb3c56263e405bbd9a15171dcfee93bb\",\"name\":\"administrador\",\"image\":{\"@type\":\"ImageObject\",\"inLanguage\":\"it-IT\",\"@id\":\"https:\\\/\\\/secure.gravatar.com\\\/avatar\\\/14b5e63db38320b12031bb28cf9f77e210aa71fb3a8a3602a3c9a05134fa75eb?s=96&d=mm&r=g\",\"url\":\"https:\\\/\\\/secure.gravatar.com\\\/avatar\\\/14b5e63db38320b12031bb28cf9f77e210aa71fb3a8a3602a3c9a05134fa75eb?s=96&d=mm&r=g\",\"contentUrl\":\"https:\\\/\\\/secure.gravatar.com\\\/avatar\\\/14b5e63db38320b12031bb28cf9f77e210aa71fb3a8a3602a3c9a05134fa75eb?s=96&d=mm&r=g\",\"caption\":\"administrador\"},\"sameAs\":[\"http:\\\/\\\/pre.italcamara-es.com\"],\"url\":\"https:\\\/\\\/italcamara-es.com\\\/it\\\/author\\\/administrador\\\/\"}]}<\/script>\n<!-- \/ Yoast SEO plugin. -->","yoast_head_json":{"title":"Al \"Desayuno europeo con la innovaci\u00f3n\" si parler\u00e0 di Brexit - Italcamara","robots":{"index":"index","follow":"follow","max-snippet":"max-snippet:-1","max-image-preview":"max-image-preview:large","max-video-preview":"max-video-preview:-1"},"canonical":"https:\/\/italcamara-es.com\/it\/notizie\/al-desayuno-europeo-con-la-innovacion-si-parlera-di-brexit\/","og_locale":"it_IT","og_type":"article","og_title":"Al \"Desayuno europeo con la innovaci\u00f3n\" si parler\u00e0 di Brexit - Italcamara","og_description":"Marted\u00ec 9 ottobre, presso la sede della Rappresentanza della Commissione Europea a Madrid (Paseo de la Castellana, 46), si terr\u00e0 il &#8220;Desayuno europeo\u00a0con la innovaci\u00f3n, el crecimiento y la tecnolog\u00eda&#8221;, organizzato dalle Camere di Commercio Europee in Spagna, di cui la CCIS \u00e8 membro fondatore, in collaborazione con la Commissione Europea, il Comune di Madrid, [&hellip;]","og_url":"https:\/\/italcamara-es.com\/it\/notizie\/al-desayuno-europeo-con-la-innovacion-si-parlera-di-brexit\/","og_site_name":"Italcamara","article_published_time":"2018-10-01T11:41:40+00:00","og_image":[{"width":250,"height":141,"url":"https:\/\/italcamara-es.com\/wp-content\/uploads\/2025\/03\/Desayuno250.jpg","type":"image\/jpeg"}],"author":"administrador","twitter_card":"summary_large_image","twitter_misc":{"Scritto da":"administrador","Tempo di lettura stimato":"2 minuti"},"schema":{"@context":"https:\/\/schema.org","@graph":[{"@type":"Article","@id":"https:\/\/italcamara-es.com\/it\/notizie\/al-desayuno-europeo-con-la-innovacion-si-parlera-di-brexit\/#article","isPartOf":{"@id":"https:\/\/italcamara-es.com\/it\/notizie\/al-desayuno-europeo-con-la-innovacion-si-parlera-di-brexit\/"},"author":{"name":"administrador","@id":"https:\/\/italcamara-es.com\/#\/schema\/person\/bb3c56263e405bbd9a15171dcfee93bb"},"headline":"Al &#8220;Desayuno europeo con la innovaci\u00f3n&#8221; si parler\u00e0 di Brexit","datePublished":"2018-10-01T11:41:40+00:00","mainEntityOfPage":{"@id":"https:\/\/italcamara-es.com\/it\/notizie\/al-desayuno-europeo-con-la-innovacion-si-parlera-di-brexit\/"},"wordCount":363,"commentCount":0,"image":{"@id":"https:\/\/italcamara-es.com\/it\/notizie\/al-desayuno-europeo-con-la-innovacion-si-parlera-di-brexit\/#primaryimage"},"thumbnailUrl":"https:\/\/italcamara-es.com\/wp-content\/uploads\/2025\/03\/Desayuno250.jpg","keywords":["Notizie di la CCIS"],"articleSection":["Notizie"],"inLanguage":"it-IT","potentialAction":[{"@type":"CommentAction","name":"Comment","target":["https:\/\/italcamara-es.com\/it\/notizie\/al-desayuno-europeo-con-la-innovacion-si-parlera-di-brexit\/#respond"]}]},{"@type":"WebPage","@id":"https:\/\/italcamara-es.com\/it\/notizie\/al-desayuno-europeo-con-la-innovacion-si-parlera-di-brexit\/","url":"https:\/\/italcamara-es.com\/it\/notizie\/al-desayuno-europeo-con-la-innovacion-si-parlera-di-brexit\/","name":"Al \"Desayuno europeo con la innovaci\u00f3n\" si parler\u00e0 di Brexit - Italcamara","isPartOf":{"@id":"https:\/\/italcamara-es.com\/#website"},"primaryImageOfPage":{"@id":"https:\/\/italcamara-es.com\/it\/notizie\/al-desayuno-europeo-con-la-innovacion-si-parlera-di-brexit\/#primaryimage"},"image":{"@id":"https:\/\/italcamara-es.com\/it\/notizie\/al-desayuno-europeo-con-la-innovacion-si-parlera-di-brexit\/#primaryimage"},"thumbnailUrl":"https:\/\/italcamara-es.com\/wp-content\/uploads\/2025\/03\/Desayuno250.jpg","datePublished":"2018-10-01T11:41:40+00:00","author":{"@id":"https:\/\/italcamara-es.com\/#\/schema\/person\/bb3c56263e405bbd9a15171dcfee93bb"},"breadcrumb":{"@id":"https:\/\/italcamara-es.com\/it\/notizie\/al-desayuno-europeo-con-la-innovacion-si-parlera-di-brexit\/#breadcrumb"},"inLanguage":"it-IT","potentialAction":[{"@type":"ReadAction","target":["https:\/\/italcamara-es.com\/it\/notizie\/al-desayuno-europeo-con-la-innovacion-si-parlera-di-brexit\/"]}]},{"@type":"ImageObject","inLanguage":"it-IT","@id":"https:\/\/italcamara-es.com\/it\/notizie\/al-desayuno-europeo-con-la-innovacion-si-parlera-di-brexit\/#primaryimage","url":"https:\/\/italcamara-es.com\/wp-content\/uploads\/2025\/03\/Desayuno250.jpg","contentUrl":"https:\/\/italcamara-es.com\/wp-content\/uploads\/2025\/03\/Desayuno250.jpg","width":250,"height":141},{"@type":"BreadcrumbList","@id":"https:\/\/italcamara-es.com\/it\/notizie\/al-desayuno-europeo-con-la-innovacion-si-parlera-di-brexit\/#breadcrumb","itemListElement":[{"@type":"ListItem","position":1,"name":"Inicio","item":"https:\/\/italcamara-es.com\/"},{"@type":"ListItem","position":2,"name":"Al \u00abDesayuno europeo con la innovaci\u00f3n\u00bb si parler\u00e0 di Brexit"}]},{"@type":"WebSite","@id":"https:\/\/italcamara-es.com\/#website","url":"https:\/\/italcamara-es.com\/","name":"Italcamara","description":"","potentialAction":[{"@type":"SearchAction","target":{"@type":"EntryPoint","urlTemplate":"https:\/\/italcamara-es.com\/?s={search_term_string}"},"query-input":{"@type":"PropertyValueSpecification","valueRequired":true,"valueName":"search_term_string"}}],"inLanguage":"it-IT"},{"@type":"Person","@id":"https:\/\/italcamara-es.com\/#\/schema\/person\/bb3c56263e405bbd9a15171dcfee93bb","name":"administrador","image":{"@type":"ImageObject","inLanguage":"it-IT","@id":"https:\/\/secure.gravatar.com\/avatar\/14b5e63db38320b12031bb28cf9f77e210aa71fb3a8a3602a3c9a05134fa75eb?s=96&d=mm&r=g","url":"https:\/\/secure.gravatar.com\/avatar\/14b5e63db38320b12031bb28cf9f77e210aa71fb3a8a3602a3c9a05134fa75eb?s=96&d=mm&r=g","contentUrl":"https:\/\/secure.gravatar.com\/avatar\/14b5e63db38320b12031bb28cf9f77e210aa71fb3a8a3602a3c9a05134fa75eb?s=96&d=mm&r=g","caption":"administrador"},"sameAs":["http:\/\/pre.italcamara-es.com"],"url":"https:\/\/italcamara-es.com\/it\/author\/administrador\/"}]}},"rttpg_featured_image_url":{"full":["https:\/\/italcamara-es.com\/wp-content\/uploads\/2025\/03\/Desayuno250.jpg",250,141,false],"landscape":["https:\/\/italcamara-es.com\/wp-content\/uploads\/2025\/03\/Desayuno250.jpg",250,141,false],"portraits":["https:\/\/italcamara-es.com\/wp-content\/uploads\/2025\/03\/Desayuno250.jpg",250,141,false],"thumbnail":["https:\/\/italcamara-es.com\/wp-content\/uploads\/2025\/03\/Desayuno250-150x141.jpg",150,141,true],"medium":["https:\/\/italcamara-es.com\/wp-content\/uploads\/2025\/03\/Desayuno250.jpg",250,141,false],"large":["https:\/\/italcamara-es.com\/wp-content\/uploads\/2025\/03\/Desayuno250.jpg",250,141,false],"1536x1536":["https:\/\/italcamara-es.com\/wp-content\/uploads\/2025\/03\/Desayuno250.jpg",250,141,false],"2048x2048":["https:\/\/italcamara-es.com\/wp-content\/uploads\/2025\/03\/Desayuno250.jpg",250,141,false],"ocean-thumb-m":["https:\/\/italcamara-es.com\/wp-content\/uploads\/2025\/03\/Desayuno250.jpg",250,141,false],"ocean-thumb-ml":["https:\/\/italcamara-es.com\/wp-content\/uploads\/2025\/03\/Desayuno250.jpg",250,141,false],"ocean-thumb-l":["https:\/\/italcamara-es.com\/wp-content\/uploads\/2025\/03\/Desayuno250.jpg",250,141,false],"directorist_preview":["https:\/\/italcamara-es.com\/wp-content\/uploads\/2025\/03\/Desayuno250.jpg",250,141,false]},"rttpg_author":{"display_name":"administrador","author_link":"https:\/\/italcamara-es.com\/it\/author\/administrador\/"},"rttpg_comment":0,"rttpg_category":"<a href=\"https:\/\/italcamara-es.com\/it\/category\/notizie\/\" rel=\"category tag\">Notizie<\/a>","rttpg_excerpt":"Marted\u00ec 9 ottobre, presso la sede della Rappresentanza della Commissione Europea a Madrid (Paseo de la Castellana, 46), si terr\u00e0 il &#8220;Desayuno europeo\u00a0con la innovaci\u00f3n, el crecimiento y la tecnolog\u00eda&#8221;, organizzato dalle Camere di Commercio Europee in Spagna, di cui la CCIS \u00e8 membro fondatore, in collaborazione con la Commissione Europea, il Comune di Madrid,&hellip;","_links":{"self":[{"href":"https:\/\/italcamara-es.com\/it\/wp-json\/wp\/v2\/posts\/56083","targetHints":{"allow":["GET"]}}],"collection":[{"href":"https:\/\/italcamara-es.com\/it\/wp-json\/wp\/v2\/posts"}],"about":[{"href":"https:\/\/italcamara-es.com\/it\/wp-json\/wp\/v2\/types\/post"}],"author":[{"embeddable":true,"href":"https:\/\/italcamara-es.com\/it\/wp-json\/wp\/v2\/users\/1"}],"replies":[{"embeddable":true,"href":"https:\/\/italcamara-es.com\/it\/wp-json\/wp\/v2\/comments?post=56083"}],"version-history":[{"count":0,"href":"https:\/\/italcamara-es.com\/it\/wp-json\/wp\/v2\/posts\/56083\/revisions"}],"wp:featuredmedia":[{"embeddable":true,"href":"https:\/\/italcamara-es.com\/it\/wp-json\/wp\/v2\/media\/54644"}],"wp:attachment":[{"href":"https:\/\/italcamara-es.com\/it\/wp-json\/wp\/v2\/media?parent=56083"}],"wp:term":[{"taxonomy":"category","embeddable":true,"href":"https:\/\/italcamara-es.com\/it\/wp-json\/wp\/v2\/categories?post=56083"},{"taxonomy":"post_tag","embeddable":true,"href":"https:\/\/italcamara-es.com\/it\/wp-json\/wp\/v2\/tags?post=56083"}],"curies":[{"name":"wp","href":"https:\/\/api.w.org\/{rel}","templated":true}]}}