	{"id":56094,"date":"2018-11-05T18:49:50","date_gmt":"2018-11-05T17:49:50","guid":{"rendered":"http:\/\/pre.italcamara-es.com\/senza-categoria\/cerimonia-di-consegna-del-premio-tiepolo-2018\/"},"modified":"2018-11-05T18:49:50","modified_gmt":"2018-11-05T17:49:50","slug":"cerimonia-di-consegna-del-premio-tiepolo-2018","status":"publish","type":"post","link":"https:\/\/italcamara-es.com\/it\/notizie\/cerimonia-di-consegna-del-premio-tiepolo-2018\/","title":{"rendered":"Cerimonia di consegna del Premio Tiepolo 2018"},"content":{"rendered":"<p>Il <strong><a href=\"https:\/\/www.italcamara-es.com\/it\/eventi-e-progetti\/premio-tiepolo\/il-premio\/\" target=\"_blank\" rel=\"noopener\">Premio Tiepolo 2018<\/a><\/strong> \u00e8 stato consegnato lo scorso 5 novembre al presidente di <strong>Reale Group<\/strong>, Luigi Lana ed al presidente di <strong>Ebro Foods<\/strong>, Antonio Hern\u00e1ndez Callejas. Giunto alla XXII edizione, il Premio riconosce la traiettoria professionale degli imprenditori di successo italiani e spagnoli ed il loro contributo allo sviluppo delle relazioni economico-commerciali tra i due Paesi.<\/p>\n<figure id=\"attachment_18574\" aria-describedby=\"caption-attachment-18574\" style=\"width: 700px\" class=\"wp-caption aligncenter\"><img fetchpriority=\"high\" decoding=\"async\" class=\"wp-image-18574\" src=\"https:\/\/www.italcamara-es.com\/wp-content\/uploads\/2018\/11\/Luigi-Lana-y-Antonio-Hernandez-Callejas.jpg\" alt=\"Luigi-Lana-y-Antonio-Hernandez-Callejas\" width=\"700\" height=\"628\" \/><figcaption id=\"caption-attachment-18574\" class=\"wp-caption-text\">Luigi Lana e Antonio Hern\u00e1ndez Callejas<\/figcaption><\/figure>\n<p>La cerimonia di consegna di questo prestigioso riconoscimento, conferito dalla <strong>Camera di Commercio e Industria Italiana per la Spagna<\/strong> <strong>(CCIS)<\/strong> e dalla <strong>Confederaci\u00f3n Espa\u00f1ola de Organizaciones Empresariales (CEOE)<\/strong>, si \u00e8 svolta a Madrid, nella splendida cornice del Palacio de Santo\u00f1a, sede istituzionale della Camera di Commercio di Madrid, alla presenza di alte cariche istituzionali dei due Paesi. In particolare, l\u2019atto si \u00e8 svolto nell\u2019ambito del <strong>XVI Foro di Dialogo Italia-Spagna<\/strong> ed ha visto la presenza degli <strong>Ambasciatori <\/strong>dei due Paesi, Stefano Sannino e Alfonso Dastis, e dei <strong>Presidenti della CCIS e della CEOE<\/strong>, Marco Pizzi y Juan Rosell.<\/p>\n<p>Sin dal 1999 il Foro di Dialogo Italia-Spagna riunisce, con cadenza pressoch\u00e9 annuale, esponenti di spicco della politica, dell\u2019imprenditoria e della societ\u00e0 civile italiana e spagnola, con l\u2019obiettivo di accompagnare e rafforzare la collaborazione tra i due Paesi in ambito economico, alla presenza di alte cariche istituzionali dei due paesi.<\/p>\n<p>Il giornalista e membro del comitato organizzativo del Premio Tiepolo, <strong>Josto Maffeo<\/strong>, ha dato inizio alla XXII edizione, ricordando la traiettoria professionale di successo di queste due personalit\u00e0 che, con il loro impegno, hanno contribuito a potenziare le relazioni economiche tra Italia e Spagna e a diffondere l\u2019immagine dei due Paesi nel mondo.<\/p>\n<figure id=\"attachment_18571\" aria-describedby=\"caption-attachment-18571\" style=\"width: 700px\" class=\"wp-caption aligncenter\"><img decoding=\"async\" class=\"wp-image-18571\" src=\"https:\/\/www.italcamara-es.com\/wp-content\/uploads\/2018\/11\/Josto-Maffeo.jpg\" alt=\"Josto-Maffeo\" width=\"700\" height=\"508\" \/><figcaption id=\"caption-attachment-18571\" class=\"wp-caption-text\">Josto Maffeo<\/figcaption><\/figure>\n<p>&nbsp;<\/p>\n<p><strong><u>Luigi Lana, figura determinante per la crescita e il consolidamento di Reale Group in Spagna <\/u><\/strong><\/p>\n<p><strong>Luigi Lana<\/strong> (Milano, 1951) \u00e8 Presidente del Consiglio di Amministrazione della maggior parte delle societ\u00e0, italiane ed estere, di <strong>Reale Group<\/strong>, gruppo internazionale presente in Italia, in Spagna e in Cile attraverso la Capogruppo <strong>Societ\u00e0 Reale Mutua di Assicurazioni<\/strong>, principale compagnia mutua di assicurazioni italiana, e le sue controllate.<\/p>\n<figure id=\"attachment_18577\" aria-describedby=\"caption-attachment-18577\" style=\"width: 700px\" class=\"wp-caption aligncenter\"><img decoding=\"async\" class=\"  wp-image-18577\" src=\"https:\/\/www.italcamara-es.com\/wp-content\/uploads\/2018\/11\/Alfonso-Dastis-y-Luigi-Lana-1024x652.jpeg\" alt=\"\" width=\"700\" height=\"445\" \/><figcaption id=\"caption-attachment-18577\" class=\"wp-caption-text\">L&#8217;Ambasciatore di Spagna in Italia, Alfonso Dastis, consegna il Premio Tiepolo a Luigi Lana (foto Jes\u00fas Umbr\u00eda)<\/figcaption><\/figure>\n<p><em>\u201cRicevo questo premio con grande onore a nome di tutto il Gruppo, la cui matrice italiana \u00e8 una mutua assicuratrice di 190 anni di attivit\u00e0, un modello imprenditoriale che ci rende pi\u00f9 indipendenti, etici e trasparenti e che guarda al futuro adattandosi ai nuovi tempi, grazie ad un lavoro congiunto tra i team in Italia e in Spagna\u201d,<\/em>\u00a0ha affermato Lana durante il suo intervento.<\/p>\n<p><em>\u00a0<\/em>Laureato in Ingegneria al Politecnico di Milano, dove ha conseguito anche un Master in Ingegneria delle Assicurazioni, Luigi Lana dal 1985 ha ricoperto incarichi di crescente profilo presso diverse compagnie di assicurazioni, dapprima come Co-direttore di Fenice Ri e poi, dal 1992 al 2003, come Direttore di AXA Assicurazioni.<\/p>\n<p>Nel 2003 entra in Reale Mutua in qualit\u00e0 di Direttore Centrale. L\u2019anno successivo \u00e8 Vice Direttore Generale e poi, dal 2006 al 2015, Direttore Generale. In questi anni Lana \u00e8 stato membro dei Consigli di Amministrazione di tutte le societ\u00e0 del Gruppo e delle principali partecipate, ricoprendo altres\u00ec l\u2019incarico di Amministratore Delegato in Italiana Assicurazioni, in Blue Assistance e nelle compagnie spagnole Reale Seguros e Reale Vida.<\/p>\n<p>In particolare, nel suo ruolo di Amministratore Delegato di Reale Seguros, assunto nel 2010, Lana ha dato un forte impulso nel creare all\u2019interno del Gruppo Reale un ponte fra Italia e Spagna, mantenendo allo stesso tempo la Direzione Generale di Reale Mutua. Per 4 anni ha lavorato instancabilmente per rilanciare e rafforzare le attivit\u00e0 di Reale Group in Spagna in un momento di forte recessione economica internazionale.<\/p>\n<p>Lana ha quindi conosciuto molto da vicino la realt\u00e0 della Spagna sia a livello di mercato che a livello interno all\u2019impresa, lavorando in stretta collaborazione con i dirigenti spagnoli guidati dall\u2019attuale Amministratore Delegato di Reale Seguros Ignacio Mariscal, svolgendo un lavoro di altissimo profilo per lo sviluppo di Reale Group in Spagna.<\/p>\n<p>Lana detiene la carica di presidente nella maggior parte delle societ\u00e0 controllate dal gruppo, tra cui le quattro presenti in Spagna: Reale Seguros Generales S.A., Reale Vida y Pensiones S.A., Inmobiliaria Grupo Asegurador Reale S.A. e Reale ITES ESP S.L.<\/p>\n<p>Ha inoltre ricoperto incarichi prestigiosi presso le associazioni di settore, tra cui quelli di Membro del Consiglio Direttivo e del Comitato Esecutivo ANIA (Associazione Nazionale fra le Imprese Assicuratrici) dal 2006 al 2018, Presidente della Commissione Economia e Finanza ANIA fino al 2018, Membro del Consiglio Direttivo di AIDA (Associazione Internazionale Diritto Assicurazioni &#8211; sez. Piemonte) fino al 2015 e Membro del Nomination Committee in AMICE fino al 2015.<\/p>\n<p>&nbsp;<\/p>\n<p><strong><u>Antonio Hern\u00e1ndez Callejas, artefice del consolidamento internazionale di Ebro Foods e della sua espansione in Italia.<\/u><\/strong><\/p>\n<p><strong>Antonio Hern\u00e1ndez Callejas<\/strong> (Tudela, Navarra, 1955), \u00e8 Presidente di <strong>Ebro Foods<\/strong>, il principale gruppo del settore dell\u2019alimentazione in Spagna per fatturato, leader mondiale nel settore del riso e secondo produttore al mondo di pasta.<\/p>\n<p>Laureato in Economia all\u2019Universit\u00e0 di Siviglia, Antonio Hern\u00e1ndez Callejas ha iniziato la sua carriera professionale nel 1979 presso Arrocer\u00edas Herba, l\u2019azienda fondata da suo nonno e proprietaria di alcuni importanti marchi tra cui La Fallera, Brillante o Cigala. In seguito all\u2019acquisizione del 100% dell\u2019azienda da parte del Grupo Ebro, nel gennaio 2002 Hern\u00e1ndez Callejas viene nominato Consigliere, Vicepresidente e membro della Commissione Esecutiva dello stesso gruppo, diventando presto una figura chiave nel processo di trasformazione ed espansione internazionale della Societ\u00e0. Nel marzo del 2004, viene nominato Amministratore Delegato della Societ\u00e0 e, nell\u2019aprile del 2005, Presidente Esecutivo.<\/p>\n<figure id=\"attachment_18576\" aria-describedby=\"caption-attachment-18576\" style=\"width: 700px\" class=\"wp-caption aligncenter\"><img loading=\"lazy\" decoding=\"async\" class=\"wp-image-18576\" src=\"https:\/\/www.italcamara-es.com\/wp-content\/uploads\/2018\/11\/Stefano-Sannino-y-Antonio-Hern\u00e1ndez-Callejas-1024x768.jpeg\" alt=\"\" width=\"700\" height=\"525\" \/><figcaption id=\"caption-attachment-18576\" class=\"wp-caption-text\">L&#8217;Ambasciatore d&#8217;Italia in Spagna, Stefano Sannino, consegna il Premio Tiepolo a Antonio Hern\u00e1ndez Callejas<\/figcaption><\/figure>\n<p>Sotto la presidenza di Antonio Hern\u00e1ndez Callejas, il Gruppo si \u00e8 consolidato come numero uno al mondo nel settore del riso e secondo produttore mondiale di pasta, con presenza in quaranta paesi in Europa, America, Africa ed Asia e con un portafoglio di oltre 70 marchi.<\/p>\n<p>\u201c<em>Si tratta di un premio molto speciale per me perch\u00e8 la mia traiettoria professionale \u00e8 stata profondamente segnata dall\u2019Italia, un Paese che amo e che ammiro\u201d,<\/em>\u00a0ha dichiarato Hern\u00e1ndez Callejas nel corso del suo intervento.<\/p>\n<p>Negli ultimi anni, infatti, il Gruppo \u00e8 stato protagonista di importanti acquisizioni in Italia. Tra il 2013 ed il 2016 ha ottenuto il 40% del capitale di Riso Scotti, per un valore di 31,5 milioni di euro. \u00c8 inoltre proprietario del 100% dell\u2019impresa Mundiriso Srl di Vercelli. Nel 2014 Ebro Foods acquisisce il 52% del capitale di Pastificio Garofalo (propietario dei marchi Garofalo, Santa Lucia e Russo di Cicciano) per un valore totale di 62 milioni di euro, mentre nel 2017 ottiene il 52% dell\u2019impresa italiana specializzata nella trasformazione e produzione di ingredienti alimentari Geovita Functional e della sua filiale Geovita Nutrition, per 16,5 milioni di euro. L\u2019ultima operazione in Italia, nel primo trimestre di quest\u2019anno, \u00e8 l\u2019acquisizione del 70% di Pastificio Bertagni, per un valore di 130 milioni di euro. L\u2019operazione conferma la crescita del Gruppo nel comparto della pasta fresca, rendendo Ebro Foods il secondo produttore mondiale in questo segmento.<\/p>\n<p>\u201c<em>L\u2019Italia \u00e8 un paese dove, dal 2013, abbiamo trovato magnifici soci; soci che con il lavoro ed il mutuo rispetto sono diventati veri amici<\/em>\u201d, ha sottolineato il Presidente di Ebro Foods. \u201d<em>In Italia abbiamo appreso l\u2019importanza dell\u2019eccellenza e del piacere, quella di estendere tanti anni di tradizione e del saper fare. E in questo senso ci siamo dati come missione quella di contribuire all\u2019universalizzazione di questa meravigliosa italianit\u00e0\u201d.<\/em><\/p>\n<p>Il Premio Tiepolo \u00e8 l\u2019ultimo di un<\/p>\n<p>a serie di prestigiosi riconocimenti che\u00a0 Hern\u00e1ndez Callejas ha ottenuto nel corso della sua carriera professionale. Tra questi vanno menzionati la distinzione di Cavaliere dell\u2019Ordine nazionale del Merito, concessa dal Presidente della Repubblica francese (2007), la Medaglia d\u2019oro della citt\u00e0 di Siviglia (2014) ed il Premio Grupo Joly Innovaci\u00f3n Agroalimentaria (2015).<\/p>\n<figure id=\"attachment_18579\" aria-describedby=\"caption-attachment-18579\" style=\"width: 720px\" class=\"wp-caption aligncenter\"><img loading=\"lazy\" decoding=\"async\" class=\"wp-image-18579 size-large\" src=\"https:\/\/www.italcamara-es.com\/wp-content\/uploads\/2018\/11\/Foto-di-gruppo-1024x684.jpeg\" alt=\"\" width=\"720\" height=\"481\" \/><figcaption id=\"caption-attachment-18579\" class=\"wp-caption-text\">Da sinistra a destra: Josto Maffeo, Alfonso Dastis, Stefano Sannino, Antonio Hern\u00e1ndez Callejas, Luigi Lana, Marco Pizzi, Juan Rosell (foto Jes\u00fas Umbr\u00eda).<\/figcaption><\/figure>\n<p style=\"text-align: center;\"><em>Un ringraziamento ai patrocinatori della XXII edizione del Premio Tiepolo<\/em><\/p>\n<p style=\"text-align: center;\"><img loading=\"lazy\" decoding=\"async\" class=\"alignnone size-large wp-image-18562\" src=\"https:\/\/www.italcamara-es.com\/wp-content\/uploads\/2018\/11\/logos-sponsors-Tiepolo-2018-def1-1024x393.jpg\" alt=\"logos-sponsors-Tiepolo-2018-def\" width=\"720\" height=\"276\" \/><\/p>\n","protected":false},"excerpt":{"rendered":"<p>Il Premio Tiepolo 2018 \u00e8 stato consegnato lo scorso 5 novembre al presidente di Reale Group, Luigi Lana ed al presidente di Ebro Foods, Antonio Hern\u00e1ndez Callejas. Giunto alla XXII edizione, il Premio riconosce la traiettoria professionale degli imprenditori di successo italiani e spagnoli ed il loro contributo allo sviluppo delle relazioni economico-commerciali tra i [&hellip;]<\/p>\n","protected":false},"author":1,"featured_media":56095,"comment_status":"open","ping_status":"open","sticky":false,"template":"","format":"standard","meta":{"inline_featured_image":false,"ocean_post_layout":"","ocean_both_sidebars_style":"","ocean_both_sidebars_content_width":0,"ocean_both_sidebars_sidebars_width":0,"ocean_sidebar":"","ocean_second_sidebar":"","ocean_disable_margins":"enable","ocean_add_body_class":"","ocean_shortcode_before_top_bar":"","ocean_shortcode_after_top_bar":"","ocean_shortcode_before_header":"","ocean_shortcode_after_header":"","ocean_has_shortcode":"","ocean_shortcode_after_title":"","ocean_shortcode_before_footer_widgets":"","ocean_shortcode_after_footer_widgets":"","ocean_shortcode_before_footer_bottom":"","ocean_shortcode_after_footer_bottom":"","ocean_display_top_bar":"default","ocean_display_header":"default","ocean_header_style":"","ocean_center_header_left_menu":"","ocean_custom_header_template":"","ocean_custom_logo":0,"ocean_custom_retina_logo":0,"ocean_custom_logo_max_width":0,"ocean_custom_logo_tablet_max_width":0,"ocean_custom_logo_mobile_max_width":0,"ocean_custom_logo_max_height":0,"ocean_custom_logo_tablet_max_height":0,"ocean_custom_logo_mobile_max_height":0,"ocean_header_custom_menu":"","ocean_menu_typo_font_family":"","ocean_menu_typo_font_subset":"","ocean_menu_typo_font_size":0,"ocean_menu_typo_font_size_tablet":0,"ocean_menu_typo_font_size_mobile":0,"ocean_menu_typo_font_size_unit":"px","ocean_menu_typo_font_weight":"","ocean_menu_typo_font_weight_tablet":"","ocean_menu_typo_font_weight_mobile":"","ocean_menu_typo_transform":"","ocean_menu_typo_transform_tablet":"","ocean_menu_typo_transform_mobile":"","ocean_menu_typo_line_height":0,"ocean_menu_typo_line_height_tablet":0,"ocean_menu_typo_line_height_mobile":0,"ocean_menu_typo_line_height_unit":"","ocean_menu_typo_spacing":0,"ocean_menu_typo_spacing_tablet":0,"ocean_menu_typo_spacing_mobile":0,"ocean_menu_typo_spacing_unit":"","ocean_menu_link_color":"","ocean_menu_link_color_hover":"","ocean_menu_link_color_active":"","ocean_menu_link_background":"","ocean_menu_link_hover_background":"","ocean_menu_link_active_background":"","ocean_menu_social_links_bg":"","ocean_menu_social_hover_links_bg":"","ocean_menu_social_links_color":"","ocean_menu_social_hover_links_color":"","ocean_disable_title":"default","ocean_disable_heading":"default","ocean_post_title":"","ocean_post_subheading":"","ocean_post_title_style":"","ocean_post_title_background_color":"","ocean_post_title_background":0,"ocean_post_title_bg_image_position":"","ocean_post_title_bg_image_attachment":"","ocean_post_title_bg_image_repeat":"","ocean_post_title_bg_image_size":"","ocean_post_title_height":0,"ocean_post_title_bg_overlay":0.5,"ocean_post_title_bg_overlay_color":"","ocean_disable_breadcrumbs":"default","ocean_breadcrumbs_color":"","ocean_breadcrumbs_separator_color":"","ocean_breadcrumbs_links_color":"","ocean_breadcrumbs_links_hover_color":"","ocean_display_footer_widgets":"default","ocean_display_footer_bottom":"default","ocean_custom_footer_template":"","ocean_post_oembed":"","ocean_post_self_hosted_media":"","ocean_post_video_embed":"","ocean_link_format":"","ocean_link_format_target":"self","ocean_quote_format":"","ocean_quote_format_link":"post","ocean_gallery_link_images":"on","ocean_gallery_id":[],"footnotes":""},"categories":[133],"tags":[139],"class_list":["post-56094","post","type-post","status-publish","format-standard","has-post-thumbnail","hentry","category-notizie","tag-notizie-di-la-ccis","entry","has-media"],"yoast_head":"<!-- This site is optimized with the Yoast SEO plugin v27.5 - https:\/\/yoast.com\/product\/yoast-seo-wordpress\/ -->\n<title>Cerimonia di consegna del Premio Tiepolo 2018 - Italcamara<\/title>\n<meta name=\"robots\" content=\"index, follow, max-snippet:-1, max-image-preview:large, max-video-preview:-1\" \/>\n<link rel=\"canonical\" href=\"https:\/\/italcamara-es.com\/it\/notizie\/cerimonia-di-consegna-del-premio-tiepolo-2018\/\" \/>\n<meta property=\"og:locale\" content=\"it_IT\" \/>\n<meta property=\"og:type\" content=\"article\" \/>\n<meta property=\"og:title\" content=\"Cerimonia di consegna del Premio Tiepolo 2018 - Italcamara\" \/>\n<meta property=\"og:description\" content=\"Il Premio Tiepolo 2018 \u00e8 stato consegnato lo scorso 5 novembre al presidente di Reale Group, Luigi Lana ed al presidente di Ebro Foods, Antonio Hern\u00e1ndez Callejas. Giunto alla XXII edizione, il Premio riconosce la traiettoria professionale degli imprenditori di successo italiani e spagnoli ed il loro contributo allo sviluppo delle relazioni economico-commerciali tra i [&hellip;]\" \/>\n<meta property=\"og:url\" content=\"https:\/\/italcamara-es.com\/it\/notizie\/cerimonia-di-consegna-del-premio-tiepolo-2018\/\" \/>\n<meta property=\"og:site_name\" content=\"Italcamara\" \/>\n<meta property=\"article:published_time\" content=\"2018-11-05T17:49:50+00:00\" \/>\n<meta property=\"og:image\" content=\"https:\/\/italcamara-es.com\/wp-content\/uploads\/2025\/03\/gruppo2501.jpg\" \/>\n\t<meta property=\"og:image:width\" content=\"250\" \/>\n\t<meta property=\"og:image:height\" content=\"140\" \/>\n\t<meta property=\"og:image:type\" content=\"image\/jpeg\" \/>\n<meta name=\"author\" content=\"administrador\" \/>\n<meta name=\"twitter:card\" content=\"summary_large_image\" \/>\n<meta name=\"twitter:label1\" content=\"Scritto da\" \/>\n\t<meta name=\"twitter:data1\" content=\"administrador\" \/>\n\t<meta name=\"twitter:label2\" content=\"Tempo di lettura stimato\" \/>\n\t<meta name=\"twitter:data2\" content=\"7 minuti\" \/>\n<script type=\"application\/ld+json\" class=\"yoast-schema-graph\">{\"@context\":\"https:\\\/\\\/schema.org\",\"@graph\":[{\"@type\":\"Article\",\"@id\":\"https:\\\/\\\/italcamara-es.com\\\/it\\\/notizie\\\/cerimonia-di-consegna-del-premio-tiepolo-2018\\\/#article\",\"isPartOf\":{\"@id\":\"https:\\\/\\\/italcamara-es.com\\\/it\\\/notizie\\\/cerimonia-di-consegna-del-premio-tiepolo-2018\\\/\"},\"author\":{\"name\":\"administrador\",\"@id\":\"https:\\\/\\\/italcamara-es.com\\\/#\\\/schema\\\/person\\\/bb3c56263e405bbd9a15171dcfee93bb\"},\"headline\":\"Cerimonia di consegna del Premio Tiepolo 2018\",\"datePublished\":\"2018-11-05T17:49:50+00:00\",\"mainEntityOfPage\":{\"@id\":\"https:\\\/\\\/italcamara-es.com\\\/it\\\/notizie\\\/cerimonia-di-consegna-del-premio-tiepolo-2018\\\/\"},\"wordCount\":1350,\"commentCount\":0,\"image\":{\"@id\":\"https:\\\/\\\/italcamara-es.com\\\/it\\\/notizie\\\/cerimonia-di-consegna-del-premio-tiepolo-2018\\\/#primaryimage\"},\"thumbnailUrl\":\"https:\\\/\\\/italcamara-es.com\\\/wp-content\\\/uploads\\\/2025\\\/03\\\/gruppo2501.jpg\",\"keywords\":[\"Notizie di la CCIS\"],\"articleSection\":[\"Notizie\"],\"inLanguage\":\"it-IT\",\"potentialAction\":[{\"@type\":\"CommentAction\",\"name\":\"Comment\",\"target\":[\"https:\\\/\\\/italcamara-es.com\\\/it\\\/notizie\\\/cerimonia-di-consegna-del-premio-tiepolo-2018\\\/#respond\"]}]},{\"@type\":\"WebPage\",\"@id\":\"https:\\\/\\\/italcamara-es.com\\\/it\\\/notizie\\\/cerimonia-di-consegna-del-premio-tiepolo-2018\\\/\",\"url\":\"https:\\\/\\\/italcamara-es.com\\\/it\\\/notizie\\\/cerimonia-di-consegna-del-premio-tiepolo-2018\\\/\",\"name\":\"Cerimonia di consegna del Premio Tiepolo 2018 - Italcamara\",\"isPartOf\":{\"@id\":\"https:\\\/\\\/italcamara-es.com\\\/#website\"},\"primaryImageOfPage\":{\"@id\":\"https:\\\/\\\/italcamara-es.com\\\/it\\\/notizie\\\/cerimonia-di-consegna-del-premio-tiepolo-2018\\\/#primaryimage\"},\"image\":{\"@id\":\"https:\\\/\\\/italcamara-es.com\\\/it\\\/notizie\\\/cerimonia-di-consegna-del-premio-tiepolo-2018\\\/#primaryimage\"},\"thumbnailUrl\":\"https:\\\/\\\/italcamara-es.com\\\/wp-content\\\/uploads\\\/2025\\\/03\\\/gruppo2501.jpg\",\"datePublished\":\"2018-11-05T17:49:50+00:00\",\"author\":{\"@id\":\"https:\\\/\\\/italcamara-es.com\\\/#\\\/schema\\\/person\\\/bb3c56263e405bbd9a15171dcfee93bb\"},\"breadcrumb\":{\"@id\":\"https:\\\/\\\/italcamara-es.com\\\/it\\\/notizie\\\/cerimonia-di-consegna-del-premio-tiepolo-2018\\\/#breadcrumb\"},\"inLanguage\":\"it-IT\",\"potentialAction\":[{\"@type\":\"ReadAction\",\"target\":[\"https:\\\/\\\/italcamara-es.com\\\/it\\\/notizie\\\/cerimonia-di-consegna-del-premio-tiepolo-2018\\\/\"]}]},{\"@type\":\"ImageObject\",\"inLanguage\":\"it-IT\",\"@id\":\"https:\\\/\\\/italcamara-es.com\\\/it\\\/notizie\\\/cerimonia-di-consegna-del-premio-tiepolo-2018\\\/#primaryimage\",\"url\":\"https:\\\/\\\/italcamara-es.com\\\/wp-content\\\/uploads\\\/2025\\\/03\\\/gruppo2501.jpg\",\"contentUrl\":\"https:\\\/\\\/italcamara-es.com\\\/wp-content\\\/uploads\\\/2025\\\/03\\\/gruppo2501.jpg\",\"width\":250,\"height\":140},{\"@type\":\"BreadcrumbList\",\"@id\":\"https:\\\/\\\/italcamara-es.com\\\/it\\\/notizie\\\/cerimonia-di-consegna-del-premio-tiepolo-2018\\\/#breadcrumb\",\"itemListElement\":[{\"@type\":\"ListItem\",\"position\":1,\"name\":\"Inicio\",\"item\":\"https:\\\/\\\/italcamara-es.com\\\/\"},{\"@type\":\"ListItem\",\"position\":2,\"name\":\"Cerimonia di consegna del Premio Tiepolo 2018\"}]},{\"@type\":\"WebSite\",\"@id\":\"https:\\\/\\\/italcamara-es.com\\\/#website\",\"url\":\"https:\\\/\\\/italcamara-es.com\\\/\",\"name\":\"Italcamara\",\"description\":\"\",\"potentialAction\":[{\"@type\":\"SearchAction\",\"target\":{\"@type\":\"EntryPoint\",\"urlTemplate\":\"https:\\\/\\\/italcamara-es.com\\\/?s={search_term_string}\"},\"query-input\":{\"@type\":\"PropertyValueSpecification\",\"valueRequired\":true,\"valueName\":\"search_term_string\"}}],\"inLanguage\":\"it-IT\"},{\"@type\":\"Person\",\"@id\":\"https:\\\/\\\/italcamara-es.com\\\/#\\\/schema\\\/person\\\/bb3c56263e405bbd9a15171dcfee93bb\",\"name\":\"administrador\",\"image\":{\"@type\":\"ImageObject\",\"inLanguage\":\"it-IT\",\"@id\":\"https:\\\/\\\/secure.gravatar.com\\\/avatar\\\/14b5e63db38320b12031bb28cf9f77e210aa71fb3a8a3602a3c9a05134fa75eb?s=96&d=mm&r=g\",\"url\":\"https:\\\/\\\/secure.gravatar.com\\\/avatar\\\/14b5e63db38320b12031bb28cf9f77e210aa71fb3a8a3602a3c9a05134fa75eb?s=96&d=mm&r=g\",\"contentUrl\":\"https:\\\/\\\/secure.gravatar.com\\\/avatar\\\/14b5e63db38320b12031bb28cf9f77e210aa71fb3a8a3602a3c9a05134fa75eb?s=96&d=mm&r=g\",\"caption\":\"administrador\"},\"sameAs\":[\"http:\\\/\\\/pre.italcamara-es.com\"],\"url\":\"https:\\\/\\\/italcamara-es.com\\\/it\\\/author\\\/administrador\\\/\"}]}<\/script>\n<!-- \/ Yoast SEO plugin. -->","yoast_head_json":{"title":"Cerimonia di consegna del Premio Tiepolo 2018 - Italcamara","robots":{"index":"index","follow":"follow","max-snippet":"max-snippet:-1","max-image-preview":"max-image-preview:large","max-video-preview":"max-video-preview:-1"},"canonical":"https:\/\/italcamara-es.com\/it\/notizie\/cerimonia-di-consegna-del-premio-tiepolo-2018\/","og_locale":"it_IT","og_type":"article","og_title":"Cerimonia di consegna del Premio Tiepolo 2018 - Italcamara","og_description":"Il Premio Tiepolo 2018 \u00e8 stato consegnato lo scorso 5 novembre al presidente di Reale Group, Luigi Lana ed al presidente di Ebro Foods, Antonio Hern\u00e1ndez Callejas. Giunto alla XXII edizione, il Premio riconosce la traiettoria professionale degli imprenditori di successo italiani e spagnoli ed il loro contributo allo sviluppo delle relazioni economico-commerciali tra i [&hellip;]","og_url":"https:\/\/italcamara-es.com\/it\/notizie\/cerimonia-di-consegna-del-premio-tiepolo-2018\/","og_site_name":"Italcamara","article_published_time":"2018-11-05T17:49:50+00:00","og_image":[{"width":250,"height":140,"url":"https:\/\/italcamara-es.com\/wp-content\/uploads\/2025\/03\/gruppo2501.jpg","type":"image\/jpeg"}],"author":"administrador","twitter_card":"summary_large_image","twitter_misc":{"Scritto da":"administrador","Tempo di lettura stimato":"7 minuti"},"schema":{"@context":"https:\/\/schema.org","@graph":[{"@type":"Article","@id":"https:\/\/italcamara-es.com\/it\/notizie\/cerimonia-di-consegna-del-premio-tiepolo-2018\/#article","isPartOf":{"@id":"https:\/\/italcamara-es.com\/it\/notizie\/cerimonia-di-consegna-del-premio-tiepolo-2018\/"},"author":{"name":"administrador","@id":"https:\/\/italcamara-es.com\/#\/schema\/person\/bb3c56263e405bbd9a15171dcfee93bb"},"headline":"Cerimonia di consegna del Premio Tiepolo 2018","datePublished":"2018-11-05T17:49:50+00:00","mainEntityOfPage":{"@id":"https:\/\/italcamara-es.com\/it\/notizie\/cerimonia-di-consegna-del-premio-tiepolo-2018\/"},"wordCount":1350,"commentCount":0,"image":{"@id":"https:\/\/italcamara-es.com\/it\/notizie\/cerimonia-di-consegna-del-premio-tiepolo-2018\/#primaryimage"},"thumbnailUrl":"https:\/\/italcamara-es.com\/wp-content\/uploads\/2025\/03\/gruppo2501.jpg","keywords":["Notizie di la CCIS"],"articleSection":["Notizie"],"inLanguage":"it-IT","potentialAction":[{"@type":"CommentAction","name":"Comment","target":["https:\/\/italcamara-es.com\/it\/notizie\/cerimonia-di-consegna-del-premio-tiepolo-2018\/#respond"]}]},{"@type":"WebPage","@id":"https:\/\/italcamara-es.com\/it\/notizie\/cerimonia-di-consegna-del-premio-tiepolo-2018\/","url":"https:\/\/italcamara-es.com\/it\/notizie\/cerimonia-di-consegna-del-premio-tiepolo-2018\/","name":"Cerimonia di consegna del Premio Tiepolo 2018 - Italcamara","isPartOf":{"@id":"https:\/\/italcamara-es.com\/#website"},"primaryImageOfPage":{"@id":"https:\/\/italcamara-es.com\/it\/notizie\/cerimonia-di-consegna-del-premio-tiepolo-2018\/#primaryimage"},"image":{"@id":"https:\/\/italcamara-es.com\/it\/notizie\/cerimonia-di-consegna-del-premio-tiepolo-2018\/#primaryimage"},"thumbnailUrl":"https:\/\/italcamara-es.com\/wp-content\/uploads\/2025\/03\/gruppo2501.jpg","datePublished":"2018-11-05T17:49:50+00:00","author":{"@id":"https:\/\/italcamara-es.com\/#\/schema\/person\/bb3c56263e405bbd9a15171dcfee93bb"},"breadcrumb":{"@id":"https:\/\/italcamara-es.com\/it\/notizie\/cerimonia-di-consegna-del-premio-tiepolo-2018\/#breadcrumb"},"inLanguage":"it-IT","potentialAction":[{"@type":"ReadAction","target":["https:\/\/italcamara-es.com\/it\/notizie\/cerimonia-di-consegna-del-premio-tiepolo-2018\/"]}]},{"@type":"ImageObject","inLanguage":"it-IT","@id":"https:\/\/italcamara-es.com\/it\/notizie\/cerimonia-di-consegna-del-premio-tiepolo-2018\/#primaryimage","url":"https:\/\/italcamara-es.com\/wp-content\/uploads\/2025\/03\/gruppo2501.jpg","contentUrl":"https:\/\/italcamara-es.com\/wp-content\/uploads\/2025\/03\/gruppo2501.jpg","width":250,"height":140},{"@type":"BreadcrumbList","@id":"https:\/\/italcamara-es.com\/it\/notizie\/cerimonia-di-consegna-del-premio-tiepolo-2018\/#breadcrumb","itemListElement":[{"@type":"ListItem","position":1,"name":"Inicio","item":"https:\/\/italcamara-es.com\/"},{"@type":"ListItem","position":2,"name":"Cerimonia di consegna del Premio Tiepolo 2018"}]},{"@type":"WebSite","@id":"https:\/\/italcamara-es.com\/#website","url":"https:\/\/italcamara-es.com\/","name":"Italcamara","description":"","potentialAction":[{"@type":"SearchAction","target":{"@type":"EntryPoint","urlTemplate":"https:\/\/italcamara-es.com\/?s={search_term_string}"},"query-input":{"@type":"PropertyValueSpecification","valueRequired":true,"valueName":"search_term_string"}}],"inLanguage":"it-IT"},{"@type":"Person","@id":"https:\/\/italcamara-es.com\/#\/schema\/person\/bb3c56263e405bbd9a15171dcfee93bb","name":"administrador","image":{"@type":"ImageObject","inLanguage":"it-IT","@id":"https:\/\/secure.gravatar.com\/avatar\/14b5e63db38320b12031bb28cf9f77e210aa71fb3a8a3602a3c9a05134fa75eb?s=96&d=mm&r=g","url":"https:\/\/secure.gravatar.com\/avatar\/14b5e63db38320b12031bb28cf9f77e210aa71fb3a8a3602a3c9a05134fa75eb?s=96&d=mm&r=g","contentUrl":"https:\/\/secure.gravatar.com\/avatar\/14b5e63db38320b12031bb28cf9f77e210aa71fb3a8a3602a3c9a05134fa75eb?s=96&d=mm&r=g","caption":"administrador"},"sameAs":["http:\/\/pre.italcamara-es.com"],"url":"https:\/\/italcamara-es.com\/it\/author\/administrador\/"}]}},"rttpg_featured_image_url":{"full":["https:\/\/italcamara-es.com\/wp-content\/uploads\/2025\/03\/gruppo2501.jpg",250,140,false],"landscape":["https:\/\/italcamara-es.com\/wp-content\/uploads\/2025\/03\/gruppo2501.jpg",250,140,false],"portraits":["https:\/\/italcamara-es.com\/wp-content\/uploads\/2025\/03\/gruppo2501.jpg",250,140,false],"thumbnail":["https:\/\/italcamara-es.com\/wp-content\/uploads\/2025\/03\/gruppo2501-150x140.jpg",150,140,true],"medium":["https:\/\/italcamara-es.com\/wp-content\/uploads\/2025\/03\/gruppo2501.jpg",250,140,false],"large":["https:\/\/italcamara-es.com\/wp-content\/uploads\/2025\/03\/gruppo2501.jpg",250,140,false],"1536x1536":["https:\/\/italcamara-es.com\/wp-content\/uploads\/2025\/03\/gruppo2501.jpg",250,140,false],"2048x2048":["https:\/\/italcamara-es.com\/wp-content\/uploads\/2025\/03\/gruppo2501.jpg",250,140,false],"ocean-thumb-m":["https:\/\/italcamara-es.com\/wp-content\/uploads\/2025\/03\/gruppo2501.jpg",250,140,false],"ocean-thumb-ml":["https:\/\/italcamara-es.com\/wp-content\/uploads\/2025\/03\/gruppo2501.jpg",250,140,false],"ocean-thumb-l":["https:\/\/italcamara-es.com\/wp-content\/uploads\/2025\/03\/gruppo2501.jpg",250,140,false],"directorist_preview":["https:\/\/italcamara-es.com\/wp-content\/uploads\/2025\/03\/gruppo2501.jpg",250,140,false]},"rttpg_author":{"display_name":"administrador","author_link":"https:\/\/italcamara-es.com\/it\/author\/administrador\/"},"rttpg_comment":0,"rttpg_category":"<a href=\"https:\/\/italcamara-es.com\/it\/category\/notizie\/\" rel=\"category tag\">Notizie<\/a>","rttpg_excerpt":"Il Premio Tiepolo 2018 \u00e8 stato consegnato lo scorso 5 novembre al presidente di Reale Group, Luigi Lana ed al presidente di Ebro Foods, Antonio Hern\u00e1ndez Callejas. Giunto alla XXII edizione, il Premio riconosce la traiettoria professionale degli imprenditori di successo italiani e spagnoli ed il loro contributo allo sviluppo delle relazioni economico-commerciali tra i&hellip;","_links":{"self":[{"href":"https:\/\/italcamara-es.com\/it\/wp-json\/wp\/v2\/posts\/56094","targetHints":{"allow":["GET"]}}],"collection":[{"href":"https:\/\/italcamara-es.com\/it\/wp-json\/wp\/v2\/posts"}],"about":[{"href":"https:\/\/italcamara-es.com\/it\/wp-json\/wp\/v2\/types\/post"}],"author":[{"embeddable":true,"href":"https:\/\/italcamara-es.com\/it\/wp-json\/wp\/v2\/users\/1"}],"replies":[{"embeddable":true,"href":"https:\/\/italcamara-es.com\/it\/wp-json\/wp\/v2\/comments?post=56094"}],"version-history":[{"count":0,"href":"https:\/\/italcamara-es.com\/it\/wp-json\/wp\/v2\/posts\/56094\/revisions"}],"wp:featuredmedia":[{"embeddable":true,"href":"https:\/\/italcamara-es.com\/it\/wp-json\/wp\/v2\/media\/56095"}],"wp:attachment":[{"href":"https:\/\/italcamara-es.com\/it\/wp-json\/wp\/v2\/media?parent=56094"}],"wp:term":[{"taxonomy":"category","embeddable":true,"href":"https:\/\/italcamara-es.com\/it\/wp-json\/wp\/v2\/categories?post=56094"},{"taxonomy":"post_tag","embeddable":true,"href":"https:\/\/italcamara-es.com\/it\/wp-json\/wp\/v2\/tags?post=56094"}],"curies":[{"name":"wp","href":"https:\/\/api.w.org\/{rel}","templated":true}]}}