	{"id":56096,"date":"2018-11-13T15:15:30","date_gmt":"2018-11-13T14:15:30","guid":{"rendered":"http:\/\/pre.italcamara-es.com\/senza-categoria\/iii-settimana-della-cucina-italiana-nel-mondo\/"},"modified":"2018-11-13T15:15:30","modified_gmt":"2018-11-13T14:15:30","slug":"iii-settimana-della-cucina-italiana-nel-mondo","status":"publish","type":"post","link":"https:\/\/italcamara-es.com\/it\/notizie\/iii-settimana-della-cucina-italiana-nel-mondo\/","title":{"rendered":"III Settimana della Cucina Italiana nel Mondo"},"content":{"rendered":"<p>In Spagna la <strong>terza edizione della Settimana della Cucina Italiana nel Mondo<\/strong> prende il via con una cena\u00a0presso l\u2019<strong>Ambasciata d\u2019Italia a Madrid\u00a0<\/strong>organizzata in collaborazione con Pasta Garofalo, che vedr\u00e0 come protagonisti due\u00a0dei migliori cuochi al mondo:\u00a0<strong>Niko Romito, chef del ristorante tre stelle Michelin Reale di Castel di Sangro, e \u00c1ngel Le\u00f3n, chef del ristorante tre stelle Michelin Aponiente di Cadice<\/strong>.\u00a0I due chef elaboreranno un men\u00f9 a quattro mani per una cena\u00a0dedicata alla pasta di qualit\u00e0, alimento principe della cucina italiana.<\/p>\n<p>&nbsp;<\/p>\n<p>\u201c<em>Questo evento<\/em> &#8211; ha dichiarato l\u2019<strong>Ambasciatore d\u2019Italia a Madrid Stefano Sannino<\/strong> &#8211; <em>\u00e8 il modo migliore per inaugurare la Settimana della Cucina Italiana in Spagna, mettendo a sistema l\u2019impegno di istituzioni, imprese italiane e spagnole e grandi chef per valorizzare i prodotti italiani di alta qualit\u00e0. \u00c8 inoltre una bellissima occasione per sviluppare la collaborazione tra cucina italiana e spagnola che sono le grandi interpreti europee della dieta mediterranea<\/em>\u201d.<\/p>\n<p>&nbsp;<\/p>\n<p>Durante la settimana della cucina italiana, che si\u00a0svolger\u00e0 dal 19 al 25 novembre, ampio spazio sar\u00e0 dedicato alle attivit\u00e0 di <strong>valorizzazione dell\u2019offerta formativa italiana<\/strong> nel settore gastronomico, alla <strong>promozione dei territori <\/strong>e all\u2019<strong>attrazione di giovani talenti<\/strong> interessati ad approfondire la conoscenza della cucina e dei vini italiani.\u00a0Grazie alla collaborazione dell\u2019<strong>Agenzia ICE<\/strong>, dell\u2019Ufficio <strong>ENIT<\/strong> di Madrid e della <strong>Camera di Commercio e Industria Italiana per la Spagna<\/strong>, e alla partnership con imprese italiane e spagnole, saranno infatti presentate le nuove edizioni dei <strong>concorsi\u00a0\u201cPrepara il tuo Futuro\u201d<\/strong> realizzati nell\u2019ambito del <strong>progetto ITmakES<\/strong>, che declina sulla Spagna la strategia di promozione integrata <strong>Vivere all\u2019Italiana<\/strong>.<strong>\u00a0<\/strong>I due concorsi\u00a0consentiranno a giovani chef e sommelier spagnoli di accedere a esperienze di alta formazione presso <a href=\"https:\/\/www.alma.scuolacucina.it\/?utm_source=AmbSpa&amp;utm_medium=Comunicato&amp;utm_campaign=AmbSpa_Comunicato\"><strong>ALMA<\/strong> &#8211; <strong>La\u00a0Scuola Internazionale di Cucina Italiana<\/strong><\/a> e in alcuni dei pi\u00f9 prestigiosi ristoranti italiani.<\/p>\n<p>&nbsp;<\/p>\n<p>In particolare, il 22 novembre sar\u00e0 lanciata la seconda edizione del concorso \u201cPrepara il tuo Futuro &#8211; Giovani talenti della cucina italiana\u201d, in occasione di un evento presso l\u2019Ambasciata d\u2019Italia\u00a0\u00a0a Madrid con <strong>Pino Cuttaia, Brand Ambassador di ALMA e chef del ristorante due stelle Michelin La Madia di Licata<\/strong>, che porter\u00e0 in Spagna i sapori della sua Sicilia accompagnato dalla vincitrice del primo concorso per giovani chef, Pilar Toledo Verd\u00fa, al termine del suo periodo di formazione in Italia svolto proprio presso il ristorante La Madia di Pino Cuttaia e presso il <strong>ristorante tre stelle Michelin Piazza Duomo dello chef Enrico Crippa.<\/strong><\/p>\n<p>&nbsp;<\/p>\n<p>Per l\u2019occasione sar\u00e0 presente a Madrid il <strong>Coordinatore dell\u2019ALMA Wine Accademy Ciro Fontanesi <\/strong>che, insieme a personalit\u00e0 del mondo dell\u2019enologia spagnol<strong>a<\/strong>, selezioner\u00e0 e premier\u00e0 i vincitori della seconda edizione del concorso \u201cPrepara il tuo Futuro &#8211; Giovani sommelier di vino italiano\u201d, che anche quest\u2019anno consentir\u00e0 a tre giovani spagnoli di frequentare corsi di perfezionamento presso <strong>la Scuola ALMA<\/strong> e di conoscere le regioni di produzione vitivinicola pi\u00f9 emblematiche del nostro Paese.<\/p>\n<p>&nbsp;<\/p>\n<p>Gli appassionati della nostra cucina potranno inoltre degustare &#8220;tapas&#8221; italiane presso i ristoranti e punti vendita italiani nei mercati rionali di Madrid, grazie al tour gastronomico <a href=\"https:\/\/www.semanacocinaitaliana.es\/tapitalia-eat\/\"><strong>TAPItalia.eat<\/strong><\/a>, organizzato dalla Camera di Commercio italiana per la Spagna in collaborazione con l&#8217;ufficio ENIT di Madrid.<\/p>\n<p>&nbsp;<\/p>\n<p>Presso l\u2019<strong>Istituto Italiano di Cultura di Madrid<\/strong> verr\u00e0 presentata la storica <strong>azienda vitivinicola Poderi Luigi Einaudi<\/strong>, con\u00a0una degustazione di alcune etichette\u00a0di riferimento dell\u2019emblematico marchio di vino Barolo e Dogliani. Il Festival del Cinema Italiano di Madrid\u00a0dedicher\u00e0 inoltre spazio a film e cortometraggi d&#8217;autore relazionati con la nostra gastronomia.<\/p>\n<p>&nbsp;<\/p>\n<p>I<strong> benefici della dieta mediterranea<\/strong>\u00a0saranno inoltre illustrati nel corso di una conferenza organizzata presso la <strong>Scuola Statale Italiana di Madrid<\/strong>\u00a0dalla locale sezione dell\u2019<strong>Accademia Italiana della Cucina<\/strong>.<\/p>\n<p>&nbsp;<\/p>\n<p>Il programma completo delle attivit\u00e0 della Settimana della Cucina Italiana a Madrid \u00e8 disponibile su\u00a0<a href=\"http:\/\/www.semanacocinaitaliana.es\">www.semanacocinaitaliana.es<\/a> .<\/p>\n","protected":false},"excerpt":{"rendered":"<p>In Spagna la terza edizione della Settimana della Cucina Italiana nel Mondo prende il via con una cena\u00a0presso l\u2019Ambasciata d\u2019Italia a Madrid\u00a0organizzata in collaborazione con Pasta Garofalo, che vedr\u00e0 come protagonisti due\u00a0dei migliori cuochi al mondo:\u00a0Niko Romito, chef del ristorante tre stelle Michelin Reale di Castel di Sangro, e \u00c1ngel Le\u00f3n, chef del ristorante tre [&hellip;]<\/p>\n","protected":false},"author":1,"featured_media":56097,"comment_status":"open","ping_status":"open","sticky":false,"template":"","format":"standard","meta":{"inline_featured_image":false,"ocean_post_layout":"","ocean_both_sidebars_style":"","ocean_both_sidebars_content_width":0,"ocean_both_sidebars_sidebars_width":0,"ocean_sidebar":"","ocean_second_sidebar":"","ocean_disable_margins":"enable","ocean_add_body_class":"","ocean_shortcode_before_top_bar":"","ocean_shortcode_after_top_bar":"","ocean_shortcode_before_header":"","ocean_shortcode_after_header":"","ocean_has_shortcode":"","ocean_shortcode_after_title":"","ocean_shortcode_before_footer_widgets":"","ocean_shortcode_after_footer_widgets":"","ocean_shortcode_before_footer_bottom":"","ocean_shortcode_after_footer_bottom":"","ocean_display_top_bar":"default","ocean_display_header":"default","ocean_header_style":"","ocean_center_header_left_menu":"","ocean_custom_header_template":"","ocean_custom_logo":0,"ocean_custom_retina_logo":0,"ocean_custom_logo_max_width":0,"ocean_custom_logo_tablet_max_width":0,"ocean_custom_logo_mobile_max_width":0,"ocean_custom_logo_max_height":0,"ocean_custom_logo_tablet_max_height":0,"ocean_custom_logo_mobile_max_height":0,"ocean_header_custom_menu":"","ocean_menu_typo_font_family":"","ocean_menu_typo_font_subset":"","ocean_menu_typo_font_size":0,"ocean_menu_typo_font_size_tablet":0,"ocean_menu_typo_font_size_mobile":0,"ocean_menu_typo_font_size_unit":"px","ocean_menu_typo_font_weight":"","ocean_menu_typo_font_weight_tablet":"","ocean_menu_typo_font_weight_mobile":"","ocean_menu_typo_transform":"","ocean_menu_typo_transform_tablet":"","ocean_menu_typo_transform_mobile":"","ocean_menu_typo_line_height":0,"ocean_menu_typo_line_height_tablet":0,"ocean_menu_typo_line_height_mobile":0,"ocean_menu_typo_line_height_unit":"","ocean_menu_typo_spacing":0,"ocean_menu_typo_spacing_tablet":0,"ocean_menu_typo_spacing_mobile":0,"ocean_menu_typo_spacing_unit":"","ocean_menu_link_color":"","ocean_menu_link_color_hover":"","ocean_menu_link_color_active":"","ocean_menu_link_background":"","ocean_menu_link_hover_background":"","ocean_menu_link_active_background":"","ocean_menu_social_links_bg":"","ocean_menu_social_hover_links_bg":"","ocean_menu_social_links_color":"","ocean_menu_social_hover_links_color":"","ocean_disable_title":"default","ocean_disable_heading":"default","ocean_post_title":"","ocean_post_subheading":"","ocean_post_title_style":"","ocean_post_title_background_color":"","ocean_post_title_background":0,"ocean_post_title_bg_image_position":"","ocean_post_title_bg_image_attachment":"","ocean_post_title_bg_image_repeat":"","ocean_post_title_bg_image_size":"","ocean_post_title_height":0,"ocean_post_title_bg_overlay":0.5,"ocean_post_title_bg_overlay_color":"","ocean_disable_breadcrumbs":"default","ocean_breadcrumbs_color":"","ocean_breadcrumbs_separator_color":"","ocean_breadcrumbs_links_color":"","ocean_breadcrumbs_links_hover_color":"","ocean_display_footer_widgets":"default","ocean_display_footer_bottom":"default","ocean_custom_footer_template":"","ocean_post_oembed":"","ocean_post_self_hosted_media":"","ocean_post_video_embed":"","ocean_link_format":"","ocean_link_format_target":"self","ocean_quote_format":"","ocean_quote_format_link":"post","ocean_gallery_link_images":"on","ocean_gallery_id":[],"footnotes":""},"categories":[133],"tags":[139],"class_list":["post-56096","post","type-post","status-publish","format-standard","has-post-thumbnail","hentry","category-notizie","tag-notizie-di-la-ccis","entry","has-media"],"yoast_head":"<!-- This site is optimized with the Yoast SEO plugin v27.5 - https:\/\/yoast.com\/product\/yoast-seo-wordpress\/ -->\n<title>III Settimana della Cucina Italiana nel Mondo - Italcamara<\/title>\n<meta name=\"robots\" content=\"index, follow, max-snippet:-1, max-image-preview:large, max-video-preview:-1\" \/>\n<link rel=\"canonical\" href=\"https:\/\/italcamara-es.com\/it\/notizie\/iii-settimana-della-cucina-italiana-nel-mondo\/\" \/>\n<meta property=\"og:locale\" content=\"it_IT\" \/>\n<meta property=\"og:type\" content=\"article\" \/>\n<meta property=\"og:title\" content=\"III Settimana della Cucina Italiana nel Mondo - Italcamara\" \/>\n<meta property=\"og:description\" content=\"In Spagna la terza edizione della Settimana della Cucina Italiana nel Mondo prende il via con una cena\u00a0presso l\u2019Ambasciata d\u2019Italia a Madrid\u00a0organizzata in collaborazione con Pasta Garofalo, che vedr\u00e0 come protagonisti due\u00a0dei migliori cuochi al mondo:\u00a0Niko Romito, chef del ristorante tre stelle Michelin Reale di Castel di Sangro, e \u00c1ngel Le\u00f3n, chef del ristorante tre [&hellip;]\" \/>\n<meta property=\"og:url\" content=\"https:\/\/italcamara-es.com\/it\/notizie\/iii-settimana-della-cucina-italiana-nel-mondo\/\" \/>\n<meta property=\"og:site_name\" content=\"Italcamara\" \/>\n<meta property=\"article:published_time\" content=\"2018-11-13T14:15:30+00:00\" \/>\n<meta property=\"og:image\" content=\"https:\/\/italcamara-es.com\/wp-content\/uploads\/2025\/03\/Banner-tercera-semana-cocina-italiana-250-def.jpg\" \/>\n\t<meta property=\"og:image:width\" content=\"250\" \/>\n\t<meta property=\"og:image:height\" content=\"140\" \/>\n\t<meta property=\"og:image:type\" content=\"image\/jpeg\" \/>\n<meta name=\"author\" content=\"administrador\" \/>\n<meta name=\"twitter:card\" content=\"summary_large_image\" \/>\n<meta name=\"twitter:label1\" content=\"Scritto da\" \/>\n\t<meta name=\"twitter:data1\" content=\"administrador\" \/>\n\t<meta name=\"twitter:label2\" content=\"Tempo di lettura stimato\" \/>\n\t<meta name=\"twitter:data2\" content=\"3 minuti\" \/>\n<script type=\"application\/ld+json\" class=\"yoast-schema-graph\">{\"@context\":\"https:\\\/\\\/schema.org\",\"@graph\":[{\"@type\":\"Article\",\"@id\":\"https:\\\/\\\/italcamara-es.com\\\/it\\\/notizie\\\/iii-settimana-della-cucina-italiana-nel-mondo\\\/#article\",\"isPartOf\":{\"@id\":\"https:\\\/\\\/italcamara-es.com\\\/it\\\/notizie\\\/iii-settimana-della-cucina-italiana-nel-mondo\\\/\"},\"author\":{\"name\":\"administrador\",\"@id\":\"https:\\\/\\\/italcamara-es.com\\\/#\\\/schema\\\/person\\\/bb3c56263e405bbd9a15171dcfee93bb\"},\"headline\":\"III Settimana della Cucina Italiana nel Mondo\",\"datePublished\":\"2018-11-13T14:15:30+00:00\",\"mainEntityOfPage\":{\"@id\":\"https:\\\/\\\/italcamara-es.com\\\/it\\\/notizie\\\/iii-settimana-della-cucina-italiana-nel-mondo\\\/\"},\"wordCount\":640,\"commentCount\":0,\"image\":{\"@id\":\"https:\\\/\\\/italcamara-es.com\\\/it\\\/notizie\\\/iii-settimana-della-cucina-italiana-nel-mondo\\\/#primaryimage\"},\"thumbnailUrl\":\"https:\\\/\\\/italcamara-es.com\\\/wp-content\\\/uploads\\\/2025\\\/03\\\/Banner-tercera-semana-cocina-italiana-250-def.jpg\",\"keywords\":[\"Notizie di la CCIS\"],\"articleSection\":[\"Notizie\"],\"inLanguage\":\"it-IT\",\"potentialAction\":[{\"@type\":\"CommentAction\",\"name\":\"Comment\",\"target\":[\"https:\\\/\\\/italcamara-es.com\\\/it\\\/notizie\\\/iii-settimana-della-cucina-italiana-nel-mondo\\\/#respond\"]}]},{\"@type\":\"WebPage\",\"@id\":\"https:\\\/\\\/italcamara-es.com\\\/it\\\/notizie\\\/iii-settimana-della-cucina-italiana-nel-mondo\\\/\",\"url\":\"https:\\\/\\\/italcamara-es.com\\\/it\\\/notizie\\\/iii-settimana-della-cucina-italiana-nel-mondo\\\/\",\"name\":\"III Settimana della Cucina Italiana nel Mondo - Italcamara\",\"isPartOf\":{\"@id\":\"https:\\\/\\\/italcamara-es.com\\\/#website\"},\"primaryImageOfPage\":{\"@id\":\"https:\\\/\\\/italcamara-es.com\\\/it\\\/notizie\\\/iii-settimana-della-cucina-italiana-nel-mondo\\\/#primaryimage\"},\"image\":{\"@id\":\"https:\\\/\\\/italcamara-es.com\\\/it\\\/notizie\\\/iii-settimana-della-cucina-italiana-nel-mondo\\\/#primaryimage\"},\"thumbnailUrl\":\"https:\\\/\\\/italcamara-es.com\\\/wp-content\\\/uploads\\\/2025\\\/03\\\/Banner-tercera-semana-cocina-italiana-250-def.jpg\",\"datePublished\":\"2018-11-13T14:15:30+00:00\",\"author\":{\"@id\":\"https:\\\/\\\/italcamara-es.com\\\/#\\\/schema\\\/person\\\/bb3c56263e405bbd9a15171dcfee93bb\"},\"breadcrumb\":{\"@id\":\"https:\\\/\\\/italcamara-es.com\\\/it\\\/notizie\\\/iii-settimana-della-cucina-italiana-nel-mondo\\\/#breadcrumb\"},\"inLanguage\":\"it-IT\",\"potentialAction\":[{\"@type\":\"ReadAction\",\"target\":[\"https:\\\/\\\/italcamara-es.com\\\/it\\\/notizie\\\/iii-settimana-della-cucina-italiana-nel-mondo\\\/\"]}]},{\"@type\":\"ImageObject\",\"inLanguage\":\"it-IT\",\"@id\":\"https:\\\/\\\/italcamara-es.com\\\/it\\\/notizie\\\/iii-settimana-della-cucina-italiana-nel-mondo\\\/#primaryimage\",\"url\":\"https:\\\/\\\/italcamara-es.com\\\/wp-content\\\/uploads\\\/2025\\\/03\\\/Banner-tercera-semana-cocina-italiana-250-def.jpg\",\"contentUrl\":\"https:\\\/\\\/italcamara-es.com\\\/wp-content\\\/uploads\\\/2025\\\/03\\\/Banner-tercera-semana-cocina-italiana-250-def.jpg\",\"width\":250,\"height\":140},{\"@type\":\"BreadcrumbList\",\"@id\":\"https:\\\/\\\/italcamara-es.com\\\/it\\\/notizie\\\/iii-settimana-della-cucina-italiana-nel-mondo\\\/#breadcrumb\",\"itemListElement\":[{\"@type\":\"ListItem\",\"position\":1,\"name\":\"Inicio\",\"item\":\"https:\\\/\\\/italcamara-es.com\\\/it\\\/homepage-ita\\\/\"},{\"@type\":\"ListItem\",\"position\":2,\"name\":\"III Settimana della Cucina Italiana nel Mondo\"}]},{\"@type\":\"WebSite\",\"@id\":\"https:\\\/\\\/italcamara-es.com\\\/#website\",\"url\":\"https:\\\/\\\/italcamara-es.com\\\/\",\"name\":\"Italcamara\",\"description\":\"\",\"potentialAction\":[{\"@type\":\"SearchAction\",\"target\":{\"@type\":\"EntryPoint\",\"urlTemplate\":\"https:\\\/\\\/italcamara-es.com\\\/?s={search_term_string}\"},\"query-input\":{\"@type\":\"PropertyValueSpecification\",\"valueRequired\":true,\"valueName\":\"search_term_string\"}}],\"inLanguage\":\"it-IT\"},{\"@type\":\"Person\",\"@id\":\"https:\\\/\\\/italcamara-es.com\\\/#\\\/schema\\\/person\\\/bb3c56263e405bbd9a15171dcfee93bb\",\"name\":\"administrador\",\"image\":{\"@type\":\"ImageObject\",\"inLanguage\":\"it-IT\",\"@id\":\"https:\\\/\\\/secure.gravatar.com\\\/avatar\\\/14b5e63db38320b12031bb28cf9f77e210aa71fb3a8a3602a3c9a05134fa75eb?s=96&d=mm&r=g\",\"url\":\"https:\\\/\\\/secure.gravatar.com\\\/avatar\\\/14b5e63db38320b12031bb28cf9f77e210aa71fb3a8a3602a3c9a05134fa75eb?s=96&d=mm&r=g\",\"contentUrl\":\"https:\\\/\\\/secure.gravatar.com\\\/avatar\\\/14b5e63db38320b12031bb28cf9f77e210aa71fb3a8a3602a3c9a05134fa75eb?s=96&d=mm&r=g\",\"caption\":\"administrador\"},\"sameAs\":[\"http:\\\/\\\/pre.italcamara-es.com\"],\"url\":\"https:\\\/\\\/italcamara-es.com\\\/it\\\/author\\\/administrador\\\/\"}]}<\/script>\n<!-- \/ Yoast SEO plugin. -->","yoast_head_json":{"title":"III Settimana della Cucina Italiana nel Mondo - Italcamara","robots":{"index":"index","follow":"follow","max-snippet":"max-snippet:-1","max-image-preview":"max-image-preview:large","max-video-preview":"max-video-preview:-1"},"canonical":"https:\/\/italcamara-es.com\/it\/notizie\/iii-settimana-della-cucina-italiana-nel-mondo\/","og_locale":"it_IT","og_type":"article","og_title":"III Settimana della Cucina Italiana nel Mondo - Italcamara","og_description":"In Spagna la terza edizione della Settimana della Cucina Italiana nel Mondo prende il via con una cena\u00a0presso l\u2019Ambasciata d\u2019Italia a Madrid\u00a0organizzata in collaborazione con Pasta Garofalo, che vedr\u00e0 come protagonisti due\u00a0dei migliori cuochi al mondo:\u00a0Niko Romito, chef del ristorante tre stelle Michelin Reale di Castel di Sangro, e \u00c1ngel Le\u00f3n, chef del ristorante tre [&hellip;]","og_url":"https:\/\/italcamara-es.com\/it\/notizie\/iii-settimana-della-cucina-italiana-nel-mondo\/","og_site_name":"Italcamara","article_published_time":"2018-11-13T14:15:30+00:00","og_image":[{"width":250,"height":140,"url":"https:\/\/italcamara-es.com\/wp-content\/uploads\/2025\/03\/Banner-tercera-semana-cocina-italiana-250-def.jpg","type":"image\/jpeg"}],"author":"administrador","twitter_card":"summary_large_image","twitter_misc":{"Scritto da":"administrador","Tempo di lettura stimato":"3 minuti"},"schema":{"@context":"https:\/\/schema.org","@graph":[{"@type":"Article","@id":"https:\/\/italcamara-es.com\/it\/notizie\/iii-settimana-della-cucina-italiana-nel-mondo\/#article","isPartOf":{"@id":"https:\/\/italcamara-es.com\/it\/notizie\/iii-settimana-della-cucina-italiana-nel-mondo\/"},"author":{"name":"administrador","@id":"https:\/\/italcamara-es.com\/#\/schema\/person\/bb3c56263e405bbd9a15171dcfee93bb"},"headline":"III Settimana della Cucina Italiana nel Mondo","datePublished":"2018-11-13T14:15:30+00:00","mainEntityOfPage":{"@id":"https:\/\/italcamara-es.com\/it\/notizie\/iii-settimana-della-cucina-italiana-nel-mondo\/"},"wordCount":640,"commentCount":0,"image":{"@id":"https:\/\/italcamara-es.com\/it\/notizie\/iii-settimana-della-cucina-italiana-nel-mondo\/#primaryimage"},"thumbnailUrl":"https:\/\/italcamara-es.com\/wp-content\/uploads\/2025\/03\/Banner-tercera-semana-cocina-italiana-250-def.jpg","keywords":["Notizie di la CCIS"],"articleSection":["Notizie"],"inLanguage":"it-IT","potentialAction":[{"@type":"CommentAction","name":"Comment","target":["https:\/\/italcamara-es.com\/it\/notizie\/iii-settimana-della-cucina-italiana-nel-mondo\/#respond"]}]},{"@type":"WebPage","@id":"https:\/\/italcamara-es.com\/it\/notizie\/iii-settimana-della-cucina-italiana-nel-mondo\/","url":"https:\/\/italcamara-es.com\/it\/notizie\/iii-settimana-della-cucina-italiana-nel-mondo\/","name":"III Settimana della Cucina Italiana nel Mondo - Italcamara","isPartOf":{"@id":"https:\/\/italcamara-es.com\/#website"},"primaryImageOfPage":{"@id":"https:\/\/italcamara-es.com\/it\/notizie\/iii-settimana-della-cucina-italiana-nel-mondo\/#primaryimage"},"image":{"@id":"https:\/\/italcamara-es.com\/it\/notizie\/iii-settimana-della-cucina-italiana-nel-mondo\/#primaryimage"},"thumbnailUrl":"https:\/\/italcamara-es.com\/wp-content\/uploads\/2025\/03\/Banner-tercera-semana-cocina-italiana-250-def.jpg","datePublished":"2018-11-13T14:15:30+00:00","author":{"@id":"https:\/\/italcamara-es.com\/#\/schema\/person\/bb3c56263e405bbd9a15171dcfee93bb"},"breadcrumb":{"@id":"https:\/\/italcamara-es.com\/it\/notizie\/iii-settimana-della-cucina-italiana-nel-mondo\/#breadcrumb"},"inLanguage":"it-IT","potentialAction":[{"@type":"ReadAction","target":["https:\/\/italcamara-es.com\/it\/notizie\/iii-settimana-della-cucina-italiana-nel-mondo\/"]}]},{"@type":"ImageObject","inLanguage":"it-IT","@id":"https:\/\/italcamara-es.com\/it\/notizie\/iii-settimana-della-cucina-italiana-nel-mondo\/#primaryimage","url":"https:\/\/italcamara-es.com\/wp-content\/uploads\/2025\/03\/Banner-tercera-semana-cocina-italiana-250-def.jpg","contentUrl":"https:\/\/italcamara-es.com\/wp-content\/uploads\/2025\/03\/Banner-tercera-semana-cocina-italiana-250-def.jpg","width":250,"height":140},{"@type":"BreadcrumbList","@id":"https:\/\/italcamara-es.com\/it\/notizie\/iii-settimana-della-cucina-italiana-nel-mondo\/#breadcrumb","itemListElement":[{"@type":"ListItem","position":1,"name":"Inicio","item":"https:\/\/italcamara-es.com\/it\/homepage-ita\/"},{"@type":"ListItem","position":2,"name":"III Settimana della Cucina Italiana nel Mondo"}]},{"@type":"WebSite","@id":"https:\/\/italcamara-es.com\/#website","url":"https:\/\/italcamara-es.com\/","name":"Italcamara","description":"","potentialAction":[{"@type":"SearchAction","target":{"@type":"EntryPoint","urlTemplate":"https:\/\/italcamara-es.com\/?s={search_term_string}"},"query-input":{"@type":"PropertyValueSpecification","valueRequired":true,"valueName":"search_term_string"}}],"inLanguage":"it-IT"},{"@type":"Person","@id":"https:\/\/italcamara-es.com\/#\/schema\/person\/bb3c56263e405bbd9a15171dcfee93bb","name":"administrador","image":{"@type":"ImageObject","inLanguage":"it-IT","@id":"https:\/\/secure.gravatar.com\/avatar\/14b5e63db38320b12031bb28cf9f77e210aa71fb3a8a3602a3c9a05134fa75eb?s=96&d=mm&r=g","url":"https:\/\/secure.gravatar.com\/avatar\/14b5e63db38320b12031bb28cf9f77e210aa71fb3a8a3602a3c9a05134fa75eb?s=96&d=mm&r=g","contentUrl":"https:\/\/secure.gravatar.com\/avatar\/14b5e63db38320b12031bb28cf9f77e210aa71fb3a8a3602a3c9a05134fa75eb?s=96&d=mm&r=g","caption":"administrador"},"sameAs":["http:\/\/pre.italcamara-es.com"],"url":"https:\/\/italcamara-es.com\/it\/author\/administrador\/"}]}},"rttpg_featured_image_url":{"full":["https:\/\/italcamara-es.com\/wp-content\/uploads\/2025\/03\/Banner-tercera-semana-cocina-italiana-250-def.jpg",250,140,false],"landscape":["https:\/\/italcamara-es.com\/wp-content\/uploads\/2025\/03\/Banner-tercera-semana-cocina-italiana-250-def.jpg",250,140,false],"portraits":["https:\/\/italcamara-es.com\/wp-content\/uploads\/2025\/03\/Banner-tercera-semana-cocina-italiana-250-def.jpg",250,140,false],"thumbnail":["https:\/\/italcamara-es.com\/wp-content\/uploads\/2025\/03\/Banner-tercera-semana-cocina-italiana-250-def-150x140.jpg",150,140,true],"medium":["https:\/\/italcamara-es.com\/wp-content\/uploads\/2025\/03\/Banner-tercera-semana-cocina-italiana-250-def.jpg",250,140,false],"large":["https:\/\/italcamara-es.com\/wp-content\/uploads\/2025\/03\/Banner-tercera-semana-cocina-italiana-250-def.jpg",250,140,false],"1536x1536":["https:\/\/italcamara-es.com\/wp-content\/uploads\/2025\/03\/Banner-tercera-semana-cocina-italiana-250-def.jpg",250,140,false],"2048x2048":["https:\/\/italcamara-es.com\/wp-content\/uploads\/2025\/03\/Banner-tercera-semana-cocina-italiana-250-def.jpg",250,140,false],"ocean-thumb-m":["https:\/\/italcamara-es.com\/wp-content\/uploads\/2025\/03\/Banner-tercera-semana-cocina-italiana-250-def.jpg",250,140,false],"ocean-thumb-ml":["https:\/\/italcamara-es.com\/wp-content\/uploads\/2025\/03\/Banner-tercera-semana-cocina-italiana-250-def.jpg",250,140,false],"ocean-thumb-l":["https:\/\/italcamara-es.com\/wp-content\/uploads\/2025\/03\/Banner-tercera-semana-cocina-italiana-250-def.jpg",250,140,false],"directorist_preview":["https:\/\/italcamara-es.com\/wp-content\/uploads\/2025\/03\/Banner-tercera-semana-cocina-italiana-250-def.jpg",250,140,false]},"rttpg_author":{"display_name":"administrador","author_link":"https:\/\/italcamara-es.com\/it\/author\/administrador\/"},"rttpg_comment":0,"rttpg_category":"<a href=\"https:\/\/italcamara-es.com\/it\/category\/notizie\/\" rel=\"category tag\">Notizie<\/a>","rttpg_excerpt":"In Spagna la terza edizione della Settimana della Cucina Italiana nel Mondo prende il via con una cena\u00a0presso l\u2019Ambasciata d\u2019Italia a Madrid\u00a0organizzata in collaborazione con Pasta Garofalo, che vedr\u00e0 come protagonisti due\u00a0dei migliori cuochi al mondo:\u00a0Niko Romito, chef del ristorante tre stelle Michelin Reale di Castel di Sangro, e \u00c1ngel Le\u00f3n, chef del ristorante tre&hellip;","_links":{"self":[{"href":"https:\/\/italcamara-es.com\/it\/wp-json\/wp\/v2\/posts\/56096","targetHints":{"allow":["GET"]}}],"collection":[{"href":"https:\/\/italcamara-es.com\/it\/wp-json\/wp\/v2\/posts"}],"about":[{"href":"https:\/\/italcamara-es.com\/it\/wp-json\/wp\/v2\/types\/post"}],"author":[{"embeddable":true,"href":"https:\/\/italcamara-es.com\/it\/wp-json\/wp\/v2\/users\/1"}],"replies":[{"embeddable":true,"href":"https:\/\/italcamara-es.com\/it\/wp-json\/wp\/v2\/comments?post=56096"}],"version-history":[{"count":0,"href":"https:\/\/italcamara-es.com\/it\/wp-json\/wp\/v2\/posts\/56096\/revisions"}],"wp:featuredmedia":[{"embeddable":true,"href":"https:\/\/italcamara-es.com\/it\/wp-json\/wp\/v2\/media\/56097"}],"wp:attachment":[{"href":"https:\/\/italcamara-es.com\/it\/wp-json\/wp\/v2\/media?parent=56096"}],"wp:term":[{"taxonomy":"category","embeddable":true,"href":"https:\/\/italcamara-es.com\/it\/wp-json\/wp\/v2\/categories?post=56096"},{"taxonomy":"post_tag","embeddable":true,"href":"https:\/\/italcamara-es.com\/it\/wp-json\/wp\/v2\/tags?post=56096"}],"curies":[{"name":"wp","href":"https:\/\/api.w.org\/{rel}","templated":true}]}}