	{"id":56102,"date":"2018-11-23T12:14:06","date_gmt":"2018-11-23T11:14:06","guid":{"rendered":"http:\/\/pre.italcamara-es.com\/senza-categoria\/giovani-talenti-per-la-promozione-della-cucina-italiana\/"},"modified":"2018-11-23T12:14:06","modified_gmt":"2018-11-23T11:14:06","slug":"giovani-talenti-per-la-promozione-della-cucina-italiana","status":"publish","type":"post","link":"https:\/\/italcamara-es.com\/it\/notizie\/giovani-talenti-per-la-promozione-della-cucina-italiana\/","title":{"rendered":"Giovani talenti per la promozione della cucina italiana"},"content":{"rendered":"<p>Sono tre ragazzi di Madrid i vincitori della seconda edizione del concorso per giovani sommelier, realizzato dall\u2019Ambasciata d\u2019Italia in Spagna &#8211; in collaborazione con l\u2019Agenzia italiana per il commercio estero (ICE), la Camera di commercio e industria italiana per la Spagna (CCIS), la Scuola internazionale di cucina italiana ALMA, la Unione spagnola dei sommelier (UEC) e la Camera di commercio spagnola di Madrid \u2013 nell\u2019ambito della \u201cSettimana della cucina italiana\u201d.<br \/>\nClara Zorita, Mateo Garc\u00eda e Claudia Gozalbes sono stati selezionati tra 58 concorrenti, dei quali 30 hanno avuto la possibilit\u00e0 di sfidarsi di fronte ad una giuria composta dall\u2019Ambasciatore Stefano Sannino, dal Coordinatore della ALMA Wine Academy Ciro Fontanesi, e dal Presidente di UEC Fernando Gurucharri. Tempo qualche mese e i tre giovani sommelier partiranno per un viaggio di formazione in Italia presso la scuola ALMA, a Colorno in provincia di Parma, che li porter\u00e0 poi a visitare diverse regioni italiane per conoscere cantine, enoteche e produzioni emblematiche del nostro Paese.<\/p>\n<p>&nbsp;<\/p>\n<p><img fetchpriority=\"high\" decoding=\"async\" class=\" size-full wp-image-19054 aligncenter\" src=\"https:\/\/www.italcamara-es.com\/wp-content\/uploads\/2018\/12\/Almuerzo-Embajada3.jpg\" alt=\"Almuerzo-Embajada3\" width=\"700\" height=\"467\" \/><\/p>\n<p>&nbsp;<\/p>\n<p>\u201cPuntiamo sui giovani, offrendo loro una opportunit\u00e0 concreta di conoscere la enologia italiana. Sommelier che dalla Spagna andranno in Italia per acquisire una formazione che li aiuti ad inserirsi nel mercato del lavoro e che li trasformi nell\u2019anello di congiunzione tra i nostri due Paesi. Ragazzi e ragazze che conosceranno il meglio della produzione vitivinicola italiana e che potranno farla conoscere qui in Spagna\u201d, ha detto l\u2019Ambasciatore Sannino durante la cerimonia di premiazione che ha anche celebrato il primo anno di \u201cITmakES Food&amp;Wine\u201d, progetto ideato dall&#8217;Ambasciata per apportare una visione innovativa alla cooperazione tra i due Paesi nel settore enogastronomico e per creare opportunit\u00e0 formative in Italia a giovani chef e sommelier spagnoli.<\/p>\n<p>&nbsp;<\/p>\n<p><img decoding=\"async\" class=\"alignnone size-full wp-image-19053 aligncenter\" src=\"https:\/\/www.italcamara-es.com\/wp-content\/uploads\/2018\/12\/Almuerzo-Embajada2.jpg\" alt=\"Almuerzo-Embajada2\" width=\"700\" height=\"467\" \/><\/p>\n<p>&nbsp;<\/p>\n<p>In tale ambito rientra anche la seconda edizione del concorso \u201cPrepara il tuo futuro \u2013 Giovani talenti della cucina italiana\u201d di cui \u00e8 stato appena pubblicato il <span style=\"color: #003366;\"><a style=\"color: #003366;\" href=\"https:\/\/form.jotformeu.com\/73234975231356\" target=\"_blank\" rel=\"noopener\"><strong>bando<\/strong> <\/a><\/span>e che si svolger\u00e0 nel corso del 2019 con la partecipazione della direttrice di \u201cCanal Cocina\u201d Mandi Ciriza, dello chef Ram\u00f3n Freixa e del critico gastronomico Alberto Luchini. Come per la scorsa edizione, i vincitori avranno la possibilit\u00e0 di partecipare ad un programma di formazione presso ALMA a cui far\u00e0 seguito un periodo di tirocinio in ristoranti di grandi chef italiani.<\/p>\n<p>&nbsp;<\/p>\n<p><img decoding=\"async\" class=\" size-full wp-image-19052 aligncenter\" src=\"https:\/\/www.italcamara-es.com\/wp-content\/uploads\/2018\/12\/Almuerzo-Embajada.jpg\" alt=\"Almuerzo-Embajada\" width=\"700\" height=\"467\" \/><br \/>\nPer celebrare l\u2019anniversario di \u201cITmakES Food&amp;Wine\u201d, nell\u2019ambito delle iniziative della \u201cSettimana\u201d, \u00e8 stato anche organizzato un pranzo dello chef italiano Pino Cuttaia del ristorante due stelle Michelin &#8220;La Madia&#8221; di Licata, in provincia di Agrigento, offerto con la collaborazione di ICE, CCIS ed Ente Nazionale Italiano Turismo (ENIT). Il men\u00f9 \u00e8 stato realizzato con l&#8217;aiuto di Pilar Toledo, vincitrice della prima edizione del concorso per giovani chef e di ritorno in Spagna dopo un semestre di formazione presso ALMA e i ristoranti &#8220;La Madia&#8221; dello stesso Cuttaia e &#8220;Piazza Duomo&#8221; (Alba, in provincia di Cuneo) dello chef Enrico Crippa.<\/p>\n","protected":false},"excerpt":{"rendered":"<p>Sono tre ragazzi di Madrid i vincitori della seconda edizione del concorso per giovani sommelier, realizzato dall\u2019Ambasciata d\u2019Italia in Spagna &#8211; in collaborazione con l\u2019Agenzia italiana per il commercio estero (ICE), la Camera di commercio e industria italiana per la Spagna (CCIS), la Scuola internazionale di cucina italiana ALMA, la Unione spagnola dei sommelier (UEC) [&hellip;]<\/p>\n","protected":false},"author":1,"featured_media":54672,"comment_status":"open","ping_status":"open","sticky":false,"template":"","format":"standard","meta":{"inline_featured_image":false,"ocean_post_layout":"","ocean_both_sidebars_style":"","ocean_both_sidebars_content_width":0,"ocean_both_sidebars_sidebars_width":0,"ocean_sidebar":"","ocean_second_sidebar":"","ocean_disable_margins":"enable","ocean_add_body_class":"","ocean_shortcode_before_top_bar":"","ocean_shortcode_after_top_bar":"","ocean_shortcode_before_header":"","ocean_shortcode_after_header":"","ocean_has_shortcode":"","ocean_shortcode_after_title":"","ocean_shortcode_before_footer_widgets":"","ocean_shortcode_after_footer_widgets":"","ocean_shortcode_before_footer_bottom":"","ocean_shortcode_after_footer_bottom":"","ocean_display_top_bar":"default","ocean_display_header":"default","ocean_header_style":"","ocean_center_header_left_menu":"","ocean_custom_header_template":"","ocean_custom_logo":0,"ocean_custom_retina_logo":0,"ocean_custom_logo_max_width":0,"ocean_custom_logo_tablet_max_width":0,"ocean_custom_logo_mobile_max_width":0,"ocean_custom_logo_max_height":0,"ocean_custom_logo_tablet_max_height":0,"ocean_custom_logo_mobile_max_height":0,"ocean_header_custom_menu":"","ocean_menu_typo_font_family":"","ocean_menu_typo_font_subset":"","ocean_menu_typo_font_size":0,"ocean_menu_typo_font_size_tablet":0,"ocean_menu_typo_font_size_mobile":0,"ocean_menu_typo_font_size_unit":"px","ocean_menu_typo_font_weight":"","ocean_menu_typo_font_weight_tablet":"","ocean_menu_typo_font_weight_mobile":"","ocean_menu_typo_transform":"","ocean_menu_typo_transform_tablet":"","ocean_menu_typo_transform_mobile":"","ocean_menu_typo_line_height":0,"ocean_menu_typo_line_height_tablet":0,"ocean_menu_typo_line_height_mobile":0,"ocean_menu_typo_line_height_unit":"","ocean_menu_typo_spacing":0,"ocean_menu_typo_spacing_tablet":0,"ocean_menu_typo_spacing_mobile":0,"ocean_menu_typo_spacing_unit":"","ocean_menu_link_color":"","ocean_menu_link_color_hover":"","ocean_menu_link_color_active":"","ocean_menu_link_background":"","ocean_menu_link_hover_background":"","ocean_menu_link_active_background":"","ocean_menu_social_links_bg":"","ocean_menu_social_hover_links_bg":"","ocean_menu_social_links_color":"","ocean_menu_social_hover_links_color":"","ocean_disable_title":"default","ocean_disable_heading":"default","ocean_post_title":"","ocean_post_subheading":"","ocean_post_title_style":"","ocean_post_title_background_color":"","ocean_post_title_background":0,"ocean_post_title_bg_image_position":"","ocean_post_title_bg_image_attachment":"","ocean_post_title_bg_image_repeat":"","ocean_post_title_bg_image_size":"","ocean_post_title_height":0,"ocean_post_title_bg_overlay":0.5,"ocean_post_title_bg_overlay_color":"","ocean_disable_breadcrumbs":"default","ocean_breadcrumbs_color":"","ocean_breadcrumbs_separator_color":"","ocean_breadcrumbs_links_color":"","ocean_breadcrumbs_links_hover_color":"","ocean_display_footer_widgets":"default","ocean_display_footer_bottom":"default","ocean_custom_footer_template":"","ocean_post_oembed":"","ocean_post_self_hosted_media":"","ocean_post_video_embed":"","ocean_link_format":"","ocean_link_format_target":"self","ocean_quote_format":"","ocean_quote_format_link":"post","ocean_gallery_link_images":"on","ocean_gallery_id":[],"footnotes":""},"categories":[133],"tags":[139],"class_list":["post-56102","post","type-post","status-publish","format-standard","has-post-thumbnail","hentry","category-notizie","tag-notizie-di-la-ccis","entry","has-media"],"yoast_head":"<!-- This site is optimized with the Yoast SEO plugin v27.5 - https:\/\/yoast.com\/product\/yoast-seo-wordpress\/ -->\n<title>Giovani talenti per la promozione della cucina italiana - Italcamara<\/title>\n<meta name=\"robots\" content=\"index, follow, max-snippet:-1, max-image-preview:large, max-video-preview:-1\" \/>\n<link rel=\"canonical\" href=\"https:\/\/italcamara-es.com\/it\/notizie\/giovani-talenti-per-la-promozione-della-cucina-italiana\/\" \/>\n<meta property=\"og:locale\" content=\"it_IT\" \/>\n<meta property=\"og:type\" content=\"article\" \/>\n<meta property=\"og:title\" content=\"Giovani talenti per la promozione della cucina italiana - Italcamara\" \/>\n<meta property=\"og:description\" content=\"Sono tre ragazzi di Madrid i vincitori della seconda edizione del concorso per giovani sommelier, realizzato dall\u2019Ambasciata d\u2019Italia in Spagna &#8211; in collaborazione con l\u2019Agenzia italiana per il commercio estero (ICE), la Camera di commercio e industria italiana per la Spagna (CCIS), la Scuola internazionale di cucina italiana ALMA, la Unione spagnola dei sommelier (UEC) [&hellip;]\" \/>\n<meta property=\"og:url\" content=\"https:\/\/italcamara-es.com\/it\/notizie\/giovani-talenti-per-la-promozione-della-cucina-italiana\/\" \/>\n<meta property=\"og:site_name\" content=\"Italcamara\" \/>\n<meta property=\"article:published_time\" content=\"2018-11-23T11:14:06+00:00\" \/>\n<meta property=\"og:image\" content=\"https:\/\/italcamara-es.com\/wp-content\/uploads\/2025\/03\/Concurso-Itmakes.jpg\" \/>\n\t<meta property=\"og:image:width\" content=\"500\" \/>\n\t<meta property=\"og:image:height\" content=\"282\" \/>\n\t<meta property=\"og:image:type\" content=\"image\/jpeg\" \/>\n<meta name=\"author\" content=\"administrador\" \/>\n<meta name=\"twitter:card\" content=\"summary_large_image\" \/>\n<meta name=\"twitter:label1\" content=\"Scritto da\" \/>\n\t<meta name=\"twitter:data1\" content=\"administrador\" \/>\n\t<meta name=\"twitter:label2\" content=\"Tempo di lettura stimato\" \/>\n\t<meta name=\"twitter:data2\" content=\"2 minuti\" \/>\n<script type=\"application\/ld+json\" class=\"yoast-schema-graph\">{\"@context\":\"https:\\\/\\\/schema.org\",\"@graph\":[{\"@type\":\"Article\",\"@id\":\"https:\\\/\\\/italcamara-es.com\\\/it\\\/notizie\\\/giovani-talenti-per-la-promozione-della-cucina-italiana\\\/#article\",\"isPartOf\":{\"@id\":\"https:\\\/\\\/italcamara-es.com\\\/it\\\/notizie\\\/giovani-talenti-per-la-promozione-della-cucina-italiana\\\/\"},\"author\":{\"name\":\"administrador\",\"@id\":\"https:\\\/\\\/italcamara-es.com\\\/#\\\/schema\\\/person\\\/bb3c56263e405bbd9a15171dcfee93bb\"},\"headline\":\"Giovani talenti per la promozione della cucina italiana\",\"datePublished\":\"2018-11-23T11:14:06+00:00\",\"mainEntityOfPage\":{\"@id\":\"https:\\\/\\\/italcamara-es.com\\\/it\\\/notizie\\\/giovani-talenti-per-la-promozione-della-cucina-italiana\\\/\"},\"wordCount\":484,\"commentCount\":0,\"image\":{\"@id\":\"https:\\\/\\\/italcamara-es.com\\\/it\\\/notizie\\\/giovani-talenti-per-la-promozione-della-cucina-italiana\\\/#primaryimage\"},\"thumbnailUrl\":\"https:\\\/\\\/italcamara-es.com\\\/wp-content\\\/uploads\\\/2025\\\/03\\\/Concurso-Itmakes.jpg\",\"keywords\":[\"Notizie di la CCIS\"],\"articleSection\":[\"Notizie\"],\"inLanguage\":\"it-IT\",\"potentialAction\":[{\"@type\":\"CommentAction\",\"name\":\"Comment\",\"target\":[\"https:\\\/\\\/italcamara-es.com\\\/it\\\/notizie\\\/giovani-talenti-per-la-promozione-della-cucina-italiana\\\/#respond\"]}]},{\"@type\":\"WebPage\",\"@id\":\"https:\\\/\\\/italcamara-es.com\\\/it\\\/notizie\\\/giovani-talenti-per-la-promozione-della-cucina-italiana\\\/\",\"url\":\"https:\\\/\\\/italcamara-es.com\\\/it\\\/notizie\\\/giovani-talenti-per-la-promozione-della-cucina-italiana\\\/\",\"name\":\"Giovani talenti per la promozione della cucina italiana - Italcamara\",\"isPartOf\":{\"@id\":\"https:\\\/\\\/italcamara-es.com\\\/#website\"},\"primaryImageOfPage\":{\"@id\":\"https:\\\/\\\/italcamara-es.com\\\/it\\\/notizie\\\/giovani-talenti-per-la-promozione-della-cucina-italiana\\\/#primaryimage\"},\"image\":{\"@id\":\"https:\\\/\\\/italcamara-es.com\\\/it\\\/notizie\\\/giovani-talenti-per-la-promozione-della-cucina-italiana\\\/#primaryimage\"},\"thumbnailUrl\":\"https:\\\/\\\/italcamara-es.com\\\/wp-content\\\/uploads\\\/2025\\\/03\\\/Concurso-Itmakes.jpg\",\"datePublished\":\"2018-11-23T11:14:06+00:00\",\"author\":{\"@id\":\"https:\\\/\\\/italcamara-es.com\\\/#\\\/schema\\\/person\\\/bb3c56263e405bbd9a15171dcfee93bb\"},\"breadcrumb\":{\"@id\":\"https:\\\/\\\/italcamara-es.com\\\/it\\\/notizie\\\/giovani-talenti-per-la-promozione-della-cucina-italiana\\\/#breadcrumb\"},\"inLanguage\":\"it-IT\",\"potentialAction\":[{\"@type\":\"ReadAction\",\"target\":[\"https:\\\/\\\/italcamara-es.com\\\/it\\\/notizie\\\/giovani-talenti-per-la-promozione-della-cucina-italiana\\\/\"]}]},{\"@type\":\"ImageObject\",\"inLanguage\":\"it-IT\",\"@id\":\"https:\\\/\\\/italcamara-es.com\\\/it\\\/notizie\\\/giovani-talenti-per-la-promozione-della-cucina-italiana\\\/#primaryimage\",\"url\":\"https:\\\/\\\/italcamara-es.com\\\/wp-content\\\/uploads\\\/2025\\\/03\\\/Concurso-Itmakes.jpg\",\"contentUrl\":\"https:\\\/\\\/italcamara-es.com\\\/wp-content\\\/uploads\\\/2025\\\/03\\\/Concurso-Itmakes.jpg\",\"width\":500,\"height\":282},{\"@type\":\"BreadcrumbList\",\"@id\":\"https:\\\/\\\/italcamara-es.com\\\/it\\\/notizie\\\/giovani-talenti-per-la-promozione-della-cucina-italiana\\\/#breadcrumb\",\"itemListElement\":[{\"@type\":\"ListItem\",\"position\":1,\"name\":\"Inicio\",\"item\":\"https:\\\/\\\/italcamara-es.com\\\/it\\\/homepage-ita\\\/\"},{\"@type\":\"ListItem\",\"position\":2,\"name\":\"Giovani talenti per la promozione della cucina italiana\"}]},{\"@type\":\"WebSite\",\"@id\":\"https:\\\/\\\/italcamara-es.com\\\/#website\",\"url\":\"https:\\\/\\\/italcamara-es.com\\\/\",\"name\":\"Italcamara\",\"description\":\"\",\"potentialAction\":[{\"@type\":\"SearchAction\",\"target\":{\"@type\":\"EntryPoint\",\"urlTemplate\":\"https:\\\/\\\/italcamara-es.com\\\/?s={search_term_string}\"},\"query-input\":{\"@type\":\"PropertyValueSpecification\",\"valueRequired\":true,\"valueName\":\"search_term_string\"}}],\"inLanguage\":\"it-IT\"},{\"@type\":\"Person\",\"@id\":\"https:\\\/\\\/italcamara-es.com\\\/#\\\/schema\\\/person\\\/bb3c56263e405bbd9a15171dcfee93bb\",\"name\":\"administrador\",\"image\":{\"@type\":\"ImageObject\",\"inLanguage\":\"it-IT\",\"@id\":\"https:\\\/\\\/secure.gravatar.com\\\/avatar\\\/14b5e63db38320b12031bb28cf9f77e210aa71fb3a8a3602a3c9a05134fa75eb?s=96&d=mm&r=g\",\"url\":\"https:\\\/\\\/secure.gravatar.com\\\/avatar\\\/14b5e63db38320b12031bb28cf9f77e210aa71fb3a8a3602a3c9a05134fa75eb?s=96&d=mm&r=g\",\"contentUrl\":\"https:\\\/\\\/secure.gravatar.com\\\/avatar\\\/14b5e63db38320b12031bb28cf9f77e210aa71fb3a8a3602a3c9a05134fa75eb?s=96&d=mm&r=g\",\"caption\":\"administrador\"},\"sameAs\":[\"http:\\\/\\\/pre.italcamara-es.com\"],\"url\":\"https:\\\/\\\/italcamara-es.com\\\/it\\\/author\\\/administrador\\\/\"}]}<\/script>\n<!-- \/ Yoast SEO plugin. -->","yoast_head_json":{"title":"Giovani talenti per la promozione della cucina italiana - Italcamara","robots":{"index":"index","follow":"follow","max-snippet":"max-snippet:-1","max-image-preview":"max-image-preview:large","max-video-preview":"max-video-preview:-1"},"canonical":"https:\/\/italcamara-es.com\/it\/notizie\/giovani-talenti-per-la-promozione-della-cucina-italiana\/","og_locale":"it_IT","og_type":"article","og_title":"Giovani talenti per la promozione della cucina italiana - Italcamara","og_description":"Sono tre ragazzi di Madrid i vincitori della seconda edizione del concorso per giovani sommelier, realizzato dall\u2019Ambasciata d\u2019Italia in Spagna &#8211; in collaborazione con l\u2019Agenzia italiana per il commercio estero (ICE), la Camera di commercio e industria italiana per la Spagna (CCIS), la Scuola internazionale di cucina italiana ALMA, la Unione spagnola dei sommelier (UEC) [&hellip;]","og_url":"https:\/\/italcamara-es.com\/it\/notizie\/giovani-talenti-per-la-promozione-della-cucina-italiana\/","og_site_name":"Italcamara","article_published_time":"2018-11-23T11:14:06+00:00","og_image":[{"width":500,"height":282,"url":"https:\/\/italcamara-es.com\/wp-content\/uploads\/2025\/03\/Concurso-Itmakes.jpg","type":"image\/jpeg"}],"author":"administrador","twitter_card":"summary_large_image","twitter_misc":{"Scritto da":"administrador","Tempo di lettura stimato":"2 minuti"},"schema":{"@context":"https:\/\/schema.org","@graph":[{"@type":"Article","@id":"https:\/\/italcamara-es.com\/it\/notizie\/giovani-talenti-per-la-promozione-della-cucina-italiana\/#article","isPartOf":{"@id":"https:\/\/italcamara-es.com\/it\/notizie\/giovani-talenti-per-la-promozione-della-cucina-italiana\/"},"author":{"name":"administrador","@id":"https:\/\/italcamara-es.com\/#\/schema\/person\/bb3c56263e405bbd9a15171dcfee93bb"},"headline":"Giovani talenti per la promozione della cucina italiana","datePublished":"2018-11-23T11:14:06+00:00","mainEntityOfPage":{"@id":"https:\/\/italcamara-es.com\/it\/notizie\/giovani-talenti-per-la-promozione-della-cucina-italiana\/"},"wordCount":484,"commentCount":0,"image":{"@id":"https:\/\/italcamara-es.com\/it\/notizie\/giovani-talenti-per-la-promozione-della-cucina-italiana\/#primaryimage"},"thumbnailUrl":"https:\/\/italcamara-es.com\/wp-content\/uploads\/2025\/03\/Concurso-Itmakes.jpg","keywords":["Notizie di la CCIS"],"articleSection":["Notizie"],"inLanguage":"it-IT","potentialAction":[{"@type":"CommentAction","name":"Comment","target":["https:\/\/italcamara-es.com\/it\/notizie\/giovani-talenti-per-la-promozione-della-cucina-italiana\/#respond"]}]},{"@type":"WebPage","@id":"https:\/\/italcamara-es.com\/it\/notizie\/giovani-talenti-per-la-promozione-della-cucina-italiana\/","url":"https:\/\/italcamara-es.com\/it\/notizie\/giovani-talenti-per-la-promozione-della-cucina-italiana\/","name":"Giovani talenti per la promozione della cucina italiana - Italcamara","isPartOf":{"@id":"https:\/\/italcamara-es.com\/#website"},"primaryImageOfPage":{"@id":"https:\/\/italcamara-es.com\/it\/notizie\/giovani-talenti-per-la-promozione-della-cucina-italiana\/#primaryimage"},"image":{"@id":"https:\/\/italcamara-es.com\/it\/notizie\/giovani-talenti-per-la-promozione-della-cucina-italiana\/#primaryimage"},"thumbnailUrl":"https:\/\/italcamara-es.com\/wp-content\/uploads\/2025\/03\/Concurso-Itmakes.jpg","datePublished":"2018-11-23T11:14:06+00:00","author":{"@id":"https:\/\/italcamara-es.com\/#\/schema\/person\/bb3c56263e405bbd9a15171dcfee93bb"},"breadcrumb":{"@id":"https:\/\/italcamara-es.com\/it\/notizie\/giovani-talenti-per-la-promozione-della-cucina-italiana\/#breadcrumb"},"inLanguage":"it-IT","potentialAction":[{"@type":"ReadAction","target":["https:\/\/italcamara-es.com\/it\/notizie\/giovani-talenti-per-la-promozione-della-cucina-italiana\/"]}]},{"@type":"ImageObject","inLanguage":"it-IT","@id":"https:\/\/italcamara-es.com\/it\/notizie\/giovani-talenti-per-la-promozione-della-cucina-italiana\/#primaryimage","url":"https:\/\/italcamara-es.com\/wp-content\/uploads\/2025\/03\/Concurso-Itmakes.jpg","contentUrl":"https:\/\/italcamara-es.com\/wp-content\/uploads\/2025\/03\/Concurso-Itmakes.jpg","width":500,"height":282},{"@type":"BreadcrumbList","@id":"https:\/\/italcamara-es.com\/it\/notizie\/giovani-talenti-per-la-promozione-della-cucina-italiana\/#breadcrumb","itemListElement":[{"@type":"ListItem","position":1,"name":"Inicio","item":"https:\/\/italcamara-es.com\/it\/homepage-ita\/"},{"@type":"ListItem","position":2,"name":"Giovani talenti per la promozione della cucina italiana"}]},{"@type":"WebSite","@id":"https:\/\/italcamara-es.com\/#website","url":"https:\/\/italcamara-es.com\/","name":"Italcamara","description":"","potentialAction":[{"@type":"SearchAction","target":{"@type":"EntryPoint","urlTemplate":"https:\/\/italcamara-es.com\/?s={search_term_string}"},"query-input":{"@type":"PropertyValueSpecification","valueRequired":true,"valueName":"search_term_string"}}],"inLanguage":"it-IT"},{"@type":"Person","@id":"https:\/\/italcamara-es.com\/#\/schema\/person\/bb3c56263e405bbd9a15171dcfee93bb","name":"administrador","image":{"@type":"ImageObject","inLanguage":"it-IT","@id":"https:\/\/secure.gravatar.com\/avatar\/14b5e63db38320b12031bb28cf9f77e210aa71fb3a8a3602a3c9a05134fa75eb?s=96&d=mm&r=g","url":"https:\/\/secure.gravatar.com\/avatar\/14b5e63db38320b12031bb28cf9f77e210aa71fb3a8a3602a3c9a05134fa75eb?s=96&d=mm&r=g","contentUrl":"https:\/\/secure.gravatar.com\/avatar\/14b5e63db38320b12031bb28cf9f77e210aa71fb3a8a3602a3c9a05134fa75eb?s=96&d=mm&r=g","caption":"administrador"},"sameAs":["http:\/\/pre.italcamara-es.com"],"url":"https:\/\/italcamara-es.com\/it\/author\/administrador\/"}]}},"rttpg_featured_image_url":{"full":["https:\/\/italcamara-es.com\/wp-content\/uploads\/2025\/03\/Concurso-Itmakes.jpg",500,282,false],"landscape":["https:\/\/italcamara-es.com\/wp-content\/uploads\/2025\/03\/Concurso-Itmakes.jpg",500,282,false],"portraits":["https:\/\/italcamara-es.com\/wp-content\/uploads\/2025\/03\/Concurso-Itmakes.jpg",500,282,false],"thumbnail":["https:\/\/italcamara-es.com\/wp-content\/uploads\/2025\/03\/Concurso-Itmakes-150x150.jpg",150,150,true],"medium":["https:\/\/italcamara-es.com\/wp-content\/uploads\/2025\/03\/Concurso-Itmakes-300x169.jpg",300,169,true],"large":["https:\/\/italcamara-es.com\/wp-content\/uploads\/2025\/03\/Concurso-Itmakes.jpg",500,282,false],"1536x1536":["https:\/\/italcamara-es.com\/wp-content\/uploads\/2025\/03\/Concurso-Itmakes.jpg",500,282,false],"2048x2048":["https:\/\/italcamara-es.com\/wp-content\/uploads\/2025\/03\/Concurso-Itmakes.jpg",500,282,false],"ocean-thumb-m":["https:\/\/italcamara-es.com\/wp-content\/uploads\/2025\/03\/Concurso-Itmakes.jpg",500,282,false],"ocean-thumb-ml":["https:\/\/italcamara-es.com\/wp-content\/uploads\/2025\/03\/Concurso-Itmakes.jpg",500,282,false],"ocean-thumb-l":["https:\/\/italcamara-es.com\/wp-content\/uploads\/2025\/03\/Concurso-Itmakes.jpg",500,282,false],"directorist_preview":["https:\/\/italcamara-es.com\/wp-content\/uploads\/2025\/03\/Concurso-Itmakes.jpg",500,282,false]},"rttpg_author":{"display_name":"administrador","author_link":"https:\/\/italcamara-es.com\/it\/author\/administrador\/"},"rttpg_comment":0,"rttpg_category":"<a href=\"https:\/\/italcamara-es.com\/it\/category\/notizie\/\" rel=\"category tag\">Notizie<\/a>","rttpg_excerpt":"Sono tre ragazzi di Madrid i vincitori della seconda edizione del concorso per giovani sommelier, realizzato dall\u2019Ambasciata d\u2019Italia in Spagna &#8211; in collaborazione con l\u2019Agenzia italiana per il commercio estero (ICE), la Camera di commercio e industria italiana per la Spagna (CCIS), la Scuola internazionale di cucina italiana ALMA, la Unione spagnola dei sommelier (UEC)&hellip;","_links":{"self":[{"href":"https:\/\/italcamara-es.com\/it\/wp-json\/wp\/v2\/posts\/56102","targetHints":{"allow":["GET"]}}],"collection":[{"href":"https:\/\/italcamara-es.com\/it\/wp-json\/wp\/v2\/posts"}],"about":[{"href":"https:\/\/italcamara-es.com\/it\/wp-json\/wp\/v2\/types\/post"}],"author":[{"embeddable":true,"href":"https:\/\/italcamara-es.com\/it\/wp-json\/wp\/v2\/users\/1"}],"replies":[{"embeddable":true,"href":"https:\/\/italcamara-es.com\/it\/wp-json\/wp\/v2\/comments?post=56102"}],"version-history":[{"count":0,"href":"https:\/\/italcamara-es.com\/it\/wp-json\/wp\/v2\/posts\/56102\/revisions"}],"wp:featuredmedia":[{"embeddable":true,"href":"https:\/\/italcamara-es.com\/it\/wp-json\/wp\/v2\/media\/54672"}],"wp:attachment":[{"href":"https:\/\/italcamara-es.com\/it\/wp-json\/wp\/v2\/media?parent=56102"}],"wp:term":[{"taxonomy":"category","embeddable":true,"href":"https:\/\/italcamara-es.com\/it\/wp-json\/wp\/v2\/categories?post=56102"},{"taxonomy":"post_tag","embeddable":true,"href":"https:\/\/italcamara-es.com\/it\/wp-json\/wp\/v2\/tags?post=56102"}],"curies":[{"name":"wp","href":"https:\/\/api.w.org\/{rel}","templated":true}]}}