	{"id":56114,"date":"2019-01-17T12:29:28","date_gmt":"2019-01-17T11:29:28","guid":{"rendered":"http:\/\/pre.italcamara-es.com\/senza-categoria\/il-programma-delle-fiere-promosse-dalla-ccis-in-spagna-e-italia\/"},"modified":"2019-01-17T12:29:28","modified_gmt":"2019-01-17T11:29:28","slug":"il-programma-delle-fiere-promosse-dalla-ccis-in-spagna-e-italia","status":"publish","type":"post","link":"https:\/\/italcamara-es.com\/it\/notizie\/il-programma-delle-fiere-promosse-dalla-ccis-in-spagna-e-italia\/","title":{"rendered":"Il programma delle fiere promosse dalla CCIS in Spagna e Italia"},"content":{"rendered":"<p>Anche quest\u2019anno la Camera di Commercio e Industria Italiana per la Spagna (CCIS) propone a imprese e professionisti italiani e spagnoli la possibilit\u00e0 di partecipare come espositori o buyer a numerose fiere nei due Paesi. I settori di attivit\u00e0 a cui le fiere in programma si riferiscono sono diversi, dall\u2019agroalimentare, all\u2019artigianato, pasando per la floricultura, il meccanico \u2013 tecnol\u00f3gico ed i servizi per l\u2019industria idrica.<\/p>\n<p>&nbsp;<\/p>\n<p><strong><em>Fiere in Spagna<\/em><\/strong><\/p>\n<p>Per le imprese italiane interessate a promuovere ed introdurre i propri prodotti\/servizi nel mercato spagnolo, la CCIS gestisce spazi espositivi dedicati al \u201cmade in Italy\u201d in alcune tra le principali fiere internazionali del paese. In particolare, relativamente al settore agroalimentare, gli eventi ai quali si propone la partecipazione di aziende e professionisti del Belpaese sono i seguenti: <strong>F\u00f3rum Gastron\u00f3mico di La Coru\u00f1a<\/strong> (10-12 marzo), il <strong>Salone<\/strong> <strong>Internazionale del Club de Gourmets<\/strong> (Madrid, 8-11 aprile) e la <strong>Fiera Gastr\u00f3noma di Valencia<\/strong> (17-19 novembre).<\/p>\n<p>&nbsp;<\/p>\n<p>Quest\u2019anno, inoltre, per la prima volta la Camera organizza <a href=\"https:\/\/www.italcamara-es.com\/it\/2019\/01\/16\/la-ccis-per-la-prima-volta-alla-fiera-smagua-con-una-collettiva-di-imprese-italiane-del-settore-idrico\/\">una collettiva di imprese italiane nella fiera <strong>Smagua<\/strong><\/a> di Zaragoza (5-7 febbario), dedicata alle tecnologie ed ai servizi relativi al settore idrico. Viene infine riproposta per il secondo anno di seguito la partecipazione a <strong>HIP &#8211; Hospitality Innovation Planet <\/strong>(Madrid, 18-20 febbraio), il principale appuntamento in Europa dedicato al settore del canale Ho.Re.Ca.<\/p>\n<p><strong>\u00a0<\/strong><\/p>\n<p><strong><em>Fiere in Italia<\/em><\/strong><\/p>\n<p><strong>\u00a0<\/strong><\/p>\n<p>Le aziende ed i profesionisti spagnoli interessati alle opportunit\u00e0 offerte dal mercato italiano potranno anche quest\u2019anno partecipare a fiere settoriali in Italia sia in qualit\u00e0 di espositori che di buyers. In particolare, relativamente ai settori dell\u2019artigianato e dell\u2019enogastronomia la CCIS gestir\u00e0 anche quest\u2019anno la partecipazione ad alcune tra le principali fiere campionarie del paese, tra cui la <strong>Mostra Internazionale dell\u2019Artigianato di Firenze <\/strong>(24 aprile \u2013 1\u00ba maggio), la <strong>Fiera del Levante di Bari<\/strong> (14-22 settembre) e la <strong>Fiera di Scandicci<\/strong> (ottobre 2019).<\/p>\n<p>&nbsp;<\/p>\n<p>Inoltre si organizzeranno delegazioni di buyers per la realizzazione di incontri B2B con espositori italiani nell\u2019ambito di <strong>Myplant &amp; Garden<\/strong> (Milano, 21-23 febbaio), dedicata ai professionisti del settore florovivaistico; <strong>Mecspe <\/strong>(Parma, 28-30 marzo), il principale appuntamento per il settore meccanico, energetico e tecnologico; ed il<strong> Business Motor Sport Expo<\/strong> (Brescia, ottobre), la fiera dedicata al settore motoristico sportivo.<\/p>\n<p><strong>\u00a0<\/strong><strong>\u00a0<\/strong><\/p>\n<hr \/>\n<p style=\"text-align: center;\"><strong><em>Informazioni e contatti<\/em><\/strong><\/p>\n<p style=\"text-align: center;\"><strong><em>\u00a0<\/em><\/strong><\/p>\n<p style=\"text-align: center;\">Tutte le informazioni sulle fiere menzionate e sulla gestione da parte della CCIS sono disponibili nella web camerale, <strong><a href=\"https:\/\/www.italcamara-es.com\/it\/servizi\/fiere\/\">sezione \u201cfiere\u201d<\/a>.<\/strong><\/p>\n<p style=\"text-align: center;\">\u00a0Il dipartimento fiere della Camera \u00e8 a disposizione per qualsiasi dubbio o chiarimento in merito agli eventi in programma: <strong><a href=\"mailto:ferias@italcamara-es.com\">ferias@italcamara-es.com<\/a>.<\/strong><\/p>\n<hr \/>\n<p style=\"text-align: center;\">\n","protected":false},"excerpt":{"rendered":"<p>Anche quest\u2019anno la Camera di Commercio e Industria Italiana per la Spagna (CCIS) propone a imprese e professionisti italiani e spagnoli la possibilit\u00e0 di partecipare come espositori o buyer a numerose fiere nei due Paesi. I settori di attivit\u00e0 a cui le fiere in programma si riferiscono sono diversi, dall\u2019agroalimentare, all\u2019artigianato, pasando per la floricultura, [&hellip;]<\/p>\n","protected":false},"author":1,"featured_media":54696,"comment_status":"open","ping_status":"open","sticky":false,"template":"","format":"standard","meta":{"inline_featured_image":false,"ocean_post_layout":"","ocean_both_sidebars_style":"","ocean_both_sidebars_content_width":0,"ocean_both_sidebars_sidebars_width":0,"ocean_sidebar":"","ocean_second_sidebar":"","ocean_disable_margins":"enable","ocean_add_body_class":"","ocean_shortcode_before_top_bar":"","ocean_shortcode_after_top_bar":"","ocean_shortcode_before_header":"","ocean_shortcode_after_header":"","ocean_has_shortcode":"","ocean_shortcode_after_title":"","ocean_shortcode_before_footer_widgets":"","ocean_shortcode_after_footer_widgets":"","ocean_shortcode_before_footer_bottom":"","ocean_shortcode_after_footer_bottom":"","ocean_display_top_bar":"default","ocean_display_header":"default","ocean_header_style":"","ocean_center_header_left_menu":"","ocean_custom_header_template":"","ocean_custom_logo":0,"ocean_custom_retina_logo":0,"ocean_custom_logo_max_width":0,"ocean_custom_logo_tablet_max_width":0,"ocean_custom_logo_mobile_max_width":0,"ocean_custom_logo_max_height":0,"ocean_custom_logo_tablet_max_height":0,"ocean_custom_logo_mobile_max_height":0,"ocean_header_custom_menu":"","ocean_menu_typo_font_family":"","ocean_menu_typo_font_subset":"","ocean_menu_typo_font_size":0,"ocean_menu_typo_font_size_tablet":0,"ocean_menu_typo_font_size_mobile":0,"ocean_menu_typo_font_size_unit":"px","ocean_menu_typo_font_weight":"","ocean_menu_typo_font_weight_tablet":"","ocean_menu_typo_font_weight_mobile":"","ocean_menu_typo_transform":"","ocean_menu_typo_transform_tablet":"","ocean_menu_typo_transform_mobile":"","ocean_menu_typo_line_height":0,"ocean_menu_typo_line_height_tablet":0,"ocean_menu_typo_line_height_mobile":0,"ocean_menu_typo_line_height_unit":"","ocean_menu_typo_spacing":0,"ocean_menu_typo_spacing_tablet":0,"ocean_menu_typo_spacing_mobile":0,"ocean_menu_typo_spacing_unit":"","ocean_menu_link_color":"","ocean_menu_link_color_hover":"","ocean_menu_link_color_active":"","ocean_menu_link_background":"","ocean_menu_link_hover_background":"","ocean_menu_link_active_background":"","ocean_menu_social_links_bg":"","ocean_menu_social_hover_links_bg":"","ocean_menu_social_links_color":"","ocean_menu_social_hover_links_color":"","ocean_disable_title":"default","ocean_disable_heading":"default","ocean_post_title":"","ocean_post_subheading":"","ocean_post_title_style":"","ocean_post_title_background_color":"","ocean_post_title_background":0,"ocean_post_title_bg_image_position":"","ocean_post_title_bg_image_attachment":"","ocean_post_title_bg_image_repeat":"","ocean_post_title_bg_image_size":"","ocean_post_title_height":0,"ocean_post_title_bg_overlay":0.5,"ocean_post_title_bg_overlay_color":"","ocean_disable_breadcrumbs":"default","ocean_breadcrumbs_color":"","ocean_breadcrumbs_separator_color":"","ocean_breadcrumbs_links_color":"","ocean_breadcrumbs_links_hover_color":"","ocean_display_footer_widgets":"default","ocean_display_footer_bottom":"default","ocean_custom_footer_template":"","ocean_post_oembed":"","ocean_post_self_hosted_media":"","ocean_post_video_embed":"","ocean_link_format":"","ocean_link_format_target":"self","ocean_quote_format":"","ocean_quote_format_link":"post","ocean_gallery_link_images":"on","ocean_gallery_id":[],"footnotes":""},"categories":[133],"tags":[139],"class_list":["post-56114","post","type-post","status-publish","format-standard","has-post-thumbnail","hentry","category-notizie","tag-notizie-di-la-ccis","entry","has-media"],"yoast_head":"<!-- This site is optimized with the Yoast SEO plugin v27.4 - https:\/\/yoast.com\/product\/yoast-seo-wordpress\/ -->\n<title>Il programma delle fiere promosse dalla CCIS in Spagna e Italia - Italcamara<\/title>\n<meta name=\"robots\" content=\"index, follow, max-snippet:-1, max-image-preview:large, max-video-preview:-1\" \/>\n<link rel=\"canonical\" href=\"https:\/\/italcamara-es.com\/it\/notizie\/il-programma-delle-fiere-promosse-dalla-ccis-in-spagna-e-italia\/\" \/>\n<meta property=\"og:locale\" content=\"it_IT\" \/>\n<meta property=\"og:type\" content=\"article\" \/>\n<meta property=\"og:title\" content=\"Il programma delle fiere promosse dalla CCIS in Spagna e Italia - Italcamara\" \/>\n<meta property=\"og:description\" content=\"Anche quest\u2019anno la Camera di Commercio e Industria Italiana per la Spagna (CCIS) propone a imprese e professionisti italiani e spagnoli la possibilit\u00e0 di partecipare come espositori o buyer a numerose fiere nei due Paesi. I settori di attivit\u00e0 a cui le fiere in programma si riferiscono sono diversi, dall\u2019agroalimentare, all\u2019artigianato, pasando per la floricultura, [&hellip;]\" \/>\n<meta property=\"og:url\" content=\"https:\/\/italcamara-es.com\/it\/notizie\/il-programma-delle-fiere-promosse-dalla-ccis-in-spagna-e-italia\/\" \/>\n<meta property=\"og:site_name\" content=\"Italcamara\" \/>\n<meta property=\"article:published_time\" content=\"2019-01-17T11:29:28+00:00\" \/>\n<meta property=\"og:image\" content=\"https:\/\/italcamara-es.com\/wp-content\/uploads\/2025\/03\/ferias-500.jpg\" \/>\n\t<meta property=\"og:image:width\" content=\"500\" \/>\n\t<meta property=\"og:image:height\" content=\"280\" \/>\n\t<meta property=\"og:image:type\" content=\"image\/jpeg\" \/>\n<meta name=\"author\" content=\"administrador\" \/>\n<meta name=\"twitter:card\" content=\"summary_large_image\" \/>\n<meta name=\"twitter:label1\" content=\"Scritto da\" \/>\n\t<meta name=\"twitter:data1\" content=\"administrador\" \/>\n\t<meta name=\"twitter:label2\" content=\"Tempo di lettura stimato\" \/>\n\t<meta name=\"twitter:data2\" content=\"2 minuti\" \/>\n<script type=\"application\/ld+json\" class=\"yoast-schema-graph\">{\"@context\":\"https:\\\/\\\/schema.org\",\"@graph\":[{\"@type\":\"Article\",\"@id\":\"https:\\\/\\\/italcamara-es.com\\\/it\\\/notizie\\\/il-programma-delle-fiere-promosse-dalla-ccis-in-spagna-e-italia\\\/#article\",\"isPartOf\":{\"@id\":\"https:\\\/\\\/italcamara-es.com\\\/it\\\/notizie\\\/il-programma-delle-fiere-promosse-dalla-ccis-in-spagna-e-italia\\\/\"},\"author\":{\"name\":\"administrador\",\"@id\":\"https:\\\/\\\/italcamara-es.com\\\/#\\\/schema\\\/person\\\/bb3c56263e405bbd9a15171dcfee93bb\"},\"headline\":\"Il programma delle fiere promosse dalla CCIS in Spagna e Italia\",\"datePublished\":\"2019-01-17T11:29:28+00:00\",\"mainEntityOfPage\":{\"@id\":\"https:\\\/\\\/italcamara-es.com\\\/it\\\/notizie\\\/il-programma-delle-fiere-promosse-dalla-ccis-in-spagna-e-italia\\\/\"},\"wordCount\":428,\"commentCount\":0,\"image\":{\"@id\":\"https:\\\/\\\/italcamara-es.com\\\/it\\\/notizie\\\/il-programma-delle-fiere-promosse-dalla-ccis-in-spagna-e-italia\\\/#primaryimage\"},\"thumbnailUrl\":\"https:\\\/\\\/italcamara-es.com\\\/wp-content\\\/uploads\\\/2025\\\/03\\\/ferias-500.jpg\",\"keywords\":[\"Notizie di la CCIS\"],\"articleSection\":[\"Notizie\"],\"inLanguage\":\"it-IT\",\"potentialAction\":[{\"@type\":\"CommentAction\",\"name\":\"Comment\",\"target\":[\"https:\\\/\\\/italcamara-es.com\\\/it\\\/notizie\\\/il-programma-delle-fiere-promosse-dalla-ccis-in-spagna-e-italia\\\/#respond\"]}]},{\"@type\":\"WebPage\",\"@id\":\"https:\\\/\\\/italcamara-es.com\\\/it\\\/notizie\\\/il-programma-delle-fiere-promosse-dalla-ccis-in-spagna-e-italia\\\/\",\"url\":\"https:\\\/\\\/italcamara-es.com\\\/it\\\/notizie\\\/il-programma-delle-fiere-promosse-dalla-ccis-in-spagna-e-italia\\\/\",\"name\":\"Il programma delle fiere promosse dalla CCIS in Spagna e Italia - Italcamara\",\"isPartOf\":{\"@id\":\"https:\\\/\\\/italcamara-es.com\\\/#website\"},\"primaryImageOfPage\":{\"@id\":\"https:\\\/\\\/italcamara-es.com\\\/it\\\/notizie\\\/il-programma-delle-fiere-promosse-dalla-ccis-in-spagna-e-italia\\\/#primaryimage\"},\"image\":{\"@id\":\"https:\\\/\\\/italcamara-es.com\\\/it\\\/notizie\\\/il-programma-delle-fiere-promosse-dalla-ccis-in-spagna-e-italia\\\/#primaryimage\"},\"thumbnailUrl\":\"https:\\\/\\\/italcamara-es.com\\\/wp-content\\\/uploads\\\/2025\\\/03\\\/ferias-500.jpg\",\"datePublished\":\"2019-01-17T11:29:28+00:00\",\"author\":{\"@id\":\"https:\\\/\\\/italcamara-es.com\\\/#\\\/schema\\\/person\\\/bb3c56263e405bbd9a15171dcfee93bb\"},\"breadcrumb\":{\"@id\":\"https:\\\/\\\/italcamara-es.com\\\/it\\\/notizie\\\/il-programma-delle-fiere-promosse-dalla-ccis-in-spagna-e-italia\\\/#breadcrumb\"},\"inLanguage\":\"it-IT\",\"potentialAction\":[{\"@type\":\"ReadAction\",\"target\":[\"https:\\\/\\\/italcamara-es.com\\\/it\\\/notizie\\\/il-programma-delle-fiere-promosse-dalla-ccis-in-spagna-e-italia\\\/\"]}]},{\"@type\":\"ImageObject\",\"inLanguage\":\"it-IT\",\"@id\":\"https:\\\/\\\/italcamara-es.com\\\/it\\\/notizie\\\/il-programma-delle-fiere-promosse-dalla-ccis-in-spagna-e-italia\\\/#primaryimage\",\"url\":\"https:\\\/\\\/italcamara-es.com\\\/wp-content\\\/uploads\\\/2025\\\/03\\\/ferias-500.jpg\",\"contentUrl\":\"https:\\\/\\\/italcamara-es.com\\\/wp-content\\\/uploads\\\/2025\\\/03\\\/ferias-500.jpg\",\"width\":500,\"height\":280},{\"@type\":\"BreadcrumbList\",\"@id\":\"https:\\\/\\\/italcamara-es.com\\\/it\\\/notizie\\\/il-programma-delle-fiere-promosse-dalla-ccis-in-spagna-e-italia\\\/#breadcrumb\",\"itemListElement\":[{\"@type\":\"ListItem\",\"position\":1,\"name\":\"Inicio\",\"item\":\"https:\\\/\\\/italcamara-es.com\\\/\"},{\"@type\":\"ListItem\",\"position\":2,\"name\":\"Il programma delle fiere promosse dalla CCIS in Spagna e Italia\"}]},{\"@type\":\"WebSite\",\"@id\":\"https:\\\/\\\/italcamara-es.com\\\/#website\",\"url\":\"https:\\\/\\\/italcamara-es.com\\\/\",\"name\":\"Italcamara\",\"description\":\"\",\"potentialAction\":[{\"@type\":\"SearchAction\",\"target\":{\"@type\":\"EntryPoint\",\"urlTemplate\":\"https:\\\/\\\/italcamara-es.com\\\/?s={search_term_string}\"},\"query-input\":{\"@type\":\"PropertyValueSpecification\",\"valueRequired\":true,\"valueName\":\"search_term_string\"}}],\"inLanguage\":\"it-IT\"},{\"@type\":\"Person\",\"@id\":\"https:\\\/\\\/italcamara-es.com\\\/#\\\/schema\\\/person\\\/bb3c56263e405bbd9a15171dcfee93bb\",\"name\":\"administrador\",\"image\":{\"@type\":\"ImageObject\",\"inLanguage\":\"it-IT\",\"@id\":\"https:\\\/\\\/secure.gravatar.com\\\/avatar\\\/14b5e63db38320b12031bb28cf9f77e210aa71fb3a8a3602a3c9a05134fa75eb?s=96&d=mm&r=g\",\"url\":\"https:\\\/\\\/secure.gravatar.com\\\/avatar\\\/14b5e63db38320b12031bb28cf9f77e210aa71fb3a8a3602a3c9a05134fa75eb?s=96&d=mm&r=g\",\"contentUrl\":\"https:\\\/\\\/secure.gravatar.com\\\/avatar\\\/14b5e63db38320b12031bb28cf9f77e210aa71fb3a8a3602a3c9a05134fa75eb?s=96&d=mm&r=g\",\"caption\":\"administrador\"},\"sameAs\":[\"http:\\\/\\\/pre.italcamara-es.com\"],\"url\":\"https:\\\/\\\/italcamara-es.com\\\/it\\\/author\\\/administrador\\\/\"}]}<\/script>\n<!-- \/ Yoast SEO plugin. -->","yoast_head_json":{"title":"Il programma delle fiere promosse dalla CCIS in Spagna e Italia - Italcamara","robots":{"index":"index","follow":"follow","max-snippet":"max-snippet:-1","max-image-preview":"max-image-preview:large","max-video-preview":"max-video-preview:-1"},"canonical":"https:\/\/italcamara-es.com\/it\/notizie\/il-programma-delle-fiere-promosse-dalla-ccis-in-spagna-e-italia\/","og_locale":"it_IT","og_type":"article","og_title":"Il programma delle fiere promosse dalla CCIS in Spagna e Italia - Italcamara","og_description":"Anche quest\u2019anno la Camera di Commercio e Industria Italiana per la Spagna (CCIS) propone a imprese e professionisti italiani e spagnoli la possibilit\u00e0 di partecipare come espositori o buyer a numerose fiere nei due Paesi. I settori di attivit\u00e0 a cui le fiere in programma si riferiscono sono diversi, dall\u2019agroalimentare, all\u2019artigianato, pasando per la floricultura, [&hellip;]","og_url":"https:\/\/italcamara-es.com\/it\/notizie\/il-programma-delle-fiere-promosse-dalla-ccis-in-spagna-e-italia\/","og_site_name":"Italcamara","article_published_time":"2019-01-17T11:29:28+00:00","og_image":[{"width":500,"height":280,"url":"https:\/\/italcamara-es.com\/wp-content\/uploads\/2025\/03\/ferias-500.jpg","type":"image\/jpeg"}],"author":"administrador","twitter_card":"summary_large_image","twitter_misc":{"Scritto da":"administrador","Tempo di lettura stimato":"2 minuti"},"schema":{"@context":"https:\/\/schema.org","@graph":[{"@type":"Article","@id":"https:\/\/italcamara-es.com\/it\/notizie\/il-programma-delle-fiere-promosse-dalla-ccis-in-spagna-e-italia\/#article","isPartOf":{"@id":"https:\/\/italcamara-es.com\/it\/notizie\/il-programma-delle-fiere-promosse-dalla-ccis-in-spagna-e-italia\/"},"author":{"name":"administrador","@id":"https:\/\/italcamara-es.com\/#\/schema\/person\/bb3c56263e405bbd9a15171dcfee93bb"},"headline":"Il programma delle fiere promosse dalla CCIS in Spagna e Italia","datePublished":"2019-01-17T11:29:28+00:00","mainEntityOfPage":{"@id":"https:\/\/italcamara-es.com\/it\/notizie\/il-programma-delle-fiere-promosse-dalla-ccis-in-spagna-e-italia\/"},"wordCount":428,"commentCount":0,"image":{"@id":"https:\/\/italcamara-es.com\/it\/notizie\/il-programma-delle-fiere-promosse-dalla-ccis-in-spagna-e-italia\/#primaryimage"},"thumbnailUrl":"https:\/\/italcamara-es.com\/wp-content\/uploads\/2025\/03\/ferias-500.jpg","keywords":["Notizie di la CCIS"],"articleSection":["Notizie"],"inLanguage":"it-IT","potentialAction":[{"@type":"CommentAction","name":"Comment","target":["https:\/\/italcamara-es.com\/it\/notizie\/il-programma-delle-fiere-promosse-dalla-ccis-in-spagna-e-italia\/#respond"]}]},{"@type":"WebPage","@id":"https:\/\/italcamara-es.com\/it\/notizie\/il-programma-delle-fiere-promosse-dalla-ccis-in-spagna-e-italia\/","url":"https:\/\/italcamara-es.com\/it\/notizie\/il-programma-delle-fiere-promosse-dalla-ccis-in-spagna-e-italia\/","name":"Il programma delle fiere promosse dalla CCIS in Spagna e Italia - Italcamara","isPartOf":{"@id":"https:\/\/italcamara-es.com\/#website"},"primaryImageOfPage":{"@id":"https:\/\/italcamara-es.com\/it\/notizie\/il-programma-delle-fiere-promosse-dalla-ccis-in-spagna-e-italia\/#primaryimage"},"image":{"@id":"https:\/\/italcamara-es.com\/it\/notizie\/il-programma-delle-fiere-promosse-dalla-ccis-in-spagna-e-italia\/#primaryimage"},"thumbnailUrl":"https:\/\/italcamara-es.com\/wp-content\/uploads\/2025\/03\/ferias-500.jpg","datePublished":"2019-01-17T11:29:28+00:00","author":{"@id":"https:\/\/italcamara-es.com\/#\/schema\/person\/bb3c56263e405bbd9a15171dcfee93bb"},"breadcrumb":{"@id":"https:\/\/italcamara-es.com\/it\/notizie\/il-programma-delle-fiere-promosse-dalla-ccis-in-spagna-e-italia\/#breadcrumb"},"inLanguage":"it-IT","potentialAction":[{"@type":"ReadAction","target":["https:\/\/italcamara-es.com\/it\/notizie\/il-programma-delle-fiere-promosse-dalla-ccis-in-spagna-e-italia\/"]}]},{"@type":"ImageObject","inLanguage":"it-IT","@id":"https:\/\/italcamara-es.com\/it\/notizie\/il-programma-delle-fiere-promosse-dalla-ccis-in-spagna-e-italia\/#primaryimage","url":"https:\/\/italcamara-es.com\/wp-content\/uploads\/2025\/03\/ferias-500.jpg","contentUrl":"https:\/\/italcamara-es.com\/wp-content\/uploads\/2025\/03\/ferias-500.jpg","width":500,"height":280},{"@type":"BreadcrumbList","@id":"https:\/\/italcamara-es.com\/it\/notizie\/il-programma-delle-fiere-promosse-dalla-ccis-in-spagna-e-italia\/#breadcrumb","itemListElement":[{"@type":"ListItem","position":1,"name":"Inicio","item":"https:\/\/italcamara-es.com\/"},{"@type":"ListItem","position":2,"name":"Il programma delle fiere promosse dalla CCIS in Spagna e Italia"}]},{"@type":"WebSite","@id":"https:\/\/italcamara-es.com\/#website","url":"https:\/\/italcamara-es.com\/","name":"Italcamara","description":"","potentialAction":[{"@type":"SearchAction","target":{"@type":"EntryPoint","urlTemplate":"https:\/\/italcamara-es.com\/?s={search_term_string}"},"query-input":{"@type":"PropertyValueSpecification","valueRequired":true,"valueName":"search_term_string"}}],"inLanguage":"it-IT"},{"@type":"Person","@id":"https:\/\/italcamara-es.com\/#\/schema\/person\/bb3c56263e405bbd9a15171dcfee93bb","name":"administrador","image":{"@type":"ImageObject","inLanguage":"it-IT","@id":"https:\/\/secure.gravatar.com\/avatar\/14b5e63db38320b12031bb28cf9f77e210aa71fb3a8a3602a3c9a05134fa75eb?s=96&d=mm&r=g","url":"https:\/\/secure.gravatar.com\/avatar\/14b5e63db38320b12031bb28cf9f77e210aa71fb3a8a3602a3c9a05134fa75eb?s=96&d=mm&r=g","contentUrl":"https:\/\/secure.gravatar.com\/avatar\/14b5e63db38320b12031bb28cf9f77e210aa71fb3a8a3602a3c9a05134fa75eb?s=96&d=mm&r=g","caption":"administrador"},"sameAs":["http:\/\/pre.italcamara-es.com"],"url":"https:\/\/italcamara-es.com\/it\/author\/administrador\/"}]}},"rttpg_featured_image_url":{"full":["https:\/\/italcamara-es.com\/wp-content\/uploads\/2025\/03\/ferias-500.jpg",500,280,false],"landscape":["https:\/\/italcamara-es.com\/wp-content\/uploads\/2025\/03\/ferias-500.jpg",500,280,false],"portraits":["https:\/\/italcamara-es.com\/wp-content\/uploads\/2025\/03\/ferias-500.jpg",500,280,false],"thumbnail":["https:\/\/italcamara-es.com\/wp-content\/uploads\/2025\/03\/ferias-500-150x150.jpg",150,150,true],"medium":["https:\/\/italcamara-es.com\/wp-content\/uploads\/2025\/03\/ferias-500-300x168.jpg",300,168,true],"large":["https:\/\/italcamara-es.com\/wp-content\/uploads\/2025\/03\/ferias-500.jpg",500,280,false],"1536x1536":["https:\/\/italcamara-es.com\/wp-content\/uploads\/2025\/03\/ferias-500.jpg",500,280,false],"2048x2048":["https:\/\/italcamara-es.com\/wp-content\/uploads\/2025\/03\/ferias-500.jpg",500,280,false],"ocean-thumb-m":["https:\/\/italcamara-es.com\/wp-content\/uploads\/2025\/03\/ferias-500.jpg",500,280,false],"ocean-thumb-ml":["https:\/\/italcamara-es.com\/wp-content\/uploads\/2025\/03\/ferias-500.jpg",500,280,false],"ocean-thumb-l":["https:\/\/italcamara-es.com\/wp-content\/uploads\/2025\/03\/ferias-500.jpg",500,280,false],"directorist_preview":["https:\/\/italcamara-es.com\/wp-content\/uploads\/2025\/03\/ferias-500.jpg",500,280,false]},"rttpg_author":{"display_name":"administrador","author_link":"https:\/\/italcamara-es.com\/it\/author\/administrador\/"},"rttpg_comment":0,"rttpg_category":"<a href=\"https:\/\/italcamara-es.com\/it\/category\/notizie\/\" rel=\"category tag\">Notizie<\/a>","rttpg_excerpt":"Anche quest\u2019anno la Camera di Commercio e Industria Italiana per la Spagna (CCIS) propone a imprese e professionisti italiani e spagnoli la possibilit\u00e0 di partecipare come espositori o buyer a numerose fiere nei due Paesi. I settori di attivit\u00e0 a cui le fiere in programma si riferiscono sono diversi, dall\u2019agroalimentare, all\u2019artigianato, pasando per la floricultura,&hellip;","_links":{"self":[{"href":"https:\/\/italcamara-es.com\/it\/wp-json\/wp\/v2\/posts\/56114","targetHints":{"allow":["GET"]}}],"collection":[{"href":"https:\/\/italcamara-es.com\/it\/wp-json\/wp\/v2\/posts"}],"about":[{"href":"https:\/\/italcamara-es.com\/it\/wp-json\/wp\/v2\/types\/post"}],"author":[{"embeddable":true,"href":"https:\/\/italcamara-es.com\/it\/wp-json\/wp\/v2\/users\/1"}],"replies":[{"embeddable":true,"href":"https:\/\/italcamara-es.com\/it\/wp-json\/wp\/v2\/comments?post=56114"}],"version-history":[{"count":0,"href":"https:\/\/italcamara-es.com\/it\/wp-json\/wp\/v2\/posts\/56114\/revisions"}],"wp:featuredmedia":[{"embeddable":true,"href":"https:\/\/italcamara-es.com\/it\/wp-json\/wp\/v2\/media\/54696"}],"wp:attachment":[{"href":"https:\/\/italcamara-es.com\/it\/wp-json\/wp\/v2\/media?parent=56114"}],"wp:term":[{"taxonomy":"category","embeddable":true,"href":"https:\/\/italcamara-es.com\/it\/wp-json\/wp\/v2\/categories?post=56114"},{"taxonomy":"post_tag","embeddable":true,"href":"https:\/\/italcamara-es.com\/it\/wp-json\/wp\/v2\/tags?post=56114"}],"curies":[{"name":"wp","href":"https:\/\/api.w.org\/{rel}","templated":true}]}}