	{"id":56123,"date":"2019-02-25T09:04:06","date_gmt":"2019-02-25T08:04:06","guid":{"rendered":"http:\/\/pre.italcamara-es.com\/senza-categoria\/i-vincitori-del-concorso-giovani-talenti-della-cucina-italiana\/"},"modified":"2019-02-25T09:04:06","modified_gmt":"2019-02-25T08:04:06","slug":"i-vincitori-del-concorso-giovani-talenti-della-cucina-italiana","status":"publish","type":"post","link":"https:\/\/italcamara-es.com\/it\/notizie\/i-vincitori-del-concorso-giovani-talenti-della-cucina-italiana\/","title":{"rendered":"I vincitori del concorso &#8220;Giovani talenti della cucina italiana&#8221;"},"content":{"rendered":"\n<p>Uno spagnolo ed un italiano, entrambi residenti a Barcellona, sono i due vincitori della seconda edizione del concorso \u201cPrepara il tuo futuro &#8211; Nuovi talenti della cucina italiana\u201d, lanciato dall\u2019Ambasciata d\u2019Italia a Madrid nell\u2019ambito del progetto ITmakES, in collaborazione con l\u2018Agenzia Italiana del Turismo (ENIT) e la Camera di Commercio e Industria Italiana per la Spagna (CCIS). Jos\u00e9 Luis Guardado Buelga, asturiano di 26 anni, e Paolo Mangianti, 33enne originario di Domodossola, hanno conquistato la giuria con alcuni piatti tipici della cucina italiana, mettendo in campo creativit\u00e0 e inventiva. Il primo \u00e8 architetto di professione ma con la passione per i fornelli sin da piccolo; il secondo lavora gi\u00e0 da alcuni anni in un ristorante italiano di L\u2019Hospitalet de Llobregat, vicino Barcellona, dopo alcune esperienze in Svizzera e Australia.<\/p>\n\n\n\n<p>La finale del concorso si \u00e8 svolta allo spazio gastronomico \u201cThe Kitchen Club\u201d di Madrid e ha visto la partecipazione di sei giovani concorrenti, valutati da una giuria di eccezione: l\u2019Ambasciatore <strong>Stefano Sannino<\/strong>, lo chef spagnolo <strong>Ram\u00f3n Freixa<\/strong>, lo chef italiano <strong>Fabio Giacopelli<\/strong>, la direttrice di \u201cCanal Cocina\u201d <strong>Mandi Ciriza<\/strong>, il giornalista e critico gastronomico <strong>Alberto Luchini<\/strong>. La giuria ha tenuto in conto le conoscenze generali di cucina, l\u2019esperienza dei candidati e il loro potenziale di apprendimento e sviluppo professionale della cucina italiana. I due vincitori accederanno ora ad un corso di perfezionamento di 14 settimane, a partire dal 29 aprile prossimo, presso la prestigiosa&nbsp;<a href=\"https:\/\/www.alma.scuolacucina.it\/it\/\">scuola ALMA di Colorno (Parma)<\/a>, e proseguiranno la loro formazione con un periodo di stage in alcuni importanti ristoranti italiani.<\/p>\n\n\n\n<figure class=\"wp-block-image\"><img decoding=\"async\" src=\"https:\/\/www.italcamara-es.com\/wp-content\/uploads\/2019\/02\/concurso-900-1.jpg\" alt=\"\" class=\"wp-image-20181\"\/><\/figure>\n\n\n\n<p>\u201cSiamo molto soddisfatti di questa seconda edizione del concorso in cui le istituzioni italiane si avvalgono della collaborazione di prestigiosi esponenti spagnoli del mondo della cucina, ai quali siamo molto grati. Soprattutto, siamo molto felici che in questa occasione il progetto sia stato organizzato con la collaborazione di grandi imprese italiane come Pasta Garofalo e Reale Seguros &#8211; ha dichiarato l\u2019Ambasciatore Sannino -. Il positivo riscontro ci conferma l\u2019importanza di continuare ad investire sui giovani, spagnoli o italiani residenti in Spagna, che andranno in Italia per acquisire una formazione specifica che li aiuti ad inserirsi nel mercato del lavoro e che li trasformi nell\u2019anello di congiunzione tra i nostri due Paesi. Ragazzi e ragazze che conosceranno il meglio della gastronomia italiana e che potranno farla conoscere qui in Spagna\u201d.<\/p>\n\n\n\n<figure class=\"wp-block-image\"><img decoding=\"async\" src=\"https:\/\/www.italcamara-es.com\/wp-content\/uploads\/2019\/02\/concurso-2-900-1.jpg\" alt=\"\" class=\"wp-image-20182\"\/><\/figure>\n\n\n\n<p>Il progetto ITmakES e il concorso \u201cPrepara il Tuo Futuro &#8211; Nuovi talenti della cucina italiana\u201d si inquadrano nella strategia di promozione integrata \u201cVivere all\u2019Italiana\u201d promossa dal Ministero degli Affari Esteri italiano.<\/p>\n","protected":false},"excerpt":{"rendered":"<p>Uno spagnolo ed un italiano, entrambi residenti a Barcellona, sono i due vincitori della seconda edizione del concorso \u201cPrepara il tuo futuro &#8211; Nuovi talenti della cucina italiana\u201d, lanciato dall\u2019Ambasciata d\u2019Italia a Madrid nell\u2019ambito del progetto ITmakES, in collaborazione con l\u2018Agenzia Italiana del Turismo (ENIT) e la Camera di Commercio e Industria Italiana per la [&hellip;]<\/p>\n","protected":false},"author":1,"featured_media":54710,"comment_status":"open","ping_status":"open","sticky":false,"template":"","format":"standard","meta":{"inline_featured_image":false,"ocean_post_layout":"","ocean_both_sidebars_style":"","ocean_both_sidebars_content_width":0,"ocean_both_sidebars_sidebars_width":0,"ocean_sidebar":"","ocean_second_sidebar":"","ocean_disable_margins":"enable","ocean_add_body_class":"","ocean_shortcode_before_top_bar":"","ocean_shortcode_after_top_bar":"","ocean_shortcode_before_header":"","ocean_shortcode_after_header":"","ocean_has_shortcode":"","ocean_shortcode_after_title":"","ocean_shortcode_before_footer_widgets":"","ocean_shortcode_after_footer_widgets":"","ocean_shortcode_before_footer_bottom":"","ocean_shortcode_after_footer_bottom":"","ocean_display_top_bar":"default","ocean_display_header":"default","ocean_header_style":"","ocean_center_header_left_menu":"","ocean_custom_header_template":"","ocean_custom_logo":0,"ocean_custom_retina_logo":0,"ocean_custom_logo_max_width":0,"ocean_custom_logo_tablet_max_width":0,"ocean_custom_logo_mobile_max_width":0,"ocean_custom_logo_max_height":0,"ocean_custom_logo_tablet_max_height":0,"ocean_custom_logo_mobile_max_height":0,"ocean_header_custom_menu":"","ocean_menu_typo_font_family":"","ocean_menu_typo_font_subset":"","ocean_menu_typo_font_size":0,"ocean_menu_typo_font_size_tablet":0,"ocean_menu_typo_font_size_mobile":0,"ocean_menu_typo_font_size_unit":"px","ocean_menu_typo_font_weight":"","ocean_menu_typo_font_weight_tablet":"","ocean_menu_typo_font_weight_mobile":"","ocean_menu_typo_transform":"","ocean_menu_typo_transform_tablet":"","ocean_menu_typo_transform_mobile":"","ocean_menu_typo_line_height":0,"ocean_menu_typo_line_height_tablet":0,"ocean_menu_typo_line_height_mobile":0,"ocean_menu_typo_line_height_unit":"","ocean_menu_typo_spacing":0,"ocean_menu_typo_spacing_tablet":0,"ocean_menu_typo_spacing_mobile":0,"ocean_menu_typo_spacing_unit":"","ocean_menu_link_color":"","ocean_menu_link_color_hover":"","ocean_menu_link_color_active":"","ocean_menu_link_background":"","ocean_menu_link_hover_background":"","ocean_menu_link_active_background":"","ocean_menu_social_links_bg":"","ocean_menu_social_hover_links_bg":"","ocean_menu_social_links_color":"","ocean_menu_social_hover_links_color":"","ocean_disable_title":"default","ocean_disable_heading":"default","ocean_post_title":"","ocean_post_subheading":"","ocean_post_title_style":"","ocean_post_title_background_color":"","ocean_post_title_background":0,"ocean_post_title_bg_image_position":"","ocean_post_title_bg_image_attachment":"","ocean_post_title_bg_image_repeat":"","ocean_post_title_bg_image_size":"","ocean_post_title_height":0,"ocean_post_title_bg_overlay":0.5,"ocean_post_title_bg_overlay_color":"","ocean_disable_breadcrumbs":"default","ocean_breadcrumbs_color":"","ocean_breadcrumbs_separator_color":"","ocean_breadcrumbs_links_color":"","ocean_breadcrumbs_links_hover_color":"","ocean_display_footer_widgets":"default","ocean_display_footer_bottom":"default","ocean_custom_footer_template":"","ocean_post_oembed":"","ocean_post_self_hosted_media":"","ocean_post_video_embed":"","ocean_link_format":"","ocean_link_format_target":"self","ocean_quote_format":"","ocean_quote_format_link":"post","ocean_gallery_link_images":"on","ocean_gallery_id":[],"footnotes":""},"categories":[133],"tags":[139],"class_list":["post-56123","post","type-post","status-publish","format-standard","has-post-thumbnail","hentry","category-notizie","tag-notizie-di-la-ccis","entry","has-media"],"yoast_head":"<!-- This site is optimized with the Yoast SEO plugin v27.5 - https:\/\/yoast.com\/product\/yoast-seo-wordpress\/ -->\n<title>I vincitori del concorso &quot;Giovani talenti della cucina italiana&quot; - Italcamara<\/title>\n<meta name=\"robots\" content=\"index, follow, max-snippet:-1, max-image-preview:large, max-video-preview:-1\" \/>\n<link rel=\"canonical\" href=\"https:\/\/italcamara-es.com\/it\/notizie\/i-vincitori-del-concorso-giovani-talenti-della-cucina-italiana\/\" \/>\n<meta property=\"og:locale\" content=\"it_IT\" \/>\n<meta property=\"og:type\" content=\"article\" \/>\n<meta property=\"og:title\" content=\"I vincitori del concorso &quot;Giovani talenti della cucina italiana&quot; - Italcamara\" \/>\n<meta property=\"og:description\" content=\"Uno spagnolo ed un italiano, entrambi residenti a Barcellona, sono i due vincitori della seconda edizione del concorso \u201cPrepara il tuo futuro &#8211; Nuovi talenti della cucina italiana\u201d, lanciato dall\u2019Ambasciata d\u2019Italia a Madrid nell\u2019ambito del progetto ITmakES, in collaborazione con l\u2018Agenzia Italiana del Turismo (ENIT) e la Camera di Commercio e Industria Italiana per la [&hellip;]\" \/>\n<meta property=\"og:url\" content=\"https:\/\/italcamara-es.com\/it\/notizie\/i-vincitori-del-concorso-giovani-talenti-della-cucina-italiana\/\" \/>\n<meta property=\"og:site_name\" content=\"Italcamara\" \/>\n<meta property=\"article:published_time\" content=\"2019-02-25T08:04:06+00:00\" \/>\n<meta property=\"og:image\" content=\"https:\/\/italcamara-es.com\/wp-content\/uploads\/2025\/03\/concurso-500.jpg\" \/>\n\t<meta property=\"og:image:width\" content=\"500\" \/>\n\t<meta property=\"og:image:height\" content=\"280\" \/>\n\t<meta property=\"og:image:type\" content=\"image\/jpeg\" \/>\n<meta name=\"author\" content=\"administrador\" \/>\n<meta name=\"twitter:card\" content=\"summary_large_image\" \/>\n<meta name=\"twitter:label1\" content=\"Scritto da\" \/>\n\t<meta name=\"twitter:data1\" content=\"administrador\" \/>\n\t<meta name=\"twitter:label2\" content=\"Tempo di lettura stimato\" \/>\n\t<meta name=\"twitter:data2\" content=\"2 minuti\" \/>\n<script type=\"application\/ld+json\" class=\"yoast-schema-graph\">{\"@context\":\"https:\\\/\\\/schema.org\",\"@graph\":[{\"@type\":\"Article\",\"@id\":\"https:\\\/\\\/italcamara-es.com\\\/it\\\/notizie\\\/i-vincitori-del-concorso-giovani-talenti-della-cucina-italiana\\\/#article\",\"isPartOf\":{\"@id\":\"https:\\\/\\\/italcamara-es.com\\\/it\\\/notizie\\\/i-vincitori-del-concorso-giovani-talenti-della-cucina-italiana\\\/\"},\"author\":{\"name\":\"administrador\",\"@id\":\"https:\\\/\\\/italcamara-es.com\\\/#\\\/schema\\\/person\\\/bb3c56263e405bbd9a15171dcfee93bb\"},\"headline\":\"I vincitori del concorso &#8220;Giovani talenti della cucina italiana&#8221;\",\"datePublished\":\"2019-02-25T08:04:06+00:00\",\"mainEntityOfPage\":{\"@id\":\"https:\\\/\\\/italcamara-es.com\\\/it\\\/notizie\\\/i-vincitori-del-concorso-giovani-talenti-della-cucina-italiana\\\/\"},\"wordCount\":432,\"commentCount\":0,\"image\":{\"@id\":\"https:\\\/\\\/italcamara-es.com\\\/it\\\/notizie\\\/i-vincitori-del-concorso-giovani-talenti-della-cucina-italiana\\\/#primaryimage\"},\"thumbnailUrl\":\"https:\\\/\\\/italcamara-es.com\\\/wp-content\\\/uploads\\\/2025\\\/03\\\/concurso-500.jpg\",\"keywords\":[\"Notizie di la CCIS\"],\"articleSection\":[\"Notizie\"],\"inLanguage\":\"it-IT\",\"potentialAction\":[{\"@type\":\"CommentAction\",\"name\":\"Comment\",\"target\":[\"https:\\\/\\\/italcamara-es.com\\\/it\\\/notizie\\\/i-vincitori-del-concorso-giovani-talenti-della-cucina-italiana\\\/#respond\"]}]},{\"@type\":\"WebPage\",\"@id\":\"https:\\\/\\\/italcamara-es.com\\\/it\\\/notizie\\\/i-vincitori-del-concorso-giovani-talenti-della-cucina-italiana\\\/\",\"url\":\"https:\\\/\\\/italcamara-es.com\\\/it\\\/notizie\\\/i-vincitori-del-concorso-giovani-talenti-della-cucina-italiana\\\/\",\"name\":\"I vincitori del concorso \\\"Giovani talenti della cucina italiana\\\" - Italcamara\",\"isPartOf\":{\"@id\":\"https:\\\/\\\/italcamara-es.com\\\/#website\"},\"primaryImageOfPage\":{\"@id\":\"https:\\\/\\\/italcamara-es.com\\\/it\\\/notizie\\\/i-vincitori-del-concorso-giovani-talenti-della-cucina-italiana\\\/#primaryimage\"},\"image\":{\"@id\":\"https:\\\/\\\/italcamara-es.com\\\/it\\\/notizie\\\/i-vincitori-del-concorso-giovani-talenti-della-cucina-italiana\\\/#primaryimage\"},\"thumbnailUrl\":\"https:\\\/\\\/italcamara-es.com\\\/wp-content\\\/uploads\\\/2025\\\/03\\\/concurso-500.jpg\",\"datePublished\":\"2019-02-25T08:04:06+00:00\",\"author\":{\"@id\":\"https:\\\/\\\/italcamara-es.com\\\/#\\\/schema\\\/person\\\/bb3c56263e405bbd9a15171dcfee93bb\"},\"breadcrumb\":{\"@id\":\"https:\\\/\\\/italcamara-es.com\\\/it\\\/notizie\\\/i-vincitori-del-concorso-giovani-talenti-della-cucina-italiana\\\/#breadcrumb\"},\"inLanguage\":\"it-IT\",\"potentialAction\":[{\"@type\":\"ReadAction\",\"target\":[\"https:\\\/\\\/italcamara-es.com\\\/it\\\/notizie\\\/i-vincitori-del-concorso-giovani-talenti-della-cucina-italiana\\\/\"]}]},{\"@type\":\"ImageObject\",\"inLanguage\":\"it-IT\",\"@id\":\"https:\\\/\\\/italcamara-es.com\\\/it\\\/notizie\\\/i-vincitori-del-concorso-giovani-talenti-della-cucina-italiana\\\/#primaryimage\",\"url\":\"https:\\\/\\\/italcamara-es.com\\\/wp-content\\\/uploads\\\/2025\\\/03\\\/concurso-500.jpg\",\"contentUrl\":\"https:\\\/\\\/italcamara-es.com\\\/wp-content\\\/uploads\\\/2025\\\/03\\\/concurso-500.jpg\",\"width\":500,\"height\":280},{\"@type\":\"BreadcrumbList\",\"@id\":\"https:\\\/\\\/italcamara-es.com\\\/it\\\/notizie\\\/i-vincitori-del-concorso-giovani-talenti-della-cucina-italiana\\\/#breadcrumb\",\"itemListElement\":[{\"@type\":\"ListItem\",\"position\":1,\"name\":\"Inicio\",\"item\":\"https:\\\/\\\/italcamara-es.com\\\/\"},{\"@type\":\"ListItem\",\"position\":2,\"name\":\"I vincitori del concorso \u00abGiovani talenti della cucina italiana\u00bb\"}]},{\"@type\":\"WebSite\",\"@id\":\"https:\\\/\\\/italcamara-es.com\\\/#website\",\"url\":\"https:\\\/\\\/italcamara-es.com\\\/\",\"name\":\"Italcamara\",\"description\":\"\",\"potentialAction\":[{\"@type\":\"SearchAction\",\"target\":{\"@type\":\"EntryPoint\",\"urlTemplate\":\"https:\\\/\\\/italcamara-es.com\\\/?s={search_term_string}\"},\"query-input\":{\"@type\":\"PropertyValueSpecification\",\"valueRequired\":true,\"valueName\":\"search_term_string\"}}],\"inLanguage\":\"it-IT\"},{\"@type\":\"Person\",\"@id\":\"https:\\\/\\\/italcamara-es.com\\\/#\\\/schema\\\/person\\\/bb3c56263e405bbd9a15171dcfee93bb\",\"name\":\"administrador\",\"image\":{\"@type\":\"ImageObject\",\"inLanguage\":\"it-IT\",\"@id\":\"https:\\\/\\\/secure.gravatar.com\\\/avatar\\\/14b5e63db38320b12031bb28cf9f77e210aa71fb3a8a3602a3c9a05134fa75eb?s=96&d=mm&r=g\",\"url\":\"https:\\\/\\\/secure.gravatar.com\\\/avatar\\\/14b5e63db38320b12031bb28cf9f77e210aa71fb3a8a3602a3c9a05134fa75eb?s=96&d=mm&r=g\",\"contentUrl\":\"https:\\\/\\\/secure.gravatar.com\\\/avatar\\\/14b5e63db38320b12031bb28cf9f77e210aa71fb3a8a3602a3c9a05134fa75eb?s=96&d=mm&r=g\",\"caption\":\"administrador\"},\"sameAs\":[\"http:\\\/\\\/pre.italcamara-es.com\"],\"url\":\"https:\\\/\\\/italcamara-es.com\\\/it\\\/author\\\/administrador\\\/\"}]}<\/script>\n<!-- \/ Yoast SEO plugin. -->","yoast_head_json":{"title":"I vincitori del concorso \"Giovani talenti della cucina italiana\" - Italcamara","robots":{"index":"index","follow":"follow","max-snippet":"max-snippet:-1","max-image-preview":"max-image-preview:large","max-video-preview":"max-video-preview:-1"},"canonical":"https:\/\/italcamara-es.com\/it\/notizie\/i-vincitori-del-concorso-giovani-talenti-della-cucina-italiana\/","og_locale":"it_IT","og_type":"article","og_title":"I vincitori del concorso \"Giovani talenti della cucina italiana\" - Italcamara","og_description":"Uno spagnolo ed un italiano, entrambi residenti a Barcellona, sono i due vincitori della seconda edizione del concorso \u201cPrepara il tuo futuro &#8211; Nuovi talenti della cucina italiana\u201d, lanciato dall\u2019Ambasciata d\u2019Italia a Madrid nell\u2019ambito del progetto ITmakES, in collaborazione con l\u2018Agenzia Italiana del Turismo (ENIT) e la Camera di Commercio e Industria Italiana per la [&hellip;]","og_url":"https:\/\/italcamara-es.com\/it\/notizie\/i-vincitori-del-concorso-giovani-talenti-della-cucina-italiana\/","og_site_name":"Italcamara","article_published_time":"2019-02-25T08:04:06+00:00","og_image":[{"width":500,"height":280,"url":"https:\/\/italcamara-es.com\/wp-content\/uploads\/2025\/03\/concurso-500.jpg","type":"image\/jpeg"}],"author":"administrador","twitter_card":"summary_large_image","twitter_misc":{"Scritto da":"administrador","Tempo di lettura stimato":"2 minuti"},"schema":{"@context":"https:\/\/schema.org","@graph":[{"@type":"Article","@id":"https:\/\/italcamara-es.com\/it\/notizie\/i-vincitori-del-concorso-giovani-talenti-della-cucina-italiana\/#article","isPartOf":{"@id":"https:\/\/italcamara-es.com\/it\/notizie\/i-vincitori-del-concorso-giovani-talenti-della-cucina-italiana\/"},"author":{"name":"administrador","@id":"https:\/\/italcamara-es.com\/#\/schema\/person\/bb3c56263e405bbd9a15171dcfee93bb"},"headline":"I vincitori del concorso &#8220;Giovani talenti della cucina italiana&#8221;","datePublished":"2019-02-25T08:04:06+00:00","mainEntityOfPage":{"@id":"https:\/\/italcamara-es.com\/it\/notizie\/i-vincitori-del-concorso-giovani-talenti-della-cucina-italiana\/"},"wordCount":432,"commentCount":0,"image":{"@id":"https:\/\/italcamara-es.com\/it\/notizie\/i-vincitori-del-concorso-giovani-talenti-della-cucina-italiana\/#primaryimage"},"thumbnailUrl":"https:\/\/italcamara-es.com\/wp-content\/uploads\/2025\/03\/concurso-500.jpg","keywords":["Notizie di la CCIS"],"articleSection":["Notizie"],"inLanguage":"it-IT","potentialAction":[{"@type":"CommentAction","name":"Comment","target":["https:\/\/italcamara-es.com\/it\/notizie\/i-vincitori-del-concorso-giovani-talenti-della-cucina-italiana\/#respond"]}]},{"@type":"WebPage","@id":"https:\/\/italcamara-es.com\/it\/notizie\/i-vincitori-del-concorso-giovani-talenti-della-cucina-italiana\/","url":"https:\/\/italcamara-es.com\/it\/notizie\/i-vincitori-del-concorso-giovani-talenti-della-cucina-italiana\/","name":"I vincitori del concorso \"Giovani talenti della cucina italiana\" - Italcamara","isPartOf":{"@id":"https:\/\/italcamara-es.com\/#website"},"primaryImageOfPage":{"@id":"https:\/\/italcamara-es.com\/it\/notizie\/i-vincitori-del-concorso-giovani-talenti-della-cucina-italiana\/#primaryimage"},"image":{"@id":"https:\/\/italcamara-es.com\/it\/notizie\/i-vincitori-del-concorso-giovani-talenti-della-cucina-italiana\/#primaryimage"},"thumbnailUrl":"https:\/\/italcamara-es.com\/wp-content\/uploads\/2025\/03\/concurso-500.jpg","datePublished":"2019-02-25T08:04:06+00:00","author":{"@id":"https:\/\/italcamara-es.com\/#\/schema\/person\/bb3c56263e405bbd9a15171dcfee93bb"},"breadcrumb":{"@id":"https:\/\/italcamara-es.com\/it\/notizie\/i-vincitori-del-concorso-giovani-talenti-della-cucina-italiana\/#breadcrumb"},"inLanguage":"it-IT","potentialAction":[{"@type":"ReadAction","target":["https:\/\/italcamara-es.com\/it\/notizie\/i-vincitori-del-concorso-giovani-talenti-della-cucina-italiana\/"]}]},{"@type":"ImageObject","inLanguage":"it-IT","@id":"https:\/\/italcamara-es.com\/it\/notizie\/i-vincitori-del-concorso-giovani-talenti-della-cucina-italiana\/#primaryimage","url":"https:\/\/italcamara-es.com\/wp-content\/uploads\/2025\/03\/concurso-500.jpg","contentUrl":"https:\/\/italcamara-es.com\/wp-content\/uploads\/2025\/03\/concurso-500.jpg","width":500,"height":280},{"@type":"BreadcrumbList","@id":"https:\/\/italcamara-es.com\/it\/notizie\/i-vincitori-del-concorso-giovani-talenti-della-cucina-italiana\/#breadcrumb","itemListElement":[{"@type":"ListItem","position":1,"name":"Inicio","item":"https:\/\/italcamara-es.com\/"},{"@type":"ListItem","position":2,"name":"I vincitori del concorso \u00abGiovani talenti della cucina italiana\u00bb"}]},{"@type":"WebSite","@id":"https:\/\/italcamara-es.com\/#website","url":"https:\/\/italcamara-es.com\/","name":"Italcamara","description":"","potentialAction":[{"@type":"SearchAction","target":{"@type":"EntryPoint","urlTemplate":"https:\/\/italcamara-es.com\/?s={search_term_string}"},"query-input":{"@type":"PropertyValueSpecification","valueRequired":true,"valueName":"search_term_string"}}],"inLanguage":"it-IT"},{"@type":"Person","@id":"https:\/\/italcamara-es.com\/#\/schema\/person\/bb3c56263e405bbd9a15171dcfee93bb","name":"administrador","image":{"@type":"ImageObject","inLanguage":"it-IT","@id":"https:\/\/secure.gravatar.com\/avatar\/14b5e63db38320b12031bb28cf9f77e210aa71fb3a8a3602a3c9a05134fa75eb?s=96&d=mm&r=g","url":"https:\/\/secure.gravatar.com\/avatar\/14b5e63db38320b12031bb28cf9f77e210aa71fb3a8a3602a3c9a05134fa75eb?s=96&d=mm&r=g","contentUrl":"https:\/\/secure.gravatar.com\/avatar\/14b5e63db38320b12031bb28cf9f77e210aa71fb3a8a3602a3c9a05134fa75eb?s=96&d=mm&r=g","caption":"administrador"},"sameAs":["http:\/\/pre.italcamara-es.com"],"url":"https:\/\/italcamara-es.com\/it\/author\/administrador\/"}]}},"rttpg_featured_image_url":{"full":["https:\/\/italcamara-es.com\/wp-content\/uploads\/2025\/03\/concurso-500.jpg",500,280,false],"landscape":["https:\/\/italcamara-es.com\/wp-content\/uploads\/2025\/03\/concurso-500.jpg",500,280,false],"portraits":["https:\/\/italcamara-es.com\/wp-content\/uploads\/2025\/03\/concurso-500.jpg",500,280,false],"thumbnail":["https:\/\/italcamara-es.com\/wp-content\/uploads\/2025\/03\/concurso-500-150x150.jpg",150,150,true],"medium":["https:\/\/italcamara-es.com\/wp-content\/uploads\/2025\/03\/concurso-500-300x168.jpg",300,168,true],"large":["https:\/\/italcamara-es.com\/wp-content\/uploads\/2025\/03\/concurso-500.jpg",500,280,false],"1536x1536":["https:\/\/italcamara-es.com\/wp-content\/uploads\/2025\/03\/concurso-500.jpg",500,280,false],"2048x2048":["https:\/\/italcamara-es.com\/wp-content\/uploads\/2025\/03\/concurso-500.jpg",500,280,false],"ocean-thumb-m":["https:\/\/italcamara-es.com\/wp-content\/uploads\/2025\/03\/concurso-500.jpg",500,280,false],"ocean-thumb-ml":["https:\/\/italcamara-es.com\/wp-content\/uploads\/2025\/03\/concurso-500.jpg",500,280,false],"ocean-thumb-l":["https:\/\/italcamara-es.com\/wp-content\/uploads\/2025\/03\/concurso-500.jpg",500,280,false],"directorist_preview":["https:\/\/italcamara-es.com\/wp-content\/uploads\/2025\/03\/concurso-500.jpg",500,280,false]},"rttpg_author":{"display_name":"administrador","author_link":"https:\/\/italcamara-es.com\/it\/author\/administrador\/"},"rttpg_comment":0,"rttpg_category":"<a href=\"https:\/\/italcamara-es.com\/it\/category\/notizie\/\" rel=\"category tag\">Notizie<\/a>","rttpg_excerpt":"Uno spagnolo ed un italiano, entrambi residenti a Barcellona, sono i due vincitori della seconda edizione del concorso \u201cPrepara il tuo futuro &#8211; Nuovi talenti della cucina italiana\u201d, lanciato dall\u2019Ambasciata d\u2019Italia a Madrid nell\u2019ambito del progetto ITmakES, in collaborazione con l\u2018Agenzia Italiana del Turismo (ENIT) e la Camera di Commercio e Industria Italiana per la&hellip;","_links":{"self":[{"href":"https:\/\/italcamara-es.com\/it\/wp-json\/wp\/v2\/posts\/56123","targetHints":{"allow":["GET"]}}],"collection":[{"href":"https:\/\/italcamara-es.com\/it\/wp-json\/wp\/v2\/posts"}],"about":[{"href":"https:\/\/italcamara-es.com\/it\/wp-json\/wp\/v2\/types\/post"}],"author":[{"embeddable":true,"href":"https:\/\/italcamara-es.com\/it\/wp-json\/wp\/v2\/users\/1"}],"replies":[{"embeddable":true,"href":"https:\/\/italcamara-es.com\/it\/wp-json\/wp\/v2\/comments?post=56123"}],"version-history":[{"count":0,"href":"https:\/\/italcamara-es.com\/it\/wp-json\/wp\/v2\/posts\/56123\/revisions"}],"wp:featuredmedia":[{"embeddable":true,"href":"https:\/\/italcamara-es.com\/it\/wp-json\/wp\/v2\/media\/54710"}],"wp:attachment":[{"href":"https:\/\/italcamara-es.com\/it\/wp-json\/wp\/v2\/media?parent=56123"}],"wp:term":[{"taxonomy":"category","embeddable":true,"href":"https:\/\/italcamara-es.com\/it\/wp-json\/wp\/v2\/categories?post=56123"},{"taxonomy":"post_tag","embeddable":true,"href":"https:\/\/italcamara-es.com\/it\/wp-json\/wp\/v2\/tags?post=56123"}],"curies":[{"name":"wp","href":"https:\/\/api.w.org\/{rel}","templated":true}]}}