	{"id":56124,"date":"2019-02-27T11:53:24","date_gmt":"2019-02-27T10:53:24","guid":{"rendered":"http:\/\/pre.italcamara-es.com\/senza-categoria\/grande-successo-della-masterclass-gastrofusion-encuentro-de-sabores\/"},"modified":"2019-02-27T11:53:24","modified_gmt":"2019-02-27T10:53:24","slug":"grande-successo-della-masterclass-gastrofusion-encuentro-de-sabores","status":"publish","type":"post","link":"https:\/\/italcamara-es.com\/it\/notizie\/grande-successo-della-masterclass-gastrofusion-encuentro-de-sabores\/","title":{"rendered":"Grande successo della masterclass &#8220;Gastrofusion: encuentro de sabores&#8221;"},"content":{"rendered":"\n<p>La Camera di Commercio e Industria Italiana per la Spagna (CCIS), in collaborazione con Mo&#8217; Better Food e la delegazione in Spagna della Federazione Italiana Cuochi (FIC) ha organizzato lo scorso 26 febbraio la masterclass &#8220;<strong>Gastrofusion: encuentro de sabores<\/strong>&#8220;.<\/p>\n\n\n\n<p>Si \u00e8 trattato di un&#8217;innovativa proposta di cucina creativa basata sulla fusione tra prodotti enogastronomici tipici delle tradizioni culinarie italiana e spagnola, con l&#8217;obiettivo di promuovere nel paese iberico nuove modalit\u00e0 di utilizzo e di consumo dei prodotti agroalimentari italiani autentici.<\/p>\n\n\n\n<div class=\"wp-block-image\"><figure class=\"aligncenter is-resized\"><img decoding=\"async\" src=\"https:\/\/www.italcamara-es.com\/wp-content\/uploads\/2019\/02\/xMasterclass_100autentico-150.jpg\" alt=\"\" class=\"wp-image-20308\" width=\"700\"\/><\/figure><\/div>\n\n\n\n<p>L&#8217;iniziativa si \u00e8 svolta nei locali di <em>A Punto &#8211; Centro Cultural del Gusto<\/em>, nella centrica calle Hortaleza di Madrid ed ha visto la presenza di 25 invitati tra rappresentanti di imprese di distribuzione di prodotti gastronomici, GDO, esperti gastronomi, execcutive chef, imprese di catering, giornalisti, blogger e rappresentanti di associazioni del settore.<\/p>\n\n\n\n<div class=\"wp-block-image\"><figure class=\"aligncenter is-resized\"><img decoding=\"async\" src=\"https:\/\/www.italcamara-es.com\/wp-content\/uploads\/2019\/02\/xMasterclass_100autentico-123.jpg\" alt=\"\" class=\"wp-image-20305\" width=\"700\"\/><\/figure><\/div>\n\n\n\n<p>Gli chef <strong>Alessandro Cresta<\/strong>, <strong>Marco Bozzolini <\/strong>(entrembi membri della FIC) e la canaria <strong>Catalina Brennan Maza<\/strong>, hanno preparato un men\u00fa a base di originali ricette di cucina fusion italo-spagnola utilizzando prodotti tipici della tradizione culinaria regionale del Belpaese, tra cui il basilico di Pra&#8217;, la ricotta di bufala campana, le olive taggiasche, la scamorza, il tartufo bianco di Alba ed il riso carnaroli.<\/p>\n\n\n\n<div class=\"wp-block-image\"><figure class=\"aligncenter is-resized\"><img decoding=\"async\" src=\"https:\/\/www.italcamara-es.com\/wp-content\/uploads\/2019\/02\/xMasterclass_100autentico-19.jpg\" alt=\"\" class=\"wp-image-20303\" width=\"700\"\/><\/figure><\/div>\n\n\n\n<p>Gli invitati hanno potuto assistere alla preparazione dei piatti e conoscere cos\u00ec in prima persona le caratteristiche e le propriet\u00e0 di ogni prodotto utilizzato, accompagnati dalla musica di Jonathan Colombo. In particolare, hanno avuto la possibilit\u00e0 di assistere alla preparazione integrale di uno dei piatti forti del men\u00fa proposto, il risotto con scamorza affumicata, ossubuco con salsa di midollo e polvere di <em>patanegra<\/em>, durante la quale lo chef Cresta ha parlato anche delle specificit\u00e0 del riso carnaroli che, grazie al suo diametro e all&#8217;ato contenuto di amido, si rende particolarmente adatto per questo tipo di piatti.<\/p>\n\n\n\n<div class=\"wp-block-image\"><figure class=\"aligncenter is-resized\"><img decoding=\"async\" src=\"https:\/\/www.italcamara-es.com\/wp-content\/uploads\/2019\/02\/xMasterclass_100autentico-171.jpg\" alt=\"\" class=\"wp-image-20304\" width=\"700\"\/><\/figure><\/div>\n\n\n\n<p>Da parte sua, prima della degustazione del men\u00f9 elaborato per l&#8217;occasione, <strong>Giovanni\nAric\u00f2<\/strong>, segretario generale della CCIS, ha voluto sottolineare l&#8217;importanza\ndell&#8217;iniziativa, che si inserisce nell&#8217;ambito del progetto <a href=\"http:\/\/www.100autentico.es\">\u00a1100% Aut\u00e9ntico! \u2013 True Italian\nTaste<\/a> per la valorizzazione dei prodotti agrioalimentari italiani autentici in\nSpagna, finanziato dal Ministero dello Sviluppo Economico e realizzato da <a href=\"http:\/\/www.assocamerestero.it\">Assocamerestero<\/a>\n(l&#8217;associazione delle Camere di Commercio Italiane all&#8217;estero). <\/p>\n\n\n\n<p>Inoltre, Aric\u00f2 ha anticipato ai presenti le altre attivit\u00e0 che la Camera organizzer\u00e0 nel corso dell&#8217;anno nell&#8217;ambito del progetto, tra cui il ciclo di cene sensoriali &#8220;<em>20 Buone Regioni per chiamarla Italia<\/em>&#8220;, per scoprire i segreti dell&#8217;autentica cucina regionale italiana e dei prodotti ad essa associati, che si lancer\u00e0 nel mese di Aprile.<\/p>\n\n\n\n<div class=\"wp-block-image\"><figure class=\"aligncenter is-resized\"><img decoding=\"async\" src=\"https:\/\/www.italcamara-es.com\/wp-content\/uploads\/2019\/02\/xMasterclass_100autentico-91.jpg\" alt=\"\" class=\"wp-image-20307\" width=\"700\"\/><\/figure><\/div>\n\n\n\n<p><\/p>\n\n\n\n<p><\/p>\n\n\n\n<p><\/p>\n\n\n\n<p><\/p>\n","protected":false},"excerpt":{"rendered":"<p>La Camera di Commercio e Industria Italiana per la Spagna (CCIS), in collaborazione con Mo&#8217; Better Food e la delegazione in Spagna della Federazione Italiana Cuochi (FIC) ha organizzato lo scorso 26 febbraio la masterclass &#8220;Gastrofusion: encuentro de sabores&#8220;. Si \u00e8 trattato di un&#8217;innovativa proposta di cucina creativa basata sulla fusione tra prodotti enogastronomici tipici [&hellip;]<\/p>\n","protected":false},"author":1,"featured_media":54712,"comment_status":"open","ping_status":"open","sticky":false,"template":"","format":"standard","meta":{"inline_featured_image":false,"ocean_post_layout":"","ocean_both_sidebars_style":"","ocean_both_sidebars_content_width":0,"ocean_both_sidebars_sidebars_width":0,"ocean_sidebar":"","ocean_second_sidebar":"","ocean_disable_margins":"enable","ocean_add_body_class":"","ocean_shortcode_before_top_bar":"","ocean_shortcode_after_top_bar":"","ocean_shortcode_before_header":"","ocean_shortcode_after_header":"","ocean_has_shortcode":"","ocean_shortcode_after_title":"","ocean_shortcode_before_footer_widgets":"","ocean_shortcode_after_footer_widgets":"","ocean_shortcode_before_footer_bottom":"","ocean_shortcode_after_footer_bottom":"","ocean_display_top_bar":"default","ocean_display_header":"default","ocean_header_style":"","ocean_center_header_left_menu":"","ocean_custom_header_template":"","ocean_custom_logo":0,"ocean_custom_retina_logo":0,"ocean_custom_logo_max_width":0,"ocean_custom_logo_tablet_max_width":0,"ocean_custom_logo_mobile_max_width":0,"ocean_custom_logo_max_height":0,"ocean_custom_logo_tablet_max_height":0,"ocean_custom_logo_mobile_max_height":0,"ocean_header_custom_menu":"","ocean_menu_typo_font_family":"","ocean_menu_typo_font_subset":"","ocean_menu_typo_font_size":0,"ocean_menu_typo_font_size_tablet":0,"ocean_menu_typo_font_size_mobile":0,"ocean_menu_typo_font_size_unit":"px","ocean_menu_typo_font_weight":"","ocean_menu_typo_font_weight_tablet":"","ocean_menu_typo_font_weight_mobile":"","ocean_menu_typo_transform":"","ocean_menu_typo_transform_tablet":"","ocean_menu_typo_transform_mobile":"","ocean_menu_typo_line_height":0,"ocean_menu_typo_line_height_tablet":0,"ocean_menu_typo_line_height_mobile":0,"ocean_menu_typo_line_height_unit":"","ocean_menu_typo_spacing":0,"ocean_menu_typo_spacing_tablet":0,"ocean_menu_typo_spacing_mobile":0,"ocean_menu_typo_spacing_unit":"","ocean_menu_link_color":"","ocean_menu_link_color_hover":"","ocean_menu_link_color_active":"","ocean_menu_link_background":"","ocean_menu_link_hover_background":"","ocean_menu_link_active_background":"","ocean_menu_social_links_bg":"","ocean_menu_social_hover_links_bg":"","ocean_menu_social_links_color":"","ocean_menu_social_hover_links_color":"","ocean_disable_title":"default","ocean_disable_heading":"default","ocean_post_title":"","ocean_post_subheading":"","ocean_post_title_style":"","ocean_post_title_background_color":"","ocean_post_title_background":0,"ocean_post_title_bg_image_position":"","ocean_post_title_bg_image_attachment":"","ocean_post_title_bg_image_repeat":"","ocean_post_title_bg_image_size":"","ocean_post_title_height":0,"ocean_post_title_bg_overlay":0.5,"ocean_post_title_bg_overlay_color":"","ocean_disable_breadcrumbs":"default","ocean_breadcrumbs_color":"","ocean_breadcrumbs_separator_color":"","ocean_breadcrumbs_links_color":"","ocean_breadcrumbs_links_hover_color":"","ocean_display_footer_widgets":"default","ocean_display_footer_bottom":"default","ocean_custom_footer_template":"","ocean_post_oembed":"","ocean_post_self_hosted_media":"","ocean_post_video_embed":"","ocean_link_format":"","ocean_link_format_target":"self","ocean_quote_format":"","ocean_quote_format_link":"post","ocean_gallery_link_images":"on","ocean_gallery_id":[],"footnotes":""},"categories":[133],"tags":[139],"class_list":["post-56124","post","type-post","status-publish","format-standard","has-post-thumbnail","hentry","category-notizie","tag-notizie-di-la-ccis","entry","has-media"],"yoast_head":"<!-- This site is optimized with the Yoast SEO plugin v27.5 - https:\/\/yoast.com\/product\/yoast-seo-wordpress\/ -->\n<title>Grande successo della masterclass &quot;Gastrofusion: encuentro de sabores&quot; - Italcamara<\/title>\n<meta name=\"robots\" content=\"index, follow, max-snippet:-1, max-image-preview:large, max-video-preview:-1\" \/>\n<link rel=\"canonical\" href=\"https:\/\/italcamara-es.com\/it\/notizie\/grande-successo-della-masterclass-gastrofusion-encuentro-de-sabores\/\" \/>\n<meta property=\"og:locale\" content=\"it_IT\" \/>\n<meta property=\"og:type\" content=\"article\" \/>\n<meta property=\"og:title\" content=\"Grande successo della masterclass &quot;Gastrofusion: encuentro de sabores&quot; - Italcamara\" \/>\n<meta property=\"og:description\" content=\"La Camera di Commercio e Industria Italiana per la Spagna (CCIS), in collaborazione con Mo&#8217; Better Food e la delegazione in Spagna della Federazione Italiana Cuochi (FIC) ha organizzato lo scorso 26 febbraio la masterclass &#8220;Gastrofusion: encuentro de sabores&#8220;. Si \u00e8 trattato di un&#8217;innovativa proposta di cucina creativa basata sulla fusione tra prodotti enogastronomici tipici [&hellip;]\" \/>\n<meta property=\"og:url\" content=\"https:\/\/italcamara-es.com\/it\/notizie\/grande-successo-della-masterclass-gastrofusion-encuentro-de-sabores\/\" \/>\n<meta property=\"og:site_name\" content=\"Italcamara\" \/>\n<meta property=\"article:published_time\" content=\"2019-02-27T10:53:24+00:00\" \/>\n<meta property=\"og:image\" content=\"https:\/\/italcamara-es.com\/wp-content\/uploads\/2025\/03\/xMasterclass_100autentico.jpg\" \/>\n\t<meta property=\"og:image:width\" content=\"500\" \/>\n\t<meta property=\"og:image:height\" content=\"280\" \/>\n\t<meta property=\"og:image:type\" content=\"image\/jpeg\" \/>\n<meta name=\"author\" content=\"administrador\" \/>\n<meta name=\"twitter:card\" content=\"summary_large_image\" \/>\n<meta name=\"twitter:label1\" content=\"Scritto da\" \/>\n\t<meta name=\"twitter:data1\" content=\"administrador\" \/>\n\t<meta name=\"twitter:label2\" content=\"Tempo di lettura stimato\" \/>\n\t<meta name=\"twitter:data2\" content=\"2 minuti\" \/>\n<script type=\"application\/ld+json\" class=\"yoast-schema-graph\">{\"@context\":\"https:\\\/\\\/schema.org\",\"@graph\":[{\"@type\":\"Article\",\"@id\":\"https:\\\/\\\/italcamara-es.com\\\/it\\\/notizie\\\/grande-successo-della-masterclass-gastrofusion-encuentro-de-sabores\\\/#article\",\"isPartOf\":{\"@id\":\"https:\\\/\\\/italcamara-es.com\\\/it\\\/notizie\\\/grande-successo-della-masterclass-gastrofusion-encuentro-de-sabores\\\/\"},\"author\":{\"name\":\"administrador\",\"@id\":\"https:\\\/\\\/italcamara-es.com\\\/#\\\/schema\\\/person\\\/bb3c56263e405bbd9a15171dcfee93bb\"},\"headline\":\"Grande successo della masterclass &#8220;Gastrofusion: encuentro de sabores&#8221;\",\"datePublished\":\"2019-02-27T10:53:24+00:00\",\"mainEntityOfPage\":{\"@id\":\"https:\\\/\\\/italcamara-es.com\\\/it\\\/notizie\\\/grande-successo-della-masterclass-gastrofusion-encuentro-de-sabores\\\/\"},\"wordCount\":421,\"commentCount\":0,\"image\":{\"@id\":\"https:\\\/\\\/italcamara-es.com\\\/it\\\/notizie\\\/grande-successo-della-masterclass-gastrofusion-encuentro-de-sabores\\\/#primaryimage\"},\"thumbnailUrl\":\"https:\\\/\\\/italcamara-es.com\\\/wp-content\\\/uploads\\\/2025\\\/03\\\/xMasterclass_100autentico.jpg\",\"keywords\":[\"Notizie di la CCIS\"],\"articleSection\":[\"Notizie\"],\"inLanguage\":\"it-IT\",\"potentialAction\":[{\"@type\":\"CommentAction\",\"name\":\"Comment\",\"target\":[\"https:\\\/\\\/italcamara-es.com\\\/it\\\/notizie\\\/grande-successo-della-masterclass-gastrofusion-encuentro-de-sabores\\\/#respond\"]}]},{\"@type\":\"WebPage\",\"@id\":\"https:\\\/\\\/italcamara-es.com\\\/it\\\/notizie\\\/grande-successo-della-masterclass-gastrofusion-encuentro-de-sabores\\\/\",\"url\":\"https:\\\/\\\/italcamara-es.com\\\/it\\\/notizie\\\/grande-successo-della-masterclass-gastrofusion-encuentro-de-sabores\\\/\",\"name\":\"Grande successo della masterclass \\\"Gastrofusion: encuentro de sabores\\\" - Italcamara\",\"isPartOf\":{\"@id\":\"https:\\\/\\\/italcamara-es.com\\\/#website\"},\"primaryImageOfPage\":{\"@id\":\"https:\\\/\\\/italcamara-es.com\\\/it\\\/notizie\\\/grande-successo-della-masterclass-gastrofusion-encuentro-de-sabores\\\/#primaryimage\"},\"image\":{\"@id\":\"https:\\\/\\\/italcamara-es.com\\\/it\\\/notizie\\\/grande-successo-della-masterclass-gastrofusion-encuentro-de-sabores\\\/#primaryimage\"},\"thumbnailUrl\":\"https:\\\/\\\/italcamara-es.com\\\/wp-content\\\/uploads\\\/2025\\\/03\\\/xMasterclass_100autentico.jpg\",\"datePublished\":\"2019-02-27T10:53:24+00:00\",\"author\":{\"@id\":\"https:\\\/\\\/italcamara-es.com\\\/#\\\/schema\\\/person\\\/bb3c56263e405bbd9a15171dcfee93bb\"},\"breadcrumb\":{\"@id\":\"https:\\\/\\\/italcamara-es.com\\\/it\\\/notizie\\\/grande-successo-della-masterclass-gastrofusion-encuentro-de-sabores\\\/#breadcrumb\"},\"inLanguage\":\"it-IT\",\"potentialAction\":[{\"@type\":\"ReadAction\",\"target\":[\"https:\\\/\\\/italcamara-es.com\\\/it\\\/notizie\\\/grande-successo-della-masterclass-gastrofusion-encuentro-de-sabores\\\/\"]}]},{\"@type\":\"ImageObject\",\"inLanguage\":\"it-IT\",\"@id\":\"https:\\\/\\\/italcamara-es.com\\\/it\\\/notizie\\\/grande-successo-della-masterclass-gastrofusion-encuentro-de-sabores\\\/#primaryimage\",\"url\":\"https:\\\/\\\/italcamara-es.com\\\/wp-content\\\/uploads\\\/2025\\\/03\\\/xMasterclass_100autentico.jpg\",\"contentUrl\":\"https:\\\/\\\/italcamara-es.com\\\/wp-content\\\/uploads\\\/2025\\\/03\\\/xMasterclass_100autentico.jpg\",\"width\":500,\"height\":280},{\"@type\":\"BreadcrumbList\",\"@id\":\"https:\\\/\\\/italcamara-es.com\\\/it\\\/notizie\\\/grande-successo-della-masterclass-gastrofusion-encuentro-de-sabores\\\/#breadcrumb\",\"itemListElement\":[{\"@type\":\"ListItem\",\"position\":1,\"name\":\"Inicio\",\"item\":\"https:\\\/\\\/italcamara-es.com\\\/\"},{\"@type\":\"ListItem\",\"position\":2,\"name\":\"Grande successo della masterclass \u00abGastrofusion: encuentro de sabores\u00bb\"}]},{\"@type\":\"WebSite\",\"@id\":\"https:\\\/\\\/italcamara-es.com\\\/#website\",\"url\":\"https:\\\/\\\/italcamara-es.com\\\/\",\"name\":\"Italcamara\",\"description\":\"\",\"potentialAction\":[{\"@type\":\"SearchAction\",\"target\":{\"@type\":\"EntryPoint\",\"urlTemplate\":\"https:\\\/\\\/italcamara-es.com\\\/?s={search_term_string}\"},\"query-input\":{\"@type\":\"PropertyValueSpecification\",\"valueRequired\":true,\"valueName\":\"search_term_string\"}}],\"inLanguage\":\"it-IT\"},{\"@type\":\"Person\",\"@id\":\"https:\\\/\\\/italcamara-es.com\\\/#\\\/schema\\\/person\\\/bb3c56263e405bbd9a15171dcfee93bb\",\"name\":\"administrador\",\"image\":{\"@type\":\"ImageObject\",\"inLanguage\":\"it-IT\",\"@id\":\"https:\\\/\\\/secure.gravatar.com\\\/avatar\\\/14b5e63db38320b12031bb28cf9f77e210aa71fb3a8a3602a3c9a05134fa75eb?s=96&d=mm&r=g\",\"url\":\"https:\\\/\\\/secure.gravatar.com\\\/avatar\\\/14b5e63db38320b12031bb28cf9f77e210aa71fb3a8a3602a3c9a05134fa75eb?s=96&d=mm&r=g\",\"contentUrl\":\"https:\\\/\\\/secure.gravatar.com\\\/avatar\\\/14b5e63db38320b12031bb28cf9f77e210aa71fb3a8a3602a3c9a05134fa75eb?s=96&d=mm&r=g\",\"caption\":\"administrador\"},\"sameAs\":[\"http:\\\/\\\/pre.italcamara-es.com\"],\"url\":\"https:\\\/\\\/italcamara-es.com\\\/it\\\/author\\\/administrador\\\/\"}]}<\/script>\n<!-- \/ Yoast SEO plugin. -->","yoast_head_json":{"title":"Grande successo della masterclass \"Gastrofusion: encuentro de sabores\" - Italcamara","robots":{"index":"index","follow":"follow","max-snippet":"max-snippet:-1","max-image-preview":"max-image-preview:large","max-video-preview":"max-video-preview:-1"},"canonical":"https:\/\/italcamara-es.com\/it\/notizie\/grande-successo-della-masterclass-gastrofusion-encuentro-de-sabores\/","og_locale":"it_IT","og_type":"article","og_title":"Grande successo della masterclass \"Gastrofusion: encuentro de sabores\" - Italcamara","og_description":"La Camera di Commercio e Industria Italiana per la Spagna (CCIS), in collaborazione con Mo&#8217; Better Food e la delegazione in Spagna della Federazione Italiana Cuochi (FIC) ha organizzato lo scorso 26 febbraio la masterclass &#8220;Gastrofusion: encuentro de sabores&#8220;. Si \u00e8 trattato di un&#8217;innovativa proposta di cucina creativa basata sulla fusione tra prodotti enogastronomici tipici [&hellip;]","og_url":"https:\/\/italcamara-es.com\/it\/notizie\/grande-successo-della-masterclass-gastrofusion-encuentro-de-sabores\/","og_site_name":"Italcamara","article_published_time":"2019-02-27T10:53:24+00:00","og_image":[{"width":500,"height":280,"url":"https:\/\/italcamara-es.com\/wp-content\/uploads\/2025\/03\/xMasterclass_100autentico.jpg","type":"image\/jpeg"}],"author":"administrador","twitter_card":"summary_large_image","twitter_misc":{"Scritto da":"administrador","Tempo di lettura stimato":"2 minuti"},"schema":{"@context":"https:\/\/schema.org","@graph":[{"@type":"Article","@id":"https:\/\/italcamara-es.com\/it\/notizie\/grande-successo-della-masterclass-gastrofusion-encuentro-de-sabores\/#article","isPartOf":{"@id":"https:\/\/italcamara-es.com\/it\/notizie\/grande-successo-della-masterclass-gastrofusion-encuentro-de-sabores\/"},"author":{"name":"administrador","@id":"https:\/\/italcamara-es.com\/#\/schema\/person\/bb3c56263e405bbd9a15171dcfee93bb"},"headline":"Grande successo della masterclass &#8220;Gastrofusion: encuentro de sabores&#8221;","datePublished":"2019-02-27T10:53:24+00:00","mainEntityOfPage":{"@id":"https:\/\/italcamara-es.com\/it\/notizie\/grande-successo-della-masterclass-gastrofusion-encuentro-de-sabores\/"},"wordCount":421,"commentCount":0,"image":{"@id":"https:\/\/italcamara-es.com\/it\/notizie\/grande-successo-della-masterclass-gastrofusion-encuentro-de-sabores\/#primaryimage"},"thumbnailUrl":"https:\/\/italcamara-es.com\/wp-content\/uploads\/2025\/03\/xMasterclass_100autentico.jpg","keywords":["Notizie di la CCIS"],"articleSection":["Notizie"],"inLanguage":"it-IT","potentialAction":[{"@type":"CommentAction","name":"Comment","target":["https:\/\/italcamara-es.com\/it\/notizie\/grande-successo-della-masterclass-gastrofusion-encuentro-de-sabores\/#respond"]}]},{"@type":"WebPage","@id":"https:\/\/italcamara-es.com\/it\/notizie\/grande-successo-della-masterclass-gastrofusion-encuentro-de-sabores\/","url":"https:\/\/italcamara-es.com\/it\/notizie\/grande-successo-della-masterclass-gastrofusion-encuentro-de-sabores\/","name":"Grande successo della masterclass \"Gastrofusion: encuentro de sabores\" - Italcamara","isPartOf":{"@id":"https:\/\/italcamara-es.com\/#website"},"primaryImageOfPage":{"@id":"https:\/\/italcamara-es.com\/it\/notizie\/grande-successo-della-masterclass-gastrofusion-encuentro-de-sabores\/#primaryimage"},"image":{"@id":"https:\/\/italcamara-es.com\/it\/notizie\/grande-successo-della-masterclass-gastrofusion-encuentro-de-sabores\/#primaryimage"},"thumbnailUrl":"https:\/\/italcamara-es.com\/wp-content\/uploads\/2025\/03\/xMasterclass_100autentico.jpg","datePublished":"2019-02-27T10:53:24+00:00","author":{"@id":"https:\/\/italcamara-es.com\/#\/schema\/person\/bb3c56263e405bbd9a15171dcfee93bb"},"breadcrumb":{"@id":"https:\/\/italcamara-es.com\/it\/notizie\/grande-successo-della-masterclass-gastrofusion-encuentro-de-sabores\/#breadcrumb"},"inLanguage":"it-IT","potentialAction":[{"@type":"ReadAction","target":["https:\/\/italcamara-es.com\/it\/notizie\/grande-successo-della-masterclass-gastrofusion-encuentro-de-sabores\/"]}]},{"@type":"ImageObject","inLanguage":"it-IT","@id":"https:\/\/italcamara-es.com\/it\/notizie\/grande-successo-della-masterclass-gastrofusion-encuentro-de-sabores\/#primaryimage","url":"https:\/\/italcamara-es.com\/wp-content\/uploads\/2025\/03\/xMasterclass_100autentico.jpg","contentUrl":"https:\/\/italcamara-es.com\/wp-content\/uploads\/2025\/03\/xMasterclass_100autentico.jpg","width":500,"height":280},{"@type":"BreadcrumbList","@id":"https:\/\/italcamara-es.com\/it\/notizie\/grande-successo-della-masterclass-gastrofusion-encuentro-de-sabores\/#breadcrumb","itemListElement":[{"@type":"ListItem","position":1,"name":"Inicio","item":"https:\/\/italcamara-es.com\/"},{"@type":"ListItem","position":2,"name":"Grande successo della masterclass \u00abGastrofusion: encuentro de sabores\u00bb"}]},{"@type":"WebSite","@id":"https:\/\/italcamara-es.com\/#website","url":"https:\/\/italcamara-es.com\/","name":"Italcamara","description":"","potentialAction":[{"@type":"SearchAction","target":{"@type":"EntryPoint","urlTemplate":"https:\/\/italcamara-es.com\/?s={search_term_string}"},"query-input":{"@type":"PropertyValueSpecification","valueRequired":true,"valueName":"search_term_string"}}],"inLanguage":"it-IT"},{"@type":"Person","@id":"https:\/\/italcamara-es.com\/#\/schema\/person\/bb3c56263e405bbd9a15171dcfee93bb","name":"administrador","image":{"@type":"ImageObject","inLanguage":"it-IT","@id":"https:\/\/secure.gravatar.com\/avatar\/14b5e63db38320b12031bb28cf9f77e210aa71fb3a8a3602a3c9a05134fa75eb?s=96&d=mm&r=g","url":"https:\/\/secure.gravatar.com\/avatar\/14b5e63db38320b12031bb28cf9f77e210aa71fb3a8a3602a3c9a05134fa75eb?s=96&d=mm&r=g","contentUrl":"https:\/\/secure.gravatar.com\/avatar\/14b5e63db38320b12031bb28cf9f77e210aa71fb3a8a3602a3c9a05134fa75eb?s=96&d=mm&r=g","caption":"administrador"},"sameAs":["http:\/\/pre.italcamara-es.com"],"url":"https:\/\/italcamara-es.com\/it\/author\/administrador\/"}]}},"rttpg_featured_image_url":{"full":["https:\/\/italcamara-es.com\/wp-content\/uploads\/2025\/03\/xMasterclass_100autentico.jpg",500,280,false],"landscape":["https:\/\/italcamara-es.com\/wp-content\/uploads\/2025\/03\/xMasterclass_100autentico.jpg",500,280,false],"portraits":["https:\/\/italcamara-es.com\/wp-content\/uploads\/2025\/03\/xMasterclass_100autentico.jpg",500,280,false],"thumbnail":["https:\/\/italcamara-es.com\/wp-content\/uploads\/2025\/03\/xMasterclass_100autentico-150x150.jpg",150,150,true],"medium":["https:\/\/italcamara-es.com\/wp-content\/uploads\/2025\/03\/xMasterclass_100autentico-300x168.jpg",300,168,true],"large":["https:\/\/italcamara-es.com\/wp-content\/uploads\/2025\/03\/xMasterclass_100autentico.jpg",500,280,false],"1536x1536":["https:\/\/italcamara-es.com\/wp-content\/uploads\/2025\/03\/xMasterclass_100autentico.jpg",500,280,false],"2048x2048":["https:\/\/italcamara-es.com\/wp-content\/uploads\/2025\/03\/xMasterclass_100autentico.jpg",500,280,false],"ocean-thumb-m":["https:\/\/italcamara-es.com\/wp-content\/uploads\/2025\/03\/xMasterclass_100autentico.jpg",500,280,false],"ocean-thumb-ml":["https:\/\/italcamara-es.com\/wp-content\/uploads\/2025\/03\/xMasterclass_100autentico.jpg",500,280,false],"ocean-thumb-l":["https:\/\/italcamara-es.com\/wp-content\/uploads\/2025\/03\/xMasterclass_100autentico.jpg",500,280,false],"directorist_preview":["https:\/\/italcamara-es.com\/wp-content\/uploads\/2025\/03\/xMasterclass_100autentico.jpg",500,280,false]},"rttpg_author":{"display_name":"administrador","author_link":"https:\/\/italcamara-es.com\/it\/author\/administrador\/"},"rttpg_comment":0,"rttpg_category":"<a href=\"https:\/\/italcamara-es.com\/it\/category\/notizie\/\" rel=\"category tag\">Notizie<\/a>","rttpg_excerpt":"La Camera di Commercio e Industria Italiana per la Spagna (CCIS), in collaborazione con Mo&#8217; Better Food e la delegazione in Spagna della Federazione Italiana Cuochi (FIC) ha organizzato lo scorso 26 febbraio la masterclass &#8220;Gastrofusion: encuentro de sabores&#8220;. Si \u00e8 trattato di un&#8217;innovativa proposta di cucina creativa basata sulla fusione tra prodotti enogastronomici tipici&hellip;","_links":{"self":[{"href":"https:\/\/italcamara-es.com\/it\/wp-json\/wp\/v2\/posts\/56124","targetHints":{"allow":["GET"]}}],"collection":[{"href":"https:\/\/italcamara-es.com\/it\/wp-json\/wp\/v2\/posts"}],"about":[{"href":"https:\/\/italcamara-es.com\/it\/wp-json\/wp\/v2\/types\/post"}],"author":[{"embeddable":true,"href":"https:\/\/italcamara-es.com\/it\/wp-json\/wp\/v2\/users\/1"}],"replies":[{"embeddable":true,"href":"https:\/\/italcamara-es.com\/it\/wp-json\/wp\/v2\/comments?post=56124"}],"version-history":[{"count":0,"href":"https:\/\/italcamara-es.com\/it\/wp-json\/wp\/v2\/posts\/56124\/revisions"}],"wp:featuredmedia":[{"embeddable":true,"href":"https:\/\/italcamara-es.com\/it\/wp-json\/wp\/v2\/media\/54712"}],"wp:attachment":[{"href":"https:\/\/italcamara-es.com\/it\/wp-json\/wp\/v2\/media?parent=56124"}],"wp:term":[{"taxonomy":"category","embeddable":true,"href":"https:\/\/italcamara-es.com\/it\/wp-json\/wp\/v2\/categories?post=56124"},{"taxonomy":"post_tag","embeddable":true,"href":"https:\/\/italcamara-es.com\/it\/wp-json\/wp\/v2\/tags?post=56124"}],"curies":[{"name":"wp","href":"https:\/\/api.w.org\/{rel}","templated":true}]}}