	{"id":56127,"date":"2019-03-14T16:22:55","date_gmt":"2019-03-14T15:22:55","guid":{"rendered":"http:\/\/pre.italcamara-es.com\/senza-categoria\/partecipazione-italiana-alla-xxiii-edizione-del-salon-internacional-de-gourmets\/"},"modified":"2019-03-14T16:22:55","modified_gmt":"2019-03-14T15:22:55","slug":"partecipazione-italiana-alla-xxiii-edizione-del-salon-internacional-de-gourmets","status":"publish","type":"post","link":"https:\/\/italcamara-es.com\/it\/notizie\/partecipazione-italiana-alla-xxiii-edizione-del-salon-internacional-de-gourmets\/","title":{"rendered":"Partecipazione italiana alla XXIII edizione del Sal\u00f3n Internacional de Gourmets"},"content":{"rendered":"\n<p>In seguito al grande successo dell\u2019edizione del 2018, durante la quale 16 imprese italiane esposero prodotti nello spazio dedicato alla gastronomia del Belpaese, la <strong>gastronomia italiana<\/strong> ritorna ad essere protagonista nella pi\u00f9 grande fiera del settore che si svolge a Madrid: il Sal\u00f3n Internacional de Gourmets.<\/p>\n\n\n\n<p>Dall\u20198 all\u201911 aprile 2019, pi\u00f9 di 90.000 professionisti si daranno appuntamento nello compelsso fieristico di IFEMA per la XXIII edizione della manifestazione dedicato ai prodotti tipici e di qualit\u00e0. Nell\u2019ambito della fiera, la Camera di Commercio e Industria Italiana per la Spagna (<strong>CCIS<\/strong>)&nbsp; gestir\u00e0 uno spazio espositivo di pi\u00f9 di 300m2 esclusivamente dedicato alla gastronomia italiana. L\u2019<strong>Area Italia<\/strong> accoglier\u00e0 21 imprese espositrici e pi\u00f9 di 200 aziende rappresentate da distributori locali (solo Negrini rappresenta pi\u00f9 di 100 aziende italiane), che avranno modo di entrare in contatto con importatori locali e internazionali. Le imprese presenti nell\u2019Area Italia esporranno una grande variet\u00e0 di <strong>prodotti tipici<\/strong> della tradizione del Belpaese, fra questi insaccati, formaggi, farine, caviale, pane artigianale, passate di pomodoro, pasta fresca, dolci artigianali, gelati, latticini, caff\u00e8, cereali, vini, liquori e macchine per la preparazione di gelato.<\/p>\n\n\n\n<div class=\"wp-block-image\"><figure class=\"aligncenter\"><img decoding=\"async\" src=\"https:\/\/www.italcamara-es.com\/wp-content\/uploads\/2019\/03\/Sal\u00f3n-de-Gourmets-29-1-1024x683.jpg\" alt=\"\" class=\"wp-image-20595\"\/><\/figure><\/div>\n\n\n\n<p>L\u2019Area Italia sar\u00e0 posizionata all\u2019interno del <strong>Padiglione 8 (8H16) di IFEMA<\/strong>. Qui sar\u00e0 presente uno spazio dedicato alle attivit\u00e0 collaterali che la CCIS, come da tradizione, organizzer\u00e0 con l\u2019obiettivo di far conoscere ai professionisti del settore le caratteristiche e le combinazioni dei prodotti emblematici del Belpaese. Tra queste si evidenzia lo showcooking organizzato dalla CCIS, \u201c<em><strong>LA DOLCE VITA<\/strong><\/em>\u201d, realizzato dallo chef <strong>Alessandro Cresta<\/strong> (Mo\u2019 Better Food), durante il quale si prepareranno ricette tipiche italiane al ritmo di musica (9 aprile alle 15 nello spazio espositivo ufficiale showcooking). Inoltre, si realizzeranno costantemente attivit\u00e0 di showcooking e presentazioni realizzate dagli espositori presenti nell\u2019Area Italia e dai membri della <strong>FIC Spagna<\/strong> che collaborano con il fine di promuovere la cucina italiana in Spagna.<\/p>\n\n\n\n<p>La CCIS dispone di alcuni <strong>inviti <\/strong>per gli interessati a visitare la fiera. Per richiedere gli inviti e ricevere il catalogo degli espositori, si prega di inviare un\u2019e-mail a <a href=\"mailto:ferias@italcamara-es.com\">ferias@italcamara-es.com<\/a>.<\/p>\n\n\n\n<p style=\"text-align:center\"><strong><em><a href=\"http:\/\/salondegourmets.com\/salondegourmets2019\/es\/Company\/Details\/1445275\">Scopri le attivit\u00e0 organizzate dalla CCIS nell&#8217;ambito del Sal\u00f3n de Gourmets<\/a><\/em><\/strong><\/p>\n","protected":false},"excerpt":{"rendered":"<p>In seguito al grande successo dell\u2019edizione del 2018, durante la quale 16 imprese italiane esposero prodotti nello spazio dedicato alla gastronomia del Belpaese, la gastronomia italiana ritorna ad essere protagonista nella pi\u00f9 grande fiera del settore che si svolge a Madrid: il Sal\u00f3n Internacional de Gourmets. Dall\u20198 all\u201911 aprile 2019, pi\u00f9 di 90.000 professionisti si [&hellip;]<\/p>\n","protected":false},"author":1,"featured_media":0,"comment_status":"open","ping_status":"open","sticky":false,"template":"","format":"standard","meta":{"inline_featured_image":false,"ocean_post_layout":"","ocean_both_sidebars_style":"","ocean_both_sidebars_content_width":0,"ocean_both_sidebars_sidebars_width":0,"ocean_sidebar":"","ocean_second_sidebar":"","ocean_disable_margins":"enable","ocean_add_body_class":"","ocean_shortcode_before_top_bar":"","ocean_shortcode_after_top_bar":"","ocean_shortcode_before_header":"","ocean_shortcode_after_header":"","ocean_has_shortcode":"","ocean_shortcode_after_title":"","ocean_shortcode_before_footer_widgets":"","ocean_shortcode_after_footer_widgets":"","ocean_shortcode_before_footer_bottom":"","ocean_shortcode_after_footer_bottom":"","ocean_display_top_bar":"default","ocean_display_header":"default","ocean_header_style":"","ocean_center_header_left_menu":"","ocean_custom_header_template":"","ocean_custom_logo":0,"ocean_custom_retina_logo":0,"ocean_custom_logo_max_width":0,"ocean_custom_logo_tablet_max_width":0,"ocean_custom_logo_mobile_max_width":0,"ocean_custom_logo_max_height":0,"ocean_custom_logo_tablet_max_height":0,"ocean_custom_logo_mobile_max_height":0,"ocean_header_custom_menu":"","ocean_menu_typo_font_family":"","ocean_menu_typo_font_subset":"","ocean_menu_typo_font_size":0,"ocean_menu_typo_font_size_tablet":0,"ocean_menu_typo_font_size_mobile":0,"ocean_menu_typo_font_size_unit":"px","ocean_menu_typo_font_weight":"","ocean_menu_typo_font_weight_tablet":"","ocean_menu_typo_font_weight_mobile":"","ocean_menu_typo_transform":"","ocean_menu_typo_transform_tablet":"","ocean_menu_typo_transform_mobile":"","ocean_menu_typo_line_height":0,"ocean_menu_typo_line_height_tablet":0,"ocean_menu_typo_line_height_mobile":0,"ocean_menu_typo_line_height_unit":"","ocean_menu_typo_spacing":0,"ocean_menu_typo_spacing_tablet":0,"ocean_menu_typo_spacing_mobile":0,"ocean_menu_typo_spacing_unit":"","ocean_menu_link_color":"","ocean_menu_link_color_hover":"","ocean_menu_link_color_active":"","ocean_menu_link_background":"","ocean_menu_link_hover_background":"","ocean_menu_link_active_background":"","ocean_menu_social_links_bg":"","ocean_menu_social_hover_links_bg":"","ocean_menu_social_links_color":"","ocean_menu_social_hover_links_color":"","ocean_disable_title":"default","ocean_disable_heading":"default","ocean_post_title":"","ocean_post_subheading":"","ocean_post_title_style":"","ocean_post_title_background_color":"","ocean_post_title_background":0,"ocean_post_title_bg_image_position":"","ocean_post_title_bg_image_attachment":"","ocean_post_title_bg_image_repeat":"","ocean_post_title_bg_image_size":"","ocean_post_title_height":0,"ocean_post_title_bg_overlay":0.5,"ocean_post_title_bg_overlay_color":"","ocean_disable_breadcrumbs":"default","ocean_breadcrumbs_color":"","ocean_breadcrumbs_separator_color":"","ocean_breadcrumbs_links_color":"","ocean_breadcrumbs_links_hover_color":"","ocean_display_footer_widgets":"default","ocean_display_footer_bottom":"default","ocean_custom_footer_template":"","ocean_post_oembed":"","ocean_post_self_hosted_media":"","ocean_post_video_embed":"","ocean_link_format":"","ocean_link_format_target":"self","ocean_quote_format":"","ocean_quote_format_link":"post","ocean_gallery_link_images":"on","ocean_gallery_id":[],"footnotes":""},"categories":[133],"tags":[139],"class_list":["post-56127","post","type-post","status-publish","format-standard","hentry","category-notizie","tag-notizie-di-la-ccis","entry"],"yoast_head":"<!-- This site is optimized with the Yoast SEO plugin v27.4 - https:\/\/yoast.com\/product\/yoast-seo-wordpress\/ -->\n<title>Partecipazione italiana alla XXIII edizione del Sal\u00f3n Internacional de Gourmets - Italcamara<\/title>\n<meta name=\"robots\" content=\"index, follow, max-snippet:-1, max-image-preview:large, max-video-preview:-1\" \/>\n<link rel=\"canonical\" href=\"https:\/\/italcamara-es.com\/it\/notizie\/partecipazione-italiana-alla-xxiii-edizione-del-salon-internacional-de-gourmets\/\" \/>\n<meta property=\"og:locale\" content=\"it_IT\" \/>\n<meta property=\"og:type\" content=\"article\" \/>\n<meta property=\"og:title\" content=\"Partecipazione italiana alla XXIII edizione del Sal\u00f3n Internacional de Gourmets - Italcamara\" \/>\n<meta property=\"og:description\" content=\"In seguito al grande successo dell\u2019edizione del 2018, durante la quale 16 imprese italiane esposero prodotti nello spazio dedicato alla gastronomia del Belpaese, la gastronomia italiana ritorna ad essere protagonista nella pi\u00f9 grande fiera del settore che si svolge a Madrid: il Sal\u00f3n Internacional de Gourmets. Dall\u20198 all\u201911 aprile 2019, pi\u00f9 di 90.000 professionisti si [&hellip;]\" \/>\n<meta property=\"og:url\" content=\"https:\/\/italcamara-es.com\/it\/notizie\/partecipazione-italiana-alla-xxiii-edizione-del-salon-internacional-de-gourmets\/\" \/>\n<meta property=\"og:site_name\" content=\"Italcamara\" \/>\n<meta property=\"article:published_time\" content=\"2019-03-14T15:22:55+00:00\" \/>\n<meta name=\"author\" content=\"administrador\" \/>\n<meta name=\"twitter:card\" content=\"summary_large_image\" \/>\n<meta name=\"twitter:label1\" content=\"Scritto da\" \/>\n\t<meta name=\"twitter:data1\" content=\"administrador\" \/>\n\t<meta name=\"twitter:label2\" content=\"Tempo di lettura stimato\" \/>\n\t<meta name=\"twitter:data2\" content=\"2 minuti\" \/>\n<script type=\"application\/ld+json\" class=\"yoast-schema-graph\">{\"@context\":\"https:\\\/\\\/schema.org\",\"@graph\":[{\"@type\":\"Article\",\"@id\":\"https:\\\/\\\/italcamara-es.com\\\/it\\\/notizie\\\/partecipazione-italiana-alla-xxiii-edizione-del-salon-internacional-de-gourmets\\\/#article\",\"isPartOf\":{\"@id\":\"https:\\\/\\\/italcamara-es.com\\\/it\\\/notizie\\\/partecipazione-italiana-alla-xxiii-edizione-del-salon-internacional-de-gourmets\\\/\"},\"author\":{\"name\":\"administrador\",\"@id\":\"https:\\\/\\\/italcamara-es.com\\\/#\\\/schema\\\/person\\\/bb3c56263e405bbd9a15171dcfee93bb\"},\"headline\":\"Partecipazione italiana alla XXIII edizione del Sal\u00f3n Internacional de Gourmets\",\"datePublished\":\"2019-03-14T15:22:55+00:00\",\"mainEntityOfPage\":{\"@id\":\"https:\\\/\\\/italcamara-es.com\\\/it\\\/notizie\\\/partecipazione-italiana-alla-xxiii-edizione-del-salon-internacional-de-gourmets\\\/\"},\"wordCount\":358,\"commentCount\":0,\"keywords\":[\"Notizie di la CCIS\"],\"articleSection\":[\"Notizie\"],\"inLanguage\":\"it-IT\",\"potentialAction\":[{\"@type\":\"CommentAction\",\"name\":\"Comment\",\"target\":[\"https:\\\/\\\/italcamara-es.com\\\/it\\\/notizie\\\/partecipazione-italiana-alla-xxiii-edizione-del-salon-internacional-de-gourmets\\\/#respond\"]}]},{\"@type\":\"WebPage\",\"@id\":\"https:\\\/\\\/italcamara-es.com\\\/it\\\/notizie\\\/partecipazione-italiana-alla-xxiii-edizione-del-salon-internacional-de-gourmets\\\/\",\"url\":\"https:\\\/\\\/italcamara-es.com\\\/it\\\/notizie\\\/partecipazione-italiana-alla-xxiii-edizione-del-salon-internacional-de-gourmets\\\/\",\"name\":\"Partecipazione italiana alla XXIII edizione del Sal\u00f3n Internacional de Gourmets - Italcamara\",\"isPartOf\":{\"@id\":\"https:\\\/\\\/italcamara-es.com\\\/#website\"},\"datePublished\":\"2019-03-14T15:22:55+00:00\",\"author\":{\"@id\":\"https:\\\/\\\/italcamara-es.com\\\/#\\\/schema\\\/person\\\/bb3c56263e405bbd9a15171dcfee93bb\"},\"breadcrumb\":{\"@id\":\"https:\\\/\\\/italcamara-es.com\\\/it\\\/notizie\\\/partecipazione-italiana-alla-xxiii-edizione-del-salon-internacional-de-gourmets\\\/#breadcrumb\"},\"inLanguage\":\"it-IT\",\"potentialAction\":[{\"@type\":\"ReadAction\",\"target\":[\"https:\\\/\\\/italcamara-es.com\\\/it\\\/notizie\\\/partecipazione-italiana-alla-xxiii-edizione-del-salon-internacional-de-gourmets\\\/\"]}]},{\"@type\":\"BreadcrumbList\",\"@id\":\"https:\\\/\\\/italcamara-es.com\\\/it\\\/notizie\\\/partecipazione-italiana-alla-xxiii-edizione-del-salon-internacional-de-gourmets\\\/#breadcrumb\",\"itemListElement\":[{\"@type\":\"ListItem\",\"position\":1,\"name\":\"Inicio\",\"item\":\"https:\\\/\\\/italcamara-es.com\\\/\"},{\"@type\":\"ListItem\",\"position\":2,\"name\":\"Partecipazione italiana alla XXIII edizione del Sal\u00f3n Internacional de Gourmets\"}]},{\"@type\":\"WebSite\",\"@id\":\"https:\\\/\\\/italcamara-es.com\\\/#website\",\"url\":\"https:\\\/\\\/italcamara-es.com\\\/\",\"name\":\"Italcamara\",\"description\":\"\",\"potentialAction\":[{\"@type\":\"SearchAction\",\"target\":{\"@type\":\"EntryPoint\",\"urlTemplate\":\"https:\\\/\\\/italcamara-es.com\\\/?s={search_term_string}\"},\"query-input\":{\"@type\":\"PropertyValueSpecification\",\"valueRequired\":true,\"valueName\":\"search_term_string\"}}],\"inLanguage\":\"it-IT\"},{\"@type\":\"Person\",\"@id\":\"https:\\\/\\\/italcamara-es.com\\\/#\\\/schema\\\/person\\\/bb3c56263e405bbd9a15171dcfee93bb\",\"name\":\"administrador\",\"image\":{\"@type\":\"ImageObject\",\"inLanguage\":\"it-IT\",\"@id\":\"https:\\\/\\\/secure.gravatar.com\\\/avatar\\\/14b5e63db38320b12031bb28cf9f77e210aa71fb3a8a3602a3c9a05134fa75eb?s=96&d=mm&r=g\",\"url\":\"https:\\\/\\\/secure.gravatar.com\\\/avatar\\\/14b5e63db38320b12031bb28cf9f77e210aa71fb3a8a3602a3c9a05134fa75eb?s=96&d=mm&r=g\",\"contentUrl\":\"https:\\\/\\\/secure.gravatar.com\\\/avatar\\\/14b5e63db38320b12031bb28cf9f77e210aa71fb3a8a3602a3c9a05134fa75eb?s=96&d=mm&r=g\",\"caption\":\"administrador\"},\"sameAs\":[\"http:\\\/\\\/pre.italcamara-es.com\"],\"url\":\"https:\\\/\\\/italcamara-es.com\\\/it\\\/author\\\/administrador\\\/\"}]}<\/script>\n<!-- \/ Yoast SEO plugin. -->","yoast_head_json":{"title":"Partecipazione italiana alla XXIII edizione del Sal\u00f3n Internacional de Gourmets - Italcamara","robots":{"index":"index","follow":"follow","max-snippet":"max-snippet:-1","max-image-preview":"max-image-preview:large","max-video-preview":"max-video-preview:-1"},"canonical":"https:\/\/italcamara-es.com\/it\/notizie\/partecipazione-italiana-alla-xxiii-edizione-del-salon-internacional-de-gourmets\/","og_locale":"it_IT","og_type":"article","og_title":"Partecipazione italiana alla XXIII edizione del Sal\u00f3n Internacional de Gourmets - Italcamara","og_description":"In seguito al grande successo dell\u2019edizione del 2018, durante la quale 16 imprese italiane esposero prodotti nello spazio dedicato alla gastronomia del Belpaese, la gastronomia italiana ritorna ad essere protagonista nella pi\u00f9 grande fiera del settore che si svolge a Madrid: il Sal\u00f3n Internacional de Gourmets. Dall\u20198 all\u201911 aprile 2019, pi\u00f9 di 90.000 professionisti si [&hellip;]","og_url":"https:\/\/italcamara-es.com\/it\/notizie\/partecipazione-italiana-alla-xxiii-edizione-del-salon-internacional-de-gourmets\/","og_site_name":"Italcamara","article_published_time":"2019-03-14T15:22:55+00:00","author":"administrador","twitter_card":"summary_large_image","twitter_misc":{"Scritto da":"administrador","Tempo di lettura stimato":"2 minuti"},"schema":{"@context":"https:\/\/schema.org","@graph":[{"@type":"Article","@id":"https:\/\/italcamara-es.com\/it\/notizie\/partecipazione-italiana-alla-xxiii-edizione-del-salon-internacional-de-gourmets\/#article","isPartOf":{"@id":"https:\/\/italcamara-es.com\/it\/notizie\/partecipazione-italiana-alla-xxiii-edizione-del-salon-internacional-de-gourmets\/"},"author":{"name":"administrador","@id":"https:\/\/italcamara-es.com\/#\/schema\/person\/bb3c56263e405bbd9a15171dcfee93bb"},"headline":"Partecipazione italiana alla XXIII edizione del Sal\u00f3n Internacional de Gourmets","datePublished":"2019-03-14T15:22:55+00:00","mainEntityOfPage":{"@id":"https:\/\/italcamara-es.com\/it\/notizie\/partecipazione-italiana-alla-xxiii-edizione-del-salon-internacional-de-gourmets\/"},"wordCount":358,"commentCount":0,"keywords":["Notizie di la CCIS"],"articleSection":["Notizie"],"inLanguage":"it-IT","potentialAction":[{"@type":"CommentAction","name":"Comment","target":["https:\/\/italcamara-es.com\/it\/notizie\/partecipazione-italiana-alla-xxiii-edizione-del-salon-internacional-de-gourmets\/#respond"]}]},{"@type":"WebPage","@id":"https:\/\/italcamara-es.com\/it\/notizie\/partecipazione-italiana-alla-xxiii-edizione-del-salon-internacional-de-gourmets\/","url":"https:\/\/italcamara-es.com\/it\/notizie\/partecipazione-italiana-alla-xxiii-edizione-del-salon-internacional-de-gourmets\/","name":"Partecipazione italiana alla XXIII edizione del Sal\u00f3n Internacional de Gourmets - Italcamara","isPartOf":{"@id":"https:\/\/italcamara-es.com\/#website"},"datePublished":"2019-03-14T15:22:55+00:00","author":{"@id":"https:\/\/italcamara-es.com\/#\/schema\/person\/bb3c56263e405bbd9a15171dcfee93bb"},"breadcrumb":{"@id":"https:\/\/italcamara-es.com\/it\/notizie\/partecipazione-italiana-alla-xxiii-edizione-del-salon-internacional-de-gourmets\/#breadcrumb"},"inLanguage":"it-IT","potentialAction":[{"@type":"ReadAction","target":["https:\/\/italcamara-es.com\/it\/notizie\/partecipazione-italiana-alla-xxiii-edizione-del-salon-internacional-de-gourmets\/"]}]},{"@type":"BreadcrumbList","@id":"https:\/\/italcamara-es.com\/it\/notizie\/partecipazione-italiana-alla-xxiii-edizione-del-salon-internacional-de-gourmets\/#breadcrumb","itemListElement":[{"@type":"ListItem","position":1,"name":"Inicio","item":"https:\/\/italcamara-es.com\/"},{"@type":"ListItem","position":2,"name":"Partecipazione italiana alla XXIII edizione del Sal\u00f3n Internacional de Gourmets"}]},{"@type":"WebSite","@id":"https:\/\/italcamara-es.com\/#website","url":"https:\/\/italcamara-es.com\/","name":"Italcamara","description":"","potentialAction":[{"@type":"SearchAction","target":{"@type":"EntryPoint","urlTemplate":"https:\/\/italcamara-es.com\/?s={search_term_string}"},"query-input":{"@type":"PropertyValueSpecification","valueRequired":true,"valueName":"search_term_string"}}],"inLanguage":"it-IT"},{"@type":"Person","@id":"https:\/\/italcamara-es.com\/#\/schema\/person\/bb3c56263e405bbd9a15171dcfee93bb","name":"administrador","image":{"@type":"ImageObject","inLanguage":"it-IT","@id":"https:\/\/secure.gravatar.com\/avatar\/14b5e63db38320b12031bb28cf9f77e210aa71fb3a8a3602a3c9a05134fa75eb?s=96&d=mm&r=g","url":"https:\/\/secure.gravatar.com\/avatar\/14b5e63db38320b12031bb28cf9f77e210aa71fb3a8a3602a3c9a05134fa75eb?s=96&d=mm&r=g","contentUrl":"https:\/\/secure.gravatar.com\/avatar\/14b5e63db38320b12031bb28cf9f77e210aa71fb3a8a3602a3c9a05134fa75eb?s=96&d=mm&r=g","caption":"administrador"},"sameAs":["http:\/\/pre.italcamara-es.com"],"url":"https:\/\/italcamara-es.com\/it\/author\/administrador\/"}]}},"rttpg_featured_image_url":null,"rttpg_author":{"display_name":"administrador","author_link":"https:\/\/italcamara-es.com\/it\/author\/administrador\/"},"rttpg_comment":0,"rttpg_category":"<a href=\"https:\/\/italcamara-es.com\/it\/category\/notizie\/\" rel=\"category tag\">Notizie<\/a>","rttpg_excerpt":"In seguito al grande successo dell\u2019edizione del 2018, durante la quale 16 imprese italiane esposero prodotti nello spazio dedicato alla gastronomia del Belpaese, la gastronomia italiana ritorna ad essere protagonista nella pi\u00f9 grande fiera del settore che si svolge a Madrid: il Sal\u00f3n Internacional de Gourmets. Dall\u20198 all\u201911 aprile 2019, pi\u00f9 di 90.000 professionisti si&hellip;","_links":{"self":[{"href":"https:\/\/italcamara-es.com\/it\/wp-json\/wp\/v2\/posts\/56127","targetHints":{"allow":["GET"]}}],"collection":[{"href":"https:\/\/italcamara-es.com\/it\/wp-json\/wp\/v2\/posts"}],"about":[{"href":"https:\/\/italcamara-es.com\/it\/wp-json\/wp\/v2\/types\/post"}],"author":[{"embeddable":true,"href":"https:\/\/italcamara-es.com\/it\/wp-json\/wp\/v2\/users\/1"}],"replies":[{"embeddable":true,"href":"https:\/\/italcamara-es.com\/it\/wp-json\/wp\/v2\/comments?post=56127"}],"version-history":[{"count":0,"href":"https:\/\/italcamara-es.com\/it\/wp-json\/wp\/v2\/posts\/56127\/revisions"}],"wp:attachment":[{"href":"https:\/\/italcamara-es.com\/it\/wp-json\/wp\/v2\/media?parent=56127"}],"wp:term":[{"taxonomy":"category","embeddable":true,"href":"https:\/\/italcamara-es.com\/it\/wp-json\/wp\/v2\/categories?post=56127"},{"taxonomy":"post_tag","embeddable":true,"href":"https:\/\/italcamara-es.com\/it\/wp-json\/wp\/v2\/tags?post=56127"}],"curies":[{"name":"wp","href":"https:\/\/api.w.org\/{rel}","templated":true}]}}