	{"id":56135,"date":"2019-04-12T12:27:12","date_gmt":"2019-04-12T10:27:12","guid":{"rendered":"http:\/\/pre.italcamara-es.com\/senza-categoria\/larea-italia-al-salone-dei-gourmets-di-madrid-chiude-con-un-nuovo-record-di-espositori-e-prodotti\/"},"modified":"2019-04-12T12:27:12","modified_gmt":"2019-04-12T10:27:12","slug":"larea-italia-al-salone-dei-gourmets-di-madrid-chiude-con-un-nuovo-record-di-espositori-e-prodotti","status":"publish","type":"post","link":"https:\/\/italcamara-es.com\/it\/notizie\/larea-italia-al-salone-dei-gourmets-di-madrid-chiude-con-un-nuovo-record-di-espositori-e-prodotti\/","title":{"rendered":"L\u2019Area Italia al Salone dei Gourmets di Madrid chiude con un nuovo record di espositori e prodotti"},"content":{"rendered":"\n<p>La\nXXXIII edizione del Sal\u00f3n de Gourmet di Madrid si \u00e8 conclusa con numeri\naltamente positivi, superando le pi\u00f9 rosee aspettative della vigilia. Dall\u20198\nall\u201911 aprile, infatti, si sono dati appuntamento nel quartiere fieristico di\nIFEMA 2.023 espositori, 57.000 prodotti e oltre 107.000 operatori del settore\nagroalimentare, il 18,7% in pi\u00f9 rispetto all\u2019edizione precedente e la maggior\naffluenza di pubblico nella storia della manifestazione. <\/p>\n\n\n\n<p>Ancora\nuna volta, l\u2019Italia e le sue eccellenze enogastronomiche sono state\nprotagoniste in questa importante fiera internazionale. La Camera di Commercio\ne Industria italiana per la Spagna (CCIS) ha gestito anche quest\u2019anno uno\nspazio espositivo di <strong>320 m2<\/strong> dedicato\nalla gastronomia italiana, che ha visto la presenza di <strong>21 imprese espositrici<\/strong> e oltre <strong>200\nrappresentate <\/strong>da distributori locali. Cifre record per l\u2019<strong>Area Italia<\/strong>, che, dal 2009, \u00e8 parte\nrilevante della pi\u00f9 grande manifestazione fieristica dedicata alla gastronomia\ntipica e di qualit\u00e0.<\/p>\n\n\n\n<div class=\"wp-block-image\"><figure class=\"aligncenter is-resized\"><img fetchpriority=\"high\" decoding=\"async\" src=\"https:\/\/www.italcamara-es.com\/wp-content\/uploads\/2019\/04\/gourmets-1.jpg\" alt=\"\" class=\"wp-image-21070\" width=\"581\" height=\"365\"\/><figcaption>Il presidente del Grupo Gourmets, Francisco L\u00f3pez Canis, l&#8217;Ambasciatore d&#8217;Italia in Spagna, Stefano Sannino e il Segretario Generale della CCIS, Giovanni Aric\u00f2, insieme agli espositori dell&#8217;Area Italia<\/figcaption><\/figure><\/div>\n\n\n\n<p>I\nprofessionisti presenti in fiera hanno potuto conoscere da vicino una grande\nvariet\u00e0 di prodotti tipici della tradizione gastronomica del Belpaese, tra cui\ninsaccati, formaggi, farine, caviale, pane artigianale, conserve, pasta fresca\ne secca, dolci artigianali, latticini, caff\u00e9, cereali, vini, liquori e\nmacchinari per la produzione di gelati.<\/p>\n\n\n\n<div class=\"wp-block-image\"><figure class=\"aligncenter is-resized\"><img decoding=\"async\" src=\"https:\/\/www.italcamara-es.com\/wp-content\/uploads\/2019\/04\/productos-en-el-\u00c1rea-Italia.jpg\" alt=\"\" class=\"wp-image-21072\" width=\"590\" height=\"393\"\/><\/figure><\/div>\n\n\n\n<p>L\u2019Area\nItalia \u00e8 stata inaugurata ufficialmente l\u20198 aprile, alla presenza di una\ndelegazione istituzionale composta dal Ministro spagnolo dell\u2019Agricoltura,\nPesca e Alimentazione, <strong>Luis Planas\nPuchades<\/strong>, il Presidente del Grupo Gourmets, <strong>Francisco L\u00f3pez Canis<\/strong>, ed il Segretario Generale della CCIS, <strong>Giovanni Aric\u00f2<\/strong>.<\/p>\n\n\n\n<div class=\"wp-block-image\"><figure class=\"aligncenter is-resized\"><img decoding=\"async\" src=\"https:\/\/www.italcamara-es.com\/wp-content\/uploads\/2019\/04\/inauguraci\u00f3n-gourmets.jpg\" alt=\"\" class=\"wp-image-21071\" width=\"594\" height=\"380\"\/><figcaption>Inaugurazione ufficiale dell&#8217;Area Italia<\/figcaption><\/figure><\/div>\n\n\n\n<p>Come\nda tradizione, lo staff del dipartimento Servizi Commerciali e Fiere della\nCCIS, guidato da <strong>Donatella Monteverde<\/strong>\n(responsabile) e <strong>Nertila Gjeci<\/strong>\n(collaboratrice), ha organizzato diverse attivit\u00e0 collaterali durante i 4\ngiorni di fiera, con l\u2019obiettivo di far conoscere ai professionisti del settore\nle caratteristiche dei prodotti pi\u00f9 emblematici della gastronomia italiana. In\nparticolare, sono stati realizzati numerosi showcooking in collaborazione con\nla delegazione in Spagna della <strong><em>Federazione Italiana Cuochi<\/em><\/strong>,\nrappresentata dal suo presidente, <strong>Manfredi\nBosco<\/strong>, oltre a presentazioni e degustazioni di alcuni dei prodotti esposti\nnell\u2019Area Italia, realizzate dalle imprese espositrici.<\/p>\n\n\n\n<div class=\"wp-block-image\"><figure class=\"aligncenter is-resized\"><img loading=\"lazy\" decoding=\"async\" src=\"https:\/\/www.italcamara-es.com\/wp-content\/uploads\/2019\/04\/showcooking-gourmets.jpg\" alt=\"\" class=\"wp-image-21069\" width=\"591\" height=\"392\"\/><figcaption>Showcooking dello chef Manfredi Bosco<\/figcaption><\/figure><\/div>\n\n\n\n<p>Da\nsottolineare inoltre lo showcooking organizzato dalla CCIS, \u201c<strong>LA DOLCE VITA<\/strong>\u201d, realizzato dagli chef <strong>Alessandro Cresta<\/strong> &nbsp;e <strong>Marco\nBozzolini<\/strong> nello spazio uffficiale del Salone il secondo giorno di fiera,\ndurante il quale sono state preparate ricette tipiche italiane al ritmo della\nmusica dal vivo di Jonathan Colombo. <\/p>\n\n\n\n<div class=\"wp-block-image\"><figure class=\"aligncenter is-resized\"><img loading=\"lazy\" decoding=\"async\" src=\"https:\/\/www.italcamara-es.com\/wp-content\/uploads\/2019\/04\/Los-chefs-Alessandro-Cresta-y-Marco-Bozzolini-durante-el-showcooking-La-dolce-Vita.jpg\" alt=\"\" class=\"wp-image-21086\" width=\"565\" height=\"376\"\/><figcaption>Gli chef Alessandro Cresta e Marco Bozzolini durante lo showcooking &#8220;La dolce vita&#8221;<\/figcaption><\/figure><\/div>\n\n\n\n<p>Alla\nconclusione della manifestazione, gli espositori italiani si sono mostrati in\ngenerale molto soddisfatti dei contatti realizzati nei quattro giorni di fiera\ne sperano di poter concludere, nel corso delle prossime settimane, accordi per\nla distribuzione e commercializzazione dei propri prodotti nel mercato\nspagnolo.<\/p>\n\n\n\n<p>Dal\ncanto suo, lo staff della CCIS \u00e8 gi\u00e0 al lavoro per la prossima edizione del\nSalone dei Gourmets, prevista dal 30 marzo al 2 aprile 2020, con l\u2019obiettivo di\ncontinuare a garantire alle imprese italiane ed i loro prodotti un ruolo da\nprotagonisti in questa importante manifestazione.<\/p>\n","protected":false},"excerpt":{"rendered":"<p>La XXXIII edizione del Sal\u00f3n de Gourmet di Madrid si \u00e8 conclusa con numeri altamente positivi, superando le pi\u00f9 rosee aspettative della vigilia. Dall\u20198 all\u201911 aprile, infatti, si sono dati appuntamento nel quartiere fieristico di IFEMA 2.023 espositori, 57.000 prodotti e oltre 107.000 operatori del settore agroalimentare, il 18,7% in pi\u00f9 rispetto all\u2019edizione precedente e [&hellip;]<\/p>\n","protected":false},"author":1,"featured_media":54729,"comment_status":"open","ping_status":"open","sticky":false,"template":"","format":"standard","meta":{"inline_featured_image":false,"ocean_post_layout":"","ocean_both_sidebars_style":"","ocean_both_sidebars_content_width":0,"ocean_both_sidebars_sidebars_width":0,"ocean_sidebar":"","ocean_second_sidebar":"","ocean_disable_margins":"enable","ocean_add_body_class":"","ocean_shortcode_before_top_bar":"","ocean_shortcode_after_top_bar":"","ocean_shortcode_before_header":"","ocean_shortcode_after_header":"","ocean_has_shortcode":"","ocean_shortcode_after_title":"","ocean_shortcode_before_footer_widgets":"","ocean_shortcode_after_footer_widgets":"","ocean_shortcode_before_footer_bottom":"","ocean_shortcode_after_footer_bottom":"","ocean_display_top_bar":"default","ocean_display_header":"default","ocean_header_style":"","ocean_center_header_left_menu":"","ocean_custom_header_template":"","ocean_custom_logo":0,"ocean_custom_retina_logo":0,"ocean_custom_logo_max_width":0,"ocean_custom_logo_tablet_max_width":0,"ocean_custom_logo_mobile_max_width":0,"ocean_custom_logo_max_height":0,"ocean_custom_logo_tablet_max_height":0,"ocean_custom_logo_mobile_max_height":0,"ocean_header_custom_menu":"","ocean_menu_typo_font_family":"","ocean_menu_typo_font_subset":"","ocean_menu_typo_font_size":0,"ocean_menu_typo_font_size_tablet":0,"ocean_menu_typo_font_size_mobile":0,"ocean_menu_typo_font_size_unit":"px","ocean_menu_typo_font_weight":"","ocean_menu_typo_font_weight_tablet":"","ocean_menu_typo_font_weight_mobile":"","ocean_menu_typo_transform":"","ocean_menu_typo_transform_tablet":"","ocean_menu_typo_transform_mobile":"","ocean_menu_typo_line_height":0,"ocean_menu_typo_line_height_tablet":0,"ocean_menu_typo_line_height_mobile":0,"ocean_menu_typo_line_height_unit":"","ocean_menu_typo_spacing":0,"ocean_menu_typo_spacing_tablet":0,"ocean_menu_typo_spacing_mobile":0,"ocean_menu_typo_spacing_unit":"","ocean_menu_link_color":"","ocean_menu_link_color_hover":"","ocean_menu_link_color_active":"","ocean_menu_link_background":"","ocean_menu_link_hover_background":"","ocean_menu_link_active_background":"","ocean_menu_social_links_bg":"","ocean_menu_social_hover_links_bg":"","ocean_menu_social_links_color":"","ocean_menu_social_hover_links_color":"","ocean_disable_title":"default","ocean_disable_heading":"default","ocean_post_title":"","ocean_post_subheading":"","ocean_post_title_style":"","ocean_post_title_background_color":"","ocean_post_title_background":0,"ocean_post_title_bg_image_position":"","ocean_post_title_bg_image_attachment":"","ocean_post_title_bg_image_repeat":"","ocean_post_title_bg_image_size":"","ocean_post_title_height":0,"ocean_post_title_bg_overlay":0.5,"ocean_post_title_bg_overlay_color":"","ocean_disable_breadcrumbs":"default","ocean_breadcrumbs_color":"","ocean_breadcrumbs_separator_color":"","ocean_breadcrumbs_links_color":"","ocean_breadcrumbs_links_hover_color":"","ocean_display_footer_widgets":"default","ocean_display_footer_bottom":"default","ocean_custom_footer_template":"","ocean_post_oembed":"","ocean_post_self_hosted_media":"","ocean_post_video_embed":"","ocean_link_format":"","ocean_link_format_target":"self","ocean_quote_format":"","ocean_quote_format_link":"post","ocean_gallery_link_images":"on","ocean_gallery_id":[],"footnotes":""},"categories":[133],"tags":[139],"class_list":["post-56135","post","type-post","status-publish","format-standard","has-post-thumbnail","hentry","category-notizie","tag-notizie-di-la-ccis","entry","has-media"],"yoast_head":"<!-- This site is optimized with the Yoast SEO plugin v27.5 - https:\/\/yoast.com\/product\/yoast-seo-wordpress\/ -->\n<title>L\u2019Area Italia al Salone dei Gourmets di Madrid chiude con un nuovo record di espositori e prodotti - Italcamara<\/title>\n<meta name=\"robots\" content=\"index, follow, max-snippet:-1, max-image-preview:large, max-video-preview:-1\" \/>\n<link rel=\"canonical\" href=\"https:\/\/italcamara-es.com\/it\/notizie\/larea-italia-al-salone-dei-gourmets-di-madrid-chiude-con-un-nuovo-record-di-espositori-e-prodotti\/\" \/>\n<meta property=\"og:locale\" content=\"it_IT\" \/>\n<meta property=\"og:type\" content=\"article\" \/>\n<meta property=\"og:title\" content=\"L\u2019Area Italia al Salone dei Gourmets di Madrid chiude con un nuovo record di espositori e prodotti - Italcamara\" \/>\n<meta property=\"og:description\" content=\"La XXXIII edizione del Sal\u00f3n de Gourmet di Madrid si \u00e8 conclusa con numeri altamente positivi, superando le pi\u00f9 rosee aspettative della vigilia. Dall\u20198 all\u201911 aprile, infatti, si sono dati appuntamento nel quartiere fieristico di IFEMA 2.023 espositori, 57.000 prodotti e oltre 107.000 operatori del settore agroalimentare, il 18,7% in pi\u00f9 rispetto all\u2019edizione precedente e [&hellip;]\" \/>\n<meta property=\"og:url\" content=\"https:\/\/italcamara-es.com\/it\/notizie\/larea-italia-al-salone-dei-gourmets-di-madrid-chiude-con-un-nuovo-record-di-espositori-e-prodotti\/\" \/>\n<meta property=\"og:site_name\" content=\"Italcamara\" \/>\n<meta property=\"article:published_time\" content=\"2019-04-12T10:27:12+00:00\" \/>\n<meta property=\"og:image\" content=\"https:\/\/italcamara-es.com\/wp-content\/uploads\/2025\/03\/gourmet-500.jpg\" \/>\n\t<meta property=\"og:image:width\" content=\"500\" \/>\n\t<meta property=\"og:image:height\" content=\"280\" \/>\n\t<meta property=\"og:image:type\" content=\"image\/jpeg\" \/>\n<meta name=\"author\" content=\"administrador\" \/>\n<meta name=\"twitter:card\" content=\"summary_large_image\" \/>\n<meta name=\"twitter:label1\" content=\"Scritto da\" \/>\n\t<meta name=\"twitter:data1\" content=\"administrador\" \/>\n\t<meta name=\"twitter:label2\" content=\"Tempo di lettura stimato\" \/>\n\t<meta name=\"twitter:data2\" content=\"3 minuti\" \/>\n<script type=\"application\/ld+json\" class=\"yoast-schema-graph\">{\"@context\":\"https:\\\/\\\/schema.org\",\"@graph\":[{\"@type\":\"Article\",\"@id\":\"https:\\\/\\\/italcamara-es.com\\\/it\\\/notizie\\\/larea-italia-al-salone-dei-gourmets-di-madrid-chiude-con-un-nuovo-record-di-espositori-e-prodotti\\\/#article\",\"isPartOf\":{\"@id\":\"https:\\\/\\\/italcamara-es.com\\\/it\\\/notizie\\\/larea-italia-al-salone-dei-gourmets-di-madrid-chiude-con-un-nuovo-record-di-espositori-e-prodotti\\\/\"},\"author\":{\"name\":\"administrador\",\"@id\":\"https:\\\/\\\/italcamara-es.com\\\/#\\\/schema\\\/person\\\/bb3c56263e405bbd9a15171dcfee93bb\"},\"headline\":\"L\u2019Area Italia al Salone dei Gourmets di Madrid chiude con un nuovo record di espositori e prodotti\",\"datePublished\":\"2019-04-12T10:27:12+00:00\",\"mainEntityOfPage\":{\"@id\":\"https:\\\/\\\/italcamara-es.com\\\/it\\\/notizie\\\/larea-italia-al-salone-dei-gourmets-di-madrid-chiude-con-un-nuovo-record-di-espositori-e-prodotti\\\/\"},\"wordCount\":532,\"commentCount\":0,\"image\":{\"@id\":\"https:\\\/\\\/italcamara-es.com\\\/it\\\/notizie\\\/larea-italia-al-salone-dei-gourmets-di-madrid-chiude-con-un-nuovo-record-di-espositori-e-prodotti\\\/#primaryimage\"},\"thumbnailUrl\":\"https:\\\/\\\/italcamara-es.com\\\/wp-content\\\/uploads\\\/2025\\\/03\\\/gourmet-500.jpg\",\"keywords\":[\"Notizie di la CCIS\"],\"articleSection\":[\"Notizie\"],\"inLanguage\":\"it-IT\",\"potentialAction\":[{\"@type\":\"CommentAction\",\"name\":\"Comment\",\"target\":[\"https:\\\/\\\/italcamara-es.com\\\/it\\\/notizie\\\/larea-italia-al-salone-dei-gourmets-di-madrid-chiude-con-un-nuovo-record-di-espositori-e-prodotti\\\/#respond\"]}]},{\"@type\":\"WebPage\",\"@id\":\"https:\\\/\\\/italcamara-es.com\\\/it\\\/notizie\\\/larea-italia-al-salone-dei-gourmets-di-madrid-chiude-con-un-nuovo-record-di-espositori-e-prodotti\\\/\",\"url\":\"https:\\\/\\\/italcamara-es.com\\\/it\\\/notizie\\\/larea-italia-al-salone-dei-gourmets-di-madrid-chiude-con-un-nuovo-record-di-espositori-e-prodotti\\\/\",\"name\":\"L\u2019Area Italia al Salone dei Gourmets di Madrid chiude con un nuovo record di espositori e prodotti - Italcamara\",\"isPartOf\":{\"@id\":\"https:\\\/\\\/italcamara-es.com\\\/#website\"},\"primaryImageOfPage\":{\"@id\":\"https:\\\/\\\/italcamara-es.com\\\/it\\\/notizie\\\/larea-italia-al-salone-dei-gourmets-di-madrid-chiude-con-un-nuovo-record-di-espositori-e-prodotti\\\/#primaryimage\"},\"image\":{\"@id\":\"https:\\\/\\\/italcamara-es.com\\\/it\\\/notizie\\\/larea-italia-al-salone-dei-gourmets-di-madrid-chiude-con-un-nuovo-record-di-espositori-e-prodotti\\\/#primaryimage\"},\"thumbnailUrl\":\"https:\\\/\\\/italcamara-es.com\\\/wp-content\\\/uploads\\\/2025\\\/03\\\/gourmet-500.jpg\",\"datePublished\":\"2019-04-12T10:27:12+00:00\",\"author\":{\"@id\":\"https:\\\/\\\/italcamara-es.com\\\/#\\\/schema\\\/person\\\/bb3c56263e405bbd9a15171dcfee93bb\"},\"breadcrumb\":{\"@id\":\"https:\\\/\\\/italcamara-es.com\\\/it\\\/notizie\\\/larea-italia-al-salone-dei-gourmets-di-madrid-chiude-con-un-nuovo-record-di-espositori-e-prodotti\\\/#breadcrumb\"},\"inLanguage\":\"it-IT\",\"potentialAction\":[{\"@type\":\"ReadAction\",\"target\":[\"https:\\\/\\\/italcamara-es.com\\\/it\\\/notizie\\\/larea-italia-al-salone-dei-gourmets-di-madrid-chiude-con-un-nuovo-record-di-espositori-e-prodotti\\\/\"]}]},{\"@type\":\"ImageObject\",\"inLanguage\":\"it-IT\",\"@id\":\"https:\\\/\\\/italcamara-es.com\\\/it\\\/notizie\\\/larea-italia-al-salone-dei-gourmets-di-madrid-chiude-con-un-nuovo-record-di-espositori-e-prodotti\\\/#primaryimage\",\"url\":\"https:\\\/\\\/italcamara-es.com\\\/wp-content\\\/uploads\\\/2025\\\/03\\\/gourmet-500.jpg\",\"contentUrl\":\"https:\\\/\\\/italcamara-es.com\\\/wp-content\\\/uploads\\\/2025\\\/03\\\/gourmet-500.jpg\",\"width\":500,\"height\":280},{\"@type\":\"BreadcrumbList\",\"@id\":\"https:\\\/\\\/italcamara-es.com\\\/it\\\/notizie\\\/larea-italia-al-salone-dei-gourmets-di-madrid-chiude-con-un-nuovo-record-di-espositori-e-prodotti\\\/#breadcrumb\",\"itemListElement\":[{\"@type\":\"ListItem\",\"position\":1,\"name\":\"Inicio\",\"item\":\"https:\\\/\\\/italcamara-es.com\\\/\"},{\"@type\":\"ListItem\",\"position\":2,\"name\":\"L\u2019Area Italia al Salone dei Gourmets di Madrid chiude con un nuovo record di espositori e prodotti\"}]},{\"@type\":\"WebSite\",\"@id\":\"https:\\\/\\\/italcamara-es.com\\\/#website\",\"url\":\"https:\\\/\\\/italcamara-es.com\\\/\",\"name\":\"Italcamara\",\"description\":\"\",\"potentialAction\":[{\"@type\":\"SearchAction\",\"target\":{\"@type\":\"EntryPoint\",\"urlTemplate\":\"https:\\\/\\\/italcamara-es.com\\\/?s={search_term_string}\"},\"query-input\":{\"@type\":\"PropertyValueSpecification\",\"valueRequired\":true,\"valueName\":\"search_term_string\"}}],\"inLanguage\":\"it-IT\"},{\"@type\":\"Person\",\"@id\":\"https:\\\/\\\/italcamara-es.com\\\/#\\\/schema\\\/person\\\/bb3c56263e405bbd9a15171dcfee93bb\",\"name\":\"administrador\",\"image\":{\"@type\":\"ImageObject\",\"inLanguage\":\"it-IT\",\"@id\":\"https:\\\/\\\/secure.gravatar.com\\\/avatar\\\/14b5e63db38320b12031bb28cf9f77e210aa71fb3a8a3602a3c9a05134fa75eb?s=96&d=mm&r=g\",\"url\":\"https:\\\/\\\/secure.gravatar.com\\\/avatar\\\/14b5e63db38320b12031bb28cf9f77e210aa71fb3a8a3602a3c9a05134fa75eb?s=96&d=mm&r=g\",\"contentUrl\":\"https:\\\/\\\/secure.gravatar.com\\\/avatar\\\/14b5e63db38320b12031bb28cf9f77e210aa71fb3a8a3602a3c9a05134fa75eb?s=96&d=mm&r=g\",\"caption\":\"administrador\"},\"sameAs\":[\"http:\\\/\\\/pre.italcamara-es.com\"],\"url\":\"https:\\\/\\\/italcamara-es.com\\\/it\\\/author\\\/administrador\\\/\"}]}<\/script>\n<!-- \/ Yoast SEO plugin. -->","yoast_head_json":{"title":"L\u2019Area Italia al Salone dei Gourmets di Madrid chiude con un nuovo record di espositori e prodotti - Italcamara","robots":{"index":"index","follow":"follow","max-snippet":"max-snippet:-1","max-image-preview":"max-image-preview:large","max-video-preview":"max-video-preview:-1"},"canonical":"https:\/\/italcamara-es.com\/it\/notizie\/larea-italia-al-salone-dei-gourmets-di-madrid-chiude-con-un-nuovo-record-di-espositori-e-prodotti\/","og_locale":"it_IT","og_type":"article","og_title":"L\u2019Area Italia al Salone dei Gourmets di Madrid chiude con un nuovo record di espositori e prodotti - Italcamara","og_description":"La XXXIII edizione del Sal\u00f3n de Gourmet di Madrid si \u00e8 conclusa con numeri altamente positivi, superando le pi\u00f9 rosee aspettative della vigilia. Dall\u20198 all\u201911 aprile, infatti, si sono dati appuntamento nel quartiere fieristico di IFEMA 2.023 espositori, 57.000 prodotti e oltre 107.000 operatori del settore agroalimentare, il 18,7% in pi\u00f9 rispetto all\u2019edizione precedente e [&hellip;]","og_url":"https:\/\/italcamara-es.com\/it\/notizie\/larea-italia-al-salone-dei-gourmets-di-madrid-chiude-con-un-nuovo-record-di-espositori-e-prodotti\/","og_site_name":"Italcamara","article_published_time":"2019-04-12T10:27:12+00:00","og_image":[{"width":500,"height":280,"url":"https:\/\/italcamara-es.com\/wp-content\/uploads\/2025\/03\/gourmet-500.jpg","type":"image\/jpeg"}],"author":"administrador","twitter_card":"summary_large_image","twitter_misc":{"Scritto da":"administrador","Tempo di lettura stimato":"3 minuti"},"schema":{"@context":"https:\/\/schema.org","@graph":[{"@type":"Article","@id":"https:\/\/italcamara-es.com\/it\/notizie\/larea-italia-al-salone-dei-gourmets-di-madrid-chiude-con-un-nuovo-record-di-espositori-e-prodotti\/#article","isPartOf":{"@id":"https:\/\/italcamara-es.com\/it\/notizie\/larea-italia-al-salone-dei-gourmets-di-madrid-chiude-con-un-nuovo-record-di-espositori-e-prodotti\/"},"author":{"name":"administrador","@id":"https:\/\/italcamara-es.com\/#\/schema\/person\/bb3c56263e405bbd9a15171dcfee93bb"},"headline":"L\u2019Area Italia al Salone dei Gourmets di Madrid chiude con un nuovo record di espositori e prodotti","datePublished":"2019-04-12T10:27:12+00:00","mainEntityOfPage":{"@id":"https:\/\/italcamara-es.com\/it\/notizie\/larea-italia-al-salone-dei-gourmets-di-madrid-chiude-con-un-nuovo-record-di-espositori-e-prodotti\/"},"wordCount":532,"commentCount":0,"image":{"@id":"https:\/\/italcamara-es.com\/it\/notizie\/larea-italia-al-salone-dei-gourmets-di-madrid-chiude-con-un-nuovo-record-di-espositori-e-prodotti\/#primaryimage"},"thumbnailUrl":"https:\/\/italcamara-es.com\/wp-content\/uploads\/2025\/03\/gourmet-500.jpg","keywords":["Notizie di la CCIS"],"articleSection":["Notizie"],"inLanguage":"it-IT","potentialAction":[{"@type":"CommentAction","name":"Comment","target":["https:\/\/italcamara-es.com\/it\/notizie\/larea-italia-al-salone-dei-gourmets-di-madrid-chiude-con-un-nuovo-record-di-espositori-e-prodotti\/#respond"]}]},{"@type":"WebPage","@id":"https:\/\/italcamara-es.com\/it\/notizie\/larea-italia-al-salone-dei-gourmets-di-madrid-chiude-con-un-nuovo-record-di-espositori-e-prodotti\/","url":"https:\/\/italcamara-es.com\/it\/notizie\/larea-italia-al-salone-dei-gourmets-di-madrid-chiude-con-un-nuovo-record-di-espositori-e-prodotti\/","name":"L\u2019Area Italia al Salone dei Gourmets di Madrid chiude con un nuovo record di espositori e prodotti - Italcamara","isPartOf":{"@id":"https:\/\/italcamara-es.com\/#website"},"primaryImageOfPage":{"@id":"https:\/\/italcamara-es.com\/it\/notizie\/larea-italia-al-salone-dei-gourmets-di-madrid-chiude-con-un-nuovo-record-di-espositori-e-prodotti\/#primaryimage"},"image":{"@id":"https:\/\/italcamara-es.com\/it\/notizie\/larea-italia-al-salone-dei-gourmets-di-madrid-chiude-con-un-nuovo-record-di-espositori-e-prodotti\/#primaryimage"},"thumbnailUrl":"https:\/\/italcamara-es.com\/wp-content\/uploads\/2025\/03\/gourmet-500.jpg","datePublished":"2019-04-12T10:27:12+00:00","author":{"@id":"https:\/\/italcamara-es.com\/#\/schema\/person\/bb3c56263e405bbd9a15171dcfee93bb"},"breadcrumb":{"@id":"https:\/\/italcamara-es.com\/it\/notizie\/larea-italia-al-salone-dei-gourmets-di-madrid-chiude-con-un-nuovo-record-di-espositori-e-prodotti\/#breadcrumb"},"inLanguage":"it-IT","potentialAction":[{"@type":"ReadAction","target":["https:\/\/italcamara-es.com\/it\/notizie\/larea-italia-al-salone-dei-gourmets-di-madrid-chiude-con-un-nuovo-record-di-espositori-e-prodotti\/"]}]},{"@type":"ImageObject","inLanguage":"it-IT","@id":"https:\/\/italcamara-es.com\/it\/notizie\/larea-italia-al-salone-dei-gourmets-di-madrid-chiude-con-un-nuovo-record-di-espositori-e-prodotti\/#primaryimage","url":"https:\/\/italcamara-es.com\/wp-content\/uploads\/2025\/03\/gourmet-500.jpg","contentUrl":"https:\/\/italcamara-es.com\/wp-content\/uploads\/2025\/03\/gourmet-500.jpg","width":500,"height":280},{"@type":"BreadcrumbList","@id":"https:\/\/italcamara-es.com\/it\/notizie\/larea-italia-al-salone-dei-gourmets-di-madrid-chiude-con-un-nuovo-record-di-espositori-e-prodotti\/#breadcrumb","itemListElement":[{"@type":"ListItem","position":1,"name":"Inicio","item":"https:\/\/italcamara-es.com\/"},{"@type":"ListItem","position":2,"name":"L\u2019Area Italia al Salone dei Gourmets di Madrid chiude con un nuovo record di espositori e prodotti"}]},{"@type":"WebSite","@id":"https:\/\/italcamara-es.com\/#website","url":"https:\/\/italcamara-es.com\/","name":"Italcamara","description":"","potentialAction":[{"@type":"SearchAction","target":{"@type":"EntryPoint","urlTemplate":"https:\/\/italcamara-es.com\/?s={search_term_string}"},"query-input":{"@type":"PropertyValueSpecification","valueRequired":true,"valueName":"search_term_string"}}],"inLanguage":"it-IT"},{"@type":"Person","@id":"https:\/\/italcamara-es.com\/#\/schema\/person\/bb3c56263e405bbd9a15171dcfee93bb","name":"administrador","image":{"@type":"ImageObject","inLanguage":"it-IT","@id":"https:\/\/secure.gravatar.com\/avatar\/14b5e63db38320b12031bb28cf9f77e210aa71fb3a8a3602a3c9a05134fa75eb?s=96&d=mm&r=g","url":"https:\/\/secure.gravatar.com\/avatar\/14b5e63db38320b12031bb28cf9f77e210aa71fb3a8a3602a3c9a05134fa75eb?s=96&d=mm&r=g","contentUrl":"https:\/\/secure.gravatar.com\/avatar\/14b5e63db38320b12031bb28cf9f77e210aa71fb3a8a3602a3c9a05134fa75eb?s=96&d=mm&r=g","caption":"administrador"},"sameAs":["http:\/\/pre.italcamara-es.com"],"url":"https:\/\/italcamara-es.com\/it\/author\/administrador\/"}]}},"rttpg_featured_image_url":{"full":["https:\/\/italcamara-es.com\/wp-content\/uploads\/2025\/03\/gourmet-500.jpg",500,280,false],"landscape":["https:\/\/italcamara-es.com\/wp-content\/uploads\/2025\/03\/gourmet-500.jpg",500,280,false],"portraits":["https:\/\/italcamara-es.com\/wp-content\/uploads\/2025\/03\/gourmet-500.jpg",500,280,false],"thumbnail":["https:\/\/italcamara-es.com\/wp-content\/uploads\/2025\/03\/gourmet-500-150x150.jpg",150,150,true],"medium":["https:\/\/italcamara-es.com\/wp-content\/uploads\/2025\/03\/gourmet-500-300x168.jpg",300,168,true],"large":["https:\/\/italcamara-es.com\/wp-content\/uploads\/2025\/03\/gourmet-500.jpg",500,280,false],"1536x1536":["https:\/\/italcamara-es.com\/wp-content\/uploads\/2025\/03\/gourmet-500.jpg",500,280,false],"2048x2048":["https:\/\/italcamara-es.com\/wp-content\/uploads\/2025\/03\/gourmet-500.jpg",500,280,false],"ocean-thumb-m":["https:\/\/italcamara-es.com\/wp-content\/uploads\/2025\/03\/gourmet-500.jpg",500,280,false],"ocean-thumb-ml":["https:\/\/italcamara-es.com\/wp-content\/uploads\/2025\/03\/gourmet-500.jpg",500,280,false],"ocean-thumb-l":["https:\/\/italcamara-es.com\/wp-content\/uploads\/2025\/03\/gourmet-500.jpg",500,280,false],"directorist_preview":["https:\/\/italcamara-es.com\/wp-content\/uploads\/2025\/03\/gourmet-500.jpg",500,280,false]},"rttpg_author":{"display_name":"administrador","author_link":"https:\/\/italcamara-es.com\/it\/author\/administrador\/"},"rttpg_comment":0,"rttpg_category":"<a href=\"https:\/\/italcamara-es.com\/it\/category\/notizie\/\" rel=\"category tag\">Notizie<\/a>","rttpg_excerpt":"La XXXIII edizione del Sal\u00f3n de Gourmet di Madrid si \u00e8 conclusa con numeri altamente positivi, superando le pi\u00f9 rosee aspettative della vigilia. Dall\u20198 all\u201911 aprile, infatti, si sono dati appuntamento nel quartiere fieristico di IFEMA 2.023 espositori, 57.000 prodotti e oltre 107.000 operatori del settore agroalimentare, il 18,7% in pi\u00f9 rispetto all\u2019edizione precedente e&hellip;","_links":{"self":[{"href":"https:\/\/italcamara-es.com\/it\/wp-json\/wp\/v2\/posts\/56135","targetHints":{"allow":["GET"]}}],"collection":[{"href":"https:\/\/italcamara-es.com\/it\/wp-json\/wp\/v2\/posts"}],"about":[{"href":"https:\/\/italcamara-es.com\/it\/wp-json\/wp\/v2\/types\/post"}],"author":[{"embeddable":true,"href":"https:\/\/italcamara-es.com\/it\/wp-json\/wp\/v2\/users\/1"}],"replies":[{"embeddable":true,"href":"https:\/\/italcamara-es.com\/it\/wp-json\/wp\/v2\/comments?post=56135"}],"version-history":[{"count":0,"href":"https:\/\/italcamara-es.com\/it\/wp-json\/wp\/v2\/posts\/56135\/revisions"}],"wp:featuredmedia":[{"embeddable":true,"href":"https:\/\/italcamara-es.com\/it\/wp-json\/wp\/v2\/media\/54729"}],"wp:attachment":[{"href":"https:\/\/italcamara-es.com\/it\/wp-json\/wp\/v2\/media?parent=56135"}],"wp:term":[{"taxonomy":"category","embeddable":true,"href":"https:\/\/italcamara-es.com\/it\/wp-json\/wp\/v2\/categories?post=56135"},{"taxonomy":"post_tag","embeddable":true,"href":"https:\/\/italcamara-es.com\/it\/wp-json\/wp\/v2\/tags?post=56135"}],"curies":[{"name":"wp","href":"https:\/\/api.w.org\/{rel}","templated":true}]}}