	{"id":56147,"date":"2019-06-12T10:42:42","date_gmt":"2019-06-12T08:42:42","guid":{"rendered":"http:\/\/pre.italcamara-es.com\/senza-categoria\/le-fiere-in-programma-per-i-prossimi-mesi\/"},"modified":"2019-06-12T10:42:42","modified_gmt":"2019-06-12T08:42:42","slug":"le-fiere-in-programma-per-i-prossimi-mesi","status":"publish","type":"post","link":"https:\/\/italcamara-es.com\/it\/notizie\/le-fiere-in-programma-per-i-prossimi-mesi\/","title":{"rendered":"Le fiere in programma per i prossimi mesi"},"content":{"rendered":"\n<p>La Camera di Commercio e Industria Italiana per la Spagna (CCIS) organizza la partecipazione di imprese e buyers a diverse fiere in Spagna e Italia, grazie agli accordi con gli enti organizzatori.<\/p>\n\n\n\n<p>In particolare, nei prossimi mesi verranno gestite delegazioni di professionisti e aziende spagnole alle seguenti manifestazioni fieristiche<strong> in Italia:<\/strong><\/p>\n\n\n\n<p><strong><a href=\"http:\/\/www.fieradellevante.it \" target=\"_blank\" rel=\"noreferrer noopener\" aria-label=\"Fiera del Levante (opens in a new tab)\">Fiera del Levante<\/a> (Bari, 14-22 settembre 2019)<\/strong><\/p>\n\n\n\n<p>Si tratta della fiera campionaria pi\u00f9 importante del Sud Italia, dedicata all\u2019agricoltura ed all\u2019industria, oltre che al mobilio ed alla decorazione, artigianato internazionale, nazionale e locale e moda. Come negli anni scorsi, la CCIS gestir\u00e1 un&#8217;Area Spagna per la partecipazione di imprese spagnole attive nell&#8217;ambito dell&#8217;artigianato e della gastronomia.<\/p>\n\n\n\n<p><strong><a href=\"http:\/\/www.scandiccifiera.it\" target=\"_blank\" rel=\"noreferrer noopener\" aria-label=\"Scandicci Fiera (opens in a new tab)\">Scandicci Fiera<\/a> (Scandicci, 2-13 ottobre 2019)<\/strong><\/p>\n\n\n\n<p>Una delle principali fiere campionarie della Toscana, con oltre 400.000 visitatori nell&#8217;ultima edizione. Per il secondo anno consecutivo, la Camera gestisce la partecipazione di imprese spagnole di artigianato e gastronomia.<\/p>\n\n\n\n<p><strong><a href=\"http:\/\/www.arredamont.it\" target=\"_blank\" rel=\"noreferrer noopener\" aria-label=\"Arredamont (opens in a new tab)\">Arredamont<\/a> (Longarone, 26 ottobre &#8211; 3 novembre 2019)<\/strong><\/p>\n\n\n\n<p>La manifestazione \u00e8 dedicata al legno e all&#8217;arredamento e valorizza la creativit\u00e0 dei laboratori artigianali locali ed internazionali. Con pi\u00f9 di 30.000 visitatori, si tratta di una delle principali manifestazioni del settore. Sulla base del recente <a rel=\"noreferrer noopener\" aria-label=\"accordo con l'ente organizzatore (opens in a new tab)\" href=\"https:\/\/www.italcamara-es.com\/it\/accordo-di-collaborazione-tra-la-ccis-e-longarone-fiere\/\" target=\"_blank\">accordo con l&#8217;ente organizzatore<\/a>, la CCIS organizza per la prima volta la partecipazione di  una delegazione di imprese spagnole per l&#8217;esposizione in un&#8217;area dedicata alla Spagna e di buyers interessati ad entrare in contatto con imprese locali.<\/p>\n\n\n\n<p><strong><a href=\"https:\/\/www.foodnova.eu\/manifestazioni\/gluten-free-expo\/presentazione\" target=\"_blank\" rel=\"noreferrer noopener\" aria-label=\"Gluten Free Expo (opens in a new tab)\">Gluten Free Expo<\/a> (Rimini, 16-19 novembre 2019)<\/strong><\/p>\n\n\n\n<p>\u00c8 il primo evento internazionale dedicato ai prodotti senza glutine ed il punto di incontro di tutti i player del mercato, dalle aziende, al consumatore e al professionista. La CCIS organizza per la prima volta uno spazio espositivo dedicato alle imprese spagnole e una delegazione di buyer interessati ad entrare in contatto con  imprese ed operatori locali.<\/p>\n\n\n\n<p><strong><a href=\"http:\/\/www.mostradelgelato.com\" target=\"_blank\" rel=\"noreferrer noopener\" aria-label=\"Mostra Internazionale del gelato artigianale (opens in a new tab)\">Mostra Internazionale del gelato artigianale<\/a>&nbsp;(Longarone,&nbsp;1-4&nbsp;dicembre&nbsp;2019)<\/strong><\/p>\n\n\n\n<p>Si tratta della pi\u00f9 longeva fiera di settore in Europa e riguarda i principali comparti: materie prime e ingredienti, impianti e attrezzature, arredamento e servizi per la gelateria artigianale. Anche in questo caso la CCIS organizza sia una delegazione di buyers spagnoli che un&#8217;area espositiva dedicata alle imprese iberiche. <\/p>\n\n\n\n<p>A sua volta, la Camera gestisce la partecipazione di imprese e professionisti italiani alle seguenti fiere organizzate in <strong>Spagna<\/strong>:<\/p>\n\n\n\n<p><strong><a href=\"http:\/\/www.salonnautico.com\" target=\"_blank\" rel=\"noreferrer noopener\" aria-label=\"Sal\u00f3n N\u00e1utico Internacional (opens in a new tab)\">Sal\u00f3n N\u00e1utico Internacional<\/a> (Barcellona, 9-13 ottobre 2019)<\/strong><\/p>\n\n\n\n<p>Sulla base della positiva esperienza dell&#8217;anno scorso, verr\u00e0 allestita un&#8217;Area Italia per l&#8217;esposizione di prodotti e servizi da parte di imprese del Belpaese in una delle principali manifestazione in Europa dedicate al settore nautico. Nell\u2019ultima edizione (2018), pi\u00f9 di 54 mila professionisti hanno visitato Port Vell, la zona del porto di Barcellona che accoglie la fiera.<\/p>\n\n\n\n<p><strong><a href=\"http:\/\/www.piscinawellness.com\" target=\"_blank\" rel=\"noreferrer noopener\" aria-label=\"Piscina &amp; Wellness (opens in a new tab)\">Piscina &amp; Wellness<\/a> (Barcellona, 15-18 ottobre 2019)<\/strong><\/p>\n\n\n\n<p>La manfestazione \u00e8 dedicata  alle imprese ed i professionisti attivi nel campo del benessere, della costruzione, del mantenimento e gestione di piscine. La CCIS organizza per il primo anno un\u2019Area Italia personalizzata ed esclusiva nella quale le imprese italiane godranno di grande visibilit\u00e0. <\/p>\n\n\n\n<p><strong><a href=\"http:\/\/gastronoma.feriavalencia.es \" target=\"_blank\" rel=\"noreferrer noopener\" aria-label=\"Gastr\u00f3noma (opens in a new tab)\">Gastr\u00f3noma<\/a> (Valencia, 10-12 novembre 2019)<\/strong><\/p>\n\n\n\n<p>\u00c8 il grande appuntamento con la gastronomia nella Comunit\u00e0 Valenciana. Gi\u00e0 da diversi anni la CCIS gestisce uno spazio espositivo interamente dedicato alle imprese italiane interessate ad espandere la propria attivit\u00e0 in una dele regioni pi\u00f9 dinamiche della Spagna. <\/p>\n\n\n\n<hr class=\"wp-block-separator\"\/>\n\n\n\n<p>Per maggiori informazioni sulle fiere in programma nei prossimi mesi, \u00e8 possibile consultare la <a href=\"https:\/\/www.italcamara-es.com\/it\/servizi\/fiere\/\" target=\"_blank\" rel=\"noreferrer noopener\" aria-label=\"pagina dedicata (opens in a new tab)\">pagina dedicata<\/a> nella web camerale oppure contattare il Dipartimento Fiere della CCIS inviando un\u2019email a <a href=\"mailto:ferias@italcamara-es.com\">ferias@italcamara-es.com<\/a>. <\/p>\n","protected":false},"excerpt":{"rendered":"<p>La Camera di Commercio e Industria Italiana per la Spagna (CCIS) organizza la partecipazione di imprese e buyers a diverse fiere in Spagna e Italia, grazie agli accordi con gli enti organizzatori. In particolare, nei prossimi mesi verranno gestite delegazioni di professionisti e aziende spagnole alle seguenti manifestazioni fieristiche in Italia: Fiera del Levante (Bari, [&hellip;]<\/p>\n","protected":false},"author":1,"featured_media":56148,"comment_status":"open","ping_status":"open","sticky":false,"template":"","format":"standard","meta":{"inline_featured_image":false,"ocean_post_layout":"","ocean_both_sidebars_style":"","ocean_both_sidebars_content_width":0,"ocean_both_sidebars_sidebars_width":0,"ocean_sidebar":"","ocean_second_sidebar":"","ocean_disable_margins":"enable","ocean_add_body_class":"","ocean_shortcode_before_top_bar":"","ocean_shortcode_after_top_bar":"","ocean_shortcode_before_header":"","ocean_shortcode_after_header":"","ocean_has_shortcode":"","ocean_shortcode_after_title":"","ocean_shortcode_before_footer_widgets":"","ocean_shortcode_after_footer_widgets":"","ocean_shortcode_before_footer_bottom":"","ocean_shortcode_after_footer_bottom":"","ocean_display_top_bar":"default","ocean_display_header":"default","ocean_header_style":"","ocean_center_header_left_menu":"","ocean_custom_header_template":"","ocean_custom_logo":0,"ocean_custom_retina_logo":0,"ocean_custom_logo_max_width":0,"ocean_custom_logo_tablet_max_width":0,"ocean_custom_logo_mobile_max_width":0,"ocean_custom_logo_max_height":0,"ocean_custom_logo_tablet_max_height":0,"ocean_custom_logo_mobile_max_height":0,"ocean_header_custom_menu":"","ocean_menu_typo_font_family":"","ocean_menu_typo_font_subset":"","ocean_menu_typo_font_size":0,"ocean_menu_typo_font_size_tablet":0,"ocean_menu_typo_font_size_mobile":0,"ocean_menu_typo_font_size_unit":"px","ocean_menu_typo_font_weight":"","ocean_menu_typo_font_weight_tablet":"","ocean_menu_typo_font_weight_mobile":"","ocean_menu_typo_transform":"","ocean_menu_typo_transform_tablet":"","ocean_menu_typo_transform_mobile":"","ocean_menu_typo_line_height":0,"ocean_menu_typo_line_height_tablet":0,"ocean_menu_typo_line_height_mobile":0,"ocean_menu_typo_line_height_unit":"","ocean_menu_typo_spacing":0,"ocean_menu_typo_spacing_tablet":0,"ocean_menu_typo_spacing_mobile":0,"ocean_menu_typo_spacing_unit":"","ocean_menu_link_color":"","ocean_menu_link_color_hover":"","ocean_menu_link_color_active":"","ocean_menu_link_background":"","ocean_menu_link_hover_background":"","ocean_menu_link_active_background":"","ocean_menu_social_links_bg":"","ocean_menu_social_hover_links_bg":"","ocean_menu_social_links_color":"","ocean_menu_social_hover_links_color":"","ocean_disable_title":"default","ocean_disable_heading":"default","ocean_post_title":"","ocean_post_subheading":"","ocean_post_title_style":"","ocean_post_title_background_color":"","ocean_post_title_background":0,"ocean_post_title_bg_image_position":"","ocean_post_title_bg_image_attachment":"","ocean_post_title_bg_image_repeat":"","ocean_post_title_bg_image_size":"","ocean_post_title_height":0,"ocean_post_title_bg_overlay":0.5,"ocean_post_title_bg_overlay_color":"","ocean_disable_breadcrumbs":"default","ocean_breadcrumbs_color":"","ocean_breadcrumbs_separator_color":"","ocean_breadcrumbs_links_color":"","ocean_breadcrumbs_links_hover_color":"","ocean_display_footer_widgets":"default","ocean_display_footer_bottom":"default","ocean_custom_footer_template":"","ocean_post_oembed":"","ocean_post_self_hosted_media":"","ocean_post_video_embed":"","ocean_link_format":"","ocean_link_format_target":"self","ocean_quote_format":"","ocean_quote_format_link":"post","ocean_gallery_link_images":"on","ocean_gallery_id":[],"footnotes":""},"categories":[133],"tags":[139],"class_list":["post-56147","post","type-post","status-publish","format-standard","has-post-thumbnail","hentry","category-notizie","tag-notizie-di-la-ccis","entry","has-media"],"yoast_head":"<!-- This site is optimized with the Yoast SEO plugin v27.4 - https:\/\/yoast.com\/product\/yoast-seo-wordpress\/ -->\n<title>Le fiere in programma per i prossimi mesi - Italcamara<\/title>\n<meta name=\"robots\" content=\"index, follow, max-snippet:-1, max-image-preview:large, max-video-preview:-1\" \/>\n<link rel=\"canonical\" href=\"https:\/\/italcamara-es.com\/it\/notizie\/le-fiere-in-programma-per-i-prossimi-mesi\/\" \/>\n<meta property=\"og:locale\" content=\"it_IT\" \/>\n<meta property=\"og:type\" content=\"article\" \/>\n<meta property=\"og:title\" content=\"Le fiere in programma per i prossimi mesi - Italcamara\" \/>\n<meta property=\"og:description\" content=\"La Camera di Commercio e Industria Italiana per la Spagna (CCIS) organizza la partecipazione di imprese e buyers a diverse fiere in Spagna e Italia, grazie agli accordi con gli enti organizzatori. In particolare, nei prossimi mesi verranno gestite delegazioni di professionisti e aziende spagnole alle seguenti manifestazioni fieristiche in Italia: Fiera del Levante (Bari, [&hellip;]\" \/>\n<meta property=\"og:url\" content=\"https:\/\/italcamara-es.com\/it\/notizie\/le-fiere-in-programma-per-i-prossimi-mesi\/\" \/>\n<meta property=\"og:site_name\" content=\"Italcamara\" \/>\n<meta property=\"article:published_time\" content=\"2019-06-12T08:42:42+00:00\" \/>\n<meta property=\"og:image\" content=\"https:\/\/italcamara-es.com\/wp-content\/uploads\/2025\/03\/fiere500.jpg\" \/>\n\t<meta property=\"og:image:width\" content=\"500\" \/>\n\t<meta property=\"og:image:height\" content=\"280\" \/>\n\t<meta property=\"og:image:type\" content=\"image\/jpeg\" \/>\n<meta name=\"author\" content=\"administrador\" \/>\n<meta name=\"twitter:card\" content=\"summary_large_image\" \/>\n<meta name=\"twitter:label1\" content=\"Scritto da\" \/>\n\t<meta name=\"twitter:data1\" content=\"administrador\" \/>\n\t<meta name=\"twitter:label2\" content=\"Tempo di lettura stimato\" \/>\n\t<meta name=\"twitter:data2\" content=\"3 minuti\" \/>\n<script type=\"application\/ld+json\" class=\"yoast-schema-graph\">{\"@context\":\"https:\\\/\\\/schema.org\",\"@graph\":[{\"@type\":\"Article\",\"@id\":\"https:\\\/\\\/italcamara-es.com\\\/it\\\/notizie\\\/le-fiere-in-programma-per-i-prossimi-mesi\\\/#article\",\"isPartOf\":{\"@id\":\"https:\\\/\\\/italcamara-es.com\\\/it\\\/notizie\\\/le-fiere-in-programma-per-i-prossimi-mesi\\\/\"},\"author\":{\"name\":\"administrador\",\"@id\":\"https:\\\/\\\/italcamara-es.com\\\/#\\\/schema\\\/person\\\/bb3c56263e405bbd9a15171dcfee93bb\"},\"headline\":\"Le fiere in programma per i prossimi mesi\",\"datePublished\":\"2019-06-12T08:42:42+00:00\",\"mainEntityOfPage\":{\"@id\":\"https:\\\/\\\/italcamara-es.com\\\/it\\\/notizie\\\/le-fiere-in-programma-per-i-prossimi-mesi\\\/\"},\"wordCount\":567,\"commentCount\":0,\"image\":{\"@id\":\"https:\\\/\\\/italcamara-es.com\\\/it\\\/notizie\\\/le-fiere-in-programma-per-i-prossimi-mesi\\\/#primaryimage\"},\"thumbnailUrl\":\"https:\\\/\\\/italcamara-es.com\\\/wp-content\\\/uploads\\\/2025\\\/03\\\/fiere500.jpg\",\"keywords\":[\"Notizie di la CCIS\"],\"articleSection\":[\"Notizie\"],\"inLanguage\":\"it-IT\",\"potentialAction\":[{\"@type\":\"CommentAction\",\"name\":\"Comment\",\"target\":[\"https:\\\/\\\/italcamara-es.com\\\/it\\\/notizie\\\/le-fiere-in-programma-per-i-prossimi-mesi\\\/#respond\"]}]},{\"@type\":\"WebPage\",\"@id\":\"https:\\\/\\\/italcamara-es.com\\\/it\\\/notizie\\\/le-fiere-in-programma-per-i-prossimi-mesi\\\/\",\"url\":\"https:\\\/\\\/italcamara-es.com\\\/it\\\/notizie\\\/le-fiere-in-programma-per-i-prossimi-mesi\\\/\",\"name\":\"Le fiere in programma per i prossimi mesi - Italcamara\",\"isPartOf\":{\"@id\":\"https:\\\/\\\/italcamara-es.com\\\/#website\"},\"primaryImageOfPage\":{\"@id\":\"https:\\\/\\\/italcamara-es.com\\\/it\\\/notizie\\\/le-fiere-in-programma-per-i-prossimi-mesi\\\/#primaryimage\"},\"image\":{\"@id\":\"https:\\\/\\\/italcamara-es.com\\\/it\\\/notizie\\\/le-fiere-in-programma-per-i-prossimi-mesi\\\/#primaryimage\"},\"thumbnailUrl\":\"https:\\\/\\\/italcamara-es.com\\\/wp-content\\\/uploads\\\/2025\\\/03\\\/fiere500.jpg\",\"datePublished\":\"2019-06-12T08:42:42+00:00\",\"author\":{\"@id\":\"https:\\\/\\\/italcamara-es.com\\\/#\\\/schema\\\/person\\\/bb3c56263e405bbd9a15171dcfee93bb\"},\"breadcrumb\":{\"@id\":\"https:\\\/\\\/italcamara-es.com\\\/it\\\/notizie\\\/le-fiere-in-programma-per-i-prossimi-mesi\\\/#breadcrumb\"},\"inLanguage\":\"it-IT\",\"potentialAction\":[{\"@type\":\"ReadAction\",\"target\":[\"https:\\\/\\\/italcamara-es.com\\\/it\\\/notizie\\\/le-fiere-in-programma-per-i-prossimi-mesi\\\/\"]}]},{\"@type\":\"ImageObject\",\"inLanguage\":\"it-IT\",\"@id\":\"https:\\\/\\\/italcamara-es.com\\\/it\\\/notizie\\\/le-fiere-in-programma-per-i-prossimi-mesi\\\/#primaryimage\",\"url\":\"https:\\\/\\\/italcamara-es.com\\\/wp-content\\\/uploads\\\/2025\\\/03\\\/fiere500.jpg\",\"contentUrl\":\"https:\\\/\\\/italcamara-es.com\\\/wp-content\\\/uploads\\\/2025\\\/03\\\/fiere500.jpg\",\"width\":500,\"height\":280},{\"@type\":\"BreadcrumbList\",\"@id\":\"https:\\\/\\\/italcamara-es.com\\\/it\\\/notizie\\\/le-fiere-in-programma-per-i-prossimi-mesi\\\/#breadcrumb\",\"itemListElement\":[{\"@type\":\"ListItem\",\"position\":1,\"name\":\"Inicio\",\"item\":\"https:\\\/\\\/italcamara-es.com\\\/\"},{\"@type\":\"ListItem\",\"position\":2,\"name\":\"Le fiere in programma per i prossimi mesi\"}]},{\"@type\":\"WebSite\",\"@id\":\"https:\\\/\\\/italcamara-es.com\\\/#website\",\"url\":\"https:\\\/\\\/italcamara-es.com\\\/\",\"name\":\"Italcamara\",\"description\":\"\",\"potentialAction\":[{\"@type\":\"SearchAction\",\"target\":{\"@type\":\"EntryPoint\",\"urlTemplate\":\"https:\\\/\\\/italcamara-es.com\\\/?s={search_term_string}\"},\"query-input\":{\"@type\":\"PropertyValueSpecification\",\"valueRequired\":true,\"valueName\":\"search_term_string\"}}],\"inLanguage\":\"it-IT\"},{\"@type\":\"Person\",\"@id\":\"https:\\\/\\\/italcamara-es.com\\\/#\\\/schema\\\/person\\\/bb3c56263e405bbd9a15171dcfee93bb\",\"name\":\"administrador\",\"image\":{\"@type\":\"ImageObject\",\"inLanguage\":\"it-IT\",\"@id\":\"https:\\\/\\\/secure.gravatar.com\\\/avatar\\\/14b5e63db38320b12031bb28cf9f77e210aa71fb3a8a3602a3c9a05134fa75eb?s=96&d=mm&r=g\",\"url\":\"https:\\\/\\\/secure.gravatar.com\\\/avatar\\\/14b5e63db38320b12031bb28cf9f77e210aa71fb3a8a3602a3c9a05134fa75eb?s=96&d=mm&r=g\",\"contentUrl\":\"https:\\\/\\\/secure.gravatar.com\\\/avatar\\\/14b5e63db38320b12031bb28cf9f77e210aa71fb3a8a3602a3c9a05134fa75eb?s=96&d=mm&r=g\",\"caption\":\"administrador\"},\"sameAs\":[\"http:\\\/\\\/pre.italcamara-es.com\"],\"url\":\"https:\\\/\\\/italcamara-es.com\\\/it\\\/author\\\/administrador\\\/\"}]}<\/script>\n<!-- \/ Yoast SEO plugin. -->","yoast_head_json":{"title":"Le fiere in programma per i prossimi mesi - Italcamara","robots":{"index":"index","follow":"follow","max-snippet":"max-snippet:-1","max-image-preview":"max-image-preview:large","max-video-preview":"max-video-preview:-1"},"canonical":"https:\/\/italcamara-es.com\/it\/notizie\/le-fiere-in-programma-per-i-prossimi-mesi\/","og_locale":"it_IT","og_type":"article","og_title":"Le fiere in programma per i prossimi mesi - Italcamara","og_description":"La Camera di Commercio e Industria Italiana per la Spagna (CCIS) organizza la partecipazione di imprese e buyers a diverse fiere in Spagna e Italia, grazie agli accordi con gli enti organizzatori. In particolare, nei prossimi mesi verranno gestite delegazioni di professionisti e aziende spagnole alle seguenti manifestazioni fieristiche in Italia: Fiera del Levante (Bari, [&hellip;]","og_url":"https:\/\/italcamara-es.com\/it\/notizie\/le-fiere-in-programma-per-i-prossimi-mesi\/","og_site_name":"Italcamara","article_published_time":"2019-06-12T08:42:42+00:00","og_image":[{"width":500,"height":280,"url":"https:\/\/italcamara-es.com\/wp-content\/uploads\/2025\/03\/fiere500.jpg","type":"image\/jpeg"}],"author":"administrador","twitter_card":"summary_large_image","twitter_misc":{"Scritto da":"administrador","Tempo di lettura stimato":"3 minuti"},"schema":{"@context":"https:\/\/schema.org","@graph":[{"@type":"Article","@id":"https:\/\/italcamara-es.com\/it\/notizie\/le-fiere-in-programma-per-i-prossimi-mesi\/#article","isPartOf":{"@id":"https:\/\/italcamara-es.com\/it\/notizie\/le-fiere-in-programma-per-i-prossimi-mesi\/"},"author":{"name":"administrador","@id":"https:\/\/italcamara-es.com\/#\/schema\/person\/bb3c56263e405bbd9a15171dcfee93bb"},"headline":"Le fiere in programma per i prossimi mesi","datePublished":"2019-06-12T08:42:42+00:00","mainEntityOfPage":{"@id":"https:\/\/italcamara-es.com\/it\/notizie\/le-fiere-in-programma-per-i-prossimi-mesi\/"},"wordCount":567,"commentCount":0,"image":{"@id":"https:\/\/italcamara-es.com\/it\/notizie\/le-fiere-in-programma-per-i-prossimi-mesi\/#primaryimage"},"thumbnailUrl":"https:\/\/italcamara-es.com\/wp-content\/uploads\/2025\/03\/fiere500.jpg","keywords":["Notizie di la CCIS"],"articleSection":["Notizie"],"inLanguage":"it-IT","potentialAction":[{"@type":"CommentAction","name":"Comment","target":["https:\/\/italcamara-es.com\/it\/notizie\/le-fiere-in-programma-per-i-prossimi-mesi\/#respond"]}]},{"@type":"WebPage","@id":"https:\/\/italcamara-es.com\/it\/notizie\/le-fiere-in-programma-per-i-prossimi-mesi\/","url":"https:\/\/italcamara-es.com\/it\/notizie\/le-fiere-in-programma-per-i-prossimi-mesi\/","name":"Le fiere in programma per i prossimi mesi - Italcamara","isPartOf":{"@id":"https:\/\/italcamara-es.com\/#website"},"primaryImageOfPage":{"@id":"https:\/\/italcamara-es.com\/it\/notizie\/le-fiere-in-programma-per-i-prossimi-mesi\/#primaryimage"},"image":{"@id":"https:\/\/italcamara-es.com\/it\/notizie\/le-fiere-in-programma-per-i-prossimi-mesi\/#primaryimage"},"thumbnailUrl":"https:\/\/italcamara-es.com\/wp-content\/uploads\/2025\/03\/fiere500.jpg","datePublished":"2019-06-12T08:42:42+00:00","author":{"@id":"https:\/\/italcamara-es.com\/#\/schema\/person\/bb3c56263e405bbd9a15171dcfee93bb"},"breadcrumb":{"@id":"https:\/\/italcamara-es.com\/it\/notizie\/le-fiere-in-programma-per-i-prossimi-mesi\/#breadcrumb"},"inLanguage":"it-IT","potentialAction":[{"@type":"ReadAction","target":["https:\/\/italcamara-es.com\/it\/notizie\/le-fiere-in-programma-per-i-prossimi-mesi\/"]}]},{"@type":"ImageObject","inLanguage":"it-IT","@id":"https:\/\/italcamara-es.com\/it\/notizie\/le-fiere-in-programma-per-i-prossimi-mesi\/#primaryimage","url":"https:\/\/italcamara-es.com\/wp-content\/uploads\/2025\/03\/fiere500.jpg","contentUrl":"https:\/\/italcamara-es.com\/wp-content\/uploads\/2025\/03\/fiere500.jpg","width":500,"height":280},{"@type":"BreadcrumbList","@id":"https:\/\/italcamara-es.com\/it\/notizie\/le-fiere-in-programma-per-i-prossimi-mesi\/#breadcrumb","itemListElement":[{"@type":"ListItem","position":1,"name":"Inicio","item":"https:\/\/italcamara-es.com\/"},{"@type":"ListItem","position":2,"name":"Le fiere in programma per i prossimi mesi"}]},{"@type":"WebSite","@id":"https:\/\/italcamara-es.com\/#website","url":"https:\/\/italcamara-es.com\/","name":"Italcamara","description":"","potentialAction":[{"@type":"SearchAction","target":{"@type":"EntryPoint","urlTemplate":"https:\/\/italcamara-es.com\/?s={search_term_string}"},"query-input":{"@type":"PropertyValueSpecification","valueRequired":true,"valueName":"search_term_string"}}],"inLanguage":"it-IT"},{"@type":"Person","@id":"https:\/\/italcamara-es.com\/#\/schema\/person\/bb3c56263e405bbd9a15171dcfee93bb","name":"administrador","image":{"@type":"ImageObject","inLanguage":"it-IT","@id":"https:\/\/secure.gravatar.com\/avatar\/14b5e63db38320b12031bb28cf9f77e210aa71fb3a8a3602a3c9a05134fa75eb?s=96&d=mm&r=g","url":"https:\/\/secure.gravatar.com\/avatar\/14b5e63db38320b12031bb28cf9f77e210aa71fb3a8a3602a3c9a05134fa75eb?s=96&d=mm&r=g","contentUrl":"https:\/\/secure.gravatar.com\/avatar\/14b5e63db38320b12031bb28cf9f77e210aa71fb3a8a3602a3c9a05134fa75eb?s=96&d=mm&r=g","caption":"administrador"},"sameAs":["http:\/\/pre.italcamara-es.com"],"url":"https:\/\/italcamara-es.com\/it\/author\/administrador\/"}]}},"rttpg_featured_image_url":{"full":["https:\/\/italcamara-es.com\/wp-content\/uploads\/2025\/03\/fiere500.jpg",500,280,false],"landscape":["https:\/\/italcamara-es.com\/wp-content\/uploads\/2025\/03\/fiere500.jpg",500,280,false],"portraits":["https:\/\/italcamara-es.com\/wp-content\/uploads\/2025\/03\/fiere500.jpg",500,280,false],"thumbnail":["https:\/\/italcamara-es.com\/wp-content\/uploads\/2025\/03\/fiere500-150x150.jpg",150,150,true],"medium":["https:\/\/italcamara-es.com\/wp-content\/uploads\/2025\/03\/fiere500-300x168.jpg",300,168,true],"large":["https:\/\/italcamara-es.com\/wp-content\/uploads\/2025\/03\/fiere500.jpg",500,280,false],"1536x1536":["https:\/\/italcamara-es.com\/wp-content\/uploads\/2025\/03\/fiere500.jpg",500,280,false],"2048x2048":["https:\/\/italcamara-es.com\/wp-content\/uploads\/2025\/03\/fiere500.jpg",500,280,false],"ocean-thumb-m":["https:\/\/italcamara-es.com\/wp-content\/uploads\/2025\/03\/fiere500.jpg",500,280,false],"ocean-thumb-ml":["https:\/\/italcamara-es.com\/wp-content\/uploads\/2025\/03\/fiere500.jpg",500,280,false],"ocean-thumb-l":["https:\/\/italcamara-es.com\/wp-content\/uploads\/2025\/03\/fiere500.jpg",500,280,false],"directorist_preview":["https:\/\/italcamara-es.com\/wp-content\/uploads\/2025\/03\/fiere500.jpg",500,280,false]},"rttpg_author":{"display_name":"administrador","author_link":"https:\/\/italcamara-es.com\/it\/author\/administrador\/"},"rttpg_comment":0,"rttpg_category":"<a href=\"https:\/\/italcamara-es.com\/it\/category\/notizie\/\" rel=\"category tag\">Notizie<\/a>","rttpg_excerpt":"La Camera di Commercio e Industria Italiana per la Spagna (CCIS) organizza la partecipazione di imprese e buyers a diverse fiere in Spagna e Italia, grazie agli accordi con gli enti organizzatori. In particolare, nei prossimi mesi verranno gestite delegazioni di professionisti e aziende spagnole alle seguenti manifestazioni fieristiche in Italia: Fiera del Levante (Bari,&hellip;","_links":{"self":[{"href":"https:\/\/italcamara-es.com\/it\/wp-json\/wp\/v2\/posts\/56147","targetHints":{"allow":["GET"]}}],"collection":[{"href":"https:\/\/italcamara-es.com\/it\/wp-json\/wp\/v2\/posts"}],"about":[{"href":"https:\/\/italcamara-es.com\/it\/wp-json\/wp\/v2\/types\/post"}],"author":[{"embeddable":true,"href":"https:\/\/italcamara-es.com\/it\/wp-json\/wp\/v2\/users\/1"}],"replies":[{"embeddable":true,"href":"https:\/\/italcamara-es.com\/it\/wp-json\/wp\/v2\/comments?post=56147"}],"version-history":[{"count":0,"href":"https:\/\/italcamara-es.com\/it\/wp-json\/wp\/v2\/posts\/56147\/revisions"}],"wp:featuredmedia":[{"embeddable":true,"href":"https:\/\/italcamara-es.com\/it\/wp-json\/wp\/v2\/media\/56148"}],"wp:attachment":[{"href":"https:\/\/italcamara-es.com\/it\/wp-json\/wp\/v2\/media?parent=56147"}],"wp:term":[{"taxonomy":"category","embeddable":true,"href":"https:\/\/italcamara-es.com\/it\/wp-json\/wp\/v2\/categories?post=56147"},{"taxonomy":"post_tag","embeddable":true,"href":"https:\/\/italcamara-es.com\/it\/wp-json\/wp\/v2\/tags?post=56147"}],"curies":[{"name":"wp","href":"https:\/\/api.w.org\/{rel}","templated":true}]}}