	{"id":56168,"date":"2019-10-31T15:01:05","date_gmt":"2019-10-31T14:01:05","guid":{"rendered":"http:\/\/pre.italcamara-es.com\/senza-categoria\/piemonte-lombardia-e-valle-daosta-protagoniste-della-prima-cena-sensoriale-per-scoprire-lautentica-cucina-regionale-italiana\/"},"modified":"2019-10-31T15:01:05","modified_gmt":"2019-10-31T14:01:05","slug":"piemonte-lombardia-e-valle-daosta-protagoniste-della-prima-cena-sensoriale-per-scoprire-lautentica-cucina-regionale-italiana","status":"publish","type":"post","link":"https:\/\/italcamara-es.com\/it\/notizie\/piemonte-lombardia-e-valle-daosta-protagoniste-della-prima-cena-sensoriale-per-scoprire-lautentica-cucina-regionale-italiana\/","title":{"rendered":"Piemonte, Lombardia e Valle d\u2019Aosta protagoniste della prima cena sensoriale per scoprire l\u2019autentica cucina regionale italiana"},"content":{"rendered":"\n<p>Il prossimo 12 novembre, nel laboratorio gastronomico della Camera di Commercio e Industria Italiana per la Spagna (CCIS), si terr\u00e0 la prima cena sensoriale del ciclo \u201c<strong><a href=\"https:\/\/www.100autentico.es\/cenasregionales\/\">20 Buone Regioni per Chiamarla Italia<\/a><\/strong>\u201d, l\u2019iniziativa organizzata dalla CCIS, in collaborazione con l\u2019<a href=\"https:\/\/www.accademiaitalianadellacucina.it\/\">Accademia Italiana della Cucina<\/a> e <a href=\"https:\/\/www.alessandrocresta.com\/\">Mo\u2019 better Food<\/a>, per promuovere l\u2019autentica cucina regionale italiana in Spagna.<\/p>\n\n\n\n<p>In questo primo appuntamento, gli invitati avranno l\u2019opportunit\u00e0 di degustare alcuni tra i piatti tradizionali autunnali di tre regioni localizzate nel nordest dell\u2019Italia: la Lombardia, il Piemonte e la Valle d\u2019Aosta, elaborati dallo chef <strong>Alessandro Cresta<\/strong>, che presenter\u00e0 ciascuna delle ricette del men\u00fa, la loro storia e molte curiosit\u00e0 sui prodoti regionali utilizzati per la loro elaborazione.<\/p>\n\n\n\n<p>Durante la cena, la musica dal vivo di <strong>Jonathan Colombo <\/strong>e le immagini che verranno proiettate nella sala accompagenranno i commensali in un viaggio sensoriale attraverso i territori e la cultura delle tre regioni protagoniste.<\/p>\n\n\n\n<p>L\u2019iniziativa fa\nparte delle attivit\u00e0 organizzate nell\u2019ambito del progetto \u201c<strong><a href=\"http:\/\/www.100autentico.es\/\">True Italian taste \u2013 100% Aut\u00e9ntico<\/a><\/strong>\u201d, finanziato dal <strong>Ministero dello Sviluppo Economico<\/strong> e gestito da <strong>Assocamerestero<\/strong>.<\/p>\n\n\n\n<p>Il ciclo \u201c20\nBuone Regioni per chiamarla Italia\u201d prevede l\u2019organizzazione di altre 6 cene\nsensorial da gennaio a giugno 2020, per poter cos\u00ec completare il viaggio\ngastronomico dal Nord al Sud Italia, secondo il calendario pubblicato nella <a href=\"https:\/\/www.100autentico.es\/cenasregionales\/\">pagina dedicata\nall\u2019iniziativa<\/a>. <\/p>\n","protected":false},"excerpt":{"rendered":"<p>Il prossimo 12 novembre, nel laboratorio gastronomico della Camera di Commercio e Industria Italiana per la Spagna (CCIS), si terr\u00e0 la prima cena sensoriale del ciclo \u201c20 Buone Regioni per Chiamarla Italia\u201d, l\u2019iniziativa organizzata dalla CCIS, in collaborazione con l\u2019Accademia Italiana della Cucina e Mo\u2019 better Food, per promuovere l\u2019autentica cucina regionale italiana in Spagna. [&hellip;]<\/p>\n","protected":false},"author":1,"featured_media":54786,"comment_status":"open","ping_status":"open","sticky":false,"template":"","format":"standard","meta":{"inline_featured_image":false,"ocean_post_layout":"","ocean_both_sidebars_style":"","ocean_both_sidebars_content_width":0,"ocean_both_sidebars_sidebars_width":0,"ocean_sidebar":"","ocean_second_sidebar":"","ocean_disable_margins":"enable","ocean_add_body_class":"","ocean_shortcode_before_top_bar":"","ocean_shortcode_after_top_bar":"","ocean_shortcode_before_header":"","ocean_shortcode_after_header":"","ocean_has_shortcode":"","ocean_shortcode_after_title":"","ocean_shortcode_before_footer_widgets":"","ocean_shortcode_after_footer_widgets":"","ocean_shortcode_before_footer_bottom":"","ocean_shortcode_after_footer_bottom":"","ocean_display_top_bar":"default","ocean_display_header":"default","ocean_header_style":"","ocean_center_header_left_menu":"","ocean_custom_header_template":"","ocean_custom_logo":0,"ocean_custom_retina_logo":0,"ocean_custom_logo_max_width":0,"ocean_custom_logo_tablet_max_width":0,"ocean_custom_logo_mobile_max_width":0,"ocean_custom_logo_max_height":0,"ocean_custom_logo_tablet_max_height":0,"ocean_custom_logo_mobile_max_height":0,"ocean_header_custom_menu":"","ocean_menu_typo_font_family":"","ocean_menu_typo_font_subset":"","ocean_menu_typo_font_size":0,"ocean_menu_typo_font_size_tablet":0,"ocean_menu_typo_font_size_mobile":0,"ocean_menu_typo_font_size_unit":"px","ocean_menu_typo_font_weight":"","ocean_menu_typo_font_weight_tablet":"","ocean_menu_typo_font_weight_mobile":"","ocean_menu_typo_transform":"","ocean_menu_typo_transform_tablet":"","ocean_menu_typo_transform_mobile":"","ocean_menu_typo_line_height":0,"ocean_menu_typo_line_height_tablet":0,"ocean_menu_typo_line_height_mobile":0,"ocean_menu_typo_line_height_unit":"","ocean_menu_typo_spacing":0,"ocean_menu_typo_spacing_tablet":0,"ocean_menu_typo_spacing_mobile":0,"ocean_menu_typo_spacing_unit":"","ocean_menu_link_color":"","ocean_menu_link_color_hover":"","ocean_menu_link_color_active":"","ocean_menu_link_background":"","ocean_menu_link_hover_background":"","ocean_menu_link_active_background":"","ocean_menu_social_links_bg":"","ocean_menu_social_hover_links_bg":"","ocean_menu_social_links_color":"","ocean_menu_social_hover_links_color":"","ocean_disable_title":"default","ocean_disable_heading":"default","ocean_post_title":"","ocean_post_subheading":"","ocean_post_title_style":"","ocean_post_title_background_color":"","ocean_post_title_background":0,"ocean_post_title_bg_image_position":"","ocean_post_title_bg_image_attachment":"","ocean_post_title_bg_image_repeat":"","ocean_post_title_bg_image_size":"","ocean_post_title_height":0,"ocean_post_title_bg_overlay":0.5,"ocean_post_title_bg_overlay_color":"","ocean_disable_breadcrumbs":"default","ocean_breadcrumbs_color":"","ocean_breadcrumbs_separator_color":"","ocean_breadcrumbs_links_color":"","ocean_breadcrumbs_links_hover_color":"","ocean_display_footer_widgets":"default","ocean_display_footer_bottom":"default","ocean_custom_footer_template":"","ocean_post_oembed":"","ocean_post_self_hosted_media":"","ocean_post_video_embed":"","ocean_link_format":"","ocean_link_format_target":"self","ocean_quote_format":"","ocean_quote_format_link":"post","ocean_gallery_link_images":"on","ocean_gallery_id":[],"footnotes":""},"categories":[133],"tags":[139],"class_list":["post-56168","post","type-post","status-publish","format-standard","has-post-thumbnail","hentry","category-notizie","tag-notizie-di-la-ccis","entry","has-media"],"yoast_head":"<!-- This site is optimized with the Yoast SEO plugin v27.5 - https:\/\/yoast.com\/product\/yoast-seo-wordpress\/ -->\n<title>Piemonte, Lombardia e Valle d\u2019Aosta protagoniste della prima cena sensoriale per scoprire l\u2019autentica cucina regionale italiana - Italcamara<\/title>\n<meta name=\"robots\" content=\"index, follow, max-snippet:-1, max-image-preview:large, max-video-preview:-1\" \/>\n<link rel=\"canonical\" href=\"https:\/\/italcamara-es.com\/it\/notizie\/piemonte-lombardia-e-valle-daosta-protagoniste-della-prima-cena-sensoriale-per-scoprire-lautentica-cucina-regionale-italiana\/\" \/>\n<meta property=\"og:locale\" content=\"it_IT\" \/>\n<meta property=\"og:type\" content=\"article\" \/>\n<meta property=\"og:title\" content=\"Piemonte, Lombardia e Valle d\u2019Aosta protagoniste della prima cena sensoriale per scoprire l\u2019autentica cucina regionale italiana - Italcamara\" \/>\n<meta property=\"og:description\" content=\"Il prossimo 12 novembre, nel laboratorio gastronomico della Camera di Commercio e Industria Italiana per la Spagna (CCIS), si terr\u00e0 la prima cena sensoriale del ciclo \u201c20 Buone Regioni per Chiamarla Italia\u201d, l\u2019iniziativa organizzata dalla CCIS, in collaborazione con l\u2019Accademia Italiana della Cucina e Mo\u2019 better Food, per promuovere l\u2019autentica cucina regionale italiana in Spagna. [&hellip;]\" \/>\n<meta property=\"og:url\" content=\"https:\/\/italcamara-es.com\/it\/notizie\/piemonte-lombardia-e-valle-daosta-protagoniste-della-prima-cena-sensoriale-per-scoprire-lautentica-cucina-regionale-italiana\/\" \/>\n<meta property=\"og:site_name\" content=\"Italcamara\" \/>\n<meta property=\"article:published_time\" content=\"2019-10-31T14:01:05+00:00\" \/>\n<meta property=\"og:image\" content=\"https:\/\/italcamara-es.com\/wp-content\/uploads\/2025\/03\/immagine-cena500.jpg\" \/>\n\t<meta property=\"og:image:width\" content=\"500\" \/>\n\t<meta property=\"og:image:height\" content=\"280\" \/>\n\t<meta property=\"og:image:type\" content=\"image\/jpeg\" \/>\n<meta name=\"author\" content=\"administrador\" \/>\n<meta name=\"twitter:card\" content=\"summary_large_image\" \/>\n<meta name=\"twitter:label1\" content=\"Scritto da\" \/>\n\t<meta name=\"twitter:data1\" content=\"administrador\" \/>\n\t<meta name=\"twitter:label2\" content=\"Tempo di lettura stimato\" \/>\n\t<meta name=\"twitter:data2\" content=\"1 minuto\" \/>\n<script type=\"application\/ld+json\" class=\"yoast-schema-graph\">{\"@context\":\"https:\\\/\\\/schema.org\",\"@graph\":[{\"@type\":\"Article\",\"@id\":\"https:\\\/\\\/italcamara-es.com\\\/it\\\/notizie\\\/piemonte-lombardia-e-valle-daosta-protagoniste-della-prima-cena-sensoriale-per-scoprire-lautentica-cucina-regionale-italiana\\\/#article\",\"isPartOf\":{\"@id\":\"https:\\\/\\\/italcamara-es.com\\\/it\\\/notizie\\\/piemonte-lombardia-e-valle-daosta-protagoniste-della-prima-cena-sensoriale-per-scoprire-lautentica-cucina-regionale-italiana\\\/\"},\"author\":{\"name\":\"administrador\",\"@id\":\"https:\\\/\\\/italcamara-es.com\\\/#\\\/schema\\\/person\\\/bb3c56263e405bbd9a15171dcfee93bb\"},\"headline\":\"Piemonte, Lombardia e Valle d\u2019Aosta protagoniste della prima cena sensoriale per scoprire l\u2019autentica cucina regionale italiana\",\"datePublished\":\"2019-10-31T14:01:05+00:00\",\"mainEntityOfPage\":{\"@id\":\"https:\\\/\\\/italcamara-es.com\\\/it\\\/notizie\\\/piemonte-lombardia-e-valle-daosta-protagoniste-della-prima-cena-sensoriale-per-scoprire-lautentica-cucina-regionale-italiana\\\/\"},\"wordCount\":234,\"commentCount\":0,\"image\":{\"@id\":\"https:\\\/\\\/italcamara-es.com\\\/it\\\/notizie\\\/piemonte-lombardia-e-valle-daosta-protagoniste-della-prima-cena-sensoriale-per-scoprire-lautentica-cucina-regionale-italiana\\\/#primaryimage\"},\"thumbnailUrl\":\"https:\\\/\\\/italcamara-es.com\\\/wp-content\\\/uploads\\\/2025\\\/03\\\/immagine-cena500.jpg\",\"keywords\":[\"Notizie di la CCIS\"],\"articleSection\":[\"Notizie\"],\"inLanguage\":\"it-IT\",\"potentialAction\":[{\"@type\":\"CommentAction\",\"name\":\"Comment\",\"target\":[\"https:\\\/\\\/italcamara-es.com\\\/it\\\/notizie\\\/piemonte-lombardia-e-valle-daosta-protagoniste-della-prima-cena-sensoriale-per-scoprire-lautentica-cucina-regionale-italiana\\\/#respond\"]}]},{\"@type\":\"WebPage\",\"@id\":\"https:\\\/\\\/italcamara-es.com\\\/it\\\/notizie\\\/piemonte-lombardia-e-valle-daosta-protagoniste-della-prima-cena-sensoriale-per-scoprire-lautentica-cucina-regionale-italiana\\\/\",\"url\":\"https:\\\/\\\/italcamara-es.com\\\/it\\\/notizie\\\/piemonte-lombardia-e-valle-daosta-protagoniste-della-prima-cena-sensoriale-per-scoprire-lautentica-cucina-regionale-italiana\\\/\",\"name\":\"Piemonte, Lombardia e Valle d\u2019Aosta protagoniste della prima cena sensoriale per scoprire l\u2019autentica cucina regionale italiana - Italcamara\",\"isPartOf\":{\"@id\":\"https:\\\/\\\/italcamara-es.com\\\/#website\"},\"primaryImageOfPage\":{\"@id\":\"https:\\\/\\\/italcamara-es.com\\\/it\\\/notizie\\\/piemonte-lombardia-e-valle-daosta-protagoniste-della-prima-cena-sensoriale-per-scoprire-lautentica-cucina-regionale-italiana\\\/#primaryimage\"},\"image\":{\"@id\":\"https:\\\/\\\/italcamara-es.com\\\/it\\\/notizie\\\/piemonte-lombardia-e-valle-daosta-protagoniste-della-prima-cena-sensoriale-per-scoprire-lautentica-cucina-regionale-italiana\\\/#primaryimage\"},\"thumbnailUrl\":\"https:\\\/\\\/italcamara-es.com\\\/wp-content\\\/uploads\\\/2025\\\/03\\\/immagine-cena500.jpg\",\"datePublished\":\"2019-10-31T14:01:05+00:00\",\"author\":{\"@id\":\"https:\\\/\\\/italcamara-es.com\\\/#\\\/schema\\\/person\\\/bb3c56263e405bbd9a15171dcfee93bb\"},\"breadcrumb\":{\"@id\":\"https:\\\/\\\/italcamara-es.com\\\/it\\\/notizie\\\/piemonte-lombardia-e-valle-daosta-protagoniste-della-prima-cena-sensoriale-per-scoprire-lautentica-cucina-regionale-italiana\\\/#breadcrumb\"},\"inLanguage\":\"it-IT\",\"potentialAction\":[{\"@type\":\"ReadAction\",\"target\":[\"https:\\\/\\\/italcamara-es.com\\\/it\\\/notizie\\\/piemonte-lombardia-e-valle-daosta-protagoniste-della-prima-cena-sensoriale-per-scoprire-lautentica-cucina-regionale-italiana\\\/\"]}]},{\"@type\":\"ImageObject\",\"inLanguage\":\"it-IT\",\"@id\":\"https:\\\/\\\/italcamara-es.com\\\/it\\\/notizie\\\/piemonte-lombardia-e-valle-daosta-protagoniste-della-prima-cena-sensoriale-per-scoprire-lautentica-cucina-regionale-italiana\\\/#primaryimage\",\"url\":\"https:\\\/\\\/italcamara-es.com\\\/wp-content\\\/uploads\\\/2025\\\/03\\\/immagine-cena500.jpg\",\"contentUrl\":\"https:\\\/\\\/italcamara-es.com\\\/wp-content\\\/uploads\\\/2025\\\/03\\\/immagine-cena500.jpg\",\"width\":500,\"height\":280},{\"@type\":\"BreadcrumbList\",\"@id\":\"https:\\\/\\\/italcamara-es.com\\\/it\\\/notizie\\\/piemonte-lombardia-e-valle-daosta-protagoniste-della-prima-cena-sensoriale-per-scoprire-lautentica-cucina-regionale-italiana\\\/#breadcrumb\",\"itemListElement\":[{\"@type\":\"ListItem\",\"position\":1,\"name\":\"Inicio\",\"item\":\"https:\\\/\\\/italcamara-es.com\\\/\"},{\"@type\":\"ListItem\",\"position\":2,\"name\":\"Piemonte, Lombardia e Valle d\u2019Aosta protagoniste della prima cena sensoriale per scoprire l\u2019autentica cucina regionale italiana\"}]},{\"@type\":\"WebSite\",\"@id\":\"https:\\\/\\\/italcamara-es.com\\\/#website\",\"url\":\"https:\\\/\\\/italcamara-es.com\\\/\",\"name\":\"Italcamara\",\"description\":\"\",\"potentialAction\":[{\"@type\":\"SearchAction\",\"target\":{\"@type\":\"EntryPoint\",\"urlTemplate\":\"https:\\\/\\\/italcamara-es.com\\\/?s={search_term_string}\"},\"query-input\":{\"@type\":\"PropertyValueSpecification\",\"valueRequired\":true,\"valueName\":\"search_term_string\"}}],\"inLanguage\":\"it-IT\"},{\"@type\":\"Person\",\"@id\":\"https:\\\/\\\/italcamara-es.com\\\/#\\\/schema\\\/person\\\/bb3c56263e405bbd9a15171dcfee93bb\",\"name\":\"administrador\",\"image\":{\"@type\":\"ImageObject\",\"inLanguage\":\"it-IT\",\"@id\":\"https:\\\/\\\/secure.gravatar.com\\\/avatar\\\/14b5e63db38320b12031bb28cf9f77e210aa71fb3a8a3602a3c9a05134fa75eb?s=96&d=mm&r=g\",\"url\":\"https:\\\/\\\/secure.gravatar.com\\\/avatar\\\/14b5e63db38320b12031bb28cf9f77e210aa71fb3a8a3602a3c9a05134fa75eb?s=96&d=mm&r=g\",\"contentUrl\":\"https:\\\/\\\/secure.gravatar.com\\\/avatar\\\/14b5e63db38320b12031bb28cf9f77e210aa71fb3a8a3602a3c9a05134fa75eb?s=96&d=mm&r=g\",\"caption\":\"administrador\"},\"sameAs\":[\"http:\\\/\\\/pre.italcamara-es.com\"],\"url\":\"https:\\\/\\\/italcamara-es.com\\\/it\\\/author\\\/administrador\\\/\"}]}<\/script>\n<!-- \/ Yoast SEO plugin. -->","yoast_head_json":{"title":"Piemonte, Lombardia e Valle d\u2019Aosta protagoniste della prima cena sensoriale per scoprire l\u2019autentica cucina regionale italiana - Italcamara","robots":{"index":"index","follow":"follow","max-snippet":"max-snippet:-1","max-image-preview":"max-image-preview:large","max-video-preview":"max-video-preview:-1"},"canonical":"https:\/\/italcamara-es.com\/it\/notizie\/piemonte-lombardia-e-valle-daosta-protagoniste-della-prima-cena-sensoriale-per-scoprire-lautentica-cucina-regionale-italiana\/","og_locale":"it_IT","og_type":"article","og_title":"Piemonte, Lombardia e Valle d\u2019Aosta protagoniste della prima cena sensoriale per scoprire l\u2019autentica cucina regionale italiana - Italcamara","og_description":"Il prossimo 12 novembre, nel laboratorio gastronomico della Camera di Commercio e Industria Italiana per la Spagna (CCIS), si terr\u00e0 la prima cena sensoriale del ciclo \u201c20 Buone Regioni per Chiamarla Italia\u201d, l\u2019iniziativa organizzata dalla CCIS, in collaborazione con l\u2019Accademia Italiana della Cucina e Mo\u2019 better Food, per promuovere l\u2019autentica cucina regionale italiana in Spagna. [&hellip;]","og_url":"https:\/\/italcamara-es.com\/it\/notizie\/piemonte-lombardia-e-valle-daosta-protagoniste-della-prima-cena-sensoriale-per-scoprire-lautentica-cucina-regionale-italiana\/","og_site_name":"Italcamara","article_published_time":"2019-10-31T14:01:05+00:00","og_image":[{"width":500,"height":280,"url":"https:\/\/italcamara-es.com\/wp-content\/uploads\/2025\/03\/immagine-cena500.jpg","type":"image\/jpeg"}],"author":"administrador","twitter_card":"summary_large_image","twitter_misc":{"Scritto da":"administrador","Tempo di lettura stimato":"1 minuto"},"schema":{"@context":"https:\/\/schema.org","@graph":[{"@type":"Article","@id":"https:\/\/italcamara-es.com\/it\/notizie\/piemonte-lombardia-e-valle-daosta-protagoniste-della-prima-cena-sensoriale-per-scoprire-lautentica-cucina-regionale-italiana\/#article","isPartOf":{"@id":"https:\/\/italcamara-es.com\/it\/notizie\/piemonte-lombardia-e-valle-daosta-protagoniste-della-prima-cena-sensoriale-per-scoprire-lautentica-cucina-regionale-italiana\/"},"author":{"name":"administrador","@id":"https:\/\/italcamara-es.com\/#\/schema\/person\/bb3c56263e405bbd9a15171dcfee93bb"},"headline":"Piemonte, Lombardia e Valle d\u2019Aosta protagoniste della prima cena sensoriale per scoprire l\u2019autentica cucina regionale italiana","datePublished":"2019-10-31T14:01:05+00:00","mainEntityOfPage":{"@id":"https:\/\/italcamara-es.com\/it\/notizie\/piemonte-lombardia-e-valle-daosta-protagoniste-della-prima-cena-sensoriale-per-scoprire-lautentica-cucina-regionale-italiana\/"},"wordCount":234,"commentCount":0,"image":{"@id":"https:\/\/italcamara-es.com\/it\/notizie\/piemonte-lombardia-e-valle-daosta-protagoniste-della-prima-cena-sensoriale-per-scoprire-lautentica-cucina-regionale-italiana\/#primaryimage"},"thumbnailUrl":"https:\/\/italcamara-es.com\/wp-content\/uploads\/2025\/03\/immagine-cena500.jpg","keywords":["Notizie di la CCIS"],"articleSection":["Notizie"],"inLanguage":"it-IT","potentialAction":[{"@type":"CommentAction","name":"Comment","target":["https:\/\/italcamara-es.com\/it\/notizie\/piemonte-lombardia-e-valle-daosta-protagoniste-della-prima-cena-sensoriale-per-scoprire-lautentica-cucina-regionale-italiana\/#respond"]}]},{"@type":"WebPage","@id":"https:\/\/italcamara-es.com\/it\/notizie\/piemonte-lombardia-e-valle-daosta-protagoniste-della-prima-cena-sensoriale-per-scoprire-lautentica-cucina-regionale-italiana\/","url":"https:\/\/italcamara-es.com\/it\/notizie\/piemonte-lombardia-e-valle-daosta-protagoniste-della-prima-cena-sensoriale-per-scoprire-lautentica-cucina-regionale-italiana\/","name":"Piemonte, Lombardia e Valle d\u2019Aosta protagoniste della prima cena sensoriale per scoprire l\u2019autentica cucina regionale italiana - Italcamara","isPartOf":{"@id":"https:\/\/italcamara-es.com\/#website"},"primaryImageOfPage":{"@id":"https:\/\/italcamara-es.com\/it\/notizie\/piemonte-lombardia-e-valle-daosta-protagoniste-della-prima-cena-sensoriale-per-scoprire-lautentica-cucina-regionale-italiana\/#primaryimage"},"image":{"@id":"https:\/\/italcamara-es.com\/it\/notizie\/piemonte-lombardia-e-valle-daosta-protagoniste-della-prima-cena-sensoriale-per-scoprire-lautentica-cucina-regionale-italiana\/#primaryimage"},"thumbnailUrl":"https:\/\/italcamara-es.com\/wp-content\/uploads\/2025\/03\/immagine-cena500.jpg","datePublished":"2019-10-31T14:01:05+00:00","author":{"@id":"https:\/\/italcamara-es.com\/#\/schema\/person\/bb3c56263e405bbd9a15171dcfee93bb"},"breadcrumb":{"@id":"https:\/\/italcamara-es.com\/it\/notizie\/piemonte-lombardia-e-valle-daosta-protagoniste-della-prima-cena-sensoriale-per-scoprire-lautentica-cucina-regionale-italiana\/#breadcrumb"},"inLanguage":"it-IT","potentialAction":[{"@type":"ReadAction","target":["https:\/\/italcamara-es.com\/it\/notizie\/piemonte-lombardia-e-valle-daosta-protagoniste-della-prima-cena-sensoriale-per-scoprire-lautentica-cucina-regionale-italiana\/"]}]},{"@type":"ImageObject","inLanguage":"it-IT","@id":"https:\/\/italcamara-es.com\/it\/notizie\/piemonte-lombardia-e-valle-daosta-protagoniste-della-prima-cena-sensoriale-per-scoprire-lautentica-cucina-regionale-italiana\/#primaryimage","url":"https:\/\/italcamara-es.com\/wp-content\/uploads\/2025\/03\/immagine-cena500.jpg","contentUrl":"https:\/\/italcamara-es.com\/wp-content\/uploads\/2025\/03\/immagine-cena500.jpg","width":500,"height":280},{"@type":"BreadcrumbList","@id":"https:\/\/italcamara-es.com\/it\/notizie\/piemonte-lombardia-e-valle-daosta-protagoniste-della-prima-cena-sensoriale-per-scoprire-lautentica-cucina-regionale-italiana\/#breadcrumb","itemListElement":[{"@type":"ListItem","position":1,"name":"Inicio","item":"https:\/\/italcamara-es.com\/"},{"@type":"ListItem","position":2,"name":"Piemonte, Lombardia e Valle d\u2019Aosta protagoniste della prima cena sensoriale per scoprire l\u2019autentica cucina regionale italiana"}]},{"@type":"WebSite","@id":"https:\/\/italcamara-es.com\/#website","url":"https:\/\/italcamara-es.com\/","name":"Italcamara","description":"","potentialAction":[{"@type":"SearchAction","target":{"@type":"EntryPoint","urlTemplate":"https:\/\/italcamara-es.com\/?s={search_term_string}"},"query-input":{"@type":"PropertyValueSpecification","valueRequired":true,"valueName":"search_term_string"}}],"inLanguage":"it-IT"},{"@type":"Person","@id":"https:\/\/italcamara-es.com\/#\/schema\/person\/bb3c56263e405bbd9a15171dcfee93bb","name":"administrador","image":{"@type":"ImageObject","inLanguage":"it-IT","@id":"https:\/\/secure.gravatar.com\/avatar\/14b5e63db38320b12031bb28cf9f77e210aa71fb3a8a3602a3c9a05134fa75eb?s=96&d=mm&r=g","url":"https:\/\/secure.gravatar.com\/avatar\/14b5e63db38320b12031bb28cf9f77e210aa71fb3a8a3602a3c9a05134fa75eb?s=96&d=mm&r=g","contentUrl":"https:\/\/secure.gravatar.com\/avatar\/14b5e63db38320b12031bb28cf9f77e210aa71fb3a8a3602a3c9a05134fa75eb?s=96&d=mm&r=g","caption":"administrador"},"sameAs":["http:\/\/pre.italcamara-es.com"],"url":"https:\/\/italcamara-es.com\/it\/author\/administrador\/"}]}},"rttpg_featured_image_url":{"full":["https:\/\/italcamara-es.com\/wp-content\/uploads\/2025\/03\/immagine-cena500.jpg",500,280,false],"landscape":["https:\/\/italcamara-es.com\/wp-content\/uploads\/2025\/03\/immagine-cena500.jpg",500,280,false],"portraits":["https:\/\/italcamara-es.com\/wp-content\/uploads\/2025\/03\/immagine-cena500.jpg",500,280,false],"thumbnail":["https:\/\/italcamara-es.com\/wp-content\/uploads\/2025\/03\/immagine-cena500-150x150.jpg",150,150,true],"medium":["https:\/\/italcamara-es.com\/wp-content\/uploads\/2025\/03\/immagine-cena500-300x168.jpg",300,168,true],"large":["https:\/\/italcamara-es.com\/wp-content\/uploads\/2025\/03\/immagine-cena500.jpg",500,280,false],"1536x1536":["https:\/\/italcamara-es.com\/wp-content\/uploads\/2025\/03\/immagine-cena500.jpg",500,280,false],"2048x2048":["https:\/\/italcamara-es.com\/wp-content\/uploads\/2025\/03\/immagine-cena500.jpg",500,280,false],"ocean-thumb-m":["https:\/\/italcamara-es.com\/wp-content\/uploads\/2025\/03\/immagine-cena500.jpg",500,280,false],"ocean-thumb-ml":["https:\/\/italcamara-es.com\/wp-content\/uploads\/2025\/03\/immagine-cena500.jpg",500,280,false],"ocean-thumb-l":["https:\/\/italcamara-es.com\/wp-content\/uploads\/2025\/03\/immagine-cena500.jpg",500,280,false],"directorist_preview":["https:\/\/italcamara-es.com\/wp-content\/uploads\/2025\/03\/immagine-cena500.jpg",500,280,false]},"rttpg_author":{"display_name":"administrador","author_link":"https:\/\/italcamara-es.com\/it\/author\/administrador\/"},"rttpg_comment":0,"rttpg_category":"<a href=\"https:\/\/italcamara-es.com\/it\/category\/notizie\/\" rel=\"category tag\">Notizie<\/a>","rttpg_excerpt":"Il prossimo 12 novembre, nel laboratorio gastronomico della Camera di Commercio e Industria Italiana per la Spagna (CCIS), si terr\u00e0 la prima cena sensoriale del ciclo \u201c20 Buone Regioni per Chiamarla Italia\u201d, l\u2019iniziativa organizzata dalla CCIS, in collaborazione con l\u2019Accademia Italiana della Cucina e Mo\u2019 better Food, per promuovere l\u2019autentica cucina regionale italiana in Spagna.&hellip;","_links":{"self":[{"href":"https:\/\/italcamara-es.com\/it\/wp-json\/wp\/v2\/posts\/56168","targetHints":{"allow":["GET"]}}],"collection":[{"href":"https:\/\/italcamara-es.com\/it\/wp-json\/wp\/v2\/posts"}],"about":[{"href":"https:\/\/italcamara-es.com\/it\/wp-json\/wp\/v2\/types\/post"}],"author":[{"embeddable":true,"href":"https:\/\/italcamara-es.com\/it\/wp-json\/wp\/v2\/users\/1"}],"replies":[{"embeddable":true,"href":"https:\/\/italcamara-es.com\/it\/wp-json\/wp\/v2\/comments?post=56168"}],"version-history":[{"count":0,"href":"https:\/\/italcamara-es.com\/it\/wp-json\/wp\/v2\/posts\/56168\/revisions"}],"wp:featuredmedia":[{"embeddable":true,"href":"https:\/\/italcamara-es.com\/it\/wp-json\/wp\/v2\/media\/54786"}],"wp:attachment":[{"href":"https:\/\/italcamara-es.com\/it\/wp-json\/wp\/v2\/media?parent=56168"}],"wp:term":[{"taxonomy":"category","embeddable":true,"href":"https:\/\/italcamara-es.com\/it\/wp-json\/wp\/v2\/categories?post=56168"},{"taxonomy":"post_tag","embeddable":true,"href":"https:\/\/italcamara-es.com\/it\/wp-json\/wp\/v2\/tags?post=56168"}],"curies":[{"name":"wp","href":"https:\/\/api.w.org\/{rel}","templated":true}]}}