	{"id":56170,"date":"2019-11-06T16:04:30","date_gmt":"2019-11-06T15:04:30","guid":{"rendered":"http:\/\/pre.italcamara-es.com\/senza-categoria\/marco-alvera-snam-e-antonio-llarden-enagas-premio-tiepolo-2019\/"},"modified":"2019-11-06T16:04:30","modified_gmt":"2019-11-06T15:04:30","slug":"marco-alvera-snam-e-antonio-llarden-enagas-premio-tiepolo-2019","status":"publish","type":"post","link":"https:\/\/italcamara-es.com\/it\/notizie\/marco-alvera-snam-e-antonio-llarden-enagas-premio-tiepolo-2019\/","title":{"rendered":"Marco Alver\u00e0 (Snam) e Antonio Llard\u00e9n (Enag\u00e1s), Premio Tiepolo  2019"},"content":{"rendered":"\n<p><strong>Marco Alver\u00e0<\/strong>, Amministratore Delegato di <strong>Snam<\/strong>, e <strong>Antonio Llard\u00e9n<\/strong>, Presidente Esecutivo di <strong>Enag\u00e1s, <\/strong>sono stati insigniti del<strong> Premio Tiepolo 2019<\/strong>.<\/p>\n\n\n\n<p>Il riconoscimento, conferito dalla <strong>Camera di Commercio e Industria Italiana per la Spagna e<\/strong> dalla <strong>Confederaci\u00f3n Espa\u00f1ola de Organizaciones\nEmpresariales (CEOE)<\/strong> <strong>sotto gli\nauspici dell\u2019Ambasciata d\u2019Italia in Spagna<\/strong>, verr\u00e0 consegnato a Madrid, il prossimo <strong>25\nnovembre<\/strong>, presso il Palazzo d\u2019Amboage, sede della rappresentanza\ndiplomatica della Repubblica Italiana guidata dall\u2019Ambasciatore Stefano\nSannino.<\/p>\n\n\n\n<p>Con questo premio, si \u00e8 voluto riconoscere il percorso professionale di due personalit\u00e0 che, con il loro impegno, hanno contribuito a rafforzare le relazioni economiche tra Italia e Spagna, a promuovere la collaborazione fra i due Paesi sui mercati internazionali e a proiettare nel mondo un\u2019immagine altamente competitiva del sistema produttivo italiano e spagnolo.<\/p>\n\n\n\n<p><strong>Marco Alver\u00e0, artefice del\nconsolidamento internazionale e del posizionamento di Snam come protagonista\ndella transizione energetica a livello europeo<\/strong><\/p>\n\n\n\n<p><strong>Marco Alver\u00e0<\/strong> (New York, 1975), \u00e8 dal 2016 Amministratore Delegato\ndi Snam, una delle principali societ\u00e0 energetiche europee.<\/p>\n\n\n\n<div class=\"wp-block-image\"><figure class=\"aligncenter is-resized\"><img fetchpriority=\"high\" decoding=\"async\" src=\"https:\/\/www.italcamara-es.com\/wp-content\/uploads\/2019\/11\/Marco-Alver\u00e0a-700.jpg\" alt=\"\" class=\"wp-image-23108\" width=\"350\" height=\"419\"\/><figcaption>Marco Alver\u00e0<\/figcaption><\/figure><\/div>\n\n\n\n<p>Laureato\nin Economia e Filosofia presso la London School of Economics, Alver\u00e0 ha lavorato\ncirca 20 anni nelle pi\u00f9 importanti aziende energetiche italiane, occupandosi di\ngas naturale, elettricit\u00e0 e petrolio. Dopo haver iniziato la sua carriera\nprofessionale in Goldman Sachs a Londra, ha lavorato in Enel e Wind. Nel 2005 \u00e8\nentrato in Eni, dove ha occupato incarichi manageriali di crescente\nresponsabilit\u00e0 durante i suoi quasi 11 anni di permanenza. <\/p>\n\n\n\n<p>Sotto la\ndirezione di Alver\u00e0, <strong>Snam <\/strong>si \u00e8 affermata come<strong> protagonista della\ntransizione energetica <\/strong>a livello europeo, avviando per prima la\nsperimentazione dell\u2019immissione di idrogeno nella rete di trasporto gas e dando\nvita, con il progetto Snamtec, a nuovi business come la mobilit\u00e0 sostenibile,\nle infrastrutture per il biometano e l\u2019efficienza energetica.<\/p>\n\n\n\n<p>Negli\nultimi anni, inoltre, ha<strong> consolidato la propria presenza internazionale<\/strong>\nattraverso importanti operazioni strategiche, tra cui l\u2019acquisizione di Gas\nConnect in Austria e, pi\u00f9 recentemente, l\u2019aggiudicazione del processo di privatizzazione del\n66% dell\u2019operatore greco DESFA, in consorzio con altre tre aziende europee di\nprimo piano, inclusa Enag\u00e1s. L\u2019acquisizione di DESFA rafforzer\u00e0 il ruolo della\nGrecia come hub del Mediterraneo orientale, contribuendo all\u2019ulteriore\nintegrazione dei mercati energetici europei.&nbsp;\nSnam ed Enag\u00e1s sono anche partner nell\u2019azionariato del gasdotto Trans\nAdriatic Pipeline (TAP), che unir\u00e0 la Turchia all\u2019Italia, passando attraverso\nGrecia e Albania. <\/p>\n\n\n\n<p>Negli\nultimi mesi, inoltre, Snam ha aderito come unica azienda italiana alla \u201cZero\nCoalition\u201d internazionale per la decarbonizzazione dei trasporti marittimi e ha\nsiglato un accordo con l\u2019Autorit\u00e0 per l\u2019Innovazione di Israele per lo sviluppo\ndi tecnologie nella green economy.<\/p>\n\n\n\n<p>Attualmente\nAlver\u00e0 \u00e8 anche presidente di GasNaturally, partnership tra sei associazioni che\nrappresentano l\u2019intera filiera gas europea, consigliere indipendente di S&amp;P\nGlobal nonch\u00e9 membro del Consiglio generale della Fondazione Giorgio Cini di\nVenezia e Visiting Fellow dell\u2019Universit\u00e0 di Oxford. <\/p>\n\n\n\n<p>\u00c8 autore\ndel libro \u201cGeneration H\u201d, edito da Mondadori, sulle prospettive dell\u2019idrogeno\ncome vettore energetico pulito del futuro.<\/p>\n\n\n\n<p><strong>Antonio Llard\u00e9n, promotore in\nSpagna delle infrastrutture del gas necessarie per garantire la sicurezza\ndell\u2019approvvigionamento energetico e del processo di internazionalizzazione di\nEnag\u00e1s<\/strong><\/p>\n\n\n\n<p><strong>Antonio Llard\u00e9n Carratal\u00e1<\/strong> (Barcellona, 1951) dal 2007 \u00e8 Presidente Esecutivo\ndi <strong>Enag\u00e1s<\/strong>, compagnia con 50 anni di storia nella costruzione e gestione\ndi infrastrutture energetiche e tra i TSO pi\u00f9 efficienti in Europa.<\/p>\n\n\n\n<div class=\"wp-block-image\"><figure class=\"aligncenter is-resized\"><img decoding=\"async\" src=\"https:\/\/www.italcamara-es.com\/wp-content\/uploads\/2019\/11\/Foto-Antonio-Llarden-700-1.jpg\" alt=\"\" class=\"wp-image-23109\" width=\"350\" height=\"404\"\/><figcaption>Antonio Llard\u00e9n<\/figcaption><\/figure><\/div>\n\n\n\n<p>Ingegnere\nIndustriale presso la Escuela T\u00e9cnica Superior de Ingenieros Industriales dell\u2019Universidad\nPolit\u00e9cnica de Catalu\u00f1a di Barcellona, Llard\u00e9n vanta un\u2019ampia esperienza nel\nmondo imprenditoriale. Nel corso della sua traiettoria professionale ha infatti\noccupato diversi posti di alta responsabilit\u00e0 nei settori delle infrastrutture\ne dell\u2019energia, tra cui quello di Presidente di Sedigas (Associazioen Spagnola\ndel Gas), e di membro del Consiglio Direttivo di Eurogas e del Comitato\nEsecutivo dell\u2019Unione Internazionale dell\u2019Industria del Gas (IGU). Inoltre, \u00e8\nstato Consigliere in diverse compagnie spagnole del settore ed ha presieduto, nel\n2007, il LNG World Congress.<\/p>\n\n\n\n<p>Sotto la\nsua presidenza, <strong>Enag\u00e1s ha investito oltre 5 miliardi di euro in Spagna <\/strong>per\nsviluppare la rete di infrastrutture del gas necessarie per garantire la\nsicurezza dell\u2019approvvigionamento ed il back up delle rinnovabili nel processo\ndi tansizione energetica. Questa rete \u00e8 preparata anche per il trasporto e lo\nstoccaggio di gas rinnovabili. Una volta finalizzate le infrastrutture\nnecessarie in Spagna e le interconnessioni con i paesi vicini, la compagnia ha\niniziato un processo di internazionalizzazione ed attualmente, negli Stati\nUniti, partecipa in Tallgrass Energy, impresa di infrastutture energetiche che\ngestisce, tra diversi attivi, 13.400 kilometri di gasdotti. \u00c8 presente anche in\nMessico, in Cile ed in Per\u00f9, in differenti infrastrutture energetiche. Enag\u00e1s \u00e8\ninoltre una delle compagnie europee che gestisce il citato progetto di\ncostruzione del gasdotto europeo TAP, di importanza chiave per l\u2019integrazione\ndel mercato europeo del gas, dal momento che contribuir\u00e0 a garantire la\nsicurezza dell\u2019approvvigionamento energetico dell\u2019Unione Europea. Inoltre, fa\nparte anche del consorzio che possiede il 66% dell\u2019operatore greco del gas\nDESFA. <\/p>\n\n\n\n<p>Enag\u00e1s ha\nconsolidato il proprio compromesso con la transizione energetica e con il processo\ndi decarbonizzazione, dando vita a progetti innovativi come il primo treno\nviaggiatori al mondo con propulsione a GNL, o il progetto europeo CORE LNGas\nHIVE per la decarbonizzazione del trasporto marittimo. Inoltre, ha creato la\nfiliale EnaGasRenovable per promuovere e sviluppare progetti di energie\nrinnovabili non elettriche come il biometano e l\u2019idrogeno verde, attraverso\nprogetti concreti come Power to Green Hydrogen, altri di power to gas e accordi\nper promuovere il biometano e l\u2019economia circiolare.<\/p>\n\n\n\n<p>Enag\u00e1s \u00e8\nstata riconosciuta come leader mondiale in sostenibilit\u00e0 nel suo settore per il\nquarto anno consecutivo nel Dow Jones Sustainability Index.<\/p>\n\n\n\n<p>Llard\u00e9n \u00e8 anche Presidente della Fondazione per la Sostenibilit\u00e0 Energetica e Ambientale (Funseam), formata dalle principali compagnie spagnole del settore energetico ed \u00e8 membro della Commissione Esecutiva e della Giunta Direttiva del Club Espa\u00f1ol de la Energ\u00eda, del Consejo de Acci\u00f3n Empresarial della CEOE e del Business Leadership Forum. Nel 2017 \u00e8 stato insignito del titolo di Cavaliere dell\u2019Ordine Nazionale della Legione d\u2019Onore, la massima onorificenza attribuita dalla Repubblica Francese a persone particolarmente meritevoli per il lavoro svolto al servizio del paese.<\/p>\n\n\n\n<p><a href=\"https:\/\/www.italcamara-es.com\/it\/eventi-e-progetti\/premio-tiepolo\/il-premio\/\"><strong>Albo d&#8217;oro del Premio Tiepolo<\/strong><\/a><\/p>\n","protected":false},"excerpt":{"rendered":"<p>Marco Alver\u00e0, Amministratore Delegato di Snam, e Antonio Llard\u00e9n, Presidente Esecutivo di Enag\u00e1s, sono stati insigniti del Premio Tiepolo 2019. Il riconoscimento, conferito dalla Camera di Commercio e Industria Italiana per la Spagna e dalla Confederaci\u00f3n Espa\u00f1ola de Organizaciones Empresariales (CEOE) sotto gli auspici dell\u2019Ambasciata d\u2019Italia in Spagna, verr\u00e0 consegnato a Madrid, il prossimo 25 [&hellip;]<\/p>\n","protected":false},"author":1,"featured_media":56171,"comment_status":"open","ping_status":"open","sticky":false,"template":"","format":"standard","meta":{"inline_featured_image":false,"ocean_post_layout":"","ocean_both_sidebars_style":"","ocean_both_sidebars_content_width":0,"ocean_both_sidebars_sidebars_width":0,"ocean_sidebar":"","ocean_second_sidebar":"","ocean_disable_margins":"enable","ocean_add_body_class":"","ocean_shortcode_before_top_bar":"","ocean_shortcode_after_top_bar":"","ocean_shortcode_before_header":"","ocean_shortcode_after_header":"","ocean_has_shortcode":"","ocean_shortcode_after_title":"","ocean_shortcode_before_footer_widgets":"","ocean_shortcode_after_footer_widgets":"","ocean_shortcode_before_footer_bottom":"","ocean_shortcode_after_footer_bottom":"","ocean_display_top_bar":"default","ocean_display_header":"default","ocean_header_style":"","ocean_center_header_left_menu":"","ocean_custom_header_template":"","ocean_custom_logo":0,"ocean_custom_retina_logo":0,"ocean_custom_logo_max_width":0,"ocean_custom_logo_tablet_max_width":0,"ocean_custom_logo_mobile_max_width":0,"ocean_custom_logo_max_height":0,"ocean_custom_logo_tablet_max_height":0,"ocean_custom_logo_mobile_max_height":0,"ocean_header_custom_menu":"","ocean_menu_typo_font_family":"","ocean_menu_typo_font_subset":"","ocean_menu_typo_font_size":0,"ocean_menu_typo_font_size_tablet":0,"ocean_menu_typo_font_size_mobile":0,"ocean_menu_typo_font_size_unit":"px","ocean_menu_typo_font_weight":"","ocean_menu_typo_font_weight_tablet":"","ocean_menu_typo_font_weight_mobile":"","ocean_menu_typo_transform":"","ocean_menu_typo_transform_tablet":"","ocean_menu_typo_transform_mobile":"","ocean_menu_typo_line_height":0,"ocean_menu_typo_line_height_tablet":0,"ocean_menu_typo_line_height_mobile":0,"ocean_menu_typo_line_height_unit":"","ocean_menu_typo_spacing":0,"ocean_menu_typo_spacing_tablet":0,"ocean_menu_typo_spacing_mobile":0,"ocean_menu_typo_spacing_unit":"","ocean_menu_link_color":"","ocean_menu_link_color_hover":"","ocean_menu_link_color_active":"","ocean_menu_link_background":"","ocean_menu_link_hover_background":"","ocean_menu_link_active_background":"","ocean_menu_social_links_bg":"","ocean_menu_social_hover_links_bg":"","ocean_menu_social_links_color":"","ocean_menu_social_hover_links_color":"","ocean_disable_title":"default","ocean_disable_heading":"default","ocean_post_title":"","ocean_post_subheading":"","ocean_post_title_style":"","ocean_post_title_background_color":"","ocean_post_title_background":0,"ocean_post_title_bg_image_position":"","ocean_post_title_bg_image_attachment":"","ocean_post_title_bg_image_repeat":"","ocean_post_title_bg_image_size":"","ocean_post_title_height":0,"ocean_post_title_bg_overlay":0.5,"ocean_post_title_bg_overlay_color":"","ocean_disable_breadcrumbs":"default","ocean_breadcrumbs_color":"","ocean_breadcrumbs_separator_color":"","ocean_breadcrumbs_links_color":"","ocean_breadcrumbs_links_hover_color":"","ocean_display_footer_widgets":"default","ocean_display_footer_bottom":"default","ocean_custom_footer_template":"","ocean_post_oembed":"","ocean_post_self_hosted_media":"","ocean_post_video_embed":"","ocean_link_format":"","ocean_link_format_target":"self","ocean_quote_format":"","ocean_quote_format_link":"post","ocean_gallery_link_images":"on","ocean_gallery_id":[],"footnotes":""},"categories":[133],"tags":[139],"class_list":["post-56170","post","type-post","status-publish","format-standard","has-post-thumbnail","hentry","category-notizie","tag-notizie-di-la-ccis","entry","has-media"],"yoast_head":"<!-- This site is optimized with the Yoast SEO plugin v27.5 - https:\/\/yoast.com\/product\/yoast-seo-wordpress\/ -->\n<title>Marco Alver\u00e0 (Snam) e Antonio Llard\u00e9n (Enag\u00e1s), Premio Tiepolo 2019 - Italcamara<\/title>\n<meta name=\"robots\" content=\"index, follow, max-snippet:-1, max-image-preview:large, max-video-preview:-1\" \/>\n<link rel=\"canonical\" href=\"https:\/\/italcamara-es.com\/it\/notizie\/marco-alvera-snam-e-antonio-llarden-enagas-premio-tiepolo-2019\/\" \/>\n<meta property=\"og:locale\" content=\"it_IT\" \/>\n<meta property=\"og:type\" content=\"article\" \/>\n<meta property=\"og:title\" content=\"Marco Alver\u00e0 (Snam) e Antonio Llard\u00e9n (Enag\u00e1s), Premio Tiepolo 2019 - Italcamara\" \/>\n<meta property=\"og:description\" content=\"Marco Alver\u00e0, Amministratore Delegato di Snam, e Antonio Llard\u00e9n, Presidente Esecutivo di Enag\u00e1s, sono stati insigniti del Premio Tiepolo 2019. Il riconoscimento, conferito dalla Camera di Commercio e Industria Italiana per la Spagna e dalla Confederaci\u00f3n Espa\u00f1ola de Organizaciones Empresariales (CEOE) sotto gli auspici dell\u2019Ambasciata d\u2019Italia in Spagna, verr\u00e0 consegnato a Madrid, il prossimo 25 [&hellip;]\" \/>\n<meta property=\"og:url\" content=\"https:\/\/italcamara-es.com\/it\/notizie\/marco-alvera-snam-e-antonio-llarden-enagas-premio-tiepolo-2019\/\" \/>\n<meta property=\"og:site_name\" content=\"Italcamara\" \/>\n<meta property=\"article:published_time\" content=\"2019-11-06T15:04:30+00:00\" \/>\n<meta property=\"og:image\" content=\"https:\/\/italcamara-es.com\/wp-content\/uploads\/2025\/03\/Tiepolo-500-1-2.jpg\" \/>\n\t<meta property=\"og:image:width\" content=\"500\" \/>\n\t<meta property=\"og:image:height\" content=\"280\" \/>\n\t<meta property=\"og:image:type\" content=\"image\/jpeg\" \/>\n<meta name=\"author\" content=\"administrador\" \/>\n<meta name=\"twitter:card\" content=\"summary_large_image\" \/>\n<meta name=\"twitter:label1\" content=\"Scritto da\" \/>\n\t<meta name=\"twitter:data1\" content=\"administrador\" \/>\n\t<meta name=\"twitter:label2\" content=\"Tempo di lettura stimato\" \/>\n\t<meta name=\"twitter:data2\" content=\"5 minuti\" \/>\n<script type=\"application\/ld+json\" class=\"yoast-schema-graph\">{\"@context\":\"https:\\\/\\\/schema.org\",\"@graph\":[{\"@type\":\"Article\",\"@id\":\"https:\\\/\\\/italcamara-es.com\\\/it\\\/notizie\\\/marco-alvera-snam-e-antonio-llarden-enagas-premio-tiepolo-2019\\\/#article\",\"isPartOf\":{\"@id\":\"https:\\\/\\\/italcamara-es.com\\\/it\\\/notizie\\\/marco-alvera-snam-e-antonio-llarden-enagas-premio-tiepolo-2019\\\/\"},\"author\":{\"name\":\"administrador\",\"@id\":\"https:\\\/\\\/italcamara-es.com\\\/#\\\/schema\\\/person\\\/bb3c56263e405bbd9a15171dcfee93bb\"},\"headline\":\"Marco Alver\u00e0 (Snam) e Antonio Llard\u00e9n (Enag\u00e1s), Premio Tiepolo 2019\",\"datePublished\":\"2019-11-06T15:04:30+00:00\",\"mainEntityOfPage\":{\"@id\":\"https:\\\/\\\/italcamara-es.com\\\/it\\\/notizie\\\/marco-alvera-snam-e-antonio-llarden-enagas-premio-tiepolo-2019\\\/\"},\"wordCount\":1028,\"commentCount\":0,\"image\":{\"@id\":\"https:\\\/\\\/italcamara-es.com\\\/it\\\/notizie\\\/marco-alvera-snam-e-antonio-llarden-enagas-premio-tiepolo-2019\\\/#primaryimage\"},\"thumbnailUrl\":\"https:\\\/\\\/italcamara-es.com\\\/wp-content\\\/uploads\\\/2025\\\/03\\\/Tiepolo-500-1-2.jpg\",\"keywords\":[\"Notizie di la CCIS\"],\"articleSection\":[\"Notizie\"],\"inLanguage\":\"it-IT\",\"potentialAction\":[{\"@type\":\"CommentAction\",\"name\":\"Comment\",\"target\":[\"https:\\\/\\\/italcamara-es.com\\\/it\\\/notizie\\\/marco-alvera-snam-e-antonio-llarden-enagas-premio-tiepolo-2019\\\/#respond\"]}]},{\"@type\":\"WebPage\",\"@id\":\"https:\\\/\\\/italcamara-es.com\\\/it\\\/notizie\\\/marco-alvera-snam-e-antonio-llarden-enagas-premio-tiepolo-2019\\\/\",\"url\":\"https:\\\/\\\/italcamara-es.com\\\/it\\\/notizie\\\/marco-alvera-snam-e-antonio-llarden-enagas-premio-tiepolo-2019\\\/\",\"name\":\"Marco Alver\u00e0 (Snam) e Antonio Llard\u00e9n (Enag\u00e1s), Premio Tiepolo 2019 - Italcamara\",\"isPartOf\":{\"@id\":\"https:\\\/\\\/italcamara-es.com\\\/#website\"},\"primaryImageOfPage\":{\"@id\":\"https:\\\/\\\/italcamara-es.com\\\/it\\\/notizie\\\/marco-alvera-snam-e-antonio-llarden-enagas-premio-tiepolo-2019\\\/#primaryimage\"},\"image\":{\"@id\":\"https:\\\/\\\/italcamara-es.com\\\/it\\\/notizie\\\/marco-alvera-snam-e-antonio-llarden-enagas-premio-tiepolo-2019\\\/#primaryimage\"},\"thumbnailUrl\":\"https:\\\/\\\/italcamara-es.com\\\/wp-content\\\/uploads\\\/2025\\\/03\\\/Tiepolo-500-1-2.jpg\",\"datePublished\":\"2019-11-06T15:04:30+00:00\",\"author\":{\"@id\":\"https:\\\/\\\/italcamara-es.com\\\/#\\\/schema\\\/person\\\/bb3c56263e405bbd9a15171dcfee93bb\"},\"breadcrumb\":{\"@id\":\"https:\\\/\\\/italcamara-es.com\\\/it\\\/notizie\\\/marco-alvera-snam-e-antonio-llarden-enagas-premio-tiepolo-2019\\\/#breadcrumb\"},\"inLanguage\":\"it-IT\",\"potentialAction\":[{\"@type\":\"ReadAction\",\"target\":[\"https:\\\/\\\/italcamara-es.com\\\/it\\\/notizie\\\/marco-alvera-snam-e-antonio-llarden-enagas-premio-tiepolo-2019\\\/\"]}]},{\"@type\":\"ImageObject\",\"inLanguage\":\"it-IT\",\"@id\":\"https:\\\/\\\/italcamara-es.com\\\/it\\\/notizie\\\/marco-alvera-snam-e-antonio-llarden-enagas-premio-tiepolo-2019\\\/#primaryimage\",\"url\":\"https:\\\/\\\/italcamara-es.com\\\/wp-content\\\/uploads\\\/2025\\\/03\\\/Tiepolo-500-1-2.jpg\",\"contentUrl\":\"https:\\\/\\\/italcamara-es.com\\\/wp-content\\\/uploads\\\/2025\\\/03\\\/Tiepolo-500-1-2.jpg\",\"width\":500,\"height\":280},{\"@type\":\"BreadcrumbList\",\"@id\":\"https:\\\/\\\/italcamara-es.com\\\/it\\\/notizie\\\/marco-alvera-snam-e-antonio-llarden-enagas-premio-tiepolo-2019\\\/#breadcrumb\",\"itemListElement\":[{\"@type\":\"ListItem\",\"position\":1,\"name\":\"Inicio\",\"item\":\"https:\\\/\\\/italcamara-es.com\\\/\"},{\"@type\":\"ListItem\",\"position\":2,\"name\":\"Marco Alver\u00e0 (Snam) e Antonio Llard\u00e9n (Enag\u00e1s), Premio Tiepolo 2019\"}]},{\"@type\":\"WebSite\",\"@id\":\"https:\\\/\\\/italcamara-es.com\\\/#website\",\"url\":\"https:\\\/\\\/italcamara-es.com\\\/\",\"name\":\"Italcamara\",\"description\":\"\",\"potentialAction\":[{\"@type\":\"SearchAction\",\"target\":{\"@type\":\"EntryPoint\",\"urlTemplate\":\"https:\\\/\\\/italcamara-es.com\\\/?s={search_term_string}\"},\"query-input\":{\"@type\":\"PropertyValueSpecification\",\"valueRequired\":true,\"valueName\":\"search_term_string\"}}],\"inLanguage\":\"it-IT\"},{\"@type\":\"Person\",\"@id\":\"https:\\\/\\\/italcamara-es.com\\\/#\\\/schema\\\/person\\\/bb3c56263e405bbd9a15171dcfee93bb\",\"name\":\"administrador\",\"image\":{\"@type\":\"ImageObject\",\"inLanguage\":\"it-IT\",\"@id\":\"https:\\\/\\\/secure.gravatar.com\\\/avatar\\\/14b5e63db38320b12031bb28cf9f77e210aa71fb3a8a3602a3c9a05134fa75eb?s=96&d=mm&r=g\",\"url\":\"https:\\\/\\\/secure.gravatar.com\\\/avatar\\\/14b5e63db38320b12031bb28cf9f77e210aa71fb3a8a3602a3c9a05134fa75eb?s=96&d=mm&r=g\",\"contentUrl\":\"https:\\\/\\\/secure.gravatar.com\\\/avatar\\\/14b5e63db38320b12031bb28cf9f77e210aa71fb3a8a3602a3c9a05134fa75eb?s=96&d=mm&r=g\",\"caption\":\"administrador\"},\"sameAs\":[\"http:\\\/\\\/pre.italcamara-es.com\"],\"url\":\"https:\\\/\\\/italcamara-es.com\\\/it\\\/author\\\/administrador\\\/\"}]}<\/script>\n<!-- \/ Yoast SEO plugin. -->","yoast_head_json":{"title":"Marco Alver\u00e0 (Snam) e Antonio Llard\u00e9n (Enag\u00e1s), Premio Tiepolo 2019 - Italcamara","robots":{"index":"index","follow":"follow","max-snippet":"max-snippet:-1","max-image-preview":"max-image-preview:large","max-video-preview":"max-video-preview:-1"},"canonical":"https:\/\/italcamara-es.com\/it\/notizie\/marco-alvera-snam-e-antonio-llarden-enagas-premio-tiepolo-2019\/","og_locale":"it_IT","og_type":"article","og_title":"Marco Alver\u00e0 (Snam) e Antonio Llard\u00e9n (Enag\u00e1s), Premio Tiepolo 2019 - Italcamara","og_description":"Marco Alver\u00e0, Amministratore Delegato di Snam, e Antonio Llard\u00e9n, Presidente Esecutivo di Enag\u00e1s, sono stati insigniti del Premio Tiepolo 2019. Il riconoscimento, conferito dalla Camera di Commercio e Industria Italiana per la Spagna e dalla Confederaci\u00f3n Espa\u00f1ola de Organizaciones Empresariales (CEOE) sotto gli auspici dell\u2019Ambasciata d\u2019Italia in Spagna, verr\u00e0 consegnato a Madrid, il prossimo 25 [&hellip;]","og_url":"https:\/\/italcamara-es.com\/it\/notizie\/marco-alvera-snam-e-antonio-llarden-enagas-premio-tiepolo-2019\/","og_site_name":"Italcamara","article_published_time":"2019-11-06T15:04:30+00:00","og_image":[{"width":500,"height":280,"url":"https:\/\/italcamara-es.com\/wp-content\/uploads\/2025\/03\/Tiepolo-500-1-2.jpg","type":"image\/jpeg"}],"author":"administrador","twitter_card":"summary_large_image","twitter_misc":{"Scritto da":"administrador","Tempo di lettura stimato":"5 minuti"},"schema":{"@context":"https:\/\/schema.org","@graph":[{"@type":"Article","@id":"https:\/\/italcamara-es.com\/it\/notizie\/marco-alvera-snam-e-antonio-llarden-enagas-premio-tiepolo-2019\/#article","isPartOf":{"@id":"https:\/\/italcamara-es.com\/it\/notizie\/marco-alvera-snam-e-antonio-llarden-enagas-premio-tiepolo-2019\/"},"author":{"name":"administrador","@id":"https:\/\/italcamara-es.com\/#\/schema\/person\/bb3c56263e405bbd9a15171dcfee93bb"},"headline":"Marco Alver\u00e0 (Snam) e Antonio Llard\u00e9n (Enag\u00e1s), Premio Tiepolo 2019","datePublished":"2019-11-06T15:04:30+00:00","mainEntityOfPage":{"@id":"https:\/\/italcamara-es.com\/it\/notizie\/marco-alvera-snam-e-antonio-llarden-enagas-premio-tiepolo-2019\/"},"wordCount":1028,"commentCount":0,"image":{"@id":"https:\/\/italcamara-es.com\/it\/notizie\/marco-alvera-snam-e-antonio-llarden-enagas-premio-tiepolo-2019\/#primaryimage"},"thumbnailUrl":"https:\/\/italcamara-es.com\/wp-content\/uploads\/2025\/03\/Tiepolo-500-1-2.jpg","keywords":["Notizie di la CCIS"],"articleSection":["Notizie"],"inLanguage":"it-IT","potentialAction":[{"@type":"CommentAction","name":"Comment","target":["https:\/\/italcamara-es.com\/it\/notizie\/marco-alvera-snam-e-antonio-llarden-enagas-premio-tiepolo-2019\/#respond"]}]},{"@type":"WebPage","@id":"https:\/\/italcamara-es.com\/it\/notizie\/marco-alvera-snam-e-antonio-llarden-enagas-premio-tiepolo-2019\/","url":"https:\/\/italcamara-es.com\/it\/notizie\/marco-alvera-snam-e-antonio-llarden-enagas-premio-tiepolo-2019\/","name":"Marco Alver\u00e0 (Snam) e Antonio Llard\u00e9n (Enag\u00e1s), Premio Tiepolo 2019 - Italcamara","isPartOf":{"@id":"https:\/\/italcamara-es.com\/#website"},"primaryImageOfPage":{"@id":"https:\/\/italcamara-es.com\/it\/notizie\/marco-alvera-snam-e-antonio-llarden-enagas-premio-tiepolo-2019\/#primaryimage"},"image":{"@id":"https:\/\/italcamara-es.com\/it\/notizie\/marco-alvera-snam-e-antonio-llarden-enagas-premio-tiepolo-2019\/#primaryimage"},"thumbnailUrl":"https:\/\/italcamara-es.com\/wp-content\/uploads\/2025\/03\/Tiepolo-500-1-2.jpg","datePublished":"2019-11-06T15:04:30+00:00","author":{"@id":"https:\/\/italcamara-es.com\/#\/schema\/person\/bb3c56263e405bbd9a15171dcfee93bb"},"breadcrumb":{"@id":"https:\/\/italcamara-es.com\/it\/notizie\/marco-alvera-snam-e-antonio-llarden-enagas-premio-tiepolo-2019\/#breadcrumb"},"inLanguage":"it-IT","potentialAction":[{"@type":"ReadAction","target":["https:\/\/italcamara-es.com\/it\/notizie\/marco-alvera-snam-e-antonio-llarden-enagas-premio-tiepolo-2019\/"]}]},{"@type":"ImageObject","inLanguage":"it-IT","@id":"https:\/\/italcamara-es.com\/it\/notizie\/marco-alvera-snam-e-antonio-llarden-enagas-premio-tiepolo-2019\/#primaryimage","url":"https:\/\/italcamara-es.com\/wp-content\/uploads\/2025\/03\/Tiepolo-500-1-2.jpg","contentUrl":"https:\/\/italcamara-es.com\/wp-content\/uploads\/2025\/03\/Tiepolo-500-1-2.jpg","width":500,"height":280},{"@type":"BreadcrumbList","@id":"https:\/\/italcamara-es.com\/it\/notizie\/marco-alvera-snam-e-antonio-llarden-enagas-premio-tiepolo-2019\/#breadcrumb","itemListElement":[{"@type":"ListItem","position":1,"name":"Inicio","item":"https:\/\/italcamara-es.com\/"},{"@type":"ListItem","position":2,"name":"Marco Alver\u00e0 (Snam) e Antonio Llard\u00e9n (Enag\u00e1s), Premio Tiepolo 2019"}]},{"@type":"WebSite","@id":"https:\/\/italcamara-es.com\/#website","url":"https:\/\/italcamara-es.com\/","name":"Italcamara","description":"","potentialAction":[{"@type":"SearchAction","target":{"@type":"EntryPoint","urlTemplate":"https:\/\/italcamara-es.com\/?s={search_term_string}"},"query-input":{"@type":"PropertyValueSpecification","valueRequired":true,"valueName":"search_term_string"}}],"inLanguage":"it-IT"},{"@type":"Person","@id":"https:\/\/italcamara-es.com\/#\/schema\/person\/bb3c56263e405bbd9a15171dcfee93bb","name":"administrador","image":{"@type":"ImageObject","inLanguage":"it-IT","@id":"https:\/\/secure.gravatar.com\/avatar\/14b5e63db38320b12031bb28cf9f77e210aa71fb3a8a3602a3c9a05134fa75eb?s=96&d=mm&r=g","url":"https:\/\/secure.gravatar.com\/avatar\/14b5e63db38320b12031bb28cf9f77e210aa71fb3a8a3602a3c9a05134fa75eb?s=96&d=mm&r=g","contentUrl":"https:\/\/secure.gravatar.com\/avatar\/14b5e63db38320b12031bb28cf9f77e210aa71fb3a8a3602a3c9a05134fa75eb?s=96&d=mm&r=g","caption":"administrador"},"sameAs":["http:\/\/pre.italcamara-es.com"],"url":"https:\/\/italcamara-es.com\/it\/author\/administrador\/"}]}},"rttpg_featured_image_url":{"full":["https:\/\/italcamara-es.com\/wp-content\/uploads\/2025\/03\/Tiepolo-500-1-2.jpg",500,280,false],"landscape":["https:\/\/italcamara-es.com\/wp-content\/uploads\/2025\/03\/Tiepolo-500-1-2.jpg",500,280,false],"portraits":["https:\/\/italcamara-es.com\/wp-content\/uploads\/2025\/03\/Tiepolo-500-1-2.jpg",500,280,false],"thumbnail":["https:\/\/italcamara-es.com\/wp-content\/uploads\/2025\/03\/Tiepolo-500-1-2-150x150.jpg",150,150,true],"medium":["https:\/\/italcamara-es.com\/wp-content\/uploads\/2025\/03\/Tiepolo-500-1-2-300x168.jpg",300,168,true],"large":["https:\/\/italcamara-es.com\/wp-content\/uploads\/2025\/03\/Tiepolo-500-1-2.jpg",500,280,false],"1536x1536":["https:\/\/italcamara-es.com\/wp-content\/uploads\/2025\/03\/Tiepolo-500-1-2.jpg",500,280,false],"2048x2048":["https:\/\/italcamara-es.com\/wp-content\/uploads\/2025\/03\/Tiepolo-500-1-2.jpg",500,280,false],"ocean-thumb-m":["https:\/\/italcamara-es.com\/wp-content\/uploads\/2025\/03\/Tiepolo-500-1-2.jpg",500,280,false],"ocean-thumb-ml":["https:\/\/italcamara-es.com\/wp-content\/uploads\/2025\/03\/Tiepolo-500-1-2.jpg",500,280,false],"ocean-thumb-l":["https:\/\/italcamara-es.com\/wp-content\/uploads\/2025\/03\/Tiepolo-500-1-2.jpg",500,280,false],"directorist_preview":["https:\/\/italcamara-es.com\/wp-content\/uploads\/2025\/03\/Tiepolo-500-1-2.jpg",500,280,false]},"rttpg_author":{"display_name":"administrador","author_link":"https:\/\/italcamara-es.com\/it\/author\/administrador\/"},"rttpg_comment":0,"rttpg_category":"<a href=\"https:\/\/italcamara-es.com\/it\/category\/notizie\/\" rel=\"category tag\">Notizie<\/a>","rttpg_excerpt":"Marco Alver\u00e0, Amministratore Delegato di Snam, e Antonio Llard\u00e9n, Presidente Esecutivo di Enag\u00e1s, sono stati insigniti del Premio Tiepolo 2019. Il riconoscimento, conferito dalla Camera di Commercio e Industria Italiana per la Spagna e dalla Confederaci\u00f3n Espa\u00f1ola de Organizaciones Empresariales (CEOE) sotto gli auspici dell\u2019Ambasciata d\u2019Italia in Spagna, verr\u00e0 consegnato a Madrid, il prossimo 25&hellip;","_links":{"self":[{"href":"https:\/\/italcamara-es.com\/it\/wp-json\/wp\/v2\/posts\/56170","targetHints":{"allow":["GET"]}}],"collection":[{"href":"https:\/\/italcamara-es.com\/it\/wp-json\/wp\/v2\/posts"}],"about":[{"href":"https:\/\/italcamara-es.com\/it\/wp-json\/wp\/v2\/types\/post"}],"author":[{"embeddable":true,"href":"https:\/\/italcamara-es.com\/it\/wp-json\/wp\/v2\/users\/1"}],"replies":[{"embeddable":true,"href":"https:\/\/italcamara-es.com\/it\/wp-json\/wp\/v2\/comments?post=56170"}],"version-history":[{"count":0,"href":"https:\/\/italcamara-es.com\/it\/wp-json\/wp\/v2\/posts\/56170\/revisions"}],"wp:featuredmedia":[{"embeddable":true,"href":"https:\/\/italcamara-es.com\/it\/wp-json\/wp\/v2\/media\/56171"}],"wp:attachment":[{"href":"https:\/\/italcamara-es.com\/it\/wp-json\/wp\/v2\/media?parent=56170"}],"wp:term":[{"taxonomy":"category","embeddable":true,"href":"https:\/\/italcamara-es.com\/it\/wp-json\/wp\/v2\/categories?post=56170"},{"taxonomy":"post_tag","embeddable":true,"href":"https:\/\/italcamara-es.com\/it\/wp-json\/wp\/v2\/tags?post=56170"}],"curies":[{"name":"wp","href":"https:\/\/api.w.org\/{rel}","templated":true}]}}