	{"id":56189,"date":"2020-01-20T09:08:57","date_gmt":"2020-01-20T08:08:57","guid":{"rendered":"http:\/\/pre.italcamara-es.com\/senza-categoria\/la-pizza-protagonista-nel-salon-de-gourmets-di-madrid\/"},"modified":"2020-01-20T09:08:57","modified_gmt":"2020-01-20T08:08:57","slug":"la-pizza-protagonista-nel-salon-de-gourmets-di-madrid","status":"publish","type":"post","link":"https:\/\/italcamara-es.com\/it\/notizie\/la-pizza-protagonista-nel-salon-de-gourmets-di-madrid\/","title":{"rendered":"La pizza protagonista nel Sal\u00f3n de Gourmets di Madrid"},"content":{"rendered":"\n<p>Si avvicina\nl\u2019appuntamento con la XXXIV edizione del <strong>Sal\u00f3n\nInternacional de Gourmets di Madrid <\/strong>(quartiere fieristico di IFEMA, 30\nmarzo -2 aprile 2020) e gli organizzatori hanno gi\u00e0 definito un intenso programma\ndi attivit\u00e0 collaterali nel quale verr\u00e0 riservato ampio protagonismo a uno dei\npiatti pi\u00f9 diffusi della tradizione culinaria italiana: la pizza. <\/p>\n\n\n\n<p>Per la prima volta in Spagna, infatti, si celebrer\u00e1 il <strong>Campionato spagnolo di Pizza Gourmets<\/strong>. Organizzato dall\u2019Associazione spagnola di Pizzaioli Artigiani, questo campionato prevede cinque categorie: pizza classica, pizza pala, pizza al taglio, senza glutine e acrobatica. Il vincitore di ciascuna categoria rappresenter\u00e0 la Spagna nel campionato Mondiale della Pizza che si terr\u00e0 a Parma. <\/p>\n\n\n\n<p>Attraverso il\nseguente <a href=\"https:\/\/www.gourmets.net\/salon-gourmets\/2020\/catalogo-expositores\/grupo-gourmets\/campeonato-nacional-de-pizzas-gourmets-2020\">link<\/a>\nsi possono reperire maggiori informazioni sull\u2019iniziativa. Il termine ultimo\nper l\u2019iscrizione \u00e8 il venerd\u00ec 28 febbraio 2020 o fino al raggiungimento\ndel numero massimo di partecipanti ammessi.<\/p>\n\n\n\n<p>Il protagonismo\nitaliano in questa nuova edizione della fiera \u00e8 confermato anche quest\u2019anno\ndall\u2019importante presenza di imprese e prodotti del Belpaese nello <strong>spazio espositivo<\/strong> che la CCIS gestisce\ndal 2009 e che, anno dopo anno, \u00e8 diventato il punto di riferimento per tutti\ngli operatori del settore interessati ai prodotti italiani autentici. In\nparticolare, quest\u2019anno lo spazio espositivo che delimiter\u00e0 l\u2019<strong>Area Italia<\/strong>, ubicato nel padiglione 8\nsuperer\u00e1 i 300 m2, all\u2019interno dei quali verranno presentati oltre 140 prodotti\nprovenienti da tutte le regioni. Un programma giornaliero di showcooking,\npresentazioni e degustazioni di prodotti accompagner\u00e0 la presenza delle imprese\nitaliane durante i 4 giorni di fiera e sar\u00e0 diffuso nelle prossime settimane\nattraverso un\u2019azione di mailing agli operatori locali.<\/p>\n\n\n\n<p><em>Per maggiori informazioni sull\u2019Area espositiva\ngestita dalla CCIS: <a href=\"mailto:ferias@italcamara-es.com\">ferias@italcamara-es.com<\/a><\/em><\/p>\n","protected":false},"excerpt":{"rendered":"<p>Si avvicina l\u2019appuntamento con la XXXIV edizione del Sal\u00f3n Internacional de Gourmets di Madrid (quartiere fieristico di IFEMA, 30 marzo -2 aprile 2020) e gli organizzatori hanno gi\u00e0 definito un intenso programma di attivit\u00e0 collaterali nel quale verr\u00e0 riservato ampio protagonismo a uno dei piatti pi\u00f9 diffusi della tradizione culinaria italiana: la pizza. Per la [&hellip;]<\/p>\n","protected":false},"author":1,"featured_media":54820,"comment_status":"open","ping_status":"open","sticky":false,"template":"","format":"standard","meta":{"inline_featured_image":false,"ocean_post_layout":"","ocean_both_sidebars_style":"","ocean_both_sidebars_content_width":0,"ocean_both_sidebars_sidebars_width":0,"ocean_sidebar":"","ocean_second_sidebar":"","ocean_disable_margins":"enable","ocean_add_body_class":"","ocean_shortcode_before_top_bar":"","ocean_shortcode_after_top_bar":"","ocean_shortcode_before_header":"","ocean_shortcode_after_header":"","ocean_has_shortcode":"","ocean_shortcode_after_title":"","ocean_shortcode_before_footer_widgets":"","ocean_shortcode_after_footer_widgets":"","ocean_shortcode_before_footer_bottom":"","ocean_shortcode_after_footer_bottom":"","ocean_display_top_bar":"default","ocean_display_header":"default","ocean_header_style":"","ocean_center_header_left_menu":"","ocean_custom_header_template":"","ocean_custom_logo":0,"ocean_custom_retina_logo":0,"ocean_custom_logo_max_width":0,"ocean_custom_logo_tablet_max_width":0,"ocean_custom_logo_mobile_max_width":0,"ocean_custom_logo_max_height":0,"ocean_custom_logo_tablet_max_height":0,"ocean_custom_logo_mobile_max_height":0,"ocean_header_custom_menu":"","ocean_menu_typo_font_family":"","ocean_menu_typo_font_subset":"","ocean_menu_typo_font_size":0,"ocean_menu_typo_font_size_tablet":0,"ocean_menu_typo_font_size_mobile":0,"ocean_menu_typo_font_size_unit":"px","ocean_menu_typo_font_weight":"","ocean_menu_typo_font_weight_tablet":"","ocean_menu_typo_font_weight_mobile":"","ocean_menu_typo_transform":"","ocean_menu_typo_transform_tablet":"","ocean_menu_typo_transform_mobile":"","ocean_menu_typo_line_height":0,"ocean_menu_typo_line_height_tablet":0,"ocean_menu_typo_line_height_mobile":0,"ocean_menu_typo_line_height_unit":"","ocean_menu_typo_spacing":0,"ocean_menu_typo_spacing_tablet":0,"ocean_menu_typo_spacing_mobile":0,"ocean_menu_typo_spacing_unit":"","ocean_menu_link_color":"","ocean_menu_link_color_hover":"","ocean_menu_link_color_active":"","ocean_menu_link_background":"","ocean_menu_link_hover_background":"","ocean_menu_link_active_background":"","ocean_menu_social_links_bg":"","ocean_menu_social_hover_links_bg":"","ocean_menu_social_links_color":"","ocean_menu_social_hover_links_color":"","ocean_disable_title":"default","ocean_disable_heading":"default","ocean_post_title":"","ocean_post_subheading":"","ocean_post_title_style":"","ocean_post_title_background_color":"","ocean_post_title_background":0,"ocean_post_title_bg_image_position":"","ocean_post_title_bg_image_attachment":"","ocean_post_title_bg_image_repeat":"","ocean_post_title_bg_image_size":"","ocean_post_title_height":0,"ocean_post_title_bg_overlay":0.5,"ocean_post_title_bg_overlay_color":"","ocean_disable_breadcrumbs":"default","ocean_breadcrumbs_color":"","ocean_breadcrumbs_separator_color":"","ocean_breadcrumbs_links_color":"","ocean_breadcrumbs_links_hover_color":"","ocean_display_footer_widgets":"default","ocean_display_footer_bottom":"default","ocean_custom_footer_template":"","ocean_post_oembed":"","ocean_post_self_hosted_media":"","ocean_post_video_embed":"","ocean_link_format":"","ocean_link_format_target":"self","ocean_quote_format":"","ocean_quote_format_link":"post","ocean_gallery_link_images":"on","ocean_gallery_id":[],"footnotes":""},"categories":[133],"tags":[139],"class_list":["post-56189","post","type-post","status-publish","format-standard","has-post-thumbnail","hentry","category-notizie","tag-notizie-di-la-ccis","entry","has-media"],"yoast_head":"<!-- This site is optimized with the Yoast SEO plugin v27.4 - https:\/\/yoast.com\/product\/yoast-seo-wordpress\/ -->\n<title>La pizza protagonista nel Sal\u00f3n de Gourmets di Madrid - Italcamara<\/title>\n<meta name=\"robots\" content=\"index, follow, max-snippet:-1, max-image-preview:large, max-video-preview:-1\" \/>\n<link rel=\"canonical\" href=\"https:\/\/italcamara-es.com\/it\/notizie\/la-pizza-protagonista-nel-salon-de-gourmets-di-madrid\/\" \/>\n<meta property=\"og:locale\" content=\"it_IT\" \/>\n<meta property=\"og:type\" content=\"article\" \/>\n<meta property=\"og:title\" content=\"La pizza protagonista nel Sal\u00f3n de Gourmets di Madrid - Italcamara\" \/>\n<meta property=\"og:description\" content=\"Si avvicina l\u2019appuntamento con la XXXIV edizione del Sal\u00f3n Internacional de Gourmets di Madrid (quartiere fieristico di IFEMA, 30 marzo -2 aprile 2020) e gli organizzatori hanno gi\u00e0 definito un intenso programma di attivit\u00e0 collaterali nel quale verr\u00e0 riservato ampio protagonismo a uno dei piatti pi\u00f9 diffusi della tradizione culinaria italiana: la pizza. Per la [&hellip;]\" \/>\n<meta property=\"og:url\" content=\"https:\/\/italcamara-es.com\/it\/notizie\/la-pizza-protagonista-nel-salon-de-gourmets-di-madrid\/\" \/>\n<meta property=\"og:site_name\" content=\"Italcamara\" \/>\n<meta property=\"article:published_time\" content=\"2020-01-20T08:08:57+00:00\" \/>\n<meta property=\"og:image\" content=\"https:\/\/italcamara-es.com\/wp-content\/uploads\/2025\/03\/pizza-500.jpg\" \/>\n\t<meta property=\"og:image:width\" content=\"500\" \/>\n\t<meta property=\"og:image:height\" content=\"280\" \/>\n\t<meta property=\"og:image:type\" content=\"image\/jpeg\" \/>\n<meta name=\"author\" content=\"administrador\" \/>\n<meta name=\"twitter:card\" content=\"summary_large_image\" \/>\n<meta name=\"twitter:label1\" content=\"Scritto da\" \/>\n\t<meta name=\"twitter:data1\" content=\"administrador\" \/>\n\t<meta name=\"twitter:label2\" content=\"Tempo di lettura stimato\" \/>\n\t<meta name=\"twitter:data2\" content=\"1 minuto\" \/>\n<script type=\"application\/ld+json\" class=\"yoast-schema-graph\">{\"@context\":\"https:\\\/\\\/schema.org\",\"@graph\":[{\"@type\":\"Article\",\"@id\":\"https:\\\/\\\/italcamara-es.com\\\/it\\\/notizie\\\/la-pizza-protagonista-nel-salon-de-gourmets-di-madrid\\\/#article\",\"isPartOf\":{\"@id\":\"https:\\\/\\\/italcamara-es.com\\\/it\\\/notizie\\\/la-pizza-protagonista-nel-salon-de-gourmets-di-madrid\\\/\"},\"author\":{\"name\":\"administrador\",\"@id\":\"https:\\\/\\\/italcamara-es.com\\\/#\\\/schema\\\/person\\\/bb3c56263e405bbd9a15171dcfee93bb\"},\"headline\":\"La pizza protagonista nel Sal\u00f3n de Gourmets di Madrid\",\"datePublished\":\"2020-01-20T08:08:57+00:00\",\"mainEntityOfPage\":{\"@id\":\"https:\\\/\\\/italcamara-es.com\\\/it\\\/notizie\\\/la-pizza-protagonista-nel-salon-de-gourmets-di-madrid\\\/\"},\"wordCount\":278,\"commentCount\":0,\"image\":{\"@id\":\"https:\\\/\\\/italcamara-es.com\\\/it\\\/notizie\\\/la-pizza-protagonista-nel-salon-de-gourmets-di-madrid\\\/#primaryimage\"},\"thumbnailUrl\":\"https:\\\/\\\/italcamara-es.com\\\/wp-content\\\/uploads\\\/2025\\\/03\\\/pizza-500.jpg\",\"keywords\":[\"Notizie di la CCIS\"],\"articleSection\":[\"Notizie\"],\"inLanguage\":\"it-IT\",\"potentialAction\":[{\"@type\":\"CommentAction\",\"name\":\"Comment\",\"target\":[\"https:\\\/\\\/italcamara-es.com\\\/it\\\/notizie\\\/la-pizza-protagonista-nel-salon-de-gourmets-di-madrid\\\/#respond\"]}]},{\"@type\":\"WebPage\",\"@id\":\"https:\\\/\\\/italcamara-es.com\\\/it\\\/notizie\\\/la-pizza-protagonista-nel-salon-de-gourmets-di-madrid\\\/\",\"url\":\"https:\\\/\\\/italcamara-es.com\\\/it\\\/notizie\\\/la-pizza-protagonista-nel-salon-de-gourmets-di-madrid\\\/\",\"name\":\"La pizza protagonista nel Sal\u00f3n de Gourmets di Madrid - Italcamara\",\"isPartOf\":{\"@id\":\"https:\\\/\\\/italcamara-es.com\\\/#website\"},\"primaryImageOfPage\":{\"@id\":\"https:\\\/\\\/italcamara-es.com\\\/it\\\/notizie\\\/la-pizza-protagonista-nel-salon-de-gourmets-di-madrid\\\/#primaryimage\"},\"image\":{\"@id\":\"https:\\\/\\\/italcamara-es.com\\\/it\\\/notizie\\\/la-pizza-protagonista-nel-salon-de-gourmets-di-madrid\\\/#primaryimage\"},\"thumbnailUrl\":\"https:\\\/\\\/italcamara-es.com\\\/wp-content\\\/uploads\\\/2025\\\/03\\\/pizza-500.jpg\",\"datePublished\":\"2020-01-20T08:08:57+00:00\",\"author\":{\"@id\":\"https:\\\/\\\/italcamara-es.com\\\/#\\\/schema\\\/person\\\/bb3c56263e405bbd9a15171dcfee93bb\"},\"breadcrumb\":{\"@id\":\"https:\\\/\\\/italcamara-es.com\\\/it\\\/notizie\\\/la-pizza-protagonista-nel-salon-de-gourmets-di-madrid\\\/#breadcrumb\"},\"inLanguage\":\"it-IT\",\"potentialAction\":[{\"@type\":\"ReadAction\",\"target\":[\"https:\\\/\\\/italcamara-es.com\\\/it\\\/notizie\\\/la-pizza-protagonista-nel-salon-de-gourmets-di-madrid\\\/\"]}]},{\"@type\":\"ImageObject\",\"inLanguage\":\"it-IT\",\"@id\":\"https:\\\/\\\/italcamara-es.com\\\/it\\\/notizie\\\/la-pizza-protagonista-nel-salon-de-gourmets-di-madrid\\\/#primaryimage\",\"url\":\"https:\\\/\\\/italcamara-es.com\\\/wp-content\\\/uploads\\\/2025\\\/03\\\/pizza-500.jpg\",\"contentUrl\":\"https:\\\/\\\/italcamara-es.com\\\/wp-content\\\/uploads\\\/2025\\\/03\\\/pizza-500.jpg\",\"width\":500,\"height\":280},{\"@type\":\"BreadcrumbList\",\"@id\":\"https:\\\/\\\/italcamara-es.com\\\/it\\\/notizie\\\/la-pizza-protagonista-nel-salon-de-gourmets-di-madrid\\\/#breadcrumb\",\"itemListElement\":[{\"@type\":\"ListItem\",\"position\":1,\"name\":\"Inicio\",\"item\":\"https:\\\/\\\/italcamara-es.com\\\/it\\\/homepage-ita\\\/\"},{\"@type\":\"ListItem\",\"position\":2,\"name\":\"La pizza protagonista nel Sal\u00f3n de Gourmets di Madrid\"}]},{\"@type\":\"WebSite\",\"@id\":\"https:\\\/\\\/italcamara-es.com\\\/#website\",\"url\":\"https:\\\/\\\/italcamara-es.com\\\/\",\"name\":\"Italcamara\",\"description\":\"\",\"potentialAction\":[{\"@type\":\"SearchAction\",\"target\":{\"@type\":\"EntryPoint\",\"urlTemplate\":\"https:\\\/\\\/italcamara-es.com\\\/?s={search_term_string}\"},\"query-input\":{\"@type\":\"PropertyValueSpecification\",\"valueRequired\":true,\"valueName\":\"search_term_string\"}}],\"inLanguage\":\"it-IT\"},{\"@type\":\"Person\",\"@id\":\"https:\\\/\\\/italcamara-es.com\\\/#\\\/schema\\\/person\\\/bb3c56263e405bbd9a15171dcfee93bb\",\"name\":\"administrador\",\"image\":{\"@type\":\"ImageObject\",\"inLanguage\":\"it-IT\",\"@id\":\"https:\\\/\\\/secure.gravatar.com\\\/avatar\\\/14b5e63db38320b12031bb28cf9f77e210aa71fb3a8a3602a3c9a05134fa75eb?s=96&d=mm&r=g\",\"url\":\"https:\\\/\\\/secure.gravatar.com\\\/avatar\\\/14b5e63db38320b12031bb28cf9f77e210aa71fb3a8a3602a3c9a05134fa75eb?s=96&d=mm&r=g\",\"contentUrl\":\"https:\\\/\\\/secure.gravatar.com\\\/avatar\\\/14b5e63db38320b12031bb28cf9f77e210aa71fb3a8a3602a3c9a05134fa75eb?s=96&d=mm&r=g\",\"caption\":\"administrador\"},\"sameAs\":[\"http:\\\/\\\/pre.italcamara-es.com\"],\"url\":\"https:\\\/\\\/italcamara-es.com\\\/it\\\/author\\\/administrador\\\/\"}]}<\/script>\n<!-- \/ Yoast SEO plugin. -->","yoast_head_json":{"title":"La pizza protagonista nel Sal\u00f3n de Gourmets di Madrid - Italcamara","robots":{"index":"index","follow":"follow","max-snippet":"max-snippet:-1","max-image-preview":"max-image-preview:large","max-video-preview":"max-video-preview:-1"},"canonical":"https:\/\/italcamara-es.com\/it\/notizie\/la-pizza-protagonista-nel-salon-de-gourmets-di-madrid\/","og_locale":"it_IT","og_type":"article","og_title":"La pizza protagonista nel Sal\u00f3n de Gourmets di Madrid - Italcamara","og_description":"Si avvicina l\u2019appuntamento con la XXXIV edizione del Sal\u00f3n Internacional de Gourmets di Madrid (quartiere fieristico di IFEMA, 30 marzo -2 aprile 2020) e gli organizzatori hanno gi\u00e0 definito un intenso programma di attivit\u00e0 collaterali nel quale verr\u00e0 riservato ampio protagonismo a uno dei piatti pi\u00f9 diffusi della tradizione culinaria italiana: la pizza. Per la [&hellip;]","og_url":"https:\/\/italcamara-es.com\/it\/notizie\/la-pizza-protagonista-nel-salon-de-gourmets-di-madrid\/","og_site_name":"Italcamara","article_published_time":"2020-01-20T08:08:57+00:00","og_image":[{"width":500,"height":280,"url":"https:\/\/italcamara-es.com\/wp-content\/uploads\/2025\/03\/pizza-500.jpg","type":"image\/jpeg"}],"author":"administrador","twitter_card":"summary_large_image","twitter_misc":{"Scritto da":"administrador","Tempo di lettura stimato":"1 minuto"},"schema":{"@context":"https:\/\/schema.org","@graph":[{"@type":"Article","@id":"https:\/\/italcamara-es.com\/it\/notizie\/la-pizza-protagonista-nel-salon-de-gourmets-di-madrid\/#article","isPartOf":{"@id":"https:\/\/italcamara-es.com\/it\/notizie\/la-pizza-protagonista-nel-salon-de-gourmets-di-madrid\/"},"author":{"name":"administrador","@id":"https:\/\/italcamara-es.com\/#\/schema\/person\/bb3c56263e405bbd9a15171dcfee93bb"},"headline":"La pizza protagonista nel Sal\u00f3n de Gourmets di Madrid","datePublished":"2020-01-20T08:08:57+00:00","mainEntityOfPage":{"@id":"https:\/\/italcamara-es.com\/it\/notizie\/la-pizza-protagonista-nel-salon-de-gourmets-di-madrid\/"},"wordCount":278,"commentCount":0,"image":{"@id":"https:\/\/italcamara-es.com\/it\/notizie\/la-pizza-protagonista-nel-salon-de-gourmets-di-madrid\/#primaryimage"},"thumbnailUrl":"https:\/\/italcamara-es.com\/wp-content\/uploads\/2025\/03\/pizza-500.jpg","keywords":["Notizie di la CCIS"],"articleSection":["Notizie"],"inLanguage":"it-IT","potentialAction":[{"@type":"CommentAction","name":"Comment","target":["https:\/\/italcamara-es.com\/it\/notizie\/la-pizza-protagonista-nel-salon-de-gourmets-di-madrid\/#respond"]}]},{"@type":"WebPage","@id":"https:\/\/italcamara-es.com\/it\/notizie\/la-pizza-protagonista-nel-salon-de-gourmets-di-madrid\/","url":"https:\/\/italcamara-es.com\/it\/notizie\/la-pizza-protagonista-nel-salon-de-gourmets-di-madrid\/","name":"La pizza protagonista nel Sal\u00f3n de Gourmets di Madrid - Italcamara","isPartOf":{"@id":"https:\/\/italcamara-es.com\/#website"},"primaryImageOfPage":{"@id":"https:\/\/italcamara-es.com\/it\/notizie\/la-pizza-protagonista-nel-salon-de-gourmets-di-madrid\/#primaryimage"},"image":{"@id":"https:\/\/italcamara-es.com\/it\/notizie\/la-pizza-protagonista-nel-salon-de-gourmets-di-madrid\/#primaryimage"},"thumbnailUrl":"https:\/\/italcamara-es.com\/wp-content\/uploads\/2025\/03\/pizza-500.jpg","datePublished":"2020-01-20T08:08:57+00:00","author":{"@id":"https:\/\/italcamara-es.com\/#\/schema\/person\/bb3c56263e405bbd9a15171dcfee93bb"},"breadcrumb":{"@id":"https:\/\/italcamara-es.com\/it\/notizie\/la-pizza-protagonista-nel-salon-de-gourmets-di-madrid\/#breadcrumb"},"inLanguage":"it-IT","potentialAction":[{"@type":"ReadAction","target":["https:\/\/italcamara-es.com\/it\/notizie\/la-pizza-protagonista-nel-salon-de-gourmets-di-madrid\/"]}]},{"@type":"ImageObject","inLanguage":"it-IT","@id":"https:\/\/italcamara-es.com\/it\/notizie\/la-pizza-protagonista-nel-salon-de-gourmets-di-madrid\/#primaryimage","url":"https:\/\/italcamara-es.com\/wp-content\/uploads\/2025\/03\/pizza-500.jpg","contentUrl":"https:\/\/italcamara-es.com\/wp-content\/uploads\/2025\/03\/pizza-500.jpg","width":500,"height":280},{"@type":"BreadcrumbList","@id":"https:\/\/italcamara-es.com\/it\/notizie\/la-pizza-protagonista-nel-salon-de-gourmets-di-madrid\/#breadcrumb","itemListElement":[{"@type":"ListItem","position":1,"name":"Inicio","item":"https:\/\/italcamara-es.com\/it\/homepage-ita\/"},{"@type":"ListItem","position":2,"name":"La pizza protagonista nel Sal\u00f3n de Gourmets di Madrid"}]},{"@type":"WebSite","@id":"https:\/\/italcamara-es.com\/#website","url":"https:\/\/italcamara-es.com\/","name":"Italcamara","description":"","potentialAction":[{"@type":"SearchAction","target":{"@type":"EntryPoint","urlTemplate":"https:\/\/italcamara-es.com\/?s={search_term_string}"},"query-input":{"@type":"PropertyValueSpecification","valueRequired":true,"valueName":"search_term_string"}}],"inLanguage":"it-IT"},{"@type":"Person","@id":"https:\/\/italcamara-es.com\/#\/schema\/person\/bb3c56263e405bbd9a15171dcfee93bb","name":"administrador","image":{"@type":"ImageObject","inLanguage":"it-IT","@id":"https:\/\/secure.gravatar.com\/avatar\/14b5e63db38320b12031bb28cf9f77e210aa71fb3a8a3602a3c9a05134fa75eb?s=96&d=mm&r=g","url":"https:\/\/secure.gravatar.com\/avatar\/14b5e63db38320b12031bb28cf9f77e210aa71fb3a8a3602a3c9a05134fa75eb?s=96&d=mm&r=g","contentUrl":"https:\/\/secure.gravatar.com\/avatar\/14b5e63db38320b12031bb28cf9f77e210aa71fb3a8a3602a3c9a05134fa75eb?s=96&d=mm&r=g","caption":"administrador"},"sameAs":["http:\/\/pre.italcamara-es.com"],"url":"https:\/\/italcamara-es.com\/it\/author\/administrador\/"}]}},"rttpg_featured_image_url":{"full":["https:\/\/italcamara-es.com\/wp-content\/uploads\/2025\/03\/pizza-500.jpg",500,280,false],"landscape":["https:\/\/italcamara-es.com\/wp-content\/uploads\/2025\/03\/pizza-500.jpg",500,280,false],"portraits":["https:\/\/italcamara-es.com\/wp-content\/uploads\/2025\/03\/pizza-500.jpg",500,280,false],"thumbnail":["https:\/\/italcamara-es.com\/wp-content\/uploads\/2025\/03\/pizza-500-150x150.jpg",150,150,true],"medium":["https:\/\/italcamara-es.com\/wp-content\/uploads\/2025\/03\/pizza-500-300x168.jpg",300,168,true],"large":["https:\/\/italcamara-es.com\/wp-content\/uploads\/2025\/03\/pizza-500.jpg",500,280,false],"1536x1536":["https:\/\/italcamara-es.com\/wp-content\/uploads\/2025\/03\/pizza-500.jpg",500,280,false],"2048x2048":["https:\/\/italcamara-es.com\/wp-content\/uploads\/2025\/03\/pizza-500.jpg",500,280,false],"ocean-thumb-m":["https:\/\/italcamara-es.com\/wp-content\/uploads\/2025\/03\/pizza-500.jpg",500,280,false],"ocean-thumb-ml":["https:\/\/italcamara-es.com\/wp-content\/uploads\/2025\/03\/pizza-500.jpg",500,280,false],"ocean-thumb-l":["https:\/\/italcamara-es.com\/wp-content\/uploads\/2025\/03\/pizza-500.jpg",500,280,false],"directorist_preview":["https:\/\/italcamara-es.com\/wp-content\/uploads\/2025\/03\/pizza-500.jpg",500,280,false]},"rttpg_author":{"display_name":"administrador","author_link":"https:\/\/italcamara-es.com\/it\/author\/administrador\/"},"rttpg_comment":0,"rttpg_category":"<a href=\"https:\/\/italcamara-es.com\/it\/category\/notizie\/\" rel=\"category tag\">Notizie<\/a>","rttpg_excerpt":"Si avvicina l\u2019appuntamento con la XXXIV edizione del Sal\u00f3n Internacional de Gourmets di Madrid (quartiere fieristico di IFEMA, 30 marzo -2 aprile 2020) e gli organizzatori hanno gi\u00e0 definito un intenso programma di attivit\u00e0 collaterali nel quale verr\u00e0 riservato ampio protagonismo a uno dei piatti pi\u00f9 diffusi della tradizione culinaria italiana: la pizza. Per la&hellip;","_links":{"self":[{"href":"https:\/\/italcamara-es.com\/it\/wp-json\/wp\/v2\/posts\/56189","targetHints":{"allow":["GET"]}}],"collection":[{"href":"https:\/\/italcamara-es.com\/it\/wp-json\/wp\/v2\/posts"}],"about":[{"href":"https:\/\/italcamara-es.com\/it\/wp-json\/wp\/v2\/types\/post"}],"author":[{"embeddable":true,"href":"https:\/\/italcamara-es.com\/it\/wp-json\/wp\/v2\/users\/1"}],"replies":[{"embeddable":true,"href":"https:\/\/italcamara-es.com\/it\/wp-json\/wp\/v2\/comments?post=56189"}],"version-history":[{"count":0,"href":"https:\/\/italcamara-es.com\/it\/wp-json\/wp\/v2\/posts\/56189\/revisions"}],"wp:featuredmedia":[{"embeddable":true,"href":"https:\/\/italcamara-es.com\/it\/wp-json\/wp\/v2\/media\/54820"}],"wp:attachment":[{"href":"https:\/\/italcamara-es.com\/it\/wp-json\/wp\/v2\/media?parent=56189"}],"wp:term":[{"taxonomy":"category","embeddable":true,"href":"https:\/\/italcamara-es.com\/it\/wp-json\/wp\/v2\/categories?post=56189"},{"taxonomy":"post_tag","embeddable":true,"href":"https:\/\/italcamara-es.com\/it\/wp-json\/wp\/v2\/tags?post=56189"}],"curies":[{"name":"wp","href":"https:\/\/api.w.org\/{rel}","templated":true}]}}