	{"id":56196,"date":"2020-02-17T10:23:06","date_gmt":"2020-02-17T09:23:06","guid":{"rendered":"http:\/\/pre.italcamara-es.com\/senza-categoria\/enjoy-european-quality-food-presenta-i-suoi-prodotti-a-madrid-e-barcellona\/"},"modified":"2025-03-30T14:04:21","modified_gmt":"2025-03-30T12:04:21","slug":"enjoy-european-quality-food-presenta-i-suoi-prodotti-a-madrid-e-barcellona","status":"publish","type":"post","link":"https:\/\/italcamara-es.com\/it\/notizie\/enjoy-european-quality-food-presenta-i-suoi-prodotti-a-madrid-e-barcellona\/","title":{"rendered":"Enjoy European Quality Food presenta i suoi prodotti a Madrid e Barcellona"},"content":{"rendered":"\n<p>Con l\u2019obiettivo di diffondere e valorizzare alcuni tra i\nmigliori prodotti della gastronomia italiana a Denominazione d\u2019Origine, Indicazione\nGeografica Protetta e Specialit\u00e0 Tradizionale Garantit\u00e0, verr\u00e0 proposta una\nserie di attivit\u00e0 tra la capitale spagnola e il capoluogo catalano attraverso\nl\u2019iniziativa <strong><em>Enjoy European Quality Food<\/em><\/strong> (EEQF), che avranno inizio verso la\nmet\u00e0 di febbraio e si concluderanno il 31 marzo. L\u2019Asti DOCG, il Conegliano\nValdobbiadene Prosecco Superiore DOCG, il Vino Nobile di Montepulciano DOCG, il\nProvolone Valpadana DOP, l\u2019Olio Extravergine d\u2019Oliva DOP Terre di Siena e DOP\nSeggiano e la Mozzarella STG saranno presentati in questo tour gastronomico\naffinch\u00e9 la gente li possa conoscere e degustare e gli operatori del settore\nHo.Re.Ca scoprirne tutte le potenzialit\u00e0. Di seguito il programma delle\nattivit\u00e0: <\/p>\n\n\n\n<p><strong>Italian\nLifestyle Week &#8211; Madrid <\/strong>&#8211; dal 17 al 23 febbraio<\/p>\n\n\n\n<p><em>Dove:<\/em> La Carbonera Bar de Quesos (Bernardo L\u00f3pez Garc\u00eda, 11)<\/p>\n\n\n\n<p>Degustazioni, piatti speciali creati per l\u2019occasione e\ntre serate tematiche per conoscere i prodotti in questo <em>cheesebar<\/em> madrileno. Prenota il tuo posto inviando un\u2019email a <a href=\"mailto:carbonera.madrid@gmail.com\">carbonera.madrid@gmail.com<\/a> <\/p>\n\n\n\n<p>&#8211; Luned\u00ec\n17. Ore 21. <strong>Quesos &amp; Tuits<\/strong>. Cena\ndiretta e commentata da Marcelo \u00c1lvarez (proprietario de La Carbonera) e Angela\nBarusi (titolare di Forma Libera, agenzia di promozione del patrimonio\nagroalimentare). <\/p>\n\n\n\n<p>&#8211; Mercoled\u00ec\n19. Ore 21. <strong>Cena maridaje di prodotti\nitaliani<\/strong>. Men\u00f9 all\u2019insegna delle armonie solide e liquide create da Marcelo\ne Marit\u00e9 Madrid Baeza (chef del ristorante).<\/p>\n\n\n\n<p>&#8211; Gioved\u00ec\n20. Ore 21. <strong>Hablemos de quesos<\/strong>. Il\npunto di vista spagnolo sui prodotti italiani. Una serata di degustazione dei\nprodotti EEQF commentati con il pubblico da produttori di vino e formaggi di\nMadrid.<\/p>\n\n\n\n<div class=\"wp-block-image\"><figure class=\"aligncenter\"><img decoding=\"async\" src=\"https:\/\/www.italcamara-es.com\/wp-content\/uploads\/2020\/02\/La-Carbonera_barra-1.jpg\" alt=\"\" class=\"wp-image-24767\"\/><figcaption>La Carbonera &#8211; Madrid<\/figcaption><\/figure><\/div>\n\n\n\n<p><strong>Workshop &#8211;\nMadrid<\/strong> \u2013 marted\u00ec 18 e mercoled\u00ec 19 febbraio dalle 18:00 alle&nbsp; 20:00. <\/p>\n\n\n\n<p><em>Dove: <\/em>La Can\u00edbal (Argumosa, 28)<\/p>\n\n\n\n<p>&#8211; \u2018<strong>Una tarde con los productos del proyecto EEQF<\/strong>\u2019. Giornate\ndi formazione e informazione dirette ai professionisti del settore Ho.Re.Ca e\npunti vendita. In questo locale di riferimento della cultura del vino, dei\nformaggi e delle birre artigianali, verr\u00e0 organizzato un seminario\ninformativo impartito da Vittorio E. Pisani, direttore del Consorzio Tutela\nProvolone Valpadana capofila del progetto EEQF e Angela Barusi di Forma Libera.\n<\/p>\n\n\n\n<p>Seguir\u00e0\nla degustazione di Provolone Valpadana DOP, Mozzarella STG, Olio EVO DOP\nTerre di Siena e DOP Seggiano e le armonie con i vini Asti DOCG, Conegliano\nValdobbiadene Prosecco DOCG e Vino Nobile di Montepulciano DOCG a cura di Guillermina\nS\u00e1nchez\u2013Cerezo, \u201cfromelier\u201d de La Can\u00edbal. Ci sar\u00e0 anche una degustazione di <em>tapas<\/em> create per l\u2019occasione dallo chef\nJos\u00e9 Miguel Santamar\u00eda.<\/p>\n\n\n\n<div style=\"height:100px\" aria-hidden=\"true\" class=\"wp-block-spacer\"><\/div>\n\n\n\n<p>A <strong>Barcellona<\/strong>, durante questo mese gastronomico, i prodotti EEQF avranno 3 sedi ufficiali: in due di esse (durante 15 giorni) si prepareranno men\u00f9 speciali e degustazioni e, nella terza, si terr\u00e0 il Workshop per professionisti, nel pomeriggio del 3 marzo.\u00a0 <\/p>\n\n\n\n<div class=\"wp-block-image\"><figure class=\"aligncenter\"><img decoding=\"async\" src=\"https:\/\/www.italcamara-es.com\/wp-content\/uploads\/2020\/02\/3_LaCanibal_restaurante-1.jpg\" alt=\"\" class=\"wp-image-24769\"\/><figcaption>La Can\u00edbal &#8211; Madrid<\/figcaption><\/figure><\/div>\n\n\n\n<p><strong>Italian\nLifestyle Week I &#8211; Barcellona <\/strong>-dal 2 al\n15 marzo<\/p>\n\n\n\n<p>Dove: Leccabaffi (Valencia, 341)<\/p>\n\n\n\n<p>Il popolare Leccabaffi, conosciuto per la sua cucina 100%\nitaliana, il negozio e la suggestiva sala ristorante, offrir\u00e0 in queste due\nsettimane un men\u00fa speciale abbinato ai vini italiani del progetto e\npresenter\u00e1 una pizza di nuova creazione a base di Provolone Valpadana\nDOP, Mozzarella STG, Olio EVO DOP Terre di Siena o DOP Seggiano. Una autentica <em>locura<\/em>! Inoltre, tutti i giorni a\npartire dalle 19, con l\u2019iniziativa \u2018Aperitivo \u00bfdolce o piccante?\u2019 i\nclienti potranno scegliere <em>tapas<\/em> a\nbase di Provolone Valpadana DOP e abbinate a Conegliano Valdobbiadene Prosecco\nDOCG o Asti DOCG. <\/p>\n\n\n\n<p>Tre gli eventi speciali:<\/p>\n\n\n\n<p>&#8211; 3 e 10\nmarzo &#8211; Marted\u00ec Live, all\u2019insegna della musica dal vivo. <\/p>\n\n\n\n<p>&#8211; Mercoled\u00ec 4 marzo alle ore 19,30. Degustazione\nalla cieca di coppie di prodotti EEQF che i partecipanti impareranno a\nidentificare ad occhi chiusi! (prenotazione scrivendo a <a href=\"mailto:info@leccabaffi.com\"><strong>info@leccabaffi.com<\/strong><\/a>)<\/p>\n\n\n\n<div class=\"wp-block-image\"><figure class=\"aligncenter\"><img decoding=\"async\" src=\"https:\/\/www.italcamara-es.com\/wp-content\/uploads\/2020\/02\/3Leccabaffi_Barcelona-1.jpg\" alt=\"\" class=\"wp-image-24770\"\/><figcaption>Leccabaffi &#8211; Barcellona<\/figcaption><\/figure><\/div>\n\n\n\n<p><strong>Italian\nLifestyle week II &#8211; Barcelona <\/strong>&#8211; dal 17 al 28 marzo<\/p>\n\n\n\n<p><em>Dove:<\/em> L\u2019Osteria Sutta e Supra (Casanova, 195)<\/p>\n\n\n\n<p>Questo \u2018giovane\u2019 ristorante, che propone una versione\nmoderna della cucina italiana, presenter\u00e0 una dozzina di piatti creati per\nl\u2019occasione, abbinati ai vini del progetto che saranno inclusi sia nel men\u00f9 del\npranzo che nel fuori carta della sera. Per prenotazioni, inviare un\u2019e-mail a <a href=\"mailto:info@suttaesupra.com\">info@suttaesupra.com<\/a>. <\/p>\n\n\n\n<p>Appuntamenti da non perdere:<\/p>\n\n\n\n<p>&#8211; Venerd\u00ec\n20 marzo. Ore 21. Degustazione di 4 piatti speciali abbinati ad altrettanti\nvini.<\/p>\n\n\n\n<p>&#8211; Gioved\u00ec 26 marzo. A partire\ndalle ore 19 Aperitivo italiano con buffet dedicato ai prodotti EEQF e musica dal\nvivo.<\/p>\n\n\n\n<div class=\"wp-block-image\"><figure class=\"aligncenter\"><img decoding=\"async\" src=\"https:\/\/www.italcamara-es.com\/wp-content\/uploads\/2020\/02\/equipo_cocina_osteriasuttaesupra-1.jpg\" alt=\"\" class=\"wp-image-24771\"\/><figcaption>Il personale di cucina de  L<em>\u2019Osteria Sutta e Supra<\/em> &#8211; Barcellona<\/figcaption><\/figure><\/div>\n\n\n\n<p><strong>Workshop\nBarcelona<\/strong> \u2013 marted\u00ec 3 marzo dalle 17 alle 19,30<\/p>\n\n\n\n<p><em>Dove:<\/em> Eroica Caff\u00e8 (Consell de Cent, 350)<\/p>\n\n\n\n<p>Eroica Caff\u00e8 \u00e8 sinonimo di gusto e qualit\u00e0, nel segno\ndella miglior tradizione italiana, con prodotti semplici e selezionati e una\nparticolare attenzione alle tipicit\u00e0 del territorio. In questa occasione, la\ngiornata di formazione per professionisti che si svolger\u00e0 nel locale prevede un\nseminario informativo a cura di Angela Barusi (Forma Libera) e Leonardo\nCaneppele, esperto in vini italiani. Nelle diverse postazioni allestite nella\nsala, si potranno degustare i prodotti EEQF con l\u2019assistenza di personale\nspecializzato e, in chiusura, verr\u00e0 offerto un cocktail con creazioni degli\nchef della casa ispirate da questi deliziosi ingredienti. <\/p>\n\n\n\n<p>Dopo quasi due mesi di promozione, il tour spagnolo del\nproyecto EEQF si concluder\u00e0 il 31 marzo alle 11:30 con una <strong>conferenza stampa e degustazione\nall\u2019interno del 34\u00ba Sal\u00f3n Gourmets di Madrid (IFEMA)<\/strong>, diretta ai mezzi di\ncomunicazione specializzati e agli operatori del settore. All\u2019evento prender\u00e0\nparte Alberto Luchini, direttore del settimanale <em>La Luna di Metropoli<\/em>, accompagnato dai rappresentanti di alcuni dei\nPartner che fanno parte del progetto. Dopo aver presentato le attivit\u00e0 svolte,\nlo chef Alessandro Cresta realizzer\u00e0 uno <em>showcooking<\/em>\ndove la gastronomia si abbiner\u00e0 alla musica e alla poesia. Ci sar\u00e0 inoltre la\npossibilit\u00e0 di degustare i formaggi, i vini e gli olii protagonisti. <\/p>\n\n\n\n<div class=\"wp-block-image\"><figure class=\"aligncenter\"><img decoding=\"async\" src=\"https:\/\/www.italcamara-es.com\/wp-content\/uploads\/2020\/02\/EroicaCaff\u00e8_Barcelona-1.jpg\" alt=\"\" class=\"wp-image-24772\"\/><figcaption>Eroica Caff\u00e9 &#8211; Barcellona<\/figcaption><\/figure><\/div>\n\n\n\n<p><strong>EEQF, Enjoy European Quality Food<\/strong><\/p>\n\n\n\n<p>Il progetto, cofinanziato dall\u2019Unione Europea e della\ndurata di tre anni, \u00e8 una campagna di informazione e valorizzazione sui\nprodotti certificati di qualit\u00e0 in particolar modo su vino, olio e formaggi a\nDenominazione d\u2019Origine, Indicazione Geografica e Specialit\u00e0 Tradizionale\nGarantita. All\u2019iniziativa partecipano sei diverse realt\u00e0: Consorzio Tutela\nProvolone Valpadana, Consorzio per la Tutela Dell\u2019Asti DOCG, Consorzio di\nTutela Conegliano Valdobbiadene Prosecco Superiore DOCG, Consorzio Vino Nobile\nMontepulciano DOCG, Associazione Produttori Olivicoli Toscani e Latteria\nSoligo. Sono previsti eventi in Italia, Germania, Regno Unito, Spagna e\nPolonia. Il progetto \u00e8 finalizzato a inserire il consumatore all\u2019interno di un\npercorso di informazione ed educazione verso i prodotti enogastronomici\neuropei, con lo scopo di creare un approccio nuovo e senza preconcetti nei\nconfronti dei prodotti certificati di qualit\u00e0<\/p>\n","protected":false},"excerpt":{"rendered":"<p>Con l\u2019obiettivo di diffondere e valorizzare alcuni tra i migliori prodotti della gastronomia italiana a Denominazione d\u2019Origine, Indicazione Geografica Protetta e Specialit\u00e0 Tradizionale Garantit\u00e0, verr\u00e0 proposta una serie di attivit\u00e0 tra la capitale spagnola e il capoluogo catalano attraverso l\u2019iniziativa Enjoy European Quality Food (EEQF), che avranno inizio verso la met\u00e0 di febbraio e si [&hellip;]<\/p>\n","protected":false},"author":1,"featured_media":53829,"comment_status":"open","ping_status":"open","sticky":false,"template":"","format":"standard","meta":{"inline_featured_image":false,"ocean_post_layout":"","ocean_both_sidebars_style":"","ocean_both_sidebars_content_width":0,"ocean_both_sidebars_sidebars_width":0,"ocean_sidebar":"","ocean_second_sidebar":"","ocean_disable_margins":"enable","ocean_add_body_class":"","ocean_shortcode_before_top_bar":"","ocean_shortcode_after_top_bar":"","ocean_shortcode_before_header":"","ocean_shortcode_after_header":"","ocean_has_shortcode":"","ocean_shortcode_after_title":"","ocean_shortcode_before_footer_widgets":"","ocean_shortcode_after_footer_widgets":"","ocean_shortcode_before_footer_bottom":"","ocean_shortcode_after_footer_bottom":"","ocean_display_top_bar":"default","ocean_display_header":"default","ocean_header_style":"","ocean_center_header_left_menu":"","ocean_custom_header_template":"","ocean_custom_logo":0,"ocean_custom_retina_logo":0,"ocean_custom_logo_max_width":0,"ocean_custom_logo_tablet_max_width":0,"ocean_custom_logo_mobile_max_width":0,"ocean_custom_logo_max_height":0,"ocean_custom_logo_tablet_max_height":0,"ocean_custom_logo_mobile_max_height":0,"ocean_header_custom_menu":"","ocean_menu_typo_font_family":"","ocean_menu_typo_font_subset":"","ocean_menu_typo_font_size":0,"ocean_menu_typo_font_size_tablet":0,"ocean_menu_typo_font_size_mobile":0,"ocean_menu_typo_font_size_unit":"px","ocean_menu_typo_font_weight":"","ocean_menu_typo_font_weight_tablet":"","ocean_menu_typo_font_weight_mobile":"","ocean_menu_typo_transform":"","ocean_menu_typo_transform_tablet":"","ocean_menu_typo_transform_mobile":"","ocean_menu_typo_line_height":0,"ocean_menu_typo_line_height_tablet":0,"ocean_menu_typo_line_height_mobile":0,"ocean_menu_typo_line_height_unit":"","ocean_menu_typo_spacing":0,"ocean_menu_typo_spacing_tablet":0,"ocean_menu_typo_spacing_mobile":0,"ocean_menu_typo_spacing_unit":"","ocean_menu_link_color":"","ocean_menu_link_color_hover":"","ocean_menu_link_color_active":"","ocean_menu_link_background":"","ocean_menu_link_hover_background":"","ocean_menu_link_active_background":"","ocean_menu_social_links_bg":"","ocean_menu_social_hover_links_bg":"","ocean_menu_social_links_color":"","ocean_menu_social_hover_links_color":"","ocean_disable_title":"default","ocean_disable_heading":"default","ocean_post_title":"","ocean_post_subheading":"","ocean_post_title_style":"","ocean_post_title_background_color":"","ocean_post_title_background":0,"ocean_post_title_bg_image_position":"","ocean_post_title_bg_image_attachment":"","ocean_post_title_bg_image_repeat":"","ocean_post_title_bg_image_size":"","ocean_post_title_height":0,"ocean_post_title_bg_overlay":0.5,"ocean_post_title_bg_overlay_color":"","ocean_disable_breadcrumbs":"default","ocean_breadcrumbs_color":"","ocean_breadcrumbs_separator_color":"","ocean_breadcrumbs_links_color":"","ocean_breadcrumbs_links_hover_color":"","ocean_display_footer_widgets":"default","ocean_display_footer_bottom":"default","ocean_custom_footer_template":"","ocean_post_oembed":"","ocean_post_self_hosted_media":"","ocean_post_video_embed":"","ocean_link_format":"","ocean_link_format_target":"self","ocean_quote_format":"","ocean_quote_format_link":"post","ocean_gallery_link_images":"on","ocean_gallery_id":[],"footnotes":""},"categories":[133],"tags":[139,138],"class_list":["post-56196","post","type-post","status-publish","format-standard","has-post-thumbnail","hentry","category-notizie","tag-notizie-di-la-ccis","tag-notizie-di-mercato","entry","has-media"],"yoast_head":"<!-- This site is optimized with the Yoast SEO plugin v27.4 - https:\/\/yoast.com\/product\/yoast-seo-wordpress\/ -->\n<title>Enjoy European Quality Food presenta i suoi prodotti a Madrid e Barcellona - Italcamara<\/title>\n<meta name=\"robots\" content=\"index, follow, max-snippet:-1, max-image-preview:large, max-video-preview:-1\" \/>\n<link rel=\"canonical\" href=\"https:\/\/italcamara-es.com\/it\/notizie\/enjoy-european-quality-food-presenta-i-suoi-prodotti-a-madrid-e-barcellona\/\" \/>\n<meta property=\"og:locale\" content=\"it_IT\" \/>\n<meta property=\"og:type\" content=\"article\" \/>\n<meta property=\"og:title\" content=\"Enjoy European Quality Food presenta i suoi prodotti a Madrid e Barcellona - Italcamara\" \/>\n<meta property=\"og:description\" content=\"Con l\u2019obiettivo di diffondere e valorizzare alcuni tra i migliori prodotti della gastronomia italiana a Denominazione d\u2019Origine, Indicazione Geografica Protetta e Specialit\u00e0 Tradizionale Garantit\u00e0, verr\u00e0 proposta una serie di attivit\u00e0 tra la capitale spagnola e il capoluogo catalano attraverso l\u2019iniziativa Enjoy European Quality Food (EEQF), che avranno inizio verso la met\u00e0 di febbraio e si [&hellip;]\" \/>\n<meta property=\"og:url\" content=\"https:\/\/italcamara-es.com\/it\/notizie\/enjoy-european-quality-food-presenta-i-suoi-prodotti-a-madrid-e-barcellona\/\" \/>\n<meta property=\"og:site_name\" content=\"Italcamara\" \/>\n<meta property=\"article:published_time\" content=\"2020-02-17T09:23:06+00:00\" \/>\n<meta property=\"article:modified_time\" content=\"2025-03-30T12:04:21+00:00\" \/>\n<meta property=\"og:image\" content=\"https:\/\/italcamara-es.com\/wp-content\/uploads\/2025\/03\/eeqf.jpg\" \/>\n\t<meta property=\"og:image:width\" content=\"500\" \/>\n\t<meta property=\"og:image:height\" content=\"280\" \/>\n\t<meta property=\"og:image:type\" content=\"image\/jpeg\" \/>\n<meta name=\"author\" content=\"administrador\" \/>\n<meta name=\"twitter:card\" content=\"summary_large_image\" \/>\n<meta name=\"twitter:label1\" content=\"Scritto da\" \/>\n\t<meta name=\"twitter:data1\" content=\"administrador\" \/>\n\t<meta name=\"twitter:label2\" content=\"Tempo di lettura stimato\" \/>\n\t<meta name=\"twitter:data2\" content=\"5 minuti\" \/>\n<script type=\"application\/ld+json\" class=\"yoast-schema-graph\">{\"@context\":\"https:\\\/\\\/schema.org\",\"@graph\":[{\"@type\":\"Article\",\"@id\":\"https:\\\/\\\/italcamara-es.com\\\/it\\\/notizie\\\/enjoy-european-quality-food-presenta-i-suoi-prodotti-a-madrid-e-barcellona\\\/#article\",\"isPartOf\":{\"@id\":\"https:\\\/\\\/italcamara-es.com\\\/it\\\/notizie\\\/enjoy-european-quality-food-presenta-i-suoi-prodotti-a-madrid-e-barcellona\\\/\"},\"author\":{\"name\":\"administrador\",\"@id\":\"https:\\\/\\\/italcamara-es.com\\\/#\\\/schema\\\/person\\\/bb3c56263e405bbd9a15171dcfee93bb\"},\"headline\":\"Enjoy European Quality Food presenta i suoi prodotti a Madrid e Barcellona\",\"datePublished\":\"2020-02-17T09:23:06+00:00\",\"dateModified\":\"2025-03-30T12:04:21+00:00\",\"mainEntityOfPage\":{\"@id\":\"https:\\\/\\\/italcamara-es.com\\\/it\\\/notizie\\\/enjoy-european-quality-food-presenta-i-suoi-prodotti-a-madrid-e-barcellona\\\/\"},\"wordCount\":1084,\"commentCount\":0,\"image\":{\"@id\":\"https:\\\/\\\/italcamara-es.com\\\/it\\\/notizie\\\/enjoy-european-quality-food-presenta-i-suoi-prodotti-a-madrid-e-barcellona\\\/#primaryimage\"},\"thumbnailUrl\":\"https:\\\/\\\/italcamara-es.com\\\/wp-content\\\/uploads\\\/2025\\\/03\\\/eeqf.jpg\",\"keywords\":[\"Notizie di la CCIS\",\"Notizie di Mercato\"],\"articleSection\":[\"Notizie\"],\"inLanguage\":\"it-IT\",\"potentialAction\":[{\"@type\":\"CommentAction\",\"name\":\"Comment\",\"target\":[\"https:\\\/\\\/italcamara-es.com\\\/it\\\/notizie\\\/enjoy-european-quality-food-presenta-i-suoi-prodotti-a-madrid-e-barcellona\\\/#respond\"]}]},{\"@type\":\"WebPage\",\"@id\":\"https:\\\/\\\/italcamara-es.com\\\/it\\\/notizie\\\/enjoy-european-quality-food-presenta-i-suoi-prodotti-a-madrid-e-barcellona\\\/\",\"url\":\"https:\\\/\\\/italcamara-es.com\\\/it\\\/notizie\\\/enjoy-european-quality-food-presenta-i-suoi-prodotti-a-madrid-e-barcellona\\\/\",\"name\":\"Enjoy European Quality Food presenta i suoi prodotti a Madrid e Barcellona - Italcamara\",\"isPartOf\":{\"@id\":\"https:\\\/\\\/italcamara-es.com\\\/#website\"},\"primaryImageOfPage\":{\"@id\":\"https:\\\/\\\/italcamara-es.com\\\/it\\\/notizie\\\/enjoy-european-quality-food-presenta-i-suoi-prodotti-a-madrid-e-barcellona\\\/#primaryimage\"},\"image\":{\"@id\":\"https:\\\/\\\/italcamara-es.com\\\/it\\\/notizie\\\/enjoy-european-quality-food-presenta-i-suoi-prodotti-a-madrid-e-barcellona\\\/#primaryimage\"},\"thumbnailUrl\":\"https:\\\/\\\/italcamara-es.com\\\/wp-content\\\/uploads\\\/2025\\\/03\\\/eeqf.jpg\",\"datePublished\":\"2020-02-17T09:23:06+00:00\",\"dateModified\":\"2025-03-30T12:04:21+00:00\",\"author\":{\"@id\":\"https:\\\/\\\/italcamara-es.com\\\/#\\\/schema\\\/person\\\/bb3c56263e405bbd9a15171dcfee93bb\"},\"breadcrumb\":{\"@id\":\"https:\\\/\\\/italcamara-es.com\\\/it\\\/notizie\\\/enjoy-european-quality-food-presenta-i-suoi-prodotti-a-madrid-e-barcellona\\\/#breadcrumb\"},\"inLanguage\":\"it-IT\",\"potentialAction\":[{\"@type\":\"ReadAction\",\"target\":[\"https:\\\/\\\/italcamara-es.com\\\/it\\\/notizie\\\/enjoy-european-quality-food-presenta-i-suoi-prodotti-a-madrid-e-barcellona\\\/\"]}]},{\"@type\":\"ImageObject\",\"inLanguage\":\"it-IT\",\"@id\":\"https:\\\/\\\/italcamara-es.com\\\/it\\\/notizie\\\/enjoy-european-quality-food-presenta-i-suoi-prodotti-a-madrid-e-barcellona\\\/#primaryimage\",\"url\":\"https:\\\/\\\/italcamara-es.com\\\/wp-content\\\/uploads\\\/2025\\\/03\\\/eeqf.jpg\",\"contentUrl\":\"https:\\\/\\\/italcamara-es.com\\\/wp-content\\\/uploads\\\/2025\\\/03\\\/eeqf.jpg\",\"width\":500,\"height\":280},{\"@type\":\"BreadcrumbList\",\"@id\":\"https:\\\/\\\/italcamara-es.com\\\/it\\\/notizie\\\/enjoy-european-quality-food-presenta-i-suoi-prodotti-a-madrid-e-barcellona\\\/#breadcrumb\",\"itemListElement\":[{\"@type\":\"ListItem\",\"position\":1,\"name\":\"Inicio\",\"item\":\"https:\\\/\\\/italcamara-es.com\\\/it\\\/homepage-ita\\\/\"},{\"@type\":\"ListItem\",\"position\":2,\"name\":\"Enjoy European Quality Food presenta i suoi prodotti a Madrid e Barcellona\"}]},{\"@type\":\"WebSite\",\"@id\":\"https:\\\/\\\/italcamara-es.com\\\/#website\",\"url\":\"https:\\\/\\\/italcamara-es.com\\\/\",\"name\":\"Italcamara\",\"description\":\"\",\"potentialAction\":[{\"@type\":\"SearchAction\",\"target\":{\"@type\":\"EntryPoint\",\"urlTemplate\":\"https:\\\/\\\/italcamara-es.com\\\/?s={search_term_string}\"},\"query-input\":{\"@type\":\"PropertyValueSpecification\",\"valueRequired\":true,\"valueName\":\"search_term_string\"}}],\"inLanguage\":\"it-IT\"},{\"@type\":\"Person\",\"@id\":\"https:\\\/\\\/italcamara-es.com\\\/#\\\/schema\\\/person\\\/bb3c56263e405bbd9a15171dcfee93bb\",\"name\":\"administrador\",\"image\":{\"@type\":\"ImageObject\",\"inLanguage\":\"it-IT\",\"@id\":\"https:\\\/\\\/secure.gravatar.com\\\/avatar\\\/14b5e63db38320b12031bb28cf9f77e210aa71fb3a8a3602a3c9a05134fa75eb?s=96&d=mm&r=g\",\"url\":\"https:\\\/\\\/secure.gravatar.com\\\/avatar\\\/14b5e63db38320b12031bb28cf9f77e210aa71fb3a8a3602a3c9a05134fa75eb?s=96&d=mm&r=g\",\"contentUrl\":\"https:\\\/\\\/secure.gravatar.com\\\/avatar\\\/14b5e63db38320b12031bb28cf9f77e210aa71fb3a8a3602a3c9a05134fa75eb?s=96&d=mm&r=g\",\"caption\":\"administrador\"},\"sameAs\":[\"http:\\\/\\\/pre.italcamara-es.com\"],\"url\":\"https:\\\/\\\/italcamara-es.com\\\/it\\\/author\\\/administrador\\\/\"}]}<\/script>\n<!-- \/ Yoast SEO plugin. -->","yoast_head_json":{"title":"Enjoy European Quality Food presenta i suoi prodotti a Madrid e Barcellona - Italcamara","robots":{"index":"index","follow":"follow","max-snippet":"max-snippet:-1","max-image-preview":"max-image-preview:large","max-video-preview":"max-video-preview:-1"},"canonical":"https:\/\/italcamara-es.com\/it\/notizie\/enjoy-european-quality-food-presenta-i-suoi-prodotti-a-madrid-e-barcellona\/","og_locale":"it_IT","og_type":"article","og_title":"Enjoy European Quality Food presenta i suoi prodotti a Madrid e Barcellona - Italcamara","og_description":"Con l\u2019obiettivo di diffondere e valorizzare alcuni tra i migliori prodotti della gastronomia italiana a Denominazione d\u2019Origine, Indicazione Geografica Protetta e Specialit\u00e0 Tradizionale Garantit\u00e0, verr\u00e0 proposta una serie di attivit\u00e0 tra la capitale spagnola e il capoluogo catalano attraverso l\u2019iniziativa Enjoy European Quality Food (EEQF), che avranno inizio verso la met\u00e0 di febbraio e si [&hellip;]","og_url":"https:\/\/italcamara-es.com\/it\/notizie\/enjoy-european-quality-food-presenta-i-suoi-prodotti-a-madrid-e-barcellona\/","og_site_name":"Italcamara","article_published_time":"2020-02-17T09:23:06+00:00","article_modified_time":"2025-03-30T12:04:21+00:00","og_image":[{"width":500,"height":280,"url":"https:\/\/italcamara-es.com\/wp-content\/uploads\/2025\/03\/eeqf.jpg","type":"image\/jpeg"}],"author":"administrador","twitter_card":"summary_large_image","twitter_misc":{"Scritto da":"administrador","Tempo di lettura stimato":"5 minuti"},"schema":{"@context":"https:\/\/schema.org","@graph":[{"@type":"Article","@id":"https:\/\/italcamara-es.com\/it\/notizie\/enjoy-european-quality-food-presenta-i-suoi-prodotti-a-madrid-e-barcellona\/#article","isPartOf":{"@id":"https:\/\/italcamara-es.com\/it\/notizie\/enjoy-european-quality-food-presenta-i-suoi-prodotti-a-madrid-e-barcellona\/"},"author":{"name":"administrador","@id":"https:\/\/italcamara-es.com\/#\/schema\/person\/bb3c56263e405bbd9a15171dcfee93bb"},"headline":"Enjoy European Quality Food presenta i suoi prodotti a Madrid e Barcellona","datePublished":"2020-02-17T09:23:06+00:00","dateModified":"2025-03-30T12:04:21+00:00","mainEntityOfPage":{"@id":"https:\/\/italcamara-es.com\/it\/notizie\/enjoy-european-quality-food-presenta-i-suoi-prodotti-a-madrid-e-barcellona\/"},"wordCount":1084,"commentCount":0,"image":{"@id":"https:\/\/italcamara-es.com\/it\/notizie\/enjoy-european-quality-food-presenta-i-suoi-prodotti-a-madrid-e-barcellona\/#primaryimage"},"thumbnailUrl":"https:\/\/italcamara-es.com\/wp-content\/uploads\/2025\/03\/eeqf.jpg","keywords":["Notizie di la CCIS","Notizie di Mercato"],"articleSection":["Notizie"],"inLanguage":"it-IT","potentialAction":[{"@type":"CommentAction","name":"Comment","target":["https:\/\/italcamara-es.com\/it\/notizie\/enjoy-european-quality-food-presenta-i-suoi-prodotti-a-madrid-e-barcellona\/#respond"]}]},{"@type":"WebPage","@id":"https:\/\/italcamara-es.com\/it\/notizie\/enjoy-european-quality-food-presenta-i-suoi-prodotti-a-madrid-e-barcellona\/","url":"https:\/\/italcamara-es.com\/it\/notizie\/enjoy-european-quality-food-presenta-i-suoi-prodotti-a-madrid-e-barcellona\/","name":"Enjoy European Quality Food presenta i suoi prodotti a Madrid e Barcellona - Italcamara","isPartOf":{"@id":"https:\/\/italcamara-es.com\/#website"},"primaryImageOfPage":{"@id":"https:\/\/italcamara-es.com\/it\/notizie\/enjoy-european-quality-food-presenta-i-suoi-prodotti-a-madrid-e-barcellona\/#primaryimage"},"image":{"@id":"https:\/\/italcamara-es.com\/it\/notizie\/enjoy-european-quality-food-presenta-i-suoi-prodotti-a-madrid-e-barcellona\/#primaryimage"},"thumbnailUrl":"https:\/\/italcamara-es.com\/wp-content\/uploads\/2025\/03\/eeqf.jpg","datePublished":"2020-02-17T09:23:06+00:00","dateModified":"2025-03-30T12:04:21+00:00","author":{"@id":"https:\/\/italcamara-es.com\/#\/schema\/person\/bb3c56263e405bbd9a15171dcfee93bb"},"breadcrumb":{"@id":"https:\/\/italcamara-es.com\/it\/notizie\/enjoy-european-quality-food-presenta-i-suoi-prodotti-a-madrid-e-barcellona\/#breadcrumb"},"inLanguage":"it-IT","potentialAction":[{"@type":"ReadAction","target":["https:\/\/italcamara-es.com\/it\/notizie\/enjoy-european-quality-food-presenta-i-suoi-prodotti-a-madrid-e-barcellona\/"]}]},{"@type":"ImageObject","inLanguage":"it-IT","@id":"https:\/\/italcamara-es.com\/it\/notizie\/enjoy-european-quality-food-presenta-i-suoi-prodotti-a-madrid-e-barcellona\/#primaryimage","url":"https:\/\/italcamara-es.com\/wp-content\/uploads\/2025\/03\/eeqf.jpg","contentUrl":"https:\/\/italcamara-es.com\/wp-content\/uploads\/2025\/03\/eeqf.jpg","width":500,"height":280},{"@type":"BreadcrumbList","@id":"https:\/\/italcamara-es.com\/it\/notizie\/enjoy-european-quality-food-presenta-i-suoi-prodotti-a-madrid-e-barcellona\/#breadcrumb","itemListElement":[{"@type":"ListItem","position":1,"name":"Inicio","item":"https:\/\/italcamara-es.com\/it\/homepage-ita\/"},{"@type":"ListItem","position":2,"name":"Enjoy European Quality Food presenta i suoi prodotti a Madrid e Barcellona"}]},{"@type":"WebSite","@id":"https:\/\/italcamara-es.com\/#website","url":"https:\/\/italcamara-es.com\/","name":"Italcamara","description":"","potentialAction":[{"@type":"SearchAction","target":{"@type":"EntryPoint","urlTemplate":"https:\/\/italcamara-es.com\/?s={search_term_string}"},"query-input":{"@type":"PropertyValueSpecification","valueRequired":true,"valueName":"search_term_string"}}],"inLanguage":"it-IT"},{"@type":"Person","@id":"https:\/\/italcamara-es.com\/#\/schema\/person\/bb3c56263e405bbd9a15171dcfee93bb","name":"administrador","image":{"@type":"ImageObject","inLanguage":"it-IT","@id":"https:\/\/secure.gravatar.com\/avatar\/14b5e63db38320b12031bb28cf9f77e210aa71fb3a8a3602a3c9a05134fa75eb?s=96&d=mm&r=g","url":"https:\/\/secure.gravatar.com\/avatar\/14b5e63db38320b12031bb28cf9f77e210aa71fb3a8a3602a3c9a05134fa75eb?s=96&d=mm&r=g","contentUrl":"https:\/\/secure.gravatar.com\/avatar\/14b5e63db38320b12031bb28cf9f77e210aa71fb3a8a3602a3c9a05134fa75eb?s=96&d=mm&r=g","caption":"administrador"},"sameAs":["http:\/\/pre.italcamara-es.com"],"url":"https:\/\/italcamara-es.com\/it\/author\/administrador\/"}]}},"rttpg_featured_image_url":{"full":["https:\/\/italcamara-es.com\/wp-content\/uploads\/2025\/03\/eeqf.jpg",500,280,false],"landscape":["https:\/\/italcamara-es.com\/wp-content\/uploads\/2025\/03\/eeqf.jpg",500,280,false],"portraits":["https:\/\/italcamara-es.com\/wp-content\/uploads\/2025\/03\/eeqf.jpg",500,280,false],"thumbnail":["https:\/\/italcamara-es.com\/wp-content\/uploads\/2025\/03\/eeqf-150x150.jpg",150,150,true],"medium":["https:\/\/italcamara-es.com\/wp-content\/uploads\/2025\/03\/eeqf-300x168.jpg",300,168,true],"large":["https:\/\/italcamara-es.com\/wp-content\/uploads\/2025\/03\/eeqf.jpg",500,280,false],"1536x1536":["https:\/\/italcamara-es.com\/wp-content\/uploads\/2025\/03\/eeqf.jpg",500,280,false],"2048x2048":["https:\/\/italcamara-es.com\/wp-content\/uploads\/2025\/03\/eeqf.jpg",500,280,false],"ocean-thumb-m":["https:\/\/italcamara-es.com\/wp-content\/uploads\/2025\/03\/eeqf.jpg",500,280,false],"ocean-thumb-ml":["https:\/\/italcamara-es.com\/wp-content\/uploads\/2025\/03\/eeqf.jpg",500,280,false],"ocean-thumb-l":["https:\/\/italcamara-es.com\/wp-content\/uploads\/2025\/03\/eeqf.jpg",500,280,false],"directorist_preview":["https:\/\/italcamara-es.com\/wp-content\/uploads\/2025\/03\/eeqf.jpg",500,280,false]},"rttpg_author":{"display_name":"administrador","author_link":"https:\/\/italcamara-es.com\/it\/author\/administrador\/"},"rttpg_comment":0,"rttpg_category":"<a href=\"https:\/\/italcamara-es.com\/it\/category\/notizie\/\" rel=\"category tag\">Notizie<\/a>","rttpg_excerpt":"Con l\u2019obiettivo di diffondere e valorizzare alcuni tra i migliori prodotti della gastronomia italiana a Denominazione d\u2019Origine, Indicazione Geografica Protetta e Specialit\u00e0 Tradizionale Garantit\u00e0, verr\u00e0 proposta una serie di attivit\u00e0 tra la capitale spagnola e il capoluogo catalano attraverso l\u2019iniziativa Enjoy European Quality Food (EEQF), che avranno inizio verso la met\u00e0 di febbraio e si&hellip;","_links":{"self":[{"href":"https:\/\/italcamara-es.com\/it\/wp-json\/wp\/v2\/posts\/56196","targetHints":{"allow":["GET"]}}],"collection":[{"href":"https:\/\/italcamara-es.com\/it\/wp-json\/wp\/v2\/posts"}],"about":[{"href":"https:\/\/italcamara-es.com\/it\/wp-json\/wp\/v2\/types\/post"}],"author":[{"embeddable":true,"href":"https:\/\/italcamara-es.com\/it\/wp-json\/wp\/v2\/users\/1"}],"replies":[{"embeddable":true,"href":"https:\/\/italcamara-es.com\/it\/wp-json\/wp\/v2\/comments?post=56196"}],"version-history":[{"count":1,"href":"https:\/\/italcamara-es.com\/it\/wp-json\/wp\/v2\/posts\/56196\/revisions"}],"predecessor-version":[{"id":57146,"href":"https:\/\/italcamara-es.com\/it\/wp-json\/wp\/v2\/posts\/56196\/revisions\/57146"}],"wp:featuredmedia":[{"embeddable":true,"href":"https:\/\/italcamara-es.com\/it\/wp-json\/wp\/v2\/media\/53829"}],"wp:attachment":[{"href":"https:\/\/italcamara-es.com\/it\/wp-json\/wp\/v2\/media?parent=56196"}],"wp:term":[{"taxonomy":"category","embeddable":true,"href":"https:\/\/italcamara-es.com\/it\/wp-json\/wp\/v2\/categories?post=56196"},{"taxonomy":"post_tag","embeddable":true,"href":"https:\/\/italcamara-es.com\/it\/wp-json\/wp\/v2\/tags?post=56196"}],"curies":[{"name":"wp","href":"https:\/\/api.w.org\/{rel}","templated":true}]}}