	{"id":56236,"date":"2020-12-02T15:05:33","date_gmt":"2020-12-02T14:05:33","guid":{"rendered":"http:\/\/pre.italcamara-es.com\/senza-categoria\/riunione-del-consiglio-direttivo-e-assemblea-generale-dei-soci-della-ccis\/"},"modified":"2020-12-02T15:05:33","modified_gmt":"2020-12-02T14:05:33","slug":"riunione-del-consiglio-direttivo-e-assemblea-generale-dei-soci-della-ccis","status":"publish","type":"post","link":"https:\/\/italcamara-es.com\/it\/notizie\/riunione-del-consiglio-direttivo-e-assemblea-generale-dei-soci-della-ccis\/","title":{"rendered":"Riunione del Consiglio Direttivo e Assemblea Generale dei soci della CCIS"},"content":{"rendered":"\n<p>Il 30 novembre si sono tenute in teleconferenza la riunione del Consiglio Direttivo e quella dell&#8217;Assemblea Generale dei soci della Camera di Commercio e Industria Italiana per la Spagna (CCIS).<\/p>\n\n\n\n<p>Tra i partecipanti, da segnalare la presenza dell&#8217;Ambasciatore d&#8217;Italia in Spagna, <strong>Riccardo Guariglia<\/strong>, del Presidente della CCIS, <strong>Marco Pizzi<\/strong>, del Segretario Generale, <strong>Giovanni Aric\u00f2,<\/strong> del Consigliere Economico e Commerciale uscente dell&#8217;Ambasciata d&#8217;Italia, <strong>Simone Turchetta<\/strong> e di quello di nuova nomina, <strong>Roberto Nocella<\/strong>.<\/p>\n\n\n\n<p>Dopo il saluto di benvenuto del Presidente Pizzi, l&#8217;Ambasciatore Guariglia ha preso la parola sottolineando l&#8217;importante lavoro svolto dalla Camera nelle relazioni tra Spagna e Italia. Ha anche colto l&#8217;occasione per informare i partecipanti sul successo del XIX Vertice Intergovernativo Italia-Spagna, tenutosi a Palma di Maiorca il 25 novembre scorso e che ha confermato la grande sintonia politica tra i due Paesi.<\/p>\n\n\n\n<p>Successivamente, il Segretario Generale Aric\u00f2 ha proceduto a illustrare ai partecipanti le attivit\u00e0 pi\u00f9 rilevanti che si sono svolte nel corso dell&#8217;esercizio 2019, tra cui la celebrazione della XXIII edizione del Premio Tiepolo, il grande successo della manifestazione Passione Italia 2019, e le attivit\u00e0 realizzate nelle aree dell&#8217;Informazione, Assistenza alle Imprese, Formazione e Promozione.<\/p>\n\n\n\n<p>Aric\u00f2 ha inoltre presentato le iniziative svolte nell&#8217;anno in corso, sottolineando il <strong>duro impatto<\/strong> che la <strong>crisi sanitaria <\/strong>del COVID-19 ha avuto sull&#8217;attivit\u00e0 della Camera a partire dalla seconda met\u00e0 di marzo, a causa della quale sono stati cancellati importanti iniziative gi\u00e0 programmate, tra cui la gestione degli spazi espositivi nelle principali fiere agroalimentari e dell&#8217;artigianato in Spagna e in Italia, l&#8217;organizzazione e gestione di progetti di <em>work experience<\/em> per giovani studenti italiani e spagnoli, il grande evento Passione Italia per la promozione del <em>Made in Italy <\/em>in Spagna e la cerimonia di consegna del Premio Tiepolo. <\/p>\n\n\n\n<p>Tuttavia, la Camera ha concentrato i suoi sforzi sulla gestione di diversi progetti e attivit\u00e0 online. In questo senso, Aric\u00f2 ha sottolineato l&#8217;organizzazione del <a rel=\"noreferrer noopener\" aria-label=\"ciclo di webinar CCIS-Covid 19 (opens in a new tab)\" href=\"https:\/\/www.italcamara-es.com\/it\/ciclo-de-webinar-ccis\/\" target=\"_blank\">ciclo di webinar CCIS-Covid 19<\/a>, con l&#8217;obiettivo di dare risposta alle richieste informative di aziende e professionisti alla luce della situazione di emergenza sanitaria, la gestione dei progetti <a rel=\"noreferrer noopener\" aria-label=\"Rosso Calabria (opens in a new tab)\" href=\"https:\/\/www.rossocalabria.es\/\" target=\"_blank\"><em>Rosso Calabria<\/em><\/a>, <a rel=\"noreferrer noopener\" aria-label=\"True Italian Taste (opens in a new tab)\" href=\"https:\/\/www.100autentico.es\/\" target=\"_blank\">True Italian Taste<\/a>, <a rel=\"noreferrer noopener\" aria-label=\"SCoopConSS  (opens in a new tab)\" href=\"https:\/\/www.italcamara-es.com\/it\/social-cooperative-contest-for-secondary-schools-scoopconss\/\" target=\"_blank\"><em>SCoopConSS <\/em><\/a>e <a rel=\"noreferrer noopener\" aria-label=\"Being a female Entrepreneur (opens in a new tab)\" href=\"https:\/\/www.italcamara-es.com\/it\/being-a-female-entrepreneur-2\/\" target=\"_blank\"><em>Being a Female Entrepreneur<\/em><\/a> (gli ultimi due co-finanziati dalla Commissione Europea) e le attivit\u00e0 di consulenza e assistenza alle aziende, comprese quelle svolte nell&#8217;ambito del progetto <a rel=\"noreferrer noopener\" aria-label=\"Stay Export (opens in a new tab)\" href=\"https:\/\/www.italcamara-es.com\/it\/stay-export\/\" target=\"_blank\"><em>Stay Export<\/em><\/a>, finanziato da Unioncamere e dedicato alle PMI italiane interessate ad espandere la propria attivit\u00e0 nel mercato spagnolo.<\/p>\n\n\n\n<p>Durante l&#8217;Assemblea Generale dei soci \u00e8 stato anche esaminato ed approvato il conto economico relativo all&#8217;esercizio 2019.<\/p>\n\n\n\n<p>Prima di concludere gli incontri, il Presidente Pizzi ha voluto ringraziare tutti i soci ed i consiglieri per il sostegno ricevuto dalla Camera in questi ultimi e complicati mesi, augurando a tutti un ritorno alla normalit\u00e0 a partire dal prossimo anno.<\/p>\n","protected":false},"excerpt":{"rendered":"<p>Il 30 novembre si sono tenute in teleconferenza la riunione del Consiglio Direttivo e quella dell&#8217;Assemblea Generale dei soci della Camera di Commercio e Industria Italiana per la Spagna (CCIS). Tra i partecipanti, da segnalare la presenza dell&#8217;Ambasciatore d&#8217;Italia in Spagna, Riccardo Guariglia, del Presidente della CCIS, Marco Pizzi, del Segretario Generale, Giovanni Aric\u00f2, del [&hellip;]<\/p>\n","protected":false},"author":1,"featured_media":54899,"comment_status":"open","ping_status":"open","sticky":false,"template":"","format":"standard","meta":{"inline_featured_image":false,"ocean_post_layout":"","ocean_both_sidebars_style":"","ocean_both_sidebars_content_width":0,"ocean_both_sidebars_sidebars_width":0,"ocean_sidebar":"","ocean_second_sidebar":"","ocean_disable_margins":"enable","ocean_add_body_class":"","ocean_shortcode_before_top_bar":"","ocean_shortcode_after_top_bar":"","ocean_shortcode_before_header":"","ocean_shortcode_after_header":"","ocean_has_shortcode":"","ocean_shortcode_after_title":"","ocean_shortcode_before_footer_widgets":"","ocean_shortcode_after_footer_widgets":"","ocean_shortcode_before_footer_bottom":"","ocean_shortcode_after_footer_bottom":"","ocean_display_top_bar":"default","ocean_display_header":"default","ocean_header_style":"","ocean_center_header_left_menu":"","ocean_custom_header_template":"","ocean_custom_logo":0,"ocean_custom_retina_logo":0,"ocean_custom_logo_max_width":0,"ocean_custom_logo_tablet_max_width":0,"ocean_custom_logo_mobile_max_width":0,"ocean_custom_logo_max_height":0,"ocean_custom_logo_tablet_max_height":0,"ocean_custom_logo_mobile_max_height":0,"ocean_header_custom_menu":"","ocean_menu_typo_font_family":"","ocean_menu_typo_font_subset":"","ocean_menu_typo_font_size":0,"ocean_menu_typo_font_size_tablet":0,"ocean_menu_typo_font_size_mobile":0,"ocean_menu_typo_font_size_unit":"px","ocean_menu_typo_font_weight":"","ocean_menu_typo_font_weight_tablet":"","ocean_menu_typo_font_weight_mobile":"","ocean_menu_typo_transform":"","ocean_menu_typo_transform_tablet":"","ocean_menu_typo_transform_mobile":"","ocean_menu_typo_line_height":0,"ocean_menu_typo_line_height_tablet":0,"ocean_menu_typo_line_height_mobile":0,"ocean_menu_typo_line_height_unit":"","ocean_menu_typo_spacing":0,"ocean_menu_typo_spacing_tablet":0,"ocean_menu_typo_spacing_mobile":0,"ocean_menu_typo_spacing_unit":"","ocean_menu_link_color":"","ocean_menu_link_color_hover":"","ocean_menu_link_color_active":"","ocean_menu_link_background":"","ocean_menu_link_hover_background":"","ocean_menu_link_active_background":"","ocean_menu_social_links_bg":"","ocean_menu_social_hover_links_bg":"","ocean_menu_social_links_color":"","ocean_menu_social_hover_links_color":"","ocean_disable_title":"default","ocean_disable_heading":"default","ocean_post_title":"","ocean_post_subheading":"","ocean_post_title_style":"","ocean_post_title_background_color":"","ocean_post_title_background":0,"ocean_post_title_bg_image_position":"","ocean_post_title_bg_image_attachment":"","ocean_post_title_bg_image_repeat":"","ocean_post_title_bg_image_size":"","ocean_post_title_height":0,"ocean_post_title_bg_overlay":0.5,"ocean_post_title_bg_overlay_color":"","ocean_disable_breadcrumbs":"default","ocean_breadcrumbs_color":"","ocean_breadcrumbs_separator_color":"","ocean_breadcrumbs_links_color":"","ocean_breadcrumbs_links_hover_color":"","ocean_display_footer_widgets":"default","ocean_display_footer_bottom":"default","ocean_custom_footer_template":"","ocean_post_oembed":"","ocean_post_self_hosted_media":"","ocean_post_video_embed":"","ocean_link_format":"","ocean_link_format_target":"self","ocean_quote_format":"","ocean_quote_format_link":"post","ocean_gallery_link_images":"on","ocean_gallery_id":[],"footnotes":""},"categories":[133],"tags":[139],"class_list":["post-56236","post","type-post","status-publish","format-standard","has-post-thumbnail","hentry","category-notizie","tag-notizie-di-la-ccis","entry","has-media"],"yoast_head":"<!-- This site is optimized with the Yoast SEO plugin v27.5 - https:\/\/yoast.com\/product\/yoast-seo-wordpress\/ -->\n<title>Riunione del Consiglio Direttivo e Assemblea Generale dei soci della CCIS - Italcamara<\/title>\n<meta name=\"robots\" content=\"index, follow, max-snippet:-1, max-image-preview:large, max-video-preview:-1\" \/>\n<link rel=\"canonical\" href=\"https:\/\/italcamara-es.com\/it\/notizie\/riunione-del-consiglio-direttivo-e-assemblea-generale-dei-soci-della-ccis\/\" \/>\n<meta property=\"og:locale\" content=\"it_IT\" \/>\n<meta property=\"og:type\" content=\"article\" \/>\n<meta property=\"og:title\" content=\"Riunione del Consiglio Direttivo e Assemblea Generale dei soci della CCIS - Italcamara\" \/>\n<meta property=\"og:description\" content=\"Il 30 novembre si sono tenute in teleconferenza la riunione del Consiglio Direttivo e quella dell&#8217;Assemblea Generale dei soci della Camera di Commercio e Industria Italiana per la Spagna (CCIS). Tra i partecipanti, da segnalare la presenza dell&#8217;Ambasciatore d&#8217;Italia in Spagna, Riccardo Guariglia, del Presidente della CCIS, Marco Pizzi, del Segretario Generale, Giovanni Aric\u00f2, del [&hellip;]\" \/>\n<meta property=\"og:url\" content=\"https:\/\/italcamara-es.com\/it\/notizie\/riunione-del-consiglio-direttivo-e-assemblea-generale-dei-soci-della-ccis\/\" \/>\n<meta property=\"og:site_name\" content=\"Italcamara\" \/>\n<meta property=\"article:published_time\" content=\"2020-12-02T14:05:33+00:00\" \/>\n<meta property=\"og:image\" content=\"https:\/\/italcamara-es.com\/wp-content\/uploads\/2025\/03\/logo-CCIS-Asambleea.jpg\" \/>\n\t<meta property=\"og:image:width\" content=\"500\" \/>\n\t<meta property=\"og:image:height\" content=\"280\" \/>\n\t<meta property=\"og:image:type\" content=\"image\/jpeg\" \/>\n<meta name=\"author\" content=\"administrador\" \/>\n<meta name=\"twitter:card\" content=\"summary_large_image\" \/>\n<meta name=\"twitter:label1\" content=\"Scritto da\" \/>\n\t<meta name=\"twitter:data1\" content=\"administrador\" \/>\n\t<meta name=\"twitter:label2\" content=\"Tempo di lettura stimato\" \/>\n\t<meta name=\"twitter:data2\" content=\"2 minuti\" \/>\n<script type=\"application\/ld+json\" class=\"yoast-schema-graph\">{\"@context\":\"https:\\\/\\\/schema.org\",\"@graph\":[{\"@type\":\"Article\",\"@id\":\"https:\\\/\\\/italcamara-es.com\\\/it\\\/notizie\\\/riunione-del-consiglio-direttivo-e-assemblea-generale-dei-soci-della-ccis\\\/#article\",\"isPartOf\":{\"@id\":\"https:\\\/\\\/italcamara-es.com\\\/it\\\/notizie\\\/riunione-del-consiglio-direttivo-e-assemblea-generale-dei-soci-della-ccis\\\/\"},\"author\":{\"name\":\"administrador\",\"@id\":\"https:\\\/\\\/italcamara-es.com\\\/#\\\/schema\\\/person\\\/bb3c56263e405bbd9a15171dcfee93bb\"},\"headline\":\"Riunione del Consiglio Direttivo e Assemblea Generale dei soci della CCIS\",\"datePublished\":\"2020-12-02T14:05:33+00:00\",\"mainEntityOfPage\":{\"@id\":\"https:\\\/\\\/italcamara-es.com\\\/it\\\/notizie\\\/riunione-del-consiglio-direttivo-e-assemblea-generale-dei-soci-della-ccis\\\/\"},\"wordCount\":470,\"commentCount\":0,\"image\":{\"@id\":\"https:\\\/\\\/italcamara-es.com\\\/it\\\/notizie\\\/riunione-del-consiglio-direttivo-e-assemblea-generale-dei-soci-della-ccis\\\/#primaryimage\"},\"thumbnailUrl\":\"https:\\\/\\\/italcamara-es.com\\\/wp-content\\\/uploads\\\/2025\\\/03\\\/logo-CCIS-Asambleea.jpg\",\"keywords\":[\"Notizie di la CCIS\"],\"articleSection\":[\"Notizie\"],\"inLanguage\":\"it-IT\",\"potentialAction\":[{\"@type\":\"CommentAction\",\"name\":\"Comment\",\"target\":[\"https:\\\/\\\/italcamara-es.com\\\/it\\\/notizie\\\/riunione-del-consiglio-direttivo-e-assemblea-generale-dei-soci-della-ccis\\\/#respond\"]}]},{\"@type\":\"WebPage\",\"@id\":\"https:\\\/\\\/italcamara-es.com\\\/it\\\/notizie\\\/riunione-del-consiglio-direttivo-e-assemblea-generale-dei-soci-della-ccis\\\/\",\"url\":\"https:\\\/\\\/italcamara-es.com\\\/it\\\/notizie\\\/riunione-del-consiglio-direttivo-e-assemblea-generale-dei-soci-della-ccis\\\/\",\"name\":\"Riunione del Consiglio Direttivo e Assemblea Generale dei soci della CCIS - Italcamara\",\"isPartOf\":{\"@id\":\"https:\\\/\\\/italcamara-es.com\\\/#website\"},\"primaryImageOfPage\":{\"@id\":\"https:\\\/\\\/italcamara-es.com\\\/it\\\/notizie\\\/riunione-del-consiglio-direttivo-e-assemblea-generale-dei-soci-della-ccis\\\/#primaryimage\"},\"image\":{\"@id\":\"https:\\\/\\\/italcamara-es.com\\\/it\\\/notizie\\\/riunione-del-consiglio-direttivo-e-assemblea-generale-dei-soci-della-ccis\\\/#primaryimage\"},\"thumbnailUrl\":\"https:\\\/\\\/italcamara-es.com\\\/wp-content\\\/uploads\\\/2025\\\/03\\\/logo-CCIS-Asambleea.jpg\",\"datePublished\":\"2020-12-02T14:05:33+00:00\",\"author\":{\"@id\":\"https:\\\/\\\/italcamara-es.com\\\/#\\\/schema\\\/person\\\/bb3c56263e405bbd9a15171dcfee93bb\"},\"breadcrumb\":{\"@id\":\"https:\\\/\\\/italcamara-es.com\\\/it\\\/notizie\\\/riunione-del-consiglio-direttivo-e-assemblea-generale-dei-soci-della-ccis\\\/#breadcrumb\"},\"inLanguage\":\"it-IT\",\"potentialAction\":[{\"@type\":\"ReadAction\",\"target\":[\"https:\\\/\\\/italcamara-es.com\\\/it\\\/notizie\\\/riunione-del-consiglio-direttivo-e-assemblea-generale-dei-soci-della-ccis\\\/\"]}]},{\"@type\":\"ImageObject\",\"inLanguage\":\"it-IT\",\"@id\":\"https:\\\/\\\/italcamara-es.com\\\/it\\\/notizie\\\/riunione-del-consiglio-direttivo-e-assemblea-generale-dei-soci-della-ccis\\\/#primaryimage\",\"url\":\"https:\\\/\\\/italcamara-es.com\\\/wp-content\\\/uploads\\\/2025\\\/03\\\/logo-CCIS-Asambleea.jpg\",\"contentUrl\":\"https:\\\/\\\/italcamara-es.com\\\/wp-content\\\/uploads\\\/2025\\\/03\\\/logo-CCIS-Asambleea.jpg\",\"width\":500,\"height\":280},{\"@type\":\"BreadcrumbList\",\"@id\":\"https:\\\/\\\/italcamara-es.com\\\/it\\\/notizie\\\/riunione-del-consiglio-direttivo-e-assemblea-generale-dei-soci-della-ccis\\\/#breadcrumb\",\"itemListElement\":[{\"@type\":\"ListItem\",\"position\":1,\"name\":\"Inicio\",\"item\":\"https:\\\/\\\/italcamara-es.com\\\/\"},{\"@type\":\"ListItem\",\"position\":2,\"name\":\"Riunione del Consiglio Direttivo e Assemblea Generale dei soci della CCIS\"}]},{\"@type\":\"WebSite\",\"@id\":\"https:\\\/\\\/italcamara-es.com\\\/#website\",\"url\":\"https:\\\/\\\/italcamara-es.com\\\/\",\"name\":\"Italcamara\",\"description\":\"\",\"potentialAction\":[{\"@type\":\"SearchAction\",\"target\":{\"@type\":\"EntryPoint\",\"urlTemplate\":\"https:\\\/\\\/italcamara-es.com\\\/?s={search_term_string}\"},\"query-input\":{\"@type\":\"PropertyValueSpecification\",\"valueRequired\":true,\"valueName\":\"search_term_string\"}}],\"inLanguage\":\"it-IT\"},{\"@type\":\"Person\",\"@id\":\"https:\\\/\\\/italcamara-es.com\\\/#\\\/schema\\\/person\\\/bb3c56263e405bbd9a15171dcfee93bb\",\"name\":\"administrador\",\"image\":{\"@type\":\"ImageObject\",\"inLanguage\":\"it-IT\",\"@id\":\"https:\\\/\\\/secure.gravatar.com\\\/avatar\\\/14b5e63db38320b12031bb28cf9f77e210aa71fb3a8a3602a3c9a05134fa75eb?s=96&d=mm&r=g\",\"url\":\"https:\\\/\\\/secure.gravatar.com\\\/avatar\\\/14b5e63db38320b12031bb28cf9f77e210aa71fb3a8a3602a3c9a05134fa75eb?s=96&d=mm&r=g\",\"contentUrl\":\"https:\\\/\\\/secure.gravatar.com\\\/avatar\\\/14b5e63db38320b12031bb28cf9f77e210aa71fb3a8a3602a3c9a05134fa75eb?s=96&d=mm&r=g\",\"caption\":\"administrador\"},\"sameAs\":[\"http:\\\/\\\/pre.italcamara-es.com\"],\"url\":\"https:\\\/\\\/italcamara-es.com\\\/it\\\/author\\\/administrador\\\/\"}]}<\/script>\n<!-- \/ Yoast SEO plugin. -->","yoast_head_json":{"title":"Riunione del Consiglio Direttivo e Assemblea Generale dei soci della CCIS - Italcamara","robots":{"index":"index","follow":"follow","max-snippet":"max-snippet:-1","max-image-preview":"max-image-preview:large","max-video-preview":"max-video-preview:-1"},"canonical":"https:\/\/italcamara-es.com\/it\/notizie\/riunione-del-consiglio-direttivo-e-assemblea-generale-dei-soci-della-ccis\/","og_locale":"it_IT","og_type":"article","og_title":"Riunione del Consiglio Direttivo e Assemblea Generale dei soci della CCIS - Italcamara","og_description":"Il 30 novembre si sono tenute in teleconferenza la riunione del Consiglio Direttivo e quella dell&#8217;Assemblea Generale dei soci della Camera di Commercio e Industria Italiana per la Spagna (CCIS). Tra i partecipanti, da segnalare la presenza dell&#8217;Ambasciatore d&#8217;Italia in Spagna, Riccardo Guariglia, del Presidente della CCIS, Marco Pizzi, del Segretario Generale, Giovanni Aric\u00f2, del [&hellip;]","og_url":"https:\/\/italcamara-es.com\/it\/notizie\/riunione-del-consiglio-direttivo-e-assemblea-generale-dei-soci-della-ccis\/","og_site_name":"Italcamara","article_published_time":"2020-12-02T14:05:33+00:00","og_image":[{"width":500,"height":280,"url":"https:\/\/italcamara-es.com\/wp-content\/uploads\/2025\/03\/logo-CCIS-Asambleea.jpg","type":"image\/jpeg"}],"author":"administrador","twitter_card":"summary_large_image","twitter_misc":{"Scritto da":"administrador","Tempo di lettura stimato":"2 minuti"},"schema":{"@context":"https:\/\/schema.org","@graph":[{"@type":"Article","@id":"https:\/\/italcamara-es.com\/it\/notizie\/riunione-del-consiglio-direttivo-e-assemblea-generale-dei-soci-della-ccis\/#article","isPartOf":{"@id":"https:\/\/italcamara-es.com\/it\/notizie\/riunione-del-consiglio-direttivo-e-assemblea-generale-dei-soci-della-ccis\/"},"author":{"name":"administrador","@id":"https:\/\/italcamara-es.com\/#\/schema\/person\/bb3c56263e405bbd9a15171dcfee93bb"},"headline":"Riunione del Consiglio Direttivo e Assemblea Generale dei soci della CCIS","datePublished":"2020-12-02T14:05:33+00:00","mainEntityOfPage":{"@id":"https:\/\/italcamara-es.com\/it\/notizie\/riunione-del-consiglio-direttivo-e-assemblea-generale-dei-soci-della-ccis\/"},"wordCount":470,"commentCount":0,"image":{"@id":"https:\/\/italcamara-es.com\/it\/notizie\/riunione-del-consiglio-direttivo-e-assemblea-generale-dei-soci-della-ccis\/#primaryimage"},"thumbnailUrl":"https:\/\/italcamara-es.com\/wp-content\/uploads\/2025\/03\/logo-CCIS-Asambleea.jpg","keywords":["Notizie di la CCIS"],"articleSection":["Notizie"],"inLanguage":"it-IT","potentialAction":[{"@type":"CommentAction","name":"Comment","target":["https:\/\/italcamara-es.com\/it\/notizie\/riunione-del-consiglio-direttivo-e-assemblea-generale-dei-soci-della-ccis\/#respond"]}]},{"@type":"WebPage","@id":"https:\/\/italcamara-es.com\/it\/notizie\/riunione-del-consiglio-direttivo-e-assemblea-generale-dei-soci-della-ccis\/","url":"https:\/\/italcamara-es.com\/it\/notizie\/riunione-del-consiglio-direttivo-e-assemblea-generale-dei-soci-della-ccis\/","name":"Riunione del Consiglio Direttivo e Assemblea Generale dei soci della CCIS - Italcamara","isPartOf":{"@id":"https:\/\/italcamara-es.com\/#website"},"primaryImageOfPage":{"@id":"https:\/\/italcamara-es.com\/it\/notizie\/riunione-del-consiglio-direttivo-e-assemblea-generale-dei-soci-della-ccis\/#primaryimage"},"image":{"@id":"https:\/\/italcamara-es.com\/it\/notizie\/riunione-del-consiglio-direttivo-e-assemblea-generale-dei-soci-della-ccis\/#primaryimage"},"thumbnailUrl":"https:\/\/italcamara-es.com\/wp-content\/uploads\/2025\/03\/logo-CCIS-Asambleea.jpg","datePublished":"2020-12-02T14:05:33+00:00","author":{"@id":"https:\/\/italcamara-es.com\/#\/schema\/person\/bb3c56263e405bbd9a15171dcfee93bb"},"breadcrumb":{"@id":"https:\/\/italcamara-es.com\/it\/notizie\/riunione-del-consiglio-direttivo-e-assemblea-generale-dei-soci-della-ccis\/#breadcrumb"},"inLanguage":"it-IT","potentialAction":[{"@type":"ReadAction","target":["https:\/\/italcamara-es.com\/it\/notizie\/riunione-del-consiglio-direttivo-e-assemblea-generale-dei-soci-della-ccis\/"]}]},{"@type":"ImageObject","inLanguage":"it-IT","@id":"https:\/\/italcamara-es.com\/it\/notizie\/riunione-del-consiglio-direttivo-e-assemblea-generale-dei-soci-della-ccis\/#primaryimage","url":"https:\/\/italcamara-es.com\/wp-content\/uploads\/2025\/03\/logo-CCIS-Asambleea.jpg","contentUrl":"https:\/\/italcamara-es.com\/wp-content\/uploads\/2025\/03\/logo-CCIS-Asambleea.jpg","width":500,"height":280},{"@type":"BreadcrumbList","@id":"https:\/\/italcamara-es.com\/it\/notizie\/riunione-del-consiglio-direttivo-e-assemblea-generale-dei-soci-della-ccis\/#breadcrumb","itemListElement":[{"@type":"ListItem","position":1,"name":"Inicio","item":"https:\/\/italcamara-es.com\/"},{"@type":"ListItem","position":2,"name":"Riunione del Consiglio Direttivo e Assemblea Generale dei soci della CCIS"}]},{"@type":"WebSite","@id":"https:\/\/italcamara-es.com\/#website","url":"https:\/\/italcamara-es.com\/","name":"Italcamara","description":"","potentialAction":[{"@type":"SearchAction","target":{"@type":"EntryPoint","urlTemplate":"https:\/\/italcamara-es.com\/?s={search_term_string}"},"query-input":{"@type":"PropertyValueSpecification","valueRequired":true,"valueName":"search_term_string"}}],"inLanguage":"it-IT"},{"@type":"Person","@id":"https:\/\/italcamara-es.com\/#\/schema\/person\/bb3c56263e405bbd9a15171dcfee93bb","name":"administrador","image":{"@type":"ImageObject","inLanguage":"it-IT","@id":"https:\/\/secure.gravatar.com\/avatar\/14b5e63db38320b12031bb28cf9f77e210aa71fb3a8a3602a3c9a05134fa75eb?s=96&d=mm&r=g","url":"https:\/\/secure.gravatar.com\/avatar\/14b5e63db38320b12031bb28cf9f77e210aa71fb3a8a3602a3c9a05134fa75eb?s=96&d=mm&r=g","contentUrl":"https:\/\/secure.gravatar.com\/avatar\/14b5e63db38320b12031bb28cf9f77e210aa71fb3a8a3602a3c9a05134fa75eb?s=96&d=mm&r=g","caption":"administrador"},"sameAs":["http:\/\/pre.italcamara-es.com"],"url":"https:\/\/italcamara-es.com\/it\/author\/administrador\/"}]}},"rttpg_featured_image_url":{"full":["https:\/\/italcamara-es.com\/wp-content\/uploads\/2025\/03\/logo-CCIS-Asambleea.jpg",500,280,false],"landscape":["https:\/\/italcamara-es.com\/wp-content\/uploads\/2025\/03\/logo-CCIS-Asambleea.jpg",500,280,false],"portraits":["https:\/\/italcamara-es.com\/wp-content\/uploads\/2025\/03\/logo-CCIS-Asambleea.jpg",500,280,false],"thumbnail":["https:\/\/italcamara-es.com\/wp-content\/uploads\/2025\/03\/logo-CCIS-Asambleea-150x150.jpg",150,150,true],"medium":["https:\/\/italcamara-es.com\/wp-content\/uploads\/2025\/03\/logo-CCIS-Asambleea-300x168.jpg",300,168,true],"large":["https:\/\/italcamara-es.com\/wp-content\/uploads\/2025\/03\/logo-CCIS-Asambleea.jpg",500,280,false],"1536x1536":["https:\/\/italcamara-es.com\/wp-content\/uploads\/2025\/03\/logo-CCIS-Asambleea.jpg",500,280,false],"2048x2048":["https:\/\/italcamara-es.com\/wp-content\/uploads\/2025\/03\/logo-CCIS-Asambleea.jpg",500,280,false],"ocean-thumb-m":["https:\/\/italcamara-es.com\/wp-content\/uploads\/2025\/03\/logo-CCIS-Asambleea.jpg",500,280,false],"ocean-thumb-ml":["https:\/\/italcamara-es.com\/wp-content\/uploads\/2025\/03\/logo-CCIS-Asambleea.jpg",500,280,false],"ocean-thumb-l":["https:\/\/italcamara-es.com\/wp-content\/uploads\/2025\/03\/logo-CCIS-Asambleea.jpg",500,280,false],"directorist_preview":["https:\/\/italcamara-es.com\/wp-content\/uploads\/2025\/03\/logo-CCIS-Asambleea.jpg",500,280,false]},"rttpg_author":{"display_name":"administrador","author_link":"https:\/\/italcamara-es.com\/it\/author\/administrador\/"},"rttpg_comment":0,"rttpg_category":"<a href=\"https:\/\/italcamara-es.com\/it\/category\/notizie\/\" rel=\"category tag\">Notizie<\/a>","rttpg_excerpt":"Il 30 novembre si sono tenute in teleconferenza la riunione del Consiglio Direttivo e quella dell&#8217;Assemblea Generale dei soci della Camera di Commercio e Industria Italiana per la Spagna (CCIS). Tra i partecipanti, da segnalare la presenza dell&#8217;Ambasciatore d&#8217;Italia in Spagna, Riccardo Guariglia, del Presidente della CCIS, Marco Pizzi, del Segretario Generale, Giovanni Aric\u00f2, del&hellip;","_links":{"self":[{"href":"https:\/\/italcamara-es.com\/it\/wp-json\/wp\/v2\/posts\/56236","targetHints":{"allow":["GET"]}}],"collection":[{"href":"https:\/\/italcamara-es.com\/it\/wp-json\/wp\/v2\/posts"}],"about":[{"href":"https:\/\/italcamara-es.com\/it\/wp-json\/wp\/v2\/types\/post"}],"author":[{"embeddable":true,"href":"https:\/\/italcamara-es.com\/it\/wp-json\/wp\/v2\/users\/1"}],"replies":[{"embeddable":true,"href":"https:\/\/italcamara-es.com\/it\/wp-json\/wp\/v2\/comments?post=56236"}],"version-history":[{"count":0,"href":"https:\/\/italcamara-es.com\/it\/wp-json\/wp\/v2\/posts\/56236\/revisions"}],"wp:featuredmedia":[{"embeddable":true,"href":"https:\/\/italcamara-es.com\/it\/wp-json\/wp\/v2\/media\/54899"}],"wp:attachment":[{"href":"https:\/\/italcamara-es.com\/it\/wp-json\/wp\/v2\/media?parent=56236"}],"wp:term":[{"taxonomy":"category","embeddable":true,"href":"https:\/\/italcamara-es.com\/it\/wp-json\/wp\/v2\/categories?post=56236"},{"taxonomy":"post_tag","embeddable":true,"href":"https:\/\/italcamara-es.com\/it\/wp-json\/wp\/v2\/tags?post=56236"}],"curies":[{"name":"wp","href":"https:\/\/api.w.org\/{rel}","templated":true}]}}