	{"id":56244,"date":"2021-02-24T16:18:46","date_gmt":"2021-02-24T15:18:46","guid":{"rendered":"http:\/\/pre.italcamara-es.com\/senza-categoria\/incontro-virtuale-con-la-ministra-spagnola-per-la-transizione-ecologica-teresa-ribera\/"},"modified":"2021-02-24T16:18:46","modified_gmt":"2021-02-24T15:18:46","slug":"incontro-virtuale-con-la-ministra-spagnola-per-la-transizione-ecologica-teresa-ribera","status":"publish","type":"post","link":"https:\/\/italcamara-es.com\/it\/notizie\/incontro-virtuale-con-la-ministra-spagnola-per-la-transizione-ecologica-teresa-ribera\/","title":{"rendered":"Incontro virtuale con la ministra spagnola per la transizione ecologica, Teresa Ribera."},"content":{"rendered":"\n<p>Il prossimo <strong>4 marzo, alle ore 12:00<\/strong>,  si svolger\u00e0 l&#8217;incontro virtuale delle Camere Europee in Spagna con la quarta vicepresidente del Governo spagnolo e ministra per la transizione ecologica e la sfida demografica, <strong>Teresa Ribera<\/strong> e il vicedirettore della Rappresentanza della Commissione Ruropea in Spagna, <strong>Jochen M\u00fcller<\/strong>.<\/p>\n\n\n\n<p>Il webinar, organizzato dalle Camere Europee in Spagna, di cui fa parte la CCIS, mira ad approfondire le priorit\u00e0 del<strong> Patto Verde <\/strong>che dovrebbero ispirare il settore imprenditoriale nelle sue strategie a breve e lungo termine.<\/p>\n\n\n\n<p>Oltre ai suddetti rappresentanti istituzionali, parteciperanno ad una tavola rotonda le aziende associate alle Camere di Commercio Europee in Spagna, leader nel campo della sostenibilit\u00e0.<\/p>\n\n\n\n<p><em>Partecipanti:<\/em><\/p>\n\n\n\n<ul class=\"wp-block-list\"><li><strong>Teresa Ribera<\/strong>, quarto vice presidente del governo e ministro per la transizione ecologica e la sfida demografica.<\/li><li><strong>Jochen M\u00fcller<\/strong>, vicedirettore della rappresentanza della rappresentanza della Commissione europea in Spagna<\/li><\/ul>\n\n\n\n<div style=\"height:10px\" aria-hidden=\"true\" class=\"wp-block-spacer\"><\/div>\n\n\n\n<p><em>Dibattito:<\/em> <\/p>\n\n\n\n<ul class=\"wp-block-list\"><li>Energy Transition Outlook, un&#8217;opportunit\u00e0 per le aziende spagnole. <strong>Santiago Blanco P\u00e9rez<\/strong>, Vicepresidente e Presidente nazionale, DNV SPAGNA E PORTOGALLO<\/li><li>Fondi europei. La grande opportunit\u00e0 per la transizione ecologica. <strong>Ana Gil,<\/strong> CEO di EDF Spagna. Presidente Energia e Clima della Camera franco-spagnola<\/li><li>Come accedere alle risorse? <strong>Carlos Bofill<\/strong>, managing partner internazionale, AYMING<\/li><li>Il potenziale dell&#8217;energia eolica offshore. <strong>Jos\u00e9 Luis Viguera,<\/strong> direttore commerciale di E\u00f3lica y Diversificaci\u00f3n, NAVANTIA<\/li><li>Green Deal &#8211; Rafforzamento della leadership europea e della crescita industriale nell&#8217;energia eolica offshore. <strong>Javier D\u00edez Rodriguez<\/strong>, direttore, EQUINOR NEW ENERGIES<\/li><li>Sostenibilit\u00e0, efficienza energetica e digitalizzazione. <strong>Ernesto Ubieto<\/strong>, direttore generale, DANFOSS IBERIA S.A.<\/li><li>Come i trasporti possono contribuire a frenare il cambiamento climatico. <strong>Alberto Linares Amarilla<\/strong>, Direttore prevendite, logistica e sostenibilit\u00e0 per Spagna e Portogallo, SCANIA<\/li><li>Rilevanza dell&#8217;NFIS (Non-Financial Information Statements) per le aziende e le parti interessate. <strong>Max Gosch<\/strong>, &#8220;La sfida della sostenibilit\u00e0&#8221;, Managing Partner. UHY FAY &amp; CO MADRID<\/li><li>Verso un modello economico verde, robusto e competitivo: la transizione energetica al centro della trasformazione, <strong>Gonzalo S\u00e1enz de Miera<\/strong>, Direttore del cambiamento climatico, IBERDROLA<\/li><\/ul>\n\n\n\n<p><em>Moderatore:<\/em> <strong>Jorge Barrero Fonticoba<\/strong>, CEO, COTEC FOUNDATION<\/p>\n\n\n\n<p>Apertura e chiusura di <strong>Miriam Rodr\u00edguez Ruiz<\/strong>, segretaria generale della Camera di commercio ispano-greca, coordinatrice delle Camere Europee in Spagna 2020.<\/p>\n\n\n\n<p><em>Partecipazione gratuita esclusivaa per i soci delle Camere Europee in Spagna.<\/em><\/p>\n\n\n\n<p>Capacit\u00e0 limitata. Verr\u00e0 rispettato l&#8217;ordine di connessione alla sessione del giorno dell&#8217;evento. <br>\u00c8 richiesta la registrazione al link:<a href=\"http:\/\/Moderato da: Jorge Barrero Fonticoba, CEO, COTEC FOUNDATION  Apertura e chiusura di Miriam Rodr\u00edguez Ruiz, direttore generale della Camera di commercio ispanica greca, coordinatrice delle Camere europee 2020.  Partecipazione gratuita.  Capacit\u00e0 limitata in ordine di connessione alla sessione del giorno dell'evento. \u00c8 richiesta la registrazione al link: ttps: \/\/attendee.gotowebinar.com\/register\/7761087955687672075 indicando la camera europea di appartenenza e verr\u00e0 inviata una mail con il link di collegamento al webinar.\"> https: \/\/attendee.gotowebinar.com\/register\/7761087955687672075 <\/a> indicando la Camera Europea di appartenenza e verr\u00e0 inviata una mail con il link di collegamento al webinar.<\/p>\n","protected":false},"excerpt":{"rendered":"<p>Il prossimo 4 marzo, alle ore 12:00, si svolger\u00e0 l&#8217;incontro virtuale delle Camere Europee in Spagna con la quarta vicepresidente del Governo spagnolo e ministra per la transizione ecologica e la sfida demografica, Teresa Ribera e il vicedirettore della Rappresentanza della Commissione Ruropea in Spagna, Jochen M\u00fcller. Il webinar, organizzato dalle Camere Europee in Spagna, [&hellip;]<\/p>\n","protected":false},"author":1,"featured_media":54912,"comment_status":"open","ping_status":"open","sticky":false,"template":"","format":"standard","meta":{"inline_featured_image":false,"ocean_post_layout":"","ocean_both_sidebars_style":"","ocean_both_sidebars_content_width":0,"ocean_both_sidebars_sidebars_width":0,"ocean_sidebar":"","ocean_second_sidebar":"","ocean_disable_margins":"enable","ocean_add_body_class":"","ocean_shortcode_before_top_bar":"","ocean_shortcode_after_top_bar":"","ocean_shortcode_before_header":"","ocean_shortcode_after_header":"","ocean_has_shortcode":"","ocean_shortcode_after_title":"","ocean_shortcode_before_footer_widgets":"","ocean_shortcode_after_footer_widgets":"","ocean_shortcode_before_footer_bottom":"","ocean_shortcode_after_footer_bottom":"","ocean_display_top_bar":"default","ocean_display_header":"default","ocean_header_style":"","ocean_center_header_left_menu":"","ocean_custom_header_template":"","ocean_custom_logo":0,"ocean_custom_retina_logo":0,"ocean_custom_logo_max_width":0,"ocean_custom_logo_tablet_max_width":0,"ocean_custom_logo_mobile_max_width":0,"ocean_custom_logo_max_height":0,"ocean_custom_logo_tablet_max_height":0,"ocean_custom_logo_mobile_max_height":0,"ocean_header_custom_menu":"","ocean_menu_typo_font_family":"","ocean_menu_typo_font_subset":"","ocean_menu_typo_font_size":0,"ocean_menu_typo_font_size_tablet":0,"ocean_menu_typo_font_size_mobile":0,"ocean_menu_typo_font_size_unit":"px","ocean_menu_typo_font_weight":"","ocean_menu_typo_font_weight_tablet":"","ocean_menu_typo_font_weight_mobile":"","ocean_menu_typo_transform":"","ocean_menu_typo_transform_tablet":"","ocean_menu_typo_transform_mobile":"","ocean_menu_typo_line_height":0,"ocean_menu_typo_line_height_tablet":0,"ocean_menu_typo_line_height_mobile":0,"ocean_menu_typo_line_height_unit":"","ocean_menu_typo_spacing":0,"ocean_menu_typo_spacing_tablet":0,"ocean_menu_typo_spacing_mobile":0,"ocean_menu_typo_spacing_unit":"","ocean_menu_link_color":"","ocean_menu_link_color_hover":"","ocean_menu_link_color_active":"","ocean_menu_link_background":"","ocean_menu_link_hover_background":"","ocean_menu_link_active_background":"","ocean_menu_social_links_bg":"","ocean_menu_social_hover_links_bg":"","ocean_menu_social_links_color":"","ocean_menu_social_hover_links_color":"","ocean_disable_title":"default","ocean_disable_heading":"default","ocean_post_title":"","ocean_post_subheading":"","ocean_post_title_style":"","ocean_post_title_background_color":"","ocean_post_title_background":0,"ocean_post_title_bg_image_position":"","ocean_post_title_bg_image_attachment":"","ocean_post_title_bg_image_repeat":"","ocean_post_title_bg_image_size":"","ocean_post_title_height":0,"ocean_post_title_bg_overlay":0.5,"ocean_post_title_bg_overlay_color":"","ocean_disable_breadcrumbs":"default","ocean_breadcrumbs_color":"","ocean_breadcrumbs_separator_color":"","ocean_breadcrumbs_links_color":"","ocean_breadcrumbs_links_hover_color":"","ocean_display_footer_widgets":"default","ocean_display_footer_bottom":"default","ocean_custom_footer_template":"","ocean_post_oembed":"","ocean_post_self_hosted_media":"","ocean_post_video_embed":"","ocean_link_format":"","ocean_link_format_target":"self","ocean_quote_format":"","ocean_quote_format_link":"post","ocean_gallery_link_images":"on","ocean_gallery_id":[],"footnotes":""},"categories":[133],"tags":[139],"class_list":["post-56244","post","type-post","status-publish","format-standard","has-post-thumbnail","hentry","category-notizie","tag-notizie-di-la-ccis","entry","has-media"],"yoast_head":"<!-- This site is optimized with the Yoast SEO plugin v27.4 - https:\/\/yoast.com\/product\/yoast-seo-wordpress\/ -->\n<title>Incontro virtuale con la ministra spagnola per la transizione ecologica, Teresa Ribera. - Italcamara<\/title>\n<meta name=\"robots\" content=\"index, follow, max-snippet:-1, max-image-preview:large, max-video-preview:-1\" \/>\n<link rel=\"canonical\" href=\"https:\/\/italcamara-es.com\/it\/notizie\/incontro-virtuale-con-la-ministra-spagnola-per-la-transizione-ecologica-teresa-ribera\/\" \/>\n<meta property=\"og:locale\" content=\"it_IT\" \/>\n<meta property=\"og:type\" content=\"article\" \/>\n<meta property=\"og:title\" content=\"Incontro virtuale con la ministra spagnola per la transizione ecologica, Teresa Ribera. - Italcamara\" \/>\n<meta property=\"og:description\" content=\"Il prossimo 4 marzo, alle ore 12:00, si svolger\u00e0 l&#8217;incontro virtuale delle Camere Europee in Spagna con la quarta vicepresidente del Governo spagnolo e ministra per la transizione ecologica e la sfida demografica, Teresa Ribera e il vicedirettore della Rappresentanza della Commissione Ruropea in Spagna, Jochen M\u00fcller. Il webinar, organizzato dalle Camere Europee in Spagna, [&hellip;]\" \/>\n<meta property=\"og:url\" content=\"https:\/\/italcamara-es.com\/it\/notizie\/incontro-virtuale-con-la-ministra-spagnola-per-la-transizione-ecologica-teresa-ribera\/\" \/>\n<meta property=\"og:site_name\" content=\"Italcamara\" \/>\n<meta property=\"article:published_time\" content=\"2021-02-24T15:18:46+00:00\" \/>\n<meta property=\"og:image\" content=\"https:\/\/italcamara-es.com\/wp-content\/uploads\/2025\/03\/webinar-transiccion-ecologica.jpg\" \/>\n\t<meta property=\"og:image:width\" content=\"500\" \/>\n\t<meta property=\"og:image:height\" content=\"280\" \/>\n\t<meta property=\"og:image:type\" content=\"image\/jpeg\" \/>\n<meta name=\"author\" content=\"administrador\" \/>\n<meta name=\"twitter:card\" content=\"summary_large_image\" \/>\n<meta name=\"twitter:label1\" content=\"Scritto da\" \/>\n\t<meta name=\"twitter:data1\" content=\"administrador\" \/>\n\t<meta name=\"twitter:label2\" content=\"Tempo di lettura stimato\" \/>\n\t<meta name=\"twitter:data2\" content=\"2 minuti\" \/>\n<script type=\"application\/ld+json\" class=\"yoast-schema-graph\">{\"@context\":\"https:\\\/\\\/schema.org\",\"@graph\":[{\"@type\":\"Article\",\"@id\":\"https:\\\/\\\/italcamara-es.com\\\/it\\\/notizie\\\/incontro-virtuale-con-la-ministra-spagnola-per-la-transizione-ecologica-teresa-ribera\\\/#article\",\"isPartOf\":{\"@id\":\"https:\\\/\\\/italcamara-es.com\\\/it\\\/notizie\\\/incontro-virtuale-con-la-ministra-spagnola-per-la-transizione-ecologica-teresa-ribera\\\/\"},\"author\":{\"name\":\"administrador\",\"@id\":\"https:\\\/\\\/italcamara-es.com\\\/#\\\/schema\\\/person\\\/bb3c56263e405bbd9a15171dcfee93bb\"},\"headline\":\"Incontro virtuale con la ministra spagnola per la transizione ecologica, Teresa Ribera.\",\"datePublished\":\"2021-02-24T15:18:46+00:00\",\"mainEntityOfPage\":{\"@id\":\"https:\\\/\\\/italcamara-es.com\\\/it\\\/notizie\\\/incontro-virtuale-con-la-ministra-spagnola-per-la-transizione-ecologica-teresa-ribera\\\/\"},\"wordCount\":414,\"commentCount\":0,\"image\":{\"@id\":\"https:\\\/\\\/italcamara-es.com\\\/it\\\/notizie\\\/incontro-virtuale-con-la-ministra-spagnola-per-la-transizione-ecologica-teresa-ribera\\\/#primaryimage\"},\"thumbnailUrl\":\"https:\\\/\\\/italcamara-es.com\\\/wp-content\\\/uploads\\\/2025\\\/03\\\/webinar-transiccion-ecologica.jpg\",\"keywords\":[\"Notizie di la CCIS\"],\"articleSection\":[\"Notizie\"],\"inLanguage\":\"it-IT\",\"potentialAction\":[{\"@type\":\"CommentAction\",\"name\":\"Comment\",\"target\":[\"https:\\\/\\\/italcamara-es.com\\\/it\\\/notizie\\\/incontro-virtuale-con-la-ministra-spagnola-per-la-transizione-ecologica-teresa-ribera\\\/#respond\"]}]},{\"@type\":\"WebPage\",\"@id\":\"https:\\\/\\\/italcamara-es.com\\\/it\\\/notizie\\\/incontro-virtuale-con-la-ministra-spagnola-per-la-transizione-ecologica-teresa-ribera\\\/\",\"url\":\"https:\\\/\\\/italcamara-es.com\\\/it\\\/notizie\\\/incontro-virtuale-con-la-ministra-spagnola-per-la-transizione-ecologica-teresa-ribera\\\/\",\"name\":\"Incontro virtuale con la ministra spagnola per la transizione ecologica, Teresa Ribera. - Italcamara\",\"isPartOf\":{\"@id\":\"https:\\\/\\\/italcamara-es.com\\\/#website\"},\"primaryImageOfPage\":{\"@id\":\"https:\\\/\\\/italcamara-es.com\\\/it\\\/notizie\\\/incontro-virtuale-con-la-ministra-spagnola-per-la-transizione-ecologica-teresa-ribera\\\/#primaryimage\"},\"image\":{\"@id\":\"https:\\\/\\\/italcamara-es.com\\\/it\\\/notizie\\\/incontro-virtuale-con-la-ministra-spagnola-per-la-transizione-ecologica-teresa-ribera\\\/#primaryimage\"},\"thumbnailUrl\":\"https:\\\/\\\/italcamara-es.com\\\/wp-content\\\/uploads\\\/2025\\\/03\\\/webinar-transiccion-ecologica.jpg\",\"datePublished\":\"2021-02-24T15:18:46+00:00\",\"author\":{\"@id\":\"https:\\\/\\\/italcamara-es.com\\\/#\\\/schema\\\/person\\\/bb3c56263e405bbd9a15171dcfee93bb\"},\"breadcrumb\":{\"@id\":\"https:\\\/\\\/italcamara-es.com\\\/it\\\/notizie\\\/incontro-virtuale-con-la-ministra-spagnola-per-la-transizione-ecologica-teresa-ribera\\\/#breadcrumb\"},\"inLanguage\":\"it-IT\",\"potentialAction\":[{\"@type\":\"ReadAction\",\"target\":[\"https:\\\/\\\/italcamara-es.com\\\/it\\\/notizie\\\/incontro-virtuale-con-la-ministra-spagnola-per-la-transizione-ecologica-teresa-ribera\\\/\"]}]},{\"@type\":\"ImageObject\",\"inLanguage\":\"it-IT\",\"@id\":\"https:\\\/\\\/italcamara-es.com\\\/it\\\/notizie\\\/incontro-virtuale-con-la-ministra-spagnola-per-la-transizione-ecologica-teresa-ribera\\\/#primaryimage\",\"url\":\"https:\\\/\\\/italcamara-es.com\\\/wp-content\\\/uploads\\\/2025\\\/03\\\/webinar-transiccion-ecologica.jpg\",\"contentUrl\":\"https:\\\/\\\/italcamara-es.com\\\/wp-content\\\/uploads\\\/2025\\\/03\\\/webinar-transiccion-ecologica.jpg\",\"width\":500,\"height\":280},{\"@type\":\"BreadcrumbList\",\"@id\":\"https:\\\/\\\/italcamara-es.com\\\/it\\\/notizie\\\/incontro-virtuale-con-la-ministra-spagnola-per-la-transizione-ecologica-teresa-ribera\\\/#breadcrumb\",\"itemListElement\":[{\"@type\":\"ListItem\",\"position\":1,\"name\":\"Inicio\",\"item\":\"https:\\\/\\\/italcamara-es.com\\\/it\\\/homepage-ita\\\/\"},{\"@type\":\"ListItem\",\"position\":2,\"name\":\"Incontro virtuale con la ministra spagnola per la transizione ecologica, Teresa Ribera.\"}]},{\"@type\":\"WebSite\",\"@id\":\"https:\\\/\\\/italcamara-es.com\\\/#website\",\"url\":\"https:\\\/\\\/italcamara-es.com\\\/\",\"name\":\"Italcamara\",\"description\":\"\",\"potentialAction\":[{\"@type\":\"SearchAction\",\"target\":{\"@type\":\"EntryPoint\",\"urlTemplate\":\"https:\\\/\\\/italcamara-es.com\\\/?s={search_term_string}\"},\"query-input\":{\"@type\":\"PropertyValueSpecification\",\"valueRequired\":true,\"valueName\":\"search_term_string\"}}],\"inLanguage\":\"it-IT\"},{\"@type\":\"Person\",\"@id\":\"https:\\\/\\\/italcamara-es.com\\\/#\\\/schema\\\/person\\\/bb3c56263e405bbd9a15171dcfee93bb\",\"name\":\"administrador\",\"image\":{\"@type\":\"ImageObject\",\"inLanguage\":\"it-IT\",\"@id\":\"https:\\\/\\\/secure.gravatar.com\\\/avatar\\\/14b5e63db38320b12031bb28cf9f77e210aa71fb3a8a3602a3c9a05134fa75eb?s=96&d=mm&r=g\",\"url\":\"https:\\\/\\\/secure.gravatar.com\\\/avatar\\\/14b5e63db38320b12031bb28cf9f77e210aa71fb3a8a3602a3c9a05134fa75eb?s=96&d=mm&r=g\",\"contentUrl\":\"https:\\\/\\\/secure.gravatar.com\\\/avatar\\\/14b5e63db38320b12031bb28cf9f77e210aa71fb3a8a3602a3c9a05134fa75eb?s=96&d=mm&r=g\",\"caption\":\"administrador\"},\"sameAs\":[\"http:\\\/\\\/pre.italcamara-es.com\"],\"url\":\"https:\\\/\\\/italcamara-es.com\\\/it\\\/author\\\/administrador\\\/\"}]}<\/script>\n<!-- \/ Yoast SEO plugin. -->","yoast_head_json":{"title":"Incontro virtuale con la ministra spagnola per la transizione ecologica, Teresa Ribera. - Italcamara","robots":{"index":"index","follow":"follow","max-snippet":"max-snippet:-1","max-image-preview":"max-image-preview:large","max-video-preview":"max-video-preview:-1"},"canonical":"https:\/\/italcamara-es.com\/it\/notizie\/incontro-virtuale-con-la-ministra-spagnola-per-la-transizione-ecologica-teresa-ribera\/","og_locale":"it_IT","og_type":"article","og_title":"Incontro virtuale con la ministra spagnola per la transizione ecologica, Teresa Ribera. - Italcamara","og_description":"Il prossimo 4 marzo, alle ore 12:00, si svolger\u00e0 l&#8217;incontro virtuale delle Camere Europee in Spagna con la quarta vicepresidente del Governo spagnolo e ministra per la transizione ecologica e la sfida demografica, Teresa Ribera e il vicedirettore della Rappresentanza della Commissione Ruropea in Spagna, Jochen M\u00fcller. Il webinar, organizzato dalle Camere Europee in Spagna, [&hellip;]","og_url":"https:\/\/italcamara-es.com\/it\/notizie\/incontro-virtuale-con-la-ministra-spagnola-per-la-transizione-ecologica-teresa-ribera\/","og_site_name":"Italcamara","article_published_time":"2021-02-24T15:18:46+00:00","og_image":[{"width":500,"height":280,"url":"https:\/\/italcamara-es.com\/wp-content\/uploads\/2025\/03\/webinar-transiccion-ecologica.jpg","type":"image\/jpeg"}],"author":"administrador","twitter_card":"summary_large_image","twitter_misc":{"Scritto da":"administrador","Tempo di lettura stimato":"2 minuti"},"schema":{"@context":"https:\/\/schema.org","@graph":[{"@type":"Article","@id":"https:\/\/italcamara-es.com\/it\/notizie\/incontro-virtuale-con-la-ministra-spagnola-per-la-transizione-ecologica-teresa-ribera\/#article","isPartOf":{"@id":"https:\/\/italcamara-es.com\/it\/notizie\/incontro-virtuale-con-la-ministra-spagnola-per-la-transizione-ecologica-teresa-ribera\/"},"author":{"name":"administrador","@id":"https:\/\/italcamara-es.com\/#\/schema\/person\/bb3c56263e405bbd9a15171dcfee93bb"},"headline":"Incontro virtuale con la ministra spagnola per la transizione ecologica, Teresa Ribera.","datePublished":"2021-02-24T15:18:46+00:00","mainEntityOfPage":{"@id":"https:\/\/italcamara-es.com\/it\/notizie\/incontro-virtuale-con-la-ministra-spagnola-per-la-transizione-ecologica-teresa-ribera\/"},"wordCount":414,"commentCount":0,"image":{"@id":"https:\/\/italcamara-es.com\/it\/notizie\/incontro-virtuale-con-la-ministra-spagnola-per-la-transizione-ecologica-teresa-ribera\/#primaryimage"},"thumbnailUrl":"https:\/\/italcamara-es.com\/wp-content\/uploads\/2025\/03\/webinar-transiccion-ecologica.jpg","keywords":["Notizie di la CCIS"],"articleSection":["Notizie"],"inLanguage":"it-IT","potentialAction":[{"@type":"CommentAction","name":"Comment","target":["https:\/\/italcamara-es.com\/it\/notizie\/incontro-virtuale-con-la-ministra-spagnola-per-la-transizione-ecologica-teresa-ribera\/#respond"]}]},{"@type":"WebPage","@id":"https:\/\/italcamara-es.com\/it\/notizie\/incontro-virtuale-con-la-ministra-spagnola-per-la-transizione-ecologica-teresa-ribera\/","url":"https:\/\/italcamara-es.com\/it\/notizie\/incontro-virtuale-con-la-ministra-spagnola-per-la-transizione-ecologica-teresa-ribera\/","name":"Incontro virtuale con la ministra spagnola per la transizione ecologica, Teresa Ribera. - Italcamara","isPartOf":{"@id":"https:\/\/italcamara-es.com\/#website"},"primaryImageOfPage":{"@id":"https:\/\/italcamara-es.com\/it\/notizie\/incontro-virtuale-con-la-ministra-spagnola-per-la-transizione-ecologica-teresa-ribera\/#primaryimage"},"image":{"@id":"https:\/\/italcamara-es.com\/it\/notizie\/incontro-virtuale-con-la-ministra-spagnola-per-la-transizione-ecologica-teresa-ribera\/#primaryimage"},"thumbnailUrl":"https:\/\/italcamara-es.com\/wp-content\/uploads\/2025\/03\/webinar-transiccion-ecologica.jpg","datePublished":"2021-02-24T15:18:46+00:00","author":{"@id":"https:\/\/italcamara-es.com\/#\/schema\/person\/bb3c56263e405bbd9a15171dcfee93bb"},"breadcrumb":{"@id":"https:\/\/italcamara-es.com\/it\/notizie\/incontro-virtuale-con-la-ministra-spagnola-per-la-transizione-ecologica-teresa-ribera\/#breadcrumb"},"inLanguage":"it-IT","potentialAction":[{"@type":"ReadAction","target":["https:\/\/italcamara-es.com\/it\/notizie\/incontro-virtuale-con-la-ministra-spagnola-per-la-transizione-ecologica-teresa-ribera\/"]}]},{"@type":"ImageObject","inLanguage":"it-IT","@id":"https:\/\/italcamara-es.com\/it\/notizie\/incontro-virtuale-con-la-ministra-spagnola-per-la-transizione-ecologica-teresa-ribera\/#primaryimage","url":"https:\/\/italcamara-es.com\/wp-content\/uploads\/2025\/03\/webinar-transiccion-ecologica.jpg","contentUrl":"https:\/\/italcamara-es.com\/wp-content\/uploads\/2025\/03\/webinar-transiccion-ecologica.jpg","width":500,"height":280},{"@type":"BreadcrumbList","@id":"https:\/\/italcamara-es.com\/it\/notizie\/incontro-virtuale-con-la-ministra-spagnola-per-la-transizione-ecologica-teresa-ribera\/#breadcrumb","itemListElement":[{"@type":"ListItem","position":1,"name":"Inicio","item":"https:\/\/italcamara-es.com\/it\/homepage-ita\/"},{"@type":"ListItem","position":2,"name":"Incontro virtuale con la ministra spagnola per la transizione ecologica, Teresa Ribera."}]},{"@type":"WebSite","@id":"https:\/\/italcamara-es.com\/#website","url":"https:\/\/italcamara-es.com\/","name":"Italcamara","description":"","potentialAction":[{"@type":"SearchAction","target":{"@type":"EntryPoint","urlTemplate":"https:\/\/italcamara-es.com\/?s={search_term_string}"},"query-input":{"@type":"PropertyValueSpecification","valueRequired":true,"valueName":"search_term_string"}}],"inLanguage":"it-IT"},{"@type":"Person","@id":"https:\/\/italcamara-es.com\/#\/schema\/person\/bb3c56263e405bbd9a15171dcfee93bb","name":"administrador","image":{"@type":"ImageObject","inLanguage":"it-IT","@id":"https:\/\/secure.gravatar.com\/avatar\/14b5e63db38320b12031bb28cf9f77e210aa71fb3a8a3602a3c9a05134fa75eb?s=96&d=mm&r=g","url":"https:\/\/secure.gravatar.com\/avatar\/14b5e63db38320b12031bb28cf9f77e210aa71fb3a8a3602a3c9a05134fa75eb?s=96&d=mm&r=g","contentUrl":"https:\/\/secure.gravatar.com\/avatar\/14b5e63db38320b12031bb28cf9f77e210aa71fb3a8a3602a3c9a05134fa75eb?s=96&d=mm&r=g","caption":"administrador"},"sameAs":["http:\/\/pre.italcamara-es.com"],"url":"https:\/\/italcamara-es.com\/it\/author\/administrador\/"}]}},"rttpg_featured_image_url":{"full":["https:\/\/italcamara-es.com\/wp-content\/uploads\/2025\/03\/webinar-transiccion-ecologica.jpg",500,280,false],"landscape":["https:\/\/italcamara-es.com\/wp-content\/uploads\/2025\/03\/webinar-transiccion-ecologica.jpg",500,280,false],"portraits":["https:\/\/italcamara-es.com\/wp-content\/uploads\/2025\/03\/webinar-transiccion-ecologica.jpg",500,280,false],"thumbnail":["https:\/\/italcamara-es.com\/wp-content\/uploads\/2025\/03\/webinar-transiccion-ecologica-150x150.jpg",150,150,true],"medium":["https:\/\/italcamara-es.com\/wp-content\/uploads\/2025\/03\/webinar-transiccion-ecologica-300x168.jpg",300,168,true],"large":["https:\/\/italcamara-es.com\/wp-content\/uploads\/2025\/03\/webinar-transiccion-ecologica.jpg",500,280,false],"1536x1536":["https:\/\/italcamara-es.com\/wp-content\/uploads\/2025\/03\/webinar-transiccion-ecologica.jpg",500,280,false],"2048x2048":["https:\/\/italcamara-es.com\/wp-content\/uploads\/2025\/03\/webinar-transiccion-ecologica.jpg",500,280,false],"ocean-thumb-m":["https:\/\/italcamara-es.com\/wp-content\/uploads\/2025\/03\/webinar-transiccion-ecologica.jpg",500,280,false],"ocean-thumb-ml":["https:\/\/italcamara-es.com\/wp-content\/uploads\/2025\/03\/webinar-transiccion-ecologica.jpg",500,280,false],"ocean-thumb-l":["https:\/\/italcamara-es.com\/wp-content\/uploads\/2025\/03\/webinar-transiccion-ecologica.jpg",500,280,false],"directorist_preview":["https:\/\/italcamara-es.com\/wp-content\/uploads\/2025\/03\/webinar-transiccion-ecologica.jpg",500,280,false]},"rttpg_author":{"display_name":"administrador","author_link":"https:\/\/italcamara-es.com\/it\/author\/administrador\/"},"rttpg_comment":0,"rttpg_category":"<a href=\"https:\/\/italcamara-es.com\/it\/category\/notizie\/\" rel=\"category tag\">Notizie<\/a>","rttpg_excerpt":"Il prossimo 4 marzo, alle ore 12:00, si svolger\u00e0 l&#8217;incontro virtuale delle Camere Europee in Spagna con la quarta vicepresidente del Governo spagnolo e ministra per la transizione ecologica e la sfida demografica, Teresa Ribera e il vicedirettore della Rappresentanza della Commissione Ruropea in Spagna, Jochen M\u00fcller. Il webinar, organizzato dalle Camere Europee in Spagna,&hellip;","_links":{"self":[{"href":"https:\/\/italcamara-es.com\/it\/wp-json\/wp\/v2\/posts\/56244","targetHints":{"allow":["GET"]}}],"collection":[{"href":"https:\/\/italcamara-es.com\/it\/wp-json\/wp\/v2\/posts"}],"about":[{"href":"https:\/\/italcamara-es.com\/it\/wp-json\/wp\/v2\/types\/post"}],"author":[{"embeddable":true,"href":"https:\/\/italcamara-es.com\/it\/wp-json\/wp\/v2\/users\/1"}],"replies":[{"embeddable":true,"href":"https:\/\/italcamara-es.com\/it\/wp-json\/wp\/v2\/comments?post=56244"}],"version-history":[{"count":0,"href":"https:\/\/italcamara-es.com\/it\/wp-json\/wp\/v2\/posts\/56244\/revisions"}],"wp:featuredmedia":[{"embeddable":true,"href":"https:\/\/italcamara-es.com\/it\/wp-json\/wp\/v2\/media\/54912"}],"wp:attachment":[{"href":"https:\/\/italcamara-es.com\/it\/wp-json\/wp\/v2\/media?parent=56244"}],"wp:term":[{"taxonomy":"category","embeddable":true,"href":"https:\/\/italcamara-es.com\/it\/wp-json\/wp\/v2\/categories?post=56244"},{"taxonomy":"post_tag","embeddable":true,"href":"https:\/\/italcamara-es.com\/it\/wp-json\/wp\/v2\/tags?post=56244"}],"curies":[{"name":"wp","href":"https:\/\/api.w.org\/{rel}","templated":true}]}}