	{"id":56259,"date":"2021-05-24T11:41:17","date_gmt":"2021-05-24T09:41:17","guid":{"rendered":"http:\/\/pre.italcamara-es.com\/senza-categoria\/emilia-romagna-nuova-tappa-delle-settimane-gastronomiche-regionali-a-madrid\/"},"modified":"2021-05-24T11:41:17","modified_gmt":"2021-05-24T09:41:17","slug":"emilia-romagna-nuova-tappa-delle-settimane-gastronomiche-regionali-a-madrid","status":"publish","type":"post","link":"https:\/\/italcamara-es.com\/it\/notizie\/emilia-romagna-nuova-tappa-delle-settimane-gastronomiche-regionali-a-madrid\/","title":{"rendered":"Emilia Romagna: nuova tappa delle Settimane Gastronomiche Regionali a Madrid"},"content":{"rendered":"\n<p>Tornano a Madrid le Settimane Gastronomiche Regionali, iniziativa della <strong>Camera di Commercio e Industria Italiana per la Spagna <\/strong>(CCIS) che fa parte del progetto <a href=\"http:\/\/www.100autentico.es\"><strong>True Italian Taste<\/strong><\/a>.<\/p>\n\n\n\n<p>L&#8217;Emilia Romagna \u00e8 la regione protagonista di questa nuova tappa del viaggio gastronomico tra i sapori tipici e i prodotti della cucina regioonale italiana.<\/p>\n\n\n\n<div class=\"wp-block-image\"><figure class=\"aligncenter is-resized\"><img decoding=\"async\" src=\"https:\/\/www.italcamara-es.com\/wp-content\/uploads\/2021\/05\/Avanvera-57x-1.jpg\" alt=\"\" class=\"wp-image-27782\" width=\"500\"\/><figcaption>Luigi Bertaccini, chef del ristorante A v\u00c4nvera di Madrid<\/figcaption><\/figure><\/div>\n\n\n\n<p>In questa occasione, il ristorante <strong>A v\u00c1nvera<\/strong> (calle Zurbano, 85. Madrid. <a href=\"http:\/\/www.avanvera.es\">www.avanvera.es<\/a>) rende omaggio a questa bellissima regione del Nord che confina con l&#8217;Appennino ed \u00e8 famosa per la sua capitale, Bologna; lo far\u00e0 con il seguente men\u00f9 per 2 persone <strong>da luned\u00ec 7 a domenica 13 giugno,<\/strong> elaborato dallo chef <strong>Luigi Bertaccini<\/strong>:<\/p>\n\n\n\n<div class=\"wp-block-image\"><figure class=\"aligncenter is-resized\"><img decoding=\"async\" src=\"https:\/\/www.italcamara-es.com\/wp-content\/uploads\/2021\/05\/Avanvera-65x-1.jpg\" alt=\"\" class=\"wp-image-27783\" width=\"500\"\/><\/figure><\/div>\n\n\n\n<p><strong>Antipasti:<\/strong><\/p>\n\n\n\n<p><em>&#8211;&nbsp;Pinzimonio&nbsp;con piadina romagnola<\/em><\/p>\n\n\n\n<p><em>&#8211;&nbsp;Melanzane alla parmigiana<\/em>&nbsp;<em>a<\/em>&nbsp;<\/p>\n\n\n\n<p><strong>Primi piatti:<\/strong><\/p>\n\n\n\n<p><em>&#8211;\u00a0Strozzapreti salsiccia e piselli<\/em>\u00a0<\/p>\n\n\n\n<p><em>&#8211;&nbsp;Lasagna ai funghi porcini<\/em>&nbsp;<\/p>\n\n\n\n<p><strong>Dolci:<\/strong><\/p>\n\n\n\n<p><em>&#8211;&nbsp;Salame di cioccolato<\/em>&nbsp;<\/p>\n\n\n\n<p><em>&#8211;&nbsp;Crostata di fichi<\/em>&nbsp;<\/p>\n\n\n\n<div class=\"wp-block-image\"><figure class=\"aligncenter is-resized\"><img decoding=\"async\" src=\"https:\/\/www.italcamara-es.com\/wp-content\/uploads\/2021\/05\/Avanvera-104x-1.jpg\" alt=\"\" class=\"wp-image-27784\" width=\"500\"\/><\/figure><\/div>\n\n\n\n<p><strong>Vino:<\/strong><\/p>\n\n\n\n<p>&#8211; <em>Prugneto, Romagna DOC Sangiovese Superiore<\/em> (Poderi Dal Nespoli)<\/p>\n\n\n\n<p>Ovviamente la preparazione di questi piatti \u00e8 a base di autentici prodotti italiani, tra cui: il <strong>Parmigiano Reggiano DOP<\/strong>, forse il pi\u00f9 famoso formaggio italiano, dalla consistenza dura e matura, che secondo la leggenda nacque durante il Medioevo a Bibbiano, in provincia di Reggio Emilia, ma sotto la diocesi di Parma e da qui il nome. Attualmente gran parte della sua produzione \u00e8 realizzata con latte di vacca frisona &#8211; introdotta nel territorio negli anni &#8217;60 del  XX secolo &#8211; e principalmente in Emilia, solo nelle province di Parma, Reggio Emilia, Modena, parte di Bologna e di Mantova.<\/p>\n\n\n\n<p>Anche la fama del <strong>Grana Padano DOP<\/strong> \u00e8 riconosciuta in tutto il mondo. Il nome deriva dal termine grana, che si riferisce alla sua caratteristica consistenza granulosa, e dall&#8217;aggettivo Padano, che si riferisce al fiume Po. Fu elaborato per la prima volta dai monaci cistercensi di Chiaravalle nel XII secolo,  che utilizzavano il formaggio stagionato come mezzo per conservare il latte in eccesso. \u00c8 un formaggio semigrasso a stagionatura lenta, fino a un anno e mezzo. \u00c8 simile per forma, dimensione e altre caratteristiche organolettiche al Parmigiano ma ci sono delle differenze: il Reggiano \u00e8 fatto con latte in parte intero e in parte scremato, e il Padano \u00e8 fatto solo con latte scremato, quindi matura prima e il suo sapore \u00e8 un po&#8217; pi\u00f9 delicato rispetto al primo. La produzione di questo formaggio si estende su un territorio pi\u00f9 ampio che comprende 32 province tra Lombardia, Piemonte, Trentino-Alto Adige, Emilia-Romagna e Veneto.<\/p>\n\n\n\n<p>Infine, il vino, <strong>Prugneto, Romagna DOC Sangiovese Superiore<\/strong>, della cantina <em>Poderi Dal Nespoli<\/em>, \u00e8 una tipica espressione dell&#8217;uva Sangiovese di Romagna. Di colore rosso rubino brillante e con un intenso profumo di frutti rossi, si abbina particolarmente bene con pasta fresca, pasta ripiena, ravioli, carni rosse e formaggi.<\/p>\n\n\n\n<p>Queste giornate fanno parte del progetto <strong>True Italian Taste<\/strong>,&nbsp;finanziato dal <em>Ministero degli Affari Esteri e della Cooperazione Internazionale<\/em> e gestitto da <em>Assocamerestero<\/em> (l&#8217;Associazione delle Camere di Commercio Italiane all&#8217;Estero).<\/p>\n","protected":false},"excerpt":{"rendered":"<p>Tornano a Madrid le Settimane Gastronomiche Regionali, iniziativa della Camera di Commercio e Industria Italiana per la Spagna (CCIS) che fa parte del progetto True Italian Taste. L&#8217;Emilia Romagna \u00e8 la regione protagonista di questa nuova tappa del viaggio gastronomico tra i sapori tipici e i prodotti della cucina regioonale italiana. In questa occasione, il [&hellip;]<\/p>\n","protected":false},"author":1,"featured_media":54942,"comment_status":"open","ping_status":"open","sticky":false,"template":"","format":"standard","meta":{"inline_featured_image":false,"ocean_post_layout":"","ocean_both_sidebars_style":"","ocean_both_sidebars_content_width":0,"ocean_both_sidebars_sidebars_width":0,"ocean_sidebar":"","ocean_second_sidebar":"","ocean_disable_margins":"enable","ocean_add_body_class":"","ocean_shortcode_before_top_bar":"","ocean_shortcode_after_top_bar":"","ocean_shortcode_before_header":"","ocean_shortcode_after_header":"","ocean_has_shortcode":"","ocean_shortcode_after_title":"","ocean_shortcode_before_footer_widgets":"","ocean_shortcode_after_footer_widgets":"","ocean_shortcode_before_footer_bottom":"","ocean_shortcode_after_footer_bottom":"","ocean_display_top_bar":"default","ocean_display_header":"default","ocean_header_style":"","ocean_center_header_left_menu":"","ocean_custom_header_template":"","ocean_custom_logo":0,"ocean_custom_retina_logo":0,"ocean_custom_logo_max_width":0,"ocean_custom_logo_tablet_max_width":0,"ocean_custom_logo_mobile_max_width":0,"ocean_custom_logo_max_height":0,"ocean_custom_logo_tablet_max_height":0,"ocean_custom_logo_mobile_max_height":0,"ocean_header_custom_menu":"","ocean_menu_typo_font_family":"","ocean_menu_typo_font_subset":"","ocean_menu_typo_font_size":0,"ocean_menu_typo_font_size_tablet":0,"ocean_menu_typo_font_size_mobile":0,"ocean_menu_typo_font_size_unit":"px","ocean_menu_typo_font_weight":"","ocean_menu_typo_font_weight_tablet":"","ocean_menu_typo_font_weight_mobile":"","ocean_menu_typo_transform":"","ocean_menu_typo_transform_tablet":"","ocean_menu_typo_transform_mobile":"","ocean_menu_typo_line_height":0,"ocean_menu_typo_line_height_tablet":0,"ocean_menu_typo_line_height_mobile":0,"ocean_menu_typo_line_height_unit":"","ocean_menu_typo_spacing":0,"ocean_menu_typo_spacing_tablet":0,"ocean_menu_typo_spacing_mobile":0,"ocean_menu_typo_spacing_unit":"","ocean_menu_link_color":"","ocean_menu_link_color_hover":"","ocean_menu_link_color_active":"","ocean_menu_link_background":"","ocean_menu_link_hover_background":"","ocean_menu_link_active_background":"","ocean_menu_social_links_bg":"","ocean_menu_social_hover_links_bg":"","ocean_menu_social_links_color":"","ocean_menu_social_hover_links_color":"","ocean_disable_title":"default","ocean_disable_heading":"default","ocean_post_title":"","ocean_post_subheading":"","ocean_post_title_style":"","ocean_post_title_background_color":"","ocean_post_title_background":0,"ocean_post_title_bg_image_position":"","ocean_post_title_bg_image_attachment":"","ocean_post_title_bg_image_repeat":"","ocean_post_title_bg_image_size":"","ocean_post_title_height":0,"ocean_post_title_bg_overlay":0.5,"ocean_post_title_bg_overlay_color":"","ocean_disable_breadcrumbs":"default","ocean_breadcrumbs_color":"","ocean_breadcrumbs_separator_color":"","ocean_breadcrumbs_links_color":"","ocean_breadcrumbs_links_hover_color":"","ocean_display_footer_widgets":"default","ocean_display_footer_bottom":"default","ocean_custom_footer_template":"","ocean_post_oembed":"","ocean_post_self_hosted_media":"","ocean_post_video_embed":"","ocean_link_format":"","ocean_link_format_target":"self","ocean_quote_format":"","ocean_quote_format_link":"post","ocean_gallery_link_images":"on","ocean_gallery_id":[],"footnotes":""},"categories":[133],"tags":[139],"class_list":["post-56259","post","type-post","status-publish","format-standard","has-post-thumbnail","hentry","category-notizie","tag-notizie-di-la-ccis","entry","has-media"],"yoast_head":"<!-- This site is optimized with the Yoast SEO plugin v27.4 - https:\/\/yoast.com\/product\/yoast-seo-wordpress\/ -->\n<title>Emilia Romagna: nuova tappa delle Settimane Gastronomiche Regionali a Madrid - Italcamara<\/title>\n<meta name=\"robots\" content=\"index, follow, max-snippet:-1, max-image-preview:large, max-video-preview:-1\" \/>\n<link rel=\"canonical\" href=\"https:\/\/italcamara-es.com\/it\/notizie\/emilia-romagna-nuova-tappa-delle-settimane-gastronomiche-regionali-a-madrid\/\" \/>\n<meta property=\"og:locale\" content=\"it_IT\" \/>\n<meta property=\"og:type\" content=\"article\" \/>\n<meta property=\"og:title\" content=\"Emilia Romagna: nuova tappa delle Settimane Gastronomiche Regionali a Madrid - Italcamara\" \/>\n<meta property=\"og:description\" content=\"Tornano a Madrid le Settimane Gastronomiche Regionali, iniziativa della Camera di Commercio e Industria Italiana per la Spagna (CCIS) che fa parte del progetto True Italian Taste. L&#8217;Emilia Romagna \u00e8 la regione protagonista di questa nuova tappa del viaggio gastronomico tra i sapori tipici e i prodotti della cucina regioonale italiana. In questa occasione, il [&hellip;]\" \/>\n<meta property=\"og:url\" content=\"https:\/\/italcamara-es.com\/it\/notizie\/emilia-romagna-nuova-tappa-delle-settimane-gastronomiche-regionali-a-madrid\/\" \/>\n<meta property=\"og:site_name\" content=\"Italcamara\" \/>\n<meta property=\"article:published_time\" content=\"2021-05-24T09:41:17+00:00\" \/>\n<meta property=\"og:image\" content=\"https:\/\/italcamara-es.com\/wp-content\/uploads\/2025\/03\/cenaregionale500.jpg\" \/>\n\t<meta property=\"og:image:width\" content=\"500\" \/>\n\t<meta property=\"og:image:height\" content=\"280\" \/>\n\t<meta property=\"og:image:type\" content=\"image\/jpeg\" \/>\n<meta name=\"author\" content=\"administrador\" \/>\n<meta name=\"twitter:card\" content=\"summary_large_image\" \/>\n<meta name=\"twitter:label1\" content=\"Scritto da\" \/>\n\t<meta name=\"twitter:data1\" content=\"administrador\" \/>\n\t<meta name=\"twitter:label2\" content=\"Tempo di lettura stimato\" \/>\n\t<meta name=\"twitter:data2\" content=\"2 minuti\" \/>\n<script type=\"application\/ld+json\" class=\"yoast-schema-graph\">{\"@context\":\"https:\\\/\\\/schema.org\",\"@graph\":[{\"@type\":\"Article\",\"@id\":\"https:\\\/\\\/italcamara-es.com\\\/it\\\/notizie\\\/emilia-romagna-nuova-tappa-delle-settimane-gastronomiche-regionali-a-madrid\\\/#article\",\"isPartOf\":{\"@id\":\"https:\\\/\\\/italcamara-es.com\\\/it\\\/notizie\\\/emilia-romagna-nuova-tappa-delle-settimane-gastronomiche-regionali-a-madrid\\\/\"},\"author\":{\"name\":\"administrador\",\"@id\":\"https:\\\/\\\/italcamara-es.com\\\/#\\\/schema\\\/person\\\/bb3c56263e405bbd9a15171dcfee93bb\"},\"headline\":\"Emilia Romagna: nuova tappa delle Settimane Gastronomiche Regionali a Madrid\",\"datePublished\":\"2021-05-24T09:41:17+00:00\",\"mainEntityOfPage\":{\"@id\":\"https:\\\/\\\/italcamara-es.com\\\/it\\\/notizie\\\/emilia-romagna-nuova-tappa-delle-settimane-gastronomiche-regionali-a-madrid\\\/\"},\"wordCount\":499,\"commentCount\":0,\"image\":{\"@id\":\"https:\\\/\\\/italcamara-es.com\\\/it\\\/notizie\\\/emilia-romagna-nuova-tappa-delle-settimane-gastronomiche-regionali-a-madrid\\\/#primaryimage\"},\"thumbnailUrl\":\"https:\\\/\\\/italcamara-es.com\\\/wp-content\\\/uploads\\\/2025\\\/03\\\/cenaregionale500.jpg\",\"keywords\":[\"Notizie di la CCIS\"],\"articleSection\":[\"Notizie\"],\"inLanguage\":\"it-IT\",\"potentialAction\":[{\"@type\":\"CommentAction\",\"name\":\"Comment\",\"target\":[\"https:\\\/\\\/italcamara-es.com\\\/it\\\/notizie\\\/emilia-romagna-nuova-tappa-delle-settimane-gastronomiche-regionali-a-madrid\\\/#respond\"]}]},{\"@type\":\"WebPage\",\"@id\":\"https:\\\/\\\/italcamara-es.com\\\/it\\\/notizie\\\/emilia-romagna-nuova-tappa-delle-settimane-gastronomiche-regionali-a-madrid\\\/\",\"url\":\"https:\\\/\\\/italcamara-es.com\\\/it\\\/notizie\\\/emilia-romagna-nuova-tappa-delle-settimane-gastronomiche-regionali-a-madrid\\\/\",\"name\":\"Emilia Romagna: nuova tappa delle Settimane Gastronomiche Regionali a Madrid - Italcamara\",\"isPartOf\":{\"@id\":\"https:\\\/\\\/italcamara-es.com\\\/#website\"},\"primaryImageOfPage\":{\"@id\":\"https:\\\/\\\/italcamara-es.com\\\/it\\\/notizie\\\/emilia-romagna-nuova-tappa-delle-settimane-gastronomiche-regionali-a-madrid\\\/#primaryimage\"},\"image\":{\"@id\":\"https:\\\/\\\/italcamara-es.com\\\/it\\\/notizie\\\/emilia-romagna-nuova-tappa-delle-settimane-gastronomiche-regionali-a-madrid\\\/#primaryimage\"},\"thumbnailUrl\":\"https:\\\/\\\/italcamara-es.com\\\/wp-content\\\/uploads\\\/2025\\\/03\\\/cenaregionale500.jpg\",\"datePublished\":\"2021-05-24T09:41:17+00:00\",\"author\":{\"@id\":\"https:\\\/\\\/italcamara-es.com\\\/#\\\/schema\\\/person\\\/bb3c56263e405bbd9a15171dcfee93bb\"},\"breadcrumb\":{\"@id\":\"https:\\\/\\\/italcamara-es.com\\\/it\\\/notizie\\\/emilia-romagna-nuova-tappa-delle-settimane-gastronomiche-regionali-a-madrid\\\/#breadcrumb\"},\"inLanguage\":\"it-IT\",\"potentialAction\":[{\"@type\":\"ReadAction\",\"target\":[\"https:\\\/\\\/italcamara-es.com\\\/it\\\/notizie\\\/emilia-romagna-nuova-tappa-delle-settimane-gastronomiche-regionali-a-madrid\\\/\"]}]},{\"@type\":\"ImageObject\",\"inLanguage\":\"it-IT\",\"@id\":\"https:\\\/\\\/italcamara-es.com\\\/it\\\/notizie\\\/emilia-romagna-nuova-tappa-delle-settimane-gastronomiche-regionali-a-madrid\\\/#primaryimage\",\"url\":\"https:\\\/\\\/italcamara-es.com\\\/wp-content\\\/uploads\\\/2025\\\/03\\\/cenaregionale500.jpg\",\"contentUrl\":\"https:\\\/\\\/italcamara-es.com\\\/wp-content\\\/uploads\\\/2025\\\/03\\\/cenaregionale500.jpg\",\"width\":500,\"height\":280},{\"@type\":\"BreadcrumbList\",\"@id\":\"https:\\\/\\\/italcamara-es.com\\\/it\\\/notizie\\\/emilia-romagna-nuova-tappa-delle-settimane-gastronomiche-regionali-a-madrid\\\/#breadcrumb\",\"itemListElement\":[{\"@type\":\"ListItem\",\"position\":1,\"name\":\"Inicio\",\"item\":\"https:\\\/\\\/italcamara-es.com\\\/it\\\/homepage-ita\\\/\"},{\"@type\":\"ListItem\",\"position\":2,\"name\":\"Emilia Romagna: nuova tappa delle Settimane Gastronomiche Regionali a Madrid\"}]},{\"@type\":\"WebSite\",\"@id\":\"https:\\\/\\\/italcamara-es.com\\\/#website\",\"url\":\"https:\\\/\\\/italcamara-es.com\\\/\",\"name\":\"Italcamara\",\"description\":\"\",\"potentialAction\":[{\"@type\":\"SearchAction\",\"target\":{\"@type\":\"EntryPoint\",\"urlTemplate\":\"https:\\\/\\\/italcamara-es.com\\\/?s={search_term_string}\"},\"query-input\":{\"@type\":\"PropertyValueSpecification\",\"valueRequired\":true,\"valueName\":\"search_term_string\"}}],\"inLanguage\":\"it-IT\"},{\"@type\":\"Person\",\"@id\":\"https:\\\/\\\/italcamara-es.com\\\/#\\\/schema\\\/person\\\/bb3c56263e405bbd9a15171dcfee93bb\",\"name\":\"administrador\",\"image\":{\"@type\":\"ImageObject\",\"inLanguage\":\"it-IT\",\"@id\":\"https:\\\/\\\/secure.gravatar.com\\\/avatar\\\/14b5e63db38320b12031bb28cf9f77e210aa71fb3a8a3602a3c9a05134fa75eb?s=96&d=mm&r=g\",\"url\":\"https:\\\/\\\/secure.gravatar.com\\\/avatar\\\/14b5e63db38320b12031bb28cf9f77e210aa71fb3a8a3602a3c9a05134fa75eb?s=96&d=mm&r=g\",\"contentUrl\":\"https:\\\/\\\/secure.gravatar.com\\\/avatar\\\/14b5e63db38320b12031bb28cf9f77e210aa71fb3a8a3602a3c9a05134fa75eb?s=96&d=mm&r=g\",\"caption\":\"administrador\"},\"sameAs\":[\"http:\\\/\\\/pre.italcamara-es.com\"],\"url\":\"https:\\\/\\\/italcamara-es.com\\\/it\\\/author\\\/administrador\\\/\"}]}<\/script>\n<!-- \/ Yoast SEO plugin. -->","yoast_head_json":{"title":"Emilia Romagna: nuova tappa delle Settimane Gastronomiche Regionali a Madrid - Italcamara","robots":{"index":"index","follow":"follow","max-snippet":"max-snippet:-1","max-image-preview":"max-image-preview:large","max-video-preview":"max-video-preview:-1"},"canonical":"https:\/\/italcamara-es.com\/it\/notizie\/emilia-romagna-nuova-tappa-delle-settimane-gastronomiche-regionali-a-madrid\/","og_locale":"it_IT","og_type":"article","og_title":"Emilia Romagna: nuova tappa delle Settimane Gastronomiche Regionali a Madrid - Italcamara","og_description":"Tornano a Madrid le Settimane Gastronomiche Regionali, iniziativa della Camera di Commercio e Industria Italiana per la Spagna (CCIS) che fa parte del progetto True Italian Taste. L&#8217;Emilia Romagna \u00e8 la regione protagonista di questa nuova tappa del viaggio gastronomico tra i sapori tipici e i prodotti della cucina regioonale italiana. In questa occasione, il [&hellip;]","og_url":"https:\/\/italcamara-es.com\/it\/notizie\/emilia-romagna-nuova-tappa-delle-settimane-gastronomiche-regionali-a-madrid\/","og_site_name":"Italcamara","article_published_time":"2021-05-24T09:41:17+00:00","og_image":[{"width":500,"height":280,"url":"https:\/\/italcamara-es.com\/wp-content\/uploads\/2025\/03\/cenaregionale500.jpg","type":"image\/jpeg"}],"author":"administrador","twitter_card":"summary_large_image","twitter_misc":{"Scritto da":"administrador","Tempo di lettura stimato":"2 minuti"},"schema":{"@context":"https:\/\/schema.org","@graph":[{"@type":"Article","@id":"https:\/\/italcamara-es.com\/it\/notizie\/emilia-romagna-nuova-tappa-delle-settimane-gastronomiche-regionali-a-madrid\/#article","isPartOf":{"@id":"https:\/\/italcamara-es.com\/it\/notizie\/emilia-romagna-nuova-tappa-delle-settimane-gastronomiche-regionali-a-madrid\/"},"author":{"name":"administrador","@id":"https:\/\/italcamara-es.com\/#\/schema\/person\/bb3c56263e405bbd9a15171dcfee93bb"},"headline":"Emilia Romagna: nuova tappa delle Settimane Gastronomiche Regionali a Madrid","datePublished":"2021-05-24T09:41:17+00:00","mainEntityOfPage":{"@id":"https:\/\/italcamara-es.com\/it\/notizie\/emilia-romagna-nuova-tappa-delle-settimane-gastronomiche-regionali-a-madrid\/"},"wordCount":499,"commentCount":0,"image":{"@id":"https:\/\/italcamara-es.com\/it\/notizie\/emilia-romagna-nuova-tappa-delle-settimane-gastronomiche-regionali-a-madrid\/#primaryimage"},"thumbnailUrl":"https:\/\/italcamara-es.com\/wp-content\/uploads\/2025\/03\/cenaregionale500.jpg","keywords":["Notizie di la CCIS"],"articleSection":["Notizie"],"inLanguage":"it-IT","potentialAction":[{"@type":"CommentAction","name":"Comment","target":["https:\/\/italcamara-es.com\/it\/notizie\/emilia-romagna-nuova-tappa-delle-settimane-gastronomiche-regionali-a-madrid\/#respond"]}]},{"@type":"WebPage","@id":"https:\/\/italcamara-es.com\/it\/notizie\/emilia-romagna-nuova-tappa-delle-settimane-gastronomiche-regionali-a-madrid\/","url":"https:\/\/italcamara-es.com\/it\/notizie\/emilia-romagna-nuova-tappa-delle-settimane-gastronomiche-regionali-a-madrid\/","name":"Emilia Romagna: nuova tappa delle Settimane Gastronomiche Regionali a Madrid - Italcamara","isPartOf":{"@id":"https:\/\/italcamara-es.com\/#website"},"primaryImageOfPage":{"@id":"https:\/\/italcamara-es.com\/it\/notizie\/emilia-romagna-nuova-tappa-delle-settimane-gastronomiche-regionali-a-madrid\/#primaryimage"},"image":{"@id":"https:\/\/italcamara-es.com\/it\/notizie\/emilia-romagna-nuova-tappa-delle-settimane-gastronomiche-regionali-a-madrid\/#primaryimage"},"thumbnailUrl":"https:\/\/italcamara-es.com\/wp-content\/uploads\/2025\/03\/cenaregionale500.jpg","datePublished":"2021-05-24T09:41:17+00:00","author":{"@id":"https:\/\/italcamara-es.com\/#\/schema\/person\/bb3c56263e405bbd9a15171dcfee93bb"},"breadcrumb":{"@id":"https:\/\/italcamara-es.com\/it\/notizie\/emilia-romagna-nuova-tappa-delle-settimane-gastronomiche-regionali-a-madrid\/#breadcrumb"},"inLanguage":"it-IT","potentialAction":[{"@type":"ReadAction","target":["https:\/\/italcamara-es.com\/it\/notizie\/emilia-romagna-nuova-tappa-delle-settimane-gastronomiche-regionali-a-madrid\/"]}]},{"@type":"ImageObject","inLanguage":"it-IT","@id":"https:\/\/italcamara-es.com\/it\/notizie\/emilia-romagna-nuova-tappa-delle-settimane-gastronomiche-regionali-a-madrid\/#primaryimage","url":"https:\/\/italcamara-es.com\/wp-content\/uploads\/2025\/03\/cenaregionale500.jpg","contentUrl":"https:\/\/italcamara-es.com\/wp-content\/uploads\/2025\/03\/cenaregionale500.jpg","width":500,"height":280},{"@type":"BreadcrumbList","@id":"https:\/\/italcamara-es.com\/it\/notizie\/emilia-romagna-nuova-tappa-delle-settimane-gastronomiche-regionali-a-madrid\/#breadcrumb","itemListElement":[{"@type":"ListItem","position":1,"name":"Inicio","item":"https:\/\/italcamara-es.com\/it\/homepage-ita\/"},{"@type":"ListItem","position":2,"name":"Emilia Romagna: nuova tappa delle Settimane Gastronomiche Regionali a Madrid"}]},{"@type":"WebSite","@id":"https:\/\/italcamara-es.com\/#website","url":"https:\/\/italcamara-es.com\/","name":"Italcamara","description":"","potentialAction":[{"@type":"SearchAction","target":{"@type":"EntryPoint","urlTemplate":"https:\/\/italcamara-es.com\/?s={search_term_string}"},"query-input":{"@type":"PropertyValueSpecification","valueRequired":true,"valueName":"search_term_string"}}],"inLanguage":"it-IT"},{"@type":"Person","@id":"https:\/\/italcamara-es.com\/#\/schema\/person\/bb3c56263e405bbd9a15171dcfee93bb","name":"administrador","image":{"@type":"ImageObject","inLanguage":"it-IT","@id":"https:\/\/secure.gravatar.com\/avatar\/14b5e63db38320b12031bb28cf9f77e210aa71fb3a8a3602a3c9a05134fa75eb?s=96&d=mm&r=g","url":"https:\/\/secure.gravatar.com\/avatar\/14b5e63db38320b12031bb28cf9f77e210aa71fb3a8a3602a3c9a05134fa75eb?s=96&d=mm&r=g","contentUrl":"https:\/\/secure.gravatar.com\/avatar\/14b5e63db38320b12031bb28cf9f77e210aa71fb3a8a3602a3c9a05134fa75eb?s=96&d=mm&r=g","caption":"administrador"},"sameAs":["http:\/\/pre.italcamara-es.com"],"url":"https:\/\/italcamara-es.com\/it\/author\/administrador\/"}]}},"rttpg_featured_image_url":{"full":["https:\/\/italcamara-es.com\/wp-content\/uploads\/2025\/03\/cenaregionale500.jpg",500,280,false],"landscape":["https:\/\/italcamara-es.com\/wp-content\/uploads\/2025\/03\/cenaregionale500.jpg",500,280,false],"portraits":["https:\/\/italcamara-es.com\/wp-content\/uploads\/2025\/03\/cenaregionale500.jpg",500,280,false],"thumbnail":["https:\/\/italcamara-es.com\/wp-content\/uploads\/2025\/03\/cenaregionale500-150x150.jpg",150,150,true],"medium":["https:\/\/italcamara-es.com\/wp-content\/uploads\/2025\/03\/cenaregionale500-300x168.jpg",300,168,true],"large":["https:\/\/italcamara-es.com\/wp-content\/uploads\/2025\/03\/cenaregionale500.jpg",500,280,false],"1536x1536":["https:\/\/italcamara-es.com\/wp-content\/uploads\/2025\/03\/cenaregionale500.jpg",500,280,false],"2048x2048":["https:\/\/italcamara-es.com\/wp-content\/uploads\/2025\/03\/cenaregionale500.jpg",500,280,false],"ocean-thumb-m":["https:\/\/italcamara-es.com\/wp-content\/uploads\/2025\/03\/cenaregionale500.jpg",500,280,false],"ocean-thumb-ml":["https:\/\/italcamara-es.com\/wp-content\/uploads\/2025\/03\/cenaregionale500.jpg",500,280,false],"ocean-thumb-l":["https:\/\/italcamara-es.com\/wp-content\/uploads\/2025\/03\/cenaregionale500.jpg",500,280,false],"directorist_preview":["https:\/\/italcamara-es.com\/wp-content\/uploads\/2025\/03\/cenaregionale500.jpg",500,280,false]},"rttpg_author":{"display_name":"administrador","author_link":"https:\/\/italcamara-es.com\/it\/author\/administrador\/"},"rttpg_comment":0,"rttpg_category":"<a href=\"https:\/\/italcamara-es.com\/it\/category\/notizie\/\" rel=\"category tag\">Notizie<\/a>","rttpg_excerpt":"Tornano a Madrid le Settimane Gastronomiche Regionali, iniziativa della Camera di Commercio e Industria Italiana per la Spagna (CCIS) che fa parte del progetto True Italian Taste. L&#8217;Emilia Romagna \u00e8 la regione protagonista di questa nuova tappa del viaggio gastronomico tra i sapori tipici e i prodotti della cucina regioonale italiana. In questa occasione, il&hellip;","_links":{"self":[{"href":"https:\/\/italcamara-es.com\/it\/wp-json\/wp\/v2\/posts\/56259","targetHints":{"allow":["GET"]}}],"collection":[{"href":"https:\/\/italcamara-es.com\/it\/wp-json\/wp\/v2\/posts"}],"about":[{"href":"https:\/\/italcamara-es.com\/it\/wp-json\/wp\/v2\/types\/post"}],"author":[{"embeddable":true,"href":"https:\/\/italcamara-es.com\/it\/wp-json\/wp\/v2\/users\/1"}],"replies":[{"embeddable":true,"href":"https:\/\/italcamara-es.com\/it\/wp-json\/wp\/v2\/comments?post=56259"}],"version-history":[{"count":0,"href":"https:\/\/italcamara-es.com\/it\/wp-json\/wp\/v2\/posts\/56259\/revisions"}],"wp:featuredmedia":[{"embeddable":true,"href":"https:\/\/italcamara-es.com\/it\/wp-json\/wp\/v2\/media\/54942"}],"wp:attachment":[{"href":"https:\/\/italcamara-es.com\/it\/wp-json\/wp\/v2\/media?parent=56259"}],"wp:term":[{"taxonomy":"category","embeddable":true,"href":"https:\/\/italcamara-es.com\/it\/wp-json\/wp\/v2\/categories?post=56259"},{"taxonomy":"post_tag","embeddable":true,"href":"https:\/\/italcamara-es.com\/it\/wp-json\/wp\/v2\/tags?post=56259"}],"curies":[{"name":"wp","href":"https:\/\/api.w.org\/{rel}","templated":true}]}}