	{"id":56269,"date":"2021-07-06T11:53:28","date_gmt":"2021-07-06T09:53:28","guid":{"rendered":"http:\/\/pre.italcamara-es.com\/senza-categoria\/sono-oltre-40-i-prodotti-italiani-autentici-esposti-nello-store-true-italian-taste-nel-mercado-de-chamberi\/"},"modified":"2021-07-06T11:53:28","modified_gmt":"2021-07-06T09:53:28","slug":"sono-oltre-40-i-prodotti-italiani-autentici-esposti-nello-store-true-italian-taste-nel-mercado-de-chamberi","status":"publish","type":"post","link":"https:\/\/italcamara-es.com\/it\/notizie\/sono-oltre-40-i-prodotti-italiani-autentici-esposti-nello-store-true-italian-taste-nel-mercado-de-chamberi\/","title":{"rendered":"Sono oltre 40 i prodotti italiani autentici esposti nello store \u201cTrue Italian Taste\u201d nel Mercado de Chamber\u00ed"},"content":{"rendered":"\n<p>Dalla seconda\nmet\u00e0 dello scorso mese di maggio la Camera di Commercio e Industria Italiana\nper la Spagna (CCIS) gestisce uno stand di promozione&nbsp; di prodotti italiani autentici all\u2019interno\ndello storico <em>Mercado de Chamber\u00ec <\/em>a\nMadrid, uno dei principali punti di riferimento per gli amanti della\ngastronomia di qualit\u00e0.<\/p>\n\n\n\n<div class=\"wp-block-image\"><figure class=\"aligncenter\"><img decoding=\"async\" src=\"https:\/\/www.italcamara-es.com\/wp-content\/uploads\/2021\/07\/CCI-54-1.jpg\" alt=\"\" class=\"wp-image-28165\"\/><\/figure><\/div>\n\n\n\n<p>L\u2019obiettivo\n\u00e8&nbsp; quello di favorire l\u2019ingresso nel\nmercato spagnolo delle aziende italiane produttrici coinvolte nell\u2019iniziativa,\nattraverso una previa azione di promozione e testing dei prodotti sul\nconsumatore finale.<\/p>\n\n\n\n<p>Al momento sono &nbsp;11 le imprese produttrici che hanno aderito\nall\u2019iniziativa, per un totale di oltre 40 prodotti &nbsp;di diverse tipologie presenti nel gourmet store\n\u201c<strong>True Italian Taste<\/strong>\u201d gestito dalla\nCCIS: dai formaggi dell\u2019azienda veneta <em>Brazzale<\/em>,\nai salumi campani di <em>Paesanello<\/em>,\npassando per i vini dell\u2019<em>Azienda Agricola\nVilla Bottona<\/em>, le deliziose creme al pistacchio della siciliana <em>Bacco<\/em>, i funghi secchi ed i risotti\npronti della vicentina <em>Primizie Food<\/em>\ne la vasta gamma di sughi e conserve delle imprese <em>Only Good Italy<\/em>, <em>Biosila<\/em>\ne <em>Martino &amp; Saporita<\/em>, senza\ndimenticare i vari formati di pasta secca delle aziende <em>Astorino Pasta<\/em> e <em>Pastificio\nFiorillo<\/em> ed i prodotti da forno di <em>Pais\u00e1\nFood<\/em>. <\/p>\n\n\n\n<ul class=\"wp-block-gallery columns-3 is-cropped wp-block-gallery-1 is-layout-flex wp-block-gallery-is-layout-flex\"><li class=\"blocks-gallery-item\"><figure><img decoding=\"async\" src=\"https:\/\/www.italcamara-es.com\/wp-content\/uploads\/2021\/07\/CCI-14-1.jpg\" alt=\"\" data-id=\"28166\" data-link=\"https:\/\/www.italcamara-es.com\/?attachment_id=28166\" class=\"wp-image-28166\"\/><\/figure><\/li><li class=\"blocks-gallery-item\"><figure><img decoding=\"async\" src=\"https:\/\/www.italcamara-es.com\/wp-content\/uploads\/2021\/07\/CCI-45-1.jpg\" alt=\"\" data-id=\"28167\" data-link=\"https:\/\/www.italcamara-es.com\/?attachment_id=28167\" class=\"wp-image-28167\"\/><\/figure><\/li><li class=\"blocks-gallery-item\"><figure><img decoding=\"async\" src=\"https:\/\/www.italcamara-es.com\/wp-content\/uploads\/2021\/07\/onlygooditaly-y-Calabria-Food-1.jpg\" alt=\"\" data-id=\"28168\" data-link=\"https:\/\/www.italcamara-es.com\/?attachment_id=28168\" class=\"wp-image-28168\"\/><\/figure><\/li><li class=\"blocks-gallery-item\"><figure><img decoding=\"async\" src=\"https:\/\/www.italcamara-es.com\/wp-content\/uploads\/2021\/07\/CCI-41-1.jpg\" alt=\"\" data-id=\"28169\" data-link=\"https:\/\/www.italcamara-es.com\/?attachment_id=28169\" class=\"wp-image-28169\"\/><\/figure><\/li><li class=\"blocks-gallery-item\"><figure><img decoding=\"async\" src=\"https:\/\/www.italcamara-es.com\/wp-content\/uploads\/2021\/07\/CCI-48-1.jpg\" alt=\"\" data-id=\"28170\" data-link=\"https:\/\/www.italcamara-es.com\/?attachment_id=28170\" class=\"wp-image-28170\"\/><\/figure><\/li><li class=\"blocks-gallery-item\"><figure><img decoding=\"async\" src=\"https:\/\/www.italcamara-es.com\/wp-content\/uploads\/2021\/07\/CCI-9-1.jpg\" alt=\"\" data-id=\"28171\" data-link=\"https:\/\/www.italcamara-es.com\/?attachment_id=28171\" class=\"wp-image-28171\"\/><\/figure><\/li><li class=\"blocks-gallery-item\"><figure><img decoding=\"async\" src=\"https:\/\/www.italcamara-es.com\/wp-content\/uploads\/2021\/07\/CCI-6-1.jpg\" alt=\"\" data-id=\"28172\" data-link=\"https:\/\/www.italcamara-es.com\/?attachment_id=28172\" class=\"wp-image-28172\"\/><\/figure><\/li><li class=\"blocks-gallery-item\"><figure><img decoding=\"async\" src=\"https:\/\/www.italcamara-es.com\/wp-content\/uploads\/2021\/07\/CCI-19-1.jpg\" alt=\"\" data-id=\"28173\" data-link=\"https:\/\/www.italcamara-es.com\/?attachment_id=28173\" class=\"wp-image-28173\"\/><\/figure><\/li><li class=\"blocks-gallery-item\"><figure><img decoding=\"async\" src=\"https:\/\/www.italcamara-es.com\/wp-content\/uploads\/2021\/07\/CCI-52.jpg\" alt=\"\" data-id=\"28174\" data-link=\"https:\/\/www.italcamara-es.com\/?attachment_id=28174\" class=\"wp-image-28174\"\/><\/figure><\/li><\/ul>\n\n\n\n<p>Lo store gestito dalla CCIS sar\u00e0 attivo fino alla fine di settembre. Prende il nome dal progetto \u201c<strong><a href=\"http:\/\/www.100autentico.es\/\">True Italian Taste<\/a><\/strong>\u201d, per la valorizzazione del prodotto italiano autentico nel mondo, &nbsp;finanziato dal Ministero degli Affari Esteri e della Cooperazione Internazionale e gestito da Assocamerestero.<\/p>\n\n\n\n<div class=\"wp-block-image\"><figure class=\"aligncenter is-resized\"><img decoding=\"async\" src=\"https:\/\/www.italcamara-es.com\/wp-content\/uploads\/2021\/07\/CCI-69-2.jpg\" alt=\"\" class=\"wp-image-28175\" width=\"500\"\/><\/figure><\/div>\n\n\n\n<p><strong>Informazioni sullo store\u00a0&#8220;True\u00a0Italian\u00a0Taste&#8221;<\/strong><\/p>\n\n\n\n<p><em>Indirizzo:<\/em> Mercado de Chamber\u00ed &#8211;  Calle de Alonso Cano, 10, 28010 Madrid &#8211; Stand n\u00ba4<\/p>\n\n\n\n<p><em>Orario:<\/em><br>&#8211; Luned\u00ec: 10 &#8211; 14<br>&#8211; Da marted\u00ec a gioved\u00ec: 10-14 e 17:30 &#8211; 20 <br>&#8211; Venerd\u00ec e Sabato: 10-14 e 17:30 &#8211; 22<\/p>\n","protected":false},"excerpt":{"rendered":"<p>Dalla seconda met\u00e0 dello scorso mese di maggio la Camera di Commercio e Industria Italiana per la Spagna (CCIS) gestisce uno stand di promozione&nbsp; di prodotti italiani autentici all\u2019interno dello storico Mercado de Chamber\u00ec a Madrid, uno dei principali punti di riferimento per gli amanti della gastronomia di qualit\u00e0. L\u2019obiettivo \u00e8&nbsp; quello di favorire l\u2019ingresso [&hellip;]<\/p>\n","protected":false},"author":1,"featured_media":0,"comment_status":"open","ping_status":"open","sticky":false,"template":"","format":"standard","meta":{"inline_featured_image":false,"ocean_post_layout":"","ocean_both_sidebars_style":"","ocean_both_sidebars_content_width":0,"ocean_both_sidebars_sidebars_width":0,"ocean_sidebar":"","ocean_second_sidebar":"","ocean_disable_margins":"enable","ocean_add_body_class":"","ocean_shortcode_before_top_bar":"","ocean_shortcode_after_top_bar":"","ocean_shortcode_before_header":"","ocean_shortcode_after_header":"","ocean_has_shortcode":"","ocean_shortcode_after_title":"","ocean_shortcode_before_footer_widgets":"","ocean_shortcode_after_footer_widgets":"","ocean_shortcode_before_footer_bottom":"","ocean_shortcode_after_footer_bottom":"","ocean_display_top_bar":"default","ocean_display_header":"default","ocean_header_style":"","ocean_center_header_left_menu":"","ocean_custom_header_template":"","ocean_custom_logo":0,"ocean_custom_retina_logo":0,"ocean_custom_logo_max_width":0,"ocean_custom_logo_tablet_max_width":0,"ocean_custom_logo_mobile_max_width":0,"ocean_custom_logo_max_height":0,"ocean_custom_logo_tablet_max_height":0,"ocean_custom_logo_mobile_max_height":0,"ocean_header_custom_menu":"","ocean_menu_typo_font_family":"","ocean_menu_typo_font_subset":"","ocean_menu_typo_font_size":0,"ocean_menu_typo_font_size_tablet":0,"ocean_menu_typo_font_size_mobile":0,"ocean_menu_typo_font_size_unit":"px","ocean_menu_typo_font_weight":"","ocean_menu_typo_font_weight_tablet":"","ocean_menu_typo_font_weight_mobile":"","ocean_menu_typo_transform":"","ocean_menu_typo_transform_tablet":"","ocean_menu_typo_transform_mobile":"","ocean_menu_typo_line_height":0,"ocean_menu_typo_line_height_tablet":0,"ocean_menu_typo_line_height_mobile":0,"ocean_menu_typo_line_height_unit":"","ocean_menu_typo_spacing":0,"ocean_menu_typo_spacing_tablet":0,"ocean_menu_typo_spacing_mobile":0,"ocean_menu_typo_spacing_unit":"","ocean_menu_link_color":"","ocean_menu_link_color_hover":"","ocean_menu_link_color_active":"","ocean_menu_link_background":"","ocean_menu_link_hover_background":"","ocean_menu_link_active_background":"","ocean_menu_social_links_bg":"","ocean_menu_social_hover_links_bg":"","ocean_menu_social_links_color":"","ocean_menu_social_hover_links_color":"","ocean_disable_title":"default","ocean_disable_heading":"default","ocean_post_title":"","ocean_post_subheading":"","ocean_post_title_style":"","ocean_post_title_background_color":"","ocean_post_title_background":0,"ocean_post_title_bg_image_position":"","ocean_post_title_bg_image_attachment":"","ocean_post_title_bg_image_repeat":"","ocean_post_title_bg_image_size":"","ocean_post_title_height":0,"ocean_post_title_bg_overlay":0.5,"ocean_post_title_bg_overlay_color":"","ocean_disable_breadcrumbs":"default","ocean_breadcrumbs_color":"","ocean_breadcrumbs_separator_color":"","ocean_breadcrumbs_links_color":"","ocean_breadcrumbs_links_hover_color":"","ocean_display_footer_widgets":"default","ocean_display_footer_bottom":"default","ocean_custom_footer_template":"","ocean_post_oembed":"","ocean_post_self_hosted_media":"","ocean_post_video_embed":"","ocean_link_format":"","ocean_link_format_target":"self","ocean_quote_format":"","ocean_quote_format_link":"post","ocean_gallery_link_images":"on","ocean_gallery_id":[],"footnotes":""},"categories":[133],"tags":[139],"class_list":["post-56269","post","type-post","status-publish","format-standard","hentry","category-notizie","tag-notizie-di-la-ccis","entry"],"yoast_head":"<!-- This site is optimized with the Yoast SEO plugin v27.4 - https:\/\/yoast.com\/product\/yoast-seo-wordpress\/ -->\n<title>Sono oltre 40 i prodotti italiani autentici esposti nello store \u201cTrue Italian Taste\u201d nel Mercado de Chamber\u00ed - Italcamara<\/title>\n<meta name=\"robots\" content=\"index, follow, max-snippet:-1, max-image-preview:large, max-video-preview:-1\" \/>\n<link rel=\"canonical\" href=\"https:\/\/italcamara-es.com\/it\/notizie\/sono-oltre-40-i-prodotti-italiani-autentici-esposti-nello-store-true-italian-taste-nel-mercado-de-chamberi\/\" \/>\n<meta property=\"og:locale\" content=\"it_IT\" \/>\n<meta property=\"og:type\" content=\"article\" \/>\n<meta property=\"og:title\" content=\"Sono oltre 40 i prodotti italiani autentici esposti nello store \u201cTrue Italian Taste\u201d nel Mercado de Chamber\u00ed - Italcamara\" \/>\n<meta property=\"og:description\" content=\"Dalla seconda met\u00e0 dello scorso mese di maggio la Camera di Commercio e Industria Italiana per la Spagna (CCIS) gestisce uno stand di promozione&nbsp; di prodotti italiani autentici all\u2019interno dello storico Mercado de Chamber\u00ec a Madrid, uno dei principali punti di riferimento per gli amanti della gastronomia di qualit\u00e0. L\u2019obiettivo \u00e8&nbsp; quello di favorire l\u2019ingresso [&hellip;]\" \/>\n<meta property=\"og:url\" content=\"https:\/\/italcamara-es.com\/it\/notizie\/sono-oltre-40-i-prodotti-italiani-autentici-esposti-nello-store-true-italian-taste-nel-mercado-de-chamberi\/\" \/>\n<meta property=\"og:site_name\" content=\"Italcamara\" \/>\n<meta property=\"article:published_time\" content=\"2021-07-06T09:53:28+00:00\" \/>\n<meta property=\"og:image\" content=\"https:\/\/www.italcamara-es.com\/wp-content\/uploads\/2021\/07\/CCI-54-1.jpg\" \/>\n<meta name=\"author\" content=\"administrador\" \/>\n<meta name=\"twitter:card\" content=\"summary_large_image\" \/>\n<meta name=\"twitter:label1\" content=\"Scritto da\" \/>\n\t<meta name=\"twitter:data1\" content=\"administrador\" \/>\n\t<meta name=\"twitter:label2\" content=\"Tempo di lettura stimato\" \/>\n\t<meta name=\"twitter:data2\" content=\"1 minuto\" \/>\n<script type=\"application\/ld+json\" class=\"yoast-schema-graph\">{\"@context\":\"https:\\\/\\\/schema.org\",\"@graph\":[{\"@type\":\"Article\",\"@id\":\"https:\\\/\\\/italcamara-es.com\\\/it\\\/notizie\\\/sono-oltre-40-i-prodotti-italiani-autentici-esposti-nello-store-true-italian-taste-nel-mercado-de-chamberi\\\/#article\",\"isPartOf\":{\"@id\":\"https:\\\/\\\/italcamara-es.com\\\/it\\\/notizie\\\/sono-oltre-40-i-prodotti-italiani-autentici-esposti-nello-store-true-italian-taste-nel-mercado-de-chamberi\\\/\"},\"author\":{\"name\":\"administrador\",\"@id\":\"https:\\\/\\\/italcamara-es.com\\\/#\\\/schema\\\/person\\\/bb3c56263e405bbd9a15171dcfee93bb\"},\"headline\":\"Sono oltre 40 i prodotti italiani autentici esposti nello store \u201cTrue Italian Taste\u201d nel Mercado de Chamber\u00ed\",\"datePublished\":\"2021-07-06T09:53:28+00:00\",\"mainEntityOfPage\":{\"@id\":\"https:\\\/\\\/italcamara-es.com\\\/it\\\/notizie\\\/sono-oltre-40-i-prodotti-italiani-autentici-esposti-nello-store-true-italian-taste-nel-mercado-de-chamberi\\\/\"},\"wordCount\":292,\"commentCount\":0,\"image\":{\"@id\":\"https:\\\/\\\/italcamara-es.com\\\/it\\\/notizie\\\/sono-oltre-40-i-prodotti-italiani-autentici-esposti-nello-store-true-italian-taste-nel-mercado-de-chamberi\\\/#primaryimage\"},\"thumbnailUrl\":\"https:\\\/\\\/www.italcamara-es.com\\\/wp-content\\\/uploads\\\/2021\\\/07\\\/CCI-54-1.jpg\",\"keywords\":[\"Notizie di la CCIS\"],\"articleSection\":[\"Notizie\"],\"inLanguage\":\"it-IT\",\"potentialAction\":[{\"@type\":\"CommentAction\",\"name\":\"Comment\",\"target\":[\"https:\\\/\\\/italcamara-es.com\\\/it\\\/notizie\\\/sono-oltre-40-i-prodotti-italiani-autentici-esposti-nello-store-true-italian-taste-nel-mercado-de-chamberi\\\/#respond\"]}]},{\"@type\":\"WebPage\",\"@id\":\"https:\\\/\\\/italcamara-es.com\\\/it\\\/notizie\\\/sono-oltre-40-i-prodotti-italiani-autentici-esposti-nello-store-true-italian-taste-nel-mercado-de-chamberi\\\/\",\"url\":\"https:\\\/\\\/italcamara-es.com\\\/it\\\/notizie\\\/sono-oltre-40-i-prodotti-italiani-autentici-esposti-nello-store-true-italian-taste-nel-mercado-de-chamberi\\\/\",\"name\":\"Sono oltre 40 i prodotti italiani autentici esposti nello store \u201cTrue Italian Taste\u201d nel Mercado de Chamber\u00ed - Italcamara\",\"isPartOf\":{\"@id\":\"https:\\\/\\\/italcamara-es.com\\\/#website\"},\"primaryImageOfPage\":{\"@id\":\"https:\\\/\\\/italcamara-es.com\\\/it\\\/notizie\\\/sono-oltre-40-i-prodotti-italiani-autentici-esposti-nello-store-true-italian-taste-nel-mercado-de-chamberi\\\/#primaryimage\"},\"image\":{\"@id\":\"https:\\\/\\\/italcamara-es.com\\\/it\\\/notizie\\\/sono-oltre-40-i-prodotti-italiani-autentici-esposti-nello-store-true-italian-taste-nel-mercado-de-chamberi\\\/#primaryimage\"},\"thumbnailUrl\":\"https:\\\/\\\/www.italcamara-es.com\\\/wp-content\\\/uploads\\\/2021\\\/07\\\/CCI-54-1.jpg\",\"datePublished\":\"2021-07-06T09:53:28+00:00\",\"author\":{\"@id\":\"https:\\\/\\\/italcamara-es.com\\\/#\\\/schema\\\/person\\\/bb3c56263e405bbd9a15171dcfee93bb\"},\"breadcrumb\":{\"@id\":\"https:\\\/\\\/italcamara-es.com\\\/it\\\/notizie\\\/sono-oltre-40-i-prodotti-italiani-autentici-esposti-nello-store-true-italian-taste-nel-mercado-de-chamberi\\\/#breadcrumb\"},\"inLanguage\":\"it-IT\",\"potentialAction\":[{\"@type\":\"ReadAction\",\"target\":[\"https:\\\/\\\/italcamara-es.com\\\/it\\\/notizie\\\/sono-oltre-40-i-prodotti-italiani-autentici-esposti-nello-store-true-italian-taste-nel-mercado-de-chamberi\\\/\"]}]},{\"@type\":\"ImageObject\",\"inLanguage\":\"it-IT\",\"@id\":\"https:\\\/\\\/italcamara-es.com\\\/it\\\/notizie\\\/sono-oltre-40-i-prodotti-italiani-autentici-esposti-nello-store-true-italian-taste-nel-mercado-de-chamberi\\\/#primaryimage\",\"url\":\"https:\\\/\\\/www.italcamara-es.com\\\/wp-content\\\/uploads\\\/2021\\\/07\\\/CCI-54-1.jpg\",\"contentUrl\":\"https:\\\/\\\/www.italcamara-es.com\\\/wp-content\\\/uploads\\\/2021\\\/07\\\/CCI-54-1.jpg\"},{\"@type\":\"BreadcrumbList\",\"@id\":\"https:\\\/\\\/italcamara-es.com\\\/it\\\/notizie\\\/sono-oltre-40-i-prodotti-italiani-autentici-esposti-nello-store-true-italian-taste-nel-mercado-de-chamberi\\\/#breadcrumb\",\"itemListElement\":[{\"@type\":\"ListItem\",\"position\":1,\"name\":\"Inicio\",\"item\":\"https:\\\/\\\/italcamara-es.com\\\/it\\\/homepage-ita\\\/\"},{\"@type\":\"ListItem\",\"position\":2,\"name\":\"Sono oltre 40 i prodotti italiani autentici esposti nello store \u201cTrue Italian Taste\u201d nel Mercado de Chamber\u00ed\"}]},{\"@type\":\"WebSite\",\"@id\":\"https:\\\/\\\/italcamara-es.com\\\/#website\",\"url\":\"https:\\\/\\\/italcamara-es.com\\\/\",\"name\":\"Italcamara\",\"description\":\"\",\"potentialAction\":[{\"@type\":\"SearchAction\",\"target\":{\"@type\":\"EntryPoint\",\"urlTemplate\":\"https:\\\/\\\/italcamara-es.com\\\/?s={search_term_string}\"},\"query-input\":{\"@type\":\"PropertyValueSpecification\",\"valueRequired\":true,\"valueName\":\"search_term_string\"}}],\"inLanguage\":\"it-IT\"},{\"@type\":\"Person\",\"@id\":\"https:\\\/\\\/italcamara-es.com\\\/#\\\/schema\\\/person\\\/bb3c56263e405bbd9a15171dcfee93bb\",\"name\":\"administrador\",\"image\":{\"@type\":\"ImageObject\",\"inLanguage\":\"it-IT\",\"@id\":\"https:\\\/\\\/secure.gravatar.com\\\/avatar\\\/14b5e63db38320b12031bb28cf9f77e210aa71fb3a8a3602a3c9a05134fa75eb?s=96&d=mm&r=g\",\"url\":\"https:\\\/\\\/secure.gravatar.com\\\/avatar\\\/14b5e63db38320b12031bb28cf9f77e210aa71fb3a8a3602a3c9a05134fa75eb?s=96&d=mm&r=g\",\"contentUrl\":\"https:\\\/\\\/secure.gravatar.com\\\/avatar\\\/14b5e63db38320b12031bb28cf9f77e210aa71fb3a8a3602a3c9a05134fa75eb?s=96&d=mm&r=g\",\"caption\":\"administrador\"},\"sameAs\":[\"http:\\\/\\\/pre.italcamara-es.com\"],\"url\":\"https:\\\/\\\/italcamara-es.com\\\/it\\\/author\\\/administrador\\\/\"}]}<\/script>\n<!-- \/ Yoast SEO plugin. -->","yoast_head_json":{"title":"Sono oltre 40 i prodotti italiani autentici esposti nello store \u201cTrue Italian Taste\u201d nel Mercado de Chamber\u00ed - Italcamara","robots":{"index":"index","follow":"follow","max-snippet":"max-snippet:-1","max-image-preview":"max-image-preview:large","max-video-preview":"max-video-preview:-1"},"canonical":"https:\/\/italcamara-es.com\/it\/notizie\/sono-oltre-40-i-prodotti-italiani-autentici-esposti-nello-store-true-italian-taste-nel-mercado-de-chamberi\/","og_locale":"it_IT","og_type":"article","og_title":"Sono oltre 40 i prodotti italiani autentici esposti nello store \u201cTrue Italian Taste\u201d nel Mercado de Chamber\u00ed - Italcamara","og_description":"Dalla seconda met\u00e0 dello scorso mese di maggio la Camera di Commercio e Industria Italiana per la Spagna (CCIS) gestisce uno stand di promozione&nbsp; di prodotti italiani autentici all\u2019interno dello storico Mercado de Chamber\u00ec a Madrid, uno dei principali punti di riferimento per gli amanti della gastronomia di qualit\u00e0. L\u2019obiettivo \u00e8&nbsp; quello di favorire l\u2019ingresso [&hellip;]","og_url":"https:\/\/italcamara-es.com\/it\/notizie\/sono-oltre-40-i-prodotti-italiani-autentici-esposti-nello-store-true-italian-taste-nel-mercado-de-chamberi\/","og_site_name":"Italcamara","article_published_time":"2021-07-06T09:53:28+00:00","og_image":[{"url":"https:\/\/www.italcamara-es.com\/wp-content\/uploads\/2021\/07\/CCI-54-1.jpg","type":"","width":"","height":""}],"author":"administrador","twitter_card":"summary_large_image","twitter_misc":{"Scritto da":"administrador","Tempo di lettura stimato":"1 minuto"},"schema":{"@context":"https:\/\/schema.org","@graph":[{"@type":"Article","@id":"https:\/\/italcamara-es.com\/it\/notizie\/sono-oltre-40-i-prodotti-italiani-autentici-esposti-nello-store-true-italian-taste-nel-mercado-de-chamberi\/#article","isPartOf":{"@id":"https:\/\/italcamara-es.com\/it\/notizie\/sono-oltre-40-i-prodotti-italiani-autentici-esposti-nello-store-true-italian-taste-nel-mercado-de-chamberi\/"},"author":{"name":"administrador","@id":"https:\/\/italcamara-es.com\/#\/schema\/person\/bb3c56263e405bbd9a15171dcfee93bb"},"headline":"Sono oltre 40 i prodotti italiani autentici esposti nello store \u201cTrue Italian Taste\u201d nel Mercado de Chamber\u00ed","datePublished":"2021-07-06T09:53:28+00:00","mainEntityOfPage":{"@id":"https:\/\/italcamara-es.com\/it\/notizie\/sono-oltre-40-i-prodotti-italiani-autentici-esposti-nello-store-true-italian-taste-nel-mercado-de-chamberi\/"},"wordCount":292,"commentCount":0,"image":{"@id":"https:\/\/italcamara-es.com\/it\/notizie\/sono-oltre-40-i-prodotti-italiani-autentici-esposti-nello-store-true-italian-taste-nel-mercado-de-chamberi\/#primaryimage"},"thumbnailUrl":"https:\/\/www.italcamara-es.com\/wp-content\/uploads\/2021\/07\/CCI-54-1.jpg","keywords":["Notizie di la CCIS"],"articleSection":["Notizie"],"inLanguage":"it-IT","potentialAction":[{"@type":"CommentAction","name":"Comment","target":["https:\/\/italcamara-es.com\/it\/notizie\/sono-oltre-40-i-prodotti-italiani-autentici-esposti-nello-store-true-italian-taste-nel-mercado-de-chamberi\/#respond"]}]},{"@type":"WebPage","@id":"https:\/\/italcamara-es.com\/it\/notizie\/sono-oltre-40-i-prodotti-italiani-autentici-esposti-nello-store-true-italian-taste-nel-mercado-de-chamberi\/","url":"https:\/\/italcamara-es.com\/it\/notizie\/sono-oltre-40-i-prodotti-italiani-autentici-esposti-nello-store-true-italian-taste-nel-mercado-de-chamberi\/","name":"Sono oltre 40 i prodotti italiani autentici esposti nello store \u201cTrue Italian Taste\u201d nel Mercado de Chamber\u00ed - Italcamara","isPartOf":{"@id":"https:\/\/italcamara-es.com\/#website"},"primaryImageOfPage":{"@id":"https:\/\/italcamara-es.com\/it\/notizie\/sono-oltre-40-i-prodotti-italiani-autentici-esposti-nello-store-true-italian-taste-nel-mercado-de-chamberi\/#primaryimage"},"image":{"@id":"https:\/\/italcamara-es.com\/it\/notizie\/sono-oltre-40-i-prodotti-italiani-autentici-esposti-nello-store-true-italian-taste-nel-mercado-de-chamberi\/#primaryimage"},"thumbnailUrl":"https:\/\/www.italcamara-es.com\/wp-content\/uploads\/2021\/07\/CCI-54-1.jpg","datePublished":"2021-07-06T09:53:28+00:00","author":{"@id":"https:\/\/italcamara-es.com\/#\/schema\/person\/bb3c56263e405bbd9a15171dcfee93bb"},"breadcrumb":{"@id":"https:\/\/italcamara-es.com\/it\/notizie\/sono-oltre-40-i-prodotti-italiani-autentici-esposti-nello-store-true-italian-taste-nel-mercado-de-chamberi\/#breadcrumb"},"inLanguage":"it-IT","potentialAction":[{"@type":"ReadAction","target":["https:\/\/italcamara-es.com\/it\/notizie\/sono-oltre-40-i-prodotti-italiani-autentici-esposti-nello-store-true-italian-taste-nel-mercado-de-chamberi\/"]}]},{"@type":"ImageObject","inLanguage":"it-IT","@id":"https:\/\/italcamara-es.com\/it\/notizie\/sono-oltre-40-i-prodotti-italiani-autentici-esposti-nello-store-true-italian-taste-nel-mercado-de-chamberi\/#primaryimage","url":"https:\/\/www.italcamara-es.com\/wp-content\/uploads\/2021\/07\/CCI-54-1.jpg","contentUrl":"https:\/\/www.italcamara-es.com\/wp-content\/uploads\/2021\/07\/CCI-54-1.jpg"},{"@type":"BreadcrumbList","@id":"https:\/\/italcamara-es.com\/it\/notizie\/sono-oltre-40-i-prodotti-italiani-autentici-esposti-nello-store-true-italian-taste-nel-mercado-de-chamberi\/#breadcrumb","itemListElement":[{"@type":"ListItem","position":1,"name":"Inicio","item":"https:\/\/italcamara-es.com\/it\/homepage-ita\/"},{"@type":"ListItem","position":2,"name":"Sono oltre 40 i prodotti italiani autentici esposti nello store \u201cTrue Italian Taste\u201d nel Mercado de Chamber\u00ed"}]},{"@type":"WebSite","@id":"https:\/\/italcamara-es.com\/#website","url":"https:\/\/italcamara-es.com\/","name":"Italcamara","description":"","potentialAction":[{"@type":"SearchAction","target":{"@type":"EntryPoint","urlTemplate":"https:\/\/italcamara-es.com\/?s={search_term_string}"},"query-input":{"@type":"PropertyValueSpecification","valueRequired":true,"valueName":"search_term_string"}}],"inLanguage":"it-IT"},{"@type":"Person","@id":"https:\/\/italcamara-es.com\/#\/schema\/person\/bb3c56263e405bbd9a15171dcfee93bb","name":"administrador","image":{"@type":"ImageObject","inLanguage":"it-IT","@id":"https:\/\/secure.gravatar.com\/avatar\/14b5e63db38320b12031bb28cf9f77e210aa71fb3a8a3602a3c9a05134fa75eb?s=96&d=mm&r=g","url":"https:\/\/secure.gravatar.com\/avatar\/14b5e63db38320b12031bb28cf9f77e210aa71fb3a8a3602a3c9a05134fa75eb?s=96&d=mm&r=g","contentUrl":"https:\/\/secure.gravatar.com\/avatar\/14b5e63db38320b12031bb28cf9f77e210aa71fb3a8a3602a3c9a05134fa75eb?s=96&d=mm&r=g","caption":"administrador"},"sameAs":["http:\/\/pre.italcamara-es.com"],"url":"https:\/\/italcamara-es.com\/it\/author\/administrador\/"}]}},"rttpg_featured_image_url":null,"rttpg_author":{"display_name":"administrador","author_link":"https:\/\/italcamara-es.com\/it\/author\/administrador\/"},"rttpg_comment":0,"rttpg_category":"<a href=\"https:\/\/italcamara-es.com\/it\/category\/notizie\/\" rel=\"category tag\">Notizie<\/a>","rttpg_excerpt":"Dalla seconda met\u00e0 dello scorso mese di maggio la Camera di Commercio e Industria Italiana per la Spagna (CCIS) gestisce uno stand di promozione&nbsp; di prodotti italiani autentici all\u2019interno dello storico Mercado de Chamber\u00ec a Madrid, uno dei principali punti di riferimento per gli amanti della gastronomia di qualit\u00e0. L\u2019obiettivo \u00e8&nbsp; quello di favorire l\u2019ingresso&hellip;","_links":{"self":[{"href":"https:\/\/italcamara-es.com\/it\/wp-json\/wp\/v2\/posts\/56269","targetHints":{"allow":["GET"]}}],"collection":[{"href":"https:\/\/italcamara-es.com\/it\/wp-json\/wp\/v2\/posts"}],"about":[{"href":"https:\/\/italcamara-es.com\/it\/wp-json\/wp\/v2\/types\/post"}],"author":[{"embeddable":true,"href":"https:\/\/italcamara-es.com\/it\/wp-json\/wp\/v2\/users\/1"}],"replies":[{"embeddable":true,"href":"https:\/\/italcamara-es.com\/it\/wp-json\/wp\/v2\/comments?post=56269"}],"version-history":[{"count":0,"href":"https:\/\/italcamara-es.com\/it\/wp-json\/wp\/v2\/posts\/56269\/revisions"}],"wp:attachment":[{"href":"https:\/\/italcamara-es.com\/it\/wp-json\/wp\/v2\/media?parent=56269"}],"wp:term":[{"taxonomy":"category","embeddable":true,"href":"https:\/\/italcamara-es.com\/it\/wp-json\/wp\/v2\/categories?post=56269"},{"taxonomy":"post_tag","embeddable":true,"href":"https:\/\/italcamara-es.com\/it\/wp-json\/wp\/v2\/tags?post=56269"}],"curies":[{"name":"wp","href":"https:\/\/api.w.org\/{rel}","templated":true}]}}