	{"id":56294,"date":"2021-12-03T13:41:41","date_gmt":"2021-12-03T12:41:41","guid":{"rendered":"http:\/\/pre.italcamara-es.com\/senza-categoria\/il-ritorno-di-passioneitalia-segna-un-record-storico-di-presenze\/"},"modified":"2021-12-03T13:41:41","modified_gmt":"2021-12-03T12:41:41","slug":"il-ritorno-di-passioneitalia-segna-un-record-storico-di-presenze","status":"publish","type":"post","link":"https:\/\/italcamara-es.com\/it\/notizie\/il-ritorno-di-passioneitalia-segna-un-record-storico-di-presenze\/","title":{"rendered":"Il ritorno di #PassioneItalia segna un record storico di presenze"},"content":{"rendered":"\n<p><em>L\u2019edizione natalizia del grande evento di promozione del Made in Italy in Spagna \u00e8 tornata dopo due anni ed ha registrato la presenza di pi\u00f9 di 15.000 visitatori<\/em><\/p>\n\n\n\n<p>Al termine di una trepidante attesa durata due anni, <strong>#PassioneItalia<\/strong> \u00e8 tornata con un\u2019edizione natalizia con il sapore di \u201cnormalit\u00e0\u201d. L\u2019appuntamento con il Made in Italy, che si \u00e8 svolto presso il cortile della Scuola Italiana Madrid dal 26 al 28 novembre, ha accolto <strong>pi\u00f9 di 15.000 persone<\/strong>, attratte dalle proposte gastronomiche, culturali ed artigianali degli oltre 40 partecipanti dell\u2019evento. L\u2019evento \u00e8 stato realizzato in concomitanza con il <strong>Mercatino Solidale<\/strong> organizzato dalla Societ\u00e0 Italiana di Beneficenza, che, grazie al numero degli ingressi venduti, ha raccolto proventi da destinare ai progetti solidali che mette in campo durante l\u2019anno.<\/p>\n\n\n\n<figure class=\"wp-block-image\"><img decoding=\"async\" src=\"https:\/\/www.italcamara-es.com\/wp-content\/uploads\/2021\/12\/01-2-1024x683.jpg\" alt=\"\" class=\"wp-image-29264\"\/><\/figure>\n\n\n\n<p>Anche in questa edizione, #PassioneItalia si \u00e8 convertita in una grande vetrina per le <strong>imprese espositrici<\/strong>, che hanno proposto al pubblico locale prodotti tipici delle diverse Regioni d\u2019Italia e numerose ricette della tradizione gastronomica del Belpaese. L\u2019evento \u00e8 stato anche l\u2019occasione per testare sul pubblico locale tipologie di prodotti di aziende non ancora presenti sul mercato ed avere un riscontro sul grado di accettazione da parte dei consumatori locali.<\/p>\n\n\n\n<p>Inaugurato ufficialmente dall\u2019<strong>Ambasciatore d\u2019Italia<\/strong>, Riccardo Guariglia, accolto per l\u2019occasione dal coro della Scuola Italiana a Madrid, l\u2019evento si \u00e8 caratterizzato anche da un amplio programma di attivit\u00e0 collaterali che hanno fatto da contorno alle tre giornate di apertura. In particolare, va sottolineato il protagonismo della musica, con la presenza di <strong>ben 7 gruppi<\/strong>, che si sono alternati sul palco allestito appositamente,e che hanno regalato a partecipanti e visitatori versioni di grandi successi italiani e composizioni proprie.<\/p>\n\n\n\n<figure class=\"wp-block-image\"><img decoding=\"async\" src=\"https:\/\/www.italcamara-es.com\/wp-content\/uploads\/2021\/12\/70-1-1024x683.jpg\" alt=\"\" class=\"wp-image-29265\"\/><\/figure>\n\n\n\n<p>Il grande successo della manifestazione \u00e8 dimostrato anche dalla massiccia copertura mediatica, grazie alla presenza di troupe <strong>televisive locali e nazionali<\/strong>, che hanno voluto promuovere l\u2019evento nell\u2019ambito delle iniziative natalizie di particolare interesse organizzate nella capitale spagnola.<\/p>\n","protected":false},"excerpt":{"rendered":"<p>L\u2019edizione natalizia del grande evento di promozione del Made in Italy in Spagna \u00e8 tornata dopo due anni ed ha registrato la presenza di pi\u00f9 di 15.000 visitatori Al termine di una trepidante attesa durata due anni, #PassioneItalia \u00e8 tornata con un\u2019edizione natalizia con il sapore di \u201cnormalit\u00e0\u201d. L\u2019appuntamento con il Made in Italy, che [&hellip;]<\/p>\n","protected":false},"author":1,"featured_media":55000,"comment_status":"open","ping_status":"open","sticky":false,"template":"","format":"standard","meta":{"inline_featured_image":false,"ocean_post_layout":"","ocean_both_sidebars_style":"","ocean_both_sidebars_content_width":0,"ocean_both_sidebars_sidebars_width":0,"ocean_sidebar":"","ocean_second_sidebar":"","ocean_disable_margins":"enable","ocean_add_body_class":"","ocean_shortcode_before_top_bar":"","ocean_shortcode_after_top_bar":"","ocean_shortcode_before_header":"","ocean_shortcode_after_header":"","ocean_has_shortcode":"","ocean_shortcode_after_title":"","ocean_shortcode_before_footer_widgets":"","ocean_shortcode_after_footer_widgets":"","ocean_shortcode_before_footer_bottom":"","ocean_shortcode_after_footer_bottom":"","ocean_display_top_bar":"default","ocean_display_header":"default","ocean_header_style":"","ocean_center_header_left_menu":"","ocean_custom_header_template":"","ocean_custom_logo":0,"ocean_custom_retina_logo":0,"ocean_custom_logo_max_width":0,"ocean_custom_logo_tablet_max_width":0,"ocean_custom_logo_mobile_max_width":0,"ocean_custom_logo_max_height":0,"ocean_custom_logo_tablet_max_height":0,"ocean_custom_logo_mobile_max_height":0,"ocean_header_custom_menu":"","ocean_menu_typo_font_family":"","ocean_menu_typo_font_subset":"","ocean_menu_typo_font_size":0,"ocean_menu_typo_font_size_tablet":0,"ocean_menu_typo_font_size_mobile":0,"ocean_menu_typo_font_size_unit":"px","ocean_menu_typo_font_weight":"","ocean_menu_typo_font_weight_tablet":"","ocean_menu_typo_font_weight_mobile":"","ocean_menu_typo_transform":"","ocean_menu_typo_transform_tablet":"","ocean_menu_typo_transform_mobile":"","ocean_menu_typo_line_height":0,"ocean_menu_typo_line_height_tablet":0,"ocean_menu_typo_line_height_mobile":0,"ocean_menu_typo_line_height_unit":"","ocean_menu_typo_spacing":0,"ocean_menu_typo_spacing_tablet":0,"ocean_menu_typo_spacing_mobile":0,"ocean_menu_typo_spacing_unit":"","ocean_menu_link_color":"","ocean_menu_link_color_hover":"","ocean_menu_link_color_active":"","ocean_menu_link_background":"","ocean_menu_link_hover_background":"","ocean_menu_link_active_background":"","ocean_menu_social_links_bg":"","ocean_menu_social_hover_links_bg":"","ocean_menu_social_links_color":"","ocean_menu_social_hover_links_color":"","ocean_disable_title":"default","ocean_disable_heading":"default","ocean_post_title":"","ocean_post_subheading":"","ocean_post_title_style":"","ocean_post_title_background_color":"","ocean_post_title_background":0,"ocean_post_title_bg_image_position":"","ocean_post_title_bg_image_attachment":"","ocean_post_title_bg_image_repeat":"","ocean_post_title_bg_image_size":"","ocean_post_title_height":0,"ocean_post_title_bg_overlay":0.5,"ocean_post_title_bg_overlay_color":"","ocean_disable_breadcrumbs":"default","ocean_breadcrumbs_color":"","ocean_breadcrumbs_separator_color":"","ocean_breadcrumbs_links_color":"","ocean_breadcrumbs_links_hover_color":"","ocean_display_footer_widgets":"default","ocean_display_footer_bottom":"default","ocean_custom_footer_template":"","ocean_post_oembed":"","ocean_post_self_hosted_media":"","ocean_post_video_embed":"","ocean_link_format":"","ocean_link_format_target":"self","ocean_quote_format":"","ocean_quote_format_link":"post","ocean_gallery_link_images":"on","ocean_gallery_id":[],"footnotes":""},"categories":[133],"tags":[139],"class_list":["post-56294","post","type-post","status-publish","format-standard","has-post-thumbnail","hentry","category-notizie","tag-notizie-di-la-ccis","entry","has-media"],"yoast_head":"<!-- This site is optimized with the Yoast SEO plugin v27.5 - https:\/\/yoast.com\/product\/yoast-seo-wordpress\/ -->\n<title>Il ritorno di #PassioneItalia segna un record storico di presenze - Italcamara<\/title>\n<meta name=\"robots\" content=\"index, follow, max-snippet:-1, max-image-preview:large, max-video-preview:-1\" \/>\n<link rel=\"canonical\" href=\"https:\/\/italcamara-es.com\/it\/notizie\/il-ritorno-di-passioneitalia-segna-un-record-storico-di-presenze\/\" \/>\n<meta property=\"og:locale\" content=\"it_IT\" \/>\n<meta property=\"og:type\" content=\"article\" \/>\n<meta property=\"og:title\" content=\"Il ritorno di #PassioneItalia segna un record storico di presenze - Italcamara\" \/>\n<meta property=\"og:description\" content=\"L\u2019edizione natalizia del grande evento di promozione del Made in Italy in Spagna \u00e8 tornata dopo due anni ed ha registrato la presenza di pi\u00f9 di 15.000 visitatori Al termine di una trepidante attesa durata due anni, #PassioneItalia \u00e8 tornata con un\u2019edizione natalizia con il sapore di \u201cnormalit\u00e0\u201d. L\u2019appuntamento con il Made in Italy, che [&hellip;]\" \/>\n<meta property=\"og:url\" content=\"https:\/\/italcamara-es.com\/it\/notizie\/il-ritorno-di-passioneitalia-segna-un-record-storico-di-presenze\/\" \/>\n<meta property=\"og:site_name\" content=\"Italcamara\" \/>\n<meta property=\"article:published_time\" content=\"2021-12-03T12:41:41+00:00\" \/>\n<meta property=\"og:image\" content=\"https:\/\/italcamara-es.com\/wp-content\/uploads\/2025\/03\/PassioneItalia.jpg\" \/>\n\t<meta property=\"og:image:width\" content=\"500\" \/>\n\t<meta property=\"og:image:height\" content=\"281\" \/>\n\t<meta property=\"og:image:type\" content=\"image\/jpeg\" \/>\n<meta name=\"author\" content=\"administrador\" \/>\n<meta name=\"twitter:card\" content=\"summary_large_image\" \/>\n<meta name=\"twitter:label1\" content=\"Scritto da\" \/>\n\t<meta name=\"twitter:data1\" content=\"administrador\" \/>\n\t<meta name=\"twitter:label2\" content=\"Tempo di lettura stimato\" \/>\n\t<meta name=\"twitter:data2\" content=\"2 minuti\" \/>\n<script type=\"application\/ld+json\" class=\"yoast-schema-graph\">{\"@context\":\"https:\\\/\\\/schema.org\",\"@graph\":[{\"@type\":\"Article\",\"@id\":\"https:\\\/\\\/italcamara-es.com\\\/it\\\/notizie\\\/il-ritorno-di-passioneitalia-segna-un-record-storico-di-presenze\\\/#article\",\"isPartOf\":{\"@id\":\"https:\\\/\\\/italcamara-es.com\\\/it\\\/notizie\\\/il-ritorno-di-passioneitalia-segna-un-record-storico-di-presenze\\\/\"},\"author\":{\"name\":\"administrador\",\"@id\":\"https:\\\/\\\/italcamara-es.com\\\/#\\\/schema\\\/person\\\/bb3c56263e405bbd9a15171dcfee93bb\"},\"headline\":\"Il ritorno di #PassioneItalia segna un record storico di presenze\",\"datePublished\":\"2021-12-03T12:41:41+00:00\",\"mainEntityOfPage\":{\"@id\":\"https:\\\/\\\/italcamara-es.com\\\/it\\\/notizie\\\/il-ritorno-di-passioneitalia-segna-un-record-storico-di-presenze\\\/\"},\"wordCount\":319,\"commentCount\":0,\"image\":{\"@id\":\"https:\\\/\\\/italcamara-es.com\\\/it\\\/notizie\\\/il-ritorno-di-passioneitalia-segna-un-record-storico-di-presenze\\\/#primaryimage\"},\"thumbnailUrl\":\"https:\\\/\\\/italcamara-es.com\\\/wp-content\\\/uploads\\\/2025\\\/03\\\/PassioneItalia.jpg\",\"keywords\":[\"Notizie di la CCIS\"],\"articleSection\":[\"Notizie\"],\"inLanguage\":\"it-IT\",\"potentialAction\":[{\"@type\":\"CommentAction\",\"name\":\"Comment\",\"target\":[\"https:\\\/\\\/italcamara-es.com\\\/it\\\/notizie\\\/il-ritorno-di-passioneitalia-segna-un-record-storico-di-presenze\\\/#respond\"]}]},{\"@type\":\"WebPage\",\"@id\":\"https:\\\/\\\/italcamara-es.com\\\/it\\\/notizie\\\/il-ritorno-di-passioneitalia-segna-un-record-storico-di-presenze\\\/\",\"url\":\"https:\\\/\\\/italcamara-es.com\\\/it\\\/notizie\\\/il-ritorno-di-passioneitalia-segna-un-record-storico-di-presenze\\\/\",\"name\":\"Il ritorno di #PassioneItalia segna un record storico di presenze - Italcamara\",\"isPartOf\":{\"@id\":\"https:\\\/\\\/italcamara-es.com\\\/#website\"},\"primaryImageOfPage\":{\"@id\":\"https:\\\/\\\/italcamara-es.com\\\/it\\\/notizie\\\/il-ritorno-di-passioneitalia-segna-un-record-storico-di-presenze\\\/#primaryimage\"},\"image\":{\"@id\":\"https:\\\/\\\/italcamara-es.com\\\/it\\\/notizie\\\/il-ritorno-di-passioneitalia-segna-un-record-storico-di-presenze\\\/#primaryimage\"},\"thumbnailUrl\":\"https:\\\/\\\/italcamara-es.com\\\/wp-content\\\/uploads\\\/2025\\\/03\\\/PassioneItalia.jpg\",\"datePublished\":\"2021-12-03T12:41:41+00:00\",\"author\":{\"@id\":\"https:\\\/\\\/italcamara-es.com\\\/#\\\/schema\\\/person\\\/bb3c56263e405bbd9a15171dcfee93bb\"},\"breadcrumb\":{\"@id\":\"https:\\\/\\\/italcamara-es.com\\\/it\\\/notizie\\\/il-ritorno-di-passioneitalia-segna-un-record-storico-di-presenze\\\/#breadcrumb\"},\"inLanguage\":\"it-IT\",\"potentialAction\":[{\"@type\":\"ReadAction\",\"target\":[\"https:\\\/\\\/italcamara-es.com\\\/it\\\/notizie\\\/il-ritorno-di-passioneitalia-segna-un-record-storico-di-presenze\\\/\"]}]},{\"@type\":\"ImageObject\",\"inLanguage\":\"it-IT\",\"@id\":\"https:\\\/\\\/italcamara-es.com\\\/it\\\/notizie\\\/il-ritorno-di-passioneitalia-segna-un-record-storico-di-presenze\\\/#primaryimage\",\"url\":\"https:\\\/\\\/italcamara-es.com\\\/wp-content\\\/uploads\\\/2025\\\/03\\\/PassioneItalia.jpg\",\"contentUrl\":\"https:\\\/\\\/italcamara-es.com\\\/wp-content\\\/uploads\\\/2025\\\/03\\\/PassioneItalia.jpg\",\"width\":500,\"height\":281},{\"@type\":\"BreadcrumbList\",\"@id\":\"https:\\\/\\\/italcamara-es.com\\\/it\\\/notizie\\\/il-ritorno-di-passioneitalia-segna-un-record-storico-di-presenze\\\/#breadcrumb\",\"itemListElement\":[{\"@type\":\"ListItem\",\"position\":1,\"name\":\"Inicio\",\"item\":\"https:\\\/\\\/italcamara-es.com\\\/\"},{\"@type\":\"ListItem\",\"position\":2,\"name\":\"Il ritorno di #PassioneItalia segna un record storico di presenze\"}]},{\"@type\":\"WebSite\",\"@id\":\"https:\\\/\\\/italcamara-es.com\\\/#website\",\"url\":\"https:\\\/\\\/italcamara-es.com\\\/\",\"name\":\"Italcamara\",\"description\":\"\",\"potentialAction\":[{\"@type\":\"SearchAction\",\"target\":{\"@type\":\"EntryPoint\",\"urlTemplate\":\"https:\\\/\\\/italcamara-es.com\\\/?s={search_term_string}\"},\"query-input\":{\"@type\":\"PropertyValueSpecification\",\"valueRequired\":true,\"valueName\":\"search_term_string\"}}],\"inLanguage\":\"it-IT\"},{\"@type\":\"Person\",\"@id\":\"https:\\\/\\\/italcamara-es.com\\\/#\\\/schema\\\/person\\\/bb3c56263e405bbd9a15171dcfee93bb\",\"name\":\"administrador\",\"image\":{\"@type\":\"ImageObject\",\"inLanguage\":\"it-IT\",\"@id\":\"https:\\\/\\\/secure.gravatar.com\\\/avatar\\\/14b5e63db38320b12031bb28cf9f77e210aa71fb3a8a3602a3c9a05134fa75eb?s=96&d=mm&r=g\",\"url\":\"https:\\\/\\\/secure.gravatar.com\\\/avatar\\\/14b5e63db38320b12031bb28cf9f77e210aa71fb3a8a3602a3c9a05134fa75eb?s=96&d=mm&r=g\",\"contentUrl\":\"https:\\\/\\\/secure.gravatar.com\\\/avatar\\\/14b5e63db38320b12031bb28cf9f77e210aa71fb3a8a3602a3c9a05134fa75eb?s=96&d=mm&r=g\",\"caption\":\"administrador\"},\"sameAs\":[\"http:\\\/\\\/pre.italcamara-es.com\"],\"url\":\"https:\\\/\\\/italcamara-es.com\\\/it\\\/author\\\/administrador\\\/\"}]}<\/script>\n<!-- \/ Yoast SEO plugin. -->","yoast_head_json":{"title":"Il ritorno di #PassioneItalia segna un record storico di presenze - Italcamara","robots":{"index":"index","follow":"follow","max-snippet":"max-snippet:-1","max-image-preview":"max-image-preview:large","max-video-preview":"max-video-preview:-1"},"canonical":"https:\/\/italcamara-es.com\/it\/notizie\/il-ritorno-di-passioneitalia-segna-un-record-storico-di-presenze\/","og_locale":"it_IT","og_type":"article","og_title":"Il ritorno di #PassioneItalia segna un record storico di presenze - Italcamara","og_description":"L\u2019edizione natalizia del grande evento di promozione del Made in Italy in Spagna \u00e8 tornata dopo due anni ed ha registrato la presenza di pi\u00f9 di 15.000 visitatori Al termine di una trepidante attesa durata due anni, #PassioneItalia \u00e8 tornata con un\u2019edizione natalizia con il sapore di \u201cnormalit\u00e0\u201d. L\u2019appuntamento con il Made in Italy, che [&hellip;]","og_url":"https:\/\/italcamara-es.com\/it\/notizie\/il-ritorno-di-passioneitalia-segna-un-record-storico-di-presenze\/","og_site_name":"Italcamara","article_published_time":"2021-12-03T12:41:41+00:00","og_image":[{"width":500,"height":281,"url":"https:\/\/italcamara-es.com\/wp-content\/uploads\/2025\/03\/PassioneItalia.jpg","type":"image\/jpeg"}],"author":"administrador","twitter_card":"summary_large_image","twitter_misc":{"Scritto da":"administrador","Tempo di lettura stimato":"2 minuti"},"schema":{"@context":"https:\/\/schema.org","@graph":[{"@type":"Article","@id":"https:\/\/italcamara-es.com\/it\/notizie\/il-ritorno-di-passioneitalia-segna-un-record-storico-di-presenze\/#article","isPartOf":{"@id":"https:\/\/italcamara-es.com\/it\/notizie\/il-ritorno-di-passioneitalia-segna-un-record-storico-di-presenze\/"},"author":{"name":"administrador","@id":"https:\/\/italcamara-es.com\/#\/schema\/person\/bb3c56263e405bbd9a15171dcfee93bb"},"headline":"Il ritorno di #PassioneItalia segna un record storico di presenze","datePublished":"2021-12-03T12:41:41+00:00","mainEntityOfPage":{"@id":"https:\/\/italcamara-es.com\/it\/notizie\/il-ritorno-di-passioneitalia-segna-un-record-storico-di-presenze\/"},"wordCount":319,"commentCount":0,"image":{"@id":"https:\/\/italcamara-es.com\/it\/notizie\/il-ritorno-di-passioneitalia-segna-un-record-storico-di-presenze\/#primaryimage"},"thumbnailUrl":"https:\/\/italcamara-es.com\/wp-content\/uploads\/2025\/03\/PassioneItalia.jpg","keywords":["Notizie di la CCIS"],"articleSection":["Notizie"],"inLanguage":"it-IT","potentialAction":[{"@type":"CommentAction","name":"Comment","target":["https:\/\/italcamara-es.com\/it\/notizie\/il-ritorno-di-passioneitalia-segna-un-record-storico-di-presenze\/#respond"]}]},{"@type":"WebPage","@id":"https:\/\/italcamara-es.com\/it\/notizie\/il-ritorno-di-passioneitalia-segna-un-record-storico-di-presenze\/","url":"https:\/\/italcamara-es.com\/it\/notizie\/il-ritorno-di-passioneitalia-segna-un-record-storico-di-presenze\/","name":"Il ritorno di #PassioneItalia segna un record storico di presenze - Italcamara","isPartOf":{"@id":"https:\/\/italcamara-es.com\/#website"},"primaryImageOfPage":{"@id":"https:\/\/italcamara-es.com\/it\/notizie\/il-ritorno-di-passioneitalia-segna-un-record-storico-di-presenze\/#primaryimage"},"image":{"@id":"https:\/\/italcamara-es.com\/it\/notizie\/il-ritorno-di-passioneitalia-segna-un-record-storico-di-presenze\/#primaryimage"},"thumbnailUrl":"https:\/\/italcamara-es.com\/wp-content\/uploads\/2025\/03\/PassioneItalia.jpg","datePublished":"2021-12-03T12:41:41+00:00","author":{"@id":"https:\/\/italcamara-es.com\/#\/schema\/person\/bb3c56263e405bbd9a15171dcfee93bb"},"breadcrumb":{"@id":"https:\/\/italcamara-es.com\/it\/notizie\/il-ritorno-di-passioneitalia-segna-un-record-storico-di-presenze\/#breadcrumb"},"inLanguage":"it-IT","potentialAction":[{"@type":"ReadAction","target":["https:\/\/italcamara-es.com\/it\/notizie\/il-ritorno-di-passioneitalia-segna-un-record-storico-di-presenze\/"]}]},{"@type":"ImageObject","inLanguage":"it-IT","@id":"https:\/\/italcamara-es.com\/it\/notizie\/il-ritorno-di-passioneitalia-segna-un-record-storico-di-presenze\/#primaryimage","url":"https:\/\/italcamara-es.com\/wp-content\/uploads\/2025\/03\/PassioneItalia.jpg","contentUrl":"https:\/\/italcamara-es.com\/wp-content\/uploads\/2025\/03\/PassioneItalia.jpg","width":500,"height":281},{"@type":"BreadcrumbList","@id":"https:\/\/italcamara-es.com\/it\/notizie\/il-ritorno-di-passioneitalia-segna-un-record-storico-di-presenze\/#breadcrumb","itemListElement":[{"@type":"ListItem","position":1,"name":"Inicio","item":"https:\/\/italcamara-es.com\/"},{"@type":"ListItem","position":2,"name":"Il ritorno di #PassioneItalia segna un record storico di presenze"}]},{"@type":"WebSite","@id":"https:\/\/italcamara-es.com\/#website","url":"https:\/\/italcamara-es.com\/","name":"Italcamara","description":"","potentialAction":[{"@type":"SearchAction","target":{"@type":"EntryPoint","urlTemplate":"https:\/\/italcamara-es.com\/?s={search_term_string}"},"query-input":{"@type":"PropertyValueSpecification","valueRequired":true,"valueName":"search_term_string"}}],"inLanguage":"it-IT"},{"@type":"Person","@id":"https:\/\/italcamara-es.com\/#\/schema\/person\/bb3c56263e405bbd9a15171dcfee93bb","name":"administrador","image":{"@type":"ImageObject","inLanguage":"it-IT","@id":"https:\/\/secure.gravatar.com\/avatar\/14b5e63db38320b12031bb28cf9f77e210aa71fb3a8a3602a3c9a05134fa75eb?s=96&d=mm&r=g","url":"https:\/\/secure.gravatar.com\/avatar\/14b5e63db38320b12031bb28cf9f77e210aa71fb3a8a3602a3c9a05134fa75eb?s=96&d=mm&r=g","contentUrl":"https:\/\/secure.gravatar.com\/avatar\/14b5e63db38320b12031bb28cf9f77e210aa71fb3a8a3602a3c9a05134fa75eb?s=96&d=mm&r=g","caption":"administrador"},"sameAs":["http:\/\/pre.italcamara-es.com"],"url":"https:\/\/italcamara-es.com\/it\/author\/administrador\/"}]}},"rttpg_featured_image_url":{"full":["https:\/\/italcamara-es.com\/wp-content\/uploads\/2025\/03\/PassioneItalia.jpg",500,281,false],"landscape":["https:\/\/italcamara-es.com\/wp-content\/uploads\/2025\/03\/PassioneItalia.jpg",500,281,false],"portraits":["https:\/\/italcamara-es.com\/wp-content\/uploads\/2025\/03\/PassioneItalia.jpg",500,281,false],"thumbnail":["https:\/\/italcamara-es.com\/wp-content\/uploads\/2025\/03\/PassioneItalia-150x150.jpg",150,150,true],"medium":["https:\/\/italcamara-es.com\/wp-content\/uploads\/2025\/03\/PassioneItalia-300x169.jpg",300,169,true],"large":["https:\/\/italcamara-es.com\/wp-content\/uploads\/2025\/03\/PassioneItalia.jpg",500,281,false],"1536x1536":["https:\/\/italcamara-es.com\/wp-content\/uploads\/2025\/03\/PassioneItalia.jpg",500,281,false],"2048x2048":["https:\/\/italcamara-es.com\/wp-content\/uploads\/2025\/03\/PassioneItalia.jpg",500,281,false],"ocean-thumb-m":["https:\/\/italcamara-es.com\/wp-content\/uploads\/2025\/03\/PassioneItalia.jpg",500,281,false],"ocean-thumb-ml":["https:\/\/italcamara-es.com\/wp-content\/uploads\/2025\/03\/PassioneItalia.jpg",500,281,false],"ocean-thumb-l":["https:\/\/italcamara-es.com\/wp-content\/uploads\/2025\/03\/PassioneItalia.jpg",500,281,false],"directorist_preview":["https:\/\/italcamara-es.com\/wp-content\/uploads\/2025\/03\/PassioneItalia.jpg",500,281,false]},"rttpg_author":{"display_name":"administrador","author_link":"https:\/\/italcamara-es.com\/it\/author\/administrador\/"},"rttpg_comment":0,"rttpg_category":"<a href=\"https:\/\/italcamara-es.com\/it\/category\/notizie\/\" rel=\"category tag\">Notizie<\/a>","rttpg_excerpt":"L\u2019edizione natalizia del grande evento di promozione del Made in Italy in Spagna \u00e8 tornata dopo due anni ed ha registrato la presenza di pi\u00f9 di 15.000 visitatori Al termine di una trepidante attesa durata due anni, #PassioneItalia \u00e8 tornata con un\u2019edizione natalizia con il sapore di \u201cnormalit\u00e0\u201d. L\u2019appuntamento con il Made in Italy, che&hellip;","_links":{"self":[{"href":"https:\/\/italcamara-es.com\/it\/wp-json\/wp\/v2\/posts\/56294","targetHints":{"allow":["GET"]}}],"collection":[{"href":"https:\/\/italcamara-es.com\/it\/wp-json\/wp\/v2\/posts"}],"about":[{"href":"https:\/\/italcamara-es.com\/it\/wp-json\/wp\/v2\/types\/post"}],"author":[{"embeddable":true,"href":"https:\/\/italcamara-es.com\/it\/wp-json\/wp\/v2\/users\/1"}],"replies":[{"embeddable":true,"href":"https:\/\/italcamara-es.com\/it\/wp-json\/wp\/v2\/comments?post=56294"}],"version-history":[{"count":0,"href":"https:\/\/italcamara-es.com\/it\/wp-json\/wp\/v2\/posts\/56294\/revisions"}],"wp:featuredmedia":[{"embeddable":true,"href":"https:\/\/italcamara-es.com\/it\/wp-json\/wp\/v2\/media\/55000"}],"wp:attachment":[{"href":"https:\/\/italcamara-es.com\/it\/wp-json\/wp\/v2\/media?parent=56294"}],"wp:term":[{"taxonomy":"category","embeddable":true,"href":"https:\/\/italcamara-es.com\/it\/wp-json\/wp\/v2\/categories?post=56294"},{"taxonomy":"post_tag","embeddable":true,"href":"https:\/\/italcamara-es.com\/it\/wp-json\/wp\/v2\/tags?post=56294"}],"curies":[{"name":"wp","href":"https:\/\/api.w.org\/{rel}","templated":true}]}}