	{"id":56315,"date":"2022-05-18T14:54:58","date_gmt":"2022-05-18T12:54:58","guid":{"rendered":"http:\/\/pre.italcamara-es.com\/senza-categoria\/la-ccis-al-foro-liderazgo-por-el-cambio\/"},"modified":"2022-05-18T14:54:58","modified_gmt":"2022-05-18T12:54:58","slug":"la-ccis-al-foro-liderazgo-por-el-cambio","status":"publish","type":"post","link":"https:\/\/italcamara-es.com\/it\/notizie\/la-ccis-al-foro-liderazgo-por-el-cambio\/","title":{"rendered":"La CCIS al Foro \u201cLiderazgo por el Cambio&#8221;"},"content":{"rendered":"\n<p>Venerd\u00ec 13 maggio, il dipartimento EUDesk della CCIS present\u00f3 il progetto Erasmus+ FEMALE Entrepreneur al Foro de Liderazgo \u2013 \u201c<strong>Liderazgo por el Cambio\u201d<\/strong> organizzato da <strong>BPW Spain<\/strong> presso la sede della CEOE. Nel corso della giornata, attraverso la mediazione della presentatrice radiofonica Caridad Garc\u00eda, importanti personalit\u00e0 femminili del mondo dell\u2019imprenditoria hanno discusso di temi di carattere imprenditoriale, come la gestione di una impresa e dei suoi dipendenti, ma anche di natura pi\u00f9 personale, come le qualit\u00e0 necessarie per essere un\/a buon\/a lider, i vantaggi e le sfide delle donne in questo ambito, e le aspettative per le future generazioni.<\/p>\n\n\n\n<p>La giornata ha visto l\u2019organizzazione di due tavoli di dibattito ed un seminario, nel corso del quale diverse imprenditrici locali hanno condiviso le proprie idee ed esperienze. In particolare, ha preso parte in qualit\u00e0 di conferenziante la fondatrice e direttrice di Negrini S.L. e consigliere della CCIS, <strong>Nicoletta Negrini<\/strong>, oltre ad altre personalit\u00e0 quali F\u00e1tima B\u00e1\u00f1ez, Presidente della Fondazione CEOE, Silvia Vigat\u00e0 Gonz\u00e1lez, Presidente, Rappresentante del Consiglio di Amministrazione di BPW Spain, Eva Blasco, Presidente di Evap\/BPW Valencia e di CEV Valencia, Mari Luz Pujol Matilla, Chief Corporate Offricer Mediterranean Beach and Golf Community SA, Carmen Planas Palou, Presidente della Confederaci\u00f3n de Asociaciones Empresariales de Baleares e del Grupo Palma Planas e Pepa Torres, CEO di Walkerpack MPL.<\/p>\n\n\n\n<p>Oltre a trattare il concetto di leadership e le qualit\u00e0 per dirigere\nun\u2019impresa, le conferenzianti hanno voluto ribadire l\u2019importanza di una\nmaggiore visibilit\u00e0 da parte delle donne lavoratrici nonch\u00e9 la necessit\u00e0 che un\nmaggior numero di esse occupi posizioni di alta responsabilit\u00e0. Hanno\ndichiarato che la donna rappresenta un valore aggiunto all\u2019interno di\nun\u2019impresa, dato che possiede una predisposizione per le soft skills, come\nl\u2019ascolto attivo e la collaborazione, econtribuisce allo sviluppo dell\u2019azienda apportando\ndifferenti visioni. <\/p>\n\n\n\n<div class=\"wp-block-image\"><figure class=\"aligncenter\"><img decoding=\"async\" src=\"https:\/\/www.italcamara-es.com\/wp-content\/uploads\/2022\/05\/female-500.jpg\" alt=\"\" class=\"wp-image-30148\"\/><\/figure><\/div>\n\n\n\n<p>Nonostante il numero di donne che ricoprono incarichi di leadership sia in\ncrescita, ci sono ancora ostacoli da superare, come la conciliazione familiare,\nla maternit\u00e0, i pregiudizi di genere, e gli stereotipi e preconcetti ancora\npresenti all\u2019interno della nostra societ\u00e0. <\/p>\n\n\n\n<div class=\"wp-block-image\"><figure class=\"aligncenter\"><img decoding=\"async\" src=\"https:\/\/www.italcamara-es.com\/wp-content\/uploads\/2022\/05\/Cartel-Foro-de-Liderazgo-BPW-CEOE.jpg\" alt=\"\" class=\"wp-image-30149\"\/><\/figure><\/div>\n\n\n\n<p>Un altro importante punto focale del Forum ha riguardato le diverse\nproblematiche che le leader presenti hanno dovuto affrontare durante la\npandemia di COVID-19 in ambito imprenditoriale. In particolare, \u00e8 stato\nsottolineato che un buon leader deve essere in grado di creare un team che\nmetta al centro le persone, a cui inoltre si dovrebbe offrire una formazione e\ncultura aziendale, specialmente all\u2019interno del cuadro generale della\ntransizione verde e digitale.<\/p>\n\n\n\n<p><em>Per maggiori informazioni sul progetto FEMALE Entrepreneur: <\/em><a href=\"https:\/\/www.femalentrepreneur.eu\/it\">https:\/\/www.femalentrepreneur.eu\/it<\/a> <\/p>\n","protected":false},"excerpt":{"rendered":"<p>Venerd\u00ec 13 maggio, il dipartimento EUDesk della CCIS present\u00f3 il progetto Erasmus+ FEMALE Entrepreneur al Foro de Liderazgo \u2013 \u201cLiderazgo por el Cambio\u201d organizzato da BPW Spain presso la sede della CEOE. Nel corso della giornata, attraverso la mediazione della presentatrice radiofonica Caridad Garc\u00eda, importanti personalit\u00e0 femminili del mondo dell\u2019imprenditoria hanno discusso di temi di [&hellip;]<\/p>\n","protected":false},"author":1,"featured_media":55039,"comment_status":"open","ping_status":"open","sticky":false,"template":"","format":"standard","meta":{"inline_featured_image":false,"ocean_post_layout":"","ocean_both_sidebars_style":"","ocean_both_sidebars_content_width":0,"ocean_both_sidebars_sidebars_width":0,"ocean_sidebar":"","ocean_second_sidebar":"","ocean_disable_margins":"enable","ocean_add_body_class":"","ocean_shortcode_before_top_bar":"","ocean_shortcode_after_top_bar":"","ocean_shortcode_before_header":"","ocean_shortcode_after_header":"","ocean_has_shortcode":"","ocean_shortcode_after_title":"","ocean_shortcode_before_footer_widgets":"","ocean_shortcode_after_footer_widgets":"","ocean_shortcode_before_footer_bottom":"","ocean_shortcode_after_footer_bottom":"","ocean_display_top_bar":"default","ocean_display_header":"default","ocean_header_style":"","ocean_center_header_left_menu":"","ocean_custom_header_template":"","ocean_custom_logo":0,"ocean_custom_retina_logo":0,"ocean_custom_logo_max_width":0,"ocean_custom_logo_tablet_max_width":0,"ocean_custom_logo_mobile_max_width":0,"ocean_custom_logo_max_height":0,"ocean_custom_logo_tablet_max_height":0,"ocean_custom_logo_mobile_max_height":0,"ocean_header_custom_menu":"","ocean_menu_typo_font_family":"","ocean_menu_typo_font_subset":"","ocean_menu_typo_font_size":0,"ocean_menu_typo_font_size_tablet":0,"ocean_menu_typo_font_size_mobile":0,"ocean_menu_typo_font_size_unit":"px","ocean_menu_typo_font_weight":"","ocean_menu_typo_font_weight_tablet":"","ocean_menu_typo_font_weight_mobile":"","ocean_menu_typo_transform":"","ocean_menu_typo_transform_tablet":"","ocean_menu_typo_transform_mobile":"","ocean_menu_typo_line_height":0,"ocean_menu_typo_line_height_tablet":0,"ocean_menu_typo_line_height_mobile":0,"ocean_menu_typo_line_height_unit":"","ocean_menu_typo_spacing":0,"ocean_menu_typo_spacing_tablet":0,"ocean_menu_typo_spacing_mobile":0,"ocean_menu_typo_spacing_unit":"","ocean_menu_link_color":"","ocean_menu_link_color_hover":"","ocean_menu_link_color_active":"","ocean_menu_link_background":"","ocean_menu_link_hover_background":"","ocean_menu_link_active_background":"","ocean_menu_social_links_bg":"","ocean_menu_social_hover_links_bg":"","ocean_menu_social_links_color":"","ocean_menu_social_hover_links_color":"","ocean_disable_title":"default","ocean_disable_heading":"default","ocean_post_title":"","ocean_post_subheading":"","ocean_post_title_style":"","ocean_post_title_background_color":"","ocean_post_title_background":0,"ocean_post_title_bg_image_position":"","ocean_post_title_bg_image_attachment":"","ocean_post_title_bg_image_repeat":"","ocean_post_title_bg_image_size":"","ocean_post_title_height":0,"ocean_post_title_bg_overlay":0.5,"ocean_post_title_bg_overlay_color":"","ocean_disable_breadcrumbs":"default","ocean_breadcrumbs_color":"","ocean_breadcrumbs_separator_color":"","ocean_breadcrumbs_links_color":"","ocean_breadcrumbs_links_hover_color":"","ocean_display_footer_widgets":"default","ocean_display_footer_bottom":"default","ocean_custom_footer_template":"","ocean_post_oembed":"","ocean_post_self_hosted_media":"","ocean_post_video_embed":"","ocean_link_format":"","ocean_link_format_target":"self","ocean_quote_format":"","ocean_quote_format_link":"post","ocean_gallery_link_images":"on","ocean_gallery_id":[],"footnotes":""},"categories":[133],"tags":[139],"class_list":["post-56315","post","type-post","status-publish","format-standard","has-post-thumbnail","hentry","category-notizie","tag-notizie-di-la-ccis","entry","has-media"],"yoast_head":"<!-- This site is optimized with the Yoast SEO plugin v27.5 - https:\/\/yoast.com\/product\/yoast-seo-wordpress\/ -->\n<title>La CCIS al Foro \u201cLiderazgo por el Cambio&quot; - Italcamara<\/title>\n<meta name=\"robots\" content=\"index, follow, max-snippet:-1, max-image-preview:large, max-video-preview:-1\" \/>\n<link rel=\"canonical\" href=\"https:\/\/italcamara-es.com\/it\/notizie\/la-ccis-al-foro-liderazgo-por-el-cambio\/\" \/>\n<meta property=\"og:locale\" content=\"it_IT\" \/>\n<meta property=\"og:type\" content=\"article\" \/>\n<meta property=\"og:title\" content=\"La CCIS al Foro \u201cLiderazgo por el Cambio&quot; - Italcamara\" \/>\n<meta property=\"og:description\" content=\"Venerd\u00ec 13 maggio, il dipartimento EUDesk della CCIS present\u00f3 il progetto Erasmus+ FEMALE Entrepreneur al Foro de Liderazgo \u2013 \u201cLiderazgo por el Cambio\u201d organizzato da BPW Spain presso la sede della CEOE. Nel corso della giornata, attraverso la mediazione della presentatrice radiofonica Caridad Garc\u00eda, importanti personalit\u00e0 femminili del mondo dell\u2019imprenditoria hanno discusso di temi di [&hellip;]\" \/>\n<meta property=\"og:url\" content=\"https:\/\/italcamara-es.com\/it\/notizie\/la-ccis-al-foro-liderazgo-por-el-cambio\/\" \/>\n<meta property=\"og:site_name\" content=\"Italcamara\" \/>\n<meta property=\"article:published_time\" content=\"2022-05-18T12:54:58+00:00\" \/>\n<meta property=\"og:image\" content=\"https:\/\/italcamara-es.com\/wp-content\/uploads\/2025\/03\/Female-2-500.jpg\" \/>\n\t<meta property=\"og:image:width\" content=\"500\" \/>\n\t<meta property=\"og:image:height\" content=\"280\" \/>\n\t<meta property=\"og:image:type\" content=\"image\/jpeg\" \/>\n<meta name=\"author\" content=\"administrador\" \/>\n<meta name=\"twitter:card\" content=\"summary_large_image\" \/>\n<meta name=\"twitter:label1\" content=\"Scritto da\" \/>\n\t<meta name=\"twitter:data1\" content=\"administrador\" \/>\n\t<meta name=\"twitter:label2\" content=\"Tempo di lettura stimato\" \/>\n\t<meta name=\"twitter:data2\" content=\"2 minuti\" \/>\n<script type=\"application\/ld+json\" class=\"yoast-schema-graph\">{\"@context\":\"https:\\\/\\\/schema.org\",\"@graph\":[{\"@type\":\"Article\",\"@id\":\"https:\\\/\\\/italcamara-es.com\\\/it\\\/notizie\\\/la-ccis-al-foro-liderazgo-por-el-cambio\\\/#article\",\"isPartOf\":{\"@id\":\"https:\\\/\\\/italcamara-es.com\\\/it\\\/notizie\\\/la-ccis-al-foro-liderazgo-por-el-cambio\\\/\"},\"author\":{\"name\":\"administrador\",\"@id\":\"https:\\\/\\\/italcamara-es.com\\\/#\\\/schema\\\/person\\\/bb3c56263e405bbd9a15171dcfee93bb\"},\"headline\":\"La CCIS al Foro \u201cLiderazgo por el Cambio&#8221;\",\"datePublished\":\"2022-05-18T12:54:58+00:00\",\"mainEntityOfPage\":{\"@id\":\"https:\\\/\\\/italcamara-es.com\\\/it\\\/notizie\\\/la-ccis-al-foro-liderazgo-por-el-cambio\\\/\"},\"wordCount\":440,\"commentCount\":0,\"image\":{\"@id\":\"https:\\\/\\\/italcamara-es.com\\\/it\\\/notizie\\\/la-ccis-al-foro-liderazgo-por-el-cambio\\\/#primaryimage\"},\"thumbnailUrl\":\"https:\\\/\\\/italcamara-es.com\\\/wp-content\\\/uploads\\\/2025\\\/03\\\/Female-2-500.jpg\",\"keywords\":[\"Notizie di la CCIS\"],\"articleSection\":[\"Notizie\"],\"inLanguage\":\"it-IT\",\"potentialAction\":[{\"@type\":\"CommentAction\",\"name\":\"Comment\",\"target\":[\"https:\\\/\\\/italcamara-es.com\\\/it\\\/notizie\\\/la-ccis-al-foro-liderazgo-por-el-cambio\\\/#respond\"]}]},{\"@type\":\"WebPage\",\"@id\":\"https:\\\/\\\/italcamara-es.com\\\/it\\\/notizie\\\/la-ccis-al-foro-liderazgo-por-el-cambio\\\/\",\"url\":\"https:\\\/\\\/italcamara-es.com\\\/it\\\/notizie\\\/la-ccis-al-foro-liderazgo-por-el-cambio\\\/\",\"name\":\"La CCIS al Foro \u201cLiderazgo por el Cambio\\\" - Italcamara\",\"isPartOf\":{\"@id\":\"https:\\\/\\\/italcamara-es.com\\\/#website\"},\"primaryImageOfPage\":{\"@id\":\"https:\\\/\\\/italcamara-es.com\\\/it\\\/notizie\\\/la-ccis-al-foro-liderazgo-por-el-cambio\\\/#primaryimage\"},\"image\":{\"@id\":\"https:\\\/\\\/italcamara-es.com\\\/it\\\/notizie\\\/la-ccis-al-foro-liderazgo-por-el-cambio\\\/#primaryimage\"},\"thumbnailUrl\":\"https:\\\/\\\/italcamara-es.com\\\/wp-content\\\/uploads\\\/2025\\\/03\\\/Female-2-500.jpg\",\"datePublished\":\"2022-05-18T12:54:58+00:00\",\"author\":{\"@id\":\"https:\\\/\\\/italcamara-es.com\\\/#\\\/schema\\\/person\\\/bb3c56263e405bbd9a15171dcfee93bb\"},\"breadcrumb\":{\"@id\":\"https:\\\/\\\/italcamara-es.com\\\/it\\\/notizie\\\/la-ccis-al-foro-liderazgo-por-el-cambio\\\/#breadcrumb\"},\"inLanguage\":\"it-IT\",\"potentialAction\":[{\"@type\":\"ReadAction\",\"target\":[\"https:\\\/\\\/italcamara-es.com\\\/it\\\/notizie\\\/la-ccis-al-foro-liderazgo-por-el-cambio\\\/\"]}]},{\"@type\":\"ImageObject\",\"inLanguage\":\"it-IT\",\"@id\":\"https:\\\/\\\/italcamara-es.com\\\/it\\\/notizie\\\/la-ccis-al-foro-liderazgo-por-el-cambio\\\/#primaryimage\",\"url\":\"https:\\\/\\\/italcamara-es.com\\\/wp-content\\\/uploads\\\/2025\\\/03\\\/Female-2-500.jpg\",\"contentUrl\":\"https:\\\/\\\/italcamara-es.com\\\/wp-content\\\/uploads\\\/2025\\\/03\\\/Female-2-500.jpg\",\"width\":500,\"height\":280},{\"@type\":\"BreadcrumbList\",\"@id\":\"https:\\\/\\\/italcamara-es.com\\\/it\\\/notizie\\\/la-ccis-al-foro-liderazgo-por-el-cambio\\\/#breadcrumb\",\"itemListElement\":[{\"@type\":\"ListItem\",\"position\":1,\"name\":\"Inicio\",\"item\":\"https:\\\/\\\/italcamara-es.com\\\/it\\\/homepage-ita\\\/\"},{\"@type\":\"ListItem\",\"position\":2,\"name\":\"La CCIS al Foro \u201cLiderazgo por el Cambio&#8221;\"}]},{\"@type\":\"WebSite\",\"@id\":\"https:\\\/\\\/italcamara-es.com\\\/#website\",\"url\":\"https:\\\/\\\/italcamara-es.com\\\/\",\"name\":\"Italcamara\",\"description\":\"\",\"potentialAction\":[{\"@type\":\"SearchAction\",\"target\":{\"@type\":\"EntryPoint\",\"urlTemplate\":\"https:\\\/\\\/italcamara-es.com\\\/?s={search_term_string}\"},\"query-input\":{\"@type\":\"PropertyValueSpecification\",\"valueRequired\":true,\"valueName\":\"search_term_string\"}}],\"inLanguage\":\"it-IT\"},{\"@type\":\"Person\",\"@id\":\"https:\\\/\\\/italcamara-es.com\\\/#\\\/schema\\\/person\\\/bb3c56263e405bbd9a15171dcfee93bb\",\"name\":\"administrador\",\"image\":{\"@type\":\"ImageObject\",\"inLanguage\":\"it-IT\",\"@id\":\"https:\\\/\\\/secure.gravatar.com\\\/avatar\\\/14b5e63db38320b12031bb28cf9f77e210aa71fb3a8a3602a3c9a05134fa75eb?s=96&d=mm&r=g\",\"url\":\"https:\\\/\\\/secure.gravatar.com\\\/avatar\\\/14b5e63db38320b12031bb28cf9f77e210aa71fb3a8a3602a3c9a05134fa75eb?s=96&d=mm&r=g\",\"contentUrl\":\"https:\\\/\\\/secure.gravatar.com\\\/avatar\\\/14b5e63db38320b12031bb28cf9f77e210aa71fb3a8a3602a3c9a05134fa75eb?s=96&d=mm&r=g\",\"caption\":\"administrador\"},\"sameAs\":[\"http:\\\/\\\/pre.italcamara-es.com\"],\"url\":\"https:\\\/\\\/italcamara-es.com\\\/it\\\/author\\\/administrador\\\/\"}]}<\/script>\n<!-- \/ Yoast SEO plugin. -->","yoast_head_json":{"title":"La CCIS al Foro \u201cLiderazgo por el Cambio\" - Italcamara","robots":{"index":"index","follow":"follow","max-snippet":"max-snippet:-1","max-image-preview":"max-image-preview:large","max-video-preview":"max-video-preview:-1"},"canonical":"https:\/\/italcamara-es.com\/it\/notizie\/la-ccis-al-foro-liderazgo-por-el-cambio\/","og_locale":"it_IT","og_type":"article","og_title":"La CCIS al Foro \u201cLiderazgo por el Cambio\" - Italcamara","og_description":"Venerd\u00ec 13 maggio, il dipartimento EUDesk della CCIS present\u00f3 il progetto Erasmus+ FEMALE Entrepreneur al Foro de Liderazgo \u2013 \u201cLiderazgo por el Cambio\u201d organizzato da BPW Spain presso la sede della CEOE. Nel corso della giornata, attraverso la mediazione della presentatrice radiofonica Caridad Garc\u00eda, importanti personalit\u00e0 femminili del mondo dell\u2019imprenditoria hanno discusso di temi di [&hellip;]","og_url":"https:\/\/italcamara-es.com\/it\/notizie\/la-ccis-al-foro-liderazgo-por-el-cambio\/","og_site_name":"Italcamara","article_published_time":"2022-05-18T12:54:58+00:00","og_image":[{"width":500,"height":280,"url":"https:\/\/italcamara-es.com\/wp-content\/uploads\/2025\/03\/Female-2-500.jpg","type":"image\/jpeg"}],"author":"administrador","twitter_card":"summary_large_image","twitter_misc":{"Scritto da":"administrador","Tempo di lettura stimato":"2 minuti"},"schema":{"@context":"https:\/\/schema.org","@graph":[{"@type":"Article","@id":"https:\/\/italcamara-es.com\/it\/notizie\/la-ccis-al-foro-liderazgo-por-el-cambio\/#article","isPartOf":{"@id":"https:\/\/italcamara-es.com\/it\/notizie\/la-ccis-al-foro-liderazgo-por-el-cambio\/"},"author":{"name":"administrador","@id":"https:\/\/italcamara-es.com\/#\/schema\/person\/bb3c56263e405bbd9a15171dcfee93bb"},"headline":"La CCIS al Foro \u201cLiderazgo por el Cambio&#8221;","datePublished":"2022-05-18T12:54:58+00:00","mainEntityOfPage":{"@id":"https:\/\/italcamara-es.com\/it\/notizie\/la-ccis-al-foro-liderazgo-por-el-cambio\/"},"wordCount":440,"commentCount":0,"image":{"@id":"https:\/\/italcamara-es.com\/it\/notizie\/la-ccis-al-foro-liderazgo-por-el-cambio\/#primaryimage"},"thumbnailUrl":"https:\/\/italcamara-es.com\/wp-content\/uploads\/2025\/03\/Female-2-500.jpg","keywords":["Notizie di la CCIS"],"articleSection":["Notizie"],"inLanguage":"it-IT","potentialAction":[{"@type":"CommentAction","name":"Comment","target":["https:\/\/italcamara-es.com\/it\/notizie\/la-ccis-al-foro-liderazgo-por-el-cambio\/#respond"]}]},{"@type":"WebPage","@id":"https:\/\/italcamara-es.com\/it\/notizie\/la-ccis-al-foro-liderazgo-por-el-cambio\/","url":"https:\/\/italcamara-es.com\/it\/notizie\/la-ccis-al-foro-liderazgo-por-el-cambio\/","name":"La CCIS al Foro \u201cLiderazgo por el Cambio\" - Italcamara","isPartOf":{"@id":"https:\/\/italcamara-es.com\/#website"},"primaryImageOfPage":{"@id":"https:\/\/italcamara-es.com\/it\/notizie\/la-ccis-al-foro-liderazgo-por-el-cambio\/#primaryimage"},"image":{"@id":"https:\/\/italcamara-es.com\/it\/notizie\/la-ccis-al-foro-liderazgo-por-el-cambio\/#primaryimage"},"thumbnailUrl":"https:\/\/italcamara-es.com\/wp-content\/uploads\/2025\/03\/Female-2-500.jpg","datePublished":"2022-05-18T12:54:58+00:00","author":{"@id":"https:\/\/italcamara-es.com\/#\/schema\/person\/bb3c56263e405bbd9a15171dcfee93bb"},"breadcrumb":{"@id":"https:\/\/italcamara-es.com\/it\/notizie\/la-ccis-al-foro-liderazgo-por-el-cambio\/#breadcrumb"},"inLanguage":"it-IT","potentialAction":[{"@type":"ReadAction","target":["https:\/\/italcamara-es.com\/it\/notizie\/la-ccis-al-foro-liderazgo-por-el-cambio\/"]}]},{"@type":"ImageObject","inLanguage":"it-IT","@id":"https:\/\/italcamara-es.com\/it\/notizie\/la-ccis-al-foro-liderazgo-por-el-cambio\/#primaryimage","url":"https:\/\/italcamara-es.com\/wp-content\/uploads\/2025\/03\/Female-2-500.jpg","contentUrl":"https:\/\/italcamara-es.com\/wp-content\/uploads\/2025\/03\/Female-2-500.jpg","width":500,"height":280},{"@type":"BreadcrumbList","@id":"https:\/\/italcamara-es.com\/it\/notizie\/la-ccis-al-foro-liderazgo-por-el-cambio\/#breadcrumb","itemListElement":[{"@type":"ListItem","position":1,"name":"Inicio","item":"https:\/\/italcamara-es.com\/it\/homepage-ita\/"},{"@type":"ListItem","position":2,"name":"La CCIS al Foro \u201cLiderazgo por el Cambio&#8221;"}]},{"@type":"WebSite","@id":"https:\/\/italcamara-es.com\/#website","url":"https:\/\/italcamara-es.com\/","name":"Italcamara","description":"","potentialAction":[{"@type":"SearchAction","target":{"@type":"EntryPoint","urlTemplate":"https:\/\/italcamara-es.com\/?s={search_term_string}"},"query-input":{"@type":"PropertyValueSpecification","valueRequired":true,"valueName":"search_term_string"}}],"inLanguage":"it-IT"},{"@type":"Person","@id":"https:\/\/italcamara-es.com\/#\/schema\/person\/bb3c56263e405bbd9a15171dcfee93bb","name":"administrador","image":{"@type":"ImageObject","inLanguage":"it-IT","@id":"https:\/\/secure.gravatar.com\/avatar\/14b5e63db38320b12031bb28cf9f77e210aa71fb3a8a3602a3c9a05134fa75eb?s=96&d=mm&r=g","url":"https:\/\/secure.gravatar.com\/avatar\/14b5e63db38320b12031bb28cf9f77e210aa71fb3a8a3602a3c9a05134fa75eb?s=96&d=mm&r=g","contentUrl":"https:\/\/secure.gravatar.com\/avatar\/14b5e63db38320b12031bb28cf9f77e210aa71fb3a8a3602a3c9a05134fa75eb?s=96&d=mm&r=g","caption":"administrador"},"sameAs":["http:\/\/pre.italcamara-es.com"],"url":"https:\/\/italcamara-es.com\/it\/author\/administrador\/"}]}},"rttpg_featured_image_url":{"full":["https:\/\/italcamara-es.com\/wp-content\/uploads\/2025\/03\/Female-2-500.jpg",500,280,false],"landscape":["https:\/\/italcamara-es.com\/wp-content\/uploads\/2025\/03\/Female-2-500.jpg",500,280,false],"portraits":["https:\/\/italcamara-es.com\/wp-content\/uploads\/2025\/03\/Female-2-500.jpg",500,280,false],"thumbnail":["https:\/\/italcamara-es.com\/wp-content\/uploads\/2025\/03\/Female-2-500-150x150.jpg",150,150,true],"medium":["https:\/\/italcamara-es.com\/wp-content\/uploads\/2025\/03\/Female-2-500-300x168.jpg",300,168,true],"large":["https:\/\/italcamara-es.com\/wp-content\/uploads\/2025\/03\/Female-2-500.jpg",500,280,false],"1536x1536":["https:\/\/italcamara-es.com\/wp-content\/uploads\/2025\/03\/Female-2-500.jpg",500,280,false],"2048x2048":["https:\/\/italcamara-es.com\/wp-content\/uploads\/2025\/03\/Female-2-500.jpg",500,280,false],"ocean-thumb-m":["https:\/\/italcamara-es.com\/wp-content\/uploads\/2025\/03\/Female-2-500.jpg",500,280,false],"ocean-thumb-ml":["https:\/\/italcamara-es.com\/wp-content\/uploads\/2025\/03\/Female-2-500.jpg",500,280,false],"ocean-thumb-l":["https:\/\/italcamara-es.com\/wp-content\/uploads\/2025\/03\/Female-2-500.jpg",500,280,false],"directorist_preview":["https:\/\/italcamara-es.com\/wp-content\/uploads\/2025\/03\/Female-2-500.jpg",500,280,false]},"rttpg_author":{"display_name":"administrador","author_link":"https:\/\/italcamara-es.com\/it\/author\/administrador\/"},"rttpg_comment":0,"rttpg_category":"<a href=\"https:\/\/italcamara-es.com\/it\/category\/notizie\/\" rel=\"category tag\">Notizie<\/a>","rttpg_excerpt":"Venerd\u00ec 13 maggio, il dipartimento EUDesk della CCIS present\u00f3 il progetto Erasmus+ FEMALE Entrepreneur al Foro de Liderazgo \u2013 \u201cLiderazgo por el Cambio\u201d organizzato da BPW Spain presso la sede della CEOE. Nel corso della giornata, attraverso la mediazione della presentatrice radiofonica Caridad Garc\u00eda, importanti personalit\u00e0 femminili del mondo dell\u2019imprenditoria hanno discusso di temi di&hellip;","_links":{"self":[{"href":"https:\/\/italcamara-es.com\/it\/wp-json\/wp\/v2\/posts\/56315","targetHints":{"allow":["GET"]}}],"collection":[{"href":"https:\/\/italcamara-es.com\/it\/wp-json\/wp\/v2\/posts"}],"about":[{"href":"https:\/\/italcamara-es.com\/it\/wp-json\/wp\/v2\/types\/post"}],"author":[{"embeddable":true,"href":"https:\/\/italcamara-es.com\/it\/wp-json\/wp\/v2\/users\/1"}],"replies":[{"embeddable":true,"href":"https:\/\/italcamara-es.com\/it\/wp-json\/wp\/v2\/comments?post=56315"}],"version-history":[{"count":0,"href":"https:\/\/italcamara-es.com\/it\/wp-json\/wp\/v2\/posts\/56315\/revisions"}],"wp:featuredmedia":[{"embeddable":true,"href":"https:\/\/italcamara-es.com\/it\/wp-json\/wp\/v2\/media\/55039"}],"wp:attachment":[{"href":"https:\/\/italcamara-es.com\/it\/wp-json\/wp\/v2\/media?parent=56315"}],"wp:term":[{"taxonomy":"category","embeddable":true,"href":"https:\/\/italcamara-es.com\/it\/wp-json\/wp\/v2\/categories?post=56315"},{"taxonomy":"post_tag","embeddable":true,"href":"https:\/\/italcamara-es.com\/it\/wp-json\/wp\/v2\/tags?post=56315"}],"curies":[{"name":"wp","href":"https:\/\/api.w.org\/{rel}","templated":true}]}}