	{"id":56316,"date":"2022-06-01T12:20:43","date_gmt":"2022-06-01T10:20:43","guid":{"rendered":"http:\/\/pre.italcamara-es.com\/senza-categoria\/grande-successo-delledizione-2022-di-the-authentic-italian-table-su-salute-e-benessere\/"},"modified":"2022-06-01T12:20:43","modified_gmt":"2022-06-01T10:20:43","slug":"grande-successo-delledizione-2022-di-the-authentic-italian-table-su-salute-e-benessere","status":"publish","type":"post","link":"https:\/\/italcamara-es.com\/it\/notizie\/grande-successo-delledizione-2022-di-the-authentic-italian-table-su-salute-e-benessere\/","title":{"rendered":"Grande successo dell\u2019edizione 2022 di \u201cThe Authentic Italian Table\u201d su salute e benessere"},"content":{"rendered":"\n<p>La <strong>Camera di Commercio Italiana per la Spagna\n(CCIS)<\/strong> ha organizzato il 31 maggio scorso, presso la <em>Eat School<\/em> all\u2019interno della propria sede a Madrid, una nuova\nedizione di <strong><em>The Authentic Italian Table<\/em><\/strong>, un evento informativo e\npromozionale che quest\u2019anno si \u00e8 centrato su &#8216;salute e benessere&#8217;, con uno\nshowcooking in cui sono stati valorizzati ancora una volta i prodotti italiani\ndi qualit\u00e0. L&#8217;ingrediente protagonista di questo incontro \u00e8 stato il grano\nmonococco (<em>Triticum Monococcum<\/em>), un\ncereale con pi\u00f9 di 10.000 anni di storia coltivato esclusivamente nelle Marche\ne in Emilia Romagna, che si caratterizza per l&#8217;alto contenuto di proteine (19%),\nfibre, ferro e sali minerali e che risulta pi\u00f9 digeribile e quindi ideale per\nchi soffre di disturbi digestivi o legati al malassorbimento di alcuni\ncomponenti del grano tradizionale. Si tratta del primo cereale che l&#8217;uomo ha\n&#8216;addomesticato&#8217; e attualmente l&#8217;azienda italiana <strong>Agroservice<\/strong>, con il marchio <strong>Verditerre<\/strong>,\nha il brevetto esclusivo per la sua produzione.<\/p>\n\n\n\n<div class=\"wp-block-image\"><figure class=\"aligncenter is-resized\"><img decoding=\"async\" src=\"https:\/\/www.italcamara-es.com\/wp-content\/uploads\/2022\/06\/xCCI-67.jpg\" alt=\"\" class=\"wp-image-30227\" width=\"600\"\/><\/figure><\/div>\n\n\n\n<p>L\u2019evento, che ha fornito l\u2019occasione per degustare per la prima volta in Spagna questo prodotto, ha visto la partecipazione di Franco Jommi, responsabile della marca, che, in collegamento dall\u2019Italia, ha presentato le due variet\u00e0 di questo prodotto: la cultivar Hammurabi (nome che richiama la Mesopotamia, il teritorio in cui \u00e8 stato coltivato per la prima volta questo cereale), pi\u00f9 adatta per preparare la pasta; e la cultivar Norberto (dal nome del biologo che ha lavorato nella selezione), pi\u00f9 indicata per l&#8217;impasto della pizza. <\/p>\n\n\n\n<div class=\"wp-block-image\"><figure class=\"aligncenter is-resized\"><img fetchpriority=\"high\" decoding=\"async\" src=\"https:\/\/www.italcamara-es.com\/wp-content\/uploads\/2022\/06\/il-giornalista-Alberto-Luchini-e-lo-chef-Marco-Bozzolini-2.jpg\" alt=\"\" class=\"wp-image-30228\" width=\"600\" height=\"387\"\/><figcaption>Il giornalista Alberto Luchini e lo chef Marco Bozzolini<\/figcaption><\/figure><\/div>\n\n\n\n<p>Il grano monococco\n\u00e8 ricco in proteine ed contiene una percentuale molto bassa di glutine e meno\ncarboidrati del grano tradizionale. La sua farina \u00e8 alla base di una linea di\nprodotti che include la pasta, snack, cracker, cereali per la colazione e con\nla quale lo chef <strong>Marco Bozzolini<\/strong> ha\nelaborato durante l\u2019evento una mini piadina con salmone marinato, finocchi,\navocado e polvere di alga nori.&nbsp; Lo chef\nmilanese ha anche preparato per i presenti dei Fusilli monococco alle zucchine,\nvongole e zafferano \u2013 spiegando il processo di elaborazione di entrambe le\nricette anche al pubblico che lo ha seguito in streaming.<\/p>\n\n\n\n<div class=\"wp-block-image\"><figure class=\"aligncenter is-resized\"><img decoding=\"async\" src=\"https:\/\/www.italcamara-es.com\/wp-content\/uploads\/2022\/06\/ricetta-fusilli.jpg\" alt=\"\" class=\"wp-image-30229\" width=\"600\"\/><\/figure><\/div>\n\n\n\n<p>All&#8217;evento sono state degustate tutte queste specialit\u00e0 e un&#8217;altra\ninteressantissima linea di prodotti che l\u2019azienda italiana sta sviluppando per\nfavorire il consumo di legumi. Si tratta di diversi tipi di &#8216;pasta&#8217;, cos\u00ec\nchiamati per la loro forma, ma che in realt\u00e0 non contengono cereali, ma solo\nelaborati utilizzando esclusivamente farina di legumi macinata a pietra e acqua.\nTra i prodotti degustati vanno menzionate le penne di piselli, i fusilli di\nceci ed i rigatoni di fave, tutti prodotti biologici, gluten free e vegani.<\/p>\n\n\n\n<div class=\"wp-block-image\"><figure class=\"aligncenter is-resized\"><img decoding=\"async\" src=\"https:\/\/www.italcamara-es.com\/wp-content\/uploads\/2022\/06\/Prodotti-Verditerre-linea-Pasta-di-Legumi.jpg\" alt=\"\" class=\"wp-image-30230\" width=\"600\"\/><figcaption>La linea di paste di legumi Verditerre<\/figcaption><\/figure><\/div>\n\n\n\n<p>Senza dubbio l&#8217;evento \u00e8 stato altamente istruttivo e i partecipanti hanno avuto l&#8217;opportunit\u00e0 non solo di scoprire queste novit\u00e0 agroalimentari e i loro benefici, ma anche altri prodotti italiani come il Prosecco superiore Millesimato ed il Pecorino Romano Dop, nonch\u00e9 le caratteristiche e le peculiarit\u00e0 della cucina di alcune regioni del Centro Italia.<\/p>\n\n\n\n<p><em>The Authentic Italian Table<\/em> \u00e8 un evento che fa parte del progetto\n&#8220;<a href=\"http:\/\/www.trueitaliantaste.com\"><strong>True Italian Taste<\/strong><\/a>&#8220;, per la valorizzazione del prodotto\nautentico italiano, finanziato dal Ministero degli Affari Esteri e della\nCooperazione Internazionale e gestito da Assocamerestero\n(l&#8217;associazione delle Camere di Commercio italiani all&#8217;estero).<\/p>\n\n\n\n\n\n<p><strong><em>#trueitaliantaste&nbsp; <\/em><\/strong><\/p>\n\n\n\n<p><strong><em>#iffoodcouldtalk <\/em><\/strong><\/p>\n\n\n\n<p><strong><em>#extraordinaryitaliantaste<\/em><\/strong><\/p>\n","protected":false},"excerpt":{"rendered":"<p>La Camera di Commercio Italiana per la Spagna (CCIS) ha organizzato il 31 maggio scorso, presso la Eat School all\u2019interno della propria sede a Madrid, una nuova edizione di The Authentic Italian Table, un evento informativo e promozionale che quest\u2019anno si \u00e8 centrato su &#8216;salute e benessere&#8217;, con uno showcooking in cui sono stati valorizzati [&hellip;]<\/p>\n","protected":false},"author":1,"featured_media":55041,"comment_status":"open","ping_status":"open","sticky":false,"template":"","format":"standard","meta":{"inline_featured_image":false,"ocean_post_layout":"","ocean_both_sidebars_style":"","ocean_both_sidebars_content_width":0,"ocean_both_sidebars_sidebars_width":0,"ocean_sidebar":"","ocean_second_sidebar":"","ocean_disable_margins":"enable","ocean_add_body_class":"","ocean_shortcode_before_top_bar":"","ocean_shortcode_after_top_bar":"","ocean_shortcode_before_header":"","ocean_shortcode_after_header":"","ocean_has_shortcode":"","ocean_shortcode_after_title":"","ocean_shortcode_before_footer_widgets":"","ocean_shortcode_after_footer_widgets":"","ocean_shortcode_before_footer_bottom":"","ocean_shortcode_after_footer_bottom":"","ocean_display_top_bar":"default","ocean_display_header":"default","ocean_header_style":"","ocean_center_header_left_menu":"","ocean_custom_header_template":"","ocean_custom_logo":0,"ocean_custom_retina_logo":0,"ocean_custom_logo_max_width":0,"ocean_custom_logo_tablet_max_width":0,"ocean_custom_logo_mobile_max_width":0,"ocean_custom_logo_max_height":0,"ocean_custom_logo_tablet_max_height":0,"ocean_custom_logo_mobile_max_height":0,"ocean_header_custom_menu":"","ocean_menu_typo_font_family":"","ocean_menu_typo_font_subset":"","ocean_menu_typo_font_size":0,"ocean_menu_typo_font_size_tablet":0,"ocean_menu_typo_font_size_mobile":0,"ocean_menu_typo_font_size_unit":"px","ocean_menu_typo_font_weight":"","ocean_menu_typo_font_weight_tablet":"","ocean_menu_typo_font_weight_mobile":"","ocean_menu_typo_transform":"","ocean_menu_typo_transform_tablet":"","ocean_menu_typo_transform_mobile":"","ocean_menu_typo_line_height":0,"ocean_menu_typo_line_height_tablet":0,"ocean_menu_typo_line_height_mobile":0,"ocean_menu_typo_line_height_unit":"","ocean_menu_typo_spacing":0,"ocean_menu_typo_spacing_tablet":0,"ocean_menu_typo_spacing_mobile":0,"ocean_menu_typo_spacing_unit":"","ocean_menu_link_color":"","ocean_menu_link_color_hover":"","ocean_menu_link_color_active":"","ocean_menu_link_background":"","ocean_menu_link_hover_background":"","ocean_menu_link_active_background":"","ocean_menu_social_links_bg":"","ocean_menu_social_hover_links_bg":"","ocean_menu_social_links_color":"","ocean_menu_social_hover_links_color":"","ocean_disable_title":"default","ocean_disable_heading":"default","ocean_post_title":"","ocean_post_subheading":"","ocean_post_title_style":"","ocean_post_title_background_color":"","ocean_post_title_background":0,"ocean_post_title_bg_image_position":"","ocean_post_title_bg_image_attachment":"","ocean_post_title_bg_image_repeat":"","ocean_post_title_bg_image_size":"","ocean_post_title_height":0,"ocean_post_title_bg_overlay":0.5,"ocean_post_title_bg_overlay_color":"","ocean_disable_breadcrumbs":"default","ocean_breadcrumbs_color":"","ocean_breadcrumbs_separator_color":"","ocean_breadcrumbs_links_color":"","ocean_breadcrumbs_links_hover_color":"","ocean_display_footer_widgets":"default","ocean_display_footer_bottom":"default","ocean_custom_footer_template":"","ocean_post_oembed":"","ocean_post_self_hosted_media":"","ocean_post_video_embed":"","ocean_link_format":"","ocean_link_format_target":"self","ocean_quote_format":"","ocean_quote_format_link":"post","ocean_gallery_link_images":"on","ocean_gallery_id":[],"footnotes":""},"categories":[133],"tags":[139],"class_list":["post-56316","post","type-post","status-publish","format-standard","has-post-thumbnail","hentry","category-notizie","tag-notizie-di-la-ccis","entry","has-media"],"yoast_head":"<!-- This site is optimized with the Yoast SEO plugin v27.5 - https:\/\/yoast.com\/product\/yoast-seo-wordpress\/ -->\n<title>Grande successo dell\u2019edizione 2022 di \u201cThe Authentic Italian Table\u201d su salute e benessere - Italcamara<\/title>\n<meta name=\"robots\" content=\"index, follow, max-snippet:-1, max-image-preview:large, max-video-preview:-1\" \/>\n<link rel=\"canonical\" href=\"https:\/\/italcamara-es.com\/it\/notizie\/grande-successo-delledizione-2022-di-the-authentic-italian-table-su-salute-e-benessere\/\" \/>\n<meta property=\"og:locale\" content=\"it_IT\" \/>\n<meta property=\"og:type\" content=\"article\" \/>\n<meta property=\"og:title\" content=\"Grande successo dell\u2019edizione 2022 di \u201cThe Authentic Italian Table\u201d su salute e benessere - Italcamara\" \/>\n<meta property=\"og:description\" content=\"La Camera di Commercio Italiana per la Spagna (CCIS) ha organizzato il 31 maggio scorso, presso la Eat School all\u2019interno della propria sede a Madrid, una nuova edizione di The Authentic Italian Table, un evento informativo e promozionale che quest\u2019anno si \u00e8 centrato su &#8216;salute e benessere&#8217;, con uno showcooking in cui sono stati valorizzati [&hellip;]\" \/>\n<meta property=\"og:url\" content=\"https:\/\/italcamara-es.com\/it\/notizie\/grande-successo-delledizione-2022-di-the-authentic-italian-table-su-salute-e-benessere\/\" \/>\n<meta property=\"og:site_name\" content=\"Italcamara\" \/>\n<meta property=\"article:published_time\" content=\"2022-06-01T10:20:43+00:00\" \/>\n<meta property=\"og:image\" content=\"https:\/\/italcamara-es.com\/wp-content\/uploads\/2025\/03\/AIT-500-2.jpg\" \/>\n\t<meta property=\"og:image:width\" content=\"500\" \/>\n\t<meta property=\"og:image:height\" content=\"280\" \/>\n\t<meta property=\"og:image:type\" content=\"image\/jpeg\" \/>\n<meta name=\"author\" content=\"administrador\" \/>\n<meta name=\"twitter:card\" content=\"summary_large_image\" \/>\n<meta name=\"twitter:label1\" content=\"Scritto da\" \/>\n\t<meta name=\"twitter:data1\" content=\"administrador\" \/>\n\t<meta name=\"twitter:label2\" content=\"Tempo di lettura stimato\" \/>\n\t<meta name=\"twitter:data2\" content=\"3 minuti\" \/>\n<script type=\"application\/ld+json\" class=\"yoast-schema-graph\">{\"@context\":\"https:\\\/\\\/schema.org\",\"@graph\":[{\"@type\":\"Article\",\"@id\":\"https:\\\/\\\/italcamara-es.com\\\/it\\\/notizie\\\/grande-successo-delledizione-2022-di-the-authentic-italian-table-su-salute-e-benessere\\\/#article\",\"isPartOf\":{\"@id\":\"https:\\\/\\\/italcamara-es.com\\\/it\\\/notizie\\\/grande-successo-delledizione-2022-di-the-authentic-italian-table-su-salute-e-benessere\\\/\"},\"author\":{\"name\":\"administrador\",\"@id\":\"https:\\\/\\\/italcamara-es.com\\\/#\\\/schema\\\/person\\\/bb3c56263e405bbd9a15171dcfee93bb\"},\"headline\":\"Grande successo dell\u2019edizione 2022 di \u201cThe Authentic Italian Table\u201d su salute e benessere\",\"datePublished\":\"2022-06-01T10:20:43+00:00\",\"mainEntityOfPage\":{\"@id\":\"https:\\\/\\\/italcamara-es.com\\\/it\\\/notizie\\\/grande-successo-delledizione-2022-di-the-authentic-italian-table-su-salute-e-benessere\\\/\"},\"wordCount\":562,\"commentCount\":0,\"image\":{\"@id\":\"https:\\\/\\\/italcamara-es.com\\\/it\\\/notizie\\\/grande-successo-delledizione-2022-di-the-authentic-italian-table-su-salute-e-benessere\\\/#primaryimage\"},\"thumbnailUrl\":\"https:\\\/\\\/italcamara-es.com\\\/wp-content\\\/uploads\\\/2025\\\/03\\\/AIT-500-2.jpg\",\"keywords\":[\"Notizie di la CCIS\"],\"articleSection\":[\"Notizie\"],\"inLanguage\":\"it-IT\",\"potentialAction\":[{\"@type\":\"CommentAction\",\"name\":\"Comment\",\"target\":[\"https:\\\/\\\/italcamara-es.com\\\/it\\\/notizie\\\/grande-successo-delledizione-2022-di-the-authentic-italian-table-su-salute-e-benessere\\\/#respond\"]}]},{\"@type\":\"WebPage\",\"@id\":\"https:\\\/\\\/italcamara-es.com\\\/it\\\/notizie\\\/grande-successo-delledizione-2022-di-the-authentic-italian-table-su-salute-e-benessere\\\/\",\"url\":\"https:\\\/\\\/italcamara-es.com\\\/it\\\/notizie\\\/grande-successo-delledizione-2022-di-the-authentic-italian-table-su-salute-e-benessere\\\/\",\"name\":\"Grande successo dell\u2019edizione 2022 di \u201cThe Authentic Italian Table\u201d su salute e benessere - Italcamara\",\"isPartOf\":{\"@id\":\"https:\\\/\\\/italcamara-es.com\\\/#website\"},\"primaryImageOfPage\":{\"@id\":\"https:\\\/\\\/italcamara-es.com\\\/it\\\/notizie\\\/grande-successo-delledizione-2022-di-the-authentic-italian-table-su-salute-e-benessere\\\/#primaryimage\"},\"image\":{\"@id\":\"https:\\\/\\\/italcamara-es.com\\\/it\\\/notizie\\\/grande-successo-delledizione-2022-di-the-authentic-italian-table-su-salute-e-benessere\\\/#primaryimage\"},\"thumbnailUrl\":\"https:\\\/\\\/italcamara-es.com\\\/wp-content\\\/uploads\\\/2025\\\/03\\\/AIT-500-2.jpg\",\"datePublished\":\"2022-06-01T10:20:43+00:00\",\"author\":{\"@id\":\"https:\\\/\\\/italcamara-es.com\\\/#\\\/schema\\\/person\\\/bb3c56263e405bbd9a15171dcfee93bb\"},\"breadcrumb\":{\"@id\":\"https:\\\/\\\/italcamara-es.com\\\/it\\\/notizie\\\/grande-successo-delledizione-2022-di-the-authentic-italian-table-su-salute-e-benessere\\\/#breadcrumb\"},\"inLanguage\":\"it-IT\",\"potentialAction\":[{\"@type\":\"ReadAction\",\"target\":[\"https:\\\/\\\/italcamara-es.com\\\/it\\\/notizie\\\/grande-successo-delledizione-2022-di-the-authentic-italian-table-su-salute-e-benessere\\\/\"]}]},{\"@type\":\"ImageObject\",\"inLanguage\":\"it-IT\",\"@id\":\"https:\\\/\\\/italcamara-es.com\\\/it\\\/notizie\\\/grande-successo-delledizione-2022-di-the-authentic-italian-table-su-salute-e-benessere\\\/#primaryimage\",\"url\":\"https:\\\/\\\/italcamara-es.com\\\/wp-content\\\/uploads\\\/2025\\\/03\\\/AIT-500-2.jpg\",\"contentUrl\":\"https:\\\/\\\/italcamara-es.com\\\/wp-content\\\/uploads\\\/2025\\\/03\\\/AIT-500-2.jpg\",\"width\":500,\"height\":280},{\"@type\":\"BreadcrumbList\",\"@id\":\"https:\\\/\\\/italcamara-es.com\\\/it\\\/notizie\\\/grande-successo-delledizione-2022-di-the-authentic-italian-table-su-salute-e-benessere\\\/#breadcrumb\",\"itemListElement\":[{\"@type\":\"ListItem\",\"position\":1,\"name\":\"Inicio\",\"item\":\"https:\\\/\\\/italcamara-es.com\\\/it\\\/homepage-ita\\\/\"},{\"@type\":\"ListItem\",\"position\":2,\"name\":\"Grande successo dell\u2019edizione 2022 di \u201cThe Authentic Italian Table\u201d su salute e benessere\"}]},{\"@type\":\"WebSite\",\"@id\":\"https:\\\/\\\/italcamara-es.com\\\/#website\",\"url\":\"https:\\\/\\\/italcamara-es.com\\\/\",\"name\":\"Italcamara\",\"description\":\"\",\"potentialAction\":[{\"@type\":\"SearchAction\",\"target\":{\"@type\":\"EntryPoint\",\"urlTemplate\":\"https:\\\/\\\/italcamara-es.com\\\/?s={search_term_string}\"},\"query-input\":{\"@type\":\"PropertyValueSpecification\",\"valueRequired\":true,\"valueName\":\"search_term_string\"}}],\"inLanguage\":\"it-IT\"},{\"@type\":\"Person\",\"@id\":\"https:\\\/\\\/italcamara-es.com\\\/#\\\/schema\\\/person\\\/bb3c56263e405bbd9a15171dcfee93bb\",\"name\":\"administrador\",\"image\":{\"@type\":\"ImageObject\",\"inLanguage\":\"it-IT\",\"@id\":\"https:\\\/\\\/secure.gravatar.com\\\/avatar\\\/14b5e63db38320b12031bb28cf9f77e210aa71fb3a8a3602a3c9a05134fa75eb?s=96&d=mm&r=g\",\"url\":\"https:\\\/\\\/secure.gravatar.com\\\/avatar\\\/14b5e63db38320b12031bb28cf9f77e210aa71fb3a8a3602a3c9a05134fa75eb?s=96&d=mm&r=g\",\"contentUrl\":\"https:\\\/\\\/secure.gravatar.com\\\/avatar\\\/14b5e63db38320b12031bb28cf9f77e210aa71fb3a8a3602a3c9a05134fa75eb?s=96&d=mm&r=g\",\"caption\":\"administrador\"},\"sameAs\":[\"http:\\\/\\\/pre.italcamara-es.com\"],\"url\":\"https:\\\/\\\/italcamara-es.com\\\/it\\\/author\\\/administrador\\\/\"}]}<\/script>\n<!-- \/ Yoast SEO plugin. -->","yoast_head_json":{"title":"Grande successo dell\u2019edizione 2022 di \u201cThe Authentic Italian Table\u201d su salute e benessere - Italcamara","robots":{"index":"index","follow":"follow","max-snippet":"max-snippet:-1","max-image-preview":"max-image-preview:large","max-video-preview":"max-video-preview:-1"},"canonical":"https:\/\/italcamara-es.com\/it\/notizie\/grande-successo-delledizione-2022-di-the-authentic-italian-table-su-salute-e-benessere\/","og_locale":"it_IT","og_type":"article","og_title":"Grande successo dell\u2019edizione 2022 di \u201cThe Authentic Italian Table\u201d su salute e benessere - Italcamara","og_description":"La Camera di Commercio Italiana per la Spagna (CCIS) ha organizzato il 31 maggio scorso, presso la Eat School all\u2019interno della propria sede a Madrid, una nuova edizione di The Authentic Italian Table, un evento informativo e promozionale che quest\u2019anno si \u00e8 centrato su &#8216;salute e benessere&#8217;, con uno showcooking in cui sono stati valorizzati [&hellip;]","og_url":"https:\/\/italcamara-es.com\/it\/notizie\/grande-successo-delledizione-2022-di-the-authentic-italian-table-su-salute-e-benessere\/","og_site_name":"Italcamara","article_published_time":"2022-06-01T10:20:43+00:00","og_image":[{"width":500,"height":280,"url":"https:\/\/italcamara-es.com\/wp-content\/uploads\/2025\/03\/AIT-500-2.jpg","type":"image\/jpeg"}],"author":"administrador","twitter_card":"summary_large_image","twitter_misc":{"Scritto da":"administrador","Tempo di lettura stimato":"3 minuti"},"schema":{"@context":"https:\/\/schema.org","@graph":[{"@type":"Article","@id":"https:\/\/italcamara-es.com\/it\/notizie\/grande-successo-delledizione-2022-di-the-authentic-italian-table-su-salute-e-benessere\/#article","isPartOf":{"@id":"https:\/\/italcamara-es.com\/it\/notizie\/grande-successo-delledizione-2022-di-the-authentic-italian-table-su-salute-e-benessere\/"},"author":{"name":"administrador","@id":"https:\/\/italcamara-es.com\/#\/schema\/person\/bb3c56263e405bbd9a15171dcfee93bb"},"headline":"Grande successo dell\u2019edizione 2022 di \u201cThe Authentic Italian Table\u201d su salute e benessere","datePublished":"2022-06-01T10:20:43+00:00","mainEntityOfPage":{"@id":"https:\/\/italcamara-es.com\/it\/notizie\/grande-successo-delledizione-2022-di-the-authentic-italian-table-su-salute-e-benessere\/"},"wordCount":562,"commentCount":0,"image":{"@id":"https:\/\/italcamara-es.com\/it\/notizie\/grande-successo-delledizione-2022-di-the-authentic-italian-table-su-salute-e-benessere\/#primaryimage"},"thumbnailUrl":"https:\/\/italcamara-es.com\/wp-content\/uploads\/2025\/03\/AIT-500-2.jpg","keywords":["Notizie di la CCIS"],"articleSection":["Notizie"],"inLanguage":"it-IT","potentialAction":[{"@type":"CommentAction","name":"Comment","target":["https:\/\/italcamara-es.com\/it\/notizie\/grande-successo-delledizione-2022-di-the-authentic-italian-table-su-salute-e-benessere\/#respond"]}]},{"@type":"WebPage","@id":"https:\/\/italcamara-es.com\/it\/notizie\/grande-successo-delledizione-2022-di-the-authentic-italian-table-su-salute-e-benessere\/","url":"https:\/\/italcamara-es.com\/it\/notizie\/grande-successo-delledizione-2022-di-the-authentic-italian-table-su-salute-e-benessere\/","name":"Grande successo dell\u2019edizione 2022 di \u201cThe Authentic Italian Table\u201d su salute e benessere - Italcamara","isPartOf":{"@id":"https:\/\/italcamara-es.com\/#website"},"primaryImageOfPage":{"@id":"https:\/\/italcamara-es.com\/it\/notizie\/grande-successo-delledizione-2022-di-the-authentic-italian-table-su-salute-e-benessere\/#primaryimage"},"image":{"@id":"https:\/\/italcamara-es.com\/it\/notizie\/grande-successo-delledizione-2022-di-the-authentic-italian-table-su-salute-e-benessere\/#primaryimage"},"thumbnailUrl":"https:\/\/italcamara-es.com\/wp-content\/uploads\/2025\/03\/AIT-500-2.jpg","datePublished":"2022-06-01T10:20:43+00:00","author":{"@id":"https:\/\/italcamara-es.com\/#\/schema\/person\/bb3c56263e405bbd9a15171dcfee93bb"},"breadcrumb":{"@id":"https:\/\/italcamara-es.com\/it\/notizie\/grande-successo-delledizione-2022-di-the-authentic-italian-table-su-salute-e-benessere\/#breadcrumb"},"inLanguage":"it-IT","potentialAction":[{"@type":"ReadAction","target":["https:\/\/italcamara-es.com\/it\/notizie\/grande-successo-delledizione-2022-di-the-authentic-italian-table-su-salute-e-benessere\/"]}]},{"@type":"ImageObject","inLanguage":"it-IT","@id":"https:\/\/italcamara-es.com\/it\/notizie\/grande-successo-delledizione-2022-di-the-authentic-italian-table-su-salute-e-benessere\/#primaryimage","url":"https:\/\/italcamara-es.com\/wp-content\/uploads\/2025\/03\/AIT-500-2.jpg","contentUrl":"https:\/\/italcamara-es.com\/wp-content\/uploads\/2025\/03\/AIT-500-2.jpg","width":500,"height":280},{"@type":"BreadcrumbList","@id":"https:\/\/italcamara-es.com\/it\/notizie\/grande-successo-delledizione-2022-di-the-authentic-italian-table-su-salute-e-benessere\/#breadcrumb","itemListElement":[{"@type":"ListItem","position":1,"name":"Inicio","item":"https:\/\/italcamara-es.com\/it\/homepage-ita\/"},{"@type":"ListItem","position":2,"name":"Grande successo dell\u2019edizione 2022 di \u201cThe Authentic Italian Table\u201d su salute e benessere"}]},{"@type":"WebSite","@id":"https:\/\/italcamara-es.com\/#website","url":"https:\/\/italcamara-es.com\/","name":"Italcamara","description":"","potentialAction":[{"@type":"SearchAction","target":{"@type":"EntryPoint","urlTemplate":"https:\/\/italcamara-es.com\/?s={search_term_string}"},"query-input":{"@type":"PropertyValueSpecification","valueRequired":true,"valueName":"search_term_string"}}],"inLanguage":"it-IT"},{"@type":"Person","@id":"https:\/\/italcamara-es.com\/#\/schema\/person\/bb3c56263e405bbd9a15171dcfee93bb","name":"administrador","image":{"@type":"ImageObject","inLanguage":"it-IT","@id":"https:\/\/secure.gravatar.com\/avatar\/14b5e63db38320b12031bb28cf9f77e210aa71fb3a8a3602a3c9a05134fa75eb?s=96&d=mm&r=g","url":"https:\/\/secure.gravatar.com\/avatar\/14b5e63db38320b12031bb28cf9f77e210aa71fb3a8a3602a3c9a05134fa75eb?s=96&d=mm&r=g","contentUrl":"https:\/\/secure.gravatar.com\/avatar\/14b5e63db38320b12031bb28cf9f77e210aa71fb3a8a3602a3c9a05134fa75eb?s=96&d=mm&r=g","caption":"administrador"},"sameAs":["http:\/\/pre.italcamara-es.com"],"url":"https:\/\/italcamara-es.com\/it\/author\/administrador\/"}]}},"rttpg_featured_image_url":{"full":["https:\/\/italcamara-es.com\/wp-content\/uploads\/2025\/03\/AIT-500-2.jpg",500,280,false],"landscape":["https:\/\/italcamara-es.com\/wp-content\/uploads\/2025\/03\/AIT-500-2.jpg",500,280,false],"portraits":["https:\/\/italcamara-es.com\/wp-content\/uploads\/2025\/03\/AIT-500-2.jpg",500,280,false],"thumbnail":["https:\/\/italcamara-es.com\/wp-content\/uploads\/2025\/03\/AIT-500-2-150x150.jpg",150,150,true],"medium":["https:\/\/italcamara-es.com\/wp-content\/uploads\/2025\/03\/AIT-500-2-300x168.jpg",300,168,true],"large":["https:\/\/italcamara-es.com\/wp-content\/uploads\/2025\/03\/AIT-500-2.jpg",500,280,false],"1536x1536":["https:\/\/italcamara-es.com\/wp-content\/uploads\/2025\/03\/AIT-500-2.jpg",500,280,false],"2048x2048":["https:\/\/italcamara-es.com\/wp-content\/uploads\/2025\/03\/AIT-500-2.jpg",500,280,false],"ocean-thumb-m":["https:\/\/italcamara-es.com\/wp-content\/uploads\/2025\/03\/AIT-500-2.jpg",500,280,false],"ocean-thumb-ml":["https:\/\/italcamara-es.com\/wp-content\/uploads\/2025\/03\/AIT-500-2.jpg",500,280,false],"ocean-thumb-l":["https:\/\/italcamara-es.com\/wp-content\/uploads\/2025\/03\/AIT-500-2.jpg",500,280,false],"directorist_preview":["https:\/\/italcamara-es.com\/wp-content\/uploads\/2025\/03\/AIT-500-2.jpg",500,280,false]},"rttpg_author":{"display_name":"administrador","author_link":"https:\/\/italcamara-es.com\/it\/author\/administrador\/"},"rttpg_comment":0,"rttpg_category":"<a href=\"https:\/\/italcamara-es.com\/it\/category\/notizie\/\" rel=\"category tag\">Notizie<\/a>","rttpg_excerpt":"La Camera di Commercio Italiana per la Spagna (CCIS) ha organizzato il 31 maggio scorso, presso la Eat School all\u2019interno della propria sede a Madrid, una nuova edizione di The Authentic Italian Table, un evento informativo e promozionale che quest\u2019anno si \u00e8 centrato su &#8216;salute e benessere&#8217;, con uno showcooking in cui sono stati valorizzati&hellip;","_links":{"self":[{"href":"https:\/\/italcamara-es.com\/it\/wp-json\/wp\/v2\/posts\/56316","targetHints":{"allow":["GET"]}}],"collection":[{"href":"https:\/\/italcamara-es.com\/it\/wp-json\/wp\/v2\/posts"}],"about":[{"href":"https:\/\/italcamara-es.com\/it\/wp-json\/wp\/v2\/types\/post"}],"author":[{"embeddable":true,"href":"https:\/\/italcamara-es.com\/it\/wp-json\/wp\/v2\/users\/1"}],"replies":[{"embeddable":true,"href":"https:\/\/italcamara-es.com\/it\/wp-json\/wp\/v2\/comments?post=56316"}],"version-history":[{"count":0,"href":"https:\/\/italcamara-es.com\/it\/wp-json\/wp\/v2\/posts\/56316\/revisions"}],"wp:featuredmedia":[{"embeddable":true,"href":"https:\/\/italcamara-es.com\/it\/wp-json\/wp\/v2\/media\/55041"}],"wp:attachment":[{"href":"https:\/\/italcamara-es.com\/it\/wp-json\/wp\/v2\/media?parent=56316"}],"wp:term":[{"taxonomy":"category","embeddable":true,"href":"https:\/\/italcamara-es.com\/it\/wp-json\/wp\/v2\/categories?post=56316"},{"taxonomy":"post_tag","embeddable":true,"href":"https:\/\/italcamara-es.com\/it\/wp-json\/wp\/v2\/tags?post=56316"}],"curies":[{"name":"wp","href":"https:\/\/api.w.org\/{rel}","templated":true}]}}