	{"id":56320,"date":"2022-06-23T11:30:28","date_gmt":"2022-06-23T09:30:28","guid":{"rendered":"http:\/\/pre.italcamara-es.com\/senza-categoria\/i-prodotti-italiani-certificati-puntano-sulla-sostenibilita\/"},"modified":"2022-06-23T11:30:28","modified_gmt":"2022-06-23T09:30:28","slug":"i-prodotti-italiani-certificati-puntano-sulla-sostenibilita","status":"publish","type":"post","link":"https:\/\/italcamara-es.com\/it\/notizie\/i-prodotti-italiani-certificati-puntano-sulla-sostenibilita\/","title":{"rendered":"I prodotti italiani certificati puntano sulla sostenibilit\u00e0"},"content":{"rendered":"\n<p>Dopo la pausa globale dovuta alla pandemia, il nostro continente si sta nuovamente mettendo in moto, facendo conoscere il meglio di s\u00e9. Il progetto dell&#8217;Unione Europea per la promozione e la valorizzazione dei prodotti di qualit\u00e0 certificata, <strong><em><a href=\"https:\/\/www.eeqf.eu\/\">Enjoy European Quality Food<\/a><\/em><a href=\"https:\/\/www.eeqf.eu\/\"> (EEQF)<\/a><\/strong>, ha ripreso lo scorso 22 giugno \u2013dopo il primo appuntamento del 2019- la sua attivit\u00e0 in Spagna, con una nuova tavola rotonda presso la sede della <strong>Camera di Commercio e Industria Italiana per la Spagna (CCIS)<\/strong>. In questa occasione il tema centrale \u00e8 stato \u201cLe indicazioni geografiche, espressione di sostenibilit\u00e0 sociale, economica ed ambientale\u201d. La produzione agroalimentaria ed enologia a Denominazione di Origine, Indicazione Geografica e Specialit\u00e0 Tradizionale Garantita evolve infatti a favore di processi pi\u00f9 ecologici e sostenibili, generando un maggiore interesse nei consumatori grazie alla filiera garantita e alla qualit\u00e0 certificata.<\/p>\n\n\n\n<div class=\"wp-block-image\"><figure class=\"aligncenter is-resized\"><img decoding=\"async\" src=\"https:\/\/www.italcamara-es.com\/wp-content\/uploads\/2022\/06\/CCI-39.jpg\" alt=\"\" class=\"wp-image-30523\" width=\"500\"\/><\/figure><\/div>\n\n\n\n<p><strong>Libero Giovanni Stradiotti<\/strong>, presidente del Consorzio di Tutela Provolone Valpadana e capofila del progetto <strong>EEQF<\/strong>, \u00e8 intervenuto insieme a <strong>Juan Jos\u00e9 Burgos<\/strong>, presidente di Slow Food Madrid, nel dibattito moderato dal giornalista e gastronomo <strong>Alberto Luchini<\/strong>. Stradiotti ha sottolineato che in questa fase del progetto sono state indagate le fonti storiche per saperne di pi\u00f9 sull&#8217;origine dei prodotti associati al progetto e che negli ultimi tempi \u00e8 stata data maggiore enfasi alla qualit\u00e0 e alla sostenibilit\u00e0 medioambientale: \u201c<em>Proteggiamo il nostro bestiame dall\u2019inquinamento e questo si nota nel sapore del Provolone, del burro e anche nei loro aromi<\/em>\u201d. Nella loro DOP, inoltre, si punta in particolare sul benessere degli animali e ci\u00f2o si traduce in una produzione \u00e8 minore in termini quantitativi, ma di qualit\u00e0 superiore, con una maggiore soddifazione per i produttori.<\/p>\n\n\n\n<div class=\"wp-block-image\"><figure class=\"aligncenter is-resized\"><img decoding=\"async\" src=\"https:\/\/www.italcamara-es.com\/wp-content\/uploads\/2022\/06\/CCI-74.jpg\" alt=\"\" class=\"wp-image-30524\" width=\"500\"\/><\/figure><\/div>\n\n\n\n<p><strong>Juan Jos\u00e9 Burgos <\/strong>ha sottolineato che il tema della tavola rotonda, la sostenibilit\u00e0, implica &#8220;<em>essere in grado di soddisfare i nostri bisogni attuali e che anche le generazioni future possano farlo<\/em>&#8220;. In particolare, ha incentrato il suo intervento sui tre pilastri che portano a questo obiettivo: gli aspetti economici, ambientali e socioeconomici. Perch\u00e9 si sostengono molte pi\u00f9 famiglie se, ad esempio, fondiamo il nostro tessuto produttivo su 30 piccoli fattorie invece di una sola di grandi dimensioni; perch\u00e9 \u00e8 importante mantenere l&#8217;equilibrio in questi allevamenti, avere un numero di capi di bestiame proporzionale allo spazio che abbiamo; e, in qualit\u00e0 di consumatori, ha sottolineato che dobbiamo appoggiare e valorizzare questo tipo di produzione per avere pi\u00f9 alimenti di qualit\u00e0.<\/p>\n\n\n\n<p>Una volta conclusa l\u2019interessante tavola rotonda, lo chef Marco Bozzolini, che collabora da anni con la CCIS in progetti di promozione della gastronomia italiana in Spagna, ha preparato alcune proposte che i partecipanti hanno potuto degustare: <em>Mozzarella Stg con pomodoro cuore di bue, aceto balsamico di Modena, basilico fresco e olio extravergine Toscano IGP<\/em> e <em>Provolone Valpadana DOP alla griglia con pesto di pomodoro semisecco, origano fresco e olio extra vergine Toscano IGP<\/em>. Inoltre, i presenti hanno avuto l\u2019occasione di provare questo <em>oro liquido<\/em> in una degustazione guidata da <strong>Luigi Fanciulli<\/strong> e <strong>Alberto Leotti<\/strong>, rispettivamente presidente e vicepresidente dell&#8217;Associazione Produtottori Olivicoli Toscani (APOT), che hanno sottolineato come il loro prodotto si basa sulla sostenibilit\u00e0 e sull&#8217;autosufficienza, oltre che sulla collaborazione tra i piccoli produttori del territrorio.<\/p>\n\n\n\n<div class=\"wp-block-image\"><figure class=\"aligncenter is-resized\"><img decoding=\"async\" src=\"https:\/\/www.italcamara-es.com\/wp-content\/uploads\/2022\/06\/CCI-127.jpg\" alt=\"\" class=\"wp-image-30525\" width=\"500\"\/><\/figure><\/div>\n\n\n\n<p>In questo progetto cofinanziato dall&#8217;Unione Europea, sono\n<strong>sei i prodotti italiani associati tra\nvino, olio e formaggio, <\/strong>con volumi di produzione molto rilevanti nel 2021: <em>Asti DOCG <\/em>(102 milioni di bottiglie, di\ncui il 71% \u00e8 stato esportato negli Stati Uniti), <em>Conegliano Valdobbiadene Prosecco Superiore DOCG<\/em> (104,7 milioni di\nbottiglie), <em>Vino Nobile di Montepulciano\nDOCG<\/em> (6,8 milioni di bottiglie), <em>Provolone\nValpadana DOP<\/em> (oltre 7,4 milioni di kg, di cui il 31% esportarti in\nSpagna), <em>Olio Extravergine d&#8217;Oliva\nToscano IGP<\/em> (55.000 quintali stimati) e <em>Mozzarella\nSTG<\/em> (270.500 kg l&#8217;anno scorso e 330.000 nel 2020). Si tratta di eccellenze\nterritoriali la cui qualit\u00e0 \u00e8 testimoniata da certificazioni come DOP\n(Denominazione di Origine Protetta), DOCG (Denominazione di Origine Controllata\ne Garantita, esclusiva dei vini italiani), IGP (Indicazione Geografica\nProtetta) e STG (Specialit\u00e0 Tradizionale Garantita).<\/p>\n\n\n\n<div class=\"wp-block-image\"><figure class=\"aligncenter is-resized\"><img decoding=\"async\" src=\"https:\/\/www.italcamara-es.com\/wp-content\/uploads\/2022\/06\/CCI-188.jpg\" alt=\"\" class=\"wp-image-30526\" width=\"500\"\/><\/figure><\/div>\n\n\n\n<p>Si tratta solo di una piccola parte di tutto ci\u00f2 che l&#8217;Italia pu\u00f2 offrire, dal momento che il Belpaese \u00e8 il primo mercato al mondo per numero di denominazioni di origine concesse dall&#8217;Unione Europea -con 1.065 differenti considerando anche le bevande spiritose-, seguito dalla Spagna con 363. I benefici della sua variegata gastronomia di qualit\u00e0 continueranno a farsi conoscere in diverse iniziative ed eventi organizzati in Italia, Spagna, Polonia e Germania, i quattro paesi coinvolti nel progetto <strong>Enjoy European Quality Food<\/strong>, con l\u2019obiettivo di incrementarne la visibilit\u00e0 e avvicinare i consumatori, le imprese e l&#8217;opinione pubblica europea al mondo dell&#8217;enogastronomia di qualit\u00e0.<\/p>\n\n\n\n<p>Segui le novit\u00e0 del progetto EEQF su <a href=\"https:\/\/www.instagram.com\/enjoyeuropeanqualityfood\/\">Instragram<\/a> e <a href=\"https:\/\/www.facebook.com\/EEQF-Enjoy-European-Quality-Food-2175159206128874\/\">Facebook<\/a><\/p>\n","protected":false},"excerpt":{"rendered":"<p>Dopo la pausa globale dovuta alla pandemia, il nostro continente si sta nuovamente mettendo in moto, facendo conoscere il meglio di s\u00e9. Il progetto dell&#8217;Unione Europea per la promozione e la valorizzazione dei prodotti di qualit\u00e0 certificata, Enjoy European Quality Food (EEQF), ha ripreso lo scorso 22 giugno \u2013dopo il primo appuntamento del 2019- la [&hellip;]<\/p>\n","protected":false},"author":1,"featured_media":55047,"comment_status":"open","ping_status":"open","sticky":false,"template":"","format":"standard","meta":{"inline_featured_image":false,"ocean_post_layout":"","ocean_both_sidebars_style":"","ocean_both_sidebars_content_width":0,"ocean_both_sidebars_sidebars_width":0,"ocean_sidebar":"","ocean_second_sidebar":"","ocean_disable_margins":"enable","ocean_add_body_class":"","ocean_shortcode_before_top_bar":"","ocean_shortcode_after_top_bar":"","ocean_shortcode_before_header":"","ocean_shortcode_after_header":"","ocean_has_shortcode":"","ocean_shortcode_after_title":"","ocean_shortcode_before_footer_widgets":"","ocean_shortcode_after_footer_widgets":"","ocean_shortcode_before_footer_bottom":"","ocean_shortcode_after_footer_bottom":"","ocean_display_top_bar":"default","ocean_display_header":"default","ocean_header_style":"","ocean_center_header_left_menu":"","ocean_custom_header_template":"","ocean_custom_logo":0,"ocean_custom_retina_logo":0,"ocean_custom_logo_max_width":0,"ocean_custom_logo_tablet_max_width":0,"ocean_custom_logo_mobile_max_width":0,"ocean_custom_logo_max_height":0,"ocean_custom_logo_tablet_max_height":0,"ocean_custom_logo_mobile_max_height":0,"ocean_header_custom_menu":"","ocean_menu_typo_font_family":"","ocean_menu_typo_font_subset":"","ocean_menu_typo_font_size":0,"ocean_menu_typo_font_size_tablet":0,"ocean_menu_typo_font_size_mobile":0,"ocean_menu_typo_font_size_unit":"px","ocean_menu_typo_font_weight":"","ocean_menu_typo_font_weight_tablet":"","ocean_menu_typo_font_weight_mobile":"","ocean_menu_typo_transform":"","ocean_menu_typo_transform_tablet":"","ocean_menu_typo_transform_mobile":"","ocean_menu_typo_line_height":0,"ocean_menu_typo_line_height_tablet":0,"ocean_menu_typo_line_height_mobile":0,"ocean_menu_typo_line_height_unit":"","ocean_menu_typo_spacing":0,"ocean_menu_typo_spacing_tablet":0,"ocean_menu_typo_spacing_mobile":0,"ocean_menu_typo_spacing_unit":"","ocean_menu_link_color":"","ocean_menu_link_color_hover":"","ocean_menu_link_color_active":"","ocean_menu_link_background":"","ocean_menu_link_hover_background":"","ocean_menu_link_active_background":"","ocean_menu_social_links_bg":"","ocean_menu_social_hover_links_bg":"","ocean_menu_social_links_color":"","ocean_menu_social_hover_links_color":"","ocean_disable_title":"default","ocean_disable_heading":"default","ocean_post_title":"","ocean_post_subheading":"","ocean_post_title_style":"","ocean_post_title_background_color":"","ocean_post_title_background":0,"ocean_post_title_bg_image_position":"","ocean_post_title_bg_image_attachment":"","ocean_post_title_bg_image_repeat":"","ocean_post_title_bg_image_size":"","ocean_post_title_height":0,"ocean_post_title_bg_overlay":0.5,"ocean_post_title_bg_overlay_color":"","ocean_disable_breadcrumbs":"default","ocean_breadcrumbs_color":"","ocean_breadcrumbs_separator_color":"","ocean_breadcrumbs_links_color":"","ocean_breadcrumbs_links_hover_color":"","ocean_display_footer_widgets":"default","ocean_display_footer_bottom":"default","ocean_custom_footer_template":"","ocean_post_oembed":"","ocean_post_self_hosted_media":"","ocean_post_video_embed":"","ocean_link_format":"","ocean_link_format_target":"self","ocean_quote_format":"","ocean_quote_format_link":"post","ocean_gallery_link_images":"on","ocean_gallery_id":[],"footnotes":""},"categories":[133],"tags":[139],"class_list":["post-56320","post","type-post","status-publish","format-standard","has-post-thumbnail","hentry","category-notizie","tag-notizie-di-la-ccis","entry","has-media"],"yoast_head":"<!-- This site is optimized with the Yoast SEO plugin v27.4 - https:\/\/yoast.com\/product\/yoast-seo-wordpress\/ -->\n<title>I prodotti italiani certificati puntano sulla sostenibilit\u00e0 - Italcamara<\/title>\n<meta name=\"robots\" content=\"index, follow, max-snippet:-1, max-image-preview:large, max-video-preview:-1\" \/>\n<link rel=\"canonical\" href=\"https:\/\/italcamara-es.com\/it\/notizie\/i-prodotti-italiani-certificati-puntano-sulla-sostenibilita\/\" \/>\n<meta property=\"og:locale\" content=\"it_IT\" \/>\n<meta property=\"og:type\" content=\"article\" \/>\n<meta property=\"og:title\" content=\"I prodotti italiani certificati puntano sulla sostenibilit\u00e0 - Italcamara\" \/>\n<meta property=\"og:description\" content=\"Dopo la pausa globale dovuta alla pandemia, il nostro continente si sta nuovamente mettendo in moto, facendo conoscere il meglio di s\u00e9. Il progetto dell&#8217;Unione Europea per la promozione e la valorizzazione dei prodotti di qualit\u00e0 certificata, Enjoy European Quality Food (EEQF), ha ripreso lo scorso 22 giugno \u2013dopo il primo appuntamento del 2019- la [&hellip;]\" \/>\n<meta property=\"og:url\" content=\"https:\/\/italcamara-es.com\/it\/notizie\/i-prodotti-italiani-certificati-puntano-sulla-sostenibilita\/\" \/>\n<meta property=\"og:site_name\" content=\"Italcamara\" \/>\n<meta property=\"article:published_time\" content=\"2022-06-23T09:30:28+00:00\" \/>\n<meta property=\"og:image\" content=\"https:\/\/italcamara-es.com\/wp-content\/uploads\/2025\/03\/eeqf500.jpg\" \/>\n\t<meta property=\"og:image:width\" content=\"500\" \/>\n\t<meta property=\"og:image:height\" content=\"280\" \/>\n\t<meta property=\"og:image:type\" content=\"image\/jpeg\" \/>\n<meta name=\"author\" content=\"administrador\" \/>\n<meta name=\"twitter:card\" content=\"summary_large_image\" \/>\n<meta name=\"twitter:label1\" content=\"Scritto da\" \/>\n\t<meta name=\"twitter:data1\" content=\"administrador\" \/>\n\t<meta name=\"twitter:label2\" content=\"Tempo di lettura stimato\" \/>\n\t<meta name=\"twitter:data2\" content=\"4 minuti\" \/>\n<script type=\"application\/ld+json\" class=\"yoast-schema-graph\">{\"@context\":\"https:\\\/\\\/schema.org\",\"@graph\":[{\"@type\":\"Article\",\"@id\":\"https:\\\/\\\/italcamara-es.com\\\/it\\\/notizie\\\/i-prodotti-italiani-certificati-puntano-sulla-sostenibilita\\\/#article\",\"isPartOf\":{\"@id\":\"https:\\\/\\\/italcamara-es.com\\\/it\\\/notizie\\\/i-prodotti-italiani-certificati-puntano-sulla-sostenibilita\\\/\"},\"author\":{\"name\":\"administrador\",\"@id\":\"https:\\\/\\\/italcamara-es.com\\\/#\\\/schema\\\/person\\\/bb3c56263e405bbd9a15171dcfee93bb\"},\"headline\":\"I prodotti italiani certificati puntano sulla sostenibilit\u00e0\",\"datePublished\":\"2022-06-23T09:30:28+00:00\",\"mainEntityOfPage\":{\"@id\":\"https:\\\/\\\/italcamara-es.com\\\/it\\\/notizie\\\/i-prodotti-italiani-certificati-puntano-sulla-sostenibilita\\\/\"},\"wordCount\":756,\"commentCount\":0,\"image\":{\"@id\":\"https:\\\/\\\/italcamara-es.com\\\/it\\\/notizie\\\/i-prodotti-italiani-certificati-puntano-sulla-sostenibilita\\\/#primaryimage\"},\"thumbnailUrl\":\"https:\\\/\\\/italcamara-es.com\\\/wp-content\\\/uploads\\\/2025\\\/03\\\/eeqf500.jpg\",\"keywords\":[\"Notizie di la CCIS\"],\"articleSection\":[\"Notizie\"],\"inLanguage\":\"it-IT\",\"potentialAction\":[{\"@type\":\"CommentAction\",\"name\":\"Comment\",\"target\":[\"https:\\\/\\\/italcamara-es.com\\\/it\\\/notizie\\\/i-prodotti-italiani-certificati-puntano-sulla-sostenibilita\\\/#respond\"]}]},{\"@type\":\"WebPage\",\"@id\":\"https:\\\/\\\/italcamara-es.com\\\/it\\\/notizie\\\/i-prodotti-italiani-certificati-puntano-sulla-sostenibilita\\\/\",\"url\":\"https:\\\/\\\/italcamara-es.com\\\/it\\\/notizie\\\/i-prodotti-italiani-certificati-puntano-sulla-sostenibilita\\\/\",\"name\":\"I prodotti italiani certificati puntano sulla sostenibilit\u00e0 - Italcamara\",\"isPartOf\":{\"@id\":\"https:\\\/\\\/italcamara-es.com\\\/#website\"},\"primaryImageOfPage\":{\"@id\":\"https:\\\/\\\/italcamara-es.com\\\/it\\\/notizie\\\/i-prodotti-italiani-certificati-puntano-sulla-sostenibilita\\\/#primaryimage\"},\"image\":{\"@id\":\"https:\\\/\\\/italcamara-es.com\\\/it\\\/notizie\\\/i-prodotti-italiani-certificati-puntano-sulla-sostenibilita\\\/#primaryimage\"},\"thumbnailUrl\":\"https:\\\/\\\/italcamara-es.com\\\/wp-content\\\/uploads\\\/2025\\\/03\\\/eeqf500.jpg\",\"datePublished\":\"2022-06-23T09:30:28+00:00\",\"author\":{\"@id\":\"https:\\\/\\\/italcamara-es.com\\\/#\\\/schema\\\/person\\\/bb3c56263e405bbd9a15171dcfee93bb\"},\"breadcrumb\":{\"@id\":\"https:\\\/\\\/italcamara-es.com\\\/it\\\/notizie\\\/i-prodotti-italiani-certificati-puntano-sulla-sostenibilita\\\/#breadcrumb\"},\"inLanguage\":\"it-IT\",\"potentialAction\":[{\"@type\":\"ReadAction\",\"target\":[\"https:\\\/\\\/italcamara-es.com\\\/it\\\/notizie\\\/i-prodotti-italiani-certificati-puntano-sulla-sostenibilita\\\/\"]}]},{\"@type\":\"ImageObject\",\"inLanguage\":\"it-IT\",\"@id\":\"https:\\\/\\\/italcamara-es.com\\\/it\\\/notizie\\\/i-prodotti-italiani-certificati-puntano-sulla-sostenibilita\\\/#primaryimage\",\"url\":\"https:\\\/\\\/italcamara-es.com\\\/wp-content\\\/uploads\\\/2025\\\/03\\\/eeqf500.jpg\",\"contentUrl\":\"https:\\\/\\\/italcamara-es.com\\\/wp-content\\\/uploads\\\/2025\\\/03\\\/eeqf500.jpg\",\"width\":500,\"height\":280},{\"@type\":\"BreadcrumbList\",\"@id\":\"https:\\\/\\\/italcamara-es.com\\\/it\\\/notizie\\\/i-prodotti-italiani-certificati-puntano-sulla-sostenibilita\\\/#breadcrumb\",\"itemListElement\":[{\"@type\":\"ListItem\",\"position\":1,\"name\":\"Inicio\",\"item\":\"https:\\\/\\\/italcamara-es.com\\\/it\\\/homepage-ita\\\/\"},{\"@type\":\"ListItem\",\"position\":2,\"name\":\"I prodotti italiani certificati puntano sulla sostenibilit\u00e0\"}]},{\"@type\":\"WebSite\",\"@id\":\"https:\\\/\\\/italcamara-es.com\\\/#website\",\"url\":\"https:\\\/\\\/italcamara-es.com\\\/\",\"name\":\"Italcamara\",\"description\":\"\",\"potentialAction\":[{\"@type\":\"SearchAction\",\"target\":{\"@type\":\"EntryPoint\",\"urlTemplate\":\"https:\\\/\\\/italcamara-es.com\\\/?s={search_term_string}\"},\"query-input\":{\"@type\":\"PropertyValueSpecification\",\"valueRequired\":true,\"valueName\":\"search_term_string\"}}],\"inLanguage\":\"it-IT\"},{\"@type\":\"Person\",\"@id\":\"https:\\\/\\\/italcamara-es.com\\\/#\\\/schema\\\/person\\\/bb3c56263e405bbd9a15171dcfee93bb\",\"name\":\"administrador\",\"image\":{\"@type\":\"ImageObject\",\"inLanguage\":\"it-IT\",\"@id\":\"https:\\\/\\\/secure.gravatar.com\\\/avatar\\\/14b5e63db38320b12031bb28cf9f77e210aa71fb3a8a3602a3c9a05134fa75eb?s=96&d=mm&r=g\",\"url\":\"https:\\\/\\\/secure.gravatar.com\\\/avatar\\\/14b5e63db38320b12031bb28cf9f77e210aa71fb3a8a3602a3c9a05134fa75eb?s=96&d=mm&r=g\",\"contentUrl\":\"https:\\\/\\\/secure.gravatar.com\\\/avatar\\\/14b5e63db38320b12031bb28cf9f77e210aa71fb3a8a3602a3c9a05134fa75eb?s=96&d=mm&r=g\",\"caption\":\"administrador\"},\"sameAs\":[\"http:\\\/\\\/pre.italcamara-es.com\"],\"url\":\"https:\\\/\\\/italcamara-es.com\\\/it\\\/author\\\/administrador\\\/\"}]}<\/script>\n<!-- \/ Yoast SEO plugin. -->","yoast_head_json":{"title":"I prodotti italiani certificati puntano sulla sostenibilit\u00e0 - Italcamara","robots":{"index":"index","follow":"follow","max-snippet":"max-snippet:-1","max-image-preview":"max-image-preview:large","max-video-preview":"max-video-preview:-1"},"canonical":"https:\/\/italcamara-es.com\/it\/notizie\/i-prodotti-italiani-certificati-puntano-sulla-sostenibilita\/","og_locale":"it_IT","og_type":"article","og_title":"I prodotti italiani certificati puntano sulla sostenibilit\u00e0 - Italcamara","og_description":"Dopo la pausa globale dovuta alla pandemia, il nostro continente si sta nuovamente mettendo in moto, facendo conoscere il meglio di s\u00e9. Il progetto dell&#8217;Unione Europea per la promozione e la valorizzazione dei prodotti di qualit\u00e0 certificata, Enjoy European Quality Food (EEQF), ha ripreso lo scorso 22 giugno \u2013dopo il primo appuntamento del 2019- la [&hellip;]","og_url":"https:\/\/italcamara-es.com\/it\/notizie\/i-prodotti-italiani-certificati-puntano-sulla-sostenibilita\/","og_site_name":"Italcamara","article_published_time":"2022-06-23T09:30:28+00:00","og_image":[{"width":500,"height":280,"url":"https:\/\/italcamara-es.com\/wp-content\/uploads\/2025\/03\/eeqf500.jpg","type":"image\/jpeg"}],"author":"administrador","twitter_card":"summary_large_image","twitter_misc":{"Scritto da":"administrador","Tempo di lettura stimato":"4 minuti"},"schema":{"@context":"https:\/\/schema.org","@graph":[{"@type":"Article","@id":"https:\/\/italcamara-es.com\/it\/notizie\/i-prodotti-italiani-certificati-puntano-sulla-sostenibilita\/#article","isPartOf":{"@id":"https:\/\/italcamara-es.com\/it\/notizie\/i-prodotti-italiani-certificati-puntano-sulla-sostenibilita\/"},"author":{"name":"administrador","@id":"https:\/\/italcamara-es.com\/#\/schema\/person\/bb3c56263e405bbd9a15171dcfee93bb"},"headline":"I prodotti italiani certificati puntano sulla sostenibilit\u00e0","datePublished":"2022-06-23T09:30:28+00:00","mainEntityOfPage":{"@id":"https:\/\/italcamara-es.com\/it\/notizie\/i-prodotti-italiani-certificati-puntano-sulla-sostenibilita\/"},"wordCount":756,"commentCount":0,"image":{"@id":"https:\/\/italcamara-es.com\/it\/notizie\/i-prodotti-italiani-certificati-puntano-sulla-sostenibilita\/#primaryimage"},"thumbnailUrl":"https:\/\/italcamara-es.com\/wp-content\/uploads\/2025\/03\/eeqf500.jpg","keywords":["Notizie di la CCIS"],"articleSection":["Notizie"],"inLanguage":"it-IT","potentialAction":[{"@type":"CommentAction","name":"Comment","target":["https:\/\/italcamara-es.com\/it\/notizie\/i-prodotti-italiani-certificati-puntano-sulla-sostenibilita\/#respond"]}]},{"@type":"WebPage","@id":"https:\/\/italcamara-es.com\/it\/notizie\/i-prodotti-italiani-certificati-puntano-sulla-sostenibilita\/","url":"https:\/\/italcamara-es.com\/it\/notizie\/i-prodotti-italiani-certificati-puntano-sulla-sostenibilita\/","name":"I prodotti italiani certificati puntano sulla sostenibilit\u00e0 - Italcamara","isPartOf":{"@id":"https:\/\/italcamara-es.com\/#website"},"primaryImageOfPage":{"@id":"https:\/\/italcamara-es.com\/it\/notizie\/i-prodotti-italiani-certificati-puntano-sulla-sostenibilita\/#primaryimage"},"image":{"@id":"https:\/\/italcamara-es.com\/it\/notizie\/i-prodotti-italiani-certificati-puntano-sulla-sostenibilita\/#primaryimage"},"thumbnailUrl":"https:\/\/italcamara-es.com\/wp-content\/uploads\/2025\/03\/eeqf500.jpg","datePublished":"2022-06-23T09:30:28+00:00","author":{"@id":"https:\/\/italcamara-es.com\/#\/schema\/person\/bb3c56263e405bbd9a15171dcfee93bb"},"breadcrumb":{"@id":"https:\/\/italcamara-es.com\/it\/notizie\/i-prodotti-italiani-certificati-puntano-sulla-sostenibilita\/#breadcrumb"},"inLanguage":"it-IT","potentialAction":[{"@type":"ReadAction","target":["https:\/\/italcamara-es.com\/it\/notizie\/i-prodotti-italiani-certificati-puntano-sulla-sostenibilita\/"]}]},{"@type":"ImageObject","inLanguage":"it-IT","@id":"https:\/\/italcamara-es.com\/it\/notizie\/i-prodotti-italiani-certificati-puntano-sulla-sostenibilita\/#primaryimage","url":"https:\/\/italcamara-es.com\/wp-content\/uploads\/2025\/03\/eeqf500.jpg","contentUrl":"https:\/\/italcamara-es.com\/wp-content\/uploads\/2025\/03\/eeqf500.jpg","width":500,"height":280},{"@type":"BreadcrumbList","@id":"https:\/\/italcamara-es.com\/it\/notizie\/i-prodotti-italiani-certificati-puntano-sulla-sostenibilita\/#breadcrumb","itemListElement":[{"@type":"ListItem","position":1,"name":"Inicio","item":"https:\/\/italcamara-es.com\/it\/homepage-ita\/"},{"@type":"ListItem","position":2,"name":"I prodotti italiani certificati puntano sulla sostenibilit\u00e0"}]},{"@type":"WebSite","@id":"https:\/\/italcamara-es.com\/#website","url":"https:\/\/italcamara-es.com\/","name":"Italcamara","description":"","potentialAction":[{"@type":"SearchAction","target":{"@type":"EntryPoint","urlTemplate":"https:\/\/italcamara-es.com\/?s={search_term_string}"},"query-input":{"@type":"PropertyValueSpecification","valueRequired":true,"valueName":"search_term_string"}}],"inLanguage":"it-IT"},{"@type":"Person","@id":"https:\/\/italcamara-es.com\/#\/schema\/person\/bb3c56263e405bbd9a15171dcfee93bb","name":"administrador","image":{"@type":"ImageObject","inLanguage":"it-IT","@id":"https:\/\/secure.gravatar.com\/avatar\/14b5e63db38320b12031bb28cf9f77e210aa71fb3a8a3602a3c9a05134fa75eb?s=96&d=mm&r=g","url":"https:\/\/secure.gravatar.com\/avatar\/14b5e63db38320b12031bb28cf9f77e210aa71fb3a8a3602a3c9a05134fa75eb?s=96&d=mm&r=g","contentUrl":"https:\/\/secure.gravatar.com\/avatar\/14b5e63db38320b12031bb28cf9f77e210aa71fb3a8a3602a3c9a05134fa75eb?s=96&d=mm&r=g","caption":"administrador"},"sameAs":["http:\/\/pre.italcamara-es.com"],"url":"https:\/\/italcamara-es.com\/it\/author\/administrador\/"}]}},"rttpg_featured_image_url":{"full":["https:\/\/italcamara-es.com\/wp-content\/uploads\/2025\/03\/eeqf500.jpg",500,280,false],"landscape":["https:\/\/italcamara-es.com\/wp-content\/uploads\/2025\/03\/eeqf500.jpg",500,280,false],"portraits":["https:\/\/italcamara-es.com\/wp-content\/uploads\/2025\/03\/eeqf500.jpg",500,280,false],"thumbnail":["https:\/\/italcamara-es.com\/wp-content\/uploads\/2025\/03\/eeqf500-150x150.jpg",150,150,true],"medium":["https:\/\/italcamara-es.com\/wp-content\/uploads\/2025\/03\/eeqf500-300x168.jpg",300,168,true],"large":["https:\/\/italcamara-es.com\/wp-content\/uploads\/2025\/03\/eeqf500.jpg",500,280,false],"1536x1536":["https:\/\/italcamara-es.com\/wp-content\/uploads\/2025\/03\/eeqf500.jpg",500,280,false],"2048x2048":["https:\/\/italcamara-es.com\/wp-content\/uploads\/2025\/03\/eeqf500.jpg",500,280,false],"ocean-thumb-m":["https:\/\/italcamara-es.com\/wp-content\/uploads\/2025\/03\/eeqf500.jpg",500,280,false],"ocean-thumb-ml":["https:\/\/italcamara-es.com\/wp-content\/uploads\/2025\/03\/eeqf500.jpg",500,280,false],"ocean-thumb-l":["https:\/\/italcamara-es.com\/wp-content\/uploads\/2025\/03\/eeqf500.jpg",500,280,false],"directorist_preview":["https:\/\/italcamara-es.com\/wp-content\/uploads\/2025\/03\/eeqf500.jpg",500,280,false]},"rttpg_author":{"display_name":"administrador","author_link":"https:\/\/italcamara-es.com\/it\/author\/administrador\/"},"rttpg_comment":0,"rttpg_category":"<a href=\"https:\/\/italcamara-es.com\/it\/category\/notizie\/\" rel=\"category tag\">Notizie<\/a>","rttpg_excerpt":"Dopo la pausa globale dovuta alla pandemia, il nostro continente si sta nuovamente mettendo in moto, facendo conoscere il meglio di s\u00e9. Il progetto dell&#8217;Unione Europea per la promozione e la valorizzazione dei prodotti di qualit\u00e0 certificata, Enjoy European Quality Food (EEQF), ha ripreso lo scorso 22 giugno \u2013dopo il primo appuntamento del 2019- la&hellip;","_links":{"self":[{"href":"https:\/\/italcamara-es.com\/it\/wp-json\/wp\/v2\/posts\/56320","targetHints":{"allow":["GET"]}}],"collection":[{"href":"https:\/\/italcamara-es.com\/it\/wp-json\/wp\/v2\/posts"}],"about":[{"href":"https:\/\/italcamara-es.com\/it\/wp-json\/wp\/v2\/types\/post"}],"author":[{"embeddable":true,"href":"https:\/\/italcamara-es.com\/it\/wp-json\/wp\/v2\/users\/1"}],"replies":[{"embeddable":true,"href":"https:\/\/italcamara-es.com\/it\/wp-json\/wp\/v2\/comments?post=56320"}],"version-history":[{"count":0,"href":"https:\/\/italcamara-es.com\/it\/wp-json\/wp\/v2\/posts\/56320\/revisions"}],"wp:featuredmedia":[{"embeddable":true,"href":"https:\/\/italcamara-es.com\/it\/wp-json\/wp\/v2\/media\/55047"}],"wp:attachment":[{"href":"https:\/\/italcamara-es.com\/it\/wp-json\/wp\/v2\/media?parent=56320"}],"wp:term":[{"taxonomy":"category","embeddable":true,"href":"https:\/\/italcamara-es.com\/it\/wp-json\/wp\/v2\/categories?post=56320"},{"taxonomy":"post_tag","embeddable":true,"href":"https:\/\/italcamara-es.com\/it\/wp-json\/wp\/v2\/tags?post=56320"}],"curies":[{"name":"wp","href":"https:\/\/api.w.org\/{rel}","templated":true}]}}