	{"id":56324,"date":"2022-09-09T11:47:49","date_gmt":"2022-09-09T09:47:49","guid":{"rendered":"http:\/\/pre.italcamara-es.com\/senza-categoria\/nuovo-corso-formativo-per-la-gestione-del-patrimonio-culturale\/"},"modified":"2022-09-09T11:47:49","modified_gmt":"2022-09-09T09:47:49","slug":"nuovo-corso-formativo-per-la-gestione-del-patrimonio-culturale","status":"publish","type":"post","link":"https:\/\/italcamara-es.com\/it\/notizie\/nuovo-corso-formativo-per-la-gestione-del-patrimonio-culturale\/","title":{"rendered":"Nuovo corso formativo per la gestione del Patrimonio Culturale"},"content":{"rendered":"\n<p>Torna il corso online per la gestione del Patrimonio Culturale!<\/p>\n\n\n\n<p>Sviluppato nell&#8217;ambito del <a href=\"https:\/\/www.euheritage.eu\/it\/\" target=\"_blank\" rel=\"noopener\">progetto EUHeritage<\/a>, di cui la CCIS \u00e8 partner dal 2018, il corso sar\u00e0 disponibile <strong>dal 26 settembre al 5 ottobre <\/strong>e sar\u00e0 composto da 5 moduli incentrati sullo sviluppo delle competenze digitali e delle soft skills nel campo del turismo esperienziale.<\/p>\n\n\n\n<div class=\"wp-block-image\"><figure class=\"aligncenter size-large\"><img decoding=\"async\" src=\"https:\/\/www.italcamara-es.com\/wp-content\/uploads\/2022\/09\/Poster_Corso_EUHeritage-copia-def-1.jpg\" alt=\"\" class=\"wp-image-30866\"\/><\/figure><\/div>\n\n\n\n<p>Il corso, rivolto principalmente ai professionisti attivi nei settori dei Beni Culturali e del Turismo ed a studenti o laureati che desiderano ampliare le proprie conoscenze e competenze in questi campi, offre l&#8217;opportunit\u00e0 di:<\/p>\n\n\n\n<p>&#8211; creare connessioni tra i due settori dei Beni Culturali e del Turismo Esperienziale per lo sviluppo locale;<\/p>\n\n\n\n<p>&#8211; acquisire competenze nella pianificazione di servizi innovativi riguardanti la Visitor Experience;<\/p>\n\n\n\n<p>&#8211; apprendere e implementare strategie e strumenti digitali per il settore dei Beni Culturali;<\/p>\n\n\n\n<p>&#8211; adottare un approccio imprenditoriale al mondo dei Beni Culturali, <\/p>\n\n\n\n<p>&#8211; conoscere i settori della sostenibilit\u00e0, della valutazione dei progetti e della misurazione dell&#8217;impatto;<\/p>\n\n\n\n<p>&#8211; acquisire familiarit\u00e0 con le politiche e le migliori pratiche nei settori dei Beni Culturali e del Turismo;<\/p>\n\n\n\n<p>&#8211; conoscere i diversi quadri di competenze e l&#8217;apprendimento permanente e, infine, creare una comunit\u00e0 partecipando e interagendo con i colleghi online. <\/p>\n\n\n\n<p>Inoltre, questo corso sar\u00e0 uno strumento molto utile per lavorare con il programma <em>EU Heritage Experience Design Canvas<\/em>, che permetter\u00e0 agli utenti di operare concretamente sui loro territori.<\/p>\n\n\n\n<p>Infine, dopo aver completato i 5 moduli ed aver superato almeno il 45% del materiale didattico e delle attivit\u00e0 di valutazione, come i quiz, i partecipanti riceveranno un Certificato di Completamento.<\/p>\n\n\n\n<div class=\"wp-block-buttons is-layout-flex wp-block-buttons-is-layout-flex\">\n<div class=\"wp-block-button\"><a class=\"wp-block-button__link has-vivid-cyan-blue-background-color has-background\" href=\"https:\/\/www.euheritage.eu\/mooc-registration\/\" target=\"_blank\" rel=\"norehttps:\/\/www.euheritage.eu\/mooc-registration\/ferrer noopener\">Iscrizione<\/a><\/div>\n\n\n\n<div class=\"wp-block-button\"><a class=\"wp-block-button__link has-vivid-cyan-blue-background-color has-background\" href=\"https:\/\/www.euheritage.eu\/wp-content\/uploads\/2021\/06\/Flyer-EUHeritage_Online_course.pdf\" target=\"_blank\" rel=\"https:\/\/www.euheritage.eu\/wp-content\/uploads\/2021\/06\/Flyer-EUHeritage_Online_course.pdf noopener\">Flyer informativo<\/a><\/div>\n<\/div>\n","protected":false},"excerpt":{"rendered":"<p>Torna il corso online per la gestione del Patrimonio Culturale! Sviluppato nell&#8217;ambito del progetto EUHeritage, di cui la CCIS \u00e8 partner dal 2018, il corso sar\u00e0 disponibile dal 26 settembre al 5 ottobre e sar\u00e0 composto da 5 moduli incentrati sullo sviluppo delle competenze digitali e delle soft skills nel campo del turismo esperienziale. Il [&hellip;]<\/p>\n","protected":false},"author":1,"featured_media":55055,"comment_status":"open","ping_status":"open","sticky":false,"template":"","format":"standard","meta":{"inline_featured_image":false,"ocean_post_layout":"","ocean_both_sidebars_style":"","ocean_both_sidebars_content_width":0,"ocean_both_sidebars_sidebars_width":0,"ocean_sidebar":"","ocean_second_sidebar":"","ocean_disable_margins":"enable","ocean_add_body_class":"","ocean_shortcode_before_top_bar":"","ocean_shortcode_after_top_bar":"","ocean_shortcode_before_header":"","ocean_shortcode_after_header":"","ocean_has_shortcode":"","ocean_shortcode_after_title":"","ocean_shortcode_before_footer_widgets":"","ocean_shortcode_after_footer_widgets":"","ocean_shortcode_before_footer_bottom":"","ocean_shortcode_after_footer_bottom":"","ocean_display_top_bar":"default","ocean_display_header":"default","ocean_header_style":"","ocean_center_header_left_menu":"","ocean_custom_header_template":"","ocean_custom_logo":0,"ocean_custom_retina_logo":0,"ocean_custom_logo_max_width":0,"ocean_custom_logo_tablet_max_width":0,"ocean_custom_logo_mobile_max_width":0,"ocean_custom_logo_max_height":0,"ocean_custom_logo_tablet_max_height":0,"ocean_custom_logo_mobile_max_height":0,"ocean_header_custom_menu":"","ocean_menu_typo_font_family":"","ocean_menu_typo_font_subset":"","ocean_menu_typo_font_size":0,"ocean_menu_typo_font_size_tablet":0,"ocean_menu_typo_font_size_mobile":0,"ocean_menu_typo_font_size_unit":"px","ocean_menu_typo_font_weight":"","ocean_menu_typo_font_weight_tablet":"","ocean_menu_typo_font_weight_mobile":"","ocean_menu_typo_transform":"","ocean_menu_typo_transform_tablet":"","ocean_menu_typo_transform_mobile":"","ocean_menu_typo_line_height":0,"ocean_menu_typo_line_height_tablet":0,"ocean_menu_typo_line_height_mobile":0,"ocean_menu_typo_line_height_unit":"","ocean_menu_typo_spacing":0,"ocean_menu_typo_spacing_tablet":0,"ocean_menu_typo_spacing_mobile":0,"ocean_menu_typo_spacing_unit":"","ocean_menu_link_color":"","ocean_menu_link_color_hover":"","ocean_menu_link_color_active":"","ocean_menu_link_background":"","ocean_menu_link_hover_background":"","ocean_menu_link_active_background":"","ocean_menu_social_links_bg":"","ocean_menu_social_hover_links_bg":"","ocean_menu_social_links_color":"","ocean_menu_social_hover_links_color":"","ocean_disable_title":"default","ocean_disable_heading":"default","ocean_post_title":"","ocean_post_subheading":"","ocean_post_title_style":"","ocean_post_title_background_color":"","ocean_post_title_background":0,"ocean_post_title_bg_image_position":"","ocean_post_title_bg_image_attachment":"","ocean_post_title_bg_image_repeat":"","ocean_post_title_bg_image_size":"","ocean_post_title_height":0,"ocean_post_title_bg_overlay":0.5,"ocean_post_title_bg_overlay_color":"","ocean_disable_breadcrumbs":"default","ocean_breadcrumbs_color":"","ocean_breadcrumbs_separator_color":"","ocean_breadcrumbs_links_color":"","ocean_breadcrumbs_links_hover_color":"","ocean_display_footer_widgets":"default","ocean_display_footer_bottom":"default","ocean_custom_footer_template":"","ocean_post_oembed":"","ocean_post_self_hosted_media":"","ocean_post_video_embed":"","ocean_link_format":"","ocean_link_format_target":"self","ocean_quote_format":"","ocean_quote_format_link":"post","ocean_gallery_link_images":"on","ocean_gallery_id":[],"footnotes":""},"categories":[133],"tags":[139],"class_list":["post-56324","post","type-post","status-publish","format-standard","has-post-thumbnail","hentry","category-notizie","tag-notizie-di-la-ccis","entry","has-media"],"yoast_head":"<!-- This site is optimized with the Yoast SEO plugin v27.4 - https:\/\/yoast.com\/product\/yoast-seo-wordpress\/ -->\n<title>Nuovo corso formativo per la gestione del Patrimonio Culturale - Italcamara<\/title>\n<meta name=\"robots\" content=\"index, follow, max-snippet:-1, max-image-preview:large, max-video-preview:-1\" \/>\n<link rel=\"canonical\" href=\"https:\/\/italcamara-es.com\/it\/notizie\/nuovo-corso-formativo-per-la-gestione-del-patrimonio-culturale\/\" \/>\n<meta property=\"og:locale\" content=\"it_IT\" \/>\n<meta property=\"og:type\" content=\"article\" \/>\n<meta property=\"og:title\" content=\"Nuovo corso formativo per la gestione del Patrimonio Culturale - Italcamara\" \/>\n<meta property=\"og:description\" content=\"Torna il corso online per la gestione del Patrimonio Culturale! Sviluppato nell&#8217;ambito del progetto EUHeritage, di cui la CCIS \u00e8 partner dal 2018, il corso sar\u00e0 disponibile dal 26 settembre al 5 ottobre e sar\u00e0 composto da 5 moduli incentrati sullo sviluppo delle competenze digitali e delle soft skills nel campo del turismo esperienziale. Il [&hellip;]\" \/>\n<meta property=\"og:url\" content=\"https:\/\/italcamara-es.com\/it\/notizie\/nuovo-corso-formativo-per-la-gestione-del-patrimonio-culturale\/\" \/>\n<meta property=\"og:site_name\" content=\"Italcamara\" \/>\n<meta property=\"article:published_time\" content=\"2022-09-09T09:47:49+00:00\" \/>\n<meta property=\"og:image\" content=\"https:\/\/italcamara-es.com\/wp-content\/uploads\/2025\/03\/Poster_Corso_EUHeritage.jpg\" \/>\n\t<meta property=\"og:image:width\" content=\"500\" \/>\n\t<meta property=\"og:image:height\" content=\"280\" \/>\n\t<meta property=\"og:image:type\" content=\"image\/jpeg\" \/>\n<meta name=\"author\" content=\"administrador\" \/>\n<meta name=\"twitter:card\" content=\"summary_large_image\" \/>\n<meta name=\"twitter:label1\" content=\"Scritto da\" \/>\n\t<meta name=\"twitter:data1\" content=\"administrador\" \/>\n\t<meta name=\"twitter:label2\" content=\"Tempo di lettura stimato\" \/>\n\t<meta name=\"twitter:data2\" content=\"1 minuto\" \/>\n<script type=\"application\/ld+json\" class=\"yoast-schema-graph\">{\"@context\":\"https:\\\/\\\/schema.org\",\"@graph\":[{\"@type\":\"Article\",\"@id\":\"https:\\\/\\\/italcamara-es.com\\\/it\\\/notizie\\\/nuovo-corso-formativo-per-la-gestione-del-patrimonio-culturale\\\/#article\",\"isPartOf\":{\"@id\":\"https:\\\/\\\/italcamara-es.com\\\/it\\\/notizie\\\/nuovo-corso-formativo-per-la-gestione-del-patrimonio-culturale\\\/\"},\"author\":{\"name\":\"administrador\",\"@id\":\"https:\\\/\\\/italcamara-es.com\\\/#\\\/schema\\\/person\\\/bb3c56263e405bbd9a15171dcfee93bb\"},\"headline\":\"Nuovo corso formativo per la gestione del Patrimonio Culturale\",\"datePublished\":\"2022-09-09T09:47:49+00:00\",\"mainEntityOfPage\":{\"@id\":\"https:\\\/\\\/italcamara-es.com\\\/it\\\/notizie\\\/nuovo-corso-formativo-per-la-gestione-del-patrimonio-culturale\\\/\"},\"wordCount\":264,\"commentCount\":0,\"image\":{\"@id\":\"https:\\\/\\\/italcamara-es.com\\\/it\\\/notizie\\\/nuovo-corso-formativo-per-la-gestione-del-patrimonio-culturale\\\/#primaryimage\"},\"thumbnailUrl\":\"https:\\\/\\\/italcamara-es.com\\\/wp-content\\\/uploads\\\/2025\\\/03\\\/Poster_Corso_EUHeritage.jpg\",\"keywords\":[\"Notizie di la CCIS\"],\"articleSection\":[\"Notizie\"],\"inLanguage\":\"it-IT\",\"potentialAction\":[{\"@type\":\"CommentAction\",\"name\":\"Comment\",\"target\":[\"https:\\\/\\\/italcamara-es.com\\\/it\\\/notizie\\\/nuovo-corso-formativo-per-la-gestione-del-patrimonio-culturale\\\/#respond\"]}]},{\"@type\":\"WebPage\",\"@id\":\"https:\\\/\\\/italcamara-es.com\\\/it\\\/notizie\\\/nuovo-corso-formativo-per-la-gestione-del-patrimonio-culturale\\\/\",\"url\":\"https:\\\/\\\/italcamara-es.com\\\/it\\\/notizie\\\/nuovo-corso-formativo-per-la-gestione-del-patrimonio-culturale\\\/\",\"name\":\"Nuovo corso formativo per la gestione del Patrimonio Culturale - Italcamara\",\"isPartOf\":{\"@id\":\"https:\\\/\\\/italcamara-es.com\\\/#website\"},\"primaryImageOfPage\":{\"@id\":\"https:\\\/\\\/italcamara-es.com\\\/it\\\/notizie\\\/nuovo-corso-formativo-per-la-gestione-del-patrimonio-culturale\\\/#primaryimage\"},\"image\":{\"@id\":\"https:\\\/\\\/italcamara-es.com\\\/it\\\/notizie\\\/nuovo-corso-formativo-per-la-gestione-del-patrimonio-culturale\\\/#primaryimage\"},\"thumbnailUrl\":\"https:\\\/\\\/italcamara-es.com\\\/wp-content\\\/uploads\\\/2025\\\/03\\\/Poster_Corso_EUHeritage.jpg\",\"datePublished\":\"2022-09-09T09:47:49+00:00\",\"author\":{\"@id\":\"https:\\\/\\\/italcamara-es.com\\\/#\\\/schema\\\/person\\\/bb3c56263e405bbd9a15171dcfee93bb\"},\"breadcrumb\":{\"@id\":\"https:\\\/\\\/italcamara-es.com\\\/it\\\/notizie\\\/nuovo-corso-formativo-per-la-gestione-del-patrimonio-culturale\\\/#breadcrumb\"},\"inLanguage\":\"it-IT\",\"potentialAction\":[{\"@type\":\"ReadAction\",\"target\":[\"https:\\\/\\\/italcamara-es.com\\\/it\\\/notizie\\\/nuovo-corso-formativo-per-la-gestione-del-patrimonio-culturale\\\/\"]}]},{\"@type\":\"ImageObject\",\"inLanguage\":\"it-IT\",\"@id\":\"https:\\\/\\\/italcamara-es.com\\\/it\\\/notizie\\\/nuovo-corso-formativo-per-la-gestione-del-patrimonio-culturale\\\/#primaryimage\",\"url\":\"https:\\\/\\\/italcamara-es.com\\\/wp-content\\\/uploads\\\/2025\\\/03\\\/Poster_Corso_EUHeritage.jpg\",\"contentUrl\":\"https:\\\/\\\/italcamara-es.com\\\/wp-content\\\/uploads\\\/2025\\\/03\\\/Poster_Corso_EUHeritage.jpg\",\"width\":500,\"height\":280},{\"@type\":\"BreadcrumbList\",\"@id\":\"https:\\\/\\\/italcamara-es.com\\\/it\\\/notizie\\\/nuovo-corso-formativo-per-la-gestione-del-patrimonio-culturale\\\/#breadcrumb\",\"itemListElement\":[{\"@type\":\"ListItem\",\"position\":1,\"name\":\"Inicio\",\"item\":\"https:\\\/\\\/italcamara-es.com\\\/it\\\/homepage-ita\\\/\"},{\"@type\":\"ListItem\",\"position\":2,\"name\":\"Nuovo corso formativo per la gestione del Patrimonio Culturale\"}]},{\"@type\":\"WebSite\",\"@id\":\"https:\\\/\\\/italcamara-es.com\\\/#website\",\"url\":\"https:\\\/\\\/italcamara-es.com\\\/\",\"name\":\"Italcamara\",\"description\":\"\",\"potentialAction\":[{\"@type\":\"SearchAction\",\"target\":{\"@type\":\"EntryPoint\",\"urlTemplate\":\"https:\\\/\\\/italcamara-es.com\\\/?s={search_term_string}\"},\"query-input\":{\"@type\":\"PropertyValueSpecification\",\"valueRequired\":true,\"valueName\":\"search_term_string\"}}],\"inLanguage\":\"it-IT\"},{\"@type\":\"Person\",\"@id\":\"https:\\\/\\\/italcamara-es.com\\\/#\\\/schema\\\/person\\\/bb3c56263e405bbd9a15171dcfee93bb\",\"name\":\"administrador\",\"image\":{\"@type\":\"ImageObject\",\"inLanguage\":\"it-IT\",\"@id\":\"https:\\\/\\\/secure.gravatar.com\\\/avatar\\\/14b5e63db38320b12031bb28cf9f77e210aa71fb3a8a3602a3c9a05134fa75eb?s=96&d=mm&r=g\",\"url\":\"https:\\\/\\\/secure.gravatar.com\\\/avatar\\\/14b5e63db38320b12031bb28cf9f77e210aa71fb3a8a3602a3c9a05134fa75eb?s=96&d=mm&r=g\",\"contentUrl\":\"https:\\\/\\\/secure.gravatar.com\\\/avatar\\\/14b5e63db38320b12031bb28cf9f77e210aa71fb3a8a3602a3c9a05134fa75eb?s=96&d=mm&r=g\",\"caption\":\"administrador\"},\"sameAs\":[\"http:\\\/\\\/pre.italcamara-es.com\"],\"url\":\"https:\\\/\\\/italcamara-es.com\\\/it\\\/author\\\/administrador\\\/\"}]}<\/script>\n<!-- \/ Yoast SEO plugin. -->","yoast_head_json":{"title":"Nuovo corso formativo per la gestione del Patrimonio Culturale - Italcamara","robots":{"index":"index","follow":"follow","max-snippet":"max-snippet:-1","max-image-preview":"max-image-preview:large","max-video-preview":"max-video-preview:-1"},"canonical":"https:\/\/italcamara-es.com\/it\/notizie\/nuovo-corso-formativo-per-la-gestione-del-patrimonio-culturale\/","og_locale":"it_IT","og_type":"article","og_title":"Nuovo corso formativo per la gestione del Patrimonio Culturale - Italcamara","og_description":"Torna il corso online per la gestione del Patrimonio Culturale! Sviluppato nell&#8217;ambito del progetto EUHeritage, di cui la CCIS \u00e8 partner dal 2018, il corso sar\u00e0 disponibile dal 26 settembre al 5 ottobre e sar\u00e0 composto da 5 moduli incentrati sullo sviluppo delle competenze digitali e delle soft skills nel campo del turismo esperienziale. Il [&hellip;]","og_url":"https:\/\/italcamara-es.com\/it\/notizie\/nuovo-corso-formativo-per-la-gestione-del-patrimonio-culturale\/","og_site_name":"Italcamara","article_published_time":"2022-09-09T09:47:49+00:00","og_image":[{"width":500,"height":280,"url":"https:\/\/italcamara-es.com\/wp-content\/uploads\/2025\/03\/Poster_Corso_EUHeritage.jpg","type":"image\/jpeg"}],"author":"administrador","twitter_card":"summary_large_image","twitter_misc":{"Scritto da":"administrador","Tempo di lettura stimato":"1 minuto"},"schema":{"@context":"https:\/\/schema.org","@graph":[{"@type":"Article","@id":"https:\/\/italcamara-es.com\/it\/notizie\/nuovo-corso-formativo-per-la-gestione-del-patrimonio-culturale\/#article","isPartOf":{"@id":"https:\/\/italcamara-es.com\/it\/notizie\/nuovo-corso-formativo-per-la-gestione-del-patrimonio-culturale\/"},"author":{"name":"administrador","@id":"https:\/\/italcamara-es.com\/#\/schema\/person\/bb3c56263e405bbd9a15171dcfee93bb"},"headline":"Nuovo corso formativo per la gestione del Patrimonio Culturale","datePublished":"2022-09-09T09:47:49+00:00","mainEntityOfPage":{"@id":"https:\/\/italcamara-es.com\/it\/notizie\/nuovo-corso-formativo-per-la-gestione-del-patrimonio-culturale\/"},"wordCount":264,"commentCount":0,"image":{"@id":"https:\/\/italcamara-es.com\/it\/notizie\/nuovo-corso-formativo-per-la-gestione-del-patrimonio-culturale\/#primaryimage"},"thumbnailUrl":"https:\/\/italcamara-es.com\/wp-content\/uploads\/2025\/03\/Poster_Corso_EUHeritage.jpg","keywords":["Notizie di la CCIS"],"articleSection":["Notizie"],"inLanguage":"it-IT","potentialAction":[{"@type":"CommentAction","name":"Comment","target":["https:\/\/italcamara-es.com\/it\/notizie\/nuovo-corso-formativo-per-la-gestione-del-patrimonio-culturale\/#respond"]}]},{"@type":"WebPage","@id":"https:\/\/italcamara-es.com\/it\/notizie\/nuovo-corso-formativo-per-la-gestione-del-patrimonio-culturale\/","url":"https:\/\/italcamara-es.com\/it\/notizie\/nuovo-corso-formativo-per-la-gestione-del-patrimonio-culturale\/","name":"Nuovo corso formativo per la gestione del Patrimonio Culturale - Italcamara","isPartOf":{"@id":"https:\/\/italcamara-es.com\/#website"},"primaryImageOfPage":{"@id":"https:\/\/italcamara-es.com\/it\/notizie\/nuovo-corso-formativo-per-la-gestione-del-patrimonio-culturale\/#primaryimage"},"image":{"@id":"https:\/\/italcamara-es.com\/it\/notizie\/nuovo-corso-formativo-per-la-gestione-del-patrimonio-culturale\/#primaryimage"},"thumbnailUrl":"https:\/\/italcamara-es.com\/wp-content\/uploads\/2025\/03\/Poster_Corso_EUHeritage.jpg","datePublished":"2022-09-09T09:47:49+00:00","author":{"@id":"https:\/\/italcamara-es.com\/#\/schema\/person\/bb3c56263e405bbd9a15171dcfee93bb"},"breadcrumb":{"@id":"https:\/\/italcamara-es.com\/it\/notizie\/nuovo-corso-formativo-per-la-gestione-del-patrimonio-culturale\/#breadcrumb"},"inLanguage":"it-IT","potentialAction":[{"@type":"ReadAction","target":["https:\/\/italcamara-es.com\/it\/notizie\/nuovo-corso-formativo-per-la-gestione-del-patrimonio-culturale\/"]}]},{"@type":"ImageObject","inLanguage":"it-IT","@id":"https:\/\/italcamara-es.com\/it\/notizie\/nuovo-corso-formativo-per-la-gestione-del-patrimonio-culturale\/#primaryimage","url":"https:\/\/italcamara-es.com\/wp-content\/uploads\/2025\/03\/Poster_Corso_EUHeritage.jpg","contentUrl":"https:\/\/italcamara-es.com\/wp-content\/uploads\/2025\/03\/Poster_Corso_EUHeritage.jpg","width":500,"height":280},{"@type":"BreadcrumbList","@id":"https:\/\/italcamara-es.com\/it\/notizie\/nuovo-corso-formativo-per-la-gestione-del-patrimonio-culturale\/#breadcrumb","itemListElement":[{"@type":"ListItem","position":1,"name":"Inicio","item":"https:\/\/italcamara-es.com\/it\/homepage-ita\/"},{"@type":"ListItem","position":2,"name":"Nuovo corso formativo per la gestione del Patrimonio Culturale"}]},{"@type":"WebSite","@id":"https:\/\/italcamara-es.com\/#website","url":"https:\/\/italcamara-es.com\/","name":"Italcamara","description":"","potentialAction":[{"@type":"SearchAction","target":{"@type":"EntryPoint","urlTemplate":"https:\/\/italcamara-es.com\/?s={search_term_string}"},"query-input":{"@type":"PropertyValueSpecification","valueRequired":true,"valueName":"search_term_string"}}],"inLanguage":"it-IT"},{"@type":"Person","@id":"https:\/\/italcamara-es.com\/#\/schema\/person\/bb3c56263e405bbd9a15171dcfee93bb","name":"administrador","image":{"@type":"ImageObject","inLanguage":"it-IT","@id":"https:\/\/secure.gravatar.com\/avatar\/14b5e63db38320b12031bb28cf9f77e210aa71fb3a8a3602a3c9a05134fa75eb?s=96&d=mm&r=g","url":"https:\/\/secure.gravatar.com\/avatar\/14b5e63db38320b12031bb28cf9f77e210aa71fb3a8a3602a3c9a05134fa75eb?s=96&d=mm&r=g","contentUrl":"https:\/\/secure.gravatar.com\/avatar\/14b5e63db38320b12031bb28cf9f77e210aa71fb3a8a3602a3c9a05134fa75eb?s=96&d=mm&r=g","caption":"administrador"},"sameAs":["http:\/\/pre.italcamara-es.com"],"url":"https:\/\/italcamara-es.com\/it\/author\/administrador\/"}]}},"rttpg_featured_image_url":{"full":["https:\/\/italcamara-es.com\/wp-content\/uploads\/2025\/03\/Poster_Corso_EUHeritage.jpg",500,280,false],"landscape":["https:\/\/italcamara-es.com\/wp-content\/uploads\/2025\/03\/Poster_Corso_EUHeritage.jpg",500,280,false],"portraits":["https:\/\/italcamara-es.com\/wp-content\/uploads\/2025\/03\/Poster_Corso_EUHeritage.jpg",500,280,false],"thumbnail":["https:\/\/italcamara-es.com\/wp-content\/uploads\/2025\/03\/Poster_Corso_EUHeritage-150x150.jpg",150,150,true],"medium":["https:\/\/italcamara-es.com\/wp-content\/uploads\/2025\/03\/Poster_Corso_EUHeritage-300x168.jpg",300,168,true],"large":["https:\/\/italcamara-es.com\/wp-content\/uploads\/2025\/03\/Poster_Corso_EUHeritage.jpg",500,280,false],"1536x1536":["https:\/\/italcamara-es.com\/wp-content\/uploads\/2025\/03\/Poster_Corso_EUHeritage.jpg",500,280,false],"2048x2048":["https:\/\/italcamara-es.com\/wp-content\/uploads\/2025\/03\/Poster_Corso_EUHeritage.jpg",500,280,false],"ocean-thumb-m":["https:\/\/italcamara-es.com\/wp-content\/uploads\/2025\/03\/Poster_Corso_EUHeritage.jpg",500,280,false],"ocean-thumb-ml":["https:\/\/italcamara-es.com\/wp-content\/uploads\/2025\/03\/Poster_Corso_EUHeritage.jpg",500,280,false],"ocean-thumb-l":["https:\/\/italcamara-es.com\/wp-content\/uploads\/2025\/03\/Poster_Corso_EUHeritage.jpg",500,280,false],"directorist_preview":["https:\/\/italcamara-es.com\/wp-content\/uploads\/2025\/03\/Poster_Corso_EUHeritage.jpg",500,280,false]},"rttpg_author":{"display_name":"administrador","author_link":"https:\/\/italcamara-es.com\/it\/author\/administrador\/"},"rttpg_comment":0,"rttpg_category":"<a href=\"https:\/\/italcamara-es.com\/it\/category\/notizie\/\" rel=\"category tag\">Notizie<\/a>","rttpg_excerpt":"Torna il corso online per la gestione del Patrimonio Culturale! Sviluppato nell&#8217;ambito del progetto EUHeritage, di cui la CCIS \u00e8 partner dal 2018, il corso sar\u00e0 disponibile dal 26 settembre al 5 ottobre e sar\u00e0 composto da 5 moduli incentrati sullo sviluppo delle competenze digitali e delle soft skills nel campo del turismo esperienziale. Il&hellip;","_links":{"self":[{"href":"https:\/\/italcamara-es.com\/it\/wp-json\/wp\/v2\/posts\/56324","targetHints":{"allow":["GET"]}}],"collection":[{"href":"https:\/\/italcamara-es.com\/it\/wp-json\/wp\/v2\/posts"}],"about":[{"href":"https:\/\/italcamara-es.com\/it\/wp-json\/wp\/v2\/types\/post"}],"author":[{"embeddable":true,"href":"https:\/\/italcamara-es.com\/it\/wp-json\/wp\/v2\/users\/1"}],"replies":[{"embeddable":true,"href":"https:\/\/italcamara-es.com\/it\/wp-json\/wp\/v2\/comments?post=56324"}],"version-history":[{"count":0,"href":"https:\/\/italcamara-es.com\/it\/wp-json\/wp\/v2\/posts\/56324\/revisions"}],"wp:featuredmedia":[{"embeddable":true,"href":"https:\/\/italcamara-es.com\/it\/wp-json\/wp\/v2\/media\/55055"}],"wp:attachment":[{"href":"https:\/\/italcamara-es.com\/it\/wp-json\/wp\/v2\/media?parent=56324"}],"wp:term":[{"taxonomy":"category","embeddable":true,"href":"https:\/\/italcamara-es.com\/it\/wp-json\/wp\/v2\/categories?post=56324"},{"taxonomy":"post_tag","embeddable":true,"href":"https:\/\/italcamara-es.com\/it\/wp-json\/wp\/v2\/tags?post=56324"}],"curies":[{"name":"wp","href":"https:\/\/api.w.org\/{rel}","templated":true}]}}