	{"id":56326,"date":"2022-09-19T13:47:09","date_gmt":"2022-09-19T11:47:09","guid":{"rendered":"http:\/\/pre.italcamara-es.com\/senza-categoria\/a-tenerife-il-corso-per-la-gestione-efficace-delle-sovvenzioni\/"},"modified":"2022-09-19T13:47:09","modified_gmt":"2022-09-19T11:47:09","slug":"a-tenerife-il-corso-per-la-gestione-efficace-delle-sovvenzioni","status":"publish","type":"post","link":"https:\/\/italcamara-es.com\/it\/notizie\/a-tenerife-il-corso-per-la-gestione-efficace-delle-sovvenzioni\/","title":{"rendered":"A Tenerife il corso per la gestione efficace delle sovvenzioni"},"content":{"rendered":"\n<p>L&#8217;antenna territoriale di Tenerife della Camera di Commercio e Industria Italiana per la Spagna (CCIS)\u00a0 organizza <strong>il 3 e 4 ottobre 2022<\/strong> il corso intensivo <strong>&#8220;Gestire le sovvenzioni con efficacia&#8221;<\/strong>.<\/p>\n<p>Il corso \u00e8 rivolto alle imprese in crescita che sono alla ricerca di finanziamenti pubblici per migliorare la propria attivit\u00e0 e incrementare i propri investimenti.<\/p>\n<p>L\u2019obiettivo \u00e8 quello di offrire ai partecipanti un metodo per gestire i propri progetti finanziati con fondi pubblici nel modo pi\u00f9 appropriato e con il minor sforzo burocratico possibile, per poi presentare la richiesta alla pubblica amministrazione.<\/p>\n<h3>PROGRAMMA<\/h3>\n<p>Il corso si terr\u00e0 il 3 e 4 ottobre 2022 nello spazio coworking della CCIS, situato in Calle Cruz Verde, 10 &#8211; 2B, a Santa Cruz de Tenerife, alle ore 16:30 e avr\u00e0 una durata di 3 ore al giorno.<\/p>\n<p>\u00a0<\/p>\n<h4>Parte teorica: 03\/10\/2022<\/h4>\n<p><strong>\u00a0<\/strong><strong>1a<\/strong><strong>) Workshop: <\/strong><em>Creare un progetto facile da gestire<\/em><\/p>\n<ul>\n<li>Obiettivi da sovvenzionare<\/li>\n<li>Selezione del finanziamento pi\u00f9 appropriato<\/li>\n<li>Riorganizzazione dei progetti da presentare a diversi bandi<\/li>\n<li>Tempistiche del progetto e del finanziamento<\/li>\n<li>Redigere progetti con flessibilit\u00e0 per adattarsi ai cambiamenti<\/li>\n<li>Bilancio flessibile<\/li>\n<\/ul>\n<p>\u00a0<\/p>\n<p><strong>2a<\/strong><strong>) Workshop: <\/strong><em>Implementare i progetti per ridurre al minimo la burocrazia<\/em><\/p>\n<ul>\n<li>Esecuzione del budget senza imprevisti, progettazione del processo<\/li>\n<li>Fatture, banche e gestione delle informazioni<\/li>\n<li>Fonti di finanziamento alternative: come e quando?<\/li>\n<li>Organizzare le informazioni e le prove di attuazione<\/li>\n<li>Organizzare il personale e le informazioni<\/li>\n<li>Preparare la documentazione finale e l&#8217;audit<\/li>\n<\/ul>\n<p>\u00a0<\/p>\n<p><strong>3a<\/strong><strong>) Workshop: <\/strong><em>Diritti e quadro giuridico, tempi e modalit\u00e0 di svolgimento<\/em><\/p>\n<ul>\n<li>Quadro giuridico per le sovvenzioni<\/li>\n<li>Il rapporto con la pubblica amministrazione: quali diritti ho?<\/li>\n<li>Quali sono le scadenze legali e come richiederle?<\/li>\n<li>Denunce, ricorsi e reclami<\/li>\n<li>Quando finiscono gli obblighi dei fondi pubblici?<\/li>\n<li>Posso vendere i beni sovvenzionati?<\/li>\n<\/ul>\n<p>\u00a0<\/p>\n<h4>Parte pratica: 4\/10\/2022<\/h4>\n<p><strong>\u00a0<\/strong>Applicazione pratica per ognuno dei WorkShop teorici:<\/p>\n<ul>\n<li>Casi studio reali<\/li>\n<li>Come sollecitare le sovvenzioni<\/li>\n<li>Presentazione della propria domanda<\/li>\n<li>Porre quesiti sul proprio progetto<\/li>\n<\/ul>\n<p>\u00a0<\/p>\n<p><strong>1<\/strong><strong>b<\/strong><strong>) Workshop: <\/strong><em>Creare un progetto facile da gestire<\/em><\/p>\n<p><strong>2<\/strong><strong>b<\/strong><strong>) Workshop: <\/strong><em>Implementare i progetti per ridurre al minimo la burocrazia<\/em><\/p>\n<p><strong>3b) Workshop: <\/strong><em>Diritti e quadro giuridico, tempi e modalit\u00e0 di svolgimento<\/em><\/p>\n<p>\u00a0<\/p>\n<h3>RELATRICE ESPERTA: Carolina Rodr\u00edguez Mart\u00edn<\/h3>\n<p>Ingegnere chimico con specializzazione in Marketing, Comunicazione e pubblicit\u00e0 internazionale. Con pi\u00f9 di 20 anni di esperienza in consulenza aziendale e grande conoscenza in trasformazione digitale, ha lavorato per aziende come General Motors, Dupont, Nestl\u00e9.<\/p>\n<p>Lavorando alla Camera di Commercio per la Spagna, Carolina Rodr\u00edguez Mart\u00edn tratta ogni giorno casistiche reali di clienti interessati alle sovvenzioni fiscali.<\/p>\n<p>\u00a0<\/p>\n<h3>ISCRIZIONE E PREZZI:<\/h3>\n<p>Il corso intensivo \u00e8 suddiviso in due giorni: 3 e 4 ottobre. Nella prima giornata verr\u00e0 trattata la parte teorica; nella seconda giornata verr\u00e0 trattata esclusivamente la parte pratica.<\/p>\n<p>Ogni partecipante pu\u00f2 scegliere liberamente i Workshop a cui assistere.<\/p>\n<p>Ogni Workshop ha un costo di \u20ac50. Quindi, ad esempio, l&#8217;abbinamento Workshop teorico 1a e Workshop pratico 1b avr\u00e0 un costo complessivo di \u20ac100. Di conseguenza, l&#8217;abbinamento di due Workshop teorici e due Workshop pratici ha un costo finale di \u20ac200.<\/p>\n<p>Se si scelgono tutti i Workshop della giornata di teoria (Workshop 1a, 2a e 3a), al prezzo finale verr\u00e0 applicato un 10% di sconto (il costo quindi sar\u00e0 di \u20ac135). Di conseguenza, il costo di tutti e tre i Workshop teorici e tutti e tre i workshop pratici sar\u00e0 di \u20ac270.<\/p>\n<p>Le persone interessate possono iscriversi al corso compilando attraverso il <strong>seguente <a href=\"https:\/\/ccistenerife.com\/corso-gestire-le-sovvenzioni-con-efficacia\/\">link<\/a><\/strong> (si prega di indicare la preferenza dei Workshop da frequentare)<\/p>\n<p>\u00a0<\/p>\n","protected":false},"excerpt":{"rendered":"","protected":false},"author":1,"featured_media":55059,"comment_status":"open","ping_status":"open","sticky":false,"template":"","format":"standard","meta":{"inline_featured_image":false,"ocean_post_layout":"","ocean_both_sidebars_style":"","ocean_both_sidebars_content_width":0,"ocean_both_sidebars_sidebars_width":0,"ocean_sidebar":"","ocean_second_sidebar":"","ocean_disable_margins":"enable","ocean_add_body_class":"","ocean_shortcode_before_top_bar":"","ocean_shortcode_after_top_bar":"","ocean_shortcode_before_header":"","ocean_shortcode_after_header":"","ocean_has_shortcode":"","ocean_shortcode_after_title":"","ocean_shortcode_before_footer_widgets":"","ocean_shortcode_after_footer_widgets":"","ocean_shortcode_before_footer_bottom":"","ocean_shortcode_after_footer_bottom":"","ocean_display_top_bar":"default","ocean_display_header":"default","ocean_header_style":"","ocean_center_header_left_menu":"","ocean_custom_header_template":"","ocean_custom_logo":0,"ocean_custom_retina_logo":0,"ocean_custom_logo_max_width":0,"ocean_custom_logo_tablet_max_width":0,"ocean_custom_logo_mobile_max_width":0,"ocean_custom_logo_max_height":0,"ocean_custom_logo_tablet_max_height":0,"ocean_custom_logo_mobile_max_height":0,"ocean_header_custom_menu":"","ocean_menu_typo_font_family":"","ocean_menu_typo_font_subset":"","ocean_menu_typo_font_size":0,"ocean_menu_typo_font_size_tablet":0,"ocean_menu_typo_font_size_mobile":0,"ocean_menu_typo_font_size_unit":"px","ocean_menu_typo_font_weight":"","ocean_menu_typo_font_weight_tablet":"","ocean_menu_typo_font_weight_mobile":"","ocean_menu_typo_transform":"","ocean_menu_typo_transform_tablet":"","ocean_menu_typo_transform_mobile":"","ocean_menu_typo_line_height":0,"ocean_menu_typo_line_height_tablet":0,"ocean_menu_typo_line_height_mobile":0,"ocean_menu_typo_line_height_unit":"","ocean_menu_typo_spacing":0,"ocean_menu_typo_spacing_tablet":0,"ocean_menu_typo_spacing_mobile":0,"ocean_menu_typo_spacing_unit":"","ocean_menu_link_color":"","ocean_menu_link_color_hover":"","ocean_menu_link_color_active":"","ocean_menu_link_background":"","ocean_menu_link_hover_background":"","ocean_menu_link_active_background":"","ocean_menu_social_links_bg":"","ocean_menu_social_hover_links_bg":"","ocean_menu_social_links_color":"","ocean_menu_social_hover_links_color":"","ocean_disable_title":"default","ocean_disable_heading":"default","ocean_post_title":"","ocean_post_subheading":"","ocean_post_title_style":"","ocean_post_title_background_color":"","ocean_post_title_background":0,"ocean_post_title_bg_image_position":"","ocean_post_title_bg_image_attachment":"","ocean_post_title_bg_image_repeat":"","ocean_post_title_bg_image_size":"","ocean_post_title_height":0,"ocean_post_title_bg_overlay":0.5,"ocean_post_title_bg_overlay_color":"","ocean_disable_breadcrumbs":"default","ocean_breadcrumbs_color":"","ocean_breadcrumbs_separator_color":"","ocean_breadcrumbs_links_color":"","ocean_breadcrumbs_links_hover_color":"","ocean_display_footer_widgets":"default","ocean_display_footer_bottom":"default","ocean_custom_footer_template":"","ocean_post_oembed":"","ocean_post_self_hosted_media":"","ocean_post_video_embed":"","ocean_link_format":"","ocean_link_format_target":"self","ocean_quote_format":"","ocean_quote_format_link":"post","ocean_gallery_link_images":"on","ocean_gallery_id":[],"footnotes":""},"categories":[133],"tags":[139],"class_list":["post-56326","post","type-post","status-publish","format-standard","has-post-thumbnail","hentry","category-notizie","tag-notizie-di-la-ccis","entry","has-media"],"yoast_head":"<!-- This site is optimized with the Yoast SEO plugin v27.4 - https:\/\/yoast.com\/product\/yoast-seo-wordpress\/ -->\n<title>A Tenerife il corso per la gestione efficace delle sovvenzioni - Italcamara<\/title>\n<meta name=\"robots\" content=\"index, follow, max-snippet:-1, max-image-preview:large, max-video-preview:-1\" \/>\n<link rel=\"canonical\" href=\"https:\/\/italcamara-es.com\/it\/notizie\/a-tenerife-il-corso-per-la-gestione-efficace-delle-sovvenzioni\/\" \/>\n<meta property=\"og:locale\" content=\"it_IT\" \/>\n<meta property=\"og:type\" content=\"article\" \/>\n<meta property=\"og:title\" content=\"A Tenerife il corso per la gestione efficace delle sovvenzioni - Italcamara\" \/>\n<meta property=\"og:url\" content=\"https:\/\/italcamara-es.com\/it\/notizie\/a-tenerife-il-corso-per-la-gestione-efficace-delle-sovvenzioni\/\" \/>\n<meta property=\"og:site_name\" content=\"Italcamara\" \/>\n<meta property=\"article:published_time\" content=\"2022-09-19T11:47:09+00:00\" \/>\n<meta property=\"og:image\" content=\"https:\/\/italcamara-es.com\/wp-content\/uploads\/2025\/03\/Gestire-le-sovvenzioni-500.jpg\" \/>\n\t<meta property=\"og:image:width\" content=\"500\" \/>\n\t<meta property=\"og:image:height\" content=\"280\" \/>\n\t<meta property=\"og:image:type\" content=\"image\/jpeg\" \/>\n<meta name=\"author\" content=\"administrador\" \/>\n<meta name=\"twitter:card\" content=\"summary_large_image\" \/>\n<meta name=\"twitter:label1\" content=\"Scritto da\" \/>\n\t<meta name=\"twitter:data1\" content=\"administrador\" \/>\n\t<meta name=\"twitter:label2\" content=\"Tempo di lettura stimato\" \/>\n\t<meta name=\"twitter:data2\" content=\"3 minuti\" \/>\n<script type=\"application\/ld+json\" class=\"yoast-schema-graph\">{\"@context\":\"https:\\\/\\\/schema.org\",\"@graph\":[{\"@type\":\"Article\",\"@id\":\"https:\\\/\\\/italcamara-es.com\\\/it\\\/notizie\\\/a-tenerife-il-corso-per-la-gestione-efficace-delle-sovvenzioni\\\/#article\",\"isPartOf\":{\"@id\":\"https:\\\/\\\/italcamara-es.com\\\/it\\\/notizie\\\/a-tenerife-il-corso-per-la-gestione-efficace-delle-sovvenzioni\\\/\"},\"author\":{\"name\":\"administrador\",\"@id\":\"https:\\\/\\\/italcamara-es.com\\\/#\\\/schema\\\/person\\\/bb3c56263e405bbd9a15171dcfee93bb\"},\"headline\":\"A Tenerife il corso per la gestione efficace delle sovvenzioni\",\"datePublished\":\"2022-09-19T11:47:09+00:00\",\"mainEntityOfPage\":{\"@id\":\"https:\\\/\\\/italcamara-es.com\\\/it\\\/notizie\\\/a-tenerife-il-corso-per-la-gestione-efficace-delle-sovvenzioni\\\/\"},\"wordCount\":547,\"commentCount\":0,\"image\":{\"@id\":\"https:\\\/\\\/italcamara-es.com\\\/it\\\/notizie\\\/a-tenerife-il-corso-per-la-gestione-efficace-delle-sovvenzioni\\\/#primaryimage\"},\"thumbnailUrl\":\"https:\\\/\\\/italcamara-es.com\\\/wp-content\\\/uploads\\\/2025\\\/03\\\/Gestire-le-sovvenzioni-500.jpg\",\"keywords\":[\"Notizie di la CCIS\"],\"articleSection\":[\"Notizie\"],\"inLanguage\":\"it-IT\",\"potentialAction\":[{\"@type\":\"CommentAction\",\"name\":\"Comment\",\"target\":[\"https:\\\/\\\/italcamara-es.com\\\/it\\\/notizie\\\/a-tenerife-il-corso-per-la-gestione-efficace-delle-sovvenzioni\\\/#respond\"]}]},{\"@type\":\"WebPage\",\"@id\":\"https:\\\/\\\/italcamara-es.com\\\/it\\\/notizie\\\/a-tenerife-il-corso-per-la-gestione-efficace-delle-sovvenzioni\\\/\",\"url\":\"https:\\\/\\\/italcamara-es.com\\\/it\\\/notizie\\\/a-tenerife-il-corso-per-la-gestione-efficace-delle-sovvenzioni\\\/\",\"name\":\"A Tenerife il corso per la gestione efficace delle sovvenzioni - Italcamara\",\"isPartOf\":{\"@id\":\"https:\\\/\\\/italcamara-es.com\\\/#website\"},\"primaryImageOfPage\":{\"@id\":\"https:\\\/\\\/italcamara-es.com\\\/it\\\/notizie\\\/a-tenerife-il-corso-per-la-gestione-efficace-delle-sovvenzioni\\\/#primaryimage\"},\"image\":{\"@id\":\"https:\\\/\\\/italcamara-es.com\\\/it\\\/notizie\\\/a-tenerife-il-corso-per-la-gestione-efficace-delle-sovvenzioni\\\/#primaryimage\"},\"thumbnailUrl\":\"https:\\\/\\\/italcamara-es.com\\\/wp-content\\\/uploads\\\/2025\\\/03\\\/Gestire-le-sovvenzioni-500.jpg\",\"datePublished\":\"2022-09-19T11:47:09+00:00\",\"author\":{\"@id\":\"https:\\\/\\\/italcamara-es.com\\\/#\\\/schema\\\/person\\\/bb3c56263e405bbd9a15171dcfee93bb\"},\"breadcrumb\":{\"@id\":\"https:\\\/\\\/italcamara-es.com\\\/it\\\/notizie\\\/a-tenerife-il-corso-per-la-gestione-efficace-delle-sovvenzioni\\\/#breadcrumb\"},\"inLanguage\":\"it-IT\",\"potentialAction\":[{\"@type\":\"ReadAction\",\"target\":[\"https:\\\/\\\/italcamara-es.com\\\/it\\\/notizie\\\/a-tenerife-il-corso-per-la-gestione-efficace-delle-sovvenzioni\\\/\"]}]},{\"@type\":\"ImageObject\",\"inLanguage\":\"it-IT\",\"@id\":\"https:\\\/\\\/italcamara-es.com\\\/it\\\/notizie\\\/a-tenerife-il-corso-per-la-gestione-efficace-delle-sovvenzioni\\\/#primaryimage\",\"url\":\"https:\\\/\\\/italcamara-es.com\\\/wp-content\\\/uploads\\\/2025\\\/03\\\/Gestire-le-sovvenzioni-500.jpg\",\"contentUrl\":\"https:\\\/\\\/italcamara-es.com\\\/wp-content\\\/uploads\\\/2025\\\/03\\\/Gestire-le-sovvenzioni-500.jpg\",\"width\":500,\"height\":280},{\"@type\":\"BreadcrumbList\",\"@id\":\"https:\\\/\\\/italcamara-es.com\\\/it\\\/notizie\\\/a-tenerife-il-corso-per-la-gestione-efficace-delle-sovvenzioni\\\/#breadcrumb\",\"itemListElement\":[{\"@type\":\"ListItem\",\"position\":1,\"name\":\"Inicio\",\"item\":\"https:\\\/\\\/italcamara-es.com\\\/it\\\/homepage-ita\\\/\"},{\"@type\":\"ListItem\",\"position\":2,\"name\":\"A Tenerife il corso per la gestione efficace delle sovvenzioni\"}]},{\"@type\":\"WebSite\",\"@id\":\"https:\\\/\\\/italcamara-es.com\\\/#website\",\"url\":\"https:\\\/\\\/italcamara-es.com\\\/\",\"name\":\"Italcamara\",\"description\":\"\",\"potentialAction\":[{\"@type\":\"SearchAction\",\"target\":{\"@type\":\"EntryPoint\",\"urlTemplate\":\"https:\\\/\\\/italcamara-es.com\\\/?s={search_term_string}\"},\"query-input\":{\"@type\":\"PropertyValueSpecification\",\"valueRequired\":true,\"valueName\":\"search_term_string\"}}],\"inLanguage\":\"it-IT\"},{\"@type\":\"Person\",\"@id\":\"https:\\\/\\\/italcamara-es.com\\\/#\\\/schema\\\/person\\\/bb3c56263e405bbd9a15171dcfee93bb\",\"name\":\"administrador\",\"image\":{\"@type\":\"ImageObject\",\"inLanguage\":\"it-IT\",\"@id\":\"https:\\\/\\\/secure.gravatar.com\\\/avatar\\\/14b5e63db38320b12031bb28cf9f77e210aa71fb3a8a3602a3c9a05134fa75eb?s=96&d=mm&r=g\",\"url\":\"https:\\\/\\\/secure.gravatar.com\\\/avatar\\\/14b5e63db38320b12031bb28cf9f77e210aa71fb3a8a3602a3c9a05134fa75eb?s=96&d=mm&r=g\",\"contentUrl\":\"https:\\\/\\\/secure.gravatar.com\\\/avatar\\\/14b5e63db38320b12031bb28cf9f77e210aa71fb3a8a3602a3c9a05134fa75eb?s=96&d=mm&r=g\",\"caption\":\"administrador\"},\"sameAs\":[\"http:\\\/\\\/pre.italcamara-es.com\"],\"url\":\"https:\\\/\\\/italcamara-es.com\\\/it\\\/author\\\/administrador\\\/\"}]}<\/script>\n<!-- \/ Yoast SEO plugin. -->","yoast_head_json":{"title":"A Tenerife il corso per la gestione efficace delle sovvenzioni - Italcamara","robots":{"index":"index","follow":"follow","max-snippet":"max-snippet:-1","max-image-preview":"max-image-preview:large","max-video-preview":"max-video-preview:-1"},"canonical":"https:\/\/italcamara-es.com\/it\/notizie\/a-tenerife-il-corso-per-la-gestione-efficace-delle-sovvenzioni\/","og_locale":"it_IT","og_type":"article","og_title":"A Tenerife il corso per la gestione efficace delle sovvenzioni - Italcamara","og_url":"https:\/\/italcamara-es.com\/it\/notizie\/a-tenerife-il-corso-per-la-gestione-efficace-delle-sovvenzioni\/","og_site_name":"Italcamara","article_published_time":"2022-09-19T11:47:09+00:00","og_image":[{"width":500,"height":280,"url":"https:\/\/italcamara-es.com\/wp-content\/uploads\/2025\/03\/Gestire-le-sovvenzioni-500.jpg","type":"image\/jpeg"}],"author":"administrador","twitter_card":"summary_large_image","twitter_misc":{"Scritto da":"administrador","Tempo di lettura stimato":"3 minuti"},"schema":{"@context":"https:\/\/schema.org","@graph":[{"@type":"Article","@id":"https:\/\/italcamara-es.com\/it\/notizie\/a-tenerife-il-corso-per-la-gestione-efficace-delle-sovvenzioni\/#article","isPartOf":{"@id":"https:\/\/italcamara-es.com\/it\/notizie\/a-tenerife-il-corso-per-la-gestione-efficace-delle-sovvenzioni\/"},"author":{"name":"administrador","@id":"https:\/\/italcamara-es.com\/#\/schema\/person\/bb3c56263e405bbd9a15171dcfee93bb"},"headline":"A Tenerife il corso per la gestione efficace delle sovvenzioni","datePublished":"2022-09-19T11:47:09+00:00","mainEntityOfPage":{"@id":"https:\/\/italcamara-es.com\/it\/notizie\/a-tenerife-il-corso-per-la-gestione-efficace-delle-sovvenzioni\/"},"wordCount":547,"commentCount":0,"image":{"@id":"https:\/\/italcamara-es.com\/it\/notizie\/a-tenerife-il-corso-per-la-gestione-efficace-delle-sovvenzioni\/#primaryimage"},"thumbnailUrl":"https:\/\/italcamara-es.com\/wp-content\/uploads\/2025\/03\/Gestire-le-sovvenzioni-500.jpg","keywords":["Notizie di la CCIS"],"articleSection":["Notizie"],"inLanguage":"it-IT","potentialAction":[{"@type":"CommentAction","name":"Comment","target":["https:\/\/italcamara-es.com\/it\/notizie\/a-tenerife-il-corso-per-la-gestione-efficace-delle-sovvenzioni\/#respond"]}]},{"@type":"WebPage","@id":"https:\/\/italcamara-es.com\/it\/notizie\/a-tenerife-il-corso-per-la-gestione-efficace-delle-sovvenzioni\/","url":"https:\/\/italcamara-es.com\/it\/notizie\/a-tenerife-il-corso-per-la-gestione-efficace-delle-sovvenzioni\/","name":"A Tenerife il corso per la gestione efficace delle sovvenzioni - Italcamara","isPartOf":{"@id":"https:\/\/italcamara-es.com\/#website"},"primaryImageOfPage":{"@id":"https:\/\/italcamara-es.com\/it\/notizie\/a-tenerife-il-corso-per-la-gestione-efficace-delle-sovvenzioni\/#primaryimage"},"image":{"@id":"https:\/\/italcamara-es.com\/it\/notizie\/a-tenerife-il-corso-per-la-gestione-efficace-delle-sovvenzioni\/#primaryimage"},"thumbnailUrl":"https:\/\/italcamara-es.com\/wp-content\/uploads\/2025\/03\/Gestire-le-sovvenzioni-500.jpg","datePublished":"2022-09-19T11:47:09+00:00","author":{"@id":"https:\/\/italcamara-es.com\/#\/schema\/person\/bb3c56263e405bbd9a15171dcfee93bb"},"breadcrumb":{"@id":"https:\/\/italcamara-es.com\/it\/notizie\/a-tenerife-il-corso-per-la-gestione-efficace-delle-sovvenzioni\/#breadcrumb"},"inLanguage":"it-IT","potentialAction":[{"@type":"ReadAction","target":["https:\/\/italcamara-es.com\/it\/notizie\/a-tenerife-il-corso-per-la-gestione-efficace-delle-sovvenzioni\/"]}]},{"@type":"ImageObject","inLanguage":"it-IT","@id":"https:\/\/italcamara-es.com\/it\/notizie\/a-tenerife-il-corso-per-la-gestione-efficace-delle-sovvenzioni\/#primaryimage","url":"https:\/\/italcamara-es.com\/wp-content\/uploads\/2025\/03\/Gestire-le-sovvenzioni-500.jpg","contentUrl":"https:\/\/italcamara-es.com\/wp-content\/uploads\/2025\/03\/Gestire-le-sovvenzioni-500.jpg","width":500,"height":280},{"@type":"BreadcrumbList","@id":"https:\/\/italcamara-es.com\/it\/notizie\/a-tenerife-il-corso-per-la-gestione-efficace-delle-sovvenzioni\/#breadcrumb","itemListElement":[{"@type":"ListItem","position":1,"name":"Inicio","item":"https:\/\/italcamara-es.com\/it\/homepage-ita\/"},{"@type":"ListItem","position":2,"name":"A Tenerife il corso per la gestione efficace delle sovvenzioni"}]},{"@type":"WebSite","@id":"https:\/\/italcamara-es.com\/#website","url":"https:\/\/italcamara-es.com\/","name":"Italcamara","description":"","potentialAction":[{"@type":"SearchAction","target":{"@type":"EntryPoint","urlTemplate":"https:\/\/italcamara-es.com\/?s={search_term_string}"},"query-input":{"@type":"PropertyValueSpecification","valueRequired":true,"valueName":"search_term_string"}}],"inLanguage":"it-IT"},{"@type":"Person","@id":"https:\/\/italcamara-es.com\/#\/schema\/person\/bb3c56263e405bbd9a15171dcfee93bb","name":"administrador","image":{"@type":"ImageObject","inLanguage":"it-IT","@id":"https:\/\/secure.gravatar.com\/avatar\/14b5e63db38320b12031bb28cf9f77e210aa71fb3a8a3602a3c9a05134fa75eb?s=96&d=mm&r=g","url":"https:\/\/secure.gravatar.com\/avatar\/14b5e63db38320b12031bb28cf9f77e210aa71fb3a8a3602a3c9a05134fa75eb?s=96&d=mm&r=g","contentUrl":"https:\/\/secure.gravatar.com\/avatar\/14b5e63db38320b12031bb28cf9f77e210aa71fb3a8a3602a3c9a05134fa75eb?s=96&d=mm&r=g","caption":"administrador"},"sameAs":["http:\/\/pre.italcamara-es.com"],"url":"https:\/\/italcamara-es.com\/it\/author\/administrador\/"}]}},"rttpg_featured_image_url":{"full":["https:\/\/italcamara-es.com\/wp-content\/uploads\/2025\/03\/Gestire-le-sovvenzioni-500.jpg",500,280,false],"landscape":["https:\/\/italcamara-es.com\/wp-content\/uploads\/2025\/03\/Gestire-le-sovvenzioni-500.jpg",500,280,false],"portraits":["https:\/\/italcamara-es.com\/wp-content\/uploads\/2025\/03\/Gestire-le-sovvenzioni-500.jpg",500,280,false],"thumbnail":["https:\/\/italcamara-es.com\/wp-content\/uploads\/2025\/03\/Gestire-le-sovvenzioni-500-150x150.jpg",150,150,true],"medium":["https:\/\/italcamara-es.com\/wp-content\/uploads\/2025\/03\/Gestire-le-sovvenzioni-500-300x168.jpg",300,168,true],"large":["https:\/\/italcamara-es.com\/wp-content\/uploads\/2025\/03\/Gestire-le-sovvenzioni-500.jpg",500,280,false],"1536x1536":["https:\/\/italcamara-es.com\/wp-content\/uploads\/2025\/03\/Gestire-le-sovvenzioni-500.jpg",500,280,false],"2048x2048":["https:\/\/italcamara-es.com\/wp-content\/uploads\/2025\/03\/Gestire-le-sovvenzioni-500.jpg",500,280,false],"ocean-thumb-m":["https:\/\/italcamara-es.com\/wp-content\/uploads\/2025\/03\/Gestire-le-sovvenzioni-500.jpg",500,280,false],"ocean-thumb-ml":["https:\/\/italcamara-es.com\/wp-content\/uploads\/2025\/03\/Gestire-le-sovvenzioni-500.jpg",500,280,false],"ocean-thumb-l":["https:\/\/italcamara-es.com\/wp-content\/uploads\/2025\/03\/Gestire-le-sovvenzioni-500.jpg",500,280,false],"directorist_preview":["https:\/\/italcamara-es.com\/wp-content\/uploads\/2025\/03\/Gestire-le-sovvenzioni-500.jpg",500,280,false]},"rttpg_author":{"display_name":"administrador","author_link":"https:\/\/italcamara-es.com\/it\/author\/administrador\/"},"rttpg_comment":0,"rttpg_category":"<a href=\"https:\/\/italcamara-es.com\/it\/category\/notizie\/\" rel=\"category tag\">Notizie<\/a>","rttpg_excerpt":null,"_links":{"self":[{"href":"https:\/\/italcamara-es.com\/it\/wp-json\/wp\/v2\/posts\/56326","targetHints":{"allow":["GET"]}}],"collection":[{"href":"https:\/\/italcamara-es.com\/it\/wp-json\/wp\/v2\/posts"}],"about":[{"href":"https:\/\/italcamara-es.com\/it\/wp-json\/wp\/v2\/types\/post"}],"author":[{"embeddable":true,"href":"https:\/\/italcamara-es.com\/it\/wp-json\/wp\/v2\/users\/1"}],"replies":[{"embeddable":true,"href":"https:\/\/italcamara-es.com\/it\/wp-json\/wp\/v2\/comments?post=56326"}],"version-history":[{"count":0,"href":"https:\/\/italcamara-es.com\/it\/wp-json\/wp\/v2\/posts\/56326\/revisions"}],"wp:featuredmedia":[{"embeddable":true,"href":"https:\/\/italcamara-es.com\/it\/wp-json\/wp\/v2\/media\/55059"}],"wp:attachment":[{"href":"https:\/\/italcamara-es.com\/it\/wp-json\/wp\/v2\/media?parent=56326"}],"wp:term":[{"taxonomy":"category","embeddable":true,"href":"https:\/\/italcamara-es.com\/it\/wp-json\/wp\/v2\/categories?post=56326"},{"taxonomy":"post_tag","embeddable":true,"href":"https:\/\/italcamara-es.com\/it\/wp-json\/wp\/v2\/tags?post=56326"}],"curies":[{"name":"wp","href":"https:\/\/api.w.org\/{rel}","templated":true}]}}