	{"id":56345,"date":"2022-12-13T01:27:00","date_gmt":"2022-12-13T00:27:00","guid":{"rendered":"http:\/\/pre.italcamara-es.com\/senza-categoria\/cerimonia-di-consegna-del-xxv-premio-tiepolo\/"},"modified":"2022-12-13T01:27:00","modified_gmt":"2022-12-13T00:27:00","slug":"cerimonia-di-consegna-del-xxv-premio-tiepolo","status":"publish","type":"post","link":"https:\/\/italcamara-es.com\/it\/notizie\/cerimonia-di-consegna-del-xxv-premio-tiepolo\/","title":{"rendered":"Cerimonia di consegna del XXV Premio Tiepolo"},"content":{"rendered":"\n\n\n<p><strong>Luigi Ferraris<\/strong>, Amministratore Delegato del gruppo Ferrovie dello Stato Italiane e <strong>Jos\u00e9 Bogas<\/strong>, Amministratore Delegato di Endesa, hanno ricevuto lo scorso <strong>12 dicembre<\/strong> il <strong>Premio Tiepolo 2022<\/strong>, un riconoscimento che, dal 1996, valorizza il percorso di imprenditori di successo spagnoli e italiani e il loro importante contributo al potenziamento delle relazioni economiche e commerciali tra i due Paesi.<\/p>\n\n\n\n<p>La cerimonia di consegna di questo prestigioso riconoscimento, conferito dalla <strong>Camera di Commercio e Industria Italiana per la Spagna (CCIS)<\/strong> e dalla <strong>Confederaci\u00f3n Espa\u00f1ola de las Organizaciones Empresariales (CEOE)<\/strong>, sotto gli auspici dell\u2019<strong>Ambasciata d\u2019Italia in Spagna<\/strong>, si \u00e8 svolta a Madrid, presso il Palazzo di Amboage, sede della rappresentanza diplomatica della Repubblica Italiana, alla presenza di numerosi rappresentanti istituzionali e del mondo economico e imprenditoriale dei due Paesi. In particolare, all&#8217;evento hanno preso parte l&#8217;Ambasciatore d\u2019Italia in Spagna, <strong>Riccardo Guariglia<\/strong>, la Ministra dell\u2019Industria, del Commercio e del Turismo, <strong>Reyes Maroto<\/strong>, il Presidente di Assocamerestero, <strong>Mario Pozza<\/strong>, e i Presidenti della CCIS, <strong>Marco Pizzi<\/strong>, e della CEOE, <strong>Antonio Garamendi<\/strong>.<\/p>\n\n\n<div class=\"wp-block-image\">\n<figure class=\"aligncenter size-full is-resized\"><img decoding=\"async\" src=\"https:\/\/www.italcamara-es.com\/wp-content\/uploads\/2022\/12\/WhatsApp-Image-2022-12-12-at-20.33.17-1.jpeg\" alt=\"\" class=\"wp-image-31774\" width=\"700\"\/><\/figure>\n<\/div>\n\n\n<p class=\"has-text-align-center has-small-font-size\">Nella foto, da sinistra\u00a0a destra: Mario Pozza, presidente di Assocamerestero; \u00a0Luigi Ferraris, CEO di Ferrovie dello Stato Italiane;\u00a0\u00a0<br>Reyes Maroto,\u00a0Ministra dell&#8217;Industria, Commercio e Turismo del Governo di Spagna; Riccardo Guariglia, Ambasciatore d&#8217;Italia in Spagna; <br>Jos\u00e9 Bogas, CEO di Endesa; Marco Pizzi, presidente della Camera di Commercio e Industria Italiana per la Spagna; <br>Antonio Garamendi, presidente della CEOE\u00a0e Miguel \u00c1ngel Fern\u00e1ndez-Palacios, Ambasciatore di Spagna in Italia<\/p>\n\n\n\n<div style=\"height:15px\" aria-hidden=\"true\" class=\"wp-block-spacer\"><\/div>\n\n\n\n<p>Anche quest\u2019anno, la giornalista e conduttrice televisiva <strong>Leticia Iglesias<\/strong> ha dato inizio alla nuova edizione del Premio, ricordando la traiettoria di successo di Ferraris e Bogas, la vocazione internazionale delle aziende che amministrano e il loro contributo nel consolidamento delle relazioni economiche tra Spagna e Italia.<\/p>\n\n\n\n<p>\u201c<em>Quest\u2019anno sono premiate due figure di grande spessore<\/em>\u201d, ha affermato nel suo discorso di apertura l\u2019Ambasciatore Riccardo Guariglia, riferendosi ai due protagonisti della serata. \u201c<em>Con i grandi investimenti che hanno stimolato e le strategie che hanno &nbsp;promosso in settori cruciali per le societ\u00e0 contemporanee quali l\u2019energia e la mobilit\u00e0, dimostrando nel corso degli anni una grande lungimiranza anche per l\u2019attenzione verso i temi della sostenibilit\u00e0, della de-carbonizzazione e della \u201cgreen economy\u201d, essi rappresentano delle vere, importanti ed autentiche storie di successo di cui i due Paesi \u2013 Italia e Spagna \u2013 hanno potuto beneficiare, singolarmente e anche nel rapporto bilaterale<\/em>.\u201d<\/p>\n\n\n\n<p><\/p>\n\n\n<div class=\"wp-block-image\">\n<figure class=\"aligncenter size-full is-resized\"><img decoding=\"async\" src=\"https:\/\/www.italcamara-es.com\/wp-content\/uploads\/2022\/12\/Premio-Tiepolo-2022-1.jpeg\" alt=\"\" class=\"wp-image-31784\" width=\"700\"\/><\/figure>\n<\/div>\n\n\n<p class=\"has-text-align-center has-small-font-size\">Nella foto, da siniostra a destra: Jos\u00e9 Bogas, Luigi Ferraris y la Ministra di Industria, Commercio e Turismo, Reyes Maroto<\/p>\n\n\n\n<div style=\"height:15px\" aria-hidden=\"true\" class=\"wp-block-spacer\"><\/div>\n\n\n\n<p><strong><u>Luigi Ferraris, promotore dello sbarco di Ferrovie dello Stato Italiane nell\u2019Alta Velocit\u00e0 spagnola<\/u><\/strong><\/p>\n\n\n\n<p><strong>Luigi Ferraris<\/strong> (Legnano, 1962) \u00e8, dal giugno 2021, Amministratore Delegato delle Ferrovie dello Stato Italiane, il pi\u00f9 grande gruppo infrastrutturale d\u2019Italia, leader nel trasporto ferroviario di passeggeri e merci. Attraverso l\u2019operatore Trenitalia, il gruppo fa parte del consorzio Iryo, la prima compagnia privata dell\u2019alta velocit\u00e0 in Spagna, che ha attivato il primo collegamento commerciale nel Paese lo scorso 25 novembre, nella linea Madrid-Barcellona e che inaugurer\u00e0 nuove connessioni tra Madrid, Cuenca e Valencia il prossimo 16 dicembre.<\/p>\n\n\n\n<p>L&#8217;avvio delle attivit\u00e0 commerciali della partecipata Iryo in Spagna rientra in una strategia di ampio respiro che vede il Gruppo Ferrovie dello Stato Italiane sempre pi\u00f9 attivo in un mercato ferroviario europeo integrato e aperto alla sua concorrenza, con presenza gi\u00e0 consolidata in Francia, Regno Unito, Grecia, e Germania.<\/p>\n\n\n\n<p>\u201c<em>Condivido questo prestigioso riconoscimento con tutto il team del Gruppo FS e con gli oltre 82.000 dipendenti che operano in Italia e nelle filiali estere. In particolare, con i colleghi che lavorano qui in Spagna, che proprio in queste settimane sono impegnati con il debutto del nostro Frecciarossa 1000 sui binari dell\u2019alta velocit\u00e0 spagnola<\/em>\u201d, ha affermato Ferraris nel suo intervento. \u201c<em>La nostra intenzione \u00e8 quella di condividere l&#8217;esperienza acquisita nel mercato italiano dell&#8217;alta velocit\u00e0, mettendola a disposizione della Spagna e dell&#8217;Europa per replicare i risultati positivi ed i modelli di successo raggiunti in Italia<\/em>\u201d.<\/p>\n\n\n\n<p><\/p>\n\n\n<div class=\"wp-block-image\">\n<figure class=\"aligncenter size-full is-resized\"><img decoding=\"async\" src=\"https:\/\/www.italcamara-es.com\/wp-content\/uploads\/2022\/12\/Luigi-Ferraris.jpeg\" alt=\"\" class=\"wp-image-31779\" width=\"500\"\/><figcaption>Luigi Ferraris<\/figcaption><\/figure>\n<\/div>\n\n\n<p>I legami che uniscono Ferraris alla Spagna si sono consolidati nel corso della sua carriera professionale. In particolare, ha fatto parte del Gruppo Enel tra il 2009 e il 2015, durante la prima fase dello sbarco della societ\u00e0 italiana in Spagna, ricoprendo diverse cariche dirigenziali di primo livello, tra cui quella di membro del consiglio di amministrazione della controllata spagnola Endesa S.A.<\/p>\n\n\n\n<p><\/p>\n\n\n\n<p><strong><u>Jos\u00e9 Bogas G\u00e1lvez, alla guida dell&#8217;ambiziosa strategia di trasformazione tecnologica e transizione energetica di Endesa<\/u><\/strong><\/p>\n\n\n\n<p><strong>Jos\u00e9 Dami\u00e1n Bogas G\u00e1lvez <\/strong>(Madrid, 1955) \u00e8, dal 2014, Amministratore Delegato di Endesa SA, azienda leader nel settore elettrico spagnolo e secondo operatore del mercato elettrico in Portogallo. \u00c8 inoltre Iberia Country Manager del Gruppo Enel, multinazionale italiana dell&#8217;energia di cui Endesa fa parte, e presidente di Enel Green Power Spagna, la societ\u00e0 del gruppo dedicata alla generazione di energia da fonti rinnovabili e uno dei principali protagonisti del settore delle energie rinnovabili in tutto il mondo.<\/p>\n\n\n\n<p>&#8220;<em>Ricevere il Premio Tiepolo \u00e8 per me un onore e un privilegio di cui sono profondamente e sinceramente grato<\/em>&#8220;, ha dichiarato Bogas nel suo intervento. &#8220;<em>Ho profondi legami professionali e personali con l&#8217;Italia e posso dire di aver fatto buoni amici italiani negli ultimi due decenni<\/em>&#8220;.<\/p>\n\n\n\n<p>&#8220;<em>Oggi appartenere a un gruppo imprenditoriale globale \u00e8 un enorme privilegio<\/em>&#8220;, ha sottolineato l&#8217;Amministratore Delegato di Endesa. \u201c<em>Ci offre la possibilit\u00e0 di vedere il mondo con prospettive diverse. Ogni Paese ha i propri progetti e ogni cultura le sue virt\u00f9. Per questo ho sempre vissuto la connessione Endesa-Enel come un trasferimento permanente di valore in entrambe le direzioni, che ci rende innegabilmente migliori<\/em>\u201d.<\/p>\n\n\n<div class=\"wp-block-image\">\n<figure class=\"aligncenter size-large is-resized\"><img fetchpriority=\"high\" decoding=\"async\" src=\"https:\/\/www.italcamara-es.com\/wp-content\/uploads\/2022\/12\/Jose-Bogas-797x1024.jpeg\" alt=\"\" class=\"wp-image-31782\" width=\"399\" height=\"512\"\/><figcaption>Jos\u00e9 Bogas<\/figcaption><\/figure>\n<\/div>\n\n\n<p>Sotto la direzione di Bogas, l&#8217;azienda sta svolgendo un ruolo fondamentale nella trasformazione tecnologica del settore energetico e nella transizione verso un\u2019energia pulita, puntando decisamente sulle rinnovabili nell&#8217;ambizioso obiettivo, condiviso con la capogruppo italiana Enel, di anticipare al 2040 la completa decarbonizzazione delle proprie attivit\u00e0.<\/p>\n\n\n\n<div style=\"height:20px\" aria-hidden=\"true\" class=\"wp-block-spacer\"><\/div>\n\n\n\n<p><\/p>\n\n\n\n<p class=\"has-text-align-center has-small-font-size\"><strong>La CCIS ringrazia le aziende che hanno sponsorizzato la cerimonia del Premio Tiepolo 2022<\/strong><\/p>\n\n\n\n<p><\/p>\n\n\n\n<figure class=\"wp-block-image size-full is-resized\"><img decoding=\"async\" src=\"https:\/\/www.italcamara-es.com\/wp-content\/uploads\/2022\/12\/loghi-sponsor-Tiepolo-.jpg\" alt=\"\" class=\"wp-image-31756\" width=\"1000\"\/><\/figure>\n\n\n\n<p><\/p>\n","protected":false},"excerpt":{"rendered":"<p>Luigi Ferraris, Amministratore Delegato del gruppo Ferrovie dello Stato Italiane e Jos\u00e9 Bogas, Amministratore Delegato di Endesa, hanno ricevuto lo scorso 12 dicembre il Premio Tiepolo 2022, un riconoscimento che, dal 1996, valorizza il percorso di imprenditori di successo spagnoli e italiani e il loro importante contributo al potenziamento delle relazioni economiche e commerciali tra [&hellip;]<\/p>\n","protected":false},"author":1,"featured_media":56346,"comment_status":"open","ping_status":"open","sticky":false,"template":"","format":"standard","meta":{"inline_featured_image":false,"ocean_post_layout":"","ocean_both_sidebars_style":"","ocean_both_sidebars_content_width":0,"ocean_both_sidebars_sidebars_width":0,"ocean_sidebar":"","ocean_second_sidebar":"","ocean_disable_margins":"enable","ocean_add_body_class":"","ocean_shortcode_before_top_bar":"","ocean_shortcode_after_top_bar":"","ocean_shortcode_before_header":"","ocean_shortcode_after_header":"","ocean_has_shortcode":"","ocean_shortcode_after_title":"","ocean_shortcode_before_footer_widgets":"","ocean_shortcode_after_footer_widgets":"","ocean_shortcode_before_footer_bottom":"","ocean_shortcode_after_footer_bottom":"","ocean_display_top_bar":"default","ocean_display_header":"default","ocean_header_style":"","ocean_center_header_left_menu":"","ocean_custom_header_template":"","ocean_custom_logo":0,"ocean_custom_retina_logo":0,"ocean_custom_logo_max_width":0,"ocean_custom_logo_tablet_max_width":0,"ocean_custom_logo_mobile_max_width":0,"ocean_custom_logo_max_height":0,"ocean_custom_logo_tablet_max_height":0,"ocean_custom_logo_mobile_max_height":0,"ocean_header_custom_menu":"","ocean_menu_typo_font_family":"","ocean_menu_typo_font_subset":"","ocean_menu_typo_font_size":0,"ocean_menu_typo_font_size_tablet":0,"ocean_menu_typo_font_size_mobile":0,"ocean_menu_typo_font_size_unit":"px","ocean_menu_typo_font_weight":"","ocean_menu_typo_font_weight_tablet":"","ocean_menu_typo_font_weight_mobile":"","ocean_menu_typo_transform":"","ocean_menu_typo_transform_tablet":"","ocean_menu_typo_transform_mobile":"","ocean_menu_typo_line_height":0,"ocean_menu_typo_line_height_tablet":0,"ocean_menu_typo_line_height_mobile":0,"ocean_menu_typo_line_height_unit":"","ocean_menu_typo_spacing":0,"ocean_menu_typo_spacing_tablet":0,"ocean_menu_typo_spacing_mobile":0,"ocean_menu_typo_spacing_unit":"","ocean_menu_link_color":"","ocean_menu_link_color_hover":"","ocean_menu_link_color_active":"","ocean_menu_link_background":"","ocean_menu_link_hover_background":"","ocean_menu_link_active_background":"","ocean_menu_social_links_bg":"","ocean_menu_social_hover_links_bg":"","ocean_menu_social_links_color":"","ocean_menu_social_hover_links_color":"","ocean_disable_title":"default","ocean_disable_heading":"default","ocean_post_title":"","ocean_post_subheading":"","ocean_post_title_style":"","ocean_post_title_background_color":"","ocean_post_title_background":0,"ocean_post_title_bg_image_position":"","ocean_post_title_bg_image_attachment":"","ocean_post_title_bg_image_repeat":"","ocean_post_title_bg_image_size":"","ocean_post_title_height":0,"ocean_post_title_bg_overlay":0.5,"ocean_post_title_bg_overlay_color":"","ocean_disable_breadcrumbs":"default","ocean_breadcrumbs_color":"","ocean_breadcrumbs_separator_color":"","ocean_breadcrumbs_links_color":"","ocean_breadcrumbs_links_hover_color":"","ocean_display_footer_widgets":"default","ocean_display_footer_bottom":"default","ocean_custom_footer_template":"","ocean_post_oembed":"","ocean_post_self_hosted_media":"","ocean_post_video_embed":"","ocean_link_format":"","ocean_link_format_target":"self","ocean_quote_format":"","ocean_quote_format_link":"post","ocean_gallery_link_images":"on","ocean_gallery_id":[],"footnotes":""},"categories":[133],"tags":[139],"class_list":["post-56345","post","type-post","status-publish","format-standard","has-post-thumbnail","hentry","category-notizie","tag-notizie-di-la-ccis","entry","has-media"],"yoast_head":"<!-- This site is optimized with the Yoast SEO plugin v27.4 - https:\/\/yoast.com\/product\/yoast-seo-wordpress\/ -->\n<title>Cerimonia di consegna del XXV Premio Tiepolo - Italcamara<\/title>\n<meta name=\"robots\" content=\"index, follow, max-snippet:-1, max-image-preview:large, max-video-preview:-1\" \/>\n<link rel=\"canonical\" href=\"https:\/\/italcamara-es.com\/it\/notizie\/cerimonia-di-consegna-del-xxv-premio-tiepolo\/\" \/>\n<meta property=\"og:locale\" content=\"it_IT\" \/>\n<meta property=\"og:type\" content=\"article\" \/>\n<meta property=\"og:title\" content=\"Cerimonia di consegna del XXV Premio Tiepolo - Italcamara\" \/>\n<meta property=\"og:description\" content=\"Luigi Ferraris, Amministratore Delegato del gruppo Ferrovie dello Stato Italiane e Jos\u00e9 Bogas, Amministratore Delegato di Endesa, hanno ricevuto lo scorso 12 dicembre il Premio Tiepolo 2022, un riconoscimento che, dal 1996, valorizza il percorso di imprenditori di successo spagnoli e italiani e il loro importante contributo al potenziamento delle relazioni economiche e commerciali tra [&hellip;]\" \/>\n<meta property=\"og:url\" content=\"https:\/\/italcamara-es.com\/it\/notizie\/cerimonia-di-consegna-del-xxv-premio-tiepolo\/\" \/>\n<meta property=\"og:site_name\" content=\"Italcamara\" \/>\n<meta property=\"article:published_time\" content=\"2022-12-13T00:27:00+00:00\" \/>\n<meta property=\"og:image\" content=\"https:\/\/italcamara-es.com\/wp-content\/uploads\/2025\/03\/Foto-Tiepolo-2022-500-def.jpeg\" \/>\n\t<meta property=\"og:image:width\" content=\"500\" \/>\n\t<meta property=\"og:image:height\" content=\"281\" \/>\n\t<meta property=\"og:image:type\" content=\"image\/jpeg\" \/>\n<meta name=\"author\" content=\"administrador\" \/>\n<meta name=\"twitter:card\" content=\"summary_large_image\" \/>\n<meta name=\"twitter:label1\" content=\"Scritto da\" \/>\n\t<meta name=\"twitter:data1\" content=\"administrador\" \/>\n\t<meta name=\"twitter:label2\" content=\"Tempo di lettura stimato\" \/>\n\t<meta name=\"twitter:data2\" content=\"5 minuti\" \/>\n<script type=\"application\/ld+json\" class=\"yoast-schema-graph\">{\"@context\":\"https:\\\/\\\/schema.org\",\"@graph\":[{\"@type\":\"Article\",\"@id\":\"https:\\\/\\\/italcamara-es.com\\\/it\\\/notizie\\\/cerimonia-di-consegna-del-xxv-premio-tiepolo\\\/#article\",\"isPartOf\":{\"@id\":\"https:\\\/\\\/italcamara-es.com\\\/it\\\/notizie\\\/cerimonia-di-consegna-del-xxv-premio-tiepolo\\\/\"},\"author\":{\"name\":\"administrador\",\"@id\":\"https:\\\/\\\/italcamara-es.com\\\/#\\\/schema\\\/person\\\/bb3c56263e405bbd9a15171dcfee93bb\"},\"headline\":\"Cerimonia di consegna del XXV Premio Tiepolo\",\"datePublished\":\"2022-12-13T00:27:00+00:00\",\"mainEntityOfPage\":{\"@id\":\"https:\\\/\\\/italcamara-es.com\\\/it\\\/notizie\\\/cerimonia-di-consegna-del-xxv-premio-tiepolo\\\/\"},\"wordCount\":979,\"commentCount\":0,\"image\":{\"@id\":\"https:\\\/\\\/italcamara-es.com\\\/it\\\/notizie\\\/cerimonia-di-consegna-del-xxv-premio-tiepolo\\\/#primaryimage\"},\"thumbnailUrl\":\"https:\\\/\\\/italcamara-es.com\\\/wp-content\\\/uploads\\\/2025\\\/03\\\/Foto-Tiepolo-2022-500-def.jpeg\",\"keywords\":[\"Notizie di la CCIS\"],\"articleSection\":[\"Notizie\"],\"inLanguage\":\"it-IT\",\"potentialAction\":[{\"@type\":\"CommentAction\",\"name\":\"Comment\",\"target\":[\"https:\\\/\\\/italcamara-es.com\\\/it\\\/notizie\\\/cerimonia-di-consegna-del-xxv-premio-tiepolo\\\/#respond\"]}]},{\"@type\":\"WebPage\",\"@id\":\"https:\\\/\\\/italcamara-es.com\\\/it\\\/notizie\\\/cerimonia-di-consegna-del-xxv-premio-tiepolo\\\/\",\"url\":\"https:\\\/\\\/italcamara-es.com\\\/it\\\/notizie\\\/cerimonia-di-consegna-del-xxv-premio-tiepolo\\\/\",\"name\":\"Cerimonia di consegna del XXV Premio Tiepolo - Italcamara\",\"isPartOf\":{\"@id\":\"https:\\\/\\\/italcamara-es.com\\\/#website\"},\"primaryImageOfPage\":{\"@id\":\"https:\\\/\\\/italcamara-es.com\\\/it\\\/notizie\\\/cerimonia-di-consegna-del-xxv-premio-tiepolo\\\/#primaryimage\"},\"image\":{\"@id\":\"https:\\\/\\\/italcamara-es.com\\\/it\\\/notizie\\\/cerimonia-di-consegna-del-xxv-premio-tiepolo\\\/#primaryimage\"},\"thumbnailUrl\":\"https:\\\/\\\/italcamara-es.com\\\/wp-content\\\/uploads\\\/2025\\\/03\\\/Foto-Tiepolo-2022-500-def.jpeg\",\"datePublished\":\"2022-12-13T00:27:00+00:00\",\"author\":{\"@id\":\"https:\\\/\\\/italcamara-es.com\\\/#\\\/schema\\\/person\\\/bb3c56263e405bbd9a15171dcfee93bb\"},\"breadcrumb\":{\"@id\":\"https:\\\/\\\/italcamara-es.com\\\/it\\\/notizie\\\/cerimonia-di-consegna-del-xxv-premio-tiepolo\\\/#breadcrumb\"},\"inLanguage\":\"it-IT\",\"potentialAction\":[{\"@type\":\"ReadAction\",\"target\":[\"https:\\\/\\\/italcamara-es.com\\\/it\\\/notizie\\\/cerimonia-di-consegna-del-xxv-premio-tiepolo\\\/\"]}]},{\"@type\":\"ImageObject\",\"inLanguage\":\"it-IT\",\"@id\":\"https:\\\/\\\/italcamara-es.com\\\/it\\\/notizie\\\/cerimonia-di-consegna-del-xxv-premio-tiepolo\\\/#primaryimage\",\"url\":\"https:\\\/\\\/italcamara-es.com\\\/wp-content\\\/uploads\\\/2025\\\/03\\\/Foto-Tiepolo-2022-500-def.jpeg\",\"contentUrl\":\"https:\\\/\\\/italcamara-es.com\\\/wp-content\\\/uploads\\\/2025\\\/03\\\/Foto-Tiepolo-2022-500-def.jpeg\",\"width\":500,\"height\":281},{\"@type\":\"BreadcrumbList\",\"@id\":\"https:\\\/\\\/italcamara-es.com\\\/it\\\/notizie\\\/cerimonia-di-consegna-del-xxv-premio-tiepolo\\\/#breadcrumb\",\"itemListElement\":[{\"@type\":\"ListItem\",\"position\":1,\"name\":\"Inicio\",\"item\":\"https:\\\/\\\/italcamara-es.com\\\/it\\\/homepage-ita\\\/\"},{\"@type\":\"ListItem\",\"position\":2,\"name\":\"Cerimonia di consegna del XXV Premio Tiepolo\"}]},{\"@type\":\"WebSite\",\"@id\":\"https:\\\/\\\/italcamara-es.com\\\/#website\",\"url\":\"https:\\\/\\\/italcamara-es.com\\\/\",\"name\":\"Italcamara\",\"description\":\"\",\"potentialAction\":[{\"@type\":\"SearchAction\",\"target\":{\"@type\":\"EntryPoint\",\"urlTemplate\":\"https:\\\/\\\/italcamara-es.com\\\/?s={search_term_string}\"},\"query-input\":{\"@type\":\"PropertyValueSpecification\",\"valueRequired\":true,\"valueName\":\"search_term_string\"}}],\"inLanguage\":\"it-IT\"},{\"@type\":\"Person\",\"@id\":\"https:\\\/\\\/italcamara-es.com\\\/#\\\/schema\\\/person\\\/bb3c56263e405bbd9a15171dcfee93bb\",\"name\":\"administrador\",\"image\":{\"@type\":\"ImageObject\",\"inLanguage\":\"it-IT\",\"@id\":\"https:\\\/\\\/secure.gravatar.com\\\/avatar\\\/14b5e63db38320b12031bb28cf9f77e210aa71fb3a8a3602a3c9a05134fa75eb?s=96&d=mm&r=g\",\"url\":\"https:\\\/\\\/secure.gravatar.com\\\/avatar\\\/14b5e63db38320b12031bb28cf9f77e210aa71fb3a8a3602a3c9a05134fa75eb?s=96&d=mm&r=g\",\"contentUrl\":\"https:\\\/\\\/secure.gravatar.com\\\/avatar\\\/14b5e63db38320b12031bb28cf9f77e210aa71fb3a8a3602a3c9a05134fa75eb?s=96&d=mm&r=g\",\"caption\":\"administrador\"},\"sameAs\":[\"http:\\\/\\\/pre.italcamara-es.com\"],\"url\":\"https:\\\/\\\/italcamara-es.com\\\/it\\\/author\\\/administrador\\\/\"}]}<\/script>\n<!-- \/ Yoast SEO plugin. -->","yoast_head_json":{"title":"Cerimonia di consegna del XXV Premio Tiepolo - Italcamara","robots":{"index":"index","follow":"follow","max-snippet":"max-snippet:-1","max-image-preview":"max-image-preview:large","max-video-preview":"max-video-preview:-1"},"canonical":"https:\/\/italcamara-es.com\/it\/notizie\/cerimonia-di-consegna-del-xxv-premio-tiepolo\/","og_locale":"it_IT","og_type":"article","og_title":"Cerimonia di consegna del XXV Premio Tiepolo - Italcamara","og_description":"Luigi Ferraris, Amministratore Delegato del gruppo Ferrovie dello Stato Italiane e Jos\u00e9 Bogas, Amministratore Delegato di Endesa, hanno ricevuto lo scorso 12 dicembre il Premio Tiepolo 2022, un riconoscimento che, dal 1996, valorizza il percorso di imprenditori di successo spagnoli e italiani e il loro importante contributo al potenziamento delle relazioni economiche e commerciali tra [&hellip;]","og_url":"https:\/\/italcamara-es.com\/it\/notizie\/cerimonia-di-consegna-del-xxv-premio-tiepolo\/","og_site_name":"Italcamara","article_published_time":"2022-12-13T00:27:00+00:00","og_image":[{"width":500,"height":281,"url":"https:\/\/italcamara-es.com\/wp-content\/uploads\/2025\/03\/Foto-Tiepolo-2022-500-def.jpeg","type":"image\/jpeg"}],"author":"administrador","twitter_card":"summary_large_image","twitter_misc":{"Scritto da":"administrador","Tempo di lettura stimato":"5 minuti"},"schema":{"@context":"https:\/\/schema.org","@graph":[{"@type":"Article","@id":"https:\/\/italcamara-es.com\/it\/notizie\/cerimonia-di-consegna-del-xxv-premio-tiepolo\/#article","isPartOf":{"@id":"https:\/\/italcamara-es.com\/it\/notizie\/cerimonia-di-consegna-del-xxv-premio-tiepolo\/"},"author":{"name":"administrador","@id":"https:\/\/italcamara-es.com\/#\/schema\/person\/bb3c56263e405bbd9a15171dcfee93bb"},"headline":"Cerimonia di consegna del XXV Premio Tiepolo","datePublished":"2022-12-13T00:27:00+00:00","mainEntityOfPage":{"@id":"https:\/\/italcamara-es.com\/it\/notizie\/cerimonia-di-consegna-del-xxv-premio-tiepolo\/"},"wordCount":979,"commentCount":0,"image":{"@id":"https:\/\/italcamara-es.com\/it\/notizie\/cerimonia-di-consegna-del-xxv-premio-tiepolo\/#primaryimage"},"thumbnailUrl":"https:\/\/italcamara-es.com\/wp-content\/uploads\/2025\/03\/Foto-Tiepolo-2022-500-def.jpeg","keywords":["Notizie di la CCIS"],"articleSection":["Notizie"],"inLanguage":"it-IT","potentialAction":[{"@type":"CommentAction","name":"Comment","target":["https:\/\/italcamara-es.com\/it\/notizie\/cerimonia-di-consegna-del-xxv-premio-tiepolo\/#respond"]}]},{"@type":"WebPage","@id":"https:\/\/italcamara-es.com\/it\/notizie\/cerimonia-di-consegna-del-xxv-premio-tiepolo\/","url":"https:\/\/italcamara-es.com\/it\/notizie\/cerimonia-di-consegna-del-xxv-premio-tiepolo\/","name":"Cerimonia di consegna del XXV Premio Tiepolo - Italcamara","isPartOf":{"@id":"https:\/\/italcamara-es.com\/#website"},"primaryImageOfPage":{"@id":"https:\/\/italcamara-es.com\/it\/notizie\/cerimonia-di-consegna-del-xxv-premio-tiepolo\/#primaryimage"},"image":{"@id":"https:\/\/italcamara-es.com\/it\/notizie\/cerimonia-di-consegna-del-xxv-premio-tiepolo\/#primaryimage"},"thumbnailUrl":"https:\/\/italcamara-es.com\/wp-content\/uploads\/2025\/03\/Foto-Tiepolo-2022-500-def.jpeg","datePublished":"2022-12-13T00:27:00+00:00","author":{"@id":"https:\/\/italcamara-es.com\/#\/schema\/person\/bb3c56263e405bbd9a15171dcfee93bb"},"breadcrumb":{"@id":"https:\/\/italcamara-es.com\/it\/notizie\/cerimonia-di-consegna-del-xxv-premio-tiepolo\/#breadcrumb"},"inLanguage":"it-IT","potentialAction":[{"@type":"ReadAction","target":["https:\/\/italcamara-es.com\/it\/notizie\/cerimonia-di-consegna-del-xxv-premio-tiepolo\/"]}]},{"@type":"ImageObject","inLanguage":"it-IT","@id":"https:\/\/italcamara-es.com\/it\/notizie\/cerimonia-di-consegna-del-xxv-premio-tiepolo\/#primaryimage","url":"https:\/\/italcamara-es.com\/wp-content\/uploads\/2025\/03\/Foto-Tiepolo-2022-500-def.jpeg","contentUrl":"https:\/\/italcamara-es.com\/wp-content\/uploads\/2025\/03\/Foto-Tiepolo-2022-500-def.jpeg","width":500,"height":281},{"@type":"BreadcrumbList","@id":"https:\/\/italcamara-es.com\/it\/notizie\/cerimonia-di-consegna-del-xxv-premio-tiepolo\/#breadcrumb","itemListElement":[{"@type":"ListItem","position":1,"name":"Inicio","item":"https:\/\/italcamara-es.com\/it\/homepage-ita\/"},{"@type":"ListItem","position":2,"name":"Cerimonia di consegna del XXV Premio Tiepolo"}]},{"@type":"WebSite","@id":"https:\/\/italcamara-es.com\/#website","url":"https:\/\/italcamara-es.com\/","name":"Italcamara","description":"","potentialAction":[{"@type":"SearchAction","target":{"@type":"EntryPoint","urlTemplate":"https:\/\/italcamara-es.com\/?s={search_term_string}"},"query-input":{"@type":"PropertyValueSpecification","valueRequired":true,"valueName":"search_term_string"}}],"inLanguage":"it-IT"},{"@type":"Person","@id":"https:\/\/italcamara-es.com\/#\/schema\/person\/bb3c56263e405bbd9a15171dcfee93bb","name":"administrador","image":{"@type":"ImageObject","inLanguage":"it-IT","@id":"https:\/\/secure.gravatar.com\/avatar\/14b5e63db38320b12031bb28cf9f77e210aa71fb3a8a3602a3c9a05134fa75eb?s=96&d=mm&r=g","url":"https:\/\/secure.gravatar.com\/avatar\/14b5e63db38320b12031bb28cf9f77e210aa71fb3a8a3602a3c9a05134fa75eb?s=96&d=mm&r=g","contentUrl":"https:\/\/secure.gravatar.com\/avatar\/14b5e63db38320b12031bb28cf9f77e210aa71fb3a8a3602a3c9a05134fa75eb?s=96&d=mm&r=g","caption":"administrador"},"sameAs":["http:\/\/pre.italcamara-es.com"],"url":"https:\/\/italcamara-es.com\/it\/author\/administrador\/"}]}},"rttpg_featured_image_url":{"full":["https:\/\/italcamara-es.com\/wp-content\/uploads\/2025\/03\/Foto-Tiepolo-2022-500-def.jpeg",500,281,false],"landscape":["https:\/\/italcamara-es.com\/wp-content\/uploads\/2025\/03\/Foto-Tiepolo-2022-500-def.jpeg",500,281,false],"portraits":["https:\/\/italcamara-es.com\/wp-content\/uploads\/2025\/03\/Foto-Tiepolo-2022-500-def.jpeg",500,281,false],"thumbnail":["https:\/\/italcamara-es.com\/wp-content\/uploads\/2025\/03\/Foto-Tiepolo-2022-500-def-150x150.jpeg",150,150,true],"medium":["https:\/\/italcamara-es.com\/wp-content\/uploads\/2025\/03\/Foto-Tiepolo-2022-500-def-300x169.jpeg",300,169,true],"large":["https:\/\/italcamara-es.com\/wp-content\/uploads\/2025\/03\/Foto-Tiepolo-2022-500-def.jpeg",500,281,false],"1536x1536":["https:\/\/italcamara-es.com\/wp-content\/uploads\/2025\/03\/Foto-Tiepolo-2022-500-def.jpeg",500,281,false],"2048x2048":["https:\/\/italcamara-es.com\/wp-content\/uploads\/2025\/03\/Foto-Tiepolo-2022-500-def.jpeg",500,281,false],"ocean-thumb-m":["https:\/\/italcamara-es.com\/wp-content\/uploads\/2025\/03\/Foto-Tiepolo-2022-500-def.jpeg",500,281,false],"ocean-thumb-ml":["https:\/\/italcamara-es.com\/wp-content\/uploads\/2025\/03\/Foto-Tiepolo-2022-500-def.jpeg",500,281,false],"ocean-thumb-l":["https:\/\/italcamara-es.com\/wp-content\/uploads\/2025\/03\/Foto-Tiepolo-2022-500-def.jpeg",500,281,false],"directorist_preview":["https:\/\/italcamara-es.com\/wp-content\/uploads\/2025\/03\/Foto-Tiepolo-2022-500-def.jpeg",500,281,false]},"rttpg_author":{"display_name":"administrador","author_link":"https:\/\/italcamara-es.com\/it\/author\/administrador\/"},"rttpg_comment":0,"rttpg_category":"<a href=\"https:\/\/italcamara-es.com\/it\/category\/notizie\/\" rel=\"category tag\">Notizie<\/a>","rttpg_excerpt":"Luigi Ferraris, Amministratore Delegato del gruppo Ferrovie dello Stato Italiane e Jos\u00e9 Bogas, Amministratore Delegato di Endesa, hanno ricevuto lo scorso 12 dicembre il Premio Tiepolo 2022, un riconoscimento che, dal 1996, valorizza il percorso di imprenditori di successo spagnoli e italiani e il loro importante contributo al potenziamento delle relazioni economiche e commerciali tra&hellip;","_links":{"self":[{"href":"https:\/\/italcamara-es.com\/it\/wp-json\/wp\/v2\/posts\/56345","targetHints":{"allow":["GET"]}}],"collection":[{"href":"https:\/\/italcamara-es.com\/it\/wp-json\/wp\/v2\/posts"}],"about":[{"href":"https:\/\/italcamara-es.com\/it\/wp-json\/wp\/v2\/types\/post"}],"author":[{"embeddable":true,"href":"https:\/\/italcamara-es.com\/it\/wp-json\/wp\/v2\/users\/1"}],"replies":[{"embeddable":true,"href":"https:\/\/italcamara-es.com\/it\/wp-json\/wp\/v2\/comments?post=56345"}],"version-history":[{"count":0,"href":"https:\/\/italcamara-es.com\/it\/wp-json\/wp\/v2\/posts\/56345\/revisions"}],"wp:featuredmedia":[{"embeddable":true,"href":"https:\/\/italcamara-es.com\/it\/wp-json\/wp\/v2\/media\/56346"}],"wp:attachment":[{"href":"https:\/\/italcamara-es.com\/it\/wp-json\/wp\/v2\/media?parent=56345"}],"wp:term":[{"taxonomy":"category","embeddable":true,"href":"https:\/\/italcamara-es.com\/it\/wp-json\/wp\/v2\/categories?post=56345"},{"taxonomy":"post_tag","embeddable":true,"href":"https:\/\/italcamara-es.com\/it\/wp-json\/wp\/v2\/tags?post=56345"}],"curies":[{"name":"wp","href":"https:\/\/api.w.org\/{rel}","templated":true}]}}