	{"id":56366,"date":"2023-04-12T11:58:00","date_gmt":"2023-04-12T09:58:00","guid":{"rendered":"http:\/\/pre.italcamara-es.com\/senza-categoria\/la-gastronomia-italiana-grande-protagonista-al-salon-de-gourmets-2023-di-madrid-17-20-aprile\/"},"modified":"2023-04-12T11:58:00","modified_gmt":"2023-04-12T09:58:00","slug":"la-gastronomia-italiana-grande-protagonista-al-salon-de-gourmets-2023-di-madrid-17-20-aprile","status":"publish","type":"post","link":"https:\/\/italcamara-es.com\/it\/notizie\/la-gastronomia-italiana-grande-protagonista-al-salon-de-gourmets-2023-di-madrid-17-20-aprile\/","title":{"rendered":"La gastronomia italiana grande protagonista al Sal\u00f3n de Gourmets 2023 di Madrid (17-20 aprile)"},"content":{"rendered":"\n<p>Mancano pochi giorni all\u2019inaugurazione della 36\u00aa edizione del <strong>Sal\u00f3n de Gourmets di Madrid<\/strong>, la principale fiera in Spagna dedicata alla gastronomia di qualit\u00e0. L\u2019evento, che si svolge annualmente dal 1987, sar\u00e0 ospitato presso il quartiere fieristico IFEMA <strong>dal luned\u00ec 17 al gioved\u00ec 20 aprile<\/strong> e si rivolge ai professionisti locali e internazionali della ristorazione, della distribuzione, l\u2019hotellerie, catering e commercio specializzato.<\/p>\n\n\n\n<p>L\u2019edizione dello scorso anno ha registrato numeri estremamente positivi e in crescita rispetto al 2021. Nel corso dell\u2019intero evento, infatti, sono stati accolti oltre 80.000 operatori e professionisti del settore agroalimentare provenienti da pi\u00f9 di 60 Paesi, in un\u2019edizione che ha visto la presenza di 1.600 espositori. Per quest\u2019anno, gli organizzatori prevedono un incremento minimo del 20% rispetto alle cifre del 2021, per un\u2019edizione che si preannuncia da record.<\/p>\n\n\n\n<p>All\u2019interno di questo affermato contesto, l\u2019Italia occupa sempre pi\u00f9 un ruolo di primissimo piano. Dal 2009, infatti, la Camera di Commercio e Industria Italiana per la Spagna gestisce uno spazio espositivo esclusivamente dedicato alle eccellenze della gastronomia \u201cmade in Italy\u201d e in questa edizione l\u2019Area Italia occuper\u00e0 per la prima volta <strong>una superficie espositiva di 450 m2<\/strong>, uno spazio pi\u00f9 che raddoppiato rispetto allo scorso anno. In particolare, saranno <strong>33 le imprese italiane<\/strong> che esporranno le proprie eccellenze enogastronomiche.<\/p>\n\n\n\n<p>Si tratta di cifre particolarmente rilevanti, che dimostrano il notevole interesse da parte degli operatori italiani del settore nei confronti del mercato spagnolo. Un interesse confermato anche dalla costante crescita dell\u2019export agroalimentare del Belpaese in Spagna, che nel 2022 ha registrato un <strong>incremento di quasi il 20%<\/strong> rispetto all\u2019anno precedente, superando i <strong>2,3 miliardi di euro<\/strong>.<\/p>\n\n\n\n<p>Tra le specialit\u00e0 agroalimentari italiane che verranno presentate in fiera si possono menzionare la pasta secca e fresca, i panettoni e altri prodotti da forno, cereali, caff\u00e8, formaggi, aceto balsamico, tartufi, conserve, liquori e distillati, prodotti congelati e surgelati, salumi, caviale e birre artigianali.<\/p>\n\n\n\n<p>Nell\u2019edizione 2023 del Sal\u00f3n de Gourmets avranno un ruolo di assoluto rilievo i prodotti del <strong>Piemonte<\/strong>, grazie alla partecipazione di una collettiva di 11 imprese che fanno capo al<em> Centro Estero Internazionalizzazione Piemonte (Ceipiemonte \u2013 Piemonte Agency)<\/em>. Inoltre, all\u2019interno dell\u2019Area Italia esporranno <strong>4 consorzi caseari<\/strong> accompagnati dall\u2019agenzia <em>Forma Libera<\/em>: il Consorzio di Tutela del Formaggio Asiago DOP, il Consorzio per la Tutela del Formaggio Gorgonzola DOP, il Consorzio per la Tutela del Formaggio Pecorino Sardo DOP ed il Consorzio Tutela Taleggio DOP.<\/p>\n\n\n\n<p>L\u2019Area Italia verr\u00e0 inaugurata il 17 aprile alla presenza del Vicepresidente della CCIS, <strong>Jaime Revilla<\/strong>, il Ministro Consigliere dell\u2019Ambasciata d\u2019Italia in Spagna, <strong>Benedetto Giuntini<\/strong>, il Consigliere Economico e Commerciale, <strong>Roberto Nocella<\/strong> ed altri rappresentanti di istituzioni locali ed italiane in Spagna. <\/p>\n\n\n\n<p>\u00c8 possibile scaricare il catalogo delle imprese espositrici nell\u2019Area Italia attraverso il seguente link: <a href=\"https:\/\/www.italcamara-es.com\/wp-content\/uploads\/2023\/04\/CATALOGO-SALON-DE-GOURMETS-UFFICIALE-2023.pdf\" target=\"_blank\" rel=\"noopener\">Area Italia Sal\u00f3n de Gourmets 2023<\/a><\/p>\n\n\n\n<p>Per maggiori informazioni: <a href=\"mailto:ferias@italcamara-es.com\">ferias@italcamara-es.com<\/a><\/p>\n\n\n<div class=\"wp-block-image\">\n<figure class=\"aligncenter size-large is-resized\"><img decoding=\"async\" src=\"https:\/\/www.italcamara-es.com\/wp-content\/uploads\/2023\/03\/gourmes-interno-1024x768.jpg\" alt=\"\" class=\"wp-image-32729\" width=\"500\"\/><\/figure>\n<\/div>\n\n\n<p><\/p>\n","protected":false},"excerpt":{"rendered":"<p>Mancano pochi giorni all\u2019inaugurazione della 36\u00aa edizione del Sal\u00f3n de Gourmets di Madrid, la principale fiera in Spagna dedicata alla gastronomia di qualit\u00e0. L\u2019evento, che si svolge annualmente dal 1987, sar\u00e0 ospitato presso il quartiere fieristico IFEMA dal luned\u00ec 17 al gioved\u00ec 20 aprile e si rivolge ai professionisti locali e internazionali della ristorazione, della [&hellip;]<\/p>\n","protected":false},"author":1,"featured_media":56367,"comment_status":"open","ping_status":"open","sticky":false,"template":"","format":"standard","meta":{"inline_featured_image":false,"ocean_post_layout":"","ocean_both_sidebars_style":"","ocean_both_sidebars_content_width":0,"ocean_both_sidebars_sidebars_width":0,"ocean_sidebar":"","ocean_second_sidebar":"","ocean_disable_margins":"enable","ocean_add_body_class":"","ocean_shortcode_before_top_bar":"","ocean_shortcode_after_top_bar":"","ocean_shortcode_before_header":"","ocean_shortcode_after_header":"","ocean_has_shortcode":"","ocean_shortcode_after_title":"","ocean_shortcode_before_footer_widgets":"","ocean_shortcode_after_footer_widgets":"","ocean_shortcode_before_footer_bottom":"","ocean_shortcode_after_footer_bottom":"","ocean_display_top_bar":"default","ocean_display_header":"default","ocean_header_style":"","ocean_center_header_left_menu":"","ocean_custom_header_template":"","ocean_custom_logo":0,"ocean_custom_retina_logo":0,"ocean_custom_logo_max_width":0,"ocean_custom_logo_tablet_max_width":0,"ocean_custom_logo_mobile_max_width":0,"ocean_custom_logo_max_height":0,"ocean_custom_logo_tablet_max_height":0,"ocean_custom_logo_mobile_max_height":0,"ocean_header_custom_menu":"","ocean_menu_typo_font_family":"","ocean_menu_typo_font_subset":"","ocean_menu_typo_font_size":0,"ocean_menu_typo_font_size_tablet":0,"ocean_menu_typo_font_size_mobile":0,"ocean_menu_typo_font_size_unit":"px","ocean_menu_typo_font_weight":"","ocean_menu_typo_font_weight_tablet":"","ocean_menu_typo_font_weight_mobile":"","ocean_menu_typo_transform":"","ocean_menu_typo_transform_tablet":"","ocean_menu_typo_transform_mobile":"","ocean_menu_typo_line_height":0,"ocean_menu_typo_line_height_tablet":0,"ocean_menu_typo_line_height_mobile":0,"ocean_menu_typo_line_height_unit":"","ocean_menu_typo_spacing":0,"ocean_menu_typo_spacing_tablet":0,"ocean_menu_typo_spacing_mobile":0,"ocean_menu_typo_spacing_unit":"","ocean_menu_link_color":"","ocean_menu_link_color_hover":"","ocean_menu_link_color_active":"","ocean_menu_link_background":"","ocean_menu_link_hover_background":"","ocean_menu_link_active_background":"","ocean_menu_social_links_bg":"","ocean_menu_social_hover_links_bg":"","ocean_menu_social_links_color":"","ocean_menu_social_hover_links_color":"","ocean_disable_title":"default","ocean_disable_heading":"default","ocean_post_title":"","ocean_post_subheading":"","ocean_post_title_style":"","ocean_post_title_background_color":"","ocean_post_title_background":0,"ocean_post_title_bg_image_position":"","ocean_post_title_bg_image_attachment":"","ocean_post_title_bg_image_repeat":"","ocean_post_title_bg_image_size":"","ocean_post_title_height":0,"ocean_post_title_bg_overlay":0.5,"ocean_post_title_bg_overlay_color":"","ocean_disable_breadcrumbs":"default","ocean_breadcrumbs_color":"","ocean_breadcrumbs_separator_color":"","ocean_breadcrumbs_links_color":"","ocean_breadcrumbs_links_hover_color":"","ocean_display_footer_widgets":"default","ocean_display_footer_bottom":"default","ocean_custom_footer_template":"","ocean_post_oembed":"","ocean_post_self_hosted_media":"","ocean_post_video_embed":"","ocean_link_format":"","ocean_link_format_target":"self","ocean_quote_format":"","ocean_quote_format_link":"post","ocean_gallery_link_images":"on","ocean_gallery_id":[],"footnotes":""},"categories":[133],"tags":[139],"class_list":["post-56366","post","type-post","status-publish","format-standard","has-post-thumbnail","hentry","category-notizie","tag-notizie-di-la-ccis","entry","has-media"],"yoast_head":"<!-- This site is optimized with the Yoast SEO plugin v27.4 - https:\/\/yoast.com\/product\/yoast-seo-wordpress\/ -->\n<title>La gastronomia italiana grande protagonista al Sal\u00f3n de Gourmets 2023 di Madrid (17-20 aprile) - Italcamara<\/title>\n<meta name=\"robots\" content=\"index, follow, max-snippet:-1, max-image-preview:large, max-video-preview:-1\" \/>\n<link rel=\"canonical\" href=\"https:\/\/italcamara-es.com\/noticias\/la-gastronomia-de-italia-gran-protagonista-en-el-salon-de-gourmets-2023-de-madrid-17-20-de-abril\/\" \/>\n<meta property=\"og:locale\" content=\"it_IT\" \/>\n<meta property=\"og:type\" content=\"article\" \/>\n<meta property=\"og:title\" content=\"La gastronomia italiana grande protagonista al Sal\u00f3n de Gourmets 2023 di Madrid (17-20 aprile) - Italcamara\" \/>\n<meta property=\"og:description\" content=\"Mancano pochi giorni all\u2019inaugurazione della 36\u00aa edizione del Sal\u00f3n de Gourmets di Madrid, la principale fiera in Spagna dedicata alla gastronomia di qualit\u00e0. L\u2019evento, che si svolge annualmente dal 1987, sar\u00e0 ospitato presso il quartiere fieristico IFEMA dal luned\u00ec 17 al gioved\u00ec 20 aprile e si rivolge ai professionisti locali e internazionali della ristorazione, della [&hellip;]\" \/>\n<meta property=\"og:url\" content=\"https:\/\/italcamara-es.com\/noticias\/la-gastronomia-de-italia-gran-protagonista-en-el-salon-de-gourmets-2023-de-madrid-17-20-de-abril\/\" \/>\n<meta property=\"og:site_name\" content=\"Italcamara\" \/>\n<meta property=\"article:published_time\" content=\"2023-04-12T09:58:00+00:00\" \/>\n<meta property=\"og:image\" content=\"https:\/\/italcamara-es.com\/wp-content\/uploads\/2025\/03\/Area-Italia-imagen-logo-1.jpg\" \/>\n\t<meta property=\"og:image:width\" content=\"500\" \/>\n\t<meta property=\"og:image:height\" content=\"280\" \/>\n\t<meta property=\"og:image:type\" content=\"image\/jpeg\" \/>\n<meta name=\"author\" content=\"administrador\" \/>\n<meta name=\"twitter:card\" content=\"summary_large_image\" \/>\n<meta name=\"twitter:label1\" content=\"Scritto da\" \/>\n\t<meta name=\"twitter:data1\" content=\"administrador\" \/>\n\t<meta name=\"twitter:label2\" content=\"Tempo di lettura stimato\" \/>\n\t<meta name=\"twitter:data2\" content=\"2 minuti\" \/>\n<script type=\"application\/ld+json\" class=\"yoast-schema-graph\">{\"@context\":\"https:\\\/\\\/schema.org\",\"@graph\":[{\"@type\":\"Article\",\"@id\":\"https:\\\/\\\/italcamara-es.com\\\/noticias\\\/la-gastronomia-de-italia-gran-protagonista-en-el-salon-de-gourmets-2023-de-madrid-17-20-de-abril\\\/#article\",\"isPartOf\":{\"@id\":\"https:\\\/\\\/italcamara-es.com\\\/noticias\\\/la-gastronomia-de-italia-gran-protagonista-en-el-salon-de-gourmets-2023-de-madrid-17-20-de-abril\\\/\"},\"author\":{\"name\":\"administrador\",\"@id\":\"https:\\\/\\\/italcamara-es.com\\\/#\\\/schema\\\/person\\\/bb3c56263e405bbd9a15171dcfee93bb\"},\"headline\":\"La gastronomia italiana grande protagonista al Sal\u00f3n de Gourmets 2023 di Madrid (17-20 aprile)\",\"datePublished\":\"2023-04-12T09:58:00+00:00\",\"mainEntityOfPage\":{\"@id\":\"https:\\\/\\\/italcamara-es.com\\\/noticias\\\/la-gastronomia-de-italia-gran-protagonista-en-el-salon-de-gourmets-2023-de-madrid-17-20-de-abril\\\/\"},\"wordCount\":473,\"commentCount\":0,\"image\":{\"@id\":\"https:\\\/\\\/italcamara-es.com\\\/noticias\\\/la-gastronomia-de-italia-gran-protagonista-en-el-salon-de-gourmets-2023-de-madrid-17-20-de-abril\\\/#primaryimage\"},\"thumbnailUrl\":\"https:\\\/\\\/italcamara-es.com\\\/wp-content\\\/uploads\\\/2025\\\/03\\\/Area-Italia-imagen-logo-1.jpg\",\"keywords\":[\"Notizie di la CCIS\"],\"articleSection\":[\"Notizie\"],\"inLanguage\":\"it-IT\",\"potentialAction\":[{\"@type\":\"CommentAction\",\"name\":\"Comment\",\"target\":[\"https:\\\/\\\/italcamara-es.com\\\/noticias\\\/la-gastronomia-de-italia-gran-protagonista-en-el-salon-de-gourmets-2023-de-madrid-17-20-de-abril\\\/#respond\"]}]},{\"@type\":\"WebPage\",\"@id\":\"https:\\\/\\\/italcamara-es.com\\\/noticias\\\/la-gastronomia-de-italia-gran-protagonista-en-el-salon-de-gourmets-2023-de-madrid-17-20-de-abril\\\/\",\"url\":\"https:\\\/\\\/italcamara-es.com\\\/noticias\\\/la-gastronomia-de-italia-gran-protagonista-en-el-salon-de-gourmets-2023-de-madrid-17-20-de-abril\\\/\",\"name\":\"La gastronomia italiana grande protagonista al Sal\u00f3n de Gourmets 2023 di Madrid (17-20 aprile) - Italcamara\",\"isPartOf\":{\"@id\":\"https:\\\/\\\/italcamara-es.com\\\/#website\"},\"primaryImageOfPage\":{\"@id\":\"https:\\\/\\\/italcamara-es.com\\\/noticias\\\/la-gastronomia-de-italia-gran-protagonista-en-el-salon-de-gourmets-2023-de-madrid-17-20-de-abril\\\/#primaryimage\"},\"image\":{\"@id\":\"https:\\\/\\\/italcamara-es.com\\\/noticias\\\/la-gastronomia-de-italia-gran-protagonista-en-el-salon-de-gourmets-2023-de-madrid-17-20-de-abril\\\/#primaryimage\"},\"thumbnailUrl\":\"https:\\\/\\\/italcamara-es.com\\\/wp-content\\\/uploads\\\/2025\\\/03\\\/Area-Italia-imagen-logo-1.jpg\",\"datePublished\":\"2023-04-12T09:58:00+00:00\",\"author\":{\"@id\":\"https:\\\/\\\/italcamara-es.com\\\/#\\\/schema\\\/person\\\/bb3c56263e405bbd9a15171dcfee93bb\"},\"breadcrumb\":{\"@id\":\"https:\\\/\\\/italcamara-es.com\\\/noticias\\\/la-gastronomia-de-italia-gran-protagonista-en-el-salon-de-gourmets-2023-de-madrid-17-20-de-abril\\\/#breadcrumb\"},\"inLanguage\":\"it-IT\",\"potentialAction\":[{\"@type\":\"ReadAction\",\"target\":[\"https:\\\/\\\/italcamara-es.com\\\/noticias\\\/la-gastronomia-de-italia-gran-protagonista-en-el-salon-de-gourmets-2023-de-madrid-17-20-de-abril\\\/\"]}]},{\"@type\":\"ImageObject\",\"inLanguage\":\"it-IT\",\"@id\":\"https:\\\/\\\/italcamara-es.com\\\/noticias\\\/la-gastronomia-de-italia-gran-protagonista-en-el-salon-de-gourmets-2023-de-madrid-17-20-de-abril\\\/#primaryimage\",\"url\":\"https:\\\/\\\/italcamara-es.com\\\/wp-content\\\/uploads\\\/2025\\\/03\\\/Area-Italia-imagen-logo-1.jpg\",\"contentUrl\":\"https:\\\/\\\/italcamara-es.com\\\/wp-content\\\/uploads\\\/2025\\\/03\\\/Area-Italia-imagen-logo-1.jpg\",\"width\":500,\"height\":280},{\"@type\":\"BreadcrumbList\",\"@id\":\"https:\\\/\\\/italcamara-es.com\\\/noticias\\\/la-gastronomia-de-italia-gran-protagonista-en-el-salon-de-gourmets-2023-de-madrid-17-20-de-abril\\\/#breadcrumb\",\"itemListElement\":[{\"@type\":\"ListItem\",\"position\":1,\"name\":\"Inicio\",\"item\":\"https:\\\/\\\/italcamara-es.com\\\/it\\\/homepage-ita\\\/\"},{\"@type\":\"ListItem\",\"position\":2,\"name\":\"La gastronomia italiana grande protagonista al Sal\u00f3n de Gourmets 2023 di Madrid (17-20 aprile)\"}]},{\"@type\":\"WebSite\",\"@id\":\"https:\\\/\\\/italcamara-es.com\\\/#website\",\"url\":\"https:\\\/\\\/italcamara-es.com\\\/\",\"name\":\"Italcamara\",\"description\":\"\",\"potentialAction\":[{\"@type\":\"SearchAction\",\"target\":{\"@type\":\"EntryPoint\",\"urlTemplate\":\"https:\\\/\\\/italcamara-es.com\\\/?s={search_term_string}\"},\"query-input\":{\"@type\":\"PropertyValueSpecification\",\"valueRequired\":true,\"valueName\":\"search_term_string\"}}],\"inLanguage\":\"it-IT\"},{\"@type\":\"Person\",\"@id\":\"https:\\\/\\\/italcamara-es.com\\\/#\\\/schema\\\/person\\\/bb3c56263e405bbd9a15171dcfee93bb\",\"name\":\"administrador\",\"image\":{\"@type\":\"ImageObject\",\"inLanguage\":\"it-IT\",\"@id\":\"https:\\\/\\\/secure.gravatar.com\\\/avatar\\\/14b5e63db38320b12031bb28cf9f77e210aa71fb3a8a3602a3c9a05134fa75eb?s=96&d=mm&r=g\",\"url\":\"https:\\\/\\\/secure.gravatar.com\\\/avatar\\\/14b5e63db38320b12031bb28cf9f77e210aa71fb3a8a3602a3c9a05134fa75eb?s=96&d=mm&r=g\",\"contentUrl\":\"https:\\\/\\\/secure.gravatar.com\\\/avatar\\\/14b5e63db38320b12031bb28cf9f77e210aa71fb3a8a3602a3c9a05134fa75eb?s=96&d=mm&r=g\",\"caption\":\"administrador\"},\"sameAs\":[\"http:\\\/\\\/pre.italcamara-es.com\"],\"url\":\"https:\\\/\\\/italcamara-es.com\\\/it\\\/author\\\/administrador\\\/\"}]}<\/script>\n<!-- \/ Yoast SEO plugin. -->","yoast_head_json":{"title":"La gastronomia italiana grande protagonista al Sal\u00f3n de Gourmets 2023 di Madrid (17-20 aprile) - Italcamara","robots":{"index":"index","follow":"follow","max-snippet":"max-snippet:-1","max-image-preview":"max-image-preview:large","max-video-preview":"max-video-preview:-1"},"canonical":"https:\/\/italcamara-es.com\/noticias\/la-gastronomia-de-italia-gran-protagonista-en-el-salon-de-gourmets-2023-de-madrid-17-20-de-abril\/","og_locale":"it_IT","og_type":"article","og_title":"La gastronomia italiana grande protagonista al Sal\u00f3n de Gourmets 2023 di Madrid (17-20 aprile) - Italcamara","og_description":"Mancano pochi giorni all\u2019inaugurazione della 36\u00aa edizione del Sal\u00f3n de Gourmets di Madrid, la principale fiera in Spagna dedicata alla gastronomia di qualit\u00e0. L\u2019evento, che si svolge annualmente dal 1987, sar\u00e0 ospitato presso il quartiere fieristico IFEMA dal luned\u00ec 17 al gioved\u00ec 20 aprile e si rivolge ai professionisti locali e internazionali della ristorazione, della [&hellip;]","og_url":"https:\/\/italcamara-es.com\/noticias\/la-gastronomia-de-italia-gran-protagonista-en-el-salon-de-gourmets-2023-de-madrid-17-20-de-abril\/","og_site_name":"Italcamara","article_published_time":"2023-04-12T09:58:00+00:00","og_image":[{"width":500,"height":280,"url":"https:\/\/italcamara-es.com\/wp-content\/uploads\/2025\/03\/Area-Italia-imagen-logo-1.jpg","type":"image\/jpeg"}],"author":"administrador","twitter_card":"summary_large_image","twitter_misc":{"Scritto da":"administrador","Tempo di lettura stimato":"2 minuti"},"schema":{"@context":"https:\/\/schema.org","@graph":[{"@type":"Article","@id":"https:\/\/italcamara-es.com\/noticias\/la-gastronomia-de-italia-gran-protagonista-en-el-salon-de-gourmets-2023-de-madrid-17-20-de-abril\/#article","isPartOf":{"@id":"https:\/\/italcamara-es.com\/noticias\/la-gastronomia-de-italia-gran-protagonista-en-el-salon-de-gourmets-2023-de-madrid-17-20-de-abril\/"},"author":{"name":"administrador","@id":"https:\/\/italcamara-es.com\/#\/schema\/person\/bb3c56263e405bbd9a15171dcfee93bb"},"headline":"La gastronomia italiana grande protagonista al Sal\u00f3n de Gourmets 2023 di Madrid (17-20 aprile)","datePublished":"2023-04-12T09:58:00+00:00","mainEntityOfPage":{"@id":"https:\/\/italcamara-es.com\/noticias\/la-gastronomia-de-italia-gran-protagonista-en-el-salon-de-gourmets-2023-de-madrid-17-20-de-abril\/"},"wordCount":473,"commentCount":0,"image":{"@id":"https:\/\/italcamara-es.com\/noticias\/la-gastronomia-de-italia-gran-protagonista-en-el-salon-de-gourmets-2023-de-madrid-17-20-de-abril\/#primaryimage"},"thumbnailUrl":"https:\/\/italcamara-es.com\/wp-content\/uploads\/2025\/03\/Area-Italia-imagen-logo-1.jpg","keywords":["Notizie di la CCIS"],"articleSection":["Notizie"],"inLanguage":"it-IT","potentialAction":[{"@type":"CommentAction","name":"Comment","target":["https:\/\/italcamara-es.com\/noticias\/la-gastronomia-de-italia-gran-protagonista-en-el-salon-de-gourmets-2023-de-madrid-17-20-de-abril\/#respond"]}]},{"@type":"WebPage","@id":"https:\/\/italcamara-es.com\/noticias\/la-gastronomia-de-italia-gran-protagonista-en-el-salon-de-gourmets-2023-de-madrid-17-20-de-abril\/","url":"https:\/\/italcamara-es.com\/noticias\/la-gastronomia-de-italia-gran-protagonista-en-el-salon-de-gourmets-2023-de-madrid-17-20-de-abril\/","name":"La gastronomia italiana grande protagonista al Sal\u00f3n de Gourmets 2023 di Madrid (17-20 aprile) - Italcamara","isPartOf":{"@id":"https:\/\/italcamara-es.com\/#website"},"primaryImageOfPage":{"@id":"https:\/\/italcamara-es.com\/noticias\/la-gastronomia-de-italia-gran-protagonista-en-el-salon-de-gourmets-2023-de-madrid-17-20-de-abril\/#primaryimage"},"image":{"@id":"https:\/\/italcamara-es.com\/noticias\/la-gastronomia-de-italia-gran-protagonista-en-el-salon-de-gourmets-2023-de-madrid-17-20-de-abril\/#primaryimage"},"thumbnailUrl":"https:\/\/italcamara-es.com\/wp-content\/uploads\/2025\/03\/Area-Italia-imagen-logo-1.jpg","datePublished":"2023-04-12T09:58:00+00:00","author":{"@id":"https:\/\/italcamara-es.com\/#\/schema\/person\/bb3c56263e405bbd9a15171dcfee93bb"},"breadcrumb":{"@id":"https:\/\/italcamara-es.com\/noticias\/la-gastronomia-de-italia-gran-protagonista-en-el-salon-de-gourmets-2023-de-madrid-17-20-de-abril\/#breadcrumb"},"inLanguage":"it-IT","potentialAction":[{"@type":"ReadAction","target":["https:\/\/italcamara-es.com\/noticias\/la-gastronomia-de-italia-gran-protagonista-en-el-salon-de-gourmets-2023-de-madrid-17-20-de-abril\/"]}]},{"@type":"ImageObject","inLanguage":"it-IT","@id":"https:\/\/italcamara-es.com\/noticias\/la-gastronomia-de-italia-gran-protagonista-en-el-salon-de-gourmets-2023-de-madrid-17-20-de-abril\/#primaryimage","url":"https:\/\/italcamara-es.com\/wp-content\/uploads\/2025\/03\/Area-Italia-imagen-logo-1.jpg","contentUrl":"https:\/\/italcamara-es.com\/wp-content\/uploads\/2025\/03\/Area-Italia-imagen-logo-1.jpg","width":500,"height":280},{"@type":"BreadcrumbList","@id":"https:\/\/italcamara-es.com\/noticias\/la-gastronomia-de-italia-gran-protagonista-en-el-salon-de-gourmets-2023-de-madrid-17-20-de-abril\/#breadcrumb","itemListElement":[{"@type":"ListItem","position":1,"name":"Inicio","item":"https:\/\/italcamara-es.com\/it\/homepage-ita\/"},{"@type":"ListItem","position":2,"name":"La gastronomia italiana grande protagonista al Sal\u00f3n de Gourmets 2023 di Madrid (17-20 aprile)"}]},{"@type":"WebSite","@id":"https:\/\/italcamara-es.com\/#website","url":"https:\/\/italcamara-es.com\/","name":"Italcamara","description":"","potentialAction":[{"@type":"SearchAction","target":{"@type":"EntryPoint","urlTemplate":"https:\/\/italcamara-es.com\/?s={search_term_string}"},"query-input":{"@type":"PropertyValueSpecification","valueRequired":true,"valueName":"search_term_string"}}],"inLanguage":"it-IT"},{"@type":"Person","@id":"https:\/\/italcamara-es.com\/#\/schema\/person\/bb3c56263e405bbd9a15171dcfee93bb","name":"administrador","image":{"@type":"ImageObject","inLanguage":"it-IT","@id":"https:\/\/secure.gravatar.com\/avatar\/14b5e63db38320b12031bb28cf9f77e210aa71fb3a8a3602a3c9a05134fa75eb?s=96&d=mm&r=g","url":"https:\/\/secure.gravatar.com\/avatar\/14b5e63db38320b12031bb28cf9f77e210aa71fb3a8a3602a3c9a05134fa75eb?s=96&d=mm&r=g","contentUrl":"https:\/\/secure.gravatar.com\/avatar\/14b5e63db38320b12031bb28cf9f77e210aa71fb3a8a3602a3c9a05134fa75eb?s=96&d=mm&r=g","caption":"administrador"},"sameAs":["http:\/\/pre.italcamara-es.com"],"url":"https:\/\/italcamara-es.com\/it\/author\/administrador\/"}]}},"rttpg_featured_image_url":{"full":["https:\/\/italcamara-es.com\/wp-content\/uploads\/2025\/03\/Area-Italia-imagen-logo-1.jpg",500,280,false],"landscape":["https:\/\/italcamara-es.com\/wp-content\/uploads\/2025\/03\/Area-Italia-imagen-logo-1.jpg",500,280,false],"portraits":["https:\/\/italcamara-es.com\/wp-content\/uploads\/2025\/03\/Area-Italia-imagen-logo-1.jpg",500,280,false],"thumbnail":["https:\/\/italcamara-es.com\/wp-content\/uploads\/2025\/03\/Area-Italia-imagen-logo-1-150x150.jpg",150,150,true],"medium":["https:\/\/italcamara-es.com\/wp-content\/uploads\/2025\/03\/Area-Italia-imagen-logo-1-300x168.jpg",300,168,true],"large":["https:\/\/italcamara-es.com\/wp-content\/uploads\/2025\/03\/Area-Italia-imagen-logo-1.jpg",500,280,false],"1536x1536":["https:\/\/italcamara-es.com\/wp-content\/uploads\/2025\/03\/Area-Italia-imagen-logo-1.jpg",500,280,false],"2048x2048":["https:\/\/italcamara-es.com\/wp-content\/uploads\/2025\/03\/Area-Italia-imagen-logo-1.jpg",500,280,false],"ocean-thumb-m":["https:\/\/italcamara-es.com\/wp-content\/uploads\/2025\/03\/Area-Italia-imagen-logo-1.jpg",500,280,false],"ocean-thumb-ml":["https:\/\/italcamara-es.com\/wp-content\/uploads\/2025\/03\/Area-Italia-imagen-logo-1.jpg",500,280,false],"ocean-thumb-l":["https:\/\/italcamara-es.com\/wp-content\/uploads\/2025\/03\/Area-Italia-imagen-logo-1.jpg",500,280,false],"directorist_preview":["https:\/\/italcamara-es.com\/wp-content\/uploads\/2025\/03\/Area-Italia-imagen-logo-1.jpg",500,280,false]},"rttpg_author":{"display_name":"administrador","author_link":"https:\/\/italcamara-es.com\/it\/author\/administrador\/"},"rttpg_comment":0,"rttpg_category":"<a href=\"https:\/\/italcamara-es.com\/it\/category\/notizie\/\" rel=\"category tag\">Notizie<\/a>","rttpg_excerpt":"Mancano pochi giorni all\u2019inaugurazione della 36\u00aa edizione del Sal\u00f3n de Gourmets di Madrid, la principale fiera in Spagna dedicata alla gastronomia di qualit\u00e0. L\u2019evento, che si svolge annualmente dal 1987, sar\u00e0 ospitato presso il quartiere fieristico IFEMA dal luned\u00ec 17 al gioved\u00ec 20 aprile e si rivolge ai professionisti locali e internazionali della ristorazione, della&hellip;","_links":{"self":[{"href":"https:\/\/italcamara-es.com\/it\/wp-json\/wp\/v2\/posts\/56366","targetHints":{"allow":["GET"]}}],"collection":[{"href":"https:\/\/italcamara-es.com\/it\/wp-json\/wp\/v2\/posts"}],"about":[{"href":"https:\/\/italcamara-es.com\/it\/wp-json\/wp\/v2\/types\/post"}],"author":[{"embeddable":true,"href":"https:\/\/italcamara-es.com\/it\/wp-json\/wp\/v2\/users\/1"}],"replies":[{"embeddable":true,"href":"https:\/\/italcamara-es.com\/it\/wp-json\/wp\/v2\/comments?post=56366"}],"version-history":[{"count":0,"href":"https:\/\/italcamara-es.com\/it\/wp-json\/wp\/v2\/posts\/56366\/revisions"}],"wp:featuredmedia":[{"embeddable":true,"href":"https:\/\/italcamara-es.com\/it\/wp-json\/wp\/v2\/media\/56367"}],"wp:attachment":[{"href":"https:\/\/italcamara-es.com\/it\/wp-json\/wp\/v2\/media?parent=56366"}],"wp:term":[{"taxonomy":"category","embeddable":true,"href":"https:\/\/italcamara-es.com\/it\/wp-json\/wp\/v2\/categories?post=56366"},{"taxonomy":"post_tag","embeddable":true,"href":"https:\/\/italcamara-es.com\/it\/wp-json\/wp\/v2\/tags?post=56366"}],"curies":[{"name":"wp","href":"https:\/\/api.w.org\/{rel}","templated":true}]}}