	{"id":56369,"date":"2023-04-13T11:04:00","date_gmt":"2023-04-13T09:04:00","guid":{"rendered":"http:\/\/pre.italcamara-es.com\/senza-categoria\/ha-preso-avvio-in-emilia-romagna-il-roadshow-fondi-export\/"},"modified":"2025-03-30T14:06:31","modified_gmt":"2025-03-30T12:06:31","slug":"ha-preso-avvio-in-emilia-romagna-il-roadshow-fondi-export","status":"publish","type":"post","link":"https:\/\/italcamara-es.com\/it\/notizie\/ha-preso-avvio-in-emilia-romagna-il-roadshow-fondi-export\/","title":{"rendered":"Ha preso avvio in Emilia Romagna il Roadshow Fondi Export"},"content":{"rendered":"\n<p>Nel mese di aprile ha preso avvio il <strong>Roadshow Fondi Export in Italia<\/strong>, una serie di eventi promozionali promossi dal network delle <strong>30 Camere di Commercio Italiane all\u2019Estero<\/strong> aderenti al progetto digitale Fondi Export, coordinati dalla Camera di Commercio Italo-Maltese e realizzati in collaborazione con differenti partner istituzionali e soggetti deputati all\u2019internazionalizzazione sui mercati esteri.<\/p>\n\n\n\n<p>La prima tappa si \u00e8 svolta in Emilia Romagna il <strong>12 aprile 2023<\/strong> in formula di webinar con la partecipazione della <strong>Regione Emilia Romagna&nbsp; &#8211; <\/strong>Settore \u201c<em>Internazionalizzazione, Attrattivit\u00e0 e Ricerca<\/em>\u201d, e ha avuto il triplice obiettivo di informare le PMI, i consorzi, le reti di imprese, le no profit, le Associazioni di categoria, le startups del territorio emiliano romagnolo sulle azioni e gli strumenti finanziari della Regione Emilia Romagna a sostegno dell\u2019export e dell\u2019internazionalizzazione, presentare il primo portale italiano di matching finanziamenti e attivit\u00e0 <a href=\"https:\/\/fondiexport.it\/cerca-fondi-export\/finanziamenti-export\/1485-regione-valle-d-aosta-bando-contributi-per-l-organizzazione-di-manifestazioni-promozionali.html\">\u201cFondi Export\u201d<\/a> ed illustrare le specifiche attivit\u00e0 estere e i servizi, ammissibili di finanziamento (Fiere, Mostre, B2B, e-commerce, DEM, TEM, digital marketing, ecc), organizzati dalla rete camerale italiana presente nei principali mercati esteri, tra cui la <strong>Spagna<\/strong>.<\/p>\n\n\n\n<p>L\u2019evento \u00e8 stato caratterizzato da un ricco e articolato programma&nbsp;comprensivo di una sessione istituzionale e indirizzi di saluto a cura dei rappresentanti delle Istituzioni regionali e nazionali oltre che del mondo camerale italiano e associativo rappresentante l\u2019interesse delle aziende italiane e di 3 panel tecnici per il dialogo diretto con le PMI.<\/p>\n\n\n\n<p>Tra gli ospiti e relatori vi erano il Presidente di Assocamerestero, <strong>Mario Pozza<\/strong>, la Vice Presidente di Innovacoop e Responsabile promozione cooperativa e relazioni internazionali per Legacoop Emilia-Romagna, <strong>Roberta Trovarelli<\/strong>, il Presidente AICEC, <strong>Giovanni Gerardo Parente<\/strong>, il Responsabile Internazionalizzazione, Settore \u201cAttrattivit\u00e0, Internazionalizzazione e Ricerca\u201d della Regione Emilia-Romagna, <strong>Gian Luca Baldoni, <\/strong>il CEO Search On Media Group e Presidente WMF di Rimini, <strong>Cosmano Lombardo. <\/strong>Inoltre, hanno partecipato <strong>22 Segretari Generali<\/strong> e membri dello staff<strong> <\/strong>delle Camere di Commercio Italiane all\u2019Estero<strong>.<\/strong><\/p>\n\n\n\n<p>I delegati esteri hanno fornito relazioni dettagliate e specifiche tecnico-operative sulle attivit\u00e0 fieristiche e sui servizi di assistenza specialistica di percorsi strutturati per l\u2019internazionalizzazione destinati a supportare la promozione e la valorizzazione del Made in Italy, pianificare la presenza e perfezionare la strategia di internazionalizzazione delle <strong>PMI emiliano-romagnole<\/strong> sui vari mercati europei e extra europei.<\/p>\n\n\n\n<p>In particolare, la <strong>Camera di Commercio e Industria Italiana per la Spagna (CCIS)<\/strong>, insieme alla Camera Italiana di Barcellona, ha presentato le principali fiere internazionali nel territorio iberico nell&#8217;ambito delle quali vengono gestite aree espositive dedicate alle aziende italiane. Tra queste vanno menzionate la <a href=\"https:\/\/www.alimentaria.com\/\" target=\"_blank\" rel=\"noopener\">fiera Alimentaria<\/a> di Barcellona, il <a href=\"https:\/\/www.gourmets.net\/salon-gourmets\" target=\"_blank\" rel=\"noopener\">Sal\u00f3n de Gourmets<\/a> di Madrid (settore agroalimentare), <a href=\"https:\/\/www.expohip.com\/\" target=\"_blank\" rel=\"noopener\">Hospitality Innovation Planet<\/a> (industria e servizi legati al canale Ho.Re.Ca.) e <a href=\"https:\/\/www.pickpackexpo.com\/\" target=\"_blank\" rel=\"noopener\">Pick&amp;Pack<\/a> Expo (logistica e packaging).<\/p>\n\n\n\n<p>La prossima tappa del Roadshow toccher\u00e0 le Marche e si svolger\u00e0 sempre via webinar gioved\u00ec 11 maggio 2023. Sul sito della CCIS verr\u00e0 pubblicato l&#8217;orario e il link per l&#8217;iscrizione.<\/p>\n\n\n\n<p> <\/p>\n\n\n\n<p><\/p>\n","protected":false},"excerpt":{"rendered":"<p>Nel mese di aprile ha preso avvio il Roadshow Fondi Export in Italia, una serie di eventi promozionali promossi dal network delle 30 Camere di Commercio Italiane all\u2019Estero aderenti al progetto digitale Fondi Export, coordinati dalla Camera di Commercio Italo-Maltese e realizzati in collaborazione con differenti partner istituzionali e soggetti deputati all\u2019internazionalizzazione sui mercati esteri. [&hellip;]<\/p>\n","protected":false},"author":1,"featured_media":53996,"comment_status":"open","ping_status":"open","sticky":false,"template":"","format":"standard","meta":{"inline_featured_image":false,"ocean_post_layout":"","ocean_both_sidebars_style":"","ocean_both_sidebars_content_width":0,"ocean_both_sidebars_sidebars_width":0,"ocean_sidebar":"","ocean_second_sidebar":"","ocean_disable_margins":"enable","ocean_add_body_class":"","ocean_shortcode_before_top_bar":"","ocean_shortcode_after_top_bar":"","ocean_shortcode_before_header":"","ocean_shortcode_after_header":"","ocean_has_shortcode":"","ocean_shortcode_after_title":"","ocean_shortcode_before_footer_widgets":"","ocean_shortcode_after_footer_widgets":"","ocean_shortcode_before_footer_bottom":"","ocean_shortcode_after_footer_bottom":"","ocean_display_top_bar":"default","ocean_display_header":"default","ocean_header_style":"","ocean_center_header_left_menu":"","ocean_custom_header_template":"","ocean_custom_logo":0,"ocean_custom_retina_logo":0,"ocean_custom_logo_max_width":0,"ocean_custom_logo_tablet_max_width":0,"ocean_custom_logo_mobile_max_width":0,"ocean_custom_logo_max_height":0,"ocean_custom_logo_tablet_max_height":0,"ocean_custom_logo_mobile_max_height":0,"ocean_header_custom_menu":"","ocean_menu_typo_font_family":"","ocean_menu_typo_font_subset":"","ocean_menu_typo_font_size":0,"ocean_menu_typo_font_size_tablet":0,"ocean_menu_typo_font_size_mobile":0,"ocean_menu_typo_font_size_unit":"px","ocean_menu_typo_font_weight":"","ocean_menu_typo_font_weight_tablet":"","ocean_menu_typo_font_weight_mobile":"","ocean_menu_typo_transform":"","ocean_menu_typo_transform_tablet":"","ocean_menu_typo_transform_mobile":"","ocean_menu_typo_line_height":0,"ocean_menu_typo_line_height_tablet":0,"ocean_menu_typo_line_height_mobile":0,"ocean_menu_typo_line_height_unit":"","ocean_menu_typo_spacing":0,"ocean_menu_typo_spacing_tablet":0,"ocean_menu_typo_spacing_mobile":0,"ocean_menu_typo_spacing_unit":"","ocean_menu_link_color":"","ocean_menu_link_color_hover":"","ocean_menu_link_color_active":"","ocean_menu_link_background":"","ocean_menu_link_hover_background":"","ocean_menu_link_active_background":"","ocean_menu_social_links_bg":"","ocean_menu_social_hover_links_bg":"","ocean_menu_social_links_color":"","ocean_menu_social_hover_links_color":"","ocean_disable_title":"default","ocean_disable_heading":"default","ocean_post_title":"","ocean_post_subheading":"","ocean_post_title_style":"","ocean_post_title_background_color":"","ocean_post_title_background":0,"ocean_post_title_bg_image_position":"","ocean_post_title_bg_image_attachment":"","ocean_post_title_bg_image_repeat":"","ocean_post_title_bg_image_size":"","ocean_post_title_height":0,"ocean_post_title_bg_overlay":0.5,"ocean_post_title_bg_overlay_color":"","ocean_disable_breadcrumbs":"default","ocean_breadcrumbs_color":"","ocean_breadcrumbs_separator_color":"","ocean_breadcrumbs_links_color":"","ocean_breadcrumbs_links_hover_color":"","ocean_display_footer_widgets":"default","ocean_display_footer_bottom":"default","ocean_custom_footer_template":"","ocean_post_oembed":"","ocean_post_self_hosted_media":"","ocean_post_video_embed":"","ocean_link_format":"","ocean_link_format_target":"self","ocean_quote_format":"","ocean_quote_format_link":"post","ocean_gallery_link_images":"on","ocean_gallery_id":[],"footnotes":""},"categories":[133],"tags":[139,138],"class_list":["post-56369","post","type-post","status-publish","format-standard","has-post-thumbnail","hentry","category-notizie","tag-notizie-di-la-ccis","tag-notizie-di-mercato","entry","has-media"],"yoast_head":"<!-- This site is optimized with the Yoast SEO plugin v27.4 - https:\/\/yoast.com\/product\/yoast-seo-wordpress\/ -->\n<title>Ha preso avvio in Emilia Romagna il Roadshow Fondi Export - Italcamara<\/title>\n<meta name=\"robots\" content=\"index, follow, max-snippet:-1, max-image-preview:large, max-video-preview:-1\" \/>\n<link rel=\"canonical\" href=\"https:\/\/italcamara-es.com\/noticias\/exito-de-la-primera-etapa-del-road-show-fondi-export-en-emilia-romana\/\" \/>\n<meta property=\"og:locale\" content=\"it_IT\" \/>\n<meta property=\"og:type\" content=\"article\" \/>\n<meta property=\"og:title\" content=\"Ha preso avvio in Emilia Romagna il Roadshow Fondi Export - Italcamara\" \/>\n<meta property=\"og:description\" content=\"Nel mese di aprile ha preso avvio il Roadshow Fondi Export in Italia, una serie di eventi promozionali promossi dal network delle 30 Camere di Commercio Italiane all\u2019Estero aderenti al progetto digitale Fondi Export, coordinati dalla Camera di Commercio Italo-Maltese e realizzati in collaborazione con differenti partner istituzionali e soggetti deputati all\u2019internazionalizzazione sui mercati esteri. [&hellip;]\" \/>\n<meta property=\"og:url\" content=\"https:\/\/italcamara-es.com\/noticias\/exito-de-la-primera-etapa-del-road-show-fondi-export-en-emilia-romana\/\" \/>\n<meta property=\"og:site_name\" content=\"Italcamara\" \/>\n<meta property=\"article:published_time\" content=\"2023-04-13T09:04:00+00:00\" \/>\n<meta property=\"article:modified_time\" content=\"2025-03-30T12:06:31+00:00\" \/>\n<meta property=\"og:image\" content=\"https:\/\/italcamara-es.com\/wp-content\/uploads\/2025\/03\/fondi-export-500.jpg\" \/>\n\t<meta property=\"og:image:width\" content=\"500\" \/>\n\t<meta property=\"og:image:height\" content=\"280\" \/>\n\t<meta property=\"og:image:type\" content=\"image\/jpeg\" \/>\n<meta name=\"author\" content=\"administrador\" \/>\n<meta name=\"twitter:card\" content=\"summary_large_image\" \/>\n<meta name=\"twitter:label1\" content=\"Scritto da\" \/>\n\t<meta name=\"twitter:data1\" content=\"administrador\" \/>\n\t<meta name=\"twitter:label2\" content=\"Tempo di lettura stimato\" \/>\n\t<meta name=\"twitter:data2\" content=\"2 minuti\" \/>\n<script type=\"application\/ld+json\" class=\"yoast-schema-graph\">{\"@context\":\"https:\\\/\\\/schema.org\",\"@graph\":[{\"@type\":\"Article\",\"@id\":\"https:\\\/\\\/italcamara-es.com\\\/noticias\\\/exito-de-la-primera-etapa-del-road-show-fondi-export-en-emilia-romana\\\/#article\",\"isPartOf\":{\"@id\":\"https:\\\/\\\/italcamara-es.com\\\/noticias\\\/exito-de-la-primera-etapa-del-road-show-fondi-export-en-emilia-romana\\\/\"},\"author\":{\"name\":\"administrador\",\"@id\":\"https:\\\/\\\/italcamara-es.com\\\/#\\\/schema\\\/person\\\/bb3c56263e405bbd9a15171dcfee93bb\"},\"headline\":\"Ha preso avvio in Emilia Romagna il Roadshow Fondi Export\",\"datePublished\":\"2023-04-13T09:04:00+00:00\",\"dateModified\":\"2025-03-30T12:06:31+00:00\",\"mainEntityOfPage\":{\"@id\":\"https:\\\/\\\/italcamara-es.com\\\/noticias\\\/exito-de-la-primera-etapa-del-road-show-fondi-export-en-emilia-romana\\\/\"},\"wordCount\":485,\"commentCount\":0,\"image\":{\"@id\":\"https:\\\/\\\/italcamara-es.com\\\/noticias\\\/exito-de-la-primera-etapa-del-road-show-fondi-export-en-emilia-romana\\\/#primaryimage\"},\"thumbnailUrl\":\"https:\\\/\\\/italcamara-es.com\\\/wp-content\\\/uploads\\\/2025\\\/03\\\/fondi-export-500.jpg\",\"keywords\":[\"Notizie di la CCIS\",\"Notizie di Mercato\"],\"articleSection\":[\"Notizie\"],\"inLanguage\":\"it-IT\",\"potentialAction\":[{\"@type\":\"CommentAction\",\"name\":\"Comment\",\"target\":[\"https:\\\/\\\/italcamara-es.com\\\/noticias\\\/exito-de-la-primera-etapa-del-road-show-fondi-export-en-emilia-romana\\\/#respond\"]}]},{\"@type\":\"WebPage\",\"@id\":\"https:\\\/\\\/italcamara-es.com\\\/noticias\\\/exito-de-la-primera-etapa-del-road-show-fondi-export-en-emilia-romana\\\/\",\"url\":\"https:\\\/\\\/italcamara-es.com\\\/noticias\\\/exito-de-la-primera-etapa-del-road-show-fondi-export-en-emilia-romana\\\/\",\"name\":\"Ha preso avvio in Emilia Romagna il Roadshow Fondi Export - Italcamara\",\"isPartOf\":{\"@id\":\"https:\\\/\\\/italcamara-es.com\\\/#website\"},\"primaryImageOfPage\":{\"@id\":\"https:\\\/\\\/italcamara-es.com\\\/noticias\\\/exito-de-la-primera-etapa-del-road-show-fondi-export-en-emilia-romana\\\/#primaryimage\"},\"image\":{\"@id\":\"https:\\\/\\\/italcamara-es.com\\\/noticias\\\/exito-de-la-primera-etapa-del-road-show-fondi-export-en-emilia-romana\\\/#primaryimage\"},\"thumbnailUrl\":\"https:\\\/\\\/italcamara-es.com\\\/wp-content\\\/uploads\\\/2025\\\/03\\\/fondi-export-500.jpg\",\"datePublished\":\"2023-04-13T09:04:00+00:00\",\"dateModified\":\"2025-03-30T12:06:31+00:00\",\"author\":{\"@id\":\"https:\\\/\\\/italcamara-es.com\\\/#\\\/schema\\\/person\\\/bb3c56263e405bbd9a15171dcfee93bb\"},\"breadcrumb\":{\"@id\":\"https:\\\/\\\/italcamara-es.com\\\/noticias\\\/exito-de-la-primera-etapa-del-road-show-fondi-export-en-emilia-romana\\\/#breadcrumb\"},\"inLanguage\":\"it-IT\",\"potentialAction\":[{\"@type\":\"ReadAction\",\"target\":[\"https:\\\/\\\/italcamara-es.com\\\/noticias\\\/exito-de-la-primera-etapa-del-road-show-fondi-export-en-emilia-romana\\\/\"]}]},{\"@type\":\"ImageObject\",\"inLanguage\":\"it-IT\",\"@id\":\"https:\\\/\\\/italcamara-es.com\\\/noticias\\\/exito-de-la-primera-etapa-del-road-show-fondi-export-en-emilia-romana\\\/#primaryimage\",\"url\":\"https:\\\/\\\/italcamara-es.com\\\/wp-content\\\/uploads\\\/2025\\\/03\\\/fondi-export-500.jpg\",\"contentUrl\":\"https:\\\/\\\/italcamara-es.com\\\/wp-content\\\/uploads\\\/2025\\\/03\\\/fondi-export-500.jpg\",\"width\":500,\"height\":280},{\"@type\":\"BreadcrumbList\",\"@id\":\"https:\\\/\\\/italcamara-es.com\\\/noticias\\\/exito-de-la-primera-etapa-del-road-show-fondi-export-en-emilia-romana\\\/#breadcrumb\",\"itemListElement\":[{\"@type\":\"ListItem\",\"position\":1,\"name\":\"Inicio\",\"item\":\"https:\\\/\\\/italcamara-es.com\\\/it\\\/homepage-ita\\\/\"},{\"@type\":\"ListItem\",\"position\":2,\"name\":\"Ha preso avvio in Emilia Romagna il Roadshow Fondi Export\"}]},{\"@type\":\"WebSite\",\"@id\":\"https:\\\/\\\/italcamara-es.com\\\/#website\",\"url\":\"https:\\\/\\\/italcamara-es.com\\\/\",\"name\":\"Italcamara\",\"description\":\"\",\"potentialAction\":[{\"@type\":\"SearchAction\",\"target\":{\"@type\":\"EntryPoint\",\"urlTemplate\":\"https:\\\/\\\/italcamara-es.com\\\/?s={search_term_string}\"},\"query-input\":{\"@type\":\"PropertyValueSpecification\",\"valueRequired\":true,\"valueName\":\"search_term_string\"}}],\"inLanguage\":\"it-IT\"},{\"@type\":\"Person\",\"@id\":\"https:\\\/\\\/italcamara-es.com\\\/#\\\/schema\\\/person\\\/bb3c56263e405bbd9a15171dcfee93bb\",\"name\":\"administrador\",\"image\":{\"@type\":\"ImageObject\",\"inLanguage\":\"it-IT\",\"@id\":\"https:\\\/\\\/secure.gravatar.com\\\/avatar\\\/14b5e63db38320b12031bb28cf9f77e210aa71fb3a8a3602a3c9a05134fa75eb?s=96&d=mm&r=g\",\"url\":\"https:\\\/\\\/secure.gravatar.com\\\/avatar\\\/14b5e63db38320b12031bb28cf9f77e210aa71fb3a8a3602a3c9a05134fa75eb?s=96&d=mm&r=g\",\"contentUrl\":\"https:\\\/\\\/secure.gravatar.com\\\/avatar\\\/14b5e63db38320b12031bb28cf9f77e210aa71fb3a8a3602a3c9a05134fa75eb?s=96&d=mm&r=g\",\"caption\":\"administrador\"},\"sameAs\":[\"http:\\\/\\\/pre.italcamara-es.com\"],\"url\":\"https:\\\/\\\/italcamara-es.com\\\/it\\\/author\\\/administrador\\\/\"}]}<\/script>\n<!-- \/ Yoast SEO plugin. -->","yoast_head_json":{"title":"Ha preso avvio in Emilia Romagna il Roadshow Fondi Export - Italcamara","robots":{"index":"index","follow":"follow","max-snippet":"max-snippet:-1","max-image-preview":"max-image-preview:large","max-video-preview":"max-video-preview:-1"},"canonical":"https:\/\/italcamara-es.com\/noticias\/exito-de-la-primera-etapa-del-road-show-fondi-export-en-emilia-romana\/","og_locale":"it_IT","og_type":"article","og_title":"Ha preso avvio in Emilia Romagna il Roadshow Fondi Export - Italcamara","og_description":"Nel mese di aprile ha preso avvio il Roadshow Fondi Export in Italia, una serie di eventi promozionali promossi dal network delle 30 Camere di Commercio Italiane all\u2019Estero aderenti al progetto digitale Fondi Export, coordinati dalla Camera di Commercio Italo-Maltese e realizzati in collaborazione con differenti partner istituzionali e soggetti deputati all\u2019internazionalizzazione sui mercati esteri. [&hellip;]","og_url":"https:\/\/italcamara-es.com\/noticias\/exito-de-la-primera-etapa-del-road-show-fondi-export-en-emilia-romana\/","og_site_name":"Italcamara","article_published_time":"2023-04-13T09:04:00+00:00","article_modified_time":"2025-03-30T12:06:31+00:00","og_image":[{"width":500,"height":280,"url":"https:\/\/italcamara-es.com\/wp-content\/uploads\/2025\/03\/fondi-export-500.jpg","type":"image\/jpeg"}],"author":"administrador","twitter_card":"summary_large_image","twitter_misc":{"Scritto da":"administrador","Tempo di lettura stimato":"2 minuti"},"schema":{"@context":"https:\/\/schema.org","@graph":[{"@type":"Article","@id":"https:\/\/italcamara-es.com\/noticias\/exito-de-la-primera-etapa-del-road-show-fondi-export-en-emilia-romana\/#article","isPartOf":{"@id":"https:\/\/italcamara-es.com\/noticias\/exito-de-la-primera-etapa-del-road-show-fondi-export-en-emilia-romana\/"},"author":{"name":"administrador","@id":"https:\/\/italcamara-es.com\/#\/schema\/person\/bb3c56263e405bbd9a15171dcfee93bb"},"headline":"Ha preso avvio in Emilia Romagna il Roadshow Fondi Export","datePublished":"2023-04-13T09:04:00+00:00","dateModified":"2025-03-30T12:06:31+00:00","mainEntityOfPage":{"@id":"https:\/\/italcamara-es.com\/noticias\/exito-de-la-primera-etapa-del-road-show-fondi-export-en-emilia-romana\/"},"wordCount":485,"commentCount":0,"image":{"@id":"https:\/\/italcamara-es.com\/noticias\/exito-de-la-primera-etapa-del-road-show-fondi-export-en-emilia-romana\/#primaryimage"},"thumbnailUrl":"https:\/\/italcamara-es.com\/wp-content\/uploads\/2025\/03\/fondi-export-500.jpg","keywords":["Notizie di la CCIS","Notizie di Mercato"],"articleSection":["Notizie"],"inLanguage":"it-IT","potentialAction":[{"@type":"CommentAction","name":"Comment","target":["https:\/\/italcamara-es.com\/noticias\/exito-de-la-primera-etapa-del-road-show-fondi-export-en-emilia-romana\/#respond"]}]},{"@type":"WebPage","@id":"https:\/\/italcamara-es.com\/noticias\/exito-de-la-primera-etapa-del-road-show-fondi-export-en-emilia-romana\/","url":"https:\/\/italcamara-es.com\/noticias\/exito-de-la-primera-etapa-del-road-show-fondi-export-en-emilia-romana\/","name":"Ha preso avvio in Emilia Romagna il Roadshow Fondi Export - Italcamara","isPartOf":{"@id":"https:\/\/italcamara-es.com\/#website"},"primaryImageOfPage":{"@id":"https:\/\/italcamara-es.com\/noticias\/exito-de-la-primera-etapa-del-road-show-fondi-export-en-emilia-romana\/#primaryimage"},"image":{"@id":"https:\/\/italcamara-es.com\/noticias\/exito-de-la-primera-etapa-del-road-show-fondi-export-en-emilia-romana\/#primaryimage"},"thumbnailUrl":"https:\/\/italcamara-es.com\/wp-content\/uploads\/2025\/03\/fondi-export-500.jpg","datePublished":"2023-04-13T09:04:00+00:00","dateModified":"2025-03-30T12:06:31+00:00","author":{"@id":"https:\/\/italcamara-es.com\/#\/schema\/person\/bb3c56263e405bbd9a15171dcfee93bb"},"breadcrumb":{"@id":"https:\/\/italcamara-es.com\/noticias\/exito-de-la-primera-etapa-del-road-show-fondi-export-en-emilia-romana\/#breadcrumb"},"inLanguage":"it-IT","potentialAction":[{"@type":"ReadAction","target":["https:\/\/italcamara-es.com\/noticias\/exito-de-la-primera-etapa-del-road-show-fondi-export-en-emilia-romana\/"]}]},{"@type":"ImageObject","inLanguage":"it-IT","@id":"https:\/\/italcamara-es.com\/noticias\/exito-de-la-primera-etapa-del-road-show-fondi-export-en-emilia-romana\/#primaryimage","url":"https:\/\/italcamara-es.com\/wp-content\/uploads\/2025\/03\/fondi-export-500.jpg","contentUrl":"https:\/\/italcamara-es.com\/wp-content\/uploads\/2025\/03\/fondi-export-500.jpg","width":500,"height":280},{"@type":"BreadcrumbList","@id":"https:\/\/italcamara-es.com\/noticias\/exito-de-la-primera-etapa-del-road-show-fondi-export-en-emilia-romana\/#breadcrumb","itemListElement":[{"@type":"ListItem","position":1,"name":"Inicio","item":"https:\/\/italcamara-es.com\/it\/homepage-ita\/"},{"@type":"ListItem","position":2,"name":"Ha preso avvio in Emilia Romagna il Roadshow Fondi Export"}]},{"@type":"WebSite","@id":"https:\/\/italcamara-es.com\/#website","url":"https:\/\/italcamara-es.com\/","name":"Italcamara","description":"","potentialAction":[{"@type":"SearchAction","target":{"@type":"EntryPoint","urlTemplate":"https:\/\/italcamara-es.com\/?s={search_term_string}"},"query-input":{"@type":"PropertyValueSpecification","valueRequired":true,"valueName":"search_term_string"}}],"inLanguage":"it-IT"},{"@type":"Person","@id":"https:\/\/italcamara-es.com\/#\/schema\/person\/bb3c56263e405bbd9a15171dcfee93bb","name":"administrador","image":{"@type":"ImageObject","inLanguage":"it-IT","@id":"https:\/\/secure.gravatar.com\/avatar\/14b5e63db38320b12031bb28cf9f77e210aa71fb3a8a3602a3c9a05134fa75eb?s=96&d=mm&r=g","url":"https:\/\/secure.gravatar.com\/avatar\/14b5e63db38320b12031bb28cf9f77e210aa71fb3a8a3602a3c9a05134fa75eb?s=96&d=mm&r=g","contentUrl":"https:\/\/secure.gravatar.com\/avatar\/14b5e63db38320b12031bb28cf9f77e210aa71fb3a8a3602a3c9a05134fa75eb?s=96&d=mm&r=g","caption":"administrador"},"sameAs":["http:\/\/pre.italcamara-es.com"],"url":"https:\/\/italcamara-es.com\/it\/author\/administrador\/"}]}},"rttpg_featured_image_url":{"full":["https:\/\/italcamara-es.com\/wp-content\/uploads\/2025\/03\/fondi-export-500.jpg",500,280,false],"landscape":["https:\/\/italcamara-es.com\/wp-content\/uploads\/2025\/03\/fondi-export-500.jpg",500,280,false],"portraits":["https:\/\/italcamara-es.com\/wp-content\/uploads\/2025\/03\/fondi-export-500.jpg",500,280,false],"thumbnail":["https:\/\/italcamara-es.com\/wp-content\/uploads\/2025\/03\/fondi-export-500-150x150.jpg",150,150,true],"medium":["https:\/\/italcamara-es.com\/wp-content\/uploads\/2025\/03\/fondi-export-500-300x168.jpg",300,168,true],"large":["https:\/\/italcamara-es.com\/wp-content\/uploads\/2025\/03\/fondi-export-500.jpg",500,280,false],"1536x1536":["https:\/\/italcamara-es.com\/wp-content\/uploads\/2025\/03\/fondi-export-500.jpg",500,280,false],"2048x2048":["https:\/\/italcamara-es.com\/wp-content\/uploads\/2025\/03\/fondi-export-500.jpg",500,280,false],"ocean-thumb-m":["https:\/\/italcamara-es.com\/wp-content\/uploads\/2025\/03\/fondi-export-500.jpg",500,280,false],"ocean-thumb-ml":["https:\/\/italcamara-es.com\/wp-content\/uploads\/2025\/03\/fondi-export-500.jpg",500,280,false],"ocean-thumb-l":["https:\/\/italcamara-es.com\/wp-content\/uploads\/2025\/03\/fondi-export-500.jpg",500,280,false],"directorist_preview":["https:\/\/italcamara-es.com\/wp-content\/uploads\/2025\/03\/fondi-export-500.jpg",500,280,false]},"rttpg_author":{"display_name":"administrador","author_link":"https:\/\/italcamara-es.com\/it\/author\/administrador\/"},"rttpg_comment":0,"rttpg_category":"<a href=\"https:\/\/italcamara-es.com\/it\/category\/notizie\/\" rel=\"category tag\">Notizie<\/a>","rttpg_excerpt":"Nel mese di aprile ha preso avvio il Roadshow Fondi Export in Italia, una serie di eventi promozionali promossi dal network delle 30 Camere di Commercio Italiane all\u2019Estero aderenti al progetto digitale Fondi Export, coordinati dalla Camera di Commercio Italo-Maltese e realizzati in collaborazione con differenti partner istituzionali e soggetti deputati all\u2019internazionalizzazione sui mercati esteri.&hellip;","_links":{"self":[{"href":"https:\/\/italcamara-es.com\/it\/wp-json\/wp\/v2\/posts\/56369","targetHints":{"allow":["GET"]}}],"collection":[{"href":"https:\/\/italcamara-es.com\/it\/wp-json\/wp\/v2\/posts"}],"about":[{"href":"https:\/\/italcamara-es.com\/it\/wp-json\/wp\/v2\/types\/post"}],"author":[{"embeddable":true,"href":"https:\/\/italcamara-es.com\/it\/wp-json\/wp\/v2\/users\/1"}],"replies":[{"embeddable":true,"href":"https:\/\/italcamara-es.com\/it\/wp-json\/wp\/v2\/comments?post=56369"}],"version-history":[{"count":1,"href":"https:\/\/italcamara-es.com\/it\/wp-json\/wp\/v2\/posts\/56369\/revisions"}],"predecessor-version":[{"id":57150,"href":"https:\/\/italcamara-es.com\/it\/wp-json\/wp\/v2\/posts\/56369\/revisions\/57150"}],"wp:featuredmedia":[{"embeddable":true,"href":"https:\/\/italcamara-es.com\/it\/wp-json\/wp\/v2\/media\/53996"}],"wp:attachment":[{"href":"https:\/\/italcamara-es.com\/it\/wp-json\/wp\/v2\/media?parent=56369"}],"wp:term":[{"taxonomy":"category","embeddable":true,"href":"https:\/\/italcamara-es.com\/it\/wp-json\/wp\/v2\/categories?post=56369"},{"taxonomy":"post_tag","embeddable":true,"href":"https:\/\/italcamara-es.com\/it\/wp-json\/wp\/v2\/tags?post=56369"}],"curies":[{"name":"wp","href":"https:\/\/api.w.org\/{rel}","templated":true}]}}