	{"id":56374,"date":"1970-01-01T00:00:00","date_gmt":"1969-12-31T23:00:00","guid":{"rendered":"http:\/\/pre.italcamara-es.com\/senza-categoria\/il-successo-dellarea-italia-in-unedizione-da-record-del-salon-de-gourmets\/"},"modified":"1970-01-01T00:00:00","modified_gmt":"1969-12-31T23:00:00","slug":"il-successo-dellarea-italia-in-unedizione-da-record-del-salon-de-gourmets","status":"publish","type":"post","link":"https:\/\/italcamara-es.com\/it\/notizie\/il-successo-dellarea-italia-in-unedizione-da-record-del-salon-de-gourmets\/","title":{"rendered":"IL SUCCESSO DELL\u2019AREA ITALIA IN UN\u2019EDIZIONE DA RECORD DEL SAL\u00d3N DE GOURMETS"},"content":{"rendered":"\n<p>La 36\u00aa edizione del <strong>Sal\u00f3n de Gourmets di Madrid<\/strong>, la principale fiera in Spagna dedicata alla gastronomia di qualit\u00e0, si \u00e8 rivelata un incredibile successo, tanto da essere considerata dai suoi organizzatori <strong>la migliore edizione della sua decennale storia<\/strong>.<\/p>\n\n\n\n<p>Il Sal\u00f3n de Gourmets 2023, ospitato presso il quartiere fieristico IFEMA da luned\u00ec 17 a gioved\u00ec 20 aprile, ha infatti stabilito <strong>nuovi record in termini di affluenza, esposizione e superficie<\/strong>. In uno spazio costituito da 5 padiglioni, per un totale di 70.000 m2 utilizzati, sono stati accolti 116.257 visitatori, che hanno potuto conoscere e assaporare 55.000 prodotti presentati dai 2.014 espositori presenti all\u2019evento. A questi dati di assoluta rilevanza si uniscono le oltre 1.500 novit\u00e0 e 1.200 attivit\u00e0 che hanno caratterizzato i quattro giorni della fiera, con un volume di affari generati stimabile intorno ai 200 milioni di euro.<\/p>\n\n\n\n<p>Se \u00e8 stata un\u2019edizione da record per tutto il Salone, lo stesso si pu\u00f2 dire anche per la presenza italiana. Dal 2009 la <strong>Camera di Commercio e Industria Italiana per la Spagna<\/strong> gestisce uno spazio espositivo esclusivamente dedicato alle eccellenze della gastronomia \u201cMade in Italy\u201d e in questa edizione l\u2019<strong>Area Italia<\/strong>&nbsp;ha occupato per la prima volta <strong>una superficie espositiva di 450 m2<\/strong>, uno spazio pi\u00f9 che raddoppiato rispetto al 2022. All\u2019interno di questo considerevole contesto sono state ben <strong>33 le imprese italiane<\/strong> che hanno esposto le proprie eccellenze enogastronomiche, a dimostrazione del notevole interesse da parte degli operatori italiani del settore nei confronti del mercato spagnolo.<\/p>\n\n\n<div class=\"wp-block-image\">\n<figure class=\"aligncenter size-large is-resized\"><img decoding=\"async\" src=\"https:\/\/www.italcamara-es.com\/wp-content\/uploads\/2023\/04\/12-1-1024x683.jpg\" alt=\"\" class=\"wp-image-33237\" width=\"650\"\/><\/figure>\n<\/div>\n\n\n<p><\/p>\n\n\n\n<p>Tra le <strong>specialit\u00e0 agroalimentari italiane<\/strong> presentate alla fiera \u00e8 possibile menzionare la pasta secca e fresca, i panettoni e altri prodotti da forno, cereali, caff\u00e8, formaggi, aceto balsamico, tartufi, conserve, liquori e distillati, prodotti congelati e surgelati, salumi, caviale e birre artigianali.<\/p>\n\n\n\n<p>In particolare, in questa edizione del Sal\u00f3n de Gourmets hanno avuto un ruolo di assoluto rilievo i prodotti del <strong>Piemonte<\/strong>, grazie alla partecipazione di una collettiva di 11 imprese che fanno capo al Centro Estero Internazionalizzazione Piemonte (Ceipiemonte \u2013 Piemonte Agency). Inoltre, all\u2019interno dell\u2019Area Italia hanno esposto i propri prodotti <strong>4 consorzi caseari<\/strong> accompagnati dall\u2019agenzia Forma Libera: il Consorzio di Tutela del Formaggio Asiago DOP, il Consorzio per la Tutela del Formaggio Gorgonzola DOP, il Consorzio per la Tutela del Formaggio Pecorino Sardo DOP ed il Consorzio Tutela Taleggio DOP.<\/p>\n\n\n<div class=\"wp-block-image\">\n<figure class=\"aligncenter size-full\"><img decoding=\"async\" src=\"https:\/\/www.italcamara-es.com\/wp-content\/uploads\/2023\/04\/3-1-1.jpg\" alt=\"\" class=\"wp-image-33246\"\/><\/figure>\n<\/div>\n\n\n<p>Tra i momenti pi\u00f9 significativi dell\u2019evento risalta certamente <strong>l\u2019inagurazione dell\u2019Area Italia<\/strong>, avvenuta alla presenza del Ministro spagnolo dell\u2019Agricoltura, Pesca e Alimentazione, <strong>D. Luis Planas<\/strong>, del Vicepresidente della CCIS, <strong>Jaime Revilla<\/strong>, del Ministro Consigliere dell\u2019Ambasciata d\u2019Italia in Spagna, <strong>Benedetto Giuntini<\/strong>, del Consigliere Economico e Commerciale, <strong>Roberto Nocella<\/strong> e di altri rappresentanti di istituzioni locali ed italiane in Spagna. Si \u00e8 trattato di un momento particolarmente emozionante per tutti gli addetti ai lavori, che ha ufficialmente aperto al pubblico gli stand italiani gestiti dalla CCIS.<\/p>\n\n\n<div class=\"wp-block-image\">\n<figure class=\"aligncenter size-large is-resized\"><img decoding=\"async\" src=\"https:\/\/www.italcamara-es.com\/wp-content\/uploads\/2023\/04\/7-1-1024x683.jpg\" alt=\"\" class=\"wp-image-33236\" width=\"650\"\/><\/figure>\n<\/div>\n\n\n<p><\/p>\n\n\n\n<p><\/p>\n","protected":false},"excerpt":{"rendered":"<p>La 36\u00aa edizione del Sal\u00f3n de Gourmets di Madrid, la principale fiera in Spagna dedicata alla gastronomia di qualit\u00e0, si \u00e8 rivelata un incredibile successo, tanto da essere considerata dai suoi organizzatori la migliore edizione della sua decennale storia. Il Sal\u00f3n de Gourmets 2023, ospitato presso il quartiere fieristico IFEMA da luned\u00ec 17 a gioved\u00ec [&hellip;]<\/p>\n","protected":false},"author":1,"featured_media":55128,"comment_status":"open","ping_status":"open","sticky":false,"template":"","format":"standard","meta":{"inline_featured_image":false,"ocean_post_layout":"","ocean_both_sidebars_style":"","ocean_both_sidebars_content_width":0,"ocean_both_sidebars_sidebars_width":0,"ocean_sidebar":"","ocean_second_sidebar":"","ocean_disable_margins":"enable","ocean_add_body_class":"","ocean_shortcode_before_top_bar":"","ocean_shortcode_after_top_bar":"","ocean_shortcode_before_header":"","ocean_shortcode_after_header":"","ocean_has_shortcode":"","ocean_shortcode_after_title":"","ocean_shortcode_before_footer_widgets":"","ocean_shortcode_after_footer_widgets":"","ocean_shortcode_before_footer_bottom":"","ocean_shortcode_after_footer_bottom":"","ocean_display_top_bar":"default","ocean_display_header":"default","ocean_header_style":"","ocean_center_header_left_menu":"","ocean_custom_header_template":"","ocean_custom_logo":0,"ocean_custom_retina_logo":0,"ocean_custom_logo_max_width":0,"ocean_custom_logo_tablet_max_width":0,"ocean_custom_logo_mobile_max_width":0,"ocean_custom_logo_max_height":0,"ocean_custom_logo_tablet_max_height":0,"ocean_custom_logo_mobile_max_height":0,"ocean_header_custom_menu":"","ocean_menu_typo_font_family":"","ocean_menu_typo_font_subset":"","ocean_menu_typo_font_size":0,"ocean_menu_typo_font_size_tablet":0,"ocean_menu_typo_font_size_mobile":0,"ocean_menu_typo_font_size_unit":"px","ocean_menu_typo_font_weight":"","ocean_menu_typo_font_weight_tablet":"","ocean_menu_typo_font_weight_mobile":"","ocean_menu_typo_transform":"","ocean_menu_typo_transform_tablet":"","ocean_menu_typo_transform_mobile":"","ocean_menu_typo_line_height":0,"ocean_menu_typo_line_height_tablet":0,"ocean_menu_typo_line_height_mobile":0,"ocean_menu_typo_line_height_unit":"","ocean_menu_typo_spacing":0,"ocean_menu_typo_spacing_tablet":0,"ocean_menu_typo_spacing_mobile":0,"ocean_menu_typo_spacing_unit":"","ocean_menu_link_color":"","ocean_menu_link_color_hover":"","ocean_menu_link_color_active":"","ocean_menu_link_background":"","ocean_menu_link_hover_background":"","ocean_menu_link_active_background":"","ocean_menu_social_links_bg":"","ocean_menu_social_hover_links_bg":"","ocean_menu_social_links_color":"","ocean_menu_social_hover_links_color":"","ocean_disable_title":"default","ocean_disable_heading":"default","ocean_post_title":"","ocean_post_subheading":"","ocean_post_title_style":"","ocean_post_title_background_color":"","ocean_post_title_background":0,"ocean_post_title_bg_image_position":"","ocean_post_title_bg_image_attachment":"","ocean_post_title_bg_image_repeat":"","ocean_post_title_bg_image_size":"","ocean_post_title_height":0,"ocean_post_title_bg_overlay":0.5,"ocean_post_title_bg_overlay_color":"","ocean_disable_breadcrumbs":"default","ocean_breadcrumbs_color":"","ocean_breadcrumbs_separator_color":"","ocean_breadcrumbs_links_color":"","ocean_breadcrumbs_links_hover_color":"","ocean_display_footer_widgets":"default","ocean_display_footer_bottom":"default","ocean_custom_footer_template":"","ocean_post_oembed":"","ocean_post_self_hosted_media":"","ocean_post_video_embed":"","ocean_link_format":"","ocean_link_format_target":"self","ocean_quote_format":"","ocean_quote_format_link":"post","ocean_gallery_link_images":"on","ocean_gallery_id":[],"footnotes":""},"categories":[133],"tags":[139],"class_list":["post-56374","post","type-post","status-publish","format-standard","has-post-thumbnail","hentry","category-notizie","tag-notizie-di-la-ccis","entry","has-media"],"yoast_head":"<!-- This site is optimized with the Yoast SEO plugin v27.4 - https:\/\/yoast.com\/product\/yoast-seo-wordpress\/ -->\n<title>IL SUCCESSO DELL\u2019AREA ITALIA IN UN\u2019EDIZIONE DA RECORD DEL SAL\u00d3N DE GOURMETS - Italcamara<\/title>\n<meta name=\"robots\" content=\"index, follow, max-snippet:-1, max-image-preview:large, max-video-preview:-1\" \/>\n<link rel=\"canonical\" href=\"https:\/\/italcamara-es.com\/it\/notizie\/il-successo-dellarea-italia-in-unedizione-da-record-del-salon-de-gourmets\/\" \/>\n<meta property=\"og:locale\" content=\"it_IT\" \/>\n<meta property=\"og:type\" content=\"article\" \/>\n<meta property=\"og:title\" content=\"IL SUCCESSO DELL\u2019AREA ITALIA IN UN\u2019EDIZIONE DA RECORD DEL SAL\u00d3N DE GOURMETS - Italcamara\" \/>\n<meta property=\"og:description\" content=\"La 36\u00aa edizione del Sal\u00f3n de Gourmets di Madrid, la principale fiera in Spagna dedicata alla gastronomia di qualit\u00e0, si \u00e8 rivelata un incredibile successo, tanto da essere considerata dai suoi organizzatori la migliore edizione della sua decennale storia. Il Sal\u00f3n de Gourmets 2023, ospitato presso il quartiere fieristico IFEMA da luned\u00ec 17 a gioved\u00ec [&hellip;]\" \/>\n<meta property=\"og:url\" content=\"https:\/\/italcamara-es.com\/it\/notizie\/il-successo-dellarea-italia-in-unedizione-da-record-del-salon-de-gourmets\/\" \/>\n<meta property=\"og:site_name\" content=\"Italcamara\" \/>\n<meta property=\"article:published_time\" content=\"1969-12-31T23:00:00+00:00\" \/>\n<meta property=\"og:image\" content=\"https:\/\/italcamara-es.com\/wp-content\/uploads\/2025\/03\/Salon-de-Gourmets-500.png\" \/>\n\t<meta property=\"og:image:width\" content=\"500\" \/>\n\t<meta property=\"og:image:height\" content=\"280\" \/>\n\t<meta property=\"og:image:type\" content=\"image\/png\" \/>\n<meta name=\"author\" content=\"administrador\" \/>\n<meta name=\"twitter:card\" content=\"summary_large_image\" \/>\n<meta name=\"twitter:label1\" content=\"Scritto da\" \/>\n\t<meta name=\"twitter:data1\" content=\"administrador\" \/>\n\t<meta name=\"twitter:label2\" content=\"Tempo di lettura stimato\" \/>\n\t<meta name=\"twitter:data2\" content=\"2 minuti\" \/>\n<script type=\"application\/ld+json\" class=\"yoast-schema-graph\">{\"@context\":\"https:\\\/\\\/schema.org\",\"@graph\":[{\"@type\":\"Article\",\"@id\":\"https:\\\/\\\/italcamara-es.com\\\/it\\\/notizie\\\/il-successo-dellarea-italia-in-unedizione-da-record-del-salon-de-gourmets\\\/#article\",\"isPartOf\":{\"@id\":\"https:\\\/\\\/italcamara-es.com\\\/it\\\/notizie\\\/il-successo-dellarea-italia-in-unedizione-da-record-del-salon-de-gourmets\\\/\"},\"author\":{\"name\":\"administrador\",\"@id\":\"https:\\\/\\\/italcamara-es.com\\\/#\\\/schema\\\/person\\\/bb3c56263e405bbd9a15171dcfee93bb\"},\"headline\":\"IL SUCCESSO DELL\u2019AREA ITALIA IN UN\u2019EDIZIONE DA RECORD DEL SAL\u00d3N DE GOURMETS\",\"datePublished\":\"1969-12-31T23:00:00+00:00\",\"mainEntityOfPage\":{\"@id\":\"https:\\\/\\\/italcamara-es.com\\\/it\\\/notizie\\\/il-successo-dellarea-italia-in-unedizione-da-record-del-salon-de-gourmets\\\/\"},\"wordCount\":469,\"commentCount\":0,\"image\":{\"@id\":\"https:\\\/\\\/italcamara-es.com\\\/it\\\/notizie\\\/il-successo-dellarea-italia-in-unedizione-da-record-del-salon-de-gourmets\\\/#primaryimage\"},\"thumbnailUrl\":\"https:\\\/\\\/italcamara-es.com\\\/wp-content\\\/uploads\\\/2025\\\/03\\\/Salon-de-Gourmets-500.png\",\"keywords\":[\"Notizie di la CCIS\"],\"articleSection\":[\"Notizie\"],\"inLanguage\":\"it-IT\",\"potentialAction\":[{\"@type\":\"CommentAction\",\"name\":\"Comment\",\"target\":[\"https:\\\/\\\/italcamara-es.com\\\/it\\\/notizie\\\/il-successo-dellarea-italia-in-unedizione-da-record-del-salon-de-gourmets\\\/#respond\"]}]},{\"@type\":\"WebPage\",\"@id\":\"https:\\\/\\\/italcamara-es.com\\\/it\\\/notizie\\\/il-successo-dellarea-italia-in-unedizione-da-record-del-salon-de-gourmets\\\/\",\"url\":\"https:\\\/\\\/italcamara-es.com\\\/it\\\/notizie\\\/il-successo-dellarea-italia-in-unedizione-da-record-del-salon-de-gourmets\\\/\",\"name\":\"IL SUCCESSO DELL\u2019AREA ITALIA IN UN\u2019EDIZIONE DA RECORD DEL SAL\u00d3N DE GOURMETS - Italcamara\",\"isPartOf\":{\"@id\":\"https:\\\/\\\/italcamara-es.com\\\/#website\"},\"primaryImageOfPage\":{\"@id\":\"https:\\\/\\\/italcamara-es.com\\\/it\\\/notizie\\\/il-successo-dellarea-italia-in-unedizione-da-record-del-salon-de-gourmets\\\/#primaryimage\"},\"image\":{\"@id\":\"https:\\\/\\\/italcamara-es.com\\\/it\\\/notizie\\\/il-successo-dellarea-italia-in-unedizione-da-record-del-salon-de-gourmets\\\/#primaryimage\"},\"thumbnailUrl\":\"https:\\\/\\\/italcamara-es.com\\\/wp-content\\\/uploads\\\/2025\\\/03\\\/Salon-de-Gourmets-500.png\",\"datePublished\":\"1969-12-31T23:00:00+00:00\",\"author\":{\"@id\":\"https:\\\/\\\/italcamara-es.com\\\/#\\\/schema\\\/person\\\/bb3c56263e405bbd9a15171dcfee93bb\"},\"breadcrumb\":{\"@id\":\"https:\\\/\\\/italcamara-es.com\\\/it\\\/notizie\\\/il-successo-dellarea-italia-in-unedizione-da-record-del-salon-de-gourmets\\\/#breadcrumb\"},\"inLanguage\":\"it-IT\",\"potentialAction\":[{\"@type\":\"ReadAction\",\"target\":[\"https:\\\/\\\/italcamara-es.com\\\/it\\\/notizie\\\/il-successo-dellarea-italia-in-unedizione-da-record-del-salon-de-gourmets\\\/\"]}]},{\"@type\":\"ImageObject\",\"inLanguage\":\"it-IT\",\"@id\":\"https:\\\/\\\/italcamara-es.com\\\/it\\\/notizie\\\/il-successo-dellarea-italia-in-unedizione-da-record-del-salon-de-gourmets\\\/#primaryimage\",\"url\":\"https:\\\/\\\/italcamara-es.com\\\/wp-content\\\/uploads\\\/2025\\\/03\\\/Salon-de-Gourmets-500.png\",\"contentUrl\":\"https:\\\/\\\/italcamara-es.com\\\/wp-content\\\/uploads\\\/2025\\\/03\\\/Salon-de-Gourmets-500.png\",\"width\":500,\"height\":280},{\"@type\":\"BreadcrumbList\",\"@id\":\"https:\\\/\\\/italcamara-es.com\\\/it\\\/notizie\\\/il-successo-dellarea-italia-in-unedizione-da-record-del-salon-de-gourmets\\\/#breadcrumb\",\"itemListElement\":[{\"@type\":\"ListItem\",\"position\":1,\"name\":\"Inicio\",\"item\":\"https:\\\/\\\/italcamara-es.com\\\/it\\\/homepage-ita\\\/\"},{\"@type\":\"ListItem\",\"position\":2,\"name\":\"IL SUCCESSO DELL\u2019AREA ITALIA IN UN\u2019EDIZIONE DA RECORD DEL SAL\u00d3N DE GOURMETS\"}]},{\"@type\":\"WebSite\",\"@id\":\"https:\\\/\\\/italcamara-es.com\\\/#website\",\"url\":\"https:\\\/\\\/italcamara-es.com\\\/\",\"name\":\"Italcamara\",\"description\":\"\",\"potentialAction\":[{\"@type\":\"SearchAction\",\"target\":{\"@type\":\"EntryPoint\",\"urlTemplate\":\"https:\\\/\\\/italcamara-es.com\\\/?s={search_term_string}\"},\"query-input\":{\"@type\":\"PropertyValueSpecification\",\"valueRequired\":true,\"valueName\":\"search_term_string\"}}],\"inLanguage\":\"it-IT\"},{\"@type\":\"Person\",\"@id\":\"https:\\\/\\\/italcamara-es.com\\\/#\\\/schema\\\/person\\\/bb3c56263e405bbd9a15171dcfee93bb\",\"name\":\"administrador\",\"image\":{\"@type\":\"ImageObject\",\"inLanguage\":\"it-IT\",\"@id\":\"https:\\\/\\\/secure.gravatar.com\\\/avatar\\\/14b5e63db38320b12031bb28cf9f77e210aa71fb3a8a3602a3c9a05134fa75eb?s=96&d=mm&r=g\",\"url\":\"https:\\\/\\\/secure.gravatar.com\\\/avatar\\\/14b5e63db38320b12031bb28cf9f77e210aa71fb3a8a3602a3c9a05134fa75eb?s=96&d=mm&r=g\",\"contentUrl\":\"https:\\\/\\\/secure.gravatar.com\\\/avatar\\\/14b5e63db38320b12031bb28cf9f77e210aa71fb3a8a3602a3c9a05134fa75eb?s=96&d=mm&r=g\",\"caption\":\"administrador\"},\"sameAs\":[\"http:\\\/\\\/pre.italcamara-es.com\"],\"url\":\"https:\\\/\\\/italcamara-es.com\\\/it\\\/author\\\/administrador\\\/\"}]}<\/script>\n<!-- \/ Yoast SEO plugin. -->","yoast_head_json":{"title":"IL SUCCESSO DELL\u2019AREA ITALIA IN UN\u2019EDIZIONE DA RECORD DEL SAL\u00d3N DE GOURMETS - Italcamara","robots":{"index":"index","follow":"follow","max-snippet":"max-snippet:-1","max-image-preview":"max-image-preview:large","max-video-preview":"max-video-preview:-1"},"canonical":"https:\/\/italcamara-es.com\/it\/notizie\/il-successo-dellarea-italia-in-unedizione-da-record-del-salon-de-gourmets\/","og_locale":"it_IT","og_type":"article","og_title":"IL SUCCESSO DELL\u2019AREA ITALIA IN UN\u2019EDIZIONE DA RECORD DEL SAL\u00d3N DE GOURMETS - Italcamara","og_description":"La 36\u00aa edizione del Sal\u00f3n de Gourmets di Madrid, la principale fiera in Spagna dedicata alla gastronomia di qualit\u00e0, si \u00e8 rivelata un incredibile successo, tanto da essere considerata dai suoi organizzatori la migliore edizione della sua decennale storia. Il Sal\u00f3n de Gourmets 2023, ospitato presso il quartiere fieristico IFEMA da luned\u00ec 17 a gioved\u00ec [&hellip;]","og_url":"https:\/\/italcamara-es.com\/it\/notizie\/il-successo-dellarea-italia-in-unedizione-da-record-del-salon-de-gourmets\/","og_site_name":"Italcamara","article_published_time":"1969-12-31T23:00:00+00:00","og_image":[{"width":500,"height":280,"url":"https:\/\/italcamara-es.com\/wp-content\/uploads\/2025\/03\/Salon-de-Gourmets-500.png","type":"image\/png"}],"author":"administrador","twitter_card":"summary_large_image","twitter_misc":{"Scritto da":"administrador","Tempo di lettura stimato":"2 minuti"},"schema":{"@context":"https:\/\/schema.org","@graph":[{"@type":"Article","@id":"https:\/\/italcamara-es.com\/it\/notizie\/il-successo-dellarea-italia-in-unedizione-da-record-del-salon-de-gourmets\/#article","isPartOf":{"@id":"https:\/\/italcamara-es.com\/it\/notizie\/il-successo-dellarea-italia-in-unedizione-da-record-del-salon-de-gourmets\/"},"author":{"name":"administrador","@id":"https:\/\/italcamara-es.com\/#\/schema\/person\/bb3c56263e405bbd9a15171dcfee93bb"},"headline":"IL SUCCESSO DELL\u2019AREA ITALIA IN UN\u2019EDIZIONE DA RECORD DEL SAL\u00d3N DE GOURMETS","datePublished":"1969-12-31T23:00:00+00:00","mainEntityOfPage":{"@id":"https:\/\/italcamara-es.com\/it\/notizie\/il-successo-dellarea-italia-in-unedizione-da-record-del-salon-de-gourmets\/"},"wordCount":469,"commentCount":0,"image":{"@id":"https:\/\/italcamara-es.com\/it\/notizie\/il-successo-dellarea-italia-in-unedizione-da-record-del-salon-de-gourmets\/#primaryimage"},"thumbnailUrl":"https:\/\/italcamara-es.com\/wp-content\/uploads\/2025\/03\/Salon-de-Gourmets-500.png","keywords":["Notizie di la CCIS"],"articleSection":["Notizie"],"inLanguage":"it-IT","potentialAction":[{"@type":"CommentAction","name":"Comment","target":["https:\/\/italcamara-es.com\/it\/notizie\/il-successo-dellarea-italia-in-unedizione-da-record-del-salon-de-gourmets\/#respond"]}]},{"@type":"WebPage","@id":"https:\/\/italcamara-es.com\/it\/notizie\/il-successo-dellarea-italia-in-unedizione-da-record-del-salon-de-gourmets\/","url":"https:\/\/italcamara-es.com\/it\/notizie\/il-successo-dellarea-italia-in-unedizione-da-record-del-salon-de-gourmets\/","name":"IL SUCCESSO DELL\u2019AREA ITALIA IN UN\u2019EDIZIONE DA RECORD DEL SAL\u00d3N DE GOURMETS - Italcamara","isPartOf":{"@id":"https:\/\/italcamara-es.com\/#website"},"primaryImageOfPage":{"@id":"https:\/\/italcamara-es.com\/it\/notizie\/il-successo-dellarea-italia-in-unedizione-da-record-del-salon-de-gourmets\/#primaryimage"},"image":{"@id":"https:\/\/italcamara-es.com\/it\/notizie\/il-successo-dellarea-italia-in-unedizione-da-record-del-salon-de-gourmets\/#primaryimage"},"thumbnailUrl":"https:\/\/italcamara-es.com\/wp-content\/uploads\/2025\/03\/Salon-de-Gourmets-500.png","datePublished":"1969-12-31T23:00:00+00:00","author":{"@id":"https:\/\/italcamara-es.com\/#\/schema\/person\/bb3c56263e405bbd9a15171dcfee93bb"},"breadcrumb":{"@id":"https:\/\/italcamara-es.com\/it\/notizie\/il-successo-dellarea-italia-in-unedizione-da-record-del-salon-de-gourmets\/#breadcrumb"},"inLanguage":"it-IT","potentialAction":[{"@type":"ReadAction","target":["https:\/\/italcamara-es.com\/it\/notizie\/il-successo-dellarea-italia-in-unedizione-da-record-del-salon-de-gourmets\/"]}]},{"@type":"ImageObject","inLanguage":"it-IT","@id":"https:\/\/italcamara-es.com\/it\/notizie\/il-successo-dellarea-italia-in-unedizione-da-record-del-salon-de-gourmets\/#primaryimage","url":"https:\/\/italcamara-es.com\/wp-content\/uploads\/2025\/03\/Salon-de-Gourmets-500.png","contentUrl":"https:\/\/italcamara-es.com\/wp-content\/uploads\/2025\/03\/Salon-de-Gourmets-500.png","width":500,"height":280},{"@type":"BreadcrumbList","@id":"https:\/\/italcamara-es.com\/it\/notizie\/il-successo-dellarea-italia-in-unedizione-da-record-del-salon-de-gourmets\/#breadcrumb","itemListElement":[{"@type":"ListItem","position":1,"name":"Inicio","item":"https:\/\/italcamara-es.com\/it\/homepage-ita\/"},{"@type":"ListItem","position":2,"name":"IL SUCCESSO DELL\u2019AREA ITALIA IN UN\u2019EDIZIONE DA RECORD DEL SAL\u00d3N DE GOURMETS"}]},{"@type":"WebSite","@id":"https:\/\/italcamara-es.com\/#website","url":"https:\/\/italcamara-es.com\/","name":"Italcamara","description":"","potentialAction":[{"@type":"SearchAction","target":{"@type":"EntryPoint","urlTemplate":"https:\/\/italcamara-es.com\/?s={search_term_string}"},"query-input":{"@type":"PropertyValueSpecification","valueRequired":true,"valueName":"search_term_string"}}],"inLanguage":"it-IT"},{"@type":"Person","@id":"https:\/\/italcamara-es.com\/#\/schema\/person\/bb3c56263e405bbd9a15171dcfee93bb","name":"administrador","image":{"@type":"ImageObject","inLanguage":"it-IT","@id":"https:\/\/secure.gravatar.com\/avatar\/14b5e63db38320b12031bb28cf9f77e210aa71fb3a8a3602a3c9a05134fa75eb?s=96&d=mm&r=g","url":"https:\/\/secure.gravatar.com\/avatar\/14b5e63db38320b12031bb28cf9f77e210aa71fb3a8a3602a3c9a05134fa75eb?s=96&d=mm&r=g","contentUrl":"https:\/\/secure.gravatar.com\/avatar\/14b5e63db38320b12031bb28cf9f77e210aa71fb3a8a3602a3c9a05134fa75eb?s=96&d=mm&r=g","caption":"administrador"},"sameAs":["http:\/\/pre.italcamara-es.com"],"url":"https:\/\/italcamara-es.com\/it\/author\/administrador\/"}]}},"rttpg_featured_image_url":{"full":["https:\/\/italcamara-es.com\/wp-content\/uploads\/2025\/03\/Salon-de-Gourmets-500.png",500,280,false],"landscape":["https:\/\/italcamara-es.com\/wp-content\/uploads\/2025\/03\/Salon-de-Gourmets-500.png",500,280,false],"portraits":["https:\/\/italcamara-es.com\/wp-content\/uploads\/2025\/03\/Salon-de-Gourmets-500.png",500,280,false],"thumbnail":["https:\/\/italcamara-es.com\/wp-content\/uploads\/2025\/03\/Salon-de-Gourmets-500-150x150.png",150,150,true],"medium":["https:\/\/italcamara-es.com\/wp-content\/uploads\/2025\/03\/Salon-de-Gourmets-500-300x168.png",300,168,true],"large":["https:\/\/italcamara-es.com\/wp-content\/uploads\/2025\/03\/Salon-de-Gourmets-500.png",500,280,false],"1536x1536":["https:\/\/italcamara-es.com\/wp-content\/uploads\/2025\/03\/Salon-de-Gourmets-500.png",500,280,false],"2048x2048":["https:\/\/italcamara-es.com\/wp-content\/uploads\/2025\/03\/Salon-de-Gourmets-500.png",500,280,false],"ocean-thumb-m":["https:\/\/italcamara-es.com\/wp-content\/uploads\/2025\/03\/Salon-de-Gourmets-500.png",500,280,false],"ocean-thumb-ml":["https:\/\/italcamara-es.com\/wp-content\/uploads\/2025\/03\/Salon-de-Gourmets-500.png",500,280,false],"ocean-thumb-l":["https:\/\/italcamara-es.com\/wp-content\/uploads\/2025\/03\/Salon-de-Gourmets-500.png",500,280,false],"directorist_preview":["https:\/\/italcamara-es.com\/wp-content\/uploads\/2025\/03\/Salon-de-Gourmets-500.png",500,280,false]},"rttpg_author":{"display_name":"administrador","author_link":"https:\/\/italcamara-es.com\/it\/author\/administrador\/"},"rttpg_comment":0,"rttpg_category":"<a href=\"https:\/\/italcamara-es.com\/it\/category\/notizie\/\" rel=\"category tag\">Notizie<\/a>","rttpg_excerpt":"La 36\u00aa edizione del Sal\u00f3n de Gourmets di Madrid, la principale fiera in Spagna dedicata alla gastronomia di qualit\u00e0, si \u00e8 rivelata un incredibile successo, tanto da essere considerata dai suoi organizzatori la migliore edizione della sua decennale storia. Il Sal\u00f3n de Gourmets 2023, ospitato presso il quartiere fieristico IFEMA da luned\u00ec 17 a gioved\u00ec&hellip;","_links":{"self":[{"href":"https:\/\/italcamara-es.com\/it\/wp-json\/wp\/v2\/posts\/56374","targetHints":{"allow":["GET"]}}],"collection":[{"href":"https:\/\/italcamara-es.com\/it\/wp-json\/wp\/v2\/posts"}],"about":[{"href":"https:\/\/italcamara-es.com\/it\/wp-json\/wp\/v2\/types\/post"}],"author":[{"embeddable":true,"href":"https:\/\/italcamara-es.com\/it\/wp-json\/wp\/v2\/users\/1"}],"replies":[{"embeddable":true,"href":"https:\/\/italcamara-es.com\/it\/wp-json\/wp\/v2\/comments?post=56374"}],"version-history":[{"count":0,"href":"https:\/\/italcamara-es.com\/it\/wp-json\/wp\/v2\/posts\/56374\/revisions"}],"wp:featuredmedia":[{"embeddable":true,"href":"https:\/\/italcamara-es.com\/it\/wp-json\/wp\/v2\/media\/55128"}],"wp:attachment":[{"href":"https:\/\/italcamara-es.com\/it\/wp-json\/wp\/v2\/media?parent=56374"}],"wp:term":[{"taxonomy":"category","embeddable":true,"href":"https:\/\/italcamara-es.com\/it\/wp-json\/wp\/v2\/categories?post=56374"},{"taxonomy":"post_tag","embeddable":true,"href":"https:\/\/italcamara-es.com\/it\/wp-json\/wp\/v2\/tags?post=56374"}],"curies":[{"name":"wp","href":"https:\/\/api.w.org\/{rel}","templated":true}]}}