	{"id":56383,"date":"2023-06-12T15:08:15","date_gmt":"2023-06-12T13:08:15","guid":{"rendered":"http:\/\/pre.italcamara-es.com\/senza-categoria\/grande-successo-di-passioneitalia-2023\/"},"modified":"2023-06-12T15:08:15","modified_gmt":"2023-06-12T13:08:15","slug":"grande-successo-di-passioneitalia-2023","status":"publish","type":"post","link":"https:\/\/italcamara-es.com\/it\/notizie\/grande-successo-di-passioneitalia-2023\/","title":{"rendered":"Grande successo di #PassioneItalia 2023"},"content":{"rendered":"\n<p>La XIII edizione di #Passione Italia chiude i battenti con un grande successo di pubblico e aziende partecipanti, confermandosi anche quest\u2019anno l\u2019evento di riferimento per gli amanti del&nbsp;<em>Made in Italy<\/em>&nbsp;a Madrid, che si sono dati appuntamento&nbsp;<strong>dal 9 all\u201911 giugno<\/strong>&nbsp;nel cortile della Scuola Italiana della capitale spagnola, attratti dalle proposte gastronomiche degli espositori partecipanti.<\/p>\n\n\n<div class=\"wp-block-image\">\n<figure class=\"aligncenter size-full is-resized\"><img fetchpriority=\"high\" decoding=\"async\" src=\"https:\/\/www.italcamara-es.com\/wp-content\/uploads\/2023\/06\/PI-immagine-finale-2-copia-2.jpg\" alt=\"\" class=\"wp-image-33800\" width=\"768\" height=\"458\"\/><\/figure>\n<\/div>\n\n\n<p>L\u2019evento, organizzato dalla&nbsp;<strong>Camera di Commercio e Industria Italiana per la Spagna<\/strong>&nbsp;(CCIS), in collaborazione con la&nbsp;<strong>Scuola Italiana de Madrid<\/strong>&nbsp;e le principali associazioni italiane della citt\u00e0, rappresenta da sempre un importante palcoscenico per le aziende espositrici, che hanno avuto modo di promuovere e presentare al pubblico locale un\u2019ampia variet\u00e0 di prodotti gastronomici ed enologici italiani, nonch\u00e9 vari piatti e ricette tipiche della tradizione gastronomica regionale del Belpaese. Inoltre, #PassioneItalia \u00e8 stata anche l\u2019occasione per effettuare test su prodotti non ancora presenti sul mercato, con l\u2019obiettivo di ottenere un riscontro sul grado di accettazione da parte dei consumatori locali.<\/p>\n\n\n\n<p>Come da tradizione, un ricco programma di attivit\u00e0 collaterali ha accompagnato le tre giornate. In particolare, la musica ha avuto una grande rilevanza in questa edizione, con la presenza di dieci gruppi e un DJ, che si sono alternati sul palco regalando ai presenti versioni di grandi successi italiani e composizioni proprie. Tra gli artisti di #PassioeneItalia 2023, va sottolineata la presenza di&nbsp;<strong>Lidia Schillaci<\/strong>, vincitrice del programma televisivo \u201cTale e quale show\u201d, che si \u00e8 esibita nella notte del 9 giugno.<\/p>\n\n\n<div class=\"wp-block-image\">\n<figure class=\"aligncenter is-resized\"><img decoding=\"async\" src=\"https:\/\/www.italcamara-es.com\/wp-content\/uploads\/2023\/06\/Lidia-Schillaci.jpeg\" alt=\"\" class=\"wp-image-33778\" width=\"342\" height=\"512\"\/><figcaption>Lidia Schillaci a #PassioneItalia 2023<\/figcaption><\/figure>\n<\/div>\n\n\n<p>Il giorno successivo, l\u2019ambasciatore italiano,\u00a0<strong>Giuseppe Buccino Grimaldi<\/strong>, accompagnato dal presidente della CCIS,\u00a0<strong>Marco Pizzi<\/strong>, e dal direttore della Scuola Italiana di Madrid,\u00a0<strong>Massimo Bonelli<\/strong>, ha visitato la sede e salutato i numerosi presenti, ringraziando per la partecipazione \u201cspagnoli, italiani e amici dell\u2019talia\u201d.<\/p>\n\n\n<div class=\"wp-block-image\">\n<figure class=\"aligncenter is-resized\"><img decoding=\"async\" src=\"https:\/\/www.italcamara-es.com\/wp-content\/uploads\/2023\/06\/DSC07853.jpg\" alt=\"\" class=\"wp-image-33769\" width=\"674\" height=\"450\"\/><figcaption>L&#8217;Ambasciatore Buccino insieme a Marco Pizzi (sin.) e Massimo Bonelli (des.) <\/figcaption><\/figure>\n<\/div>\n\n\n<p>Domenica 11 giugno, ultimo giorno dell\u2019evento, sono saliti sul palco i rappresentanti delle associazioni italiane aderenti alla CCIS e partecipanti a #PassioneItalia, che hanno presentato al pubblico i propri obiettivi ed i progetti che gestiscono in Spagna.<\/p>\n\n\n\n<hr class=\"wp-block-separator has-alpha-channel-opacity\"\/>\n\n\n\n<p>La CCIS ringrazia tutti gli sponsor che hanno sostenuto l\u2019iniziativa nonch\u00e9 le istituzioni, le associazioni e le persone che hanno collaborato all\u2019organizzazione e alla gestione dell\u2019evento.<\/p>\n\n\n<div class=\"wp-block-image\">\n<figure class=\"aligncenter is-resized\"><img loading=\"lazy\" decoding=\"async\" src=\"https:\/\/www.italcamara-es.com\/wp-content\/uploads\/2023\/06\/Banner-sponsor-1024x518.jpg\" alt=\"\" class=\"wp-image-33779\" width=\"768\" height=\"389\"\/><\/figure>\n<\/div>","protected":false},"excerpt":{"rendered":"<p>La XIII edizione di #Passione Italia chiude i battenti con un grande successo di pubblico e aziende partecipanti, confermandosi anche quest\u2019anno l\u2019evento di riferimento per gli amanti del&nbsp;Made in Italy&nbsp;a Madrid, che si sono dati appuntamento&nbsp;dal 9 all\u201911 giugno&nbsp;nel cortile della Scuola Italiana della capitale spagnola, attratti dalle proposte gastronomiche degli espositori partecipanti. L\u2019evento, organizzato [&hellip;]<\/p>\n","protected":false},"author":1,"featured_media":55138,"comment_status":"open","ping_status":"open","sticky":false,"template":"","format":"standard","meta":{"inline_featured_image":false,"ocean_post_layout":"","ocean_both_sidebars_style":"","ocean_both_sidebars_content_width":0,"ocean_both_sidebars_sidebars_width":0,"ocean_sidebar":"","ocean_second_sidebar":"","ocean_disable_margins":"enable","ocean_add_body_class":"","ocean_shortcode_before_top_bar":"","ocean_shortcode_after_top_bar":"","ocean_shortcode_before_header":"","ocean_shortcode_after_header":"","ocean_has_shortcode":"","ocean_shortcode_after_title":"","ocean_shortcode_before_footer_widgets":"","ocean_shortcode_after_footer_widgets":"","ocean_shortcode_before_footer_bottom":"","ocean_shortcode_after_footer_bottom":"","ocean_display_top_bar":"default","ocean_display_header":"default","ocean_header_style":"","ocean_center_header_left_menu":"","ocean_custom_header_template":"","ocean_custom_logo":0,"ocean_custom_retina_logo":0,"ocean_custom_logo_max_width":0,"ocean_custom_logo_tablet_max_width":0,"ocean_custom_logo_mobile_max_width":0,"ocean_custom_logo_max_height":0,"ocean_custom_logo_tablet_max_height":0,"ocean_custom_logo_mobile_max_height":0,"ocean_header_custom_menu":"","ocean_menu_typo_font_family":"","ocean_menu_typo_font_subset":"","ocean_menu_typo_font_size":0,"ocean_menu_typo_font_size_tablet":0,"ocean_menu_typo_font_size_mobile":0,"ocean_menu_typo_font_size_unit":"px","ocean_menu_typo_font_weight":"","ocean_menu_typo_font_weight_tablet":"","ocean_menu_typo_font_weight_mobile":"","ocean_menu_typo_transform":"","ocean_menu_typo_transform_tablet":"","ocean_menu_typo_transform_mobile":"","ocean_menu_typo_line_height":0,"ocean_menu_typo_line_height_tablet":0,"ocean_menu_typo_line_height_mobile":0,"ocean_menu_typo_line_height_unit":"","ocean_menu_typo_spacing":0,"ocean_menu_typo_spacing_tablet":0,"ocean_menu_typo_spacing_mobile":0,"ocean_menu_typo_spacing_unit":"","ocean_menu_link_color":"","ocean_menu_link_color_hover":"","ocean_menu_link_color_active":"","ocean_menu_link_background":"","ocean_menu_link_hover_background":"","ocean_menu_link_active_background":"","ocean_menu_social_links_bg":"","ocean_menu_social_hover_links_bg":"","ocean_menu_social_links_color":"","ocean_menu_social_hover_links_color":"","ocean_disable_title":"default","ocean_disable_heading":"default","ocean_post_title":"","ocean_post_subheading":"","ocean_post_title_style":"","ocean_post_title_background_color":"","ocean_post_title_background":0,"ocean_post_title_bg_image_position":"","ocean_post_title_bg_image_attachment":"","ocean_post_title_bg_image_repeat":"","ocean_post_title_bg_image_size":"","ocean_post_title_height":0,"ocean_post_title_bg_overlay":0.5,"ocean_post_title_bg_overlay_color":"","ocean_disable_breadcrumbs":"default","ocean_breadcrumbs_color":"","ocean_breadcrumbs_separator_color":"","ocean_breadcrumbs_links_color":"","ocean_breadcrumbs_links_hover_color":"","ocean_display_footer_widgets":"default","ocean_display_footer_bottom":"default","ocean_custom_footer_template":"","ocean_post_oembed":"","ocean_post_self_hosted_media":"","ocean_post_video_embed":"","ocean_link_format":"","ocean_link_format_target":"self","ocean_quote_format":"","ocean_quote_format_link":"post","ocean_gallery_link_images":"on","ocean_gallery_id":[],"footnotes":""},"categories":[133],"tags":[139],"class_list":["post-56383","post","type-post","status-publish","format-standard","has-post-thumbnail","hentry","category-notizie","tag-notizie-di-la-ccis","entry","has-media"],"yoast_head":"<!-- This site is optimized with the Yoast SEO plugin v27.4 - https:\/\/yoast.com\/product\/yoast-seo-wordpress\/ -->\n<title>Grande successo di #PassioneItalia 2023 - Italcamara<\/title>\n<meta name=\"robots\" content=\"index, follow, max-snippet:-1, max-image-preview:large, max-video-preview:-1\" \/>\n<link rel=\"canonical\" href=\"https:\/\/italcamara-es.com\/noticias\/gran-exito-de-passioneitalia-2023\/\" \/>\n<meta property=\"og:locale\" content=\"it_IT\" \/>\n<meta property=\"og:type\" content=\"article\" \/>\n<meta property=\"og:title\" content=\"Grande successo di #PassioneItalia 2023 - Italcamara\" \/>\n<meta property=\"og:description\" content=\"La XIII edizione di #Passione Italia chiude i battenti con un grande successo di pubblico e aziende partecipanti, confermandosi anche quest\u2019anno l\u2019evento di riferimento per gli amanti del&nbsp;Made in Italy&nbsp;a Madrid, che si sono dati appuntamento&nbsp;dal 9 all\u201911 giugno&nbsp;nel cortile della Scuola Italiana della capitale spagnola, attratti dalle proposte gastronomiche degli espositori partecipanti. L\u2019evento, organizzato [&hellip;]\" \/>\n<meta property=\"og:url\" content=\"https:\/\/italcamara-es.com\/noticias\/gran-exito-de-passioneitalia-2023\/\" \/>\n<meta property=\"og:site_name\" content=\"Italcamara\" \/>\n<meta property=\"article:published_time\" content=\"2023-06-12T13:08:15+00:00\" \/>\n<meta property=\"og:image\" content=\"https:\/\/italcamara-es.com\/wp-content\/uploads\/2025\/03\/Passsione-Italia-500.jpg\" \/>\n\t<meta property=\"og:image:width\" content=\"500\" \/>\n\t<meta property=\"og:image:height\" content=\"280\" \/>\n\t<meta property=\"og:image:type\" content=\"image\/jpeg\" \/>\n<meta name=\"author\" content=\"administrador\" \/>\n<meta name=\"twitter:card\" content=\"summary_large_image\" \/>\n<meta name=\"twitter:label1\" content=\"Scritto da\" \/>\n\t<meta name=\"twitter:data1\" content=\"administrador\" \/>\n\t<meta name=\"twitter:label2\" content=\"Tempo di lettura stimato\" \/>\n\t<meta name=\"twitter:data2\" content=\"2 minuti\" \/>\n<script type=\"application\/ld+json\" class=\"yoast-schema-graph\">{\"@context\":\"https:\\\/\\\/schema.org\",\"@graph\":[{\"@type\":\"Article\",\"@id\":\"https:\\\/\\\/italcamara-es.com\\\/noticias\\\/gran-exito-de-passioneitalia-2023\\\/#article\",\"isPartOf\":{\"@id\":\"https:\\\/\\\/italcamara-es.com\\\/noticias\\\/gran-exito-de-passioneitalia-2023\\\/\"},\"author\":{\"name\":\"administrador\",\"@id\":\"https:\\\/\\\/italcamara-es.com\\\/#\\\/schema\\\/person\\\/bb3c56263e405bbd9a15171dcfee93bb\"},\"headline\":\"Grande successo di #PassioneItalia 2023\",\"datePublished\":\"2023-06-12T13:08:15+00:00\",\"mainEntityOfPage\":{\"@id\":\"https:\\\/\\\/italcamara-es.com\\\/noticias\\\/gran-exito-de-passioneitalia-2023\\\/\"},\"wordCount\":380,\"commentCount\":0,\"image\":{\"@id\":\"https:\\\/\\\/italcamara-es.com\\\/noticias\\\/gran-exito-de-passioneitalia-2023\\\/#primaryimage\"},\"thumbnailUrl\":\"https:\\\/\\\/italcamara-es.com\\\/wp-content\\\/uploads\\\/2025\\\/03\\\/Passsione-Italia-500.jpg\",\"keywords\":[\"Notizie di la CCIS\"],\"articleSection\":[\"Notizie\"],\"inLanguage\":\"it-IT\",\"potentialAction\":[{\"@type\":\"CommentAction\",\"name\":\"Comment\",\"target\":[\"https:\\\/\\\/italcamara-es.com\\\/noticias\\\/gran-exito-de-passioneitalia-2023\\\/#respond\"]}]},{\"@type\":\"WebPage\",\"@id\":\"https:\\\/\\\/italcamara-es.com\\\/noticias\\\/gran-exito-de-passioneitalia-2023\\\/\",\"url\":\"https:\\\/\\\/italcamara-es.com\\\/noticias\\\/gran-exito-de-passioneitalia-2023\\\/\",\"name\":\"Grande successo di #PassioneItalia 2023 - Italcamara\",\"isPartOf\":{\"@id\":\"https:\\\/\\\/italcamara-es.com\\\/#website\"},\"primaryImageOfPage\":{\"@id\":\"https:\\\/\\\/italcamara-es.com\\\/noticias\\\/gran-exito-de-passioneitalia-2023\\\/#primaryimage\"},\"image\":{\"@id\":\"https:\\\/\\\/italcamara-es.com\\\/noticias\\\/gran-exito-de-passioneitalia-2023\\\/#primaryimage\"},\"thumbnailUrl\":\"https:\\\/\\\/italcamara-es.com\\\/wp-content\\\/uploads\\\/2025\\\/03\\\/Passsione-Italia-500.jpg\",\"datePublished\":\"2023-06-12T13:08:15+00:00\",\"author\":{\"@id\":\"https:\\\/\\\/italcamara-es.com\\\/#\\\/schema\\\/person\\\/bb3c56263e405bbd9a15171dcfee93bb\"},\"breadcrumb\":{\"@id\":\"https:\\\/\\\/italcamara-es.com\\\/noticias\\\/gran-exito-de-passioneitalia-2023\\\/#breadcrumb\"},\"inLanguage\":\"it-IT\",\"potentialAction\":[{\"@type\":\"ReadAction\",\"target\":[\"https:\\\/\\\/italcamara-es.com\\\/noticias\\\/gran-exito-de-passioneitalia-2023\\\/\"]}]},{\"@type\":\"ImageObject\",\"inLanguage\":\"it-IT\",\"@id\":\"https:\\\/\\\/italcamara-es.com\\\/noticias\\\/gran-exito-de-passioneitalia-2023\\\/#primaryimage\",\"url\":\"https:\\\/\\\/italcamara-es.com\\\/wp-content\\\/uploads\\\/2025\\\/03\\\/Passsione-Italia-500.jpg\",\"contentUrl\":\"https:\\\/\\\/italcamara-es.com\\\/wp-content\\\/uploads\\\/2025\\\/03\\\/Passsione-Italia-500.jpg\",\"width\":500,\"height\":280},{\"@type\":\"BreadcrumbList\",\"@id\":\"https:\\\/\\\/italcamara-es.com\\\/noticias\\\/gran-exito-de-passioneitalia-2023\\\/#breadcrumb\",\"itemListElement\":[{\"@type\":\"ListItem\",\"position\":1,\"name\":\"Inicio\",\"item\":\"https:\\\/\\\/italcamara-es.com\\\/it\\\/homepage-ita\\\/\"},{\"@type\":\"ListItem\",\"position\":2,\"name\":\"Grande successo di #PassioneItalia 2023\"}]},{\"@type\":\"WebSite\",\"@id\":\"https:\\\/\\\/italcamara-es.com\\\/#website\",\"url\":\"https:\\\/\\\/italcamara-es.com\\\/\",\"name\":\"Italcamara\",\"description\":\"\",\"potentialAction\":[{\"@type\":\"SearchAction\",\"target\":{\"@type\":\"EntryPoint\",\"urlTemplate\":\"https:\\\/\\\/italcamara-es.com\\\/?s={search_term_string}\"},\"query-input\":{\"@type\":\"PropertyValueSpecification\",\"valueRequired\":true,\"valueName\":\"search_term_string\"}}],\"inLanguage\":\"it-IT\"},{\"@type\":\"Person\",\"@id\":\"https:\\\/\\\/italcamara-es.com\\\/#\\\/schema\\\/person\\\/bb3c56263e405bbd9a15171dcfee93bb\",\"name\":\"administrador\",\"image\":{\"@type\":\"ImageObject\",\"inLanguage\":\"it-IT\",\"@id\":\"https:\\\/\\\/secure.gravatar.com\\\/avatar\\\/14b5e63db38320b12031bb28cf9f77e210aa71fb3a8a3602a3c9a05134fa75eb?s=96&d=mm&r=g\",\"url\":\"https:\\\/\\\/secure.gravatar.com\\\/avatar\\\/14b5e63db38320b12031bb28cf9f77e210aa71fb3a8a3602a3c9a05134fa75eb?s=96&d=mm&r=g\",\"contentUrl\":\"https:\\\/\\\/secure.gravatar.com\\\/avatar\\\/14b5e63db38320b12031bb28cf9f77e210aa71fb3a8a3602a3c9a05134fa75eb?s=96&d=mm&r=g\",\"caption\":\"administrador\"},\"sameAs\":[\"http:\\\/\\\/pre.italcamara-es.com\"],\"url\":\"https:\\\/\\\/italcamara-es.com\\\/it\\\/author\\\/administrador\\\/\"}]}<\/script>\n<!-- \/ Yoast SEO plugin. -->","yoast_head_json":{"title":"Grande successo di #PassioneItalia 2023 - Italcamara","robots":{"index":"index","follow":"follow","max-snippet":"max-snippet:-1","max-image-preview":"max-image-preview:large","max-video-preview":"max-video-preview:-1"},"canonical":"https:\/\/italcamara-es.com\/noticias\/gran-exito-de-passioneitalia-2023\/","og_locale":"it_IT","og_type":"article","og_title":"Grande successo di #PassioneItalia 2023 - Italcamara","og_description":"La XIII edizione di #Passione Italia chiude i battenti con un grande successo di pubblico e aziende partecipanti, confermandosi anche quest\u2019anno l\u2019evento di riferimento per gli amanti del&nbsp;Made in Italy&nbsp;a Madrid, che si sono dati appuntamento&nbsp;dal 9 all\u201911 giugno&nbsp;nel cortile della Scuola Italiana della capitale spagnola, attratti dalle proposte gastronomiche degli espositori partecipanti. L\u2019evento, organizzato [&hellip;]","og_url":"https:\/\/italcamara-es.com\/noticias\/gran-exito-de-passioneitalia-2023\/","og_site_name":"Italcamara","article_published_time":"2023-06-12T13:08:15+00:00","og_image":[{"width":500,"height":280,"url":"https:\/\/italcamara-es.com\/wp-content\/uploads\/2025\/03\/Passsione-Italia-500.jpg","type":"image\/jpeg"}],"author":"administrador","twitter_card":"summary_large_image","twitter_misc":{"Scritto da":"administrador","Tempo di lettura stimato":"2 minuti"},"schema":{"@context":"https:\/\/schema.org","@graph":[{"@type":"Article","@id":"https:\/\/italcamara-es.com\/noticias\/gran-exito-de-passioneitalia-2023\/#article","isPartOf":{"@id":"https:\/\/italcamara-es.com\/noticias\/gran-exito-de-passioneitalia-2023\/"},"author":{"name":"administrador","@id":"https:\/\/italcamara-es.com\/#\/schema\/person\/bb3c56263e405bbd9a15171dcfee93bb"},"headline":"Grande successo di #PassioneItalia 2023","datePublished":"2023-06-12T13:08:15+00:00","mainEntityOfPage":{"@id":"https:\/\/italcamara-es.com\/noticias\/gran-exito-de-passioneitalia-2023\/"},"wordCount":380,"commentCount":0,"image":{"@id":"https:\/\/italcamara-es.com\/noticias\/gran-exito-de-passioneitalia-2023\/#primaryimage"},"thumbnailUrl":"https:\/\/italcamara-es.com\/wp-content\/uploads\/2025\/03\/Passsione-Italia-500.jpg","keywords":["Notizie di la CCIS"],"articleSection":["Notizie"],"inLanguage":"it-IT","potentialAction":[{"@type":"CommentAction","name":"Comment","target":["https:\/\/italcamara-es.com\/noticias\/gran-exito-de-passioneitalia-2023\/#respond"]}]},{"@type":"WebPage","@id":"https:\/\/italcamara-es.com\/noticias\/gran-exito-de-passioneitalia-2023\/","url":"https:\/\/italcamara-es.com\/noticias\/gran-exito-de-passioneitalia-2023\/","name":"Grande successo di #PassioneItalia 2023 - Italcamara","isPartOf":{"@id":"https:\/\/italcamara-es.com\/#website"},"primaryImageOfPage":{"@id":"https:\/\/italcamara-es.com\/noticias\/gran-exito-de-passioneitalia-2023\/#primaryimage"},"image":{"@id":"https:\/\/italcamara-es.com\/noticias\/gran-exito-de-passioneitalia-2023\/#primaryimage"},"thumbnailUrl":"https:\/\/italcamara-es.com\/wp-content\/uploads\/2025\/03\/Passsione-Italia-500.jpg","datePublished":"2023-06-12T13:08:15+00:00","author":{"@id":"https:\/\/italcamara-es.com\/#\/schema\/person\/bb3c56263e405bbd9a15171dcfee93bb"},"breadcrumb":{"@id":"https:\/\/italcamara-es.com\/noticias\/gran-exito-de-passioneitalia-2023\/#breadcrumb"},"inLanguage":"it-IT","potentialAction":[{"@type":"ReadAction","target":["https:\/\/italcamara-es.com\/noticias\/gran-exito-de-passioneitalia-2023\/"]}]},{"@type":"ImageObject","inLanguage":"it-IT","@id":"https:\/\/italcamara-es.com\/noticias\/gran-exito-de-passioneitalia-2023\/#primaryimage","url":"https:\/\/italcamara-es.com\/wp-content\/uploads\/2025\/03\/Passsione-Italia-500.jpg","contentUrl":"https:\/\/italcamara-es.com\/wp-content\/uploads\/2025\/03\/Passsione-Italia-500.jpg","width":500,"height":280},{"@type":"BreadcrumbList","@id":"https:\/\/italcamara-es.com\/noticias\/gran-exito-de-passioneitalia-2023\/#breadcrumb","itemListElement":[{"@type":"ListItem","position":1,"name":"Inicio","item":"https:\/\/italcamara-es.com\/it\/homepage-ita\/"},{"@type":"ListItem","position":2,"name":"Grande successo di #PassioneItalia 2023"}]},{"@type":"WebSite","@id":"https:\/\/italcamara-es.com\/#website","url":"https:\/\/italcamara-es.com\/","name":"Italcamara","description":"","potentialAction":[{"@type":"SearchAction","target":{"@type":"EntryPoint","urlTemplate":"https:\/\/italcamara-es.com\/?s={search_term_string}"},"query-input":{"@type":"PropertyValueSpecification","valueRequired":true,"valueName":"search_term_string"}}],"inLanguage":"it-IT"},{"@type":"Person","@id":"https:\/\/italcamara-es.com\/#\/schema\/person\/bb3c56263e405bbd9a15171dcfee93bb","name":"administrador","image":{"@type":"ImageObject","inLanguage":"it-IT","@id":"https:\/\/secure.gravatar.com\/avatar\/14b5e63db38320b12031bb28cf9f77e210aa71fb3a8a3602a3c9a05134fa75eb?s=96&d=mm&r=g","url":"https:\/\/secure.gravatar.com\/avatar\/14b5e63db38320b12031bb28cf9f77e210aa71fb3a8a3602a3c9a05134fa75eb?s=96&d=mm&r=g","contentUrl":"https:\/\/secure.gravatar.com\/avatar\/14b5e63db38320b12031bb28cf9f77e210aa71fb3a8a3602a3c9a05134fa75eb?s=96&d=mm&r=g","caption":"administrador"},"sameAs":["http:\/\/pre.italcamara-es.com"],"url":"https:\/\/italcamara-es.com\/it\/author\/administrador\/"}]}},"rttpg_featured_image_url":{"full":["https:\/\/italcamara-es.com\/wp-content\/uploads\/2025\/03\/Passsione-Italia-500.jpg",500,280,false],"landscape":["https:\/\/italcamara-es.com\/wp-content\/uploads\/2025\/03\/Passsione-Italia-500.jpg",500,280,false],"portraits":["https:\/\/italcamara-es.com\/wp-content\/uploads\/2025\/03\/Passsione-Italia-500.jpg",500,280,false],"thumbnail":["https:\/\/italcamara-es.com\/wp-content\/uploads\/2025\/03\/Passsione-Italia-500-150x150.jpg",150,150,true],"medium":["https:\/\/italcamara-es.com\/wp-content\/uploads\/2025\/03\/Passsione-Italia-500-300x168.jpg",300,168,true],"large":["https:\/\/italcamara-es.com\/wp-content\/uploads\/2025\/03\/Passsione-Italia-500.jpg",500,280,false],"1536x1536":["https:\/\/italcamara-es.com\/wp-content\/uploads\/2025\/03\/Passsione-Italia-500.jpg",500,280,false],"2048x2048":["https:\/\/italcamara-es.com\/wp-content\/uploads\/2025\/03\/Passsione-Italia-500.jpg",500,280,false],"ocean-thumb-m":["https:\/\/italcamara-es.com\/wp-content\/uploads\/2025\/03\/Passsione-Italia-500.jpg",500,280,false],"ocean-thumb-ml":["https:\/\/italcamara-es.com\/wp-content\/uploads\/2025\/03\/Passsione-Italia-500.jpg",500,280,false],"ocean-thumb-l":["https:\/\/italcamara-es.com\/wp-content\/uploads\/2025\/03\/Passsione-Italia-500.jpg",500,280,false],"directorist_preview":["https:\/\/italcamara-es.com\/wp-content\/uploads\/2025\/03\/Passsione-Italia-500.jpg",500,280,false]},"rttpg_author":{"display_name":"administrador","author_link":"https:\/\/italcamara-es.com\/it\/author\/administrador\/"},"rttpg_comment":0,"rttpg_category":"<a href=\"https:\/\/italcamara-es.com\/it\/category\/notizie\/\" rel=\"category tag\">Notizie<\/a>","rttpg_excerpt":"La XIII edizione di #Passione Italia chiude i battenti con un grande successo di pubblico e aziende partecipanti, confermandosi anche quest\u2019anno l\u2019evento di riferimento per gli amanti del&nbsp;Made in Italy&nbsp;a Madrid, che si sono dati appuntamento&nbsp;dal 9 all\u201911 giugno&nbsp;nel cortile della Scuola Italiana della capitale spagnola, attratti dalle proposte gastronomiche degli espositori partecipanti. L\u2019evento, organizzato&hellip;","_links":{"self":[{"href":"https:\/\/italcamara-es.com\/it\/wp-json\/wp\/v2\/posts\/56383","targetHints":{"allow":["GET"]}}],"collection":[{"href":"https:\/\/italcamara-es.com\/it\/wp-json\/wp\/v2\/posts"}],"about":[{"href":"https:\/\/italcamara-es.com\/it\/wp-json\/wp\/v2\/types\/post"}],"author":[{"embeddable":true,"href":"https:\/\/italcamara-es.com\/it\/wp-json\/wp\/v2\/users\/1"}],"replies":[{"embeddable":true,"href":"https:\/\/italcamara-es.com\/it\/wp-json\/wp\/v2\/comments?post=56383"}],"version-history":[{"count":0,"href":"https:\/\/italcamara-es.com\/it\/wp-json\/wp\/v2\/posts\/56383\/revisions"}],"wp:featuredmedia":[{"embeddable":true,"href":"https:\/\/italcamara-es.com\/it\/wp-json\/wp\/v2\/media\/55138"}],"wp:attachment":[{"href":"https:\/\/italcamara-es.com\/it\/wp-json\/wp\/v2\/media?parent=56383"}],"wp:term":[{"taxonomy":"category","embeddable":true,"href":"https:\/\/italcamara-es.com\/it\/wp-json\/wp\/v2\/categories?post=56383"},{"taxonomy":"post_tag","embeddable":true,"href":"https:\/\/italcamara-es.com\/it\/wp-json\/wp\/v2\/tags?post=56383"}],"curies":[{"name":"wp","href":"https:\/\/api.w.org\/{rel}","templated":true}]}}