	{"id":56392,"date":"2023-09-06T09:42:17","date_gmt":"2023-09-06T07:42:17","guid":{"rendered":"http:\/\/pre.italcamara-es.com\/senza-categoria\/la-ccis-partecipa-alla-terza-edizione-di-madrid-platform-20-22-settembre\/"},"modified":"2023-09-06T09:42:17","modified_gmt":"2023-09-06T07:42:17","slug":"la-ccis-partecipa-alla-terza-edizione-di-madrid-platform-20-22-settembre","status":"publish","type":"post","link":"https:\/\/italcamara-es.com\/it\/notizie\/la-ccis-partecipa-alla-terza-edizione-di-madrid-platform-20-22-settembre\/","title":{"rendered":"La CCIS partecipa alla terza edizione di Madrid Platform (20-22 settembre)"},"content":{"rendered":"\n<p>Dal 20 al 22 settembre la Camera di Commercio e industria Italiana per la Spagna (CCIS) sar\u00e0 presente alla <strong>Madrid Platform<\/strong>, che torner\u00e0 con forza nella capitale spagnola con oltre 5.000 aziende da tutto il mondo, con l\u2019obiettivo di generare opportunit\u00e0 di business e fare da \u201cponte\u201d tra gli operatori europei e latinoamericani.<br><br>L\u2019iniziativa si terr\u00e0 presso il Palacio de Cibeles e si articoler\u00e0 in 70 eventi simultanei, un luogo di incontro naturale e multisettoriale per le aziende e le istituzioni <strong>dell&#8217;Europa e dell&#8217;America Latina<\/strong> per esplorare reali opportunit\u00e0 di crescita e internazionalizzazione attraverso incontri individuali, networking attivo, seminari e conferenze con contenuti di valore per i professionisti di entrambi i continenti.<\/p>\n\n\n<div class=\"wp-block-image\">\n<figure class=\"aligncenter size-full is-resized\"><img decoding=\"async\" src=\"https:\/\/www.italcamara-es.com\/wp-content\/uploads\/2023\/09\/IMG_1685-1-1.jpg\" alt=\"\" class=\"wp-image-34242\" width=\"601\"\/><\/figure>\n<\/div>\n\n\n<p>In questo contesto, la CCIS rappresenter\u00e0 l&#8217;Italia nello spazio dedicato ai diversi mercati esteri ed i suoi rappresentati forniranno le informazioni necessarie su come fare business nel Belpaese e sulle opportunit\u00e0 e servizi\u00a0 che offre agli operatori esteri. Inoltre, la Camera sar\u00e0 presente a Madrid Platform in\u00a0 qualit\u00e0 di ente partner del progetto <strong>europeo \u201cSmartGreen: Thinking about the future of business\u201d,<\/strong> che fa parte del programma <strong>AL-INVEST Verde<\/strong>, insieme ai rappresentati dell\u2019Asociaci\u00f3n C\u00e1mara de Comercio de Costa Rica, ente coordinatore del progetto e i responsabili di due imprese costaricane, attive rispettivamente nel settore agricolo e artigianale, che avranno l\u2019opportunit\u00e0 di realizzare azioni di networking e incontriu B2B con importatori e distributori spagnoli ed europei.<\/p>\n\n\n\n<p>Il progetto \u201cSmart Green\u201d mira a promuovere azioni di sostenibilit\u00e0 aziendale attraverso un programma completo che aiuti le piccole e medie imprese a migliorare la loro competitivit\u00e0 e produttivit\u00e0.<\/p>\n\n\n<div class=\"wp-block-image\">\n<figure class=\"aligncenter size-full is-resized\"><img decoding=\"async\" src=\"https:\/\/www.italcamara-es.com\/wp-content\/uploads\/2023\/09\/1605373970_ci1-1-1-3.jpg\" alt=\"\" class=\"wp-image-34241\" width=\"600\"\/><\/figure>\n<\/div>\n\n\n<p>L\u2019accesso all\u2019agor\u00e0 di Madrid Platform \u00e8 gratuito. Le imprese associate alla CCIS che desiderano partecipare all\u2019evento per realizzare incontri B2B e azioni di networking avranno diritto ad uno <strong>sconto<\/strong> sulla teriffa ufficiale.<\/p>\n\n\n\n<p>Per poter approfiittare di questa opportunit\u00e1 si prega di mettersi in contatto con:<\/p>\n\n\n\n<p>Dipartimento Attivit\u00e0 Associative: <a><\/a><a href=\"mailto:bego\u00f1a.pardo@italcamara-es.com\">bego\u00f1a.pardo@italcamara-es.com<\/a><\/p>\n\n\n\n<p>Per avere maggiori informazioni su Madrid Platform:<\/p>\n\n\n\n<p><em>Data<\/em>: 20-22 settembre<br><em>Luogo<\/em>: Palacio de Cibeles<br><em>Web<\/em>: <a href=\"https:\/\/madridplatform.net\/\">Madrid Platform Hub internacional de negocios entre Europa y Am\u00e9rica Latina<\/a><br><em>Programma<\/em>: <a href=\"https:\/\/madridplatform.net\/programa-madrid-platform-2023\">Programa Madrid Platform 2023<\/a><\/p>\n","protected":false},"excerpt":{"rendered":"<p>Dal 20 al 22 settembre la Camera di Commercio e industria Italiana per la Spagna (CCIS) sar\u00e0 presente alla Madrid Platform, che torner\u00e0 con forza nella capitale spagnola con oltre 5.000 aziende da tutto il mondo, con l\u2019obiettivo di generare opportunit\u00e0 di business e fare da \u201cponte\u201d tra gli operatori europei e latinoamericani. L\u2019iniziativa si [&hellip;]<\/p>\n","protected":false},"author":1,"featured_media":55156,"comment_status":"open","ping_status":"open","sticky":false,"template":"","format":"standard","meta":{"inline_featured_image":false,"ocean_post_layout":"","ocean_both_sidebars_style":"","ocean_both_sidebars_content_width":0,"ocean_both_sidebars_sidebars_width":0,"ocean_sidebar":"","ocean_second_sidebar":"","ocean_disable_margins":"enable","ocean_add_body_class":"","ocean_shortcode_before_top_bar":"","ocean_shortcode_after_top_bar":"","ocean_shortcode_before_header":"","ocean_shortcode_after_header":"","ocean_has_shortcode":"","ocean_shortcode_after_title":"","ocean_shortcode_before_footer_widgets":"","ocean_shortcode_after_footer_widgets":"","ocean_shortcode_before_footer_bottom":"","ocean_shortcode_after_footer_bottom":"","ocean_display_top_bar":"default","ocean_display_header":"default","ocean_header_style":"","ocean_center_header_left_menu":"","ocean_custom_header_template":"","ocean_custom_logo":0,"ocean_custom_retina_logo":0,"ocean_custom_logo_max_width":0,"ocean_custom_logo_tablet_max_width":0,"ocean_custom_logo_mobile_max_width":0,"ocean_custom_logo_max_height":0,"ocean_custom_logo_tablet_max_height":0,"ocean_custom_logo_mobile_max_height":0,"ocean_header_custom_menu":"","ocean_menu_typo_font_family":"","ocean_menu_typo_font_subset":"","ocean_menu_typo_font_size":0,"ocean_menu_typo_font_size_tablet":0,"ocean_menu_typo_font_size_mobile":0,"ocean_menu_typo_font_size_unit":"px","ocean_menu_typo_font_weight":"","ocean_menu_typo_font_weight_tablet":"","ocean_menu_typo_font_weight_mobile":"","ocean_menu_typo_transform":"","ocean_menu_typo_transform_tablet":"","ocean_menu_typo_transform_mobile":"","ocean_menu_typo_line_height":0,"ocean_menu_typo_line_height_tablet":0,"ocean_menu_typo_line_height_mobile":0,"ocean_menu_typo_line_height_unit":"","ocean_menu_typo_spacing":0,"ocean_menu_typo_spacing_tablet":0,"ocean_menu_typo_spacing_mobile":0,"ocean_menu_typo_spacing_unit":"","ocean_menu_link_color":"","ocean_menu_link_color_hover":"","ocean_menu_link_color_active":"","ocean_menu_link_background":"","ocean_menu_link_hover_background":"","ocean_menu_link_active_background":"","ocean_menu_social_links_bg":"","ocean_menu_social_hover_links_bg":"","ocean_menu_social_links_color":"","ocean_menu_social_hover_links_color":"","ocean_disable_title":"default","ocean_disable_heading":"default","ocean_post_title":"","ocean_post_subheading":"","ocean_post_title_style":"","ocean_post_title_background_color":"","ocean_post_title_background":0,"ocean_post_title_bg_image_position":"","ocean_post_title_bg_image_attachment":"","ocean_post_title_bg_image_repeat":"","ocean_post_title_bg_image_size":"","ocean_post_title_height":0,"ocean_post_title_bg_overlay":0.5,"ocean_post_title_bg_overlay_color":"","ocean_disable_breadcrumbs":"default","ocean_breadcrumbs_color":"","ocean_breadcrumbs_separator_color":"","ocean_breadcrumbs_links_color":"","ocean_breadcrumbs_links_hover_color":"","ocean_display_footer_widgets":"default","ocean_display_footer_bottom":"default","ocean_custom_footer_template":"","ocean_post_oembed":"","ocean_post_self_hosted_media":"","ocean_post_video_embed":"","ocean_link_format":"","ocean_link_format_target":"self","ocean_quote_format":"","ocean_quote_format_link":"post","ocean_gallery_link_images":"on","ocean_gallery_id":[],"footnotes":""},"categories":[133],"tags":[139],"class_list":["post-56392","post","type-post","status-publish","format-standard","has-post-thumbnail","hentry","category-notizie","tag-notizie-di-la-ccis","entry","has-media"],"yoast_head":"<!-- This site is optimized with the Yoast SEO plugin v27.4 - https:\/\/yoast.com\/product\/yoast-seo-wordpress\/ -->\n<title>La CCIS partecipa alla terza edizione di Madrid Platform (20-22 settembre) - Italcamara<\/title>\n<meta name=\"robots\" content=\"index, follow, max-snippet:-1, max-image-preview:large, max-video-preview:-1\" \/>\n<link rel=\"canonical\" href=\"https:\/\/italcamara-es.com\/noticias\/la-ccis-participa-en-la-tercera-edicion-de-madrid-platform-20-22-de-septiembre\/\" \/>\n<meta property=\"og:locale\" content=\"it_IT\" \/>\n<meta property=\"og:type\" content=\"article\" \/>\n<meta property=\"og:title\" content=\"La CCIS partecipa alla terza edizione di Madrid Platform (20-22 settembre) - Italcamara\" \/>\n<meta property=\"og:description\" content=\"Dal 20 al 22 settembre la Camera di Commercio e industria Italiana per la Spagna (CCIS) sar\u00e0 presente alla Madrid Platform, che torner\u00e0 con forza nella capitale spagnola con oltre 5.000 aziende da tutto il mondo, con l\u2019obiettivo di generare opportunit\u00e0 di business e fare da \u201cponte\u201d tra gli operatori europei e latinoamericani. L\u2019iniziativa si [&hellip;]\" \/>\n<meta property=\"og:url\" content=\"https:\/\/italcamara-es.com\/noticias\/la-ccis-participa-en-la-tercera-edicion-de-madrid-platform-20-22-de-septiembre\/\" \/>\n<meta property=\"og:site_name\" content=\"Italcamara\" \/>\n<meta property=\"article:published_time\" content=\"2023-09-06T07:42:17+00:00\" \/>\n<meta property=\"og:image\" content=\"https:\/\/italcamara-es.com\/wp-content\/uploads\/2025\/03\/C6E79ACB-00DF-4379-A373-CE1FBFA48288-1.jpg\" \/>\n\t<meta property=\"og:image:width\" content=\"500\" \/>\n\t<meta property=\"og:image:height\" content=\"280\" \/>\n\t<meta property=\"og:image:type\" content=\"image\/jpeg\" \/>\n<meta name=\"author\" content=\"administrador\" \/>\n<meta name=\"twitter:card\" content=\"summary_large_image\" \/>\n<meta name=\"twitter:label1\" content=\"Scritto da\" \/>\n\t<meta name=\"twitter:data1\" content=\"administrador\" \/>\n\t<meta name=\"twitter:label2\" content=\"Tempo di lettura stimato\" \/>\n\t<meta name=\"twitter:data2\" content=\"2 minuti\" \/>\n<script type=\"application\/ld+json\" class=\"yoast-schema-graph\">{\"@context\":\"https:\\\/\\\/schema.org\",\"@graph\":[{\"@type\":\"Article\",\"@id\":\"https:\\\/\\\/italcamara-es.com\\\/noticias\\\/la-ccis-participa-en-la-tercera-edicion-de-madrid-platform-20-22-de-septiembre\\\/#article\",\"isPartOf\":{\"@id\":\"https:\\\/\\\/italcamara-es.com\\\/noticias\\\/la-ccis-participa-en-la-tercera-edicion-de-madrid-platform-20-22-de-septiembre\\\/\"},\"author\":{\"name\":\"administrador\",\"@id\":\"https:\\\/\\\/italcamara-es.com\\\/#\\\/schema\\\/person\\\/bb3c56263e405bbd9a15171dcfee93bb\"},\"headline\":\"La CCIS partecipa alla terza edizione di Madrid Platform (20-22 settembre)\",\"datePublished\":\"2023-09-06T07:42:17+00:00\",\"mainEntityOfPage\":{\"@id\":\"https:\\\/\\\/italcamara-es.com\\\/noticias\\\/la-ccis-participa-en-la-tercera-edicion-de-madrid-platform-20-22-de-septiembre\\\/\"},\"wordCount\":359,\"commentCount\":0,\"image\":{\"@id\":\"https:\\\/\\\/italcamara-es.com\\\/noticias\\\/la-ccis-participa-en-la-tercera-edicion-de-madrid-platform-20-22-de-septiembre\\\/#primaryimage\"},\"thumbnailUrl\":\"https:\\\/\\\/italcamara-es.com\\\/wp-content\\\/uploads\\\/2025\\\/03\\\/C6E79ACB-00DF-4379-A373-CE1FBFA48288-1.jpg\",\"keywords\":[\"Notizie di la CCIS\"],\"articleSection\":[\"Notizie\"],\"inLanguage\":\"it-IT\",\"potentialAction\":[{\"@type\":\"CommentAction\",\"name\":\"Comment\",\"target\":[\"https:\\\/\\\/italcamara-es.com\\\/noticias\\\/la-ccis-participa-en-la-tercera-edicion-de-madrid-platform-20-22-de-septiembre\\\/#respond\"]}]},{\"@type\":\"WebPage\",\"@id\":\"https:\\\/\\\/italcamara-es.com\\\/noticias\\\/la-ccis-participa-en-la-tercera-edicion-de-madrid-platform-20-22-de-septiembre\\\/\",\"url\":\"https:\\\/\\\/italcamara-es.com\\\/noticias\\\/la-ccis-participa-en-la-tercera-edicion-de-madrid-platform-20-22-de-septiembre\\\/\",\"name\":\"La CCIS partecipa alla terza edizione di Madrid Platform (20-22 settembre) - Italcamara\",\"isPartOf\":{\"@id\":\"https:\\\/\\\/italcamara-es.com\\\/#website\"},\"primaryImageOfPage\":{\"@id\":\"https:\\\/\\\/italcamara-es.com\\\/noticias\\\/la-ccis-participa-en-la-tercera-edicion-de-madrid-platform-20-22-de-septiembre\\\/#primaryimage\"},\"image\":{\"@id\":\"https:\\\/\\\/italcamara-es.com\\\/noticias\\\/la-ccis-participa-en-la-tercera-edicion-de-madrid-platform-20-22-de-septiembre\\\/#primaryimage\"},\"thumbnailUrl\":\"https:\\\/\\\/italcamara-es.com\\\/wp-content\\\/uploads\\\/2025\\\/03\\\/C6E79ACB-00DF-4379-A373-CE1FBFA48288-1.jpg\",\"datePublished\":\"2023-09-06T07:42:17+00:00\",\"author\":{\"@id\":\"https:\\\/\\\/italcamara-es.com\\\/#\\\/schema\\\/person\\\/bb3c56263e405bbd9a15171dcfee93bb\"},\"breadcrumb\":{\"@id\":\"https:\\\/\\\/italcamara-es.com\\\/noticias\\\/la-ccis-participa-en-la-tercera-edicion-de-madrid-platform-20-22-de-septiembre\\\/#breadcrumb\"},\"inLanguage\":\"it-IT\",\"potentialAction\":[{\"@type\":\"ReadAction\",\"target\":[\"https:\\\/\\\/italcamara-es.com\\\/noticias\\\/la-ccis-participa-en-la-tercera-edicion-de-madrid-platform-20-22-de-septiembre\\\/\"]}]},{\"@type\":\"ImageObject\",\"inLanguage\":\"it-IT\",\"@id\":\"https:\\\/\\\/italcamara-es.com\\\/noticias\\\/la-ccis-participa-en-la-tercera-edicion-de-madrid-platform-20-22-de-septiembre\\\/#primaryimage\",\"url\":\"https:\\\/\\\/italcamara-es.com\\\/wp-content\\\/uploads\\\/2025\\\/03\\\/C6E79ACB-00DF-4379-A373-CE1FBFA48288-1.jpg\",\"contentUrl\":\"https:\\\/\\\/italcamara-es.com\\\/wp-content\\\/uploads\\\/2025\\\/03\\\/C6E79ACB-00DF-4379-A373-CE1FBFA48288-1.jpg\",\"width\":500,\"height\":280},{\"@type\":\"BreadcrumbList\",\"@id\":\"https:\\\/\\\/italcamara-es.com\\\/noticias\\\/la-ccis-participa-en-la-tercera-edicion-de-madrid-platform-20-22-de-septiembre\\\/#breadcrumb\",\"itemListElement\":[{\"@type\":\"ListItem\",\"position\":1,\"name\":\"Inicio\",\"item\":\"https:\\\/\\\/italcamara-es.com\\\/it\\\/homepage-ita\\\/\"},{\"@type\":\"ListItem\",\"position\":2,\"name\":\"La CCIS partecipa alla terza edizione di Madrid Platform (20-22 settembre)\"}]},{\"@type\":\"WebSite\",\"@id\":\"https:\\\/\\\/italcamara-es.com\\\/#website\",\"url\":\"https:\\\/\\\/italcamara-es.com\\\/\",\"name\":\"Italcamara\",\"description\":\"\",\"potentialAction\":[{\"@type\":\"SearchAction\",\"target\":{\"@type\":\"EntryPoint\",\"urlTemplate\":\"https:\\\/\\\/italcamara-es.com\\\/?s={search_term_string}\"},\"query-input\":{\"@type\":\"PropertyValueSpecification\",\"valueRequired\":true,\"valueName\":\"search_term_string\"}}],\"inLanguage\":\"it-IT\"},{\"@type\":\"Person\",\"@id\":\"https:\\\/\\\/italcamara-es.com\\\/#\\\/schema\\\/person\\\/bb3c56263e405bbd9a15171dcfee93bb\",\"name\":\"administrador\",\"image\":{\"@type\":\"ImageObject\",\"inLanguage\":\"it-IT\",\"@id\":\"https:\\\/\\\/secure.gravatar.com\\\/avatar\\\/14b5e63db38320b12031bb28cf9f77e210aa71fb3a8a3602a3c9a05134fa75eb?s=96&d=mm&r=g\",\"url\":\"https:\\\/\\\/secure.gravatar.com\\\/avatar\\\/14b5e63db38320b12031bb28cf9f77e210aa71fb3a8a3602a3c9a05134fa75eb?s=96&d=mm&r=g\",\"contentUrl\":\"https:\\\/\\\/secure.gravatar.com\\\/avatar\\\/14b5e63db38320b12031bb28cf9f77e210aa71fb3a8a3602a3c9a05134fa75eb?s=96&d=mm&r=g\",\"caption\":\"administrador\"},\"sameAs\":[\"http:\\\/\\\/pre.italcamara-es.com\"],\"url\":\"https:\\\/\\\/italcamara-es.com\\\/it\\\/author\\\/administrador\\\/\"}]}<\/script>\n<!-- \/ Yoast SEO plugin. -->","yoast_head_json":{"title":"La CCIS partecipa alla terza edizione di Madrid Platform (20-22 settembre) - Italcamara","robots":{"index":"index","follow":"follow","max-snippet":"max-snippet:-1","max-image-preview":"max-image-preview:large","max-video-preview":"max-video-preview:-1"},"canonical":"https:\/\/italcamara-es.com\/noticias\/la-ccis-participa-en-la-tercera-edicion-de-madrid-platform-20-22-de-septiembre\/","og_locale":"it_IT","og_type":"article","og_title":"La CCIS partecipa alla terza edizione di Madrid Platform (20-22 settembre) - Italcamara","og_description":"Dal 20 al 22 settembre la Camera di Commercio e industria Italiana per la Spagna (CCIS) sar\u00e0 presente alla Madrid Platform, che torner\u00e0 con forza nella capitale spagnola con oltre 5.000 aziende da tutto il mondo, con l\u2019obiettivo di generare opportunit\u00e0 di business e fare da \u201cponte\u201d tra gli operatori europei e latinoamericani. L\u2019iniziativa si [&hellip;]","og_url":"https:\/\/italcamara-es.com\/noticias\/la-ccis-participa-en-la-tercera-edicion-de-madrid-platform-20-22-de-septiembre\/","og_site_name":"Italcamara","article_published_time":"2023-09-06T07:42:17+00:00","og_image":[{"width":500,"height":280,"url":"https:\/\/italcamara-es.com\/wp-content\/uploads\/2025\/03\/C6E79ACB-00DF-4379-A373-CE1FBFA48288-1.jpg","type":"image\/jpeg"}],"author":"administrador","twitter_card":"summary_large_image","twitter_misc":{"Scritto da":"administrador","Tempo di lettura stimato":"2 minuti"},"schema":{"@context":"https:\/\/schema.org","@graph":[{"@type":"Article","@id":"https:\/\/italcamara-es.com\/noticias\/la-ccis-participa-en-la-tercera-edicion-de-madrid-platform-20-22-de-septiembre\/#article","isPartOf":{"@id":"https:\/\/italcamara-es.com\/noticias\/la-ccis-participa-en-la-tercera-edicion-de-madrid-platform-20-22-de-septiembre\/"},"author":{"name":"administrador","@id":"https:\/\/italcamara-es.com\/#\/schema\/person\/bb3c56263e405bbd9a15171dcfee93bb"},"headline":"La CCIS partecipa alla terza edizione di Madrid Platform (20-22 settembre)","datePublished":"2023-09-06T07:42:17+00:00","mainEntityOfPage":{"@id":"https:\/\/italcamara-es.com\/noticias\/la-ccis-participa-en-la-tercera-edicion-de-madrid-platform-20-22-de-septiembre\/"},"wordCount":359,"commentCount":0,"image":{"@id":"https:\/\/italcamara-es.com\/noticias\/la-ccis-participa-en-la-tercera-edicion-de-madrid-platform-20-22-de-septiembre\/#primaryimage"},"thumbnailUrl":"https:\/\/italcamara-es.com\/wp-content\/uploads\/2025\/03\/C6E79ACB-00DF-4379-A373-CE1FBFA48288-1.jpg","keywords":["Notizie di la CCIS"],"articleSection":["Notizie"],"inLanguage":"it-IT","potentialAction":[{"@type":"CommentAction","name":"Comment","target":["https:\/\/italcamara-es.com\/noticias\/la-ccis-participa-en-la-tercera-edicion-de-madrid-platform-20-22-de-septiembre\/#respond"]}]},{"@type":"WebPage","@id":"https:\/\/italcamara-es.com\/noticias\/la-ccis-participa-en-la-tercera-edicion-de-madrid-platform-20-22-de-septiembre\/","url":"https:\/\/italcamara-es.com\/noticias\/la-ccis-participa-en-la-tercera-edicion-de-madrid-platform-20-22-de-septiembre\/","name":"La CCIS partecipa alla terza edizione di Madrid Platform (20-22 settembre) - Italcamara","isPartOf":{"@id":"https:\/\/italcamara-es.com\/#website"},"primaryImageOfPage":{"@id":"https:\/\/italcamara-es.com\/noticias\/la-ccis-participa-en-la-tercera-edicion-de-madrid-platform-20-22-de-septiembre\/#primaryimage"},"image":{"@id":"https:\/\/italcamara-es.com\/noticias\/la-ccis-participa-en-la-tercera-edicion-de-madrid-platform-20-22-de-septiembre\/#primaryimage"},"thumbnailUrl":"https:\/\/italcamara-es.com\/wp-content\/uploads\/2025\/03\/C6E79ACB-00DF-4379-A373-CE1FBFA48288-1.jpg","datePublished":"2023-09-06T07:42:17+00:00","author":{"@id":"https:\/\/italcamara-es.com\/#\/schema\/person\/bb3c56263e405bbd9a15171dcfee93bb"},"breadcrumb":{"@id":"https:\/\/italcamara-es.com\/noticias\/la-ccis-participa-en-la-tercera-edicion-de-madrid-platform-20-22-de-septiembre\/#breadcrumb"},"inLanguage":"it-IT","potentialAction":[{"@type":"ReadAction","target":["https:\/\/italcamara-es.com\/noticias\/la-ccis-participa-en-la-tercera-edicion-de-madrid-platform-20-22-de-septiembre\/"]}]},{"@type":"ImageObject","inLanguage":"it-IT","@id":"https:\/\/italcamara-es.com\/noticias\/la-ccis-participa-en-la-tercera-edicion-de-madrid-platform-20-22-de-septiembre\/#primaryimage","url":"https:\/\/italcamara-es.com\/wp-content\/uploads\/2025\/03\/C6E79ACB-00DF-4379-A373-CE1FBFA48288-1.jpg","contentUrl":"https:\/\/italcamara-es.com\/wp-content\/uploads\/2025\/03\/C6E79ACB-00DF-4379-A373-CE1FBFA48288-1.jpg","width":500,"height":280},{"@type":"BreadcrumbList","@id":"https:\/\/italcamara-es.com\/noticias\/la-ccis-participa-en-la-tercera-edicion-de-madrid-platform-20-22-de-septiembre\/#breadcrumb","itemListElement":[{"@type":"ListItem","position":1,"name":"Inicio","item":"https:\/\/italcamara-es.com\/it\/homepage-ita\/"},{"@type":"ListItem","position":2,"name":"La CCIS partecipa alla terza edizione di Madrid Platform (20-22 settembre)"}]},{"@type":"WebSite","@id":"https:\/\/italcamara-es.com\/#website","url":"https:\/\/italcamara-es.com\/","name":"Italcamara","description":"","potentialAction":[{"@type":"SearchAction","target":{"@type":"EntryPoint","urlTemplate":"https:\/\/italcamara-es.com\/?s={search_term_string}"},"query-input":{"@type":"PropertyValueSpecification","valueRequired":true,"valueName":"search_term_string"}}],"inLanguage":"it-IT"},{"@type":"Person","@id":"https:\/\/italcamara-es.com\/#\/schema\/person\/bb3c56263e405bbd9a15171dcfee93bb","name":"administrador","image":{"@type":"ImageObject","inLanguage":"it-IT","@id":"https:\/\/secure.gravatar.com\/avatar\/14b5e63db38320b12031bb28cf9f77e210aa71fb3a8a3602a3c9a05134fa75eb?s=96&d=mm&r=g","url":"https:\/\/secure.gravatar.com\/avatar\/14b5e63db38320b12031bb28cf9f77e210aa71fb3a8a3602a3c9a05134fa75eb?s=96&d=mm&r=g","contentUrl":"https:\/\/secure.gravatar.com\/avatar\/14b5e63db38320b12031bb28cf9f77e210aa71fb3a8a3602a3c9a05134fa75eb?s=96&d=mm&r=g","caption":"administrador"},"sameAs":["http:\/\/pre.italcamara-es.com"],"url":"https:\/\/italcamara-es.com\/it\/author\/administrador\/"}]}},"rttpg_featured_image_url":{"full":["https:\/\/italcamara-es.com\/wp-content\/uploads\/2025\/03\/C6E79ACB-00DF-4379-A373-CE1FBFA48288-1.jpg",500,280,false],"landscape":["https:\/\/italcamara-es.com\/wp-content\/uploads\/2025\/03\/C6E79ACB-00DF-4379-A373-CE1FBFA48288-1.jpg",500,280,false],"portraits":["https:\/\/italcamara-es.com\/wp-content\/uploads\/2025\/03\/C6E79ACB-00DF-4379-A373-CE1FBFA48288-1.jpg",500,280,false],"thumbnail":["https:\/\/italcamara-es.com\/wp-content\/uploads\/2025\/03\/C6E79ACB-00DF-4379-A373-CE1FBFA48288-1-150x150.jpg",150,150,true],"medium":["https:\/\/italcamara-es.com\/wp-content\/uploads\/2025\/03\/C6E79ACB-00DF-4379-A373-CE1FBFA48288-1-300x168.jpg",300,168,true],"large":["https:\/\/italcamara-es.com\/wp-content\/uploads\/2025\/03\/C6E79ACB-00DF-4379-A373-CE1FBFA48288-1.jpg",500,280,false],"1536x1536":["https:\/\/italcamara-es.com\/wp-content\/uploads\/2025\/03\/C6E79ACB-00DF-4379-A373-CE1FBFA48288-1.jpg",500,280,false],"2048x2048":["https:\/\/italcamara-es.com\/wp-content\/uploads\/2025\/03\/C6E79ACB-00DF-4379-A373-CE1FBFA48288-1.jpg",500,280,false],"ocean-thumb-m":["https:\/\/italcamara-es.com\/wp-content\/uploads\/2025\/03\/C6E79ACB-00DF-4379-A373-CE1FBFA48288-1.jpg",500,280,false],"ocean-thumb-ml":["https:\/\/italcamara-es.com\/wp-content\/uploads\/2025\/03\/C6E79ACB-00DF-4379-A373-CE1FBFA48288-1.jpg",500,280,false],"ocean-thumb-l":["https:\/\/italcamara-es.com\/wp-content\/uploads\/2025\/03\/C6E79ACB-00DF-4379-A373-CE1FBFA48288-1.jpg",500,280,false],"directorist_preview":["https:\/\/italcamara-es.com\/wp-content\/uploads\/2025\/03\/C6E79ACB-00DF-4379-A373-CE1FBFA48288-1.jpg",500,280,false]},"rttpg_author":{"display_name":"administrador","author_link":"https:\/\/italcamara-es.com\/it\/author\/administrador\/"},"rttpg_comment":0,"rttpg_category":"<a href=\"https:\/\/italcamara-es.com\/it\/category\/notizie\/\" rel=\"category tag\">Notizie<\/a>","rttpg_excerpt":"Dal 20 al 22 settembre la Camera di Commercio e industria Italiana per la Spagna (CCIS) sar\u00e0 presente alla Madrid Platform, che torner\u00e0 con forza nella capitale spagnola con oltre 5.000 aziende da tutto il mondo, con l\u2019obiettivo di generare opportunit\u00e0 di business e fare da \u201cponte\u201d tra gli operatori europei e latinoamericani. L\u2019iniziativa si&hellip;","_links":{"self":[{"href":"https:\/\/italcamara-es.com\/it\/wp-json\/wp\/v2\/posts\/56392","targetHints":{"allow":["GET"]}}],"collection":[{"href":"https:\/\/italcamara-es.com\/it\/wp-json\/wp\/v2\/posts"}],"about":[{"href":"https:\/\/italcamara-es.com\/it\/wp-json\/wp\/v2\/types\/post"}],"author":[{"embeddable":true,"href":"https:\/\/italcamara-es.com\/it\/wp-json\/wp\/v2\/users\/1"}],"replies":[{"embeddable":true,"href":"https:\/\/italcamara-es.com\/it\/wp-json\/wp\/v2\/comments?post=56392"}],"version-history":[{"count":0,"href":"https:\/\/italcamara-es.com\/it\/wp-json\/wp\/v2\/posts\/56392\/revisions"}],"wp:featuredmedia":[{"embeddable":true,"href":"https:\/\/italcamara-es.com\/it\/wp-json\/wp\/v2\/media\/55156"}],"wp:attachment":[{"href":"https:\/\/italcamara-es.com\/it\/wp-json\/wp\/v2\/media?parent=56392"}],"wp:term":[{"taxonomy":"category","embeddable":true,"href":"https:\/\/italcamara-es.com\/it\/wp-json\/wp\/v2\/categories?post=56392"},{"taxonomy":"post_tag","embeddable":true,"href":"https:\/\/italcamara-es.com\/it\/wp-json\/wp\/v2\/tags?post=56392"}],"curies":[{"name":"wp","href":"https:\/\/api.w.org\/{rel}","templated":true}]}}