	{"id":56395,"date":"2023-09-18T12:47:25","date_gmt":"2023-09-18T10:47:25","guid":{"rendered":"http:\/\/pre.italcamara-es.com\/senza-categoria\/webinar-whistleblowing-en-espana-e-italia\/"},"modified":"2025-03-30T14:40:58","modified_gmt":"2025-03-30T12:40:58","slug":"webinar-whistleblowing-en-espana-e-italia","status":"publish","type":"post","link":"https:\/\/italcamara-es.com\/it\/notizie\/webinar-whistleblowing-en-espana-e-italia\/","title":{"rendered":"WEBINAR: \u00abWHISTLEBLOWING EN ESPA\u00d1A E ITALIA\u00bb"},"content":{"rendered":"\n<p>La <strong>CCIS <\/strong>organizza in collaborazione con <strong>R\u00f6dl &amp; Partner<\/strong> il <strong>webinar<\/strong> &#8220;Whistleblowing in Spagna&#8221;, soluzioni congiunte in Spagna e in Italia.<\/p>\n\n\n\n<p>Il webinar si terr\u00e0 <strong>mercoled\u00ec 27 settembre alle ore 9:00.<\/strong><\/p>\n\n\n\n<p>Le aziende spagnole e italiane si stanno adeguando alla <strong>normativa nazionale sul whistleblowing<\/strong>, che introduce l&#8217;obbligo di implementare un canale di denuncia anonimo e di accesso pubblico per rivelare eventuali infrazioni o irregolarit\u00e0 che potrebbero verificarsi in azienda, garantendo la riservatezza del segnalante. La scadenza per l&#8217;implementazione del sistema nel settore privato \u00e8 a dicembre 2023 per le aziende con un numero di dipendenti compreso tra 50 e 249.<\/p>\n\n\n\n<p>L&#8217;evento si terr\u00e0 in spagnolo e in inglese e <strong>gli esperti avvocati di R\u00f6dl &amp; Partner, Rafael San Bruno, Associate Partner di R\u00f6dl &amp; Partner Espa\u00f1a (Italian Desk), Sonsoles S\u00e1nchez, Senior Associate di R\u00f6dl &amp; Partner Espa\u00f1a e Mar\u00eda Hilda Schetino, Senior Associate di R\u00f6dl &amp; Patner Italia,<\/strong> saranno presenti per rispondere alle domande pi\u00f9 importanti e informare sulle misure di coordinamento da attuare tra le aziende presenti in entrambi i Paesi.<\/p>\n\n\n\n<p>L&#8217;evento \u00e8 gratuito e per partecipare \u00e8 <strong>necessaria la registrazione.<\/strong><br><strong><em>Per iscriversi:<\/em><\/strong> <a href=\"https:\/\/us02web.zoom.us\/webinar\/register\/WN_3R87Z4nvRKiZmoltvqVNpw#\/registration\" title=\"webinar\">webinar <\/a><\/p>\n\n\n\n<p><\/p>\n\n\n\n<p><\/p>\n","protected":false},"excerpt":{"rendered":"<p>La CCIS organizza in collaborazione con R\u00f6dl &amp; Partner il webinar &#8220;Whistleblowing in Spagna&#8221;, soluzioni congiunte in Spagna e in Italia. Il webinar si terr\u00e0 mercoled\u00ec 27 settembre alle ore 9:00. Le aziende spagnole e italiane si stanno adeguando alla normativa nazionale sul whistleblowing, che introduce l&#8217;obbligo di implementare un canale di denuncia anonimo e [&hellip;]<\/p>\n","protected":false},"author":1,"featured_media":52739,"comment_status":"open","ping_status":"open","sticky":false,"template":"","format":"standard","meta":{"inline_featured_image":false,"ocean_post_layout":"","ocean_both_sidebars_style":"","ocean_both_sidebars_content_width":0,"ocean_both_sidebars_sidebars_width":0,"ocean_sidebar":"","ocean_second_sidebar":"","ocean_disable_margins":"enable","ocean_add_body_class":"","ocean_shortcode_before_top_bar":"","ocean_shortcode_after_top_bar":"","ocean_shortcode_before_header":"","ocean_shortcode_after_header":"","ocean_has_shortcode":"","ocean_shortcode_after_title":"","ocean_shortcode_before_footer_widgets":"","ocean_shortcode_after_footer_widgets":"","ocean_shortcode_before_footer_bottom":"","ocean_shortcode_after_footer_bottom":"","ocean_display_top_bar":"default","ocean_display_header":"default","ocean_header_style":"","ocean_center_header_left_menu":"","ocean_custom_header_template":"","ocean_custom_logo":0,"ocean_custom_retina_logo":0,"ocean_custom_logo_max_width":0,"ocean_custom_logo_tablet_max_width":0,"ocean_custom_logo_mobile_max_width":0,"ocean_custom_logo_max_height":0,"ocean_custom_logo_tablet_max_height":0,"ocean_custom_logo_mobile_max_height":0,"ocean_header_custom_menu":"","ocean_menu_typo_font_family":"","ocean_menu_typo_font_subset":"","ocean_menu_typo_font_size":0,"ocean_menu_typo_font_size_tablet":0,"ocean_menu_typo_font_size_mobile":0,"ocean_menu_typo_font_size_unit":"px","ocean_menu_typo_font_weight":"","ocean_menu_typo_font_weight_tablet":"","ocean_menu_typo_font_weight_mobile":"","ocean_menu_typo_transform":"","ocean_menu_typo_transform_tablet":"","ocean_menu_typo_transform_mobile":"","ocean_menu_typo_line_height":0,"ocean_menu_typo_line_height_tablet":0,"ocean_menu_typo_line_height_mobile":0,"ocean_menu_typo_line_height_unit":"","ocean_menu_typo_spacing":0,"ocean_menu_typo_spacing_tablet":0,"ocean_menu_typo_spacing_mobile":0,"ocean_menu_typo_spacing_unit":"","ocean_menu_link_color":"","ocean_menu_link_color_hover":"","ocean_menu_link_color_active":"","ocean_menu_link_background":"","ocean_menu_link_hover_background":"","ocean_menu_link_active_background":"","ocean_menu_social_links_bg":"","ocean_menu_social_hover_links_bg":"","ocean_menu_social_links_color":"","ocean_menu_social_hover_links_color":"","ocean_disable_title":"default","ocean_disable_heading":"default","ocean_post_title":"","ocean_post_subheading":"","ocean_post_title_style":"","ocean_post_title_background_color":"","ocean_post_title_background":0,"ocean_post_title_bg_image_position":"","ocean_post_title_bg_image_attachment":"","ocean_post_title_bg_image_repeat":"","ocean_post_title_bg_image_size":"","ocean_post_title_height":0,"ocean_post_title_bg_overlay":0.5,"ocean_post_title_bg_overlay_color":"","ocean_disable_breadcrumbs":"default","ocean_breadcrumbs_color":"","ocean_breadcrumbs_separator_color":"","ocean_breadcrumbs_links_color":"","ocean_breadcrumbs_links_hover_color":"","ocean_display_footer_widgets":"default","ocean_display_footer_bottom":"default","ocean_custom_footer_template":"","ocean_post_oembed":"","ocean_post_self_hosted_media":"","ocean_post_video_embed":"","ocean_link_format":"","ocean_link_format_target":"self","ocean_quote_format":"","ocean_quote_format_link":"post","ocean_gallery_link_images":"on","ocean_gallery_id":[],"footnotes":""},"categories":[133],"tags":[139],"class_list":["post-56395","post","type-post","status-publish","format-standard","has-post-thumbnail","hentry","category-notizie","tag-notizie-di-la-ccis","entry","has-media"],"yoast_head":"<!-- This site is optimized with the Yoast SEO plugin v27.4 - https:\/\/yoast.com\/product\/yoast-seo-wordpress\/ -->\n<title>WEBINAR: \u00abWHISTLEBLOWING EN ESPA\u00d1A E ITALIA\u00bb - Italcamara<\/title>\n<meta name=\"robots\" content=\"index, follow, max-snippet:-1, max-image-preview:large, max-video-preview:-1\" \/>\n<link rel=\"canonical\" href=\"https:\/\/italcamara-es.com\/noticias\/webinar-whistleblowing-en-espana-e-italia\/\" \/>\n<meta property=\"og:locale\" content=\"it_IT\" \/>\n<meta property=\"og:type\" content=\"article\" \/>\n<meta property=\"og:title\" content=\"WEBINAR: \u00abWHISTLEBLOWING EN ESPA\u00d1A E ITALIA\u00bb - Italcamara\" \/>\n<meta property=\"og:description\" content=\"La CCIS organizza in collaborazione con R\u00f6dl &amp; Partner il webinar &#8220;Whistleblowing in Spagna&#8221;, soluzioni congiunte in Spagna e in Italia. Il webinar si terr\u00e0 mercoled\u00ec 27 settembre alle ore 9:00. Le aziende spagnole e italiane si stanno adeguando alla normativa nazionale sul whistleblowing, che introduce l&#8217;obbligo di implementare un canale di denuncia anonimo e [&hellip;]\" \/>\n<meta property=\"og:url\" content=\"https:\/\/italcamara-es.com\/noticias\/webinar-whistleblowing-en-espana-e-italia\/\" \/>\n<meta property=\"og:site_name\" content=\"Italcamara\" \/>\n<meta property=\"article:published_time\" content=\"2023-09-18T10:47:25+00:00\" \/>\n<meta property=\"article:modified_time\" content=\"2025-03-30T12:40:58+00:00\" \/>\n<meta property=\"og:image\" content=\"https:\/\/italcamara-es.com\/wp-content\/uploads\/2025\/03\/1372f913-0b0a-1109-d334-e4b1cff56f5c-1.jpg\" \/>\n\t<meta property=\"og:image:width\" content=\"500\" \/>\n\t<meta property=\"og:image:height\" content=\"280\" \/>\n\t<meta property=\"og:image:type\" content=\"image\/jpeg\" \/>\n<meta name=\"author\" content=\"administrador\" \/>\n<meta name=\"twitter:card\" content=\"summary_large_image\" \/>\n<meta name=\"twitter:label1\" content=\"Scritto da\" \/>\n\t<meta name=\"twitter:data1\" content=\"administrador\" \/>\n\t<meta name=\"twitter:label2\" content=\"Tempo di lettura stimato\" \/>\n\t<meta name=\"twitter:data2\" content=\"1 minuto\" \/>\n<script type=\"application\/ld+json\" class=\"yoast-schema-graph\">{\"@context\":\"https:\\\/\\\/schema.org\",\"@graph\":[{\"@type\":\"Article\",\"@id\":\"https:\\\/\\\/italcamara-es.com\\\/noticias\\\/webinar-whistleblowing-en-espana-e-italia\\\/#article\",\"isPartOf\":{\"@id\":\"https:\\\/\\\/italcamara-es.com\\\/noticias\\\/webinar-whistleblowing-en-espana-e-italia\\\/\"},\"author\":{\"name\":\"administrador\",\"@id\":\"https:\\\/\\\/italcamara-es.com\\\/#\\\/schema\\\/person\\\/bb3c56263e405bbd9a15171dcfee93bb\"},\"headline\":\"WEBINAR: \u00abWHISTLEBLOWING EN ESPA\u00d1A E ITALIA\u00bb\",\"datePublished\":\"2023-09-18T10:47:25+00:00\",\"dateModified\":\"2025-03-30T12:40:58+00:00\",\"mainEntityOfPage\":{\"@id\":\"https:\\\/\\\/italcamara-es.com\\\/noticias\\\/webinar-whistleblowing-en-espana-e-italia\\\/\"},\"wordCount\":197,\"commentCount\":0,\"image\":{\"@id\":\"https:\\\/\\\/italcamara-es.com\\\/noticias\\\/webinar-whistleblowing-en-espana-e-italia\\\/#primaryimage\"},\"thumbnailUrl\":\"https:\\\/\\\/italcamara-es.com\\\/wp-content\\\/uploads\\\/2025\\\/03\\\/1372f913-0b0a-1109-d334-e4b1cff56f5c-1.jpg\",\"keywords\":[\"Notizie di la CCIS\"],\"articleSection\":[\"Notizie\"],\"inLanguage\":\"it-IT\",\"potentialAction\":[{\"@type\":\"CommentAction\",\"name\":\"Comment\",\"target\":[\"https:\\\/\\\/italcamara-es.com\\\/noticias\\\/webinar-whistleblowing-en-espana-e-italia\\\/#respond\"]}]},{\"@type\":\"WebPage\",\"@id\":\"https:\\\/\\\/italcamara-es.com\\\/noticias\\\/webinar-whistleblowing-en-espana-e-italia\\\/\",\"url\":\"https:\\\/\\\/italcamara-es.com\\\/noticias\\\/webinar-whistleblowing-en-espana-e-italia\\\/\",\"name\":\"WEBINAR: \u00abWHISTLEBLOWING EN ESPA\u00d1A E ITALIA\u00bb - Italcamara\",\"isPartOf\":{\"@id\":\"https:\\\/\\\/italcamara-es.com\\\/#website\"},\"primaryImageOfPage\":{\"@id\":\"https:\\\/\\\/italcamara-es.com\\\/noticias\\\/webinar-whistleblowing-en-espana-e-italia\\\/#primaryimage\"},\"image\":{\"@id\":\"https:\\\/\\\/italcamara-es.com\\\/noticias\\\/webinar-whistleblowing-en-espana-e-italia\\\/#primaryimage\"},\"thumbnailUrl\":\"https:\\\/\\\/italcamara-es.com\\\/wp-content\\\/uploads\\\/2025\\\/03\\\/1372f913-0b0a-1109-d334-e4b1cff56f5c-1.jpg\",\"datePublished\":\"2023-09-18T10:47:25+00:00\",\"dateModified\":\"2025-03-30T12:40:58+00:00\",\"author\":{\"@id\":\"https:\\\/\\\/italcamara-es.com\\\/#\\\/schema\\\/person\\\/bb3c56263e405bbd9a15171dcfee93bb\"},\"breadcrumb\":{\"@id\":\"https:\\\/\\\/italcamara-es.com\\\/noticias\\\/webinar-whistleblowing-en-espana-e-italia\\\/#breadcrumb\"},\"inLanguage\":\"it-IT\",\"potentialAction\":[{\"@type\":\"ReadAction\",\"target\":[\"https:\\\/\\\/italcamara-es.com\\\/noticias\\\/webinar-whistleblowing-en-espana-e-italia\\\/\"]}]},{\"@type\":\"ImageObject\",\"inLanguage\":\"it-IT\",\"@id\":\"https:\\\/\\\/italcamara-es.com\\\/noticias\\\/webinar-whistleblowing-en-espana-e-italia\\\/#primaryimage\",\"url\":\"https:\\\/\\\/italcamara-es.com\\\/wp-content\\\/uploads\\\/2025\\\/03\\\/1372f913-0b0a-1109-d334-e4b1cff56f5c-1.jpg\",\"contentUrl\":\"https:\\\/\\\/italcamara-es.com\\\/wp-content\\\/uploads\\\/2025\\\/03\\\/1372f913-0b0a-1109-d334-e4b1cff56f5c-1.jpg\",\"width\":500,\"height\":280},{\"@type\":\"BreadcrumbList\",\"@id\":\"https:\\\/\\\/italcamara-es.com\\\/noticias\\\/webinar-whistleblowing-en-espana-e-italia\\\/#breadcrumb\",\"itemListElement\":[{\"@type\":\"ListItem\",\"position\":1,\"name\":\"Inicio\",\"item\":\"https:\\\/\\\/italcamara-es.com\\\/it\\\/homepage-ita\\\/\"},{\"@type\":\"ListItem\",\"position\":2,\"name\":\"WEBINAR: \u00abWHISTLEBLOWING EN ESPA\u00d1A E ITALIA\u00bb\"}]},{\"@type\":\"WebSite\",\"@id\":\"https:\\\/\\\/italcamara-es.com\\\/#website\",\"url\":\"https:\\\/\\\/italcamara-es.com\\\/\",\"name\":\"Italcamara\",\"description\":\"\",\"potentialAction\":[{\"@type\":\"SearchAction\",\"target\":{\"@type\":\"EntryPoint\",\"urlTemplate\":\"https:\\\/\\\/italcamara-es.com\\\/?s={search_term_string}\"},\"query-input\":{\"@type\":\"PropertyValueSpecification\",\"valueRequired\":true,\"valueName\":\"search_term_string\"}}],\"inLanguage\":\"it-IT\"},{\"@type\":\"Person\",\"@id\":\"https:\\\/\\\/italcamara-es.com\\\/#\\\/schema\\\/person\\\/bb3c56263e405bbd9a15171dcfee93bb\",\"name\":\"administrador\",\"image\":{\"@type\":\"ImageObject\",\"inLanguage\":\"it-IT\",\"@id\":\"https:\\\/\\\/secure.gravatar.com\\\/avatar\\\/14b5e63db38320b12031bb28cf9f77e210aa71fb3a8a3602a3c9a05134fa75eb?s=96&d=mm&r=g\",\"url\":\"https:\\\/\\\/secure.gravatar.com\\\/avatar\\\/14b5e63db38320b12031bb28cf9f77e210aa71fb3a8a3602a3c9a05134fa75eb?s=96&d=mm&r=g\",\"contentUrl\":\"https:\\\/\\\/secure.gravatar.com\\\/avatar\\\/14b5e63db38320b12031bb28cf9f77e210aa71fb3a8a3602a3c9a05134fa75eb?s=96&d=mm&r=g\",\"caption\":\"administrador\"},\"sameAs\":[\"http:\\\/\\\/pre.italcamara-es.com\"],\"url\":\"https:\\\/\\\/italcamara-es.com\\\/it\\\/author\\\/administrador\\\/\"}]}<\/script>\n<!-- \/ Yoast SEO plugin. -->","yoast_head_json":{"title":"WEBINAR: \u00abWHISTLEBLOWING EN ESPA\u00d1A E ITALIA\u00bb - Italcamara","robots":{"index":"index","follow":"follow","max-snippet":"max-snippet:-1","max-image-preview":"max-image-preview:large","max-video-preview":"max-video-preview:-1"},"canonical":"https:\/\/italcamara-es.com\/noticias\/webinar-whistleblowing-en-espana-e-italia\/","og_locale":"it_IT","og_type":"article","og_title":"WEBINAR: \u00abWHISTLEBLOWING EN ESPA\u00d1A E ITALIA\u00bb - Italcamara","og_description":"La CCIS organizza in collaborazione con R\u00f6dl &amp; Partner il webinar &#8220;Whistleblowing in Spagna&#8221;, soluzioni congiunte in Spagna e in Italia. Il webinar si terr\u00e0 mercoled\u00ec 27 settembre alle ore 9:00. Le aziende spagnole e italiane si stanno adeguando alla normativa nazionale sul whistleblowing, che introduce l&#8217;obbligo di implementare un canale di denuncia anonimo e [&hellip;]","og_url":"https:\/\/italcamara-es.com\/noticias\/webinar-whistleblowing-en-espana-e-italia\/","og_site_name":"Italcamara","article_published_time":"2023-09-18T10:47:25+00:00","article_modified_time":"2025-03-30T12:40:58+00:00","og_image":[{"width":500,"height":280,"url":"https:\/\/italcamara-es.com\/wp-content\/uploads\/2025\/03\/1372f913-0b0a-1109-d334-e4b1cff56f5c-1.jpg","type":"image\/jpeg"}],"author":"administrador","twitter_card":"summary_large_image","twitter_misc":{"Scritto da":"administrador","Tempo di lettura stimato":"1 minuto"},"schema":{"@context":"https:\/\/schema.org","@graph":[{"@type":"Article","@id":"https:\/\/italcamara-es.com\/noticias\/webinar-whistleblowing-en-espana-e-italia\/#article","isPartOf":{"@id":"https:\/\/italcamara-es.com\/noticias\/webinar-whistleblowing-en-espana-e-italia\/"},"author":{"name":"administrador","@id":"https:\/\/italcamara-es.com\/#\/schema\/person\/bb3c56263e405bbd9a15171dcfee93bb"},"headline":"WEBINAR: \u00abWHISTLEBLOWING EN ESPA\u00d1A E ITALIA\u00bb","datePublished":"2023-09-18T10:47:25+00:00","dateModified":"2025-03-30T12:40:58+00:00","mainEntityOfPage":{"@id":"https:\/\/italcamara-es.com\/noticias\/webinar-whistleblowing-en-espana-e-italia\/"},"wordCount":197,"commentCount":0,"image":{"@id":"https:\/\/italcamara-es.com\/noticias\/webinar-whistleblowing-en-espana-e-italia\/#primaryimage"},"thumbnailUrl":"https:\/\/italcamara-es.com\/wp-content\/uploads\/2025\/03\/1372f913-0b0a-1109-d334-e4b1cff56f5c-1.jpg","keywords":["Notizie di la CCIS"],"articleSection":["Notizie"],"inLanguage":"it-IT","potentialAction":[{"@type":"CommentAction","name":"Comment","target":["https:\/\/italcamara-es.com\/noticias\/webinar-whistleblowing-en-espana-e-italia\/#respond"]}]},{"@type":"WebPage","@id":"https:\/\/italcamara-es.com\/noticias\/webinar-whistleblowing-en-espana-e-italia\/","url":"https:\/\/italcamara-es.com\/noticias\/webinar-whistleblowing-en-espana-e-italia\/","name":"WEBINAR: \u00abWHISTLEBLOWING EN ESPA\u00d1A E ITALIA\u00bb - Italcamara","isPartOf":{"@id":"https:\/\/italcamara-es.com\/#website"},"primaryImageOfPage":{"@id":"https:\/\/italcamara-es.com\/noticias\/webinar-whistleblowing-en-espana-e-italia\/#primaryimage"},"image":{"@id":"https:\/\/italcamara-es.com\/noticias\/webinar-whistleblowing-en-espana-e-italia\/#primaryimage"},"thumbnailUrl":"https:\/\/italcamara-es.com\/wp-content\/uploads\/2025\/03\/1372f913-0b0a-1109-d334-e4b1cff56f5c-1.jpg","datePublished":"2023-09-18T10:47:25+00:00","dateModified":"2025-03-30T12:40:58+00:00","author":{"@id":"https:\/\/italcamara-es.com\/#\/schema\/person\/bb3c56263e405bbd9a15171dcfee93bb"},"breadcrumb":{"@id":"https:\/\/italcamara-es.com\/noticias\/webinar-whistleblowing-en-espana-e-italia\/#breadcrumb"},"inLanguage":"it-IT","potentialAction":[{"@type":"ReadAction","target":["https:\/\/italcamara-es.com\/noticias\/webinar-whistleblowing-en-espana-e-italia\/"]}]},{"@type":"ImageObject","inLanguage":"it-IT","@id":"https:\/\/italcamara-es.com\/noticias\/webinar-whistleblowing-en-espana-e-italia\/#primaryimage","url":"https:\/\/italcamara-es.com\/wp-content\/uploads\/2025\/03\/1372f913-0b0a-1109-d334-e4b1cff56f5c-1.jpg","contentUrl":"https:\/\/italcamara-es.com\/wp-content\/uploads\/2025\/03\/1372f913-0b0a-1109-d334-e4b1cff56f5c-1.jpg","width":500,"height":280},{"@type":"BreadcrumbList","@id":"https:\/\/italcamara-es.com\/noticias\/webinar-whistleblowing-en-espana-e-italia\/#breadcrumb","itemListElement":[{"@type":"ListItem","position":1,"name":"Inicio","item":"https:\/\/italcamara-es.com\/it\/homepage-ita\/"},{"@type":"ListItem","position":2,"name":"WEBINAR: \u00abWHISTLEBLOWING EN ESPA\u00d1A E ITALIA\u00bb"}]},{"@type":"WebSite","@id":"https:\/\/italcamara-es.com\/#website","url":"https:\/\/italcamara-es.com\/","name":"Italcamara","description":"","potentialAction":[{"@type":"SearchAction","target":{"@type":"EntryPoint","urlTemplate":"https:\/\/italcamara-es.com\/?s={search_term_string}"},"query-input":{"@type":"PropertyValueSpecification","valueRequired":true,"valueName":"search_term_string"}}],"inLanguage":"it-IT"},{"@type":"Person","@id":"https:\/\/italcamara-es.com\/#\/schema\/person\/bb3c56263e405bbd9a15171dcfee93bb","name":"administrador","image":{"@type":"ImageObject","inLanguage":"it-IT","@id":"https:\/\/secure.gravatar.com\/avatar\/14b5e63db38320b12031bb28cf9f77e210aa71fb3a8a3602a3c9a05134fa75eb?s=96&d=mm&r=g","url":"https:\/\/secure.gravatar.com\/avatar\/14b5e63db38320b12031bb28cf9f77e210aa71fb3a8a3602a3c9a05134fa75eb?s=96&d=mm&r=g","contentUrl":"https:\/\/secure.gravatar.com\/avatar\/14b5e63db38320b12031bb28cf9f77e210aa71fb3a8a3602a3c9a05134fa75eb?s=96&d=mm&r=g","caption":"administrador"},"sameAs":["http:\/\/pre.italcamara-es.com"],"url":"https:\/\/italcamara-es.com\/it\/author\/administrador\/"}]}},"rttpg_featured_image_url":{"full":["https:\/\/italcamara-es.com\/wp-content\/uploads\/2025\/03\/1372f913-0b0a-1109-d334-e4b1cff56f5c-1.jpg",500,280,false],"landscape":["https:\/\/italcamara-es.com\/wp-content\/uploads\/2025\/03\/1372f913-0b0a-1109-d334-e4b1cff56f5c-1.jpg",500,280,false],"portraits":["https:\/\/italcamara-es.com\/wp-content\/uploads\/2025\/03\/1372f913-0b0a-1109-d334-e4b1cff56f5c-1.jpg",500,280,false],"thumbnail":["https:\/\/italcamara-es.com\/wp-content\/uploads\/2025\/03\/1372f913-0b0a-1109-d334-e4b1cff56f5c-1-150x150.jpg",150,150,true],"medium":["https:\/\/italcamara-es.com\/wp-content\/uploads\/2025\/03\/1372f913-0b0a-1109-d334-e4b1cff56f5c-1-300x168.jpg",300,168,true],"large":["https:\/\/italcamara-es.com\/wp-content\/uploads\/2025\/03\/1372f913-0b0a-1109-d334-e4b1cff56f5c-1.jpg",500,280,false],"1536x1536":["https:\/\/italcamara-es.com\/wp-content\/uploads\/2025\/03\/1372f913-0b0a-1109-d334-e4b1cff56f5c-1.jpg",500,280,false],"2048x2048":["https:\/\/italcamara-es.com\/wp-content\/uploads\/2025\/03\/1372f913-0b0a-1109-d334-e4b1cff56f5c-1.jpg",500,280,false],"ocean-thumb-m":["https:\/\/italcamara-es.com\/wp-content\/uploads\/2025\/03\/1372f913-0b0a-1109-d334-e4b1cff56f5c-1.jpg",500,280,false],"ocean-thumb-ml":["https:\/\/italcamara-es.com\/wp-content\/uploads\/2025\/03\/1372f913-0b0a-1109-d334-e4b1cff56f5c-1.jpg",500,280,false],"ocean-thumb-l":["https:\/\/italcamara-es.com\/wp-content\/uploads\/2025\/03\/1372f913-0b0a-1109-d334-e4b1cff56f5c-1.jpg",500,280,false],"directorist_preview":["https:\/\/italcamara-es.com\/wp-content\/uploads\/2025\/03\/1372f913-0b0a-1109-d334-e4b1cff56f5c-1.jpg",500,280,false]},"rttpg_author":{"display_name":"administrador","author_link":"https:\/\/italcamara-es.com\/it\/author\/administrador\/"},"rttpg_comment":0,"rttpg_category":"<a href=\"https:\/\/italcamara-es.com\/it\/category\/notizie\/\" rel=\"category tag\">Notizie<\/a>","rttpg_excerpt":"La CCIS organizza in collaborazione con R\u00f6dl &amp; Partner il webinar &#8220;Whistleblowing in Spagna&#8221;, soluzioni congiunte in Spagna e in Italia. Il webinar si terr\u00e0 mercoled\u00ec 27 settembre alle ore 9:00. Le aziende spagnole e italiane si stanno adeguando alla normativa nazionale sul whistleblowing, che introduce l&#8217;obbligo di implementare un canale di denuncia anonimo e&hellip;","_links":{"self":[{"href":"https:\/\/italcamara-es.com\/it\/wp-json\/wp\/v2\/posts\/56395","targetHints":{"allow":["GET"]}}],"collection":[{"href":"https:\/\/italcamara-es.com\/it\/wp-json\/wp\/v2\/posts"}],"about":[{"href":"https:\/\/italcamara-es.com\/it\/wp-json\/wp\/v2\/types\/post"}],"author":[{"embeddable":true,"href":"https:\/\/italcamara-es.com\/it\/wp-json\/wp\/v2\/users\/1"}],"replies":[{"embeddable":true,"href":"https:\/\/italcamara-es.com\/it\/wp-json\/wp\/v2\/comments?post=56395"}],"version-history":[{"count":1,"href":"https:\/\/italcamara-es.com\/it\/wp-json\/wp\/v2\/posts\/56395\/revisions"}],"predecessor-version":[{"id":57242,"href":"https:\/\/italcamara-es.com\/it\/wp-json\/wp\/v2\/posts\/56395\/revisions\/57242"}],"wp:featuredmedia":[{"embeddable":true,"href":"https:\/\/italcamara-es.com\/it\/wp-json\/wp\/v2\/media\/52739"}],"wp:attachment":[{"href":"https:\/\/italcamara-es.com\/it\/wp-json\/wp\/v2\/media?parent=56395"}],"wp:term":[{"taxonomy":"category","embeddable":true,"href":"https:\/\/italcamara-es.com\/it\/wp-json\/wp\/v2\/categories?post=56395"},{"taxonomy":"post_tag","embeddable":true,"href":"https:\/\/italcamara-es.com\/it\/wp-json\/wp\/v2\/tags?post=56395"}],"curies":[{"name":"wp","href":"https:\/\/api.w.org\/{rel}","templated":true}]}}