	{"id":56404,"date":"2023-10-03T12:52:51","date_gmt":"2023-10-03T10:52:51","guid":{"rendered":"http:\/\/pre.italcamara-es.com\/senza-categoria\/seminario-actoras-no-actrices-liderazgo-en-evolucion\/"},"modified":"2023-10-03T12:52:51","modified_gmt":"2023-10-03T10:52:51","slug":"seminario-actoras-no-actrices-liderazgo-en-evolucion","status":"publish","type":"post","link":"https:\/\/italcamara-es.com\/it\/notizie\/seminario-actoras-no-actrices-liderazgo-en-evolucion\/","title":{"rendered":"Seminario: &#8220;Actoras, no actrices: liderazgo en evoluci\u00f3n&#8221;"},"content":{"rendered":"\n<p>Nella mattinata di luned\u00ec <strong>2 ottobre<\/strong>, presso la sede di Ericsson a Madrid, si \u00e8 tenuto l&#8217;<strong>evento <\/strong><em>Actoras, no actrices: liderazgo en evoluci\u00f3n<\/em>, <strong>organizzato dalle Camere di Commercio Europee in Spagna.<\/strong> L&#8217;incontro si \u00e8 svolto con l&#8217;obiettivo di discutere come le donne che occupano posizioni decisionali possano utilizzare il loro differenziale per guidare la trasformazione, soprattutto quando non hanno riferimenti femminili nel loro campo.  <\/p>\n\n\n\n<p>Dopo l&#8217;apertura di <strong>Carmen Sanz<\/strong>, Presidente delle Camere di Commercio Europee, ha preso la parola <strong>Sari Rautio<\/strong>, Ambasciatore della Finlandia in Spagna, che ha condiviso alcuni dati stimolanti: &#8220;<em>In Finlandia, il 38% delle donne \u00e8 gi\u00e0 alla guida dei consigli di amministrazione. Congratulazioni alla Spagna per essere alla pari! La Norvegia \u00e8 in testa con un impressionante 43%. Anche se la remunerazione delle donne non \u00e8 sempre uguale a quella degli uomini, siamo sulla strada della parit\u00e0<\/em>&#8220;.<\/p>\n\n\n\n<p>A seguire, la giornalista <strong>Lilla S\u00f8lhusvik<\/strong> della NRK (Radio Televisione Norvegese) e scrittrice &#8211; autrice del libro Fordi det er verdt det (Perch\u00e9 ne vale la pena) &#8211; ha condiviso il suo pensiero con il pubblico: &#8220;<em>Le donne generalmente si candidano per lavori impegnativi. Questa \u00e8 la nostra regola<\/em>&#8220;. <\/p>\n\n\n\n<p><strong>Kristin Skogen Lund<\/strong>, CEO di Schibsted, \u00e8 stata l&#8217;oratrice principale dell&#8217;evento. In qualit\u00e0 di pioniera nel suo settore, ha condiviso la sua esperienza: &#8220;<em>Sono sempre stata la prima donna nelle posizioni che ho ricoperto. Dobbiamo avere la forza di avere un impatto sulle giovani donne. Le leader devono essere assertivi e forti, ma devono anche possedere empatia e umanit\u00e0<\/em>&#8220;.<\/p>\n\n\n\n<p>Durante la seconda parte dell&#8217;evento si \u00e8 svolta una tavola rotonda moderata da <strong>Rafael Riquelme S\u00e1nchez De La Vi\u00f1a<\/strong>, socio de AEMENER. Associazione spagnola delle donne dell&#8217;energia e direttore generale di LORADIX RED. Hanno preso parte alla tavola rotonda<strong> M\u00f3nica Andr\u00e9s<\/strong>, Vicepresidente esecutivo per l&#8217;Europa di Vara International, <strong>Alexandra De Marichalar<\/strong>, Responsabile dell&#8217;Eolico Offshore Iberico di Total Energies e partner di AEMENER, <strong>Mar\u00eda Concepci\u00f3n Serrano L\u00f3pez-Terradas<\/strong>, del CSIC; <strong>Mar\u00eda Luz Garc\u00eda De Castro<\/strong>, Direttore delle Persone di Ericsson Iberia, <strong>Miriam Izquierdo<\/strong>, Presidente della Fundaci\u00f3n Woman Forward e Pilar Palomar, Responsabile della Diversit\u00e0 e della Parit\u00e0 di Fidelidade Espa\u00f1a. Nel corso del colloquio, i relatori hanno sottolineato la responsabilit\u00e0 di agire ora per aprire la strada alle nuove generazioni e far s\u00ec che queste possano contare su figure di ispirazione.<\/p>\n\n\n\n<p>Inoltre, i partecipanti hanno condiviso consigli per professioniste che occupano posizioni decisionali o per coloro che sono alle soglie della propria carriera: saper negoziare, trovare mentori e sponsor all&#8217;interno dell&#8217;organizzazione, riconoscere il proprio valore e sviluppare le capacit\u00e0 relazionali sono alcuni dei consigli da tenere in considerazione.<\/p>\n\n\n\n<p><\/p>\n","protected":false},"excerpt":{"rendered":"<p>Nella mattinata di luned\u00ec 2 ottobre, presso la sede di Ericsson a Madrid, si \u00e8 tenuto l&#8217;evento Actoras, no actrices: liderazgo en evoluci\u00f3n, organizzato dalle Camere di Commercio Europee in Spagna. L&#8217;incontro si \u00e8 svolto con l&#8217;obiettivo di discutere come le donne che occupano posizioni decisionali possano utilizzare il loro differenziale per guidare la trasformazione, [&hellip;]<\/p>\n","protected":false},"author":1,"featured_media":56405,"comment_status":"open","ping_status":"open","sticky":false,"template":"","format":"standard","meta":{"inline_featured_image":false,"ocean_post_layout":"","ocean_both_sidebars_style":"","ocean_both_sidebars_content_width":0,"ocean_both_sidebars_sidebars_width":0,"ocean_sidebar":"","ocean_second_sidebar":"","ocean_disable_margins":"enable","ocean_add_body_class":"","ocean_shortcode_before_top_bar":"","ocean_shortcode_after_top_bar":"","ocean_shortcode_before_header":"","ocean_shortcode_after_header":"","ocean_has_shortcode":"","ocean_shortcode_after_title":"","ocean_shortcode_before_footer_widgets":"","ocean_shortcode_after_footer_widgets":"","ocean_shortcode_before_footer_bottom":"","ocean_shortcode_after_footer_bottom":"","ocean_display_top_bar":"default","ocean_display_header":"default","ocean_header_style":"","ocean_center_header_left_menu":"","ocean_custom_header_template":"","ocean_custom_logo":0,"ocean_custom_retina_logo":0,"ocean_custom_logo_max_width":0,"ocean_custom_logo_tablet_max_width":0,"ocean_custom_logo_mobile_max_width":0,"ocean_custom_logo_max_height":0,"ocean_custom_logo_tablet_max_height":0,"ocean_custom_logo_mobile_max_height":0,"ocean_header_custom_menu":"","ocean_menu_typo_font_family":"","ocean_menu_typo_font_subset":"","ocean_menu_typo_font_size":0,"ocean_menu_typo_font_size_tablet":0,"ocean_menu_typo_font_size_mobile":0,"ocean_menu_typo_font_size_unit":"px","ocean_menu_typo_font_weight":"","ocean_menu_typo_font_weight_tablet":"","ocean_menu_typo_font_weight_mobile":"","ocean_menu_typo_transform":"","ocean_menu_typo_transform_tablet":"","ocean_menu_typo_transform_mobile":"","ocean_menu_typo_line_height":0,"ocean_menu_typo_line_height_tablet":0,"ocean_menu_typo_line_height_mobile":0,"ocean_menu_typo_line_height_unit":"","ocean_menu_typo_spacing":0,"ocean_menu_typo_spacing_tablet":0,"ocean_menu_typo_spacing_mobile":0,"ocean_menu_typo_spacing_unit":"","ocean_menu_link_color":"","ocean_menu_link_color_hover":"","ocean_menu_link_color_active":"","ocean_menu_link_background":"","ocean_menu_link_hover_background":"","ocean_menu_link_active_background":"","ocean_menu_social_links_bg":"","ocean_menu_social_hover_links_bg":"","ocean_menu_social_links_color":"","ocean_menu_social_hover_links_color":"","ocean_disable_title":"default","ocean_disable_heading":"default","ocean_post_title":"","ocean_post_subheading":"","ocean_post_title_style":"","ocean_post_title_background_color":"","ocean_post_title_background":0,"ocean_post_title_bg_image_position":"","ocean_post_title_bg_image_attachment":"","ocean_post_title_bg_image_repeat":"","ocean_post_title_bg_image_size":"","ocean_post_title_height":0,"ocean_post_title_bg_overlay":0.5,"ocean_post_title_bg_overlay_color":"","ocean_disable_breadcrumbs":"default","ocean_breadcrumbs_color":"","ocean_breadcrumbs_separator_color":"","ocean_breadcrumbs_links_color":"","ocean_breadcrumbs_links_hover_color":"","ocean_display_footer_widgets":"default","ocean_display_footer_bottom":"default","ocean_custom_footer_template":"","ocean_post_oembed":"","ocean_post_self_hosted_media":"","ocean_post_video_embed":"","ocean_link_format":"","ocean_link_format_target":"self","ocean_quote_format":"","ocean_quote_format_link":"post","ocean_gallery_link_images":"on","ocean_gallery_id":[],"footnotes":""},"categories":[133],"tags":[139],"class_list":["post-56404","post","type-post","status-publish","format-standard","has-post-thumbnail","hentry","category-notizie","tag-notizie-di-la-ccis","entry","has-media"],"yoast_head":"<!-- This site is optimized with the Yoast SEO plugin v27.4 - https:\/\/yoast.com\/product\/yoast-seo-wordpress\/ -->\n<title>Seminario: &quot;Actoras, no actrices: liderazgo en evoluci\u00f3n&quot; - Italcamara<\/title>\n<meta name=\"robots\" content=\"index, follow, max-snippet:-1, max-image-preview:large, max-video-preview:-1\" \/>\n<link rel=\"canonical\" href=\"https:\/\/italcamara-es.com\/noticias\/seminario-actoras-no-actrices-liderazgo-en-evolucion\/\" \/>\n<meta property=\"og:locale\" content=\"it_IT\" \/>\n<meta property=\"og:type\" content=\"article\" \/>\n<meta property=\"og:title\" content=\"Seminario: &quot;Actoras, no actrices: liderazgo en evoluci\u00f3n&quot; - Italcamara\" \/>\n<meta property=\"og:description\" content=\"Nella mattinata di luned\u00ec 2 ottobre, presso la sede di Ericsson a Madrid, si \u00e8 tenuto l&#8217;evento Actoras, no actrices: liderazgo en evoluci\u00f3n, organizzato dalle Camere di Commercio Europee in Spagna. L&#8217;incontro si \u00e8 svolto con l&#8217;obiettivo di discutere come le donne che occupano posizioni decisionali possano utilizzare il loro differenziale per guidare la trasformazione, [&hellip;]\" \/>\n<meta property=\"og:url\" content=\"https:\/\/italcamara-es.com\/noticias\/seminario-actoras-no-actrices-liderazgo-en-evolucion\/\" \/>\n<meta property=\"og:site_name\" content=\"Italcamara\" \/>\n<meta property=\"article:published_time\" content=\"2023-10-03T10:52:51+00:00\" \/>\n<meta property=\"og:image\" content=\"https:\/\/italcamara-es.com\/wp-content\/uploads\/2025\/03\/foto-seminario-actoras-500-1.jpeg\" \/>\n\t<meta property=\"og:image:width\" content=\"500\" \/>\n\t<meta property=\"og:image:height\" content=\"280\" \/>\n\t<meta property=\"og:image:type\" content=\"image\/jpeg\" \/>\n<meta name=\"author\" content=\"administrador\" \/>\n<meta name=\"twitter:card\" content=\"summary_large_image\" \/>\n<meta name=\"twitter:label1\" content=\"Scritto da\" \/>\n\t<meta name=\"twitter:data1\" content=\"administrador\" \/>\n\t<meta name=\"twitter:label2\" content=\"Tempo di lettura stimato\" \/>\n\t<meta name=\"twitter:data2\" content=\"2 minuti\" \/>\n<script type=\"application\/ld+json\" class=\"yoast-schema-graph\">{\"@context\":\"https:\\\/\\\/schema.org\",\"@graph\":[{\"@type\":\"Article\",\"@id\":\"https:\\\/\\\/italcamara-es.com\\\/noticias\\\/seminario-actoras-no-actrices-liderazgo-en-evolucion\\\/#article\",\"isPartOf\":{\"@id\":\"https:\\\/\\\/italcamara-es.com\\\/noticias\\\/seminario-actoras-no-actrices-liderazgo-en-evolucion\\\/\"},\"author\":{\"name\":\"administrador\",\"@id\":\"https:\\\/\\\/italcamara-es.com\\\/#\\\/schema\\\/person\\\/bb3c56263e405bbd9a15171dcfee93bb\"},\"headline\":\"Seminario: &#8220;Actoras, no actrices: liderazgo en evoluci\u00f3n&#8221;\",\"datePublished\":\"2023-10-03T10:52:51+00:00\",\"mainEntityOfPage\":{\"@id\":\"https:\\\/\\\/italcamara-es.com\\\/noticias\\\/seminario-actoras-no-actrices-liderazgo-en-evolucion\\\/\"},\"wordCount\":447,\"commentCount\":0,\"image\":{\"@id\":\"https:\\\/\\\/italcamara-es.com\\\/noticias\\\/seminario-actoras-no-actrices-liderazgo-en-evolucion\\\/#primaryimage\"},\"thumbnailUrl\":\"https:\\\/\\\/italcamara-es.com\\\/wp-content\\\/uploads\\\/2025\\\/03\\\/foto-seminario-actoras-500-1.jpeg\",\"keywords\":[\"Notizie di la CCIS\"],\"articleSection\":[\"Notizie\"],\"inLanguage\":\"it-IT\",\"potentialAction\":[{\"@type\":\"CommentAction\",\"name\":\"Comment\",\"target\":[\"https:\\\/\\\/italcamara-es.com\\\/noticias\\\/seminario-actoras-no-actrices-liderazgo-en-evolucion\\\/#respond\"]}]},{\"@type\":\"WebPage\",\"@id\":\"https:\\\/\\\/italcamara-es.com\\\/noticias\\\/seminario-actoras-no-actrices-liderazgo-en-evolucion\\\/\",\"url\":\"https:\\\/\\\/italcamara-es.com\\\/noticias\\\/seminario-actoras-no-actrices-liderazgo-en-evolucion\\\/\",\"name\":\"Seminario: \\\"Actoras, no actrices: liderazgo en evoluci\u00f3n\\\" - Italcamara\",\"isPartOf\":{\"@id\":\"https:\\\/\\\/italcamara-es.com\\\/#website\"},\"primaryImageOfPage\":{\"@id\":\"https:\\\/\\\/italcamara-es.com\\\/noticias\\\/seminario-actoras-no-actrices-liderazgo-en-evolucion\\\/#primaryimage\"},\"image\":{\"@id\":\"https:\\\/\\\/italcamara-es.com\\\/noticias\\\/seminario-actoras-no-actrices-liderazgo-en-evolucion\\\/#primaryimage\"},\"thumbnailUrl\":\"https:\\\/\\\/italcamara-es.com\\\/wp-content\\\/uploads\\\/2025\\\/03\\\/foto-seminario-actoras-500-1.jpeg\",\"datePublished\":\"2023-10-03T10:52:51+00:00\",\"author\":{\"@id\":\"https:\\\/\\\/italcamara-es.com\\\/#\\\/schema\\\/person\\\/bb3c56263e405bbd9a15171dcfee93bb\"},\"breadcrumb\":{\"@id\":\"https:\\\/\\\/italcamara-es.com\\\/noticias\\\/seminario-actoras-no-actrices-liderazgo-en-evolucion\\\/#breadcrumb\"},\"inLanguage\":\"it-IT\",\"potentialAction\":[{\"@type\":\"ReadAction\",\"target\":[\"https:\\\/\\\/italcamara-es.com\\\/noticias\\\/seminario-actoras-no-actrices-liderazgo-en-evolucion\\\/\"]}]},{\"@type\":\"ImageObject\",\"inLanguage\":\"it-IT\",\"@id\":\"https:\\\/\\\/italcamara-es.com\\\/noticias\\\/seminario-actoras-no-actrices-liderazgo-en-evolucion\\\/#primaryimage\",\"url\":\"https:\\\/\\\/italcamara-es.com\\\/wp-content\\\/uploads\\\/2025\\\/03\\\/foto-seminario-actoras-500-1.jpeg\",\"contentUrl\":\"https:\\\/\\\/italcamara-es.com\\\/wp-content\\\/uploads\\\/2025\\\/03\\\/foto-seminario-actoras-500-1.jpeg\",\"width\":500,\"height\":280},{\"@type\":\"BreadcrumbList\",\"@id\":\"https:\\\/\\\/italcamara-es.com\\\/noticias\\\/seminario-actoras-no-actrices-liderazgo-en-evolucion\\\/#breadcrumb\",\"itemListElement\":[{\"@type\":\"ListItem\",\"position\":1,\"name\":\"Inicio\",\"item\":\"https:\\\/\\\/italcamara-es.com\\\/it\\\/homepage-ita\\\/\"},{\"@type\":\"ListItem\",\"position\":2,\"name\":\"Seminario: \u00abActoras, no actrices: liderazgo en evoluci\u00f3n\u00bb\"}]},{\"@type\":\"WebSite\",\"@id\":\"https:\\\/\\\/italcamara-es.com\\\/#website\",\"url\":\"https:\\\/\\\/italcamara-es.com\\\/\",\"name\":\"Italcamara\",\"description\":\"\",\"potentialAction\":[{\"@type\":\"SearchAction\",\"target\":{\"@type\":\"EntryPoint\",\"urlTemplate\":\"https:\\\/\\\/italcamara-es.com\\\/?s={search_term_string}\"},\"query-input\":{\"@type\":\"PropertyValueSpecification\",\"valueRequired\":true,\"valueName\":\"search_term_string\"}}],\"inLanguage\":\"it-IT\"},{\"@type\":\"Person\",\"@id\":\"https:\\\/\\\/italcamara-es.com\\\/#\\\/schema\\\/person\\\/bb3c56263e405bbd9a15171dcfee93bb\",\"name\":\"administrador\",\"image\":{\"@type\":\"ImageObject\",\"inLanguage\":\"it-IT\",\"@id\":\"https:\\\/\\\/secure.gravatar.com\\\/avatar\\\/14b5e63db38320b12031bb28cf9f77e210aa71fb3a8a3602a3c9a05134fa75eb?s=96&d=mm&r=g\",\"url\":\"https:\\\/\\\/secure.gravatar.com\\\/avatar\\\/14b5e63db38320b12031bb28cf9f77e210aa71fb3a8a3602a3c9a05134fa75eb?s=96&d=mm&r=g\",\"contentUrl\":\"https:\\\/\\\/secure.gravatar.com\\\/avatar\\\/14b5e63db38320b12031bb28cf9f77e210aa71fb3a8a3602a3c9a05134fa75eb?s=96&d=mm&r=g\",\"caption\":\"administrador\"},\"sameAs\":[\"http:\\\/\\\/pre.italcamara-es.com\"],\"url\":\"https:\\\/\\\/italcamara-es.com\\\/it\\\/author\\\/administrador\\\/\"}]}<\/script>\n<!-- \/ Yoast SEO plugin. -->","yoast_head_json":{"title":"Seminario: \"Actoras, no actrices: liderazgo en evoluci\u00f3n\" - Italcamara","robots":{"index":"index","follow":"follow","max-snippet":"max-snippet:-1","max-image-preview":"max-image-preview:large","max-video-preview":"max-video-preview:-1"},"canonical":"https:\/\/italcamara-es.com\/noticias\/seminario-actoras-no-actrices-liderazgo-en-evolucion\/","og_locale":"it_IT","og_type":"article","og_title":"Seminario: \"Actoras, no actrices: liderazgo en evoluci\u00f3n\" - Italcamara","og_description":"Nella mattinata di luned\u00ec 2 ottobre, presso la sede di Ericsson a Madrid, si \u00e8 tenuto l&#8217;evento Actoras, no actrices: liderazgo en evoluci\u00f3n, organizzato dalle Camere di Commercio Europee in Spagna. L&#8217;incontro si \u00e8 svolto con l&#8217;obiettivo di discutere come le donne che occupano posizioni decisionali possano utilizzare il loro differenziale per guidare la trasformazione, [&hellip;]","og_url":"https:\/\/italcamara-es.com\/noticias\/seminario-actoras-no-actrices-liderazgo-en-evolucion\/","og_site_name":"Italcamara","article_published_time":"2023-10-03T10:52:51+00:00","og_image":[{"width":500,"height":280,"url":"https:\/\/italcamara-es.com\/wp-content\/uploads\/2025\/03\/foto-seminario-actoras-500-1.jpeg","type":"image\/jpeg"}],"author":"administrador","twitter_card":"summary_large_image","twitter_misc":{"Scritto da":"administrador","Tempo di lettura stimato":"2 minuti"},"schema":{"@context":"https:\/\/schema.org","@graph":[{"@type":"Article","@id":"https:\/\/italcamara-es.com\/noticias\/seminario-actoras-no-actrices-liderazgo-en-evolucion\/#article","isPartOf":{"@id":"https:\/\/italcamara-es.com\/noticias\/seminario-actoras-no-actrices-liderazgo-en-evolucion\/"},"author":{"name":"administrador","@id":"https:\/\/italcamara-es.com\/#\/schema\/person\/bb3c56263e405bbd9a15171dcfee93bb"},"headline":"Seminario: &#8220;Actoras, no actrices: liderazgo en evoluci\u00f3n&#8221;","datePublished":"2023-10-03T10:52:51+00:00","mainEntityOfPage":{"@id":"https:\/\/italcamara-es.com\/noticias\/seminario-actoras-no-actrices-liderazgo-en-evolucion\/"},"wordCount":447,"commentCount":0,"image":{"@id":"https:\/\/italcamara-es.com\/noticias\/seminario-actoras-no-actrices-liderazgo-en-evolucion\/#primaryimage"},"thumbnailUrl":"https:\/\/italcamara-es.com\/wp-content\/uploads\/2025\/03\/foto-seminario-actoras-500-1.jpeg","keywords":["Notizie di la CCIS"],"articleSection":["Notizie"],"inLanguage":"it-IT","potentialAction":[{"@type":"CommentAction","name":"Comment","target":["https:\/\/italcamara-es.com\/noticias\/seminario-actoras-no-actrices-liderazgo-en-evolucion\/#respond"]}]},{"@type":"WebPage","@id":"https:\/\/italcamara-es.com\/noticias\/seminario-actoras-no-actrices-liderazgo-en-evolucion\/","url":"https:\/\/italcamara-es.com\/noticias\/seminario-actoras-no-actrices-liderazgo-en-evolucion\/","name":"Seminario: \"Actoras, no actrices: liderazgo en evoluci\u00f3n\" - Italcamara","isPartOf":{"@id":"https:\/\/italcamara-es.com\/#website"},"primaryImageOfPage":{"@id":"https:\/\/italcamara-es.com\/noticias\/seminario-actoras-no-actrices-liderazgo-en-evolucion\/#primaryimage"},"image":{"@id":"https:\/\/italcamara-es.com\/noticias\/seminario-actoras-no-actrices-liderazgo-en-evolucion\/#primaryimage"},"thumbnailUrl":"https:\/\/italcamara-es.com\/wp-content\/uploads\/2025\/03\/foto-seminario-actoras-500-1.jpeg","datePublished":"2023-10-03T10:52:51+00:00","author":{"@id":"https:\/\/italcamara-es.com\/#\/schema\/person\/bb3c56263e405bbd9a15171dcfee93bb"},"breadcrumb":{"@id":"https:\/\/italcamara-es.com\/noticias\/seminario-actoras-no-actrices-liderazgo-en-evolucion\/#breadcrumb"},"inLanguage":"it-IT","potentialAction":[{"@type":"ReadAction","target":["https:\/\/italcamara-es.com\/noticias\/seminario-actoras-no-actrices-liderazgo-en-evolucion\/"]}]},{"@type":"ImageObject","inLanguage":"it-IT","@id":"https:\/\/italcamara-es.com\/noticias\/seminario-actoras-no-actrices-liderazgo-en-evolucion\/#primaryimage","url":"https:\/\/italcamara-es.com\/wp-content\/uploads\/2025\/03\/foto-seminario-actoras-500-1.jpeg","contentUrl":"https:\/\/italcamara-es.com\/wp-content\/uploads\/2025\/03\/foto-seminario-actoras-500-1.jpeg","width":500,"height":280},{"@type":"BreadcrumbList","@id":"https:\/\/italcamara-es.com\/noticias\/seminario-actoras-no-actrices-liderazgo-en-evolucion\/#breadcrumb","itemListElement":[{"@type":"ListItem","position":1,"name":"Inicio","item":"https:\/\/italcamara-es.com\/it\/homepage-ita\/"},{"@type":"ListItem","position":2,"name":"Seminario: \u00abActoras, no actrices: liderazgo en evoluci\u00f3n\u00bb"}]},{"@type":"WebSite","@id":"https:\/\/italcamara-es.com\/#website","url":"https:\/\/italcamara-es.com\/","name":"Italcamara","description":"","potentialAction":[{"@type":"SearchAction","target":{"@type":"EntryPoint","urlTemplate":"https:\/\/italcamara-es.com\/?s={search_term_string}"},"query-input":{"@type":"PropertyValueSpecification","valueRequired":true,"valueName":"search_term_string"}}],"inLanguage":"it-IT"},{"@type":"Person","@id":"https:\/\/italcamara-es.com\/#\/schema\/person\/bb3c56263e405bbd9a15171dcfee93bb","name":"administrador","image":{"@type":"ImageObject","inLanguage":"it-IT","@id":"https:\/\/secure.gravatar.com\/avatar\/14b5e63db38320b12031bb28cf9f77e210aa71fb3a8a3602a3c9a05134fa75eb?s=96&d=mm&r=g","url":"https:\/\/secure.gravatar.com\/avatar\/14b5e63db38320b12031bb28cf9f77e210aa71fb3a8a3602a3c9a05134fa75eb?s=96&d=mm&r=g","contentUrl":"https:\/\/secure.gravatar.com\/avatar\/14b5e63db38320b12031bb28cf9f77e210aa71fb3a8a3602a3c9a05134fa75eb?s=96&d=mm&r=g","caption":"administrador"},"sameAs":["http:\/\/pre.italcamara-es.com"],"url":"https:\/\/italcamara-es.com\/it\/author\/administrador\/"}]}},"rttpg_featured_image_url":{"full":["https:\/\/italcamara-es.com\/wp-content\/uploads\/2025\/03\/foto-seminario-actoras-500-1.jpeg",500,280,false],"landscape":["https:\/\/italcamara-es.com\/wp-content\/uploads\/2025\/03\/foto-seminario-actoras-500-1.jpeg",500,280,false],"portraits":["https:\/\/italcamara-es.com\/wp-content\/uploads\/2025\/03\/foto-seminario-actoras-500-1.jpeg",500,280,false],"thumbnail":["https:\/\/italcamara-es.com\/wp-content\/uploads\/2025\/03\/foto-seminario-actoras-500-1-150x150.jpeg",150,150,true],"medium":["https:\/\/italcamara-es.com\/wp-content\/uploads\/2025\/03\/foto-seminario-actoras-500-1-300x168.jpeg",300,168,true],"large":["https:\/\/italcamara-es.com\/wp-content\/uploads\/2025\/03\/foto-seminario-actoras-500-1.jpeg",500,280,false],"1536x1536":["https:\/\/italcamara-es.com\/wp-content\/uploads\/2025\/03\/foto-seminario-actoras-500-1.jpeg",500,280,false],"2048x2048":["https:\/\/italcamara-es.com\/wp-content\/uploads\/2025\/03\/foto-seminario-actoras-500-1.jpeg",500,280,false],"ocean-thumb-m":["https:\/\/italcamara-es.com\/wp-content\/uploads\/2025\/03\/foto-seminario-actoras-500-1.jpeg",500,280,false],"ocean-thumb-ml":["https:\/\/italcamara-es.com\/wp-content\/uploads\/2025\/03\/foto-seminario-actoras-500-1.jpeg",500,280,false],"ocean-thumb-l":["https:\/\/italcamara-es.com\/wp-content\/uploads\/2025\/03\/foto-seminario-actoras-500-1.jpeg",500,280,false],"directorist_preview":["https:\/\/italcamara-es.com\/wp-content\/uploads\/2025\/03\/foto-seminario-actoras-500-1.jpeg",500,280,false]},"rttpg_author":{"display_name":"administrador","author_link":"https:\/\/italcamara-es.com\/it\/author\/administrador\/"},"rttpg_comment":0,"rttpg_category":"<a href=\"https:\/\/italcamara-es.com\/it\/category\/notizie\/\" rel=\"category tag\">Notizie<\/a>","rttpg_excerpt":"Nella mattinata di luned\u00ec 2 ottobre, presso la sede di Ericsson a Madrid, si \u00e8 tenuto l&#8217;evento Actoras, no actrices: liderazgo en evoluci\u00f3n, organizzato dalle Camere di Commercio Europee in Spagna. L&#8217;incontro si \u00e8 svolto con l&#8217;obiettivo di discutere come le donne che occupano posizioni decisionali possano utilizzare il loro differenziale per guidare la trasformazione,&hellip;","_links":{"self":[{"href":"https:\/\/italcamara-es.com\/it\/wp-json\/wp\/v2\/posts\/56404","targetHints":{"allow":["GET"]}}],"collection":[{"href":"https:\/\/italcamara-es.com\/it\/wp-json\/wp\/v2\/posts"}],"about":[{"href":"https:\/\/italcamara-es.com\/it\/wp-json\/wp\/v2\/types\/post"}],"author":[{"embeddable":true,"href":"https:\/\/italcamara-es.com\/it\/wp-json\/wp\/v2\/users\/1"}],"replies":[{"embeddable":true,"href":"https:\/\/italcamara-es.com\/it\/wp-json\/wp\/v2\/comments?post=56404"}],"version-history":[{"count":0,"href":"https:\/\/italcamara-es.com\/it\/wp-json\/wp\/v2\/posts\/56404\/revisions"}],"wp:featuredmedia":[{"embeddable":true,"href":"https:\/\/italcamara-es.com\/it\/wp-json\/wp\/v2\/media\/56405"}],"wp:attachment":[{"href":"https:\/\/italcamara-es.com\/it\/wp-json\/wp\/v2\/media?parent=56404"}],"wp:term":[{"taxonomy":"category","embeddable":true,"href":"https:\/\/italcamara-es.com\/it\/wp-json\/wp\/v2\/categories?post=56404"},{"taxonomy":"post_tag","embeddable":true,"href":"https:\/\/italcamara-es.com\/it\/wp-json\/wp\/v2\/tags?post=56404"}],"curies":[{"name":"wp","href":"https:\/\/api.w.org\/{rel}","templated":true}]}}