	{"id":56409,"date":"2023-10-11T10:29:42","date_gmt":"2023-10-11T08:29:42","guid":{"rendered":"http:\/\/pre.italcamara-es.com\/senza-categoria\/la-45o-edizione-di-sigep-si-celebrera-a-rimini-dal-20-al-24-gennaio-2024\/"},"modified":"2025-03-30T14:17:01","modified_gmt":"2025-03-30T12:17:01","slug":"la-45o-edizione-di-sigep-si-celebrera-a-rimini-dal-20-al-24-gennaio-2024","status":"publish","type":"post","link":"https:\/\/italcamara-es.com\/it\/notizie\/la-45o-edizione-di-sigep-si-celebrera-a-rimini-dal-20-al-24-gennaio-2024\/","title":{"rendered":"La 45\u00ba edizione di Sigep si celebrer\u00e0 a Rimini dal 20 al 24 gennaio 2024."},"content":{"rendered":"\n<p><strong>Sigep<\/strong>, l&#8217;appuntamento professionale pi\u00f9 importante al mondo dedicato al Gelato Artigianale e all&#8217;Arte del Dolce, giunger\u00e1 alla sua 45esima edizione nel <strong>quartiere Fieristico di Rimini<\/strong> dal <strong>20 al 24 gennaio 2024<\/strong>.<\/p>\n\n\n\n<p>Si tratta della princiale fiera in Europa dedicata al <strong>Foodservice Dolce<\/strong> dove verranno esposte tutte le novit\u00e0 relative a materie prime ed ingredienti, macchinari e attrezzature, arredamento, packaging e servizi.<\/p>\n\n\n\n<p>Con oltre <strong>130.000 m2<\/strong> di <strong>spazio espositivo<\/strong> e oltre <strong>1.000 espositori presenti<\/strong>, l\u2019<strong>evento<\/strong> rappresenta un\u2019opportunit\u00e0 imprescindibile di <strong>incontro per gli operatori internazionali<\/strong>, che durante i <strong>5 giorni<\/strong> della manifestazione avranno modo di conoscere potenziali partner commerciali, ampliare il proprio protafoglio clienti e fornitori e aggiornarsi professionalmente su tutte le novit\u00e0 nell\u2019ambito dle mondo dolciario.<\/p>\n\n\n\n<p>La <strong>CCIS<\/strong> gestisce, in occasione di questa nuova edizione, un <strong>programma di incontri B2b per buyer spagnoli<\/strong> interessati a entrare in contatto con fornitori italiani presenti in fiera.<\/p>\n\n\n\n<p>I buyer selezionati potranno usufruire di importanti benefici quali la <strong>copertura dei costi del transfer <\/strong>aeroporto -hotel- aeroporto, <strong>hotel <\/strong>con una permanenza massima di 3 notti,<strong> assistenza in loco e servizio interpretariato durante gli incontri<\/strong>.<\/p>\n\n\n\n<p>Il programma buyer si rivolge principalmente ai seguenti profili:<\/p>\n\n\n\n<p><strong>Proprietari e\/o gestori o responsabile acquisti di catene di:<\/strong><br>\u00b7 gelaterie<br>\u00b7 pasticcerie<br>\u00b7 caffetterie<br>\u00b7 bakery shop<br>\u00b7 ristoranti<br>\u00b7 pizzerie<\/p>\n\n\n\n<p><strong>Importatori di macchinari\/tecnologie per:<\/strong><br>\u00b7 gelato<br>\u00b7 pasticceria<br>\u00b7 cioccolato<br>\u00b7 caff\u00e8<br>\u00b7 panificazione<br>\u00b7 ristorazione e food service<br>\u00b7 pizzerie<\/p>\n\n\n\n<p><strong>Importatori di ingredienti (materie prime\/ semilavorati e prodotti finiti) per:<\/strong><br>\u00b7 gelato<br>\u00b7 pasticcerie<br>\u00b7 caffetterie<br>\u00b7 bakery shop<br>\u00b7 ristoranti<br>\u00b7 pizzerie (farine, no pomodoro e mozzarella)<\/p>\n\n\n\n<p><strong>Produttori (industrie o laboratori) di:<\/strong><br>\u00b7 gelato<br>\u00b7 pasticceria<br>\u00b7 panificazione<br>\u00b7 prodotto finito (dolce e salato)<\/p>\n\n\n\n<p><em>Per maggiori informazioni circa l\u2019evento fieristico e sul programma buyer gestito dalla CCIS \u00e8 possibile contattare il dipartimento servizi commerciali disponibile al seguente indirizzo e-mail: <\/em><a href=\"mailto:comercial@italcamara-es.com\">comercial@italcamara-es.com<\/a><\/p>\n\n\n\n<p><em>Data<\/em>: 20-24 gennaio 2024<br><em>Luogo<\/em>: quartiere Fieristico di Rimini<br><em>Web<\/em>: <a href=\"https:\/\/www.sigep.it\/sigep\/info\/sigep\">https:\/\/www.sigep.it\/sigep\/info\/sigep<\/a><br><em>N espositori previsti<\/em>: oltre 1.000<br><em>Spazio espositivo totale<\/em>: 130.000 m2<\/p>\n","protected":false},"excerpt":{"rendered":"<p>Sigep, l&#8217;appuntamento professionale pi\u00f9 importante al mondo dedicato al Gelato Artigianale e all&#8217;Arte del Dolce, giunger\u00e1 alla sua 45esima edizione nel quartiere Fieristico di Rimini dal 20 al 24 gennaio 2024. Si tratta della princiale fiera in Europa dedicata al Foodservice Dolce dove verranno esposte tutte le novit\u00e0 relative a materie prime ed ingredienti, macchinari [&hellip;]<\/p>\n","protected":false},"author":1,"featured_media":54028,"comment_status":"open","ping_status":"open","sticky":false,"template":"","format":"standard","meta":{"inline_featured_image":false,"ocean_post_layout":"","ocean_both_sidebars_style":"","ocean_both_sidebars_content_width":0,"ocean_both_sidebars_sidebars_width":0,"ocean_sidebar":"","ocean_second_sidebar":"","ocean_disable_margins":"enable","ocean_add_body_class":"","ocean_shortcode_before_top_bar":"","ocean_shortcode_after_top_bar":"","ocean_shortcode_before_header":"","ocean_shortcode_after_header":"","ocean_has_shortcode":"","ocean_shortcode_after_title":"","ocean_shortcode_before_footer_widgets":"","ocean_shortcode_after_footer_widgets":"","ocean_shortcode_before_footer_bottom":"","ocean_shortcode_after_footer_bottom":"","ocean_display_top_bar":"default","ocean_display_header":"default","ocean_header_style":"","ocean_center_header_left_menu":"","ocean_custom_header_template":"","ocean_custom_logo":0,"ocean_custom_retina_logo":0,"ocean_custom_logo_max_width":0,"ocean_custom_logo_tablet_max_width":0,"ocean_custom_logo_mobile_max_width":0,"ocean_custom_logo_max_height":0,"ocean_custom_logo_tablet_max_height":0,"ocean_custom_logo_mobile_max_height":0,"ocean_header_custom_menu":"","ocean_menu_typo_font_family":"","ocean_menu_typo_font_subset":"","ocean_menu_typo_font_size":0,"ocean_menu_typo_font_size_tablet":0,"ocean_menu_typo_font_size_mobile":0,"ocean_menu_typo_font_size_unit":"px","ocean_menu_typo_font_weight":"","ocean_menu_typo_font_weight_tablet":"","ocean_menu_typo_font_weight_mobile":"","ocean_menu_typo_transform":"","ocean_menu_typo_transform_tablet":"","ocean_menu_typo_transform_mobile":"","ocean_menu_typo_line_height":0,"ocean_menu_typo_line_height_tablet":0,"ocean_menu_typo_line_height_mobile":0,"ocean_menu_typo_line_height_unit":"","ocean_menu_typo_spacing":0,"ocean_menu_typo_spacing_tablet":0,"ocean_menu_typo_spacing_mobile":0,"ocean_menu_typo_spacing_unit":"","ocean_menu_link_color":"","ocean_menu_link_color_hover":"","ocean_menu_link_color_active":"","ocean_menu_link_background":"","ocean_menu_link_hover_background":"","ocean_menu_link_active_background":"","ocean_menu_social_links_bg":"","ocean_menu_social_hover_links_bg":"","ocean_menu_social_links_color":"","ocean_menu_social_hover_links_color":"","ocean_disable_title":"default","ocean_disable_heading":"default","ocean_post_title":"","ocean_post_subheading":"","ocean_post_title_style":"","ocean_post_title_background_color":"","ocean_post_title_background":0,"ocean_post_title_bg_image_position":"","ocean_post_title_bg_image_attachment":"","ocean_post_title_bg_image_repeat":"","ocean_post_title_bg_image_size":"","ocean_post_title_height":0,"ocean_post_title_bg_overlay":0.5,"ocean_post_title_bg_overlay_color":"","ocean_disable_breadcrumbs":"default","ocean_breadcrumbs_color":"","ocean_breadcrumbs_separator_color":"","ocean_breadcrumbs_links_color":"","ocean_breadcrumbs_links_hover_color":"","ocean_display_footer_widgets":"default","ocean_display_footer_bottom":"default","ocean_custom_footer_template":"","ocean_post_oembed":"","ocean_post_self_hosted_media":"","ocean_post_video_embed":"","ocean_link_format":"","ocean_link_format_target":"self","ocean_quote_format":"","ocean_quote_format_link":"post","ocean_gallery_link_images":"on","ocean_gallery_id":[],"footnotes":""},"categories":[133],"tags":[139,138],"class_list":["post-56409","post","type-post","status-publish","format-standard","has-post-thumbnail","hentry","category-notizie","tag-notizie-di-la-ccis","tag-notizie-di-mercato","entry","has-media"],"yoast_head":"<!-- This site is optimized with the Yoast SEO plugin v27.4 - https:\/\/yoast.com\/product\/yoast-seo-wordpress\/ -->\n<title>La 45\u00ba edizione di Sigep si celebrer\u00e0 a Rimini dal 20 al 24 gennaio 2024. - Italcamara<\/title>\n<meta name=\"robots\" content=\"index, follow, max-snippet:-1, max-image-preview:large, max-video-preview:-1\" \/>\n<link rel=\"canonical\" href=\"https:\/\/italcamara-es.com\/noticias\/la-45o-edicion-de-sigep-se-celebrara-en-rimini-del-20-al-24-de-enero-de-2024\/\" \/>\n<meta property=\"og:locale\" content=\"it_IT\" \/>\n<meta property=\"og:type\" content=\"article\" \/>\n<meta property=\"og:title\" content=\"La 45\u00ba edizione di Sigep si celebrer\u00e0 a Rimini dal 20 al 24 gennaio 2024. - Italcamara\" \/>\n<meta property=\"og:description\" content=\"Sigep, l&#8217;appuntamento professionale pi\u00f9 importante al mondo dedicato al Gelato Artigianale e all&#8217;Arte del Dolce, giunger\u00e1 alla sua 45esima edizione nel quartiere Fieristico di Rimini dal 20 al 24 gennaio 2024. Si tratta della princiale fiera in Europa dedicata al Foodservice Dolce dove verranno esposte tutte le novit\u00e0 relative a materie prime ed ingredienti, macchinari [&hellip;]\" \/>\n<meta property=\"og:url\" content=\"https:\/\/italcamara-es.com\/noticias\/la-45o-edicion-de-sigep-se-celebrara-en-rimini-del-20-al-24-de-enero-de-2024\/\" \/>\n<meta property=\"og:site_name\" content=\"Italcamara\" \/>\n<meta property=\"article:published_time\" content=\"2023-10-11T08:29:42+00:00\" \/>\n<meta property=\"article:modified_time\" content=\"2025-03-30T12:17:01+00:00\" \/>\n<meta property=\"og:image\" content=\"https:\/\/italcamara-es.com\/wp-content\/uploads\/2025\/03\/Diseno-sin-titulo-57.png\" \/>\n\t<meta property=\"og:image:width\" content=\"500\" \/>\n\t<meta property=\"og:image:height\" content=\"280\" \/>\n\t<meta property=\"og:image:type\" content=\"image\/png\" \/>\n<meta name=\"author\" content=\"administrador\" \/>\n<meta name=\"twitter:card\" content=\"summary_large_image\" \/>\n<meta name=\"twitter:label1\" content=\"Scritto da\" \/>\n\t<meta name=\"twitter:data1\" content=\"administrador\" \/>\n\t<meta name=\"twitter:label2\" content=\"Tempo di lettura stimato\" \/>\n\t<meta name=\"twitter:data2\" content=\"2 minuti\" \/>\n<script type=\"application\/ld+json\" class=\"yoast-schema-graph\">{\"@context\":\"https:\\\/\\\/schema.org\",\"@graph\":[{\"@type\":\"Article\",\"@id\":\"https:\\\/\\\/italcamara-es.com\\\/noticias\\\/la-45o-edicion-de-sigep-se-celebrara-en-rimini-del-20-al-24-de-enero-de-2024\\\/#article\",\"isPartOf\":{\"@id\":\"https:\\\/\\\/italcamara-es.com\\\/noticias\\\/la-45o-edicion-de-sigep-se-celebrara-en-rimini-del-20-al-24-de-enero-de-2024\\\/\"},\"author\":{\"name\":\"administrador\",\"@id\":\"https:\\\/\\\/italcamara-es.com\\\/#\\\/schema\\\/person\\\/bb3c56263e405bbd9a15171dcfee93bb\"},\"headline\":\"La 45\u00ba edizione di Sigep si celebrer\u00e0 a Rimini dal 20 al 24 gennaio 2024.\",\"datePublished\":\"2023-10-11T08:29:42+00:00\",\"dateModified\":\"2025-03-30T12:17:01+00:00\",\"mainEntityOfPage\":{\"@id\":\"https:\\\/\\\/italcamara-es.com\\\/noticias\\\/la-45o-edicion-de-sigep-se-celebrara-en-rimini-del-20-al-24-de-enero-de-2024\\\/\"},\"wordCount\":316,\"commentCount\":0,\"image\":{\"@id\":\"https:\\\/\\\/italcamara-es.com\\\/noticias\\\/la-45o-edicion-de-sigep-se-celebrara-en-rimini-del-20-al-24-de-enero-de-2024\\\/#primaryimage\"},\"thumbnailUrl\":\"https:\\\/\\\/italcamara-es.com\\\/wp-content\\\/uploads\\\/2025\\\/03\\\/Diseno-sin-titulo-57.png\",\"keywords\":[\"Notizie di la CCIS\",\"Notizie di Mercato\"],\"articleSection\":[\"Notizie\"],\"inLanguage\":\"it-IT\",\"potentialAction\":[{\"@type\":\"CommentAction\",\"name\":\"Comment\",\"target\":[\"https:\\\/\\\/italcamara-es.com\\\/noticias\\\/la-45o-edicion-de-sigep-se-celebrara-en-rimini-del-20-al-24-de-enero-de-2024\\\/#respond\"]}]},{\"@type\":\"WebPage\",\"@id\":\"https:\\\/\\\/italcamara-es.com\\\/noticias\\\/la-45o-edicion-de-sigep-se-celebrara-en-rimini-del-20-al-24-de-enero-de-2024\\\/\",\"url\":\"https:\\\/\\\/italcamara-es.com\\\/noticias\\\/la-45o-edicion-de-sigep-se-celebrara-en-rimini-del-20-al-24-de-enero-de-2024\\\/\",\"name\":\"La 45\u00ba edizione di Sigep si celebrer\u00e0 a Rimini dal 20 al 24 gennaio 2024. - Italcamara\",\"isPartOf\":{\"@id\":\"https:\\\/\\\/italcamara-es.com\\\/#website\"},\"primaryImageOfPage\":{\"@id\":\"https:\\\/\\\/italcamara-es.com\\\/noticias\\\/la-45o-edicion-de-sigep-se-celebrara-en-rimini-del-20-al-24-de-enero-de-2024\\\/#primaryimage\"},\"image\":{\"@id\":\"https:\\\/\\\/italcamara-es.com\\\/noticias\\\/la-45o-edicion-de-sigep-se-celebrara-en-rimini-del-20-al-24-de-enero-de-2024\\\/#primaryimage\"},\"thumbnailUrl\":\"https:\\\/\\\/italcamara-es.com\\\/wp-content\\\/uploads\\\/2025\\\/03\\\/Diseno-sin-titulo-57.png\",\"datePublished\":\"2023-10-11T08:29:42+00:00\",\"dateModified\":\"2025-03-30T12:17:01+00:00\",\"author\":{\"@id\":\"https:\\\/\\\/italcamara-es.com\\\/#\\\/schema\\\/person\\\/bb3c56263e405bbd9a15171dcfee93bb\"},\"breadcrumb\":{\"@id\":\"https:\\\/\\\/italcamara-es.com\\\/noticias\\\/la-45o-edicion-de-sigep-se-celebrara-en-rimini-del-20-al-24-de-enero-de-2024\\\/#breadcrumb\"},\"inLanguage\":\"it-IT\",\"potentialAction\":[{\"@type\":\"ReadAction\",\"target\":[\"https:\\\/\\\/italcamara-es.com\\\/noticias\\\/la-45o-edicion-de-sigep-se-celebrara-en-rimini-del-20-al-24-de-enero-de-2024\\\/\"]}]},{\"@type\":\"ImageObject\",\"inLanguage\":\"it-IT\",\"@id\":\"https:\\\/\\\/italcamara-es.com\\\/noticias\\\/la-45o-edicion-de-sigep-se-celebrara-en-rimini-del-20-al-24-de-enero-de-2024\\\/#primaryimage\",\"url\":\"https:\\\/\\\/italcamara-es.com\\\/wp-content\\\/uploads\\\/2025\\\/03\\\/Diseno-sin-titulo-57.png\",\"contentUrl\":\"https:\\\/\\\/italcamara-es.com\\\/wp-content\\\/uploads\\\/2025\\\/03\\\/Diseno-sin-titulo-57.png\",\"width\":500,\"height\":280},{\"@type\":\"BreadcrumbList\",\"@id\":\"https:\\\/\\\/italcamara-es.com\\\/noticias\\\/la-45o-edicion-de-sigep-se-celebrara-en-rimini-del-20-al-24-de-enero-de-2024\\\/#breadcrumb\",\"itemListElement\":[{\"@type\":\"ListItem\",\"position\":1,\"name\":\"Inicio\",\"item\":\"https:\\\/\\\/italcamara-es.com\\\/it\\\/homepage-ita\\\/\"},{\"@type\":\"ListItem\",\"position\":2,\"name\":\"La 45\u00ba edizione di Sigep si celebrer\u00e0 a Rimini dal 20 al 24 gennaio 2024.\"}]},{\"@type\":\"WebSite\",\"@id\":\"https:\\\/\\\/italcamara-es.com\\\/#website\",\"url\":\"https:\\\/\\\/italcamara-es.com\\\/\",\"name\":\"Italcamara\",\"description\":\"\",\"potentialAction\":[{\"@type\":\"SearchAction\",\"target\":{\"@type\":\"EntryPoint\",\"urlTemplate\":\"https:\\\/\\\/italcamara-es.com\\\/?s={search_term_string}\"},\"query-input\":{\"@type\":\"PropertyValueSpecification\",\"valueRequired\":true,\"valueName\":\"search_term_string\"}}],\"inLanguage\":\"it-IT\"},{\"@type\":\"Person\",\"@id\":\"https:\\\/\\\/italcamara-es.com\\\/#\\\/schema\\\/person\\\/bb3c56263e405bbd9a15171dcfee93bb\",\"name\":\"administrador\",\"image\":{\"@type\":\"ImageObject\",\"inLanguage\":\"it-IT\",\"@id\":\"https:\\\/\\\/secure.gravatar.com\\\/avatar\\\/14b5e63db38320b12031bb28cf9f77e210aa71fb3a8a3602a3c9a05134fa75eb?s=96&d=mm&r=g\",\"url\":\"https:\\\/\\\/secure.gravatar.com\\\/avatar\\\/14b5e63db38320b12031bb28cf9f77e210aa71fb3a8a3602a3c9a05134fa75eb?s=96&d=mm&r=g\",\"contentUrl\":\"https:\\\/\\\/secure.gravatar.com\\\/avatar\\\/14b5e63db38320b12031bb28cf9f77e210aa71fb3a8a3602a3c9a05134fa75eb?s=96&d=mm&r=g\",\"caption\":\"administrador\"},\"sameAs\":[\"http:\\\/\\\/pre.italcamara-es.com\"],\"url\":\"https:\\\/\\\/italcamara-es.com\\\/it\\\/author\\\/administrador\\\/\"}]}<\/script>\n<!-- \/ Yoast SEO plugin. -->","yoast_head_json":{"title":"La 45\u00ba edizione di Sigep si celebrer\u00e0 a Rimini dal 20 al 24 gennaio 2024. - Italcamara","robots":{"index":"index","follow":"follow","max-snippet":"max-snippet:-1","max-image-preview":"max-image-preview:large","max-video-preview":"max-video-preview:-1"},"canonical":"https:\/\/italcamara-es.com\/noticias\/la-45o-edicion-de-sigep-se-celebrara-en-rimini-del-20-al-24-de-enero-de-2024\/","og_locale":"it_IT","og_type":"article","og_title":"La 45\u00ba edizione di Sigep si celebrer\u00e0 a Rimini dal 20 al 24 gennaio 2024. - Italcamara","og_description":"Sigep, l&#8217;appuntamento professionale pi\u00f9 importante al mondo dedicato al Gelato Artigianale e all&#8217;Arte del Dolce, giunger\u00e1 alla sua 45esima edizione nel quartiere Fieristico di Rimini dal 20 al 24 gennaio 2024. Si tratta della princiale fiera in Europa dedicata al Foodservice Dolce dove verranno esposte tutte le novit\u00e0 relative a materie prime ed ingredienti, macchinari [&hellip;]","og_url":"https:\/\/italcamara-es.com\/noticias\/la-45o-edicion-de-sigep-se-celebrara-en-rimini-del-20-al-24-de-enero-de-2024\/","og_site_name":"Italcamara","article_published_time":"2023-10-11T08:29:42+00:00","article_modified_time":"2025-03-30T12:17:01+00:00","og_image":[{"width":500,"height":280,"url":"https:\/\/italcamara-es.com\/wp-content\/uploads\/2025\/03\/Diseno-sin-titulo-57.png","type":"image\/png"}],"author":"administrador","twitter_card":"summary_large_image","twitter_misc":{"Scritto da":"administrador","Tempo di lettura stimato":"2 minuti"},"schema":{"@context":"https:\/\/schema.org","@graph":[{"@type":"Article","@id":"https:\/\/italcamara-es.com\/noticias\/la-45o-edicion-de-sigep-se-celebrara-en-rimini-del-20-al-24-de-enero-de-2024\/#article","isPartOf":{"@id":"https:\/\/italcamara-es.com\/noticias\/la-45o-edicion-de-sigep-se-celebrara-en-rimini-del-20-al-24-de-enero-de-2024\/"},"author":{"name":"administrador","@id":"https:\/\/italcamara-es.com\/#\/schema\/person\/bb3c56263e405bbd9a15171dcfee93bb"},"headline":"La 45\u00ba edizione di Sigep si celebrer\u00e0 a Rimini dal 20 al 24 gennaio 2024.","datePublished":"2023-10-11T08:29:42+00:00","dateModified":"2025-03-30T12:17:01+00:00","mainEntityOfPage":{"@id":"https:\/\/italcamara-es.com\/noticias\/la-45o-edicion-de-sigep-se-celebrara-en-rimini-del-20-al-24-de-enero-de-2024\/"},"wordCount":316,"commentCount":0,"image":{"@id":"https:\/\/italcamara-es.com\/noticias\/la-45o-edicion-de-sigep-se-celebrara-en-rimini-del-20-al-24-de-enero-de-2024\/#primaryimage"},"thumbnailUrl":"https:\/\/italcamara-es.com\/wp-content\/uploads\/2025\/03\/Diseno-sin-titulo-57.png","keywords":["Notizie di la CCIS","Notizie di Mercato"],"articleSection":["Notizie"],"inLanguage":"it-IT","potentialAction":[{"@type":"CommentAction","name":"Comment","target":["https:\/\/italcamara-es.com\/noticias\/la-45o-edicion-de-sigep-se-celebrara-en-rimini-del-20-al-24-de-enero-de-2024\/#respond"]}]},{"@type":"WebPage","@id":"https:\/\/italcamara-es.com\/noticias\/la-45o-edicion-de-sigep-se-celebrara-en-rimini-del-20-al-24-de-enero-de-2024\/","url":"https:\/\/italcamara-es.com\/noticias\/la-45o-edicion-de-sigep-se-celebrara-en-rimini-del-20-al-24-de-enero-de-2024\/","name":"La 45\u00ba edizione di Sigep si celebrer\u00e0 a Rimini dal 20 al 24 gennaio 2024. - Italcamara","isPartOf":{"@id":"https:\/\/italcamara-es.com\/#website"},"primaryImageOfPage":{"@id":"https:\/\/italcamara-es.com\/noticias\/la-45o-edicion-de-sigep-se-celebrara-en-rimini-del-20-al-24-de-enero-de-2024\/#primaryimage"},"image":{"@id":"https:\/\/italcamara-es.com\/noticias\/la-45o-edicion-de-sigep-se-celebrara-en-rimini-del-20-al-24-de-enero-de-2024\/#primaryimage"},"thumbnailUrl":"https:\/\/italcamara-es.com\/wp-content\/uploads\/2025\/03\/Diseno-sin-titulo-57.png","datePublished":"2023-10-11T08:29:42+00:00","dateModified":"2025-03-30T12:17:01+00:00","author":{"@id":"https:\/\/italcamara-es.com\/#\/schema\/person\/bb3c56263e405bbd9a15171dcfee93bb"},"breadcrumb":{"@id":"https:\/\/italcamara-es.com\/noticias\/la-45o-edicion-de-sigep-se-celebrara-en-rimini-del-20-al-24-de-enero-de-2024\/#breadcrumb"},"inLanguage":"it-IT","potentialAction":[{"@type":"ReadAction","target":["https:\/\/italcamara-es.com\/noticias\/la-45o-edicion-de-sigep-se-celebrara-en-rimini-del-20-al-24-de-enero-de-2024\/"]}]},{"@type":"ImageObject","inLanguage":"it-IT","@id":"https:\/\/italcamara-es.com\/noticias\/la-45o-edicion-de-sigep-se-celebrara-en-rimini-del-20-al-24-de-enero-de-2024\/#primaryimage","url":"https:\/\/italcamara-es.com\/wp-content\/uploads\/2025\/03\/Diseno-sin-titulo-57.png","contentUrl":"https:\/\/italcamara-es.com\/wp-content\/uploads\/2025\/03\/Diseno-sin-titulo-57.png","width":500,"height":280},{"@type":"BreadcrumbList","@id":"https:\/\/italcamara-es.com\/noticias\/la-45o-edicion-de-sigep-se-celebrara-en-rimini-del-20-al-24-de-enero-de-2024\/#breadcrumb","itemListElement":[{"@type":"ListItem","position":1,"name":"Inicio","item":"https:\/\/italcamara-es.com\/it\/homepage-ita\/"},{"@type":"ListItem","position":2,"name":"La 45\u00ba edizione di Sigep si celebrer\u00e0 a Rimini dal 20 al 24 gennaio 2024."}]},{"@type":"WebSite","@id":"https:\/\/italcamara-es.com\/#website","url":"https:\/\/italcamara-es.com\/","name":"Italcamara","description":"","potentialAction":[{"@type":"SearchAction","target":{"@type":"EntryPoint","urlTemplate":"https:\/\/italcamara-es.com\/?s={search_term_string}"},"query-input":{"@type":"PropertyValueSpecification","valueRequired":true,"valueName":"search_term_string"}}],"inLanguage":"it-IT"},{"@type":"Person","@id":"https:\/\/italcamara-es.com\/#\/schema\/person\/bb3c56263e405bbd9a15171dcfee93bb","name":"administrador","image":{"@type":"ImageObject","inLanguage":"it-IT","@id":"https:\/\/secure.gravatar.com\/avatar\/14b5e63db38320b12031bb28cf9f77e210aa71fb3a8a3602a3c9a05134fa75eb?s=96&d=mm&r=g","url":"https:\/\/secure.gravatar.com\/avatar\/14b5e63db38320b12031bb28cf9f77e210aa71fb3a8a3602a3c9a05134fa75eb?s=96&d=mm&r=g","contentUrl":"https:\/\/secure.gravatar.com\/avatar\/14b5e63db38320b12031bb28cf9f77e210aa71fb3a8a3602a3c9a05134fa75eb?s=96&d=mm&r=g","caption":"administrador"},"sameAs":["http:\/\/pre.italcamara-es.com"],"url":"https:\/\/italcamara-es.com\/it\/author\/administrador\/"}]}},"rttpg_featured_image_url":{"full":["https:\/\/italcamara-es.com\/wp-content\/uploads\/2025\/03\/Diseno-sin-titulo-57.png",500,280,false],"landscape":["https:\/\/italcamara-es.com\/wp-content\/uploads\/2025\/03\/Diseno-sin-titulo-57.png",500,280,false],"portraits":["https:\/\/italcamara-es.com\/wp-content\/uploads\/2025\/03\/Diseno-sin-titulo-57.png",500,280,false],"thumbnail":["https:\/\/italcamara-es.com\/wp-content\/uploads\/2025\/03\/Diseno-sin-titulo-57-150x150.png",150,150,true],"medium":["https:\/\/italcamara-es.com\/wp-content\/uploads\/2025\/03\/Diseno-sin-titulo-57-300x168.png",300,168,true],"large":["https:\/\/italcamara-es.com\/wp-content\/uploads\/2025\/03\/Diseno-sin-titulo-57.png",500,280,false],"1536x1536":["https:\/\/italcamara-es.com\/wp-content\/uploads\/2025\/03\/Diseno-sin-titulo-57.png",500,280,false],"2048x2048":["https:\/\/italcamara-es.com\/wp-content\/uploads\/2025\/03\/Diseno-sin-titulo-57.png",500,280,false],"ocean-thumb-m":["https:\/\/italcamara-es.com\/wp-content\/uploads\/2025\/03\/Diseno-sin-titulo-57.png",500,280,false],"ocean-thumb-ml":["https:\/\/italcamara-es.com\/wp-content\/uploads\/2025\/03\/Diseno-sin-titulo-57.png",500,280,false],"ocean-thumb-l":["https:\/\/italcamara-es.com\/wp-content\/uploads\/2025\/03\/Diseno-sin-titulo-57.png",500,280,false],"directorist_preview":["https:\/\/italcamara-es.com\/wp-content\/uploads\/2025\/03\/Diseno-sin-titulo-57.png",500,280,false]},"rttpg_author":{"display_name":"administrador","author_link":"https:\/\/italcamara-es.com\/it\/author\/administrador\/"},"rttpg_comment":0,"rttpg_category":"<a href=\"https:\/\/italcamara-es.com\/it\/category\/notizie\/\" rel=\"category tag\">Notizie<\/a>","rttpg_excerpt":"Sigep, l&#8217;appuntamento professionale pi\u00f9 importante al mondo dedicato al Gelato Artigianale e all&#8217;Arte del Dolce, giunger\u00e1 alla sua 45esima edizione nel quartiere Fieristico di Rimini dal 20 al 24 gennaio 2024. Si tratta della princiale fiera in Europa dedicata al Foodservice Dolce dove verranno esposte tutte le novit\u00e0 relative a materie prime ed ingredienti, macchinari&hellip;","_links":{"self":[{"href":"https:\/\/italcamara-es.com\/it\/wp-json\/wp\/v2\/posts\/56409","targetHints":{"allow":["GET"]}}],"collection":[{"href":"https:\/\/italcamara-es.com\/it\/wp-json\/wp\/v2\/posts"}],"about":[{"href":"https:\/\/italcamara-es.com\/it\/wp-json\/wp\/v2\/types\/post"}],"author":[{"embeddable":true,"href":"https:\/\/italcamara-es.com\/it\/wp-json\/wp\/v2\/users\/1"}],"replies":[{"embeddable":true,"href":"https:\/\/italcamara-es.com\/it\/wp-json\/wp\/v2\/comments?post=56409"}],"version-history":[{"count":1,"href":"https:\/\/italcamara-es.com\/it\/wp-json\/wp\/v2\/posts\/56409\/revisions"}],"predecessor-version":[{"id":57181,"href":"https:\/\/italcamara-es.com\/it\/wp-json\/wp\/v2\/posts\/56409\/revisions\/57181"}],"wp:featuredmedia":[{"embeddable":true,"href":"https:\/\/italcamara-es.com\/it\/wp-json\/wp\/v2\/media\/54028"}],"wp:attachment":[{"href":"https:\/\/italcamara-es.com\/it\/wp-json\/wp\/v2\/media?parent=56409"}],"wp:term":[{"taxonomy":"category","embeddable":true,"href":"https:\/\/italcamara-es.com\/it\/wp-json\/wp\/v2\/categories?post=56409"},{"taxonomy":"post_tag","embeddable":true,"href":"https:\/\/italcamara-es.com\/it\/wp-json\/wp\/v2\/tags?post=56409"}],"curies":[{"name":"wp","href":"https:\/\/api.w.org\/{rel}","templated":true}]}}