	{"id":56418,"date":"2023-11-10T09:40:01","date_gmt":"2023-11-10T08:40:01","guid":{"rendered":"http:\/\/pre.italcamara-es.com\/senza-categoria\/gian-maria-gros-pietro-intesa-sanpaolo-e-alejandra-kindelan-asociacion-espanola-de-banca-premio-tiepolo-2023\/"},"modified":"2023-11-10T09:40:01","modified_gmt":"2023-11-10T08:40:01","slug":"gian-maria-gros-pietro-intesa-sanpaolo-e-alejandra-kindelan-asociacion-espanola-de-banca-premio-tiepolo-2023","status":"publish","type":"post","link":"https:\/\/italcamara-es.com\/it\/notizie\/gian-maria-gros-pietro-intesa-sanpaolo-e-alejandra-kindelan-asociacion-espanola-de-banca-premio-tiepolo-2023\/","title":{"rendered":"Gian Maria Gros-Pietro (Intesa Sanpaolo) e Alejandra Kindel\u00e1n (Asociaci\u00f3n Espa\u00f1ola de Banca), Premio Tiepolo 2023"},"content":{"rendered":"\n<p><em>Madrid, 10 novembre 2023<\/em>. La giuria del <strong>Premio Tiepolo<\/strong> ha deciso di assegnare questo prestigioso riconoscimento a <strong>Gian Maria Gros-Pietro<\/strong>, Presidente del Consiglio di Amministrazione di Intesa Sanpaolo e membro del Consiglio dell\u2019Associazione bancaria Italiana (ABI) e ad <strong>Alejandra Kindel\u00e1n<\/strong>, Presidente dell\u2019<em>Asociaci\u00f3n Espa\u00f1ola de Banca<\/em> (AEB). In particolare, la giuria ha voluto sottolineare il ruolo del settore bancario come attivatore dell&#8217;economia e di sostegno e accompagnamento per le imprese nell&#8217;accesso ai mercati internazionali ed evidenziare nei premiati il loro contributo al rafforzamento del settore finanziario in Italia e Spagna e il loro sostegno alla crescita e alla competitivit\u00e0 delle imprese che compongono il tessuto imprenditoriale di entrambi i Paesi.<\/p>\n\n\n\n<p>La cerimonia di premiazione si svolger\u00e0 il prossimo <strong>11 dicembre<\/strong>, presso la sede dell\u2019Ambasciata d\u2019Italia a Madrid, alla presenza dell\u2019Ambasciatore<strong> Giuseppe Buccino Grimaldi<\/strong> e dei rappresentanti delle principali istituzioni e imprese dei due Paesi<\/p>\n\n\n\n<p>Il Premio Tiepolo, conferito dalla <strong>Camera di Commercio e Industria Italiana per la Spagna<\/strong> (CCIS) e dalla <strong>Confederaci\u00f3n Espa\u00f1ola de Organizaciones Empresariales <\/strong>(CEOE), giunge quest\u2019anno alla sua XXVI edizione.<\/p>\n\n\n\n<p><strong><u>Gian Maria Gros-Pietro<\/u><\/strong><\/p>\n\n\n\n<p><strong>Gian Maria Gros-Pietro<\/strong> (Torino, 1942) \u00e8 Presidente del Consiglio di Amministrazione di Intesa Sanpaolo dall\u2019aprile 2016, dopo essere stato Presidente del Consiglio di Gestione della Banca dal maggio 2013. \u00c8 Vice Presidente Vicario dell\u2019ABI (Associazione Bancaria Italiana), fa parte del Comitato Corporate Governance di Borsa Italiana, del Comitato degli Operatori di Mercato e degli Investitori presso Consob, del Consiglio di Amministrazione di Cotec Italia (di cui \u00e8 socio Fondatore) e di quello di ISPI (Istituto per gli Studi di Politica Internazionale).<\/p>\n\n\n<div class=\"wp-block-image\">\n<figure class=\"aligncenter size-full\"><img decoding=\"async\" src=\"https:\/\/www.italcamara-es.com\/wp-content\/uploads\/2023\/11\/Foto-Gian-Maria-Gros-Pietro-1.jpg\" alt=\"\" class=\"wp-image-35033\"\/><figcaption>Gian Maria Gros-Pietro<\/figcaption><\/figure>\n<\/div>\n\n\n<p>Ha insegnato Economia presso l\u2019Universit\u00e0 di Torino (1964-2004) e la Luiss di Roma (2004-2013) dove ha fondato e diretto il Dipartimento di Scienze Economiche e Manageriali. Dal 1975 al 1995 ha diretto l\u2019Istituto di Ricerca sull\u2019impresa e lo Sviluppo, facendone il maggior organo del Consiglio Nazionale delle Ricerche in campo economico.<\/p>\n\n\n\n<p>\u00c8 stato Presidente di Iri (1997-1999), di Eni (2000-2002), di Atlantia (2002-2010) e di ASTM (2012-2020). Ha fatto parte dei Consigli di Amministrazione di molte societ\u00e0, tra cui Fiat (2005-2014) e Edison (2005-2019).<\/p>\n\n\n\n<p>Sotto la sua presidenza il Gruppo Intesa Sanpaolo si \u00e8 consolidato tra i principali istituti bancari in Europa e, attraverso la Divisione IMI CIB, ha incrementato significativamente negli ultimi anni la quota del business derivante da clientela internazionale, che oggi rappresenta circa il 50% dei ricavi complessivi, a conferma della solida vocazione internazionale del Gruppo.<\/p>\n\n\n\n<p>Proprio quest\u2019anno Intesa Sanpaolo celebra il 50\u00b0 anniversario del suo primo insediamento in Spagna, grazie alla Banca Commerciale Italiana (Comit). Il Paese Iberico rappresenta uno dei presidi maggiormente rilevanti del network internazionale della Divisione IMI CIB, grazie ai solidi e radicati rapporti in essere con le principali corporate e financial institutions del Paese e all\u2019expertise sviluppata dalle persone della filiale e alle risorse impegnate in loco.<\/p>\n\n\n\n<div class=\"wp-block-buttons is-layout-flex wp-block-buttons-is-layout-flex\">\n<div class=\"wp-block-button aligncenter\"><a class=\"wp-block-button__link\" href=\"https:\/\/www.italcamara-es.com\/wp-content\/uploads\/2023\/11\/Profilo-Gian-Maria-Gros-Pietro-Premio-Tiepolo-Italiano-1.pdf\">Prof<img decoding=\"async\" class=\"wp-image-35025\" style=\"width: NaNpx;\" src=\"https:\/\/www.italcamara-es.com\/wp-content\/uploads\/2023\/11\/Profilo-Gian-Maria-Gros-Pietro-Premio-Tiepolo-Italiano.pdf\" alt=\"\">ilo<img decoding=\"async\" class=\"wp-image-35027\" style=\"width: NaNpx;\" src=\"https:\/\/www.italcamara-es.com\/wp-content\/uploads\/2023\/11\/Profilo-Gian-Maria-Gros-Pietro-Premio-Tiepolo-Italiano-1.pdf\" alt=\"\"><\/a><\/div>\n<\/div>\n\n\n\n<p><strong><u>Alejandra Kindel\u00e1n<\/u><\/strong><\/p>\n\n\n\n<p><strong>Alejandra Kindel\u00e1n<\/strong> (Caracas, 1971) \u00e8 presidente dell\u2019<em>Asociaci\u00f3n Espa\u00f1ola de Banca <\/em>(AEB) e della <em>Fundaci\u00f3n<\/em> AEB dall\u2019aprile 2022. Inoltre, dal dicembre dello stesso anno ricopre una delle vicepresidenze della CEOE. \u00c8 anche membro dell&#8217;Istituto di Studi Economici, del Consiglio di Amministrazione della Fondazione per gli Studi Finanziari e dell&#8217;Osservatorio della <em>Escuela de Organizaci\u00f3n Industrial<\/em>.<\/p>\n\n\n<div class=\"wp-block-image\">\n<figure class=\"aligncenter size-large is-resized\"><img fetchpriority=\"high\" decoding=\"async\" src=\"https:\/\/www.italcamara-es.com\/wp-content\/uploads\/2023\/11\/Foto-Alejandra-Kindelan-1024x695.jpg\" alt=\"\" class=\"wp-image-35024\" width=\"435\" height=\"295\"\/><figcaption>Alejandra Kindel\u00e1n<\/figcaption><\/figure>\n<\/div>\n\n\n<p>Kindel\u00e1n ha sviluppato gran parte della sua carriera professionale nel settore finanziario. Fino alla sua nomina all&#8217;AEB, ha ricoperto il ruolo di responsabile del Servizio Studi, Public Policy e Relazioni Istituzionali del Banco Santander, dove \u00e8 stata anche consigliere dell&#8217;attivit\u00e0 di finanziamento al consumo del Banco Santander in Europa (SCF) e di Santander Argentina. Ha presieduto il Comitato per gli Affari Economici e Monetari della Federazione bancaria europea (2006-2012) ed \u00e8 stata membro del Comitato di regolamentazione dell\u2019<em>Institute of International Finance<\/em> (IIF), oltre ad aver occupato altre posizioni in comitati esecutivi o consultivi di istituzioni accademiche e del settore.<\/p>\n\n\n\n<p>Dalle diverse responsabilit\u00e0 ricoperte negli enti in cui ha lavorato, \u00e8 stata una grande promotrice del posizionamento europeo del sistema bancario, convinta dell&#8217;importanza della collaborazione pubblico-privato e della cooperazione tra Paesi e settori per rafforzare il grande legame europeo e sostenere i grandi progetti necessari per lo sviluppo e la competitivit\u00e0 dei diversi mercati. Inoltre, ha lavorato per difendere ci\u00f2 che il sistema bancario italiano e quello spagnolo hanno in comune: la natura marcatamente commerciale, la vicinanza ai clienti, una forte presenza nell\u2019attivit\u00e0 retail e l&#8217;attenzione al sociale.<\/p>\n\n\n\n<div class=\"wp-block-buttons is-layout-flex wp-block-buttons-is-layout-flex\">\n<div class=\"wp-block-button aligncenter\"><a class=\"wp-block-button__link\" href=\"https:\/\/www.italcamara-es.com\/wp-content\/uploads\/2023\/11\/Profilo-Alejandra-Kindelan-Premio-Tiepolo-in-italiano-1.pdf\">Prof<img decoding=\"async\" class=\"wp-image-35028\" style=\"width: NaNpx;\" src=\"https:\/\/www.italcamara-es.com\/wp-content\/uploads\/2023\/11\/Profilo-Alejandra-Kindelan-Premio-Tiepolo-in-italiano-1.pdf\" alt=\"\">il<img decoding=\"async\" class=\"wp-image-35026\" style=\"width: NaNpx;\" src=\"https:\/\/www.italcamara-es.com\/wp-content\/uploads\/2023\/11\/Profilo-Alejandra-Kindelan-Premio-Tiepolo-in-italiano.pdf\" alt=\"\">o <\/a><\/div>\n<\/div>\n\n\n\n<p><strong><u>Premiati nelle edizioni precedenti<\/u><\/strong><\/p>\n\n\n\n<p>Nelle precedenti edizioni del Premio Tiepolo sono stati premiati: Luigi Ferraris (Ferrovie dello Stato Italiane), Jos\u00e9 Bogas (Endesa), Francesco Starace (Enel), Jos\u00e9 Manuel Entrecanales (Acciona), Marco Alver\u00e1 (Snam), Antonio Llard\u00e9n (Enag\u00e1s), Antonio Hern\u00e1ndez Callejas (Ebro Foods), Luigi Lana (Reale Group), Antonio Huertas (Mapfre), Urbano Cairo (RCS Mediagroup), Francisco Reyn\u00e9s (Abertis e Cellnex Telecom), Francesco Monti (Esprinet), Juan Rosell (CEOE), Alfredo Altavilla (FCA), il Re emerito Juan Carlos (edizione speciale del premio per la celebrazione del Centenario della CCIS), Juan Miguel Villar Mir (OHL), Pietro Salini (Salini Impregilo), Borja Prado (Endesa), Alberto Bombassei (Brembo), Antonio V\u00e1zquez (Iberia), Gilberto Benetton (Autogrill), Enrique Cerezo (Atl\u00e9tico de Madird), Massimo Moratti (Internazionale di Milano), C\u00e9sar Allerta (Telef\u00f3nica), Fulvio Conti (Enel), Jos\u00e9 Manuel Lara Bosch (Antena 3), Paolo Vasile (Tele 5), Jos\u00e9 Manuel Mart\u00ednez (Grupo Mapfre), Antoine Bernheim (Generali), Jes\u00fas Salazar (Grupo SOS), Francesco Morelli (Istituto Europeo di Design), Rodrigo Rato (Fondo Monetario Internazionale), Mario Monti (Universit\u00e0 Bocconi), Florentino P\u00e9rez (Real Madrid), Luca Cordero di Montezemolo (Ferrari), Alfonso Cortina (Repsol YPF), Vittorio Mincato (ENI), Gabriele Bugio (NH Hoteles), Jos\u00e9 Vilarasau (La Caixa), Pier Luigi Fabrizi (Monte dei Paschi di Siena), Marco Tronchetti Provera (Pirelli), Rodolfo Mart\u00edn Villa (Endesa), Luciano Benetton (Edizione Holding), Luis Alberto Salazar-Simpson (Auna), Giovanni Agnelli (Fiat), Jos\u00e9 \u00c1ngel S\u00e1nchez Asia\u00edn (Fundaci\u00f3n BBVA), Luis \u00c1ngel Rojo (Banco de Espa\u00f1a), Antonio Fazio (Banca d\u2019Italia), Jos\u00e9 Mar\u00eda Cuevas (CEOE), Giorgio Fossa (Confindustria), Isidoro \u00c1lvarez (El Corte Ingl\u00e9s) e Cesare Romiti (Fiat).<\/p>\n","protected":false},"excerpt":{"rendered":"<p>Madrid, 10 novembre 2023. La giuria del Premio Tiepolo ha deciso di assegnare questo prestigioso riconoscimento a Gian Maria Gros-Pietro, Presidente del Consiglio di Amministrazione di Intesa Sanpaolo e membro del Consiglio dell\u2019Associazione bancaria Italiana (ABI) e ad Alejandra Kindel\u00e1n, Presidente dell\u2019Asociaci\u00f3n Espa\u00f1ola de Banca (AEB). In particolare, la giuria ha voluto sottolineare il ruolo [&hellip;]<\/p>\n","protected":false},"author":1,"featured_media":55190,"comment_status":"open","ping_status":"open","sticky":false,"template":"","format":"standard","meta":{"inline_featured_image":false,"ocean_post_layout":"","ocean_both_sidebars_style":"","ocean_both_sidebars_content_width":0,"ocean_both_sidebars_sidebars_width":0,"ocean_sidebar":"","ocean_second_sidebar":"","ocean_disable_margins":"enable","ocean_add_body_class":"","ocean_shortcode_before_top_bar":"","ocean_shortcode_after_top_bar":"","ocean_shortcode_before_header":"","ocean_shortcode_after_header":"","ocean_has_shortcode":"","ocean_shortcode_after_title":"","ocean_shortcode_before_footer_widgets":"","ocean_shortcode_after_footer_widgets":"","ocean_shortcode_before_footer_bottom":"","ocean_shortcode_after_footer_bottom":"","ocean_display_top_bar":"default","ocean_display_header":"default","ocean_header_style":"","ocean_center_header_left_menu":"","ocean_custom_header_template":"","ocean_custom_logo":0,"ocean_custom_retina_logo":0,"ocean_custom_logo_max_width":0,"ocean_custom_logo_tablet_max_width":0,"ocean_custom_logo_mobile_max_width":0,"ocean_custom_logo_max_height":0,"ocean_custom_logo_tablet_max_height":0,"ocean_custom_logo_mobile_max_height":0,"ocean_header_custom_menu":"","ocean_menu_typo_font_family":"","ocean_menu_typo_font_subset":"","ocean_menu_typo_font_size":0,"ocean_menu_typo_font_size_tablet":0,"ocean_menu_typo_font_size_mobile":0,"ocean_menu_typo_font_size_unit":"px","ocean_menu_typo_font_weight":"","ocean_menu_typo_font_weight_tablet":"","ocean_menu_typo_font_weight_mobile":"","ocean_menu_typo_transform":"","ocean_menu_typo_transform_tablet":"","ocean_menu_typo_transform_mobile":"","ocean_menu_typo_line_height":0,"ocean_menu_typo_line_height_tablet":0,"ocean_menu_typo_line_height_mobile":0,"ocean_menu_typo_line_height_unit":"","ocean_menu_typo_spacing":0,"ocean_menu_typo_spacing_tablet":0,"ocean_menu_typo_spacing_mobile":0,"ocean_menu_typo_spacing_unit":"","ocean_menu_link_color":"","ocean_menu_link_color_hover":"","ocean_menu_link_color_active":"","ocean_menu_link_background":"","ocean_menu_link_hover_background":"","ocean_menu_link_active_background":"","ocean_menu_social_links_bg":"","ocean_menu_social_hover_links_bg":"","ocean_menu_social_links_color":"","ocean_menu_social_hover_links_color":"","ocean_disable_title":"default","ocean_disable_heading":"default","ocean_post_title":"","ocean_post_subheading":"","ocean_post_title_style":"","ocean_post_title_background_color":"","ocean_post_title_background":0,"ocean_post_title_bg_image_position":"","ocean_post_title_bg_image_attachment":"","ocean_post_title_bg_image_repeat":"","ocean_post_title_bg_image_size":"","ocean_post_title_height":0,"ocean_post_title_bg_overlay":0.5,"ocean_post_title_bg_overlay_color":"","ocean_disable_breadcrumbs":"default","ocean_breadcrumbs_color":"","ocean_breadcrumbs_separator_color":"","ocean_breadcrumbs_links_color":"","ocean_breadcrumbs_links_hover_color":"","ocean_display_footer_widgets":"default","ocean_display_footer_bottom":"default","ocean_custom_footer_template":"","ocean_post_oembed":"","ocean_post_self_hosted_media":"","ocean_post_video_embed":"","ocean_link_format":"","ocean_link_format_target":"self","ocean_quote_format":"","ocean_quote_format_link":"post","ocean_gallery_link_images":"on","ocean_gallery_id":[],"footnotes":""},"categories":[133],"tags":[139],"class_list":["post-56418","post","type-post","status-publish","format-standard","has-post-thumbnail","hentry","category-notizie","tag-notizie-di-la-ccis","entry","has-media"],"yoast_head":"<!-- This site is optimized with the Yoast SEO plugin v27.4 - https:\/\/yoast.com\/product\/yoast-seo-wordpress\/ -->\n<title>Gian Maria Gros-Pietro (Intesa Sanpaolo) e Alejandra Kindel\u00e1n (Asociaci\u00f3n Espa\u00f1ola de Banca), Premio Tiepolo 2023 - Italcamara<\/title>\n<meta name=\"robots\" content=\"index, follow, max-snippet:-1, max-image-preview:large, max-video-preview:-1\" \/>\n<link rel=\"canonical\" href=\"https:\/\/italcamara-es.com\/noticias\/alejandra-kindelan-asociacion-espanola-de-banca-y-gian-maria-gros-pietro-intesa-sanpaolo-premio-tiepolo-2023\/\" \/>\n<meta property=\"og:locale\" content=\"it_IT\" \/>\n<meta property=\"og:type\" content=\"article\" \/>\n<meta property=\"og:title\" content=\"Gian Maria Gros-Pietro (Intesa Sanpaolo) e Alejandra Kindel\u00e1n (Asociaci\u00f3n Espa\u00f1ola de Banca), Premio Tiepolo 2023 - Italcamara\" \/>\n<meta property=\"og:description\" content=\"Madrid, 10 novembre 2023. La giuria del Premio Tiepolo ha deciso di assegnare questo prestigioso riconoscimento a Gian Maria Gros-Pietro, Presidente del Consiglio di Amministrazione di Intesa Sanpaolo e membro del Consiglio dell\u2019Associazione bancaria Italiana (ABI) e ad Alejandra Kindel\u00e1n, Presidente dell\u2019Asociaci\u00f3n Espa\u00f1ola de Banca (AEB). In particolare, la giuria ha voluto sottolineare il ruolo [&hellip;]\" \/>\n<meta property=\"og:url\" content=\"https:\/\/italcamara-es.com\/noticias\/alejandra-kindelan-asociacion-espanola-de-banca-y-gian-maria-gros-pietro-intesa-sanpaolo-premio-tiepolo-2023\/\" \/>\n<meta property=\"og:site_name\" content=\"Italcamara\" \/>\n<meta property=\"article:published_time\" content=\"2023-11-10T08:40:01+00:00\" \/>\n<meta property=\"og:image\" content=\"https:\/\/italcamara-es.com\/wp-content\/uploads\/2025\/03\/immagine-premiati-Tiepolo-2023-e1699609174124.png\" \/>\n\t<meta property=\"og:image:width\" content=\"500\" \/>\n\t<meta property=\"og:image:height\" content=\"280\" \/>\n\t<meta property=\"og:image:type\" content=\"image\/png\" \/>\n<meta name=\"author\" content=\"administrador\" \/>\n<meta name=\"twitter:card\" content=\"summary_large_image\" \/>\n<meta name=\"twitter:label1\" content=\"Scritto da\" \/>\n\t<meta name=\"twitter:data1\" content=\"administrador\" \/>\n\t<meta name=\"twitter:label2\" content=\"Tempo di lettura stimato\" \/>\n\t<meta name=\"twitter:data2\" content=\"5 minuti\" \/>\n<script type=\"application\/ld+json\" class=\"yoast-schema-graph\">{\"@context\":\"https:\\\/\\\/schema.org\",\"@graph\":[{\"@type\":\"Article\",\"@id\":\"https:\\\/\\\/italcamara-es.com\\\/noticias\\\/alejandra-kindelan-asociacion-espanola-de-banca-y-gian-maria-gros-pietro-intesa-sanpaolo-premio-tiepolo-2023\\\/#article\",\"isPartOf\":{\"@id\":\"https:\\\/\\\/italcamara-es.com\\\/noticias\\\/alejandra-kindelan-asociacion-espanola-de-banca-y-gian-maria-gros-pietro-intesa-sanpaolo-premio-tiepolo-2023\\\/\"},\"author\":{\"name\":\"administrador\",\"@id\":\"https:\\\/\\\/italcamara-es.com\\\/#\\\/schema\\\/person\\\/bb3c56263e405bbd9a15171dcfee93bb\"},\"headline\":\"Gian Maria Gros-Pietro (Intesa Sanpaolo) e Alejandra Kindel\u00e1n (Asociaci\u00f3n Espa\u00f1ola de Banca), Premio Tiepolo 2023\",\"datePublished\":\"2023-11-10T08:40:01+00:00\",\"mainEntityOfPage\":{\"@id\":\"https:\\\/\\\/italcamara-es.com\\\/noticias\\\/alejandra-kindelan-asociacion-espanola-de-banca-y-gian-maria-gros-pietro-intesa-sanpaolo-premio-tiepolo-2023\\\/\"},\"wordCount\":999,\"commentCount\":0,\"image\":{\"@id\":\"https:\\\/\\\/italcamara-es.com\\\/noticias\\\/alejandra-kindelan-asociacion-espanola-de-banca-y-gian-maria-gros-pietro-intesa-sanpaolo-premio-tiepolo-2023\\\/#primaryimage\"},\"thumbnailUrl\":\"https:\\\/\\\/italcamara-es.com\\\/wp-content\\\/uploads\\\/2025\\\/03\\\/immagine-premiati-Tiepolo-2023-e1699609174124.png\",\"keywords\":[\"Notizie di la CCIS\"],\"articleSection\":[\"Notizie\"],\"inLanguage\":\"it-IT\",\"potentialAction\":[{\"@type\":\"CommentAction\",\"name\":\"Comment\",\"target\":[\"https:\\\/\\\/italcamara-es.com\\\/noticias\\\/alejandra-kindelan-asociacion-espanola-de-banca-y-gian-maria-gros-pietro-intesa-sanpaolo-premio-tiepolo-2023\\\/#respond\"]}]},{\"@type\":\"WebPage\",\"@id\":\"https:\\\/\\\/italcamara-es.com\\\/noticias\\\/alejandra-kindelan-asociacion-espanola-de-banca-y-gian-maria-gros-pietro-intesa-sanpaolo-premio-tiepolo-2023\\\/\",\"url\":\"https:\\\/\\\/italcamara-es.com\\\/noticias\\\/alejandra-kindelan-asociacion-espanola-de-banca-y-gian-maria-gros-pietro-intesa-sanpaolo-premio-tiepolo-2023\\\/\",\"name\":\"Gian Maria Gros-Pietro (Intesa Sanpaolo) e Alejandra Kindel\u00e1n (Asociaci\u00f3n Espa\u00f1ola de Banca), Premio Tiepolo 2023 - Italcamara\",\"isPartOf\":{\"@id\":\"https:\\\/\\\/italcamara-es.com\\\/#website\"},\"primaryImageOfPage\":{\"@id\":\"https:\\\/\\\/italcamara-es.com\\\/noticias\\\/alejandra-kindelan-asociacion-espanola-de-banca-y-gian-maria-gros-pietro-intesa-sanpaolo-premio-tiepolo-2023\\\/#primaryimage\"},\"image\":{\"@id\":\"https:\\\/\\\/italcamara-es.com\\\/noticias\\\/alejandra-kindelan-asociacion-espanola-de-banca-y-gian-maria-gros-pietro-intesa-sanpaolo-premio-tiepolo-2023\\\/#primaryimage\"},\"thumbnailUrl\":\"https:\\\/\\\/italcamara-es.com\\\/wp-content\\\/uploads\\\/2025\\\/03\\\/immagine-premiati-Tiepolo-2023-e1699609174124.png\",\"datePublished\":\"2023-11-10T08:40:01+00:00\",\"author\":{\"@id\":\"https:\\\/\\\/italcamara-es.com\\\/#\\\/schema\\\/person\\\/bb3c56263e405bbd9a15171dcfee93bb\"},\"breadcrumb\":{\"@id\":\"https:\\\/\\\/italcamara-es.com\\\/noticias\\\/alejandra-kindelan-asociacion-espanola-de-banca-y-gian-maria-gros-pietro-intesa-sanpaolo-premio-tiepolo-2023\\\/#breadcrumb\"},\"inLanguage\":\"it-IT\",\"potentialAction\":[{\"@type\":\"ReadAction\",\"target\":[\"https:\\\/\\\/italcamara-es.com\\\/noticias\\\/alejandra-kindelan-asociacion-espanola-de-banca-y-gian-maria-gros-pietro-intesa-sanpaolo-premio-tiepolo-2023\\\/\"]}]},{\"@type\":\"ImageObject\",\"inLanguage\":\"it-IT\",\"@id\":\"https:\\\/\\\/italcamara-es.com\\\/noticias\\\/alejandra-kindelan-asociacion-espanola-de-banca-y-gian-maria-gros-pietro-intesa-sanpaolo-premio-tiepolo-2023\\\/#primaryimage\",\"url\":\"https:\\\/\\\/italcamara-es.com\\\/wp-content\\\/uploads\\\/2025\\\/03\\\/immagine-premiati-Tiepolo-2023-e1699609174124.png\",\"contentUrl\":\"https:\\\/\\\/italcamara-es.com\\\/wp-content\\\/uploads\\\/2025\\\/03\\\/immagine-premiati-Tiepolo-2023-e1699609174124.png\",\"width\":500,\"height\":280},{\"@type\":\"BreadcrumbList\",\"@id\":\"https:\\\/\\\/italcamara-es.com\\\/noticias\\\/alejandra-kindelan-asociacion-espanola-de-banca-y-gian-maria-gros-pietro-intesa-sanpaolo-premio-tiepolo-2023\\\/#breadcrumb\",\"itemListElement\":[{\"@type\":\"ListItem\",\"position\":1,\"name\":\"Inicio\",\"item\":\"https:\\\/\\\/italcamara-es.com\\\/it\\\/homepage-ita\\\/\"},{\"@type\":\"ListItem\",\"position\":2,\"name\":\"Gian Maria Gros-Pietro (Intesa Sanpaolo) e Alejandra Kindel\u00e1n (Asociaci\u00f3n Espa\u00f1ola de Banca), Premio Tiepolo 2023\"}]},{\"@type\":\"WebSite\",\"@id\":\"https:\\\/\\\/italcamara-es.com\\\/#website\",\"url\":\"https:\\\/\\\/italcamara-es.com\\\/\",\"name\":\"Italcamara\",\"description\":\"\",\"potentialAction\":[{\"@type\":\"SearchAction\",\"target\":{\"@type\":\"EntryPoint\",\"urlTemplate\":\"https:\\\/\\\/italcamara-es.com\\\/?s={search_term_string}\"},\"query-input\":{\"@type\":\"PropertyValueSpecification\",\"valueRequired\":true,\"valueName\":\"search_term_string\"}}],\"inLanguage\":\"it-IT\"},{\"@type\":\"Person\",\"@id\":\"https:\\\/\\\/italcamara-es.com\\\/#\\\/schema\\\/person\\\/bb3c56263e405bbd9a15171dcfee93bb\",\"name\":\"administrador\",\"image\":{\"@type\":\"ImageObject\",\"inLanguage\":\"it-IT\",\"@id\":\"https:\\\/\\\/secure.gravatar.com\\\/avatar\\\/14b5e63db38320b12031bb28cf9f77e210aa71fb3a8a3602a3c9a05134fa75eb?s=96&d=mm&r=g\",\"url\":\"https:\\\/\\\/secure.gravatar.com\\\/avatar\\\/14b5e63db38320b12031bb28cf9f77e210aa71fb3a8a3602a3c9a05134fa75eb?s=96&d=mm&r=g\",\"contentUrl\":\"https:\\\/\\\/secure.gravatar.com\\\/avatar\\\/14b5e63db38320b12031bb28cf9f77e210aa71fb3a8a3602a3c9a05134fa75eb?s=96&d=mm&r=g\",\"caption\":\"administrador\"},\"sameAs\":[\"http:\\\/\\\/pre.italcamara-es.com\"],\"url\":\"https:\\\/\\\/italcamara-es.com\\\/it\\\/author\\\/administrador\\\/\"}]}<\/script>\n<!-- \/ Yoast SEO plugin. -->","yoast_head_json":{"title":"Gian Maria Gros-Pietro (Intesa Sanpaolo) e Alejandra Kindel\u00e1n (Asociaci\u00f3n Espa\u00f1ola de Banca), Premio Tiepolo 2023 - Italcamara","robots":{"index":"index","follow":"follow","max-snippet":"max-snippet:-1","max-image-preview":"max-image-preview:large","max-video-preview":"max-video-preview:-1"},"canonical":"https:\/\/italcamara-es.com\/noticias\/alejandra-kindelan-asociacion-espanola-de-banca-y-gian-maria-gros-pietro-intesa-sanpaolo-premio-tiepolo-2023\/","og_locale":"it_IT","og_type":"article","og_title":"Gian Maria Gros-Pietro (Intesa Sanpaolo) e Alejandra Kindel\u00e1n (Asociaci\u00f3n Espa\u00f1ola de Banca), Premio Tiepolo 2023 - Italcamara","og_description":"Madrid, 10 novembre 2023. La giuria del Premio Tiepolo ha deciso di assegnare questo prestigioso riconoscimento a Gian Maria Gros-Pietro, Presidente del Consiglio di Amministrazione di Intesa Sanpaolo e membro del Consiglio dell\u2019Associazione bancaria Italiana (ABI) e ad Alejandra Kindel\u00e1n, Presidente dell\u2019Asociaci\u00f3n Espa\u00f1ola de Banca (AEB). In particolare, la giuria ha voluto sottolineare il ruolo [&hellip;]","og_url":"https:\/\/italcamara-es.com\/noticias\/alejandra-kindelan-asociacion-espanola-de-banca-y-gian-maria-gros-pietro-intesa-sanpaolo-premio-tiepolo-2023\/","og_site_name":"Italcamara","article_published_time":"2023-11-10T08:40:01+00:00","og_image":[{"width":500,"height":280,"url":"https:\/\/italcamara-es.com\/wp-content\/uploads\/2025\/03\/immagine-premiati-Tiepolo-2023-e1699609174124.png","type":"image\/png"}],"author":"administrador","twitter_card":"summary_large_image","twitter_misc":{"Scritto da":"administrador","Tempo di lettura stimato":"5 minuti"},"schema":{"@context":"https:\/\/schema.org","@graph":[{"@type":"Article","@id":"https:\/\/italcamara-es.com\/noticias\/alejandra-kindelan-asociacion-espanola-de-banca-y-gian-maria-gros-pietro-intesa-sanpaolo-premio-tiepolo-2023\/#article","isPartOf":{"@id":"https:\/\/italcamara-es.com\/noticias\/alejandra-kindelan-asociacion-espanola-de-banca-y-gian-maria-gros-pietro-intesa-sanpaolo-premio-tiepolo-2023\/"},"author":{"name":"administrador","@id":"https:\/\/italcamara-es.com\/#\/schema\/person\/bb3c56263e405bbd9a15171dcfee93bb"},"headline":"Gian Maria Gros-Pietro (Intesa Sanpaolo) e Alejandra Kindel\u00e1n (Asociaci\u00f3n Espa\u00f1ola de Banca), Premio Tiepolo 2023","datePublished":"2023-11-10T08:40:01+00:00","mainEntityOfPage":{"@id":"https:\/\/italcamara-es.com\/noticias\/alejandra-kindelan-asociacion-espanola-de-banca-y-gian-maria-gros-pietro-intesa-sanpaolo-premio-tiepolo-2023\/"},"wordCount":999,"commentCount":0,"image":{"@id":"https:\/\/italcamara-es.com\/noticias\/alejandra-kindelan-asociacion-espanola-de-banca-y-gian-maria-gros-pietro-intesa-sanpaolo-premio-tiepolo-2023\/#primaryimage"},"thumbnailUrl":"https:\/\/italcamara-es.com\/wp-content\/uploads\/2025\/03\/immagine-premiati-Tiepolo-2023-e1699609174124.png","keywords":["Notizie di la CCIS"],"articleSection":["Notizie"],"inLanguage":"it-IT","potentialAction":[{"@type":"CommentAction","name":"Comment","target":["https:\/\/italcamara-es.com\/noticias\/alejandra-kindelan-asociacion-espanola-de-banca-y-gian-maria-gros-pietro-intesa-sanpaolo-premio-tiepolo-2023\/#respond"]}]},{"@type":"WebPage","@id":"https:\/\/italcamara-es.com\/noticias\/alejandra-kindelan-asociacion-espanola-de-banca-y-gian-maria-gros-pietro-intesa-sanpaolo-premio-tiepolo-2023\/","url":"https:\/\/italcamara-es.com\/noticias\/alejandra-kindelan-asociacion-espanola-de-banca-y-gian-maria-gros-pietro-intesa-sanpaolo-premio-tiepolo-2023\/","name":"Gian Maria Gros-Pietro (Intesa Sanpaolo) e Alejandra Kindel\u00e1n (Asociaci\u00f3n Espa\u00f1ola de Banca), Premio Tiepolo 2023 - Italcamara","isPartOf":{"@id":"https:\/\/italcamara-es.com\/#website"},"primaryImageOfPage":{"@id":"https:\/\/italcamara-es.com\/noticias\/alejandra-kindelan-asociacion-espanola-de-banca-y-gian-maria-gros-pietro-intesa-sanpaolo-premio-tiepolo-2023\/#primaryimage"},"image":{"@id":"https:\/\/italcamara-es.com\/noticias\/alejandra-kindelan-asociacion-espanola-de-banca-y-gian-maria-gros-pietro-intesa-sanpaolo-premio-tiepolo-2023\/#primaryimage"},"thumbnailUrl":"https:\/\/italcamara-es.com\/wp-content\/uploads\/2025\/03\/immagine-premiati-Tiepolo-2023-e1699609174124.png","datePublished":"2023-11-10T08:40:01+00:00","author":{"@id":"https:\/\/italcamara-es.com\/#\/schema\/person\/bb3c56263e405bbd9a15171dcfee93bb"},"breadcrumb":{"@id":"https:\/\/italcamara-es.com\/noticias\/alejandra-kindelan-asociacion-espanola-de-banca-y-gian-maria-gros-pietro-intesa-sanpaolo-premio-tiepolo-2023\/#breadcrumb"},"inLanguage":"it-IT","potentialAction":[{"@type":"ReadAction","target":["https:\/\/italcamara-es.com\/noticias\/alejandra-kindelan-asociacion-espanola-de-banca-y-gian-maria-gros-pietro-intesa-sanpaolo-premio-tiepolo-2023\/"]}]},{"@type":"ImageObject","inLanguage":"it-IT","@id":"https:\/\/italcamara-es.com\/noticias\/alejandra-kindelan-asociacion-espanola-de-banca-y-gian-maria-gros-pietro-intesa-sanpaolo-premio-tiepolo-2023\/#primaryimage","url":"https:\/\/italcamara-es.com\/wp-content\/uploads\/2025\/03\/immagine-premiati-Tiepolo-2023-e1699609174124.png","contentUrl":"https:\/\/italcamara-es.com\/wp-content\/uploads\/2025\/03\/immagine-premiati-Tiepolo-2023-e1699609174124.png","width":500,"height":280},{"@type":"BreadcrumbList","@id":"https:\/\/italcamara-es.com\/noticias\/alejandra-kindelan-asociacion-espanola-de-banca-y-gian-maria-gros-pietro-intesa-sanpaolo-premio-tiepolo-2023\/#breadcrumb","itemListElement":[{"@type":"ListItem","position":1,"name":"Inicio","item":"https:\/\/italcamara-es.com\/it\/homepage-ita\/"},{"@type":"ListItem","position":2,"name":"Gian Maria Gros-Pietro (Intesa Sanpaolo) e Alejandra Kindel\u00e1n (Asociaci\u00f3n Espa\u00f1ola de Banca), Premio Tiepolo 2023"}]},{"@type":"WebSite","@id":"https:\/\/italcamara-es.com\/#website","url":"https:\/\/italcamara-es.com\/","name":"Italcamara","description":"","potentialAction":[{"@type":"SearchAction","target":{"@type":"EntryPoint","urlTemplate":"https:\/\/italcamara-es.com\/?s={search_term_string}"},"query-input":{"@type":"PropertyValueSpecification","valueRequired":true,"valueName":"search_term_string"}}],"inLanguage":"it-IT"},{"@type":"Person","@id":"https:\/\/italcamara-es.com\/#\/schema\/person\/bb3c56263e405bbd9a15171dcfee93bb","name":"administrador","image":{"@type":"ImageObject","inLanguage":"it-IT","@id":"https:\/\/secure.gravatar.com\/avatar\/14b5e63db38320b12031bb28cf9f77e210aa71fb3a8a3602a3c9a05134fa75eb?s=96&d=mm&r=g","url":"https:\/\/secure.gravatar.com\/avatar\/14b5e63db38320b12031bb28cf9f77e210aa71fb3a8a3602a3c9a05134fa75eb?s=96&d=mm&r=g","contentUrl":"https:\/\/secure.gravatar.com\/avatar\/14b5e63db38320b12031bb28cf9f77e210aa71fb3a8a3602a3c9a05134fa75eb?s=96&d=mm&r=g","caption":"administrador"},"sameAs":["http:\/\/pre.italcamara-es.com"],"url":"https:\/\/italcamara-es.com\/it\/author\/administrador\/"}]}},"rttpg_featured_image_url":{"full":["https:\/\/italcamara-es.com\/wp-content\/uploads\/2025\/03\/immagine-premiati-Tiepolo-2023-e1699609174124.png",500,280,false],"landscape":["https:\/\/italcamara-es.com\/wp-content\/uploads\/2025\/03\/immagine-premiati-Tiepolo-2023-e1699609174124.png",500,280,false],"portraits":["https:\/\/italcamara-es.com\/wp-content\/uploads\/2025\/03\/immagine-premiati-Tiepolo-2023-e1699609174124.png",500,280,false],"thumbnail":["https:\/\/italcamara-es.com\/wp-content\/uploads\/2025\/03\/immagine-premiati-Tiepolo-2023-e1699609174124-150x150.png",150,150,true],"medium":["https:\/\/italcamara-es.com\/wp-content\/uploads\/2025\/03\/immagine-premiati-Tiepolo-2023-e1699609174124-300x168.png",300,168,true],"large":["https:\/\/italcamara-es.com\/wp-content\/uploads\/2025\/03\/immagine-premiati-Tiepolo-2023-e1699609174124.png",500,280,false],"1536x1536":["https:\/\/italcamara-es.com\/wp-content\/uploads\/2025\/03\/immagine-premiati-Tiepolo-2023-e1699609174124.png",500,280,false],"2048x2048":["https:\/\/italcamara-es.com\/wp-content\/uploads\/2025\/03\/immagine-premiati-Tiepolo-2023-e1699609174124.png",500,280,false],"ocean-thumb-m":["https:\/\/italcamara-es.com\/wp-content\/uploads\/2025\/03\/immagine-premiati-Tiepolo-2023-e1699609174124.png",500,280,false],"ocean-thumb-ml":["https:\/\/italcamara-es.com\/wp-content\/uploads\/2025\/03\/immagine-premiati-Tiepolo-2023-e1699609174124.png",500,280,false],"ocean-thumb-l":["https:\/\/italcamara-es.com\/wp-content\/uploads\/2025\/03\/immagine-premiati-Tiepolo-2023-e1699609174124.png",500,280,false],"directorist_preview":["https:\/\/italcamara-es.com\/wp-content\/uploads\/2025\/03\/immagine-premiati-Tiepolo-2023-e1699609174124.png",500,280,false]},"rttpg_author":{"display_name":"administrador","author_link":"https:\/\/italcamara-es.com\/it\/author\/administrador\/"},"rttpg_comment":0,"rttpg_category":"<a href=\"https:\/\/italcamara-es.com\/it\/category\/notizie\/\" rel=\"category tag\">Notizie<\/a>","rttpg_excerpt":"Madrid, 10 novembre 2023. La giuria del Premio Tiepolo ha deciso di assegnare questo prestigioso riconoscimento a Gian Maria Gros-Pietro, Presidente del Consiglio di Amministrazione di Intesa Sanpaolo e membro del Consiglio dell\u2019Associazione bancaria Italiana (ABI) e ad Alejandra Kindel\u00e1n, Presidente dell\u2019Asociaci\u00f3n Espa\u00f1ola de Banca (AEB). In particolare, la giuria ha voluto sottolineare il ruolo&hellip;","_links":{"self":[{"href":"https:\/\/italcamara-es.com\/it\/wp-json\/wp\/v2\/posts\/56418","targetHints":{"allow":["GET"]}}],"collection":[{"href":"https:\/\/italcamara-es.com\/it\/wp-json\/wp\/v2\/posts"}],"about":[{"href":"https:\/\/italcamara-es.com\/it\/wp-json\/wp\/v2\/types\/post"}],"author":[{"embeddable":true,"href":"https:\/\/italcamara-es.com\/it\/wp-json\/wp\/v2\/users\/1"}],"replies":[{"embeddable":true,"href":"https:\/\/italcamara-es.com\/it\/wp-json\/wp\/v2\/comments?post=56418"}],"version-history":[{"count":0,"href":"https:\/\/italcamara-es.com\/it\/wp-json\/wp\/v2\/posts\/56418\/revisions"}],"wp:featuredmedia":[{"embeddable":true,"href":"https:\/\/italcamara-es.com\/it\/wp-json\/wp\/v2\/media\/55190"}],"wp:attachment":[{"href":"https:\/\/italcamara-es.com\/it\/wp-json\/wp\/v2\/media?parent=56418"}],"wp:term":[{"taxonomy":"category","embeddable":true,"href":"https:\/\/italcamara-es.com\/it\/wp-json\/wp\/v2\/categories?post=56418"},{"taxonomy":"post_tag","embeddable":true,"href":"https:\/\/italcamara-es.com\/it\/wp-json\/wp\/v2\/tags?post=56418"}],"curies":[{"name":"wp","href":"https:\/\/api.w.org\/{rel}","templated":true}]}}