	{"id":56424,"date":"2023-12-04T14:08:59","date_gmt":"2023-12-04T13:08:59","guid":{"rendered":"http:\/\/pre.italcamara-es.com\/senza-categoria\/la-ccis-in-costa-rica-con-le-aziende-vincitrici-del-progetto-smart-green-al-invest-verde\/"},"modified":"2023-12-04T14:08:59","modified_gmt":"2023-12-04T13:08:59","slug":"la-ccis-in-costa-rica-con-le-aziende-vincitrici-del-progetto-smart-green-al-invest-verde","status":"publish","type":"post","link":"https:\/\/italcamara-es.com\/it\/notizie\/la-ccis-in-costa-rica-con-le-aziende-vincitrici-del-progetto-smart-green-al-invest-verde\/","title":{"rendered":"La CCIS in Costa Rica con le aziende vincitrici del progetto Smart Green AL-INVEST Verde"},"content":{"rendered":"\n<p><strong>Dal 20 al 24 novembre 2023<\/strong>, il responsabile dell&#8217;EU Desk della CCIS, Luca Trovato, insieme alla project manager, Julia Wagenpfeil, hanno accompagnato la vincitrice del concorso per la sostenibilit\u00e0 in Spagna del progetto Smart Green AL-INVEST VERDE, <strong>Laia de Mas Pineda Oix<\/strong>, nel suo <strong>viaggio in Costa Rica<\/strong> per uno scambio di idee, conoscenze e buone pratiche con aziende e operatori locali esperti in sostenibilit\u00e0.<\/p>\n\n\n\n<p>La delegazione \u00e8 stata accolta il primo giorno da <strong>Gustavo Alvarado<\/strong>, <strong>Direttore dell&#8217;Instituto Costarricense de Turismo<\/strong>, il quale ha introdotto &nbsp;i vari programmi di sostenibilit\u00e0 che aiutano gli imprenditori del settore turistico nel Costa Rica a migliorare le loro metodologie di lavoro e a trasformare la loro attivit\u00e0 in una maggiormente sostenibile.<\/p>\n\n\n\n<p>Un\u2019altra importante attivit\u00e0 significativa del viaggio \u00e8 stata la <strong>visita <\/strong>all\u2019<strong>azienda agricola Abuelos Caf\u00e9<\/strong>, un\u2019immersione autentica nel mondo del caff\u00e8 e del turismo sostenibile nell\u2019area di Tarraz\u00fa. Durante questo incontro, <strong>Seylin Jim\u00e9nez<\/strong>, la vincitrice del concorso di sostenibilit\u00e0 di Smart Green per il Costa Rica e proprietaria di Abuelos Caf\u00e9, ha mostrato il suo nuovo progetto, \u201cThe Tiny House\u201d, una baita attualmente in costruzione con il fine di promuovere una nuova forma di turismo sostenibile a Tarraz\u00fa.<\/p>\n\n\n<div class=\"wp-block-image\">\n<figure class=\"aligncenter size-full\"><img decoding=\"async\" src=\"https:\/\/www.italcamara-es.com\/wp-content\/uploads\/2023\/12\/Diseno-sin-titulo-50-6.png\" alt=\"\" class=\"wp-image-35321\"\/><\/figure>\n<\/div>\n\n\n<p>Inoltre, la CCIS ha partecipato al <strong>congresso<\/strong> &#8220;<strong>Innovate 2023<\/strong>&#8221; sulla sostenibilit\u00e0 e l&#8217;innovazione, organizzato dalla Camera di Commercio del Costa Rica, ente coordinatore del progetto Smart Green, presso il Crowne Plaza Hotel di San Jos\u00e9. L\u2019obiettivo di questo inconto \u00e8 stato quello di presentare il progetto e gli enti implicati agli imprenditori e rappresentanti di micro, piccole e medie imprese al fine di generare uno spazio didialogo per migliorare la competitivit\u00e0 e la produttivit\u00e0, con un focus sulla sostenibilit\u00e0.<\/p>\n\n\n<div class=\"wp-block-image\">\n<figure class=\"aligncenter size-full\"><img decoding=\"async\" src=\"https:\/\/www.italcamara-es.com\/wp-content\/uploads\/2023\/12\/Imagen5-2.jpg\" alt=\"\" class=\"wp-image-35324\"\/><\/figure>\n<\/div>\n\n\n<p>L\u2019ultima tappa di questo viaggio \u00e8 stata un\u2019incontro con i rappresentanti dell\u2019azienda agricola <strong>Blanco Y Negro,<\/strong> che produce un\u2019ampia variet\u00e0 di ortaggi. La proprietaria, <strong>Maria Jos\u00e9<\/strong> <strong>Figueres Sa\u00e9nz<\/strong>, agronoma, imprenditrice e responsabile del progetto di agricoltura sostenibile e turismo della comunit\u00e0 Blanco y Negro a Turrialba, Cartago, ha mostrato le strutture, i processi di produzione, le attrezzature e le tecnologie di cui dispongono, ed ha illustrato le buone pratiche ambientali e le principali sfide che affrontano nell\u2019ambito della loro attivit\u00e0.<\/p>\n\n\n<div class=\"wp-block-image\">\n<figure class=\"aligncenter size-full\"><img decoding=\"async\" src=\"https:\/\/www.italcamara-es.com\/wp-content\/uploads\/2023\/12\/Diseno-sin-titulo-49-4.png\" alt=\"\" class=\"wp-image-35323\"\/><\/figure>\n<\/div>\n\n\n<p>Per maggiori informazioni sul progetto Smart Green si rimanda alla pagina: <a href=\"http:\/\/alinvest-verde.eu\/es_es\/\" title=\"Smart Green\">Smart Green<\/a><\/p>\n\n\n\n<hr class=\"wp-block-separator has-alpha-channel-opacity\"\/>\n\n\n\n<p>Sei un imprenditore o vuoi diventarlo?<\/p>\n\n\n\n<p>La sostenibilit\u00e0 \u00e8 una tematica che ti attrae?<\/p>\n\n\n\n<p>Allora il nostro laboratorio sulla sostenibilit\u00e0 SMART GREEN \u00e8 quello che fa per te!<\/p>\n\n\n\n<div class=\"wp-block-buttons is-layout-flex wp-block-buttons-is-layout-flex\">\n<div class=\"wp-block-button aligncenter\"><a class=\"wp-block-button__link\" href=\"https:\/\/forms.gle\/FQU3Lymkk9McGPFu7\">Iscriviti!<\/a><\/div>\n<\/div>\n\n\n","protected":false},"excerpt":{"rendered":"<p>Dal 20 al 24 novembre 2023, il responsabile dell&#8217;EU Desk della CCIS, Luca Trovato, insieme alla project manager, Julia Wagenpfeil, hanno accompagnato la vincitrice del concorso per la sostenibilit\u00e0 in Spagna del progetto Smart Green AL-INVEST VERDE, Laia de Mas Pineda Oix, nel suo viaggio in Costa Rica per uno scambio di idee, conoscenze e [&hellip;]<\/p>\n","protected":false},"author":1,"featured_media":55199,"comment_status":"open","ping_status":"open","sticky":false,"template":"","format":"standard","meta":{"inline_featured_image":false,"ocean_post_layout":"","ocean_both_sidebars_style":"","ocean_both_sidebars_content_width":0,"ocean_both_sidebars_sidebars_width":0,"ocean_sidebar":"","ocean_second_sidebar":"","ocean_disable_margins":"enable","ocean_add_body_class":"","ocean_shortcode_before_top_bar":"","ocean_shortcode_after_top_bar":"","ocean_shortcode_before_header":"","ocean_shortcode_after_header":"","ocean_has_shortcode":"","ocean_shortcode_after_title":"","ocean_shortcode_before_footer_widgets":"","ocean_shortcode_after_footer_widgets":"","ocean_shortcode_before_footer_bottom":"","ocean_shortcode_after_footer_bottom":"","ocean_display_top_bar":"default","ocean_display_header":"default","ocean_header_style":"","ocean_center_header_left_menu":"","ocean_custom_header_template":"","ocean_custom_logo":0,"ocean_custom_retina_logo":0,"ocean_custom_logo_max_width":0,"ocean_custom_logo_tablet_max_width":0,"ocean_custom_logo_mobile_max_width":0,"ocean_custom_logo_max_height":0,"ocean_custom_logo_tablet_max_height":0,"ocean_custom_logo_mobile_max_height":0,"ocean_header_custom_menu":"","ocean_menu_typo_font_family":"","ocean_menu_typo_font_subset":"","ocean_menu_typo_font_size":0,"ocean_menu_typo_font_size_tablet":0,"ocean_menu_typo_font_size_mobile":0,"ocean_menu_typo_font_size_unit":"px","ocean_menu_typo_font_weight":"","ocean_menu_typo_font_weight_tablet":"","ocean_menu_typo_font_weight_mobile":"","ocean_menu_typo_transform":"","ocean_menu_typo_transform_tablet":"","ocean_menu_typo_transform_mobile":"","ocean_menu_typo_line_height":0,"ocean_menu_typo_line_height_tablet":0,"ocean_menu_typo_line_height_mobile":0,"ocean_menu_typo_line_height_unit":"","ocean_menu_typo_spacing":0,"ocean_menu_typo_spacing_tablet":0,"ocean_menu_typo_spacing_mobile":0,"ocean_menu_typo_spacing_unit":"","ocean_menu_link_color":"","ocean_menu_link_color_hover":"","ocean_menu_link_color_active":"","ocean_menu_link_background":"","ocean_menu_link_hover_background":"","ocean_menu_link_active_background":"","ocean_menu_social_links_bg":"","ocean_menu_social_hover_links_bg":"","ocean_menu_social_links_color":"","ocean_menu_social_hover_links_color":"","ocean_disable_title":"default","ocean_disable_heading":"default","ocean_post_title":"","ocean_post_subheading":"","ocean_post_title_style":"","ocean_post_title_background_color":"","ocean_post_title_background":0,"ocean_post_title_bg_image_position":"","ocean_post_title_bg_image_attachment":"","ocean_post_title_bg_image_repeat":"","ocean_post_title_bg_image_size":"","ocean_post_title_height":0,"ocean_post_title_bg_overlay":0.5,"ocean_post_title_bg_overlay_color":"","ocean_disable_breadcrumbs":"default","ocean_breadcrumbs_color":"","ocean_breadcrumbs_separator_color":"","ocean_breadcrumbs_links_color":"","ocean_breadcrumbs_links_hover_color":"","ocean_display_footer_widgets":"default","ocean_display_footer_bottom":"default","ocean_custom_footer_template":"","ocean_post_oembed":"","ocean_post_self_hosted_media":"","ocean_post_video_embed":"","ocean_link_format":"","ocean_link_format_target":"self","ocean_quote_format":"","ocean_quote_format_link":"post","ocean_gallery_link_images":"on","ocean_gallery_id":[],"footnotes":""},"categories":[133],"tags":[139],"class_list":["post-56424","post","type-post","status-publish","format-standard","has-post-thumbnail","hentry","category-notizie","tag-notizie-di-la-ccis","entry","has-media"],"yoast_head":"<!-- This site is optimized with the Yoast SEO plugin v27.4 - https:\/\/yoast.com\/product\/yoast-seo-wordpress\/ -->\n<title>La CCIS in Costa Rica con le aziende vincitrici del progetto Smart Green AL-INVEST Verde - Italcamara<\/title>\n<meta name=\"robots\" content=\"index, follow, max-snippet:-1, max-image-preview:large, max-video-preview:-1\" \/>\n<link rel=\"canonical\" href=\"https:\/\/italcamara-es.com\/noticias\/la-ccis-en-costa-rica-con-las-empresas-ganadoras-del-proyecto-smart-green-al-invest-verde\/\" \/>\n<meta property=\"og:locale\" content=\"it_IT\" \/>\n<meta property=\"og:type\" content=\"article\" \/>\n<meta property=\"og:title\" content=\"La CCIS in Costa Rica con le aziende vincitrici del progetto Smart Green AL-INVEST Verde - Italcamara\" \/>\n<meta property=\"og:description\" content=\"Dal 20 al 24 novembre 2023, il responsabile dell&#8217;EU Desk della CCIS, Luca Trovato, insieme alla project manager, Julia Wagenpfeil, hanno accompagnato la vincitrice del concorso per la sostenibilit\u00e0 in Spagna del progetto Smart Green AL-INVEST VERDE, Laia de Mas Pineda Oix, nel suo viaggio in Costa Rica per uno scambio di idee, conoscenze e [&hellip;]\" \/>\n<meta property=\"og:url\" content=\"https:\/\/italcamara-es.com\/noticias\/la-ccis-en-costa-rica-con-las-empresas-ganadoras-del-proyecto-smart-green-al-invest-verde\/\" \/>\n<meta property=\"og:site_name\" content=\"Italcamara\" \/>\n<meta property=\"article:published_time\" content=\"2023-12-04T13:08:59+00:00\" \/>\n<meta property=\"og:image\" content=\"https:\/\/italcamara-es.com\/wp-content\/uploads\/2025\/03\/Imagen6-1.png\" \/>\n\t<meta property=\"og:image:width\" content=\"500\" \/>\n\t<meta property=\"og:image:height\" content=\"281\" \/>\n\t<meta property=\"og:image:type\" content=\"image\/png\" \/>\n<meta name=\"author\" content=\"administrador\" \/>\n<meta name=\"twitter:card\" content=\"summary_large_image\" \/>\n<meta name=\"twitter:label1\" content=\"Scritto da\" \/>\n\t<meta name=\"twitter:data1\" content=\"administrador\" \/>\n\t<meta name=\"twitter:label2\" content=\"Tempo di lettura stimato\" \/>\n\t<meta name=\"twitter:data2\" content=\"2 minuti\" \/>\n<script type=\"application\/ld+json\" class=\"yoast-schema-graph\">{\"@context\":\"https:\\\/\\\/schema.org\",\"@graph\":[{\"@type\":\"Article\",\"@id\":\"https:\\\/\\\/italcamara-es.com\\\/noticias\\\/la-ccis-en-costa-rica-con-las-empresas-ganadoras-del-proyecto-smart-green-al-invest-verde\\\/#article\",\"isPartOf\":{\"@id\":\"https:\\\/\\\/italcamara-es.com\\\/noticias\\\/la-ccis-en-costa-rica-con-las-empresas-ganadoras-del-proyecto-smart-green-al-invest-verde\\\/\"},\"author\":{\"name\":\"administrador\",\"@id\":\"https:\\\/\\\/italcamara-es.com\\\/#\\\/schema\\\/person\\\/bb3c56263e405bbd9a15171dcfee93bb\"},\"headline\":\"La CCIS in Costa Rica con le aziende vincitrici del progetto Smart Green AL-INVEST Verde\",\"datePublished\":\"2023-12-04T13:08:59+00:00\",\"mainEntityOfPage\":{\"@id\":\"https:\\\/\\\/italcamara-es.com\\\/noticias\\\/la-ccis-en-costa-rica-con-las-empresas-ganadoras-del-proyecto-smart-green-al-invest-verde\\\/\"},\"wordCount\":416,\"commentCount\":0,\"image\":{\"@id\":\"https:\\\/\\\/italcamara-es.com\\\/noticias\\\/la-ccis-en-costa-rica-con-las-empresas-ganadoras-del-proyecto-smart-green-al-invest-verde\\\/#primaryimage\"},\"thumbnailUrl\":\"https:\\\/\\\/italcamara-es.com\\\/wp-content\\\/uploads\\\/2025\\\/03\\\/Imagen6-1.png\",\"keywords\":[\"Notizie di la CCIS\"],\"articleSection\":[\"Notizie\"],\"inLanguage\":\"it-IT\",\"potentialAction\":[{\"@type\":\"CommentAction\",\"name\":\"Comment\",\"target\":[\"https:\\\/\\\/italcamara-es.com\\\/noticias\\\/la-ccis-en-costa-rica-con-las-empresas-ganadoras-del-proyecto-smart-green-al-invest-verde\\\/#respond\"]}]},{\"@type\":\"WebPage\",\"@id\":\"https:\\\/\\\/italcamara-es.com\\\/noticias\\\/la-ccis-en-costa-rica-con-las-empresas-ganadoras-del-proyecto-smart-green-al-invest-verde\\\/\",\"url\":\"https:\\\/\\\/italcamara-es.com\\\/noticias\\\/la-ccis-en-costa-rica-con-las-empresas-ganadoras-del-proyecto-smart-green-al-invest-verde\\\/\",\"name\":\"La CCIS in Costa Rica con le aziende vincitrici del progetto Smart Green AL-INVEST Verde - Italcamara\",\"isPartOf\":{\"@id\":\"https:\\\/\\\/italcamara-es.com\\\/#website\"},\"primaryImageOfPage\":{\"@id\":\"https:\\\/\\\/italcamara-es.com\\\/noticias\\\/la-ccis-en-costa-rica-con-las-empresas-ganadoras-del-proyecto-smart-green-al-invest-verde\\\/#primaryimage\"},\"image\":{\"@id\":\"https:\\\/\\\/italcamara-es.com\\\/noticias\\\/la-ccis-en-costa-rica-con-las-empresas-ganadoras-del-proyecto-smart-green-al-invest-verde\\\/#primaryimage\"},\"thumbnailUrl\":\"https:\\\/\\\/italcamara-es.com\\\/wp-content\\\/uploads\\\/2025\\\/03\\\/Imagen6-1.png\",\"datePublished\":\"2023-12-04T13:08:59+00:00\",\"author\":{\"@id\":\"https:\\\/\\\/italcamara-es.com\\\/#\\\/schema\\\/person\\\/bb3c56263e405bbd9a15171dcfee93bb\"},\"breadcrumb\":{\"@id\":\"https:\\\/\\\/italcamara-es.com\\\/noticias\\\/la-ccis-en-costa-rica-con-las-empresas-ganadoras-del-proyecto-smart-green-al-invest-verde\\\/#breadcrumb\"},\"inLanguage\":\"it-IT\",\"potentialAction\":[{\"@type\":\"ReadAction\",\"target\":[\"https:\\\/\\\/italcamara-es.com\\\/noticias\\\/la-ccis-en-costa-rica-con-las-empresas-ganadoras-del-proyecto-smart-green-al-invest-verde\\\/\"]}]},{\"@type\":\"ImageObject\",\"inLanguage\":\"it-IT\",\"@id\":\"https:\\\/\\\/italcamara-es.com\\\/noticias\\\/la-ccis-en-costa-rica-con-las-empresas-ganadoras-del-proyecto-smart-green-al-invest-verde\\\/#primaryimage\",\"url\":\"https:\\\/\\\/italcamara-es.com\\\/wp-content\\\/uploads\\\/2025\\\/03\\\/Imagen6-1.png\",\"contentUrl\":\"https:\\\/\\\/italcamara-es.com\\\/wp-content\\\/uploads\\\/2025\\\/03\\\/Imagen6-1.png\",\"width\":500,\"height\":281},{\"@type\":\"BreadcrumbList\",\"@id\":\"https:\\\/\\\/italcamara-es.com\\\/noticias\\\/la-ccis-en-costa-rica-con-las-empresas-ganadoras-del-proyecto-smart-green-al-invest-verde\\\/#breadcrumb\",\"itemListElement\":[{\"@type\":\"ListItem\",\"position\":1,\"name\":\"Inicio\",\"item\":\"https:\\\/\\\/italcamara-es.com\\\/it\\\/homepage-ita\\\/\"},{\"@type\":\"ListItem\",\"position\":2,\"name\":\"La CCIS in Costa Rica con le aziende vincitrici del progetto Smart Green AL-INVEST Verde\"}]},{\"@type\":\"WebSite\",\"@id\":\"https:\\\/\\\/italcamara-es.com\\\/#website\",\"url\":\"https:\\\/\\\/italcamara-es.com\\\/\",\"name\":\"Italcamara\",\"description\":\"\",\"potentialAction\":[{\"@type\":\"SearchAction\",\"target\":{\"@type\":\"EntryPoint\",\"urlTemplate\":\"https:\\\/\\\/italcamara-es.com\\\/?s={search_term_string}\"},\"query-input\":{\"@type\":\"PropertyValueSpecification\",\"valueRequired\":true,\"valueName\":\"search_term_string\"}}],\"inLanguage\":\"it-IT\"},{\"@type\":\"Person\",\"@id\":\"https:\\\/\\\/italcamara-es.com\\\/#\\\/schema\\\/person\\\/bb3c56263e405bbd9a15171dcfee93bb\",\"name\":\"administrador\",\"image\":{\"@type\":\"ImageObject\",\"inLanguage\":\"it-IT\",\"@id\":\"https:\\\/\\\/secure.gravatar.com\\\/avatar\\\/14b5e63db38320b12031bb28cf9f77e210aa71fb3a8a3602a3c9a05134fa75eb?s=96&d=mm&r=g\",\"url\":\"https:\\\/\\\/secure.gravatar.com\\\/avatar\\\/14b5e63db38320b12031bb28cf9f77e210aa71fb3a8a3602a3c9a05134fa75eb?s=96&d=mm&r=g\",\"contentUrl\":\"https:\\\/\\\/secure.gravatar.com\\\/avatar\\\/14b5e63db38320b12031bb28cf9f77e210aa71fb3a8a3602a3c9a05134fa75eb?s=96&d=mm&r=g\",\"caption\":\"administrador\"},\"sameAs\":[\"http:\\\/\\\/pre.italcamara-es.com\"],\"url\":\"https:\\\/\\\/italcamara-es.com\\\/it\\\/author\\\/administrador\\\/\"}]}<\/script>\n<!-- \/ Yoast SEO plugin. -->","yoast_head_json":{"title":"La CCIS in Costa Rica con le aziende vincitrici del progetto Smart Green AL-INVEST Verde - Italcamara","robots":{"index":"index","follow":"follow","max-snippet":"max-snippet:-1","max-image-preview":"max-image-preview:large","max-video-preview":"max-video-preview:-1"},"canonical":"https:\/\/italcamara-es.com\/noticias\/la-ccis-en-costa-rica-con-las-empresas-ganadoras-del-proyecto-smart-green-al-invest-verde\/","og_locale":"it_IT","og_type":"article","og_title":"La CCIS in Costa Rica con le aziende vincitrici del progetto Smart Green AL-INVEST Verde - Italcamara","og_description":"Dal 20 al 24 novembre 2023, il responsabile dell&#8217;EU Desk della CCIS, Luca Trovato, insieme alla project manager, Julia Wagenpfeil, hanno accompagnato la vincitrice del concorso per la sostenibilit\u00e0 in Spagna del progetto Smart Green AL-INVEST VERDE, Laia de Mas Pineda Oix, nel suo viaggio in Costa Rica per uno scambio di idee, conoscenze e [&hellip;]","og_url":"https:\/\/italcamara-es.com\/noticias\/la-ccis-en-costa-rica-con-las-empresas-ganadoras-del-proyecto-smart-green-al-invest-verde\/","og_site_name":"Italcamara","article_published_time":"2023-12-04T13:08:59+00:00","og_image":[{"width":500,"height":281,"url":"https:\/\/italcamara-es.com\/wp-content\/uploads\/2025\/03\/Imagen6-1.png","type":"image\/png"}],"author":"administrador","twitter_card":"summary_large_image","twitter_misc":{"Scritto da":"administrador","Tempo di lettura stimato":"2 minuti"},"schema":{"@context":"https:\/\/schema.org","@graph":[{"@type":"Article","@id":"https:\/\/italcamara-es.com\/noticias\/la-ccis-en-costa-rica-con-las-empresas-ganadoras-del-proyecto-smart-green-al-invest-verde\/#article","isPartOf":{"@id":"https:\/\/italcamara-es.com\/noticias\/la-ccis-en-costa-rica-con-las-empresas-ganadoras-del-proyecto-smart-green-al-invest-verde\/"},"author":{"name":"administrador","@id":"https:\/\/italcamara-es.com\/#\/schema\/person\/bb3c56263e405bbd9a15171dcfee93bb"},"headline":"La CCIS in Costa Rica con le aziende vincitrici del progetto Smart Green AL-INVEST Verde","datePublished":"2023-12-04T13:08:59+00:00","mainEntityOfPage":{"@id":"https:\/\/italcamara-es.com\/noticias\/la-ccis-en-costa-rica-con-las-empresas-ganadoras-del-proyecto-smart-green-al-invest-verde\/"},"wordCount":416,"commentCount":0,"image":{"@id":"https:\/\/italcamara-es.com\/noticias\/la-ccis-en-costa-rica-con-las-empresas-ganadoras-del-proyecto-smart-green-al-invest-verde\/#primaryimage"},"thumbnailUrl":"https:\/\/italcamara-es.com\/wp-content\/uploads\/2025\/03\/Imagen6-1.png","keywords":["Notizie di la CCIS"],"articleSection":["Notizie"],"inLanguage":"it-IT","potentialAction":[{"@type":"CommentAction","name":"Comment","target":["https:\/\/italcamara-es.com\/noticias\/la-ccis-en-costa-rica-con-las-empresas-ganadoras-del-proyecto-smart-green-al-invest-verde\/#respond"]}]},{"@type":"WebPage","@id":"https:\/\/italcamara-es.com\/noticias\/la-ccis-en-costa-rica-con-las-empresas-ganadoras-del-proyecto-smart-green-al-invest-verde\/","url":"https:\/\/italcamara-es.com\/noticias\/la-ccis-en-costa-rica-con-las-empresas-ganadoras-del-proyecto-smart-green-al-invest-verde\/","name":"La CCIS in Costa Rica con le aziende vincitrici del progetto Smart Green AL-INVEST Verde - Italcamara","isPartOf":{"@id":"https:\/\/italcamara-es.com\/#website"},"primaryImageOfPage":{"@id":"https:\/\/italcamara-es.com\/noticias\/la-ccis-en-costa-rica-con-las-empresas-ganadoras-del-proyecto-smart-green-al-invest-verde\/#primaryimage"},"image":{"@id":"https:\/\/italcamara-es.com\/noticias\/la-ccis-en-costa-rica-con-las-empresas-ganadoras-del-proyecto-smart-green-al-invest-verde\/#primaryimage"},"thumbnailUrl":"https:\/\/italcamara-es.com\/wp-content\/uploads\/2025\/03\/Imagen6-1.png","datePublished":"2023-12-04T13:08:59+00:00","author":{"@id":"https:\/\/italcamara-es.com\/#\/schema\/person\/bb3c56263e405bbd9a15171dcfee93bb"},"breadcrumb":{"@id":"https:\/\/italcamara-es.com\/noticias\/la-ccis-en-costa-rica-con-las-empresas-ganadoras-del-proyecto-smart-green-al-invest-verde\/#breadcrumb"},"inLanguage":"it-IT","potentialAction":[{"@type":"ReadAction","target":["https:\/\/italcamara-es.com\/noticias\/la-ccis-en-costa-rica-con-las-empresas-ganadoras-del-proyecto-smart-green-al-invest-verde\/"]}]},{"@type":"ImageObject","inLanguage":"it-IT","@id":"https:\/\/italcamara-es.com\/noticias\/la-ccis-en-costa-rica-con-las-empresas-ganadoras-del-proyecto-smart-green-al-invest-verde\/#primaryimage","url":"https:\/\/italcamara-es.com\/wp-content\/uploads\/2025\/03\/Imagen6-1.png","contentUrl":"https:\/\/italcamara-es.com\/wp-content\/uploads\/2025\/03\/Imagen6-1.png","width":500,"height":281},{"@type":"BreadcrumbList","@id":"https:\/\/italcamara-es.com\/noticias\/la-ccis-en-costa-rica-con-las-empresas-ganadoras-del-proyecto-smart-green-al-invest-verde\/#breadcrumb","itemListElement":[{"@type":"ListItem","position":1,"name":"Inicio","item":"https:\/\/italcamara-es.com\/it\/homepage-ita\/"},{"@type":"ListItem","position":2,"name":"La CCIS in Costa Rica con le aziende vincitrici del progetto Smart Green AL-INVEST Verde"}]},{"@type":"WebSite","@id":"https:\/\/italcamara-es.com\/#website","url":"https:\/\/italcamara-es.com\/","name":"Italcamara","description":"","potentialAction":[{"@type":"SearchAction","target":{"@type":"EntryPoint","urlTemplate":"https:\/\/italcamara-es.com\/?s={search_term_string}"},"query-input":{"@type":"PropertyValueSpecification","valueRequired":true,"valueName":"search_term_string"}}],"inLanguage":"it-IT"},{"@type":"Person","@id":"https:\/\/italcamara-es.com\/#\/schema\/person\/bb3c56263e405bbd9a15171dcfee93bb","name":"administrador","image":{"@type":"ImageObject","inLanguage":"it-IT","@id":"https:\/\/secure.gravatar.com\/avatar\/14b5e63db38320b12031bb28cf9f77e210aa71fb3a8a3602a3c9a05134fa75eb?s=96&d=mm&r=g","url":"https:\/\/secure.gravatar.com\/avatar\/14b5e63db38320b12031bb28cf9f77e210aa71fb3a8a3602a3c9a05134fa75eb?s=96&d=mm&r=g","contentUrl":"https:\/\/secure.gravatar.com\/avatar\/14b5e63db38320b12031bb28cf9f77e210aa71fb3a8a3602a3c9a05134fa75eb?s=96&d=mm&r=g","caption":"administrador"},"sameAs":["http:\/\/pre.italcamara-es.com"],"url":"https:\/\/italcamara-es.com\/it\/author\/administrador\/"}]}},"rttpg_featured_image_url":{"full":["https:\/\/italcamara-es.com\/wp-content\/uploads\/2025\/03\/Imagen6-1.png",500,281,false],"landscape":["https:\/\/italcamara-es.com\/wp-content\/uploads\/2025\/03\/Imagen6-1.png",500,281,false],"portraits":["https:\/\/italcamara-es.com\/wp-content\/uploads\/2025\/03\/Imagen6-1.png",500,281,false],"thumbnail":["https:\/\/italcamara-es.com\/wp-content\/uploads\/2025\/03\/Imagen6-1-150x150.png",150,150,true],"medium":["https:\/\/italcamara-es.com\/wp-content\/uploads\/2025\/03\/Imagen6-1-300x169.png",300,169,true],"large":["https:\/\/italcamara-es.com\/wp-content\/uploads\/2025\/03\/Imagen6-1.png",500,281,false],"1536x1536":["https:\/\/italcamara-es.com\/wp-content\/uploads\/2025\/03\/Imagen6-1.png",500,281,false],"2048x2048":["https:\/\/italcamara-es.com\/wp-content\/uploads\/2025\/03\/Imagen6-1.png",500,281,false],"ocean-thumb-m":["https:\/\/italcamara-es.com\/wp-content\/uploads\/2025\/03\/Imagen6-1.png",500,281,false],"ocean-thumb-ml":["https:\/\/italcamara-es.com\/wp-content\/uploads\/2025\/03\/Imagen6-1.png",500,281,false],"ocean-thumb-l":["https:\/\/italcamara-es.com\/wp-content\/uploads\/2025\/03\/Imagen6-1.png",500,281,false],"directorist_preview":["https:\/\/italcamara-es.com\/wp-content\/uploads\/2025\/03\/Imagen6-1.png",500,281,false]},"rttpg_author":{"display_name":"administrador","author_link":"https:\/\/italcamara-es.com\/it\/author\/administrador\/"},"rttpg_comment":0,"rttpg_category":"<a href=\"https:\/\/italcamara-es.com\/it\/category\/notizie\/\" rel=\"category tag\">Notizie<\/a>","rttpg_excerpt":"Dal 20 al 24 novembre 2023, il responsabile dell&#8217;EU Desk della CCIS, Luca Trovato, insieme alla project manager, Julia Wagenpfeil, hanno accompagnato la vincitrice del concorso per la sostenibilit\u00e0 in Spagna del progetto Smart Green AL-INVEST VERDE, Laia de Mas Pineda Oix, nel suo viaggio in Costa Rica per uno scambio di idee, conoscenze e&hellip;","_links":{"self":[{"href":"https:\/\/italcamara-es.com\/it\/wp-json\/wp\/v2\/posts\/56424","targetHints":{"allow":["GET"]}}],"collection":[{"href":"https:\/\/italcamara-es.com\/it\/wp-json\/wp\/v2\/posts"}],"about":[{"href":"https:\/\/italcamara-es.com\/it\/wp-json\/wp\/v2\/types\/post"}],"author":[{"embeddable":true,"href":"https:\/\/italcamara-es.com\/it\/wp-json\/wp\/v2\/users\/1"}],"replies":[{"embeddable":true,"href":"https:\/\/italcamara-es.com\/it\/wp-json\/wp\/v2\/comments?post=56424"}],"version-history":[{"count":0,"href":"https:\/\/italcamara-es.com\/it\/wp-json\/wp\/v2\/posts\/56424\/revisions"}],"wp:featuredmedia":[{"embeddable":true,"href":"https:\/\/italcamara-es.com\/it\/wp-json\/wp\/v2\/media\/55199"}],"wp:attachment":[{"href":"https:\/\/italcamara-es.com\/it\/wp-json\/wp\/v2\/media?parent=56424"}],"wp:term":[{"taxonomy":"category","embeddable":true,"href":"https:\/\/italcamara-es.com\/it\/wp-json\/wp\/v2\/categories?post=56424"},{"taxonomy":"post_tag","embeddable":true,"href":"https:\/\/italcamara-es.com\/it\/wp-json\/wp\/v2\/tags?post=56424"}],"curies":[{"name":"wp","href":"https:\/\/api.w.org\/{rel}","templated":true}]}}