	{"id":56432,"date":"2024-01-22T12:28:57","date_gmt":"2024-01-22T11:28:57","guid":{"rendered":"http:\/\/pre.italcamara-es.com\/senza-categoria\/la-ccis-a-nicosia-per-gli-incontri-con-i-partner-dei-progetti-offset-e-scale-up\/"},"modified":"2024-01-22T12:28:57","modified_gmt":"2024-01-22T11:28:57","slug":"la-ccis-a-nicosia-per-gli-incontri-con-i-partner-dei-progetti-offset-e-scale-up","status":"publish","type":"post","link":"https:\/\/italcamara-es.com\/it\/notizie\/la-ccis-a-nicosia-per-gli-incontri-con-i-partner-dei-progetti-offset-e-scale-up\/","title":{"rendered":"La CCIS a Nicosia per gli incontri con i partner dei progetti OFFSET e SCALE-UP"},"content":{"rendered":"\n\n\n<p>Il segretario generale della CCIS, <em>Michela dell\u2019Acqua<\/em>, e il responsabile dell\u2019EU Desk, <em>Luca Trovato<\/em>, hanno viaggiato a Nicosia (Cipro) dal 15 al 19 gennaio, per prendere parte agli incontri con i partner di due progetti europei in cui la Camera \u00e8 coinvolta: <strong>OFFSET<\/strong> e <strong>SCALE-UP<\/strong> .<\/p>\n<p>Nell\u2019ambito di <strong>OFFSET<\/strong>, progetto che ha come obiettivo favorire l\u2019acquisizione di competenze digitali e imprenditoriali per gli operatori del settore dell\u2019artigianato, si \u00e8 tenuto a Nicosia il quarto Transnational Project Meeting, un\u2019occasione di confronto con i diversi partner coinvolti sugli ultimi step per completare le ultime attivit\u00e0 previste e sugli eventi moltiplicatori e le attivit\u00e0 di comunicazione e divulgazione che saranno implementate nel corso delle prossime settimane in ciascuno dei paesi coinvolti. Inoltre, la Camera ha preso parte alle attivit\u00e0 di testing dei materiali formativi prodotti fino ad ora nell\u2019ambito del progetto.\u00a0<\/p>\n<p>\u00a0<\/p>\n\n\n<div class=\"wp-block-image\">\n<figure class=\"aligncenter size-large is-resized\"><img decoding=\"async\" src=\"https:\/\/www.italcamara-es.com\/wp-content\/uploads\/2024\/01\/OFFSET-TPM4-Nicosia-1024x1024.png\" alt=\"\" class=\"wp-image-35773\" width=\"500\"\/><\/figure>\n<\/div>\n\n\n<p>Relativamente a <strong>SCALE-UP<\/strong>, la Camera ha preso parte al terzo Transnational Partners Meeting del progetto, per discutere e valutare le prossime fasi del progetto che mira a favorire l\u2019accesso delle donne imprenditrici ai finanziamenti a supporto della sostenibilit\u00e0 e la competitivit\u00e0 delle loro imprese nel mercato del lavoro.<\/p>\n\n\n<div class=\"wp-block-image\">\n<figure class=\"aligncenter size-large is-resized\"><img decoding=\"async\" src=\"https:\/\/www.italcamara-es.com\/wp-content\/uploads\/2024\/01\/Scale-Up-III-Meeting-Nicosia-1-1024x1024.png\" alt=\"\" class=\"wp-image-35774\" width=\"500\"\/><\/figure>\n<\/div>\n\n\n<p>Per rimanere aggiornati sulle attivit\u00e0 ed i traguardi raggiunti dai due progetti si rimanda alle rispettive pagine web:<\/p>\n\n\n\n<p><a href=\"https:\/\/scaleup-project.eu\/\" title=\"\">https:\/\/scaleup-project.eu\/<\/a><\/p>\n\n\n\n<p>&#8211; <a href=\"http:\/\/offset-project.eu\/\">http:\/\/offset-project.eu\/<\/a><\/p>\n\n\n\n<p><\/p>\n\n\n\n<p><\/p>\n\n\n\n<p><\/p>\n\n\n\n<p><\/p>\n","protected":false},"excerpt":{"rendered":"<p>Relativamente a SCALE-UP, la Camera ha preso parte al terzo Transnational Partners Meeting del progetto, per discutere e valutare le prossime fasi del progetto che mira a favorire l\u2019accesso delle donne imprenditrici ai finanziamenti a supporto della sostenibilit\u00e0 e la competitivit\u00e0 delle loro imprese nel mercato del lavoro. Per rimanere aggiornati sulle attivit\u00e0 ed i [&hellip;]<\/p>\n","protected":false},"author":1,"featured_media":55211,"comment_status":"open","ping_status":"open","sticky":false,"template":"","format":"standard","meta":{"inline_featured_image":false,"ocean_post_layout":"","ocean_both_sidebars_style":"","ocean_both_sidebars_content_width":0,"ocean_both_sidebars_sidebars_width":0,"ocean_sidebar":"","ocean_second_sidebar":"","ocean_disable_margins":"enable","ocean_add_body_class":"","ocean_shortcode_before_top_bar":"","ocean_shortcode_after_top_bar":"","ocean_shortcode_before_header":"","ocean_shortcode_after_header":"","ocean_has_shortcode":"","ocean_shortcode_after_title":"","ocean_shortcode_before_footer_widgets":"","ocean_shortcode_after_footer_widgets":"","ocean_shortcode_before_footer_bottom":"","ocean_shortcode_after_footer_bottom":"","ocean_display_top_bar":"default","ocean_display_header":"default","ocean_header_style":"","ocean_center_header_left_menu":"","ocean_custom_header_template":"","ocean_custom_logo":0,"ocean_custom_retina_logo":0,"ocean_custom_logo_max_width":0,"ocean_custom_logo_tablet_max_width":0,"ocean_custom_logo_mobile_max_width":0,"ocean_custom_logo_max_height":0,"ocean_custom_logo_tablet_max_height":0,"ocean_custom_logo_mobile_max_height":0,"ocean_header_custom_menu":"","ocean_menu_typo_font_family":"","ocean_menu_typo_font_subset":"","ocean_menu_typo_font_size":0,"ocean_menu_typo_font_size_tablet":0,"ocean_menu_typo_font_size_mobile":0,"ocean_menu_typo_font_size_unit":"px","ocean_menu_typo_font_weight":"","ocean_menu_typo_font_weight_tablet":"","ocean_menu_typo_font_weight_mobile":"","ocean_menu_typo_transform":"","ocean_menu_typo_transform_tablet":"","ocean_menu_typo_transform_mobile":"","ocean_menu_typo_line_height":0,"ocean_menu_typo_line_height_tablet":0,"ocean_menu_typo_line_height_mobile":0,"ocean_menu_typo_line_height_unit":"","ocean_menu_typo_spacing":0,"ocean_menu_typo_spacing_tablet":0,"ocean_menu_typo_spacing_mobile":0,"ocean_menu_typo_spacing_unit":"","ocean_menu_link_color":"","ocean_menu_link_color_hover":"","ocean_menu_link_color_active":"","ocean_menu_link_background":"","ocean_menu_link_hover_background":"","ocean_menu_link_active_background":"","ocean_menu_social_links_bg":"","ocean_menu_social_hover_links_bg":"","ocean_menu_social_links_color":"","ocean_menu_social_hover_links_color":"","ocean_disable_title":"default","ocean_disable_heading":"default","ocean_post_title":"","ocean_post_subheading":"","ocean_post_title_style":"","ocean_post_title_background_color":"","ocean_post_title_background":0,"ocean_post_title_bg_image_position":"","ocean_post_title_bg_image_attachment":"","ocean_post_title_bg_image_repeat":"","ocean_post_title_bg_image_size":"","ocean_post_title_height":0,"ocean_post_title_bg_overlay":0.5,"ocean_post_title_bg_overlay_color":"","ocean_disable_breadcrumbs":"default","ocean_breadcrumbs_color":"","ocean_breadcrumbs_separator_color":"","ocean_breadcrumbs_links_color":"","ocean_breadcrumbs_links_hover_color":"","ocean_display_footer_widgets":"default","ocean_display_footer_bottom":"default","ocean_custom_footer_template":"","ocean_post_oembed":"","ocean_post_self_hosted_media":"","ocean_post_video_embed":"","ocean_link_format":"","ocean_link_format_target":"self","ocean_quote_format":"","ocean_quote_format_link":"post","ocean_gallery_link_images":"on","ocean_gallery_id":[],"footnotes":""},"categories":[133],"tags":[139],"class_list":["post-56432","post","type-post","status-publish","format-standard","has-post-thumbnail","hentry","category-notizie","tag-notizie-di-la-ccis","entry","has-media"],"yoast_head":"<!-- This site is optimized with the Yoast SEO plugin v27.4 - https:\/\/yoast.com\/product\/yoast-seo-wordpress\/ -->\n<title>La CCIS a Nicosia per gli incontri con i partner dei progetti OFFSET e SCALE-UP - Italcamara<\/title>\n<meta name=\"robots\" content=\"index, follow, max-snippet:-1, max-image-preview:large, max-video-preview:-1\" \/>\n<link rel=\"canonical\" href=\"https:\/\/italcamara-es.com\/noticias\/la-ccis-se-reune-en-nicosia-chipre-con-los-socios-de-los-proyectos-offset-y-scale-up\/\" \/>\n<meta property=\"og:locale\" content=\"it_IT\" \/>\n<meta property=\"og:type\" content=\"article\" \/>\n<meta property=\"og:title\" content=\"La CCIS a Nicosia per gli incontri con i partner dei progetti OFFSET e SCALE-UP - Italcamara\" \/>\n<meta property=\"og:description\" content=\"Relativamente a SCALE-UP, la Camera ha preso parte al terzo Transnational Partners Meeting del progetto, per discutere e valutare le prossime fasi del progetto che mira a favorire l\u2019accesso delle donne imprenditrici ai finanziamenti a supporto della sostenibilit\u00e0 e la competitivit\u00e0 delle loro imprese nel mercato del lavoro. Per rimanere aggiornati sulle attivit\u00e0 ed i [&hellip;]\" \/>\n<meta property=\"og:url\" content=\"https:\/\/italcamara-es.com\/noticias\/la-ccis-se-reune-en-nicosia-chipre-con-los-socios-de-los-proyectos-offset-y-scale-up\/\" \/>\n<meta property=\"og:site_name\" content=\"Italcamara\" \/>\n<meta property=\"article:published_time\" content=\"2024-01-22T11:28:57+00:00\" \/>\n<meta property=\"og:image\" content=\"https:\/\/italcamara-es.com\/wp-content\/uploads\/2025\/03\/copertina-Crop.jpg\" \/>\n\t<meta property=\"og:image:width\" content=\"500\" \/>\n\t<meta property=\"og:image:height\" content=\"280\" \/>\n\t<meta property=\"og:image:type\" content=\"image\/jpeg\" \/>\n<meta name=\"author\" content=\"administrador\" \/>\n<meta name=\"twitter:card\" content=\"summary_large_image\" \/>\n<meta name=\"twitter:label1\" content=\"Scritto da\" \/>\n\t<meta name=\"twitter:data1\" content=\"administrador\" \/>\n\t<meta name=\"twitter:label2\" content=\"Tempo di lettura stimato\" \/>\n\t<meta name=\"twitter:data2\" content=\"1 minuto\" \/>\n<script type=\"application\/ld+json\" class=\"yoast-schema-graph\">{\"@context\":\"https:\\\/\\\/schema.org\",\"@graph\":[{\"@type\":\"Article\",\"@id\":\"https:\\\/\\\/italcamara-es.com\\\/noticias\\\/la-ccis-se-reune-en-nicosia-chipre-con-los-socios-de-los-proyectos-offset-y-scale-up\\\/#article\",\"isPartOf\":{\"@id\":\"https:\\\/\\\/italcamara-es.com\\\/noticias\\\/la-ccis-se-reune-en-nicosia-chipre-con-los-socios-de-los-proyectos-offset-y-scale-up\\\/\"},\"author\":{\"name\":\"administrador\",\"@id\":\"https:\\\/\\\/italcamara-es.com\\\/#\\\/schema\\\/person\\\/bb3c56263e405bbd9a15171dcfee93bb\"},\"headline\":\"La CCIS a Nicosia per gli incontri con i partner dei progetti OFFSET e SCALE-UP\",\"datePublished\":\"2024-01-22T11:28:57+00:00\",\"mainEntityOfPage\":{\"@id\":\"https:\\\/\\\/italcamara-es.com\\\/noticias\\\/la-ccis-se-reune-en-nicosia-chipre-con-los-socios-de-los-proyectos-offset-y-scale-up\\\/\"},\"wordCount\":229,\"commentCount\":0,\"image\":{\"@id\":\"https:\\\/\\\/italcamara-es.com\\\/noticias\\\/la-ccis-se-reune-en-nicosia-chipre-con-los-socios-de-los-proyectos-offset-y-scale-up\\\/#primaryimage\"},\"thumbnailUrl\":\"https:\\\/\\\/italcamara-es.com\\\/wp-content\\\/uploads\\\/2025\\\/03\\\/copertina-Crop.jpg\",\"keywords\":[\"Notizie di la CCIS\"],\"articleSection\":[\"Notizie\"],\"inLanguage\":\"it-IT\",\"potentialAction\":[{\"@type\":\"CommentAction\",\"name\":\"Comment\",\"target\":[\"https:\\\/\\\/italcamara-es.com\\\/noticias\\\/la-ccis-se-reune-en-nicosia-chipre-con-los-socios-de-los-proyectos-offset-y-scale-up\\\/#respond\"]}]},{\"@type\":\"WebPage\",\"@id\":\"https:\\\/\\\/italcamara-es.com\\\/noticias\\\/la-ccis-se-reune-en-nicosia-chipre-con-los-socios-de-los-proyectos-offset-y-scale-up\\\/\",\"url\":\"https:\\\/\\\/italcamara-es.com\\\/noticias\\\/la-ccis-se-reune-en-nicosia-chipre-con-los-socios-de-los-proyectos-offset-y-scale-up\\\/\",\"name\":\"La CCIS a Nicosia per gli incontri con i partner dei progetti OFFSET e SCALE-UP - Italcamara\",\"isPartOf\":{\"@id\":\"https:\\\/\\\/italcamara-es.com\\\/#website\"},\"primaryImageOfPage\":{\"@id\":\"https:\\\/\\\/italcamara-es.com\\\/noticias\\\/la-ccis-se-reune-en-nicosia-chipre-con-los-socios-de-los-proyectos-offset-y-scale-up\\\/#primaryimage\"},\"image\":{\"@id\":\"https:\\\/\\\/italcamara-es.com\\\/noticias\\\/la-ccis-se-reune-en-nicosia-chipre-con-los-socios-de-los-proyectos-offset-y-scale-up\\\/#primaryimage\"},\"thumbnailUrl\":\"https:\\\/\\\/italcamara-es.com\\\/wp-content\\\/uploads\\\/2025\\\/03\\\/copertina-Crop.jpg\",\"datePublished\":\"2024-01-22T11:28:57+00:00\",\"author\":{\"@id\":\"https:\\\/\\\/italcamara-es.com\\\/#\\\/schema\\\/person\\\/bb3c56263e405bbd9a15171dcfee93bb\"},\"breadcrumb\":{\"@id\":\"https:\\\/\\\/italcamara-es.com\\\/noticias\\\/la-ccis-se-reune-en-nicosia-chipre-con-los-socios-de-los-proyectos-offset-y-scale-up\\\/#breadcrumb\"},\"inLanguage\":\"it-IT\",\"potentialAction\":[{\"@type\":\"ReadAction\",\"target\":[\"https:\\\/\\\/italcamara-es.com\\\/noticias\\\/la-ccis-se-reune-en-nicosia-chipre-con-los-socios-de-los-proyectos-offset-y-scale-up\\\/\"]}]},{\"@type\":\"ImageObject\",\"inLanguage\":\"it-IT\",\"@id\":\"https:\\\/\\\/italcamara-es.com\\\/noticias\\\/la-ccis-se-reune-en-nicosia-chipre-con-los-socios-de-los-proyectos-offset-y-scale-up\\\/#primaryimage\",\"url\":\"https:\\\/\\\/italcamara-es.com\\\/wp-content\\\/uploads\\\/2025\\\/03\\\/copertina-Crop.jpg\",\"contentUrl\":\"https:\\\/\\\/italcamara-es.com\\\/wp-content\\\/uploads\\\/2025\\\/03\\\/copertina-Crop.jpg\",\"width\":500,\"height\":280},{\"@type\":\"BreadcrumbList\",\"@id\":\"https:\\\/\\\/italcamara-es.com\\\/noticias\\\/la-ccis-se-reune-en-nicosia-chipre-con-los-socios-de-los-proyectos-offset-y-scale-up\\\/#breadcrumb\",\"itemListElement\":[{\"@type\":\"ListItem\",\"position\":1,\"name\":\"Inicio\",\"item\":\"https:\\\/\\\/italcamara-es.com\\\/it\\\/homepage-ita\\\/\"},{\"@type\":\"ListItem\",\"position\":2,\"name\":\"La CCIS a Nicosia per gli incontri con i partner dei progetti OFFSET e SCALE-UP\"}]},{\"@type\":\"WebSite\",\"@id\":\"https:\\\/\\\/italcamara-es.com\\\/#website\",\"url\":\"https:\\\/\\\/italcamara-es.com\\\/\",\"name\":\"Italcamara\",\"description\":\"\",\"potentialAction\":[{\"@type\":\"SearchAction\",\"target\":{\"@type\":\"EntryPoint\",\"urlTemplate\":\"https:\\\/\\\/italcamara-es.com\\\/?s={search_term_string}\"},\"query-input\":{\"@type\":\"PropertyValueSpecification\",\"valueRequired\":true,\"valueName\":\"search_term_string\"}}],\"inLanguage\":\"it-IT\"},{\"@type\":\"Person\",\"@id\":\"https:\\\/\\\/italcamara-es.com\\\/#\\\/schema\\\/person\\\/bb3c56263e405bbd9a15171dcfee93bb\",\"name\":\"administrador\",\"image\":{\"@type\":\"ImageObject\",\"inLanguage\":\"it-IT\",\"@id\":\"https:\\\/\\\/secure.gravatar.com\\\/avatar\\\/14b5e63db38320b12031bb28cf9f77e210aa71fb3a8a3602a3c9a05134fa75eb?s=96&d=mm&r=g\",\"url\":\"https:\\\/\\\/secure.gravatar.com\\\/avatar\\\/14b5e63db38320b12031bb28cf9f77e210aa71fb3a8a3602a3c9a05134fa75eb?s=96&d=mm&r=g\",\"contentUrl\":\"https:\\\/\\\/secure.gravatar.com\\\/avatar\\\/14b5e63db38320b12031bb28cf9f77e210aa71fb3a8a3602a3c9a05134fa75eb?s=96&d=mm&r=g\",\"caption\":\"administrador\"},\"sameAs\":[\"http:\\\/\\\/pre.italcamara-es.com\"],\"url\":\"https:\\\/\\\/italcamara-es.com\\\/it\\\/author\\\/administrador\\\/\"}]}<\/script>\n<!-- \/ Yoast SEO plugin. -->","yoast_head_json":{"title":"La CCIS a Nicosia per gli incontri con i partner dei progetti OFFSET e SCALE-UP - Italcamara","robots":{"index":"index","follow":"follow","max-snippet":"max-snippet:-1","max-image-preview":"max-image-preview:large","max-video-preview":"max-video-preview:-1"},"canonical":"https:\/\/italcamara-es.com\/noticias\/la-ccis-se-reune-en-nicosia-chipre-con-los-socios-de-los-proyectos-offset-y-scale-up\/","og_locale":"it_IT","og_type":"article","og_title":"La CCIS a Nicosia per gli incontri con i partner dei progetti OFFSET e SCALE-UP - Italcamara","og_description":"Relativamente a SCALE-UP, la Camera ha preso parte al terzo Transnational Partners Meeting del progetto, per discutere e valutare le prossime fasi del progetto che mira a favorire l\u2019accesso delle donne imprenditrici ai finanziamenti a supporto della sostenibilit\u00e0 e la competitivit\u00e0 delle loro imprese nel mercato del lavoro. Per rimanere aggiornati sulle attivit\u00e0 ed i [&hellip;]","og_url":"https:\/\/italcamara-es.com\/noticias\/la-ccis-se-reune-en-nicosia-chipre-con-los-socios-de-los-proyectos-offset-y-scale-up\/","og_site_name":"Italcamara","article_published_time":"2024-01-22T11:28:57+00:00","og_image":[{"width":500,"height":280,"url":"https:\/\/italcamara-es.com\/wp-content\/uploads\/2025\/03\/copertina-Crop.jpg","type":"image\/jpeg"}],"author":"administrador","twitter_card":"summary_large_image","twitter_misc":{"Scritto da":"administrador","Tempo di lettura stimato":"1 minuto"},"schema":{"@context":"https:\/\/schema.org","@graph":[{"@type":"Article","@id":"https:\/\/italcamara-es.com\/noticias\/la-ccis-se-reune-en-nicosia-chipre-con-los-socios-de-los-proyectos-offset-y-scale-up\/#article","isPartOf":{"@id":"https:\/\/italcamara-es.com\/noticias\/la-ccis-se-reune-en-nicosia-chipre-con-los-socios-de-los-proyectos-offset-y-scale-up\/"},"author":{"name":"administrador","@id":"https:\/\/italcamara-es.com\/#\/schema\/person\/bb3c56263e405bbd9a15171dcfee93bb"},"headline":"La CCIS a Nicosia per gli incontri con i partner dei progetti OFFSET e SCALE-UP","datePublished":"2024-01-22T11:28:57+00:00","mainEntityOfPage":{"@id":"https:\/\/italcamara-es.com\/noticias\/la-ccis-se-reune-en-nicosia-chipre-con-los-socios-de-los-proyectos-offset-y-scale-up\/"},"wordCount":229,"commentCount":0,"image":{"@id":"https:\/\/italcamara-es.com\/noticias\/la-ccis-se-reune-en-nicosia-chipre-con-los-socios-de-los-proyectos-offset-y-scale-up\/#primaryimage"},"thumbnailUrl":"https:\/\/italcamara-es.com\/wp-content\/uploads\/2025\/03\/copertina-Crop.jpg","keywords":["Notizie di la CCIS"],"articleSection":["Notizie"],"inLanguage":"it-IT","potentialAction":[{"@type":"CommentAction","name":"Comment","target":["https:\/\/italcamara-es.com\/noticias\/la-ccis-se-reune-en-nicosia-chipre-con-los-socios-de-los-proyectos-offset-y-scale-up\/#respond"]}]},{"@type":"WebPage","@id":"https:\/\/italcamara-es.com\/noticias\/la-ccis-se-reune-en-nicosia-chipre-con-los-socios-de-los-proyectos-offset-y-scale-up\/","url":"https:\/\/italcamara-es.com\/noticias\/la-ccis-se-reune-en-nicosia-chipre-con-los-socios-de-los-proyectos-offset-y-scale-up\/","name":"La CCIS a Nicosia per gli incontri con i partner dei progetti OFFSET e SCALE-UP - Italcamara","isPartOf":{"@id":"https:\/\/italcamara-es.com\/#website"},"primaryImageOfPage":{"@id":"https:\/\/italcamara-es.com\/noticias\/la-ccis-se-reune-en-nicosia-chipre-con-los-socios-de-los-proyectos-offset-y-scale-up\/#primaryimage"},"image":{"@id":"https:\/\/italcamara-es.com\/noticias\/la-ccis-se-reune-en-nicosia-chipre-con-los-socios-de-los-proyectos-offset-y-scale-up\/#primaryimage"},"thumbnailUrl":"https:\/\/italcamara-es.com\/wp-content\/uploads\/2025\/03\/copertina-Crop.jpg","datePublished":"2024-01-22T11:28:57+00:00","author":{"@id":"https:\/\/italcamara-es.com\/#\/schema\/person\/bb3c56263e405bbd9a15171dcfee93bb"},"breadcrumb":{"@id":"https:\/\/italcamara-es.com\/noticias\/la-ccis-se-reune-en-nicosia-chipre-con-los-socios-de-los-proyectos-offset-y-scale-up\/#breadcrumb"},"inLanguage":"it-IT","potentialAction":[{"@type":"ReadAction","target":["https:\/\/italcamara-es.com\/noticias\/la-ccis-se-reune-en-nicosia-chipre-con-los-socios-de-los-proyectos-offset-y-scale-up\/"]}]},{"@type":"ImageObject","inLanguage":"it-IT","@id":"https:\/\/italcamara-es.com\/noticias\/la-ccis-se-reune-en-nicosia-chipre-con-los-socios-de-los-proyectos-offset-y-scale-up\/#primaryimage","url":"https:\/\/italcamara-es.com\/wp-content\/uploads\/2025\/03\/copertina-Crop.jpg","contentUrl":"https:\/\/italcamara-es.com\/wp-content\/uploads\/2025\/03\/copertina-Crop.jpg","width":500,"height":280},{"@type":"BreadcrumbList","@id":"https:\/\/italcamara-es.com\/noticias\/la-ccis-se-reune-en-nicosia-chipre-con-los-socios-de-los-proyectos-offset-y-scale-up\/#breadcrumb","itemListElement":[{"@type":"ListItem","position":1,"name":"Inicio","item":"https:\/\/italcamara-es.com\/it\/homepage-ita\/"},{"@type":"ListItem","position":2,"name":"La CCIS a Nicosia per gli incontri con i partner dei progetti OFFSET e SCALE-UP"}]},{"@type":"WebSite","@id":"https:\/\/italcamara-es.com\/#website","url":"https:\/\/italcamara-es.com\/","name":"Italcamara","description":"","potentialAction":[{"@type":"SearchAction","target":{"@type":"EntryPoint","urlTemplate":"https:\/\/italcamara-es.com\/?s={search_term_string}"},"query-input":{"@type":"PropertyValueSpecification","valueRequired":true,"valueName":"search_term_string"}}],"inLanguage":"it-IT"},{"@type":"Person","@id":"https:\/\/italcamara-es.com\/#\/schema\/person\/bb3c56263e405bbd9a15171dcfee93bb","name":"administrador","image":{"@type":"ImageObject","inLanguage":"it-IT","@id":"https:\/\/secure.gravatar.com\/avatar\/14b5e63db38320b12031bb28cf9f77e210aa71fb3a8a3602a3c9a05134fa75eb?s=96&d=mm&r=g","url":"https:\/\/secure.gravatar.com\/avatar\/14b5e63db38320b12031bb28cf9f77e210aa71fb3a8a3602a3c9a05134fa75eb?s=96&d=mm&r=g","contentUrl":"https:\/\/secure.gravatar.com\/avatar\/14b5e63db38320b12031bb28cf9f77e210aa71fb3a8a3602a3c9a05134fa75eb?s=96&d=mm&r=g","caption":"administrador"},"sameAs":["http:\/\/pre.italcamara-es.com"],"url":"https:\/\/italcamara-es.com\/it\/author\/administrador\/"}]}},"rttpg_featured_image_url":{"full":["https:\/\/italcamara-es.com\/wp-content\/uploads\/2025\/03\/copertina-Crop.jpg",500,280,false],"landscape":["https:\/\/italcamara-es.com\/wp-content\/uploads\/2025\/03\/copertina-Crop.jpg",500,280,false],"portraits":["https:\/\/italcamara-es.com\/wp-content\/uploads\/2025\/03\/copertina-Crop.jpg",500,280,false],"thumbnail":["https:\/\/italcamara-es.com\/wp-content\/uploads\/2025\/03\/copertina-Crop-150x150.jpg",150,150,true],"medium":["https:\/\/italcamara-es.com\/wp-content\/uploads\/2025\/03\/copertina-Crop-300x168.jpg",300,168,true],"large":["https:\/\/italcamara-es.com\/wp-content\/uploads\/2025\/03\/copertina-Crop.jpg",500,280,false],"1536x1536":["https:\/\/italcamara-es.com\/wp-content\/uploads\/2025\/03\/copertina-Crop.jpg",500,280,false],"2048x2048":["https:\/\/italcamara-es.com\/wp-content\/uploads\/2025\/03\/copertina-Crop.jpg",500,280,false],"ocean-thumb-m":["https:\/\/italcamara-es.com\/wp-content\/uploads\/2025\/03\/copertina-Crop.jpg",500,280,false],"ocean-thumb-ml":["https:\/\/italcamara-es.com\/wp-content\/uploads\/2025\/03\/copertina-Crop.jpg",500,280,false],"ocean-thumb-l":["https:\/\/italcamara-es.com\/wp-content\/uploads\/2025\/03\/copertina-Crop.jpg",500,280,false],"directorist_preview":["https:\/\/italcamara-es.com\/wp-content\/uploads\/2025\/03\/copertina-Crop.jpg",500,280,false]},"rttpg_author":{"display_name":"administrador","author_link":"https:\/\/italcamara-es.com\/it\/author\/administrador\/"},"rttpg_comment":0,"rttpg_category":"<a href=\"https:\/\/italcamara-es.com\/it\/category\/notizie\/\" rel=\"category tag\">Notizie<\/a>","rttpg_excerpt":"Relativamente a SCALE-UP, la Camera ha preso parte al terzo Transnational Partners Meeting del progetto, per discutere e valutare le prossime fasi del progetto che mira a favorire l\u2019accesso delle donne imprenditrici ai finanziamenti a supporto della sostenibilit\u00e0 e la competitivit\u00e0 delle loro imprese nel mercato del lavoro. Per rimanere aggiornati sulle attivit\u00e0 ed i&hellip;","_links":{"self":[{"href":"https:\/\/italcamara-es.com\/it\/wp-json\/wp\/v2\/posts\/56432","targetHints":{"allow":["GET"]}}],"collection":[{"href":"https:\/\/italcamara-es.com\/it\/wp-json\/wp\/v2\/posts"}],"about":[{"href":"https:\/\/italcamara-es.com\/it\/wp-json\/wp\/v2\/types\/post"}],"author":[{"embeddable":true,"href":"https:\/\/italcamara-es.com\/it\/wp-json\/wp\/v2\/users\/1"}],"replies":[{"embeddable":true,"href":"https:\/\/italcamara-es.com\/it\/wp-json\/wp\/v2\/comments?post=56432"}],"version-history":[{"count":0,"href":"https:\/\/italcamara-es.com\/it\/wp-json\/wp\/v2\/posts\/56432\/revisions"}],"wp:featuredmedia":[{"embeddable":true,"href":"https:\/\/italcamara-es.com\/it\/wp-json\/wp\/v2\/media\/55211"}],"wp:attachment":[{"href":"https:\/\/italcamara-es.com\/it\/wp-json\/wp\/v2\/media?parent=56432"}],"wp:term":[{"taxonomy":"category","embeddable":true,"href":"https:\/\/italcamara-es.com\/it\/wp-json\/wp\/v2\/categories?post=56432"},{"taxonomy":"post_tag","embeddable":true,"href":"https:\/\/italcamara-es.com\/it\/wp-json\/wp\/v2\/tags?post=56432"}],"curies":[{"name":"wp","href":"https:\/\/api.w.org\/{rel}","templated":true}]}}