	{"id":56436,"date":"2024-03-18T14:22:47","date_gmt":"2024-03-18T13:22:47","guid":{"rendered":"http:\/\/pre.italcamara-es.com\/senza-categoria\/italia-en-un-plato-i-corsi-di-cucina-italiana-della-ccis\/"},"modified":"2024-03-18T14:22:47","modified_gmt":"2024-03-18T13:22:47","slug":"italia-en-un-plato-i-corsi-di-cucina-italiana-della-ccis","status":"publish","type":"post","link":"https:\/\/italcamara-es.com\/it\/notizie\/italia-en-un-plato-i-corsi-di-cucina-italiana-della-ccis\/","title":{"rendered":"\u201cItalia en un plato\u201d: i corsi di cucina italiana della CCIS."},"content":{"rendered":"\n\n\n<p>La <em>CCIS<\/em> presenta le nuove date dei corsi di cucina:<\/p>\n\n\n\n<p><strong>15 \u2013 16 \u2013 17 aprile <\/strong>, dalle 19.00 alle 21.00 presso gli spazi dell\u2019<em>Eat School <\/em>all\u2019interno della propria sede (calle Crist\u00f3bal Bordi\u00fa, 54 \u2013 28003 Madrid).<\/p>\n\n\n<div class=\"wp-block-image\">\n<figure class=\"aligncenter size-large is-resized\"><a href=\"https:\/\/www.italcamara-es.com\/wp-content\/uploads\/2024\/03\/pdf_nuovicorsi_ccis-1.pdf\"><img fetchpriority=\"high\" decoding=\"async\" src=\"https:\/\/www.italcamara-es.com\/wp-content\/uploads\/2024\/04\/11-3-724x1024.png\" alt=\"\" class=\"wp-image-36662\" width=\"362\" height=\"512\"\/><\/a><\/figure>\n<\/div>\n\n\n<p>Il corso, denominato \u201c<strong>Italia en un plato<\/strong>\u201d, si suddivide in tre moduli, che uniranno tradizione e innovazione, offrendo ai partecipanti un\u2019esperienza culinaria completa. Dai risotti allo zafferano alle pizze fatte in casa accompagnati dallo chef <em>Alessandro Cresta<\/em>&nbsp;<em>.<\/em><\/p>\n\n\n\n<p>Il corso si suddivide in:<\/p>\n\n\n\n<p><em>15\/04\/2024<\/em><\/p>\n\n\n\n<p><strong>Aperitivo italiano.<\/strong><\/p>\n\n\n\n<p>Durante questo modulo, gli studenti impareranno a creare una selezione di stuzzichini e antipasti tipici. Saranno guidati passo dopo passo, dalla scelta e la preparazione degli ingredienti fino alla presentazione degli aperitivi.<\/p>\n\n\n\n<p><em>16\/04\/2024<\/em><\/p>\n\n\n\n<p><strong>Risotti.<\/strong><\/p>\n\n\n\n<p>Il secondo modulo \u00e8 perfetto per coloro che amano i piatti di riso e vogliono imparare come prepararli in modo tradizionale ma anche innovativo.<\/p>\n\n\n\n<p><em>17\/04\/2024<\/em><\/p>\n\n\n\n<p><strong>Pizze e focacce.<\/strong><\/p>\n\n\n\n<p>Durante questo modulo, gli studenti impareranno i trucchi per preparare un perfetto impasto per pizza o focaccia.<\/p>\n\n\n<div class=\"wp-block-image\">\n<figure class=\"aligncenter size-large is-resized\"><img decoding=\"async\" src=\"https:\/\/www.italcamara-es.com\/wp-content\/uploads\/2024\/02\/CA2A8554-1024x683.jpg\" alt=\"\" class=\"wp-image-35994\" width=\"500\"\/><\/figure>\n<\/div>\n\n\n<p><\/p>\n\n\n\n<hr class=\"wp-block-separator has-alpha-channel-opacity\"\/>\n\n\n\n<p>I partecipanti saranno coinvolti , dunque, in sessioni interattive con una durata di 2 ore ciascuna, dove potranno mettere in pratica queste tecniche e sperimentare nuovi abbinamenti di sapori.<\/p>\n\n\n\n<p>Il corso \u00e8 aperto a tutti, dai principianti agli esperti, poich\u00e9 si basa sul concetto di condivisione e apprendimento reciproco. L&#8217;ambiente accogliente e professionale dell&#8217;<strong>Eat School <\/strong>render\u00e0 l&#8217;esperienza ancora pi\u00f9 piacevole poich\u00e8 lo spazio moderno e attrezzato metter\u00e0 i partecipanti a proprio agio, fornendo tutte le risorse necessarie per imparare e divertirsi in cucina.<\/p>\n\n\n\n<p>Un altro aspetto positivo di questo corso \u00e8 la sua durata flessibile in quanto sar\u00e0 possibile scegliere tra le <strong>lezioni singole<\/strong> o il <strong>pacchetto di 3 corsi<\/strong>, ottenendo uno sconto.<\/p>\n\n\n\n<p><strong>ATTENZIONE: i posti sono limitati!<\/strong><\/p>\n\n\n\n<p>Prenota subito il tuo posto, preparati a lasciarti coinvolgere da un viaggio gastronomico senza precedenti!<\/p>\n\n\n\n<p>Maggiori dettagli al<a href=\"https:\/\/www.italcamara-es.com\/wp-content\/uploads\/2024\/03\/pdf_nuovicorsi_ccis-1.pdf\" title=\"https:\/\/www.italcamara-es.com\/wp-content\/uploads\/2024\/03\/pdf_nuovicorsi_ccis-1.pdf\"> link.<\/a><\/p>\n\n\n\n<p>Per iscrizioni: <a href=\"mailto:formacion@italcamara-es.com\">formacion@italcamara-es.com<\/a> <\/p>\n\n\n\n<p><\/p>\n","protected":false},"excerpt":{"rendered":"<p>15 \u2013 16 \u2013 17 aprile , dalle 19.00 alle 21.00 presso gli spazi dell\u2019Eat School all\u2019interno della propria sede (calle Crist\u00f3bal Bordi\u00fa, 54 \u2013 28003 Madrid). Il corso, denominato \u201cItalia en un plato\u201d, si suddivide in tre moduli, che uniranno tradizione e innovazione, offrendo ai partecipanti un\u2019esperienza culinaria completa. Dai risotti allo zafferano alle [&hellip;]<\/p>\n","protected":false},"author":1,"featured_media":56437,"comment_status":"open","ping_status":"open","sticky":false,"template":"","format":"standard","meta":{"inline_featured_image":false,"ocean_post_layout":"","ocean_both_sidebars_style":"","ocean_both_sidebars_content_width":0,"ocean_both_sidebars_sidebars_width":0,"ocean_sidebar":"","ocean_second_sidebar":"","ocean_disable_margins":"enable","ocean_add_body_class":"","ocean_shortcode_before_top_bar":"","ocean_shortcode_after_top_bar":"","ocean_shortcode_before_header":"","ocean_shortcode_after_header":"","ocean_has_shortcode":"","ocean_shortcode_after_title":"","ocean_shortcode_before_footer_widgets":"","ocean_shortcode_after_footer_widgets":"","ocean_shortcode_before_footer_bottom":"","ocean_shortcode_after_footer_bottom":"","ocean_display_top_bar":"default","ocean_display_header":"default","ocean_header_style":"","ocean_center_header_left_menu":"","ocean_custom_header_template":"","ocean_custom_logo":0,"ocean_custom_retina_logo":0,"ocean_custom_logo_max_width":0,"ocean_custom_logo_tablet_max_width":0,"ocean_custom_logo_mobile_max_width":0,"ocean_custom_logo_max_height":0,"ocean_custom_logo_tablet_max_height":0,"ocean_custom_logo_mobile_max_height":0,"ocean_header_custom_menu":"","ocean_menu_typo_font_family":"","ocean_menu_typo_font_subset":"","ocean_menu_typo_font_size":0,"ocean_menu_typo_font_size_tablet":0,"ocean_menu_typo_font_size_mobile":0,"ocean_menu_typo_font_size_unit":"px","ocean_menu_typo_font_weight":"","ocean_menu_typo_font_weight_tablet":"","ocean_menu_typo_font_weight_mobile":"","ocean_menu_typo_transform":"","ocean_menu_typo_transform_tablet":"","ocean_menu_typo_transform_mobile":"","ocean_menu_typo_line_height":0,"ocean_menu_typo_line_height_tablet":0,"ocean_menu_typo_line_height_mobile":0,"ocean_menu_typo_line_height_unit":"","ocean_menu_typo_spacing":0,"ocean_menu_typo_spacing_tablet":0,"ocean_menu_typo_spacing_mobile":0,"ocean_menu_typo_spacing_unit":"","ocean_menu_link_color":"","ocean_menu_link_color_hover":"","ocean_menu_link_color_active":"","ocean_menu_link_background":"","ocean_menu_link_hover_background":"","ocean_menu_link_active_background":"","ocean_menu_social_links_bg":"","ocean_menu_social_hover_links_bg":"","ocean_menu_social_links_color":"","ocean_menu_social_hover_links_color":"","ocean_disable_title":"default","ocean_disable_heading":"default","ocean_post_title":"","ocean_post_subheading":"","ocean_post_title_style":"","ocean_post_title_background_color":"","ocean_post_title_background":0,"ocean_post_title_bg_image_position":"","ocean_post_title_bg_image_attachment":"","ocean_post_title_bg_image_repeat":"","ocean_post_title_bg_image_size":"","ocean_post_title_height":0,"ocean_post_title_bg_overlay":0.5,"ocean_post_title_bg_overlay_color":"","ocean_disable_breadcrumbs":"default","ocean_breadcrumbs_color":"","ocean_breadcrumbs_separator_color":"","ocean_breadcrumbs_links_color":"","ocean_breadcrumbs_links_hover_color":"","ocean_display_footer_widgets":"default","ocean_display_footer_bottom":"default","ocean_custom_footer_template":"","ocean_post_oembed":"","ocean_post_self_hosted_media":"","ocean_post_video_embed":"","ocean_link_format":"","ocean_link_format_target":"self","ocean_quote_format":"","ocean_quote_format_link":"post","ocean_gallery_link_images":"on","ocean_gallery_id":[],"footnotes":""},"categories":[133],"tags":[139],"class_list":["post-56436","post","type-post","status-publish","format-standard","has-post-thumbnail","hentry","category-notizie","tag-notizie-di-la-ccis","entry","has-media"],"yoast_head":"<!-- This site is optimized with the Yoast SEO plugin v27.4 - https:\/\/yoast.com\/product\/yoast-seo-wordpress\/ -->\n<title>\u201cItalia en un plato\u201d: i corsi di cucina italiana della CCIS. - Italcamara<\/title>\n<meta name=\"robots\" content=\"index, follow, max-snippet:-1, max-image-preview:large, max-video-preview:-1\" \/>\n<link rel=\"canonical\" href=\"https:\/\/italcamara-es.com\/noticias\/italia-en-un-plato-los-cursos-de-cocina-italiana-de-la-ccis\/\" \/>\n<meta property=\"og:locale\" content=\"it_IT\" \/>\n<meta property=\"og:type\" content=\"article\" \/>\n<meta property=\"og:title\" content=\"\u201cItalia en un plato\u201d: i corsi di cucina italiana della CCIS. - Italcamara\" \/>\n<meta property=\"og:description\" content=\"15 \u2013 16 \u2013 17 aprile , dalle 19.00 alle 21.00 presso gli spazi dell\u2019Eat School all\u2019interno della propria sede (calle Crist\u00f3bal Bordi\u00fa, 54 \u2013 28003 Madrid). Il corso, denominato \u201cItalia en un plato\u201d, si suddivide in tre moduli, che uniranno tradizione e innovazione, offrendo ai partecipanti un\u2019esperienza culinaria completa. Dai risotti allo zafferano alle [&hellip;]\" \/>\n<meta property=\"og:url\" content=\"https:\/\/italcamara-es.com\/noticias\/italia-en-un-plato-los-cursos-de-cocina-italiana-de-la-ccis\/\" \/>\n<meta property=\"og:site_name\" content=\"Italcamara\" \/>\n<meta property=\"article:published_time\" content=\"2024-03-18T13:22:47+00:00\" \/>\n<meta property=\"og:image\" content=\"https:\/\/italcamara-es.com\/wp-content\/uploads\/2025\/03\/imagen-destacada-2.png\" \/>\n\t<meta property=\"og:image:width\" content=\"250\" \/>\n\t<meta property=\"og:image:height\" content=\"140\" \/>\n\t<meta property=\"og:image:type\" content=\"image\/png\" \/>\n<meta name=\"author\" content=\"administrador\" \/>\n<meta name=\"twitter:card\" content=\"summary_large_image\" \/>\n<meta name=\"twitter:label1\" content=\"Scritto da\" \/>\n\t<meta name=\"twitter:data1\" content=\"administrador\" \/>\n\t<meta name=\"twitter:label2\" content=\"Tempo di lettura stimato\" \/>\n\t<meta name=\"twitter:data2\" content=\"1 minuto\" \/>\n<script type=\"application\/ld+json\" class=\"yoast-schema-graph\">{\"@context\":\"https:\\\/\\\/schema.org\",\"@graph\":[{\"@type\":\"Article\",\"@id\":\"https:\\\/\\\/italcamara-es.com\\\/noticias\\\/italia-en-un-plato-los-cursos-de-cocina-italiana-de-la-ccis\\\/#article\",\"isPartOf\":{\"@id\":\"https:\\\/\\\/italcamara-es.com\\\/noticias\\\/italia-en-un-plato-los-cursos-de-cocina-italiana-de-la-ccis\\\/\"},\"author\":{\"name\":\"administrador\",\"@id\":\"https:\\\/\\\/italcamara-es.com\\\/#\\\/schema\\\/person\\\/bb3c56263e405bbd9a15171dcfee93bb\"},\"headline\":\"\u201cItalia en un plato\u201d: i corsi di cucina italiana della CCIS.\",\"datePublished\":\"2024-03-18T13:22:47+00:00\",\"mainEntityOfPage\":{\"@id\":\"https:\\\/\\\/italcamara-es.com\\\/noticias\\\/italia-en-un-plato-los-cursos-de-cocina-italiana-de-la-ccis\\\/\"},\"wordCount\":302,\"commentCount\":0,\"image\":{\"@id\":\"https:\\\/\\\/italcamara-es.com\\\/noticias\\\/italia-en-un-plato-los-cursos-de-cocina-italiana-de-la-ccis\\\/#primaryimage\"},\"thumbnailUrl\":\"https:\\\/\\\/italcamara-es.com\\\/wp-content\\\/uploads\\\/2025\\\/03\\\/imagen-destacada-2.png\",\"keywords\":[\"Notizie di la CCIS\"],\"articleSection\":[\"Notizie\"],\"inLanguage\":\"it-IT\",\"potentialAction\":[{\"@type\":\"CommentAction\",\"name\":\"Comment\",\"target\":[\"https:\\\/\\\/italcamara-es.com\\\/noticias\\\/italia-en-un-plato-los-cursos-de-cocina-italiana-de-la-ccis\\\/#respond\"]}]},{\"@type\":\"WebPage\",\"@id\":\"https:\\\/\\\/italcamara-es.com\\\/noticias\\\/italia-en-un-plato-los-cursos-de-cocina-italiana-de-la-ccis\\\/\",\"url\":\"https:\\\/\\\/italcamara-es.com\\\/noticias\\\/italia-en-un-plato-los-cursos-de-cocina-italiana-de-la-ccis\\\/\",\"name\":\"\u201cItalia en un plato\u201d: i corsi di cucina italiana della CCIS. - Italcamara\",\"isPartOf\":{\"@id\":\"https:\\\/\\\/italcamara-es.com\\\/#website\"},\"primaryImageOfPage\":{\"@id\":\"https:\\\/\\\/italcamara-es.com\\\/noticias\\\/italia-en-un-plato-los-cursos-de-cocina-italiana-de-la-ccis\\\/#primaryimage\"},\"image\":{\"@id\":\"https:\\\/\\\/italcamara-es.com\\\/noticias\\\/italia-en-un-plato-los-cursos-de-cocina-italiana-de-la-ccis\\\/#primaryimage\"},\"thumbnailUrl\":\"https:\\\/\\\/italcamara-es.com\\\/wp-content\\\/uploads\\\/2025\\\/03\\\/imagen-destacada-2.png\",\"datePublished\":\"2024-03-18T13:22:47+00:00\",\"author\":{\"@id\":\"https:\\\/\\\/italcamara-es.com\\\/#\\\/schema\\\/person\\\/bb3c56263e405bbd9a15171dcfee93bb\"},\"breadcrumb\":{\"@id\":\"https:\\\/\\\/italcamara-es.com\\\/noticias\\\/italia-en-un-plato-los-cursos-de-cocina-italiana-de-la-ccis\\\/#breadcrumb\"},\"inLanguage\":\"it-IT\",\"potentialAction\":[{\"@type\":\"ReadAction\",\"target\":[\"https:\\\/\\\/italcamara-es.com\\\/noticias\\\/italia-en-un-plato-los-cursos-de-cocina-italiana-de-la-ccis\\\/\"]}]},{\"@type\":\"ImageObject\",\"inLanguage\":\"it-IT\",\"@id\":\"https:\\\/\\\/italcamara-es.com\\\/noticias\\\/italia-en-un-plato-los-cursos-de-cocina-italiana-de-la-ccis\\\/#primaryimage\",\"url\":\"https:\\\/\\\/italcamara-es.com\\\/wp-content\\\/uploads\\\/2025\\\/03\\\/imagen-destacada-2.png\",\"contentUrl\":\"https:\\\/\\\/italcamara-es.com\\\/wp-content\\\/uploads\\\/2025\\\/03\\\/imagen-destacada-2.png\",\"width\":250,\"height\":140},{\"@type\":\"BreadcrumbList\",\"@id\":\"https:\\\/\\\/italcamara-es.com\\\/noticias\\\/italia-en-un-plato-los-cursos-de-cocina-italiana-de-la-ccis\\\/#breadcrumb\",\"itemListElement\":[{\"@type\":\"ListItem\",\"position\":1,\"name\":\"Inicio\",\"item\":\"https:\\\/\\\/italcamara-es.com\\\/it\\\/homepage-ita\\\/\"},{\"@type\":\"ListItem\",\"position\":2,\"name\":\"\u201cItalia en un plato\u201d: i corsi di cucina italiana della CCIS.\"}]},{\"@type\":\"WebSite\",\"@id\":\"https:\\\/\\\/italcamara-es.com\\\/#website\",\"url\":\"https:\\\/\\\/italcamara-es.com\\\/\",\"name\":\"Italcamara\",\"description\":\"\",\"potentialAction\":[{\"@type\":\"SearchAction\",\"target\":{\"@type\":\"EntryPoint\",\"urlTemplate\":\"https:\\\/\\\/italcamara-es.com\\\/?s={search_term_string}\"},\"query-input\":{\"@type\":\"PropertyValueSpecification\",\"valueRequired\":true,\"valueName\":\"search_term_string\"}}],\"inLanguage\":\"it-IT\"},{\"@type\":\"Person\",\"@id\":\"https:\\\/\\\/italcamara-es.com\\\/#\\\/schema\\\/person\\\/bb3c56263e405bbd9a15171dcfee93bb\",\"name\":\"administrador\",\"image\":{\"@type\":\"ImageObject\",\"inLanguage\":\"it-IT\",\"@id\":\"https:\\\/\\\/secure.gravatar.com\\\/avatar\\\/14b5e63db38320b12031bb28cf9f77e210aa71fb3a8a3602a3c9a05134fa75eb?s=96&d=mm&r=g\",\"url\":\"https:\\\/\\\/secure.gravatar.com\\\/avatar\\\/14b5e63db38320b12031bb28cf9f77e210aa71fb3a8a3602a3c9a05134fa75eb?s=96&d=mm&r=g\",\"contentUrl\":\"https:\\\/\\\/secure.gravatar.com\\\/avatar\\\/14b5e63db38320b12031bb28cf9f77e210aa71fb3a8a3602a3c9a05134fa75eb?s=96&d=mm&r=g\",\"caption\":\"administrador\"},\"sameAs\":[\"http:\\\/\\\/pre.italcamara-es.com\"],\"url\":\"https:\\\/\\\/italcamara-es.com\\\/it\\\/author\\\/administrador\\\/\"}]}<\/script>\n<!-- \/ Yoast SEO plugin. -->","yoast_head_json":{"title":"\u201cItalia en un plato\u201d: i corsi di cucina italiana della CCIS. - Italcamara","robots":{"index":"index","follow":"follow","max-snippet":"max-snippet:-1","max-image-preview":"max-image-preview:large","max-video-preview":"max-video-preview:-1"},"canonical":"https:\/\/italcamara-es.com\/noticias\/italia-en-un-plato-los-cursos-de-cocina-italiana-de-la-ccis\/","og_locale":"it_IT","og_type":"article","og_title":"\u201cItalia en un plato\u201d: i corsi di cucina italiana della CCIS. - Italcamara","og_description":"15 \u2013 16 \u2013 17 aprile , dalle 19.00 alle 21.00 presso gli spazi dell\u2019Eat School all\u2019interno della propria sede (calle Crist\u00f3bal Bordi\u00fa, 54 \u2013 28003 Madrid). Il corso, denominato \u201cItalia en un plato\u201d, si suddivide in tre moduli, che uniranno tradizione e innovazione, offrendo ai partecipanti un\u2019esperienza culinaria completa. Dai risotti allo zafferano alle [&hellip;]","og_url":"https:\/\/italcamara-es.com\/noticias\/italia-en-un-plato-los-cursos-de-cocina-italiana-de-la-ccis\/","og_site_name":"Italcamara","article_published_time":"2024-03-18T13:22:47+00:00","og_image":[{"width":250,"height":140,"url":"https:\/\/italcamara-es.com\/wp-content\/uploads\/2025\/03\/imagen-destacada-2.png","type":"image\/png"}],"author":"administrador","twitter_card":"summary_large_image","twitter_misc":{"Scritto da":"administrador","Tempo di lettura stimato":"1 minuto"},"schema":{"@context":"https:\/\/schema.org","@graph":[{"@type":"Article","@id":"https:\/\/italcamara-es.com\/noticias\/italia-en-un-plato-los-cursos-de-cocina-italiana-de-la-ccis\/#article","isPartOf":{"@id":"https:\/\/italcamara-es.com\/noticias\/italia-en-un-plato-los-cursos-de-cocina-italiana-de-la-ccis\/"},"author":{"name":"administrador","@id":"https:\/\/italcamara-es.com\/#\/schema\/person\/bb3c56263e405bbd9a15171dcfee93bb"},"headline":"\u201cItalia en un plato\u201d: i corsi di cucina italiana della CCIS.","datePublished":"2024-03-18T13:22:47+00:00","mainEntityOfPage":{"@id":"https:\/\/italcamara-es.com\/noticias\/italia-en-un-plato-los-cursos-de-cocina-italiana-de-la-ccis\/"},"wordCount":302,"commentCount":0,"image":{"@id":"https:\/\/italcamara-es.com\/noticias\/italia-en-un-plato-los-cursos-de-cocina-italiana-de-la-ccis\/#primaryimage"},"thumbnailUrl":"https:\/\/italcamara-es.com\/wp-content\/uploads\/2025\/03\/imagen-destacada-2.png","keywords":["Notizie di la CCIS"],"articleSection":["Notizie"],"inLanguage":"it-IT","potentialAction":[{"@type":"CommentAction","name":"Comment","target":["https:\/\/italcamara-es.com\/noticias\/italia-en-un-plato-los-cursos-de-cocina-italiana-de-la-ccis\/#respond"]}]},{"@type":"WebPage","@id":"https:\/\/italcamara-es.com\/noticias\/italia-en-un-plato-los-cursos-de-cocina-italiana-de-la-ccis\/","url":"https:\/\/italcamara-es.com\/noticias\/italia-en-un-plato-los-cursos-de-cocina-italiana-de-la-ccis\/","name":"\u201cItalia en un plato\u201d: i corsi di cucina italiana della CCIS. - Italcamara","isPartOf":{"@id":"https:\/\/italcamara-es.com\/#website"},"primaryImageOfPage":{"@id":"https:\/\/italcamara-es.com\/noticias\/italia-en-un-plato-los-cursos-de-cocina-italiana-de-la-ccis\/#primaryimage"},"image":{"@id":"https:\/\/italcamara-es.com\/noticias\/italia-en-un-plato-los-cursos-de-cocina-italiana-de-la-ccis\/#primaryimage"},"thumbnailUrl":"https:\/\/italcamara-es.com\/wp-content\/uploads\/2025\/03\/imagen-destacada-2.png","datePublished":"2024-03-18T13:22:47+00:00","author":{"@id":"https:\/\/italcamara-es.com\/#\/schema\/person\/bb3c56263e405bbd9a15171dcfee93bb"},"breadcrumb":{"@id":"https:\/\/italcamara-es.com\/noticias\/italia-en-un-plato-los-cursos-de-cocina-italiana-de-la-ccis\/#breadcrumb"},"inLanguage":"it-IT","potentialAction":[{"@type":"ReadAction","target":["https:\/\/italcamara-es.com\/noticias\/italia-en-un-plato-los-cursos-de-cocina-italiana-de-la-ccis\/"]}]},{"@type":"ImageObject","inLanguage":"it-IT","@id":"https:\/\/italcamara-es.com\/noticias\/italia-en-un-plato-los-cursos-de-cocina-italiana-de-la-ccis\/#primaryimage","url":"https:\/\/italcamara-es.com\/wp-content\/uploads\/2025\/03\/imagen-destacada-2.png","contentUrl":"https:\/\/italcamara-es.com\/wp-content\/uploads\/2025\/03\/imagen-destacada-2.png","width":250,"height":140},{"@type":"BreadcrumbList","@id":"https:\/\/italcamara-es.com\/noticias\/italia-en-un-plato-los-cursos-de-cocina-italiana-de-la-ccis\/#breadcrumb","itemListElement":[{"@type":"ListItem","position":1,"name":"Inicio","item":"https:\/\/italcamara-es.com\/it\/homepage-ita\/"},{"@type":"ListItem","position":2,"name":"\u201cItalia en un plato\u201d: i corsi di cucina italiana della CCIS."}]},{"@type":"WebSite","@id":"https:\/\/italcamara-es.com\/#website","url":"https:\/\/italcamara-es.com\/","name":"Italcamara","description":"","potentialAction":[{"@type":"SearchAction","target":{"@type":"EntryPoint","urlTemplate":"https:\/\/italcamara-es.com\/?s={search_term_string}"},"query-input":{"@type":"PropertyValueSpecification","valueRequired":true,"valueName":"search_term_string"}}],"inLanguage":"it-IT"},{"@type":"Person","@id":"https:\/\/italcamara-es.com\/#\/schema\/person\/bb3c56263e405bbd9a15171dcfee93bb","name":"administrador","image":{"@type":"ImageObject","inLanguage":"it-IT","@id":"https:\/\/secure.gravatar.com\/avatar\/14b5e63db38320b12031bb28cf9f77e210aa71fb3a8a3602a3c9a05134fa75eb?s=96&d=mm&r=g","url":"https:\/\/secure.gravatar.com\/avatar\/14b5e63db38320b12031bb28cf9f77e210aa71fb3a8a3602a3c9a05134fa75eb?s=96&d=mm&r=g","contentUrl":"https:\/\/secure.gravatar.com\/avatar\/14b5e63db38320b12031bb28cf9f77e210aa71fb3a8a3602a3c9a05134fa75eb?s=96&d=mm&r=g","caption":"administrador"},"sameAs":["http:\/\/pre.italcamara-es.com"],"url":"https:\/\/italcamara-es.com\/it\/author\/administrador\/"}]}},"rttpg_featured_image_url":{"full":["https:\/\/italcamara-es.com\/wp-content\/uploads\/2025\/03\/imagen-destacada-2.png",250,140,false],"landscape":["https:\/\/italcamara-es.com\/wp-content\/uploads\/2025\/03\/imagen-destacada-2.png",250,140,false],"portraits":["https:\/\/italcamara-es.com\/wp-content\/uploads\/2025\/03\/imagen-destacada-2.png",250,140,false],"thumbnail":["https:\/\/italcamara-es.com\/wp-content\/uploads\/2025\/03\/imagen-destacada-2-150x140.png",150,140,true],"medium":["https:\/\/italcamara-es.com\/wp-content\/uploads\/2025\/03\/imagen-destacada-2.png",250,140,false],"large":["https:\/\/italcamara-es.com\/wp-content\/uploads\/2025\/03\/imagen-destacada-2.png",250,140,false],"1536x1536":["https:\/\/italcamara-es.com\/wp-content\/uploads\/2025\/03\/imagen-destacada-2.png",250,140,false],"2048x2048":["https:\/\/italcamara-es.com\/wp-content\/uploads\/2025\/03\/imagen-destacada-2.png",250,140,false],"ocean-thumb-m":["https:\/\/italcamara-es.com\/wp-content\/uploads\/2025\/03\/imagen-destacada-2.png",250,140,false],"ocean-thumb-ml":["https:\/\/italcamara-es.com\/wp-content\/uploads\/2025\/03\/imagen-destacada-2.png",250,140,false],"ocean-thumb-l":["https:\/\/italcamara-es.com\/wp-content\/uploads\/2025\/03\/imagen-destacada-2.png",250,140,false],"directorist_preview":["https:\/\/italcamara-es.com\/wp-content\/uploads\/2025\/03\/imagen-destacada-2.png",250,140,false]},"rttpg_author":{"display_name":"administrador","author_link":"https:\/\/italcamara-es.com\/it\/author\/administrador\/"},"rttpg_comment":0,"rttpg_category":"<a href=\"https:\/\/italcamara-es.com\/it\/category\/notizie\/\" rel=\"category tag\">Notizie<\/a>","rttpg_excerpt":"15 \u2013 16 \u2013 17 aprile , dalle 19.00 alle 21.00 presso gli spazi dell\u2019Eat School all\u2019interno della propria sede (calle Crist\u00f3bal Bordi\u00fa, 54 \u2013 28003 Madrid). Il corso, denominato \u201cItalia en un plato\u201d, si suddivide in tre moduli, che uniranno tradizione e innovazione, offrendo ai partecipanti un\u2019esperienza culinaria completa. Dai risotti allo zafferano alle&hellip;","_links":{"self":[{"href":"https:\/\/italcamara-es.com\/it\/wp-json\/wp\/v2\/posts\/56436","targetHints":{"allow":["GET"]}}],"collection":[{"href":"https:\/\/italcamara-es.com\/it\/wp-json\/wp\/v2\/posts"}],"about":[{"href":"https:\/\/italcamara-es.com\/it\/wp-json\/wp\/v2\/types\/post"}],"author":[{"embeddable":true,"href":"https:\/\/italcamara-es.com\/it\/wp-json\/wp\/v2\/users\/1"}],"replies":[{"embeddable":true,"href":"https:\/\/italcamara-es.com\/it\/wp-json\/wp\/v2\/comments?post=56436"}],"version-history":[{"count":0,"href":"https:\/\/italcamara-es.com\/it\/wp-json\/wp\/v2\/posts\/56436\/revisions"}],"wp:featuredmedia":[{"embeddable":true,"href":"https:\/\/italcamara-es.com\/it\/wp-json\/wp\/v2\/media\/56437"}],"wp:attachment":[{"href":"https:\/\/italcamara-es.com\/it\/wp-json\/wp\/v2\/media?parent=56436"}],"wp:term":[{"taxonomy":"category","embeddable":true,"href":"https:\/\/italcamara-es.com\/it\/wp-json\/wp\/v2\/categories?post=56436"},{"taxonomy":"post_tag","embeddable":true,"href":"https:\/\/italcamara-es.com\/it\/wp-json\/wp\/v2\/tags?post=56436"}],"curies":[{"name":"wp","href":"https:\/\/api.w.org\/{rel}","templated":true}]}}