	{"id":56438,"date":"2024-02-21T09:05:46","date_gmt":"2024-02-21T08:05:46","guid":{"rendered":"http:\/\/pre.italcamara-es.com\/senza-categoria\/partecipazione-di-imprese-spagnole-alle-fiere-nme-e-transpotec-logitec-2024\/"},"modified":"2024-02-21T09:05:46","modified_gmt":"2024-02-21T08:05:46","slug":"partecipazione-di-imprese-spagnole-alle-fiere-nme-e-transpotec-logitec-2024","status":"publish","type":"post","link":"https:\/\/italcamara-es.com\/it\/notizie\/partecipazione-di-imprese-spagnole-alle-fiere-nme-e-transpotec-logitec-2024\/","title":{"rendered":"Partecipazione di imprese spagnole alle fiere NME e Transpotec \u2013 Logitec 2024"},"content":{"rendered":"\n\n\n<p>La CCIS gestisce la partecipazione di espositori e buyers spagnoli a due importanti fiere che si svolgeranno a Milano nel mese di Maggio: <strong>NME \u2013 Next Mobility Exhibition <\/strong>e <strong>Transpotec Logitec.<\/strong><\/p>\n<p>Le due manifestazioni offrono un&#8217;occasione imperdibile per le aziende spagnole per incontrare potenziali partner commerciali e espandere la propria rete di contatti internazionali.<\/p>\n<p><strong>NME <\/strong><\/p>\n<p><strong>NME \u2013 Next Mobility Exhibition<\/strong> \u00e8 l\u2019evento internazionale biennale dedicato a soluzioni, tecnologie, mezzi e politiche per un sistema di mobilit\u00e0 delle persone integrato, innovativo e sostenibile. La manifestazione \u00e8 pronta per aprire le porte alla sua prossima edizione che si terr\u00e0 a Milano <strong>dall\u20198 al 10 maggio 2024. <\/strong><\/p>\n<p>L\u2019evento offre una panoramica completa di tutti gli ultimi sviluppi del mercato: veicoli elettrici, mobilit\u00e0 elettrica e trasporto pubblico. Le aziende partecipanti presenteranno le loro innovazioni in una di queste aree:<\/p>\n<ul style=\"list-style-type: circle;\">\n<li>Trasporto pubblico<\/li>\n<li>Autobus e pullman<\/li>\n<li>Mobilit\u00e0 elettrica<\/li>\n<li>Mobilit\u00e0 aziendale<\/li>\n<li>NCC (noleggio auto con conducente)<\/li>\n<li>Trasporto condiviso<\/li>\n<\/ul>\n<p>\u00a0<\/p>\n<p>La fiera, inoltre, metter\u00e0 a disposizione dei visitatori un&#8217;area espositiva dedicata alle ultime novit\u00e0 tecnologiche, dando loro la possibilit\u00e0 di scoprire i pi\u00f9 recenti sviluppi nel campo dei veicoli e dei sistemi di trasporto.<\/p>\n<p>\u00a0<\/p>\n<p><strong> <img fetchpriority=\"high\" decoding=\"async\" class=\"size-full wp-image-36180 aligncenter\" src=\"https:\/\/www.italcamara-es.com\/wp-content\/uploads\/2024\/02\/1.png\" alt=\"\" width=\"500\" height=\"280\" \/><\/strong><\/p>\n<p>\u00a0<\/p>\n<p><strong>Transpotec Logitec<\/strong><\/p>\n<p>Transpotec Logitec \u00e8 una delle fiere pi\u00f9 attese a livello internazionale (con un focus particolare sull&#8217;Europa, il bacino del Mediterraneo e i Balcani), che si occupa dello sviluppo dei trasporti e della logistica.<\/p>\n<p>L&#8217;evento, che si terr\u00e0 a Milano <strong>dall\u20198 all\u201911 maggio 2024<\/strong>, \u00e8 un appuntamento imperdibile per tutte le aziende e i professionisti che operano in questo settore.<\/p>\n<p>La fiera si propone come un punto di incontro tra espositori e visitatori, offrendo la possibilit\u00e0 di scoprire le ultime novit\u00e0 e le soluzioni pi\u00f9 innovative nel campo della logistica e del trasporto. L&#8217;offerta dell&#8217;evento fornir\u00e0 una panoramica completa del mercato e delle sue innovazioni: oltre ai costruttori di veicoli, rimorchi e semirimorchi saranno tra i segmenti pi\u00f9 rappresentati, con tutti i diversi modelli in esposizione: dai furgoni alle cisterne, dai ribaltabili a quelli per il trasporto a temperatura controllata.<\/p>\n<p>\u00a0<\/p>\n<p><img decoding=\"async\" class=\"size-full wp-image-36178 aligncenter\" src=\"https:\/\/www.italcamara-es.com\/wp-content\/uploads\/2024\/02\/Articulos-Crop-1-3.png\" alt=\"\" width=\"500\" height=\"280\" \/><\/p>\n<p>\u00a0<\/p>\n<p><strong>NME <\/strong>e<strong> Transpotec<\/strong> sono occasioni uniche per ampliare la propria rete di contatti business e le imprese spagnole avranno la possibilit\u00e0 di parteciparvi sia come espositori che come buyer.<\/p>\n<p><strong>Esposizione<\/strong><\/p>\n<p>La CCIS gestisce la partecipazione di imprese spagnole in qualit\u00e0 di espositori per entrambe le fiere. In particolare, le aziende potranno contrattare stand modulari o personalizzati attraverso la Camera, che si occuper\u00e0 della gestione integrale della partecipazione.<\/p>\n<p>Questi stand partono da una dimensione di 16 metri quadrati, ma possono variare in base alle esigenze dell\u2019espositore. Gli spazi sono progettati per garantire la massima visibilit\u00e0 alle aziende partecipanti; tali sezioni rappresentano la soluzione ideale per le imprese che vogliono comunicare al meglio il proprio marchio e i propri prodotti.<\/p>\n<p><strong>Programma Buyer <\/strong><\/p>\n<p>I buyers spagnoli selezionati, grazie agli accordi con gli organizzatori,\u00a0 potranno beneficiare gratuitamente di questi vantaggi:<\/p>\n<ul>\n<li>1 pernottamento in hotel 4 stelle in camera DSU con trattamento di b&amp;b<\/li>\n<li>Volo a\/r in classe economica emesso dall&#8217;agenzia di viaggi della fiera di Milano<\/li>\n<li>Trasferimento in bus navetta dall&#8217;hotel al quartiere fieristico di Milano e viceversa<\/li>\n<li>Accesso alla Buyers Lounge<\/li>\n<li>accesso alla piattaforma MY MATCHING: i buyers devono fissare almeno 4 appuntamenti al giorno prima e durante la fiera.<\/li>\n<\/ul>\n<p>Il pacchetto buyer \u00e8 valido per una sola persona per azienda partecipante (eventuali accompagnatori dovranno pagare le proprie spese).<\/p>\n<p>Gli organizzatori selezioneranno le aziende che potranno partecipare al programma.<\/p>\n<p>La presenza di espositori e buyers spagnoli alle fiere NME e Transpotec Logitec permetter\u00e0 di favorire lo scambio commerciale tra l&#8217;Italia e la Spagna, due Paesi dalle forti sinergie economiche. I due appuntamenti si preannunciano pertanto come un&#8217;importante punto di incontro per le imprese di entrambi i Paesi.<\/p>\n<p>\u00a0<\/p>\n<p>Per maggiori informazioni contattare: <em>departamento.comercial@italcamara-es.com<\/em><\/p>\n<p>\u00a0<\/p>\n","protected":false},"excerpt":{"rendered":"","protected":false},"author":1,"featured_media":55218,"comment_status":"open","ping_status":"open","sticky":false,"template":"","format":"standard","meta":{"inline_featured_image":false,"ocean_post_layout":"","ocean_both_sidebars_style":"","ocean_both_sidebars_content_width":0,"ocean_both_sidebars_sidebars_width":0,"ocean_sidebar":"","ocean_second_sidebar":"","ocean_disable_margins":"enable","ocean_add_body_class":"","ocean_shortcode_before_top_bar":"","ocean_shortcode_after_top_bar":"","ocean_shortcode_before_header":"","ocean_shortcode_after_header":"","ocean_has_shortcode":"","ocean_shortcode_after_title":"","ocean_shortcode_before_footer_widgets":"","ocean_shortcode_after_footer_widgets":"","ocean_shortcode_before_footer_bottom":"","ocean_shortcode_after_footer_bottom":"","ocean_display_top_bar":"default","ocean_display_header":"default","ocean_header_style":"","ocean_center_header_left_menu":"","ocean_custom_header_template":"","ocean_custom_logo":0,"ocean_custom_retina_logo":0,"ocean_custom_logo_max_width":0,"ocean_custom_logo_tablet_max_width":0,"ocean_custom_logo_mobile_max_width":0,"ocean_custom_logo_max_height":0,"ocean_custom_logo_tablet_max_height":0,"ocean_custom_logo_mobile_max_height":0,"ocean_header_custom_menu":"","ocean_menu_typo_font_family":"","ocean_menu_typo_font_subset":"","ocean_menu_typo_font_size":0,"ocean_menu_typo_font_size_tablet":0,"ocean_menu_typo_font_size_mobile":0,"ocean_menu_typo_font_size_unit":"px","ocean_menu_typo_font_weight":"","ocean_menu_typo_font_weight_tablet":"","ocean_menu_typo_font_weight_mobile":"","ocean_menu_typo_transform":"","ocean_menu_typo_transform_tablet":"","ocean_menu_typo_transform_mobile":"","ocean_menu_typo_line_height":0,"ocean_menu_typo_line_height_tablet":0,"ocean_menu_typo_line_height_mobile":0,"ocean_menu_typo_line_height_unit":"","ocean_menu_typo_spacing":0,"ocean_menu_typo_spacing_tablet":0,"ocean_menu_typo_spacing_mobile":0,"ocean_menu_typo_spacing_unit":"","ocean_menu_link_color":"","ocean_menu_link_color_hover":"","ocean_menu_link_color_active":"","ocean_menu_link_background":"","ocean_menu_link_hover_background":"","ocean_menu_link_active_background":"","ocean_menu_social_links_bg":"","ocean_menu_social_hover_links_bg":"","ocean_menu_social_links_color":"","ocean_menu_social_hover_links_color":"","ocean_disable_title":"default","ocean_disable_heading":"default","ocean_post_title":"","ocean_post_subheading":"","ocean_post_title_style":"","ocean_post_title_background_color":"","ocean_post_title_background":0,"ocean_post_title_bg_image_position":"","ocean_post_title_bg_image_attachment":"","ocean_post_title_bg_image_repeat":"","ocean_post_title_bg_image_size":"","ocean_post_title_height":0,"ocean_post_title_bg_overlay":0.5,"ocean_post_title_bg_overlay_color":"","ocean_disable_breadcrumbs":"default","ocean_breadcrumbs_color":"","ocean_breadcrumbs_separator_color":"","ocean_breadcrumbs_links_color":"","ocean_breadcrumbs_links_hover_color":"","ocean_display_footer_widgets":"default","ocean_display_footer_bottom":"default","ocean_custom_footer_template":"","ocean_post_oembed":"","ocean_post_self_hosted_media":"","ocean_post_video_embed":"","ocean_link_format":"","ocean_link_format_target":"self","ocean_quote_format":"","ocean_quote_format_link":"post","ocean_gallery_link_images":"on","ocean_gallery_id":[],"footnotes":""},"categories":[133],"tags":[139],"class_list":["post-56438","post","type-post","status-publish","format-standard","has-post-thumbnail","hentry","category-notizie","tag-notizie-di-la-ccis","entry","has-media"],"yoast_head":"<!-- This site is optimized with the Yoast SEO plugin v27.4 - https:\/\/yoast.com\/product\/yoast-seo-wordpress\/ -->\n<title>Partecipazione di imprese spagnole alle fiere NME e Transpotec \u2013 Logitec 2024 - Italcamara<\/title>\n<meta name=\"robots\" content=\"index, follow, max-snippet:-1, max-image-preview:large, max-video-preview:-1\" \/>\n<link rel=\"canonical\" href=\"https:\/\/italcamara-es.com\/it\/notizie\/partecipazione-di-imprese-spagnole-alle-fiere-nme-e-transpotec-logitec-2024\/\" \/>\n<meta property=\"og:locale\" content=\"it_IT\" \/>\n<meta property=\"og:type\" content=\"article\" \/>\n<meta property=\"og:title\" content=\"Partecipazione di imprese spagnole alle fiere NME e Transpotec \u2013 Logitec 2024 - Italcamara\" \/>\n<meta property=\"og:url\" content=\"https:\/\/italcamara-es.com\/it\/notizie\/partecipazione-di-imprese-spagnole-alle-fiere-nme-e-transpotec-logitec-2024\/\" \/>\n<meta property=\"og:site_name\" content=\"Italcamara\" \/>\n<meta property=\"article:published_time\" content=\"2024-02-21T08:05:46+00:00\" \/>\n<meta property=\"og:image\" content=\"https:\/\/italcamara-es.com\/wp-content\/uploads\/2025\/03\/FIERE.png\" \/>\n\t<meta property=\"og:image:width\" content=\"500\" \/>\n\t<meta property=\"og:image:height\" content=\"280\" \/>\n\t<meta property=\"og:image:type\" content=\"image\/png\" \/>\n<meta name=\"author\" content=\"administrador\" \/>\n<meta name=\"twitter:card\" content=\"summary_large_image\" \/>\n<meta name=\"twitter:label1\" content=\"Scritto da\" \/>\n\t<meta name=\"twitter:data1\" content=\"administrador\" \/>\n\t<meta name=\"twitter:label2\" content=\"Tempo di lettura stimato\" \/>\n\t<meta name=\"twitter:data2\" content=\"3 minuti\" \/>\n<script type=\"application\/ld+json\" class=\"yoast-schema-graph\">{\"@context\":\"https:\\\/\\\/schema.org\",\"@graph\":[{\"@type\":\"Article\",\"@id\":\"https:\\\/\\\/italcamara-es.com\\\/it\\\/notizie\\\/partecipazione-di-imprese-spagnole-alle-fiere-nme-e-transpotec-logitec-2024\\\/#article\",\"isPartOf\":{\"@id\":\"https:\\\/\\\/italcamara-es.com\\\/it\\\/notizie\\\/partecipazione-di-imprese-spagnole-alle-fiere-nme-e-transpotec-logitec-2024\\\/\"},\"author\":{\"name\":\"administrador\",\"@id\":\"https:\\\/\\\/italcamara-es.com\\\/#\\\/schema\\\/person\\\/bb3c56263e405bbd9a15171dcfee93bb\"},\"headline\":\"Partecipazione di imprese spagnole alle fiere NME e Transpotec \u2013 Logitec 2024\",\"datePublished\":\"2024-02-21T08:05:46+00:00\",\"mainEntityOfPage\":{\"@id\":\"https:\\\/\\\/italcamara-es.com\\\/it\\\/notizie\\\/partecipazione-di-imprese-spagnole-alle-fiere-nme-e-transpotec-logitec-2024\\\/\"},\"wordCount\":620,\"commentCount\":0,\"image\":{\"@id\":\"https:\\\/\\\/italcamara-es.com\\\/it\\\/notizie\\\/partecipazione-di-imprese-spagnole-alle-fiere-nme-e-transpotec-logitec-2024\\\/#primaryimage\"},\"thumbnailUrl\":\"https:\\\/\\\/italcamara-es.com\\\/wp-content\\\/uploads\\\/2025\\\/03\\\/FIERE.png\",\"keywords\":[\"Notizie di la CCIS\"],\"articleSection\":[\"Notizie\"],\"inLanguage\":\"it-IT\",\"potentialAction\":[{\"@type\":\"CommentAction\",\"name\":\"Comment\",\"target\":[\"https:\\\/\\\/italcamara-es.com\\\/it\\\/notizie\\\/partecipazione-di-imprese-spagnole-alle-fiere-nme-e-transpotec-logitec-2024\\\/#respond\"]}]},{\"@type\":\"WebPage\",\"@id\":\"https:\\\/\\\/italcamara-es.com\\\/it\\\/notizie\\\/partecipazione-di-imprese-spagnole-alle-fiere-nme-e-transpotec-logitec-2024\\\/\",\"url\":\"https:\\\/\\\/italcamara-es.com\\\/it\\\/notizie\\\/partecipazione-di-imprese-spagnole-alle-fiere-nme-e-transpotec-logitec-2024\\\/\",\"name\":\"Partecipazione di imprese spagnole alle fiere NME e Transpotec \u2013 Logitec 2024 - Italcamara\",\"isPartOf\":{\"@id\":\"https:\\\/\\\/italcamara-es.com\\\/#website\"},\"primaryImageOfPage\":{\"@id\":\"https:\\\/\\\/italcamara-es.com\\\/it\\\/notizie\\\/partecipazione-di-imprese-spagnole-alle-fiere-nme-e-transpotec-logitec-2024\\\/#primaryimage\"},\"image\":{\"@id\":\"https:\\\/\\\/italcamara-es.com\\\/it\\\/notizie\\\/partecipazione-di-imprese-spagnole-alle-fiere-nme-e-transpotec-logitec-2024\\\/#primaryimage\"},\"thumbnailUrl\":\"https:\\\/\\\/italcamara-es.com\\\/wp-content\\\/uploads\\\/2025\\\/03\\\/FIERE.png\",\"datePublished\":\"2024-02-21T08:05:46+00:00\",\"author\":{\"@id\":\"https:\\\/\\\/italcamara-es.com\\\/#\\\/schema\\\/person\\\/bb3c56263e405bbd9a15171dcfee93bb\"},\"breadcrumb\":{\"@id\":\"https:\\\/\\\/italcamara-es.com\\\/it\\\/notizie\\\/partecipazione-di-imprese-spagnole-alle-fiere-nme-e-transpotec-logitec-2024\\\/#breadcrumb\"},\"inLanguage\":\"it-IT\",\"potentialAction\":[{\"@type\":\"ReadAction\",\"target\":[\"https:\\\/\\\/italcamara-es.com\\\/it\\\/notizie\\\/partecipazione-di-imprese-spagnole-alle-fiere-nme-e-transpotec-logitec-2024\\\/\"]}]},{\"@type\":\"ImageObject\",\"inLanguage\":\"it-IT\",\"@id\":\"https:\\\/\\\/italcamara-es.com\\\/it\\\/notizie\\\/partecipazione-di-imprese-spagnole-alle-fiere-nme-e-transpotec-logitec-2024\\\/#primaryimage\",\"url\":\"https:\\\/\\\/italcamara-es.com\\\/wp-content\\\/uploads\\\/2025\\\/03\\\/FIERE.png\",\"contentUrl\":\"https:\\\/\\\/italcamara-es.com\\\/wp-content\\\/uploads\\\/2025\\\/03\\\/FIERE.png\",\"width\":500,\"height\":280},{\"@type\":\"BreadcrumbList\",\"@id\":\"https:\\\/\\\/italcamara-es.com\\\/it\\\/notizie\\\/partecipazione-di-imprese-spagnole-alle-fiere-nme-e-transpotec-logitec-2024\\\/#breadcrumb\",\"itemListElement\":[{\"@type\":\"ListItem\",\"position\":1,\"name\":\"Inicio\",\"item\":\"https:\\\/\\\/italcamara-es.com\\\/it\\\/homepage-ita\\\/\"},{\"@type\":\"ListItem\",\"position\":2,\"name\":\"Partecipazione di imprese spagnole alle fiere NME e Transpotec \u2013 Logitec 2024\"}]},{\"@type\":\"WebSite\",\"@id\":\"https:\\\/\\\/italcamara-es.com\\\/#website\",\"url\":\"https:\\\/\\\/italcamara-es.com\\\/\",\"name\":\"Italcamara\",\"description\":\"\",\"potentialAction\":[{\"@type\":\"SearchAction\",\"target\":{\"@type\":\"EntryPoint\",\"urlTemplate\":\"https:\\\/\\\/italcamara-es.com\\\/?s={search_term_string}\"},\"query-input\":{\"@type\":\"PropertyValueSpecification\",\"valueRequired\":true,\"valueName\":\"search_term_string\"}}],\"inLanguage\":\"it-IT\"},{\"@type\":\"Person\",\"@id\":\"https:\\\/\\\/italcamara-es.com\\\/#\\\/schema\\\/person\\\/bb3c56263e405bbd9a15171dcfee93bb\",\"name\":\"administrador\",\"image\":{\"@type\":\"ImageObject\",\"inLanguage\":\"it-IT\",\"@id\":\"https:\\\/\\\/secure.gravatar.com\\\/avatar\\\/14b5e63db38320b12031bb28cf9f77e210aa71fb3a8a3602a3c9a05134fa75eb?s=96&d=mm&r=g\",\"url\":\"https:\\\/\\\/secure.gravatar.com\\\/avatar\\\/14b5e63db38320b12031bb28cf9f77e210aa71fb3a8a3602a3c9a05134fa75eb?s=96&d=mm&r=g\",\"contentUrl\":\"https:\\\/\\\/secure.gravatar.com\\\/avatar\\\/14b5e63db38320b12031bb28cf9f77e210aa71fb3a8a3602a3c9a05134fa75eb?s=96&d=mm&r=g\",\"caption\":\"administrador\"},\"sameAs\":[\"http:\\\/\\\/pre.italcamara-es.com\"],\"url\":\"https:\\\/\\\/italcamara-es.com\\\/it\\\/author\\\/administrador\\\/\"}]}<\/script>\n<!-- \/ Yoast SEO plugin. -->","yoast_head_json":{"title":"Partecipazione di imprese spagnole alle fiere NME e Transpotec \u2013 Logitec 2024 - Italcamara","robots":{"index":"index","follow":"follow","max-snippet":"max-snippet:-1","max-image-preview":"max-image-preview:large","max-video-preview":"max-video-preview:-1"},"canonical":"https:\/\/italcamara-es.com\/it\/notizie\/partecipazione-di-imprese-spagnole-alle-fiere-nme-e-transpotec-logitec-2024\/","og_locale":"it_IT","og_type":"article","og_title":"Partecipazione di imprese spagnole alle fiere NME e Transpotec \u2013 Logitec 2024 - Italcamara","og_url":"https:\/\/italcamara-es.com\/it\/notizie\/partecipazione-di-imprese-spagnole-alle-fiere-nme-e-transpotec-logitec-2024\/","og_site_name":"Italcamara","article_published_time":"2024-02-21T08:05:46+00:00","og_image":[{"width":500,"height":280,"url":"https:\/\/italcamara-es.com\/wp-content\/uploads\/2025\/03\/FIERE.png","type":"image\/png"}],"author":"administrador","twitter_card":"summary_large_image","twitter_misc":{"Scritto da":"administrador","Tempo di lettura stimato":"3 minuti"},"schema":{"@context":"https:\/\/schema.org","@graph":[{"@type":"Article","@id":"https:\/\/italcamara-es.com\/it\/notizie\/partecipazione-di-imprese-spagnole-alle-fiere-nme-e-transpotec-logitec-2024\/#article","isPartOf":{"@id":"https:\/\/italcamara-es.com\/it\/notizie\/partecipazione-di-imprese-spagnole-alle-fiere-nme-e-transpotec-logitec-2024\/"},"author":{"name":"administrador","@id":"https:\/\/italcamara-es.com\/#\/schema\/person\/bb3c56263e405bbd9a15171dcfee93bb"},"headline":"Partecipazione di imprese spagnole alle fiere NME e Transpotec \u2013 Logitec 2024","datePublished":"2024-02-21T08:05:46+00:00","mainEntityOfPage":{"@id":"https:\/\/italcamara-es.com\/it\/notizie\/partecipazione-di-imprese-spagnole-alle-fiere-nme-e-transpotec-logitec-2024\/"},"wordCount":620,"commentCount":0,"image":{"@id":"https:\/\/italcamara-es.com\/it\/notizie\/partecipazione-di-imprese-spagnole-alle-fiere-nme-e-transpotec-logitec-2024\/#primaryimage"},"thumbnailUrl":"https:\/\/italcamara-es.com\/wp-content\/uploads\/2025\/03\/FIERE.png","keywords":["Notizie di la CCIS"],"articleSection":["Notizie"],"inLanguage":"it-IT","potentialAction":[{"@type":"CommentAction","name":"Comment","target":["https:\/\/italcamara-es.com\/it\/notizie\/partecipazione-di-imprese-spagnole-alle-fiere-nme-e-transpotec-logitec-2024\/#respond"]}]},{"@type":"WebPage","@id":"https:\/\/italcamara-es.com\/it\/notizie\/partecipazione-di-imprese-spagnole-alle-fiere-nme-e-transpotec-logitec-2024\/","url":"https:\/\/italcamara-es.com\/it\/notizie\/partecipazione-di-imprese-spagnole-alle-fiere-nme-e-transpotec-logitec-2024\/","name":"Partecipazione di imprese spagnole alle fiere NME e Transpotec \u2013 Logitec 2024 - Italcamara","isPartOf":{"@id":"https:\/\/italcamara-es.com\/#website"},"primaryImageOfPage":{"@id":"https:\/\/italcamara-es.com\/it\/notizie\/partecipazione-di-imprese-spagnole-alle-fiere-nme-e-transpotec-logitec-2024\/#primaryimage"},"image":{"@id":"https:\/\/italcamara-es.com\/it\/notizie\/partecipazione-di-imprese-spagnole-alle-fiere-nme-e-transpotec-logitec-2024\/#primaryimage"},"thumbnailUrl":"https:\/\/italcamara-es.com\/wp-content\/uploads\/2025\/03\/FIERE.png","datePublished":"2024-02-21T08:05:46+00:00","author":{"@id":"https:\/\/italcamara-es.com\/#\/schema\/person\/bb3c56263e405bbd9a15171dcfee93bb"},"breadcrumb":{"@id":"https:\/\/italcamara-es.com\/it\/notizie\/partecipazione-di-imprese-spagnole-alle-fiere-nme-e-transpotec-logitec-2024\/#breadcrumb"},"inLanguage":"it-IT","potentialAction":[{"@type":"ReadAction","target":["https:\/\/italcamara-es.com\/it\/notizie\/partecipazione-di-imprese-spagnole-alle-fiere-nme-e-transpotec-logitec-2024\/"]}]},{"@type":"ImageObject","inLanguage":"it-IT","@id":"https:\/\/italcamara-es.com\/it\/notizie\/partecipazione-di-imprese-spagnole-alle-fiere-nme-e-transpotec-logitec-2024\/#primaryimage","url":"https:\/\/italcamara-es.com\/wp-content\/uploads\/2025\/03\/FIERE.png","contentUrl":"https:\/\/italcamara-es.com\/wp-content\/uploads\/2025\/03\/FIERE.png","width":500,"height":280},{"@type":"BreadcrumbList","@id":"https:\/\/italcamara-es.com\/it\/notizie\/partecipazione-di-imprese-spagnole-alle-fiere-nme-e-transpotec-logitec-2024\/#breadcrumb","itemListElement":[{"@type":"ListItem","position":1,"name":"Inicio","item":"https:\/\/italcamara-es.com\/it\/homepage-ita\/"},{"@type":"ListItem","position":2,"name":"Partecipazione di imprese spagnole alle fiere NME e Transpotec \u2013 Logitec 2024"}]},{"@type":"WebSite","@id":"https:\/\/italcamara-es.com\/#website","url":"https:\/\/italcamara-es.com\/","name":"Italcamara","description":"","potentialAction":[{"@type":"SearchAction","target":{"@type":"EntryPoint","urlTemplate":"https:\/\/italcamara-es.com\/?s={search_term_string}"},"query-input":{"@type":"PropertyValueSpecification","valueRequired":true,"valueName":"search_term_string"}}],"inLanguage":"it-IT"},{"@type":"Person","@id":"https:\/\/italcamara-es.com\/#\/schema\/person\/bb3c56263e405bbd9a15171dcfee93bb","name":"administrador","image":{"@type":"ImageObject","inLanguage":"it-IT","@id":"https:\/\/secure.gravatar.com\/avatar\/14b5e63db38320b12031bb28cf9f77e210aa71fb3a8a3602a3c9a05134fa75eb?s=96&d=mm&r=g","url":"https:\/\/secure.gravatar.com\/avatar\/14b5e63db38320b12031bb28cf9f77e210aa71fb3a8a3602a3c9a05134fa75eb?s=96&d=mm&r=g","contentUrl":"https:\/\/secure.gravatar.com\/avatar\/14b5e63db38320b12031bb28cf9f77e210aa71fb3a8a3602a3c9a05134fa75eb?s=96&d=mm&r=g","caption":"administrador"},"sameAs":["http:\/\/pre.italcamara-es.com"],"url":"https:\/\/italcamara-es.com\/it\/author\/administrador\/"}]}},"rttpg_featured_image_url":{"full":["https:\/\/italcamara-es.com\/wp-content\/uploads\/2025\/03\/FIERE.png",500,280,false],"landscape":["https:\/\/italcamara-es.com\/wp-content\/uploads\/2025\/03\/FIERE.png",500,280,false],"portraits":["https:\/\/italcamara-es.com\/wp-content\/uploads\/2025\/03\/FIERE.png",500,280,false],"thumbnail":["https:\/\/italcamara-es.com\/wp-content\/uploads\/2025\/03\/FIERE-150x150.png",150,150,true],"medium":["https:\/\/italcamara-es.com\/wp-content\/uploads\/2025\/03\/FIERE-300x168.png",300,168,true],"large":["https:\/\/italcamara-es.com\/wp-content\/uploads\/2025\/03\/FIERE.png",500,280,false],"1536x1536":["https:\/\/italcamara-es.com\/wp-content\/uploads\/2025\/03\/FIERE.png",500,280,false],"2048x2048":["https:\/\/italcamara-es.com\/wp-content\/uploads\/2025\/03\/FIERE.png",500,280,false],"ocean-thumb-m":["https:\/\/italcamara-es.com\/wp-content\/uploads\/2025\/03\/FIERE.png",500,280,false],"ocean-thumb-ml":["https:\/\/italcamara-es.com\/wp-content\/uploads\/2025\/03\/FIERE.png",500,280,false],"ocean-thumb-l":["https:\/\/italcamara-es.com\/wp-content\/uploads\/2025\/03\/FIERE.png",500,280,false],"directorist_preview":["https:\/\/italcamara-es.com\/wp-content\/uploads\/2025\/03\/FIERE.png",500,280,false]},"rttpg_author":{"display_name":"administrador","author_link":"https:\/\/italcamara-es.com\/it\/author\/administrador\/"},"rttpg_comment":0,"rttpg_category":"<a href=\"https:\/\/italcamara-es.com\/it\/category\/notizie\/\" rel=\"category tag\">Notizie<\/a>","rttpg_excerpt":null,"_links":{"self":[{"href":"https:\/\/italcamara-es.com\/it\/wp-json\/wp\/v2\/posts\/56438","targetHints":{"allow":["GET"]}}],"collection":[{"href":"https:\/\/italcamara-es.com\/it\/wp-json\/wp\/v2\/posts"}],"about":[{"href":"https:\/\/italcamara-es.com\/it\/wp-json\/wp\/v2\/types\/post"}],"author":[{"embeddable":true,"href":"https:\/\/italcamara-es.com\/it\/wp-json\/wp\/v2\/users\/1"}],"replies":[{"embeddable":true,"href":"https:\/\/italcamara-es.com\/it\/wp-json\/wp\/v2\/comments?post=56438"}],"version-history":[{"count":0,"href":"https:\/\/italcamara-es.com\/it\/wp-json\/wp\/v2\/posts\/56438\/revisions"}],"wp:featuredmedia":[{"embeddable":true,"href":"https:\/\/italcamara-es.com\/it\/wp-json\/wp\/v2\/media\/55218"}],"wp:attachment":[{"href":"https:\/\/italcamara-es.com\/it\/wp-json\/wp\/v2\/media?parent=56438"}],"wp:term":[{"taxonomy":"category","embeddable":true,"href":"https:\/\/italcamara-es.com\/it\/wp-json\/wp\/v2\/categories?post=56438"},{"taxonomy":"post_tag","embeddable":true,"href":"https:\/\/italcamara-es.com\/it\/wp-json\/wp\/v2\/tags?post=56438"}],"curies":[{"name":"wp","href":"https:\/\/api.w.org\/{rel}","templated":true}]}}