	{"id":56446,"date":"2024-04-19T09:12:37","date_gmt":"2024-04-19T07:12:37","guid":{"rendered":"http:\/\/pre.italcamara-es.com\/senza-categoria\/e-disponibile-il-corso-online-del-progetto-offset\/"},"modified":"2024-04-19T09:12:37","modified_gmt":"2024-04-19T07:12:37","slug":"e-disponibile-il-corso-online-del-progetto-offset","status":"publish","type":"post","link":"https:\/\/italcamara-es.com\/it\/notizie\/e-disponibile-il-corso-online-del-progetto-offset\/","title":{"rendered":"\u00c8 disponibile il corso online del progetto &#8220;OFFSET&#8221;!"},"content":{"rendered":"\n<p>Il mese scorso abbiamo lanciato il corso online del progetto #OFFSET sulla <strong>digitalizzazione<\/strong> e <strong>l&#8217;imprenditorialit\u00e0<\/strong> per la formazione professionale nel settore dell&#8217;artigianato!<\/p>\n<p>Il progetto <strong>OFFSET<\/strong> ha appena lanciato una piattaforma online che offre un corso composto da 7 moduli tematici, uno strumento di autovalutazione e una biblioteca interattiva.<\/p>\n<p>Partecipando al corso online, avrete l&#8217;opportunit\u00e0 di imparare tutto ci\u00f2 che c&#8217;\u00e8 da sapere sulla #digitalizzazione dell&#8217;industria #artigianale seguendo i moduli pi\u00f9 adatti alle vostre esigenze e ai vostri interessi.<\/p>\n<p>Sei un #imprenditore? Il materiale formativo si concentra su imprenditori potenziali o attuali, mettendoli in grado di far crescere le startup.<\/p>\n<p>Sei un formatore di #startup\/imprenditori? Il corso include linee guida e istruzioni utili per &#8220;formare i formatori&#8221; nel settore dell&#8217;artigianato.<\/p>\n<p style=\"text-align: center;\">\u00a0<\/p>\n<p><img fetchpriority=\"high\" decoding=\"async\" class=\"wp-image-36768 aligncenter\" src=\"https:\/\/www.italcamara-es.com\/wp-content\/uploads\/2024\/04\/Post-OFFSET-1024x1024.jpg\" alt=\"\" width=\"330\" height=\"330\" \/><\/p>\n<p>\u00a0<\/p>\n<p>La realizzazione della piattaforma e il corso online sono il risultato finale del progetto <strong>OFFSET<\/strong> (cofinanziato dal programma di finanziamento Erasmus +) che si conclude a fine aprile dopo aver raggiunto molti obiettivi con il nostro consorzio transnazionale a cui ringraziamo <a class=\"x1i10hfl xjbqb8w x1ejq31n xd10rxx x1sy0etr x17r0tee x972fbf xcfux6l x1qhh985 xm0m39n x9f619 x1ypdohk xt0psk2 xe8uvvx xdj266r x11i5rnm xat24cr x1mh8g0r xexx8yu x4uap5 x18d9i69 xkhd6sd x16tdsg8 x1hl2dhg xggy1nq x1a2a7pz xt0b8zv x1fey0fg xo1l8bm\" tabindex=\"0\" role=\"link\" href=\"https:\/\/www.facebook.com\/emphasyscentre?__cft__[0]=AZW9WICojua4nS9-x9t9BzVi9aXEGMkw-rbLLWE_s1ytOy5RYgW0gGBZZSDXBF0OD9K5-muZvGwO3RHOC2EvunXyFbF1ZgG3DqGr0JTuz-lZTV-4PQHXEPQ0yT0jKcA2pDitxUPmX4xyj3KpXamYjgrQzKloQtaQKIsuNt5btUnPMEZAVr0pHrhBPxeP0oMowqw&amp;__tn__=-]K-R\"><span class=\"xt0psk2\">Emphasys Centre,\u00a0<\/span><\/a> <a class=\"x1i10hfl xjbqb8w x1ejq31n xd10rxx x1sy0etr x17r0tee x972fbf xcfux6l x1qhh985 xm0m39n x9f619 x1ypdohk xt0psk2 xe8uvvx xdj266r x11i5rnm xat24cr x1mh8g0r xexx8yu x4uap5 x18d9i69 xkhd6sd x16tdsg8 x1hl2dhg xggy1nq x1a2a7pz xt0b8zv x1fey0fg xo1l8bm\" tabindex=\"0\" role=\"link\" href=\"https:\/\/www.facebook.com\/UNIVPM?__cft__[0]=AZW9WICojua4nS9-x9t9BzVi9aXEGMkw-rbLLWE_s1ytOy5RYgW0gGBZZSDXBF0OD9K5-muZvGwO3RHOC2EvunXyFbF1ZgG3DqGr0JTuz-lZTV-4PQHXEPQ0yT0jKcA2pDitxUPmX4xyj3KpXamYjgrQzKloQtaQKIsuNt5btUnPMEZAVr0pHrhBPxeP0oMowqw&amp;__tn__=-]K-R\"><span class=\"xt0psk2\">Universit\u00e0 Politecnica delle Marche, <\/span><\/a><a class=\"x1i10hfl xjbqb8w x1ejq31n xd10rxx x1sy0etr x17r0tee x972fbf xcfux6l x1qhh985 xm0m39n x9f619 x1ypdohk xt0psk2 xe8uvvx xdj266r x11i5rnm xat24cr x1mh8g0r xexx8yu x4uap5 x18d9i69 xkhd6sd x16tdsg8 x1hl2dhg xggy1nq x1a2a7pz xt0b8zv x1fey0fg xo1l8bm\" tabindex=\"0\" role=\"link\" href=\"https:\/\/www.facebook.com\/LidiSmartSolutions?__cft__[0]=AZW9WICojua4nS9-x9t9BzVi9aXEGMkw-rbLLWE_s1ytOy5RYgW0gGBZZSDXBF0OD9K5-muZvGwO3RHOC2EvunXyFbF1ZgG3DqGr0JTuz-lZTV-4PQHXEPQ0yT0jKcA2pDitxUPmX4xyj3KpXamYjgrQzKloQtaQKIsuNt5btUnPMEZAVr0pHrhBPxeP0oMowqw&amp;__tn__=-]K-R\"><span class=\"xt0psk2\">LIDI SMART Solutions, <\/span><\/a>DomSpain EU Trainings <a class=\"x1i10hfl xjbqb8w x1ejq31n xd10rxx x1sy0etr x17r0tee x972fbf xcfux6l x1qhh985 xm0m39n x9f619 x1ypdohk xt0psk2 xe8uvvx xdj266r x11i5rnm xat24cr x1mh8g0r xexx8yu x4uap5 x18d9i69 xkhd6sd x16tdsg8 x1hl2dhg xggy1nq x1a2a7pz xt0b8zv x1fey0fg xo1l8bm\" tabindex=\"0\" role=\"link\" href=\"https:\/\/www.facebook.com\/CBEGEIE?__cft__[0]=AZW9WICojua4nS9-x9t9BzVi9aXEGMkw-rbLLWE_s1ytOy5RYgW0gGBZZSDXBF0OD9K5-muZvGwO3RHOC2EvunXyFbF1ZgG3DqGr0JTuz-lZTV-4PQHXEPQ0yT0jKcA2pDitxUPmX4xyj3KpXamYjgrQzKloQtaQKIsuNt5btUnPMEZAVr0pHrhBPxeP0oMowqw&amp;__tn__=-]K-R\"><span class=\"xt0psk2\">Coop\u00e9ration Bancaire pour l&#8217;Europe <\/span><\/a>e <a class=\"x1i10hfl xjbqb8w x1ejq31n xd10rxx x1sy0etr x17r0tee x972fbf xcfux6l x1qhh985 xm0m39n x9f619 x1ypdohk xt0psk2 xe8uvvx xdj266r x11i5rnm xat24cr x1mh8g0r xexx8yu x4uap5 x18d9i69 xkhd6sd x16tdsg8 x1hl2dhg xggy1nq x1a2a7pz xt0b8zv x1fey0fg xo1l8bm\" tabindex=\"0\" role=\"link\" href=\"https:\/\/www.facebook.com\/thehiveaccelerator?__cft__[0]=AZW9WICojua4nS9-x9t9BzVi9aXEGMkw-rbLLWE_s1ytOy5RYgW0gGBZZSDXBF0OD9K5-muZvGwO3RHOC2EvunXyFbF1ZgG3DqGr0JTuz-lZTV-4PQHXEPQ0yT0jKcA2pDitxUPmX4xyj3KpXamYjgrQzKloQtaQKIsuNt5btUnPMEZAVr0pHrhBPxeP0oMowqw&amp;__tn__=-]K-R\"><span class=\"xt0psk2\">The Hive.<\/span><\/a><\/p>\n<p>Per accedere al corso e agli altri strumenti della piattaforma cliccare sul seguente link: <a href=\"https:\/\/offset-learning-platform.eu\/spanish-courses\/\">https:\/\/offset-learning-platform.eu\/spanish-courses\/<\/a><\/p>\n<p>Seguiteci! <a href=\"https:\/\/offset-learning-platform.eu\/\">https:\/\/offset-learning-platform.eu\/<\/a><\/p>\n","protected":false},"excerpt":{"rendered":"","protected":false},"author":1,"featured_media":56447,"comment_status":"open","ping_status":"open","sticky":false,"template":"","format":"standard","meta":{"inline_featured_image":false,"ocean_post_layout":"","ocean_both_sidebars_style":"","ocean_both_sidebars_content_width":0,"ocean_both_sidebars_sidebars_width":0,"ocean_sidebar":"","ocean_second_sidebar":"","ocean_disable_margins":"enable","ocean_add_body_class":"","ocean_shortcode_before_top_bar":"","ocean_shortcode_after_top_bar":"","ocean_shortcode_before_header":"","ocean_shortcode_after_header":"","ocean_has_shortcode":"","ocean_shortcode_after_title":"","ocean_shortcode_before_footer_widgets":"","ocean_shortcode_after_footer_widgets":"","ocean_shortcode_before_footer_bottom":"","ocean_shortcode_after_footer_bottom":"","ocean_display_top_bar":"default","ocean_display_header":"default","ocean_header_style":"","ocean_center_header_left_menu":"","ocean_custom_header_template":"","ocean_custom_logo":0,"ocean_custom_retina_logo":0,"ocean_custom_logo_max_width":0,"ocean_custom_logo_tablet_max_width":0,"ocean_custom_logo_mobile_max_width":0,"ocean_custom_logo_max_height":0,"ocean_custom_logo_tablet_max_height":0,"ocean_custom_logo_mobile_max_height":0,"ocean_header_custom_menu":"","ocean_menu_typo_font_family":"","ocean_menu_typo_font_subset":"","ocean_menu_typo_font_size":0,"ocean_menu_typo_font_size_tablet":0,"ocean_menu_typo_font_size_mobile":0,"ocean_menu_typo_font_size_unit":"px","ocean_menu_typo_font_weight":"","ocean_menu_typo_font_weight_tablet":"","ocean_menu_typo_font_weight_mobile":"","ocean_menu_typo_transform":"","ocean_menu_typo_transform_tablet":"","ocean_menu_typo_transform_mobile":"","ocean_menu_typo_line_height":0,"ocean_menu_typo_line_height_tablet":0,"ocean_menu_typo_line_height_mobile":0,"ocean_menu_typo_line_height_unit":"","ocean_menu_typo_spacing":0,"ocean_menu_typo_spacing_tablet":0,"ocean_menu_typo_spacing_mobile":0,"ocean_menu_typo_spacing_unit":"","ocean_menu_link_color":"","ocean_menu_link_color_hover":"","ocean_menu_link_color_active":"","ocean_menu_link_background":"","ocean_menu_link_hover_background":"","ocean_menu_link_active_background":"","ocean_menu_social_links_bg":"","ocean_menu_social_hover_links_bg":"","ocean_menu_social_links_color":"","ocean_menu_social_hover_links_color":"","ocean_disable_title":"default","ocean_disable_heading":"default","ocean_post_title":"","ocean_post_subheading":"","ocean_post_title_style":"","ocean_post_title_background_color":"","ocean_post_title_background":0,"ocean_post_title_bg_image_position":"","ocean_post_title_bg_image_attachment":"","ocean_post_title_bg_image_repeat":"","ocean_post_title_bg_image_size":"","ocean_post_title_height":0,"ocean_post_title_bg_overlay":0.5,"ocean_post_title_bg_overlay_color":"","ocean_disable_breadcrumbs":"default","ocean_breadcrumbs_color":"","ocean_breadcrumbs_separator_color":"","ocean_breadcrumbs_links_color":"","ocean_breadcrumbs_links_hover_color":"","ocean_display_footer_widgets":"default","ocean_display_footer_bottom":"default","ocean_custom_footer_template":"","ocean_post_oembed":"","ocean_post_self_hosted_media":"","ocean_post_video_embed":"","ocean_link_format":"","ocean_link_format_target":"self","ocean_quote_format":"","ocean_quote_format_link":"post","ocean_gallery_link_images":"on","ocean_gallery_id":[],"footnotes":""},"categories":[133],"tags":[139],"class_list":["post-56446","post","type-post","status-publish","format-standard","has-post-thumbnail","hentry","category-notizie","tag-notizie-di-la-ccis","entry","has-media"],"yoast_head":"<!-- This site is optimized with the Yoast SEO plugin v27.4 - https:\/\/yoast.com\/product\/yoast-seo-wordpress\/ -->\n<title>\u00c8 disponibile il corso online del progetto &quot;OFFSET&quot;! - Italcamara<\/title>\n<meta name=\"robots\" content=\"index, follow, max-snippet:-1, max-image-preview:large, max-video-preview:-1\" \/>\n<link rel=\"canonical\" href=\"https:\/\/italcamara-es.com\/noticias\/ya-esta-disponible-el-curso-del-proyecto-offset\/\" \/>\n<meta property=\"og:locale\" content=\"it_IT\" \/>\n<meta property=\"og:type\" content=\"article\" \/>\n<meta property=\"og:title\" content=\"\u00c8 disponibile il corso online del progetto &quot;OFFSET&quot;! - Italcamara\" \/>\n<meta property=\"og:url\" content=\"https:\/\/italcamara-es.com\/noticias\/ya-esta-disponible-el-curso-del-proyecto-offset\/\" \/>\n<meta property=\"og:site_name\" content=\"Italcamara\" \/>\n<meta property=\"article:published_time\" content=\"2024-04-19T07:12:37+00:00\" \/>\n<meta property=\"og:image\" content=\"https:\/\/italcamara-es.com\/wp-content\/uploads\/2025\/03\/imagen-destacada-2-1.jpg\" \/>\n\t<meta property=\"og:image:width\" content=\"770\" \/>\n\t<meta property=\"og:image:height\" content=\"385\" \/>\n\t<meta property=\"og:image:type\" content=\"image\/jpeg\" \/>\n<meta name=\"author\" content=\"administrador\" \/>\n<meta name=\"twitter:card\" content=\"summary_large_image\" \/>\n<meta name=\"twitter:label1\" content=\"Scritto da\" \/>\n\t<meta name=\"twitter:data1\" content=\"administrador\" \/>\n\t<meta name=\"twitter:label2\" content=\"Tempo di lettura stimato\" \/>\n\t<meta name=\"twitter:data2\" content=\"1 minuto\" \/>\n<script type=\"application\/ld+json\" class=\"yoast-schema-graph\">{\"@context\":\"https:\\\/\\\/schema.org\",\"@graph\":[{\"@type\":\"Article\",\"@id\":\"https:\\\/\\\/italcamara-es.com\\\/noticias\\\/ya-esta-disponible-el-curso-del-proyecto-offset\\\/#article\",\"isPartOf\":{\"@id\":\"https:\\\/\\\/italcamara-es.com\\\/noticias\\\/ya-esta-disponible-el-curso-del-proyecto-offset\\\/\"},\"author\":{\"name\":\"administrador\",\"@id\":\"https:\\\/\\\/italcamara-es.com\\\/#\\\/schema\\\/person\\\/bb3c56263e405bbd9a15171dcfee93bb\"},\"headline\":\"\u00c8 disponibile il corso online del progetto &#8220;OFFSET&#8221;!\",\"datePublished\":\"2024-04-19T07:12:37+00:00\",\"mainEntityOfPage\":{\"@id\":\"https:\\\/\\\/italcamara-es.com\\\/noticias\\\/ya-esta-disponible-el-curso-del-proyecto-offset\\\/\"},\"wordCount\":214,\"commentCount\":0,\"image\":{\"@id\":\"https:\\\/\\\/italcamara-es.com\\\/noticias\\\/ya-esta-disponible-el-curso-del-proyecto-offset\\\/#primaryimage\"},\"thumbnailUrl\":\"https:\\\/\\\/italcamara-es.com\\\/wp-content\\\/uploads\\\/2025\\\/03\\\/imagen-destacada-2-1.jpg\",\"keywords\":[\"Notizie di la CCIS\"],\"articleSection\":[\"Notizie\"],\"inLanguage\":\"it-IT\",\"potentialAction\":[{\"@type\":\"CommentAction\",\"name\":\"Comment\",\"target\":[\"https:\\\/\\\/italcamara-es.com\\\/noticias\\\/ya-esta-disponible-el-curso-del-proyecto-offset\\\/#respond\"]}]},{\"@type\":\"WebPage\",\"@id\":\"https:\\\/\\\/italcamara-es.com\\\/noticias\\\/ya-esta-disponible-el-curso-del-proyecto-offset\\\/\",\"url\":\"https:\\\/\\\/italcamara-es.com\\\/noticias\\\/ya-esta-disponible-el-curso-del-proyecto-offset\\\/\",\"name\":\"\u00c8 disponibile il corso online del progetto \\\"OFFSET\\\"! - Italcamara\",\"isPartOf\":{\"@id\":\"https:\\\/\\\/italcamara-es.com\\\/#website\"},\"primaryImageOfPage\":{\"@id\":\"https:\\\/\\\/italcamara-es.com\\\/noticias\\\/ya-esta-disponible-el-curso-del-proyecto-offset\\\/#primaryimage\"},\"image\":{\"@id\":\"https:\\\/\\\/italcamara-es.com\\\/noticias\\\/ya-esta-disponible-el-curso-del-proyecto-offset\\\/#primaryimage\"},\"thumbnailUrl\":\"https:\\\/\\\/italcamara-es.com\\\/wp-content\\\/uploads\\\/2025\\\/03\\\/imagen-destacada-2-1.jpg\",\"datePublished\":\"2024-04-19T07:12:37+00:00\",\"author\":{\"@id\":\"https:\\\/\\\/italcamara-es.com\\\/#\\\/schema\\\/person\\\/bb3c56263e405bbd9a15171dcfee93bb\"},\"breadcrumb\":{\"@id\":\"https:\\\/\\\/italcamara-es.com\\\/noticias\\\/ya-esta-disponible-el-curso-del-proyecto-offset\\\/#breadcrumb\"},\"inLanguage\":\"it-IT\",\"potentialAction\":[{\"@type\":\"ReadAction\",\"target\":[\"https:\\\/\\\/italcamara-es.com\\\/noticias\\\/ya-esta-disponible-el-curso-del-proyecto-offset\\\/\"]}]},{\"@type\":\"ImageObject\",\"inLanguage\":\"it-IT\",\"@id\":\"https:\\\/\\\/italcamara-es.com\\\/noticias\\\/ya-esta-disponible-el-curso-del-proyecto-offset\\\/#primaryimage\",\"url\":\"https:\\\/\\\/italcamara-es.com\\\/wp-content\\\/uploads\\\/2025\\\/03\\\/imagen-destacada-2-1.jpg\",\"contentUrl\":\"https:\\\/\\\/italcamara-es.com\\\/wp-content\\\/uploads\\\/2025\\\/03\\\/imagen-destacada-2-1.jpg\",\"width\":770,\"height\":385},{\"@type\":\"BreadcrumbList\",\"@id\":\"https:\\\/\\\/italcamara-es.com\\\/noticias\\\/ya-esta-disponible-el-curso-del-proyecto-offset\\\/#breadcrumb\",\"itemListElement\":[{\"@type\":\"ListItem\",\"position\":1,\"name\":\"Inicio\",\"item\":\"https:\\\/\\\/italcamara-es.com\\\/it\\\/homepage-ita\\\/\"},{\"@type\":\"ListItem\",\"position\":2,\"name\":\"\u00c8 disponibile il corso online del progetto \u00abOFFSET\u00bb!\"}]},{\"@type\":\"WebSite\",\"@id\":\"https:\\\/\\\/italcamara-es.com\\\/#website\",\"url\":\"https:\\\/\\\/italcamara-es.com\\\/\",\"name\":\"Italcamara\",\"description\":\"\",\"potentialAction\":[{\"@type\":\"SearchAction\",\"target\":{\"@type\":\"EntryPoint\",\"urlTemplate\":\"https:\\\/\\\/italcamara-es.com\\\/?s={search_term_string}\"},\"query-input\":{\"@type\":\"PropertyValueSpecification\",\"valueRequired\":true,\"valueName\":\"search_term_string\"}}],\"inLanguage\":\"it-IT\"},{\"@type\":\"Person\",\"@id\":\"https:\\\/\\\/italcamara-es.com\\\/#\\\/schema\\\/person\\\/bb3c56263e405bbd9a15171dcfee93bb\",\"name\":\"administrador\",\"image\":{\"@type\":\"ImageObject\",\"inLanguage\":\"it-IT\",\"@id\":\"https:\\\/\\\/secure.gravatar.com\\\/avatar\\\/14b5e63db38320b12031bb28cf9f77e210aa71fb3a8a3602a3c9a05134fa75eb?s=96&d=mm&r=g\",\"url\":\"https:\\\/\\\/secure.gravatar.com\\\/avatar\\\/14b5e63db38320b12031bb28cf9f77e210aa71fb3a8a3602a3c9a05134fa75eb?s=96&d=mm&r=g\",\"contentUrl\":\"https:\\\/\\\/secure.gravatar.com\\\/avatar\\\/14b5e63db38320b12031bb28cf9f77e210aa71fb3a8a3602a3c9a05134fa75eb?s=96&d=mm&r=g\",\"caption\":\"administrador\"},\"sameAs\":[\"http:\\\/\\\/pre.italcamara-es.com\"],\"url\":\"https:\\\/\\\/italcamara-es.com\\\/it\\\/author\\\/administrador\\\/\"}]}<\/script>\n<!-- \/ Yoast SEO plugin. -->","yoast_head_json":{"title":"\u00c8 disponibile il corso online del progetto \"OFFSET\"! - Italcamara","robots":{"index":"index","follow":"follow","max-snippet":"max-snippet:-1","max-image-preview":"max-image-preview:large","max-video-preview":"max-video-preview:-1"},"canonical":"https:\/\/italcamara-es.com\/noticias\/ya-esta-disponible-el-curso-del-proyecto-offset\/","og_locale":"it_IT","og_type":"article","og_title":"\u00c8 disponibile il corso online del progetto \"OFFSET\"! - Italcamara","og_url":"https:\/\/italcamara-es.com\/noticias\/ya-esta-disponible-el-curso-del-proyecto-offset\/","og_site_name":"Italcamara","article_published_time":"2024-04-19T07:12:37+00:00","og_image":[{"width":770,"height":385,"url":"https:\/\/italcamara-es.com\/wp-content\/uploads\/2025\/03\/imagen-destacada-2-1.jpg","type":"image\/jpeg"}],"author":"administrador","twitter_card":"summary_large_image","twitter_misc":{"Scritto da":"administrador","Tempo di lettura stimato":"1 minuto"},"schema":{"@context":"https:\/\/schema.org","@graph":[{"@type":"Article","@id":"https:\/\/italcamara-es.com\/noticias\/ya-esta-disponible-el-curso-del-proyecto-offset\/#article","isPartOf":{"@id":"https:\/\/italcamara-es.com\/noticias\/ya-esta-disponible-el-curso-del-proyecto-offset\/"},"author":{"name":"administrador","@id":"https:\/\/italcamara-es.com\/#\/schema\/person\/bb3c56263e405bbd9a15171dcfee93bb"},"headline":"\u00c8 disponibile il corso online del progetto &#8220;OFFSET&#8221;!","datePublished":"2024-04-19T07:12:37+00:00","mainEntityOfPage":{"@id":"https:\/\/italcamara-es.com\/noticias\/ya-esta-disponible-el-curso-del-proyecto-offset\/"},"wordCount":214,"commentCount":0,"image":{"@id":"https:\/\/italcamara-es.com\/noticias\/ya-esta-disponible-el-curso-del-proyecto-offset\/#primaryimage"},"thumbnailUrl":"https:\/\/italcamara-es.com\/wp-content\/uploads\/2025\/03\/imagen-destacada-2-1.jpg","keywords":["Notizie di la CCIS"],"articleSection":["Notizie"],"inLanguage":"it-IT","potentialAction":[{"@type":"CommentAction","name":"Comment","target":["https:\/\/italcamara-es.com\/noticias\/ya-esta-disponible-el-curso-del-proyecto-offset\/#respond"]}]},{"@type":"WebPage","@id":"https:\/\/italcamara-es.com\/noticias\/ya-esta-disponible-el-curso-del-proyecto-offset\/","url":"https:\/\/italcamara-es.com\/noticias\/ya-esta-disponible-el-curso-del-proyecto-offset\/","name":"\u00c8 disponibile il corso online del progetto \"OFFSET\"! - Italcamara","isPartOf":{"@id":"https:\/\/italcamara-es.com\/#website"},"primaryImageOfPage":{"@id":"https:\/\/italcamara-es.com\/noticias\/ya-esta-disponible-el-curso-del-proyecto-offset\/#primaryimage"},"image":{"@id":"https:\/\/italcamara-es.com\/noticias\/ya-esta-disponible-el-curso-del-proyecto-offset\/#primaryimage"},"thumbnailUrl":"https:\/\/italcamara-es.com\/wp-content\/uploads\/2025\/03\/imagen-destacada-2-1.jpg","datePublished":"2024-04-19T07:12:37+00:00","author":{"@id":"https:\/\/italcamara-es.com\/#\/schema\/person\/bb3c56263e405bbd9a15171dcfee93bb"},"breadcrumb":{"@id":"https:\/\/italcamara-es.com\/noticias\/ya-esta-disponible-el-curso-del-proyecto-offset\/#breadcrumb"},"inLanguage":"it-IT","potentialAction":[{"@type":"ReadAction","target":["https:\/\/italcamara-es.com\/noticias\/ya-esta-disponible-el-curso-del-proyecto-offset\/"]}]},{"@type":"ImageObject","inLanguage":"it-IT","@id":"https:\/\/italcamara-es.com\/noticias\/ya-esta-disponible-el-curso-del-proyecto-offset\/#primaryimage","url":"https:\/\/italcamara-es.com\/wp-content\/uploads\/2025\/03\/imagen-destacada-2-1.jpg","contentUrl":"https:\/\/italcamara-es.com\/wp-content\/uploads\/2025\/03\/imagen-destacada-2-1.jpg","width":770,"height":385},{"@type":"BreadcrumbList","@id":"https:\/\/italcamara-es.com\/noticias\/ya-esta-disponible-el-curso-del-proyecto-offset\/#breadcrumb","itemListElement":[{"@type":"ListItem","position":1,"name":"Inicio","item":"https:\/\/italcamara-es.com\/it\/homepage-ita\/"},{"@type":"ListItem","position":2,"name":"\u00c8 disponibile il corso online del progetto \u00abOFFSET\u00bb!"}]},{"@type":"WebSite","@id":"https:\/\/italcamara-es.com\/#website","url":"https:\/\/italcamara-es.com\/","name":"Italcamara","description":"","potentialAction":[{"@type":"SearchAction","target":{"@type":"EntryPoint","urlTemplate":"https:\/\/italcamara-es.com\/?s={search_term_string}"},"query-input":{"@type":"PropertyValueSpecification","valueRequired":true,"valueName":"search_term_string"}}],"inLanguage":"it-IT"},{"@type":"Person","@id":"https:\/\/italcamara-es.com\/#\/schema\/person\/bb3c56263e405bbd9a15171dcfee93bb","name":"administrador","image":{"@type":"ImageObject","inLanguage":"it-IT","@id":"https:\/\/secure.gravatar.com\/avatar\/14b5e63db38320b12031bb28cf9f77e210aa71fb3a8a3602a3c9a05134fa75eb?s=96&d=mm&r=g","url":"https:\/\/secure.gravatar.com\/avatar\/14b5e63db38320b12031bb28cf9f77e210aa71fb3a8a3602a3c9a05134fa75eb?s=96&d=mm&r=g","contentUrl":"https:\/\/secure.gravatar.com\/avatar\/14b5e63db38320b12031bb28cf9f77e210aa71fb3a8a3602a3c9a05134fa75eb?s=96&d=mm&r=g","caption":"administrador"},"sameAs":["http:\/\/pre.italcamara-es.com"],"url":"https:\/\/italcamara-es.com\/it\/author\/administrador\/"}]}},"rttpg_featured_image_url":{"full":["https:\/\/italcamara-es.com\/wp-content\/uploads\/2025\/03\/imagen-destacada-2-1.jpg",770,385,false],"landscape":["https:\/\/italcamara-es.com\/wp-content\/uploads\/2025\/03\/imagen-destacada-2-1.jpg",770,385,false],"portraits":["https:\/\/italcamara-es.com\/wp-content\/uploads\/2025\/03\/imagen-destacada-2-1.jpg",770,385,false],"thumbnail":["https:\/\/italcamara-es.com\/wp-content\/uploads\/2025\/03\/imagen-destacada-2-1-150x150.jpg",150,150,true],"medium":["https:\/\/italcamara-es.com\/wp-content\/uploads\/2025\/03\/imagen-destacada-2-1-300x150.jpg",300,150,true],"large":["https:\/\/italcamara-es.com\/wp-content\/uploads\/2025\/03\/imagen-destacada-2-1.jpg",770,385,false],"1536x1536":["https:\/\/italcamara-es.com\/wp-content\/uploads\/2025\/03\/imagen-destacada-2-1.jpg",770,385,false],"2048x2048":["https:\/\/italcamara-es.com\/wp-content\/uploads\/2025\/03\/imagen-destacada-2-1.jpg",770,385,false],"ocean-thumb-m":["https:\/\/italcamara-es.com\/wp-content\/uploads\/2025\/03\/imagen-destacada-2-1-600x385.jpg",600,385,true],"ocean-thumb-ml":["https:\/\/italcamara-es.com\/wp-content\/uploads\/2025\/03\/imagen-destacada-2-1.jpg",770,385,false],"ocean-thumb-l":["https:\/\/italcamara-es.com\/wp-content\/uploads\/2025\/03\/imagen-destacada-2-1.jpg",770,385,false],"directorist_preview":["https:\/\/italcamara-es.com\/wp-content\/uploads\/2025\/03\/imagen-destacada-2-1-640x360.jpg",640,360,true]},"rttpg_author":{"display_name":"administrador","author_link":"https:\/\/italcamara-es.com\/it\/author\/administrador\/"},"rttpg_comment":0,"rttpg_category":"<a href=\"https:\/\/italcamara-es.com\/it\/category\/notizie\/\" rel=\"category tag\">Notizie<\/a>","rttpg_excerpt":null,"_links":{"self":[{"href":"https:\/\/italcamara-es.com\/it\/wp-json\/wp\/v2\/posts\/56446","targetHints":{"allow":["GET"]}}],"collection":[{"href":"https:\/\/italcamara-es.com\/it\/wp-json\/wp\/v2\/posts"}],"about":[{"href":"https:\/\/italcamara-es.com\/it\/wp-json\/wp\/v2\/types\/post"}],"author":[{"embeddable":true,"href":"https:\/\/italcamara-es.com\/it\/wp-json\/wp\/v2\/users\/1"}],"replies":[{"embeddable":true,"href":"https:\/\/italcamara-es.com\/it\/wp-json\/wp\/v2\/comments?post=56446"}],"version-history":[{"count":0,"href":"https:\/\/italcamara-es.com\/it\/wp-json\/wp\/v2\/posts\/56446\/revisions"}],"wp:featuredmedia":[{"embeddable":true,"href":"https:\/\/italcamara-es.com\/it\/wp-json\/wp\/v2\/media\/56447"}],"wp:attachment":[{"href":"https:\/\/italcamara-es.com\/it\/wp-json\/wp\/v2\/media?parent=56446"}],"wp:term":[{"taxonomy":"category","embeddable":true,"href":"https:\/\/italcamara-es.com\/it\/wp-json\/wp\/v2\/categories?post=56446"},{"taxonomy":"post_tag","embeddable":true,"href":"https:\/\/italcamara-es.com\/it\/wp-json\/wp\/v2\/tags?post=56446"}],"curies":[{"name":"wp","href":"https:\/\/api.w.org\/{rel}","templated":true}]}}