	{"id":56455,"date":"2024-06-21T13:20:39","date_gmt":"2024-06-21T11:20:39","guid":{"rendered":"http:\/\/pre.italcamara-es.com\/senza-categoria\/presentata-la-prima-edizione-del-barometro-degli-investimenti-italiani-in-spagna\/"},"modified":"2024-06-21T13:20:39","modified_gmt":"2024-06-21T11:20:39","slug":"presentata-la-prima-edizione-del-barometro-degli-investimenti-italiani-in-spagna","status":"publish","type":"post","link":"https:\/\/italcamara-es.com\/it\/notizie\/presentata-la-prima-edizione-del-barometro-degli-investimenti-italiani-in-spagna\/","title":{"rendered":"Presentata la prima edizione del Barometro degli investimenti italiani in Spagna"},"content":{"rendered":"\n<p>Il 20 giugno, presso la sede dell&#8217;Ambasciata d&#8217;Italia a Madrid, si \u00e8 svolta la presentazione della prima edizione del <em><strong>Barometro sul clima e le prospettive degli investimenti italiani in Spagna<\/strong><\/em>, uno studio realizzato dalla Camera di Commercio e Industria Italiana in Spagna (CCIS) in collaborazione con <em>Analistas Financieros Internacionales<\/em> (Afi) e con il patrocinio dell&#8217;Ambasciata d&#8217;Italia a Madrid.<\/p>\n\n\n\n<p>All&#8217;evento, presentato dalla giornalista<strong> Laila Jim\u00e9nez<\/strong>, hanno partecipato l&#8217;Ambasciatore d&#8217;Italia in Spagna, <strong>Giuseppe Buccino Grimaldi<\/strong>, la Segretaria di Stato per il Commercio, <strong>Amparo L\u00f3pez Senovilla<\/strong>, il Presidente della CCIS, <strong>Marco Pizzi<\/strong>, il Vicario del Vice Direttore Generale per la Promozione Integrata e l&#8217;Innovazione del MAECI, <strong>Andrea Canepari<\/strong>, e numerosi esponenti della comunit\u00e0 imprenditoriale italo-spagnola nel Paese.<\/p>\n\n\n<div class=\"wp-block-image\">\n<figure class=\"aligncenter size-full is-resized\"><img decoding=\"async\" src=\"https:\/\/www.italcamara-es.com\/wp-content\/uploads\/2024\/06\/DSC_2935-1.jpg\" alt=\"\" class=\"wp-image-37236\" width=\"600\"\/><\/figure>\n<\/div>\n\n\n<p><\/p>\n\n\n<div class=\"wp-block-image\">\n<figure class=\"aligncenter size-full is-resized\"><img decoding=\"async\" src=\"https:\/\/www.italcamara-es.com\/wp-content\/uploads\/2024\/06\/DSC_3006-1.jpg\" alt=\"\" class=\"wp-image-37237\" height=\"500\"\/><figcaption>La Segretaria di Stato di Commercio, Amparo L\u00f3pez Senovilla<\/figcaption><\/figure>\n<\/div>\n\n\n<p>Nel corso del suo intervento, il Presidente della CCIS, Marco Pizzi, ha evidenziato il fatto che &#8220;le <em>aziende italiane che decidono di investire in Spagna, nel Paese iberico, non lo fanno mai con un obiettivo speculativo o per approfittare di una situazione di mercato particolare, ma, al contrario, diventano vere e proprie realt\u00e0 locali, spesso con manager spagnoli e, comunque, sempre con una visione di lungo periodo<\/em>&#8220;.&nbsp; Inoltre, ha voluto sottolineare uno dei dati pi\u00f9 significativi del Barometro: &#8220;<em>tra tutte le cifre che si possono trovare nel rapporto, quella che dovrebbe entusiasmarci di pi\u00f9 \u00e8 la certificazione che, dagli investimenti, vengono prodotte pi\u00f9 di 103.000 buste paga al mese in Spagna e questo, a mio avviso, \u00e8 uno dei maggiori successi della nostra collaborazione<\/em>&#8220;.<\/p>\n\n\n<div class=\"wp-block-image\">\n<figure class=\"aligncenter size-full is-resized\"><img decoding=\"async\" src=\"https:\/\/www.italcamara-es.com\/wp-content\/uploads\/2024\/06\/DSC_3022-1.jpg\" alt=\"\" class=\"wp-image-37238\" height=\"500\"\/><figcaption>Il presidente della CCIS, Marco Pizzi<\/figcaption><\/figure>\n<\/div>\n\n\n<p>I dati principali del Barometro sono stati presentati da <strong>Diego Vizcaino<\/strong>, partner-direttore di Economia Applicata di Afi, che ha evidenziato i dati principali delle diverse aree coperte dallo studio (contesto macroeconomico, stock e flussi di investimenti italiani in Spagna, settori di investimento, effetti degli investimenti sull&#8217;occupazione), per poi procedere alla presentazione dei risultati dell&#8217;indagine condotta presso un campione significativo di aziende italiane presenti nel Paese, che sono stati utilizzati per analizzare il clima imprenditoriale in Spagna e le prospettive e i fattori chiave dell&#8217;attivit\u00e0 economica per il 2024.<\/p>\n\n\n\n<p>\u00c8 seguita una tavola rotonda dal titolo &#8220;<em>Obiettivo Spagna. Opportunit\u00e0 e sfide per le aziende italiane<\/em>&#8220;, con la partecipazione di dirigenti di importanti aziende italiane che hanno effettuato investimenti significativi in Spagna negli ultimi anni. In particolare, erano presenti <strong>Simone Gorini<\/strong>, CEO e General Manager di Iryo, <strong>Mariangiola Mollicone<\/strong>, Managing Director di ENI Plenitude Renewables Spain, <strong>\u00c1lvaro Acebr\u00f3n<\/strong>, Direttore Generale di Italfarmaco Espa\u00f1a e Vice Presidente del Gruppo Italfarmaco e <strong>Javier Aguirre de Carcer<\/strong>, Chief Communication Officer di Generali Seguros Espa\u00f1a. La tavola rotonda \u00e8 stata l&#8217;occasione per discutere di temi attuali come la sostenibilit\u00e0 e l&#8217;occupazione, nonch\u00e9 dell&#8217;importanza strategica del mercato spagnolo per le grandi aziende rappresentate.<\/p>\n\n\n<div class=\"wp-block-image\">\n<figure class=\"aligncenter size-full\"><img decoding=\"async\" src=\"https:\/\/www.italcamara-es.com\/wp-content\/uploads\/2024\/06\/DSC_3203-1.jpg\" alt=\"\" class=\"wp-image-37239\"\/><\/figure>\n<\/div>\n\n\n<p><strong>BAROMETRO DEGLI INVESTIMENTI ITALIANI IN SPAGNA. DATI PRINCIPALI<\/strong><\/p>\n\n\n\n<p>In questa prima edizione del Barometro sul clima e le prospettive degli investimenti italiani in Spagna, oltre a un&#8217;analisi dettagliata dei dati sugli IDE, sono stati presentati i risultati delle indagini condotte attraverso un questionario online tra il 1\u00b0 febbraio e il 15 aprile 2024, a cui hanno partecipato un totale di 53 aziende, con una rappresentanza eterogenea in termini di dimensioni dell&#8217;organico, fatturato e settore di attivit\u00e0.<\/p>\n\n\n\n<p>Tra i dati pi\u00f9 significativi, vale la pena sottolineare che il 90% delle aziende italiane considera la presenza nel Paese iberico strategica per il proprio modello di business. Parte di questa importanza \u00e8 dovuta al fatto che il mercato spagnolo rappresenta per le aziende italiane una piattaforma per le loro attivit\u00e0 in Sud America (27,6% degli intervistati) o in Portogallo (25,9%).&nbsp;<\/p>\n\n\n\n<p>Interrogate su aspetti particolari dell&#8217;attivit\u00e0 imprenditoriale, il 75,5% delle imprese italiane stabilite in Spagna valuta positivamente il clima imprenditoriale del Paese. Su una scala da 1 a 5, il loro giudizio complessivo \u00e8 di 3,1, con la qualit\u00e0 della vita (3,7), lo sviluppo e il coinvolgimento di pratiche sostenibili (3,6) e il grado di digitalizzazione (3,3) come valutazioni pi\u00f9 elevate. Nessuna azienda intervistata \u00e8 in disaccordo con l&#8217;affermazione che la Spagna ha una buona qualit\u00e0 della vita.<\/p>\n\n\n\n<p>Sul fronte negativo, le imprese italiane in Spagna ritengono che la principale debolezza del Paese come destinazione di investimento sia la pressione fiscale (2,1 su una scala da 1 a 5). La mancanza di sostegno pubblico alle politiche di R&amp;S&amp;I (2,4) e l&#8217;inadeguatezza della normativa sul lavoro (2,7) sono le altre due principali debolezze dell&#8217;economia spagnola, secondo l&#8217;indagine.&nbsp;<\/p>\n\n\n\n<p><strong>Previsioni aziendali.<\/strong> Per quanto riguarda le loro prospettive, due aziende su tre intervistate (66%) prevedono un aumento del loro fatturato in Spagna nel 2024. Inoltre, il 49,1% prevede un aumento degli investimenti e il 43,4% un aumento dell&#8217;occupazione. Alla domanda su un&#8217;ipotetica necessit\u00e0 di ridurre gli investimenti in Spagna, solo il 4,5% delle aziende intervistate prenderebbe in considerazione la possibilit\u00e0 di abbandonare completamente questo mercato. In una situazione del genere, il 40,9% delle aziende italiane ricorrerebbe al ridimensionamento.<\/p>\n\n\n\n<p>Tra le aziende italiane che prevedono di effettuare nuovi investimenti in Spagna nel 2024, il 26,4% svilupper\u00e0 attivit\u00e0 di innovazione, il 22,6% investir\u00e0 per aumentare la produttivit\u00e0 e la stessa percentuale destiner\u00e0 fondi per espandere geograficamente la propria attivit\u00e0 in Spagna. Tra le aziende italiane che intendono effettuare nuovi investimenti in Spagna quest&#8217;anno, il 26% prevede di allocare maggiori risorse nella regione di Madrid, rispetto al 12,3% in Catalogna e al 9,6% in Andalusia. Da quando i dati sono stati registrati sistematicamente nel 1993, gli investimenti diretti esteri (IDE) italiani si sono concentrati su Madrid, con il 47% del totale, seguita dalla Catalogna (30%) e dalla Comunit\u00e0 Valenciana (8%).<\/p>\n\n\n\n<p><strong>Contesto macroeconomico. <\/strong>In termini di flussi cumulati nel periodo 2000-2023, l&#8217;Italia \u00e8 la sesta economia in termini di investimenti diretti in Spagna. In questi anni si sono verificati importanti investimenti italiani in Spagna &#8211; il pi\u00f9 rilevante \u00e8 l&#8217;acquisto di Endesa da parte di Enel, un&#8217;operazione del valore di 18.640 milioni di euro &#8211; ma al di l\u00e0 di situazioni specifiche, due settori si distinguono per il mantenimento di un flusso stabile di investimenti: il commercio all&#8217;ingrosso e il settore immobiliare, come sottolinea il rapporto. Gli IDE italiani in Spagna hanno generato un totale di 102.810 posti di lavoro nel 2021, di cui 62.180 diretti e 40.630 indiretti, e dal 1993 la Spagna ha accumulato 35,75 miliardi di euro di IDE dall&#8217;Italia.<\/p>\n\n\n\n<p>Per la Spagna, secondo i dati ICEX, l&#8217;Italia \u00e8 il terzo mercato di esportazione a livello globale, dopo Francia e Germania. Il volume della bilancia commerciale tra i due Paesi \u00e8 aumentato notevolmente negli ultimi anni. Nel 2023, secondo i dati di fonte spagnola, la Spagna esporter\u00e0 34.096 milioni di euro verso l&#8217;Italia e importer\u00e0 32.118 milioni di euro dall&#8217;Italia, cifre che in entrambi i casi sono quasi doppie rispetto al 2014.<\/p>\n\n\n\n<p>Il Barometro evidenzia anche le condizioni macroeconomiche in cui operano le due economie, che sono riuscite a chiudere il 2023 con aumenti dei rispettivi PIL superiori alla media UE (0,5%). La Spagna, in particolare, ha guidato la crescita delle grandi economie dell&#8217;eurozona, con una crescita annua del 2,5%, mentre l&#8217;Italia ha registrato una crescita dello 0,7%. E secondo le previsioni dell&#8217;Afi, entrambi i Paesi chiuderanno il 2024 con una crescita superiore alla media Ue: 0,5% contro lo 0,6% dell&#8217;Italia e il 2,3% della Spagna. Il tutto in un contesto di lotta all&#8217;inflazione e di tensioni geopolitiche. Nonostante queste difficolt\u00e0, pi\u00f9 della met\u00e0 delle imprese italiane stabilite in Spagna (56,6%) non ha percepito cambiamenti significativi nel clima degli affari negli ultimi dodici mesi.<\/p>\n\n\n\n<hr class=\"wp-block-separator has-alpha-channel-opacity\"\/>\n\n\n\n<p><\/p>\n\n\n\n<p><strong>Ulteriori informazioni: <\/strong>Dall&#8217;8 Luglio sar\u00e0 possibile scaricare gratuitamente la prima edizione del Barometro sul clima degli investimenti in Italia e sulle prospettive in Spagna, accedendo al sito web della CCIS: www.italcamara-es.com. <\/p>\n\n\n\n<p><\/p>\n\n\n\n<p><em>La CCIS ringrazia le aziende che hanno sponsorizzato lo studio e l&#8217;evento di presentazione:<\/em><\/p>\n\n\n<div class=\"wp-block-image\">\n<figure class=\"aligncenter size-large\"><img decoding=\"async\" src=\"https:\/\/www.italcamara-es.com\/wp-content\/uploads\/2024\/06\/logos-barometro-1024x213.png\" alt=\"\" class=\"wp-image-37235\"\/><\/figure>\n<\/div>\n\n\n<p> <\/p>\n","protected":false},"excerpt":{"rendered":"<p>Il 20 giugno, presso la sede dell&#8217;Ambasciata d&#8217;Italia a Madrid, si \u00e8 svolta la presentazione della prima edizione del Barometro sul clima e le prospettive degli investimenti italiani in Spagna, uno studio realizzato dalla Camera di Commercio e Industria Italiana in Spagna (CCIS) in collaborazione con Analistas Financieros Internacionales (Afi) e con il patrocinio dell&#8217;Ambasciata [&hellip;]<\/p>\n","protected":false},"author":1,"featured_media":55244,"comment_status":"open","ping_status":"open","sticky":false,"template":"","format":"standard","meta":{"inline_featured_image":false,"ocean_post_layout":"","ocean_both_sidebars_style":"","ocean_both_sidebars_content_width":0,"ocean_both_sidebars_sidebars_width":0,"ocean_sidebar":"","ocean_second_sidebar":"","ocean_disable_margins":"enable","ocean_add_body_class":"","ocean_shortcode_before_top_bar":"","ocean_shortcode_after_top_bar":"","ocean_shortcode_before_header":"","ocean_shortcode_after_header":"","ocean_has_shortcode":"","ocean_shortcode_after_title":"","ocean_shortcode_before_footer_widgets":"","ocean_shortcode_after_footer_widgets":"","ocean_shortcode_before_footer_bottom":"","ocean_shortcode_after_footer_bottom":"","ocean_display_top_bar":"default","ocean_display_header":"default","ocean_header_style":"","ocean_center_header_left_menu":"","ocean_custom_header_template":"","ocean_custom_logo":0,"ocean_custom_retina_logo":0,"ocean_custom_logo_max_width":0,"ocean_custom_logo_tablet_max_width":0,"ocean_custom_logo_mobile_max_width":0,"ocean_custom_logo_max_height":0,"ocean_custom_logo_tablet_max_height":0,"ocean_custom_logo_mobile_max_height":0,"ocean_header_custom_menu":"","ocean_menu_typo_font_family":"","ocean_menu_typo_font_subset":"","ocean_menu_typo_font_size":0,"ocean_menu_typo_font_size_tablet":0,"ocean_menu_typo_font_size_mobile":0,"ocean_menu_typo_font_size_unit":"px","ocean_menu_typo_font_weight":"","ocean_menu_typo_font_weight_tablet":"","ocean_menu_typo_font_weight_mobile":"","ocean_menu_typo_transform":"","ocean_menu_typo_transform_tablet":"","ocean_menu_typo_transform_mobile":"","ocean_menu_typo_line_height":0,"ocean_menu_typo_line_height_tablet":0,"ocean_menu_typo_line_height_mobile":0,"ocean_menu_typo_line_height_unit":"","ocean_menu_typo_spacing":0,"ocean_menu_typo_spacing_tablet":0,"ocean_menu_typo_spacing_mobile":0,"ocean_menu_typo_spacing_unit":"","ocean_menu_link_color":"","ocean_menu_link_color_hover":"","ocean_menu_link_color_active":"","ocean_menu_link_background":"","ocean_menu_link_hover_background":"","ocean_menu_link_active_background":"","ocean_menu_social_links_bg":"","ocean_menu_social_hover_links_bg":"","ocean_menu_social_links_color":"","ocean_menu_social_hover_links_color":"","ocean_disable_title":"default","ocean_disable_heading":"default","ocean_post_title":"","ocean_post_subheading":"","ocean_post_title_style":"","ocean_post_title_background_color":"","ocean_post_title_background":0,"ocean_post_title_bg_image_position":"","ocean_post_title_bg_image_attachment":"","ocean_post_title_bg_image_repeat":"","ocean_post_title_bg_image_size":"","ocean_post_title_height":0,"ocean_post_title_bg_overlay":0.5,"ocean_post_title_bg_overlay_color":"","ocean_disable_breadcrumbs":"default","ocean_breadcrumbs_color":"","ocean_breadcrumbs_separator_color":"","ocean_breadcrumbs_links_color":"","ocean_breadcrumbs_links_hover_color":"","ocean_display_footer_widgets":"default","ocean_display_footer_bottom":"default","ocean_custom_footer_template":"","ocean_post_oembed":"","ocean_post_self_hosted_media":"","ocean_post_video_embed":"","ocean_link_format":"","ocean_link_format_target":"self","ocean_quote_format":"","ocean_quote_format_link":"post","ocean_gallery_link_images":"on","ocean_gallery_id":[],"footnotes":""},"categories":[133],"tags":[139],"class_list":["post-56455","post","type-post","status-publish","format-standard","has-post-thumbnail","hentry","category-notizie","tag-notizie-di-la-ccis","entry","has-media"],"yoast_head":"<!-- This site is optimized with the Yoast SEO plugin v27.4 - https:\/\/yoast.com\/product\/yoast-seo-wordpress\/ -->\n<title>Presentata la prima edizione del Barometro degli investimenti italiani in Spagna - Italcamara<\/title>\n<meta name=\"robots\" content=\"index, follow, max-snippet:-1, max-image-preview:large, max-video-preview:-1\" \/>\n<link rel=\"canonical\" href=\"https:\/\/italcamara-es.com\/noticias\/presentada-la-i-edicion-del-barometro-de-la-inversion-italiana-en-espana\/\" \/>\n<meta property=\"og:locale\" content=\"it_IT\" \/>\n<meta property=\"og:type\" content=\"article\" \/>\n<meta property=\"og:title\" content=\"Presentata la prima edizione del Barometro degli investimenti italiani in Spagna - Italcamara\" \/>\n<meta property=\"og:description\" content=\"Il 20 giugno, presso la sede dell&#8217;Ambasciata d&#8217;Italia a Madrid, si \u00e8 svolta la presentazione della prima edizione del Barometro sul clima e le prospettive degli investimenti italiani in Spagna, uno studio realizzato dalla Camera di Commercio e Industria Italiana in Spagna (CCIS) in collaborazione con Analistas Financieros Internacionales (Afi) e con il patrocinio dell&#8217;Ambasciata [&hellip;]\" \/>\n<meta property=\"og:url\" content=\"https:\/\/italcamara-es.com\/noticias\/presentada-la-i-edicion-del-barometro-de-la-inversion-italiana-en-espana\/\" \/>\n<meta property=\"og:site_name\" content=\"Italcamara\" \/>\n<meta property=\"article:published_time\" content=\"2024-06-21T11:20:39+00:00\" \/>\n<meta property=\"og:image\" content=\"https:\/\/italcamara-es.com\/wp-content\/uploads\/2025\/03\/barometro-500.jpg\" \/>\n\t<meta property=\"og:image:width\" content=\"500\" \/>\n\t<meta property=\"og:image:height\" content=\"280\" \/>\n\t<meta property=\"og:image:type\" content=\"image\/jpeg\" \/>\n<meta name=\"author\" content=\"administrador\" \/>\n<meta name=\"twitter:card\" content=\"summary_large_image\" \/>\n<meta name=\"twitter:label1\" content=\"Scritto da\" \/>\n\t<meta name=\"twitter:data1\" content=\"administrador\" \/>\n\t<meta name=\"twitter:label2\" content=\"Tempo di lettura stimato\" \/>\n\t<meta name=\"twitter:data2\" content=\"6 minuti\" \/>\n<script type=\"application\/ld+json\" class=\"yoast-schema-graph\">{\"@context\":\"https:\\\/\\\/schema.org\",\"@graph\":[{\"@type\":\"Article\",\"@id\":\"https:\\\/\\\/italcamara-es.com\\\/noticias\\\/presentada-la-i-edicion-del-barometro-de-la-inversion-italiana-en-espana\\\/#article\",\"isPartOf\":{\"@id\":\"https:\\\/\\\/italcamara-es.com\\\/noticias\\\/presentada-la-i-edicion-del-barometro-de-la-inversion-italiana-en-espana\\\/\"},\"author\":{\"name\":\"administrador\",\"@id\":\"https:\\\/\\\/italcamara-es.com\\\/#\\\/schema\\\/person\\\/bb3c56263e405bbd9a15171dcfee93bb\"},\"headline\":\"Presentata la prima edizione del Barometro degli investimenti italiani in Spagna\",\"datePublished\":\"2024-06-21T11:20:39+00:00\",\"mainEntityOfPage\":{\"@id\":\"https:\\\/\\\/italcamara-es.com\\\/noticias\\\/presentada-la-i-edicion-del-barometro-de-la-inversion-italiana-en-espana\\\/\"},\"wordCount\":1263,\"commentCount\":0,\"image\":{\"@id\":\"https:\\\/\\\/italcamara-es.com\\\/noticias\\\/presentada-la-i-edicion-del-barometro-de-la-inversion-italiana-en-espana\\\/#primaryimage\"},\"thumbnailUrl\":\"https:\\\/\\\/italcamara-es.com\\\/wp-content\\\/uploads\\\/2025\\\/03\\\/barometro-500.jpg\",\"keywords\":[\"Notizie di la CCIS\"],\"articleSection\":[\"Notizie\"],\"inLanguage\":\"it-IT\",\"potentialAction\":[{\"@type\":\"CommentAction\",\"name\":\"Comment\",\"target\":[\"https:\\\/\\\/italcamara-es.com\\\/noticias\\\/presentada-la-i-edicion-del-barometro-de-la-inversion-italiana-en-espana\\\/#respond\"]}]},{\"@type\":\"WebPage\",\"@id\":\"https:\\\/\\\/italcamara-es.com\\\/noticias\\\/presentada-la-i-edicion-del-barometro-de-la-inversion-italiana-en-espana\\\/\",\"url\":\"https:\\\/\\\/italcamara-es.com\\\/noticias\\\/presentada-la-i-edicion-del-barometro-de-la-inversion-italiana-en-espana\\\/\",\"name\":\"Presentata la prima edizione del Barometro degli investimenti italiani in Spagna - Italcamara\",\"isPartOf\":{\"@id\":\"https:\\\/\\\/italcamara-es.com\\\/#website\"},\"primaryImageOfPage\":{\"@id\":\"https:\\\/\\\/italcamara-es.com\\\/noticias\\\/presentada-la-i-edicion-del-barometro-de-la-inversion-italiana-en-espana\\\/#primaryimage\"},\"image\":{\"@id\":\"https:\\\/\\\/italcamara-es.com\\\/noticias\\\/presentada-la-i-edicion-del-barometro-de-la-inversion-italiana-en-espana\\\/#primaryimage\"},\"thumbnailUrl\":\"https:\\\/\\\/italcamara-es.com\\\/wp-content\\\/uploads\\\/2025\\\/03\\\/barometro-500.jpg\",\"datePublished\":\"2024-06-21T11:20:39+00:00\",\"author\":{\"@id\":\"https:\\\/\\\/italcamara-es.com\\\/#\\\/schema\\\/person\\\/bb3c56263e405bbd9a15171dcfee93bb\"},\"breadcrumb\":{\"@id\":\"https:\\\/\\\/italcamara-es.com\\\/noticias\\\/presentada-la-i-edicion-del-barometro-de-la-inversion-italiana-en-espana\\\/#breadcrumb\"},\"inLanguage\":\"it-IT\",\"potentialAction\":[{\"@type\":\"ReadAction\",\"target\":[\"https:\\\/\\\/italcamara-es.com\\\/noticias\\\/presentada-la-i-edicion-del-barometro-de-la-inversion-italiana-en-espana\\\/\"]}]},{\"@type\":\"ImageObject\",\"inLanguage\":\"it-IT\",\"@id\":\"https:\\\/\\\/italcamara-es.com\\\/noticias\\\/presentada-la-i-edicion-del-barometro-de-la-inversion-italiana-en-espana\\\/#primaryimage\",\"url\":\"https:\\\/\\\/italcamara-es.com\\\/wp-content\\\/uploads\\\/2025\\\/03\\\/barometro-500.jpg\",\"contentUrl\":\"https:\\\/\\\/italcamara-es.com\\\/wp-content\\\/uploads\\\/2025\\\/03\\\/barometro-500.jpg\",\"width\":500,\"height\":280},{\"@type\":\"BreadcrumbList\",\"@id\":\"https:\\\/\\\/italcamara-es.com\\\/noticias\\\/presentada-la-i-edicion-del-barometro-de-la-inversion-italiana-en-espana\\\/#breadcrumb\",\"itemListElement\":[{\"@type\":\"ListItem\",\"position\":1,\"name\":\"Inicio\",\"item\":\"https:\\\/\\\/italcamara-es.com\\\/it\\\/homepage-ita\\\/\"},{\"@type\":\"ListItem\",\"position\":2,\"name\":\"Presentata la prima edizione del Barometro degli investimenti italiani in Spagna\"}]},{\"@type\":\"WebSite\",\"@id\":\"https:\\\/\\\/italcamara-es.com\\\/#website\",\"url\":\"https:\\\/\\\/italcamara-es.com\\\/\",\"name\":\"Italcamara\",\"description\":\"\",\"potentialAction\":[{\"@type\":\"SearchAction\",\"target\":{\"@type\":\"EntryPoint\",\"urlTemplate\":\"https:\\\/\\\/italcamara-es.com\\\/?s={search_term_string}\"},\"query-input\":{\"@type\":\"PropertyValueSpecification\",\"valueRequired\":true,\"valueName\":\"search_term_string\"}}],\"inLanguage\":\"it-IT\"},{\"@type\":\"Person\",\"@id\":\"https:\\\/\\\/italcamara-es.com\\\/#\\\/schema\\\/person\\\/bb3c56263e405bbd9a15171dcfee93bb\",\"name\":\"administrador\",\"image\":{\"@type\":\"ImageObject\",\"inLanguage\":\"it-IT\",\"@id\":\"https:\\\/\\\/secure.gravatar.com\\\/avatar\\\/14b5e63db38320b12031bb28cf9f77e210aa71fb3a8a3602a3c9a05134fa75eb?s=96&d=mm&r=g\",\"url\":\"https:\\\/\\\/secure.gravatar.com\\\/avatar\\\/14b5e63db38320b12031bb28cf9f77e210aa71fb3a8a3602a3c9a05134fa75eb?s=96&d=mm&r=g\",\"contentUrl\":\"https:\\\/\\\/secure.gravatar.com\\\/avatar\\\/14b5e63db38320b12031bb28cf9f77e210aa71fb3a8a3602a3c9a05134fa75eb?s=96&d=mm&r=g\",\"caption\":\"administrador\"},\"sameAs\":[\"http:\\\/\\\/pre.italcamara-es.com\"],\"url\":\"https:\\\/\\\/italcamara-es.com\\\/it\\\/author\\\/administrador\\\/\"}]}<\/script>\n<!-- \/ Yoast SEO plugin. -->","yoast_head_json":{"title":"Presentata la prima edizione del Barometro degli investimenti italiani in Spagna - Italcamara","robots":{"index":"index","follow":"follow","max-snippet":"max-snippet:-1","max-image-preview":"max-image-preview:large","max-video-preview":"max-video-preview:-1"},"canonical":"https:\/\/italcamara-es.com\/noticias\/presentada-la-i-edicion-del-barometro-de-la-inversion-italiana-en-espana\/","og_locale":"it_IT","og_type":"article","og_title":"Presentata la prima edizione del Barometro degli investimenti italiani in Spagna - Italcamara","og_description":"Il 20 giugno, presso la sede dell&#8217;Ambasciata d&#8217;Italia a Madrid, si \u00e8 svolta la presentazione della prima edizione del Barometro sul clima e le prospettive degli investimenti italiani in Spagna, uno studio realizzato dalla Camera di Commercio e Industria Italiana in Spagna (CCIS) in collaborazione con Analistas Financieros Internacionales (Afi) e con il patrocinio dell&#8217;Ambasciata [&hellip;]","og_url":"https:\/\/italcamara-es.com\/noticias\/presentada-la-i-edicion-del-barometro-de-la-inversion-italiana-en-espana\/","og_site_name":"Italcamara","article_published_time":"2024-06-21T11:20:39+00:00","og_image":[{"width":500,"height":280,"url":"https:\/\/italcamara-es.com\/wp-content\/uploads\/2025\/03\/barometro-500.jpg","type":"image\/jpeg"}],"author":"administrador","twitter_card":"summary_large_image","twitter_misc":{"Scritto da":"administrador","Tempo di lettura stimato":"6 minuti"},"schema":{"@context":"https:\/\/schema.org","@graph":[{"@type":"Article","@id":"https:\/\/italcamara-es.com\/noticias\/presentada-la-i-edicion-del-barometro-de-la-inversion-italiana-en-espana\/#article","isPartOf":{"@id":"https:\/\/italcamara-es.com\/noticias\/presentada-la-i-edicion-del-barometro-de-la-inversion-italiana-en-espana\/"},"author":{"name":"administrador","@id":"https:\/\/italcamara-es.com\/#\/schema\/person\/bb3c56263e405bbd9a15171dcfee93bb"},"headline":"Presentata la prima edizione del Barometro degli investimenti italiani in Spagna","datePublished":"2024-06-21T11:20:39+00:00","mainEntityOfPage":{"@id":"https:\/\/italcamara-es.com\/noticias\/presentada-la-i-edicion-del-barometro-de-la-inversion-italiana-en-espana\/"},"wordCount":1263,"commentCount":0,"image":{"@id":"https:\/\/italcamara-es.com\/noticias\/presentada-la-i-edicion-del-barometro-de-la-inversion-italiana-en-espana\/#primaryimage"},"thumbnailUrl":"https:\/\/italcamara-es.com\/wp-content\/uploads\/2025\/03\/barometro-500.jpg","keywords":["Notizie di la CCIS"],"articleSection":["Notizie"],"inLanguage":"it-IT","potentialAction":[{"@type":"CommentAction","name":"Comment","target":["https:\/\/italcamara-es.com\/noticias\/presentada-la-i-edicion-del-barometro-de-la-inversion-italiana-en-espana\/#respond"]}]},{"@type":"WebPage","@id":"https:\/\/italcamara-es.com\/noticias\/presentada-la-i-edicion-del-barometro-de-la-inversion-italiana-en-espana\/","url":"https:\/\/italcamara-es.com\/noticias\/presentada-la-i-edicion-del-barometro-de-la-inversion-italiana-en-espana\/","name":"Presentata la prima edizione del Barometro degli investimenti italiani in Spagna - Italcamara","isPartOf":{"@id":"https:\/\/italcamara-es.com\/#website"},"primaryImageOfPage":{"@id":"https:\/\/italcamara-es.com\/noticias\/presentada-la-i-edicion-del-barometro-de-la-inversion-italiana-en-espana\/#primaryimage"},"image":{"@id":"https:\/\/italcamara-es.com\/noticias\/presentada-la-i-edicion-del-barometro-de-la-inversion-italiana-en-espana\/#primaryimage"},"thumbnailUrl":"https:\/\/italcamara-es.com\/wp-content\/uploads\/2025\/03\/barometro-500.jpg","datePublished":"2024-06-21T11:20:39+00:00","author":{"@id":"https:\/\/italcamara-es.com\/#\/schema\/person\/bb3c56263e405bbd9a15171dcfee93bb"},"breadcrumb":{"@id":"https:\/\/italcamara-es.com\/noticias\/presentada-la-i-edicion-del-barometro-de-la-inversion-italiana-en-espana\/#breadcrumb"},"inLanguage":"it-IT","potentialAction":[{"@type":"ReadAction","target":["https:\/\/italcamara-es.com\/noticias\/presentada-la-i-edicion-del-barometro-de-la-inversion-italiana-en-espana\/"]}]},{"@type":"ImageObject","inLanguage":"it-IT","@id":"https:\/\/italcamara-es.com\/noticias\/presentada-la-i-edicion-del-barometro-de-la-inversion-italiana-en-espana\/#primaryimage","url":"https:\/\/italcamara-es.com\/wp-content\/uploads\/2025\/03\/barometro-500.jpg","contentUrl":"https:\/\/italcamara-es.com\/wp-content\/uploads\/2025\/03\/barometro-500.jpg","width":500,"height":280},{"@type":"BreadcrumbList","@id":"https:\/\/italcamara-es.com\/noticias\/presentada-la-i-edicion-del-barometro-de-la-inversion-italiana-en-espana\/#breadcrumb","itemListElement":[{"@type":"ListItem","position":1,"name":"Inicio","item":"https:\/\/italcamara-es.com\/it\/homepage-ita\/"},{"@type":"ListItem","position":2,"name":"Presentata la prima edizione del Barometro degli investimenti italiani in Spagna"}]},{"@type":"WebSite","@id":"https:\/\/italcamara-es.com\/#website","url":"https:\/\/italcamara-es.com\/","name":"Italcamara","description":"","potentialAction":[{"@type":"SearchAction","target":{"@type":"EntryPoint","urlTemplate":"https:\/\/italcamara-es.com\/?s={search_term_string}"},"query-input":{"@type":"PropertyValueSpecification","valueRequired":true,"valueName":"search_term_string"}}],"inLanguage":"it-IT"},{"@type":"Person","@id":"https:\/\/italcamara-es.com\/#\/schema\/person\/bb3c56263e405bbd9a15171dcfee93bb","name":"administrador","image":{"@type":"ImageObject","inLanguage":"it-IT","@id":"https:\/\/secure.gravatar.com\/avatar\/14b5e63db38320b12031bb28cf9f77e210aa71fb3a8a3602a3c9a05134fa75eb?s=96&d=mm&r=g","url":"https:\/\/secure.gravatar.com\/avatar\/14b5e63db38320b12031bb28cf9f77e210aa71fb3a8a3602a3c9a05134fa75eb?s=96&d=mm&r=g","contentUrl":"https:\/\/secure.gravatar.com\/avatar\/14b5e63db38320b12031bb28cf9f77e210aa71fb3a8a3602a3c9a05134fa75eb?s=96&d=mm&r=g","caption":"administrador"},"sameAs":["http:\/\/pre.italcamara-es.com"],"url":"https:\/\/italcamara-es.com\/it\/author\/administrador\/"}]}},"rttpg_featured_image_url":{"full":["https:\/\/italcamara-es.com\/wp-content\/uploads\/2025\/03\/barometro-500.jpg",500,280,false],"landscape":["https:\/\/italcamara-es.com\/wp-content\/uploads\/2025\/03\/barometro-500.jpg",500,280,false],"portraits":["https:\/\/italcamara-es.com\/wp-content\/uploads\/2025\/03\/barometro-500.jpg",500,280,false],"thumbnail":["https:\/\/italcamara-es.com\/wp-content\/uploads\/2025\/03\/barometro-500-150x150.jpg",150,150,true],"medium":["https:\/\/italcamara-es.com\/wp-content\/uploads\/2025\/03\/barometro-500-300x168.jpg",300,168,true],"large":["https:\/\/italcamara-es.com\/wp-content\/uploads\/2025\/03\/barometro-500.jpg",500,280,false],"1536x1536":["https:\/\/italcamara-es.com\/wp-content\/uploads\/2025\/03\/barometro-500.jpg",500,280,false],"2048x2048":["https:\/\/italcamara-es.com\/wp-content\/uploads\/2025\/03\/barometro-500.jpg",500,280,false],"ocean-thumb-m":["https:\/\/italcamara-es.com\/wp-content\/uploads\/2025\/03\/barometro-500.jpg",500,280,false],"ocean-thumb-ml":["https:\/\/italcamara-es.com\/wp-content\/uploads\/2025\/03\/barometro-500.jpg",500,280,false],"ocean-thumb-l":["https:\/\/italcamara-es.com\/wp-content\/uploads\/2025\/03\/barometro-500.jpg",500,280,false],"directorist_preview":["https:\/\/italcamara-es.com\/wp-content\/uploads\/2025\/03\/barometro-500.jpg",500,280,false]},"rttpg_author":{"display_name":"administrador","author_link":"https:\/\/italcamara-es.com\/it\/author\/administrador\/"},"rttpg_comment":0,"rttpg_category":"<a href=\"https:\/\/italcamara-es.com\/it\/category\/notizie\/\" rel=\"category tag\">Notizie<\/a>","rttpg_excerpt":"Il 20 giugno, presso la sede dell&#8217;Ambasciata d&#8217;Italia a Madrid, si \u00e8 svolta la presentazione della prima edizione del Barometro sul clima e le prospettive degli investimenti italiani in Spagna, uno studio realizzato dalla Camera di Commercio e Industria Italiana in Spagna (CCIS) in collaborazione con Analistas Financieros Internacionales (Afi) e con il patrocinio dell&#8217;Ambasciata&hellip;","_links":{"self":[{"href":"https:\/\/italcamara-es.com\/it\/wp-json\/wp\/v2\/posts\/56455","targetHints":{"allow":["GET"]}}],"collection":[{"href":"https:\/\/italcamara-es.com\/it\/wp-json\/wp\/v2\/posts"}],"about":[{"href":"https:\/\/italcamara-es.com\/it\/wp-json\/wp\/v2\/types\/post"}],"author":[{"embeddable":true,"href":"https:\/\/italcamara-es.com\/it\/wp-json\/wp\/v2\/users\/1"}],"replies":[{"embeddable":true,"href":"https:\/\/italcamara-es.com\/it\/wp-json\/wp\/v2\/comments?post=56455"}],"version-history":[{"count":0,"href":"https:\/\/italcamara-es.com\/it\/wp-json\/wp\/v2\/posts\/56455\/revisions"}],"wp:featuredmedia":[{"embeddable":true,"href":"https:\/\/italcamara-es.com\/it\/wp-json\/wp\/v2\/media\/55244"}],"wp:attachment":[{"href":"https:\/\/italcamara-es.com\/it\/wp-json\/wp\/v2\/media?parent=56455"}],"wp:term":[{"taxonomy":"category","embeddable":true,"href":"https:\/\/italcamara-es.com\/it\/wp-json\/wp\/v2\/categories?post=56455"},{"taxonomy":"post_tag","embeddable":true,"href":"https:\/\/italcamara-es.com\/it\/wp-json\/wp\/v2\/tags?post=56455"}],"curies":[{"name":"wp","href":"https:\/\/api.w.org\/{rel}","templated":true}]}}