	{"id":56464,"date":"2024-10-16T07:57:12","date_gmt":"2024-10-16T05:57:12","guid":{"rendered":"http:\/\/pre.italcamara-es.com\/senza-categoria\/premio-impresa-ambiente-ritorna-lappuntamento-con-la-sostenibilita\/"},"modified":"2025-03-30T21:22:28","modified_gmt":"2025-03-30T19:22:28","slug":"premio-impresa-ambiente-ritorna-lappuntamento-con-la-sostenibilita","status":"publish","type":"post","link":"https:\/\/italcamara-es.com\/it\/notizie\/premio-impresa-ambiente-ritorna-lappuntamento-con-la-sostenibilita\/","title":{"rendered":"Premio Impresa Ambiente: ritorna l\u2019Appuntamento con la Sostenibilit\u00e0"},"content":{"rendered":"\n<p>Si rinnova l\u2019appuntamento con il <a href=\"https:\/\/www.premioimpresambiente.it\/\">Premio Impresa Ambiente<\/a>, giunto alla sua XII edizione.&nbsp;<\/p>\n\n\n\n<p>Questa prestigiosa iniziativa rappresenta il <strong>massimo riconoscimento italiano<\/strong> per le imprese, gli enti pubblici e privati che si sono distinti per contributi innovativi in modelli di gestione, processi, sistemi, partenariati, tecnologie e prodotti, tutto nel segno dello sviluppo sostenibile e della responsabilit\u00e0 sociale, in linea con gli obiettivi di sviluppo sostenibile dell\u2019Agenda 2030 delle Nazioni Unite.<\/p>\n\n\n\n<p>Promosso dalla <strong>Camera di Commercio di Venezia Rovigo<\/strong> e <strong>Unioncamere<\/strong> con il supporto di <strong>Assocamerestero<\/strong> e <strong>SSV \u2013 Stazione Sperimentale del Vetro<\/strong>, il premio ha un carattere nazionale e gode del supporto dell\u2019intero sistema camerale. I vincitori saranno proclamati nel mese di aprile a Venezia.<\/p>\n\n\n\n<p><\/p>\n\n\n<div class=\"wp-block-image\">\n<figure class=\"aligncenter size-large is-resized\"><img decoding=\"async\" src=\"https:\/\/www.italcamara-es.com\/wp-content\/uploads\/2024\/10\/banner-1700x650-b_2-1024x392.jpg\" alt=\"\" class=\"wp-image-37846\" width=\"600\"\/><\/figure>\n<\/div>\n\n\n<p>Le imprese interessate possono presentare la propria candidatura in quattro diverse categorie:<\/p>\n\n\n\n<ul class=\"wp-block-list\"><li><a href=\"https:\/\/www.premioimpresambiente.it\/premi\/miglior-gestione-per-lo-sviluppo-grandi-sostenibile\/\">Migliore gestione per lo sviluppo sostenibile<\/a><\/li><li><a href=\"https:\/\/www.premioimpresambiente.it\/premi\/miglior-prodotto-o-servizio-per-lo-sviluppo-sostenibile\/\">Miglior prodotto o servizio per lo sviluppo sostenibile<\/a><\/li><li><a href=\"https:\/\/www.premioimpresambiente.it\/premi\/miglior-processo-tecnologia-per-lo-sviluppo-sostenibile\/\">Miglior processo\/tecnologia per lo sviluppo sostenibile<\/a><\/li><li><a href=\"https:\/\/www.premioimpresambiente.it\/premi\/miglior-cooperazione-internazionale-per-lo-sviluppo-sostenibile\/\">Miglior cooperazione internazionale per lo sviluppo sostenibile<\/a><\/li><\/ul>\n\n\n\n<p><\/p>\n\n\n\n<p>Ogni impresa che presenter\u00e0 la propria candidatura per una delle categorie previste dal bando, potr\u00e0 concorrere, se in possesso dei requisiti specifici, anche per uno dei tre riconoscimenti trasversali: <a href=\"https:\/\/www.premioimpresambiente.it\/premi\/premio-giovane-impreditore\/\">Giovane Imprenditore<\/a>, <a href=\"https:\/\/www.premioimpresambiente.it\/premi\/premio-start-up-innovativa\/\">Start-up innovativa<\/a> e <a href=\"https:\/\/www.premioimpresambiente.it\/premi\/premio-speciale-azienda-associata-assocamerestero\/\">Azienda associata Assocamerestero<\/a>.<\/p>\n\n\n\n<p>Le candidature dovranno pervenire entro la mezzanotte del <strong>17 gennaio 2025<\/strong> seguendo le modalit\u00e0 indicate nel bando ufficiale.\u00a0<\/p>\n\n\n\n<p>Segnaliamo che per completare la procedura \u00e8 necessario essere in possesso di firma digitale, se non la si possiede o \u00e8 scaduta \u00e8 possibile rivolgersi alla propria Camera di Commercio.<\/p>\n\n\n\n<p>Per maggiori dettagli visitate il sito: <a href=\"http:\/\/www.premioimpresambiente.it\">www.premioimpresambiente.it<\/a> .<\/p>\n\n\n\n<p>Non perdere l\u2019occasione di far riconoscere il tuo impegno per un futuro sostenibile!<\/p>\n","protected":false},"excerpt":{"rendered":"<p>Si rinnova l\u2019appuntamento con il Premio Impresa Ambiente, giunto alla sua XII edizione.&nbsp; Questa prestigiosa iniziativa rappresenta il massimo riconoscimento italiano per le imprese, gli enti pubblici e privati che si sono distinti per contributi innovativi in modelli di gestione, processi, sistemi, partenariati, tecnologie e prodotti, tutto nel segno dello sviluppo sostenibile e della responsabilit\u00e0 [&hellip;]<\/p>\n","protected":false},"author":1,"featured_media":54081,"comment_status":"open","ping_status":"open","sticky":false,"template":"","format":"standard","meta":{"inline_featured_image":false,"ocean_post_layout":"","ocean_both_sidebars_style":"","ocean_both_sidebars_content_width":0,"ocean_both_sidebars_sidebars_width":0,"ocean_sidebar":"","ocean_second_sidebar":"","ocean_disable_margins":"enable","ocean_add_body_class":"","ocean_shortcode_before_top_bar":"","ocean_shortcode_after_top_bar":"","ocean_shortcode_before_header":"","ocean_shortcode_after_header":"","ocean_has_shortcode":"","ocean_shortcode_after_title":"","ocean_shortcode_before_footer_widgets":"","ocean_shortcode_after_footer_widgets":"","ocean_shortcode_before_footer_bottom":"","ocean_shortcode_after_footer_bottom":"","ocean_display_top_bar":"default","ocean_display_header":"default","ocean_header_style":"","ocean_center_header_left_menu":"","ocean_custom_header_template":"","ocean_custom_logo":0,"ocean_custom_retina_logo":0,"ocean_custom_logo_max_width":0,"ocean_custom_logo_tablet_max_width":0,"ocean_custom_logo_mobile_max_width":0,"ocean_custom_logo_max_height":0,"ocean_custom_logo_tablet_max_height":0,"ocean_custom_logo_mobile_max_height":0,"ocean_header_custom_menu":"","ocean_menu_typo_font_family":"","ocean_menu_typo_font_subset":"","ocean_menu_typo_font_size":0,"ocean_menu_typo_font_size_tablet":0,"ocean_menu_typo_font_size_mobile":0,"ocean_menu_typo_font_size_unit":"px","ocean_menu_typo_font_weight":"","ocean_menu_typo_font_weight_tablet":"","ocean_menu_typo_font_weight_mobile":"","ocean_menu_typo_transform":"","ocean_menu_typo_transform_tablet":"","ocean_menu_typo_transform_mobile":"","ocean_menu_typo_line_height":0,"ocean_menu_typo_line_height_tablet":0,"ocean_menu_typo_line_height_mobile":0,"ocean_menu_typo_line_height_unit":"","ocean_menu_typo_spacing":0,"ocean_menu_typo_spacing_tablet":0,"ocean_menu_typo_spacing_mobile":0,"ocean_menu_typo_spacing_unit":"","ocean_menu_link_color":"","ocean_menu_link_color_hover":"","ocean_menu_link_color_active":"","ocean_menu_link_background":"","ocean_menu_link_hover_background":"","ocean_menu_link_active_background":"","ocean_menu_social_links_bg":"","ocean_menu_social_hover_links_bg":"","ocean_menu_social_links_color":"","ocean_menu_social_hover_links_color":"","ocean_disable_title":"default","ocean_disable_heading":"default","ocean_post_title":"","ocean_post_subheading":"","ocean_post_title_style":"","ocean_post_title_background_color":"","ocean_post_title_background":0,"ocean_post_title_bg_image_position":"","ocean_post_title_bg_image_attachment":"","ocean_post_title_bg_image_repeat":"","ocean_post_title_bg_image_size":"","ocean_post_title_height":0,"ocean_post_title_bg_overlay":0.5,"ocean_post_title_bg_overlay_color":"","ocean_disable_breadcrumbs":"default","ocean_breadcrumbs_color":"","ocean_breadcrumbs_separator_color":"","ocean_breadcrumbs_links_color":"","ocean_breadcrumbs_links_hover_color":"","ocean_display_footer_widgets":"default","ocean_display_footer_bottom":"default","ocean_custom_footer_template":"","ocean_post_oembed":"","ocean_post_self_hosted_media":"","ocean_post_video_embed":"","ocean_link_format":"","ocean_link_format_target":"self","ocean_quote_format":"","ocean_quote_format_link":"post","ocean_gallery_link_images":"on","ocean_gallery_id":[],"footnotes":""},"categories":[133],"tags":[139,138],"class_list":["post-56464","post","type-post","status-publish","format-standard","has-post-thumbnail","hentry","category-notizie","tag-notizie-di-la-ccis","tag-notizie-di-mercato","entry","has-media"],"yoast_head":"<!-- This site is optimized with the Yoast SEO plugin v27.4 - https:\/\/yoast.com\/product\/yoast-seo-wordpress\/ -->\n<title>Premio Impresa Ambiente: ritorna l\u2019Appuntamento con la Sostenibilit\u00e0 - Italcamara<\/title>\n<meta name=\"robots\" content=\"index, follow, max-snippet:-1, max-image-preview:large, max-video-preview:-1\" \/>\n<link rel=\"canonical\" href=\"https:\/\/italcamara-es.com\/it\/notizie\/premio-impresa-ambiente-ritorna-lappuntamento-con-la-sostenibilita\/\" \/>\n<meta property=\"og:locale\" content=\"it_IT\" \/>\n<meta property=\"og:type\" content=\"article\" \/>\n<meta property=\"og:title\" content=\"Premio Impresa Ambiente: ritorna l\u2019Appuntamento con la Sostenibilit\u00e0 - Italcamara\" \/>\n<meta property=\"og:description\" content=\"Si rinnova l\u2019appuntamento con il Premio Impresa Ambiente, giunto alla sua XII edizione.&nbsp; Questa prestigiosa iniziativa rappresenta il massimo riconoscimento italiano per le imprese, gli enti pubblici e privati che si sono distinti per contributi innovativi in modelli di gestione, processi, sistemi, partenariati, tecnologie e prodotti, tutto nel segno dello sviluppo sostenibile e della responsabilit\u00e0 [&hellip;]\" \/>\n<meta property=\"og:url\" content=\"https:\/\/italcamara-es.com\/it\/notizie\/premio-impresa-ambiente-ritorna-lappuntamento-con-la-sostenibilita\/\" \/>\n<meta property=\"og:site_name\" content=\"Italcamara\" \/>\n<meta property=\"article:published_time\" content=\"2024-10-16T05:57:12+00:00\" \/>\n<meta property=\"article:modified_time\" content=\"2025-03-30T19:22:28+00:00\" \/>\n<meta property=\"og:image\" content=\"https:\/\/italcamara-es.com\/wp-content\/uploads\/2025\/03\/premio-ambiente-500.jpg\" \/>\n\t<meta property=\"og:image:width\" content=\"500\" \/>\n\t<meta property=\"og:image:height\" content=\"280\" \/>\n\t<meta property=\"og:image:type\" content=\"image\/jpeg\" \/>\n<meta name=\"author\" content=\"administrador\" \/>\n<meta name=\"twitter:card\" content=\"summary_large_image\" \/>\n<meta name=\"twitter:label1\" content=\"Scritto da\" \/>\n\t<meta name=\"twitter:data1\" content=\"administrador\" \/>\n\t<meta name=\"twitter:label2\" content=\"Tempo di lettura stimato\" \/>\n\t<meta name=\"twitter:data2\" content=\"1 minuto\" \/>\n<script type=\"application\/ld+json\" class=\"yoast-schema-graph\">{\"@context\":\"https:\\\/\\\/schema.org\",\"@graph\":[{\"@type\":\"Article\",\"@id\":\"https:\\\/\\\/italcamara-es.com\\\/it\\\/notizie\\\/premio-impresa-ambiente-ritorna-lappuntamento-con-la-sostenibilita\\\/#article\",\"isPartOf\":{\"@id\":\"https:\\\/\\\/italcamara-es.com\\\/it\\\/notizie\\\/premio-impresa-ambiente-ritorna-lappuntamento-con-la-sostenibilita\\\/\"},\"author\":{\"name\":\"administrador\",\"@id\":\"https:\\\/\\\/italcamara-es.com\\\/#\\\/schema\\\/person\\\/bb3c56263e405bbd9a15171dcfee93bb\"},\"headline\":\"Premio Impresa Ambiente: ritorna l\u2019Appuntamento con la Sostenibilit\u00e0\",\"datePublished\":\"2024-10-16T05:57:12+00:00\",\"dateModified\":\"2025-03-30T19:22:28+00:00\",\"mainEntityOfPage\":{\"@id\":\"https:\\\/\\\/italcamara-es.com\\\/it\\\/notizie\\\/premio-impresa-ambiente-ritorna-lappuntamento-con-la-sostenibilita\\\/\"},\"wordCount\":268,\"commentCount\":0,\"image\":{\"@id\":\"https:\\\/\\\/italcamara-es.com\\\/it\\\/notizie\\\/premio-impresa-ambiente-ritorna-lappuntamento-con-la-sostenibilita\\\/#primaryimage\"},\"thumbnailUrl\":\"https:\\\/\\\/italcamara-es.com\\\/wp-content\\\/uploads\\\/2025\\\/03\\\/premio-ambiente-500.jpg\",\"keywords\":[\"Notizie di la CCIS\",\"Notizie di Mercato\"],\"articleSection\":[\"Notizie\"],\"inLanguage\":\"it-IT\",\"potentialAction\":[{\"@type\":\"CommentAction\",\"name\":\"Comment\",\"target\":[\"https:\\\/\\\/italcamara-es.com\\\/it\\\/notizie\\\/premio-impresa-ambiente-ritorna-lappuntamento-con-la-sostenibilita\\\/#respond\"]}]},{\"@type\":\"WebPage\",\"@id\":\"https:\\\/\\\/italcamara-es.com\\\/it\\\/notizie\\\/premio-impresa-ambiente-ritorna-lappuntamento-con-la-sostenibilita\\\/\",\"url\":\"https:\\\/\\\/italcamara-es.com\\\/it\\\/notizie\\\/premio-impresa-ambiente-ritorna-lappuntamento-con-la-sostenibilita\\\/\",\"name\":\"Premio Impresa Ambiente: ritorna l\u2019Appuntamento con la Sostenibilit\u00e0 - Italcamara\",\"isPartOf\":{\"@id\":\"https:\\\/\\\/italcamara-es.com\\\/#website\"},\"primaryImageOfPage\":{\"@id\":\"https:\\\/\\\/italcamara-es.com\\\/it\\\/notizie\\\/premio-impresa-ambiente-ritorna-lappuntamento-con-la-sostenibilita\\\/#primaryimage\"},\"image\":{\"@id\":\"https:\\\/\\\/italcamara-es.com\\\/it\\\/notizie\\\/premio-impresa-ambiente-ritorna-lappuntamento-con-la-sostenibilita\\\/#primaryimage\"},\"thumbnailUrl\":\"https:\\\/\\\/italcamara-es.com\\\/wp-content\\\/uploads\\\/2025\\\/03\\\/premio-ambiente-500.jpg\",\"datePublished\":\"2024-10-16T05:57:12+00:00\",\"dateModified\":\"2025-03-30T19:22:28+00:00\",\"author\":{\"@id\":\"https:\\\/\\\/italcamara-es.com\\\/#\\\/schema\\\/person\\\/bb3c56263e405bbd9a15171dcfee93bb\"},\"breadcrumb\":{\"@id\":\"https:\\\/\\\/italcamara-es.com\\\/it\\\/notizie\\\/premio-impresa-ambiente-ritorna-lappuntamento-con-la-sostenibilita\\\/#breadcrumb\"},\"inLanguage\":\"it-IT\",\"potentialAction\":[{\"@type\":\"ReadAction\",\"target\":[\"https:\\\/\\\/italcamara-es.com\\\/it\\\/notizie\\\/premio-impresa-ambiente-ritorna-lappuntamento-con-la-sostenibilita\\\/\"]}]},{\"@type\":\"ImageObject\",\"inLanguage\":\"it-IT\",\"@id\":\"https:\\\/\\\/italcamara-es.com\\\/it\\\/notizie\\\/premio-impresa-ambiente-ritorna-lappuntamento-con-la-sostenibilita\\\/#primaryimage\",\"url\":\"https:\\\/\\\/italcamara-es.com\\\/wp-content\\\/uploads\\\/2025\\\/03\\\/premio-ambiente-500.jpg\",\"contentUrl\":\"https:\\\/\\\/italcamara-es.com\\\/wp-content\\\/uploads\\\/2025\\\/03\\\/premio-ambiente-500.jpg\",\"width\":500,\"height\":280},{\"@type\":\"BreadcrumbList\",\"@id\":\"https:\\\/\\\/italcamara-es.com\\\/it\\\/notizie\\\/premio-impresa-ambiente-ritorna-lappuntamento-con-la-sostenibilita\\\/#breadcrumb\",\"itemListElement\":[{\"@type\":\"ListItem\",\"position\":1,\"name\":\"Inicio\",\"item\":\"https:\\\/\\\/italcamara-es.com\\\/it\\\/homepage-ita\\\/\"},{\"@type\":\"ListItem\",\"position\":2,\"name\":\"Premio Impresa Ambiente: ritorna l\u2019Appuntamento con la Sostenibilit\u00e0\"}]},{\"@type\":\"WebSite\",\"@id\":\"https:\\\/\\\/italcamara-es.com\\\/#website\",\"url\":\"https:\\\/\\\/italcamara-es.com\\\/\",\"name\":\"Italcamara\",\"description\":\"\",\"potentialAction\":[{\"@type\":\"SearchAction\",\"target\":{\"@type\":\"EntryPoint\",\"urlTemplate\":\"https:\\\/\\\/italcamara-es.com\\\/?s={search_term_string}\"},\"query-input\":{\"@type\":\"PropertyValueSpecification\",\"valueRequired\":true,\"valueName\":\"search_term_string\"}}],\"inLanguage\":\"it-IT\"},{\"@type\":\"Person\",\"@id\":\"https:\\\/\\\/italcamara-es.com\\\/#\\\/schema\\\/person\\\/bb3c56263e405bbd9a15171dcfee93bb\",\"name\":\"administrador\",\"image\":{\"@type\":\"ImageObject\",\"inLanguage\":\"it-IT\",\"@id\":\"https:\\\/\\\/secure.gravatar.com\\\/avatar\\\/14b5e63db38320b12031bb28cf9f77e210aa71fb3a8a3602a3c9a05134fa75eb?s=96&d=mm&r=g\",\"url\":\"https:\\\/\\\/secure.gravatar.com\\\/avatar\\\/14b5e63db38320b12031bb28cf9f77e210aa71fb3a8a3602a3c9a05134fa75eb?s=96&d=mm&r=g\",\"contentUrl\":\"https:\\\/\\\/secure.gravatar.com\\\/avatar\\\/14b5e63db38320b12031bb28cf9f77e210aa71fb3a8a3602a3c9a05134fa75eb?s=96&d=mm&r=g\",\"caption\":\"administrador\"},\"sameAs\":[\"http:\\\/\\\/pre.italcamara-es.com\"],\"url\":\"https:\\\/\\\/italcamara-es.com\\\/it\\\/author\\\/administrador\\\/\"}]}<\/script>\n<!-- \/ Yoast SEO plugin. -->","yoast_head_json":{"title":"Premio Impresa Ambiente: ritorna l\u2019Appuntamento con la Sostenibilit\u00e0 - Italcamara","robots":{"index":"index","follow":"follow","max-snippet":"max-snippet:-1","max-image-preview":"max-image-preview:large","max-video-preview":"max-video-preview:-1"},"canonical":"https:\/\/italcamara-es.com\/it\/notizie\/premio-impresa-ambiente-ritorna-lappuntamento-con-la-sostenibilita\/","og_locale":"it_IT","og_type":"article","og_title":"Premio Impresa Ambiente: ritorna l\u2019Appuntamento con la Sostenibilit\u00e0 - Italcamara","og_description":"Si rinnova l\u2019appuntamento con il Premio Impresa Ambiente, giunto alla sua XII edizione.&nbsp; Questa prestigiosa iniziativa rappresenta il massimo riconoscimento italiano per le imprese, gli enti pubblici e privati che si sono distinti per contributi innovativi in modelli di gestione, processi, sistemi, partenariati, tecnologie e prodotti, tutto nel segno dello sviluppo sostenibile e della responsabilit\u00e0 [&hellip;]","og_url":"https:\/\/italcamara-es.com\/it\/notizie\/premio-impresa-ambiente-ritorna-lappuntamento-con-la-sostenibilita\/","og_site_name":"Italcamara","article_published_time":"2024-10-16T05:57:12+00:00","article_modified_time":"2025-03-30T19:22:28+00:00","og_image":[{"width":500,"height":280,"url":"https:\/\/italcamara-es.com\/wp-content\/uploads\/2025\/03\/premio-ambiente-500.jpg","type":"image\/jpeg"}],"author":"administrador","twitter_card":"summary_large_image","twitter_misc":{"Scritto da":"administrador","Tempo di lettura stimato":"1 minuto"},"schema":{"@context":"https:\/\/schema.org","@graph":[{"@type":"Article","@id":"https:\/\/italcamara-es.com\/it\/notizie\/premio-impresa-ambiente-ritorna-lappuntamento-con-la-sostenibilita\/#article","isPartOf":{"@id":"https:\/\/italcamara-es.com\/it\/notizie\/premio-impresa-ambiente-ritorna-lappuntamento-con-la-sostenibilita\/"},"author":{"name":"administrador","@id":"https:\/\/italcamara-es.com\/#\/schema\/person\/bb3c56263e405bbd9a15171dcfee93bb"},"headline":"Premio Impresa Ambiente: ritorna l\u2019Appuntamento con la Sostenibilit\u00e0","datePublished":"2024-10-16T05:57:12+00:00","dateModified":"2025-03-30T19:22:28+00:00","mainEntityOfPage":{"@id":"https:\/\/italcamara-es.com\/it\/notizie\/premio-impresa-ambiente-ritorna-lappuntamento-con-la-sostenibilita\/"},"wordCount":268,"commentCount":0,"image":{"@id":"https:\/\/italcamara-es.com\/it\/notizie\/premio-impresa-ambiente-ritorna-lappuntamento-con-la-sostenibilita\/#primaryimage"},"thumbnailUrl":"https:\/\/italcamara-es.com\/wp-content\/uploads\/2025\/03\/premio-ambiente-500.jpg","keywords":["Notizie di la CCIS","Notizie di Mercato"],"articleSection":["Notizie"],"inLanguage":"it-IT","potentialAction":[{"@type":"CommentAction","name":"Comment","target":["https:\/\/italcamara-es.com\/it\/notizie\/premio-impresa-ambiente-ritorna-lappuntamento-con-la-sostenibilita\/#respond"]}]},{"@type":"WebPage","@id":"https:\/\/italcamara-es.com\/it\/notizie\/premio-impresa-ambiente-ritorna-lappuntamento-con-la-sostenibilita\/","url":"https:\/\/italcamara-es.com\/it\/notizie\/premio-impresa-ambiente-ritorna-lappuntamento-con-la-sostenibilita\/","name":"Premio Impresa Ambiente: ritorna l\u2019Appuntamento con la Sostenibilit\u00e0 - Italcamara","isPartOf":{"@id":"https:\/\/italcamara-es.com\/#website"},"primaryImageOfPage":{"@id":"https:\/\/italcamara-es.com\/it\/notizie\/premio-impresa-ambiente-ritorna-lappuntamento-con-la-sostenibilita\/#primaryimage"},"image":{"@id":"https:\/\/italcamara-es.com\/it\/notizie\/premio-impresa-ambiente-ritorna-lappuntamento-con-la-sostenibilita\/#primaryimage"},"thumbnailUrl":"https:\/\/italcamara-es.com\/wp-content\/uploads\/2025\/03\/premio-ambiente-500.jpg","datePublished":"2024-10-16T05:57:12+00:00","dateModified":"2025-03-30T19:22:28+00:00","author":{"@id":"https:\/\/italcamara-es.com\/#\/schema\/person\/bb3c56263e405bbd9a15171dcfee93bb"},"breadcrumb":{"@id":"https:\/\/italcamara-es.com\/it\/notizie\/premio-impresa-ambiente-ritorna-lappuntamento-con-la-sostenibilita\/#breadcrumb"},"inLanguage":"it-IT","potentialAction":[{"@type":"ReadAction","target":["https:\/\/italcamara-es.com\/it\/notizie\/premio-impresa-ambiente-ritorna-lappuntamento-con-la-sostenibilita\/"]}]},{"@type":"ImageObject","inLanguage":"it-IT","@id":"https:\/\/italcamara-es.com\/it\/notizie\/premio-impresa-ambiente-ritorna-lappuntamento-con-la-sostenibilita\/#primaryimage","url":"https:\/\/italcamara-es.com\/wp-content\/uploads\/2025\/03\/premio-ambiente-500.jpg","contentUrl":"https:\/\/italcamara-es.com\/wp-content\/uploads\/2025\/03\/premio-ambiente-500.jpg","width":500,"height":280},{"@type":"BreadcrumbList","@id":"https:\/\/italcamara-es.com\/it\/notizie\/premio-impresa-ambiente-ritorna-lappuntamento-con-la-sostenibilita\/#breadcrumb","itemListElement":[{"@type":"ListItem","position":1,"name":"Inicio","item":"https:\/\/italcamara-es.com\/it\/homepage-ita\/"},{"@type":"ListItem","position":2,"name":"Premio Impresa Ambiente: ritorna l\u2019Appuntamento con la Sostenibilit\u00e0"}]},{"@type":"WebSite","@id":"https:\/\/italcamara-es.com\/#website","url":"https:\/\/italcamara-es.com\/","name":"Italcamara","description":"","potentialAction":[{"@type":"SearchAction","target":{"@type":"EntryPoint","urlTemplate":"https:\/\/italcamara-es.com\/?s={search_term_string}"},"query-input":{"@type":"PropertyValueSpecification","valueRequired":true,"valueName":"search_term_string"}}],"inLanguage":"it-IT"},{"@type":"Person","@id":"https:\/\/italcamara-es.com\/#\/schema\/person\/bb3c56263e405bbd9a15171dcfee93bb","name":"administrador","image":{"@type":"ImageObject","inLanguage":"it-IT","@id":"https:\/\/secure.gravatar.com\/avatar\/14b5e63db38320b12031bb28cf9f77e210aa71fb3a8a3602a3c9a05134fa75eb?s=96&d=mm&r=g","url":"https:\/\/secure.gravatar.com\/avatar\/14b5e63db38320b12031bb28cf9f77e210aa71fb3a8a3602a3c9a05134fa75eb?s=96&d=mm&r=g","contentUrl":"https:\/\/secure.gravatar.com\/avatar\/14b5e63db38320b12031bb28cf9f77e210aa71fb3a8a3602a3c9a05134fa75eb?s=96&d=mm&r=g","caption":"administrador"},"sameAs":["http:\/\/pre.italcamara-es.com"],"url":"https:\/\/italcamara-es.com\/it\/author\/administrador\/"}]}},"rttpg_featured_image_url":{"full":["https:\/\/italcamara-es.com\/wp-content\/uploads\/2025\/03\/premio-ambiente-500.jpg",500,280,false],"landscape":["https:\/\/italcamara-es.com\/wp-content\/uploads\/2025\/03\/premio-ambiente-500.jpg",500,280,false],"portraits":["https:\/\/italcamara-es.com\/wp-content\/uploads\/2025\/03\/premio-ambiente-500.jpg",500,280,false],"thumbnail":["https:\/\/italcamara-es.com\/wp-content\/uploads\/2025\/03\/premio-ambiente-500-150x150.jpg",150,150,true],"medium":["https:\/\/italcamara-es.com\/wp-content\/uploads\/2025\/03\/premio-ambiente-500-300x168.jpg",300,168,true],"large":["https:\/\/italcamara-es.com\/wp-content\/uploads\/2025\/03\/premio-ambiente-500.jpg",500,280,false],"1536x1536":["https:\/\/italcamara-es.com\/wp-content\/uploads\/2025\/03\/premio-ambiente-500.jpg",500,280,false],"2048x2048":["https:\/\/italcamara-es.com\/wp-content\/uploads\/2025\/03\/premio-ambiente-500.jpg",500,280,false],"ocean-thumb-m":["https:\/\/italcamara-es.com\/wp-content\/uploads\/2025\/03\/premio-ambiente-500.jpg",500,280,false],"ocean-thumb-ml":["https:\/\/italcamara-es.com\/wp-content\/uploads\/2025\/03\/premio-ambiente-500.jpg",500,280,false],"ocean-thumb-l":["https:\/\/italcamara-es.com\/wp-content\/uploads\/2025\/03\/premio-ambiente-500.jpg",500,280,false],"directorist_preview":["https:\/\/italcamara-es.com\/wp-content\/uploads\/2025\/03\/premio-ambiente-500.jpg",500,280,false]},"rttpg_author":{"display_name":"administrador","author_link":"https:\/\/italcamara-es.com\/it\/author\/administrador\/"},"rttpg_comment":0,"rttpg_category":"<a href=\"https:\/\/italcamara-es.com\/it\/category\/notizie\/\" rel=\"category tag\">Notizie<\/a>","rttpg_excerpt":"Si rinnova l\u2019appuntamento con il Premio Impresa Ambiente, giunto alla sua XII edizione.&nbsp; Questa prestigiosa iniziativa rappresenta il massimo riconoscimento italiano per le imprese, gli enti pubblici e privati che si sono distinti per contributi innovativi in modelli di gestione, processi, sistemi, partenariati, tecnologie e prodotti, tutto nel segno dello sviluppo sostenibile e della responsabilit\u00e0&hellip;","_links":{"self":[{"href":"https:\/\/italcamara-es.com\/it\/wp-json\/wp\/v2\/posts\/56464","targetHints":{"allow":["GET"]}}],"collection":[{"href":"https:\/\/italcamara-es.com\/it\/wp-json\/wp\/v2\/posts"}],"about":[{"href":"https:\/\/italcamara-es.com\/it\/wp-json\/wp\/v2\/types\/post"}],"author":[{"embeddable":true,"href":"https:\/\/italcamara-es.com\/it\/wp-json\/wp\/v2\/users\/1"}],"replies":[{"embeddable":true,"href":"https:\/\/italcamara-es.com\/it\/wp-json\/wp\/v2\/comments?post=56464"}],"version-history":[{"count":1,"href":"https:\/\/italcamara-es.com\/it\/wp-json\/wp\/v2\/posts\/56464\/revisions"}],"predecessor-version":[{"id":57216,"href":"https:\/\/italcamara-es.com\/it\/wp-json\/wp\/v2\/posts\/56464\/revisions\/57216"}],"wp:featuredmedia":[{"embeddable":true,"href":"https:\/\/italcamara-es.com\/it\/wp-json\/wp\/v2\/media\/54081"}],"wp:attachment":[{"href":"https:\/\/italcamara-es.com\/it\/wp-json\/wp\/v2\/media?parent=56464"}],"wp:term":[{"taxonomy":"category","embeddable":true,"href":"https:\/\/italcamara-es.com\/it\/wp-json\/wp\/v2\/categories?post=56464"},{"taxonomy":"post_tag","embeddable":true,"href":"https:\/\/italcamara-es.com\/it\/wp-json\/wp\/v2\/tags?post=56464"}],"curies":[{"name":"wp","href":"https:\/\/api.w.org\/{rel}","templated":true}]}}