	{"id":56468,"date":"2024-11-04T10:14:37","date_gmt":"2024-11-04T09:14:37","guid":{"rendered":"http:\/\/pre.italcamara-es.com\/senza-categoria\/andrea-sironi-generali-e-andres-arizkorreta-caf-premio-tiepolo-2024\/"},"modified":"2024-11-04T10:14:37","modified_gmt":"2024-11-04T09:14:37","slug":"andrea-sironi-generali-e-andres-arizkorreta-caf-premio-tiepolo-2024","status":"publish","type":"post","link":"https:\/\/italcamara-es.com\/it\/notizie\/andrea-sironi-generali-e-andres-arizkorreta-caf-premio-tiepolo-2024\/","title":{"rendered":"Andrea Sironi (Generali) e Andr\u00e9s Arizkorreta (CAF), Premio Tiepolo 2024"},"content":{"rendered":"\n<p>La giuria del <strong>Premio Tiepolo <\/strong>ha deciso di assegnare il prestigioso riconoscimento ad <strong>Andrea Sironi<\/strong>, Presidente di Assicurazioni Generali S.p.A. e <strong>Andr\u00e9s Arizkorreta<\/strong>, Presidente di CAF (Construcciones y Auxiliar de Ferrocarriles), in riconoscimento del loro rilevante contributo al rafforzamento dei legami economici e commerciali tra Spagna e Italia. In particolare, la giuria ha sottolineato il lavoro svolto da Andrea Sironi nel consolidare Assicurazioni Generali come uno dei principali player del mercato assicurativo in Spagna, dove la compagnia \u00e8 presente dal 1834. Allo stesso modo, \u00e8 stato riconosciuto il ruolo di Arizkorreta e dell&#8217;azienda che guida nella modernizzazione e nella coesione del settore dei trasporti nelle principali regioni italiane, promuovendo una mobilit\u00e0 pi\u00f9 pulita e sostenibile e raggiungendo una maggiore efficienza energetica.<\/p>\n\n\n\n<p>La cerimonia di premiazione si svolger\u00e0 il <strong>18 novembre <\/strong>presso la sede dell&#8217;Ambasciata d&#8217;Italia a Madrid, alla presenza dell&#8217;Ambasciatore <strong>Giuseppe Buccino Grimaldi <\/strong>e dei rappresentanti delle principali istituzioni e imprese di entrambi i Paesi<strong>. &nbsp;<\/strong><\/p>\n\n\n\n<p>Il Premio Tiepolo, assegnato congiuntamente dalla <strong>Camera di Commercio e Industria Italiana per la Spagna (CCIS) <\/strong>e dalla <strong>Confederaci\u00f3n Espa\u00f1ola de Organizaciones Empresariales (CEOE)<\/strong>, sotto gli auspici dell\u2019<strong>Ambasciata d\u2019Italia a Madrid<\/strong>, celebra quest&#8217;anno la sua 27\u00aa edizione.<\/p>\n\n\n\n<p><strong><u>Andrea Sironi<\/u><\/strong><\/p>\n\n\n\n<p><strong>Andrea Sironi <\/strong>(Milano, 1964) \u00e8 Presidente del Consiglio di Amministrazione di Assicurazioni Generali dal febbraio 2022.<\/p>\n\n\n\n<p>Si \u00e8 laureato in Economia all&#8217;Universit\u00e0 Bocconi di Milano. Nel corso della sua carriera presso questa istituzione, \u00e8 stato Rettore, Prorettore alle relazioni internazionali, Dean della Scuola Graduate e direttore della divisione ricerche della SDA Bocconi. La sua attivit\u00e0 di ricerca si \u00e8 concentrata sulla misurazione e la gestione dei rischi nelle istituzioni finanziarie e la regolamentazione dei mercati e delle istituzioni finanziarie, pubblicando numerosi articoli su riviste scientifiche nazionali e internazionali, nonch\u00e9 diversi libri di riferimento in Italia e a livello internazionale.<\/p>\n\n\n\n<p>Attualmente \u00e8 presidente dell&#8217;Universit\u00e0 Bocconi di Milano, una delle pi\u00f9 prestigiose istituzioni italiane, dove \u00e8 anche docente di Economia degli Intermediari Finanziari.<\/p>\n\n\n<div class=\"wp-block-image\">\n<figure class=\"aligncenter size-full is-resized\"><img decoding=\"async\" src=\"https:\/\/www.italcamara-es.com\/wp-content\/uploads\/2024\/11\/foto-Andrea-Sironi-copia.jpg\" alt=\"\" class=\"wp-image-37952\" width=\"600\"\/><\/figure>\n<\/div>\n\n\n<p>Nel corso della sua carriera, \u00e8 stato analista finanziario presso la Chase Manhattan Bank di Londra, presidente del CEMS, l\u2019alleanza globale delle scuole di management, e membro del consiglio di amministrazione di istituzioni come London Stock Exchange Group, Banco Popolare, Cassa Depositi e Prestiti, Unicredit Group e Intesa Sanpaolo. \u00c8 stato anche Vicepresidente di Banca Aletti e Presidente di Borsa Italiana.<\/p>\n\n\n\n<p>Durante la sua presidenza, Assicurazioni Generali ha rafforzato la propria presenza a livello globale, consolidando la sua posizione come una delle maggiori compagnie assicurative e di asset management del mondo, con attivit\u00e0 in oltre 50 Paesi e una raccolta premi che ha raggiunto gli 82,5 miliardi di euro nel 2023. All&#8217;inizio di quest&#8217;anno, Generali ha completato l&#8217;acquisizione di Liberty Seguros in Spagna, Portogallo e Irlanda, un&#8217;operazione del valore di circa 2,3 miliardi di euro. Grazie a questa acquisizione, la compagnia \u00e8 salita al quinto posto nel segmento Non Vita in Spagna, ha rafforzato la sua posizione di secondo operatore in Portogallo ed \u00e8 entrata nel mercato irlandese tra i primi 10 assicuratori Non Vita.<\/p>\n\n\n\n<p>Quest&#8217;anno Generali festeggia anche il 190\u00b0 anniversario del suo arrivo in Spagna, essendo una delle compagnie italiane con pi\u00f9 lunga presenza nel Paese e uno dei principali attori del mercato assicurativo. In Spagna, il gruppo ha quasi 2.000 dipendenti e una delle pi\u00f9 grandi reti di consulenti, con oltre 1.600 uffici e 10.000 consulenti attivi.<\/p>\n\n\n\n<p><strong><u>Andr\u00e9s Arizkorreta<\/u><\/strong><\/p>\n\n\n\n<p>Andr\u00e9s Arizkorreta Garc\u00eda (San Sebasti\u00e1n, 1956) \u00e8 Presidente di CAF (Construcciones y Auxiliar de Ferrocarriles) dal dicembre 2015.<\/p>\n\n\n\n<p>Laureato in Economia presso l&#8217;Universit\u00e0 di Deusto, \u00e8 entrato in CAF nel 1980 e ha ricoperto diverse posizioni di responsabilit\u00e0 nell&#8217;azienda, tra cui quella di Amministratore Delegato, tra il 2006 e il settembre 2021.<\/p>\n\n\n\n<p>Oltre al suo lavoro alla CAF, Arizkorreta \u00e8 amministratore indipendente e presidente del Comitato di revisione di Viscofan, S.A., dove \u00e8 anche membro del Comitato per le nomine, la remunerazione e la sostenibilit\u00e0. Il suo impegno nel mondo degli affari si estende al ruolo di presidente del Consiglio di amministrazione del <em>C\u00edrculo de Empresarios Vascos<\/em>, nonch\u00e9 alla partecipazione al Patronato della Fundaci\u00f3n Donostia International Physics Center e ai consigli di amministrazione dell&#8217;Instituto Vasco de Competitividad e della Deusto Business School.<\/p>\n\n\n<div class=\"wp-block-image\">\n<figure class=\"aligncenter size-full is-resized\"><img decoding=\"async\" src=\"https:\/\/www.italcamara-es.com\/wp-content\/uploads\/2024\/11\/Andres-Arizkorreta-Garcia-copia.jpg\" alt=\"\" class=\"wp-image-37953\" width=\"600\"\/><\/figure>\n<\/div>\n\n\n<p>La sua dedizione al miglioramento della gestione aziendale si riflette anche nella sua passata esperienza come Presidente del <em>Cluster del Conocimiento en Gesti\u00f3n<\/em> (1996-2001) e nei suoi contributi didattici al <em>Centro de Perfeccionamiento de Alta Direcci\u00f3n y Empresas<\/em> tra il 1998 e il 2002. \u00c8 stato membro dei comitati esecutivi di ADEGI e CONFEBASK ed \u00e8 membro eletto di Jakiunde, l&#8217;Accademia di Scienze, Arti e Lettere dei Paesi Baschi.<\/p>\n\n\n\n<p>Durante la sua presidenza, CAF \u00e8 riuscita a consolidarsi come punto di riferimento globale nella mobilit\u00e0 urbana e interurbana e ha rafforzato la sua posizione di leadership nel mercato italiano, dando un contributo significativo alla trasformazione del trasporto urbano verso un modello pi\u00f9 efficiente e sostenibile. La presenza di CAF in Italia \u00e8 cresciuta significativamente negli ultimi anni, con l&#8217;aggiudicazione di contratti chiave per la fornitura e la manutenzione di tram, unit\u00e0 di reti metropolitane e autobus a idrogeno ed elettrici in citt\u00e0 come Roma, Palermo, Napoli, Venezia, Cagliari, Milano e Catania.<\/p>\n\n\n\n<p>Particolarmente degni di nota sono i due pi\u00f9 recenti accordi firmati quest&#8217;anno a Bologna e a Roma, per un volume complessivo di 200 milioni di euro. A Bologna, CAF si \u00e8 aggiudicata un contratto quadro per la fornitura e la manutenzione di tram; a Roma, ha ampliato la collaborazione con l&#8217;operatore ATAC S.p.A. estendendo il contratto per la fornitura della nuova flotta tranviaria della capitale italiana. &nbsp;<\/p>\n\n\n\n<hr class=\"wp-block-separator has-alpha-channel-opacity\"\/>\n\n\n\n<p><a href=\"https:\/\/www.italcamara-es.com\/it\/eventi-e-progetti\/premio-tiepolo\/il-premio\/\" target=\"_blank\" rel=\"noopener\">Informazioni sul Premio Tiepolo e Premiati nelle edizioni precedenti<\/a><\/p>\n\n\n\n<p><\/p>\n","protected":false},"excerpt":{"rendered":"<p>La giuria del Premio Tiepolo ha deciso di assegnare il prestigioso riconoscimento ad Andrea Sironi, Presidente di Assicurazioni Generali S.p.A. e Andr\u00e9s Arizkorreta, Presidente di CAF (Construcciones y Auxiliar de Ferrocarriles), in riconoscimento del loro rilevante contributo al rafforzamento dei legami economici e commerciali tra Spagna e Italia. In particolare, la giuria ha sottolineato il [&hellip;]<\/p>\n","protected":false},"author":1,"featured_media":56469,"comment_status":"open","ping_status":"open","sticky":false,"template":"","format":"standard","meta":{"inline_featured_image":false,"ocean_post_layout":"","ocean_both_sidebars_style":"","ocean_both_sidebars_content_width":0,"ocean_both_sidebars_sidebars_width":0,"ocean_sidebar":"","ocean_second_sidebar":"","ocean_disable_margins":"enable","ocean_add_body_class":"","ocean_shortcode_before_top_bar":"","ocean_shortcode_after_top_bar":"","ocean_shortcode_before_header":"","ocean_shortcode_after_header":"","ocean_has_shortcode":"","ocean_shortcode_after_title":"","ocean_shortcode_before_footer_widgets":"","ocean_shortcode_after_footer_widgets":"","ocean_shortcode_before_footer_bottom":"","ocean_shortcode_after_footer_bottom":"","ocean_display_top_bar":"default","ocean_display_header":"default","ocean_header_style":"","ocean_center_header_left_menu":"","ocean_custom_header_template":"","ocean_custom_logo":0,"ocean_custom_retina_logo":0,"ocean_custom_logo_max_width":0,"ocean_custom_logo_tablet_max_width":0,"ocean_custom_logo_mobile_max_width":0,"ocean_custom_logo_max_height":0,"ocean_custom_logo_tablet_max_height":0,"ocean_custom_logo_mobile_max_height":0,"ocean_header_custom_menu":"","ocean_menu_typo_font_family":"","ocean_menu_typo_font_subset":"","ocean_menu_typo_font_size":0,"ocean_menu_typo_font_size_tablet":0,"ocean_menu_typo_font_size_mobile":0,"ocean_menu_typo_font_size_unit":"px","ocean_menu_typo_font_weight":"","ocean_menu_typo_font_weight_tablet":"","ocean_menu_typo_font_weight_mobile":"","ocean_menu_typo_transform":"","ocean_menu_typo_transform_tablet":"","ocean_menu_typo_transform_mobile":"","ocean_menu_typo_line_height":0,"ocean_menu_typo_line_height_tablet":0,"ocean_menu_typo_line_height_mobile":0,"ocean_menu_typo_line_height_unit":"","ocean_menu_typo_spacing":0,"ocean_menu_typo_spacing_tablet":0,"ocean_menu_typo_spacing_mobile":0,"ocean_menu_typo_spacing_unit":"","ocean_menu_link_color":"","ocean_menu_link_color_hover":"","ocean_menu_link_color_active":"","ocean_menu_link_background":"","ocean_menu_link_hover_background":"","ocean_menu_link_active_background":"","ocean_menu_social_links_bg":"","ocean_menu_social_hover_links_bg":"","ocean_menu_social_links_color":"","ocean_menu_social_hover_links_color":"","ocean_disable_title":"default","ocean_disable_heading":"default","ocean_post_title":"","ocean_post_subheading":"","ocean_post_title_style":"","ocean_post_title_background_color":"","ocean_post_title_background":0,"ocean_post_title_bg_image_position":"","ocean_post_title_bg_image_attachment":"","ocean_post_title_bg_image_repeat":"","ocean_post_title_bg_image_size":"","ocean_post_title_height":0,"ocean_post_title_bg_overlay":0.5,"ocean_post_title_bg_overlay_color":"","ocean_disable_breadcrumbs":"default","ocean_breadcrumbs_color":"","ocean_breadcrumbs_separator_color":"","ocean_breadcrumbs_links_color":"","ocean_breadcrumbs_links_hover_color":"","ocean_display_footer_widgets":"default","ocean_display_footer_bottom":"default","ocean_custom_footer_template":"","ocean_post_oembed":"","ocean_post_self_hosted_media":"","ocean_post_video_embed":"","ocean_link_format":"","ocean_link_format_target":"self","ocean_quote_format":"","ocean_quote_format_link":"post","ocean_gallery_link_images":"on","ocean_gallery_id":[],"footnotes":""},"categories":[133],"tags":[139],"class_list":["post-56468","post","type-post","status-publish","format-standard","has-post-thumbnail","hentry","category-notizie","tag-notizie-di-la-ccis","entry","has-media"],"yoast_head":"<!-- This site is optimized with the Yoast SEO plugin v27.4 - https:\/\/yoast.com\/product\/yoast-seo-wordpress\/ -->\n<title>Andrea Sironi (Generali) e Andr\u00e9s Arizkorreta (CAF), Premio Tiepolo 2024 - Italcamara<\/title>\n<meta name=\"robots\" content=\"index, follow, max-snippet:-1, max-image-preview:large, max-video-preview:-1\" \/>\n<link rel=\"canonical\" href=\"https:\/\/italcamara-es.com\/noticias\/andres-arizkorreta-caf-y-andrea-sironi-generali-premio-tiepolo-2024\/\" \/>\n<meta property=\"og:locale\" content=\"it_IT\" \/>\n<meta property=\"og:type\" content=\"article\" \/>\n<meta property=\"og:title\" content=\"Andrea Sironi (Generali) e Andr\u00e9s Arizkorreta (CAF), Premio Tiepolo 2024 - Italcamara\" \/>\n<meta property=\"og:description\" content=\"La giuria del Premio Tiepolo ha deciso di assegnare il prestigioso riconoscimento ad Andrea Sironi, Presidente di Assicurazioni Generali S.p.A. e Andr\u00e9s Arizkorreta, Presidente di CAF (Construcciones y Auxiliar de Ferrocarriles), in riconoscimento del loro rilevante contributo al rafforzamento dei legami economici e commerciali tra Spagna e Italia. In particolare, la giuria ha sottolineato il [&hellip;]\" \/>\n<meta property=\"og:url\" content=\"https:\/\/italcamara-es.com\/noticias\/andres-arizkorreta-caf-y-andrea-sironi-generali-premio-tiepolo-2024\/\" \/>\n<meta property=\"og:site_name\" content=\"Italcamara\" \/>\n<meta property=\"article:published_time\" content=\"2024-11-04T09:14:37+00:00\" \/>\n<meta property=\"og:image\" content=\"https:\/\/italcamara-es.com\/wp-content\/uploads\/2025\/03\/immagine-tiepolo-notizia-500-DEF.png\" \/>\n\t<meta property=\"og:image:width\" content=\"500\" \/>\n\t<meta property=\"og:image:height\" content=\"250\" \/>\n\t<meta property=\"og:image:type\" content=\"image\/png\" \/>\n<meta name=\"author\" content=\"administrador\" \/>\n<meta name=\"twitter:card\" content=\"summary_large_image\" \/>\n<meta name=\"twitter:label1\" content=\"Scritto da\" \/>\n\t<meta name=\"twitter:data1\" content=\"administrador\" \/>\n\t<meta name=\"twitter:label2\" content=\"Tempo di lettura stimato\" \/>\n\t<meta name=\"twitter:data2\" content=\"4 minuti\" \/>\n<script type=\"application\/ld+json\" class=\"yoast-schema-graph\">{\"@context\":\"https:\\\/\\\/schema.org\",\"@graph\":[{\"@type\":\"Article\",\"@id\":\"https:\\\/\\\/italcamara-es.com\\\/noticias\\\/andres-arizkorreta-caf-y-andrea-sironi-generali-premio-tiepolo-2024\\\/#article\",\"isPartOf\":{\"@id\":\"https:\\\/\\\/italcamara-es.com\\\/noticias\\\/andres-arizkorreta-caf-y-andrea-sironi-generali-premio-tiepolo-2024\\\/\"},\"author\":{\"name\":\"administrador\",\"@id\":\"https:\\\/\\\/italcamara-es.com\\\/#\\\/schema\\\/person\\\/bb3c56263e405bbd9a15171dcfee93bb\"},\"headline\":\"Andrea Sironi (Generali) e Andr\u00e9s Arizkorreta (CAF), Premio Tiepolo 2024\",\"datePublished\":\"2024-11-04T09:14:37+00:00\",\"mainEntityOfPage\":{\"@id\":\"https:\\\/\\\/italcamara-es.com\\\/noticias\\\/andres-arizkorreta-caf-y-andrea-sironi-generali-premio-tiepolo-2024\\\/\"},\"wordCount\":922,\"commentCount\":0,\"image\":{\"@id\":\"https:\\\/\\\/italcamara-es.com\\\/noticias\\\/andres-arizkorreta-caf-y-andrea-sironi-generali-premio-tiepolo-2024\\\/#primaryimage\"},\"thumbnailUrl\":\"https:\\\/\\\/italcamara-es.com\\\/wp-content\\\/uploads\\\/2025\\\/03\\\/immagine-tiepolo-notizia-500-DEF.png\",\"keywords\":[\"Notizie di la CCIS\"],\"articleSection\":[\"Notizie\"],\"inLanguage\":\"it-IT\",\"potentialAction\":[{\"@type\":\"CommentAction\",\"name\":\"Comment\",\"target\":[\"https:\\\/\\\/italcamara-es.com\\\/noticias\\\/andres-arizkorreta-caf-y-andrea-sironi-generali-premio-tiepolo-2024\\\/#respond\"]}]},{\"@type\":\"WebPage\",\"@id\":\"https:\\\/\\\/italcamara-es.com\\\/noticias\\\/andres-arizkorreta-caf-y-andrea-sironi-generali-premio-tiepolo-2024\\\/\",\"url\":\"https:\\\/\\\/italcamara-es.com\\\/noticias\\\/andres-arizkorreta-caf-y-andrea-sironi-generali-premio-tiepolo-2024\\\/\",\"name\":\"Andrea Sironi (Generali) e Andr\u00e9s Arizkorreta (CAF), Premio Tiepolo 2024 - Italcamara\",\"isPartOf\":{\"@id\":\"https:\\\/\\\/italcamara-es.com\\\/#website\"},\"primaryImageOfPage\":{\"@id\":\"https:\\\/\\\/italcamara-es.com\\\/noticias\\\/andres-arizkorreta-caf-y-andrea-sironi-generali-premio-tiepolo-2024\\\/#primaryimage\"},\"image\":{\"@id\":\"https:\\\/\\\/italcamara-es.com\\\/noticias\\\/andres-arizkorreta-caf-y-andrea-sironi-generali-premio-tiepolo-2024\\\/#primaryimage\"},\"thumbnailUrl\":\"https:\\\/\\\/italcamara-es.com\\\/wp-content\\\/uploads\\\/2025\\\/03\\\/immagine-tiepolo-notizia-500-DEF.png\",\"datePublished\":\"2024-11-04T09:14:37+00:00\",\"author\":{\"@id\":\"https:\\\/\\\/italcamara-es.com\\\/#\\\/schema\\\/person\\\/bb3c56263e405bbd9a15171dcfee93bb\"},\"breadcrumb\":{\"@id\":\"https:\\\/\\\/italcamara-es.com\\\/noticias\\\/andres-arizkorreta-caf-y-andrea-sironi-generali-premio-tiepolo-2024\\\/#breadcrumb\"},\"inLanguage\":\"it-IT\",\"potentialAction\":[{\"@type\":\"ReadAction\",\"target\":[\"https:\\\/\\\/italcamara-es.com\\\/noticias\\\/andres-arizkorreta-caf-y-andrea-sironi-generali-premio-tiepolo-2024\\\/\"]}]},{\"@type\":\"ImageObject\",\"inLanguage\":\"it-IT\",\"@id\":\"https:\\\/\\\/italcamara-es.com\\\/noticias\\\/andres-arizkorreta-caf-y-andrea-sironi-generali-premio-tiepolo-2024\\\/#primaryimage\",\"url\":\"https:\\\/\\\/italcamara-es.com\\\/wp-content\\\/uploads\\\/2025\\\/03\\\/immagine-tiepolo-notizia-500-DEF.png\",\"contentUrl\":\"https:\\\/\\\/italcamara-es.com\\\/wp-content\\\/uploads\\\/2025\\\/03\\\/immagine-tiepolo-notizia-500-DEF.png\",\"width\":500,\"height\":250},{\"@type\":\"BreadcrumbList\",\"@id\":\"https:\\\/\\\/italcamara-es.com\\\/noticias\\\/andres-arizkorreta-caf-y-andrea-sironi-generali-premio-tiepolo-2024\\\/#breadcrumb\",\"itemListElement\":[{\"@type\":\"ListItem\",\"position\":1,\"name\":\"Inicio\",\"item\":\"https:\\\/\\\/italcamara-es.com\\\/it\\\/homepage-ita\\\/\"},{\"@type\":\"ListItem\",\"position\":2,\"name\":\"Andrea Sironi (Generali) e Andr\u00e9s Arizkorreta (CAF), Premio Tiepolo 2024\"}]},{\"@type\":\"WebSite\",\"@id\":\"https:\\\/\\\/italcamara-es.com\\\/#website\",\"url\":\"https:\\\/\\\/italcamara-es.com\\\/\",\"name\":\"Italcamara\",\"description\":\"\",\"potentialAction\":[{\"@type\":\"SearchAction\",\"target\":{\"@type\":\"EntryPoint\",\"urlTemplate\":\"https:\\\/\\\/italcamara-es.com\\\/?s={search_term_string}\"},\"query-input\":{\"@type\":\"PropertyValueSpecification\",\"valueRequired\":true,\"valueName\":\"search_term_string\"}}],\"inLanguage\":\"it-IT\"},{\"@type\":\"Person\",\"@id\":\"https:\\\/\\\/italcamara-es.com\\\/#\\\/schema\\\/person\\\/bb3c56263e405bbd9a15171dcfee93bb\",\"name\":\"administrador\",\"image\":{\"@type\":\"ImageObject\",\"inLanguage\":\"it-IT\",\"@id\":\"https:\\\/\\\/secure.gravatar.com\\\/avatar\\\/14b5e63db38320b12031bb28cf9f77e210aa71fb3a8a3602a3c9a05134fa75eb?s=96&d=mm&r=g\",\"url\":\"https:\\\/\\\/secure.gravatar.com\\\/avatar\\\/14b5e63db38320b12031bb28cf9f77e210aa71fb3a8a3602a3c9a05134fa75eb?s=96&d=mm&r=g\",\"contentUrl\":\"https:\\\/\\\/secure.gravatar.com\\\/avatar\\\/14b5e63db38320b12031bb28cf9f77e210aa71fb3a8a3602a3c9a05134fa75eb?s=96&d=mm&r=g\",\"caption\":\"administrador\"},\"sameAs\":[\"http:\\\/\\\/pre.italcamara-es.com\"],\"url\":\"https:\\\/\\\/italcamara-es.com\\\/it\\\/author\\\/administrador\\\/\"}]}<\/script>\n<!-- \/ Yoast SEO plugin. -->","yoast_head_json":{"title":"Andrea Sironi (Generali) e Andr\u00e9s Arizkorreta (CAF), Premio Tiepolo 2024 - Italcamara","robots":{"index":"index","follow":"follow","max-snippet":"max-snippet:-1","max-image-preview":"max-image-preview:large","max-video-preview":"max-video-preview:-1"},"canonical":"https:\/\/italcamara-es.com\/noticias\/andres-arizkorreta-caf-y-andrea-sironi-generali-premio-tiepolo-2024\/","og_locale":"it_IT","og_type":"article","og_title":"Andrea Sironi (Generali) e Andr\u00e9s Arizkorreta (CAF), Premio Tiepolo 2024 - Italcamara","og_description":"La giuria del Premio Tiepolo ha deciso di assegnare il prestigioso riconoscimento ad Andrea Sironi, Presidente di Assicurazioni Generali S.p.A. e Andr\u00e9s Arizkorreta, Presidente di CAF (Construcciones y Auxiliar de Ferrocarriles), in riconoscimento del loro rilevante contributo al rafforzamento dei legami economici e commerciali tra Spagna e Italia. In particolare, la giuria ha sottolineato il [&hellip;]","og_url":"https:\/\/italcamara-es.com\/noticias\/andres-arizkorreta-caf-y-andrea-sironi-generali-premio-tiepolo-2024\/","og_site_name":"Italcamara","article_published_time":"2024-11-04T09:14:37+00:00","og_image":[{"width":500,"height":250,"url":"https:\/\/italcamara-es.com\/wp-content\/uploads\/2025\/03\/immagine-tiepolo-notizia-500-DEF.png","type":"image\/png"}],"author":"administrador","twitter_card":"summary_large_image","twitter_misc":{"Scritto da":"administrador","Tempo di lettura stimato":"4 minuti"},"schema":{"@context":"https:\/\/schema.org","@graph":[{"@type":"Article","@id":"https:\/\/italcamara-es.com\/noticias\/andres-arizkorreta-caf-y-andrea-sironi-generali-premio-tiepolo-2024\/#article","isPartOf":{"@id":"https:\/\/italcamara-es.com\/noticias\/andres-arizkorreta-caf-y-andrea-sironi-generali-premio-tiepolo-2024\/"},"author":{"name":"administrador","@id":"https:\/\/italcamara-es.com\/#\/schema\/person\/bb3c56263e405bbd9a15171dcfee93bb"},"headline":"Andrea Sironi (Generali) e Andr\u00e9s Arizkorreta (CAF), Premio Tiepolo 2024","datePublished":"2024-11-04T09:14:37+00:00","mainEntityOfPage":{"@id":"https:\/\/italcamara-es.com\/noticias\/andres-arizkorreta-caf-y-andrea-sironi-generali-premio-tiepolo-2024\/"},"wordCount":922,"commentCount":0,"image":{"@id":"https:\/\/italcamara-es.com\/noticias\/andres-arizkorreta-caf-y-andrea-sironi-generali-premio-tiepolo-2024\/#primaryimage"},"thumbnailUrl":"https:\/\/italcamara-es.com\/wp-content\/uploads\/2025\/03\/immagine-tiepolo-notizia-500-DEF.png","keywords":["Notizie di la CCIS"],"articleSection":["Notizie"],"inLanguage":"it-IT","potentialAction":[{"@type":"CommentAction","name":"Comment","target":["https:\/\/italcamara-es.com\/noticias\/andres-arizkorreta-caf-y-andrea-sironi-generali-premio-tiepolo-2024\/#respond"]}]},{"@type":"WebPage","@id":"https:\/\/italcamara-es.com\/noticias\/andres-arizkorreta-caf-y-andrea-sironi-generali-premio-tiepolo-2024\/","url":"https:\/\/italcamara-es.com\/noticias\/andres-arizkorreta-caf-y-andrea-sironi-generali-premio-tiepolo-2024\/","name":"Andrea Sironi (Generali) e Andr\u00e9s Arizkorreta (CAF), Premio Tiepolo 2024 - Italcamara","isPartOf":{"@id":"https:\/\/italcamara-es.com\/#website"},"primaryImageOfPage":{"@id":"https:\/\/italcamara-es.com\/noticias\/andres-arizkorreta-caf-y-andrea-sironi-generali-premio-tiepolo-2024\/#primaryimage"},"image":{"@id":"https:\/\/italcamara-es.com\/noticias\/andres-arizkorreta-caf-y-andrea-sironi-generali-premio-tiepolo-2024\/#primaryimage"},"thumbnailUrl":"https:\/\/italcamara-es.com\/wp-content\/uploads\/2025\/03\/immagine-tiepolo-notizia-500-DEF.png","datePublished":"2024-11-04T09:14:37+00:00","author":{"@id":"https:\/\/italcamara-es.com\/#\/schema\/person\/bb3c56263e405bbd9a15171dcfee93bb"},"breadcrumb":{"@id":"https:\/\/italcamara-es.com\/noticias\/andres-arizkorreta-caf-y-andrea-sironi-generali-premio-tiepolo-2024\/#breadcrumb"},"inLanguage":"it-IT","potentialAction":[{"@type":"ReadAction","target":["https:\/\/italcamara-es.com\/noticias\/andres-arizkorreta-caf-y-andrea-sironi-generali-premio-tiepolo-2024\/"]}]},{"@type":"ImageObject","inLanguage":"it-IT","@id":"https:\/\/italcamara-es.com\/noticias\/andres-arizkorreta-caf-y-andrea-sironi-generali-premio-tiepolo-2024\/#primaryimage","url":"https:\/\/italcamara-es.com\/wp-content\/uploads\/2025\/03\/immagine-tiepolo-notizia-500-DEF.png","contentUrl":"https:\/\/italcamara-es.com\/wp-content\/uploads\/2025\/03\/immagine-tiepolo-notizia-500-DEF.png","width":500,"height":250},{"@type":"BreadcrumbList","@id":"https:\/\/italcamara-es.com\/noticias\/andres-arizkorreta-caf-y-andrea-sironi-generali-premio-tiepolo-2024\/#breadcrumb","itemListElement":[{"@type":"ListItem","position":1,"name":"Inicio","item":"https:\/\/italcamara-es.com\/it\/homepage-ita\/"},{"@type":"ListItem","position":2,"name":"Andrea Sironi (Generali) e Andr\u00e9s Arizkorreta (CAF), Premio Tiepolo 2024"}]},{"@type":"WebSite","@id":"https:\/\/italcamara-es.com\/#website","url":"https:\/\/italcamara-es.com\/","name":"Italcamara","description":"","potentialAction":[{"@type":"SearchAction","target":{"@type":"EntryPoint","urlTemplate":"https:\/\/italcamara-es.com\/?s={search_term_string}"},"query-input":{"@type":"PropertyValueSpecification","valueRequired":true,"valueName":"search_term_string"}}],"inLanguage":"it-IT"},{"@type":"Person","@id":"https:\/\/italcamara-es.com\/#\/schema\/person\/bb3c56263e405bbd9a15171dcfee93bb","name":"administrador","image":{"@type":"ImageObject","inLanguage":"it-IT","@id":"https:\/\/secure.gravatar.com\/avatar\/14b5e63db38320b12031bb28cf9f77e210aa71fb3a8a3602a3c9a05134fa75eb?s=96&d=mm&r=g","url":"https:\/\/secure.gravatar.com\/avatar\/14b5e63db38320b12031bb28cf9f77e210aa71fb3a8a3602a3c9a05134fa75eb?s=96&d=mm&r=g","contentUrl":"https:\/\/secure.gravatar.com\/avatar\/14b5e63db38320b12031bb28cf9f77e210aa71fb3a8a3602a3c9a05134fa75eb?s=96&d=mm&r=g","caption":"administrador"},"sameAs":["http:\/\/pre.italcamara-es.com"],"url":"https:\/\/italcamara-es.com\/it\/author\/administrador\/"}]}},"rttpg_featured_image_url":{"full":["https:\/\/italcamara-es.com\/wp-content\/uploads\/2025\/03\/immagine-tiepolo-notizia-500-DEF.png",500,250,false],"landscape":["https:\/\/italcamara-es.com\/wp-content\/uploads\/2025\/03\/immagine-tiepolo-notizia-500-DEF.png",500,250,false],"portraits":["https:\/\/italcamara-es.com\/wp-content\/uploads\/2025\/03\/immagine-tiepolo-notizia-500-DEF.png",500,250,false],"thumbnail":["https:\/\/italcamara-es.com\/wp-content\/uploads\/2025\/03\/immagine-tiepolo-notizia-500-DEF-150x150.png",150,150,true],"medium":["https:\/\/italcamara-es.com\/wp-content\/uploads\/2025\/03\/immagine-tiepolo-notizia-500-DEF-300x150.png",300,150,true],"large":["https:\/\/italcamara-es.com\/wp-content\/uploads\/2025\/03\/immagine-tiepolo-notizia-500-DEF.png",500,250,false],"1536x1536":["https:\/\/italcamara-es.com\/wp-content\/uploads\/2025\/03\/immagine-tiepolo-notizia-500-DEF.png",500,250,false],"2048x2048":["https:\/\/italcamara-es.com\/wp-content\/uploads\/2025\/03\/immagine-tiepolo-notizia-500-DEF.png",500,250,false],"ocean-thumb-m":["https:\/\/italcamara-es.com\/wp-content\/uploads\/2025\/03\/immagine-tiepolo-notizia-500-DEF.png",500,250,false],"ocean-thumb-ml":["https:\/\/italcamara-es.com\/wp-content\/uploads\/2025\/03\/immagine-tiepolo-notizia-500-DEF.png",500,250,false],"ocean-thumb-l":["https:\/\/italcamara-es.com\/wp-content\/uploads\/2025\/03\/immagine-tiepolo-notizia-500-DEF.png",500,250,false],"directorist_preview":["https:\/\/italcamara-es.com\/wp-content\/uploads\/2025\/03\/immagine-tiepolo-notizia-500-DEF.png",500,250,false]},"rttpg_author":{"display_name":"administrador","author_link":"https:\/\/italcamara-es.com\/it\/author\/administrador\/"},"rttpg_comment":0,"rttpg_category":"<a href=\"https:\/\/italcamara-es.com\/it\/category\/notizie\/\" rel=\"category tag\">Notizie<\/a>","rttpg_excerpt":"La giuria del Premio Tiepolo ha deciso di assegnare il prestigioso riconoscimento ad Andrea Sironi, Presidente di Assicurazioni Generali S.p.A. e Andr\u00e9s Arizkorreta, Presidente di CAF (Construcciones y Auxiliar de Ferrocarriles), in riconoscimento del loro rilevante contributo al rafforzamento dei legami economici e commerciali tra Spagna e Italia. In particolare, la giuria ha sottolineato il&hellip;","_links":{"self":[{"href":"https:\/\/italcamara-es.com\/it\/wp-json\/wp\/v2\/posts\/56468","targetHints":{"allow":["GET"]}}],"collection":[{"href":"https:\/\/italcamara-es.com\/it\/wp-json\/wp\/v2\/posts"}],"about":[{"href":"https:\/\/italcamara-es.com\/it\/wp-json\/wp\/v2\/types\/post"}],"author":[{"embeddable":true,"href":"https:\/\/italcamara-es.com\/it\/wp-json\/wp\/v2\/users\/1"}],"replies":[{"embeddable":true,"href":"https:\/\/italcamara-es.com\/it\/wp-json\/wp\/v2\/comments?post=56468"}],"version-history":[{"count":0,"href":"https:\/\/italcamara-es.com\/it\/wp-json\/wp\/v2\/posts\/56468\/revisions"}],"wp:featuredmedia":[{"embeddable":true,"href":"https:\/\/italcamara-es.com\/it\/wp-json\/wp\/v2\/media\/56469"}],"wp:attachment":[{"href":"https:\/\/italcamara-es.com\/it\/wp-json\/wp\/v2\/media?parent=56468"}],"wp:term":[{"taxonomy":"category","embeddable":true,"href":"https:\/\/italcamara-es.com\/it\/wp-json\/wp\/v2\/categories?post=56468"},{"taxonomy":"post_tag","embeddable":true,"href":"https:\/\/italcamara-es.com\/it\/wp-json\/wp\/v2\/tags?post=56468"}],"curies":[{"name":"wp","href":"https:\/\/api.w.org\/{rel}","templated":true}]}}