	{"id":56473,"date":"2024-11-19T11:14:05","date_gmt":"2024-11-19T10:14:05","guid":{"rendered":"http:\/\/pre.italcamara-es.com\/senza-categoria\/andrea-sironi-generali-e-andres-arizkorreta-caf-ricevono-a-madrid-il-premio-tiepolo-2024\/"},"modified":"2025-03-30T13:55:35","modified_gmt":"2025-03-30T11:55:35","slug":"andrea-sironi-generali-e-andres-arizkorreta-caf-ricevono-a-madrid-il-premio-tiepolo-2024","status":"publish","type":"post","link":"https:\/\/italcamara-es.com\/it\/notizie\/andrea-sironi-generali-e-andres-arizkorreta-caf-ricevono-a-madrid-il-premio-tiepolo-2024\/","title":{"rendered":"Andrea Sironi (Generali) e Andr\u00e9s Arizkorreta (CAF) ricevono a Madrid il Premio Tiepolo 2024"},"content":{"rendered":"\n<p><strong>Andrea Sironi<\/strong>, presidente di Assicurazioni Generali, e<strong> <\/strong><strong>Andr\u00e9s Arizkorreta<\/strong>, presidente di CAF (Construcciones y Auxiliar de Ferrocarriles), sono stati insigniti del <strong>Premio Tiepolo. <\/strong>Dal 1996, il premio riconosce la carriera di personalit\u00e0 spagnole e italiane di successo in campo economico e imprenditoriale e il loro contributo al rafforzamento delle relazioni tra i due Paesi.<\/p>\n\n\n\n<p>La cerimonia di consegna del prestigioso premio, assegnato congiuntamente dalla <strong>Camera di Commercio e Industria Italiana per la Spagna (CCIS) <\/strong>e dalla <strong>Confederaci\u00f3n Espa\u00f1ola de Organizaciones Empresariales <\/strong><strong>(CEOE)<\/strong>, sotti gli auspici dell&#8217;<strong>Ambasciata d&#8217;Italia<\/strong>, si \u00e8 svolta a Madrid, lo scorso 18 novembre, presso il Palazzo Amboage, sede della rappresentanza diplomatica della Repubblica Italiana, alla presenza di numerosi esponenti istituzionali e rappresentanti del mondo economico e imprenditoriale di entrambi i Paesi. In particolare, all&#8217;evento hanno partecipato l&#8217;Ambasciatore d&#8217;Italia in Spagna, <strong>Giuseppe Buccino Grimaldi, <\/strong>la Segretaria di Stato al Commercio del Governo spagnolo, <strong>Amparo L\u00f3pez Senovilla, <\/strong>l&#8217;Ambasciatore di Spagna in Italia, <strong>Miguel \u00c1ngel Fern\u00e1ndez-Palacios Mart\u00ednez, <\/strong>i presidenti della CCIS, <strong>Marco Pizzi<\/strong>, e CEOE, <strong>Antonio Garamendi<\/strong>, il Vicepresidente di Confindustria e Presidente del Movimento dei Giovani Imprenditori, <strong>Riccardo Di Stefano<\/strong>, e il Presidente della CEAJE (Confederaci\u00f3n Espa\u00f1ola de Asociaciones de J\u00f3venes Empresarios), <strong>Ferm\u00edn Albaladejo.<\/strong><\/p>\n\n\n<div class=\"wp-block-image\">\n<figure class=\"aligncenter size-full\"><img decoding=\"async\" src=\"https:\/\/www.italcamara-es.com\/wp-content\/uploads\/2024\/11\/Tiepolo-3.jpg\" alt=\"\" class=\"wp-image-38025\"\/><\/figure>\n<\/div>\n\n\n<p>Alla giornalista e conduttrice televisiva <strong>Laila Jimenez <\/strong>\u00e8 spettato il compito di aprire la cerimonia di premiazione, sottolineando la carriera di successo dei vincitori e il loro contributo al rafforzamento delle relazioni economiche e commerciali tra Italia e Spagna. In particolare, ricordando le motivazioni che hanno spinto la giuria ad assegnare il premio ai due imprenditori protagonisti della serata, ha evidenziato il ruolo di Arizkorreta e dell&#8217;azienda da lui presieduta nella modernizzazione e nella coesione del settore dei trasporti nelle principali regioni italiane, promuovendo una mobilit\u00e0 pi\u00f9 pulita e sostenibile e raggiungendo una maggiore efficienza energetica. Ha inoltre sottolineato il lavoro svolto da Andrea Sironi nel consolidare Assicurazioni Generali come uno dei principali attori del mercato assicurativo in Spagna, dove la compagnia \u00e8 presente dal 1834. &nbsp;<\/p>\n\n\n\n<p><em>&#8220;Interscambio e investimenti bilaterali importanti sono il frutto di relazioni di lunga data, che coltivano una fiducia imprenditoriale reciproca e duratura&#8221;, ha <\/em>dichiarato l&#8217;Ambasciatore Buccino Grimaldi, aggiungendo che <em>&#8220;i premiati di quest&#8217;anno sono emblematici in questo senso: storie di successo che rafforzano in modo significativo le relazioni economiche tra Italia e Spagna&#8221;.<\/em><\/p>\n\n\n\n<p>Da parte sua, il presidente della CEOE, Antonio Garamendi, si \u00e8 congratulato con &#8220;<em>due persone che lavorano da molti anni per costruire questo ponte bidirezionale tra le aziende spagnole e italiane, in modo che i nostri tessuti imprenditoriali siano in grado di unire ancora pi\u00f9 forze<\/em>&#8220;.<\/p>\n\n\n\n<p>Il Presidente della CCIS, Marco Pizzi, ha sottolineato che &#8220;<em>i due premiati rappresentano perfettamente i valori fondamentali che sono alla base delle strette relazioni economiche e commerciali tra Spagna e Italia e che si riflettono nel Premio Tiepolo: fiducia e riconoscimento<\/em>&#8220;.<strong><u><\/u><\/strong><\/p>\n\n\n<div class=\"wp-block-image\">\n<figure class=\"aligncenter size-full\"><img decoding=\"async\" src=\"https:\/\/www.italcamara-es.com\/wp-content\/uploads\/2024\/11\/Tiepolo-1-1.jpg\" alt=\"\" class=\"wp-image-38026\"\/><\/figure>\n<\/div>\n\n\n<p><strong><u>Andrea Sironi, alla guida di Assicurazioni Generali nell&#8217;anno del 190\u00b0 anniversario della sua presenza in Spagna<\/u><\/strong><\/p>\n\n\n\n<p><strong>Andrea Sironi <\/strong>(Milano, 1964) \u00e8 Presidente del Consiglio di Amministrazione di Assicurazioni Generali dal febbraio 2022.<\/p>\n\n\n\n<p>Laureato in Economia all&#8217;Universit\u00e0 Bocconi di Milano, nel corso della sua carriera presso questa istituzione \u00e8 stato Rettore, Prorettore alle Relazioni internazionali, Dean della Scuola Graduate e direttore della Divisione Ricerca della SDA Bocconi. La sua attivit\u00e0 di ricerca si \u00e8 concentrata sulla misurazione e la gestione dei rischi nelle istituzioni finanziarie e la regolamentazione dei mercati e delle istituzioni finanziarie, pubblicando numerosi articoli su riviste scientifiche nazionali e internazionali, nonch\u00e9 diversi libri di riferimento in Italia e a livello internazionale.<\/p>\n\n\n\n<p>Durante la sua presidenza, Assicurazioni Generali ha rafforzato la sua presenza a livello globale, consolidando la propria posizione come una delle maggiori compagnie assicurative e di asset management del mondo, con attivit\u00e0 in oltre 50 Paesi e una raccolta premi che ha raggiunto gli 82,5 miliardi di euro nel 2023. All&#8217;inizio di quest&#8217;anno, Generali ha completato l&#8217;acquisizione di Liberty Seguros in Spagna, Portogallo e Irlanda, un&#8217;operazione del valore di circa 2,3 miliardi di euro. Grazie a questa acquisizione, la compagnia \u00e8 salita al quinto posto nel segmento Non Vita in Spagna, ha rafforzato la sua posizione di secondo operatore in Portogallo ed \u00e8 entrata nel mercato irlandese tra i primi 10 assicuratori Non Vita.<\/p>\n\n\n\n<p><em>&#8220;\u00c8 un onore ricevere questo premio che riconosce l&#8217;importante contributo di Generali alla societ\u00e0 e all&#8217;economia spagnola. \u00c8 un mercato storico per noi, attualmente il quarto pi\u00f9 importante per il Gruppo Generali\u201d<\/em>, ha dichiarato <strong>Sironi.<\/strong><em> \u201cOggi vorrei esprimere, a nome di tutti coloro che fanno parte di Generali, la nostra solidariet\u00e0 alla Spagna e in particolare alle persone che stanno soffrendo tanto per la terribile catastrofe di Valencia<\/em>&#8220;.<\/p>\n\n\n<div class=\"wp-block-image\">\n<figure class=\"aligncenter size-full\"><img decoding=\"async\" src=\"https:\/\/www.italcamara-es.com\/wp-content\/uploads\/2024\/11\/Sironi-1.jpg\" alt=\"\" class=\"wp-image-38027\"\/><\/figure>\n<\/div>\n\n\n<p><\/p>\n\n\n\n<p>Quest&#8217;anno Generali celebra il 190\u00b0 anniversario del suo arrivo in Spagna, essendo una delle compagnie italiane con pi\u00f9 lunga presenza nel Paese e uno dei principali attori del mercato assicurativo. In Spagna, il gruppo ha quasi 3.000 dipendenti e una delle pi\u00f9 grandi reti di consulenti, con oltre 1.600 uffici e 10.000 consulenti attivi.<\/p>\n\n\n\n<p><strong><u>Andr\u00e9s Arizkorreta, promotore della trasformazione del trasporto urbano verso un modello pi\u00f9 efficiente e sostenibile<\/u><\/strong><\/p>\n\n\n\n<p><strong>Andr\u00e9s Arizkorreta Garc\u00eda <\/strong>(San Sebasti\u00e1n, 1956) \u00e8 presidente di CAF (Construcciones y Auxiliar de Ferrocarriles) dal dicembre 2015. Laureato in Economia e Commercio presso l&#8217;Universit\u00e0 di Deusto, \u00e8 entrato in CAF nel 1980 e ha ricoperto diverse posizioni di responsabilit\u00e0 nell&#8217;azienda, tra cui quella di amministratore delegato, tra il 2006 e il settembre 2021.<\/p>\n\n\n\n<p><em>&#8220;Questo premio \u00e8 motivo di orgoglio per me e per tutti coloro che fanno parte del Gruppo CAF, in quanto \u00e8 un riconoscimento del contributo dell&#8217;azienda alle relazioni commerciali e imprenditoriali tra Spagna e Italia&#8221;<\/em>, ha dichiarato il Presidente di CAF nel suo discorso.<\/p>\n\n\n\n<p>Durante la sua presidenza, CAF \u00e8 riuscita a consolidare la sua posizione di punto di riferimento globale nella mobilit\u00e0 urbana e interurbana e ha rafforzato la sua posizione di leadership nel mercato italiano, dando un contributo significativo alla trasformazione del trasporto urbano verso un modello pi\u00f9 efficiente e sostenibile. La presenza di CAF in Italia \u00e8 cresciuta significativamente negli ultimi anni, con l&#8217;aggiudicazione di contratti chiave per la fornitura e la manutenzione di tram, unit\u00e0 di reti metropolitane, nonch\u00e9 autobus a idrogeno ed elettrici, in citt\u00e0 come Roma, Palermo, Napoli, Venezia, Cagliari, Milano e Catania.<\/p>\n\n\n<div class=\"wp-block-image\">\n<figure class=\"aligncenter size-full\"><img decoding=\"async\" src=\"https:\/\/www.italcamara-es.com\/wp-content\/uploads\/2024\/11\/Arizkorreta-1.jpg\" alt=\"\" class=\"wp-image-38028\"\/><\/figure>\n<\/div>\n\n\n<p>Particolarmente degni di nota sono i due pi\u00f9 recenti accordi firmati quest&#8217;anno a Bologna e a Roma, per un volume complessivo di 200 milioni di euro. A Bologna, CAF si \u00e8 aggiudicato un Contratto Quadro per la fornitura e la manutenzione di tram; a Roma, ha esteso la collaborazione con l&#8217;operatore ATAC S.p.A. estendendo il contratto per la fornitura della nuova flotta tranviaria della capitale italiana.<\/p>\n\n\n\n<p>&#8220;<em>In questi ultimi anni ci siamo impegnati a rafforzare la nostra presenza sul mercato italiano, attraverso lo sviluppo di importanti progetti nel campo della mobilit\u00e0 sostenibile, sia nel settore ferroviario che in quello degli autobus&#8221;, <\/em>ha sottolineato <strong>Arizkorreta<\/strong><em>. &#8220;<\/em><em>Come Presidente di CAF, non posso che apprezzare i successi ottenuti e ribadire la nostra intenzione di continuare a contribuire alla crescita economica e al miglioramento della qualit\u00e0 della vita della societ\u00e0 italiana&#8221;.<\/em><\/p>\n\n\n\n<p><\/p>\n\n\n\n<p><\/p>\n\n\n\n<p><\/p>\n\n\n\n<p><\/p>\n","protected":false},"excerpt":{"rendered":"<p>Andrea Sironi, presidente di Assicurazioni Generali, e Andr\u00e9s Arizkorreta, presidente di CAF (Construcciones y Auxiliar de Ferrocarriles), sono stati insigniti del Premio Tiepolo. Dal 1996, il premio riconosce la carriera di personalit\u00e0 spagnole e italiane di successo in campo economico e imprenditoriale e il loro contributo al rafforzamento delle relazioni tra i due Paesi. La [&hellip;]<\/p>\n","protected":false},"author":1,"featured_media":54088,"comment_status":"open","ping_status":"open","sticky":false,"template":"","format":"standard","meta":{"inline_featured_image":false,"ocean_post_layout":"","ocean_both_sidebars_style":"","ocean_both_sidebars_content_width":0,"ocean_both_sidebars_sidebars_width":0,"ocean_sidebar":"","ocean_second_sidebar":"","ocean_disable_margins":"enable","ocean_add_body_class":"","ocean_shortcode_before_top_bar":"","ocean_shortcode_after_top_bar":"","ocean_shortcode_before_header":"","ocean_shortcode_after_header":"","ocean_has_shortcode":"","ocean_shortcode_after_title":"","ocean_shortcode_before_footer_widgets":"","ocean_shortcode_after_footer_widgets":"","ocean_shortcode_before_footer_bottom":"","ocean_shortcode_after_footer_bottom":"","ocean_display_top_bar":"default","ocean_display_header":"default","ocean_header_style":"","ocean_center_header_left_menu":"","ocean_custom_header_template":"","ocean_custom_logo":0,"ocean_custom_retina_logo":0,"ocean_custom_logo_max_width":0,"ocean_custom_logo_tablet_max_width":0,"ocean_custom_logo_mobile_max_width":0,"ocean_custom_logo_max_height":0,"ocean_custom_logo_tablet_max_height":0,"ocean_custom_logo_mobile_max_height":0,"ocean_header_custom_menu":"","ocean_menu_typo_font_family":"","ocean_menu_typo_font_subset":"","ocean_menu_typo_font_size":0,"ocean_menu_typo_font_size_tablet":0,"ocean_menu_typo_font_size_mobile":0,"ocean_menu_typo_font_size_unit":"px","ocean_menu_typo_font_weight":"","ocean_menu_typo_font_weight_tablet":"","ocean_menu_typo_font_weight_mobile":"","ocean_menu_typo_transform":"","ocean_menu_typo_transform_tablet":"","ocean_menu_typo_transform_mobile":"","ocean_menu_typo_line_height":0,"ocean_menu_typo_line_height_tablet":0,"ocean_menu_typo_line_height_mobile":0,"ocean_menu_typo_line_height_unit":"","ocean_menu_typo_spacing":0,"ocean_menu_typo_spacing_tablet":0,"ocean_menu_typo_spacing_mobile":0,"ocean_menu_typo_spacing_unit":"","ocean_menu_link_color":"","ocean_menu_link_color_hover":"","ocean_menu_link_color_active":"","ocean_menu_link_background":"","ocean_menu_link_hover_background":"","ocean_menu_link_active_background":"","ocean_menu_social_links_bg":"","ocean_menu_social_hover_links_bg":"","ocean_menu_social_links_color":"","ocean_menu_social_hover_links_color":"","ocean_disable_title":"default","ocean_disable_heading":"default","ocean_post_title":"","ocean_post_subheading":"","ocean_post_title_style":"","ocean_post_title_background_color":"","ocean_post_title_background":0,"ocean_post_title_bg_image_position":"","ocean_post_title_bg_image_attachment":"","ocean_post_title_bg_image_repeat":"","ocean_post_title_bg_image_size":"","ocean_post_title_height":0,"ocean_post_title_bg_overlay":0.5,"ocean_post_title_bg_overlay_color":"","ocean_disable_breadcrumbs":"default","ocean_breadcrumbs_color":"","ocean_breadcrumbs_separator_color":"","ocean_breadcrumbs_links_color":"","ocean_breadcrumbs_links_hover_color":"","ocean_display_footer_widgets":"default","ocean_display_footer_bottom":"default","ocean_custom_footer_template":"","ocean_post_oembed":"","ocean_post_self_hosted_media":"","ocean_post_video_embed":"","ocean_link_format":"","ocean_link_format_target":"self","ocean_quote_format":"","ocean_quote_format_link":"post","ocean_gallery_link_images":"on","ocean_gallery_id":[],"footnotes":""},"categories":[133],"tags":[139,138],"class_list":["post-56473","post","type-post","status-publish","format-standard","has-post-thumbnail","hentry","category-notizie","tag-notizie-di-la-ccis","tag-notizie-di-mercato","entry","has-media"],"yoast_head":"<!-- This site is optimized with the Yoast SEO plugin v27.4 - https:\/\/yoast.com\/product\/yoast-seo-wordpress\/ -->\n<title>Andrea Sironi (Generali) e Andr\u00e9s Arizkorreta (CAF) ricevono a Madrid il Premio Tiepolo 2024 - Italcamara<\/title>\n<meta name=\"robots\" content=\"index, follow, max-snippet:-1, max-image-preview:large, max-video-preview:-1\" \/>\n<link rel=\"canonical\" href=\"https:\/\/italcamara-es.com\/noticias\/andres-arizkorreta-caf-y-andrea-sironi-generali-reciben-en-madrid-el-premio-tiepolo-2024\/\" \/>\n<meta property=\"og:locale\" content=\"it_IT\" \/>\n<meta property=\"og:type\" content=\"article\" \/>\n<meta property=\"og:title\" content=\"Andrea Sironi (Generali) e Andr\u00e9s Arizkorreta (CAF) ricevono a Madrid il Premio Tiepolo 2024 - Italcamara\" \/>\n<meta property=\"og:description\" content=\"Andrea Sironi, presidente di Assicurazioni Generali, e Andr\u00e9s Arizkorreta, presidente di CAF (Construcciones y Auxiliar de Ferrocarriles), sono stati insigniti del Premio Tiepolo. Dal 1996, il premio riconosce la carriera di personalit\u00e0 spagnole e italiane di successo in campo economico e imprenditoriale e il loro contributo al rafforzamento delle relazioni tra i due Paesi. La [&hellip;]\" \/>\n<meta property=\"og:url\" content=\"https:\/\/italcamara-es.com\/noticias\/andres-arizkorreta-caf-y-andrea-sironi-generali-reciben-en-madrid-el-premio-tiepolo-2024\/\" \/>\n<meta property=\"og:site_name\" content=\"Italcamara\" \/>\n<meta property=\"article:published_time\" content=\"2024-11-19T10:14:05+00:00\" \/>\n<meta property=\"article:modified_time\" content=\"2025-03-30T11:55:35+00:00\" \/>\n<meta property=\"og:image\" content=\"https:\/\/italcamara-es.com\/wp-content\/uploads\/2025\/03\/Tiepolo-500.jpg\" \/>\n\t<meta property=\"og:image:width\" content=\"500\" \/>\n\t<meta property=\"og:image:height\" content=\"280\" \/>\n\t<meta property=\"og:image:type\" content=\"image\/jpeg\" \/>\n<meta name=\"author\" content=\"administrador\" \/>\n<meta name=\"twitter:card\" content=\"summary_large_image\" \/>\n<meta name=\"twitter:label1\" content=\"Scritto da\" \/>\n\t<meta name=\"twitter:data1\" content=\"administrador\" \/>\n\t<meta name=\"twitter:label2\" content=\"Tempo di lettura stimato\" \/>\n\t<meta name=\"twitter:data2\" content=\"6 minuti\" \/>\n<script type=\"application\/ld+json\" class=\"yoast-schema-graph\">{\"@context\":\"https:\\\/\\\/schema.org\",\"@graph\":[{\"@type\":\"Article\",\"@id\":\"https:\\\/\\\/italcamara-es.com\\\/noticias\\\/andres-arizkorreta-caf-y-andrea-sironi-generali-reciben-en-madrid-el-premio-tiepolo-2024\\\/#article\",\"isPartOf\":{\"@id\":\"https:\\\/\\\/italcamara-es.com\\\/noticias\\\/andres-arizkorreta-caf-y-andrea-sironi-generali-reciben-en-madrid-el-premio-tiepolo-2024\\\/\"},\"author\":{\"name\":\"administrador\",\"@id\":\"https:\\\/\\\/italcamara-es.com\\\/#\\\/schema\\\/person\\\/bb3c56263e405bbd9a15171dcfee93bb\"},\"headline\":\"Andrea Sironi (Generali) e Andr\u00e9s Arizkorreta (CAF) ricevono a Madrid il Premio Tiepolo 2024\",\"datePublished\":\"2024-11-19T10:14:05+00:00\",\"dateModified\":\"2025-03-30T11:55:35+00:00\",\"mainEntityOfPage\":{\"@id\":\"https:\\\/\\\/italcamara-es.com\\\/noticias\\\/andres-arizkorreta-caf-y-andrea-sironi-generali-reciben-en-madrid-el-premio-tiepolo-2024\\\/\"},\"wordCount\":1170,\"commentCount\":0,\"image\":{\"@id\":\"https:\\\/\\\/italcamara-es.com\\\/noticias\\\/andres-arizkorreta-caf-y-andrea-sironi-generali-reciben-en-madrid-el-premio-tiepolo-2024\\\/#primaryimage\"},\"thumbnailUrl\":\"https:\\\/\\\/italcamara-es.com\\\/wp-content\\\/uploads\\\/2025\\\/03\\\/Tiepolo-500.jpg\",\"keywords\":[\"Notizie di la CCIS\",\"Notizie di Mercato\"],\"articleSection\":[\"Notizie\"],\"inLanguage\":\"it-IT\",\"potentialAction\":[{\"@type\":\"CommentAction\",\"name\":\"Comment\",\"target\":[\"https:\\\/\\\/italcamara-es.com\\\/noticias\\\/andres-arizkorreta-caf-y-andrea-sironi-generali-reciben-en-madrid-el-premio-tiepolo-2024\\\/#respond\"]}]},{\"@type\":\"WebPage\",\"@id\":\"https:\\\/\\\/italcamara-es.com\\\/noticias\\\/andres-arizkorreta-caf-y-andrea-sironi-generali-reciben-en-madrid-el-premio-tiepolo-2024\\\/\",\"url\":\"https:\\\/\\\/italcamara-es.com\\\/noticias\\\/andres-arizkorreta-caf-y-andrea-sironi-generali-reciben-en-madrid-el-premio-tiepolo-2024\\\/\",\"name\":\"Andrea Sironi (Generali) e Andr\u00e9s Arizkorreta (CAF) ricevono a Madrid il Premio Tiepolo 2024 - Italcamara\",\"isPartOf\":{\"@id\":\"https:\\\/\\\/italcamara-es.com\\\/#website\"},\"primaryImageOfPage\":{\"@id\":\"https:\\\/\\\/italcamara-es.com\\\/noticias\\\/andres-arizkorreta-caf-y-andrea-sironi-generali-reciben-en-madrid-el-premio-tiepolo-2024\\\/#primaryimage\"},\"image\":{\"@id\":\"https:\\\/\\\/italcamara-es.com\\\/noticias\\\/andres-arizkorreta-caf-y-andrea-sironi-generali-reciben-en-madrid-el-premio-tiepolo-2024\\\/#primaryimage\"},\"thumbnailUrl\":\"https:\\\/\\\/italcamara-es.com\\\/wp-content\\\/uploads\\\/2025\\\/03\\\/Tiepolo-500.jpg\",\"datePublished\":\"2024-11-19T10:14:05+00:00\",\"dateModified\":\"2025-03-30T11:55:35+00:00\",\"author\":{\"@id\":\"https:\\\/\\\/italcamara-es.com\\\/#\\\/schema\\\/person\\\/bb3c56263e405bbd9a15171dcfee93bb\"},\"breadcrumb\":{\"@id\":\"https:\\\/\\\/italcamara-es.com\\\/noticias\\\/andres-arizkorreta-caf-y-andrea-sironi-generali-reciben-en-madrid-el-premio-tiepolo-2024\\\/#breadcrumb\"},\"inLanguage\":\"it-IT\",\"potentialAction\":[{\"@type\":\"ReadAction\",\"target\":[\"https:\\\/\\\/italcamara-es.com\\\/noticias\\\/andres-arizkorreta-caf-y-andrea-sironi-generali-reciben-en-madrid-el-premio-tiepolo-2024\\\/\"]}]},{\"@type\":\"ImageObject\",\"inLanguage\":\"it-IT\",\"@id\":\"https:\\\/\\\/italcamara-es.com\\\/noticias\\\/andres-arizkorreta-caf-y-andrea-sironi-generali-reciben-en-madrid-el-premio-tiepolo-2024\\\/#primaryimage\",\"url\":\"https:\\\/\\\/italcamara-es.com\\\/wp-content\\\/uploads\\\/2025\\\/03\\\/Tiepolo-500.jpg\",\"contentUrl\":\"https:\\\/\\\/italcamara-es.com\\\/wp-content\\\/uploads\\\/2025\\\/03\\\/Tiepolo-500.jpg\",\"width\":500,\"height\":280},{\"@type\":\"BreadcrumbList\",\"@id\":\"https:\\\/\\\/italcamara-es.com\\\/noticias\\\/andres-arizkorreta-caf-y-andrea-sironi-generali-reciben-en-madrid-el-premio-tiepolo-2024\\\/#breadcrumb\",\"itemListElement\":[{\"@type\":\"ListItem\",\"position\":1,\"name\":\"Inicio\",\"item\":\"https:\\\/\\\/italcamara-es.com\\\/it\\\/homepage-ita\\\/\"},{\"@type\":\"ListItem\",\"position\":2,\"name\":\"Andrea Sironi (Generali) e Andr\u00e9s Arizkorreta (CAF) ricevono a Madrid il Premio Tiepolo 2024\"}]},{\"@type\":\"WebSite\",\"@id\":\"https:\\\/\\\/italcamara-es.com\\\/#website\",\"url\":\"https:\\\/\\\/italcamara-es.com\\\/\",\"name\":\"Italcamara\",\"description\":\"\",\"potentialAction\":[{\"@type\":\"SearchAction\",\"target\":{\"@type\":\"EntryPoint\",\"urlTemplate\":\"https:\\\/\\\/italcamara-es.com\\\/?s={search_term_string}\"},\"query-input\":{\"@type\":\"PropertyValueSpecification\",\"valueRequired\":true,\"valueName\":\"search_term_string\"}}],\"inLanguage\":\"it-IT\"},{\"@type\":\"Person\",\"@id\":\"https:\\\/\\\/italcamara-es.com\\\/#\\\/schema\\\/person\\\/bb3c56263e405bbd9a15171dcfee93bb\",\"name\":\"administrador\",\"image\":{\"@type\":\"ImageObject\",\"inLanguage\":\"it-IT\",\"@id\":\"https:\\\/\\\/secure.gravatar.com\\\/avatar\\\/14b5e63db38320b12031bb28cf9f77e210aa71fb3a8a3602a3c9a05134fa75eb?s=96&d=mm&r=g\",\"url\":\"https:\\\/\\\/secure.gravatar.com\\\/avatar\\\/14b5e63db38320b12031bb28cf9f77e210aa71fb3a8a3602a3c9a05134fa75eb?s=96&d=mm&r=g\",\"contentUrl\":\"https:\\\/\\\/secure.gravatar.com\\\/avatar\\\/14b5e63db38320b12031bb28cf9f77e210aa71fb3a8a3602a3c9a05134fa75eb?s=96&d=mm&r=g\",\"caption\":\"administrador\"},\"sameAs\":[\"http:\\\/\\\/pre.italcamara-es.com\"],\"url\":\"https:\\\/\\\/italcamara-es.com\\\/it\\\/author\\\/administrador\\\/\"}]}<\/script>\n<!-- \/ Yoast SEO plugin. -->","yoast_head_json":{"title":"Andrea Sironi (Generali) e Andr\u00e9s Arizkorreta (CAF) ricevono a Madrid il Premio Tiepolo 2024 - Italcamara","robots":{"index":"index","follow":"follow","max-snippet":"max-snippet:-1","max-image-preview":"max-image-preview:large","max-video-preview":"max-video-preview:-1"},"canonical":"https:\/\/italcamara-es.com\/noticias\/andres-arizkorreta-caf-y-andrea-sironi-generali-reciben-en-madrid-el-premio-tiepolo-2024\/","og_locale":"it_IT","og_type":"article","og_title":"Andrea Sironi (Generali) e Andr\u00e9s Arizkorreta (CAF) ricevono a Madrid il Premio Tiepolo 2024 - Italcamara","og_description":"Andrea Sironi, presidente di Assicurazioni Generali, e Andr\u00e9s Arizkorreta, presidente di CAF (Construcciones y Auxiliar de Ferrocarriles), sono stati insigniti del Premio Tiepolo. Dal 1996, il premio riconosce la carriera di personalit\u00e0 spagnole e italiane di successo in campo economico e imprenditoriale e il loro contributo al rafforzamento delle relazioni tra i due Paesi. La [&hellip;]","og_url":"https:\/\/italcamara-es.com\/noticias\/andres-arizkorreta-caf-y-andrea-sironi-generali-reciben-en-madrid-el-premio-tiepolo-2024\/","og_site_name":"Italcamara","article_published_time":"2024-11-19T10:14:05+00:00","article_modified_time":"2025-03-30T11:55:35+00:00","og_image":[{"width":500,"height":280,"url":"https:\/\/italcamara-es.com\/wp-content\/uploads\/2025\/03\/Tiepolo-500.jpg","type":"image\/jpeg"}],"author":"administrador","twitter_card":"summary_large_image","twitter_misc":{"Scritto da":"administrador","Tempo di lettura stimato":"6 minuti"},"schema":{"@context":"https:\/\/schema.org","@graph":[{"@type":"Article","@id":"https:\/\/italcamara-es.com\/noticias\/andres-arizkorreta-caf-y-andrea-sironi-generali-reciben-en-madrid-el-premio-tiepolo-2024\/#article","isPartOf":{"@id":"https:\/\/italcamara-es.com\/noticias\/andres-arizkorreta-caf-y-andrea-sironi-generali-reciben-en-madrid-el-premio-tiepolo-2024\/"},"author":{"name":"administrador","@id":"https:\/\/italcamara-es.com\/#\/schema\/person\/bb3c56263e405bbd9a15171dcfee93bb"},"headline":"Andrea Sironi (Generali) e Andr\u00e9s Arizkorreta (CAF) ricevono a Madrid il Premio Tiepolo 2024","datePublished":"2024-11-19T10:14:05+00:00","dateModified":"2025-03-30T11:55:35+00:00","mainEntityOfPage":{"@id":"https:\/\/italcamara-es.com\/noticias\/andres-arizkorreta-caf-y-andrea-sironi-generali-reciben-en-madrid-el-premio-tiepolo-2024\/"},"wordCount":1170,"commentCount":0,"image":{"@id":"https:\/\/italcamara-es.com\/noticias\/andres-arizkorreta-caf-y-andrea-sironi-generali-reciben-en-madrid-el-premio-tiepolo-2024\/#primaryimage"},"thumbnailUrl":"https:\/\/italcamara-es.com\/wp-content\/uploads\/2025\/03\/Tiepolo-500.jpg","keywords":["Notizie di la CCIS","Notizie di Mercato"],"articleSection":["Notizie"],"inLanguage":"it-IT","potentialAction":[{"@type":"CommentAction","name":"Comment","target":["https:\/\/italcamara-es.com\/noticias\/andres-arizkorreta-caf-y-andrea-sironi-generali-reciben-en-madrid-el-premio-tiepolo-2024\/#respond"]}]},{"@type":"WebPage","@id":"https:\/\/italcamara-es.com\/noticias\/andres-arizkorreta-caf-y-andrea-sironi-generali-reciben-en-madrid-el-premio-tiepolo-2024\/","url":"https:\/\/italcamara-es.com\/noticias\/andres-arizkorreta-caf-y-andrea-sironi-generali-reciben-en-madrid-el-premio-tiepolo-2024\/","name":"Andrea Sironi (Generali) e Andr\u00e9s Arizkorreta (CAF) ricevono a Madrid il Premio Tiepolo 2024 - Italcamara","isPartOf":{"@id":"https:\/\/italcamara-es.com\/#website"},"primaryImageOfPage":{"@id":"https:\/\/italcamara-es.com\/noticias\/andres-arizkorreta-caf-y-andrea-sironi-generali-reciben-en-madrid-el-premio-tiepolo-2024\/#primaryimage"},"image":{"@id":"https:\/\/italcamara-es.com\/noticias\/andres-arizkorreta-caf-y-andrea-sironi-generali-reciben-en-madrid-el-premio-tiepolo-2024\/#primaryimage"},"thumbnailUrl":"https:\/\/italcamara-es.com\/wp-content\/uploads\/2025\/03\/Tiepolo-500.jpg","datePublished":"2024-11-19T10:14:05+00:00","dateModified":"2025-03-30T11:55:35+00:00","author":{"@id":"https:\/\/italcamara-es.com\/#\/schema\/person\/bb3c56263e405bbd9a15171dcfee93bb"},"breadcrumb":{"@id":"https:\/\/italcamara-es.com\/noticias\/andres-arizkorreta-caf-y-andrea-sironi-generali-reciben-en-madrid-el-premio-tiepolo-2024\/#breadcrumb"},"inLanguage":"it-IT","potentialAction":[{"@type":"ReadAction","target":["https:\/\/italcamara-es.com\/noticias\/andres-arizkorreta-caf-y-andrea-sironi-generali-reciben-en-madrid-el-premio-tiepolo-2024\/"]}]},{"@type":"ImageObject","inLanguage":"it-IT","@id":"https:\/\/italcamara-es.com\/noticias\/andres-arizkorreta-caf-y-andrea-sironi-generali-reciben-en-madrid-el-premio-tiepolo-2024\/#primaryimage","url":"https:\/\/italcamara-es.com\/wp-content\/uploads\/2025\/03\/Tiepolo-500.jpg","contentUrl":"https:\/\/italcamara-es.com\/wp-content\/uploads\/2025\/03\/Tiepolo-500.jpg","width":500,"height":280},{"@type":"BreadcrumbList","@id":"https:\/\/italcamara-es.com\/noticias\/andres-arizkorreta-caf-y-andrea-sironi-generali-reciben-en-madrid-el-premio-tiepolo-2024\/#breadcrumb","itemListElement":[{"@type":"ListItem","position":1,"name":"Inicio","item":"https:\/\/italcamara-es.com\/it\/homepage-ita\/"},{"@type":"ListItem","position":2,"name":"Andrea Sironi (Generali) e Andr\u00e9s Arizkorreta (CAF) ricevono a Madrid il Premio Tiepolo 2024"}]},{"@type":"WebSite","@id":"https:\/\/italcamara-es.com\/#website","url":"https:\/\/italcamara-es.com\/","name":"Italcamara","description":"","potentialAction":[{"@type":"SearchAction","target":{"@type":"EntryPoint","urlTemplate":"https:\/\/italcamara-es.com\/?s={search_term_string}"},"query-input":{"@type":"PropertyValueSpecification","valueRequired":true,"valueName":"search_term_string"}}],"inLanguage":"it-IT"},{"@type":"Person","@id":"https:\/\/italcamara-es.com\/#\/schema\/person\/bb3c56263e405bbd9a15171dcfee93bb","name":"administrador","image":{"@type":"ImageObject","inLanguage":"it-IT","@id":"https:\/\/secure.gravatar.com\/avatar\/14b5e63db38320b12031bb28cf9f77e210aa71fb3a8a3602a3c9a05134fa75eb?s=96&d=mm&r=g","url":"https:\/\/secure.gravatar.com\/avatar\/14b5e63db38320b12031bb28cf9f77e210aa71fb3a8a3602a3c9a05134fa75eb?s=96&d=mm&r=g","contentUrl":"https:\/\/secure.gravatar.com\/avatar\/14b5e63db38320b12031bb28cf9f77e210aa71fb3a8a3602a3c9a05134fa75eb?s=96&d=mm&r=g","caption":"administrador"},"sameAs":["http:\/\/pre.italcamara-es.com"],"url":"https:\/\/italcamara-es.com\/it\/author\/administrador\/"}]}},"rttpg_featured_image_url":{"full":["https:\/\/italcamara-es.com\/wp-content\/uploads\/2025\/03\/Tiepolo-500.jpg",500,280,false],"landscape":["https:\/\/italcamara-es.com\/wp-content\/uploads\/2025\/03\/Tiepolo-500.jpg",500,280,false],"portraits":["https:\/\/italcamara-es.com\/wp-content\/uploads\/2025\/03\/Tiepolo-500.jpg",500,280,false],"thumbnail":["https:\/\/italcamara-es.com\/wp-content\/uploads\/2025\/03\/Tiepolo-500-150x150.jpg",150,150,true],"medium":["https:\/\/italcamara-es.com\/wp-content\/uploads\/2025\/03\/Tiepolo-500-300x168.jpg",300,168,true],"large":["https:\/\/italcamara-es.com\/wp-content\/uploads\/2025\/03\/Tiepolo-500.jpg",500,280,false],"1536x1536":["https:\/\/italcamara-es.com\/wp-content\/uploads\/2025\/03\/Tiepolo-500.jpg",500,280,false],"2048x2048":["https:\/\/italcamara-es.com\/wp-content\/uploads\/2025\/03\/Tiepolo-500.jpg",500,280,false],"ocean-thumb-m":["https:\/\/italcamara-es.com\/wp-content\/uploads\/2025\/03\/Tiepolo-500.jpg",500,280,false],"ocean-thumb-ml":["https:\/\/italcamara-es.com\/wp-content\/uploads\/2025\/03\/Tiepolo-500.jpg",500,280,false],"ocean-thumb-l":["https:\/\/italcamara-es.com\/wp-content\/uploads\/2025\/03\/Tiepolo-500.jpg",500,280,false],"directorist_preview":["https:\/\/italcamara-es.com\/wp-content\/uploads\/2025\/03\/Tiepolo-500.jpg",500,280,false]},"rttpg_author":{"display_name":"administrador","author_link":"https:\/\/italcamara-es.com\/it\/author\/administrador\/"},"rttpg_comment":0,"rttpg_category":"<a href=\"https:\/\/italcamara-es.com\/it\/category\/notizie\/\" rel=\"category tag\">Notizie<\/a>","rttpg_excerpt":"Andrea Sironi, presidente di Assicurazioni Generali, e Andr\u00e9s Arizkorreta, presidente di CAF (Construcciones y Auxiliar de Ferrocarriles), sono stati insigniti del Premio Tiepolo. Dal 1996, il premio riconosce la carriera di personalit\u00e0 spagnole e italiane di successo in campo economico e imprenditoriale e il loro contributo al rafforzamento delle relazioni tra i due Paesi. La&hellip;","_links":{"self":[{"href":"https:\/\/italcamara-es.com\/it\/wp-json\/wp\/v2\/posts\/56473","targetHints":{"allow":["GET"]}}],"collection":[{"href":"https:\/\/italcamara-es.com\/it\/wp-json\/wp\/v2\/posts"}],"about":[{"href":"https:\/\/italcamara-es.com\/it\/wp-json\/wp\/v2\/types\/post"}],"author":[{"embeddable":true,"href":"https:\/\/italcamara-es.com\/it\/wp-json\/wp\/v2\/users\/1"}],"replies":[{"embeddable":true,"href":"https:\/\/italcamara-es.com\/it\/wp-json\/wp\/v2\/comments?post=56473"}],"version-history":[{"count":1,"href":"https:\/\/italcamara-es.com\/it\/wp-json\/wp\/v2\/posts\/56473\/revisions"}],"predecessor-version":[{"id":57120,"href":"https:\/\/italcamara-es.com\/it\/wp-json\/wp\/v2\/posts\/56473\/revisions\/57120"}],"wp:featuredmedia":[{"embeddable":true,"href":"https:\/\/italcamara-es.com\/it\/wp-json\/wp\/v2\/media\/54088"}],"wp:attachment":[{"href":"https:\/\/italcamara-es.com\/it\/wp-json\/wp\/v2\/media?parent=56473"}],"wp:term":[{"taxonomy":"category","embeddable":true,"href":"https:\/\/italcamara-es.com\/it\/wp-json\/wp\/v2\/categories?post=56473"},{"taxonomy":"post_tag","embeddable":true,"href":"https:\/\/italcamara-es.com\/it\/wp-json\/wp\/v2\/tags?post=56473"}],"curies":[{"name":"wp","href":"https:\/\/api.w.org\/{rel}","templated":true}]}}