	{"id":56476,"date":"2024-12-10T11:55:29","date_gmt":"2024-12-10T10:55:29","guid":{"rendered":"http:\/\/pre.italcamara-es.com\/senza-categoria\/successo-per-lartigianato-spagnolo-alla-28a-edizione-di-artigiano-in-fiera\/"},"modified":"2024-12-10T11:55:29","modified_gmt":"2024-12-10T10:55:29","slug":"successo-per-lartigianato-spagnolo-alla-28a-edizione-di-artigiano-in-fiera","status":"publish","type":"post","link":"https:\/\/italcamara-es.com\/it\/notizie\/successo-per-lartigianato-spagnolo-alla-28a-edizione-di-artigiano-in-fiera\/","title":{"rendered":"Successo per l&#8217;artigianato spagnolo alla 28\u00aa edizione di Artigiano in Fiera"},"content":{"rendered":"\n<p>L&#8217;8 dicembre si \u00e8 conclusa con successo la 28\u00aa edizione di <strong>Artigiano in Fiera<\/strong>, la principale manifestazione internazionale dedicata alla promozione dell&#8217;artigianato. La prestigiosa manifestazione, che si tiene annualmente presso il polo fieristico di Rho-Pero a Milano, si \u00e8 confermata ancora una volta un punto di riferimento mondiale del settore. Quest&#8217;anno la fiera ha riunito pi\u00f9 di <strong>1.000.000 di visitatori<\/strong>, con la partecipazione di <strong>3.000 aziende provenienti da 100 Paesi<\/strong>, distribuite in <strong>10 padiglioni<\/strong> tematici che coprono un&#8217;impressionante variet\u00e0 di prodotti artigianali e culturali.<\/p>\n\n\n\n<p>In questo contesto, la Spagna ha avuto una rappresentanza eccezionale grazie all&#8217;area espositiva gestita dalla <strong>Camera di Commercio e Industria Italiana per la Spagna (CCIS)<\/strong>. Questo spazio, che ha ottenuto un riconoscimento nelle ultime edizioni, \u00e8 stato uno dei pi\u00f9 visitati e apprezzati, con <strong>oltre 30 espositori<\/strong> che hanno occupato una superficie di circa <strong>600 metri quadrati<\/strong>, nel cuore del <strong>Padiglione 7.<\/strong><\/p>\n\n\n<div class=\"wp-block-image\">\n<figure class=\"aligncenter size-large is-resized\"><img decoding=\"async\" src=\"https:\/\/www.italcamara-es.com\/wp-content\/uploads\/2024\/12\/20241130_artigiano_in_fiera_camera_commercio_spagna_anteprima_web_e_social_17-1-1024x682.jpg\" alt=\"\" class=\"wp-image-38194\" width=\"500\"\/><\/figure>\n<\/div>\n\n\n<p><strong>La ricchezza dell&#8217;artigianato spagnolo ad Artigiano in Fiera<\/strong><\/p>\n\n\n\n<p>La partecipazione spagnola si \u00e8 distinta per la diversit\u00e0 e la qualit\u00e0 dell&#8217;offerta, che comprendeva prodotti rappresentativi di diverse regioni del Paese. Tra gli oggetti esposti, i visitatori hanno potuto ammirare:<\/p>\n\n\n\n<ul class=\"wp-block-list\"><li><strong>Pezzi decorativi e accessori fatti a mano<\/strong>.<\/li><li><strong>Abbigliamento e accessori<\/strong> in pelle e pelliccia, con modelli tradizionali e contemporanei.<\/li><li><strong>Bigiotteria e gioielli<\/strong>, riflesso di tecniche artigianali tramandate di generazione in generazione.<\/li><li><strong>Giocattoli e modelli<\/strong> in legno e argilla, perfetti per i bambini e molto apprezzati per la loro autenticit\u00e0.<\/li><li><strong>Articoli per la casa<\/strong> e regali unici, ideali per lo shopping natalizio.<\/li><\/ul>\n\n\n\n<p>Anche la gastronomia ha svolto un ruolo essenziale nell&#8217;esperienza espositiva spagnola. Prodotti emblematici come il <strong>prosciutto iberico<\/strong>, la <strong>paella<\/strong>, le <strong>salsicce tradizionali<\/strong>, oltre a un&#8217;ampia variet\u00e0 di <strong>liquori e distillati<\/strong>, hanno suscitato grande interesse tra i partecipanti, sottolineando l&#8217;importanza della cucina come parte del patrimonio culturale spagnolo.<\/p>\n\n\n<div class=\"wp-block-image\">\n<figure class=\"aligncenter size-large is-resized\"><img decoding=\"async\" src=\"https:\/\/www.italcamara-es.com\/wp-content\/uploads\/2024\/12\/20241130_artigiano_in_fiera_camera_commercio_spagna_anteprima_web_e_social_12-1-1024x682.jpg\" alt=\"\" class=\"wp-image-38195\" width=\"600\"\/><\/figure>\n<\/div>\n\n\n<p><strong>Ibiza, protagonista dell&#8217;evento di quest&#8217;anno<\/strong><\/p>\n\n\n\n<p>Un aspetto da sottolineare \u00e8 stata la presenza di <strong>nove artigiani di Ibiza<\/strong>, che hanno portato a Milano un campione rappresentativo dell&#8217;eccellenza dell&#8217;isola. La proposta ibizenca comprendeva prodotti che combinano tradizione e modernit\u00e0, da tessuti e gioielli a opere artistiche che catturano l&#8217;essenza del Mediterraneo. La loro partecipazione ha sottolineato l&#8217;unicit\u00e0 dell&#8217;artigianato dell&#8217;isola e la sua capacit\u00e0 di conquistare il pubblico internazionale.<\/p>\n\n\n\n<p>In sintesi, la partecipazione spagnola a questa edizione di <strong>Artigiano in Fiera 2024<\/strong> \u00e8 stata un successo clamoroso, che ha consolidato l&#8217;evento come principale vetrina per la promozione dell&#8217;artigianato di qualit\u00e0.<\/p>\n\n\n<div class=\"wp-block-image\">\n<figure class=\"aligncenter size-large is-resized\"><img decoding=\"async\" src=\"https:\/\/www.italcamara-es.com\/wp-content\/uploads\/2024\/12\/20241130_artigiano_in_fiera_camera_commercio_spagna_anteprima_web_e_social_21-1-1024x682.jpg\" alt=\"\" class=\"wp-image-38196\" width=\"600\"\/><\/figure>\n<\/div>\n\n\n<p><\/p>\n","protected":false},"excerpt":{"rendered":"<p>L&#8217;8 dicembre si \u00e8 conclusa con successo la 28\u00aa edizione di Artigiano in Fiera, la principale manifestazione internazionale dedicata alla promozione dell&#8217;artigianato. La prestigiosa manifestazione, che si tiene annualmente presso il polo fieristico di Rho-Pero a Milano, si \u00e8 confermata ancora una volta un punto di riferimento mondiale del settore. Quest&#8217;anno la fiera ha riunito [&hellip;]<\/p>\n","protected":false},"author":1,"featured_media":55277,"comment_status":"open","ping_status":"open","sticky":false,"template":"","format":"standard","meta":{"inline_featured_image":false,"ocean_post_layout":"","ocean_both_sidebars_style":"","ocean_both_sidebars_content_width":0,"ocean_both_sidebars_sidebars_width":0,"ocean_sidebar":"","ocean_second_sidebar":"","ocean_disable_margins":"enable","ocean_add_body_class":"","ocean_shortcode_before_top_bar":"","ocean_shortcode_after_top_bar":"","ocean_shortcode_before_header":"","ocean_shortcode_after_header":"","ocean_has_shortcode":"","ocean_shortcode_after_title":"","ocean_shortcode_before_footer_widgets":"","ocean_shortcode_after_footer_widgets":"","ocean_shortcode_before_footer_bottom":"","ocean_shortcode_after_footer_bottom":"","ocean_display_top_bar":"default","ocean_display_header":"default","ocean_header_style":"","ocean_center_header_left_menu":"","ocean_custom_header_template":"","ocean_custom_logo":0,"ocean_custom_retina_logo":0,"ocean_custom_logo_max_width":0,"ocean_custom_logo_tablet_max_width":0,"ocean_custom_logo_mobile_max_width":0,"ocean_custom_logo_max_height":0,"ocean_custom_logo_tablet_max_height":0,"ocean_custom_logo_mobile_max_height":0,"ocean_header_custom_menu":"","ocean_menu_typo_font_family":"","ocean_menu_typo_font_subset":"","ocean_menu_typo_font_size":0,"ocean_menu_typo_font_size_tablet":0,"ocean_menu_typo_font_size_mobile":0,"ocean_menu_typo_font_size_unit":"px","ocean_menu_typo_font_weight":"","ocean_menu_typo_font_weight_tablet":"","ocean_menu_typo_font_weight_mobile":"","ocean_menu_typo_transform":"","ocean_menu_typo_transform_tablet":"","ocean_menu_typo_transform_mobile":"","ocean_menu_typo_line_height":0,"ocean_menu_typo_line_height_tablet":0,"ocean_menu_typo_line_height_mobile":0,"ocean_menu_typo_line_height_unit":"","ocean_menu_typo_spacing":0,"ocean_menu_typo_spacing_tablet":0,"ocean_menu_typo_spacing_mobile":0,"ocean_menu_typo_spacing_unit":"","ocean_menu_link_color":"","ocean_menu_link_color_hover":"","ocean_menu_link_color_active":"","ocean_menu_link_background":"","ocean_menu_link_hover_background":"","ocean_menu_link_active_background":"","ocean_menu_social_links_bg":"","ocean_menu_social_hover_links_bg":"","ocean_menu_social_links_color":"","ocean_menu_social_hover_links_color":"","ocean_disable_title":"default","ocean_disable_heading":"default","ocean_post_title":"","ocean_post_subheading":"","ocean_post_title_style":"","ocean_post_title_background_color":"","ocean_post_title_background":0,"ocean_post_title_bg_image_position":"","ocean_post_title_bg_image_attachment":"","ocean_post_title_bg_image_repeat":"","ocean_post_title_bg_image_size":"","ocean_post_title_height":0,"ocean_post_title_bg_overlay":0.5,"ocean_post_title_bg_overlay_color":"","ocean_disable_breadcrumbs":"default","ocean_breadcrumbs_color":"","ocean_breadcrumbs_separator_color":"","ocean_breadcrumbs_links_color":"","ocean_breadcrumbs_links_hover_color":"","ocean_display_footer_widgets":"default","ocean_display_footer_bottom":"default","ocean_custom_footer_template":"","ocean_post_oembed":"","ocean_post_self_hosted_media":"","ocean_post_video_embed":"","ocean_link_format":"","ocean_link_format_target":"self","ocean_quote_format":"","ocean_quote_format_link":"post","ocean_gallery_link_images":"on","ocean_gallery_id":[],"footnotes":""},"categories":[133],"tags":[139],"class_list":["post-56476","post","type-post","status-publish","format-standard","has-post-thumbnail","hentry","category-notizie","tag-notizie-di-la-ccis","entry","has-media"],"yoast_head":"<!-- This site is optimized with the Yoast SEO plugin v27.4 - https:\/\/yoast.com\/product\/yoast-seo-wordpress\/ -->\n<title>Successo per l&#039;artigianato spagnolo alla 28\u00aa edizione di Artigiano in Fiera - Italcamara<\/title>\n<meta name=\"robots\" content=\"index, follow, max-snippet:-1, max-image-preview:large, max-video-preview:-1\" \/>\n<link rel=\"canonical\" href=\"https:\/\/italcamara-es.com\/it\/notizie\/successo-per-lartigianato-spagnolo-alla-28a-edizione-di-artigiano-in-fiera\/\" \/>\n<meta property=\"og:locale\" content=\"it_IT\" \/>\n<meta property=\"og:type\" content=\"article\" \/>\n<meta property=\"og:title\" content=\"Successo per l&#039;artigianato spagnolo alla 28\u00aa edizione di Artigiano in Fiera - Italcamara\" \/>\n<meta property=\"og:description\" content=\"L&#8217;8 dicembre si \u00e8 conclusa con successo la 28\u00aa edizione di Artigiano in Fiera, la principale manifestazione internazionale dedicata alla promozione dell&#8217;artigianato. La prestigiosa manifestazione, che si tiene annualmente presso il polo fieristico di Rho-Pero a Milano, si \u00e8 confermata ancora una volta un punto di riferimento mondiale del settore. Quest&#8217;anno la fiera ha riunito [&hellip;]\" \/>\n<meta property=\"og:url\" content=\"https:\/\/italcamara-es.com\/it\/notizie\/successo-per-lartigianato-spagnolo-alla-28a-edizione-di-artigiano-in-fiera\/\" \/>\n<meta property=\"og:site_name\" content=\"Italcamara\" \/>\n<meta property=\"article:published_time\" content=\"2024-12-10T10:55:29+00:00\" \/>\n<meta property=\"og:image\" content=\"https:\/\/italcamara-es.com\/wp-content\/uploads\/2025\/03\/artigiano-in-fiera-500-3.jpg\" \/>\n\t<meta property=\"og:image:width\" content=\"500\" \/>\n\t<meta property=\"og:image:height\" content=\"280\" \/>\n\t<meta property=\"og:image:type\" content=\"image\/jpeg\" \/>\n<meta name=\"author\" content=\"administrador\" \/>\n<meta name=\"twitter:card\" content=\"summary_large_image\" \/>\n<meta name=\"twitter:label1\" content=\"Scritto da\" \/>\n\t<meta name=\"twitter:data1\" content=\"administrador\" \/>\n\t<meta name=\"twitter:label2\" content=\"Tempo di lettura stimato\" \/>\n\t<meta name=\"twitter:data2\" content=\"2 minuti\" \/>\n<script type=\"application\/ld+json\" class=\"yoast-schema-graph\">{\"@context\":\"https:\\\/\\\/schema.org\",\"@graph\":[{\"@type\":\"Article\",\"@id\":\"https:\\\/\\\/italcamara-es.com\\\/it\\\/notizie\\\/successo-per-lartigianato-spagnolo-alla-28a-edizione-di-artigiano-in-fiera\\\/#article\",\"isPartOf\":{\"@id\":\"https:\\\/\\\/italcamara-es.com\\\/it\\\/notizie\\\/successo-per-lartigianato-spagnolo-alla-28a-edizione-di-artigiano-in-fiera\\\/\"},\"author\":{\"name\":\"administrador\",\"@id\":\"https:\\\/\\\/italcamara-es.com\\\/#\\\/schema\\\/person\\\/bb3c56263e405bbd9a15171dcfee93bb\"},\"headline\":\"Successo per l&#8217;artigianato spagnolo alla 28\u00aa edizione di Artigiano in Fiera\",\"datePublished\":\"2024-12-10T10:55:29+00:00\",\"mainEntityOfPage\":{\"@id\":\"https:\\\/\\\/italcamara-es.com\\\/it\\\/notizie\\\/successo-per-lartigianato-spagnolo-alla-28a-edizione-di-artigiano-in-fiera\\\/\"},\"wordCount\":406,\"commentCount\":0,\"image\":{\"@id\":\"https:\\\/\\\/italcamara-es.com\\\/it\\\/notizie\\\/successo-per-lartigianato-spagnolo-alla-28a-edizione-di-artigiano-in-fiera\\\/#primaryimage\"},\"thumbnailUrl\":\"https:\\\/\\\/italcamara-es.com\\\/wp-content\\\/uploads\\\/2025\\\/03\\\/artigiano-in-fiera-500-3.jpg\",\"keywords\":[\"Notizie di la CCIS\"],\"articleSection\":[\"Notizie\"],\"inLanguage\":\"it-IT\",\"potentialAction\":[{\"@type\":\"CommentAction\",\"name\":\"Comment\",\"target\":[\"https:\\\/\\\/italcamara-es.com\\\/it\\\/notizie\\\/successo-per-lartigianato-spagnolo-alla-28a-edizione-di-artigiano-in-fiera\\\/#respond\"]}]},{\"@type\":\"WebPage\",\"@id\":\"https:\\\/\\\/italcamara-es.com\\\/it\\\/notizie\\\/successo-per-lartigianato-spagnolo-alla-28a-edizione-di-artigiano-in-fiera\\\/\",\"url\":\"https:\\\/\\\/italcamara-es.com\\\/it\\\/notizie\\\/successo-per-lartigianato-spagnolo-alla-28a-edizione-di-artigiano-in-fiera\\\/\",\"name\":\"Successo per l'artigianato spagnolo alla 28\u00aa edizione di Artigiano in Fiera - Italcamara\",\"isPartOf\":{\"@id\":\"https:\\\/\\\/italcamara-es.com\\\/#website\"},\"primaryImageOfPage\":{\"@id\":\"https:\\\/\\\/italcamara-es.com\\\/it\\\/notizie\\\/successo-per-lartigianato-spagnolo-alla-28a-edizione-di-artigiano-in-fiera\\\/#primaryimage\"},\"image\":{\"@id\":\"https:\\\/\\\/italcamara-es.com\\\/it\\\/notizie\\\/successo-per-lartigianato-spagnolo-alla-28a-edizione-di-artigiano-in-fiera\\\/#primaryimage\"},\"thumbnailUrl\":\"https:\\\/\\\/italcamara-es.com\\\/wp-content\\\/uploads\\\/2025\\\/03\\\/artigiano-in-fiera-500-3.jpg\",\"datePublished\":\"2024-12-10T10:55:29+00:00\",\"author\":{\"@id\":\"https:\\\/\\\/italcamara-es.com\\\/#\\\/schema\\\/person\\\/bb3c56263e405bbd9a15171dcfee93bb\"},\"breadcrumb\":{\"@id\":\"https:\\\/\\\/italcamara-es.com\\\/it\\\/notizie\\\/successo-per-lartigianato-spagnolo-alla-28a-edizione-di-artigiano-in-fiera\\\/#breadcrumb\"},\"inLanguage\":\"it-IT\",\"potentialAction\":[{\"@type\":\"ReadAction\",\"target\":[\"https:\\\/\\\/italcamara-es.com\\\/it\\\/notizie\\\/successo-per-lartigianato-spagnolo-alla-28a-edizione-di-artigiano-in-fiera\\\/\"]}]},{\"@type\":\"ImageObject\",\"inLanguage\":\"it-IT\",\"@id\":\"https:\\\/\\\/italcamara-es.com\\\/it\\\/notizie\\\/successo-per-lartigianato-spagnolo-alla-28a-edizione-di-artigiano-in-fiera\\\/#primaryimage\",\"url\":\"https:\\\/\\\/italcamara-es.com\\\/wp-content\\\/uploads\\\/2025\\\/03\\\/artigiano-in-fiera-500-3.jpg\",\"contentUrl\":\"https:\\\/\\\/italcamara-es.com\\\/wp-content\\\/uploads\\\/2025\\\/03\\\/artigiano-in-fiera-500-3.jpg\",\"width\":500,\"height\":280},{\"@type\":\"BreadcrumbList\",\"@id\":\"https:\\\/\\\/italcamara-es.com\\\/it\\\/notizie\\\/successo-per-lartigianato-spagnolo-alla-28a-edizione-di-artigiano-in-fiera\\\/#breadcrumb\",\"itemListElement\":[{\"@type\":\"ListItem\",\"position\":1,\"name\":\"Inicio\",\"item\":\"https:\\\/\\\/italcamara-es.com\\\/it\\\/homepage-ita\\\/\"},{\"@type\":\"ListItem\",\"position\":2,\"name\":\"Successo per l&#8217;artigianato spagnolo alla 28\u00aa edizione di Artigiano in Fiera\"}]},{\"@type\":\"WebSite\",\"@id\":\"https:\\\/\\\/italcamara-es.com\\\/#website\",\"url\":\"https:\\\/\\\/italcamara-es.com\\\/\",\"name\":\"Italcamara\",\"description\":\"\",\"potentialAction\":[{\"@type\":\"SearchAction\",\"target\":{\"@type\":\"EntryPoint\",\"urlTemplate\":\"https:\\\/\\\/italcamara-es.com\\\/?s={search_term_string}\"},\"query-input\":{\"@type\":\"PropertyValueSpecification\",\"valueRequired\":true,\"valueName\":\"search_term_string\"}}],\"inLanguage\":\"it-IT\"},{\"@type\":\"Person\",\"@id\":\"https:\\\/\\\/italcamara-es.com\\\/#\\\/schema\\\/person\\\/bb3c56263e405bbd9a15171dcfee93bb\",\"name\":\"administrador\",\"image\":{\"@type\":\"ImageObject\",\"inLanguage\":\"it-IT\",\"@id\":\"https:\\\/\\\/secure.gravatar.com\\\/avatar\\\/14b5e63db38320b12031bb28cf9f77e210aa71fb3a8a3602a3c9a05134fa75eb?s=96&d=mm&r=g\",\"url\":\"https:\\\/\\\/secure.gravatar.com\\\/avatar\\\/14b5e63db38320b12031bb28cf9f77e210aa71fb3a8a3602a3c9a05134fa75eb?s=96&d=mm&r=g\",\"contentUrl\":\"https:\\\/\\\/secure.gravatar.com\\\/avatar\\\/14b5e63db38320b12031bb28cf9f77e210aa71fb3a8a3602a3c9a05134fa75eb?s=96&d=mm&r=g\",\"caption\":\"administrador\"},\"sameAs\":[\"http:\\\/\\\/pre.italcamara-es.com\"],\"url\":\"https:\\\/\\\/italcamara-es.com\\\/it\\\/author\\\/administrador\\\/\"}]}<\/script>\n<!-- \/ Yoast SEO plugin. -->","yoast_head_json":{"title":"Successo per l'artigianato spagnolo alla 28\u00aa edizione di Artigiano in Fiera - Italcamara","robots":{"index":"index","follow":"follow","max-snippet":"max-snippet:-1","max-image-preview":"max-image-preview:large","max-video-preview":"max-video-preview:-1"},"canonical":"https:\/\/italcamara-es.com\/it\/notizie\/successo-per-lartigianato-spagnolo-alla-28a-edizione-di-artigiano-in-fiera\/","og_locale":"it_IT","og_type":"article","og_title":"Successo per l'artigianato spagnolo alla 28\u00aa edizione di Artigiano in Fiera - Italcamara","og_description":"L&#8217;8 dicembre si \u00e8 conclusa con successo la 28\u00aa edizione di Artigiano in Fiera, la principale manifestazione internazionale dedicata alla promozione dell&#8217;artigianato. La prestigiosa manifestazione, che si tiene annualmente presso il polo fieristico di Rho-Pero a Milano, si \u00e8 confermata ancora una volta un punto di riferimento mondiale del settore. Quest&#8217;anno la fiera ha riunito [&hellip;]","og_url":"https:\/\/italcamara-es.com\/it\/notizie\/successo-per-lartigianato-spagnolo-alla-28a-edizione-di-artigiano-in-fiera\/","og_site_name":"Italcamara","article_published_time":"2024-12-10T10:55:29+00:00","og_image":[{"width":500,"height":280,"url":"https:\/\/italcamara-es.com\/wp-content\/uploads\/2025\/03\/artigiano-in-fiera-500-3.jpg","type":"image\/jpeg"}],"author":"administrador","twitter_card":"summary_large_image","twitter_misc":{"Scritto da":"administrador","Tempo di lettura stimato":"2 minuti"},"schema":{"@context":"https:\/\/schema.org","@graph":[{"@type":"Article","@id":"https:\/\/italcamara-es.com\/it\/notizie\/successo-per-lartigianato-spagnolo-alla-28a-edizione-di-artigiano-in-fiera\/#article","isPartOf":{"@id":"https:\/\/italcamara-es.com\/it\/notizie\/successo-per-lartigianato-spagnolo-alla-28a-edizione-di-artigiano-in-fiera\/"},"author":{"name":"administrador","@id":"https:\/\/italcamara-es.com\/#\/schema\/person\/bb3c56263e405bbd9a15171dcfee93bb"},"headline":"Successo per l&#8217;artigianato spagnolo alla 28\u00aa edizione di Artigiano in Fiera","datePublished":"2024-12-10T10:55:29+00:00","mainEntityOfPage":{"@id":"https:\/\/italcamara-es.com\/it\/notizie\/successo-per-lartigianato-spagnolo-alla-28a-edizione-di-artigiano-in-fiera\/"},"wordCount":406,"commentCount":0,"image":{"@id":"https:\/\/italcamara-es.com\/it\/notizie\/successo-per-lartigianato-spagnolo-alla-28a-edizione-di-artigiano-in-fiera\/#primaryimage"},"thumbnailUrl":"https:\/\/italcamara-es.com\/wp-content\/uploads\/2025\/03\/artigiano-in-fiera-500-3.jpg","keywords":["Notizie di la CCIS"],"articleSection":["Notizie"],"inLanguage":"it-IT","potentialAction":[{"@type":"CommentAction","name":"Comment","target":["https:\/\/italcamara-es.com\/it\/notizie\/successo-per-lartigianato-spagnolo-alla-28a-edizione-di-artigiano-in-fiera\/#respond"]}]},{"@type":"WebPage","@id":"https:\/\/italcamara-es.com\/it\/notizie\/successo-per-lartigianato-spagnolo-alla-28a-edizione-di-artigiano-in-fiera\/","url":"https:\/\/italcamara-es.com\/it\/notizie\/successo-per-lartigianato-spagnolo-alla-28a-edizione-di-artigiano-in-fiera\/","name":"Successo per l'artigianato spagnolo alla 28\u00aa edizione di Artigiano in Fiera - Italcamara","isPartOf":{"@id":"https:\/\/italcamara-es.com\/#website"},"primaryImageOfPage":{"@id":"https:\/\/italcamara-es.com\/it\/notizie\/successo-per-lartigianato-spagnolo-alla-28a-edizione-di-artigiano-in-fiera\/#primaryimage"},"image":{"@id":"https:\/\/italcamara-es.com\/it\/notizie\/successo-per-lartigianato-spagnolo-alla-28a-edizione-di-artigiano-in-fiera\/#primaryimage"},"thumbnailUrl":"https:\/\/italcamara-es.com\/wp-content\/uploads\/2025\/03\/artigiano-in-fiera-500-3.jpg","datePublished":"2024-12-10T10:55:29+00:00","author":{"@id":"https:\/\/italcamara-es.com\/#\/schema\/person\/bb3c56263e405bbd9a15171dcfee93bb"},"breadcrumb":{"@id":"https:\/\/italcamara-es.com\/it\/notizie\/successo-per-lartigianato-spagnolo-alla-28a-edizione-di-artigiano-in-fiera\/#breadcrumb"},"inLanguage":"it-IT","potentialAction":[{"@type":"ReadAction","target":["https:\/\/italcamara-es.com\/it\/notizie\/successo-per-lartigianato-spagnolo-alla-28a-edizione-di-artigiano-in-fiera\/"]}]},{"@type":"ImageObject","inLanguage":"it-IT","@id":"https:\/\/italcamara-es.com\/it\/notizie\/successo-per-lartigianato-spagnolo-alla-28a-edizione-di-artigiano-in-fiera\/#primaryimage","url":"https:\/\/italcamara-es.com\/wp-content\/uploads\/2025\/03\/artigiano-in-fiera-500-3.jpg","contentUrl":"https:\/\/italcamara-es.com\/wp-content\/uploads\/2025\/03\/artigiano-in-fiera-500-3.jpg","width":500,"height":280},{"@type":"BreadcrumbList","@id":"https:\/\/italcamara-es.com\/it\/notizie\/successo-per-lartigianato-spagnolo-alla-28a-edizione-di-artigiano-in-fiera\/#breadcrumb","itemListElement":[{"@type":"ListItem","position":1,"name":"Inicio","item":"https:\/\/italcamara-es.com\/it\/homepage-ita\/"},{"@type":"ListItem","position":2,"name":"Successo per l&#8217;artigianato spagnolo alla 28\u00aa edizione di Artigiano in Fiera"}]},{"@type":"WebSite","@id":"https:\/\/italcamara-es.com\/#website","url":"https:\/\/italcamara-es.com\/","name":"Italcamara","description":"","potentialAction":[{"@type":"SearchAction","target":{"@type":"EntryPoint","urlTemplate":"https:\/\/italcamara-es.com\/?s={search_term_string}"},"query-input":{"@type":"PropertyValueSpecification","valueRequired":true,"valueName":"search_term_string"}}],"inLanguage":"it-IT"},{"@type":"Person","@id":"https:\/\/italcamara-es.com\/#\/schema\/person\/bb3c56263e405bbd9a15171dcfee93bb","name":"administrador","image":{"@type":"ImageObject","inLanguage":"it-IT","@id":"https:\/\/secure.gravatar.com\/avatar\/14b5e63db38320b12031bb28cf9f77e210aa71fb3a8a3602a3c9a05134fa75eb?s=96&d=mm&r=g","url":"https:\/\/secure.gravatar.com\/avatar\/14b5e63db38320b12031bb28cf9f77e210aa71fb3a8a3602a3c9a05134fa75eb?s=96&d=mm&r=g","contentUrl":"https:\/\/secure.gravatar.com\/avatar\/14b5e63db38320b12031bb28cf9f77e210aa71fb3a8a3602a3c9a05134fa75eb?s=96&d=mm&r=g","caption":"administrador"},"sameAs":["http:\/\/pre.italcamara-es.com"],"url":"https:\/\/italcamara-es.com\/it\/author\/administrador\/"}]}},"rttpg_featured_image_url":{"full":["https:\/\/italcamara-es.com\/wp-content\/uploads\/2025\/03\/artigiano-in-fiera-500-3.jpg",500,280,false],"landscape":["https:\/\/italcamara-es.com\/wp-content\/uploads\/2025\/03\/artigiano-in-fiera-500-3.jpg",500,280,false],"portraits":["https:\/\/italcamara-es.com\/wp-content\/uploads\/2025\/03\/artigiano-in-fiera-500-3.jpg",500,280,false],"thumbnail":["https:\/\/italcamara-es.com\/wp-content\/uploads\/2025\/03\/artigiano-in-fiera-500-3-150x150.jpg",150,150,true],"medium":["https:\/\/italcamara-es.com\/wp-content\/uploads\/2025\/03\/artigiano-in-fiera-500-3-300x168.jpg",300,168,true],"large":["https:\/\/italcamara-es.com\/wp-content\/uploads\/2025\/03\/artigiano-in-fiera-500-3.jpg",500,280,false],"1536x1536":["https:\/\/italcamara-es.com\/wp-content\/uploads\/2025\/03\/artigiano-in-fiera-500-3.jpg",500,280,false],"2048x2048":["https:\/\/italcamara-es.com\/wp-content\/uploads\/2025\/03\/artigiano-in-fiera-500-3.jpg",500,280,false],"ocean-thumb-m":["https:\/\/italcamara-es.com\/wp-content\/uploads\/2025\/03\/artigiano-in-fiera-500-3.jpg",500,280,false],"ocean-thumb-ml":["https:\/\/italcamara-es.com\/wp-content\/uploads\/2025\/03\/artigiano-in-fiera-500-3.jpg",500,280,false],"ocean-thumb-l":["https:\/\/italcamara-es.com\/wp-content\/uploads\/2025\/03\/artigiano-in-fiera-500-3.jpg",500,280,false],"directorist_preview":["https:\/\/italcamara-es.com\/wp-content\/uploads\/2025\/03\/artigiano-in-fiera-500-3.jpg",500,280,false]},"rttpg_author":{"display_name":"administrador","author_link":"https:\/\/italcamara-es.com\/it\/author\/administrador\/"},"rttpg_comment":0,"rttpg_category":"<a href=\"https:\/\/italcamara-es.com\/it\/category\/notizie\/\" rel=\"category tag\">Notizie<\/a>","rttpg_excerpt":"L&#8217;8 dicembre si \u00e8 conclusa con successo la 28\u00aa edizione di Artigiano in Fiera, la principale manifestazione internazionale dedicata alla promozione dell&#8217;artigianato. La prestigiosa manifestazione, che si tiene annualmente presso il polo fieristico di Rho-Pero a Milano, si \u00e8 confermata ancora una volta un punto di riferimento mondiale del settore. Quest&#8217;anno la fiera ha riunito&hellip;","_links":{"self":[{"href":"https:\/\/italcamara-es.com\/it\/wp-json\/wp\/v2\/posts\/56476","targetHints":{"allow":["GET"]}}],"collection":[{"href":"https:\/\/italcamara-es.com\/it\/wp-json\/wp\/v2\/posts"}],"about":[{"href":"https:\/\/italcamara-es.com\/it\/wp-json\/wp\/v2\/types\/post"}],"author":[{"embeddable":true,"href":"https:\/\/italcamara-es.com\/it\/wp-json\/wp\/v2\/users\/1"}],"replies":[{"embeddable":true,"href":"https:\/\/italcamara-es.com\/it\/wp-json\/wp\/v2\/comments?post=56476"}],"version-history":[{"count":0,"href":"https:\/\/italcamara-es.com\/it\/wp-json\/wp\/v2\/posts\/56476\/revisions"}],"wp:featuredmedia":[{"embeddable":true,"href":"https:\/\/italcamara-es.com\/it\/wp-json\/wp\/v2\/media\/55277"}],"wp:attachment":[{"href":"https:\/\/italcamara-es.com\/it\/wp-json\/wp\/v2\/media?parent=56476"}],"wp:term":[{"taxonomy":"category","embeddable":true,"href":"https:\/\/italcamara-es.com\/it\/wp-json\/wp\/v2\/categories?post=56476"},{"taxonomy":"post_tag","embeddable":true,"href":"https:\/\/italcamara-es.com\/it\/wp-json\/wp\/v2\/tags?post=56476"}],"curies":[{"name":"wp","href":"https:\/\/api.w.org\/{rel}","templated":true}]}}