	{"id":56486,"date":"2025-02-11T09:33:51","date_gmt":"2025-02-11T08:33:51","guid":{"rendered":"http:\/\/pre.italcamara-es.com\/senza-categoria\/la-ccis-alla-fiera-imex-madrid-2025\/"},"modified":"2025-02-11T09:33:51","modified_gmt":"2025-02-11T08:33:51","slug":"la-ccis-alla-fiera-imex-madrid-2025","status":"publish","type":"post","link":"https:\/\/italcamara-es.com\/it\/notizie\/la-ccis-alla-fiera-imex-madrid-2025\/","title":{"rendered":"La CCIS alla fiera IMEX-Madrid 2025"},"content":{"rendered":"\n<p>La 23\u00aa edizione di<strong><em>&nbsp;IMEX-Madrid<\/em><\/strong>, IMEX-Madrid, si terr\u00e0 dal 19 al 20 febbraio e si svolger\u00e0 nella tradizionale sede del Palacio de Cibeles di Madrid.<\/p>\n\n\n\n<p>La fiera<em>&nbsp;<strong>IMEX-Madrid<\/strong><\/em>&nbsp;\u00e8 il pi\u00f9 grande incontro d\u2019affari internazionale che si tiene in Spagna. Il suo obiettivo principale \u00e8 cercare di migliorare la competitivit\u00e0 delle PMI spagnole e, a tal fine, IMEX offre la pi\u00f9 ampia gamma di prodotti e servizi per incoraggiare le aziende ad andare all\u2019estero. Questi tre giorni offrono un\u2019opportunit\u00e0 concreta a tutte le aziende spagnole che vogliono trovare le chiavi per la loro internazionalizzazione e conoscere le opportunit\u00e0 dei mercati esteri, indipendentemente dal loro settore di attivit\u00e0 o dalle loro dimensioni.&nbsp;<\/p>\n\n\n<div class=\"wp-block-image\">\n<figure class=\"aligncenter size-large is-resized\"><img fetchpriority=\"high\" decoding=\"async\" src=\"https:\/\/www.italcamara-es.com\/wp-content\/uploads\/2025\/02\/imex-italia-1-1024x620.jpg\" alt=\"\" class=\"wp-image-38641\" width=\"500\" height=\"280\"\/><\/figure>\n<\/div>\n\n\n<p>Come negli ultimi anni, l&#8217;evento ospiter\u00e0 l&#8217;<strong>area espositiva<\/strong>, alla quale parteciperanno in questa occasione <strong>47 aziende espositrici<\/strong>; ci sar\u00e0 un programma con <strong>51 conferenze e tavole rotonde <\/strong>e l&#8217;area paese riunir\u00e0 i rappresentanti di <strong>66<\/strong> <strong>Paesi<\/strong>.<\/p>\n\n\n\n<p>Per quanto riguarda l&#8217;ampio programma di contenuti della Fiera, spiccano il <strong>\u201cDoing Business in Marocco\u201d, <\/strong>che si svolger\u00e0 la mattina del 19 febbraio, e il <strong>1\u00b0 Congresso per l&#8217;internazionalizzazione dell&#8217;industria agroalimentare delle aziende della Comunit\u00e0 di Madrid<\/strong>, nel pomeriggio dello stesso giorno. Altri contenuti di rilievo riguarderanno la <strong>logistica<\/strong>, gli <strong>strumenti finanziari<\/strong>, le <strong>questioni legali<\/strong>, la <strong>digitalizzazione delle imprese<\/strong>e l&#8217;<strong>IA<\/strong>, il <strong>branding<\/strong> e il <strong>talento<\/strong>, tra gli altri. Il 20 febbraio si terranno vari panel, tra cui quelli che analizzeranno la <strong>situazione geostrategica, politica e commerciale<\/strong>, nonch\u00e9 l&#8217;analisi delle principali organizzazioni imprenditoriali spagnole sulla loro visione dell&#8217;internazionalizzazione delle imprese spagnole nel 2025.<\/p>\n\n\n\n<p>Come ogni anno, IMEX-Madrid ospiter\u00e0 l\u2019area dedicata agli incontri con i rappresentanti dei principali mercati esteri di interesse per le aziende locali. In questo contesto, la CCIS sar\u00e0 di nuovo presente in rappresentanza del mercato italiano e i responsabili del dipartimento commerciale saranno a disposizione delle aziende e dei professionisti interessati alle opportunit\u00e0 nei settori in cui operano.<\/p>\n\n\n\n<p>Gli incontri vengono definiti &nbsp;prima dell\u2019inizio dell\u2019evento. \u00c8 quindi necessario prenotarli attraverso l\u2019apposita applicazione sul <a href=\"https:\/\/imexmadrid.com\/paises-2025\/\">sito web<\/a>&nbsp;di&nbsp;<strong><em>IMEX-Madrid<\/em><\/strong><em>&nbsp;<\/em>2025.&nbsp;<\/p>\n\n\n\n<p><strong>Informazioni su IMEX<\/strong>. IMEX \u00e8 la prima e pi\u00f9 importante fiera commerciale internazionale, la cui prima edizione si \u00e8 tenuta nel gennaio 2003, quando \u00e8 stata lanciata la prima fiera internazionale di affari e commercio estero in Spagna. Da allora si tiene ogni anno a Madrid. Ventidue edizioni si sono svolte a Madrid, otto in Andalusia e Catalogna, sette nella Comunit\u00e0 Valenciana, quattro in Castiglia-La Mancia, due nelle Asturie e una in Castiglia e Le\u00f3n. Nel corso delle<strong> 53 edizioni<\/strong> finora realizzate, IMEX \u00e8 stato <strong>visitato da oltre 100.000 imprenditori<\/strong>, per lo pi\u00f9 dirigenti di PMI e personale dei dipartimenti di internazionalizzazione che, cercando di accedere con successo ai mercati esteri, hanno tenuto quasi <strong>400.000 colloqui<\/strong> con le amministrazioni e le aziende espositrici. Hanno partecipato pi\u00f9 di <strong>125 Paesi<\/strong> e sono stati organizzati in anticipo pi\u00f9 di <strong>118.000 colloqui personali<\/strong> attraverso il sito web della Fiera, con la presenza dei \u201cPaesi in vetrina\u201d che spicca da quando IMEX ha implementato questa figura nella sua struttura fieristica.<\/p>\n\n\n\n<p>Per maggiori informazioni: <a href=\"https:\/\/imexmadrid.com\/\">https:\/\/imexmadrid.com\/<\/a><\/p>\n","protected":false},"excerpt":{"rendered":"<p>La 23\u00aa edizione di&nbsp;IMEX-Madrid, IMEX-Madrid, si terr\u00e0 dal 19 al 20 febbraio e si svolger\u00e0 nella tradizionale sede del Palacio de Cibeles di Madrid. La fiera&nbsp;IMEX-Madrid&nbsp;\u00e8 il pi\u00f9 grande incontro d\u2019affari internazionale che si tiene in Spagna. Il suo obiettivo principale \u00e8 cercare di migliorare la competitivit\u00e0 delle PMI spagnole e, a tal fine, IMEX [&hellip;]<\/p>\n","protected":false},"author":1,"featured_media":56487,"comment_status":"open","ping_status":"open","sticky":false,"template":"","format":"standard","meta":{"inline_featured_image":false,"ocean_post_layout":"","ocean_both_sidebars_style":"","ocean_both_sidebars_content_width":0,"ocean_both_sidebars_sidebars_width":0,"ocean_sidebar":"","ocean_second_sidebar":"","ocean_disable_margins":"enable","ocean_add_body_class":"","ocean_shortcode_before_top_bar":"","ocean_shortcode_after_top_bar":"","ocean_shortcode_before_header":"","ocean_shortcode_after_header":"","ocean_has_shortcode":"","ocean_shortcode_after_title":"","ocean_shortcode_before_footer_widgets":"","ocean_shortcode_after_footer_widgets":"","ocean_shortcode_before_footer_bottom":"","ocean_shortcode_after_footer_bottom":"","ocean_display_top_bar":"default","ocean_display_header":"default","ocean_header_style":"","ocean_center_header_left_menu":"","ocean_custom_header_template":"","ocean_custom_logo":0,"ocean_custom_retina_logo":0,"ocean_custom_logo_max_width":0,"ocean_custom_logo_tablet_max_width":0,"ocean_custom_logo_mobile_max_width":0,"ocean_custom_logo_max_height":0,"ocean_custom_logo_tablet_max_height":0,"ocean_custom_logo_mobile_max_height":0,"ocean_header_custom_menu":"","ocean_menu_typo_font_family":"","ocean_menu_typo_font_subset":"","ocean_menu_typo_font_size":0,"ocean_menu_typo_font_size_tablet":0,"ocean_menu_typo_font_size_mobile":0,"ocean_menu_typo_font_size_unit":"px","ocean_menu_typo_font_weight":"","ocean_menu_typo_font_weight_tablet":"","ocean_menu_typo_font_weight_mobile":"","ocean_menu_typo_transform":"","ocean_menu_typo_transform_tablet":"","ocean_menu_typo_transform_mobile":"","ocean_menu_typo_line_height":0,"ocean_menu_typo_line_height_tablet":0,"ocean_menu_typo_line_height_mobile":0,"ocean_menu_typo_line_height_unit":"","ocean_menu_typo_spacing":0,"ocean_menu_typo_spacing_tablet":0,"ocean_menu_typo_spacing_mobile":0,"ocean_menu_typo_spacing_unit":"","ocean_menu_link_color":"","ocean_menu_link_color_hover":"","ocean_menu_link_color_active":"","ocean_menu_link_background":"","ocean_menu_link_hover_background":"","ocean_menu_link_active_background":"","ocean_menu_social_links_bg":"","ocean_menu_social_hover_links_bg":"","ocean_menu_social_links_color":"","ocean_menu_social_hover_links_color":"","ocean_disable_title":"default","ocean_disable_heading":"default","ocean_post_title":"","ocean_post_subheading":"","ocean_post_title_style":"","ocean_post_title_background_color":"","ocean_post_title_background":0,"ocean_post_title_bg_image_position":"","ocean_post_title_bg_image_attachment":"","ocean_post_title_bg_image_repeat":"","ocean_post_title_bg_image_size":"","ocean_post_title_height":0,"ocean_post_title_bg_overlay":0.5,"ocean_post_title_bg_overlay_color":"","ocean_disable_breadcrumbs":"default","ocean_breadcrumbs_color":"","ocean_breadcrumbs_separator_color":"","ocean_breadcrumbs_links_color":"","ocean_breadcrumbs_links_hover_color":"","ocean_display_footer_widgets":"default","ocean_display_footer_bottom":"default","ocean_custom_footer_template":"","ocean_post_oembed":"","ocean_post_self_hosted_media":"","ocean_post_video_embed":"","ocean_link_format":"","ocean_link_format_target":"self","ocean_quote_format":"","ocean_quote_format_link":"post","ocean_gallery_link_images":"on","ocean_gallery_id":[],"footnotes":""},"categories":[133],"tags":[139],"class_list":["post-56486","post","type-post","status-publish","format-standard","has-post-thumbnail","hentry","category-notizie","tag-notizie-di-la-ccis","entry","has-media"],"yoast_head":"<!-- This site is optimized with the Yoast SEO plugin v27.4 - https:\/\/yoast.com\/product\/yoast-seo-wordpress\/ -->\n<title>La CCIS alla fiera IMEX-Madrid 2025 - Italcamara<\/title>\n<meta name=\"robots\" content=\"index, follow, max-snippet:-1, max-image-preview:large, max-video-preview:-1\" \/>\n<link rel=\"canonical\" href=\"https:\/\/italcamara-es.com\/noticias\/la-ccis-en-la-feria-imex-madrid-2025\/\" \/>\n<meta property=\"og:locale\" content=\"it_IT\" \/>\n<meta property=\"og:type\" content=\"article\" \/>\n<meta property=\"og:title\" content=\"La CCIS alla fiera IMEX-Madrid 2025 - Italcamara\" \/>\n<meta property=\"og:description\" content=\"La 23\u00aa edizione di&nbsp;IMEX-Madrid, IMEX-Madrid, si terr\u00e0 dal 19 al 20 febbraio e si svolger\u00e0 nella tradizionale sede del Palacio de Cibeles di Madrid. La fiera&nbsp;IMEX-Madrid&nbsp;\u00e8 il pi\u00f9 grande incontro d\u2019affari internazionale che si tiene in Spagna. Il suo obiettivo principale \u00e8 cercare di migliorare la competitivit\u00e0 delle PMI spagnole e, a tal fine, IMEX [&hellip;]\" \/>\n<meta property=\"og:url\" content=\"https:\/\/italcamara-es.com\/noticias\/la-ccis-en-la-feria-imex-madrid-2025\/\" \/>\n<meta property=\"og:site_name\" content=\"Italcamara\" \/>\n<meta property=\"article:published_time\" content=\"2025-02-11T08:33:51+00:00\" \/>\n<meta property=\"og:image\" content=\"https:\/\/italcamara-es.com\/wp-content\/uploads\/2025\/03\/CCIS-1.png\" \/>\n\t<meta property=\"og:image:width\" content=\"500\" \/>\n\t<meta property=\"og:image:height\" content=\"280\" \/>\n\t<meta property=\"og:image:type\" content=\"image\/png\" \/>\n<meta name=\"author\" content=\"administrador\" \/>\n<meta name=\"twitter:card\" content=\"summary_large_image\" \/>\n<meta name=\"twitter:label1\" content=\"Scritto da\" \/>\n\t<meta name=\"twitter:data1\" content=\"administrador\" \/>\n\t<meta name=\"twitter:label2\" content=\"Tempo di lettura stimato\" \/>\n\t<meta name=\"twitter:data2\" content=\"2 minuti\" \/>\n<script type=\"application\/ld+json\" class=\"yoast-schema-graph\">{\"@context\":\"https:\\\/\\\/schema.org\",\"@graph\":[{\"@type\":\"Article\",\"@id\":\"https:\\\/\\\/italcamara-es.com\\\/noticias\\\/la-ccis-en-la-feria-imex-madrid-2025\\\/#article\",\"isPartOf\":{\"@id\":\"https:\\\/\\\/italcamara-es.com\\\/noticias\\\/la-ccis-en-la-feria-imex-madrid-2025\\\/\"},\"author\":{\"name\":\"administrador\",\"@id\":\"https:\\\/\\\/italcamara-es.com\\\/#\\\/schema\\\/person\\\/bb3c56263e405bbd9a15171dcfee93bb\"},\"headline\":\"La CCIS alla fiera IMEX-Madrid 2025\",\"datePublished\":\"2025-02-11T08:33:51+00:00\",\"mainEntityOfPage\":{\"@id\":\"https:\\\/\\\/italcamara-es.com\\\/noticias\\\/la-ccis-en-la-feria-imex-madrid-2025\\\/\"},\"wordCount\":506,\"commentCount\":0,\"image\":{\"@id\":\"https:\\\/\\\/italcamara-es.com\\\/noticias\\\/la-ccis-en-la-feria-imex-madrid-2025\\\/#primaryimage\"},\"thumbnailUrl\":\"https:\\\/\\\/italcamara-es.com\\\/wp-content\\\/uploads\\\/2025\\\/03\\\/CCIS-1.png\",\"keywords\":[\"Notizie di la CCIS\"],\"articleSection\":[\"Notizie\"],\"inLanguage\":\"it-IT\",\"potentialAction\":[{\"@type\":\"CommentAction\",\"name\":\"Comment\",\"target\":[\"https:\\\/\\\/italcamara-es.com\\\/noticias\\\/la-ccis-en-la-feria-imex-madrid-2025\\\/#respond\"]}]},{\"@type\":\"WebPage\",\"@id\":\"https:\\\/\\\/italcamara-es.com\\\/noticias\\\/la-ccis-en-la-feria-imex-madrid-2025\\\/\",\"url\":\"https:\\\/\\\/italcamara-es.com\\\/noticias\\\/la-ccis-en-la-feria-imex-madrid-2025\\\/\",\"name\":\"La CCIS alla fiera IMEX-Madrid 2025 - Italcamara\",\"isPartOf\":{\"@id\":\"https:\\\/\\\/italcamara-es.com\\\/#website\"},\"primaryImageOfPage\":{\"@id\":\"https:\\\/\\\/italcamara-es.com\\\/noticias\\\/la-ccis-en-la-feria-imex-madrid-2025\\\/#primaryimage\"},\"image\":{\"@id\":\"https:\\\/\\\/italcamara-es.com\\\/noticias\\\/la-ccis-en-la-feria-imex-madrid-2025\\\/#primaryimage\"},\"thumbnailUrl\":\"https:\\\/\\\/italcamara-es.com\\\/wp-content\\\/uploads\\\/2025\\\/03\\\/CCIS-1.png\",\"datePublished\":\"2025-02-11T08:33:51+00:00\",\"author\":{\"@id\":\"https:\\\/\\\/italcamara-es.com\\\/#\\\/schema\\\/person\\\/bb3c56263e405bbd9a15171dcfee93bb\"},\"breadcrumb\":{\"@id\":\"https:\\\/\\\/italcamara-es.com\\\/noticias\\\/la-ccis-en-la-feria-imex-madrid-2025\\\/#breadcrumb\"},\"inLanguage\":\"it-IT\",\"potentialAction\":[{\"@type\":\"ReadAction\",\"target\":[\"https:\\\/\\\/italcamara-es.com\\\/noticias\\\/la-ccis-en-la-feria-imex-madrid-2025\\\/\"]}]},{\"@type\":\"ImageObject\",\"inLanguage\":\"it-IT\",\"@id\":\"https:\\\/\\\/italcamara-es.com\\\/noticias\\\/la-ccis-en-la-feria-imex-madrid-2025\\\/#primaryimage\",\"url\":\"https:\\\/\\\/italcamara-es.com\\\/wp-content\\\/uploads\\\/2025\\\/03\\\/CCIS-1.png\",\"contentUrl\":\"https:\\\/\\\/italcamara-es.com\\\/wp-content\\\/uploads\\\/2025\\\/03\\\/CCIS-1.png\",\"width\":500,\"height\":280},{\"@type\":\"BreadcrumbList\",\"@id\":\"https:\\\/\\\/italcamara-es.com\\\/noticias\\\/la-ccis-en-la-feria-imex-madrid-2025\\\/#breadcrumb\",\"itemListElement\":[{\"@type\":\"ListItem\",\"position\":1,\"name\":\"Inicio\",\"item\":\"https:\\\/\\\/italcamara-es.com\\\/it\\\/homepage-ita\\\/\"},{\"@type\":\"ListItem\",\"position\":2,\"name\":\"La CCIS alla fiera IMEX-Madrid 2025\"}]},{\"@type\":\"WebSite\",\"@id\":\"https:\\\/\\\/italcamara-es.com\\\/#website\",\"url\":\"https:\\\/\\\/italcamara-es.com\\\/\",\"name\":\"Italcamara\",\"description\":\"\",\"potentialAction\":[{\"@type\":\"SearchAction\",\"target\":{\"@type\":\"EntryPoint\",\"urlTemplate\":\"https:\\\/\\\/italcamara-es.com\\\/?s={search_term_string}\"},\"query-input\":{\"@type\":\"PropertyValueSpecification\",\"valueRequired\":true,\"valueName\":\"search_term_string\"}}],\"inLanguage\":\"it-IT\"},{\"@type\":\"Person\",\"@id\":\"https:\\\/\\\/italcamara-es.com\\\/#\\\/schema\\\/person\\\/bb3c56263e405bbd9a15171dcfee93bb\",\"name\":\"administrador\",\"image\":{\"@type\":\"ImageObject\",\"inLanguage\":\"it-IT\",\"@id\":\"https:\\\/\\\/secure.gravatar.com\\\/avatar\\\/14b5e63db38320b12031bb28cf9f77e210aa71fb3a8a3602a3c9a05134fa75eb?s=96&d=mm&r=g\",\"url\":\"https:\\\/\\\/secure.gravatar.com\\\/avatar\\\/14b5e63db38320b12031bb28cf9f77e210aa71fb3a8a3602a3c9a05134fa75eb?s=96&d=mm&r=g\",\"contentUrl\":\"https:\\\/\\\/secure.gravatar.com\\\/avatar\\\/14b5e63db38320b12031bb28cf9f77e210aa71fb3a8a3602a3c9a05134fa75eb?s=96&d=mm&r=g\",\"caption\":\"administrador\"},\"sameAs\":[\"http:\\\/\\\/pre.italcamara-es.com\"],\"url\":\"https:\\\/\\\/italcamara-es.com\\\/it\\\/author\\\/administrador\\\/\"}]}<\/script>\n<!-- \/ Yoast SEO plugin. -->","yoast_head_json":{"title":"La CCIS alla fiera IMEX-Madrid 2025 - Italcamara","robots":{"index":"index","follow":"follow","max-snippet":"max-snippet:-1","max-image-preview":"max-image-preview:large","max-video-preview":"max-video-preview:-1"},"canonical":"https:\/\/italcamara-es.com\/noticias\/la-ccis-en-la-feria-imex-madrid-2025\/","og_locale":"it_IT","og_type":"article","og_title":"La CCIS alla fiera IMEX-Madrid 2025 - Italcamara","og_description":"La 23\u00aa edizione di&nbsp;IMEX-Madrid, IMEX-Madrid, si terr\u00e0 dal 19 al 20 febbraio e si svolger\u00e0 nella tradizionale sede del Palacio de Cibeles di Madrid. La fiera&nbsp;IMEX-Madrid&nbsp;\u00e8 il pi\u00f9 grande incontro d\u2019affari internazionale che si tiene in Spagna. Il suo obiettivo principale \u00e8 cercare di migliorare la competitivit\u00e0 delle PMI spagnole e, a tal fine, IMEX [&hellip;]","og_url":"https:\/\/italcamara-es.com\/noticias\/la-ccis-en-la-feria-imex-madrid-2025\/","og_site_name":"Italcamara","article_published_time":"2025-02-11T08:33:51+00:00","og_image":[{"width":500,"height":280,"url":"https:\/\/italcamara-es.com\/wp-content\/uploads\/2025\/03\/CCIS-1.png","type":"image\/png"}],"author":"administrador","twitter_card":"summary_large_image","twitter_misc":{"Scritto da":"administrador","Tempo di lettura stimato":"2 minuti"},"schema":{"@context":"https:\/\/schema.org","@graph":[{"@type":"Article","@id":"https:\/\/italcamara-es.com\/noticias\/la-ccis-en-la-feria-imex-madrid-2025\/#article","isPartOf":{"@id":"https:\/\/italcamara-es.com\/noticias\/la-ccis-en-la-feria-imex-madrid-2025\/"},"author":{"name":"administrador","@id":"https:\/\/italcamara-es.com\/#\/schema\/person\/bb3c56263e405bbd9a15171dcfee93bb"},"headline":"La CCIS alla fiera IMEX-Madrid 2025","datePublished":"2025-02-11T08:33:51+00:00","mainEntityOfPage":{"@id":"https:\/\/italcamara-es.com\/noticias\/la-ccis-en-la-feria-imex-madrid-2025\/"},"wordCount":506,"commentCount":0,"image":{"@id":"https:\/\/italcamara-es.com\/noticias\/la-ccis-en-la-feria-imex-madrid-2025\/#primaryimage"},"thumbnailUrl":"https:\/\/italcamara-es.com\/wp-content\/uploads\/2025\/03\/CCIS-1.png","keywords":["Notizie di la CCIS"],"articleSection":["Notizie"],"inLanguage":"it-IT","potentialAction":[{"@type":"CommentAction","name":"Comment","target":["https:\/\/italcamara-es.com\/noticias\/la-ccis-en-la-feria-imex-madrid-2025\/#respond"]}]},{"@type":"WebPage","@id":"https:\/\/italcamara-es.com\/noticias\/la-ccis-en-la-feria-imex-madrid-2025\/","url":"https:\/\/italcamara-es.com\/noticias\/la-ccis-en-la-feria-imex-madrid-2025\/","name":"La CCIS alla fiera IMEX-Madrid 2025 - Italcamara","isPartOf":{"@id":"https:\/\/italcamara-es.com\/#website"},"primaryImageOfPage":{"@id":"https:\/\/italcamara-es.com\/noticias\/la-ccis-en-la-feria-imex-madrid-2025\/#primaryimage"},"image":{"@id":"https:\/\/italcamara-es.com\/noticias\/la-ccis-en-la-feria-imex-madrid-2025\/#primaryimage"},"thumbnailUrl":"https:\/\/italcamara-es.com\/wp-content\/uploads\/2025\/03\/CCIS-1.png","datePublished":"2025-02-11T08:33:51+00:00","author":{"@id":"https:\/\/italcamara-es.com\/#\/schema\/person\/bb3c56263e405bbd9a15171dcfee93bb"},"breadcrumb":{"@id":"https:\/\/italcamara-es.com\/noticias\/la-ccis-en-la-feria-imex-madrid-2025\/#breadcrumb"},"inLanguage":"it-IT","potentialAction":[{"@type":"ReadAction","target":["https:\/\/italcamara-es.com\/noticias\/la-ccis-en-la-feria-imex-madrid-2025\/"]}]},{"@type":"ImageObject","inLanguage":"it-IT","@id":"https:\/\/italcamara-es.com\/noticias\/la-ccis-en-la-feria-imex-madrid-2025\/#primaryimage","url":"https:\/\/italcamara-es.com\/wp-content\/uploads\/2025\/03\/CCIS-1.png","contentUrl":"https:\/\/italcamara-es.com\/wp-content\/uploads\/2025\/03\/CCIS-1.png","width":500,"height":280},{"@type":"BreadcrumbList","@id":"https:\/\/italcamara-es.com\/noticias\/la-ccis-en-la-feria-imex-madrid-2025\/#breadcrumb","itemListElement":[{"@type":"ListItem","position":1,"name":"Inicio","item":"https:\/\/italcamara-es.com\/it\/homepage-ita\/"},{"@type":"ListItem","position":2,"name":"La CCIS alla fiera IMEX-Madrid 2025"}]},{"@type":"WebSite","@id":"https:\/\/italcamara-es.com\/#website","url":"https:\/\/italcamara-es.com\/","name":"Italcamara","description":"","potentialAction":[{"@type":"SearchAction","target":{"@type":"EntryPoint","urlTemplate":"https:\/\/italcamara-es.com\/?s={search_term_string}"},"query-input":{"@type":"PropertyValueSpecification","valueRequired":true,"valueName":"search_term_string"}}],"inLanguage":"it-IT"},{"@type":"Person","@id":"https:\/\/italcamara-es.com\/#\/schema\/person\/bb3c56263e405bbd9a15171dcfee93bb","name":"administrador","image":{"@type":"ImageObject","inLanguage":"it-IT","@id":"https:\/\/secure.gravatar.com\/avatar\/14b5e63db38320b12031bb28cf9f77e210aa71fb3a8a3602a3c9a05134fa75eb?s=96&d=mm&r=g","url":"https:\/\/secure.gravatar.com\/avatar\/14b5e63db38320b12031bb28cf9f77e210aa71fb3a8a3602a3c9a05134fa75eb?s=96&d=mm&r=g","contentUrl":"https:\/\/secure.gravatar.com\/avatar\/14b5e63db38320b12031bb28cf9f77e210aa71fb3a8a3602a3c9a05134fa75eb?s=96&d=mm&r=g","caption":"administrador"},"sameAs":["http:\/\/pre.italcamara-es.com"],"url":"https:\/\/italcamara-es.com\/it\/author\/administrador\/"}]}},"rttpg_featured_image_url":{"full":["https:\/\/italcamara-es.com\/wp-content\/uploads\/2025\/03\/CCIS-1.png",500,280,false],"landscape":["https:\/\/italcamara-es.com\/wp-content\/uploads\/2025\/03\/CCIS-1.png",500,280,false],"portraits":["https:\/\/italcamara-es.com\/wp-content\/uploads\/2025\/03\/CCIS-1.png",500,280,false],"thumbnail":["https:\/\/italcamara-es.com\/wp-content\/uploads\/2025\/03\/CCIS-1-150x150.png",150,150,true],"medium":["https:\/\/italcamara-es.com\/wp-content\/uploads\/2025\/03\/CCIS-1-300x168.png",300,168,true],"large":["https:\/\/italcamara-es.com\/wp-content\/uploads\/2025\/03\/CCIS-1.png",500,280,false],"1536x1536":["https:\/\/italcamara-es.com\/wp-content\/uploads\/2025\/03\/CCIS-1.png",500,280,false],"2048x2048":["https:\/\/italcamara-es.com\/wp-content\/uploads\/2025\/03\/CCIS-1.png",500,280,false],"ocean-thumb-m":["https:\/\/italcamara-es.com\/wp-content\/uploads\/2025\/03\/CCIS-1.png",500,280,false],"ocean-thumb-ml":["https:\/\/italcamara-es.com\/wp-content\/uploads\/2025\/03\/CCIS-1.png",500,280,false],"ocean-thumb-l":["https:\/\/italcamara-es.com\/wp-content\/uploads\/2025\/03\/CCIS-1.png",500,280,false],"directorist_preview":["https:\/\/italcamara-es.com\/wp-content\/uploads\/2025\/03\/CCIS-1.png",500,280,false]},"rttpg_author":{"display_name":"administrador","author_link":"https:\/\/italcamara-es.com\/it\/author\/administrador\/"},"rttpg_comment":0,"rttpg_category":"<a href=\"https:\/\/italcamara-es.com\/it\/category\/notizie\/\" rel=\"category tag\">Notizie<\/a>","rttpg_excerpt":"La 23\u00aa edizione di&nbsp;IMEX-Madrid, IMEX-Madrid, si terr\u00e0 dal 19 al 20 febbraio e si svolger\u00e0 nella tradizionale sede del Palacio de Cibeles di Madrid. La fiera&nbsp;IMEX-Madrid&nbsp;\u00e8 il pi\u00f9 grande incontro d\u2019affari internazionale che si tiene in Spagna. Il suo obiettivo principale \u00e8 cercare di migliorare la competitivit\u00e0 delle PMI spagnole e, a tal fine, IMEX&hellip;","_links":{"self":[{"href":"https:\/\/italcamara-es.com\/it\/wp-json\/wp\/v2\/posts\/56486","targetHints":{"allow":["GET"]}}],"collection":[{"href":"https:\/\/italcamara-es.com\/it\/wp-json\/wp\/v2\/posts"}],"about":[{"href":"https:\/\/italcamara-es.com\/it\/wp-json\/wp\/v2\/types\/post"}],"author":[{"embeddable":true,"href":"https:\/\/italcamara-es.com\/it\/wp-json\/wp\/v2\/users\/1"}],"replies":[{"embeddable":true,"href":"https:\/\/italcamara-es.com\/it\/wp-json\/wp\/v2\/comments?post=56486"}],"version-history":[{"count":0,"href":"https:\/\/italcamara-es.com\/it\/wp-json\/wp\/v2\/posts\/56486\/revisions"}],"wp:featuredmedia":[{"embeddable":true,"href":"https:\/\/italcamara-es.com\/it\/wp-json\/wp\/v2\/media\/56487"}],"wp:attachment":[{"href":"https:\/\/italcamara-es.com\/it\/wp-json\/wp\/v2\/media?parent=56486"}],"wp:term":[{"taxonomy":"category","embeddable":true,"href":"https:\/\/italcamara-es.com\/it\/wp-json\/wp\/v2\/categories?post=56486"},{"taxonomy":"post_tag","embeddable":true,"href":"https:\/\/italcamara-es.com\/it\/wp-json\/wp\/v2\/tags?post=56486"}],"curies":[{"name":"wp","href":"https:\/\/api.w.org\/{rel}","templated":true}]}}