	{"id":56495,"date":"2016-07-14T08:28:05","date_gmt":"2016-07-14T06:28:05","guid":{"rendered":"http:\/\/pre.italcamara-es.com\/senza-categoria\/la-solidita-dellinternazionalizzazione-delleconomia-spagnola-migliora-del-37-secondo-amec\/"},"modified":"2016-07-14T08:28:05","modified_gmt":"2016-07-14T06:28:05","slug":"la-solidita-dellinternazionalizzazione-delleconomia-spagnola-migliora-del-37-secondo-amec","status":"publish","type":"post","link":"https:\/\/italcamara-es.com\/it\/notizie\/la-solidita-dellinternazionalizzazione-delleconomia-spagnola-migliora-del-37-secondo-amec\/","title":{"rendered":"La solidit\u00e0 dell\u2019internazionalizzazione dell\u2019economia spagnola migliora del 3,7% secondo amec"},"content":{"rendered":"<p style=\"text-align: justify;\"><em>L\u2019aumento registrato durante il 2015 \u00e8 quasi equivalente a quello accumulato nel corso dei 4 anni precedenti. Il direttore generale ell\u2019Associazione che riunisce le imprese industriali internazionalizzate, Joan Tristany, ha posto come obiettivo per il 2020 che l\u2019Indice di Solidit\u00e0 dell\u2019Internazionalizzazione raggiunga il punteggio di 8 su 10.<\/em><\/p>\n<p style=\"text-align: justify;\">\n<p style=\"text-align: justify;\"><strong>Amec <\/strong>elabora l\u2019Indice di solidit\u00e0 dell\u2019internazionalizzazione partendo da 19 indicatori parziali per determinare in forma sintetica la solidit\u00e0 e la robustezza dell\u2019internazionalizzazione dell\u2019economia spagnola. La solidit\u00e0 dell\u2019internazionalizzazione dell\u2019economia spagnola \u00e8 migliorata del <strong>3,7% nel corso del 2015<\/strong>. Lo segnala l\u2019<strong>Indice di Solidit\u00e0 dell\u2019Internazionalizzazione (ISI)<\/strong>, elaborato da amec, l\u2019associazione dell\u2019imprese industriali internazionali. Questo Indice colloca la solidit\u00e0 dell\u2019internazionalizzazione a 6,44 punti su 10. Il miglioramento registrato nel 2015, sembrerebbe simile all\u2019aumento accumulato duranti i 4 anni precedenti, quando la solidit\u00e0 dell\u2019internazionalizzazione crebbe di un 4,37%. Tra gli indiciatori che nel 2015 hanno contribuito pi\u00f9 positivamente all\u2019ISI, si trovano le barriere all\u2019esportazione; ci\u00f2 significa che nel corso del 2015 un minor numero di imprese si \u00e8 trovato di fronte a questo tipo di barriere. Questo \u00e8 uno degli aspetti intorno ai quali l\u2019economia spagnola pu\u00f2 lavorare e migliorare per consolidare l\u2019internazionalizzazione.<\/p>\n<p style=\"text-align: justify;\">\n<p style=\"text-align: justify;\">Tra gli indicatori che hanno contribuito positivamente al miglioramento della solidit\u00e0 dell\u2019internazionalizzazione spiccano la quota mondiale delle esportazioni, gli investimenti per aree geografiche, le esportazioni regolari, le pmi esportatrici, gli strumenti finanziari e la concentrazione imprenditoriale. In cambio, hanno avuto un comportamento negativo e perci\u00f2, hanno influito negativamente sull\u2019ISI, gli indicatori dell\u2019esportazione per aree geografiche, la concentrazione settoriale delle esportazioni, il valore unitario delle esportazioni, il livello tecnologico di queste e le imprese con sede all\u2019estero. Gli indicatori della variazione delle esportazioni, l\u2019investimento all\u2019estero, l\u2019investimento straniero, gli stabilimenti all\u2019estero, la partecipazione nelle catene di valore globali e il preventivo pubblico per l\u2019internazionalizzazione, da un lato, sono stati fattori neutrali. Amec ha presentato l\u2019ISI nel 2015 con l\u2019obiettivo di offrire in forma sintetica una visione sulla solidit\u00e0 e la robustezza dell\u2019internazionalizzazione. Fino a quel momento, l\u2019internazionalizzazione si misurava prendendo in considerazione aspetti come il volume delle esportazioni, la diversificazione delle destinazioni, il numero di imprese esportatrici o il livello tecnologico delle esportazioni.<\/p>\n<p style=\"text-align: justify;\">\n<p style=\"text-align: justify;\">Tuttavia mancava una visione globale, un indice sistemico. \u00a0L\u2019Indice, che si aggiorna ogni anno, prende in considerazione 19 indicatori come: il numero di imprese esportatrici regolari e di quelle con sede all\u2019estero, la concentrazione imprenditoriale e settoriale delle esportazioni, le pmi esportatrici, la variazione delle esportazioni, il peso delle stesse sul PIL , la quota delle esportazioni mondiali, l\u2019investimento all\u2019estero e l\u2019investimento straniero, la diversificazione geografica delle esportazioni e degli investimenti, il livello tecnologico delle esportazioni, la variazione dei prezzi di queste, la partecipazione nelle catene di valore internazionali, gli strumenti finanziari per l\u2019internazionalizzazione e le barriere all\u2019esportazione. In conclusione, secondo il direttore generale di amec, Joan Tristany, i dati del ISI indicano che \u201csiamo sulla buona strada\u201d. Tristany ha fissato come obiettivo per il 2020 che l\u2019indicatore di solidit\u00e0 dell\u2019internazionalizazzione raggiunga il punteggio di 8 su 10. Secondo Tristany, nonostante \u201cmanchi ancora molta strada da percorrere\u201d, si tratta di una meta raggiungibile.<\/p>\n<p style=\"text-align: justify;\">\n<p style=\"text-align: justify;\">\n","protected":false},"excerpt":{"rendered":"<p>L\u2019aumento registrato durante il 2015 \u00e8 quasi equivalente a quello accumulato nel corso dei 4 anni precedenti. Il direttore generale ell\u2019Associazione che riunisce le imprese industriali internazionalizzate, Joan Tristany, ha posto come obiettivo per il 2020 che l\u2019Indice di Solidit\u00e0 dell\u2019Internazionalizzazione raggiunga il punteggio di 8 su 10. Amec elabora l\u2019Indice di solidit\u00e0 dell\u2019internazionalizzazione partendo [&hellip;]<\/p>\n","protected":false},"author":1,"featured_media":53451,"comment_status":"open","ping_status":"open","sticky":false,"template":"","format":"standard","meta":{"inline_featured_image":false,"ocean_post_layout":"","ocean_both_sidebars_style":"","ocean_both_sidebars_content_width":0,"ocean_both_sidebars_sidebars_width":0,"ocean_sidebar":"","ocean_second_sidebar":"","ocean_disable_margins":"enable","ocean_add_body_class":"","ocean_shortcode_before_top_bar":"","ocean_shortcode_after_top_bar":"","ocean_shortcode_before_header":"","ocean_shortcode_after_header":"","ocean_has_shortcode":"","ocean_shortcode_after_title":"","ocean_shortcode_before_footer_widgets":"","ocean_shortcode_after_footer_widgets":"","ocean_shortcode_before_footer_bottom":"","ocean_shortcode_after_footer_bottom":"","ocean_display_top_bar":"default","ocean_display_header":"default","ocean_header_style":"","ocean_center_header_left_menu":"","ocean_custom_header_template":"","ocean_custom_logo":0,"ocean_custom_retina_logo":0,"ocean_custom_logo_max_width":0,"ocean_custom_logo_tablet_max_width":0,"ocean_custom_logo_mobile_max_width":0,"ocean_custom_logo_max_height":0,"ocean_custom_logo_tablet_max_height":0,"ocean_custom_logo_mobile_max_height":0,"ocean_header_custom_menu":"","ocean_menu_typo_font_family":"","ocean_menu_typo_font_subset":"","ocean_menu_typo_font_size":0,"ocean_menu_typo_font_size_tablet":0,"ocean_menu_typo_font_size_mobile":0,"ocean_menu_typo_font_size_unit":"px","ocean_menu_typo_font_weight":"","ocean_menu_typo_font_weight_tablet":"","ocean_menu_typo_font_weight_mobile":"","ocean_menu_typo_transform":"","ocean_menu_typo_transform_tablet":"","ocean_menu_typo_transform_mobile":"","ocean_menu_typo_line_height":0,"ocean_menu_typo_line_height_tablet":0,"ocean_menu_typo_line_height_mobile":0,"ocean_menu_typo_line_height_unit":"","ocean_menu_typo_spacing":0,"ocean_menu_typo_spacing_tablet":0,"ocean_menu_typo_spacing_mobile":0,"ocean_menu_typo_spacing_unit":"","ocean_menu_link_color":"","ocean_menu_link_color_hover":"","ocean_menu_link_color_active":"","ocean_menu_link_background":"","ocean_menu_link_hover_background":"","ocean_menu_link_active_background":"","ocean_menu_social_links_bg":"","ocean_menu_social_hover_links_bg":"","ocean_menu_social_links_color":"","ocean_menu_social_hover_links_color":"","ocean_disable_title":"default","ocean_disable_heading":"default","ocean_post_title":"","ocean_post_subheading":"","ocean_post_title_style":"","ocean_post_title_background_color":"","ocean_post_title_background":0,"ocean_post_title_bg_image_position":"","ocean_post_title_bg_image_attachment":"","ocean_post_title_bg_image_repeat":"","ocean_post_title_bg_image_size":"","ocean_post_title_height":0,"ocean_post_title_bg_overlay":0.5,"ocean_post_title_bg_overlay_color":"","ocean_disable_breadcrumbs":"default","ocean_breadcrumbs_color":"","ocean_breadcrumbs_separator_color":"","ocean_breadcrumbs_links_color":"","ocean_breadcrumbs_links_hover_color":"","ocean_display_footer_widgets":"default","ocean_display_footer_bottom":"default","ocean_custom_footer_template":"","ocean_post_oembed":"","ocean_post_self_hosted_media":"","ocean_post_video_embed":"","ocean_link_format":"","ocean_link_format_target":"self","ocean_quote_format":"","ocean_quote_format_link":"post","ocean_gallery_link_images":"on","ocean_gallery_id":[],"footnotes":""},"categories":[133],"tags":[138],"class_list":["post-56495","post","type-post","status-publish","format-standard","has-post-thumbnail","hentry","category-notizie","tag-notizie-di-mercato","entry","has-media"],"yoast_head":"<!-- This site is optimized with the Yoast SEO plugin v27.5 - https:\/\/yoast.com\/product\/yoast-seo-wordpress\/ -->\n<title>La solidit\u00e0 dell\u2019internazionalizzazione dell\u2019economia spagnola migliora del 3,7% secondo amec - Italcamara<\/title>\n<meta name=\"robots\" content=\"index, follow, max-snippet:-1, max-image-preview:large, max-video-preview:-1\" \/>\n<link rel=\"canonical\" href=\"https:\/\/italcamara-es.com\/it\/notizie\/la-solidita-dellinternazionalizzazione-delleconomia-spagnola-migliora-del-37-secondo-amec\/\" \/>\n<meta property=\"og:locale\" content=\"it_IT\" \/>\n<meta property=\"og:type\" content=\"article\" \/>\n<meta property=\"og:title\" content=\"La solidit\u00e0 dell\u2019internazionalizzazione dell\u2019economia spagnola migliora del 3,7% secondo amec - Italcamara\" \/>\n<meta property=\"og:description\" content=\"L\u2019aumento registrato durante il 2015 \u00e8 quasi equivalente a quello accumulato nel corso dei 4 anni precedenti. Il direttore generale ell\u2019Associazione che riunisce le imprese industriali internazionalizzate, Joan Tristany, ha posto come obiettivo per il 2020 che l\u2019Indice di Solidit\u00e0 dell\u2019Internazionalizzazione raggiunga il punteggio di 8 su 10. Amec elabora l\u2019Indice di solidit\u00e0 dell\u2019internazionalizzazione partendo [&hellip;]\" \/>\n<meta property=\"og:url\" content=\"https:\/\/italcamara-es.com\/it\/notizie\/la-solidita-dellinternazionalizzazione-delleconomia-spagnola-migliora-del-37-secondo-amec\/\" \/>\n<meta property=\"og:site_name\" content=\"Italcamara\" \/>\n<meta property=\"article:published_time\" content=\"2016-07-14T06:28:05+00:00\" \/>\n<meta property=\"og:image\" content=\"https:\/\/italcamara-es.com\/wp-content\/uploads\/2025\/03\/Espana_inversiones.jpg\" \/>\n\t<meta property=\"og:image:width\" content=\"600\" \/>\n\t<meta property=\"og:image:height\" content=\"371\" \/>\n\t<meta property=\"og:image:type\" content=\"image\/jpeg\" \/>\n<meta name=\"author\" content=\"administrador\" \/>\n<meta name=\"twitter:card\" content=\"summary_large_image\" \/>\n<meta name=\"twitter:label1\" content=\"Scritto da\" \/>\n\t<meta name=\"twitter:data1\" content=\"administrador\" \/>\n\t<meta name=\"twitter:label2\" content=\"Tempo di lettura stimato\" \/>\n\t<meta name=\"twitter:data2\" content=\"3 minuti\" \/>\n<script type=\"application\/ld+json\" class=\"yoast-schema-graph\">{\"@context\":\"https:\\\/\\\/schema.org\",\"@graph\":[{\"@type\":\"Article\",\"@id\":\"https:\\\/\\\/italcamara-es.com\\\/it\\\/notizie\\\/la-solidita-dellinternazionalizzazione-delleconomia-spagnola-migliora-del-37-secondo-amec\\\/#article\",\"isPartOf\":{\"@id\":\"https:\\\/\\\/italcamara-es.com\\\/it\\\/notizie\\\/la-solidita-dellinternazionalizzazione-delleconomia-spagnola-migliora-del-37-secondo-amec\\\/\"},\"author\":{\"name\":\"administrador\",\"@id\":\"https:\\\/\\\/italcamara-es.com\\\/#\\\/schema\\\/person\\\/bb3c56263e405bbd9a15171dcfee93bb\"},\"headline\":\"La solidit\u00e0 dell\u2019internazionalizzazione dell\u2019economia spagnola migliora del 3,7% secondo amec\",\"datePublished\":\"2016-07-14T06:28:05+00:00\",\"mainEntityOfPage\":{\"@id\":\"https:\\\/\\\/italcamara-es.com\\\/it\\\/notizie\\\/la-solidita-dellinternazionalizzazione-delleconomia-spagnola-migliora-del-37-secondo-amec\\\/\"},\"wordCount\":530,\"commentCount\":0,\"image\":{\"@id\":\"https:\\\/\\\/italcamara-es.com\\\/it\\\/notizie\\\/la-solidita-dellinternazionalizzazione-delleconomia-spagnola-migliora-del-37-secondo-amec\\\/#primaryimage\"},\"thumbnailUrl\":\"https:\\\/\\\/italcamara-es.com\\\/wp-content\\\/uploads\\\/2025\\\/03\\\/Espana_inversiones.jpg\",\"keywords\":[\"Notizie di Mercato\"],\"articleSection\":[\"Notizie\"],\"inLanguage\":\"it-IT\",\"potentialAction\":[{\"@type\":\"CommentAction\",\"name\":\"Comment\",\"target\":[\"https:\\\/\\\/italcamara-es.com\\\/it\\\/notizie\\\/la-solidita-dellinternazionalizzazione-delleconomia-spagnola-migliora-del-37-secondo-amec\\\/#respond\"]}]},{\"@type\":\"WebPage\",\"@id\":\"https:\\\/\\\/italcamara-es.com\\\/it\\\/notizie\\\/la-solidita-dellinternazionalizzazione-delleconomia-spagnola-migliora-del-37-secondo-amec\\\/\",\"url\":\"https:\\\/\\\/italcamara-es.com\\\/it\\\/notizie\\\/la-solidita-dellinternazionalizzazione-delleconomia-spagnola-migliora-del-37-secondo-amec\\\/\",\"name\":\"La solidit\u00e0 dell\u2019internazionalizzazione dell\u2019economia spagnola migliora del 3,7% secondo amec - Italcamara\",\"isPartOf\":{\"@id\":\"https:\\\/\\\/italcamara-es.com\\\/#website\"},\"primaryImageOfPage\":{\"@id\":\"https:\\\/\\\/italcamara-es.com\\\/it\\\/notizie\\\/la-solidita-dellinternazionalizzazione-delleconomia-spagnola-migliora-del-37-secondo-amec\\\/#primaryimage\"},\"image\":{\"@id\":\"https:\\\/\\\/italcamara-es.com\\\/it\\\/notizie\\\/la-solidita-dellinternazionalizzazione-delleconomia-spagnola-migliora-del-37-secondo-amec\\\/#primaryimage\"},\"thumbnailUrl\":\"https:\\\/\\\/italcamara-es.com\\\/wp-content\\\/uploads\\\/2025\\\/03\\\/Espana_inversiones.jpg\",\"datePublished\":\"2016-07-14T06:28:05+00:00\",\"author\":{\"@id\":\"https:\\\/\\\/italcamara-es.com\\\/#\\\/schema\\\/person\\\/bb3c56263e405bbd9a15171dcfee93bb\"},\"breadcrumb\":{\"@id\":\"https:\\\/\\\/italcamara-es.com\\\/it\\\/notizie\\\/la-solidita-dellinternazionalizzazione-delleconomia-spagnola-migliora-del-37-secondo-amec\\\/#breadcrumb\"},\"inLanguage\":\"it-IT\",\"potentialAction\":[{\"@type\":\"ReadAction\",\"target\":[\"https:\\\/\\\/italcamara-es.com\\\/it\\\/notizie\\\/la-solidita-dellinternazionalizzazione-delleconomia-spagnola-migliora-del-37-secondo-amec\\\/\"]}]},{\"@type\":\"ImageObject\",\"inLanguage\":\"it-IT\",\"@id\":\"https:\\\/\\\/italcamara-es.com\\\/it\\\/notizie\\\/la-solidita-dellinternazionalizzazione-delleconomia-spagnola-migliora-del-37-secondo-amec\\\/#primaryimage\",\"url\":\"https:\\\/\\\/italcamara-es.com\\\/wp-content\\\/uploads\\\/2025\\\/03\\\/Espana_inversiones.jpg\",\"contentUrl\":\"https:\\\/\\\/italcamara-es.com\\\/wp-content\\\/uploads\\\/2025\\\/03\\\/Espana_inversiones.jpg\",\"width\":600,\"height\":371},{\"@type\":\"BreadcrumbList\",\"@id\":\"https:\\\/\\\/italcamara-es.com\\\/it\\\/notizie\\\/la-solidita-dellinternazionalizzazione-delleconomia-spagnola-migliora-del-37-secondo-amec\\\/#breadcrumb\",\"itemListElement\":[{\"@type\":\"ListItem\",\"position\":1,\"name\":\"Inicio\",\"item\":\"https:\\\/\\\/italcamara-es.com\\\/it\\\/homepage-ita\\\/\"},{\"@type\":\"ListItem\",\"position\":2,\"name\":\"La solidit\u00e0 dell\u2019internazionalizzazione dell\u2019economia spagnola migliora del 3,7% secondo amec\"}]},{\"@type\":\"WebSite\",\"@id\":\"https:\\\/\\\/italcamara-es.com\\\/#website\",\"url\":\"https:\\\/\\\/italcamara-es.com\\\/\",\"name\":\"Italcamara\",\"description\":\"\",\"potentialAction\":[{\"@type\":\"SearchAction\",\"target\":{\"@type\":\"EntryPoint\",\"urlTemplate\":\"https:\\\/\\\/italcamara-es.com\\\/?s={search_term_string}\"},\"query-input\":{\"@type\":\"PropertyValueSpecification\",\"valueRequired\":true,\"valueName\":\"search_term_string\"}}],\"inLanguage\":\"it-IT\"},{\"@type\":\"Person\",\"@id\":\"https:\\\/\\\/italcamara-es.com\\\/#\\\/schema\\\/person\\\/bb3c56263e405bbd9a15171dcfee93bb\",\"name\":\"administrador\",\"image\":{\"@type\":\"ImageObject\",\"inLanguage\":\"it-IT\",\"@id\":\"https:\\\/\\\/secure.gravatar.com\\\/avatar\\\/14b5e63db38320b12031bb28cf9f77e210aa71fb3a8a3602a3c9a05134fa75eb?s=96&d=mm&r=g\",\"url\":\"https:\\\/\\\/secure.gravatar.com\\\/avatar\\\/14b5e63db38320b12031bb28cf9f77e210aa71fb3a8a3602a3c9a05134fa75eb?s=96&d=mm&r=g\",\"contentUrl\":\"https:\\\/\\\/secure.gravatar.com\\\/avatar\\\/14b5e63db38320b12031bb28cf9f77e210aa71fb3a8a3602a3c9a05134fa75eb?s=96&d=mm&r=g\",\"caption\":\"administrador\"},\"sameAs\":[\"http:\\\/\\\/pre.italcamara-es.com\"],\"url\":\"https:\\\/\\\/italcamara-es.com\\\/it\\\/author\\\/administrador\\\/\"}]}<\/script>\n<!-- \/ Yoast SEO plugin. -->","yoast_head_json":{"title":"La solidit\u00e0 dell\u2019internazionalizzazione dell\u2019economia spagnola migliora del 3,7% secondo amec - Italcamara","robots":{"index":"index","follow":"follow","max-snippet":"max-snippet:-1","max-image-preview":"max-image-preview:large","max-video-preview":"max-video-preview:-1"},"canonical":"https:\/\/italcamara-es.com\/it\/notizie\/la-solidita-dellinternazionalizzazione-delleconomia-spagnola-migliora-del-37-secondo-amec\/","og_locale":"it_IT","og_type":"article","og_title":"La solidit\u00e0 dell\u2019internazionalizzazione dell\u2019economia spagnola migliora del 3,7% secondo amec - Italcamara","og_description":"L\u2019aumento registrato durante il 2015 \u00e8 quasi equivalente a quello accumulato nel corso dei 4 anni precedenti. Il direttore generale ell\u2019Associazione che riunisce le imprese industriali internazionalizzate, Joan Tristany, ha posto come obiettivo per il 2020 che l\u2019Indice di Solidit\u00e0 dell\u2019Internazionalizzazione raggiunga il punteggio di 8 su 10. Amec elabora l\u2019Indice di solidit\u00e0 dell\u2019internazionalizzazione partendo [&hellip;]","og_url":"https:\/\/italcamara-es.com\/it\/notizie\/la-solidita-dellinternazionalizzazione-delleconomia-spagnola-migliora-del-37-secondo-amec\/","og_site_name":"Italcamara","article_published_time":"2016-07-14T06:28:05+00:00","og_image":[{"width":600,"height":371,"url":"https:\/\/italcamara-es.com\/wp-content\/uploads\/2025\/03\/Espana_inversiones.jpg","type":"image\/jpeg"}],"author":"administrador","twitter_card":"summary_large_image","twitter_misc":{"Scritto da":"administrador","Tempo di lettura stimato":"3 minuti"},"schema":{"@context":"https:\/\/schema.org","@graph":[{"@type":"Article","@id":"https:\/\/italcamara-es.com\/it\/notizie\/la-solidita-dellinternazionalizzazione-delleconomia-spagnola-migliora-del-37-secondo-amec\/#article","isPartOf":{"@id":"https:\/\/italcamara-es.com\/it\/notizie\/la-solidita-dellinternazionalizzazione-delleconomia-spagnola-migliora-del-37-secondo-amec\/"},"author":{"name":"administrador","@id":"https:\/\/italcamara-es.com\/#\/schema\/person\/bb3c56263e405bbd9a15171dcfee93bb"},"headline":"La solidit\u00e0 dell\u2019internazionalizzazione dell\u2019economia spagnola migliora del 3,7% secondo amec","datePublished":"2016-07-14T06:28:05+00:00","mainEntityOfPage":{"@id":"https:\/\/italcamara-es.com\/it\/notizie\/la-solidita-dellinternazionalizzazione-delleconomia-spagnola-migliora-del-37-secondo-amec\/"},"wordCount":530,"commentCount":0,"image":{"@id":"https:\/\/italcamara-es.com\/it\/notizie\/la-solidita-dellinternazionalizzazione-delleconomia-spagnola-migliora-del-37-secondo-amec\/#primaryimage"},"thumbnailUrl":"https:\/\/italcamara-es.com\/wp-content\/uploads\/2025\/03\/Espana_inversiones.jpg","keywords":["Notizie di Mercato"],"articleSection":["Notizie"],"inLanguage":"it-IT","potentialAction":[{"@type":"CommentAction","name":"Comment","target":["https:\/\/italcamara-es.com\/it\/notizie\/la-solidita-dellinternazionalizzazione-delleconomia-spagnola-migliora-del-37-secondo-amec\/#respond"]}]},{"@type":"WebPage","@id":"https:\/\/italcamara-es.com\/it\/notizie\/la-solidita-dellinternazionalizzazione-delleconomia-spagnola-migliora-del-37-secondo-amec\/","url":"https:\/\/italcamara-es.com\/it\/notizie\/la-solidita-dellinternazionalizzazione-delleconomia-spagnola-migliora-del-37-secondo-amec\/","name":"La solidit\u00e0 dell\u2019internazionalizzazione dell\u2019economia spagnola migliora del 3,7% secondo amec - Italcamara","isPartOf":{"@id":"https:\/\/italcamara-es.com\/#website"},"primaryImageOfPage":{"@id":"https:\/\/italcamara-es.com\/it\/notizie\/la-solidita-dellinternazionalizzazione-delleconomia-spagnola-migliora-del-37-secondo-amec\/#primaryimage"},"image":{"@id":"https:\/\/italcamara-es.com\/it\/notizie\/la-solidita-dellinternazionalizzazione-delleconomia-spagnola-migliora-del-37-secondo-amec\/#primaryimage"},"thumbnailUrl":"https:\/\/italcamara-es.com\/wp-content\/uploads\/2025\/03\/Espana_inversiones.jpg","datePublished":"2016-07-14T06:28:05+00:00","author":{"@id":"https:\/\/italcamara-es.com\/#\/schema\/person\/bb3c56263e405bbd9a15171dcfee93bb"},"breadcrumb":{"@id":"https:\/\/italcamara-es.com\/it\/notizie\/la-solidita-dellinternazionalizzazione-delleconomia-spagnola-migliora-del-37-secondo-amec\/#breadcrumb"},"inLanguage":"it-IT","potentialAction":[{"@type":"ReadAction","target":["https:\/\/italcamara-es.com\/it\/notizie\/la-solidita-dellinternazionalizzazione-delleconomia-spagnola-migliora-del-37-secondo-amec\/"]}]},{"@type":"ImageObject","inLanguage":"it-IT","@id":"https:\/\/italcamara-es.com\/it\/notizie\/la-solidita-dellinternazionalizzazione-delleconomia-spagnola-migliora-del-37-secondo-amec\/#primaryimage","url":"https:\/\/italcamara-es.com\/wp-content\/uploads\/2025\/03\/Espana_inversiones.jpg","contentUrl":"https:\/\/italcamara-es.com\/wp-content\/uploads\/2025\/03\/Espana_inversiones.jpg","width":600,"height":371},{"@type":"BreadcrumbList","@id":"https:\/\/italcamara-es.com\/it\/notizie\/la-solidita-dellinternazionalizzazione-delleconomia-spagnola-migliora-del-37-secondo-amec\/#breadcrumb","itemListElement":[{"@type":"ListItem","position":1,"name":"Inicio","item":"https:\/\/italcamara-es.com\/it\/homepage-ita\/"},{"@type":"ListItem","position":2,"name":"La solidit\u00e0 dell\u2019internazionalizzazione dell\u2019economia spagnola migliora del 3,7% secondo amec"}]},{"@type":"WebSite","@id":"https:\/\/italcamara-es.com\/#website","url":"https:\/\/italcamara-es.com\/","name":"Italcamara","description":"","potentialAction":[{"@type":"SearchAction","target":{"@type":"EntryPoint","urlTemplate":"https:\/\/italcamara-es.com\/?s={search_term_string}"},"query-input":{"@type":"PropertyValueSpecification","valueRequired":true,"valueName":"search_term_string"}}],"inLanguage":"it-IT"},{"@type":"Person","@id":"https:\/\/italcamara-es.com\/#\/schema\/person\/bb3c56263e405bbd9a15171dcfee93bb","name":"administrador","image":{"@type":"ImageObject","inLanguage":"it-IT","@id":"https:\/\/secure.gravatar.com\/avatar\/14b5e63db38320b12031bb28cf9f77e210aa71fb3a8a3602a3c9a05134fa75eb?s=96&d=mm&r=g","url":"https:\/\/secure.gravatar.com\/avatar\/14b5e63db38320b12031bb28cf9f77e210aa71fb3a8a3602a3c9a05134fa75eb?s=96&d=mm&r=g","contentUrl":"https:\/\/secure.gravatar.com\/avatar\/14b5e63db38320b12031bb28cf9f77e210aa71fb3a8a3602a3c9a05134fa75eb?s=96&d=mm&r=g","caption":"administrador"},"sameAs":["http:\/\/pre.italcamara-es.com"],"url":"https:\/\/italcamara-es.com\/it\/author\/administrador\/"}]}},"rttpg_featured_image_url":{"full":["https:\/\/italcamara-es.com\/wp-content\/uploads\/2025\/03\/Espana_inversiones.jpg",600,371,false],"landscape":["https:\/\/italcamara-es.com\/wp-content\/uploads\/2025\/03\/Espana_inversiones.jpg",600,371,false],"portraits":["https:\/\/italcamara-es.com\/wp-content\/uploads\/2025\/03\/Espana_inversiones.jpg",600,371,false],"thumbnail":["https:\/\/italcamara-es.com\/wp-content\/uploads\/2025\/03\/Espana_inversiones-150x150.jpg",150,150,true],"medium":["https:\/\/italcamara-es.com\/wp-content\/uploads\/2025\/03\/Espana_inversiones-300x186.jpg",300,186,true],"large":["https:\/\/italcamara-es.com\/wp-content\/uploads\/2025\/03\/Espana_inversiones.jpg",600,371,false],"1536x1536":["https:\/\/italcamara-es.com\/wp-content\/uploads\/2025\/03\/Espana_inversiones.jpg",600,371,false],"2048x2048":["https:\/\/italcamara-es.com\/wp-content\/uploads\/2025\/03\/Espana_inversiones.jpg",600,371,false],"ocean-thumb-m":["https:\/\/italcamara-es.com\/wp-content\/uploads\/2025\/03\/Espana_inversiones.jpg",600,371,false],"ocean-thumb-ml":["https:\/\/italcamara-es.com\/wp-content\/uploads\/2025\/03\/Espana_inversiones.jpg",600,371,false],"ocean-thumb-l":["https:\/\/italcamara-es.com\/wp-content\/uploads\/2025\/03\/Espana_inversiones.jpg",600,371,false],"directorist_preview":["https:\/\/italcamara-es.com\/wp-content\/uploads\/2025\/03\/Espana_inversiones-600x360.jpg",600,360,true]},"rttpg_author":{"display_name":"administrador","author_link":"https:\/\/italcamara-es.com\/it\/author\/administrador\/"},"rttpg_comment":0,"rttpg_category":"<a href=\"https:\/\/italcamara-es.com\/it\/category\/notizie\/\" rel=\"category tag\">Notizie<\/a>","rttpg_excerpt":"L\u2019aumento registrato durante il 2015 \u00e8 quasi equivalente a quello accumulato nel corso dei 4 anni precedenti. Il direttore generale ell\u2019Associazione che riunisce le imprese industriali internazionalizzate, Joan Tristany, ha posto come obiettivo per il 2020 che l\u2019Indice di Solidit\u00e0 dell\u2019Internazionalizzazione raggiunga il punteggio di 8 su 10. Amec elabora l\u2019Indice di solidit\u00e0 dell\u2019internazionalizzazione partendo&hellip;","_links":{"self":[{"href":"https:\/\/italcamara-es.com\/it\/wp-json\/wp\/v2\/posts\/56495","targetHints":{"allow":["GET"]}}],"collection":[{"href":"https:\/\/italcamara-es.com\/it\/wp-json\/wp\/v2\/posts"}],"about":[{"href":"https:\/\/italcamara-es.com\/it\/wp-json\/wp\/v2\/types\/post"}],"author":[{"embeddable":true,"href":"https:\/\/italcamara-es.com\/it\/wp-json\/wp\/v2\/users\/1"}],"replies":[{"embeddable":true,"href":"https:\/\/italcamara-es.com\/it\/wp-json\/wp\/v2\/comments?post=56495"}],"version-history":[{"count":0,"href":"https:\/\/italcamara-es.com\/it\/wp-json\/wp\/v2\/posts\/56495\/revisions"}],"wp:featuredmedia":[{"embeddable":true,"href":"https:\/\/italcamara-es.com\/it\/wp-json\/wp\/v2\/media\/53451"}],"wp:attachment":[{"href":"https:\/\/italcamara-es.com\/it\/wp-json\/wp\/v2\/media?parent=56495"}],"wp:term":[{"taxonomy":"category","embeddable":true,"href":"https:\/\/italcamara-es.com\/it\/wp-json\/wp\/v2\/categories?post=56495"},{"taxonomy":"post_tag","embeddable":true,"href":"https:\/\/italcamara-es.com\/it\/wp-json\/wp\/v2\/tags?post=56495"}],"curies":[{"name":"wp","href":"https:\/\/api.w.org\/{rel}","templated":true}]}}