	{"id":56496,"date":"2016-06-21T09:30:52","date_gmt":"2016-06-21T07:30:52","guid":{"rendered":"http:\/\/pre.italcamara-es.com\/senza-categoria\/il-bei-e-lico-finanziano-linternazionalizzazione-delle-pmi-spagnole-con-500-milioni-di-euro\/"},"modified":"2016-06-21T09:30:52","modified_gmt":"2016-06-21T07:30:52","slug":"il-bei-e-lico-finanziano-linternazionalizzazione-delle-pmi-spagnole-con-500-milioni-di-euro","status":"publish","type":"post","link":"https:\/\/italcamara-es.com\/it\/notizie\/il-bei-e-lico-finanziano-linternazionalizzazione-delle-pmi-spagnole-con-500-milioni-di-euro\/","title":{"rendered":"Il BEI  e l\u2019ICO finanziano l\u2019internazionalizzazione delle PMI spagnole con 500 milioni di euro"},"content":{"rendered":"<p><em>Si tratta del primo accordo di collaborazione tra l\u2019entit\u00e0 finanzaria europea e quella spagnola per sostenere l\u2019internazionalizzazione delle PMI iberiche<\/em><\/p>\n<p><em>\u00a0<\/em><\/p>\n<p>La <strong>Banca Europea per gli Investimenti (BEI)<\/strong> e l\u2019<strong>Istituto di Credito Ufficiale spagnolo (ICO)<\/strong> hanno firmato un prestito di 250 milioni di euro destinati a finanziare le esportazioni delle PMI spagnole. L\u2019ICO contribuir\u00e0 con altri 250 milioni addizionali, per un totale di 500 milioni di euro a disposizione delle imprese esportatrici spagnole.<\/p>\n<p>&nbsp;<\/p>\n<p>L\u2019accordo \u00e8 stato firmato a Madrid tra il Vicepresidente della BEI, Rom\u00e1n Escolano, e la Presidente dell\u2019ICO, Emma Navarro. \u00a0Si tratta del primo accordo di collaborazione tra la BEI e l\u2019ICO per sostenere l\u2019<strong>internazionalizzazione delle PMI spagnole<\/strong>. Il prestito della BEI permetter\u00e0 il finanziamento parziale della <em>L\u00ednea ICO Exportadores 2016<\/em>, \u00a0destinata ad apportare liquidit\u00e0 affinch\u00e8 le piccole e medie imprese possano internazionalizzarsi. Questa linea, finanzia l\u2019anticipo delle spese dovute all\u2019attivit\u00e0 di esportazione nel breve periodo, delle PMI ed autonomi, inclusi i costi di produzione e l\u2019elaborazione dei beni esportati.<\/p>\n<p>&nbsp;<\/p>\n<p>Attraverso questo prestito, la BEI appogger\u00e0 l\u2019attivit\u00e0 all\u2019estero delle piccole e medie imprese. Il prestito della BEI, ottenibile tramite l\u2019ICO, permetter\u00e0 loro di internazionalizzarsi grazie a finanziamenti a condizioni preferenziali. Rom\u00e1n Escolano ha sottolineato che \u201cquesto prestito garantir\u00e0 alle PMI spagnole di avere a disposizione la liquidit\u00e0 necessaria per poter crescere, esportare ed essere pi\u00f9 competitive, e ci\u00f2 contribuir\u00e0 alla produzione di posti di lavoro e alla crescita economica della Spagna\u201d.<\/p>\n<p>&nbsp;<\/p>\n<p>Dal suo canto Emma Navarro \u00a0ha affermato che \u201cquesta operazione ci permetter\u00e0 di continuare ad appoggiare l\u2019internazionalizzazione dell\u2019economia spagnola \u2013 uno degli obiettivi strategici dell\u2019ICO negli ultimi anni \u2013 utilizzando in questo caso uno strumento disegnato specificatamente per stimolare le imprese ad esportare.\u201d<\/p>\n<p>&nbsp;<\/p>\n<p>L\u2019ICO ha rafforzato la sua strategia per incoraggiare le imprese ad esportare, attraverso la messa in atto delle <strong><em>L\u00ednea ICO Exportadores<\/em><\/strong>. Lo scorso anno, questa linea permise di finanziare le esportazioni di pi\u00f9 di 43.000 imprese, per un totale di 2,934 miliardi di euro. I paesi di destinazione furono principalmente Francia, Germania, Italia, Portogallo e Regno Unito. In conclusione, durante l\u2019attivit\u00e0 dello scorso anno, il 9% delle imprese esportatrici spagnole ottenne finanziamenti attraverso la <em>L\u00ednea ICO Exportadores<\/em>.<\/p>\n<p>&nbsp;<\/p>\n<p>&nbsp;<\/p>\n","protected":false},"excerpt":{"rendered":"<p>Si tratta del primo accordo di collaborazione tra l\u2019entit\u00e0 finanzaria europea e quella spagnola per sostenere l\u2019internazionalizzazione delle PMI iberiche \u00a0 La Banca Europea per gli Investimenti (BEI) e l\u2019Istituto di Credito Ufficiale spagnolo (ICO) hanno firmato un prestito di 250 milioni di euro destinati a finanziare le esportazioni delle PMI spagnole. L\u2019ICO contribuir\u00e0 con [&hellip;]<\/p>\n","protected":false},"author":1,"featured_media":53441,"comment_status":"open","ping_status":"open","sticky":false,"template":"","format":"standard","meta":{"inline_featured_image":false,"ocean_post_layout":"","ocean_both_sidebars_style":"","ocean_both_sidebars_content_width":0,"ocean_both_sidebars_sidebars_width":0,"ocean_sidebar":"","ocean_second_sidebar":"","ocean_disable_margins":"enable","ocean_add_body_class":"","ocean_shortcode_before_top_bar":"","ocean_shortcode_after_top_bar":"","ocean_shortcode_before_header":"","ocean_shortcode_after_header":"","ocean_has_shortcode":"","ocean_shortcode_after_title":"","ocean_shortcode_before_footer_widgets":"","ocean_shortcode_after_footer_widgets":"","ocean_shortcode_before_footer_bottom":"","ocean_shortcode_after_footer_bottom":"","ocean_display_top_bar":"default","ocean_display_header":"default","ocean_header_style":"","ocean_center_header_left_menu":"","ocean_custom_header_template":"","ocean_custom_logo":0,"ocean_custom_retina_logo":0,"ocean_custom_logo_max_width":0,"ocean_custom_logo_tablet_max_width":0,"ocean_custom_logo_mobile_max_width":0,"ocean_custom_logo_max_height":0,"ocean_custom_logo_tablet_max_height":0,"ocean_custom_logo_mobile_max_height":0,"ocean_header_custom_menu":"","ocean_menu_typo_font_family":"","ocean_menu_typo_font_subset":"","ocean_menu_typo_font_size":0,"ocean_menu_typo_font_size_tablet":0,"ocean_menu_typo_font_size_mobile":0,"ocean_menu_typo_font_size_unit":"px","ocean_menu_typo_font_weight":"","ocean_menu_typo_font_weight_tablet":"","ocean_menu_typo_font_weight_mobile":"","ocean_menu_typo_transform":"","ocean_menu_typo_transform_tablet":"","ocean_menu_typo_transform_mobile":"","ocean_menu_typo_line_height":0,"ocean_menu_typo_line_height_tablet":0,"ocean_menu_typo_line_height_mobile":0,"ocean_menu_typo_line_height_unit":"","ocean_menu_typo_spacing":0,"ocean_menu_typo_spacing_tablet":0,"ocean_menu_typo_spacing_mobile":0,"ocean_menu_typo_spacing_unit":"","ocean_menu_link_color":"","ocean_menu_link_color_hover":"","ocean_menu_link_color_active":"","ocean_menu_link_background":"","ocean_menu_link_hover_background":"","ocean_menu_link_active_background":"","ocean_menu_social_links_bg":"","ocean_menu_social_hover_links_bg":"","ocean_menu_social_links_color":"","ocean_menu_social_hover_links_color":"","ocean_disable_title":"default","ocean_disable_heading":"default","ocean_post_title":"","ocean_post_subheading":"","ocean_post_title_style":"","ocean_post_title_background_color":"","ocean_post_title_background":0,"ocean_post_title_bg_image_position":"","ocean_post_title_bg_image_attachment":"","ocean_post_title_bg_image_repeat":"","ocean_post_title_bg_image_size":"","ocean_post_title_height":0,"ocean_post_title_bg_overlay":0.5,"ocean_post_title_bg_overlay_color":"","ocean_disable_breadcrumbs":"default","ocean_breadcrumbs_color":"","ocean_breadcrumbs_separator_color":"","ocean_breadcrumbs_links_color":"","ocean_breadcrumbs_links_hover_color":"","ocean_display_footer_widgets":"default","ocean_display_footer_bottom":"default","ocean_custom_footer_template":"","ocean_post_oembed":"","ocean_post_self_hosted_media":"","ocean_post_video_embed":"","ocean_link_format":"","ocean_link_format_target":"self","ocean_quote_format":"","ocean_quote_format_link":"post","ocean_gallery_link_images":"on","ocean_gallery_id":[],"footnotes":""},"categories":[133],"tags":[138],"class_list":["post-56496","post","type-post","status-publish","format-standard","has-post-thumbnail","hentry","category-notizie","tag-notizie-di-mercato","entry","has-media"],"yoast_head":"<!-- This site is optimized with the Yoast SEO plugin v27.4 - https:\/\/yoast.com\/product\/yoast-seo-wordpress\/ -->\n<title>Il BEI e l\u2019ICO finanziano l\u2019internazionalizzazione delle PMI spagnole con 500 milioni di euro - Italcamara<\/title>\n<meta name=\"robots\" content=\"index, follow, max-snippet:-1, max-image-preview:large, max-video-preview:-1\" \/>\n<link rel=\"canonical\" href=\"https:\/\/italcamara-es.com\/it\/notizie\/il-bei-e-lico-finanziano-linternazionalizzazione-delle-pmi-spagnole-con-500-milioni-di-euro\/\" \/>\n<meta property=\"og:locale\" content=\"it_IT\" \/>\n<meta property=\"og:type\" content=\"article\" \/>\n<meta property=\"og:title\" content=\"Il BEI e l\u2019ICO finanziano l\u2019internazionalizzazione delle PMI spagnole con 500 milioni di euro - Italcamara\" \/>\n<meta property=\"og:description\" content=\"Si tratta del primo accordo di collaborazione tra l\u2019entit\u00e0 finanzaria europea e quella spagnola per sostenere l\u2019internazionalizzazione delle PMI iberiche \u00a0 La Banca Europea per gli Investimenti (BEI) e l\u2019Istituto di Credito Ufficiale spagnolo (ICO) hanno firmato un prestito di 250 milioni di euro destinati a finanziare le esportazioni delle PMI spagnole. L\u2019ICO contribuir\u00e0 con [&hellip;]\" \/>\n<meta property=\"og:url\" content=\"https:\/\/italcamara-es.com\/it\/notizie\/il-bei-e-lico-finanziano-linternazionalizzazione-delle-pmi-spagnole-con-500-milioni-di-euro\/\" \/>\n<meta property=\"og:site_name\" content=\"Italcamara\" \/>\n<meta property=\"article:published_time\" content=\"2016-06-21T07:30:52+00:00\" \/>\n<meta property=\"og:image\" content=\"https:\/\/italcamara-es.com\/wp-content\/uploads\/2025\/03\/internazionalizz.jpg\" \/>\n\t<meta property=\"og:image:width\" content=\"645\" \/>\n\t<meta property=\"og:image:height\" content=\"422\" \/>\n\t<meta property=\"og:image:type\" content=\"image\/jpeg\" \/>\n<meta name=\"author\" content=\"administrador\" \/>\n<meta name=\"twitter:card\" content=\"summary_large_image\" \/>\n<meta name=\"twitter:label1\" content=\"Scritto da\" \/>\n\t<meta name=\"twitter:data1\" content=\"administrador\" \/>\n\t<meta name=\"twitter:label2\" content=\"Tempo di lettura stimato\" \/>\n\t<meta name=\"twitter:data2\" content=\"2 minuti\" \/>\n<script type=\"application\/ld+json\" class=\"yoast-schema-graph\">{\"@context\":\"https:\\\/\\\/schema.org\",\"@graph\":[{\"@type\":\"Article\",\"@id\":\"https:\\\/\\\/italcamara-es.com\\\/it\\\/notizie\\\/il-bei-e-lico-finanziano-linternazionalizzazione-delle-pmi-spagnole-con-500-milioni-di-euro\\\/#article\",\"isPartOf\":{\"@id\":\"https:\\\/\\\/italcamara-es.com\\\/it\\\/notizie\\\/il-bei-e-lico-finanziano-linternazionalizzazione-delle-pmi-spagnole-con-500-milioni-di-euro\\\/\"},\"author\":{\"name\":\"administrador\",\"@id\":\"https:\\\/\\\/italcamara-es.com\\\/#\\\/schema\\\/person\\\/bb3c56263e405bbd9a15171dcfee93bb\"},\"headline\":\"Il BEI e l\u2019ICO finanziano l\u2019internazionalizzazione delle PMI spagnole con 500 milioni di euro\",\"datePublished\":\"2016-06-21T07:30:52+00:00\",\"mainEntityOfPage\":{\"@id\":\"https:\\\/\\\/italcamara-es.com\\\/it\\\/notizie\\\/il-bei-e-lico-finanziano-linternazionalizzazione-delle-pmi-spagnole-con-500-milioni-di-euro\\\/\"},\"wordCount\":387,\"commentCount\":0,\"image\":{\"@id\":\"https:\\\/\\\/italcamara-es.com\\\/it\\\/notizie\\\/il-bei-e-lico-finanziano-linternazionalizzazione-delle-pmi-spagnole-con-500-milioni-di-euro\\\/#primaryimage\"},\"thumbnailUrl\":\"https:\\\/\\\/italcamara-es.com\\\/wp-content\\\/uploads\\\/2025\\\/03\\\/internazionalizz.jpg\",\"keywords\":[\"Notizie di Mercato\"],\"articleSection\":[\"Notizie\"],\"inLanguage\":\"it-IT\",\"potentialAction\":[{\"@type\":\"CommentAction\",\"name\":\"Comment\",\"target\":[\"https:\\\/\\\/italcamara-es.com\\\/it\\\/notizie\\\/il-bei-e-lico-finanziano-linternazionalizzazione-delle-pmi-spagnole-con-500-milioni-di-euro\\\/#respond\"]}]},{\"@type\":\"WebPage\",\"@id\":\"https:\\\/\\\/italcamara-es.com\\\/it\\\/notizie\\\/il-bei-e-lico-finanziano-linternazionalizzazione-delle-pmi-spagnole-con-500-milioni-di-euro\\\/\",\"url\":\"https:\\\/\\\/italcamara-es.com\\\/it\\\/notizie\\\/il-bei-e-lico-finanziano-linternazionalizzazione-delle-pmi-spagnole-con-500-milioni-di-euro\\\/\",\"name\":\"Il BEI e l\u2019ICO finanziano l\u2019internazionalizzazione delle PMI spagnole con 500 milioni di euro - Italcamara\",\"isPartOf\":{\"@id\":\"https:\\\/\\\/italcamara-es.com\\\/#website\"},\"primaryImageOfPage\":{\"@id\":\"https:\\\/\\\/italcamara-es.com\\\/it\\\/notizie\\\/il-bei-e-lico-finanziano-linternazionalizzazione-delle-pmi-spagnole-con-500-milioni-di-euro\\\/#primaryimage\"},\"image\":{\"@id\":\"https:\\\/\\\/italcamara-es.com\\\/it\\\/notizie\\\/il-bei-e-lico-finanziano-linternazionalizzazione-delle-pmi-spagnole-con-500-milioni-di-euro\\\/#primaryimage\"},\"thumbnailUrl\":\"https:\\\/\\\/italcamara-es.com\\\/wp-content\\\/uploads\\\/2025\\\/03\\\/internazionalizz.jpg\",\"datePublished\":\"2016-06-21T07:30:52+00:00\",\"author\":{\"@id\":\"https:\\\/\\\/italcamara-es.com\\\/#\\\/schema\\\/person\\\/bb3c56263e405bbd9a15171dcfee93bb\"},\"breadcrumb\":{\"@id\":\"https:\\\/\\\/italcamara-es.com\\\/it\\\/notizie\\\/il-bei-e-lico-finanziano-linternazionalizzazione-delle-pmi-spagnole-con-500-milioni-di-euro\\\/#breadcrumb\"},\"inLanguage\":\"it-IT\",\"potentialAction\":[{\"@type\":\"ReadAction\",\"target\":[\"https:\\\/\\\/italcamara-es.com\\\/it\\\/notizie\\\/il-bei-e-lico-finanziano-linternazionalizzazione-delle-pmi-spagnole-con-500-milioni-di-euro\\\/\"]}]},{\"@type\":\"ImageObject\",\"inLanguage\":\"it-IT\",\"@id\":\"https:\\\/\\\/italcamara-es.com\\\/it\\\/notizie\\\/il-bei-e-lico-finanziano-linternazionalizzazione-delle-pmi-spagnole-con-500-milioni-di-euro\\\/#primaryimage\",\"url\":\"https:\\\/\\\/italcamara-es.com\\\/wp-content\\\/uploads\\\/2025\\\/03\\\/internazionalizz.jpg\",\"contentUrl\":\"https:\\\/\\\/italcamara-es.com\\\/wp-content\\\/uploads\\\/2025\\\/03\\\/internazionalizz.jpg\",\"width\":645,\"height\":422},{\"@type\":\"BreadcrumbList\",\"@id\":\"https:\\\/\\\/italcamara-es.com\\\/it\\\/notizie\\\/il-bei-e-lico-finanziano-linternazionalizzazione-delle-pmi-spagnole-con-500-milioni-di-euro\\\/#breadcrumb\",\"itemListElement\":[{\"@type\":\"ListItem\",\"position\":1,\"name\":\"Inicio\",\"item\":\"https:\\\/\\\/italcamara-es.com\\\/it\\\/homepage-ita\\\/\"},{\"@type\":\"ListItem\",\"position\":2,\"name\":\"Il BEI e l\u2019ICO finanziano l\u2019internazionalizzazione delle PMI spagnole con 500 milioni di euro\"}]},{\"@type\":\"WebSite\",\"@id\":\"https:\\\/\\\/italcamara-es.com\\\/#website\",\"url\":\"https:\\\/\\\/italcamara-es.com\\\/\",\"name\":\"Italcamara\",\"description\":\"\",\"potentialAction\":[{\"@type\":\"SearchAction\",\"target\":{\"@type\":\"EntryPoint\",\"urlTemplate\":\"https:\\\/\\\/italcamara-es.com\\\/?s={search_term_string}\"},\"query-input\":{\"@type\":\"PropertyValueSpecification\",\"valueRequired\":true,\"valueName\":\"search_term_string\"}}],\"inLanguage\":\"it-IT\"},{\"@type\":\"Person\",\"@id\":\"https:\\\/\\\/italcamara-es.com\\\/#\\\/schema\\\/person\\\/bb3c56263e405bbd9a15171dcfee93bb\",\"name\":\"administrador\",\"image\":{\"@type\":\"ImageObject\",\"inLanguage\":\"it-IT\",\"@id\":\"https:\\\/\\\/secure.gravatar.com\\\/avatar\\\/14b5e63db38320b12031bb28cf9f77e210aa71fb3a8a3602a3c9a05134fa75eb?s=96&d=mm&r=g\",\"url\":\"https:\\\/\\\/secure.gravatar.com\\\/avatar\\\/14b5e63db38320b12031bb28cf9f77e210aa71fb3a8a3602a3c9a05134fa75eb?s=96&d=mm&r=g\",\"contentUrl\":\"https:\\\/\\\/secure.gravatar.com\\\/avatar\\\/14b5e63db38320b12031bb28cf9f77e210aa71fb3a8a3602a3c9a05134fa75eb?s=96&d=mm&r=g\",\"caption\":\"administrador\"},\"sameAs\":[\"http:\\\/\\\/pre.italcamara-es.com\"],\"url\":\"https:\\\/\\\/italcamara-es.com\\\/it\\\/author\\\/administrador\\\/\"}]}<\/script>\n<!-- \/ Yoast SEO plugin. -->","yoast_head_json":{"title":"Il BEI e l\u2019ICO finanziano l\u2019internazionalizzazione delle PMI spagnole con 500 milioni di euro - Italcamara","robots":{"index":"index","follow":"follow","max-snippet":"max-snippet:-1","max-image-preview":"max-image-preview:large","max-video-preview":"max-video-preview:-1"},"canonical":"https:\/\/italcamara-es.com\/it\/notizie\/il-bei-e-lico-finanziano-linternazionalizzazione-delle-pmi-spagnole-con-500-milioni-di-euro\/","og_locale":"it_IT","og_type":"article","og_title":"Il BEI e l\u2019ICO finanziano l\u2019internazionalizzazione delle PMI spagnole con 500 milioni di euro - Italcamara","og_description":"Si tratta del primo accordo di collaborazione tra l\u2019entit\u00e0 finanzaria europea e quella spagnola per sostenere l\u2019internazionalizzazione delle PMI iberiche \u00a0 La Banca Europea per gli Investimenti (BEI) e l\u2019Istituto di Credito Ufficiale spagnolo (ICO) hanno firmato un prestito di 250 milioni di euro destinati a finanziare le esportazioni delle PMI spagnole. L\u2019ICO contribuir\u00e0 con [&hellip;]","og_url":"https:\/\/italcamara-es.com\/it\/notizie\/il-bei-e-lico-finanziano-linternazionalizzazione-delle-pmi-spagnole-con-500-milioni-di-euro\/","og_site_name":"Italcamara","article_published_time":"2016-06-21T07:30:52+00:00","og_image":[{"width":645,"height":422,"url":"https:\/\/italcamara-es.com\/wp-content\/uploads\/2025\/03\/internazionalizz.jpg","type":"image\/jpeg"}],"author":"administrador","twitter_card":"summary_large_image","twitter_misc":{"Scritto da":"administrador","Tempo di lettura stimato":"2 minuti"},"schema":{"@context":"https:\/\/schema.org","@graph":[{"@type":"Article","@id":"https:\/\/italcamara-es.com\/it\/notizie\/il-bei-e-lico-finanziano-linternazionalizzazione-delle-pmi-spagnole-con-500-milioni-di-euro\/#article","isPartOf":{"@id":"https:\/\/italcamara-es.com\/it\/notizie\/il-bei-e-lico-finanziano-linternazionalizzazione-delle-pmi-spagnole-con-500-milioni-di-euro\/"},"author":{"name":"administrador","@id":"https:\/\/italcamara-es.com\/#\/schema\/person\/bb3c56263e405bbd9a15171dcfee93bb"},"headline":"Il BEI e l\u2019ICO finanziano l\u2019internazionalizzazione delle PMI spagnole con 500 milioni di euro","datePublished":"2016-06-21T07:30:52+00:00","mainEntityOfPage":{"@id":"https:\/\/italcamara-es.com\/it\/notizie\/il-bei-e-lico-finanziano-linternazionalizzazione-delle-pmi-spagnole-con-500-milioni-di-euro\/"},"wordCount":387,"commentCount":0,"image":{"@id":"https:\/\/italcamara-es.com\/it\/notizie\/il-bei-e-lico-finanziano-linternazionalizzazione-delle-pmi-spagnole-con-500-milioni-di-euro\/#primaryimage"},"thumbnailUrl":"https:\/\/italcamara-es.com\/wp-content\/uploads\/2025\/03\/internazionalizz.jpg","keywords":["Notizie di Mercato"],"articleSection":["Notizie"],"inLanguage":"it-IT","potentialAction":[{"@type":"CommentAction","name":"Comment","target":["https:\/\/italcamara-es.com\/it\/notizie\/il-bei-e-lico-finanziano-linternazionalizzazione-delle-pmi-spagnole-con-500-milioni-di-euro\/#respond"]}]},{"@type":"WebPage","@id":"https:\/\/italcamara-es.com\/it\/notizie\/il-bei-e-lico-finanziano-linternazionalizzazione-delle-pmi-spagnole-con-500-milioni-di-euro\/","url":"https:\/\/italcamara-es.com\/it\/notizie\/il-bei-e-lico-finanziano-linternazionalizzazione-delle-pmi-spagnole-con-500-milioni-di-euro\/","name":"Il BEI e l\u2019ICO finanziano l\u2019internazionalizzazione delle PMI spagnole con 500 milioni di euro - Italcamara","isPartOf":{"@id":"https:\/\/italcamara-es.com\/#website"},"primaryImageOfPage":{"@id":"https:\/\/italcamara-es.com\/it\/notizie\/il-bei-e-lico-finanziano-linternazionalizzazione-delle-pmi-spagnole-con-500-milioni-di-euro\/#primaryimage"},"image":{"@id":"https:\/\/italcamara-es.com\/it\/notizie\/il-bei-e-lico-finanziano-linternazionalizzazione-delle-pmi-spagnole-con-500-milioni-di-euro\/#primaryimage"},"thumbnailUrl":"https:\/\/italcamara-es.com\/wp-content\/uploads\/2025\/03\/internazionalizz.jpg","datePublished":"2016-06-21T07:30:52+00:00","author":{"@id":"https:\/\/italcamara-es.com\/#\/schema\/person\/bb3c56263e405bbd9a15171dcfee93bb"},"breadcrumb":{"@id":"https:\/\/italcamara-es.com\/it\/notizie\/il-bei-e-lico-finanziano-linternazionalizzazione-delle-pmi-spagnole-con-500-milioni-di-euro\/#breadcrumb"},"inLanguage":"it-IT","potentialAction":[{"@type":"ReadAction","target":["https:\/\/italcamara-es.com\/it\/notizie\/il-bei-e-lico-finanziano-linternazionalizzazione-delle-pmi-spagnole-con-500-milioni-di-euro\/"]}]},{"@type":"ImageObject","inLanguage":"it-IT","@id":"https:\/\/italcamara-es.com\/it\/notizie\/il-bei-e-lico-finanziano-linternazionalizzazione-delle-pmi-spagnole-con-500-milioni-di-euro\/#primaryimage","url":"https:\/\/italcamara-es.com\/wp-content\/uploads\/2025\/03\/internazionalizz.jpg","contentUrl":"https:\/\/italcamara-es.com\/wp-content\/uploads\/2025\/03\/internazionalizz.jpg","width":645,"height":422},{"@type":"BreadcrumbList","@id":"https:\/\/italcamara-es.com\/it\/notizie\/il-bei-e-lico-finanziano-linternazionalizzazione-delle-pmi-spagnole-con-500-milioni-di-euro\/#breadcrumb","itemListElement":[{"@type":"ListItem","position":1,"name":"Inicio","item":"https:\/\/italcamara-es.com\/it\/homepage-ita\/"},{"@type":"ListItem","position":2,"name":"Il BEI e l\u2019ICO finanziano l\u2019internazionalizzazione delle PMI spagnole con 500 milioni di euro"}]},{"@type":"WebSite","@id":"https:\/\/italcamara-es.com\/#website","url":"https:\/\/italcamara-es.com\/","name":"Italcamara","description":"","potentialAction":[{"@type":"SearchAction","target":{"@type":"EntryPoint","urlTemplate":"https:\/\/italcamara-es.com\/?s={search_term_string}"},"query-input":{"@type":"PropertyValueSpecification","valueRequired":true,"valueName":"search_term_string"}}],"inLanguage":"it-IT"},{"@type":"Person","@id":"https:\/\/italcamara-es.com\/#\/schema\/person\/bb3c56263e405bbd9a15171dcfee93bb","name":"administrador","image":{"@type":"ImageObject","inLanguage":"it-IT","@id":"https:\/\/secure.gravatar.com\/avatar\/14b5e63db38320b12031bb28cf9f77e210aa71fb3a8a3602a3c9a05134fa75eb?s=96&d=mm&r=g","url":"https:\/\/secure.gravatar.com\/avatar\/14b5e63db38320b12031bb28cf9f77e210aa71fb3a8a3602a3c9a05134fa75eb?s=96&d=mm&r=g","contentUrl":"https:\/\/secure.gravatar.com\/avatar\/14b5e63db38320b12031bb28cf9f77e210aa71fb3a8a3602a3c9a05134fa75eb?s=96&d=mm&r=g","caption":"administrador"},"sameAs":["http:\/\/pre.italcamara-es.com"],"url":"https:\/\/italcamara-es.com\/it\/author\/administrador\/"}]}},"rttpg_featured_image_url":{"full":["https:\/\/italcamara-es.com\/wp-content\/uploads\/2025\/03\/internazionalizz.jpg",645,422,false],"landscape":["https:\/\/italcamara-es.com\/wp-content\/uploads\/2025\/03\/internazionalizz.jpg",645,422,false],"portraits":["https:\/\/italcamara-es.com\/wp-content\/uploads\/2025\/03\/internazionalizz.jpg",645,422,false],"thumbnail":["https:\/\/italcamara-es.com\/wp-content\/uploads\/2025\/03\/internazionalizz-150x150.jpg",150,150,true],"medium":["https:\/\/italcamara-es.com\/wp-content\/uploads\/2025\/03\/internazionalizz-300x196.jpg",300,196,true],"large":["https:\/\/italcamara-es.com\/wp-content\/uploads\/2025\/03\/internazionalizz.jpg",645,422,false],"1536x1536":["https:\/\/italcamara-es.com\/wp-content\/uploads\/2025\/03\/internazionalizz.jpg",645,422,false],"2048x2048":["https:\/\/italcamara-es.com\/wp-content\/uploads\/2025\/03\/internazionalizz.jpg",645,422,false],"ocean-thumb-m":["https:\/\/italcamara-es.com\/wp-content\/uploads\/2025\/03\/internazionalizz-600x422.jpg",600,422,true],"ocean-thumb-ml":["https:\/\/italcamara-es.com\/wp-content\/uploads\/2025\/03\/internazionalizz.jpg",645,422,false],"ocean-thumb-l":["https:\/\/italcamara-es.com\/wp-content\/uploads\/2025\/03\/internazionalizz.jpg",645,422,false],"directorist_preview":["https:\/\/italcamara-es.com\/wp-content\/uploads\/2025\/03\/internazionalizz-640x360.jpg",640,360,true]},"rttpg_author":{"display_name":"administrador","author_link":"https:\/\/italcamara-es.com\/it\/author\/administrador\/"},"rttpg_comment":0,"rttpg_category":"<a href=\"https:\/\/italcamara-es.com\/it\/category\/notizie\/\" rel=\"category tag\">Notizie<\/a>","rttpg_excerpt":"Si tratta del primo accordo di collaborazione tra l\u2019entit\u00e0 finanzaria europea e quella spagnola per sostenere l\u2019internazionalizzazione delle PMI iberiche \u00a0 La Banca Europea per gli Investimenti (BEI) e l\u2019Istituto di Credito Ufficiale spagnolo (ICO) hanno firmato un prestito di 250 milioni di euro destinati a finanziare le esportazioni delle PMI spagnole. L\u2019ICO contribuir\u00e0 con&hellip;","_links":{"self":[{"href":"https:\/\/italcamara-es.com\/it\/wp-json\/wp\/v2\/posts\/56496","targetHints":{"allow":["GET"]}}],"collection":[{"href":"https:\/\/italcamara-es.com\/it\/wp-json\/wp\/v2\/posts"}],"about":[{"href":"https:\/\/italcamara-es.com\/it\/wp-json\/wp\/v2\/types\/post"}],"author":[{"embeddable":true,"href":"https:\/\/italcamara-es.com\/it\/wp-json\/wp\/v2\/users\/1"}],"replies":[{"embeddable":true,"href":"https:\/\/italcamara-es.com\/it\/wp-json\/wp\/v2\/comments?post=56496"}],"version-history":[{"count":0,"href":"https:\/\/italcamara-es.com\/it\/wp-json\/wp\/v2\/posts\/56496\/revisions"}],"wp:featuredmedia":[{"embeddable":true,"href":"https:\/\/italcamara-es.com\/it\/wp-json\/wp\/v2\/media\/53441"}],"wp:attachment":[{"href":"https:\/\/italcamara-es.com\/it\/wp-json\/wp\/v2\/media?parent=56496"}],"wp:term":[{"taxonomy":"category","embeddable":true,"href":"https:\/\/italcamara-es.com\/it\/wp-json\/wp\/v2\/categories?post=56496"},{"taxonomy":"post_tag","embeddable":true,"href":"https:\/\/italcamara-es.com\/it\/wp-json\/wp\/v2\/tags?post=56496"}],"curies":[{"name":"wp","href":"https:\/\/api.w.org\/{rel}","templated":true}]}}