	{"id":56501,"date":"2016-05-03T10:58:15","date_gmt":"2016-05-03T08:58:15","guid":{"rendered":"http:\/\/pre.italcamara-es.com\/senza-categoria\/lexport-dellindustria-alimentare-spagnola-cresce-del-6-nel-2015\/"},"modified":"2016-05-03T10:58:15","modified_gmt":"2016-05-03T08:58:15","slug":"lexport-dellindustria-alimentare-spagnola-cresce-del-6-nel-2015","status":"publish","type":"post","link":"https:\/\/italcamara-es.com\/it\/notizie\/lexport-dellindustria-alimentare-spagnola-cresce-del-6-nel-2015\/","title":{"rendered":"L\u2019export dell\u2019industria alimentare spagnola cresce del 6% nel 2015"},"content":{"rendered":"<p style=\"text-align: justify;\"><em>Il fatturato complessivo del settore ha raggiunto i 93.000 milioni di euro \u2013 tra il 3 e il 5% in pi\u00f9 rispetto all\u2019anno precedente.<\/em><\/p>\n<p style=\"text-align: justify;\"><em>\u00a0<\/em><\/p>\n<p style=\"text-align: justify;\">L\u2019industria spagnola degli alimenti e delle bevande si \u00e8 consolidata come il settore con il maggior fatturato in Spagna, in parte grazie alle esportazioni. Nel 2015, <strong>il fatturato ha raggiunto i 93.000 milioni di euro<\/strong> \u2013 tra il 3 e il 5% in pi\u00f9 rispetto all\u2019anno precedente.<\/p>\n<p style=\"text-align: justify;\">\n<p style=\"text-align: justify;\">Le vendite all\u2019estero sono aumentate del 6%, raggiungendo i 26.000 milioni di euro. Lo ha spiegato cos\u00ec il direttore generale della <span style=\"color: #3366ff;\"><span style=\"text-decoration: underline;\"><a href=\"http:\/\/blog.fiab.es\/\" target=\"_blank\" rel=\"noopener\">Federazione Spagnola dell\u2019Industria dell\u2019Alimentazione e delle Bevande (FIAB)<\/a><\/span><\/span>, Mauricio Garc\u00eda de Quevedo, nell\u2019ambito di Alimentaria 2016 (25-28 aprile).<\/p>\n<p style=\"text-align: justify;\">Secondo Garc\u00eda de Quevedo, in Spagna si esporta gi\u00e0 il 25% di ci\u00f2 cheviene prodotto e l\u2019obbiettivo \u00e8 raggiungere il 40% entro il 2020.<\/p>\n<p style=\"text-align: justify;\">Per quanto riguarda le vendite spagnole all\u2019estero, Garc\u00eda de Quevedo ha precisato che l\u2019Unione Europea \u00e8 la meta principale (70%), ma che uno degli obiettivi \u00e8 crescere in mercati extra UE come <strong>Stati Uniti, Cina, Sud-Est Asiatico, Hong Kong, America Latina, Regno Unito e Giappone.<\/strong><\/p>\n<p style=\"text-align: justify;\"><strong>\u00a0<\/strong><\/p>\n<p style=\"text-align: justify;\"><strong>Carne e bevande in testa<\/strong><\/p>\n<p style=\"text-align: justify;\">I principali settori dell\u2019export sono <strong>l\u2019industria delle carni<\/strong>, che rappresenta il 22%, seguita dalle <strong>bevande<\/strong> (10,8%), <strong>alimenti per animali<\/strong> (9,7%), <strong>olio e grassi vegetali<\/strong>, e <strong>latticini<\/strong>, che si aggirano entrambi intorno al 9%.<\/p>\n<p style=\"text-align: justify;\">Questi cinque settori rappresentano quasi i due terzi della produzione totale, e il loro apporto congiunto ammonta a 56.074 milioni di euro.<\/p>\n<p style=\"text-align: justify;\">\n<p style=\"text-align: justify;\">Le vendite di alimenti nel mercato estero <strong>rappresentano il 16,3% del totale delle esportazioni spagnole<\/strong>.<\/p>\n<p style=\"text-align: justify;\">Da Gennaio ad Ottobre sono state calcolate 16.575 imprese agroalimentari esportatrici spagnole (delle quali il 55% esporta regolarmente, per una media di quattro anni consecutivi), su un totale di 132.277 compagnie con vendita all\u2019estero.<\/p>\n<p style=\"text-align: justify;\">Secondo gli ultimi dati della FIAB, la Spagna ha importato alimenti e bevande per un valore di 18.003 milioni di euro, che lasciano il bilancio commerciale con un surplus di 6.015 milioni di euro.<\/p>\n<p style=\"text-align: justify;\">\n<p style=\"text-align: justify;\">\n","protected":false},"excerpt":{"rendered":"<p>Il fatturato complessivo del settore ha raggiunto i 93.000 milioni di euro \u2013 tra il 3 e il 5% in pi\u00f9 rispetto all\u2019anno precedente. \u00a0 L\u2019industria spagnola degli alimenti e delle bevande si \u00e8 consolidata come il settore con il maggior fatturato in Spagna, in parte grazie alle esportazioni. Nel 2015, il fatturato ha raggiunto [&hellip;]<\/p>\n","protected":false},"author":1,"featured_media":53459,"comment_status":"open","ping_status":"open","sticky":false,"template":"","format":"standard","meta":{"inline_featured_image":false,"ocean_post_layout":"","ocean_both_sidebars_style":"","ocean_both_sidebars_content_width":0,"ocean_both_sidebars_sidebars_width":0,"ocean_sidebar":"","ocean_second_sidebar":"","ocean_disable_margins":"enable","ocean_add_body_class":"","ocean_shortcode_before_top_bar":"","ocean_shortcode_after_top_bar":"","ocean_shortcode_before_header":"","ocean_shortcode_after_header":"","ocean_has_shortcode":"","ocean_shortcode_after_title":"","ocean_shortcode_before_footer_widgets":"","ocean_shortcode_after_footer_widgets":"","ocean_shortcode_before_footer_bottom":"","ocean_shortcode_after_footer_bottom":"","ocean_display_top_bar":"default","ocean_display_header":"default","ocean_header_style":"","ocean_center_header_left_menu":"","ocean_custom_header_template":"","ocean_custom_logo":0,"ocean_custom_retina_logo":0,"ocean_custom_logo_max_width":0,"ocean_custom_logo_tablet_max_width":0,"ocean_custom_logo_mobile_max_width":0,"ocean_custom_logo_max_height":0,"ocean_custom_logo_tablet_max_height":0,"ocean_custom_logo_mobile_max_height":0,"ocean_header_custom_menu":"","ocean_menu_typo_font_family":"","ocean_menu_typo_font_subset":"","ocean_menu_typo_font_size":0,"ocean_menu_typo_font_size_tablet":0,"ocean_menu_typo_font_size_mobile":0,"ocean_menu_typo_font_size_unit":"px","ocean_menu_typo_font_weight":"","ocean_menu_typo_font_weight_tablet":"","ocean_menu_typo_font_weight_mobile":"","ocean_menu_typo_transform":"","ocean_menu_typo_transform_tablet":"","ocean_menu_typo_transform_mobile":"","ocean_menu_typo_line_height":0,"ocean_menu_typo_line_height_tablet":0,"ocean_menu_typo_line_height_mobile":0,"ocean_menu_typo_line_height_unit":"","ocean_menu_typo_spacing":0,"ocean_menu_typo_spacing_tablet":0,"ocean_menu_typo_spacing_mobile":0,"ocean_menu_typo_spacing_unit":"","ocean_menu_link_color":"","ocean_menu_link_color_hover":"","ocean_menu_link_color_active":"","ocean_menu_link_background":"","ocean_menu_link_hover_background":"","ocean_menu_link_active_background":"","ocean_menu_social_links_bg":"","ocean_menu_social_hover_links_bg":"","ocean_menu_social_links_color":"","ocean_menu_social_hover_links_color":"","ocean_disable_title":"default","ocean_disable_heading":"default","ocean_post_title":"","ocean_post_subheading":"","ocean_post_title_style":"","ocean_post_title_background_color":"","ocean_post_title_background":0,"ocean_post_title_bg_image_position":"","ocean_post_title_bg_image_attachment":"","ocean_post_title_bg_image_repeat":"","ocean_post_title_bg_image_size":"","ocean_post_title_height":0,"ocean_post_title_bg_overlay":0.5,"ocean_post_title_bg_overlay_color":"","ocean_disable_breadcrumbs":"default","ocean_breadcrumbs_color":"","ocean_breadcrumbs_separator_color":"","ocean_breadcrumbs_links_color":"","ocean_breadcrumbs_links_hover_color":"","ocean_display_footer_widgets":"default","ocean_display_footer_bottom":"default","ocean_custom_footer_template":"","ocean_post_oembed":"","ocean_post_self_hosted_media":"","ocean_post_video_embed":"","ocean_link_format":"","ocean_link_format_target":"self","ocean_quote_format":"","ocean_quote_format_link":"post","ocean_gallery_link_images":"on","ocean_gallery_id":[],"footnotes":""},"categories":[133],"tags":[138],"class_list":["post-56501","post","type-post","status-publish","format-standard","has-post-thumbnail","hentry","category-notizie","tag-notizie-di-mercato","entry","has-media"],"yoast_head":"<!-- This site is optimized with the Yoast SEO plugin v27.4 - https:\/\/yoast.com\/product\/yoast-seo-wordpress\/ -->\n<title>L\u2019export dell\u2019industria alimentare spagnola cresce del 6% nel 2015 - Italcamara<\/title>\n<meta name=\"robots\" content=\"index, follow, max-snippet:-1, max-image-preview:large, max-video-preview:-1\" \/>\n<link rel=\"canonical\" href=\"https:\/\/italcamara-es.com\/it\/notizie\/lexport-dellindustria-alimentare-spagnola-cresce-del-6-nel-2015\/\" \/>\n<meta property=\"og:locale\" content=\"it_IT\" \/>\n<meta property=\"og:type\" content=\"article\" \/>\n<meta property=\"og:title\" content=\"L\u2019export dell\u2019industria alimentare spagnola cresce del 6% nel 2015 - Italcamara\" \/>\n<meta property=\"og:description\" content=\"Il fatturato complessivo del settore ha raggiunto i 93.000 milioni di euro \u2013 tra il 3 e il 5% in pi\u00f9 rispetto all\u2019anno precedente. \u00a0 L\u2019industria spagnola degli alimenti e delle bevande si \u00e8 consolidata come il settore con il maggior fatturato in Spagna, in parte grazie alle esportazioni. Nel 2015, il fatturato ha raggiunto [&hellip;]\" \/>\n<meta property=\"og:url\" content=\"https:\/\/italcamara-es.com\/it\/notizie\/lexport-dellindustria-alimentare-spagnola-cresce-del-6-nel-2015\/\" \/>\n<meta property=\"og:site_name\" content=\"Italcamara\" \/>\n<meta property=\"article:published_time\" content=\"2016-05-03T08:58:15+00:00\" \/>\n<meta property=\"og:image\" content=\"https:\/\/italcamara-es.com\/wp-content\/uploads\/2025\/03\/industrialimen1.jpg\" \/>\n\t<meta property=\"og:image:width\" content=\"1688\" \/>\n\t<meta property=\"og:image:height\" content=\"1125\" \/>\n\t<meta property=\"og:image:type\" content=\"image\/jpeg\" \/>\n<meta name=\"author\" content=\"administrador\" \/>\n<meta name=\"twitter:card\" content=\"summary_large_image\" \/>\n<meta name=\"twitter:label1\" content=\"Scritto da\" \/>\n\t<meta name=\"twitter:data1\" content=\"administrador\" \/>\n\t<meta name=\"twitter:label2\" content=\"Tempo di lettura stimato\" \/>\n\t<meta name=\"twitter:data2\" content=\"2 minuti\" \/>\n<script type=\"application\/ld+json\" class=\"yoast-schema-graph\">{\"@context\":\"https:\\\/\\\/schema.org\",\"@graph\":[{\"@type\":\"Article\",\"@id\":\"https:\\\/\\\/italcamara-es.com\\\/it\\\/notizie\\\/lexport-dellindustria-alimentare-spagnola-cresce-del-6-nel-2015\\\/#article\",\"isPartOf\":{\"@id\":\"https:\\\/\\\/italcamara-es.com\\\/it\\\/notizie\\\/lexport-dellindustria-alimentare-spagnola-cresce-del-6-nel-2015\\\/\"},\"author\":{\"name\":\"administrador\",\"@id\":\"https:\\\/\\\/italcamara-es.com\\\/#\\\/schema\\\/person\\\/bb3c56263e405bbd9a15171dcfee93bb\"},\"headline\":\"L\u2019export dell\u2019industria alimentare spagnola cresce del 6% nel 2015\",\"datePublished\":\"2016-05-03T08:58:15+00:00\",\"mainEntityOfPage\":{\"@id\":\"https:\\\/\\\/italcamara-es.com\\\/it\\\/notizie\\\/lexport-dellindustria-alimentare-spagnola-cresce-del-6-nel-2015\\\/\"},\"wordCount\":316,\"commentCount\":0,\"image\":{\"@id\":\"https:\\\/\\\/italcamara-es.com\\\/it\\\/notizie\\\/lexport-dellindustria-alimentare-spagnola-cresce-del-6-nel-2015\\\/#primaryimage\"},\"thumbnailUrl\":\"https:\\\/\\\/italcamara-es.com\\\/wp-content\\\/uploads\\\/2025\\\/03\\\/industrialimen1.jpg\",\"keywords\":[\"Notizie di Mercato\"],\"articleSection\":[\"Notizie\"],\"inLanguage\":\"it-IT\",\"potentialAction\":[{\"@type\":\"CommentAction\",\"name\":\"Comment\",\"target\":[\"https:\\\/\\\/italcamara-es.com\\\/it\\\/notizie\\\/lexport-dellindustria-alimentare-spagnola-cresce-del-6-nel-2015\\\/#respond\"]}]},{\"@type\":\"WebPage\",\"@id\":\"https:\\\/\\\/italcamara-es.com\\\/it\\\/notizie\\\/lexport-dellindustria-alimentare-spagnola-cresce-del-6-nel-2015\\\/\",\"url\":\"https:\\\/\\\/italcamara-es.com\\\/it\\\/notizie\\\/lexport-dellindustria-alimentare-spagnola-cresce-del-6-nel-2015\\\/\",\"name\":\"L\u2019export dell\u2019industria alimentare spagnola cresce del 6% nel 2015 - Italcamara\",\"isPartOf\":{\"@id\":\"https:\\\/\\\/italcamara-es.com\\\/#website\"},\"primaryImageOfPage\":{\"@id\":\"https:\\\/\\\/italcamara-es.com\\\/it\\\/notizie\\\/lexport-dellindustria-alimentare-spagnola-cresce-del-6-nel-2015\\\/#primaryimage\"},\"image\":{\"@id\":\"https:\\\/\\\/italcamara-es.com\\\/it\\\/notizie\\\/lexport-dellindustria-alimentare-spagnola-cresce-del-6-nel-2015\\\/#primaryimage\"},\"thumbnailUrl\":\"https:\\\/\\\/italcamara-es.com\\\/wp-content\\\/uploads\\\/2025\\\/03\\\/industrialimen1.jpg\",\"datePublished\":\"2016-05-03T08:58:15+00:00\",\"author\":{\"@id\":\"https:\\\/\\\/italcamara-es.com\\\/#\\\/schema\\\/person\\\/bb3c56263e405bbd9a15171dcfee93bb\"},\"breadcrumb\":{\"@id\":\"https:\\\/\\\/italcamara-es.com\\\/it\\\/notizie\\\/lexport-dellindustria-alimentare-spagnola-cresce-del-6-nel-2015\\\/#breadcrumb\"},\"inLanguage\":\"it-IT\",\"potentialAction\":[{\"@type\":\"ReadAction\",\"target\":[\"https:\\\/\\\/italcamara-es.com\\\/it\\\/notizie\\\/lexport-dellindustria-alimentare-spagnola-cresce-del-6-nel-2015\\\/\"]}]},{\"@type\":\"ImageObject\",\"inLanguage\":\"it-IT\",\"@id\":\"https:\\\/\\\/italcamara-es.com\\\/it\\\/notizie\\\/lexport-dellindustria-alimentare-spagnola-cresce-del-6-nel-2015\\\/#primaryimage\",\"url\":\"https:\\\/\\\/italcamara-es.com\\\/wp-content\\\/uploads\\\/2025\\\/03\\\/industrialimen1.jpg\",\"contentUrl\":\"https:\\\/\\\/italcamara-es.com\\\/wp-content\\\/uploads\\\/2025\\\/03\\\/industrialimen1.jpg\",\"width\":1688,\"height\":1125},{\"@type\":\"BreadcrumbList\",\"@id\":\"https:\\\/\\\/italcamara-es.com\\\/it\\\/notizie\\\/lexport-dellindustria-alimentare-spagnola-cresce-del-6-nel-2015\\\/#breadcrumb\",\"itemListElement\":[{\"@type\":\"ListItem\",\"position\":1,\"name\":\"Inicio\",\"item\":\"https:\\\/\\\/italcamara-es.com\\\/it\\\/homepage-ita\\\/\"},{\"@type\":\"ListItem\",\"position\":2,\"name\":\"L\u2019export dell\u2019industria alimentare spagnola cresce del 6% nel 2015\"}]},{\"@type\":\"WebSite\",\"@id\":\"https:\\\/\\\/italcamara-es.com\\\/#website\",\"url\":\"https:\\\/\\\/italcamara-es.com\\\/\",\"name\":\"Italcamara\",\"description\":\"\",\"potentialAction\":[{\"@type\":\"SearchAction\",\"target\":{\"@type\":\"EntryPoint\",\"urlTemplate\":\"https:\\\/\\\/italcamara-es.com\\\/?s={search_term_string}\"},\"query-input\":{\"@type\":\"PropertyValueSpecification\",\"valueRequired\":true,\"valueName\":\"search_term_string\"}}],\"inLanguage\":\"it-IT\"},{\"@type\":\"Person\",\"@id\":\"https:\\\/\\\/italcamara-es.com\\\/#\\\/schema\\\/person\\\/bb3c56263e405bbd9a15171dcfee93bb\",\"name\":\"administrador\",\"image\":{\"@type\":\"ImageObject\",\"inLanguage\":\"it-IT\",\"@id\":\"https:\\\/\\\/secure.gravatar.com\\\/avatar\\\/14b5e63db38320b12031bb28cf9f77e210aa71fb3a8a3602a3c9a05134fa75eb?s=96&d=mm&r=g\",\"url\":\"https:\\\/\\\/secure.gravatar.com\\\/avatar\\\/14b5e63db38320b12031bb28cf9f77e210aa71fb3a8a3602a3c9a05134fa75eb?s=96&d=mm&r=g\",\"contentUrl\":\"https:\\\/\\\/secure.gravatar.com\\\/avatar\\\/14b5e63db38320b12031bb28cf9f77e210aa71fb3a8a3602a3c9a05134fa75eb?s=96&d=mm&r=g\",\"caption\":\"administrador\"},\"sameAs\":[\"http:\\\/\\\/pre.italcamara-es.com\"],\"url\":\"https:\\\/\\\/italcamara-es.com\\\/it\\\/author\\\/administrador\\\/\"}]}<\/script>\n<!-- \/ Yoast SEO plugin. -->","yoast_head_json":{"title":"L\u2019export dell\u2019industria alimentare spagnola cresce del 6% nel 2015 - Italcamara","robots":{"index":"index","follow":"follow","max-snippet":"max-snippet:-1","max-image-preview":"max-image-preview:large","max-video-preview":"max-video-preview:-1"},"canonical":"https:\/\/italcamara-es.com\/it\/notizie\/lexport-dellindustria-alimentare-spagnola-cresce-del-6-nel-2015\/","og_locale":"it_IT","og_type":"article","og_title":"L\u2019export dell\u2019industria alimentare spagnola cresce del 6% nel 2015 - Italcamara","og_description":"Il fatturato complessivo del settore ha raggiunto i 93.000 milioni di euro \u2013 tra il 3 e il 5% in pi\u00f9 rispetto all\u2019anno precedente. \u00a0 L\u2019industria spagnola degli alimenti e delle bevande si \u00e8 consolidata come il settore con il maggior fatturato in Spagna, in parte grazie alle esportazioni. Nel 2015, il fatturato ha raggiunto [&hellip;]","og_url":"https:\/\/italcamara-es.com\/it\/notizie\/lexport-dellindustria-alimentare-spagnola-cresce-del-6-nel-2015\/","og_site_name":"Italcamara","article_published_time":"2016-05-03T08:58:15+00:00","og_image":[{"width":1688,"height":1125,"url":"https:\/\/italcamara-es.com\/wp-content\/uploads\/2025\/03\/industrialimen1.jpg","type":"image\/jpeg"}],"author":"administrador","twitter_card":"summary_large_image","twitter_misc":{"Scritto da":"administrador","Tempo di lettura stimato":"2 minuti"},"schema":{"@context":"https:\/\/schema.org","@graph":[{"@type":"Article","@id":"https:\/\/italcamara-es.com\/it\/notizie\/lexport-dellindustria-alimentare-spagnola-cresce-del-6-nel-2015\/#article","isPartOf":{"@id":"https:\/\/italcamara-es.com\/it\/notizie\/lexport-dellindustria-alimentare-spagnola-cresce-del-6-nel-2015\/"},"author":{"name":"administrador","@id":"https:\/\/italcamara-es.com\/#\/schema\/person\/bb3c56263e405bbd9a15171dcfee93bb"},"headline":"L\u2019export dell\u2019industria alimentare spagnola cresce del 6% nel 2015","datePublished":"2016-05-03T08:58:15+00:00","mainEntityOfPage":{"@id":"https:\/\/italcamara-es.com\/it\/notizie\/lexport-dellindustria-alimentare-spagnola-cresce-del-6-nel-2015\/"},"wordCount":316,"commentCount":0,"image":{"@id":"https:\/\/italcamara-es.com\/it\/notizie\/lexport-dellindustria-alimentare-spagnola-cresce-del-6-nel-2015\/#primaryimage"},"thumbnailUrl":"https:\/\/italcamara-es.com\/wp-content\/uploads\/2025\/03\/industrialimen1.jpg","keywords":["Notizie di Mercato"],"articleSection":["Notizie"],"inLanguage":"it-IT","potentialAction":[{"@type":"CommentAction","name":"Comment","target":["https:\/\/italcamara-es.com\/it\/notizie\/lexport-dellindustria-alimentare-spagnola-cresce-del-6-nel-2015\/#respond"]}]},{"@type":"WebPage","@id":"https:\/\/italcamara-es.com\/it\/notizie\/lexport-dellindustria-alimentare-spagnola-cresce-del-6-nel-2015\/","url":"https:\/\/italcamara-es.com\/it\/notizie\/lexport-dellindustria-alimentare-spagnola-cresce-del-6-nel-2015\/","name":"L\u2019export dell\u2019industria alimentare spagnola cresce del 6% nel 2015 - Italcamara","isPartOf":{"@id":"https:\/\/italcamara-es.com\/#website"},"primaryImageOfPage":{"@id":"https:\/\/italcamara-es.com\/it\/notizie\/lexport-dellindustria-alimentare-spagnola-cresce-del-6-nel-2015\/#primaryimage"},"image":{"@id":"https:\/\/italcamara-es.com\/it\/notizie\/lexport-dellindustria-alimentare-spagnola-cresce-del-6-nel-2015\/#primaryimage"},"thumbnailUrl":"https:\/\/italcamara-es.com\/wp-content\/uploads\/2025\/03\/industrialimen1.jpg","datePublished":"2016-05-03T08:58:15+00:00","author":{"@id":"https:\/\/italcamara-es.com\/#\/schema\/person\/bb3c56263e405bbd9a15171dcfee93bb"},"breadcrumb":{"@id":"https:\/\/italcamara-es.com\/it\/notizie\/lexport-dellindustria-alimentare-spagnola-cresce-del-6-nel-2015\/#breadcrumb"},"inLanguage":"it-IT","potentialAction":[{"@type":"ReadAction","target":["https:\/\/italcamara-es.com\/it\/notizie\/lexport-dellindustria-alimentare-spagnola-cresce-del-6-nel-2015\/"]}]},{"@type":"ImageObject","inLanguage":"it-IT","@id":"https:\/\/italcamara-es.com\/it\/notizie\/lexport-dellindustria-alimentare-spagnola-cresce-del-6-nel-2015\/#primaryimage","url":"https:\/\/italcamara-es.com\/wp-content\/uploads\/2025\/03\/industrialimen1.jpg","contentUrl":"https:\/\/italcamara-es.com\/wp-content\/uploads\/2025\/03\/industrialimen1.jpg","width":1688,"height":1125},{"@type":"BreadcrumbList","@id":"https:\/\/italcamara-es.com\/it\/notizie\/lexport-dellindustria-alimentare-spagnola-cresce-del-6-nel-2015\/#breadcrumb","itemListElement":[{"@type":"ListItem","position":1,"name":"Inicio","item":"https:\/\/italcamara-es.com\/it\/homepage-ita\/"},{"@type":"ListItem","position":2,"name":"L\u2019export dell\u2019industria alimentare spagnola cresce del 6% nel 2015"}]},{"@type":"WebSite","@id":"https:\/\/italcamara-es.com\/#website","url":"https:\/\/italcamara-es.com\/","name":"Italcamara","description":"","potentialAction":[{"@type":"SearchAction","target":{"@type":"EntryPoint","urlTemplate":"https:\/\/italcamara-es.com\/?s={search_term_string}"},"query-input":{"@type":"PropertyValueSpecification","valueRequired":true,"valueName":"search_term_string"}}],"inLanguage":"it-IT"},{"@type":"Person","@id":"https:\/\/italcamara-es.com\/#\/schema\/person\/bb3c56263e405bbd9a15171dcfee93bb","name":"administrador","image":{"@type":"ImageObject","inLanguage":"it-IT","@id":"https:\/\/secure.gravatar.com\/avatar\/14b5e63db38320b12031bb28cf9f77e210aa71fb3a8a3602a3c9a05134fa75eb?s=96&d=mm&r=g","url":"https:\/\/secure.gravatar.com\/avatar\/14b5e63db38320b12031bb28cf9f77e210aa71fb3a8a3602a3c9a05134fa75eb?s=96&d=mm&r=g","contentUrl":"https:\/\/secure.gravatar.com\/avatar\/14b5e63db38320b12031bb28cf9f77e210aa71fb3a8a3602a3c9a05134fa75eb?s=96&d=mm&r=g","caption":"administrador"},"sameAs":["http:\/\/pre.italcamara-es.com"],"url":"https:\/\/italcamara-es.com\/it\/author\/administrador\/"}]}},"rttpg_featured_image_url":{"full":["https:\/\/italcamara-es.com\/wp-content\/uploads\/2025\/03\/industrialimen1.jpg",1688,1125,false],"landscape":["https:\/\/italcamara-es.com\/wp-content\/uploads\/2025\/03\/industrialimen1.jpg",1688,1125,false],"portraits":["https:\/\/italcamara-es.com\/wp-content\/uploads\/2025\/03\/industrialimen1.jpg",1688,1125,false],"thumbnail":["https:\/\/italcamara-es.com\/wp-content\/uploads\/2025\/03\/industrialimen1-150x150.jpg",150,150,true],"medium":["https:\/\/italcamara-es.com\/wp-content\/uploads\/2025\/03\/industrialimen1-300x200.jpg",300,200,true],"large":["https:\/\/italcamara-es.com\/wp-content\/uploads\/2025\/03\/industrialimen1-1024x682.jpg",1024,682,true],"1536x1536":["https:\/\/italcamara-es.com\/wp-content\/uploads\/2025\/03\/industrialimen1-1536x1024.jpg",1536,1024,true],"2048x2048":["https:\/\/italcamara-es.com\/wp-content\/uploads\/2025\/03\/industrialimen1.jpg",1688,1125,false],"ocean-thumb-m":["https:\/\/italcamara-es.com\/wp-content\/uploads\/2025\/03\/industrialimen1-600x600.jpg",600,600,true],"ocean-thumb-ml":["https:\/\/italcamara-es.com\/wp-content\/uploads\/2025\/03\/industrialimen1-800x450.jpg",800,450,true],"ocean-thumb-l":["https:\/\/italcamara-es.com\/wp-content\/uploads\/2025\/03\/industrialimen1-1200x700.jpg",1200,700,true],"directorist_preview":["https:\/\/italcamara-es.com\/wp-content\/uploads\/2025\/03\/industrialimen1-640x360.jpg",640,360,true]},"rttpg_author":{"display_name":"administrador","author_link":"https:\/\/italcamara-es.com\/it\/author\/administrador\/"},"rttpg_comment":0,"rttpg_category":"<a href=\"https:\/\/italcamara-es.com\/it\/category\/notizie\/\" rel=\"category tag\">Notizie<\/a>","rttpg_excerpt":"Il fatturato complessivo del settore ha raggiunto i 93.000 milioni di euro \u2013 tra il 3 e il 5% in pi\u00f9 rispetto all\u2019anno precedente. \u00a0 L\u2019industria spagnola degli alimenti e delle bevande si \u00e8 consolidata come il settore con il maggior fatturato in Spagna, in parte grazie alle esportazioni. Nel 2015, il fatturato ha raggiunto&hellip;","_links":{"self":[{"href":"https:\/\/italcamara-es.com\/it\/wp-json\/wp\/v2\/posts\/56501","targetHints":{"allow":["GET"]}}],"collection":[{"href":"https:\/\/italcamara-es.com\/it\/wp-json\/wp\/v2\/posts"}],"about":[{"href":"https:\/\/italcamara-es.com\/it\/wp-json\/wp\/v2\/types\/post"}],"author":[{"embeddable":true,"href":"https:\/\/italcamara-es.com\/it\/wp-json\/wp\/v2\/users\/1"}],"replies":[{"embeddable":true,"href":"https:\/\/italcamara-es.com\/it\/wp-json\/wp\/v2\/comments?post=56501"}],"version-history":[{"count":0,"href":"https:\/\/italcamara-es.com\/it\/wp-json\/wp\/v2\/posts\/56501\/revisions"}],"wp:featuredmedia":[{"embeddable":true,"href":"https:\/\/italcamara-es.com\/it\/wp-json\/wp\/v2\/media\/53459"}],"wp:attachment":[{"href":"https:\/\/italcamara-es.com\/it\/wp-json\/wp\/v2\/media?parent=56501"}],"wp:term":[{"taxonomy":"category","embeddable":true,"href":"https:\/\/italcamara-es.com\/it\/wp-json\/wp\/v2\/categories?post=56501"},{"taxonomy":"post_tag","embeddable":true,"href":"https:\/\/italcamara-es.com\/it\/wp-json\/wp\/v2\/tags?post=56501"}],"curies":[{"name":"wp","href":"https:\/\/api.w.org\/{rel}","templated":true}]}}