	{"id":56502,"date":"2016-05-24T11:01:36","date_gmt":"2016-05-24T09:01:36","guid":{"rendered":"http:\/\/pre.italcamara-es.com\/senza-categoria\/nel-2015-la-spesa-per-ristorazione-e-aumentata-del-25-in-spagna\/"},"modified":"2016-05-24T11:01:36","modified_gmt":"2016-05-24T09:01:36","slug":"nel-2015-la-spesa-per-ristorazione-e-aumentata-del-25-in-spagna","status":"publish","type":"post","link":"https:\/\/italcamara-es.com\/it\/notizie\/nel-2015-la-spesa-per-ristorazione-e-aumentata-del-25-in-spagna\/","title":{"rendered":"Nel 2015 la spesa per ristorazione \u00e8 aumentata del 2,5% in Spagna"},"content":{"rendered":"<p style=\"text-align: justify;\"><em>Il paese ib\u00e9rico continua ad essere il paese della UE28 con maggiore spesa per questo settore.<\/em><\/p>\n<p style=\"text-align: justify;\">\n<p style=\"text-align: justify;\">\u201cThe Ostelea School of Tourism &amp; Hospitality\u201d (<span style=\"color: #0000ff;\"><span style=\"text-decoration: underline;\"><a href=\"http:\/\/www.ostelea.com\/es\" target=\"_blank\" rel=\"noopener\">www.ostelea.com<\/a><\/span><\/span>) ha presentato lo studio <em>La spesa di ristorazione in Spagna<\/em> che analizza ed osserva la situazione di questo settore rispetto al suo fatturato e alla sua capacit\u00e0 di creare impiego, sia nel presente che in un arco di quattro anni nel futuro. Nello stesso modo, analiza le differenze tra le tendenze di consumo, sia a livello internazionale che regionale.<\/p>\n<p style=\"text-align: justify;\">\n<p style=\"text-align: justify;\">Secondo lo studio, nel 2015 la spesa per ristorazione in Spagna \u00e8 stata di 40.600 milioni di euro (dati stimati), dati che determinano un aumento del 2,5% rispetto al 2014. Nel 2015, la spesa media in ristorazione per famiglia \u00e8 stata di 2.232,\u20ac . Questa cifra rappresenta un consolidamento della tendenza crescente registrata gi\u00e0 nel 2014 (+3,2%), d\u2019accordo con il recupero del consumo nelle famiglie spagnole.<\/p>\n<p style=\"text-align: justify;\">Secondo le considerazioni presentate nello studio, la Spagna \u00e8 il paese occidentale in cui la spesa per la ristorazione ha il peso pi\u00f9 importante sul totale del consumo delle famiglie, nonostante l\u2019impatto della crisi economica. Si mantiene al primo posto nella EU-28 in termini di ristorazione con un una spesa totale del 17,1% nel 2014.<\/p>\n<p style=\"text-align: justify;\">Nel 2014, la spesa per ristorazione ha rappresentato un 14,61% della spesa totale delle famiglie spagnole, e la previsione per il 2015 \u00e8 che questo dato aumenti, fino a raggiungere il 15%.<\/p>\n<p style=\"text-align: justify;\">La differenza tra la spesa per ristorazione nelle case pi\u00f9 ricche rispetto a quelle pi\u00f9 povere, \u00e8 aumentata significativamente dal 2009, passando dalle 9,1 volte in pi\u00f9 alle 12,9 volte in pi\u00f9, nel 2014. L\u2019impatto del recupero economico si mostra chiaramente diseguale tra le varie estrazioni sociali spagnole.<\/p>\n<p style=\"text-align: justify;\">I dirigenti e gestori hanno mantenuto praticamente costante la spesa media per ristorazione nel 2014 rispetto al 2013 (-0,8%), mentre questa differenza \u00e8 stata massima nel caso delle occupazioni elementari (+7%), seguite dagli operatori di installazione e macchinari (+6%).<\/p>\n<p style=\"text-align: justify;\">La Catalogna \u00e8 stata quella che ha presentato la spesa totale per ristorazione pi\u00f9 significativa del 2014, con quasi 6.600 milioni di euro. D\u2019altra parte, i Paesi Baschi sono stati la prima regione per spesa per ristorazione individuale, con 1.251\u20ac a persona.<\/p>\n<p style=\"text-align: justify;\">\n<p style=\"text-align: justify;\">\n","protected":false},"excerpt":{"rendered":"<p>Il paese ib\u00e9rico continua ad essere il paese della UE28 con maggiore spesa per questo settore. \u201cThe Ostelea School of Tourism &amp; Hospitality\u201d (www.ostelea.com) ha presentato lo studio La spesa di ristorazione in Spagna che analizza ed osserva la situazione di questo settore rispetto al suo fatturato e alla sua capacit\u00e0 di creare impiego, sia [&hellip;]<\/p>\n","protected":false},"author":1,"featured_media":53461,"comment_status":"open","ping_status":"open","sticky":false,"template":"","format":"standard","meta":{"inline_featured_image":false,"ocean_post_layout":"","ocean_both_sidebars_style":"","ocean_both_sidebars_content_width":0,"ocean_both_sidebars_sidebars_width":0,"ocean_sidebar":"","ocean_second_sidebar":"","ocean_disable_margins":"enable","ocean_add_body_class":"","ocean_shortcode_before_top_bar":"","ocean_shortcode_after_top_bar":"","ocean_shortcode_before_header":"","ocean_shortcode_after_header":"","ocean_has_shortcode":"","ocean_shortcode_after_title":"","ocean_shortcode_before_footer_widgets":"","ocean_shortcode_after_footer_widgets":"","ocean_shortcode_before_footer_bottom":"","ocean_shortcode_after_footer_bottom":"","ocean_display_top_bar":"default","ocean_display_header":"default","ocean_header_style":"","ocean_center_header_left_menu":"","ocean_custom_header_template":"","ocean_custom_logo":0,"ocean_custom_retina_logo":0,"ocean_custom_logo_max_width":0,"ocean_custom_logo_tablet_max_width":0,"ocean_custom_logo_mobile_max_width":0,"ocean_custom_logo_max_height":0,"ocean_custom_logo_tablet_max_height":0,"ocean_custom_logo_mobile_max_height":0,"ocean_header_custom_menu":"","ocean_menu_typo_font_family":"","ocean_menu_typo_font_subset":"","ocean_menu_typo_font_size":0,"ocean_menu_typo_font_size_tablet":0,"ocean_menu_typo_font_size_mobile":0,"ocean_menu_typo_font_size_unit":"px","ocean_menu_typo_font_weight":"","ocean_menu_typo_font_weight_tablet":"","ocean_menu_typo_font_weight_mobile":"","ocean_menu_typo_transform":"","ocean_menu_typo_transform_tablet":"","ocean_menu_typo_transform_mobile":"","ocean_menu_typo_line_height":0,"ocean_menu_typo_line_height_tablet":0,"ocean_menu_typo_line_height_mobile":0,"ocean_menu_typo_line_height_unit":"","ocean_menu_typo_spacing":0,"ocean_menu_typo_spacing_tablet":0,"ocean_menu_typo_spacing_mobile":0,"ocean_menu_typo_spacing_unit":"","ocean_menu_link_color":"","ocean_menu_link_color_hover":"","ocean_menu_link_color_active":"","ocean_menu_link_background":"","ocean_menu_link_hover_background":"","ocean_menu_link_active_background":"","ocean_menu_social_links_bg":"","ocean_menu_social_hover_links_bg":"","ocean_menu_social_links_color":"","ocean_menu_social_hover_links_color":"","ocean_disable_title":"default","ocean_disable_heading":"default","ocean_post_title":"","ocean_post_subheading":"","ocean_post_title_style":"","ocean_post_title_background_color":"","ocean_post_title_background":0,"ocean_post_title_bg_image_position":"","ocean_post_title_bg_image_attachment":"","ocean_post_title_bg_image_repeat":"","ocean_post_title_bg_image_size":"","ocean_post_title_height":0,"ocean_post_title_bg_overlay":0.5,"ocean_post_title_bg_overlay_color":"","ocean_disable_breadcrumbs":"default","ocean_breadcrumbs_color":"","ocean_breadcrumbs_separator_color":"","ocean_breadcrumbs_links_color":"","ocean_breadcrumbs_links_hover_color":"","ocean_display_footer_widgets":"default","ocean_display_footer_bottom":"default","ocean_custom_footer_template":"","ocean_post_oembed":"","ocean_post_self_hosted_media":"","ocean_post_video_embed":"","ocean_link_format":"","ocean_link_format_target":"self","ocean_quote_format":"","ocean_quote_format_link":"post","ocean_gallery_link_images":"on","ocean_gallery_id":[],"footnotes":""},"categories":[133],"tags":[138],"class_list":["post-56502","post","type-post","status-publish","format-standard","has-post-thumbnail","hentry","category-notizie","tag-notizie-di-mercato","entry","has-media"],"yoast_head":"<!-- This site is optimized with the Yoast SEO plugin v27.5 - https:\/\/yoast.com\/product\/yoast-seo-wordpress\/ -->\n<title>Nel 2015 la spesa per ristorazione \u00e8 aumentata del 2,5% in Spagna - Italcamara<\/title>\n<meta name=\"robots\" content=\"index, follow, max-snippet:-1, max-image-preview:large, max-video-preview:-1\" \/>\n<link rel=\"canonical\" href=\"https:\/\/italcamara-es.com\/it\/notizie\/nel-2015-la-spesa-per-ristorazione-e-aumentata-del-25-in-spagna\/\" \/>\n<meta property=\"og:locale\" content=\"it_IT\" \/>\n<meta property=\"og:type\" content=\"article\" \/>\n<meta property=\"og:title\" content=\"Nel 2015 la spesa per ristorazione \u00e8 aumentata del 2,5% in Spagna - Italcamara\" \/>\n<meta property=\"og:description\" content=\"Il paese ib\u00e9rico continua ad essere il paese della UE28 con maggiore spesa per questo settore. \u201cThe Ostelea School of Tourism &amp; Hospitality\u201d (www.ostelea.com) ha presentato lo studio La spesa di ristorazione in Spagna che analizza ed osserva la situazione di questo settore rispetto al suo fatturato e alla sua capacit\u00e0 di creare impiego, sia [&hellip;]\" \/>\n<meta property=\"og:url\" content=\"https:\/\/italcamara-es.com\/it\/notizie\/nel-2015-la-spesa-per-ristorazione-e-aumentata-del-25-in-spagna\/\" \/>\n<meta property=\"og:site_name\" content=\"Italcamara\" \/>\n<meta property=\"article:published_time\" content=\"2016-05-24T09:01:36+00:00\" \/>\n<meta property=\"og:image\" content=\"https:\/\/italcamara-es.com\/wp-content\/uploads\/2025\/03\/restau1.jpg\" \/>\n\t<meta property=\"og:image:width\" content=\"300\" \/>\n\t<meta property=\"og:image:height\" content=\"168\" \/>\n\t<meta property=\"og:image:type\" content=\"image\/jpeg\" \/>\n<meta name=\"author\" content=\"administrador\" \/>\n<meta name=\"twitter:card\" content=\"summary_large_image\" \/>\n<meta name=\"twitter:label1\" content=\"Scritto da\" \/>\n\t<meta name=\"twitter:data1\" content=\"administrador\" \/>\n\t<meta name=\"twitter:label2\" content=\"Tempo di lettura stimato\" \/>\n\t<meta name=\"twitter:data2\" content=\"2 minuti\" \/>\n<script type=\"application\/ld+json\" class=\"yoast-schema-graph\">{\"@context\":\"https:\\\/\\\/schema.org\",\"@graph\":[{\"@type\":\"Article\",\"@id\":\"https:\\\/\\\/italcamara-es.com\\\/it\\\/notizie\\\/nel-2015-la-spesa-per-ristorazione-e-aumentata-del-25-in-spagna\\\/#article\",\"isPartOf\":{\"@id\":\"https:\\\/\\\/italcamara-es.com\\\/it\\\/notizie\\\/nel-2015-la-spesa-per-ristorazione-e-aumentata-del-25-in-spagna\\\/\"},\"author\":{\"name\":\"administrador\",\"@id\":\"https:\\\/\\\/italcamara-es.com\\\/#\\\/schema\\\/person\\\/bb3c56263e405bbd9a15171dcfee93bb\"},\"headline\":\"Nel 2015 la spesa per ristorazione \u00e8 aumentata del 2,5% in Spagna\",\"datePublished\":\"2016-05-24T09:01:36+00:00\",\"mainEntityOfPage\":{\"@id\":\"https:\\\/\\\/italcamara-es.com\\\/it\\\/notizie\\\/nel-2015-la-spesa-per-ristorazione-e-aumentata-del-25-in-spagna\\\/\"},\"wordCount\":348,\"commentCount\":0,\"image\":{\"@id\":\"https:\\\/\\\/italcamara-es.com\\\/it\\\/notizie\\\/nel-2015-la-spesa-per-ristorazione-e-aumentata-del-25-in-spagna\\\/#primaryimage\"},\"thumbnailUrl\":\"https:\\\/\\\/italcamara-es.com\\\/wp-content\\\/uploads\\\/2025\\\/03\\\/restau1.jpg\",\"keywords\":[\"Notizie di Mercato\"],\"articleSection\":[\"Notizie\"],\"inLanguage\":\"it-IT\",\"potentialAction\":[{\"@type\":\"CommentAction\",\"name\":\"Comment\",\"target\":[\"https:\\\/\\\/italcamara-es.com\\\/it\\\/notizie\\\/nel-2015-la-spesa-per-ristorazione-e-aumentata-del-25-in-spagna\\\/#respond\"]}]},{\"@type\":\"WebPage\",\"@id\":\"https:\\\/\\\/italcamara-es.com\\\/it\\\/notizie\\\/nel-2015-la-spesa-per-ristorazione-e-aumentata-del-25-in-spagna\\\/\",\"url\":\"https:\\\/\\\/italcamara-es.com\\\/it\\\/notizie\\\/nel-2015-la-spesa-per-ristorazione-e-aumentata-del-25-in-spagna\\\/\",\"name\":\"Nel 2015 la spesa per ristorazione \u00e8 aumentata del 2,5% in Spagna - Italcamara\",\"isPartOf\":{\"@id\":\"https:\\\/\\\/italcamara-es.com\\\/#website\"},\"primaryImageOfPage\":{\"@id\":\"https:\\\/\\\/italcamara-es.com\\\/it\\\/notizie\\\/nel-2015-la-spesa-per-ristorazione-e-aumentata-del-25-in-spagna\\\/#primaryimage\"},\"image\":{\"@id\":\"https:\\\/\\\/italcamara-es.com\\\/it\\\/notizie\\\/nel-2015-la-spesa-per-ristorazione-e-aumentata-del-25-in-spagna\\\/#primaryimage\"},\"thumbnailUrl\":\"https:\\\/\\\/italcamara-es.com\\\/wp-content\\\/uploads\\\/2025\\\/03\\\/restau1.jpg\",\"datePublished\":\"2016-05-24T09:01:36+00:00\",\"author\":{\"@id\":\"https:\\\/\\\/italcamara-es.com\\\/#\\\/schema\\\/person\\\/bb3c56263e405bbd9a15171dcfee93bb\"},\"breadcrumb\":{\"@id\":\"https:\\\/\\\/italcamara-es.com\\\/it\\\/notizie\\\/nel-2015-la-spesa-per-ristorazione-e-aumentata-del-25-in-spagna\\\/#breadcrumb\"},\"inLanguage\":\"it-IT\",\"potentialAction\":[{\"@type\":\"ReadAction\",\"target\":[\"https:\\\/\\\/italcamara-es.com\\\/it\\\/notizie\\\/nel-2015-la-spesa-per-ristorazione-e-aumentata-del-25-in-spagna\\\/\"]}]},{\"@type\":\"ImageObject\",\"inLanguage\":\"it-IT\",\"@id\":\"https:\\\/\\\/italcamara-es.com\\\/it\\\/notizie\\\/nel-2015-la-spesa-per-ristorazione-e-aumentata-del-25-in-spagna\\\/#primaryimage\",\"url\":\"https:\\\/\\\/italcamara-es.com\\\/wp-content\\\/uploads\\\/2025\\\/03\\\/restau1.jpg\",\"contentUrl\":\"https:\\\/\\\/italcamara-es.com\\\/wp-content\\\/uploads\\\/2025\\\/03\\\/restau1.jpg\",\"width\":300,\"height\":168},{\"@type\":\"BreadcrumbList\",\"@id\":\"https:\\\/\\\/italcamara-es.com\\\/it\\\/notizie\\\/nel-2015-la-spesa-per-ristorazione-e-aumentata-del-25-in-spagna\\\/#breadcrumb\",\"itemListElement\":[{\"@type\":\"ListItem\",\"position\":1,\"name\":\"Inicio\",\"item\":\"https:\\\/\\\/italcamara-es.com\\\/it\\\/homepage-ita\\\/\"},{\"@type\":\"ListItem\",\"position\":2,\"name\":\"Nel 2015 la spesa per ristorazione \u00e8 aumentata del 2,5% in Spagna\"}]},{\"@type\":\"WebSite\",\"@id\":\"https:\\\/\\\/italcamara-es.com\\\/#website\",\"url\":\"https:\\\/\\\/italcamara-es.com\\\/\",\"name\":\"Italcamara\",\"description\":\"\",\"potentialAction\":[{\"@type\":\"SearchAction\",\"target\":{\"@type\":\"EntryPoint\",\"urlTemplate\":\"https:\\\/\\\/italcamara-es.com\\\/?s={search_term_string}\"},\"query-input\":{\"@type\":\"PropertyValueSpecification\",\"valueRequired\":true,\"valueName\":\"search_term_string\"}}],\"inLanguage\":\"it-IT\"},{\"@type\":\"Person\",\"@id\":\"https:\\\/\\\/italcamara-es.com\\\/#\\\/schema\\\/person\\\/bb3c56263e405bbd9a15171dcfee93bb\",\"name\":\"administrador\",\"image\":{\"@type\":\"ImageObject\",\"inLanguage\":\"it-IT\",\"@id\":\"https:\\\/\\\/secure.gravatar.com\\\/avatar\\\/14b5e63db38320b12031bb28cf9f77e210aa71fb3a8a3602a3c9a05134fa75eb?s=96&d=mm&r=g\",\"url\":\"https:\\\/\\\/secure.gravatar.com\\\/avatar\\\/14b5e63db38320b12031bb28cf9f77e210aa71fb3a8a3602a3c9a05134fa75eb?s=96&d=mm&r=g\",\"contentUrl\":\"https:\\\/\\\/secure.gravatar.com\\\/avatar\\\/14b5e63db38320b12031bb28cf9f77e210aa71fb3a8a3602a3c9a05134fa75eb?s=96&d=mm&r=g\",\"caption\":\"administrador\"},\"sameAs\":[\"http:\\\/\\\/pre.italcamara-es.com\"],\"url\":\"https:\\\/\\\/italcamara-es.com\\\/it\\\/author\\\/administrador\\\/\"}]}<\/script>\n<!-- \/ Yoast SEO plugin. -->","yoast_head_json":{"title":"Nel 2015 la spesa per ristorazione \u00e8 aumentata del 2,5% in Spagna - Italcamara","robots":{"index":"index","follow":"follow","max-snippet":"max-snippet:-1","max-image-preview":"max-image-preview:large","max-video-preview":"max-video-preview:-1"},"canonical":"https:\/\/italcamara-es.com\/it\/notizie\/nel-2015-la-spesa-per-ristorazione-e-aumentata-del-25-in-spagna\/","og_locale":"it_IT","og_type":"article","og_title":"Nel 2015 la spesa per ristorazione \u00e8 aumentata del 2,5% in Spagna - Italcamara","og_description":"Il paese ib\u00e9rico continua ad essere il paese della UE28 con maggiore spesa per questo settore. \u201cThe Ostelea School of Tourism &amp; Hospitality\u201d (www.ostelea.com) ha presentato lo studio La spesa di ristorazione in Spagna che analizza ed osserva la situazione di questo settore rispetto al suo fatturato e alla sua capacit\u00e0 di creare impiego, sia [&hellip;]","og_url":"https:\/\/italcamara-es.com\/it\/notizie\/nel-2015-la-spesa-per-ristorazione-e-aumentata-del-25-in-spagna\/","og_site_name":"Italcamara","article_published_time":"2016-05-24T09:01:36+00:00","og_image":[{"width":300,"height":168,"url":"https:\/\/italcamara-es.com\/wp-content\/uploads\/2025\/03\/restau1.jpg","type":"image\/jpeg"}],"author":"administrador","twitter_card":"summary_large_image","twitter_misc":{"Scritto da":"administrador","Tempo di lettura stimato":"2 minuti"},"schema":{"@context":"https:\/\/schema.org","@graph":[{"@type":"Article","@id":"https:\/\/italcamara-es.com\/it\/notizie\/nel-2015-la-spesa-per-ristorazione-e-aumentata-del-25-in-spagna\/#article","isPartOf":{"@id":"https:\/\/italcamara-es.com\/it\/notizie\/nel-2015-la-spesa-per-ristorazione-e-aumentata-del-25-in-spagna\/"},"author":{"name":"administrador","@id":"https:\/\/italcamara-es.com\/#\/schema\/person\/bb3c56263e405bbd9a15171dcfee93bb"},"headline":"Nel 2015 la spesa per ristorazione \u00e8 aumentata del 2,5% in Spagna","datePublished":"2016-05-24T09:01:36+00:00","mainEntityOfPage":{"@id":"https:\/\/italcamara-es.com\/it\/notizie\/nel-2015-la-spesa-per-ristorazione-e-aumentata-del-25-in-spagna\/"},"wordCount":348,"commentCount":0,"image":{"@id":"https:\/\/italcamara-es.com\/it\/notizie\/nel-2015-la-spesa-per-ristorazione-e-aumentata-del-25-in-spagna\/#primaryimage"},"thumbnailUrl":"https:\/\/italcamara-es.com\/wp-content\/uploads\/2025\/03\/restau1.jpg","keywords":["Notizie di Mercato"],"articleSection":["Notizie"],"inLanguage":"it-IT","potentialAction":[{"@type":"CommentAction","name":"Comment","target":["https:\/\/italcamara-es.com\/it\/notizie\/nel-2015-la-spesa-per-ristorazione-e-aumentata-del-25-in-spagna\/#respond"]}]},{"@type":"WebPage","@id":"https:\/\/italcamara-es.com\/it\/notizie\/nel-2015-la-spesa-per-ristorazione-e-aumentata-del-25-in-spagna\/","url":"https:\/\/italcamara-es.com\/it\/notizie\/nel-2015-la-spesa-per-ristorazione-e-aumentata-del-25-in-spagna\/","name":"Nel 2015 la spesa per ristorazione \u00e8 aumentata del 2,5% in Spagna - Italcamara","isPartOf":{"@id":"https:\/\/italcamara-es.com\/#website"},"primaryImageOfPage":{"@id":"https:\/\/italcamara-es.com\/it\/notizie\/nel-2015-la-spesa-per-ristorazione-e-aumentata-del-25-in-spagna\/#primaryimage"},"image":{"@id":"https:\/\/italcamara-es.com\/it\/notizie\/nel-2015-la-spesa-per-ristorazione-e-aumentata-del-25-in-spagna\/#primaryimage"},"thumbnailUrl":"https:\/\/italcamara-es.com\/wp-content\/uploads\/2025\/03\/restau1.jpg","datePublished":"2016-05-24T09:01:36+00:00","author":{"@id":"https:\/\/italcamara-es.com\/#\/schema\/person\/bb3c56263e405bbd9a15171dcfee93bb"},"breadcrumb":{"@id":"https:\/\/italcamara-es.com\/it\/notizie\/nel-2015-la-spesa-per-ristorazione-e-aumentata-del-25-in-spagna\/#breadcrumb"},"inLanguage":"it-IT","potentialAction":[{"@type":"ReadAction","target":["https:\/\/italcamara-es.com\/it\/notizie\/nel-2015-la-spesa-per-ristorazione-e-aumentata-del-25-in-spagna\/"]}]},{"@type":"ImageObject","inLanguage":"it-IT","@id":"https:\/\/italcamara-es.com\/it\/notizie\/nel-2015-la-spesa-per-ristorazione-e-aumentata-del-25-in-spagna\/#primaryimage","url":"https:\/\/italcamara-es.com\/wp-content\/uploads\/2025\/03\/restau1.jpg","contentUrl":"https:\/\/italcamara-es.com\/wp-content\/uploads\/2025\/03\/restau1.jpg","width":300,"height":168},{"@type":"BreadcrumbList","@id":"https:\/\/italcamara-es.com\/it\/notizie\/nel-2015-la-spesa-per-ristorazione-e-aumentata-del-25-in-spagna\/#breadcrumb","itemListElement":[{"@type":"ListItem","position":1,"name":"Inicio","item":"https:\/\/italcamara-es.com\/it\/homepage-ita\/"},{"@type":"ListItem","position":2,"name":"Nel 2015 la spesa per ristorazione \u00e8 aumentata del 2,5% in Spagna"}]},{"@type":"WebSite","@id":"https:\/\/italcamara-es.com\/#website","url":"https:\/\/italcamara-es.com\/","name":"Italcamara","description":"","potentialAction":[{"@type":"SearchAction","target":{"@type":"EntryPoint","urlTemplate":"https:\/\/italcamara-es.com\/?s={search_term_string}"},"query-input":{"@type":"PropertyValueSpecification","valueRequired":true,"valueName":"search_term_string"}}],"inLanguage":"it-IT"},{"@type":"Person","@id":"https:\/\/italcamara-es.com\/#\/schema\/person\/bb3c56263e405bbd9a15171dcfee93bb","name":"administrador","image":{"@type":"ImageObject","inLanguage":"it-IT","@id":"https:\/\/secure.gravatar.com\/avatar\/14b5e63db38320b12031bb28cf9f77e210aa71fb3a8a3602a3c9a05134fa75eb?s=96&d=mm&r=g","url":"https:\/\/secure.gravatar.com\/avatar\/14b5e63db38320b12031bb28cf9f77e210aa71fb3a8a3602a3c9a05134fa75eb?s=96&d=mm&r=g","contentUrl":"https:\/\/secure.gravatar.com\/avatar\/14b5e63db38320b12031bb28cf9f77e210aa71fb3a8a3602a3c9a05134fa75eb?s=96&d=mm&r=g","caption":"administrador"},"sameAs":["http:\/\/pre.italcamara-es.com"],"url":"https:\/\/italcamara-es.com\/it\/author\/administrador\/"}]}},"rttpg_featured_image_url":{"full":["https:\/\/italcamara-es.com\/wp-content\/uploads\/2025\/03\/restau1.jpg",300,168,false],"landscape":["https:\/\/italcamara-es.com\/wp-content\/uploads\/2025\/03\/restau1.jpg",300,168,false],"portraits":["https:\/\/italcamara-es.com\/wp-content\/uploads\/2025\/03\/restau1.jpg",300,168,false],"thumbnail":["https:\/\/italcamara-es.com\/wp-content\/uploads\/2025\/03\/restau1-150x150.jpg",150,150,true],"medium":["https:\/\/italcamara-es.com\/wp-content\/uploads\/2025\/03\/restau1.jpg",300,168,false],"large":["https:\/\/italcamara-es.com\/wp-content\/uploads\/2025\/03\/restau1.jpg",300,168,false],"1536x1536":["https:\/\/italcamara-es.com\/wp-content\/uploads\/2025\/03\/restau1.jpg",300,168,false],"2048x2048":["https:\/\/italcamara-es.com\/wp-content\/uploads\/2025\/03\/restau1.jpg",300,168,false],"ocean-thumb-m":["https:\/\/italcamara-es.com\/wp-content\/uploads\/2025\/03\/restau1.jpg",300,168,false],"ocean-thumb-ml":["https:\/\/italcamara-es.com\/wp-content\/uploads\/2025\/03\/restau1.jpg",300,168,false],"ocean-thumb-l":["https:\/\/italcamara-es.com\/wp-content\/uploads\/2025\/03\/restau1.jpg",300,168,false],"directorist_preview":["https:\/\/italcamara-es.com\/wp-content\/uploads\/2025\/03\/restau1.jpg",300,168,false]},"rttpg_author":{"display_name":"administrador","author_link":"https:\/\/italcamara-es.com\/it\/author\/administrador\/"},"rttpg_comment":0,"rttpg_category":"<a href=\"https:\/\/italcamara-es.com\/it\/category\/notizie\/\" rel=\"category tag\">Notizie<\/a>","rttpg_excerpt":"Il paese ib\u00e9rico continua ad essere il paese della UE28 con maggiore spesa per questo settore. \u201cThe Ostelea School of Tourism &amp; Hospitality\u201d (www.ostelea.com) ha presentato lo studio La spesa di ristorazione in Spagna che analizza ed osserva la situazione di questo settore rispetto al suo fatturato e alla sua capacit\u00e0 di creare impiego, sia&hellip;","_links":{"self":[{"href":"https:\/\/italcamara-es.com\/it\/wp-json\/wp\/v2\/posts\/56502","targetHints":{"allow":["GET"]}}],"collection":[{"href":"https:\/\/italcamara-es.com\/it\/wp-json\/wp\/v2\/posts"}],"about":[{"href":"https:\/\/italcamara-es.com\/it\/wp-json\/wp\/v2\/types\/post"}],"author":[{"embeddable":true,"href":"https:\/\/italcamara-es.com\/it\/wp-json\/wp\/v2\/users\/1"}],"replies":[{"embeddable":true,"href":"https:\/\/italcamara-es.com\/it\/wp-json\/wp\/v2\/comments?post=56502"}],"version-history":[{"count":0,"href":"https:\/\/italcamara-es.com\/it\/wp-json\/wp\/v2\/posts\/56502\/revisions"}],"wp:featuredmedia":[{"embeddable":true,"href":"https:\/\/italcamara-es.com\/it\/wp-json\/wp\/v2\/media\/53461"}],"wp:attachment":[{"href":"https:\/\/italcamara-es.com\/it\/wp-json\/wp\/v2\/media?parent=56502"}],"wp:term":[{"taxonomy":"category","embeddable":true,"href":"https:\/\/italcamara-es.com\/it\/wp-json\/wp\/v2\/categories?post=56502"},{"taxonomy":"post_tag","embeddable":true,"href":"https:\/\/italcamara-es.com\/it\/wp-json\/wp\/v2\/tags?post=56502"}],"curies":[{"name":"wp","href":"https:\/\/api.w.org\/{rel}","templated":true}]}}